{"id":41027,"date":"2025-08-04T18:24:14","date_gmt":"2025-08-05T00:24:14","guid":{"rendered":"https:\/\/soymigrante.com\/revista\/?p=41027"},"modified":"2025-08-04T18:24:55","modified_gmt":"2025-08-05T00:24:55","slug":"el-mercado-central-de-guatemala-historia-ubicacion-y-datos-curiosos","status":"publish","type":"post","link":"https:\/\/soymigrante.com\/revista\/el-mercado-central-de-guatemala-historia-ubicacion-y-datos-curiosos\/","title":{"rendered":"Es infaltable la visita al Mercado Central de Guatemala: historia, ubicaci\u00f3n y \u00e1reas"},"content":{"rendered":"\t\t<div data-elementor-type=\"wp-post\" data-elementor-id=\"41027\" class=\"elementor elementor-41027\" data-elementor-post-type=\"post\">\n\t\t\t\t<div data-particle_enable=\"false\" data-particle-mobile-disabled=\"false\" class=\"elementor-element elementor-element-d83bcfc e-flex e-con-boxed e-con e-parent\" data-id=\"d83bcfc\" data-element_type=\"container\" data-e-type=\"container\">\n\t\t\t\t\t<div class=\"e-con-inner\">\n\t\t\t\t<div class=\"elementor-element elementor-element-2181908 elementor-widget elementor-widget-heading\" data-id=\"2181908\" data-element_type=\"widget\" data-e-type=\"widget\" data-widget_type=\"heading.default\">\n\t\t\t\t\t<h2 class=\"elementor-heading-title elementor-size-default\">El Mercado Central de Guatemala tiene historia, ubicaci\u00f3n y los datos curiosos te dejar\u00e1n asombrado. <\/h2>\t\t\t\t<\/div>\n\t\t\t\t\t<\/div>\n\t\t\t\t<\/div>\n\t\t<div data-particle_enable=\"false\" data-particle-mobile-disabled=\"false\" class=\"elementor-element elementor-element-26dc9cc e-flex e-con-boxed e-con e-parent\" data-id=\"26dc9cc\" data-element_type=\"container\" data-e-type=\"container\">\n\t\t\t\t\t<div class=\"e-con-inner\">\n\t\t\t\t<div class=\"elementor-element elementor-element-a6aad44 elementor-widget elementor-widget-text-editor\" data-id=\"a6aad44\" data-element_type=\"widget\" data-e-type=\"widget\" data-widget_type=\"text-editor.default\">\n\t\t\t\t\t\t\t\t\t<p><a href=\"https:\/\/soymigrante.com\/revista\/descubre-la-ruta-historica-de-la-ciudad-de-guatemala-un-viaje-de-memorias\/\" target=\"_blank\" rel=\"noopener\">El terreno donde hoy se alza el Mercado Central<\/a> fue originalmente el cementerio de El Sagrario, hasta que en 1869 el gobierno orden\u00f3 su conversi\u00f3n en mercado. La construcci\u00f3n comenz\u00f3 el 24 de octubre de 1869 y qued\u00f3 lista el 15 de febrero de 1871; los vendedores se instalaron formalmente el 16 de octubre de ese a\u00f1o.<\/p><p>El antiguo edificio fue da\u00f1ado por los terremotos de 1917 y 1918, pero resisti\u00f3. En cambio, el sismo del 4 de febrero de 1976 lo devast\u00f3, lo que llev\u00f3 a su demolici\u00f3n total. El nuevo edificio fue inaugurado el 29 de octubre de 1983 durante la gesti\u00f3n del alcalde Jos\u00e9 \u00c1ngel Lee Duarte.<\/p>\t\t\t\t\t\t\t\t<\/div>\n\t\t\t\t\t<\/div>\n\t\t\t\t<\/div>\n\t\t<div data-particle_enable=\"false\" data-particle-mobile-disabled=\"false\" class=\"elementor-element elementor-element-1d1ec08 e-flex e-con-boxed e-con e-parent\" data-id=\"1d1ec08\" data-element_type=\"container\" data-e-type=\"container\">\n\t\t\t\t\t<div class=\"e-con-inner\">\n\t\t\t\t<div class=\"elementor-element elementor-element-576b1b9 elementor-widget elementor-widget-heading\" data-id=\"576b1b9\" data-element_type=\"widget\" data-e-type=\"widget\" data-widget_type=\"heading.default\">\n\t\t\t\t\t<h3 class=\"elementor-heading-title elementor-size-default\">Su ubicaci\u00f3n<\/h3>\t\t\t\t<\/div>\n\t\t\t\t\t<\/div>\n\t\t\t\t<\/div>\n\t\t<div data-particle_enable=\"false\" data-particle-mobile-disabled=\"false\" class=\"elementor-element elementor-element-80bd57d e-flex e-con-boxed e-con e-parent\" data-id=\"80bd57d\" data-element_type=\"container\" data-e-type=\"container\">\n\t\t\t\t\t<div class=\"e-con-inner\">\n\t\t\t\t<div class=\"elementor-element elementor-element-4a60cd1 elementor-widget elementor-widget-text-editor\" data-id=\"4a60cd1\" data-element_type=\"widget\" data-e-type=\"widget\" data-widget_type=\"text-editor.default\">\n\t\t\t\t\t\t\t\t\t<p>Se encuentra en la Zona\u00a01 del Centro Hist\u00f3rico de la Ciudad de Guatemala, espec\u00edficamente entre la 7.\u00aa \/ 8.\u00aa Avenida y la 7.\u00aa \/ 8.\u00aa Calle, justo detr\u00e1s de la Catedral Metropolitana y a pocos pasos del Parque Central.<a href=\"https:\/\/soymigrante.com\/revista\/descubre-la-ruta-historica-de-la-ciudad-de-guatemala-un-viaje-de-memorias\/\" target=\"_blank\" rel=\"noopener\"> Es accesible mediante la Estaci\u00f3n Mercado Central de la l\u00ednea\u00a01 del Transmetro.<\/a><\/p>\t\t\t\t\t\t\t\t<\/div>\n\t\t\t\t\t<\/div>\n\t\t\t\t<\/div>\n\t\t<div data-particle_enable=\"false\" data-particle-mobile-disabled=\"false\" class=\"elementor-element elementor-element-e02d306 e-flex e-con-boxed e-con e-parent\" data-id=\"e02d306\" data-element_type=\"container\" data-e-type=\"container\">\n\t\t\t\t\t<div class=\"e-con-inner\">\n\t\t\t\t<div class=\"elementor-element elementor-element-09bf8a6 elementor-widget elementor-widget-google_maps\" data-id=\"09bf8a6\" data-element_type=\"widget\" data-e-type=\"widget\" data-widget_type=\"google_maps.default\">\n\t\t\t\t\t\t\t<div class=\"elementor-custom-embed\">\n\t\t\t<iframe loading=\"lazy\"\n\t\t\t\t\tsrc=\"https:\/\/maps.google.com\/maps?q=mercado%20central%20de%20guatemala&#038;t=m&#038;z=10&#038;output=embed&#038;iwloc=near\"\n\t\t\t\t\ttitle=\"mercado central de guatemala\"\n\t\t\t\t\taria-label=\"mercado central de guatemala\"\n\t\t\t><\/iframe>\n\t\t<\/div>\n\t\t\t\t\t\t<\/div>\n\t\t\t\t\t<\/div>\n\t\t\t\t<\/div>\n\t\t<div data-particle_enable=\"false\" data-particle-mobile-disabled=\"false\" class=\"elementor-element elementor-element-69b321a e-flex e-con-boxed e-con e-parent\" data-id=\"69b321a\" data-element_type=\"container\" data-e-type=\"container\">\n\t\t\t\t\t<div class=\"e-con-inner\">\n\t\t\t\t<div class=\"elementor-element elementor-element-752e375 elementor-widget elementor-widget-heading\" data-id=\"752e375\" data-element_type=\"widget\" data-e-type=\"widget\" data-widget_type=\"heading.default\">\n\t\t\t\t\t<h3 class=\"elementor-heading-title elementor-size-default\">Qu\u00e9 se puede encontrar<\/h3>\t\t\t\t<\/div>\n\t\t\t\t\t<\/div>\n\t\t\t\t<\/div>\n\t\t<div data-particle_enable=\"false\" data-particle-mobile-disabled=\"false\" class=\"elementor-element elementor-element-22b4a89 e-flex e-con-boxed e-con e-parent\" data-id=\"22b4a89\" data-element_type=\"container\" data-e-type=\"container\">\n\t\t\t\t\t<div class=\"e-con-inner\">\n\t\t\t\t<div class=\"elementor-element elementor-element-ba143ba elementor-widget elementor-widget-text-editor\" data-id=\"ba143ba\" data-element_type=\"widget\" data-e-type=\"widget\" data-widget_type=\"text-editor.default\">\n\t\t\t\t\t\t\t\t\t<div><a href=\"https:\/\/soymigrante.com\/revista\/descubre-la-ruta-historica-de-la-ciudad-de-guatemala-un-viaje-de-memorias\/\" target=\"_blank\" rel=\"noopener\">El Mercado Central es un laberinto vibrante de tres niveles (subterr\u00e1neos) bajo un estacionamiento.<\/a> Cada nivel est\u00e1 especializado:<\/div><div><strong>\u2022Primer nivel:<\/strong> artesan\u00edas, joyer\u00eda (jade, plata), textiles, cer\u00e1mica, madera, cuero, mimbre.<\/div><div><strong>\u2022Segundo nivel:<\/strong> frutas, verduras, carne, flores, comedores t\u00edpicos y cerer\u00eda.<\/div><div><strong>\u2022Tercer nivel:<\/strong> artesan\u00edas adicionales, decoraciones, cuadros, almacenes de productos t\u00edpicos.<\/div><div>\u00a0<\/div><div>Tambi\u00e9n hay secciones dedicadas a dulces tradicionales (\u201cchapines\u201d) como bu\u00f1uelos, arroz con leche, cocadas y leche frita.<\/div><div>\u00a0<\/div><div>Dentro del mercado hay alrededor de 1\u202f500 puestos, con unos 850 inquilinos registrados, y en temporada alta trabajan hasta 4,000 personas, atrayendo a 40,000 visitantes diarios.<\/div>\t\t\t\t\t\t\t\t<\/div>\n\t\t\t\t\t<\/div>\n\t\t\t\t<\/div>\n\t\t<div data-particle_enable=\"false\" data-particle-mobile-disabled=\"false\" class=\"elementor-element elementor-element-ac8cac3 e-flex e-con-boxed e-con e-parent\" data-id=\"ac8cac3\" data-element_type=\"container\" data-e-type=\"container\">\n\t\t\t\t\t<div class=\"e-con-inner\">\n\t\t\t\t<div class=\"elementor-element elementor-element-6366696 elementor-widget elementor-widget-image\" data-id=\"6366696\" data-element_type=\"widget\" data-e-type=\"widget\" data-widget_type=\"image.default\">\n\t\t\t\t\t\t\t\t\t\t\t\t<figure class=\"wp-caption\">\n\t\t\t\t\t\t\t\t\t\t<img fetchpriority=\"high\" decoding=\"async\" width=\"1024\" height=\"682\" src=\"https:\/\/soymigrante.com\/revista\/wp-content\/uploads\/2025\/08\/mercado-central-4-1024x682.jpg\" class=\"attachment-large size-large wp-image-41034\" alt=\"Verduler\u00eda tradicional en mercado mexicano con frutas y verduras frescas en puestos al aire libre en escalera. Mujeres mexicanas venden productos agr\u00edcolas en un ambiente colorido y culturalmente vibrante.\" srcset=\"https:\/\/soymigrante.com\/revista\/wp-content\/uploads\/2025\/08\/mercado-central-4-1024x682.jpg 1024w, https:\/\/soymigrante.com\/revista\/wp-content\/uploads\/2025\/08\/mercado-central-4-300x200.jpg 300w, https:\/\/soymigrante.com\/revista\/wp-content\/uploads\/2025\/08\/mercado-central-4-768x512.jpg 768w, https:\/\/soymigrante.com\/revista\/wp-content\/uploads\/2025\/08\/mercado-central-4-750x500.webp 750w, https:\/\/soymigrante.com\/revista\/wp-content\/uploads\/2025\/08\/mercado-central-4-1140x760.webp 1140w, https:\/\/soymigrante.com\/revista\/wp-content\/uploads\/2025\/08\/mercado-central-4.webp 1400w\" sizes=\"(max-width: 1024px) 100vw, 1024px\" title=\"En el mercado central se pueden encontrar una gran variedad de frutas y verduras. (Foto: INGUAT) \u2013 SoyMigrante.com REVISTA\" \/>\t\t\t\t\t\t\t\t\t\t\t<figcaption class=\"widget-image-caption wp-caption-text\">Colorido mercado mexicano con puestos de frutas y verduras frescas al aire libre, donde mujeres mexicanas venden productos agr\u00edcolas en un ambiente vibrante y cultural.<\/figcaption>\n\t\t\t\t\t\t\t\t\t\t<\/figure>\n\t\t\t\t\t\t\t\t\t<\/div>\n\t\t\t\t\t<\/div>\n\t\t\t\t<\/div>\n\t\t<div data-particle_enable=\"false\" data-particle-mobile-disabled=\"false\" class=\"elementor-element elementor-element-cb695ae e-flex e-con-boxed e-con e-parent\" data-id=\"cb695ae\" data-element_type=\"container\" data-e-type=\"container\">\n\t\t\t\t\t<div class=\"e-con-inner\">\n\t\t\t\t<div class=\"elementor-element elementor-element-1d85f27 elementor-widget elementor-widget-heading\" data-id=\"1d85f27\" data-element_type=\"widget\" data-e-type=\"widget\" data-widget_type=\"heading.default\">\n\t\t\t\t\t<h3 class=\"elementor-heading-title elementor-size-default\">Datos Relevantes<\/h3>\t\t\t\t<\/div>\n\t\t\t\t\t<\/div>\n\t\t\t\t<\/div>\n\t\t<div data-particle_enable=\"false\" data-particle-mobile-disabled=\"false\" class=\"elementor-element elementor-element-a918839 e-flex e-con-boxed e-con e-parent\" data-id=\"a918839\" data-element_type=\"container\" data-e-type=\"container\">\n\t\t\t\t\t<div class=\"e-con-inner\">\n\t\t\t\t<div class=\"elementor-element elementor-element-603c96e elementor-widget elementor-widget-text-editor\" data-id=\"603c96e\" data-element_type=\"widget\" data-e-type=\"widget\" data-widget_type=\"text-editor.default\">\n\t\t\t\t\t\t\t\t\t<div><strong>\u2022 \u00c1rea total:<\/strong> 9\u202f344\u202fm\u00b2 distribuida en tres pisos.<\/div><div><strong>\u2022Locales por piso:<\/strong> primer piso unos 310, segundo piso 325, tercer piso 215 aproximadamente.<\/div><div>\u2022El local comercial m\u00e1s grande mide solo 23\u202fm\u00b2 aproximadamente.<\/div><div>\u2022Costo por metro cuadrado: alrededor de Q0.50 a Q1 por d\u00eda. Algunos derechos de llave pueden costar entre Q500\u202fmil y Q1 mill\u00f3n, incluyendo mercader\u00eda.<\/div><div><strong>\u2022Infraestructura<\/strong>: una escuela para trabajadores, adolescentes y <a href=\"https:\/\/soymigrante.com\/revista\/descubre-la-ruta-historica-de-la-ciudad-de-guatemala-un-viaje-de-memorias\/\" target=\"_blank\" rel=\"noopener\">una radio interna que transmite anuncios y m\u00fasica por Q1 por canci\u00f3n solicitada.<\/a><\/div><div>\u2022Ha registrado al menos dos incendios en las \u00faltimas d\u00e9cadas (2000 y 2011).<\/div>\t\t\t\t\t\t\t\t<\/div>\n\t\t\t\t\t<\/div>\n\t\t\t\t<\/div>\n\t\t<div data-particle_enable=\"false\" data-particle-mobile-disabled=\"false\" class=\"elementor-element elementor-element-9259ef4 e-flex e-con-boxed e-con e-parent\" data-id=\"9259ef4\" data-element_type=\"container\" data-e-type=\"container\">\n\t\t\t\t\t<div class=\"e-con-inner\">\n\t\t\t\t<div class=\"elementor-element elementor-element-33f3bff elementor-widget elementor-widget-image\" data-id=\"33f3bff\" data-element_type=\"widget\" data-e-type=\"widget\" data-widget_type=\"image.default\">\n\t\t\t\t\t\t\t\t\t\t\t\t<figure class=\"wp-caption\">\n\t\t\t\t\t\t\t\t\t\t<img decoding=\"async\" width=\"1024\" height=\"678\" src=\"https:\/\/soymigrante.com\/revista\/wp-content\/uploads\/2025\/08\/mercado-central-3-1024x678.jpg\" class=\"attachment-large size-large wp-image-41035\" alt=\"Vendedora en mercado local con frutas y verduras frescas durante temporada navide\u00f1a, decoraciones festivas y ambiente colorido.\" srcset=\"https:\/\/soymigrante.com\/revista\/wp-content\/uploads\/2025\/08\/mercado-central-3-1024x678.jpg 1024w, https:\/\/soymigrante.com\/revista\/wp-content\/uploads\/2025\/08\/mercado-central-3-300x199.jpg 300w, https:\/\/soymigrante.com\/revista\/wp-content\/uploads\/2025\/08\/mercado-central-3-768x509.jpg 768w, https:\/\/soymigrante.com\/revista\/wp-content\/uploads\/2025\/08\/mercado-central-3-750x497.webp 750w, https:\/\/soymigrante.com\/revista\/wp-content\/uploads\/2025\/08\/mercado-central-3-1140x755.jpg 1140w, https:\/\/soymigrante.com\/revista\/wp-content\/uploads\/2025\/08\/mercado-central-3.webp 1200w\" sizes=\"(max-width: 1024px) 100vw, 1024px\" title=\"El mercado central es conocido por ser de los m\u00e1s grandes de Guatemala. (Foto: INGUAT) \u2013 SoyMigrante.com REVISTA\" \/>\t\t\t\t\t\t\t\t\t\t\t<figcaption class=\"widget-image-caption wp-caption-text\">Comercio y mercado agr\u00edcola en temporada navide\u00f1a, mostrando disponibilidad de productos frescos y ambiente festivo en un mercado de barrio.<\/figcaption>\n\t\t\t\t\t\t\t\t\t\t<\/figure>\n\t\t\t\t\t\t\t\t\t<\/div>\n\t\t\t\t\t<\/div>\n\t\t\t\t<\/div>\n\t\t<div data-particle_enable=\"false\" data-particle-mobile-disabled=\"false\" class=\"elementor-element elementor-element-fa3bc6c e-flex e-con-boxed e-con e-parent\" data-id=\"fa3bc6c\" data-element_type=\"container\" data-e-type=\"container\">\n\t\t\t\t\t<div class=\"e-con-inner\">\n\t\t\t\t<div class=\"elementor-element elementor-element-c09b10c elementor-widget elementor-widget-heading\" data-id=\"c09b10c\" data-element_type=\"widget\" data-e-type=\"widget\" data-widget_type=\"heading.default\">\n\t\t\t\t\t<h3 class=\"elementor-heading-title elementor-size-default\">Significado y ambiente<\/h3>\t\t\t\t<\/div>\n\t\t\t\t\t<\/div>\n\t\t\t\t<\/div>\n\t\t<div data-particle_enable=\"false\" data-particle-mobile-disabled=\"false\" class=\"elementor-element elementor-element-b4a220f e-flex e-con-boxed e-con e-parent\" data-id=\"b4a220f\" data-element_type=\"container\" data-e-type=\"container\">\n\t\t\t\t\t<div class=\"e-con-inner\">\n\t\t\t\t<div class=\"elementor-element elementor-element-1638509 elementor-widget elementor-widget-text-editor\" data-id=\"1638509\" data-element_type=\"widget\" data-e-type=\"widget\" data-widget_type=\"text-editor.default\">\n\t\t\t\t\t\t\t\t\t<p><a href=\"https:\/\/soymigrante.com\/revista\/descubre-la-ruta-historica-de-la-ciudad-de-guatemala-un-viaje-de-memorias\/\" target=\"_blank\" rel=\"noopener\">El Mercado Central se considera el coraz\u00f3n comercial y cultural del pa\u00eds.<\/a> Es un epicentro de tradici\u00f3n viva donde conviven las 22 etnias mayas a trav\u00e9s de sus artesan\u00edas, gastronom\u00eda y flores tropicales.<\/p><p>A muchos visitantes extranjeros les sorprende la variedad y autenticidad, desde especias y alimentos frescos hasta textiles llenos de colores tradicionales.<\/p><p>En foros locales, se recomienda visitar antes del mediod\u00eda cuando hay m\u00e1s actividad, y probar los antojitos t\u00edpicos en puestos de frutas, que suelen ser m\u00e1s aut\u00e9nticos que los comedores fijos.<\/p>\t\t\t\t\t\t\t\t<\/div>\n\t\t\t\t\t<\/div>\n\t\t\t\t<\/div>\n\t\t<div data-particle_enable=\"false\" data-particle-mobile-disabled=\"false\" class=\"elementor-element elementor-element-0d4e206 e-flex e-con-boxed e-con e-parent\" data-id=\"0d4e206\" data-element_type=\"container\" data-e-type=\"container\">\n\t\t\t\t\t<div class=\"e-con-inner\">\n\t\t\t\t<div class=\"elementor-element elementor-element-cfca004 elementor-widget elementor-widget-image\" data-id=\"cfca004\" data-element_type=\"widget\" data-e-type=\"widget\" data-widget_type=\"image.default\">\n\t\t\t\t\t\t\t\t\t\t\t\t<figure class=\"wp-caption\">\n\t\t\t\t\t\t\t\t\t\t<img decoding=\"async\" width=\"1024\" height=\"576\" src=\"https:\/\/soymigrante.com\/revista\/wp-content\/uploads\/2025\/08\/mercado-central-5-1024x576.jpg\" class=\"attachment-large size-large wp-image-41036\" alt=\"Colorido puesto de artesan\u00edas y objetos de cer\u00e1mica y barro en una tienda de mercado en M\u00e9xico. Decoraciones, figuras y vasijas de cer\u00e1mica en diferentes formas y colores, ideales para decoraci\u00f3n y regalos.\" srcset=\"https:\/\/soymigrante.com\/revista\/wp-content\/uploads\/2025\/08\/mercado-central-5-1024x576.jpg 1024w, https:\/\/soymigrante.com\/revista\/wp-content\/uploads\/2025\/08\/mercado-central-5-300x169.jpg 300w, https:\/\/soymigrante.com\/revista\/wp-content\/uploads\/2025\/08\/mercado-central-5-768x432.jpg 768w, https:\/\/soymigrante.com\/revista\/wp-content\/uploads\/2025\/08\/mercado-central-5-750x422.jpg 750w, https:\/\/soymigrante.com\/revista\/wp-content\/uploads\/2025\/08\/mercado-central-5-1140x641.jpg 1140w, https:\/\/soymigrante.com\/revista\/wp-content\/uploads\/2025\/08\/mercado-central-5.webp 1280w\" sizes=\"(max-width: 1024px) 100vw, 1024px\" title=\"El mercado central tiene una variedad de productos artesanales. \/Foto: INGUAT) \u2013 SoyMigrante.com REVISTA\" \/>\t\t\t\t\t\t\t\t\t\t\t<figcaption class=\"widget-image-caption wp-caption-text\">Vasijas, figuras y artesan\u00edas de cer\u00e1mica en tienda mexicana, con productos tradicionales hechos a mano de barro y cer\u00e1mica en variedad de dise\u00f1os y colores.<\/figcaption>\n\t\t\t\t\t\t\t\t\t\t<\/figure>\n\t\t\t\t\t\t\t\t\t<\/div>\n\t\t\t\t\t<\/div>\n\t\t\t\t<\/div>\n\t\t<div data-particle_enable=\"false\" data-particle-mobile-disabled=\"false\" class=\"elementor-element elementor-element-b0a116b e-flex e-con-boxed e-con e-parent\" data-id=\"b0a116b\" data-element_type=\"container\" data-e-type=\"container\">\n\t\t\t\t\t<div class=\"e-con-inner\">\n\t\t\t\t<div class=\"elementor-element elementor-element-d9c1282 elementor-widget elementor-widget-text-editor\" data-id=\"d9c1282\" data-element_type=\"widget\" data-e-type=\"widget\" data-widget_type=\"text-editor.default\">\n\t\t\t\t\t\t\t\t\t<p><a href=\"https:\/\/soymigrante.com\/revista\/descubre-la-ruta-historica-de-la-ciudad-de-guatemala-un-viaje-de-memorias\/\" target=\"_blank\" rel=\"noopener\">El Mercado Central de la Ciudad de Guatemala es mucho m\u00e1s que un centro de ventas: es un s\u00edmbolo de la identidad guatemalteca.<\/a> Desde sus or\u00edgenes en un antiguo cementerio hasta su reconstrucci\u00f3n tras un devastador terremoto, su historia refleja la resistencia y riqueza cultural del pa\u00eds. Su estructura est\u00e9 distribuida en tres niveles subterr\u00e1neos, ofrece una oferta comercial completa: alimentos, artesan\u00edas, textiles y sabores emblem\u00e1ticos.<\/p><p>Con su constante flujo de miles de visitantes y trabajadores, este mercado se mantiene como un escenario vivo de la vida colectiva guatemalteca, donde se fusionan historia, comercio y cultura.<\/p>\t\t\t\t\t\t\t\t<\/div>\n\t\t\t\t\t<\/div>\n\t\t\t\t<\/div>\n\t\t<div data-particle_enable=\"false\" data-particle-mobile-disabled=\"false\" class=\"elementor-element elementor-element-8f3b78d e-flex e-con-boxed e-con e-parent\" data-id=\"8f3b78d\" data-element_type=\"container\" data-e-type=\"container\">\n\t\t\t\t\t<div class=\"e-con-inner\">\n\t\t\t\t<div class=\"elementor-element elementor-element-3072ff3 elementor-widget elementor-widget-heading\" data-id=\"3072ff3\" data-element_type=\"widget\" data-e-type=\"widget\" data-widget_type=\"heading.default\">\n\t\t\t\t\t<h2 class=\"elementor-heading-title elementor-size-default\">Conoce m\u00e1s de la Ciudad de Guatemala, ac\u00e1...<\/h2>\t\t\t\t<\/div>\n\t\t\t\t\t<\/div>\n\t\t\t\t<\/div>\n\t\t<div data-particle_enable=\"false\" data-particle-mobile-disabled=\"false\" class=\"elementor-element elementor-element-e65be3c e-flex e-con-boxed e-con e-parent\" data-id=\"e65be3c\" data-element_type=\"container\" data-e-type=\"container\">\n\t\t\t\t\t<div class=\"e-con-inner\">\n\t\t\t\t<div class=\"elementor-element elementor-element-2e0b8a7 elementor-grid-eael-col-3 elementor-grid-tablet-eael-col-2 elementor-grid-mobile-eael-col-1 elementor-invisible elementor-widget elementor-widget-eael-post-grid\" data-id=\"2e0b8a7\" data-element_type=\"widget\" data-e-type=\"widget\" data-settings=\"{&quot;eael_post_grid_columns&quot;:&quot;eael-col-3&quot;,&quot;_animation&quot;:&quot;rollIn&quot;,&quot;eael_post_grid_columns_tablet&quot;:&quot;eael-col-2&quot;,&quot;eael_post_grid_columns_mobile&quot;:&quot;eael-col-1&quot;}\" data-widget_type=\"eael-post-grid.default\">\n\t\t\t\t\t<div id=\"eael-post-grid-2e0b8a7\" class=\"eael-post-grid-container\">\n            <div class=\"eael-post-grid eael-post-appender eael-post-appender-2e0b8a7 eael-post-grid-style-one\" data-layout-mode=\"masonry\"><article class=\"eael-grid-post  eael-post-grid-column eael-pg-post-40976 category-guate-nuestra\" data-id=\"40976\">\n        <div class=\"eael-grid-post-holder\">\n            <div class=\"eael-grid-post-holder-inner\"><div class=\"eael-entry-media\"><div class=\"eael-entry-overlay fade-in\"><i class=\"far fa-hand-pointer\" aria-hidden=\"true\"><\/i><a href=\"https:\/\/soymigrante.com\/revista\/catedral-metropolitana-de-guatemala-historia-fe-y-paz-en-el-corazon-de-la-capital\/\"><\/a><\/div><div class=\"eael-entry-thumbnail \">\n                <img loading=\"lazy\" decoding=\"async\" width=\"504\" height=\"504\" src=\"https:\/\/soymigrante.com\/revista\/wp-content\/uploads\/2025\/07\/Catedral-metropolitana-3-e1753996409329.webp\" class=\"attachment-large size-large wp-image-40977\" alt=\"Majestuosa fachada de una catedral colonial en una ciudad hist\u00f3rica, con torres gemelas y un cielo nublado, representando arquitectura religiosa y patrimonio cultural en Latinoam\u00e9rica.\" srcset=\"https:\/\/soymigrante.com\/revista\/wp-content\/uploads\/2025\/07\/Catedral-metropolitana-3-e1753996409329.webp 504w, https:\/\/soymigrante.com\/revista\/wp-content\/uploads\/2025\/07\/Catedral-metropolitana-3-e1753996409329-300x300.webp 300w, https:\/\/soymigrante.com\/revista\/wp-content\/uploads\/2025\/07\/Catedral-metropolitana-3-e1753996409329-150x150.webp 150w, https:\/\/soymigrante.com\/revista\/wp-content\/uploads\/2025\/07\/Catedral-metropolitana-3-e1753996409329-75x75.webp 75w\" sizes=\"(max-width: 504px) 100vw, 504px\" \/>\n            <\/div>\n        <\/div><div class=\"eael-entry-wrapper\"><header class=\"eael-entry-header\"><h2 class=\"eael-entry-title\"><a class=\"eael-grid-post-link\" href=\"https:\/\/soymigrante.com\/revista\/catedral-metropolitana-de-guatemala-historia-fe-y-paz-en-el-corazon-de-la-capital\/\" title=\"Catedral Metropolitana de Guatemala: historia, fe y paz en el coraz\u00f3n de la capital\">Catedral Metropolitana de Guatemala: historia, fe y paz en el coraz\u00f3n de la capital<\/a><\/h2><\/header><div class=\"eael-entry-content\">\n                        <div class=\"eael-grid-post-excerpt\"><a href=\"https:\/\/soymigrante.com\/revista\/catedral-metropolitana-de-guatemala-historia-fe-y-paz-en-el-corazon-de-la-capital\/\" class=\"eael-post-elements-readmore-btn\">CONOCE SU HISTORIA <\/a><\/div>\n                    <\/div><\/div><\/div>\n        <\/div>\n    <\/article><article class=\"eael-grid-post  eael-post-grid-column eael-pg-post-38639 category-guate-nuestra\" data-id=\"38639\">\n        <div class=\"eael-grid-post-holder\">\n            <div class=\"eael-grid-post-holder-inner\"><div class=\"eael-entry-media\"><div class=\"eael-entry-overlay fade-in\"><i class=\"far fa-hand-pointer\" aria-hidden=\"true\"><\/i><a href=\"https:\/\/soymigrante.com\/revista\/el-arco-de-correos-un-icono-historico-en-la-capital\/\"><\/a><\/div><div class=\"eael-entry-thumbnail \">\n                <img loading=\"lazy\" decoding=\"async\" width=\"1024\" height=\"1024\" src=\"https:\/\/soymigrante.com\/revista\/wp-content\/uploads\/2025\/07\/arco-de-correos-1-1024x1024.jpg\" class=\"attachment-large size-large wp-image-38640\" alt=\"Puente hist\u00f3rico en Guatemala, arquitectura colonial y patrimonio cultural.\" srcset=\"https:\/\/soymigrante.com\/revista\/wp-content\/uploads\/2025\/07\/arco-de-correos-1-1024x1024.jpg 1024w, https:\/\/soymigrante.com\/revista\/wp-content\/uploads\/2025\/07\/arco-de-correos-1-300x300.jpg 300w, https:\/\/soymigrante.com\/revista\/wp-content\/uploads\/2025\/07\/arco-de-correos-1-150x150.jpg 150w, https:\/\/soymigrante.com\/revista\/wp-content\/uploads\/2025\/07\/arco-de-correos-1-768x768.jpg 768w, https:\/\/soymigrante.com\/revista\/wp-content\/uploads\/2025\/07\/arco-de-correos-1-75x75.jpg 75w, https:\/\/soymigrante.com\/revista\/wp-content\/uploads\/2025\/07\/arco-de-correos-1-750x750.jpg 750w, https:\/\/soymigrante.com\/revista\/wp-content\/uploads\/2025\/07\/arco-de-correos-1.webp 1080w\" sizes=\"(max-width: 1024px) 100vw, 1024px\" \/>\n            <\/div>\n        <\/div><div class=\"eael-entry-wrapper\"><header class=\"eael-entry-header\"><h2 class=\"eael-entry-title\"><a class=\"eael-grid-post-link\" href=\"https:\/\/soymigrante.com\/revista\/el-arco-de-correos-un-icono-historico-en-la-capital\/\" title=\"El Arco de Correos: un \u00edcono hist\u00f3rico en la capital\">El Arco de Correos: un \u00edcono hist\u00f3rico en la capital<\/a><\/h2><\/header><div class=\"eael-entry-content\">\n                        <div class=\"eael-grid-post-excerpt\"><a href=\"https:\/\/soymigrante.com\/revista\/el-arco-de-correos-un-icono-historico-en-la-capital\/\" class=\"eael-post-elements-readmore-btn\">CONOCE SU HISTORIA <\/a><\/div>\n                    <\/div><\/div><\/div>\n        <\/div>\n    <\/article><article class=\"eael-grid-post  eael-post-grid-column eael-pg-post-38394 category-guate-nuestra\" data-id=\"38394\">\n        <div class=\"eael-grid-post-holder\">\n            <div class=\"eael-grid-post-holder-inner\"><div class=\"eael-entry-media\"><div class=\"eael-entry-overlay fade-in\"><i class=\"far fa-hand-pointer\" aria-hidden=\"true\"><\/i><a href=\"https:\/\/soymigrante.com\/revista\/lugares-emblematicos-de-guatemala-el-palacio-nacional-de-la-cultura\/\"><\/a><\/div><div class=\"eael-entry-thumbnail \">\n                <img loading=\"lazy\" decoding=\"async\" width=\"940\" height=\"627\" src=\"https:\/\/soymigrante.com\/revista\/wp-content\/uploads\/2025\/07\/palacio-nacional-de-la-cultura-e1751579496903.webp\" class=\"attachment-large size-large wp-image-38395\" alt=\"Palacio del Congreso de Guatemala con bandera nacional y vista del edificio hist\u00f3rico en el centro de la ciudad.\" \/>\n            <\/div>\n        <\/div><div class=\"eael-entry-wrapper\"><header class=\"eael-entry-header\"><h2 class=\"eael-entry-title\"><a class=\"eael-grid-post-link\" href=\"https:\/\/soymigrante.com\/revista\/lugares-emblematicos-de-guatemala-el-palacio-nacional-de-la-cultura\/\" title=\"Lugares emblem\u00e1ticos de Guatemala: el Palacio Nacional de la Cultura\">Lugares emblem\u00e1ticos de Guatemala: el Palacio Nacional de la Cultura<\/a><\/h2><\/header><div class=\"eael-entry-content\">\n                        <div class=\"eael-grid-post-excerpt\"><a href=\"https:\/\/soymigrante.com\/revista\/lugares-emblematicos-de-guatemala-el-palacio-nacional-de-la-cultura\/\" class=\"eael-post-elements-readmore-btn\">CONOCE SU HISTORIA <\/a><\/div>\n                    <\/div><\/div><\/div>\n        <\/div>\n    <\/article><\/div>\n            <div class=\"clearfix\"><\/div>\n        <\/div>\t\t\t\t<\/div>\n\t\t\t\t\t<\/div>\n\t\t\t\t<\/div>\n\t\t\t\t<\/div>\n\t\t","protected":false},"excerpt":{"rendered":"<p>El Mercado Central de Guatemala tiene historia, ubicaci\u00f3n y los datos curiosos te dejar\u00e1n asombrado. El terreno donde hoy se alza el Mercado Central fue originalmente el cementerio de El Sagrario, hasta que en 1869 el gobierno orden\u00f3 su conversi\u00f3n en mercado. La construcci\u00f3n comenz\u00f3 el 24 de octubre de 1869 y qued\u00f3 lista el [&hellip;]<\/p>\n","protected":false},"author":19,"featured_media":41028,"comment_status":"open","ping_status":"open","sticky":false,"template":"","format":"standard","meta":{"_acf_changed":false,"_eb_attr":"","footnotes":""},"categories":[58],"tags":[],"class_list":["post-41027","post","type-post","status-publish","format-standard","has-post-thumbnail","hentry","category-guate-nuestra"],"acf":[],"aioseo_notices":[],"aioseo_head":"\n\t\t<!-- All in One SEO Pro 4.9.6.2 - aioseo.com -->\n\t<meta name=\"description\" content=\"El Palacio Nacional de la Cultura de Guatemala es rico en historia, arquitectura, arte y memorias. Como y cu\u00e1ndo se puede visitar.\" \/>\n\t<meta name=\"robots\" content=\"max-snippet:-1, max-image-preview:large, max-video-preview:-1\" \/>\n\t<meta name=\"author\" content=\"Marysabel Aldana\"\/>\n\t<link rel=\"canonical\" href=\"https:\/\/soymigrante.com\/revista\/lugares-emblematicos-de-guatemala-el-palacio-nacional-de-la-cultura\/\" \/>\n\t<meta name=\"generator\" content=\"All in One SEO Pro (AIOSEO) 4.9.6.2\" \/>\n\n\t\t<link rel=\"preconnect\" href=\"https:\/\/fonts.googleapis.com\" crossorigin>\n<link rel=\"preconnect\" href=\"https:\/\/fonts.gstatic.com\" crossorigin>\n\t\t<meta property=\"og:locale\" content=\"es_ES\" \/>\n\t\t<meta property=\"og:site_name\" content=\"SoyMigrante.com REVISTA \u2013 Nuestra misi\u00f3n es reconocer y dignificar al migrante.\" \/>\n\t\t<meta property=\"og:type\" content=\"article\" \/>\n\t\t<meta property=\"og:title\" content=\"Lugares emblem\u00e1ticos de Guatemala: el Palacio Nacional de la Cultura\" \/>\n\t\t<meta property=\"og:description\" content=\"El Palacio Nacional de la Cultura de Guatemala es rico en historia, arquitectura, arte y memorias. Como y cu\u00e1ndo se puede visitar.\" \/>\n\t\t<meta property=\"og:url\" content=\"https:\/\/soymigrante.com\/revista\/lugares-emblematicos-de-guatemala-el-palacio-nacional-de-la-cultura\/\" \/>\n\t\t<meta property=\"og:image\" content=\"https:\/\/soymigrante.com\/revista\/wp-content\/uploads\/2025\/07\/palacio-nacional-de-la-cultura-e1751579496903.webp\" \/>\n\t\t<meta property=\"og:image:secure_url\" content=\"https:\/\/soymigrante.com\/revista\/wp-content\/uploads\/2025\/07\/palacio-nacional-de-la-cultura-e1751579496903.webp\" \/>\n\t\t<meta property=\"og:image:width\" content=\"940\" \/>\n\t\t<meta property=\"og:image:height\" content=\"627\" \/>\n\t\t<meta property=\"article:published_time\" content=\"2025-07-07T20:00:00+00:00\" \/>\n\t\t<meta property=\"article:modified_time\" content=\"2025-07-07T19:26:09+00:00\" \/>\n\t\t<meta property=\"article:publisher\" content=\"https:\/\/www.facebook.com\/soymigrantecom\" \/>\n\t\t<meta name=\"twitter:card\" content=\"summary_large_image\" \/>\n\t\t<meta name=\"twitter:site\" content=\"@SoyMigrante_com\" \/>\n\t\t<meta name=\"twitter:title\" content=\"Lugares emblem\u00e1ticos de Guatemala: el Palacio Nacional de la Cultura\" \/>\n\t\t<meta name=\"twitter:description\" content=\"El Palacio Nacional de la Cultura de Guatemala es rico en historia, arquitectura, arte y memorias. Como y cu\u00e1ndo se puede visitar.\" \/>\n\t\t<meta name=\"twitter:creator\" content=\"@SoyMigrante_com\" \/>\n\t\t<meta name=\"twitter:image\" content=\"https:\/\/soymigrante.com\/revista\/wp-content\/uploads\/2025\/07\/palacio-nacional-de-la-cultura-e1751579496903.webp\" \/>\n\t\t<!-- All in One SEO Pro -->\r\n\t\t<title>Lugares emblem\u00e1ticos de Guatemala: el Palacio Nacional de la Cultura<\/title>\n\n","aioseo_head_json":{"title":"Lugares emblem\u00e1ticos de Guatemala: el Palacio Nacional de la Cultura","description":"El Palacio Nacional de la Cultura de Guatemala es rico en historia, arquitectura, arte y memorias. Como y cu\u00e1ndo se puede visitar.","canonical_url":"https:\/\/soymigrante.com\/revista\/lugares-emblematicos-de-guatemala-el-palacio-nacional-de-la-cultura\/","robots":"max-snippet:-1, max-image-preview:large, max-video-preview:-1","keywords":"","webmasterTools":{"miscellaneous":"&lt;link rel=\"preconnect\" href=\"https:\/\/fonts.googleapis.com\" crossorigin&gt;\n&lt;link rel=\"preconnect\" href=\"https:\/\/fonts.gstatic.com\" crossorigin&gt;"},"schema":null,"og:locale":"es_ES","og:site_name":"SoyMigrante.com REVISTA \u2013 Nuestra misi\u00f3n es reconocer y dignificar al migrante.","og:type":"article","og:title":"Lugares emblem\u00e1ticos de Guatemala: el Palacio Nacional de la Cultura","og:description":"El Palacio Nacional de la Cultura de Guatemala es rico en historia, arquitectura, arte y memorias. Como y cu\u00e1ndo se puede visitar.","og:url":"https:\/\/soymigrante.com\/revista\/lugares-emblematicos-de-guatemala-el-palacio-nacional-de-la-cultura\/","og:image":"https:\/\/soymigrante.com\/revista\/wp-content\/uploads\/2025\/07\/palacio-nacional-de-la-cultura-e1751579496903.webp","og:image:secure_url":"https:\/\/soymigrante.com\/revista\/wp-content\/uploads\/2025\/07\/palacio-nacional-de-la-cultura-e1751579496903.webp","og:image:width":940,"og:image:height":627,"article:published_time":"2025-07-07T20:00:00+00:00","article:modified_time":"2025-07-07T19:26:09+00:00","article:publisher":"https:\/\/www.facebook.com\/soymigrantecom","twitter:card":"summary_large_image","twitter:site":"@SoyMigrante_com","twitter:title":"Lugares emblem\u00e1ticos de Guatemala: el Palacio Nacional de la Cultura","twitter:description":"El Palacio Nacional de la Cultura de Guatemala es rico en historia, arquitectura, arte y memorias. Como y cu\u00e1ndo se puede visitar.","twitter:creator":"@SoyMigrante_com","twitter:image":"https:\/\/soymigrante.com\/revista\/wp-content\/uploads\/2025\/07\/palacio-nacional-de-la-cultura-e1751579496903.webp"},"aioseo_meta_data":{"post_id":"41027","title":null,"description":null,"keywords":null,"keyphrases":{"focus":{"keyphrase":"Mercado central","score":91,"analysis":{"keyphraseInTitle":{"score":9,"maxScore":9,"error":0},"keyphraseInDescription":{"score":9,"maxScore":9,"error":0},"keyphraseLength":{"score":9,"maxScore":9,"error":0,"length":2},"keyphraseInURL":{"score":5,"maxScore":5,"error":0},"keyphraseInIntroduction":{"score":9,"maxScore":9,"error":0},"keyphraseInSubHeadings":{"score":3,"maxScore":9,"error":1},"keyphraseInImageAlt":{"score":9,"maxScore":9,"error":0},"keywordDensity":{"type":"best","score":9,"maxScore":9,"error":0}}},"additional":[{"keyphrase":"Guatemala","score":87,"analysis":{"keyphraseInDescription":{"score":9,"maxScore":9,"error":0},"keyphraseLength":{"score":9,"maxScore":9,"error":0,"length":1},"keyphraseInIntroduction":{"score":3,"maxScore":9,"error":1},"keyphraseInImageAlt":{"score":9,"maxScore":9,"error":0},"keywordDensity":{"type":"best","score":9,"maxScore":9,"error":0}}}]},"primary_term":null,"canonical_url":null,"og_title":null,"og_description":null,"og_object_type":"default","og_image_type":"default","og_image_url":null,"og_image_width":null,"og_image_height":null,"og_image_custom_url":null,"og_image_custom_fields":null,"og_video":"","og_custom_url":null,"og_article_section":null,"og_article_tags":null,"twitter_use_og":false,"twitter_card":"default","twitter_image_type":"default","twitter_image_url":null,"twitter_image_custom_url":null,"twitter_image_custom_fields":null,"twitter_title":null,"twitter_description":null,"schema":{"blockGraphs":[],"customGraphs":[],"default":{"data":{"Article":[],"Course":[],"Dataset":[],"FAQPage":[],"Movie":[],"Person":[],"Product":[],"ProductReview":[],"Car":[],"Recipe":[],"Service":[],"SoftwareApplication":[],"WebPage":[]},"graphName":"none","isEnabled":true},"graphs":[]},"schema_type":"default","schema_type_options":null,"pillar_content":false,"robots_default":true,"robots_noindex":false,"robots_noarchive":false,"robots_nosnippet":false,"robots_nofollow":false,"robots_noimageindex":false,"robots_noodp":false,"robots_notranslate":false,"robots_max_snippet":"-1","robots_max_videopreview":"-1","robots_max_imagepreview":"large","priority":null,"frequency":"default","local_seo":null,"seo_analyzer_scan_date":"2025-10-09 07:26:15","breadcrumb_settings":null,"limit_modified_date":false,"reviewed_by":"0","open_ai":null,"ai":{"faqs":[],"keyPoints":[],"titles":[],"descriptions":[],"socialPosts":{"email":[],"linkedin":[],"twitter":[],"facebook":[],"instagram":[]}},"created":"2025-08-01 17:14:05","updated":"2026-02-05 03:30:15"},"aioseo_breadcrumb":"<div class=\"aioseo-breadcrumbs\"><span class=\"aioseo-breadcrumb\">\n\t<a href=\"https:\/\/soymigrante.com\/revista\" title=\"Home\">Home<\/a>\n<\/span><span class=\"aioseo-breadcrumb-separator\">\u00bb<\/span><span class=\"aioseo-breadcrumb\">\n\t<a href=\"https:\/\/soymigrante.com\/revista\/category\/guate-nuestra\/\" title=\"Guate Nuestra\">Guate Nuestra<\/a>\n<\/span><span class=\"aioseo-breadcrumb-separator\">\u00bb<\/span><span class=\"aioseo-breadcrumb\">\n\tEs infaltable la visita al Mercado Central de Guatemala: historia, ubicaci\u00f3n y \u00e1reas\n<\/span><\/div>","aioseo_breadcrumb_json":[{"label":"Home","link":"https:\/\/soymigrante.com\/revista"},{"label":"Guate Nuestra","link":"https:\/\/soymigrante.com\/revista\/category\/guate-nuestra\/"},{"label":"Es infaltable la visita al Mercado Central de Guatemala: historia, ubicaci\u00f3n y \u00e1reas","link":"https:\/\/soymigrante.com\/revista\/el-mercado-central-de-guatemala-historia-ubicacion-y-datos-curiosos\/"}],"_links":{"self":[{"href":"https:\/\/soymigrante.com\/revista\/wp-json\/wp\/v2\/posts\/41027","targetHints":{"allow":["GET"]}}],"collection":[{"href":"https:\/\/soymigrante.com\/revista\/wp-json\/wp\/v2\/posts"}],"about":[{"href":"https:\/\/soymigrante.com\/revista\/wp-json\/wp\/v2\/types\/post"}],"author":[{"embeddable":true,"href":"https:\/\/soymigrante.com\/revista\/wp-json\/wp\/v2\/users\/19"}],"replies":[{"embeddable":true,"href":"https:\/\/soymigrante.com\/revista\/wp-json\/wp\/v2\/comments?post=41027"}],"version-history":[{"count":11,"href":"https:\/\/soymigrante.com\/revista\/wp-json\/wp\/v2\/posts\/41027\/revisions"}],"predecessor-version":[{"id":41250,"href":"https:\/\/soymigrante.com\/revista\/wp-json\/wp\/v2\/posts\/41027\/revisions\/41250"}],"wp:featuredmedia":[{"embeddable":true,"href":"https:\/\/soymigrante.com\/revista\/wp-json\/wp\/v2\/media\/41028"}],"wp:attachment":[{"href":"https:\/\/soymigrante.com\/revista\/wp-json\/wp\/v2\/media?parent=41027"}],"wp:term":[{"taxonomy":"category","embeddable":true,"href":"https:\/\/soymigrante.com\/revista\/wp-json\/wp\/v2\/categories?post=41027"},{"taxonomy":"post_tag","embeddable":true,"href":"https:\/\/soymigrante.com\/revista\/wp-json\/wp\/v2\/tags?post=41027"}],"curies":[{"name":"wp","href":"https:\/\/api.w.org\/{rel}","templated":true}]}}