{"id":40956,"date":"2025-08-01T10:00:00","date_gmt":"2025-08-01T16:00:00","guid":{"rendered":"https:\/\/soymigrante.com\/revista\/?p=40956"},"modified":"2025-08-01T23:35:14","modified_gmt":"2025-08-02T05:35:14","slug":"los-increibles-paisajes-de-alex-aguilar-artista-de-san-marcos-ya-estan-en-mercado","status":"publish","type":"post","link":"https:\/\/soymigrante.com\/revista\/los-increibles-paisajes-de-alex-aguilar-artista-de-san-marcos-ya-estan-en-mercado\/","title":{"rendered":"Los incre\u00edbles paisajes de Alex Aguilar, artista de San Marcos, ya est\u00e1n en MERCADO"},"content":{"rendered":"\t\t<div data-elementor-type=\"wp-post\" data-elementor-id=\"40956\" class=\"elementor elementor-40956\" data-elementor-post-type=\"post\">\n\t\t\t\t<div data-particle_enable=\"false\" data-particle-mobile-disabled=\"false\" class=\"elementor-element elementor-element-efb2804 e-flex e-con-boxed e-con e-parent\" data-id=\"efb2804\" data-element_type=\"container\" data-e-type=\"container\">\n\t\t\t\t\t<div class=\"e-con-inner\">\n\t\t\t\t<div class=\"elementor-element elementor-element-d12ca5b elementor-widget elementor-widget-heading\" data-id=\"d12ca5b\" data-element_type=\"widget\" data-e-type=\"widget\" data-widget_type=\"heading.default\">\n\t\t\t\t\t<h2 class=\"elementor-heading-title elementor-size-default\">El emprendedor y artista guatemalteco Alex Aguilar ofrece obras que embellecen salas, comedores y espacios con alma en cada pincelada.<\/h2>\t\t\t\t<\/div>\n\t\t\t\t\t<\/div>\n\t\t\t\t<\/div>\n\t\t<div data-particle_enable=\"false\" data-particle-mobile-disabled=\"false\" class=\"elementor-element elementor-element-63edc8a e-flex e-con-boxed e-con e-parent\" data-id=\"63edc8a\" data-element_type=\"container\" data-e-type=\"container\">\n\t\t\t\t\t<div class=\"e-con-inner\">\n\t\t\t\t<div class=\"elementor-element elementor-element-e276d88 elementor-widget elementor-widget-text-editor\" data-id=\"e276d88\" data-element_type=\"widget\" data-e-type=\"widget\" data-widget_type=\"text-editor.default\">\n\t\t\t\t\t\t\t\t\t<p><a href=\"https:\/\/soymigrante.com\/mercado\/marketplace\/seller\/profile\/Artesalexaguilar\" target=\"_blank\" rel=\"noopener\">Alex Aguilar, un talentoso artista de 34 a\u00f1os originario de San Marcos<\/a>, ha encontrado en el arte no solo una pasi\u00f3n de vida, sino tambi\u00e9n una profesi\u00f3n que comparte con orgullo a trav\u00e9s de su tienda virtual Artes Alex Aguilar, disponible en la plataforma Mercado, el espacio de ventas de la p\u00e1gina SoyMigrante.com.<\/p><p>Desde peque\u00f1o, Alex sinti\u00f3 una conexi\u00f3n profunda con el arte. \u201cDesde ni\u00f1o me gust\u00f3 el arte, me llamaba la atenci\u00f3n hacer algo\u201d, recuerda. Su camino como artista comenz\u00f3 con clases de dibujo y pintura, adem\u00e1s de cursos de manejo de colores, herramientas que hoy le permiten crear obras llenas de detalle y expresi\u00f3n.<\/p>\t\t\t\t\t\t\t\t<\/div>\n\t\t\t\t\t<\/div>\n\t\t\t\t<\/div>\n\t\t<div data-particle_enable=\"false\" data-particle-mobile-disabled=\"false\" class=\"elementor-element elementor-element-6878275 e-flex e-con-boxed e-con e-parent\" data-id=\"6878275\" data-element_type=\"container\" data-e-type=\"container\">\n\t\t\t\t\t<div class=\"e-con-inner\">\n\t\t\t\t<div class=\"elementor-element elementor-element-c085ef4 elementor-widget elementor-widget-image\" data-id=\"c085ef4\" data-element_type=\"widget\" data-e-type=\"widget\" data-widget_type=\"image.default\">\n\t\t\t\t\t\t\t\t\t\t\t\t<figure class=\"wp-caption\">\n\t\t\t\t\t\t\t\t\t\t\t<a href=\"https:\/\/soymigrante.com\/mercado\/marketplace\/seller\/profile\/Artesalexaguilar\">\n\t\t\t\t\t\t\t<img fetchpriority=\"high\" decoding=\"async\" width=\"768\" height=\"284\" src=\"https:\/\/soymigrante.com\/revista\/wp-content\/uploads\/2025\/07\/Alex-Aguilar-el-artista-de-San-Marcos-que-conquista-con-realismo-y-paisajes-en-Mercado1-2-1024x378.png\" class=\"attachment-large size-large wp-image-40963\" alt=\"Pintor creando un paisaje en un lienzo, arte mexicano contempor\u00e1neo, expresi\u00f3n art\u00edstica, paisajes naturales, pintura en estudio.\" srcset=\"https:\/\/soymigrante.com\/revista\/wp-content\/uploads\/2025\/07\/Alex-Aguilar-el-artista-de-San-Marcos-que-conquista-con-realismo-y-paisajes-en-Mercado1-2-1024x378.png 1024w, https:\/\/soymigrante.com\/revista\/wp-content\/uploads\/2025\/07\/Alex-Aguilar-el-artista-de-San-Marcos-que-conquista-con-realismo-y-paisajes-en-Mercado1-2-300x111.png 300w, https:\/\/soymigrante.com\/revista\/wp-content\/uploads\/2025\/07\/Alex-Aguilar-el-artista-de-San-Marcos-que-conquista-con-realismo-y-paisajes-en-Mercado1-2-768x283.png 768w, https:\/\/soymigrante.com\/revista\/wp-content\/uploads\/2025\/07\/Alex-Aguilar-el-artista-de-San-Marcos-que-conquista-con-realismo-y-paisajes-en-Mercado1-2-1536x566.png 1536w, https:\/\/soymigrante.com\/revista\/wp-content\/uploads\/2025\/07\/Alex-Aguilar-el-artista-de-San-Marcos-que-conquista-con-realismo-y-paisajes-en-Mercado1-2-750x277.webp 750w, https:\/\/soymigrante.com\/revista\/wp-content\/uploads\/2025\/07\/Alex-Aguilar-el-artista-de-San-Marcos-que-conquista-con-realismo-y-paisajes-en-Mercado1-2-1140x420.webp 1140w, https:\/\/soymigrante.com\/revista\/wp-content\/uploads\/2025\/07\/Alex-Aguilar-el-artista-de-San-Marcos-que-conquista-con-realismo-y-paisajes-en-Mercado1-2.webp 1714w\" sizes=\"(max-width: 768px) 100vw, 768px\" title=\"La tienda de Alex Aguilar muestra su creatividad. (Foto: Captura de pantalla) \u2013 SoyMigrante.com REVISTA\" \/>\t\t\t\t\t\t\t\t<\/a>\n\t\t\t\t\t\t\t\t\t\t\t<figcaption class=\"widget-image-caption wp-caption-text\">Pintor mexicano en proceso de creaci\u00f3n art\u00edstica, retrato de un artista visual pintando un paisaje en su estudio, arte y cultura mexicana.<\/figcaption>\n\t\t\t\t\t\t\t\t\t\t<\/figure>\n\t\t\t\t\t\t\t\t\t<\/div>\n\t\t\t\t\t<\/div>\n\t\t\t\t<\/div>\n\t\t<div data-particle_enable=\"false\" data-particle-mobile-disabled=\"false\" class=\"elementor-element elementor-element-8cadfbe e-flex e-con-boxed e-con e-parent\" data-id=\"8cadfbe\" data-element_type=\"container\" data-e-type=\"container\">\n\t\t\t\t\t<div class=\"e-con-inner\">\n\t\t\t\t<div class=\"elementor-element elementor-element-67d560b elementor-widget elementor-widget-text-editor\" data-id=\"67d560b\" data-element_type=\"widget\" data-e-type=\"widget\" data-widget_type=\"text-editor.default\">\n\t\t\t\t\t\t\t\t\t<p><a href=\"https:\/\/soymigrante.com\/mercado\/marketplace\/seller\/profile\/Artesalexaguilar\" target=\"_blank\" rel=\"noopener\">Artes Alex Aguilar<\/a> ya abri\u00f3 su tienda digital en <a href=\"https:\/\/soymigrante.com\/mercado\/\" target=\"_blank\" rel=\"noopener\">SoyMigrante.com MERCADO,<\/a> la comunidad que une a emprendedores guatemaltecos con compradores en todo el pa\u00eds para impulsar la econom\u00eda familiar y comunitaria, generar oportunidades, facilitar log\u00edstica de pago y entrega, as\u00ed como mostrar el inmenso talento de los guatemaltecos. Y esta es la historia detr\u00e1s de <a href=\"https:\/\/soymigrante.com\/mercado\/marketplace\/seller\/profile\/Artesalexaguilar\" target=\"_blank\" rel=\"noopener\">Artes Alex Aguilar.<\/a><\/p>\t\t\t\t\t\t\t\t<\/div>\n\t\t\t\t\t<\/div>\n\t\t\t\t<\/div>\n\t\t<div data-particle_enable=\"false\" data-particle-mobile-disabled=\"false\" class=\"elementor-element elementor-element-2042217 e-flex e-con-boxed e-con e-parent\" data-id=\"2042217\" data-element_type=\"container\" data-e-type=\"container\">\n\t\t\t\t\t<div class=\"e-con-inner\">\n\t\t\t\t<div class=\"elementor-element elementor-element-bc176fd elementor-widget elementor-widget-heading\" data-id=\"bc176fd\" data-element_type=\"widget\" data-e-type=\"widget\" data-widget_type=\"heading.default\">\n\t\t\t\t\t<h3 class=\"elementor-heading-title elementor-size-default\">Lo que a Aguilar le gusta <\/h3>\t\t\t\t<\/div>\n\t\t\t\t\t<\/div>\n\t\t\t\t<\/div>\n\t\t<div data-particle_enable=\"false\" data-particle-mobile-disabled=\"false\" class=\"elementor-element elementor-element-f33aecb e-flex e-con-boxed e-con e-parent\" data-id=\"f33aecb\" data-element_type=\"container\" data-e-type=\"container\">\n\t\t\t\t\t<div class=\"e-con-inner\">\n\t\t\t\t<div class=\"elementor-element elementor-element-25d6bb5 elementor-widget elementor-widget-text-editor\" data-id=\"25d6bb5\" data-element_type=\"widget\" data-e-type=\"widget\" data-widget_type=\"text-editor.default\">\n\t\t\t\t\t\t\t\t\t<p>\u201cLo que a m\u00ed m\u00e1s me gusta es pintar, mostrar mi creatividad\u201d, cuenta. Su especialidad es el realismo y el paisajismo, aunque tambi\u00e9n disfruta retratar rostros. \u201cEl abstracto, casi no\u201d, confiesa con sinceridad.<\/p><p><a href=\"https:\/\/soymigrante.com\/mercado\/marketplace\/seller\/profile\/Artesalexaguilar\" target=\"_blank\" rel=\"noopener\">Cada cuadro que elabora es una muestra de dedicaci\u00f3n y paciencia.<\/a> \u201cYo me tardo entre dos y tres semanas en hacer un cuadro porque son muy realistas, entonces no es f\u00e1cil terminarlo en poco tiempo\u201d, explica. Y es precisamente ese nivel de detalle lo que ha hecho que sus obras sean valoradas, llegando a vender algunas hasta en Q1,500.<\/p>\t\t\t\t\t\t\t\t<\/div>\n\t\t\t\t\t<\/div>\n\t\t\t\t<\/div>\n\t\t<div data-particle_enable=\"false\" data-particle-mobile-disabled=\"false\" class=\"elementor-element elementor-element-2c41fb4 e-flex e-con-boxed e-con e-parent\" data-id=\"2c41fb4\" data-element_type=\"container\" data-e-type=\"container\">\n\t\t\t\t\t<div class=\"e-con-inner\">\n\t\t\t\t<div class=\"elementor-element elementor-element-e4d6e17 elementor-widget elementor-widget-image\" data-id=\"e4d6e17\" data-element_type=\"widget\" data-e-type=\"widget\" data-widget_type=\"image.default\">\n\t\t\t\t\t\t\t\t\t\t\t\t<figure class=\"wp-caption\">\n\t\t\t\t\t\t\t\t\t\t\t<a href=\"https:\/\/soymigrante.com\/mercado\/marketplace\/seller\/profile\/Artesalexaguilar\">\n\t\t\t\t\t\t\t<img decoding=\"async\" width=\"731\" height=\"560\" src=\"https:\/\/soymigrante.com\/revista\/wp-content\/uploads\/2025\/07\/Alex-Aguilar-el-artista-de-San-Marcos-que-conquista-con-realismo-y-paisajes-en-Mercado2.webp\" class=\"attachment-large size-large wp-image-40964\" alt=\"Pintura art\u00edstica al \u00f3leo de una fruta, bodeg\u00f3n de manzana y hojas verdes sobre tela para decoraci\u00f3n.\" srcset=\"https:\/\/soymigrante.com\/revista\/wp-content\/uploads\/2025\/07\/Alex-Aguilar-el-artista-de-San-Marcos-que-conquista-con-realismo-y-paisajes-en-Mercado2.webp 731w, https:\/\/soymigrante.com\/revista\/wp-content\/uploads\/2025\/07\/Alex-Aguilar-el-artista-de-San-Marcos-que-conquista-con-realismo-y-paisajes-en-Mercado2-300x230.png 300w\" sizes=\"(max-width: 731px) 100vw, 731px\" title=\"Alex Aguilar ha llevado su creatividad a los pinceles. (Foto: Captura de pantalla) \u2013 SoyMigrante.com REVISTA\" \/>\t\t\t\t\t\t\t\t<\/a>\n\t\t\t\t\t\t\t\t\t\t\t<figcaption class=\"widget-image-caption wp-caption-text\">Cuadro al \u00f3leo de fruta en estilo bodeg\u00f3n, perfecto para decorar espacios con arte y naturaleza.<\/figcaption>\n\t\t\t\t\t\t\t\t\t\t<\/figure>\n\t\t\t\t\t\t\t\t\t<\/div>\n\t\t\t\t\t<\/div>\n\t\t\t\t<\/div>\n\t\t<div data-particle_enable=\"false\" data-particle-mobile-disabled=\"false\" class=\"elementor-element elementor-element-7a7472d e-flex e-con-boxed e-con e-parent\" data-id=\"7a7472d\" data-element_type=\"container\" data-e-type=\"container\">\n\t\t\t\t\t<div class=\"e-con-inner\">\n\t\t\t\t<div class=\"elementor-element elementor-element-92de409 elementor-widget elementor-widget-heading\" data-id=\"92de409\" data-element_type=\"widget\" data-e-type=\"widget\" data-widget_type=\"heading.default\">\n\t\t\t\t\t<h3 class=\"elementor-heading-title elementor-size-default\">M\u00e1s que un ingreso, una forma de vida <\/h3>\t\t\t\t<\/div>\n\t\t\t\t\t<\/div>\n\t\t\t\t<\/div>\n\t\t<div data-particle_enable=\"false\" data-particle-mobile-disabled=\"false\" class=\"elementor-element elementor-element-286e299 e-flex e-con-boxed e-con e-parent\" data-id=\"286e299\" data-element_type=\"container\" data-e-type=\"container\">\n\t\t\t\t\t<div class=\"e-con-inner\">\n\t\t\t\t<div class=\"elementor-element elementor-element-21c2622 elementor-widget elementor-widget-text-editor\" data-id=\"21c2622\" data-element_type=\"widget\" data-e-type=\"widget\" data-widget_type=\"text-editor.default\">\n\t\t\t\t\t\t\t\t\t<p>Para Alex, el arte es mucho m\u00e1s que una forma de ganarse la vida. \u201cEl arte es expresi\u00f3n, para m\u00ed no es solo un arte, es una profesi\u00f3n que se disfruta. Me gusta que la gente tambi\u00e9n sienta la obra que se est\u00e1 elaborando\u201d.<\/p><p>Con su tienda <a href=\"https:\/\/soymigrante.com\/mercado\/marketplace\/seller\/profile\/Artesalexaguilar\" target=\"_blank\" rel=\"noopener\">Artes Alex Aguilar<\/a>, este emprendedor busca llevar belleza a los hogares guatemaltecos y al mismo tiempo demostrar que el talento, cuando se trabaja con pasi\u00f3n y entrega, puede convertirse en una forma de vida.<\/p>\t\t\t\t\t\t\t\t<\/div>\n\t\t\t\t\t<\/div>\n\t\t\t\t<\/div>\n\t\t<div data-particle_enable=\"false\" data-particle-mobile-disabled=\"false\" class=\"elementor-element elementor-element-6899458 e-flex e-con-boxed e-con e-parent\" data-id=\"6899458\" data-element_type=\"container\" data-e-type=\"container\">\n\t\t\t\t\t<div class=\"e-con-inner\">\n\t\t\t\t<div class=\"elementor-element elementor-element-7165abd elementor-widget elementor-widget-image\" data-id=\"7165abd\" data-element_type=\"widget\" data-e-type=\"widget\" data-widget_type=\"image.default\">\n\t\t\t\t\t\t\t\t\t\t\t\t<figure class=\"wp-caption\">\n\t\t\t\t\t\t\t\t\t\t\t<a href=\"https:\/\/soymigrante.com\/mercado\/marketplace\/seller\/profile\/Artesalexaguilar\">\n\t\t\t\t\t\t\t<img decoding=\"async\" width=\"768\" height=\"470\" src=\"https:\/\/soymigrante.com\/revista\/wp-content\/uploads\/2025\/07\/Alex-Aguilar-el-artista-de-San-Marcos-que-conquista-con-realismo-y-paisajes-en-Mercado3-1024x626.png\" class=\"attachment-large size-large wp-image-40965\" alt=\"Lienzo con pintura de caballo al \u00f3leo en caballete detalles en colores c\u00e1lidos y sombra destacada en las crines.\" srcset=\"https:\/\/soymigrante.com\/revista\/wp-content\/uploads\/2025\/07\/Alex-Aguilar-el-artista-de-San-Marcos-que-conquista-con-realismo-y-paisajes-en-Mercado3-1024x626.png 1024w, https:\/\/soymigrante.com\/revista\/wp-content\/uploads\/2025\/07\/Alex-Aguilar-el-artista-de-San-Marcos-que-conquista-con-realismo-y-paisajes-en-Mercado3-300x183.png 300w, https:\/\/soymigrante.com\/revista\/wp-content\/uploads\/2025\/07\/Alex-Aguilar-el-artista-de-San-Marcos-que-conquista-con-realismo-y-paisajes-en-Mercado3-768x469.png 768w, https:\/\/soymigrante.com\/revista\/wp-content\/uploads\/2025\/07\/Alex-Aguilar-el-artista-de-San-Marcos-que-conquista-con-realismo-y-paisajes-en-Mercado3-750x458.webp 750w, https:\/\/soymigrante.com\/revista\/wp-content\/uploads\/2025\/07\/Alex-Aguilar-el-artista-de-San-Marcos-que-conquista-con-realismo-y-paisajes-en-Mercado3-1140x696.webp 1140w, https:\/\/soymigrante.com\/revista\/wp-content\/uploads\/2025\/07\/Alex-Aguilar-el-artista-de-San-Marcos-que-conquista-con-realismo-y-paisajes-en-Mercado3.webp 1470w\" sizes=\"(max-width: 768px) 100vw, 768px\" title=\"Alex Aguilar se ha centrado en mostrar sus dise\u00f1os y creatividad. (Foto: Captura de pantalla) \u2013 SoyMigrante.com REVISTA\" \/>\t\t\t\t\t\t\t\t<\/a>\n\t\t\t\t\t\t\t\t\t\t\t<figcaption class=\"widget-image-caption wp-caption-text\">Cuadro art\u00edstico de caballo pintado a mano al \u00f3leo, ideal para decoraciones r\u00fasticas o tem\u00e1ticas ecuestres, exhibiendo detalles realistas y t\u00e9cnica profesional.<\/figcaption>\n\t\t\t\t\t\t\t\t\t\t<\/figure>\n\t\t\t\t\t\t\t\t\t<\/div>\n\t\t\t\t\t<\/div>\n\t\t\t\t<\/div>\n\t\t<div data-particle_enable=\"false\" data-particle-mobile-disabled=\"false\" class=\"elementor-element elementor-element-c1c853b e-flex e-con-boxed e-con e-parent\" data-id=\"c1c853b\" data-element_type=\"container\" data-e-type=\"container\">\n\t\t\t\t\t<div class=\"e-con-inner\">\n\t\t\t\t<div class=\"elementor-element elementor-element-fd3be2a elementor-widget elementor-widget-heading\" data-id=\"fd3be2a\" data-element_type=\"widget\" data-e-type=\"widget\" data-widget_type=\"heading.default\">\n\t\t\t\t\t<h2 class=\"elementor-heading-title elementor-size-default\">Conoce m\u00e1s de otros emprendedores, ac\u00e1...<\/h2>\t\t\t\t<\/div>\n\t\t\t\t\t<\/div>\n\t\t\t\t<\/div>\n\t\t<div data-particle_enable=\"false\" data-particle-mobile-disabled=\"false\" class=\"elementor-element elementor-element-d7b1dbb e-flex e-con-boxed e-con e-parent\" data-id=\"d7b1dbb\" data-element_type=\"container\" data-e-type=\"container\">\n\t\t\t\t\t<div class=\"e-con-inner\">\n\t\t\t\t<div class=\"elementor-element elementor-element-06d4ed9 elementor-grid-eael-col-3 elementor-grid-tablet-eael-col-2 elementor-grid-mobile-eael-col-1 elementor-invisible elementor-widget elementor-widget-eael-post-grid\" data-id=\"06d4ed9\" data-element_type=\"widget\" data-e-type=\"widget\" data-settings=\"{&quot;eael_post_grid_columns&quot;:&quot;eael-col-3&quot;,&quot;_animation&quot;:&quot;rollIn&quot;,&quot;eael_post_grid_columns_tablet&quot;:&quot;eael-col-2&quot;,&quot;eael_post_grid_columns_mobile&quot;:&quot;eael-col-1&quot;}\" data-widget_type=\"eael-post-grid.default\">\n\t\t\t\t\t<div id=\"eael-post-grid-06d4ed9\" class=\"eael-post-grid-container\">\n            <div class=\"eael-post-grid eael-post-appender eael-post-appender-06d4ed9 eael-post-grid-style-one\" data-layout-mode=\"masonry\"><article class=\"eael-grid-post  eael-post-grid-column eael-pg-post-39764 category-guate-nuestra tags-mercado-emprendedores\" data-id=\"39764\">\n        <div class=\"eael-grid-post-holder\">\n            <div class=\"eael-grid-post-holder-inner\"><div class=\"eael-entry-media\"><div class=\"eael-entry-overlay fade-in\"><i class=\"far fa-hand-pointer\" aria-hidden=\"true\"><\/i><a href=\"https:\/\/soymigrante.com\/revista\/emprendedora-cristina-contreras-convirtio-sus-cualidades-en-menjurjes-tienda-digital-en-mercado\/\"><\/a><\/div><div class=\"eael-entry-thumbnail \">\n                <img loading=\"lazy\" decoding=\"async\" width=\"1024\" height=\"1024\" src=\"https:\/\/soymigrante.com\/revista\/wp-content\/uploads\/2025\/07\/menjurjes-tienda-en-soymigrante.com-mercado-1024x1024.png\" class=\"attachment-large size-large wp-image-39859\" alt=\"Aceite de cilantro y chile de Chilete en botellas grandes con etiquetado de SoyMigrante.com revista, mujer sonriente en fondo de madera mostrando productos tradicionales de la gastronom\u00eda peruana.\" srcset=\"https:\/\/soymigrante.com\/revista\/wp-content\/uploads\/2025\/07\/menjurjes-tienda-en-soymigrante.com-mercado-1024x1024.png 1024w, https:\/\/soymigrante.com\/revista\/wp-content\/uploads\/2025\/07\/menjurjes-tienda-en-soymigrante.com-mercado-300x300.png 300w, https:\/\/soymigrante.com\/revista\/wp-content\/uploads\/2025\/07\/menjurjes-tienda-en-soymigrante.com-mercado-150x150.png 150w, https:\/\/soymigrante.com\/revista\/wp-content\/uploads\/2025\/07\/menjurjes-tienda-en-soymigrante.com-mercado-768x768.png 768w, https:\/\/soymigrante.com\/revista\/wp-content\/uploads\/2025\/07\/menjurjes-tienda-en-soymigrante.com-mercado-75x75.webp 75w, https:\/\/soymigrante.com\/revista\/wp-content\/uploads\/2025\/07\/menjurjes-tienda-en-soymigrante.com-mercado-750x750.webp 750w, https:\/\/soymigrante.com\/revista\/wp-content\/uploads\/2025\/07\/menjurjes-tienda-en-soymigrante.com-mercado.webp 1080w\" sizes=\"(max-width: 1024px) 100vw, 1024px\" \/>\n            <\/div>\n        <\/div><div class=\"eael-entry-wrapper\"><header class=\"eael-entry-header\"><h2 class=\"eael-entry-title\"><a class=\"eael-grid-post-link\" href=\"https:\/\/soymigrante.com\/revista\/emprendedora-cristina-contreras-convirtio-sus-cualidades-en-menjurjes-tienda-digital-en-mercado\/\" title=\"Emprendedora Cristina Contreras convirti\u00f3 sus cualidades en Menjurjes, aceites saborizados a la venta en MERCADO\">Emprendedora Cristina Contreras convirti\u00f3 sus cualidades en Menjurjes, aceites saborizados a la venta en MERCADO<\/a><\/h2><\/header><div class=\"eael-entry-content\">\n                        <div class=\"eael-grid-post-excerpt\"><a href=\"https:\/\/soymigrante.com\/revista\/emprendedora-cristina-contreras-convirtio-sus-cualidades-en-menjurjes-tienda-digital-en-mercado\/\" class=\"eael-post-elements-readmore-btn\">CONOCE SU HISTORIA <\/a><\/div>\n                    <\/div><\/div><\/div>\n        <\/div>\n    <\/article><article class=\"eael-grid-post  eael-post-grid-column eael-pg-post-40814 category-guate-nuestra tags-mercado-emprendedores\" data-id=\"40814\">\n        <div class=\"eael-grid-post-holder\">\n            <div class=\"eael-grid-post-holder-inner\"><div class=\"eael-entry-media\"><div class=\"eael-entry-overlay fade-in\"><i class=\"far fa-hand-pointer\" aria-hidden=\"true\"><\/i><a href=\"https:\/\/soymigrante.com\/revista\/brenda-francisco-encontro-un-camino-de-miel-y-ahora-esta-en-mercado\/\"><\/a><\/div><div class=\"eael-entry-thumbnail \">\n                <img loading=\"lazy\" decoding=\"async\" width=\"410\" height=\"669\" src=\"https:\/\/soymigrante.com\/revista\/wp-content\/uploads\/2025\/07\/WhatsApp-Image-2025-07-28-at-82945-AM.webp\" class=\"attachment-large size-large wp-image-40815\" alt=\"Botella de miel y productos artesanales en stand de feria cultural en un mercado al aire libre.\" srcset=\"https:\/\/soymigrante.com\/revista\/wp-content\/uploads\/2025\/07\/WhatsApp-Image-2025-07-28-at-82945-AM.webp 410w, https:\/\/soymigrante.com\/revista\/wp-content\/uploads\/2025\/07\/WhatsApp-Image-2025-07-28-at-82945-AM-184x300.jpeg 184w\" sizes=\"(max-width: 410px) 100vw, 410px\" \/>\n            <\/div>\n        <\/div><div class=\"eael-entry-wrapper\"><header class=\"eael-entry-header\"><h2 class=\"eael-entry-title\"><a class=\"eael-grid-post-link\" href=\"https:\/\/soymigrante.com\/revista\/brenda-francisco-encontro-un-camino-de-miel-y-ahora-esta-en-mercado\/\" title=\"Brenda Francisco encontr\u00f3 un camino de miel y ahora est\u00e1 en MERCADO\">Brenda Francisco encontr\u00f3 un camino de miel y ahora est\u00e1 en MERCADO<\/a><\/h2><\/header><div class=\"eael-entry-content\">\n                        <div class=\"eael-grid-post-excerpt\"><a href=\"https:\/\/soymigrante.com\/revista\/brenda-francisco-encontro-un-camino-de-miel-y-ahora-esta-en-mercado\/\" class=\"eael-post-elements-readmore-btn\">CONOCE SU HISTORIA <\/a><\/div>\n                    <\/div><\/div><\/div>\n        <\/div>\n    <\/article><article class=\"eael-grid-post  eael-post-grid-column eael-pg-post-40725 category-guate-nuestra tags-mercado-emprendedores\" data-id=\"40725\">\n        <div class=\"eael-grid-post-holder\">\n            <div class=\"eael-grid-post-holder-inner\"><div class=\"eael-entry-media\"><div class=\"eael-entry-overlay fade-in\"><i class=\"far fa-hand-pointer\" aria-hidden=\"true\"><\/i><a href=\"https:\/\/soymigrante.com\/revista\/mateo-baten-da-pasos-al-exito-a-traves-de-store-ae-comex-en-mercado\/\"><\/a><\/div><div class=\"eael-entry-thumbnail \">\n                <img loading=\"lazy\" decoding=\"async\" width=\"960\" height=\"958\" src=\"https:\/\/soymigrante.com\/revista\/wp-content\/uploads\/2025\/07\/480806972_509147092219057_8122839892770285748_n.webp\" class=\"attachment-large size-large wp-image-40763\" alt=\"Importaci\u00f3n A&amp;E y OMEX logo con avi\u00f3n y colores vibrantes, representando servicios de importaci\u00f3n y exportaci\u00f3n para la comunidad migrante. Dise\u00f1ado para destacar en la revista SoyMigrante.com REVISTA.\" srcset=\"https:\/\/soymigrante.com\/revista\/wp-content\/uploads\/2025\/07\/480806972_509147092219057_8122839892770285748_n.webp 960w, https:\/\/soymigrante.com\/revista\/wp-content\/uploads\/2025\/07\/480806972_509147092219057_8122839892770285748_n-300x300.jpg 300w, https:\/\/soymigrante.com\/revista\/wp-content\/uploads\/2025\/07\/480806972_509147092219057_8122839892770285748_n-150x150.jpg 150w, https:\/\/soymigrante.com\/revista\/wp-content\/uploads\/2025\/07\/480806972_509147092219057_8122839892770285748_n-768x766.jpg 768w, https:\/\/soymigrante.com\/revista\/wp-content\/uploads\/2025\/07\/480806972_509147092219057_8122839892770285748_n-75x75.webp 75w, https:\/\/soymigrante.com\/revista\/wp-content\/uploads\/2025\/07\/480806972_509147092219057_8122839892770285748_n-750x748.webp 750w\" sizes=\"(max-width: 960px) 100vw, 960px\" \/>\n            <\/div>\n        <\/div><div class=\"eael-entry-wrapper\"><header class=\"eael-entry-header\"><h2 class=\"eael-entry-title\"><a class=\"eael-grid-post-link\" href=\"https:\/\/soymigrante.com\/revista\/mateo-baten-da-pasos-al-exito-a-traves-de-store-ae-comex-en-mercado\/\" title=\"Mateo Baten da pasos al \u00e9xito a trav\u00e9s de Store A&amp;E Comex en Mercado\">Mateo Baten da pasos al \u00e9xito a trav\u00e9s de Store A&amp;E Comex en Mercado<\/a><\/h2><\/header><div class=\"eael-entry-content\">\n                        <div class=\"eael-grid-post-excerpt\"><a href=\"https:\/\/soymigrante.com\/revista\/mateo-baten-da-pasos-al-exito-a-traves-de-store-ae-comex-en-mercado\/\" class=\"eael-post-elements-readmore-btn\">CONOCE SU HISTORIA <\/a><\/div>\n                    <\/div><\/div><\/div>\n        <\/div>\n    <\/article><\/div>\n            <div class=\"clearfix\"><\/div>\n        <\/div>\t\t\t\t<\/div>\n\t\t\t\t\t<\/div>\n\t\t\t\t<\/div>\n\t\t\t\t<\/div>\n\t\t","protected":false},"excerpt":{"rendered":"<p>El emprendedor y artista guatemalteco Alex Aguilar ofrece obras que embellecen salas, comedores y espacios con alma en cada pincelada. Alex Aguilar, un talentoso artista de 34 a\u00f1os originario de San Marcos, ha encontrado en el arte no solo una pasi\u00f3n de vida, sino tambi\u00e9n una profesi\u00f3n que comparte con orgullo a trav\u00e9s de su [&hellip;]<\/p>\n","protected":false},"author":19,"featured_media":41077,"comment_status":"open","ping_status":"open","sticky":false,"template":"","format":"standard","meta":{"_acf_changed":false,"_eb_attr":"","footnotes":""},"categories":[58],"tags":[130],"class_list":["post-40956","post","type-post","status-publish","format-standard","has-post-thumbnail","hentry","category-guate-nuestra","tag-mercado-emprendedores"],"acf":[],"aioseo_notices":[],"aioseo_head":"\n\t\t<!-- All in One SEO Pro 4.9.6.2 - aioseo.com -->\n\t<meta name=\"description\" content=\"Mateo Baten es un joven que desde la pandemia busca innovar en su tienda, Store A&amp;EComex. Ahora vende zapatos desde Huehuetenango en SoyMigrante.com MERCADO\" \/>\n\t<meta name=\"robots\" content=\"max-snippet:-1, max-image-preview:large, max-video-preview:-1\" \/>\n\t<meta name=\"author\" content=\"Marysabel Aldana\"\/>\n\t<link rel=\"canonical\" href=\"https:\/\/soymigrante.com\/revista\/mateo-baten-da-pasos-al-exito-a-traves-de-store-ae-comex-en-mercado\/\" \/>\n\t<meta name=\"generator\" content=\"All in One SEO Pro (AIOSEO) 4.9.6.2\" \/>\n\n\t\t<link rel=\"preconnect\" href=\"https:\/\/fonts.googleapis.com\" crossorigin>\n<link rel=\"preconnect\" href=\"https:\/\/fonts.gstatic.com\" crossorigin>\n\t\t<meta property=\"og:locale\" content=\"es_ES\" \/>\n\t\t<meta property=\"og:site_name\" content=\"SoyMigrante.com REVISTA \u2013 Nuestra misi\u00f3n es reconocer y dignificar al migrante.\" \/>\n\t\t<meta property=\"og:type\" content=\"article\" \/>\n\t\t<meta property=\"og:title\" content=\"Paso a paso al \u00e9xito: Mateo Baten de A&amp;E Comex en MERCADO\" \/>\n\t\t<meta property=\"og:description\" content=\"Mateo Baten es un joven que desde la pandemia busca innovar en su tienda, Store A&amp;EComex. Ahora vende zapatos desde Huehuetenango en SoyMigrante.com MERCADO\" \/>\n\t\t<meta property=\"og:url\" content=\"https:\/\/soymigrante.com\/revista\/mateo-baten-da-pasos-al-exito-a-traves-de-store-ae-comex-en-mercado\/\" \/>\n\t\t<meta property=\"og:image\" content=\"https:\/\/soymigrante.com\/revista\/wp-content\/uploads\/2025\/07\/480806972_509147092219057_8122839892770285748_n.webp\" \/>\n\t\t<meta property=\"og:image:secure_url\" content=\"https:\/\/soymigrante.com\/revista\/wp-content\/uploads\/2025\/07\/480806972_509147092219057_8122839892770285748_n.webp\" \/>\n\t\t<meta property=\"og:image:width\" content=\"960\" \/>\n\t\t<meta property=\"og:image:height\" content=\"958\" \/>\n\t\t<meta property=\"article:published_time\" content=\"2025-07-30T10:00:00+00:00\" \/>\n\t\t<meta property=\"article:modified_time\" content=\"2025-07-30T04:00:10+00:00\" \/>\n\t\t<meta property=\"article:publisher\" content=\"https:\/\/www.facebook.com\/soymigrantecom\" \/>\n\t\t<meta name=\"twitter:card\" content=\"summary_large_image\" \/>\n\t\t<meta name=\"twitter:site\" content=\"@SoyMigrante_com\" \/>\n\t\t<meta name=\"twitter:title\" content=\"Paso a paso al \u00e9xito: Mateo Baten de A&amp;E Comex en MERCADO\" \/>\n\t\t<meta name=\"twitter:description\" content=\"Mateo Baten es un joven que desde la pandemia busca innovar en su tienda, Store A&amp;EComex. Ahora vende zapatos desde Huehuetenango en SoyMigrante.com MERCADO\" \/>\n\t\t<meta name=\"twitter:creator\" content=\"@SoyMigrante_com\" \/>\n\t\t<meta name=\"twitter:image\" content=\"https:\/\/soymigrante.com\/revista\/wp-content\/uploads\/2025\/07\/480806972_509147092219057_8122839892770285748_n.webp\" \/>\n\t\t<!-- All in One SEO Pro -->\r\n\t\t<title>Paso a paso al \u00e9xito: Mateo Baten de A&amp;E Comex en MERCADO<\/title>\n\n","aioseo_head_json":{"title":"Paso a paso al \u00e9xito: Mateo Baten de A&E Comex en MERCADO","description":"Mateo Baten es un joven que desde la pandemia busca innovar en su tienda, Store A&EComex. Ahora vende zapatos desde Huehuetenango en SoyMigrante.com MERCADO","canonical_url":"https:\/\/soymigrante.com\/revista\/mateo-baten-da-pasos-al-exito-a-traves-de-store-ae-comex-en-mercado\/","robots":"max-snippet:-1, max-image-preview:large, max-video-preview:-1","keywords":"","webmasterTools":{"miscellaneous":"&lt;link rel=\"preconnect\" href=\"https:\/\/fonts.googleapis.com\" crossorigin&gt;\n&lt;link rel=\"preconnect\" href=\"https:\/\/fonts.gstatic.com\" crossorigin&gt;"},"schema":null,"og:locale":"es_ES","og:site_name":"SoyMigrante.com REVISTA \u2013 Nuestra misi\u00f3n es reconocer y dignificar al migrante.","og:type":"article","og:title":"Paso a paso al \u00e9xito: Mateo Baten de A&amp;E Comex en MERCADO","og:description":"Mateo Baten es un joven que desde la pandemia busca innovar en su tienda, Store A&amp;EComex. Ahora vende zapatos desde Huehuetenango en SoyMigrante.com MERCADO","og:url":"https:\/\/soymigrante.com\/revista\/mateo-baten-da-pasos-al-exito-a-traves-de-store-ae-comex-en-mercado\/","og:image":"https:\/\/soymigrante.com\/revista\/wp-content\/uploads\/2025\/07\/480806972_509147092219057_8122839892770285748_n.webp","og:image:secure_url":"https:\/\/soymigrante.com\/revista\/wp-content\/uploads\/2025\/07\/480806972_509147092219057_8122839892770285748_n.webp","og:image:width":960,"og:image:height":958,"article:published_time":"2025-07-30T10:00:00+00:00","article:modified_time":"2025-07-30T04:00:10+00:00","article:publisher":"https:\/\/www.facebook.com\/soymigrantecom","twitter:card":"summary_large_image","twitter:site":"@SoyMigrante_com","twitter:title":"Paso a paso al \u00e9xito: Mateo Baten de A&amp;E Comex en MERCADO","twitter:description":"Mateo Baten es un joven que desde la pandemia busca innovar en su tienda, Store A&amp;EComex. Ahora vende zapatos desde Huehuetenango en SoyMigrante.com MERCADO","twitter:creator":"@SoyMigrante_com","twitter:image":"https:\/\/soymigrante.com\/revista\/wp-content\/uploads\/2025\/07\/480806972_509147092219057_8122839892770285748_n.webp"},"aioseo_meta_data":{"post_id":"40956","title":"Paisajista Alex Aguilar de San Marcos ya est\u00e1 en MERCADO","description":"El emprendedor y artista guatemalteco Alex Aguilar ofrece obras que embellecen salas, comedores y espacios con alma en cada pincelada. Adqui\u00e9relos en MERCADO","keywords":null,"keyphrases":{"focus":{"keyphrase":"Alex Aguilar","score":91,"analysis":{"keyphraseInTitle":{"score":9,"maxScore":9,"error":0},"keyphraseInDescription":{"score":9,"maxScore":9,"error":0},"keyphraseLength":{"score":9,"maxScore":9,"error":0,"length":2},"keyphraseInURL":{"score":5,"maxScore":5,"error":0},"keyphraseInIntroduction":{"score":9,"maxScore":9,"error":0},"keyphraseInSubHeadings":{"score":3,"maxScore":9,"error":1},"keyphraseInImageAlt":{"score":9,"maxScore":9,"error":0},"keywordDensity":{"type":"best","score":9,"maxScore":9,"error":0}}},"additional":[{"keyphrase":"artista","score":87,"analysis":{"keyphraseInDescription":{"score":9,"maxScore":9,"error":0},"keyphraseLength":{"score":9,"maxScore":9,"error":0,"length":1},"keyphraseInIntroduction":{"score":9,"maxScore":9,"error":0},"keyphraseInImageAlt":{"score":3,"maxScore":9,"error":1},"keywordDensity":{"type":"best","score":9,"maxScore":9,"error":0}}}]},"primary_term":null,"canonical_url":null,"og_title":null,"og_description":null,"og_object_type":"default","og_image_type":"default","og_image_url":null,"og_image_width":null,"og_image_height":null,"og_image_custom_url":null,"og_image_custom_fields":null,"og_video":"","og_custom_url":null,"og_article_section":null,"og_article_tags":null,"twitter_use_og":false,"twitter_card":"default","twitter_image_type":"default","twitter_image_url":null,"twitter_image_custom_url":null,"twitter_image_custom_fields":null,"twitter_title":null,"twitter_description":null,"schema":{"blockGraphs":[],"customGraphs":[],"default":{"data":{"Article":[],"Course":[],"Dataset":[],"FAQPage":[],"Movie":[],"Person":[],"Product":[],"ProductReview":[],"Car":[],"Recipe":[],"Service":[],"SoftwareApplication":[],"WebPage":[]},"graphName":"none","isEnabled":true},"graphs":[]},"schema_type":"default","schema_type_options":null,"pillar_content":false,"robots_default":true,"robots_noindex":false,"robots_noarchive":false,"robots_nosnippet":false,"robots_nofollow":false,"robots_noimageindex":false,"robots_noodp":false,"robots_notranslate":false,"robots_max_snippet":"-1","robots_max_videopreview":"-1","robots_max_imagepreview":"large","priority":null,"frequency":"default","local_seo":null,"seo_analyzer_scan_date":"2025-10-09 07:22:24","breadcrumb_settings":null,"limit_modified_date":false,"reviewed_by":"0","open_ai":null,"ai":{"faqs":[],"keyPoints":[],"titles":[],"descriptions":[],"socialPosts":{"email":[],"linkedin":[],"twitter":[],"facebook":[],"instagram":[]}},"created":"2025-07-31 20:41:49","updated":"2026-02-05 03:30:12"},"aioseo_breadcrumb":"<div class=\"aioseo-breadcrumbs\"><span class=\"aioseo-breadcrumb\">\n\t<a href=\"https:\/\/soymigrante.com\/revista\" title=\"Home\">Home<\/a>\n<\/span><span class=\"aioseo-breadcrumb-separator\">\u00bb<\/span><span class=\"aioseo-breadcrumb\">\n\t<a href=\"https:\/\/soymigrante.com\/revista\/category\/guate-nuestra\/\" title=\"Guate Nuestra\">Guate Nuestra<\/a>\n<\/span><span class=\"aioseo-breadcrumb-separator\">\u00bb<\/span><span class=\"aioseo-breadcrumb\">\n\tLos incre\u00edbles paisajes de Alex Aguilar, artista de San Marcos, ya est\u00e1n en MERCADO\n<\/span><\/div>","aioseo_breadcrumb_json":[{"label":"Home","link":"https:\/\/soymigrante.com\/revista"},{"label":"Guate Nuestra","link":"https:\/\/soymigrante.com\/revista\/category\/guate-nuestra\/"},{"label":"Los incre\u00edbles paisajes de Alex Aguilar, artista de San Marcos, ya est\u00e1n en MERCADO","link":"https:\/\/soymigrante.com\/revista\/los-increibles-paisajes-de-alex-aguilar-artista-de-san-marcos-ya-estan-en-mercado\/"}],"_links":{"self":[{"href":"https:\/\/soymigrante.com\/revista\/wp-json\/wp\/v2\/posts\/40956","targetHints":{"allow":["GET"]}}],"collection":[{"href":"https:\/\/soymigrante.com\/revista\/wp-json\/wp\/v2\/posts"}],"about":[{"href":"https:\/\/soymigrante.com\/revista\/wp-json\/wp\/v2\/types\/post"}],"author":[{"embeddable":true,"href":"https:\/\/soymigrante.com\/revista\/wp-json\/wp\/v2\/users\/19"}],"replies":[{"embeddable":true,"href":"https:\/\/soymigrante.com\/revista\/wp-json\/wp\/v2\/comments?post=40956"}],"version-history":[{"count":17,"href":"https:\/\/soymigrante.com\/revista\/wp-json\/wp\/v2\/posts\/40956\/revisions"}],"predecessor-version":[{"id":41080,"href":"https:\/\/soymigrante.com\/revista\/wp-json\/wp\/v2\/posts\/40956\/revisions\/41080"}],"wp:featuredmedia":[{"embeddable":true,"href":"https:\/\/soymigrante.com\/revista\/wp-json\/wp\/v2\/media\/41077"}],"wp:attachment":[{"href":"https:\/\/soymigrante.com\/revista\/wp-json\/wp\/v2\/media?parent=40956"}],"wp:term":[{"taxonomy":"category","embeddable":true,"href":"https:\/\/soymigrante.com\/revista\/wp-json\/wp\/v2\/categories?post=40956"},{"taxonomy":"post_tag","embeddable":true,"href":"https:\/\/soymigrante.com\/revista\/wp-json\/wp\/v2\/tags?post=40956"}],"curies":[{"name":"wp","href":"https:\/\/api.w.org\/{rel}","templated":true}]}}