{"id":40906,"date":"2025-07-31T11:38:06","date_gmt":"2025-07-31T17:38:06","guid":{"rendered":"https:\/\/soymigrante.com\/revista\/?p=40906"},"modified":"2025-07-31T12:10:39","modified_gmt":"2025-07-31T18:10:39","slug":"cocinando-guate-7-cortometrajes-con-lugares-de-comida-chapina-en-usa-miralos-gratis","status":"publish","type":"post","link":"https:\/\/soymigrante.com\/revista\/cocinando-guate-7-cortometrajes-con-lugares-de-comida-chapina-en-usa-miralos-gratis\/","title":{"rendered":"Cocinando Guate: 7 cortometrajes con lugares de comida chapina en USA * M\u00edralos gratis"},"content":{"rendered":"\t\t<div data-elementor-type=\"wp-post\" data-elementor-id=\"40906\" class=\"elementor elementor-40906\" data-elementor-post-type=\"post\">\n\t\t\t\t<div data-particle_enable=\"false\" data-particle-mobile-disabled=\"false\" class=\"elementor-element elementor-element-98ddf94 e-flex e-con-boxed e-con e-parent\" data-id=\"98ddf94\" data-element_type=\"container\" data-e-type=\"container\">\n\t\t\t\t\t<div class=\"e-con-inner\">\n\t\t\t\t<div class=\"elementor-element elementor-element-879b4c6 elementor-widget elementor-widget-heading\" data-id=\"879b4c6\" data-element_type=\"widget\" data-e-type=\"widget\" data-widget_type=\"heading.default\">\n\t\t\t\t\t<h2 class=\"elementor-heading-title elementor-size-default\">Productora Rocket Art Films presenta serie sobre 7 emprendedores de comida chapina en USA y M\u00e9xico. Est\u00e1 disponible gratuitamente en l\u00ednea y ya planean la segunda temporada.<\/h2>\t\t\t\t<\/div>\n\t\t\t\t\t<\/div>\n\t\t\t\t<\/div>\n\t\t<div data-particle_enable=\"false\" data-particle-mobile-disabled=\"false\" class=\"elementor-element elementor-element-0a0b6e6 e-flex e-con-boxed e-con e-parent\" data-id=\"0a0b6e6\" data-element_type=\"container\" data-e-type=\"container\">\n\t\t\t\t\t<div class=\"e-con-inner\">\n\t\t\t\t<div class=\"elementor-element elementor-element-f3688fc elementor-widget elementor-widget-text-editor\" data-id=\"f3688fc\" data-element_type=\"widget\" data-e-type=\"widget\" data-widget_type=\"text-editor.default\">\n\t\t\t\t\t\t\t\t\t<p>Una tarde cualquiera, \u00c1ngel Rosales, gerente de la productora audiovisual guatemalteca Rocket Studio ve\u00eda una serie de comida en Netflix. En un episodio, aparec\u00edan migrantes guatemaltecos cocinando en plena calle de Los \u00c1ngeles: &#8220;Tostadas, <a href=\"https:\/\/soymigrante.com\/revista\/atoles-guatemaltecos-arroz-con-leche-postre-tradicional-sigue-endulzando-generaciones\/\">atol<\/a>, <a href=\"https:\/\/soymigrante.com\/revista\/tamales-de-guatemala-variedad-y-recetas-de-una-tradicion-de-sabor\/\">tamales<\/a>, risas, vida. Todo eso en carretillas de supermercado en una calle&#8221;, relata.\u00a0<\/p><p>La escena lo toc\u00f3. \u201c\u00bfCu\u00e1ntos chapines m\u00e1s estar\u00e1n haciendo esto?\u201d, se pregunt\u00f3. As\u00ed naci\u00f3 la idea <a href=\"https:\/\/wahu.mx\/cinema\/details\/d2bacfb90ef94b29928ea29c5b6c4759\">Cocinando Guatemala<\/a>, que comparti\u00f3 con su socio, el cineasta Jos\u00e9 Oliva Gayt\u00e1n, quien de inmediato se entusiasm\u00f3 con el proyecto.<\/p>\t\t\t\t\t\t\t\t<\/div>\n\t\t\t\t\t<\/div>\n\t\t\t\t<\/div>\n\t\t<div data-particle_enable=\"false\" data-particle-mobile-disabled=\"false\" class=\"elementor-element elementor-element-ed42845 e-flex e-con-boxed e-con e-parent\" data-id=\"ed42845\" data-element_type=\"container\" data-e-type=\"container\">\n\t\t\t\t\t<div class=\"e-con-inner\">\n\t\t\t\t<div class=\"elementor-element elementor-element-080cb35 elementor-arrows-position-inside elementor-pagination-position-outside elementor-widget elementor-widget-image-carousel\" data-id=\"080cb35\" data-element_type=\"widget\" data-e-type=\"widget\" data-settings=\"{&quot;slides_to_show&quot;:&quot;1&quot;,&quot;navigation&quot;:&quot;both&quot;,&quot;autoplay&quot;:&quot;yes&quot;,&quot;pause_on_hover&quot;:&quot;yes&quot;,&quot;pause_on_interaction&quot;:&quot;yes&quot;,&quot;autoplay_speed&quot;:5000,&quot;infinite&quot;:&quot;yes&quot;,&quot;effect&quot;:&quot;slide&quot;,&quot;speed&quot;:500}\" data-widget_type=\"image-carousel.default\">\n\t\t\t\t\t\t\t<div class=\"elementor-image-carousel-wrapper swiper\" role=\"region\" aria-roledescription=\"carousel\" aria-label=\"Carrusel de im\u00e1genes\" dir=\"ltr\">\n\t\t\t<div class=\"elementor-image-carousel swiper-wrapper\" aria-live=\"off\">\n\t\t\t\t\t\t\t\t<div class=\"swiper-slide\" role=\"group\" aria-roledescription=\"slide\" aria-label=\"1 de 8\"><figure class=\"swiper-slide-inner\"><img decoding=\"async\" class=\"swiper-slide-image\" src=\"https:\/\/soymigrante.com\/revista\/wp-content\/uploads\/2025\/07\/cocinando-guatemala-serie-restaurantes-chapines-en-USA-4-768x1024.jpg\" alt=\"C\u00e1mara profesional grabando en cocina de restaurante, contenido para revista SoyMigrante.com con enfoque en migrantes en la gastronom\u00eda y medios de comunicaci\u00f3n.\" \/><figcaption class=\"elementor-image-carousel-caption\">C\u00e1mara profesional en acci\u00f3n durante grabaci\u00f3n en cocina, resaltando la importancia de la representaci\u00f3n de migrantes en medios y gastronom\u00eda.<\/figcaption><\/figure><\/div><div class=\"swiper-slide\" role=\"group\" aria-roledescription=\"slide\" aria-label=\"2 de 8\"><figure class=\"swiper-slide-inner\"><img decoding=\"async\" class=\"swiper-slide-image\" src=\"https:\/\/soymigrante.com\/revista\/wp-content\/uploads\/2025\/07\/cocinando-guatemala-serie-restaurantes-chapines-en-USA-5-768x1024.jpg\" alt=\"Tacos tradicionales mexicanos con tortillas de ma\u00edz, acompa\u00f1ados de salsas, cebolla y cilantro en un ambiente colorido y aut\u00e9ntico. Ideal para disfrutar de la gastronom\u00eda mexicana en un restaurante t\u00edpico.\" \/><figcaption class=\"elementor-image-carousel-caption\">Tacos tradicionales con tortillas con diferentes guarniciones y salsas, acompa\u00f1ados de postre de chocolate en plato de barro.<\/figcaption><\/figure><\/div><div class=\"swiper-slide\" role=\"group\" aria-roledescription=\"slide\" aria-label=\"3 de 8\"><figure class=\"swiper-slide-inner\"><img decoding=\"async\" class=\"swiper-slide-image\" src=\"https:\/\/soymigrante.com\/revista\/wp-content\/uploads\/2025\/07\/cocinando-guatemala-serie-restaurantes-chapines-en-USA-9-768x1024.jpg\" alt=\"Baristas y amigos sonrientes en una cafeter\u00eda moderna, disfrutando un momento de convivencia y amistad en un ambiente acogedor y conocido por su ambiente social.\" \/><figcaption class=\"elementor-image-carousel-caption\">Momentos de amistad en un restaurante contempor\u00e1neo con un grupo de amigos sonriendo y disfrutando de buena comida y bebida en un ambiente alegre y acogedor.<\/figcaption><\/figure><\/div><div class=\"swiper-slide\" role=\"group\" aria-roledescription=\"slide\" aria-label=\"4 de 8\"><figure class=\"swiper-slide-inner\"><img decoding=\"async\" class=\"swiper-slide-image\" src=\"https:\/\/soymigrante.com\/revista\/wp-content\/uploads\/2025\/07\/cocinando-guatemala-serie-restaurantes-chapines-en-USA-10-768x1024.jpg\" alt=\"Sabores tradicionales mexicanos con plato de pozole, arroz, tortillas y salsas en cer\u00e1mica, representando la cultura y gastronom\u00eda en un restaurante mexicano.\" \/><figcaption class=\"elementor-image-carousel-caption\">Una deliciosa comida mexicana tradicional presentada en plato de barro, con caldo de pollo, arroz, tortillas y salsa, ideal para amantes de la gastronom\u00eda mexicana.<\/figcaption><\/figure><\/div><div class=\"swiper-slide\" role=\"group\" aria-roledescription=\"slide\" aria-label=\"5 de 8\"><figure class=\"swiper-slide-inner\"><img decoding=\"async\" class=\"swiper-slide-image\" src=\"https:\/\/soymigrante.com\/revista\/wp-content\/uploads\/2025\/07\/cocinando-guatemala-serie-restaurantes-chapines-en-USA-12-768x1024.jpg\" alt=\"Disfrutando un caf\u00e9 en la calle con amigos en un d\u00eda soleado, resaltando la cultura migrante y la comunidad, ideal para contenido relacionado con inmigrantes y estilo de vida.\" \/><figcaption class=\"elementor-image-carousel-caption\">Selfie de un hombre con gafas y barba sosteniendo una taza, en un ambiente urbano con amigos y un puesto en la calle, reflejando interacci\u00f3n social, cultura migrante y vida cotidiana.<\/figcaption><\/figure><\/div><div class=\"swiper-slide\" role=\"group\" aria-roledescription=\"slide\" aria-label=\"6 de 8\"><figure class=\"swiper-slide-inner\"><img decoding=\"async\" class=\"swiper-slide-image\" src=\"https:\/\/soymigrante.com\/revista\/wp-content\/uploads\/2025\/07\/cocinando-guatemala-serie-restaurantes-chapines-en-USA-13-768x1024.jpg\" alt=\"Bocadillo de hot dog con verduras y salsa, acompa\u00f1ado de una botella de bebida refrescante en un restaurante informal.\" \/><figcaption class=\"elementor-image-carousel-caption\">Delicioso hot dog con verduras frescas, salsa y aderezos tropicales, en un ambiente c\u00f3modo, perfecto para experimentar sabores aut\u00e9nticos y disfrutar de comida callejera en modo casual.<\/figcaption><\/figure><\/div><div class=\"swiper-slide\" role=\"group\" aria-roledescription=\"slide\" aria-label=\"7 de 8\"><figure class=\"swiper-slide-inner\"><img decoding=\"async\" class=\"swiper-slide-image\" src=\"https:\/\/soymigrante.com\/revista\/wp-content\/uploads\/2025\/07\/cocinando-guatemala-serie-restaurantes-chapines-en-USA-1-768x1024.jpg\" alt=\"C\u00e1mara de videograf\u00eda en la calle de un pueblo, captura un vide\u00f3grafo en acci\u00f3n, edificios coloridos y un cielo azul brillante. Ideal para contenido sobre migrantes, videograf\u00eda urbana y cultura local.\" \/><figcaption class=\"elementor-image-carousel-caption\">Vide\u00f3grafo grabando en una calle urbana con edificios coloridos y un cielo despejado, mostrando producci\u00f3n audiovisual en un entorno multicultural, relacionado con la comunidad migrante y medios de comunicaci\u00f3n.<\/figcaption><\/figure><\/div><div class=\"swiper-slide\" role=\"group\" aria-roledescription=\"slide\" aria-label=\"8 de 8\"><figure class=\"swiper-slide-inner\"><img decoding=\"async\" class=\"swiper-slide-image\" src=\"https:\/\/soymigrante.com\/revista\/wp-content\/uploads\/2025\/07\/Imagen-de-WhatsApp-2025-07-31-a-las-065429_3cc81295-768x1024.jpg\" alt=\"FileName: soy-migrante-revista-platillo-campo-culinario.\" \/><figcaption class=\"elementor-image-carousel-caption\">Alt: Platos tradicionales con carne, ensalada y salsa, en restaurante, con c\u00e1mara profesional en fondo desenfocado, promocionando cultura y gastronom\u00eda.<\/figcaption><\/figure><\/div>\t\t\t<\/div>\n\t\t\t\t\t\t\t\t\t\t\t\t<div class=\"elementor-swiper-button elementor-swiper-button-prev\" role=\"button\" tabindex=\"0\">\n\t\t\t\t\t\t<i aria-hidden=\"true\" class=\"eicon-chevron-left\"><\/i>\t\t\t\t\t<\/div>\n\t\t\t\t\t<div class=\"elementor-swiper-button elementor-swiper-button-next\" role=\"button\" tabindex=\"0\">\n\t\t\t\t\t\t<i aria-hidden=\"true\" class=\"eicon-chevron-right\"><\/i>\t\t\t\t\t<\/div>\n\t\t\t\t\n\t\t\t\t\t\t\t\t\t<div class=\"swiper-pagination\"><\/div>\n\t\t\t\t\t\t\t\t\t<\/div>\n\t\t\t\t\t\t<\/div>\n\t\t\t\t\t<\/div>\n\t\t\t\t<\/div>\n\t\t<div data-particle_enable=\"false\" data-particle-mobile-disabled=\"false\" class=\"elementor-element elementor-element-d3d93a0 e-flex e-con-boxed e-con e-parent\" data-id=\"d3d93a0\" data-element_type=\"container\" data-e-type=\"container\">\n\t\t\t\t\t<div class=\"e-con-inner\">\n\t\t\t\t<div class=\"elementor-element elementor-element-7221dcc elementor-widget elementor-widget-heading\" data-id=\"7221dcc\" data-element_type=\"widget\" data-e-type=\"widget\" data-widget_type=\"heading.default\">\n\t\t\t\t\t<h3 class=\"elementor-heading-title elementor-size-default\">Sabor testimonial en cada plato<\/h3>\t\t\t\t<\/div>\n\t\t\t\t\t<\/div>\n\t\t\t\t<\/div>\n\t\t<div data-particle_enable=\"false\" data-particle-mobile-disabled=\"false\" class=\"elementor-element elementor-element-44f1df3 e-flex e-con-boxed e-con e-parent\" data-id=\"44f1df3\" data-element_type=\"container\" data-e-type=\"container\">\n\t\t\t\t\t<div class=\"e-con-inner\">\n\t\t\t\t<div class=\"elementor-element elementor-element-8584869 elementor-widget elementor-widget-text-editor\" data-id=\"8584869\" data-element_type=\"widget\" data-e-type=\"widget\" data-widget_type=\"text-editor.default\">\n\t\t\t\t\t\t\t\t\t<p>Cocinando Guatemala est\u00e1 disponible de forma gratuita en <a href=\"https:\/\/wahu.mx\/cinema\/details\/d2bacfb90ef94b29928ea29c5b6c4759\">la plataforma digital Wahu (puedes dar clic aqu\u00ed para verla)<\/a>. La serie recorre cocinas migrantes guatemaltecas: seis en Estados Unidos y una M\u00e9xico:&nbsp;<span style=\"font-family: Roboto, sans-serif; font-size: 16px; font-style: normal; font-variant-ligatures: normal; font-variant-caps: normal; font-weight: bold;\">&nbsp;<\/span><a style=\"font-family: Roboto, sans-serif; font-size: 16px; font-style: normal; font-variant-ligatures: normal; font-variant-caps: normal; font-weight: bold; color: #ff005b;\" href=\"https:\/\/soymigrante.com\/revista\/nim-ali-emprendimiento-gastronomico-migrante-en-el-corazon-de-washington-d-c\/\">Nim Ali<\/a>, <b>Changarrito de los Tamales y<span style=\"font-family: Roboto, sans-serif; font-size: 16px; font-style: normal; font-variant-ligatures: normal; font-variant-caps: normal;\">&nbsp;Corado&#8217;s<\/span><\/b><span style=\"font-family: Roboto, sans-serif; font-size: 16px; font-style: normal; font-variant-ligatures: normal; font-variant-caps: normal; font-weight: bold;\"> en Washington; restaurantes Claudia&#8217;s e<\/span><span style=\"font-family: Roboto, sans-serif; font-size: 16px; font-style: normal; font-variant-ligatures: normal; font-variant-caps: normal; font-weight: bold;\">&nbsp;<\/span><a style=\"font-family: Roboto, sans-serif; font-size: 16px; font-style: normal; font-variant-ligatures: normal; font-variant-caps: normal; font-weight: bold; color: #ff005b;\" href=\"https:\/\/soymigrante.com\/revista\/hermanas-migrantes-brenda-y-ana-triunfan-con-la-fuerza-del-jaguar-en-ny\/\">Ix&nbsp;<\/a>en&nbsp;<span style=\"font-family: Roboto, sans-serif; font-size: 16px; font-style: normal; font-variant-ligatures: normal; font-variant-caps: normal; font-weight: bold;\">Nueva York;&nbsp;Qu\u00e9 Chilero Los Shucos, en New Jersey y&nbsp; Los tres sabores de Fredy en Ciudad de M\u00e9xico.&nbsp;<\/span><\/p>\n<p>\u201cLa comida de Guatemala tiene un sabor especial, un sabor a casa\u201d, dice \u00c1ngel. Lo descubri\u00f3 apenas tres d\u00edas despu\u00e9s de dejar su pa\u00eds. En Nueva Jersey, prob\u00f3 un <a href=\"https:\/\/soymigrante.com\/revista\/recetas-chapinas-pepian-quetzalteco-receta-tradicional-2\/\">pepi\u00e1n<\/a>. Y ah\u00ed, en medio del bullicio migrante, lo invadi\u00f3 la nostalgia. Era m\u00e1s que un platillo: era un reencuentro.<\/p>\n<p>Cocinando Guatemala va al grano o mejor dicho al plato.&nbsp; En sus siete episodios, de cinco minutos cada uno,&nbsp; hay migrantes guatemaltecos que han hecho de la cocina su voz y su refugio. Algunos comenzaron lavando platos o limpiando casas. Hoy dirigen restaurantes, food trucks o comedores familiares con memoria y hermandad.&nbsp;<\/p>\t\t\t\t\t\t\t\t<\/div>\n\t\t\t\t\t<\/div>\n\t\t\t\t<\/div>\n\t\t<div data-particle_enable=\"false\" data-particle-mobile-disabled=\"false\" class=\"elementor-element elementor-element-f01a168 e-flex e-con-boxed e-con e-parent\" data-id=\"f01a168\" data-element_type=\"container\" data-e-type=\"container\">\n\t\t\t\t\t<div class=\"e-con-inner\">\n\t\t\t\t<div class=\"elementor-element elementor-element-0881e79 elementor-widget elementor-widget-heading\" data-id=\"0881e79\" data-element_type=\"widget\" data-e-type=\"widget\" data-widget_type=\"heading.default\">\n\t\t\t\t\t<h4 class=\"elementor-heading-title elementor-size-default\">Entra a ver la serie Cocinando Guatemala: te encantar\u00e1<\/h4>\t\t\t\t<\/div>\n\t\t\t\t\t<\/div>\n\t\t\t\t<\/div>\n\t\t<div data-particle_enable=\"false\" data-particle-mobile-disabled=\"false\" class=\"elementor-element elementor-element-6ea808c e-flex e-con-boxed e-con e-parent\" data-id=\"6ea808c\" data-element_type=\"container\" data-e-type=\"container\">\n\t\t\t\t\t<div class=\"e-con-inner\">\n\t\t\t\t<div class=\"elementor-element elementor-element-1e647b7 elementor-widget elementor-widget-image\" data-id=\"1e647b7\" data-element_type=\"widget\" data-e-type=\"widget\" data-widget_type=\"image.default\">\n\t\t\t\t\t\t\t\t\t\t\t\t<figure class=\"wp-caption\">\n\t\t\t\t\t\t\t\t\t\t\t<a href=\"https:\/\/wahu.mx\/cinema\/details\/d2bacfb90ef94b29928ea29c5b6c4759\">\n\t\t\t\t\t\t\t<img fetchpriority=\"high\" decoding=\"async\" width=\"768\" height=\"407\" src=\"https:\/\/soymigrante.com\/revista\/wp-content\/uploads\/2025\/07\/cocinando-guatemala-1024x543.png\" class=\"attachment-large size-large wp-image-40939\" alt=\"Elaborada imagen de un restaurante o cafeter\u00eda en Guatemala, destacando la cultura culinaria local, con ambiente acogedor y elementos tradicionales que representan la gastronom\u00eda guatemalteca.\" srcset=\"https:\/\/soymigrante.com\/revista\/wp-content\/uploads\/2025\/07\/cocinando-guatemala-1024x543.png 1024w, https:\/\/soymigrante.com\/revista\/wp-content\/uploads\/2025\/07\/cocinando-guatemala-300x159.png 300w, https:\/\/soymigrante.com\/revista\/wp-content\/uploads\/2025\/07\/cocinando-guatemala-768x408.png 768w, https:\/\/soymigrante.com\/revista\/wp-content\/uploads\/2025\/07\/cocinando-guatemala-1536x815.png 1536w, https:\/\/soymigrante.com\/revista\/wp-content\/uploads\/2025\/07\/cocinando-guatemala-2048x1087.png 2048w, https:\/\/soymigrante.com\/revista\/wp-content\/uploads\/2025\/07\/cocinando-guatemala-750x398.png 750w, https:\/\/soymigrante.com\/revista\/wp-content\/uploads\/2025\/07\/cocinando-guatemala-1140x605.png 1140w, https:\/\/soymigrante.com\/revista\/wp-content\/uploads\/2025\/07\/cocinando-guatemala.webp 1920w\" sizes=\"(max-width: 768px) 100vw, 768px\" title=\"Cada episodio sorprende, emociona y hasta se antoja m\u00e1s de alg\u00fan platillo. Cocinando Guate est\u00e1 disponible gratis en la plataforma digital Wahu.  CLIC EN LA IMAGEN PARA IR A LA SERIE. \u2013 SoyMigrante.com REVISTA\" \/>\t\t\t\t\t\t\t\t<\/a>\n\t\t\t\t\t\t\t\t\t\t\t<figcaption class=\"widget-image-caption wp-caption-text\">Cocina tradicional guatemalteca en un restaurante, resaltando bebidas t\u00edpicas y platos culturales con un ambiente c\u00e1lido y familiar.<\/figcaption>\n\t\t\t\t\t\t\t\t\t\t<\/figure>\n\t\t\t\t\t\t\t\t\t<\/div>\n\t\t\t\t\t<\/div>\n\t\t\t\t<\/div>\n\t\t<div data-particle_enable=\"false\" data-particle-mobile-disabled=\"false\" class=\"elementor-element elementor-element-19c97a4 e-flex e-con-boxed e-con e-parent\" data-id=\"19c97a4\" data-element_type=\"container\" data-e-type=\"container\">\n\t\t\t\t\t<div class=\"e-con-inner\">\n\t\t\t\t<div class=\"elementor-element elementor-element-da3bcca elementor-widget elementor-widget-heading\" data-id=\"da3bcca\" data-element_type=\"widget\" data-e-type=\"widget\" data-widget_type=\"heading.default\">\n\t\t\t\t\t<h3 class=\"elementor-heading-title elementor-size-default\">Ya visualizan la segunda temporada<\/h3>\t\t\t\t<\/div>\n\t\t\t\t\t<\/div>\n\t\t\t\t<\/div>\n\t\t<div data-particle_enable=\"false\" data-particle-mobile-disabled=\"false\" class=\"elementor-element elementor-element-a975738 e-flex e-con-boxed e-con e-parent\" data-id=\"a975738\" data-element_type=\"container\" data-e-type=\"container\">\n\t\t\t\t\t<div class=\"e-con-inner\">\n\t\t\t\t<div class=\"elementor-element elementor-element-7e2af4a elementor-widget elementor-widget-text-editor\" data-id=\"7e2af4a\" data-element_type=\"widget\" data-e-type=\"widget\" data-widget_type=\"text-editor.default\">\n\t\t\t\t\t\t\t\t\t<p>En uno de los episodios, <a href=\"https:\/\/soymigrante.com\/revista\/jorge-cardenas-gran-jaguar-de-la-cocina-guatemalteca-en-new-york\/\">el chef guatemalteco Jorge C\u00e1rdenas, del restaurante Ix Nueva York<\/a>, relata la an\u00e9cdota de una abuela que llor\u00f3 al probar pl\u00e1tanos en mole despu\u00e9s de d\u00e9cadas sin regresar a su patria. Le record\u00f3 su ni\u00f1ez. \u201cLo ordinario convertido en extraordinario\u201d, dice \u00c1ngel, quien se encarga de la preproducci\u00f3n.\u00a0 Y ah\u00ed est\u00e1 el alma de la serie.<\/p><p>Detr\u00e1s de c\u00e1maras est\u00e1 el talento y ojo sensible de Jos\u00e9 Oliva Gayt\u00e1n, cineasta, que ha trabajado piezas comerciales de \u00e9xito. Pero decidieron apostar por algo distinto: un documental con profundidad, emoci\u00f3n y visi\u00f3n. \u201cSiempre quisimos tener un programa con identidad propia, de Guatemala para el mundo y, subirlo a una plataforma de streaming.\u201d, confiesa \u00c1ngel.<\/p><p>Y el viaje contin\u00faa. Ya est\u00e1 en marcha la segunda temporada, con episodios m\u00e1s largos y una nueva propuesta: \u00c1ngel se estrenar\u00e1 como anfitri\u00f3n, para contar no solo las historias de quienes cocinan, sino de la vivencia al saborear ese <a href=\"https:\/\/soymigrante.com\/revista\/recetas-chapinas-revolcado-guatemalteco-siempre-conquista-paladares\/\">revolcado<\/a>, esos frijoles volteados, ese <a href=\"https:\/\/soymigrante.com\/revista\/el-shuco-historia-y-tradicion-del-hot-dog-guatemalteco\/\">shuko<\/a> a miles de kil\u00f3metros de distancia y a\u00f1os luz de memoria. \u201cQueremos mostrar lo que se siente, lo que despierta la comida hecha con amor\u201d, dice.<\/p>\t\t\t\t\t\t\t\t<\/div>\n\t\t\t\t\t<\/div>\n\t\t\t\t<\/div>\n\t\t<div data-particle_enable=\"false\" data-particle-mobile-disabled=\"false\" class=\"elementor-element elementor-element-c3db570 e-flex e-con-boxed e-con e-parent\" data-id=\"c3db570\" data-element_type=\"container\" data-e-type=\"container\">\n\t\t\t\t\t<div class=\"e-con-inner\">\n\t\t\t\t<div class=\"elementor-element elementor-element-070cf9a elementor-widget elementor-widget-image\" data-id=\"070cf9a\" data-element_type=\"widget\" data-e-type=\"widget\" data-widget_type=\"image.default\">\n\t\t\t\t\t\t\t\t\t\t\t\t<figure class=\"wp-caption\">\n\t\t\t\t\t\t\t\t\t\t\t<a href=\"https:\/\/rocketart.tv\/\">\n\t\t\t\t\t\t\t<img decoding=\"async\" width=\"768\" height=\"366\" src=\"https:\/\/soymigrante.com\/revista\/wp-content\/uploads\/2025\/07\/cocinando-guatemala-1-1024x488.png\" class=\"attachment-large size-large wp-image-40940\" alt=\"Guatemalan flag and coffee packaging display on a street in a migration-focused publication.\" srcset=\"https:\/\/soymigrante.com\/revista\/wp-content\/uploads\/2025\/07\/cocinando-guatemala-1-1024x488.png 1024w, https:\/\/soymigrante.com\/revista\/wp-content\/uploads\/2025\/07\/cocinando-guatemala-1-300x143.png 300w, https:\/\/soymigrante.com\/revista\/wp-content\/uploads\/2025\/07\/cocinando-guatemala-1-768x366.png 768w, https:\/\/soymigrante.com\/revista\/wp-content\/uploads\/2025\/07\/cocinando-guatemala-1-750x358.webp 750w, https:\/\/soymigrante.com\/revista\/wp-content\/uploads\/2025\/07\/cocinando-guatemala-1-1140x544.webp 1140w, https:\/\/soymigrante.com\/revista\/wp-content\/uploads\/2025\/07\/cocinando-guatemala-1.webp 1443w\" sizes=\"(max-width: 768px) 100vw, 768px\" title=\"Una Guatemala cuya comida evoca la ni\u00f1ez y juventud de migrantes connacionales, o que sorprende a estadounidenses o comensales de otras nacionalidades con un sabor de hogar. (Foto cortes\u00eda Rocket Art Films) \u2013 SoyMigrante.com REVISTA\" \/>\t\t\t\t\t\t\t\t<\/a>\n\t\t\t\t\t\t\t\t\t\t\t<figcaption class=\"widget-image-caption wp-caption-text\">Colorful street scene with a Guatemalan flag, coffee bag from La Joya, and posters highlighting migrant issues.<\/figcaption>\n\t\t\t\t\t\t\t\t\t\t<\/figure>\n\t\t\t\t\t\t\t\t\t<\/div>\n\t\t\t\t\t<\/div>\n\t\t\t\t<\/div>\n\t\t<div data-particle_enable=\"false\" data-particle-mobile-disabled=\"false\" class=\"elementor-element elementor-element-a4c6924 e-flex e-con-boxed e-con e-parent\" data-id=\"a4c6924\" data-element_type=\"container\" data-e-type=\"container\">\n\t\t\t\t\t<div class=\"e-con-inner\">\n\t\t\t\t<div class=\"elementor-element elementor-element-66aa39d elementor-widget elementor-widget-heading\" data-id=\"66aa39d\" data-element_type=\"widget\" data-e-type=\"widget\" data-widget_type=\"heading.default\">\n\t\t\t\t\t<h3 class=\"elementor-heading-title elementor-size-default\">Una declaraci\u00f3n de profundo sabor<\/h3>\t\t\t\t<\/div>\n\t\t\t\t\t<\/div>\n\t\t\t\t<\/div>\n\t\t<div data-particle_enable=\"false\" data-particle-mobile-disabled=\"false\" class=\"elementor-element elementor-element-42203c4 e-flex e-con-boxed e-con e-parent\" data-id=\"42203c4\" data-element_type=\"container\" data-e-type=\"container\">\n\t\t\t\t\t<div class=\"e-con-inner\">\n\t\t\t\t<div class=\"elementor-element elementor-element-f0e901d elementor-widget elementor-widget-text-editor\" data-id=\"f0e901d\" data-element_type=\"widget\" data-e-type=\"widget\" data-widget_type=\"text-editor.default\">\n\t\t\t\t\t\t\t\t\t<p>Porque eso es Cocinando Guatemala: una declaraci\u00f3n de amor a la identidad chapina. En cada desayuno chap\u00edn servido a estadounidenses en Brooklyn, en cada revolcado cocinado en Washington, hay una historia que florece lejos de casa. Una historia que se resiste a ser olvidada.<\/p><p>Ver Cocinando Guatemala es reencontrarse con lo esencial. Es entender que los sue\u00f1os tambi\u00e9n se cuecen, se amasan y se sirven con ternura. Y que, a veces, el acto m\u00e1s poderoso de resistencia cultural cabe en una tortilla con frijoles y con cari\u00f1o.<\/p><div>\u00a0<\/div>\t\t\t\t\t\t\t\t<\/div>\n\t\t\t\t\t<\/div>\n\t\t\t\t<\/div>\n\t\t<div data-particle_enable=\"false\" data-particle-mobile-disabled=\"false\" class=\"elementor-element elementor-element-8f7aa0f e-flex e-con-boxed e-con e-parent\" data-id=\"8f7aa0f\" data-element_type=\"container\" data-e-type=\"container\">\n\t\t\t\t\t<div class=\"e-con-inner\">\n\t\t\t\t<div class=\"elementor-element elementor-element-28dd80d elementor-widget elementor-widget-heading\" data-id=\"28dd80d\" data-element_type=\"widget\" data-e-type=\"widget\" data-widget_type=\"heading.default\">\n\t\t\t\t\t<h2 class=\"elementor-heading-title elementor-size-default\">\u00a1Esa saz\u00f3n guatemalteca! Uf, qu\u00e9 delicia<\/h2>\t\t\t\t<\/div>\n\t\t\t\t\t<\/div>\n\t\t\t\t<\/div>\n\t\t<div data-particle_enable=\"false\" data-particle-mobile-disabled=\"false\" class=\"elementor-element elementor-element-85bf5f1 e-flex e-con-boxed e-con e-parent\" data-id=\"85bf5f1\" data-element_type=\"container\" data-e-type=\"container\">\n\t\t\t\t\t<div class=\"e-con-inner\">\n\t\t\t\t<div class=\"elementor-element elementor-element-1ff5e88 elementor-grid-eael-col-3 elementor-grid-tablet-eael-col-2 elementor-grid-mobile-eael-col-1 elementor-invisible elementor-widget elementor-widget-eael-post-grid\" data-id=\"1ff5e88\" data-element_type=\"widget\" data-e-type=\"widget\" data-settings=\"{&quot;eael_post_grid_columns&quot;:&quot;eael-col-3&quot;,&quot;_animation&quot;:&quot;rollIn&quot;,&quot;eael_post_grid_columns_tablet&quot;:&quot;eael-col-2&quot;,&quot;eael_post_grid_columns_mobile&quot;:&quot;eael-col-1&quot;}\" data-widget_type=\"eael-post-grid.default\">\n\t\t\t\t\t<div id=\"eael-post-grid-1ff5e88\" class=\"eael-post-grid-container\">\n            <div class=\"eael-post-grid eael-post-appender eael-post-appender-1ff5e88 eael-post-grid-style-one\" data-layout-mode=\"masonry\"><article class=\"eael-grid-post  eael-post-grid-column eael-pg-post-30210 category-exitos-guatemala\" data-id=\"30210\">\n        <div class=\"eael-grid-post-holder\">\n            <div class=\"eael-grid-post-holder-inner\"><div class=\"eael-entry-media\"><div class=\"eael-entry-overlay fade-in\"><i class=\"far fa-hand-pointer\" aria-hidden=\"true\"><\/i><a href=\"https:\/\/soymigrante.com\/revista\/amalia-moreno-damgaard-chef-guatemalteca-en-minnesota-historia\/\"><\/a><\/div><div class=\"eael-entry-thumbnail \">\n                <img decoding=\"async\" width=\"1024\" height=\"1024\" src=\"https:\/\/soymigrante.com\/revista\/wp-content\/uploads\/2025\/04\/chef-amalia-moreno-guatemalteca-guatemala-4-1024x1024.jpg\" class=\"attachment-large size-large wp-image-30245\" alt=\"Mujer sonriente con vestimenta tradicional en un entorno natural, resaltando la cultura ind\u00edgena y la diversidad en la comunidad migrante.\" srcset=\"https:\/\/soymigrante.com\/revista\/wp-content\/uploads\/2025\/04\/chef-amalia-moreno-guatemalteca-guatemala-4-1024x1024.jpg 1024w, https:\/\/soymigrante.com\/revista\/wp-content\/uploads\/2025\/04\/chef-amalia-moreno-guatemalteca-guatemala-4-300x300.jpg 300w, https:\/\/soymigrante.com\/revista\/wp-content\/uploads\/2025\/04\/chef-amalia-moreno-guatemalteca-guatemala-4-150x150.jpg 150w, https:\/\/soymigrante.com\/revista\/wp-content\/uploads\/2025\/04\/chef-amalia-moreno-guatemalteca-guatemala-4-768x768.jpg 768w, https:\/\/soymigrante.com\/revista\/wp-content\/uploads\/2025\/04\/chef-amalia-moreno-guatemalteca-guatemala-4-75x75.webp 75w, https:\/\/soymigrante.com\/revista\/wp-content\/uploads\/2025\/04\/chef-amalia-moreno-guatemalteca-guatemala-4-750x750.webp 750w, https:\/\/soymigrante.com\/revista\/wp-content\/uploads\/2025\/04\/chef-amalia-moreno-guatemalteca-guatemala-4-1140x1140.webp 1140w, https:\/\/soymigrante.com\/revista\/wp-content\/uploads\/2025\/04\/chef-amalia-moreno-guatemalteca-guatemala-4.webp 1440w\" sizes=\"(max-width: 1024px) 100vw, 1024px\" \/>\n            <\/div>\n        <\/div><div class=\"eael-entry-wrapper\"><header class=\"eael-entry-header\"><h2 class=\"eael-entry-title\"><a class=\"eael-grid-post-link\" href=\"https:\/\/soymigrante.com\/revista\/amalia-moreno-damgaard-chef-guatemalteca-en-minnesota-historia\/\" title=\"Llevar a Guatemala en el coraz\u00f3n es el ingrediente m\u00e1gico de Amalia Moreno-Damgaard, chef en Minnesota\">Llevar a Guatemala en el coraz\u00f3n es el ingrediente m\u00e1gico de Amalia Moreno-Damgaard, chef en Minnesota<\/a><\/h2><\/header><div class=\"eael-entry-content\">\n                        <div class=\"eael-grid-post-excerpt\"><a href=\"https:\/\/soymigrante.com\/revista\/amalia-moreno-damgaard-chef-guatemalteca-en-minnesota-historia\/\" class=\"eael-post-elements-readmore-btn\">CONOCE SU HISTORIA <\/a><\/div>\n                    <\/div><\/div><\/div>\n        <\/div>\n    <\/article><article class=\"eael-grid-post  eael-post-grid-column eael-pg-post-25479 category-exitos\" data-id=\"25479\">\n        <div class=\"eael-grid-post-holder\">\n            <div class=\"eael-grid-post-holder-inner\"><div class=\"eael-entry-media\"><div class=\"eael-entry-overlay fade-in\"><i class=\"far fa-hand-pointer\" aria-hidden=\"true\"><\/i><a href=\"https:\/\/soymigrante.com\/revista\/chef-cristian-de-leon-pone-el-sazon-guatemalteco-en-minnesota-con-su-restaurante-xelas\/\"><\/a><\/div><div class=\"eael-entry-thumbnail \">\n                <img loading=\"lazy\" decoding=\"async\" width=\"1024\" height=\"1024\" src=\"https:\/\/soymigrante.com\/revista\/wp-content\/uploads\/2025\/02\/chef-cristian-de-leon-minnesota-2-1024x1024.jpg\" class=\"attachment-large size-large wp-image-25480\" alt=\"Plato de comida elaborado por un chef sonriente en un restaurante mexicano, enfatizando gastronom\u00eda y cultura culinaria en el contexto de la revista SoyMigrante.com REVISTA.\" srcset=\"https:\/\/soymigrante.com\/revista\/wp-content\/uploads\/2025\/02\/chef-cristian-de-leon-minnesota-2-1024x1024.jpg 1024w, https:\/\/soymigrante.com\/revista\/wp-content\/uploads\/2025\/02\/chef-cristian-de-leon-minnesota-2-300x300.jpg 300w, https:\/\/soymigrante.com\/revista\/wp-content\/uploads\/2025\/02\/chef-cristian-de-leon-minnesota-2-150x150.jpg 150w, https:\/\/soymigrante.com\/revista\/wp-content\/uploads\/2025\/02\/chef-cristian-de-leon-minnesota-2-768x768.jpg 768w, https:\/\/soymigrante.com\/revista\/wp-content\/uploads\/2025\/02\/chef-cristian-de-leon-minnesota-2-1536x1536.jpg 1536w, https:\/\/soymigrante.com\/revista\/wp-content\/uploads\/2025\/02\/chef-cristian-de-leon-minnesota-2-2048x2048.jpg 2048w, https:\/\/soymigrante.com\/revista\/wp-content\/uploads\/2025\/02\/chef-cristian-de-leon-minnesota-2-75x75.webp 75w, https:\/\/soymigrante.com\/revista\/wp-content\/uploads\/2025\/02\/chef-cristian-de-leon-minnesota-2-750x750.webp 750w, https:\/\/soymigrante.com\/revista\/wp-content\/uploads\/2025\/02\/chef-cristian-de-leon-minnesota-2-1140x1140.webp 1140w, https:\/\/soymigrante.com\/revista\/wp-content\/uploads\/2025\/02\/chef-cristian-de-leon-minnesota-2.webp 1920w\" sizes=\"(max-width: 1024px) 100vw, 1024px\" \/>\n            <\/div>\n        <\/div><div class=\"eael-entry-wrapper\"><header class=\"eael-entry-header\"><h2 class=\"eael-entry-title\"><a class=\"eael-grid-post-link\" href=\"https:\/\/soymigrante.com\/revista\/chef-cristian-de-leon-pone-el-sazon-guatemalteco-en-minnesota-con-su-restaurante-xelas\/\" title=\"Chef Cristian de Le\u00f3n pone el saz\u00f3n guatemalteco en Minnesota con su restaurante Xelas\">Chef Cristian de Le\u00f3n pone el saz\u00f3n guatemalteco en Minnesota con su restaurante Xelas<\/a><\/h2><\/header><div class=\"eael-entry-content\">\n                        <div class=\"eael-grid-post-excerpt\"><a href=\"https:\/\/soymigrante.com\/revista\/chef-cristian-de-leon-pone-el-sazon-guatemalteco-en-minnesota-con-su-restaurante-xelas\/\" class=\"eael-post-elements-readmore-btn\">CONOCE SU HISTORIA <\/a><\/div>\n                    <\/div><\/div><\/div>\n        <\/div>\n    <\/article><article class=\"eael-grid-post  eael-post-grid-column eael-pg-post-10820 category-exitos\" data-id=\"10820\">\n        <div class=\"eael-grid-post-holder\">\n            <div class=\"eael-grid-post-holder-inner\"><div class=\"eael-entry-media\"><div class=\"eael-entry-overlay fade-in\"><i class=\"far fa-hand-pointer\" aria-hidden=\"true\"><\/i><a href=\"https:\/\/soymigrante.com\/revista\/milbet-del-cid-ofrece-antojitos-chapines-en-restaurante-amalia-en-los-angeles\/\"><\/a><\/div><div class=\"eael-entry-thumbnail \">\n                <img loading=\"lazy\" decoding=\"async\" width=\"1024\" height=\"1024\" src=\"https:\/\/soymigrante.com\/revista\/wp-content\/uploads\/2024\/10\/amalias-restaurante-dia-del-guatemalteco6-copia.webp\" class=\"attachment-large size-large wp-image-10875\" alt=\"Guatemalan restaurant &quot;A Maria&quot; with traditional decor and menu showcasing local cuisine, popular among Guatemalan community and visitors.\" \/>\n            <\/div>\n        <\/div><div class=\"eael-entry-wrapper\"><header class=\"eael-entry-header\"><h2 class=\"eael-entry-title\"><a class=\"eael-grid-post-link\" href=\"https:\/\/soymigrante.com\/revista\/milbet-del-cid-ofrece-antojitos-chapines-en-restaurante-amalia-en-los-angeles\/\" title=\"Milbet del Cid ofrece antojitos chapines en restaurante Amalia, en Los Angeles\">Milbet del Cid ofrece antojitos chapines en restaurante Amalia, en Los Angeles<\/a><\/h2><\/header><div class=\"eael-entry-content\">\n                        <div class=\"eael-grid-post-excerpt\"><a href=\"https:\/\/soymigrante.com\/revista\/milbet-del-cid-ofrece-antojitos-chapines-en-restaurante-amalia-en-los-angeles\/\" class=\"eael-post-elements-readmore-btn\">CONOCE SU HISTORIA <\/a><\/div>\n                    <\/div><\/div><\/div>\n        <\/div>\n    <\/article><\/div>\n            <div class=\"clearfix\"><\/div>\n        <\/div>\t\t\t\t<\/div>\n\t\t\t\t\t<\/div>\n\t\t\t\t<\/div>\n\t\t\t\t<\/div>\n\t\t","protected":false},"excerpt":{"rendered":"<p>Productora Rocket Art Films presenta serie sobre 7 emprendedores de comida chapina en USA y M\u00e9xico. Est\u00e1 disponible gratuitamente en l\u00ednea y ya planean la segunda temporada. Una tarde cualquiera, \u00c1ngel Rosales, gerente de la productora audiovisual guatemalteca Rocket Studio ve\u00eda una serie de comida en Netflix. En un episodio, aparec\u00edan migrantes guatemaltecos cocinando en [&hellip;]<\/p>\n","protected":false},"author":7,"featured_media":40907,"comment_status":"open","ping_status":"open","sticky":false,"template":"","format":"standard","meta":{"_acf_changed":false,"_eb_attr":"","footnotes":""},"categories":[54],"tags":[],"class_list":["post-40906","post","type-post","status-publish","format-standard","has-post-thumbnail","hentry","category-estamos-unidos"],"acf":[],"aioseo_notices":[],"aioseo_head":"\n\t\t<!-- All in One SEO Pro 4.9.6.2 - aioseo.com -->\n\t<meta name=\"description\" content=\"El Restaurante Amalia ha preparado platillos guatemaltecos con productos originales desde hace tres d\u00e9cadas en Los \u00c1ngeles.\" \/>\n\t<meta name=\"robots\" content=\"max-snippet:-1, max-image-preview:large, max-video-preview:-1\" \/>\n\t<meta name=\"author\" content=\"Beatriz Tercero\"\/>\n\t<link rel=\"canonical\" href=\"https:\/\/soymigrante.com\/revista\/milbet-del-cid-ofrece-antojitos-chapines-en-restaurante-amalia-en-los-angeles\/\" \/>\n\t<meta name=\"generator\" content=\"All in One SEO Pro (AIOSEO) 4.9.6.2\" \/>\n\n\t\t<link rel=\"preconnect\" href=\"https:\/\/fonts.googleapis.com\" crossorigin>\n<link rel=\"preconnect\" href=\"https:\/\/fonts.gstatic.com\" crossorigin>\n\t\t<meta property=\"og:locale\" content=\"es_ES\" \/>\n\t\t<meta property=\"og:site_name\" content=\"SoyMigrante.com REVISTA \u2013 Nuestra misi\u00f3n es reconocer y dignificar al migrante.\" \/>\n\t\t<meta property=\"og:type\" content=\"article\" \/>\n\t\t<meta property=\"og:title\" content=\"Amalia: antojitos chapines en Los Angeles desde hace 30 a\u00f1os\" \/>\n\t\t<meta property=\"og:description\" content=\"El Restaurante Amalia ha preparado platillos guatemaltecos con productos originales desde hace tres d\u00e9cadas en Los \u00c1ngeles.\" \/>\n\t\t<meta property=\"og:url\" content=\"https:\/\/soymigrante.com\/revista\/milbet-del-cid-ofrece-antojitos-chapines-en-restaurante-amalia-en-los-angeles\/\" \/>\n\t\t<meta property=\"og:image\" content=\"https:\/\/soymigrante.com\/revista\/wp-content\/uploads\/2024\/10\/amalias-restaurante-dia-del-guatemalteco6-copia.webp\" \/>\n\t\t<meta property=\"og:image:secure_url\" content=\"https:\/\/soymigrante.com\/revista\/wp-content\/uploads\/2024\/10\/amalias-restaurante-dia-del-guatemalteco6-copia.webp\" \/>\n\t\t<meta property=\"og:image:width\" content=\"1080\" \/>\n\t\t<meta property=\"og:image:height\" content=\"1080\" \/>\n\t\t<meta property=\"article:published_time\" content=\"2024-11-04T14:45:32+00:00\" \/>\n\t\t<meta property=\"article:modified_time\" content=\"2024-11-04T15:04:04+00:00\" \/>\n\t\t<meta property=\"article:publisher\" content=\"https:\/\/www.facebook.com\/soymigrantecom\" \/>\n\t\t<meta name=\"twitter:card\" content=\"summary_large_image\" \/>\n\t\t<meta name=\"twitter:site\" content=\"@SoyMigrante_com\" \/>\n\t\t<meta name=\"twitter:title\" content=\"Amalia: antojitos chapines en Los Angeles desde hace 30 a\u00f1os\" \/>\n\t\t<meta name=\"twitter:description\" content=\"El Restaurante Amalia ha preparado platillos guatemaltecos con productos originales desde hace tres d\u00e9cadas en Los \u00c1ngeles.\" \/>\n\t\t<meta name=\"twitter:creator\" content=\"@SoyMigrante_com\" \/>\n\t\t<meta name=\"twitter:image\" content=\"https:\/\/soymigrante.com\/revista\/wp-content\/uploads\/2024\/10\/amalias-restaurante-dia-del-guatemalteco6-copia.webp\" \/>\n\t\t<!-- All in One SEO Pro -->\r\n\t\t<title>Amalia: antojitos chapines en Los Angeles desde hace 30 a\u00f1os<\/title>\n\n","aioseo_head_json":{"title":"Amalia: antojitos chapines en Los Angeles desde hace 30 a\u00f1os","description":"El Restaurante Amalia ha preparado platillos guatemaltecos con productos originales desde hace tres d\u00e9cadas en Los \u00c1ngeles.","canonical_url":"https:\/\/soymigrante.com\/revista\/milbet-del-cid-ofrece-antojitos-chapines-en-restaurante-amalia-en-los-angeles\/","robots":"max-snippet:-1, max-image-preview:large, max-video-preview:-1","keywords":"","webmasterTools":{"miscellaneous":"&lt;link rel=\"preconnect\" href=\"https:\/\/fonts.googleapis.com\" crossorigin&gt;\n&lt;link rel=\"preconnect\" href=\"https:\/\/fonts.gstatic.com\" crossorigin&gt;"},"schema":null,"og:locale":"es_ES","og:site_name":"SoyMigrante.com REVISTA \u2013 Nuestra misi\u00f3n es reconocer y dignificar al migrante.","og:type":"article","og:title":"Amalia: antojitos chapines en Los Angeles desde hace 30 a\u00f1os","og:description":"El Restaurante Amalia ha preparado platillos guatemaltecos con productos originales desde hace tres d\u00e9cadas en Los \u00c1ngeles.","og:url":"https:\/\/soymigrante.com\/revista\/milbet-del-cid-ofrece-antojitos-chapines-en-restaurante-amalia-en-los-angeles\/","og:image":"https:\/\/soymigrante.com\/revista\/wp-content\/uploads\/2024\/10\/amalias-restaurante-dia-del-guatemalteco6-copia.webp","og:image:secure_url":"https:\/\/soymigrante.com\/revista\/wp-content\/uploads\/2024\/10\/amalias-restaurante-dia-del-guatemalteco6-copia.webp","og:image:width":1080,"og:image:height":1080,"article:published_time":"2024-11-04T14:45:32+00:00","article:modified_time":"2024-11-04T15:04:04+00:00","article:publisher":"https:\/\/www.facebook.com\/soymigrantecom","twitter:card":"summary_large_image","twitter:site":"@SoyMigrante_com","twitter:title":"Amalia: antojitos chapines en Los Angeles desde hace 30 a\u00f1os","twitter:description":"El Restaurante Amalia ha preparado platillos guatemaltecos con productos originales desde hace tres d\u00e9cadas en Los \u00c1ngeles.","twitter:creator":"@SoyMigrante_com","twitter:image":"https:\/\/soymigrante.com\/revista\/wp-content\/uploads\/2024\/10\/amalias-restaurante-dia-del-guatemalteco6-copia.webp"},"aioseo_meta_data":{"post_id":"40906","title":"Cocinando Guate: 7 cortometrajes de comida chapina en USA","description":"Producci\u00f3n guatemalteca de alta calidad sobre 7 destinos de comida guatemalteca: 6 en USA, 1 en M\u00e9xico est\u00e1 en plataforma de streaming gratuita. Mira y admira.","keywords":null,"keyphrases":{"focus":{"keyphrase":"Guate","score":54,"analysis":{"keyphraseInTitle":{"score":9,"maxScore":9,"error":0},"keyphraseInDescription":{"score":3,"maxScore":9,"error":1},"keyphraseLength":{"score":9,"maxScore":9,"error":0,"length":1},"keyphraseInURL":{"score":5,"maxScore":5,"error":0},"keyphraseInIntroduction":{"score":3,"maxScore":9,"error":1},"keyphraseInSubHeadings":{"score":3,"maxScore":9,"error":1},"keyphraseInImageAlt":[],"keywordDensity":{"score":0,"type":"low","maxScore":9,"error":1}}},"additional":[{"keyphrase":"Cocinando guate","score":42,"analysis":{"keyphraseInDescription":{"score":3,"maxScore":9,"error":1},"keyphraseLength":{"score":9,"maxScore":9,"error":0,"length":2},"keyphraseInIntroduction":{"score":3,"maxScore":9,"error":1},"keyphraseInImageAlt":[],"keywordDensity":{"score":0,"type":"low","maxScore":9,"error":1}}},{"keyphrase":"chapines en USA","score":42,"analysis":{"keyphraseInDescription":{"score":3,"maxScore":9,"error":1},"keyphraseLength":{"score":9,"maxScore":9,"error":0,"length":3},"keyphraseInIntroduction":{"score":3,"maxScore":9,"error":1},"keyphraseInImageAlt":[],"keywordDensity":{"score":0,"type":"low","maxScore":9,"error":1}}},{"keyphrase":"chapines","score":42,"analysis":{"keyphraseInDescription":{"score":3,"maxScore":9,"error":1},"keyphraseLength":{"score":9,"maxScore":9,"error":0,"length":1},"keyphraseInIntroduction":{"score":3,"maxScore":9,"error":1},"keyphraseInImageAlt":[],"keywordDensity":{"score":0,"type":"low","maxScore":9,"error":1}}}]},"primary_term":null,"canonical_url":null,"og_title":null,"og_description":null,"og_object_type":"default","og_image_type":"default","og_image_url":null,"og_image_width":null,"og_image_height":null,"og_image_custom_url":null,"og_image_custom_fields":null,"og_video":"","og_custom_url":null,"og_article_section":null,"og_article_tags":null,"twitter_use_og":false,"twitter_card":"default","twitter_image_type":"default","twitter_image_url":null,"twitter_image_custom_url":null,"twitter_image_custom_fields":null,"twitter_title":null,"twitter_description":null,"schema":{"blockGraphs":[],"customGraphs":[],"default":{"data":{"Article":[],"Course":[],"Dataset":[],"FAQPage":[],"Movie":[],"Person":[],"Product":[],"ProductReview":[],"Car":[],"Recipe":[],"Service":[],"SoftwareApplication":[],"WebPage":[]},"graphName":"none","isEnabled":true},"graphs":[]},"schema_type":"default","schema_type_options":null,"pillar_content":false,"robots_default":true,"robots_noindex":false,"robots_noarchive":false,"robots_nosnippet":false,"robots_nofollow":false,"robots_noimageindex":false,"robots_noodp":false,"robots_notranslate":false,"robots_max_snippet":"-1","robots_max_videopreview":"-1","robots_max_imagepreview":"large","priority":null,"frequency":"default","local_seo":null,"seo_analyzer_scan_date":"2025-10-09 07:20:28","breadcrumb_settings":null,"limit_modified_date":false,"reviewed_by":"0","open_ai":null,"ai":{"faqs":[],"keyPoints":[],"titles":[],"descriptions":[],"socialPosts":{"email":[],"linkedin":[],"twitter":[],"facebook":[],"instagram":[]}},"created":"2025-07-31 14:52:37","updated":"2026-02-05 03:24:18"},"aioseo_breadcrumb":"<div class=\"aioseo-breadcrumbs\"><span class=\"aioseo-breadcrumb\">\n\t<a href=\"https:\/\/soymigrante.com\/revista\" title=\"Home\">Home<\/a>\n<\/span><span class=\"aioseo-breadcrumb-separator\">\u00bb<\/span><span class=\"aioseo-breadcrumb\">\n\t<a href=\"https:\/\/soymigrante.com\/revista\/category\/estamos-unidos\/\" title=\"Estamos Unidos\">Estamos Unidos<\/a>\n<\/span><span class=\"aioseo-breadcrumb-separator\">\u00bb<\/span><span class=\"aioseo-breadcrumb\">\n\tCocinando Guate: 7 cortometrajes con lugares de comida chapina en USA * M\u00edralos gratis\n<\/span><\/div>","aioseo_breadcrumb_json":[{"label":"Home","link":"https:\/\/soymigrante.com\/revista"},{"label":"Estamos Unidos","link":"https:\/\/soymigrante.com\/revista\/category\/estamos-unidos\/"},{"label":"Cocinando Guate: 7 cortometrajes con lugares de comida chapina en USA * M\u00edralos gratis","link":"https:\/\/soymigrante.com\/revista\/cocinando-guate-7-cortometrajes-con-lugares-de-comida-chapina-en-usa-miralos-gratis\/"}],"_links":{"self":[{"href":"https:\/\/soymigrante.com\/revista\/wp-json\/wp\/v2\/posts\/40906","targetHints":{"allow":["GET"]}}],"collection":[{"href":"https:\/\/soymigrante.com\/revista\/wp-json\/wp\/v2\/posts"}],"about":[{"href":"https:\/\/soymigrante.com\/revista\/wp-json\/wp\/v2\/types\/post"}],"author":[{"embeddable":true,"href":"https:\/\/soymigrante.com\/revista\/wp-json\/wp\/v2\/users\/7"}],"replies":[{"embeddable":true,"href":"https:\/\/soymigrante.com\/revista\/wp-json\/wp\/v2\/comments?post=40906"}],"version-history":[{"count":22,"href":"https:\/\/soymigrante.com\/revista\/wp-json\/wp\/v2\/posts\/40906\/revisions"}],"predecessor-version":[{"id":40955,"href":"https:\/\/soymigrante.com\/revista\/wp-json\/wp\/v2\/posts\/40906\/revisions\/40955"}],"wp:featuredmedia":[{"embeddable":true,"href":"https:\/\/soymigrante.com\/revista\/wp-json\/wp\/v2\/media\/40907"}],"wp:attachment":[{"href":"https:\/\/soymigrante.com\/revista\/wp-json\/wp\/v2\/media?parent=40906"}],"wp:term":[{"taxonomy":"category","embeddable":true,"href":"https:\/\/soymigrante.com\/revista\/wp-json\/wp\/v2\/categories?post=40906"},{"taxonomy":"post_tag","embeddable":true,"href":"https:\/\/soymigrante.com\/revista\/wp-json\/wp\/v2\/tags?post=40906"}],"curies":[{"name":"wp","href":"https:\/\/api.w.org\/{rel}","templated":true}]}}