{"id":40814,"date":"2025-07-31T08:30:00","date_gmt":"2025-07-31T14:30:00","guid":{"rendered":"https:\/\/soymigrante.com\/revista\/?p=40814"},"modified":"2025-07-31T10:22:26","modified_gmt":"2025-07-31T16:22:26","slug":"brenda-francisco-encontro-un-camino-de-miel-y-ahora-esta-en-mercado","status":"publish","type":"post","link":"https:\/\/soymigrante.com\/revista\/brenda-francisco-encontro-un-camino-de-miel-y-ahora-esta-en-mercado\/","title":{"rendered":"Brenda Francisco encontr\u00f3 un camino de miel y ahora est\u00e1 en MERCADO"},"content":{"rendered":"\t\t<div data-elementor-type=\"wp-post\" data-elementor-id=\"40814\" class=\"elementor elementor-40814\" data-elementor-post-type=\"post\">\n\t\t\t\t<div data-particle_enable=\"false\" data-particle-mobile-disabled=\"false\" class=\"elementor-element elementor-element-f88365c e-flex e-con-boxed e-con e-parent\" data-id=\"f88365c\" data-element_type=\"container\" data-e-type=\"container\">\n\t\t\t\t\t<div class=\"e-con-inner\">\n\t\t\t\t<div class=\"elementor-element elementor-element-e333791 elementor-widget elementor-widget-heading\" data-id=\"e333791\" data-element_type=\"widget\" data-e-type=\"widget\" data-widget_type=\"heading.default\">\n\t\t\t\t\t<h2 class=\"elementor-heading-title elementor-size-default\">Brenda Francisco, desde Huehuetenango hasta Quetzaltenango, su pasi\u00f3n por los productos artesanales la llev\u00f3 a abrir su tienda en Mercado. \n<\/h2>\t\t\t\t<\/div>\n\t\t\t\t\t<\/div>\n\t\t\t\t<\/div>\n\t\t<div data-particle_enable=\"false\" data-particle-mobile-disabled=\"false\" class=\"elementor-element elementor-element-b22ada7 e-flex e-con-boxed e-con e-parent\" data-id=\"b22ada7\" data-element_type=\"container\" data-e-type=\"container\">\n\t\t\t\t\t<div class=\"e-con-inner\">\n\t\t\t\t<div class=\"elementor-element elementor-element-ec6fb2e elementor-widget elementor-widget-text-editor\" data-id=\"ec6fb2e\" data-element_type=\"widget\" data-e-type=\"widget\" data-widget_type=\"text-editor.default\">\n\t\t\t\t\t\t\t\t\t<p>Brenda Francisco es una mujer emprendedora originaria de Huehuetenango, pero su b\u00fasqueda por estudiar y superarse la llev\u00f3 a establecerse en Quetzaltenango. Fue all\u00ed donde su esp\u00edritu incansable por crear y reinventarse la impuls\u00f3 a dar vida a su emprendimiento: <a href=\"https:\/\/soymigrante.com\/mercado\/marketplace\/seller\/profile\/productos-artesanales-luz\" target=\"_blank\" rel=\"noopener\">Luz Productos Artesanales.<\/a><\/p><p>\u201cSiempre he tenido un esp\u00edritu emprendedor. He montado proyectos que se quedaron en el camino, pero este producto lleg\u00f3 a mis manos para quedarse\u201d, afirma Brenda, quien recuerda que su primer contacto con el producto que marcar\u00eda su nueva etapa fue gracias a un regalo: miel artesanal.<\/p>\t\t\t\t\t\t\t\t<\/div>\n\t\t\t\t\t<\/div>\n\t\t\t\t<\/div>\n\t\t<div data-particle_enable=\"false\" data-particle-mobile-disabled=\"false\" class=\"elementor-element elementor-element-3907b09 e-flex e-con-boxed e-con e-parent\" data-id=\"3907b09\" data-element_type=\"container\" data-e-type=\"container\">\n\t\t\t\t\t<div class=\"e-con-inner\">\n\t\t\t\t<div class=\"elementor-element elementor-element-e788f51 elementor-widget elementor-widget-image\" data-id=\"e788f51\" data-element_type=\"widget\" data-e-type=\"widget\" data-widget_type=\"image.default\">\n\t\t\t\t\t\t\t\t\t\t\t\t<figure class=\"wp-caption\">\n\t\t\t\t\t\t\t\t\t\t\t<a href=\"https:\/\/soymigrante.com\/mercado\/marketplace\/seller\/profile\/productos-artesanales-luz\">\n\t\t\t\t\t\t\t<img fetchpriority=\"high\" decoding=\"async\" width=\"410\" height=\"669\" src=\"https:\/\/soymigrante.com\/revista\/wp-content\/uploads\/2025\/07\/WhatsApp-Image-2025-07-28-at-82945-AM-1.webp\" class=\"attachment-large size-large wp-image-40821\" alt=\"Azul, mujer en mercado artesanal, productos locales en mesa con miel, en evento cultural mexicano.\" srcset=\"https:\/\/soymigrante.com\/revista\/wp-content\/uploads\/2025\/07\/WhatsApp-Image-2025-07-28-at-82945-AM-1.webp 410w, https:\/\/soymigrante.com\/revista\/wp-content\/uploads\/2025\/07\/WhatsApp-Image-2025-07-28-at-82945-AM-1-184x300.jpeg 184w\" sizes=\"(max-width: 410px) 100vw, 410px\" title=\"Brenda Francisco tiene 5 a\u00f1os de dedicarse a aprender. (Foto: cortes\u00eda Brenda Francisco) \u2013 SoyMigrante.com REVISTA\" \/>\t\t\t\t\t\t\t\t<\/a>\n\t\t\t\t\t\t\t\t\t\t\t<figcaption class=\"widget-image-caption wp-caption-text\">Mujer en mercado artesanal mexicano con productos locales como miel, en evento cultural bajo carpa, promoviendo tradiciones y econom\u00eda local.<\/figcaption>\n\t\t\t\t\t\t\t\t\t\t<\/figure>\n\t\t\t\t\t\t\t\t\t<\/div>\n\t\t\t\t\t<\/div>\n\t\t\t\t<\/div>\n\t\t<div data-particle_enable=\"false\" data-particle-mobile-disabled=\"false\" class=\"elementor-element elementor-element-1ad0cea e-flex e-con-boxed e-con e-parent\" data-id=\"1ad0cea\" data-element_type=\"container\" data-e-type=\"container\">\n\t\t\t\t\t<div class=\"e-con-inner\">\n\t\t\t\t<div class=\"elementor-element elementor-element-21abe70 elementor-widget elementor-widget-text-editor\" data-id=\"21abe70\" data-element_type=\"widget\" data-e-type=\"widget\" data-widget_type=\"text-editor.default\">\n\t\t\t\t\t\t\t\t\t<p><a href=\"https:\/\/soymigrante.com\/mercado\/marketplace\/seller\/profile\/productos-artesanales-luz\" target=\"_blank\" rel=\"noopener\">Luz Productos Artesanales<\/a> ya abri\u00f3 su tienda digital en <a href=\"https:\/\/soymigrante.com\/mercado\/\" target=\"_blank\" rel=\"noopener\">SoyMigrante.com MERCADO<\/a>, la comunidad que une a emprendedores guatemaltecos con compradores en todo el pa\u00eds para impulsar la econom\u00eda familiar y comunitaria, generar oportunidades, facilitar log\u00edstica de pago y entrega, as\u00ed como mostrar el inmenso talento de los guatemaltecos. Y esta es la historia detr\u00e1s de<a href=\"https:\/\/soymigrante.com\/mercado\/marketplace\/seller\/profile\/productos-artesanales-luz\" target=\"_blank\" rel=\"noopener\"> Luz Productos Artesanales.<\/a><\/p>\t\t\t\t\t\t\t\t<\/div>\n\t\t\t\t\t<\/div>\n\t\t\t\t<\/div>\n\t\t<div data-particle_enable=\"false\" data-particle-mobile-disabled=\"false\" class=\"elementor-element elementor-element-4bec8e4 e-flex e-con-boxed e-con e-parent\" data-id=\"4bec8e4\" data-element_type=\"container\" data-e-type=\"container\">\n\t\t\t\t\t<div class=\"e-con-inner\">\n\t\t\t\t<div class=\"elementor-element elementor-element-33aebfa elementor-widget elementor-widget-image\" data-id=\"33aebfa\" data-element_type=\"widget\" data-e-type=\"widget\" data-widget_type=\"image.default\">\n\t\t\t\t\t\t\t\t\t\t\t\t<figure class=\"wp-caption\">\n\t\t\t\t\t\t\t\t\t\t\t<a href=\"https:\/\/soymigrante.com\/mercado\/marketplace\/seller\/profile\/productos-artesanales-luz\">\n\t\t\t\t\t\t\t<img decoding=\"async\" width=\"768\" height=\"269\" src=\"https:\/\/soymigrante.com\/revista\/wp-content\/uploads\/2025\/07\/Brenda-Francisco-la-emprendedora-que-encontro-en-la-miel-una-oportunidad2-1024x358.png\" class=\"attachment-large size-large wp-image-40818\" alt=\"Botellas de miel artesanales con etiqueta de luz en display al aire libre en mercado local en Quetzaltenango.\" srcset=\"https:\/\/soymigrante.com\/revista\/wp-content\/uploads\/2025\/07\/Brenda-Francisco-la-emprendedora-que-encontro-en-la-miel-una-oportunidad2-1024x358.png 1024w, https:\/\/soymigrante.com\/revista\/wp-content\/uploads\/2025\/07\/Brenda-Francisco-la-emprendedora-que-encontro-en-la-miel-una-oportunidad2-300x105.png 300w, https:\/\/soymigrante.com\/revista\/wp-content\/uploads\/2025\/07\/Brenda-Francisco-la-emprendedora-que-encontro-en-la-miel-una-oportunidad2-768x268.png 768w, https:\/\/soymigrante.com\/revista\/wp-content\/uploads\/2025\/07\/Brenda-Francisco-la-emprendedora-que-encontro-en-la-miel-una-oportunidad2-1536x537.png 1536w, https:\/\/soymigrante.com\/revista\/wp-content\/uploads\/2025\/07\/Brenda-Francisco-la-emprendedora-que-encontro-en-la-miel-una-oportunidad2-750x262.webp 750w, https:\/\/soymigrante.com\/revista\/wp-content\/uploads\/2025\/07\/Brenda-Francisco-la-emprendedora-que-encontro-en-la-miel-una-oportunidad2-1140x398.webp 1140w, https:\/\/soymigrante.com\/revista\/wp-content\/uploads\/2025\/07\/Brenda-Francisco-la-emprendedora-que-encontro-en-la-miel-una-oportunidad2.webp 1752w\" sizes=\"(max-width: 768px) 100vw, 768px\" title=\"La tienda Luz productos artesanales es la inspiraci\u00f3n de Brenda. (Foto: captura de pantalla) \u2013 SoyMigrante.com REVISTA\" \/>\t\t\t\t\t\t\t\t<\/a>\n\t\t\t\t\t\t\t\t\t\t\t<figcaption class=\"widget-image-caption wp-caption-text\">Miel artesanal en envases decorativos en exhibici\u00f3n; productos org\u00e1nicos hechos a mano en feria artesanal en Guatemala.<\/figcaption>\n\t\t\t\t\t\t\t\t\t\t<\/figure>\n\t\t\t\t\t\t\t\t\t<\/div>\n\t\t\t\t\t<\/div>\n\t\t\t\t<\/div>\n\t\t<div data-particle_enable=\"false\" data-particle-mobile-disabled=\"false\" class=\"elementor-element elementor-element-6d1148a e-flex e-con-boxed e-con e-parent\" data-id=\"6d1148a\" data-element_type=\"container\" data-e-type=\"container\">\n\t\t\t\t\t<div class=\"e-con-inner\">\n\t\t\t\t<div class=\"elementor-element elementor-element-6db9dfe elementor-widget elementor-widget-heading\" data-id=\"6db9dfe\" data-element_type=\"widget\" data-e-type=\"widget\" data-widget_type=\"heading.default\">\n\t\t\t\t\t<h3 class=\"elementor-heading-title elementor-size-default\">Una oportunidad para celebrar <\/h3>\t\t\t\t<\/div>\n\t\t\t\t\t<\/div>\n\t\t\t\t<\/div>\n\t\t<div data-particle_enable=\"false\" data-particle-mobile-disabled=\"false\" class=\"elementor-element elementor-element-d3bcb5b e-flex e-con-boxed e-con e-parent\" data-id=\"d3bcb5b\" data-element_type=\"container\" data-e-type=\"container\">\n\t\t\t\t\t<div class=\"e-con-inner\">\n\t\t\t\t<div class=\"elementor-element elementor-element-5850fbe elementor-widget elementor-widget-text-editor\" data-id=\"5850fbe\" data-element_type=\"widget\" data-e-type=\"widget\" data-widget_type=\"text-editor.default\">\n\t\t\t\t\t\t\t\t\t<p>Lo que inici\u00f3 como consumo personal, se convirti\u00f3 en el coraz\u00f3n de su tienda. \u201cEmpec\u00e9 con la miel. Lleg\u00f3 como un regalo para m\u00ed, pero yo quer\u00eda hacerlo. La necesidad de generar ingresos fue uno de los motivantes para lanzar mi negocio\u201d, cuenta.<\/p><p>Gracias a las redes sociales, conoci\u00f3 la plataforma de <a href=\"https:\/\/soymigrante.com\/mercado\/\" target=\"_blank\" rel=\"noopener\">SoyMigrante.com<\/a>, que le permiti\u00f3 profesionalizar y comercializar sus productos de forma segura. Brenda fue parte de un grupo de gestores donde recibi\u00f3 capacitaciones clave para emprender. \u201cA m\u00ed me lleg\u00f3 la oportunidad de estar en un grupo de gestores, donde recib\u00eda cursos para aprender a comercializar\u201d.<\/p><p>Con el tiempo, su tienda se diversific\u00f3. Ahora tambi\u00e9n ofrece caf\u00e9, pinol y chocolate artesanal, hechos con esmero y calidad. \u201cEn cuanto a la elaboraci\u00f3n de productos somos dos personas. Lo que m\u00e1s me gusta, m\u00e1s all\u00e1 de vender, es que las personas conozcan la marca y puedan degustar productos hechos con cari\u00f1o y esfuerzo\u201d, expresa.<\/p>\t\t\t\t\t\t\t\t<\/div>\n\t\t\t\t\t<\/div>\n\t\t\t\t<\/div>\n\t\t<div data-particle_enable=\"false\" data-particle-mobile-disabled=\"false\" class=\"elementor-element elementor-element-c83fc01 e-flex e-con-boxed e-con e-parent\" data-id=\"c83fc01\" data-element_type=\"container\" data-e-type=\"container\">\n\t\t\t\t\t<div class=\"e-con-inner\">\n\t\t\t\t<div class=\"elementor-element elementor-element-afc21fa elementor-widget elementor-widget-image\" data-id=\"afc21fa\" data-element_type=\"widget\" data-e-type=\"widget\" data-widget_type=\"image.default\">\n\t\t\t\t\t\t\t\t\t\t\t\t<figure class=\"wp-caption\">\n\t\t\t\t\t\t\t\t\t\t\t<a href=\"https:\/\/soymigrante.com\/mercado\/marketplace\/seller\/profile\/productos-artesanales-luz\">\n\t\t\t\t\t\t\t<img decoding=\"async\" width=\"768\" height=\"535\" src=\"https:\/\/soymigrante.com\/revista\/wp-content\/uploads\/2025\/07\/Brenda-Francisco-la-emprendedora-que-encontro-en-la-miel-una-oportunidad1-1024x713.png\" class=\"attachment-large size-large wp-image-40819\" alt=\"Botella de miel 100% natural de 350ml en botella de pl\u00e1stico con dispensador amarillo.\" srcset=\"https:\/\/soymigrante.com\/revista\/wp-content\/uploads\/2025\/07\/Brenda-Francisco-la-emprendedora-que-encontro-en-la-miel-una-oportunidad1-1024x713.png 1024w, https:\/\/soymigrante.com\/revista\/wp-content\/uploads\/2025\/07\/Brenda-Francisco-la-emprendedora-que-encontro-en-la-miel-una-oportunidad1-300x209.png 300w, https:\/\/soymigrante.com\/revista\/wp-content\/uploads\/2025\/07\/Brenda-Francisco-la-emprendedora-que-encontro-en-la-miel-una-oportunidad1-768x535.png 768w, https:\/\/soymigrante.com\/revista\/wp-content\/uploads\/2025\/07\/Brenda-Francisco-la-emprendedora-que-encontro-en-la-miel-una-oportunidad1-750x522.png 750w, https:\/\/soymigrante.com\/revista\/wp-content\/uploads\/2025\/07\/Brenda-Francisco-la-emprendedora-que-encontro-en-la-miel-una-oportunidad1-1140x794.png 1140w, https:\/\/soymigrante.com\/revista\/wp-content\/uploads\/2025\/07\/Brenda-Francisco-la-emprendedora-que-encontro-en-la-miel-una-oportunidad1.png 1223w\" sizes=\"(max-width: 768px) 100vw, 768px\" title=\"Brenda presenta la miel como una alternativa saludable a la vida. (Foto: captura de pantalla) \u2013 SoyMigrante.com REVISTA\" \/>\t\t\t\t\t\t\t\t<\/a>\n\t\t\t\t\t\t\t\t\t\t\t<figcaption class=\"widget-image-caption wp-caption-text\">Miel 100% natural en botellas de diferentes tama\u00f1os, productos artesanales de alta calidad para consumidores que valoran productos naturales y tradicionales.<\/figcaption>\n\t\t\t\t\t\t\t\t\t\t<\/figure>\n\t\t\t\t\t\t\t\t\t<\/div>\n\t\t\t\t\t<\/div>\n\t\t\t\t<\/div>\n\t\t<div data-particle_enable=\"false\" data-particle-mobile-disabled=\"false\" class=\"elementor-element elementor-element-76c083a e-flex e-con-boxed e-con e-parent\" data-id=\"76c083a\" data-element_type=\"container\" data-e-type=\"container\">\n\t\t\t\t\t<div class=\"e-con-inner\">\n\t\t\t\t<div class=\"elementor-element elementor-element-28c817f elementor-widget elementor-widget-heading\" data-id=\"28c817f\" data-element_type=\"widget\" data-e-type=\"widget\" data-widget_type=\"heading.default\">\n\t\t\t\t\t<h3 class=\"elementor-heading-title elementor-size-default\">Aprendizaje constante <\/h3>\t\t\t\t<\/div>\n\t\t\t\t\t<\/div>\n\t\t\t\t<\/div>\n\t\t<div data-particle_enable=\"false\" data-particle-mobile-disabled=\"false\" class=\"elementor-element elementor-element-871bda8 e-flex e-con-boxed e-con e-parent\" data-id=\"871bda8\" data-element_type=\"container\" data-e-type=\"container\">\n\t\t\t\t\t<div class=\"e-con-inner\">\n\t\t\t\t<div class=\"elementor-element elementor-element-cfb18a3 elementor-widget elementor-widget-text-editor\" data-id=\"cfb18a3\" data-element_type=\"widget\" data-e-type=\"widget\" data-widget_type=\"text-editor.default\">\n\t\t\t\t\t\t\t\t\t<p>A pesar de los retos, Brenda tiene claro que el camino del emprendimiento es de aprendizaje constante. \u201cUno tiene que arriesgarse. En estos tiempos, comprar en l\u00ednea es m\u00e1s accesible si se entiende qu\u00e9 tipo de producto se est\u00e1 adquiriendo. Y como emprendedores, tenemos la plataforma segura de <a href=\"https:\/\/soymigrante.com\/mercado\/\" target=\"_blank\" rel=\"noopener\">Mercado<\/a> para mostrar nuestros productos de manera confiable\u201d, afirma.<\/p><p>Brenda ve en su tienda no solo una fuente de ingresos, sino una misi\u00f3n de vida. \u201cEmprender es una oportunidad y un reto. Pero los retos, cuando se aprenden, se vuelven m\u00e1s f\u00e1ciles de superar\u201d.<\/p>\t\t\t\t\t\t\t\t<\/div>\n\t\t\t\t\t<\/div>\n\t\t\t\t<\/div>\n\t\t<div data-particle_enable=\"false\" data-particle-mobile-disabled=\"false\" class=\"elementor-element elementor-element-7c93fa9 e-flex e-con-boxed e-con e-parent\" data-id=\"7c93fa9\" data-element_type=\"container\" data-e-type=\"container\">\n\t\t\t\t\t<div class=\"e-con-inner\">\n\t\t\t\t<div class=\"elementor-element elementor-element-5c92c09 elementor-widget elementor-widget-image\" data-id=\"5c92c09\" data-element_type=\"widget\" data-e-type=\"widget\" data-widget_type=\"image.default\">\n\t\t\t\t\t\t\t\t\t\t\t\t<figure class=\"wp-caption\">\n\t\t\t\t\t\t\t\t\t\t\t<a href=\"https:\/\/soymigrante.com\/mercado\/marketplace\/seller\/profile\/productos-artesanales-luz\">\n\t\t\t\t\t\t\t<img loading=\"lazy\" decoding=\"async\" width=\"768\" height=\"960\" src=\"https:\/\/soymigrante.com\/revista\/wp-content\/uploads\/2025\/07\/Brenda-Francisco-la-emprendedora-que-encontro-en-la-miel-una-oportunidad3-819x1024.jpeg\" class=\"attachment-large size-large wp-image-40820\" alt=\"Dos botellas de miel LUZ en primer plano, sobre un muro de piedra en un entorno urbano con iglesia colonial blanca y farolas antiguas, simbolizando tradici\u00f3n y cultura en M\u00e9xico.\" srcset=\"https:\/\/soymigrante.com\/revista\/wp-content\/uploads\/2025\/07\/Brenda-Francisco-la-emprendedora-que-encontro-en-la-miel-una-oportunidad3-819x1024.jpeg 819w, https:\/\/soymigrante.com\/revista\/wp-content\/uploads\/2025\/07\/Brenda-Francisco-la-emprendedora-que-encontro-en-la-miel-una-oportunidad3-240x300.jpeg 240w, https:\/\/soymigrante.com\/revista\/wp-content\/uploads\/2025\/07\/Brenda-Francisco-la-emprendedora-que-encontro-en-la-miel-una-oportunidad3-768x960.jpeg 768w, https:\/\/soymigrante.com\/revista\/wp-content\/uploads\/2025\/07\/Brenda-Francisco-la-emprendedora-que-encontro-en-la-miel-una-oportunidad3-750x938.webp 750w, https:\/\/soymigrante.com\/revista\/wp-content\/uploads\/2025\/07\/Brenda-Francisco-la-emprendedora-que-encontro-en-la-miel-una-oportunidad3.webp 884w\" sizes=\"(max-width: 768px) 100vw, 768px\" title=\"La tienda de Brenda Francisco presenta varios productos naturales. (Foto: Captura de pantalla) \u2013 SoyMigrante.com REVISTA\" \/>\t\t\t\t\t\t\t\t<\/a>\n\t\t\t\t\t\t\t\t\t\t\t<figcaption class=\"widget-image-caption wp-caption-text\">Botellas de miel LUZ en un paisaje urbano con iglesia colonial y farolas, resaltando la producci\u00f3n local y la cultura mexicana en un escenario pintoresco.<\/figcaption>\n\t\t\t\t\t\t\t\t\t\t<\/figure>\n\t\t\t\t\t\t\t\t\t<\/div>\n\t\t\t\t\t<\/div>\n\t\t\t\t<\/div>\n\t\t<div data-particle_enable=\"false\" data-particle-mobile-disabled=\"false\" class=\"elementor-element elementor-element-3494e3d e-flex e-con-boxed e-con e-parent\" data-id=\"3494e3d\" data-element_type=\"container\" data-e-type=\"container\">\n\t\t\t\t\t<div class=\"e-con-inner\">\n\t\t\t\t<div class=\"elementor-element elementor-element-6764902 elementor-widget elementor-widget-heading\" data-id=\"6764902\" data-element_type=\"widget\" data-e-type=\"widget\" data-widget_type=\"heading.default\">\n\t\t\t\t\t<h2 class=\"elementor-heading-title elementor-size-default\">Conoce m\u00e1s de otros emprendedores, ac\u00e1...<\/h2>\t\t\t\t<\/div>\n\t\t\t\t\t<\/div>\n\t\t\t\t<\/div>\n\t\t<div data-particle_enable=\"false\" data-particle-mobile-disabled=\"false\" class=\"elementor-element elementor-element-8a8eb12 e-flex e-con-boxed e-con e-parent\" data-id=\"8a8eb12\" data-element_type=\"container\" data-e-type=\"container\">\n\t\t\t\t\t<div class=\"e-con-inner\">\n\t\t\t\t<div class=\"elementor-element elementor-element-614f0a3 elementor-grid-eael-col-3 elementor-grid-tablet-eael-col-2 elementor-grid-mobile-eael-col-1 elementor-invisible elementor-widget elementor-widget-eael-post-grid\" data-id=\"614f0a3\" data-element_type=\"widget\" data-e-type=\"widget\" data-settings=\"{&quot;eael_post_grid_columns&quot;:&quot;eael-col-3&quot;,&quot;_animation&quot;:&quot;rollIn&quot;,&quot;eael_post_grid_columns_tablet&quot;:&quot;eael-col-2&quot;,&quot;eael_post_grid_columns_mobile&quot;:&quot;eael-col-1&quot;}\" data-widget_type=\"eael-post-grid.default\">\n\t\t\t\t\t<div id=\"eael-post-grid-614f0a3\" class=\"eael-post-grid-container\">\n            <div class=\"eael-post-grid eael-post-appender eael-post-appender-614f0a3 eael-post-grid-style-one\" data-layout-mode=\"masonry\"><article class=\"eael-grid-post  eael-post-grid-column eael-pg-post-40725 category-guate-nuestra tags-mercado-emprendedores\" data-id=\"40725\">\n        <div class=\"eael-grid-post-holder\">\n            <div class=\"eael-grid-post-holder-inner\"><div class=\"eael-entry-media\"><div class=\"eael-entry-overlay fade-in\"><i class=\"far fa-hand-pointer\" aria-hidden=\"true\"><\/i><a href=\"https:\/\/soymigrante.com\/revista\/mateo-baten-da-pasos-al-exito-a-traves-de-store-ae-comex-en-mercado\/\"><\/a><\/div><div class=\"eael-entry-thumbnail \">\n                <img loading=\"lazy\" decoding=\"async\" width=\"960\" height=\"958\" src=\"https:\/\/soymigrante.com\/revista\/wp-content\/uploads\/2025\/07\/480806972_509147092219057_8122839892770285748_n.webp\" class=\"attachment-large size-large wp-image-40763\" alt=\"Importaci\u00f3n A&amp;E y OMEX logo con avi\u00f3n y colores vibrantes, representando servicios de importaci\u00f3n y exportaci\u00f3n para la comunidad migrante. Dise\u00f1ado para destacar en la revista SoyMigrante.com REVISTA.\" srcset=\"https:\/\/soymigrante.com\/revista\/wp-content\/uploads\/2025\/07\/480806972_509147092219057_8122839892770285748_n.webp 960w, https:\/\/soymigrante.com\/revista\/wp-content\/uploads\/2025\/07\/480806972_509147092219057_8122839892770285748_n-300x300.jpg 300w, https:\/\/soymigrante.com\/revista\/wp-content\/uploads\/2025\/07\/480806972_509147092219057_8122839892770285748_n-150x150.jpg 150w, https:\/\/soymigrante.com\/revista\/wp-content\/uploads\/2025\/07\/480806972_509147092219057_8122839892770285748_n-768x766.jpg 768w, https:\/\/soymigrante.com\/revista\/wp-content\/uploads\/2025\/07\/480806972_509147092219057_8122839892770285748_n-75x75.webp 75w, https:\/\/soymigrante.com\/revista\/wp-content\/uploads\/2025\/07\/480806972_509147092219057_8122839892770285748_n-750x748.webp 750w\" sizes=\"(max-width: 960px) 100vw, 960px\" \/>\n            <\/div>\n        <\/div><div class=\"eael-entry-wrapper\"><header class=\"eael-entry-header\"><h2 class=\"eael-entry-title\"><a class=\"eael-grid-post-link\" href=\"https:\/\/soymigrante.com\/revista\/mateo-baten-da-pasos-al-exito-a-traves-de-store-ae-comex-en-mercado\/\" title=\"Mateo Baten da pasos al \u00e9xito a trav\u00e9s de Store A&amp;E Comex en Mercado\">Mateo Baten da pasos al \u00e9xito a trav\u00e9s de Store A&amp;E Comex en Mercado<\/a><\/h2><\/header><div class=\"eael-entry-content\">\n                        <div class=\"eael-grid-post-excerpt\"><a href=\"https:\/\/soymigrante.com\/revista\/mateo-baten-da-pasos-al-exito-a-traves-de-store-ae-comex-en-mercado\/\" class=\"eael-post-elements-readmore-btn\">CONOCE SU HISTORIA <\/a><\/div>\n                    <\/div><\/div><\/div>\n        <\/div>\n    <\/article><article class=\"eael-grid-post  eael-post-grid-column eael-pg-post-19696 category-guate-nuestra tags-mercado-emprendedores\" data-id=\"19696\">\n        <div class=\"eael-grid-post-holder\">\n            <div class=\"eael-grid-post-holder-inner\"><div class=\"eael-entry-media\"><div class=\"eael-entry-overlay fade-in\"><i class=\"far fa-hand-pointer\" aria-hidden=\"true\"><\/i><a href=\"https:\/\/soymigrante.com\/revista\/hamacas-kemert-25-anos-de-historia-calidad-y-tradicion-familiar-ahora-en-mercado\/\"><\/a><\/div><div class=\"eael-entry-thumbnail \">\n                <img loading=\"lazy\" decoding=\"async\" width=\"1024\" height=\"368\" src=\"https:\/\/soymigrante.com\/revista\/wp-content\/uploads\/2025\/01\/IMG-20250108-WA0005-1024x368.jpg\" class=\"attachment-large size-large wp-image-19835\" alt=\"Entretejido artesanal colorido en mercado tradicional mexicano, exhibiendo tejidos y accesorios culturales, representando la riqueza de la cultura ind\u00edgena en comunidades rurales.\" srcset=\"https:\/\/soymigrante.com\/revista\/wp-content\/uploads\/2025\/01\/IMG-20250108-WA0005-1024x368.jpg 1024w, https:\/\/soymigrante.com\/revista\/wp-content\/uploads\/2025\/01\/IMG-20250108-WA0005-300x108.jpg 300w, https:\/\/soymigrante.com\/revista\/wp-content\/uploads\/2025\/01\/IMG-20250108-WA0005-768x276.jpg 768w, https:\/\/soymigrante.com\/revista\/wp-content\/uploads\/2025\/01\/IMG-20250108-WA0005-750x270.webp 750w, https:\/\/soymigrante.com\/revista\/wp-content\/uploads\/2025\/01\/IMG-20250108-WA0005-1140x410.webp 1140w, https:\/\/soymigrante.com\/revista\/wp-content\/uploads\/2025\/01\/IMG-20250108-WA0005.webp 1280w\" sizes=\"(max-width: 1024px) 100vw, 1024px\" \/>\n            <\/div>\n        <\/div><div class=\"eael-entry-wrapper\"><header class=\"eael-entry-header\"><h2 class=\"eael-entry-title\"><a class=\"eael-grid-post-link\" href=\"https:\/\/soymigrante.com\/revista\/hamacas-kemert-25-anos-de-historia-calidad-y-tradicion-familiar-ahora-en-mercado\/\" title=\"Hamacas Kemert: 25 a\u00f1os de  tradici\u00f3n familiar, calidad y descanso, ahora en MERCADO\">Hamacas Kemert: 25 a\u00f1os de  tradici\u00f3n familiar, calidad y descanso, ahora en MERCADO<\/a><\/h2><\/header><div class=\"eael-entry-content\">\n                        <div class=\"eael-grid-post-excerpt\"><a href=\"https:\/\/soymigrante.com\/revista\/hamacas-kemert-25-anos-de-historia-calidad-y-tradicion-familiar-ahora-en-mercado\/\" class=\"eael-post-elements-readmore-btn\">CONOCE SU HISTORIA <\/a><\/div>\n                    <\/div><\/div><\/div>\n        <\/div>\n    <\/article><article class=\"eael-grid-post  eael-post-grid-column eael-pg-post-13619 category-guate-nuestra tags-mercado-emprendedores\" data-id=\"13619\">\n        <div class=\"eael-grid-post-holder\">\n            <div class=\"eael-grid-post-holder-inner\"><div class=\"eael-entry-media\"><div class=\"eael-entry-overlay fade-in\"><i class=\"far fa-hand-pointer\" aria-hidden=\"true\"><\/i><a href=\"https:\/\/soymigrante.com\/revista\/verdelimon-un-emprendimiento-dulce-y-saludable-lleno-de-arte\/\"><\/a><\/div><div class=\"eael-entry-thumbnail \">\n                <img loading=\"lazy\" decoding=\"async\" width=\"428\" height=\"428\" src=\"https:\/\/soymigrante.com\/revista\/wp-content\/uploads\/2024\/11\/Verde-y-limon-Carolina-Alvarado-Argueta.webp\" class=\"attachment-large size-large wp-image-13645\" alt=\"Pintora muralista adolescente creando arte en la pared con aer\u00f3grafo en un mural colorido con nubes y globo aerost\u00e1tico, promoviendo cultura y arte en la comunidad.\" srcset=\"https:\/\/soymigrante.com\/revista\/wp-content\/uploads\/2024\/11\/Verde-y-limon-Carolina-Alvarado-Argueta.webp 428w, https:\/\/soymigrante.com\/revista\/wp-content\/uploads\/2024\/11\/Verde-y-limon-Carolina-Alvarado-Argueta-300x300.jpeg 300w, https:\/\/soymigrante.com\/revista\/wp-content\/uploads\/2024\/11\/Verde-y-limon-Carolina-Alvarado-Argueta-150x150.jpeg 150w, https:\/\/soymigrante.com\/revista\/wp-content\/uploads\/2024\/11\/Verde-y-limon-Carolina-Alvarado-Argueta-75x75.webp 75w\" sizes=\"(max-width: 428px) 100vw, 428px\" \/>\n            <\/div>\n        <\/div><div class=\"eael-entry-wrapper\"><header class=\"eael-entry-header\"><h2 class=\"eael-entry-title\"><a class=\"eael-grid-post-link\" href=\"https:\/\/soymigrante.com\/revista\/verdelimon-un-emprendimiento-dulce-y-saludable-lleno-de-arte\/\" title=\"Verde&amp;Lim\u00f3n: un emprendimiento dulce y saludable lleno de arte est\u00e1 ahora en MERCADO\">Verde&amp;Lim\u00f3n: un emprendimiento dulce y saludable lleno de arte est\u00e1 ahora en MERCADO<\/a><\/h2><\/header><div class=\"eael-entry-content\">\n                        <div class=\"eael-grid-post-excerpt\"><a href=\"https:\/\/soymigrante.com\/revista\/verdelimon-un-emprendimiento-dulce-y-saludable-lleno-de-arte\/\" class=\"eael-post-elements-readmore-btn\">CONOCE SU HISTORIA <\/a><\/div>\n                    <\/div><\/div><\/div>\n        <\/div>\n    <\/article><\/div>\n            <div class=\"clearfix\"><\/div>\n        <\/div>\t\t\t\t<\/div>\n\t\t\t\t\t<\/div>\n\t\t\t\t<\/div>\n\t\t\t\t<\/div>\n\t\t","protected":false},"excerpt":{"rendered":"<p>Brenda Francisco, desde Huehuetenango hasta Quetzaltenango, su pasi\u00f3n por los productos artesanales la llev\u00f3 a abrir su tienda en Mercado. Brenda Francisco es una mujer emprendedora originaria de Huehuetenango, pero su b\u00fasqueda por estudiar y superarse la llev\u00f3 a establecerse en Quetzaltenango. Fue all\u00ed donde su esp\u00edritu incansable por crear y reinventarse la impuls\u00f3 a [&hellip;]<\/p>\n","protected":false},"author":19,"featured_media":40815,"comment_status":"open","ping_status":"open","sticky":false,"template":"","format":"standard","meta":{"_acf_changed":false,"_eb_attr":"","footnotes":""},"categories":[58],"tags":[130],"class_list":["post-40814","post","type-post","status-publish","format-standard","has-post-thumbnail","hentry","category-guate-nuestra","tag-mercado-emprendedores"],"acf":[],"aioseo_notices":[],"aioseo_head":"\n\t\t<!-- All in One SEO Pro 4.9.6.2 - aioseo.com -->\n\t<meta name=\"description\" content=\"Carolina Alvarado Argueta, inspirada por los aromas dulces y los paisajes de Guatemala procesa y distribuye frutas deshidratadas. Ahora en SoyMigrante MERCADO\" \/>\n\t<meta name=\"robots\" content=\"max-snippet:-1, max-image-preview:large, max-video-preview:-1\" \/>\n\t<meta name=\"author\" content=\"Beatriz Tercero\"\/>\n\t<link rel=\"canonical\" href=\"https:\/\/soymigrante.com\/revista\/verdelimon-un-emprendimiento-dulce-y-saludable-lleno-de-arte\/\" \/>\n\t<meta name=\"generator\" content=\"All in One SEO Pro (AIOSEO) 4.9.6.2\" \/>\n\n\t\t<link rel=\"preconnect\" href=\"https:\/\/fonts.googleapis.com\" crossorigin>\n<link rel=\"preconnect\" href=\"https:\/\/fonts.gstatic.com\" crossorigin>\n\t\t<meta property=\"og:locale\" content=\"es_ES\" \/>\n\t\t<meta property=\"og:site_name\" content=\"SoyMigrante.com REVISTA \u2013 Nuestra misi\u00f3n es reconocer y dignificar al migrante.\" \/>\n\t\t<meta property=\"og:type\" content=\"article\" \/>\n\t\t<meta property=\"og:title\" content=\"Verde&amp;Lim\u00f3n: un sue\u00f1o dulce y saludable lleno de arte y de sabor\" \/>\n\t\t<meta property=\"og:description\" content=\"Carolina Alvarado Argueta, inspirada por los aromas dulces y los paisajes de Guatemala procesa y distribuye frutas deshidratadas. Ahora en SoyMigrante MERCADO\" \/>\n\t\t<meta property=\"og:url\" content=\"https:\/\/soymigrante.com\/revista\/verdelimon-un-emprendimiento-dulce-y-saludable-lleno-de-arte\/\" \/>\n\t\t<meta property=\"og:image\" content=\"https:\/\/soymigrante.com\/revista\/wp-content\/uploads\/2024\/11\/Verde-y-limon-Carolina-Alvarado-Argueta.webp\" \/>\n\t\t<meta property=\"og:image:secure_url\" content=\"https:\/\/soymigrante.com\/revista\/wp-content\/uploads\/2024\/11\/Verde-y-limon-Carolina-Alvarado-Argueta.webp\" \/>\n\t\t<meta property=\"og:image:width\" content=\"428\" \/>\n\t\t<meta property=\"og:image:height\" content=\"428\" \/>\n\t\t<meta property=\"article:published_time\" content=\"2024-11-21T17:01:11+00:00\" \/>\n\t\t<meta property=\"article:modified_time\" content=\"2024-11-26T00:03:44+00:00\" \/>\n\t\t<meta property=\"article:publisher\" content=\"https:\/\/www.facebook.com\/soymigrantecom\" \/>\n\t\t<meta name=\"twitter:card\" content=\"summary_large_image\" \/>\n\t\t<meta name=\"twitter:site\" content=\"@SoyMigrante_com\" \/>\n\t\t<meta name=\"twitter:title\" content=\"Verde&amp;Lim\u00f3n: un sue\u00f1o dulce y saludable lleno de arte y de sabor\" \/>\n\t\t<meta name=\"twitter:description\" content=\"Carolina Alvarado Argueta, inspirada por los aromas dulces y los paisajes de Guatemala procesa y distribuye frutas deshidratadas. Ahora en SoyMigrante MERCADO\" \/>\n\t\t<meta name=\"twitter:creator\" content=\"@SoyMigrante_com\" \/>\n\t\t<meta name=\"twitter:image\" content=\"https:\/\/soymigrante.com\/revista\/wp-content\/uploads\/2024\/11\/Verde-y-limon-Carolina-Alvarado-Argueta.webp\" \/>\n\t\t<!-- All in One SEO Pro -->\r\n\t\t<title>Verde&amp;Lim\u00f3n: un sue\u00f1o dulce y saludable lleno de arte y de sabor<\/title>\n\n","aioseo_head_json":{"title":"Verde&Lim\u00f3n: un sue\u00f1o dulce y saludable lleno de arte y de sabor","description":"Carolina Alvarado Argueta, inspirada por los aromas dulces y los paisajes de Guatemala procesa y distribuye frutas deshidratadas. Ahora en SoyMigrante MERCADO","canonical_url":"https:\/\/soymigrante.com\/revista\/verdelimon-un-emprendimiento-dulce-y-saludable-lleno-de-arte\/","robots":"max-snippet:-1, max-image-preview:large, max-video-preview:-1","keywords":"","webmasterTools":{"miscellaneous":"&lt;link rel=\"preconnect\" href=\"https:\/\/fonts.googleapis.com\" crossorigin&gt;\n&lt;link rel=\"preconnect\" href=\"https:\/\/fonts.gstatic.com\" crossorigin&gt;"},"schema":null,"og:locale":"es_ES","og:site_name":"SoyMigrante.com REVISTA \u2013 Nuestra misi\u00f3n es reconocer y dignificar al migrante.","og:type":"article","og:title":"Verde&amp;Lim\u00f3n: un sue\u00f1o dulce y saludable lleno de arte y de sabor","og:description":"Carolina Alvarado Argueta, inspirada por los aromas dulces y los paisajes de Guatemala procesa y distribuye frutas deshidratadas. Ahora en SoyMigrante MERCADO","og:url":"https:\/\/soymigrante.com\/revista\/verdelimon-un-emprendimiento-dulce-y-saludable-lleno-de-arte\/","og:image":"https:\/\/soymigrante.com\/revista\/wp-content\/uploads\/2024\/11\/Verde-y-limon-Carolina-Alvarado-Argueta.webp","og:image:secure_url":"https:\/\/soymigrante.com\/revista\/wp-content\/uploads\/2024\/11\/Verde-y-limon-Carolina-Alvarado-Argueta.webp","og:image:width":428,"og:image:height":428,"article:published_time":"2024-11-21T17:01:11+00:00","article:modified_time":"2024-11-26T00:03:44+00:00","article:publisher":"https:\/\/www.facebook.com\/soymigrantecom","twitter:card":"summary_large_image","twitter:site":"@SoyMigrante_com","twitter:title":"Verde&amp;Lim\u00f3n: un sue\u00f1o dulce y saludable lleno de arte y de sabor","twitter:description":"Carolina Alvarado Argueta, inspirada por los aromas dulces y los paisajes de Guatemala procesa y distribuye frutas deshidratadas. Ahora en SoyMigrante MERCADO","twitter:creator":"@SoyMigrante_com","twitter:image":"https:\/\/soymigrante.com\/revista\/wp-content\/uploads\/2024\/11\/Verde-y-limon-Carolina-Alvarado-Argueta.webp"},"aioseo_meta_data":{"post_id":"40814","title":null,"description":"Brenda Francisco, desde Huehuetenango hasta Quetzaltenango, su pasi\u00f3n por los productos artesanales la llev\u00f3 a abrir su tienda en Mercado.","keywords":null,"keyphrases":{"focus":{"keyphrase":"Brenda Francisco","score":91,"analysis":{"keyphraseInTitle":{"score":9,"maxScore":9,"error":0},"keyphraseInDescription":{"score":9,"maxScore":9,"error":0},"keyphraseLength":{"score":9,"maxScore":9,"error":0,"length":2},"keyphraseInURL":{"score":5,"maxScore":5,"error":0},"keyphraseInIntroduction":{"score":9,"maxScore":9,"error":0},"keyphraseInSubHeadings":{"score":3,"maxScore":9,"error":1},"keyphraseInImageAlt":{"score":9,"maxScore":9,"error":0},"keywordDensity":{"type":"best","score":9,"maxScore":9,"error":0}}},"additional":[{"keyphrase":"Mercado","score":87,"analysis":{"keyphraseInDescription":{"score":9,"maxScore":9,"error":0},"keyphraseLength":{"score":9,"maxScore":9,"error":0,"length":1},"keyphraseInIntroduction":{"score":3,"maxScore":9,"error":1},"keyphraseInImageAlt":{"score":9,"maxScore":9,"error":0},"keywordDensity":{"type":"best","score":9,"maxScore":9,"error":0}}}]},"primary_term":null,"canonical_url":null,"og_title":null,"og_description":null,"og_object_type":"default","og_image_type":"default","og_image_url":null,"og_image_width":null,"og_image_height":null,"og_image_custom_url":null,"og_image_custom_fields":null,"og_video":"","og_custom_url":null,"og_article_section":null,"og_article_tags":null,"twitter_use_og":false,"twitter_card":"default","twitter_image_type":"default","twitter_image_url":null,"twitter_image_custom_url":null,"twitter_image_custom_fields":null,"twitter_title":null,"twitter_description":null,"schema":{"blockGraphs":[],"customGraphs":[],"default":{"data":{"Article":[],"Course":[],"Dataset":[],"FAQPage":[],"Movie":[],"Person":[],"Product":[],"ProductReview":[],"Car":[],"Recipe":[],"Service":[],"SoftwareApplication":[],"WebPage":[]},"graphName":"none","isEnabled":true},"graphs":[]},"schema_type":"default","schema_type_options":null,"pillar_content":false,"robots_default":true,"robots_noindex":false,"robots_noarchive":false,"robots_nosnippet":false,"robots_nofollow":false,"robots_noimageindex":false,"robots_noodp":false,"robots_notranslate":false,"robots_max_snippet":"-1","robots_max_videopreview":"-1","robots_max_imagepreview":"large","priority":null,"frequency":"default","local_seo":null,"seo_analyzer_scan_date":"2025-10-09 07:20:28","breadcrumb_settings":null,"limit_modified_date":false,"reviewed_by":"0","open_ai":null,"ai":{"faqs":[],"keyPoints":[],"titles":[],"descriptions":[],"socialPosts":{"email":[],"linkedin":[],"twitter":[],"facebook":[],"instagram":[]}},"created":"2025-07-30 17:12:01","updated":"2026-02-05 03:24:17"},"aioseo_breadcrumb":"<div class=\"aioseo-breadcrumbs\"><span class=\"aioseo-breadcrumb\">\n\t<a href=\"https:\/\/soymigrante.com\/revista\" title=\"Home\">Home<\/a>\n<\/span><span class=\"aioseo-breadcrumb-separator\">\u00bb<\/span><span class=\"aioseo-breadcrumb\">\n\t<a href=\"https:\/\/soymigrante.com\/revista\/category\/guate-nuestra\/\" title=\"Guate Nuestra\">Guate Nuestra<\/a>\n<\/span><span class=\"aioseo-breadcrumb-separator\">\u00bb<\/span><span class=\"aioseo-breadcrumb\">\n\tBrenda Francisco encontr\u00f3 un camino de miel y ahora est\u00e1 en MERCADO\n<\/span><\/div>","aioseo_breadcrumb_json":[{"label":"Home","link":"https:\/\/soymigrante.com\/revista"},{"label":"Guate Nuestra","link":"https:\/\/soymigrante.com\/revista\/category\/guate-nuestra\/"},{"label":"Brenda Francisco encontr\u00f3 un camino de miel y ahora est\u00e1 en MERCADO","link":"https:\/\/soymigrante.com\/revista\/brenda-francisco-encontro-un-camino-de-miel-y-ahora-esta-en-mercado\/"}],"_links":{"self":[{"href":"https:\/\/soymigrante.com\/revista\/wp-json\/wp\/v2\/posts\/40814","targetHints":{"allow":["GET"]}}],"collection":[{"href":"https:\/\/soymigrante.com\/revista\/wp-json\/wp\/v2\/posts"}],"about":[{"href":"https:\/\/soymigrante.com\/revista\/wp-json\/wp\/v2\/types\/post"}],"author":[{"embeddable":true,"href":"https:\/\/soymigrante.com\/revista\/wp-json\/wp\/v2\/users\/19"}],"replies":[{"embeddable":true,"href":"https:\/\/soymigrante.com\/revista\/wp-json\/wp\/v2\/comments?post=40814"}],"version-history":[{"count":14,"href":"https:\/\/soymigrante.com\/revista\/wp-json\/wp\/v2\/posts\/40814\/revisions"}],"predecessor-version":[{"id":40920,"href":"https:\/\/soymigrante.com\/revista\/wp-json\/wp\/v2\/posts\/40814\/revisions\/40920"}],"wp:featuredmedia":[{"embeddable":true,"href":"https:\/\/soymigrante.com\/revista\/wp-json\/wp\/v2\/media\/40815"}],"wp:attachment":[{"href":"https:\/\/soymigrante.com\/revista\/wp-json\/wp\/v2\/media?parent=40814"}],"wp:term":[{"taxonomy":"category","embeddable":true,"href":"https:\/\/soymigrante.com\/revista\/wp-json\/wp\/v2\/categories?post=40814"},{"taxonomy":"post_tag","embeddable":true,"href":"https:\/\/soymigrante.com\/revista\/wp-json\/wp\/v2\/tags?post=40814"}],"curies":[{"name":"wp","href":"https:\/\/api.w.org\/{rel}","templated":true}]}}