{"id":40747,"date":"2025-07-29T17:32:09","date_gmt":"2025-07-29T23:32:09","guid":{"rendered":"https:\/\/soymigrante.com\/revista\/?p=40747"},"modified":"2025-07-29T18:02:49","modified_gmt":"2025-07-30T00:02:49","slug":"hablando-de-sismos-un-29-de-julio-de-1773-ocurrio-el-terremoto-que-asolo-antigua-guatemala","status":"publish","type":"post","link":"https:\/\/soymigrante.com\/revista\/hablando-de-sismos-un-29-de-julio-de-1773-ocurrio-el-terremoto-que-asolo-antigua-guatemala\/","title":{"rendered":"As\u00ed ocurri\u00f3 el terremoto que asol\u00f3 Antigua Guatemala el 29 de julio de 1773"},"content":{"rendered":"\t\t<div data-elementor-type=\"wp-post\" data-elementor-id=\"40747\" class=\"elementor elementor-40747\" data-elementor-post-type=\"post\">\n\t\t\t\t<div data-particle_enable=\"false\" data-particle-mobile-disabled=\"false\" class=\"elementor-element elementor-element-be5d621 e-flex e-con-boxed e-con e-parent\" data-id=\"be5d621\" data-element_type=\"container\" data-e-type=\"container\">\n\t\t\t\t\t<div class=\"e-con-inner\">\n\t\t\t\t<div class=\"elementor-element elementor-element-6068248 elementor-widget elementor-widget-heading\" data-id=\"6068248\" data-element_type=\"widget\" data-e-type=\"widget\" data-widget_type=\"heading.default\">\n\t\t\t\t\t<h2 class=\"elementor-heading-title elementor-size-default\">El 29 de julio de 1773 empezaron los terremotos de Santa Marta, que redujeron a escombros a la Antigua Guatemala. Testigos oculares y cronistas coloniales relatan el desastre.<\/h2>\t\t\t\t<\/div>\n\t\t\t\t\t<\/div>\n\t\t\t\t<\/div>\n\t\t<div data-particle_enable=\"false\" data-particle-mobile-disabled=\"false\" class=\"elementor-element elementor-element-0a90a8b e-flex e-con-boxed e-con e-parent\" data-id=\"0a90a8b\" data-element_type=\"container\" data-e-type=\"container\">\n\t\t\t\t\t<div class=\"e-con-inner\">\n\t\t\t\t<div class=\"elementor-element elementor-element-675e1cf elementor-widget elementor-widget-text-editor\" data-id=\"675e1cf\" data-element_type=\"widget\" data-e-type=\"widget\" data-widget_type=\"text-editor.default\">\n\t\t\t\t\t\t\t\t\t<p><i>\u201cLa angustia no daba lugar a reflexiones.\u201d<\/i> escribi\u00f3 el cronista colonial guatemalteco Domingo Juarros, testigo del desastre que asol\u00f3 a la<a href=\"https:\/\/soymigrante.com\/revista\/7-datos-de-antigua-guatemala-que-seguro-ya-sabias-o-quiza-no\/\"> ciudad de Santiago de los Caballeros, entonces capital de Guatemala<\/a>, el 29 de julio de 1773. La Muy Noble y Muy Leal ciudad hab\u00eda sobrevivido a varios sismos, pero a este&#8230;.<\/p><p>La tarde del 29 de julio de 1773, cuando la ciudad colonial de Santiago de los Caballeros de Guatemala a\u00fan estaba vestida para honrar a Santa Marta, el cielo pareci\u00f3 doblarse sobre la tierra. Era aproximadamente las tres y cuarenta y cinco de la tarde cuando el suelo del Valle de Panchoy empez\u00f3 a sacudirse.\u00a0<\/p><p>En las semanas previas se tuviero temblores previos. Pero esta vez todo se sacudi\u00f3 violentamente. Aquella tarde de julio, sin embargo, la &#8220;advertencia&#8221; fue clara: una primera sacudida fuerte y breve.\u00a0<i>\u201cSobrevino un fuerte movimiento de la tierra&#8230; acometi\u00f3 otro de tan r\u00e1pido, y descomunal estremecimiento que arruin\u00f3 los templos y casas.<\/i>\u201d: cuenta Jos\u00e9 Manuel Laparte, escribano del cabildo.<\/p>\t\t\t\t\t\t\t\t<\/div>\n\t\t\t\t\t<\/div>\n\t\t\t\t<\/div>\n\t\t<div data-particle_enable=\"false\" data-particle-mobile-disabled=\"false\" class=\"elementor-element elementor-element-a42f03f e-flex e-con-boxed e-con e-parent\" data-id=\"a42f03f\" data-element_type=\"container\" data-e-type=\"container\">\n\t\t\t\t\t<div class=\"e-con-inner\">\n\t\t\t\t<div class=\"elementor-element elementor-element-0bbd0d3 elementor-grid-eael-col-1 elementor-grid-tablet-eael-col-2 elementor-grid-mobile-eael-col-1 elementor-invisible elementor-widget elementor-widget-eael-post-grid\" data-id=\"0bbd0d3\" data-element_type=\"widget\" data-e-type=\"widget\" data-settings=\"{&quot;eael_post_grid_columns&quot;:&quot;eael-col-1&quot;,&quot;_animation&quot;:&quot;rollIn&quot;,&quot;eael_post_grid_columns_tablet&quot;:&quot;eael-col-2&quot;,&quot;eael_post_grid_columns_mobile&quot;:&quot;eael-col-1&quot;}\" data-widget_type=\"eael-post-grid.default\">\n\t\t\t\t\t<div id=\"eael-post-grid-0bbd0d3\" class=\"eael-post-grid-container\">\n            <div class=\"eael-post-grid eael-post-appender eael-post-appender-0bbd0d3 eael-post-grid-style-one\" data-layout-mode=\"masonry\"><article class=\"eael-grid-post  eael-post-grid-column eael-pg-post-5664 category-arte-cultura-guate-nuestra tags-joyas-de-antigua-guatemala\" data-id=\"5664\">\n        <div class=\"eael-grid-post-holder\">\n            <div class=\"eael-grid-post-holder-inner\"><div class=\"eael-entry-media\"><div class=\"eael-entry-overlay fade-in\"><i class=\"far fa-hand-pointer\" aria-hidden=\"true\"><\/i><a href=\"https:\/\/soymigrante.com\/revista\/joyas-de-antigua-guatemala-7-datos-de-las-ruinas-de-santa-clara\/\"><\/a><\/div><div class=\"eael-entry-thumbnail \">\n                <img fetchpriority=\"high\" decoding=\"async\" width=\"888\" height=\"660\" src=\"https:\/\/soymigrante.com\/revista\/wp-content\/uploads\/2024\/03\/Captura-de-pantalla-2024-03-28-144931.webp\" class=\"attachment-large size-large wp-image-5672\" alt=\"\u00c1ngeles flanquean los lados del atrio interior de Santa Clara. N\u00f3tese el estilo de las columnas a los lados, de tipo serliano. Por eso este frontispicio es una de las mejores muestras del barroco guatemalteco.\" srcset=\"https:\/\/soymigrante.com\/revista\/wp-content\/uploads\/2024\/03\/Captura-de-pantalla-2024-03-28-144931.webp 888w, https:\/\/soymigrante.com\/revista\/wp-content\/uploads\/2024\/03\/Captura-de-pantalla-2024-03-28-144931-300x223.webp 300w, https:\/\/soymigrante.com\/revista\/wp-content\/uploads\/2024\/03\/Captura-de-pantalla-2024-03-28-144931-768x571.webp 768w, https:\/\/soymigrante.com\/revista\/wp-content\/uploads\/2024\/03\/Captura-de-pantalla-2024-03-28-144931-750x557.webp 750w\" sizes=\"(max-width: 888px) 100vw, 888px\" \/>\n            <\/div>\n        <\/div><div class=\"eael-entry-wrapper\"><header class=\"eael-entry-header\"><h2 class=\"eael-entry-title\"><a class=\"eael-grid-post-link\" href=\"https:\/\/soymigrante.com\/revista\/joyas-de-antigua-guatemala-7-datos-de-las-ruinas-de-santa-clara\/\" title=\"Joyas de Antigua Guatemala: 7 datos de las ruinas del convento de Santa Clara\">Joyas de Antigua Guatemala: 7 datos de las ruinas del convento de Santa Clara<\/a><\/h2><\/header><div class=\"eael-entry-content\">\n                        <div class=\"eael-grid-post-excerpt\"><a href=\"https:\/\/soymigrante.com\/revista\/joyas-de-antigua-guatemala-7-datos-de-las-ruinas-de-santa-clara\/\" class=\"eael-post-elements-readmore-btn\">CONOCE SU HISTORIA <\/a><\/div>\n                    <\/div><\/div><\/div>\n        <\/div>\n    <\/article><\/div>\n            <div class=\"clearfix\"><\/div>\n        <\/div>\t\t\t\t<\/div>\n\t\t\t\t\t<\/div>\n\t\t\t\t<\/div>\n\t\t<div data-particle_enable=\"false\" data-particle-mobile-disabled=\"false\" class=\"elementor-element elementor-element-17b21ff e-flex e-con-boxed e-con e-parent\" data-id=\"17b21ff\" data-element_type=\"container\" data-e-type=\"container\">\n\t\t\t\t\t<div class=\"e-con-inner\">\n\t\t\t\t<div class=\"elementor-element elementor-element-0c06ef6 elementor-widget elementor-widget-text-editor\" data-id=\"0c06ef6\" data-element_type=\"widget\" data-e-type=\"widget\" data-widget_type=\"text-editor.default\">\n\t\t\t\t\t\t\t\t\t<p>En cuesti\u00f3n de segundos, el terremoto redujo a escombros los espl\u00e9ndidos edificios barrocos que hac\u00edan de Santiago una de las joyas urbanas del continente. Era el tercer asentamiento de la capital. El primero estuvo en<a href=\"https:\/\/soymigrante.com\/revista\/en-iximche-se-fundo-la-primera-capital-de-guatemala-hace-500-anos\/\"> Iximch\u00e9<\/a>, despu\u00e9s en Almolonga y ahora&#8230; El arzobispado, los conventos de la Merced, Capuchinas, San Francisco y Santo Domingo, y la universidad jesuita, cayeron uno tras otro. Las campanas repicaron enloquecidas antes de desplomarse.<\/p><p>Un testigo relat\u00f3 que los temblores parec\u00edan un \u201ccorcovo de caballo ind\u00f3mito\u201d, y que una \u201cespesa nube de polvo\u201d cubri\u00f3 toda la ciudad. Desde los patios de los conventos, se escuchaban gritos, rezos y lamentos, mientras los fieles se arrodillaban \u201cpidiendo clemencia al cielo\u201d.<\/p><p><i>\u201cNo es f\u00e1cil referir, aun a los que fuimos testigos de esta tragedia\u2026\u201d,<\/i> escribir\u00eda tiempo despu\u00e9s Domingo Juarros, ya en la nueva capital Guatemala de la Asunci\u00f3n.<\/p>\t\t\t\t\t\t\t\t<\/div>\n\t\t\t\t\t<\/div>\n\t\t\t\t<\/div>\n\t\t<div data-particle_enable=\"false\" data-particle-mobile-disabled=\"false\" class=\"elementor-element elementor-element-f932278 e-flex e-con-boxed e-con e-parent\" data-id=\"f932278\" data-element_type=\"container\" data-e-type=\"container\">\n\t\t\t\t\t<div class=\"e-con-inner\">\n\t\t\t\t<div class=\"elementor-element elementor-element-991c4ab elementor-grid-eael-col-1 elementor-grid-tablet-eael-col-2 elementor-grid-mobile-eael-col-1 elementor-invisible elementor-widget elementor-widget-eael-post-grid\" data-id=\"991c4ab\" data-element_type=\"widget\" data-e-type=\"widget\" data-settings=\"{&quot;eael_post_grid_columns&quot;:&quot;eael-col-1&quot;,&quot;_animation&quot;:&quot;rollIn&quot;,&quot;eael_post_grid_columns_tablet&quot;:&quot;eael-col-2&quot;,&quot;eael_post_grid_columns_mobile&quot;:&quot;eael-col-1&quot;}\" data-widget_type=\"eael-post-grid.default\">\n\t\t\t\t\t<div id=\"eael-post-grid-991c4ab\" class=\"eael-post-grid-container\">\n            <div class=\"eael-post-grid eael-post-appender eael-post-appender-991c4ab eael-post-grid-style-one\" data-layout-mode=\"masonry\"><article class=\"eael-grid-post  eael-post-grid-column eael-pg-post-5538 category-arte-cultura-guate-nuestra tags-joyas-de-antigua-guatemala\" data-id=\"5538\">\n        <div class=\"eael-grid-post-holder\">\n            <div class=\"eael-grid-post-holder-inner\"><div class=\"eael-entry-media\"><div class=\"eael-entry-overlay fade-in\"><i class=\"far fa-hand-pointer\" aria-hidden=\"true\"><\/i><a href=\"https:\/\/soymigrante.com\/revista\/antigua-guatemala-arco-de-santa-catalina-tesoro-colonial-patrimonio\/\"><\/a><\/div><div class=\"eael-entry-thumbnail \">\n                <img decoding=\"async\" width=\"1024\" height=\"760\" src=\"https:\/\/soymigrante.com\/revista\/wp-content\/uploads\/2024\/03\/copia-copia-1024x760.webp\" class=\"attachment-large size-large wp-image-5539\" alt=\"Arco de Santa Catalina cumple 330 a\u00f1os en 2024, se encuentra en Antigua Guatemala, ciudad colonial Patrimonio de la Humanidad.\" srcset=\"https:\/\/soymigrante.com\/revista\/wp-content\/uploads\/2024\/03\/copia-copia-1024x760.webp 1024w, https:\/\/soymigrante.com\/revista\/wp-content\/uploads\/2024\/03\/copia-copia-300x223.webp 300w, https:\/\/soymigrante.com\/revista\/wp-content\/uploads\/2024\/03\/copia-copia-768x570.webp 768w, https:\/\/soymigrante.com\/revista\/wp-content\/uploads\/2024\/03\/copia-copia-750x557.webp 750w, https:\/\/soymigrante.com\/revista\/wp-content\/uploads\/2024\/03\/copia-copia.webp 1048w\" sizes=\"(max-width: 1024px) 100vw, 1024px\" \/>\n            <\/div>\n        <\/div><div class=\"eael-entry-wrapper\"><header class=\"eael-entry-header\"><h2 class=\"eael-entry-title\"><a class=\"eael-grid-post-link\" href=\"https:\/\/soymigrante.com\/revista\/antigua-guatemala-arco-de-santa-catalina-tesoro-colonial-patrimonio\/\" title=\"Joyas de Antigua Guatemala: \u00bfCu\u00e1ndo se construy\u00f3 el ic\u00f3nico Arco de Santa Catalina y por qu\u00e9?\">Joyas de Antigua Guatemala: \u00bfCu\u00e1ndo se construy\u00f3 el ic\u00f3nico Arco de Santa Catalina y por qu\u00e9?<\/a><\/h2><\/header><div class=\"eael-entry-content\">\n                        <div class=\"eael-grid-post-excerpt\"><a href=\"https:\/\/soymigrante.com\/revista\/antigua-guatemala-arco-de-santa-catalina-tesoro-colonial-patrimonio\/\" class=\"eael-post-elements-readmore-btn\">CONOCE SU HISTORIA <\/a><\/div>\n                    <\/div><\/div><\/div>\n        <\/div>\n    <\/article><\/div>\n            <div class=\"clearfix\"><\/div>\n        <\/div>\t\t\t\t<\/div>\n\t\t\t\t\t<\/div>\n\t\t\t\t<\/div>\n\t\t<div data-particle_enable=\"false\" data-particle-mobile-disabled=\"false\" class=\"elementor-element elementor-element-e362cab e-flex e-con-boxed e-con e-parent\" data-id=\"e362cab\" data-element_type=\"container\" data-e-type=\"container\">\n\t\t\t\t\t<div class=\"e-con-inner\">\n\t\t\t\t<div class=\"elementor-element elementor-element-88d05fe elementor-widget elementor-widget-text-editor\" data-id=\"88d05fe\" data-element_type=\"widget\" data-e-type=\"widget\" data-widget_type=\"text-editor.default\">\n\t\t\t\t\t\t\t\t\t<p>El padre Antonio Croques, testigo ocular, se encontraba en el convento de San Francisco al momento del desastre: El d\u00eda fatal se encontraba \u00e9l en la iglesia de San Francisco con dos padres, uno de quienes, en el momento del temblor le tom\u00f3 de la mano arrastr\u00e1ndole hacia el patio; el otro qued\u00f3 sepultado bajo las ruinas del templo. Recordaba que las tejas volaron de los techos\u2026 con el pasar de los d\u00edas las nubes de polvo eran sofocantes\u2026 la gente corr\u00eda a las pilas para saciar la sed.<\/p><p>Juan Gonz\u00e1lez Bustillo, Oidor de la Real Audiencia cuenta, lo ocurrido tras el primer sismo de aquel 29 de julio de 1773:\u00a0<\/p><p><i>&#8220;No bien hab\u00eda pasado medio cuarto de hora, cuando sucedi\u00f3 el segundo de tan extra\u00f1os, violentos, y contrarios movimientos, que en dos segundos, poco m\u00e1s o menos, destruy\u00f3 todos, o la mayor parte de los edificios p\u00fablicos, y de particulares, reduci\u00e9ndolos, por lo que se pudo advertir, a un estado deplorable: de manera que en tan corto espacio de tiempo se vieron desplomar las b\u00f3vedas, cuartearse las m\u00e1s fuertes paredes de siller\u00eda unas, y de mamposter\u00eda otras\u2026&#8221;<\/i><\/p><p>\u201cEspantoso y formidable mont\u00f3n de piedras y escombros. Se\u00a0vio caer el magn\u00edfico, fuerte, y suntuoso Templo del Convento de Santo Domingo; en\u00a0cuyo lugar de su f\u00e1brica no se advierte, ni se reconoce sino un espantoso y formidable\u00a0mont\u00f3n de piedras, escombros o fragmentos de la total ruina&#8221;\u00a0<\/p>\t\t\t\t\t\t\t\t<\/div>\n\t\t\t\t\t<\/div>\n\t\t\t\t<\/div>\n\t\t<div data-particle_enable=\"false\" data-particle-mobile-disabled=\"false\" class=\"elementor-element elementor-element-adbb967 e-flex e-con-boxed e-con e-parent\" data-id=\"adbb967\" data-element_type=\"container\" data-e-type=\"container\">\n\t\t\t\t\t<div class=\"e-con-inner\">\n\t\t\t\t<div class=\"elementor-element elementor-element-e635469 elementor-grid-eael-col-1 elementor-grid-tablet-eael-col-2 elementor-grid-mobile-eael-col-1 elementor-invisible elementor-widget elementor-widget-eael-post-grid\" data-id=\"e635469\" data-element_type=\"widget\" data-e-type=\"widget\" data-settings=\"{&quot;eael_post_grid_columns&quot;:&quot;eael-col-1&quot;,&quot;_animation&quot;:&quot;rollIn&quot;,&quot;eael_post_grid_columns_tablet&quot;:&quot;eael-col-2&quot;,&quot;eael_post_grid_columns_mobile&quot;:&quot;eael-col-1&quot;}\" data-widget_type=\"eael-post-grid.default\">\n\t\t\t\t\t<div id=\"eael-post-grid-e635469\" class=\"eael-post-grid-container\">\n            <div class=\"eael-post-grid eael-post-appender eael-post-appender-e635469 eael-post-grid-style-one\" data-layout-mode=\"masonry\"><article class=\"eael-grid-post  eael-post-grid-column eael-pg-post-27854 category-arte-cultura-guate-nuestra tags-joyas-de-antigua-guatemala\" data-id=\"27854\">\n        <div class=\"eael-grid-post-holder\">\n            <div class=\"eael-grid-post-holder-inner\"><div class=\"eael-entry-media\"><div class=\"eael-entry-overlay fade-in\"><i class=\"far fa-hand-pointer\" aria-hidden=\"true\"><\/i><a href=\"https:\/\/soymigrante.com\/revista\/joya-colonial-de-antigua-guatemala-fue-carcel-de-hombres-durante-muchos-anos\/\"><\/a><\/div><div class=\"eael-entry-thumbnail \">\n                <img decoding=\"async\" width=\"906\" height=\"906\" src=\"https:\/\/soymigrante.com\/revista\/wp-content\/uploads\/2025\/03\/ruinas-santa-teresa-antigua-9-1.webp\" class=\"attachment-large size-large wp-image-27888\" alt=\"Fuente en el centro de la terraza con fuente de agua en un patio hist\u00f3rico. Edificio colonial con arcos y paredes de piedra, ambiente tranquilo y cl\u00e1sico en el interior de un edificio antiguo.\" srcset=\"https:\/\/soymigrante.com\/revista\/wp-content\/uploads\/2025\/03\/ruinas-santa-teresa-antigua-9-1.webp 906w, https:\/\/soymigrante.com\/revista\/wp-content\/uploads\/2025\/03\/ruinas-santa-teresa-antigua-9-1-300x300.jpg 300w, https:\/\/soymigrante.com\/revista\/wp-content\/uploads\/2025\/03\/ruinas-santa-teresa-antigua-9-1-150x150.jpg 150w, https:\/\/soymigrante.com\/revista\/wp-content\/uploads\/2025\/03\/ruinas-santa-teresa-antigua-9-1-768x768.jpg 768w, https:\/\/soymigrante.com\/revista\/wp-content\/uploads\/2025\/03\/ruinas-santa-teresa-antigua-9-1-75x75.webp 75w, https:\/\/soymigrante.com\/revista\/wp-content\/uploads\/2025\/03\/ruinas-santa-teresa-antigua-9-1-750x750.webp 750w\" sizes=\"(max-width: 906px) 100vw, 906px\" \/>\n            <\/div>\n        <\/div><div class=\"eael-entry-wrapper\"><header class=\"eael-entry-header\"><h2 class=\"eael-entry-title\"><a class=\"eael-grid-post-link\" href=\"https:\/\/soymigrante.com\/revista\/joya-colonial-de-antigua-guatemala-fue-carcel-de-hombres-durante-muchos-anos\/\" title=\"Joyas de Antigua Guatemala: Convento de Santa Teresa fue c\u00e1rcel de hombres por m\u00e1s de 50 a\u00f1os\">Joyas de Antigua Guatemala: Convento de Santa Teresa fue c\u00e1rcel de hombres por m\u00e1s de 50 a\u00f1os<\/a><\/h2><\/header><div class=\"eael-entry-content\">\n                        <div class=\"eael-grid-post-excerpt\"><a href=\"https:\/\/soymigrante.com\/revista\/joya-colonial-de-antigua-guatemala-fue-carcel-de-hombres-durante-muchos-anos\/\" class=\"eael-post-elements-readmore-btn\">CONOCE SU HISTORIA <\/a><\/div>\n                    <\/div><\/div><\/div>\n        <\/div>\n    <\/article><\/div>\n            <div class=\"clearfix\"><\/div>\n        <\/div>\t\t\t\t<\/div>\n\t\t\t\t\t<\/div>\n\t\t\t\t<\/div>\n\t\t<div data-particle_enable=\"false\" data-particle-mobile-disabled=\"false\" class=\"elementor-element elementor-element-98beef4 e-flex e-con-boxed e-con e-parent\" data-id=\"98beef4\" data-element_type=\"container\" data-e-type=\"container\">\n\t\t\t\t\t<div class=\"e-con-inner\">\n\t\t\t\t<div class=\"elementor-element elementor-element-cbaa761 elementor-widget elementor-widget-text-editor\" data-id=\"cbaa761\" data-element_type=\"widget\" data-e-type=\"widget\" data-widget_type=\"text-editor.default\">\n\t\t\t\t\t\t\t\t\t<p>Se estima que m\u00e1s de 500 personas murieron al instante, y otras 600 fallecieron d\u00edas y semanas despu\u00e9s, v\u00edctimas del hambre, las heridas y epidemias como el tifus y la viruela.\u00a0 La ciudad qued\u00f3 desolada y la lluvia, propia del invierno, agrav\u00f3 la penuria. Esto condujo a la decisi\u00f3n de trasladar la capital a otro valle.<\/p><p>El debate fue feroz. Mientras muchos clamaban por reconstruir la ciudad \u2014especialmente sectores eclesi\u00e1sticos y artesanos\u2014, las autoridades civiles, encabezadas por el presidente Mart\u00edn de Mayorga, propusieron el traslado definitivo de la capital a un sitio menos vulnerable.<\/p><p>El arzobispo Pedro Cort\u00e9s y Larraz, sin embargo, se opuso, defendiendo la permanencia en Santiago con fuerza y devoci\u00f3n. Pero la decisi\u00f3n fue tomada: en 1776 se fund\u00f3 la Nueva Guatemala de la Asunci\u00f3n en el Valle de la Ermita \u2014hoy Ciudad de Guatemala\u2014.<\/p>\t\t\t\t\t\t\t\t<\/div>\n\t\t\t\t\t<\/div>\n\t\t\t\t<\/div>\n\t\t<div data-particle_enable=\"false\" data-particle-mobile-disabled=\"false\" class=\"elementor-element elementor-element-92be82a e-flex e-con-boxed e-con e-parent\" data-id=\"92be82a\" data-element_type=\"container\" data-e-type=\"container\">\n\t\t\t\t\t<div class=\"e-con-inner\">\n\t\t\t\t<div class=\"elementor-element elementor-element-15fe83a elementor-widget elementor-widget-image\" data-id=\"15fe83a\" data-element_type=\"widget\" data-e-type=\"widget\" data-widget_type=\"image.default\">\n\t\t\t\t\t\t\t\t\t\t\t\t<figure class=\"wp-caption\">\n\t\t\t\t\t\t\t\t\t\t<img loading=\"lazy\" decoding=\"async\" width=\"768\" height=\"484\" src=\"https:\/\/soymigrante.com\/revista\/wp-content\/uploads\/2025\/07\/El-Mirador-de-la-Cruz4-1024x645.jpeg\" class=\"attachment-large size-large wp-image-39475\" alt=\"Cerro volc\u00e1nico en un paisaje rural con viviendas y agricultura, vista hist\u00f3rica en tonos sepia.\" srcset=\"https:\/\/soymigrante.com\/revista\/wp-content\/uploads\/2025\/07\/El-Mirador-de-la-Cruz4-1024x645.jpeg 1024w, https:\/\/soymigrante.com\/revista\/wp-content\/uploads\/2025\/07\/El-Mirador-de-la-Cruz4-300x189.jpeg 300w, https:\/\/soymigrante.com\/revista\/wp-content\/uploads\/2025\/07\/El-Mirador-de-la-Cruz4-768x484.jpeg 768w, https:\/\/soymigrante.com\/revista\/wp-content\/uploads\/2025\/07\/El-Mirador-de-la-Cruz4-750x473.webp 750w, https:\/\/soymigrante.com\/revista\/wp-content\/uploads\/2025\/07\/El-Mirador-de-la-Cruz4-1140x718.webp 1140w, https:\/\/soymigrante.com\/revista\/wp-content\/uploads\/2025\/07\/El-Mirador-de-la-Cruz4.webp 1219w\" sizes=\"(max-width: 768px) 100vw, 768px\" title=\"El Mirador es conocido como uno de los puntos m\u00e1s visitados de Antigua Guatemala. \u2013 SoyMigrante.com REVISTA\" \/>\t\t\t\t\t\t\t\t\t\t\t<figcaption class=\"widget-image-caption wp-caption-text\">Vista hist\u00f3rica del volc\u00e1n en un entorno rural con viviendas y zonas agr\u00edcolas, en tonos sepia.<\/figcaption>\n\t\t\t\t\t\t\t\t\t\t<\/figure>\n\t\t\t\t\t\t\t\t\t<\/div>\n\t\t\t\t\t<\/div>\n\t\t\t\t<\/div>\n\t\t<div data-particle_enable=\"false\" data-particle-mobile-disabled=\"false\" class=\"elementor-element elementor-element-bd79b62 e-flex e-con-boxed e-con e-parent\" data-id=\"bd79b62\" data-element_type=\"container\" data-e-type=\"container\">\n\t\t\t\t\t<div class=\"e-con-inner\">\n\t\t\t\t<div class=\"elementor-element elementor-element-4c2d9a0 elementor-widget elementor-widget-text-editor\" data-id=\"4c2d9a0\" data-element_type=\"widget\" data-e-type=\"widget\" data-widget_type=\"text-editor.default\">\n\t\t\t\t\t\t\t\t\t<p>Santiago de los Caballeros pas\u00f3 a llamarse La Antigua Guatemala. Las ruinas de sus templos, conventos y palacios permanecieron como cicatrices de piedra. No fue completamente abandonada: parte de su poblaci\u00f3n resisti\u00f3 el traslado y continu\u00f3 habitando entre los vestigios del esplendor colonial.<\/p><p>M\u00e1s de dos siglos despu\u00e9s, en 1979, la UNESCO la declar\u00f3 Patrimonio Cultural de la Humanidad, reconociendo en sus muros ca\u00eddos no solo belleza arquitect\u00f3nica, sino tambi\u00e9n una historia de resistencia, tragedia y transformaci\u00f3n. Los terremotos de 1773 no solo derribaron edificios: movieron la historia. La Guatemala moderna naci\u00f3 de esos escombros, entre pugnas pol\u00edticas, reconstrucciones lentas y la mudanza de una capital.\u00a0<\/p>\t\t\t\t\t\t\t\t<\/div>\n\t\t\t\t\t<\/div>\n\t\t\t\t<\/div>\n\t\t<div data-particle_enable=\"false\" data-particle-mobile-disabled=\"false\" class=\"elementor-element elementor-element-9c8ef3e e-flex e-con-boxed e-con e-parent\" data-id=\"9c8ef3e\" data-element_type=\"container\" data-e-type=\"container\">\n\t\t\t\t\t<div class=\"e-con-inner\">\n\t\t\t\t<div class=\"elementor-element elementor-element-6aa9850 elementor-widget elementor-widget-heading\" data-id=\"6aa9850\" data-element_type=\"widget\" data-e-type=\"widget\" data-widget_type=\"heading.default\">\n\t\t\t\t\t<h2 class=\"elementor-heading-title elementor-size-default\">Tambi\u00e9n te podr\u00eda interesar<\/h2>\t\t\t\t<\/div>\n\t\t\t\t\t<\/div>\n\t\t\t\t<\/div>\n\t\t<div data-particle_enable=\"false\" data-particle-mobile-disabled=\"false\" class=\"elementor-element elementor-element-cfabed9 e-flex e-con-boxed e-con e-parent\" data-id=\"cfabed9\" data-element_type=\"container\" data-e-type=\"container\">\n\t\t\t\t\t<div class=\"e-con-inner\">\n\t\t\t\t<div class=\"elementor-element elementor-element-88699bd elementor-grid-eael-col-3 elementor-grid-tablet-eael-col-2 elementor-grid-mobile-eael-col-1 elementor-invisible elementor-widget elementor-widget-eael-post-grid\" data-id=\"88699bd\" data-element_type=\"widget\" data-e-type=\"widget\" data-settings=\"{&quot;eael_post_grid_columns&quot;:&quot;eael-col-3&quot;,&quot;_animation&quot;:&quot;rollIn&quot;,&quot;eael_post_grid_columns_tablet&quot;:&quot;eael-col-2&quot;,&quot;eael_post_grid_columns_mobile&quot;:&quot;eael-col-1&quot;}\" data-widget_type=\"eael-post-grid.default\">\n\t\t\t\t\t<div id=\"eael-post-grid-88699bd\" class=\"eael-post-grid-container\">\n            <div class=\"eael-post-grid eael-post-appender eael-post-appender-88699bd eael-post-grid-style-one\" data-layout-mode=\"masonry\"><article class=\"eael-grid-post  eael-post-grid-column eael-pg-post-39092 category-guate-nuestra tags-personajes-del-popol-vuh\" data-id=\"39092\">\n        <div class=\"eael-grid-post-holder\">\n            <div class=\"eael-grid-post-holder-inner\"><div class=\"eael-entry-media\"><div class=\"eael-entry-overlay fade-in\"><i class=\"far fa-hand-pointer\" aria-hidden=\"true\"><\/i><a href=\"https:\/\/soymigrante.com\/revista\/personajes-del-popol-vuh-el-gran-zipacna\/\"><\/a><\/div><div class=\"eael-entry-thumbnail \">\n                <img loading=\"lazy\" decoding=\"async\" width=\"591\" height=\"591\" src=\"https:\/\/soymigrante.com\/revista\/wp-content\/uploads\/2025\/07\/popol-vuh-personajes-zipacna-c.webp\" class=\"attachment-large size-large wp-image-39101\" alt=\"M\u00e1scara tradicional ind\u00edgena con figura m\u00edstica, simbolizando cultura ancestral y conexi\u00f3n con la naturaleza en Am\u00e9rica Latina.\" srcset=\"https:\/\/soymigrante.com\/revista\/wp-content\/uploads\/2025\/07\/popol-vuh-personajes-zipacna-c.webp 591w, https:\/\/soymigrante.com\/revista\/wp-content\/uploads\/2025\/07\/popol-vuh-personajes-zipacna-c-300x300.jpg 300w, https:\/\/soymigrante.com\/revista\/wp-content\/uploads\/2025\/07\/popol-vuh-personajes-zipacna-c-150x150.jpg 150w, https:\/\/soymigrante.com\/revista\/wp-content\/uploads\/2025\/07\/popol-vuh-personajes-zipacna-c-75x75.webp 75w\" sizes=\"(max-width: 591px) 100vw, 591px\" \/>\n            <\/div>\n        <\/div><div class=\"eael-entry-wrapper\"><header class=\"eael-entry-header\"><h2 class=\"eael-entry-title\"><a class=\"eael-grid-post-link\" href=\"https:\/\/soymigrante.com\/revista\/personajes-del-popol-vuh-el-gran-zipacna\/\" title=\"El poderoso Zipacn\u00e1 tambi\u00e9n produce sismos y derrumbes, seg\u00fan el Popol Vuh\">El poderoso Zipacn\u00e1 tambi\u00e9n produce sismos y derrumbes, seg\u00fan el Popol Vuh<\/a><\/h2><\/header><div class=\"eael-entry-content\">\n                        <div class=\"eael-grid-post-excerpt\"><a href=\"https:\/\/soymigrante.com\/revista\/personajes-del-popol-vuh-el-gran-zipacna\/\" class=\"eael-post-elements-readmore-btn\">CONOCE SU HISTORIA <\/a><\/div>\n                    <\/div><\/div><\/div>\n        <\/div>\n    <\/article><article class=\"eael-grid-post  eael-post-grid-column eael-pg-post-38875 category-guate-nuestra\" data-id=\"38875\">\n        <div class=\"eael-grid-post-holder\">\n            <div class=\"eael-grid-post-holder-inner\"><div class=\"eael-entry-media\"><div class=\"eael-entry-overlay fade-in\"><i class=\"far fa-hand-pointer\" aria-hidden=\"true\"><\/i><a href=\"https:\/\/soymigrante.com\/revista\/asi-era-por-dentro-el-calvario-de-santa-maria-de-jesus-y-un-plan-de-restauracion-que-no-ocurrio\/\"><\/a><\/div><div class=\"eael-entry-thumbnail \">\n                <img loading=\"lazy\" decoding=\"async\" width=\"1024\" height=\"1024\" src=\"https:\/\/soymigrante.com\/revista\/wp-content\/uploads\/2025\/07\/calvario-santa-maria-de-jesus-sismos-1024x1024.png\" class=\"attachment-large size-large wp-image-39019\" alt=\"Cargando una iglesia antigua da\u00f1ada y una casa destruida por un terremoto en una zona vulnerable, mostrando la vulnerabilidad de las construcciones tradicionales frente a desastres naturales en contextos migratorios y de resiliencia.\" srcset=\"https:\/\/soymigrante.com\/revista\/wp-content\/uploads\/2025\/07\/calvario-santa-maria-de-jesus-sismos-1024x1024.png 1024w, https:\/\/soymigrante.com\/revista\/wp-content\/uploads\/2025\/07\/calvario-santa-maria-de-jesus-sismos-300x300.png 300w, https:\/\/soymigrante.com\/revista\/wp-content\/uploads\/2025\/07\/calvario-santa-maria-de-jesus-sismos-150x150.png 150w, https:\/\/soymigrante.com\/revista\/wp-content\/uploads\/2025\/07\/calvario-santa-maria-de-jesus-sismos-768x768.png 768w, https:\/\/soymigrante.com\/revista\/wp-content\/uploads\/2025\/07\/calvario-santa-maria-de-jesus-sismos-75x75.webp 75w, https:\/\/soymigrante.com\/revista\/wp-content\/uploads\/2025\/07\/calvario-santa-maria-de-jesus-sismos-750x750.webp 750w, https:\/\/soymigrante.com\/revista\/wp-content\/uploads\/2025\/07\/calvario-santa-maria-de-jesus-sismos.webp 1080w\" sizes=\"(max-width: 1024px) 100vw, 1024px\" \/>\n            <\/div>\n        <\/div><div class=\"eael-entry-wrapper\"><header class=\"eael-entry-header\"><h2 class=\"eael-entry-title\"><a class=\"eael-grid-post-link\" href=\"https:\/\/soymigrante.com\/revista\/asi-era-por-dentro-el-calvario-de-santa-maria-de-jesus-y-un-plan-de-restauracion-que-no-ocurrio\/\" title=\"As\u00ed era por dentro El Calvario de Santa Mar\u00eda de Jes\u00fas y un plan de restauraci\u00f3n que no ocurri\u00f3\">As\u00ed era por dentro El Calvario de Santa Mar\u00eda de Jes\u00fas y un plan de restauraci\u00f3n que no ocurri\u00f3<\/a><\/h2><\/header><div class=\"eael-entry-content\">\n                        <div class=\"eael-grid-post-excerpt\"><a href=\"https:\/\/soymigrante.com\/revista\/asi-era-por-dentro-el-calvario-de-santa-maria-de-jesus-y-un-plan-de-restauracion-que-no-ocurrio\/\" class=\"eael-post-elements-readmore-btn\">CONOCE SU HISTORIA <\/a><\/div>\n                    <\/div><\/div><\/div>\n        <\/div>\n    <\/article><article class=\"eael-grid-post  eael-post-grid-column eael-pg-post-38842 category-guate-nuestra\" data-id=\"38842\">\n        <div class=\"eael-grid-post-holder\">\n            <div class=\"eael-grid-post-holder-inner\"><div class=\"eael-entry-media\"><div class=\"eael-entry-overlay fade-in\"><i class=\"far fa-hand-pointer\" aria-hidden=\"true\"><\/i><a href=\"https:\/\/soymigrante.com\/revista\/por-que-tiembla-tanto-en-guatemala-una-explicacion-tecnica-y-comprensible\/\"><\/a><\/div><div class=\"eael-entry-thumbnail \">\n                <img loading=\"lazy\" decoding=\"async\" width=\"1024\" height=\"582\" src=\"https:\/\/soymigrante.com\/revista\/wp-content\/uploads\/2025\/07\/Por-que-tiembla-tanto-en-Guatemala-Una-explicacion-tecnica-y-comprensible-1-1024x582.jpeg\" class=\"attachment-large size-large wp-image-38843\" alt=\"Por qu\u00e9 tiembla tanto en Guatemala Una explicaci\u00f3n t\u00e9cnica y comprensible 1\" \/>\n            <\/div>\n        <\/div><div class=\"eael-entry-wrapper\"><header class=\"eael-entry-header\"><h2 class=\"eael-entry-title\"><a class=\"eael-grid-post-link\" href=\"https:\/\/soymigrante.com\/revista\/por-que-tiembla-tanto-en-guatemala-una-explicacion-tecnica-y-comprensible\/\" title=\"\u00bfPor qu\u00e9 hay tantos sismos en Guatemala? Una explicaci\u00f3n t\u00e9cnica y comprensible\">\u00bfPor qu\u00e9 hay tantos sismos en Guatemala? Una explicaci\u00f3n t\u00e9cnica y comprensible<\/a><\/h2><\/header><div class=\"eael-entry-content\">\n                        <div class=\"eael-grid-post-excerpt\"><a href=\"https:\/\/soymigrante.com\/revista\/por-que-tiembla-tanto-en-guatemala-una-explicacion-tecnica-y-comprensible\/\" class=\"eael-post-elements-readmore-btn\">CONOCE SU HISTORIA <\/a><\/div>\n                    <\/div><\/div><\/div>\n        <\/div>\n    <\/article><\/div>\n            <div class=\"clearfix\"><\/div>\n        <\/div>\t\t\t\t<\/div>\n\t\t\t\t\t<\/div>\n\t\t\t\t<\/div>\n\t\t\t\t<\/div>\n\t\t","protected":false},"excerpt":{"rendered":"<p>Hola, Gustavo Montenegro El 29 de julio de 1773 empezaron los terremotos de Santa Marta, que redujeron a escombros a la Antigua Guatemala. Testigos oculares y cronistas coloniales relatan el desastre. \u201cLa angustia no daba lugar a reflexiones.\u201d escribi\u00f3 el cronista colonial guatemalteco Domingo Juarros, testigo del desastre que asol\u00f3 a la ciudad de Santiago [&hellip;]<\/p>\n","protected":false},"author":1,"featured_media":5684,"comment_status":"open","ping_status":"open","sticky":false,"template":"","format":"standard","meta":{"_acf_changed":false,"_eb_attr":"","footnotes":""},"categories":[58],"tags":[],"class_list":["post-40747","post","type-post","status-publish","format-standard","has-post-thumbnail","hentry","category-guate-nuestra"],"acf":[],"aioseo_notices":[],"aioseo_head":"\n\t\t<!-- All in One SEO Pro 4.9.6.2 - aioseo.com -->\n\t<meta name=\"description\" content=\"Guatemala es uno de los pa\u00edses con mayor actividad s\u00edsmica en Am\u00e9rica Central y por eso tiembla. Los temblores son frecuentes y, en algunos casos, destructivos.\" \/>\n\t<meta name=\"robots\" content=\"max-snippet:-1, max-image-preview:large, max-video-preview:-1\" \/>\n\t<meta name=\"author\" content=\"Marysabel Aldana\"\/>\n\t<link rel=\"canonical\" href=\"https:\/\/soymigrante.com\/revista\/por-que-tiembla-tanto-en-guatemala-una-explicacion-tecnica-y-comprensible\/\" \/>\n\t<meta name=\"generator\" content=\"All in One SEO Pro (AIOSEO) 4.9.6.2\" \/>\n\n\t\t<link rel=\"preconnect\" href=\"https:\/\/fonts.googleapis.com\" crossorigin>\n<link rel=\"preconnect\" href=\"https:\/\/fonts.gstatic.com\" crossorigin>\n\t\t<meta property=\"og:locale\" content=\"es_ES\" \/>\n\t\t<meta property=\"og:site_name\" content=\"SoyMigrante.com REVISTA \u2013 Nuestra misi\u00f3n es reconocer y dignificar al migrante.\" \/>\n\t\t<meta property=\"og:type\" content=\"article\" \/>\n\t\t<meta property=\"og:title\" content=\"\u00bfPor qu\u00e9 tiembla tanto en Guatemala? Se preguntan muchos\" \/>\n\t\t<meta property=\"og:description\" content=\"Guatemala es uno de los pa\u00edses con mayor actividad s\u00edsmica en Am\u00e9rica Central y por eso tiembla. Los temblores son frecuentes y, en algunos casos, destructivos.\" \/>\n\t\t<meta property=\"og:url\" content=\"https:\/\/soymigrante.com\/revista\/por-que-tiembla-tanto-en-guatemala-una-explicacion-tecnica-y-comprensible\/\" \/>\n\t\t<meta property=\"og:image\" content=\"https:\/\/soymigrante.com\/revista\/wp-content\/uploads\/2025\/07\/Por-que-tiembla-tanto-en-Guatemala-Una-explicacion-tecnica-y-comprensible-1-e1752076860446.webp\" \/>\n\t\t<meta property=\"og:image:secure_url\" content=\"https:\/\/soymigrante.com\/revista\/wp-content\/uploads\/2025\/07\/Por-que-tiembla-tanto-en-Guatemala-Una-explicacion-tecnica-y-comprensible-1-e1752076860446.webp\" \/>\n\t\t<meta property=\"og:image:width\" content=\"727\" \/>\n\t\t<meta property=\"og:image:height\" content=\"727\" \/>\n\t\t<meta property=\"article:published_time\" content=\"2025-07-09T19:21:50+00:00\" \/>\n\t\t<meta property=\"article:modified_time\" content=\"2025-09-15T23:39:20+00:00\" \/>\n\t\t<meta property=\"article:publisher\" content=\"https:\/\/www.facebook.com\/soymigrantecom\" \/>\n\t\t<meta name=\"twitter:card\" content=\"summary_large_image\" \/>\n\t\t<meta name=\"twitter:site\" content=\"@SoyMigrante_com\" \/>\n\t\t<meta name=\"twitter:title\" content=\"\u00bfPor qu\u00e9 tiembla tanto en Guatemala? Se preguntan muchos\" \/>\n\t\t<meta name=\"twitter:description\" content=\"Guatemala es uno de los pa\u00edses con mayor actividad s\u00edsmica en Am\u00e9rica Central y por eso tiembla. Los temblores son frecuentes y, en algunos casos, destructivos.\" \/>\n\t\t<meta name=\"twitter:creator\" content=\"@SoyMigrante_com\" \/>\n\t\t<meta name=\"twitter:image\" content=\"https:\/\/soymigrante.com\/revista\/wp-content\/uploads\/2025\/07\/Por-que-tiembla-tanto-en-Guatemala-Una-explicacion-tecnica-y-comprensible-1-e1752076860446.webp\" \/>\n\t\t<!-- All in One SEO Pro -->\r\n\t\t<title>\u00bfPor qu\u00e9 tiembla tanto en Guatemala? Se preguntan muchos<\/title>\n\n","aioseo_head_json":{"title":"\u00bfPor qu\u00e9 tiembla tanto en Guatemala? Se preguntan muchos","description":"Guatemala es uno de los pa\u00edses con mayor actividad s\u00edsmica en Am\u00e9rica Central y por eso tiembla. Los temblores son frecuentes y, en algunos casos, destructivos.","canonical_url":"https:\/\/soymigrante.com\/revista\/por-que-tiembla-tanto-en-guatemala-una-explicacion-tecnica-y-comprensible\/","robots":"max-snippet:-1, max-image-preview:large, max-video-preview:-1","keywords":"","webmasterTools":{"miscellaneous":"&lt;link rel=\"preconnect\" href=\"https:\/\/fonts.googleapis.com\" crossorigin&gt;\n&lt;link rel=\"preconnect\" href=\"https:\/\/fonts.gstatic.com\" crossorigin&gt;"},"schema":null,"og:locale":"es_ES","og:site_name":"SoyMigrante.com REVISTA \u2013 Nuestra misi\u00f3n es reconocer y dignificar al migrante.","og:type":"article","og:title":"\u00bfPor qu\u00e9 tiembla tanto en Guatemala? Se preguntan muchos","og:description":"Guatemala es uno de los pa\u00edses con mayor actividad s\u00edsmica en Am\u00e9rica Central y por eso tiembla. Los temblores son frecuentes y, en algunos casos, destructivos.","og:url":"https:\/\/soymigrante.com\/revista\/por-que-tiembla-tanto-en-guatemala-una-explicacion-tecnica-y-comprensible\/","og:image":"https:\/\/soymigrante.com\/revista\/wp-content\/uploads\/2025\/07\/Por-que-tiembla-tanto-en-Guatemala-Una-explicacion-tecnica-y-comprensible-1-e1752076860446.webp","og:image:secure_url":"https:\/\/soymigrante.com\/revista\/wp-content\/uploads\/2025\/07\/Por-que-tiembla-tanto-en-Guatemala-Una-explicacion-tecnica-y-comprensible-1-e1752076860446.webp","og:image:width":727,"og:image:height":727,"article:published_time":"2025-07-09T19:21:50+00:00","article:modified_time":"2025-09-15T23:39:20+00:00","article:publisher":"https:\/\/www.facebook.com\/soymigrantecom","twitter:card":"summary_large_image","twitter:site":"@SoyMigrante_com","twitter:title":"\u00bfPor qu\u00e9 tiembla tanto en Guatemala? Se preguntan muchos","twitter:description":"Guatemala es uno de los pa\u00edses con mayor actividad s\u00edsmica en Am\u00e9rica Central y por eso tiembla. Los temblores son frecuentes y, en algunos casos, destructivos.","twitter:creator":"@SoyMigrante_com","twitter:image":"https:\/\/soymigrante.com\/revista\/wp-content\/uploads\/2025\/07\/Por-que-tiembla-tanto-en-Guatemala-Una-explicacion-tecnica-y-comprensible-1-e1752076860446.webp"},"aioseo_meta_data":{"post_id":"40747","title":"Sismos del 29 de julio en 1773 arrasaron Antigua Guatemala","description":"El 29 de julio de 1773 comenzaron los terremotos de Santa Marta, que destruyeron la Antigua Guatemala. Testimonios y detalles de aquel desastre.","keywords":null,"keyphrases":{"focus":{"keyphrase":"Terremoto Antigua Guatemala 1773","score":0,"analysis":[]}},"primary_term":null,"canonical_url":null,"og_title":null,"og_description":null,"og_object_type":"default","og_image_type":"default","og_image_url":null,"og_image_width":null,"og_image_height":null,"og_image_custom_url":null,"og_image_custom_fields":null,"og_video":"","og_custom_url":null,"og_article_section":null,"og_article_tags":null,"twitter_use_og":false,"twitter_card":"default","twitter_image_type":"default","twitter_image_url":null,"twitter_image_custom_url":null,"twitter_image_custom_fields":null,"twitter_title":null,"twitter_description":null,"schema":{"blockGraphs":[],"customGraphs":[],"default":{"data":{"Article":[],"Course":[],"Dataset":[],"FAQPage":[],"Movie":[],"Person":[],"Product":[],"ProductReview":[],"Car":[],"Recipe":[],"Service":[],"SoftwareApplication":[],"WebPage":[]},"graphName":"none","isEnabled":true},"graphs":[]},"schema_type":"default","schema_type_options":null,"pillar_content":false,"robots_default":true,"robots_noindex":false,"robots_noarchive":false,"robots_nosnippet":false,"robots_nofollow":false,"robots_noimageindex":false,"robots_noodp":false,"robots_notranslate":false,"robots_max_snippet":"-1","robots_max_videopreview":"-1","robots_max_imagepreview":"large","priority":null,"frequency":"default","local_seo":null,"seo_analyzer_scan_date":"2026-01-12 20:32:45","breadcrumb_settings":null,"limit_modified_date":false,"reviewed_by":"0","open_ai":null,"ai":{"faqs":[],"keyPoints":[],"titles":[],"descriptions":[],"socialPosts":{"email":[],"linkedin":[],"twitter":[],"facebook":[],"instagram":[]}},"created":"2025-07-29 22:08:33","updated":"2026-02-05 03:19:16"},"aioseo_breadcrumb":"<div class=\"aioseo-breadcrumbs\"><span class=\"aioseo-breadcrumb\">\n\t<a href=\"https:\/\/soymigrante.com\/revista\" title=\"Home\">Home<\/a>\n<\/span><span class=\"aioseo-breadcrumb-separator\">\u00bb<\/span><span class=\"aioseo-breadcrumb\">\n\t<a href=\"https:\/\/soymigrante.com\/revista\/category\/guate-nuestra\/\" title=\"Guate Nuestra\">Guate Nuestra<\/a>\n<\/span><span class=\"aioseo-breadcrumb-separator\">\u00bb<\/span><span class=\"aioseo-breadcrumb\">\n\tAs\u00ed ocurri\u00f3 el terremoto que asol\u00f3 Antigua Guatemala el 29 de julio de 1773\n<\/span><\/div>","aioseo_breadcrumb_json":[{"label":"Home","link":"https:\/\/soymigrante.com\/revista"},{"label":"Guate Nuestra","link":"https:\/\/soymigrante.com\/revista\/category\/guate-nuestra\/"},{"label":"As\u00ed ocurri\u00f3 el terremoto que asol\u00f3 Antigua Guatemala el 29 de julio de 1773","link":"https:\/\/soymigrante.com\/revista\/hablando-de-sismos-un-29-de-julio-de-1773-ocurrio-el-terremoto-que-asolo-antigua-guatemala\/"}],"_links":{"self":[{"href":"https:\/\/soymigrante.com\/revista\/wp-json\/wp\/v2\/posts\/40747","targetHints":{"allow":["GET"]}}],"collection":[{"href":"https:\/\/soymigrante.com\/revista\/wp-json\/wp\/v2\/posts"}],"about":[{"href":"https:\/\/soymigrante.com\/revista\/wp-json\/wp\/v2\/types\/post"}],"author":[{"embeddable":true,"href":"https:\/\/soymigrante.com\/revista\/wp-json\/wp\/v2\/users\/1"}],"replies":[{"embeddable":true,"href":"https:\/\/soymigrante.com\/revista\/wp-json\/wp\/v2\/comments?post=40747"}],"version-history":[{"count":13,"href":"https:\/\/soymigrante.com\/revista\/wp-json\/wp\/v2\/posts\/40747\/revisions"}],"predecessor-version":[{"id":40761,"href":"https:\/\/soymigrante.com\/revista\/wp-json\/wp\/v2\/posts\/40747\/revisions\/40761"}],"wp:featuredmedia":[{"embeddable":true,"href":"https:\/\/soymigrante.com\/revista\/wp-json\/wp\/v2\/media\/5684"}],"wp:attachment":[{"href":"https:\/\/soymigrante.com\/revista\/wp-json\/wp\/v2\/media?parent=40747"}],"wp:term":[{"taxonomy":"category","embeddable":true,"href":"https:\/\/soymigrante.com\/revista\/wp-json\/wp\/v2\/categories?post=40747"},{"taxonomy":"post_tag","embeddable":true,"href":"https:\/\/soymigrante.com\/revista\/wp-json\/wp\/v2\/tags?post=40747"}],"curies":[{"name":"wp","href":"https:\/\/api.w.org\/{rel}","templated":true}]}}