{"id":40725,"date":"2025-07-30T04:00:00","date_gmt":"2025-07-30T10:00:00","guid":{"rendered":"https:\/\/soymigrante.com\/revista\/?p=40725"},"modified":"2025-07-29T22:00:10","modified_gmt":"2025-07-30T04:00:10","slug":"mateo-baten-da-pasos-al-exito-a-traves-de-store-ae-comex-en-mercado","status":"publish","type":"post","link":"https:\/\/soymigrante.com\/revista\/mateo-baten-da-pasos-al-exito-a-traves-de-store-ae-comex-en-mercado\/","title":{"rendered":"Mateo Baten da pasos al \u00e9xito a trav\u00e9s de Store A&amp;E Comex en Mercado"},"content":{"rendered":"\t\t<div data-elementor-type=\"wp-post\" data-elementor-id=\"40725\" class=\"elementor elementor-40725\" data-elementor-post-type=\"post\">\n\t\t\t\t<div data-particle_enable=\"false\" data-particle-mobile-disabled=\"false\" class=\"elementor-element elementor-element-ccaaabb e-flex e-con-boxed e-con e-parent\" data-id=\"ccaaabb\" data-element_type=\"container\" data-e-type=\"container\">\n\t\t\t\t\t<div class=\"e-con-inner\">\n\t\t\t\t<div class=\"elementor-element elementor-element-72c021e elementor-widget elementor-widget-heading\" data-id=\"72c021e\" data-element_type=\"widget\" data-e-type=\"widget\" data-widget_type=\"heading.default\">\n\t\t\t\t\t<h2 class=\"elementor-heading-title elementor-size-default\">Mateo Baten es un joven que desde la pandemia busca innovar en su tienda, Store A&amp;EComex vende zapatos en Mercado. <\/h2>\t\t\t\t<\/div>\n\t\t\t\t\t<\/div>\n\t\t\t\t<\/div>\n\t\t<div data-particle_enable=\"false\" data-particle-mobile-disabled=\"false\" class=\"elementor-element elementor-element-d991086 e-flex e-con-boxed e-con e-parent\" data-id=\"d991086\" data-element_type=\"container\" data-e-type=\"container\">\n\t\t\t\t\t<div class=\"e-con-inner\">\n\t\t\t\t<div class=\"elementor-element elementor-element-51ab41f elementor-widget elementor-widget-text-editor\" data-id=\"51ab41f\" data-element_type=\"widget\" data-e-type=\"widget\" data-widget_type=\"text-editor.default\">\n\t\t\t\t\t\t\t\t\t<p>Desde los 17 a\u00f1os, Mateo Baten ha estado vinculado al mundo digital. Hoy, a sus 27, lidera la tienda <a href=\"https:\/\/soymigrante.com\/mercado\/marketplace\/store-a-e-comex\" target=\"_blank\" rel=\"noopener\">Store A&amp;EComex,<\/a> disponible en la plataforma <a href=\"https:\/\/soymigrante.com\/mercado\/\" target=\"_blank\" rel=\"noopener\">Mercado<\/a>, y se dedica a importar calzado de calidad desde Colombia y M\u00e9xico.<\/p><p>Mateo Baten es parte de la nueva generaci\u00f3n de emprendedores guatemaltecos que vieron en la crisis una oportunidad. En 2020, cuando la pandemia oblig\u00f3 al cierre de negocios f\u00edsicos y a una pausa en muchas actividades econ\u00f3micas, Mateo decidi\u00f3 dar el salto definitivo al comercio electr\u00f3nico con su tienda Store A&amp;EComex, ahora disponible en la plataforma <a href=\"https:\/\/soymigrante.com\/mercado\/\" target=\"_blank\" rel=\"noopener\">Mercado<\/a>.<\/p>\t\t\t\t\t\t\t\t<\/div>\n\t\t\t\t\t<\/div>\n\t\t\t\t<\/div>\n\t\t<div data-particle_enable=\"false\" data-particle-mobile-disabled=\"false\" class=\"elementor-element elementor-element-6d82725 e-flex e-con-boxed e-con e-parent\" data-id=\"6d82725\" data-element_type=\"container\" data-e-type=\"container\">\n\t\t\t\t\t<div class=\"e-con-inner\">\n\t\t\t\t<div class=\"elementor-element elementor-element-6e5afed elementor-widget elementor-widget-text-editor\" data-id=\"6e5afed\" data-element_type=\"widget\" data-e-type=\"widget\" data-widget_type=\"text-editor.default\">\n\t\t\t\t\t\t\t\t\t<p><a href=\"https:\/\/soymigrante.com\/mercado\/marketplace\/store-a-e-comex\" target=\"_blank\" rel=\"noopener\">Store A&amp;EComex<\/a> ya abri\u00f3 su tienda digital en <a href=\"https:\/\/soymigrante.com\/mercado\/\" target=\"_blank\" rel=\"noopener\">SoyMigrante.com MERCADO<\/a>, la comunidad que une a emprendedores guatemaltecos con compradores en todo el pa\u00eds para impulsar la econom\u00eda familiar y comunitaria, generar oportunidades, facilitar log\u00edstica de pago y entrega, as\u00ed como mostrar el inmenso talento de los guatemaltecos. Y esta es la historia detr\u00e1s de <a href=\"https:\/\/soymigrante.com\/mercado\/marketplace\/store-a-e-comex\" target=\"_blank\" rel=\"noopener\">Store A&amp;EComex.<\/a><\/p>\t\t\t\t\t\t\t\t<\/div>\n\t\t\t\t\t<\/div>\n\t\t\t\t<\/div>\n\t\t<div data-particle_enable=\"false\" data-particle-mobile-disabled=\"false\" class=\"elementor-element elementor-element-def9fbf e-flex e-con-boxed e-con e-parent\" data-id=\"def9fbf\" data-element_type=\"container\" data-e-type=\"container\">\n\t\t\t\t\t<div class=\"e-con-inner\">\n\t\t\t\t<div class=\"elementor-element elementor-element-b27c18e elementor-widget elementor-widget-image\" data-id=\"b27c18e\" data-element_type=\"widget\" data-e-type=\"widget\" data-widget_type=\"image.default\">\n\t\t\t\t\t\t\t\t\t\t\t\t<figure class=\"wp-caption\">\n\t\t\t\t\t\t\t\t\t\t\t<a href=\"https:\/\/soymigrante.com\/mercado\/marketplace\/store-a-e-comex\">\n\t\t\t\t\t\t\t<img fetchpriority=\"high\" decoding=\"async\" width=\"768\" height=\"275\" src=\"https:\/\/soymigrante.com\/revista\/wp-content\/uploads\/2025\/07\/Mateo-Baten-el-joven-que-innova-y-tiene-su-tienda-Store-AEComex-en-Mercado1-1024x366.png\" class=\"attachment-large size-large wp-image-40732\" alt=\"A&amp;E Store Comex en Huehuetenango, tienda de abarrotes y productos b\u00e1sicos en Santa Cruz Barillas.\" srcset=\"https:\/\/soymigrante.com\/revista\/wp-content\/uploads\/2025\/07\/Mateo-Baten-el-joven-que-innova-y-tiene-su-tienda-Store-AEComex-en-Mercado1-1024x366.png 1024w, https:\/\/soymigrante.com\/revista\/wp-content\/uploads\/2025\/07\/Mateo-Baten-el-joven-que-innova-y-tiene-su-tienda-Store-AEComex-en-Mercado1-300x107.png 300w, https:\/\/soymigrante.com\/revista\/wp-content\/uploads\/2025\/07\/Mateo-Baten-el-joven-que-innova-y-tiene-su-tienda-Store-AEComex-en-Mercado1-768x274.png 768w, https:\/\/soymigrante.com\/revista\/wp-content\/uploads\/2025\/07\/Mateo-Baten-el-joven-que-innova-y-tiene-su-tienda-Store-AEComex-en-Mercado1-1536x549.png 1536w, https:\/\/soymigrante.com\/revista\/wp-content\/uploads\/2025\/07\/Mateo-Baten-el-joven-que-innova-y-tiene-su-tienda-Store-AEComex-en-Mercado1-750x268.png 750w, https:\/\/soymigrante.com\/revista\/wp-content\/uploads\/2025\/07\/Mateo-Baten-el-joven-que-innova-y-tiene-su-tienda-Store-AEComex-en-Mercado1-1140x407.png 1140w, https:\/\/soymigrante.com\/revista\/wp-content\/uploads\/2025\/07\/Mateo-Baten-el-joven-que-innova-y-tiene-su-tienda-Store-AEComex-en-Mercado1.webp 1725w\" sizes=\"(max-width: 768px) 100vw, 768px\" title=\"La tienda est\u00e1 disponible en Mercado. (Foto: captura de pantalla) \u2013 SoyMigrante.com REVISTA\" \/>\t\t\t\t\t\t\t\t<\/a>\n\t\t\t\t\t\t\t\t\t\t\t<figcaption class=\"widget-image-caption wp-caption-text\">Tienda A&amp;E Store Comex en Huehuetenango, zona 1 Santa Cruz Barillas, ofreciendo productos de abarrotes, pinturas, y art\u00edculos de hogar en una ubicaci\u00f3n conveniente y confiable.<\/figcaption>\n\t\t\t\t\t\t\t\t\t\t<\/figure>\n\t\t\t\t\t\t\t\t\t<\/div>\n\t\t\t\t\t<\/div>\n\t\t\t\t<\/div>\n\t\t<div data-particle_enable=\"false\" data-particle-mobile-disabled=\"false\" class=\"elementor-element elementor-element-e590e6f e-flex e-con-boxed e-con e-parent\" data-id=\"e590e6f\" data-element_type=\"container\" data-e-type=\"container\">\n\t\t\t\t\t<div class=\"e-con-inner\">\n\t\t\t\t<div class=\"elementor-element elementor-element-9ad279a elementor-widget elementor-widget-heading\" data-id=\"9ad279a\" data-element_type=\"widget\" data-e-type=\"widget\" data-widget_type=\"heading.default\">\n\t\t\t\t\t<h3 class=\"elementor-heading-title elementor-size-default\">Emprendiendo desde 2017 <\/h3>\t\t\t\t<\/div>\n\t\t\t\t\t<\/div>\n\t\t\t\t<\/div>\n\t\t<div data-particle_enable=\"false\" data-particle-mobile-disabled=\"false\" class=\"elementor-element elementor-element-66f2719 e-flex e-con-boxed e-con e-parent\" data-id=\"66f2719\" data-element_type=\"container\" data-e-type=\"container\">\n\t\t\t\t\t<div class=\"e-con-inner\">\n\t\t\t\t<div class=\"elementor-element elementor-element-b790c43 elementor-widget elementor-widget-text-editor\" data-id=\"b790c43\" data-element_type=\"widget\" data-e-type=\"widget\" data-widget_type=\"text-editor.default\">\n\t\t\t\t\t\t\t\t\t<p>Aunque oficialmente inici\u00f3 su tienda en 2017, su inter\u00e9s por el mundo digital comenz\u00f3 desde mucho antes. <a href=\"https:\/\/soymigrante.com\/mercado\/marketplace\/store-a-e-comex\" target=\"_blank\" rel=\"noopener\">A los 17 a\u00f1os ya vend\u00eda productos usados, como tel\u00e9fonos, a trav\u00e9s de internet.<\/a> Su incursi\u00f3n en redes de mercadeo le dio herramientas y experiencia, pero fue el cierre obligatorio por la pandemia lo que lo impuls\u00f3 a repensar su estrategia. \u201c<em>Nos vimos obligados a cerrar para resguardar la salud, pero esa fue la oportunidad para vender en l\u00ednea<\/em>\u201d, comenta.<\/p><p>Hoy, su tienda ofrece una variedad de calzado para hombres y mujeres, de fabricaci\u00f3n mexicana y colombiana, que importa directamente de los fabricantes. \u201c<em>La misi\u00f3n que nosotros ten\u00edamos era no tener intermediarios porque es m\u00e1s dif\u00edcil. Ahora hacemos el contrato directo con los fabricantes<\/em>\u201d, explica Mateo, quien apuesta por mantener precios accesibles y productos de alta calidad.<\/p>\t\t\t\t\t\t\t\t<\/div>\n\t\t\t\t\t<\/div>\n\t\t\t\t<\/div>\n\t\t<div data-particle_enable=\"false\" data-particle-mobile-disabled=\"false\" class=\"elementor-element elementor-element-572708a e-flex e-con-boxed e-con e-parent\" data-id=\"572708a\" data-element_type=\"container\" data-e-type=\"container\">\n\t\t\t\t\t<div class=\"e-con-inner\">\n\t\t\t\t<div class=\"elementor-element elementor-element-abdb27c elementor-widget elementor-widget-image\" data-id=\"abdb27c\" data-element_type=\"widget\" data-e-type=\"widget\" data-widget_type=\"image.default\">\n\t\t\t\t\t\t\t\t\t\t\t\t<figure class=\"wp-caption\">\n\t\t\t\t\t\t\t\t\t\t\t<a href=\"https:\/\/soymigrante.com\/mercado\/marketplace\/store-a-e-comex\">\n\t\t\t\t\t\t\t<img decoding=\"async\" width=\"720\" height=\"1024\" src=\"https:\/\/soymigrante.com\/revista\/wp-content\/uploads\/2025\/07\/Mateo-Baten-el-joven-que-innova-y-tiene-su-tienda-Store-AEComex-en-Mercado2-720x1024.jpeg\" class=\"attachment-large size-large wp-image-40733\" alt=\"Zapatos de tac\u00f3n elegantes de mujer disponibles en talla 38, con dise\u00f1o de flor en la punta, zapatos de moda para ocasiones formales y stylish, perfectos para complementar outfits de noche o eventos especiales, imagen promocional de calzado femenino de alta calidad.\" srcset=\"https:\/\/soymigrante.com\/revista\/wp-content\/uploads\/2025\/07\/Mateo-Baten-el-joven-que-innova-y-tiene-su-tienda-Store-AEComex-en-Mercado2-720x1024.jpeg 720w, https:\/\/soymigrante.com\/revista\/wp-content\/uploads\/2025\/07\/Mateo-Baten-el-joven-que-innova-y-tiene-su-tienda-Store-AEComex-en-Mercado2-211x300.jpeg 211w, https:\/\/soymigrante.com\/revista\/wp-content\/uploads\/2025\/07\/Mateo-Baten-el-joven-que-innova-y-tiene-su-tienda-Store-AEComex-en-Mercado2-768x1092.jpeg 768w, https:\/\/soymigrante.com\/revista\/wp-content\/uploads\/2025\/07\/Mateo-Baten-el-joven-que-innova-y-tiene-su-tienda-Store-AEComex-en-Mercado2-750x1066.jpeg 750w, https:\/\/soymigrante.com\/revista\/wp-content\/uploads\/2025\/07\/Mateo-Baten-el-joven-que-innova-y-tiene-su-tienda-Store-AEComex-en-Mercado2.jpeg 1080w\" sizes=\"(max-width: 720px) 100vw, 720px\" title=\"Los zapatos son parte de su identidad. (Foto: Cortes\u00eda Mateo Baten) \u2013 SoyMigrante.com REVISTA\" \/>\t\t\t\t\t\t\t\t<\/a>\n\t\t\t\t\t\t\t\t\t\t\t<figcaption class=\"widget-image-caption wp-caption-text\">Zapatos de tac\u00f3n de mujer en talla 38 con dise\u00f1o floral, perfectos para complementar atuendos elegantes, destacados en SoyMigrante.com REVISTA.<\/figcaption>\n\t\t\t\t\t\t\t\t\t\t<\/figure>\n\t\t\t\t\t\t\t\t\t<\/div>\n\t\t\t\t\t<\/div>\n\t\t\t\t<\/div>\n\t\t<div data-particle_enable=\"false\" data-particle-mobile-disabled=\"false\" class=\"elementor-element elementor-element-a6b7c5f e-flex e-con-boxed e-con e-parent\" data-id=\"a6b7c5f\" data-element_type=\"container\" data-e-type=\"container\">\n\t\t\t\t\t<div class=\"e-con-inner\">\n\t\t\t\t<div class=\"elementor-element elementor-element-a0be38e elementor-widget elementor-widget-heading\" data-id=\"a0be38e\" data-element_type=\"widget\" data-e-type=\"widget\" data-widget_type=\"heading.default\">\n\t\t\t\t\t<h3 class=\"elementor-heading-title elementor-size-default\">Un camino que no ha sido sencillo<\/h3>\t\t\t\t<\/div>\n\t\t\t\t\t<\/div>\n\t\t\t\t<\/div>\n\t\t<div data-particle_enable=\"false\" data-particle-mobile-disabled=\"false\" class=\"elementor-element elementor-element-f88d521 e-flex e-con-boxed e-con e-parent\" data-id=\"f88d521\" data-element_type=\"container\" data-e-type=\"container\">\n\t\t\t\t\t<div class=\"e-con-inner\">\n\t\t\t\t<div class=\"elementor-element elementor-element-9863758 elementor-widget elementor-widget-text-editor\" data-id=\"9863758\" data-element_type=\"widget\" data-e-type=\"widget\" data-widget_type=\"text-editor.default\">\n\t\t\t\t\t\t\t\t\t<p>En su camino como emprendedor no todo ha sido sencillo. \u201c<em>Como cualquier negocio, hay meses buenos y meses bajos, pero tenemos la convicci\u00f3n que hay meses que vendr\u00e1n mejores<\/em>\u201d, dice. En el pasado, lleg\u00f3 a tener hasta cinco personas trabajando con \u00e9l en otros emprendimientos, pero actualmente, el equipo de <a href=\"https:\/\/soymigrante.com\/mercado\/marketplace\/store-a-e-comex\" target=\"_blank\" rel=\"noopener\">Store A&amp;EComex<\/a> est\u00e1 conformado por solo dos personas.<\/p><p>Con determinaci\u00f3n y visi\u00f3n clara, Mateo afirma: \u201c<em>Nosotros nos hemos dedicado a vender, y como buenos emprendedores, traemos de todo un poco<\/em>\u201d. Adem\u00e1s, resalta que el contacto con fabricantes de pa\u00edses como M\u00e9xico y Colombia ha sido clave para mantener su tienda competitiva.<\/p><p><a href=\"https:\/\/soymigrante.com\/mercado\/marketplace\/store-a-e-comex\" target=\"_blank\" rel=\"noopener\">Store A&amp;EComex<\/a> no solo es un negocio digital, tambi\u00e9n es el reflejo de c\u00f3mo un joven guatemalteco encontr\u00f3 en el comercio electr\u00f3nico una herramienta para avanzar, reinventarse y seguir so\u00f1ando.<\/p>\t\t\t\t\t\t\t\t<\/div>\n\t\t\t\t\t<\/div>\n\t\t\t\t<\/div>\n\t\t<div data-particle_enable=\"false\" data-particle-mobile-disabled=\"false\" class=\"elementor-element elementor-element-991425a e-flex e-con-boxed e-con e-parent\" data-id=\"991425a\" data-element_type=\"container\" data-e-type=\"container\">\n\t\t\t\t\t<div class=\"e-con-inner\">\n\t\t\t\t<div class=\"elementor-element elementor-element-2b26b60 elementor-widget elementor-widget-image\" data-id=\"2b26b60\" data-element_type=\"widget\" data-e-type=\"widget\" data-widget_type=\"image.default\">\n\t\t\t\t\t\t\t\t\t\t\t\t<figure class=\"wp-caption\">\n\t\t\t\t\t\t\t\t\t\t<img decoding=\"async\" width=\"768\" height=\"617\" src=\"https:\/\/soymigrante.com\/revista\/wp-content\/uploads\/2025\/07\/Mateo-Baten-el-joven-que-innova-y-tiene-su-tienda-Store-AEComex-en-Mercado4-1024x822.png\" class=\"attachment-large size-large wp-image-40734\" alt=\"Zapatillas deportivas blancas para mujer, calzado c\u00f3modo y moderno, ideal para deporte o casual, disponible en oferta en SoyMigrante.com.\" srcset=\"https:\/\/soymigrante.com\/revista\/wp-content\/uploads\/2025\/07\/Mateo-Baten-el-joven-que-innova-y-tiene-su-tienda-Store-AEComex-en-Mercado4-1024x822.png 1024w, https:\/\/soymigrante.com\/revista\/wp-content\/uploads\/2025\/07\/Mateo-Baten-el-joven-que-innova-y-tiene-su-tienda-Store-AEComex-en-Mercado4-300x241.png 300w, https:\/\/soymigrante.com\/revista\/wp-content\/uploads\/2025\/07\/Mateo-Baten-el-joven-que-innova-y-tiene-su-tienda-Store-AEComex-en-Mercado4-768x617.png 768w, https:\/\/soymigrante.com\/revista\/wp-content\/uploads\/2025\/07\/Mateo-Baten-el-joven-que-innova-y-tiene-su-tienda-Store-AEComex-en-Mercado4-750x602.webp 750w, https:\/\/soymigrante.com\/revista\/wp-content\/uploads\/2025\/07\/Mateo-Baten-el-joven-que-innova-y-tiene-su-tienda-Store-AEComex-en-Mercado4.webp 1117w\" sizes=\"(max-width: 768px) 100vw, 768px\" title=\"La tienda de Mateo Baten se dedica a vender calzado de calidad. (Foto: Captura de pantalla) \u2013 SoyMigrante.com REVISTA\" \/>\t\t\t\t\t\t\t\t\t\t\t<figcaption class=\"widget-image-caption wp-caption-text\">Zapatos negros casuales con estilo, ideales para uso diario, con buen precio y calidad en SoyMigrante.com.<\/figcaption>\n\t\t\t\t\t\t\t\t\t\t<\/figure>\n\t\t\t\t\t\t\t\t\t<\/div>\n\t\t\t\t\t<\/div>\n\t\t\t\t<\/div>\n\t\t<div data-particle_enable=\"false\" data-particle-mobile-disabled=\"false\" class=\"elementor-element elementor-element-c7d6d13 e-flex e-con-boxed e-con e-parent\" data-id=\"c7d6d13\" data-element_type=\"container\" data-e-type=\"container\">\n\t\t\t\t\t<div class=\"e-con-inner\">\n\t\t\t\t<div class=\"elementor-element elementor-element-b05bb81 elementor-widget elementor-widget-heading\" data-id=\"b05bb81\" data-element_type=\"widget\" data-e-type=\"widget\" data-widget_type=\"heading.default\">\n\t\t\t\t\t<h2 class=\"elementor-heading-title elementor-size-default\">Conoce otros emprendedores que hacen historia...<\/h2>\t\t\t\t<\/div>\n\t\t\t\t\t<\/div>\n\t\t\t\t<\/div>\n\t\t<div data-particle_enable=\"false\" data-particle-mobile-disabled=\"false\" class=\"elementor-element elementor-element-eb9d701 e-flex e-con-boxed e-con e-parent\" data-id=\"eb9d701\" data-element_type=\"container\" data-e-type=\"container\">\n\t\t\t\t\t<div class=\"e-con-inner\">\n\t\t\t\t<div class=\"elementor-element elementor-element-c78a14f elementor-grid-eael-col-3 elementor-grid-tablet-eael-col-2 elementor-grid-mobile-eael-col-1 elementor-invisible elementor-widget elementor-widget-eael-post-grid\" data-id=\"c78a14f\" data-element_type=\"widget\" data-e-type=\"widget\" data-settings=\"{&quot;eael_post_grid_columns&quot;:&quot;eael-col-3&quot;,&quot;_animation&quot;:&quot;rollIn&quot;,&quot;eael_post_grid_columns_tablet&quot;:&quot;eael-col-2&quot;,&quot;eael_post_grid_columns_mobile&quot;:&quot;eael-col-1&quot;}\" data-widget_type=\"eael-post-grid.default\">\n\t\t\t\t\t<div id=\"eael-post-grid-c78a14f\" class=\"eael-post-grid-container\">\n            <div class=\"eael-post-grid eael-post-appender eael-post-appender-c78a14f eael-post-grid-style-one\" data-layout-mode=\"masonry\"><article class=\"eael-grid-post  eael-post-grid-column eael-pg-post-20419 category-guate-nuestra tags-mercado-emprendedores\" data-id=\"20419\">\n        <div class=\"eael-grid-post-holder\">\n            <div class=\"eael-grid-post-holder-inner\"><div class=\"eael-entry-media\"><div class=\"eael-entry-overlay fade-in\"><i class=\"far fa-hand-pointer\" aria-hidden=\"true\"><\/i><a href=\"https:\/\/soymigrante.com\/revista\/calzado-ninnke-nacio-del-amor-de-una-mama-y-la-pasion-por-crear-un-estilo-unico\/\"><\/a><\/div><div class=\"eael-entry-thumbnail \">\n                <img loading=\"lazy\" decoding=\"async\" width=\"960\" height=\"960\" src=\"https:\/\/soymigrante.com\/revista\/wp-content\/uploads\/2025\/01\/ninnke-zapatos.webp\" class=\"attachment-large size-large wp-image-20421\" alt=\"Zapatos de tac\u00f3n dorados y pantalones blancos casuales con blusa azul claro, sentada en una silla en una tienda de zapatos con exhibici\u00f3n de sandalias y gafas en el fondo.\" srcset=\"https:\/\/soymigrante.com\/revista\/wp-content\/uploads\/2025\/01\/ninnke-zapatos.webp 960w, https:\/\/soymigrante.com\/revista\/wp-content\/uploads\/2025\/01\/ninnke-zapatos-300x300.jpg 300w, https:\/\/soymigrante.com\/revista\/wp-content\/uploads\/2025\/01\/ninnke-zapatos-150x150.jpg 150w, https:\/\/soymigrante.com\/revista\/wp-content\/uploads\/2025\/01\/ninnke-zapatos-768x768.jpg 768w, https:\/\/soymigrante.com\/revista\/wp-content\/uploads\/2025\/01\/ninnke-zapatos-75x75.webp 75w, https:\/\/soymigrante.com\/revista\/wp-content\/uploads\/2025\/01\/ninnke-zapatos-750x750.webp 750w\" sizes=\"(max-width: 960px) 100vw, 960px\" \/>\n            <\/div>\n        <\/div><div class=\"eael-entry-wrapper\"><header class=\"eael-entry-header\"><h2 class=\"eael-entry-title\"><a class=\"eael-grid-post-link\" href=\"https:\/\/soymigrante.com\/revista\/calzado-ninnke-nacio-del-amor-de-una-mama-y-la-pasion-por-crear-un-estilo-unico\/\" title=\"Calzado Ninnke naci\u00f3 del amor de una mam\u00e1 y la pasi\u00f3n por crear un estilo \u00fanico: ahora est\u00e1 en MERCADO\">Calzado Ninnke naci\u00f3 del amor de una mam\u00e1 y la pasi\u00f3n por crear un estilo \u00fanico: ahora est\u00e1 en MERCADO<\/a><\/h2><\/header><div class=\"eael-entry-content\">\n                        <div class=\"eael-grid-post-excerpt\"><a href=\"https:\/\/soymigrante.com\/revista\/calzado-ninnke-nacio-del-amor-de-una-mama-y-la-pasion-por-crear-un-estilo-unico\/\" class=\"eael-post-elements-readmore-btn\">CONOCE SU HISTORIA <\/a><\/div>\n                    <\/div><\/div><\/div>\n        <\/div>\n    <\/article><article class=\"eael-grid-post  eael-post-grid-column eael-pg-post-19696 category-guate-nuestra tags-mercado-emprendedores\" data-id=\"19696\">\n        <div class=\"eael-grid-post-holder\">\n            <div class=\"eael-grid-post-holder-inner\"><div class=\"eael-entry-media\"><div class=\"eael-entry-overlay fade-in\"><i class=\"far fa-hand-pointer\" aria-hidden=\"true\"><\/i><a href=\"https:\/\/soymigrante.com\/revista\/hamacas-kemert-25-anos-de-historia-calidad-y-tradicion-familiar-ahora-en-mercado\/\"><\/a><\/div><div class=\"eael-entry-thumbnail \">\n                <img loading=\"lazy\" decoding=\"async\" width=\"1024\" height=\"368\" src=\"https:\/\/soymigrante.com\/revista\/wp-content\/uploads\/2025\/01\/IMG-20250108-WA0005-1024x368.jpg\" class=\"attachment-large size-large wp-image-19835\" alt=\"Entretejido artesanal colorido en mercado tradicional mexicano, exhibiendo tejidos y accesorios culturales, representando la riqueza de la cultura ind\u00edgena en comunidades rurales.\" srcset=\"https:\/\/soymigrante.com\/revista\/wp-content\/uploads\/2025\/01\/IMG-20250108-WA0005-1024x368.jpg 1024w, https:\/\/soymigrante.com\/revista\/wp-content\/uploads\/2025\/01\/IMG-20250108-WA0005-300x108.jpg 300w, https:\/\/soymigrante.com\/revista\/wp-content\/uploads\/2025\/01\/IMG-20250108-WA0005-768x276.jpg 768w, https:\/\/soymigrante.com\/revista\/wp-content\/uploads\/2025\/01\/IMG-20250108-WA0005-750x270.webp 750w, https:\/\/soymigrante.com\/revista\/wp-content\/uploads\/2025\/01\/IMG-20250108-WA0005-1140x410.webp 1140w, https:\/\/soymigrante.com\/revista\/wp-content\/uploads\/2025\/01\/IMG-20250108-WA0005.webp 1280w\" sizes=\"(max-width: 1024px) 100vw, 1024px\" \/>\n            <\/div>\n        <\/div><div class=\"eael-entry-wrapper\"><header class=\"eael-entry-header\"><h2 class=\"eael-entry-title\"><a class=\"eael-grid-post-link\" href=\"https:\/\/soymigrante.com\/revista\/hamacas-kemert-25-anos-de-historia-calidad-y-tradicion-familiar-ahora-en-mercado\/\" title=\"Hamacas Kemert: 25 a\u00f1os de  tradici\u00f3n familiar, calidad y descanso, ahora en MERCADO\">Hamacas Kemert: 25 a\u00f1os de  tradici\u00f3n familiar, calidad y descanso, ahora en MERCADO<\/a><\/h2><\/header><div class=\"eael-entry-content\">\n                        <div class=\"eael-grid-post-excerpt\"><a href=\"https:\/\/soymigrante.com\/revista\/hamacas-kemert-25-anos-de-historia-calidad-y-tradicion-familiar-ahora-en-mercado\/\" class=\"eael-post-elements-readmore-btn\">CONOCE SU HISTORIA <\/a><\/div>\n                    <\/div><\/div><\/div>\n        <\/div>\n    <\/article><article class=\"eael-grid-post  eael-post-grid-column eael-pg-post-13619 category-guate-nuestra tags-mercado-emprendedores\" data-id=\"13619\">\n        <div class=\"eael-grid-post-holder\">\n            <div class=\"eael-grid-post-holder-inner\"><div class=\"eael-entry-media\"><div class=\"eael-entry-overlay fade-in\"><i class=\"far fa-hand-pointer\" aria-hidden=\"true\"><\/i><a href=\"https:\/\/soymigrante.com\/revista\/verdelimon-un-emprendimiento-dulce-y-saludable-lleno-de-arte\/\"><\/a><\/div><div class=\"eael-entry-thumbnail \">\n                <img loading=\"lazy\" decoding=\"async\" width=\"428\" height=\"428\" src=\"https:\/\/soymigrante.com\/revista\/wp-content\/uploads\/2024\/11\/Verde-y-limon-Carolina-Alvarado-Argueta.webp\" class=\"attachment-large size-large wp-image-13645\" alt=\"Pintora muralista adolescente creando arte en la pared con aer\u00f3grafo en un mural colorido con nubes y globo aerost\u00e1tico, promoviendo cultura y arte en la comunidad.\" srcset=\"https:\/\/soymigrante.com\/revista\/wp-content\/uploads\/2024\/11\/Verde-y-limon-Carolina-Alvarado-Argueta.webp 428w, https:\/\/soymigrante.com\/revista\/wp-content\/uploads\/2024\/11\/Verde-y-limon-Carolina-Alvarado-Argueta-300x300.jpeg 300w, https:\/\/soymigrante.com\/revista\/wp-content\/uploads\/2024\/11\/Verde-y-limon-Carolina-Alvarado-Argueta-150x150.jpeg 150w, https:\/\/soymigrante.com\/revista\/wp-content\/uploads\/2024\/11\/Verde-y-limon-Carolina-Alvarado-Argueta-75x75.webp 75w\" sizes=\"(max-width: 428px) 100vw, 428px\" \/>\n            <\/div>\n        <\/div><div class=\"eael-entry-wrapper\"><header class=\"eael-entry-header\"><h2 class=\"eael-entry-title\"><a class=\"eael-grid-post-link\" href=\"https:\/\/soymigrante.com\/revista\/verdelimon-un-emprendimiento-dulce-y-saludable-lleno-de-arte\/\" title=\"Verde&amp;Lim\u00f3n: un emprendimiento dulce y saludable lleno de arte est\u00e1 ahora en MERCADO\">Verde&amp;Lim\u00f3n: un emprendimiento dulce y saludable lleno de arte est\u00e1 ahora en MERCADO<\/a><\/h2><\/header><div class=\"eael-entry-content\">\n                        <div class=\"eael-grid-post-excerpt\"><a href=\"https:\/\/soymigrante.com\/revista\/verdelimon-un-emprendimiento-dulce-y-saludable-lleno-de-arte\/\" class=\"eael-post-elements-readmore-btn\">CONOCE SU HISTORIA <\/a><\/div>\n                    <\/div><\/div><\/div>\n        <\/div>\n    <\/article><\/div>\n            <div class=\"clearfix\"><\/div>\n        <\/div>\t\t\t\t<\/div>\n\t\t\t\t\t<\/div>\n\t\t\t\t<\/div>\n\t\t\t\t<\/div>\n\t\t","protected":false},"excerpt":{"rendered":"<p>Mateo Baten es un joven que desde la pandemia busca innovar en su tienda, Store A&amp;EComex vende zapatos en Mercado. Desde los 17 a\u00f1os, Mateo Baten ha estado vinculado al mundo digital. Hoy, a sus 27, lidera la tienda Store A&amp;EComex, disponible en la plataforma Mercado, y se dedica a importar calzado de calidad desde [&hellip;]<\/p>\n","protected":false},"author":19,"featured_media":40763,"comment_status":"open","ping_status":"open","sticky":false,"template":"","format":"standard","meta":{"_acf_changed":false,"_eb_attr":"","footnotes":""},"categories":[58],"tags":[130],"class_list":["post-40725","post","type-post","status-publish","format-standard","has-post-thumbnail","hentry","category-guate-nuestra","tag-mercado-emprendedores"],"acf":[],"aioseo_notices":[],"aioseo_head":"\n\t\t<!-- All in One SEO Pro 4.9.6.2 - aioseo.com -->\n\t<meta name=\"description\" content=\"Carolina Alvarado Argueta, inspirada por los aromas dulces y los paisajes de Guatemala procesa y distribuye frutas deshidratadas. Ahora en SoyMigrante MERCADO\" \/>\n\t<meta name=\"robots\" content=\"max-snippet:-1, max-image-preview:large, max-video-preview:-1\" \/>\n\t<meta name=\"author\" content=\"Beatriz Tercero\"\/>\n\t<link rel=\"canonical\" href=\"https:\/\/soymigrante.com\/revista\/verdelimon-un-emprendimiento-dulce-y-saludable-lleno-de-arte\/\" \/>\n\t<meta name=\"generator\" content=\"All in One SEO Pro (AIOSEO) 4.9.6.2\" \/>\n\n\t\t<link rel=\"preconnect\" href=\"https:\/\/fonts.googleapis.com\" crossorigin>\n<link rel=\"preconnect\" href=\"https:\/\/fonts.gstatic.com\" crossorigin>\n\t\t<meta property=\"og:locale\" content=\"es_ES\" \/>\n\t\t<meta property=\"og:site_name\" content=\"SoyMigrante.com REVISTA \u2013 Nuestra misi\u00f3n es reconocer y dignificar al migrante.\" \/>\n\t\t<meta property=\"og:type\" content=\"article\" \/>\n\t\t<meta property=\"og:title\" content=\"Verde&amp;Lim\u00f3n: un sue\u00f1o dulce y saludable lleno de arte y de sabor\" \/>\n\t\t<meta property=\"og:description\" content=\"Carolina Alvarado Argueta, inspirada por los aromas dulces y los paisajes de Guatemala procesa y distribuye frutas deshidratadas. Ahora en SoyMigrante MERCADO\" \/>\n\t\t<meta property=\"og:url\" content=\"https:\/\/soymigrante.com\/revista\/verdelimon-un-emprendimiento-dulce-y-saludable-lleno-de-arte\/\" \/>\n\t\t<meta property=\"og:image\" content=\"https:\/\/soymigrante.com\/revista\/wp-content\/uploads\/2024\/11\/Verde-y-limon-Carolina-Alvarado-Argueta.webp\" \/>\n\t\t<meta property=\"og:image:secure_url\" content=\"https:\/\/soymigrante.com\/revista\/wp-content\/uploads\/2024\/11\/Verde-y-limon-Carolina-Alvarado-Argueta.webp\" \/>\n\t\t<meta property=\"og:image:width\" content=\"428\" \/>\n\t\t<meta property=\"og:image:height\" content=\"428\" \/>\n\t\t<meta property=\"article:published_time\" content=\"2024-11-21T17:01:11+00:00\" \/>\n\t\t<meta property=\"article:modified_time\" content=\"2024-11-26T00:03:44+00:00\" \/>\n\t\t<meta property=\"article:publisher\" content=\"https:\/\/www.facebook.com\/soymigrantecom\" \/>\n\t\t<meta name=\"twitter:card\" content=\"summary_large_image\" \/>\n\t\t<meta name=\"twitter:site\" content=\"@SoyMigrante_com\" \/>\n\t\t<meta name=\"twitter:title\" content=\"Verde&amp;Lim\u00f3n: un sue\u00f1o dulce y saludable lleno de arte y de sabor\" \/>\n\t\t<meta name=\"twitter:description\" content=\"Carolina Alvarado Argueta, inspirada por los aromas dulces y los paisajes de Guatemala procesa y distribuye frutas deshidratadas. Ahora en SoyMigrante MERCADO\" \/>\n\t\t<meta name=\"twitter:creator\" content=\"@SoyMigrante_com\" \/>\n\t\t<meta name=\"twitter:image\" content=\"https:\/\/soymigrante.com\/revista\/wp-content\/uploads\/2024\/11\/Verde-y-limon-Carolina-Alvarado-Argueta.webp\" \/>\n\t\t<!-- All in One SEO Pro -->\r\n\t\t<title>Verde&amp;Lim\u00f3n: un sue\u00f1o dulce y saludable lleno de arte y de sabor<\/title>\n\n","aioseo_head_json":{"title":"Verde&Lim\u00f3n: un sue\u00f1o dulce y saludable lleno de arte y de sabor","description":"Carolina Alvarado Argueta, inspirada por los aromas dulces y los paisajes de Guatemala procesa y distribuye frutas deshidratadas. Ahora en SoyMigrante MERCADO","canonical_url":"https:\/\/soymigrante.com\/revista\/verdelimon-un-emprendimiento-dulce-y-saludable-lleno-de-arte\/","robots":"max-snippet:-1, max-image-preview:large, max-video-preview:-1","keywords":"","webmasterTools":{"miscellaneous":"&lt;link rel=\"preconnect\" href=\"https:\/\/fonts.googleapis.com\" crossorigin&gt;\n&lt;link rel=\"preconnect\" href=\"https:\/\/fonts.gstatic.com\" crossorigin&gt;"},"schema":null,"og:locale":"es_ES","og:site_name":"SoyMigrante.com REVISTA \u2013 Nuestra misi\u00f3n es reconocer y dignificar al migrante.","og:type":"article","og:title":"Verde&amp;Lim\u00f3n: un sue\u00f1o dulce y saludable lleno de arte y de sabor","og:description":"Carolina Alvarado Argueta, inspirada por los aromas dulces y los paisajes de Guatemala procesa y distribuye frutas deshidratadas. Ahora en SoyMigrante MERCADO","og:url":"https:\/\/soymigrante.com\/revista\/verdelimon-un-emprendimiento-dulce-y-saludable-lleno-de-arte\/","og:image":"https:\/\/soymigrante.com\/revista\/wp-content\/uploads\/2024\/11\/Verde-y-limon-Carolina-Alvarado-Argueta.webp","og:image:secure_url":"https:\/\/soymigrante.com\/revista\/wp-content\/uploads\/2024\/11\/Verde-y-limon-Carolina-Alvarado-Argueta.webp","og:image:width":428,"og:image:height":428,"article:published_time":"2024-11-21T17:01:11+00:00","article:modified_time":"2024-11-26T00:03:44+00:00","article:publisher":"https:\/\/www.facebook.com\/soymigrantecom","twitter:card":"summary_large_image","twitter:site":"@SoyMigrante_com","twitter:title":"Verde&amp;Lim\u00f3n: un sue\u00f1o dulce y saludable lleno de arte y de sabor","twitter:description":"Carolina Alvarado Argueta, inspirada por los aromas dulces y los paisajes de Guatemala procesa y distribuye frutas deshidratadas. Ahora en SoyMigrante MERCADO","twitter:creator":"@SoyMigrante_com","twitter:image":"https:\/\/soymigrante.com\/revista\/wp-content\/uploads\/2024\/11\/Verde-y-limon-Carolina-Alvarado-Argueta.webp"},"aioseo_meta_data":{"post_id":"40725","title":"Paso a paso al \u00e9xito: Mateo Baten de A&amp;E Comex en MERCADO","description":"Mateo Baten es un joven que desde la pandemia busca innovar en su tienda, Store A&amp;EComex. Ahora vende zapatos desde Huehuetenango en SoyMigrante.com MERCADO","keywords":null,"keyphrases":{"focus":{"keyphrase":"tienda","score":76,"analysis":{"keyphraseInTitle":{"score":3,"maxScore":9,"error":1},"keyphraseInDescription":{"score":9,"maxScore":9,"error":0},"keyphraseLength":{"score":9,"maxScore":9,"error":0,"length":1},"keyphraseInURL":{"score":1,"maxScore":5,"error":1},"keyphraseInIntroduction":{"score":9,"maxScore":9,"error":0},"keyphraseInSubHeadings":{"score":3,"maxScore":9,"error":1},"keyphraseInImageAlt":{"score":9,"maxScore":9,"error":0},"keywordDensity":{"type":"best","score":9,"maxScore":9,"error":0}}},"additional":[{"keyphrase":"mercado","score":100,"analysis":{"keyphraseInDescription":{"score":9,"maxScore":9,"error":0},"keyphraseLength":{"score":9,"maxScore":9,"error":0,"length":1},"keyphraseInIntroduction":{"score":9,"maxScore":9,"error":0},"keyphraseInImageAlt":{"score":9,"maxScore":9,"error":0},"keywordDensity":{"type":"best","score":9,"maxScore":9,"error":0}}}]},"primary_term":null,"canonical_url":null,"og_title":null,"og_description":null,"og_object_type":"default","og_image_type":"default","og_image_url":null,"og_image_width":null,"og_image_height":null,"og_image_custom_url":null,"og_image_custom_fields":null,"og_video":"","og_custom_url":null,"og_article_section":null,"og_article_tags":null,"twitter_use_og":false,"twitter_card":"default","twitter_image_type":"default","twitter_image_url":null,"twitter_image_custom_url":null,"twitter_image_custom_fields":null,"twitter_title":null,"twitter_description":null,"schema":{"blockGraphs":[],"customGraphs":[],"default":{"data":{"Article":[],"Course":[],"Dataset":[],"FAQPage":[],"Movie":[],"Person":[],"Product":[],"ProductReview":[],"Car":[],"Recipe":[],"Service":[],"SoftwareApplication":[],"WebPage":[]},"graphName":"none","isEnabled":true},"graphs":[]},"schema_type":"default","schema_type_options":null,"pillar_content":false,"robots_default":true,"robots_noindex":false,"robots_noarchive":false,"robots_nosnippet":false,"robots_nofollow":false,"robots_noimageindex":false,"robots_noodp":false,"robots_notranslate":false,"robots_max_snippet":"-1","robots_max_videopreview":"-1","robots_max_imagepreview":"large","priority":null,"frequency":"default","local_seo":null,"seo_analyzer_scan_date":"2025-10-09 07:18:21","breadcrumb_settings":null,"limit_modified_date":false,"reviewed_by":"0","open_ai":null,"ai":{"faqs":[],"keyPoints":[],"titles":[],"descriptions":[],"socialPosts":{"email":[],"linkedin":[],"twitter":[],"facebook":[],"instagram":[]}},"created":"2025-07-29 18:28:26","updated":"2026-02-05 03:24:15"},"aioseo_breadcrumb":"<div class=\"aioseo-breadcrumbs\"><span class=\"aioseo-breadcrumb\">\n\t<a href=\"https:\/\/soymigrante.com\/revista\" title=\"Home\">Home<\/a>\n<\/span><span class=\"aioseo-breadcrumb-separator\">\u00bb<\/span><span class=\"aioseo-breadcrumb\">\n\t<a href=\"https:\/\/soymigrante.com\/revista\/category\/guate-nuestra\/\" title=\"Guate Nuestra\">Guate Nuestra<\/a>\n<\/span><span class=\"aioseo-breadcrumb-separator\">\u00bb<\/span><span class=\"aioseo-breadcrumb\">\n\tMateo Baten da pasos al \u00e9xito a trav\u00e9s de Store A&amp;E Comex en Mercado\n<\/span><\/div>","aioseo_breadcrumb_json":[{"label":"Home","link":"https:\/\/soymigrante.com\/revista"},{"label":"Guate Nuestra","link":"https:\/\/soymigrante.com\/revista\/category\/guate-nuestra\/"},{"label":"Mateo Baten da pasos al \u00e9xito a trav\u00e9s de Store A&amp;E Comex en Mercado","link":"https:\/\/soymigrante.com\/revista\/mateo-baten-da-pasos-al-exito-a-traves-de-store-ae-comex-en-mercado\/"}],"_links":{"self":[{"href":"https:\/\/soymigrante.com\/revista\/wp-json\/wp\/v2\/posts\/40725","targetHints":{"allow":["GET"]}}],"collection":[{"href":"https:\/\/soymigrante.com\/revista\/wp-json\/wp\/v2\/posts"}],"about":[{"href":"https:\/\/soymigrante.com\/revista\/wp-json\/wp\/v2\/types\/post"}],"author":[{"embeddable":true,"href":"https:\/\/soymigrante.com\/revista\/wp-json\/wp\/v2\/users\/19"}],"replies":[{"embeddable":true,"href":"https:\/\/soymigrante.com\/revista\/wp-json\/wp\/v2\/comments?post=40725"}],"version-history":[{"count":10,"href":"https:\/\/soymigrante.com\/revista\/wp-json\/wp\/v2\/posts\/40725\/revisions"}],"predecessor-version":[{"id":40767,"href":"https:\/\/soymigrante.com\/revista\/wp-json\/wp\/v2\/posts\/40725\/revisions\/40767"}],"wp:featuredmedia":[{"embeddable":true,"href":"https:\/\/soymigrante.com\/revista\/wp-json\/wp\/v2\/media\/40763"}],"wp:attachment":[{"href":"https:\/\/soymigrante.com\/revista\/wp-json\/wp\/v2\/media?parent=40725"}],"wp:term":[{"taxonomy":"category","embeddable":true,"href":"https:\/\/soymigrante.com\/revista\/wp-json\/wp\/v2\/categories?post=40725"},{"taxonomy":"post_tag","embeddable":true,"href":"https:\/\/soymigrante.com\/revista\/wp-json\/wp\/v2\/tags?post=40725"}],"curies":[{"name":"wp","href":"https:\/\/api.w.org\/{rel}","templated":true}]}}