{"id":40720,"date":"2025-07-30T06:08:00","date_gmt":"2025-07-30T12:08:00","guid":{"rendered":"https:\/\/soymigrante.com\/revista\/?p=40720"},"modified":"2025-07-29T22:09:41","modified_gmt":"2025-07-30T04:09:41","slug":"cita-corte-migracion-usa-videollamada-solicitud","status":"publish","type":"post","link":"https:\/\/soymigrante.com\/revista\/cita-corte-migracion-usa-videollamada-solicitud\/","title":{"rendered":"\u00bfCita con una corte de migraci\u00f3n en USA? Puedes solicitar que sea por videollamada"},"content":{"rendered":"\t\t<div data-elementor-type=\"wp-post\" data-elementor-id=\"40720\" class=\"elementor elementor-40720\" data-elementor-post-type=\"post\">\n\t\t\t\t<div data-particle_enable=\"false\" data-particle-mobile-disabled=\"false\" class=\"elementor-element elementor-element-eb000db e-flex e-con-boxed e-con e-parent\" data-id=\"eb000db\" data-element_type=\"container\" data-e-type=\"container\">\n\t\t\t\t\t<div class=\"e-con-inner\">\n\t\t\t\t<div class=\"elementor-element elementor-element-8015a33 elementor-widget elementor-widget-heading\" data-id=\"8015a33\" data-element_type=\"widget\" data-e-type=\"widget\" data-widget_type=\"heading.default\">\n\t\t\t\t\t<h2 class=\"elementor-heading-title elementor-size-default\">Migrantes con cita en Corte migratoria pueden solicitar audiencia por videollamada en caso tengan un miedo cre\u00edble de sufrir un arresto injustificado. <\/h2>\t\t\t\t<\/div>\n\t\t\t\t\t<\/div>\n\t\t\t\t<\/div>\n\t\t<div data-particle_enable=\"false\" data-particle-mobile-disabled=\"false\" class=\"elementor-element elementor-element-e03f3e8 e-flex e-con-boxed e-con e-parent\" data-id=\"e03f3e8\" data-element_type=\"container\" data-e-type=\"container\">\n\t\t\t\t\t<div class=\"e-con-inner\">\n\t\t\t\t<div class=\"elementor-element elementor-element-d1f0a3f elementor-widget elementor-widget-text-editor\" data-id=\"d1f0a3f\" data-element_type=\"widget\" data-e-type=\"widget\" data-widget_type=\"text-editor.default\">\n\t\t\t\t\t\t\t\t\t<p>El analista migratorio guatemalteco Fernando Castro Molina aconseja a <a href=\"https:\/\/soymigrante.com\/revista\/como-hallar-un-abogado-experto-en-migracion-aila-puede-ser-de-utilidad\/\" target=\"_blank\" rel=\"noopener\">los migrantes en Estados Unidos que enfrenten procesos legales, que consideren pedir que su audiencia migratoria sea virtual para reducir el riesgo de ser detenidos por ICE.<\/a><\/p><p>La creciente ola de detenciones de inmigrantes en las afueras de las cortes migratorias en Estados Unidos ha generado un clima de miedo e incertidumbre entre quienes enfrentan procesos migratorios. Ante esta situaci\u00f3n, el analista guatemalteco, Fernando Castro Molina propone una alternativa legal para protegerse: solicitar que la audiencia se realice por videollamada.<\/p><p>\u201cMuchos inmigrantes en situaci\u00f3n irregular temen acudir a sus audiencias por el riesgo de ser capturados por agentes de ICE\u201d, se\u00f1ala Castro Molina. Este tipo de arrestos se ha vuelto com\u00fan en estados como Arizona, California, Florida, Nueva York y Texas, donde agentes de migraci\u00f3n detienen a personas tras presentarse ante un juez.<\/p>\t\t\t\t\t\t\t\t<\/div>\n\t\t\t\t\t<\/div>\n\t\t\t\t<\/div>\n\t\t<div data-particle_enable=\"false\" data-particle-mobile-disabled=\"false\" class=\"elementor-element elementor-element-4fc93ed e-flex e-con-boxed e-con e-parent\" data-id=\"4fc93ed\" data-element_type=\"container\" data-e-type=\"container\">\n\t\t\t\t\t<div class=\"e-con-inner\">\n\t\t\t\t<div class=\"elementor-element elementor-element-44297fe elementor-grid-eael-col-1 elementor-grid-tablet-eael-col-2 elementor-grid-mobile-eael-col-1 elementor-invisible elementor-widget elementor-widget-eael-post-grid\" data-id=\"44297fe\" data-element_type=\"widget\" data-e-type=\"widget\" data-settings=\"{&quot;eael_post_grid_columns&quot;:&quot;eael-col-1&quot;,&quot;_animation&quot;:&quot;rollIn&quot;,&quot;eael_post_grid_columns_tablet&quot;:&quot;eael-col-2&quot;,&quot;eael_post_grid_columns_mobile&quot;:&quot;eael-col-1&quot;}\" data-widget_type=\"eael-post-grid.default\">\n\t\t\t\t\t<div id=\"eael-post-grid-44297fe\" class=\"eael-post-grid-container\">\n            <div class=\"eael-post-grid eael-post-appender eael-post-appender-44297fe eael-post-grid-style-one\" data-layout-mode=\"masonry\"><article class=\"eael-grid-post  eael-post-grid-column eael-pg-post-265 category-recursos-migratorios\" data-id=\"265\">\n        <div class=\"eael-grid-post-holder\">\n            <div class=\"eael-grid-post-holder-inner\"><div class=\"eael-entry-media\"><div class=\"eael-entry-overlay fade-in\"><i class=\"far fa-hand-pointer\" aria-hidden=\"true\"><\/i><a href=\"https:\/\/soymigrante.com\/revista\/prueba-para-ser-ciudadano-americano\/\"><\/a><\/div><div class=\"eael-entry-thumbnail eael-image-ratio\">\n                <img fetchpriority=\"high\" decoding=\"async\" width=\"485\" height=\"485\" src=\"https:\/\/soymigrante.com\/revista\/wp-content\/uploads\/2023\/05\/examen-ciudadania-preguntas.webp\" class=\"attachment-large size-large wp-image-28814\" alt=\"Bandera de Estados Unidos ondeada frente al Capitolio en Washington D.C. \u2013 imagen representativa de migraci\u00f3n, derechos y comunidad en EE.UU.\" srcset=\"https:\/\/soymigrante.com\/revista\/wp-content\/uploads\/2023\/05\/examen-ciudadania-preguntas.webp 485w, https:\/\/soymigrante.com\/revista\/wp-content\/uploads\/2023\/05\/examen-ciudadania-preguntas-300x300.png 300w, https:\/\/soymigrante.com\/revista\/wp-content\/uploads\/2023\/05\/examen-ciudadania-preguntas-150x150.png 150w, https:\/\/soymigrante.com\/revista\/wp-content\/uploads\/2023\/05\/examen-ciudadania-preguntas-75x75.webp 75w\" sizes=\"(max-width: 485px) 100vw, 485px\" \/>\n            <\/div>\n        <\/div><div class=\"eael-entry-wrapper\"><header class=\"eael-entry-header\"><h2 class=\"eael-entry-title\"><a class=\"eael-grid-post-link\" href=\"https:\/\/soymigrante.com\/revista\/prueba-para-ser-ciudadano-americano\/\" title=\"\u00bfQu\u00e9 preguntas vienen en el examen de ciudadan\u00eda de Estados Unidos? (Y te decimos las respuestas)\">\u00bfQu\u00e9 preguntas vienen en el examen de ciudadan\u00eda de Estados Unidos? (Y te decimos las respuestas)<\/a><\/h2><\/header><div class=\"eael-entry-content\">\n                        <div class=\"eael-grid-post-excerpt\"><a href=\"https:\/\/soymigrante.com\/revista\/prueba-para-ser-ciudadano-americano\/\" class=\"eael-post-elements-readmore-btn\">CONOCE SU HISTORIA <\/a><\/div>\n                    <\/div><\/div><\/div>\n        <\/div>\n    <\/article><\/div>\n            <div class=\"clearfix\"><\/div>\n        <\/div>\t\t\t\t<\/div>\n\t\t\t\t\t<\/div>\n\t\t\t\t<\/div>\n\t\t<div data-particle_enable=\"false\" data-particle-mobile-disabled=\"false\" class=\"elementor-element elementor-element-cc3ba5f e-flex e-con-boxed e-con e-parent\" data-id=\"cc3ba5f\" data-element_type=\"container\" data-e-type=\"container\">\n\t\t\t\t\t<div class=\"e-con-inner\">\n\t\t\t\t<div class=\"elementor-element elementor-element-9aac55a elementor-widget elementor-widget-heading\" data-id=\"9aac55a\" data-element_type=\"widget\" data-e-type=\"widget\" data-widget_type=\"heading.default\">\n\t\t\t\t\t<h3 class=\"elementor-heading-title elementor-size-default\">Ayuda con organizaciones <\/h3>\t\t\t\t<\/div>\n\t\t\t\t\t<\/div>\n\t\t\t\t<\/div>\n\t\t<div data-particle_enable=\"false\" data-particle-mobile-disabled=\"false\" class=\"elementor-element elementor-element-d69ffdc e-flex e-con-boxed e-con e-parent\" data-id=\"d69ffdc\" data-element_type=\"container\" data-e-type=\"container\">\n\t\t\t\t\t<div class=\"e-con-inner\">\n\t\t\t\t<div class=\"elementor-element elementor-element-d56c74f elementor-widget elementor-widget-text-editor\" data-id=\"d56c74f\" data-element_type=\"widget\" data-e-type=\"widget\" data-widget_type=\"text-editor.default\">\n\t\t\t\t\t\t\t\t\t<p><a href=\"https:\/\/soymigrante.com\/revista\/como-hallar-un-abogado-experto-en-migracion-aila-puede-ser-de-utilidad\/\" target=\"_blank\" rel=\"noopener\">El experto recomienda que, a trav\u00e9s de un abogado o con ayuda de organizaciones pro migrantes, se solicite formalmente al juez migratorio que la audiencia se realice por videollamada.<\/a> Esta opci\u00f3n legal no solo permite cumplir con el proceso judicial, sino tambi\u00e9n reduce el peligro de detenci\u00f3n al salir de la corte.<\/p><p>Seg\u00fan Castro Molina, \u201cesta solicitud debe presentarse en ingl\u00e9s y enviarse al juez al menos 10 d\u00edas antes de la fecha de la audiencia\u201d. En casos urgentes, cuando no se dispone del tiempo necesario, aconseja asistir acompa\u00f1ado de un abogado o representante de alguna organizaci\u00f3n que brinde apoyo legal gratuito.<\/p>\t\t\t\t\t\t\t\t<\/div>\n\t\t\t\t\t<\/div>\n\t\t\t\t<\/div>\n\t\t<div data-particle_enable=\"false\" data-particle-mobile-disabled=\"false\" class=\"elementor-element elementor-element-b972d31 e-flex e-con-boxed e-con e-parent\" data-id=\"b972d31\" data-element_type=\"container\" data-e-type=\"container\">\n\t\t\t\t\t<div class=\"e-con-inner\">\n\t\t\t\t<div class=\"elementor-element elementor-element-78a5982 elementor-grid-eael-col-1 elementor-grid-tablet-eael-col-2 elementor-grid-mobile-eael-col-1 elementor-invisible elementor-widget elementor-widget-eael-post-grid\" data-id=\"78a5982\" data-element_type=\"widget\" data-e-type=\"widget\" data-settings=\"{&quot;eael_post_grid_columns&quot;:&quot;eael-col-1&quot;,&quot;_animation&quot;:&quot;rollIn&quot;,&quot;eael_post_grid_columns_tablet&quot;:&quot;eael-col-2&quot;,&quot;eael_post_grid_columns_mobile&quot;:&quot;eael-col-1&quot;}\" data-widget_type=\"eael-post-grid.default\">\n\t\t\t\t\t<div id=\"eael-post-grid-78a5982\" class=\"eael-post-grid-container\">\n            <div class=\"eael-post-grid eael-post-appender eael-post-appender-78a5982 eael-post-grid-style-one\" data-layout-mode=\"masonry\"><article class=\"eael-grid-post  eael-post-grid-column eael-pg-post-25952 category-recursos-migratorios\" data-id=\"25952\">\n        <div class=\"eael-grid-post-holder\">\n            <div class=\"eael-grid-post-holder-inner\"><div class=\"eael-entry-media\"><div class=\"eael-entry-overlay fade-in\"><i class=\"far fa-hand-pointer\" aria-hidden=\"true\"><\/i><a href=\"https:\/\/soymigrante.com\/revista\/como-hallar-un-abogado-experto-en-migracion-aila-puede-ser-de-utilidad\/\"><\/a><\/div><div class=\"eael-entry-thumbnail eael-image-ratio\">\n                <img decoding=\"async\" width=\"1024\" height=\"1024\" src=\"https:\/\/soymigrante.com\/revista\/wp-content\/uploads\/2025\/02\/envato-labs-ai-60370ae9-72ee-41ea-8b19-12573c5ba9e3.webp\" class=\"attachment-large size-large wp-image-25953\" alt=\"Atractivo de un hombre profesional en una oficina moderna, vestido con traje y mostrando confianza.\" srcset=\"https:\/\/soymigrante.com\/revista\/wp-content\/uploads\/2025\/02\/envato-labs-ai-60370ae9-72ee-41ea-8b19-12573c5ba9e3.webp 1024w, https:\/\/soymigrante.com\/revista\/wp-content\/uploads\/2025\/02\/envato-labs-ai-60370ae9-72ee-41ea-8b19-12573c5ba9e3-300x300.png 300w, https:\/\/soymigrante.com\/revista\/wp-content\/uploads\/2025\/02\/envato-labs-ai-60370ae9-72ee-41ea-8b19-12573c5ba9e3-150x150.png 150w, https:\/\/soymigrante.com\/revista\/wp-content\/uploads\/2025\/02\/envato-labs-ai-60370ae9-72ee-41ea-8b19-12573c5ba9e3-768x768.png 768w, https:\/\/soymigrante.com\/revista\/wp-content\/uploads\/2025\/02\/envato-labs-ai-60370ae9-72ee-41ea-8b19-12573c5ba9e3-75x75.webp 75w, https:\/\/soymigrante.com\/revista\/wp-content\/uploads\/2025\/02\/envato-labs-ai-60370ae9-72ee-41ea-8b19-12573c5ba9e3-750x750.webp 750w\" sizes=\"(max-width: 1024px) 100vw, 1024px\" \/>\n            <\/div>\n        <\/div><div class=\"eael-entry-wrapper\"><header class=\"eael-entry-header\"><h2 class=\"eael-entry-title\"><a class=\"eael-grid-post-link\" href=\"https:\/\/soymigrante.com\/revista\/como-hallar-un-abogado-experto-en-migracion-aila-puede-ser-de-utilidad\/\" title=\"\u00bfC\u00f3mo hallar un abogado experto en migraci\u00f3n? AILA puede ser de utilidad\">\u00bfC\u00f3mo hallar un abogado experto en migraci\u00f3n? AILA puede ser de utilidad<\/a><\/h2><\/header><div class=\"eael-entry-content\">\n                        <div class=\"eael-grid-post-excerpt\"><a href=\"https:\/\/soymigrante.com\/revista\/como-hallar-un-abogado-experto-en-migracion-aila-puede-ser-de-utilidad\/\" class=\"eael-post-elements-readmore-btn\">CONOCE SU HISTORIA <\/a><\/div>\n                    <\/div><\/div><\/div>\n        <\/div>\n    <\/article><\/div>\n            <div class=\"clearfix\"><\/div>\n        <\/div>\t\t\t\t<\/div>\n\t\t\t\t\t<\/div>\n\t\t\t\t<\/div>\n\t\t<div data-particle_enable=\"false\" data-particle-mobile-disabled=\"false\" class=\"elementor-element elementor-element-41c3dc6 e-flex e-con-boxed e-con e-parent\" data-id=\"41c3dc6\" data-element_type=\"container\" data-e-type=\"container\">\n\t\t\t\t\t<div class=\"e-con-inner\">\n\t\t\t\t<div class=\"elementor-element elementor-element-a592112 elementor-widget elementor-widget-heading\" data-id=\"a592112\" data-element_type=\"widget\" data-e-type=\"widget\" data-widget_type=\"heading.default\">\n\t\t\t\t\t<h3 class=\"elementor-heading-title elementor-size-default\">Poca ayuda para los migrantes <\/h3>\t\t\t\t<\/div>\n\t\t\t\t\t<\/div>\n\t\t\t\t<\/div>\n\t\t<div data-particle_enable=\"false\" data-particle-mobile-disabled=\"false\" class=\"elementor-element elementor-element-f3e88d5 e-flex e-con-boxed e-con e-parent\" data-id=\"f3e88d5\" data-element_type=\"container\" data-e-type=\"container\">\n\t\t\t\t\t<div class=\"e-con-inner\">\n\t\t\t\t<div class=\"elementor-element elementor-element-11a641a elementor-widget elementor-widget-text-editor\" data-id=\"11a641a\" data-element_type=\"widget\" data-e-type=\"widget\" data-widget_type=\"text-editor.default\">\n\t\t\t\t\t\t\t\t\t<p><a href=\"https:\/\/soymigrante.com\/revista\/como-hallar-un-abogado-experto-en-migracion-aila-puede-ser-de-utilidad\/\" target=\"_blank\" rel=\"noopener\">En el documento el experto migratorio lamenta la falta de apoyo por parte de los consulados de pa\u00edses como Guatemala, Honduras y El Salvador,<\/a> quienes deber\u00edan promover este tipo de orientaci\u00f3n a sus ciudadanos, tanto en Estados Unidos como a trav\u00e9s de medios de comunicaci\u00f3n en sus pa\u00edses de origen. \u201cEs una falta de voluntad, no de recursos\u201d, enfatiza el analista.<\/p><p>Como ejemplo pr\u00e1ctico, el documento incluye un modelo de carta \u2014en ingl\u00e9s y espa\u00f1ol\u2014 que puede servir como gu\u00eda para hacer la solicitud ante el juez. Sin embargo, se aclara que esta carta no constituye asesor\u00eda legal, por lo que se recomienda buscar apoyo profesional.<\/p><p>Finalmente, Castro Molina hace un llamado a los inmigrantes: \u201cNo acudir a la corte puede cerrar su caso y generar una orden autom\u00e1tica de deportaci\u00f3n. Ir sin respaldo legal tambi\u00e9n representa un riesgo. La videollamada es una herramienta legal que puede ser su salvavidas\u201d.<\/p>\t\t\t\t\t\t\t\t<\/div>\n\t\t\t\t\t<\/div>\n\t\t\t\t<\/div>\n\t\t<div data-particle_enable=\"false\" data-particle-mobile-disabled=\"false\" class=\"elementor-element elementor-element-871ddbd e-flex e-con-boxed e-con e-parent\" data-id=\"871ddbd\" data-element_type=\"container\" data-e-type=\"container\">\n\t\t\t\t\t<div class=\"e-con-inner\">\n\t\t\t\t<div class=\"elementor-element elementor-element-58f235e elementor-widget elementor-widget-video\" data-id=\"58f235e\" data-element_type=\"widget\" data-e-type=\"widget\" data-settings=\"{&quot;youtube_url&quot;:&quot;https:\\\/\\\/www.youtube.com\\\/watch?v=cmrs13oFTIs&quot;,&quot;video_type&quot;:&quot;youtube&quot;,&quot;controls&quot;:&quot;yes&quot;}\" data-widget_type=\"video.default\">\n\t\t\t\t\t\t\t<div class=\"elementor-wrapper elementor-open-inline\">\n\t\t\t<div class=\"elementor-video\"><\/div>\t\t<\/div>\n\t\t\t\t\t\t<\/div>\n\t\t\t\t\t<\/div>\n\t\t\t\t<\/div>\n\t\t<div data-particle_enable=\"false\" data-particle-mobile-disabled=\"false\" class=\"elementor-element elementor-element-54e1880 e-flex e-con-boxed e-con e-parent\" data-id=\"54e1880\" data-element_type=\"container\" data-e-type=\"container\">\n\t\t\t\t\t<div class=\"e-con-inner\">\n\t\t\t\t<div class=\"elementor-element elementor-element-4d74592 elementor-widget elementor-widget-heading\" data-id=\"4d74592\" data-element_type=\"widget\" data-e-type=\"widget\" data-widget_type=\"heading.default\">\n\t\t\t\t\t<h2 class=\"elementor-heading-title elementor-size-default\">Conoce m\u00e1s sobre estos temas que te pueden interesar...<\/h2>\t\t\t\t<\/div>\n\t\t\t\t\t<\/div>\n\t\t\t\t<\/div>\n\t\t<div data-particle_enable=\"false\" data-particle-mobile-disabled=\"false\" class=\"elementor-element elementor-element-cc583bc e-flex e-con-boxed e-con e-parent\" data-id=\"cc583bc\" data-element_type=\"container\" data-e-type=\"container\">\n\t\t\t\t\t<div class=\"e-con-inner\">\n\t\t\t\t<div class=\"elementor-element elementor-element-765f535 elementor-grid-eael-col-3 elementor-grid-tablet-eael-col-2 elementor-grid-mobile-eael-col-1 elementor-invisible elementor-widget elementor-widget-eael-post-grid\" data-id=\"765f535\" data-element_type=\"widget\" data-e-type=\"widget\" data-settings=\"{&quot;eael_post_grid_columns&quot;:&quot;eael-col-3&quot;,&quot;_animation&quot;:&quot;rollIn&quot;,&quot;eael_post_grid_columns_tablet&quot;:&quot;eael-col-2&quot;,&quot;eael_post_grid_columns_mobile&quot;:&quot;eael-col-1&quot;}\" data-widget_type=\"eael-post-grid.default\">\n\t\t\t\t\t<div id=\"eael-post-grid-765f535\" class=\"eael-post-grid-container\">\n            <div class=\"eael-post-grid eael-post-appender eael-post-appender-765f535 eael-post-grid-style-one\" data-layout-mode=\"masonry\"><article class=\"eael-grid-post  eael-post-grid-column eael-pg-post-36606 category-estamos-unidos\" data-id=\"36606\">\n        <div class=\"eael-grid-post-holder\">\n            <div class=\"eael-grid-post-holder-inner\"><div class=\"eael-entry-media\"><div class=\"eael-entry-overlay fade-in\"><i class=\"far fa-hand-pointer\" aria-hidden=\"true\"><\/i><a href=\"https:\/\/soymigrante.com\/revista\/embajada-de-ee-uu-en-guatemala-lanza-aviso-sobre-visas-para-turistas-en-mundial-2026\/\"><\/a><\/div><div class=\"eael-entry-thumbnail \">\n                <img decoding=\"async\" width=\"1024\" height=\"1024\" src=\"https:\/\/soymigrante.com\/revista\/wp-content\/uploads\/2024\/08\/american-visa-closeup-2023-11-27-05-32-03-utc-scaled-e1750356985526-1024x1024.webp\" class=\"attachment-large size-large wp-image-8066\" alt=\"Dinero estadounidense, billete de USD con claro enfoque en migrantes y econom\u00eda.\" srcset=\"https:\/\/soymigrante.com\/revista\/wp-content\/uploads\/2024\/08\/american-visa-closeup-2023-11-27-05-32-03-utc-scaled-e1750356985526-1024x1024.webp 1024w, https:\/\/soymigrante.com\/revista\/wp-content\/uploads\/2024\/08\/american-visa-closeup-2023-11-27-05-32-03-utc-scaled-e1750356985526-300x300.webp 300w, https:\/\/soymigrante.com\/revista\/wp-content\/uploads\/2024\/08\/american-visa-closeup-2023-11-27-05-32-03-utc-scaled-e1750356985526-150x150.webp 150w, https:\/\/soymigrante.com\/revista\/wp-content\/uploads\/2024\/08\/american-visa-closeup-2023-11-27-05-32-03-utc-scaled-e1750356985526-768x767.webp 768w, https:\/\/soymigrante.com\/revista\/wp-content\/uploads\/2024\/08\/american-visa-closeup-2023-11-27-05-32-03-utc-scaled-e1750356985526-75x75.webp 75w, https:\/\/soymigrante.com\/revista\/wp-content\/uploads\/2024\/08\/american-visa-closeup-2023-11-27-05-32-03-utc-scaled-e1750356985526-750x749.webp 750w, https:\/\/soymigrante.com\/revista\/wp-content\/uploads\/2024\/08\/american-visa-closeup-2023-11-27-05-32-03-utc-scaled-e1750356985526-1140x1139.webp 1140w, https:\/\/soymigrante.com\/revista\/wp-content\/uploads\/2024\/08\/american-visa-closeup-2023-11-27-05-32-03-utc-scaled-e1750356985526.webp 1283w\" sizes=\"(max-width: 1024px) 100vw, 1024px\" \/>\n            <\/div>\n        <\/div><div class=\"eael-entry-wrapper\"><header class=\"eael-entry-header\"><h2 class=\"eael-entry-title\"><a class=\"eael-grid-post-link\" href=\"https:\/\/soymigrante.com\/revista\/embajada-de-ee-uu-en-guatemala-lanza-aviso-sobre-visas-para-turistas-en-mundial-2026\/\" title=\"Embajada de EE.UU. en Guatemala lanza aviso sobre visas para turistas en Mundial 2026\">Embajada de EE.UU. en Guatemala lanza aviso sobre visas para turistas en Mundial 2026<\/a><\/h2><\/header><div class=\"eael-entry-content\">\n                        <div class=\"eael-grid-post-excerpt\"><a href=\"https:\/\/soymigrante.com\/revista\/embajada-de-ee-uu-en-guatemala-lanza-aviso-sobre-visas-para-turistas-en-mundial-2026\/\" class=\"eael-post-elements-readmore-btn\">CONOCE SU HISTORIA <\/a><\/div>\n                    <\/div><\/div><\/div>\n        <\/div>\n    <\/article><article class=\"eael-grid-post  eael-post-grid-column eael-pg-post-7805 category-recursos-migratorios\" data-id=\"7805\">\n        <div class=\"eael-grid-post-holder\">\n            <div class=\"eael-grid-post-holder-inner\"><div class=\"eael-entry-media\"><div class=\"eael-entry-overlay fade-in\"><i class=\"far fa-hand-pointer\" aria-hidden=\"true\"><\/i><a href=\"https:\/\/soymigrante.com\/revista\/visas-para-estados-unidos-cuantos-tipos-hay\/\"><\/a><\/div><div class=\"eael-entry-thumbnail \">\n                <img loading=\"lazy\" decoding=\"async\" width=\"886\" height=\"886\" src=\"https:\/\/soymigrante.com\/revista\/wp-content\/uploads\/2024\/08\/visa-americana-2.webp\" class=\"attachment-large size-large wp-image-8067\" alt=\"Tarjeta de inmigraci\u00f3n en EE.UU. y sello de ingreso con bandera estadounidense en una oficina migratoria. Documentaci\u00f3n migratoria y proceso de visas para migrantes en Estados Unidos.\" srcset=\"https:\/\/soymigrante.com\/revista\/wp-content\/uploads\/2024\/08\/visa-americana-2.webp 886w, https:\/\/soymigrante.com\/revista\/wp-content\/uploads\/2024\/08\/visa-americana-2-300x300.webp 300w, https:\/\/soymigrante.com\/revista\/wp-content\/uploads\/2024\/08\/visa-americana-2-150x150.webp 150w, https:\/\/soymigrante.com\/revista\/wp-content\/uploads\/2024\/08\/visa-americana-2-768x768.webp 768w, https:\/\/soymigrante.com\/revista\/wp-content\/uploads\/2024\/08\/visa-americana-2-75x75.webp 75w, https:\/\/soymigrante.com\/revista\/wp-content\/uploads\/2024\/08\/visa-americana-2-750x750.webp 750w\" sizes=\"(max-width: 886px) 100vw, 886px\" \/>\n            <\/div>\n        <\/div><div class=\"eael-entry-wrapper\"><header class=\"eael-entry-header\"><h2 class=\"eael-entry-title\"><a class=\"eael-grid-post-link\" href=\"https:\/\/soymigrante.com\/revista\/visas-para-estados-unidos-cuantos-tipos-hay\/\" title=\"Tipos de visas para entrar a Estados Unidos: Resuelve tus dudas\">Tipos de visas para entrar a Estados Unidos: Resuelve tus dudas<\/a><\/h2><\/header><div class=\"eael-entry-content\">\n                        <div class=\"eael-grid-post-excerpt\"><a href=\"https:\/\/soymigrante.com\/revista\/visas-para-estados-unidos-cuantos-tipos-hay\/\" class=\"eael-post-elements-readmore-btn\">CONOCE SU HISTORIA <\/a><\/div>\n                    <\/div><\/div><\/div>\n        <\/div>\n    <\/article><article class=\"eael-grid-post  eael-post-grid-column eael-pg-post-7923 category-recursos-migratorios\" data-id=\"7923\">\n        <div class=\"eael-grid-post-holder\">\n            <div class=\"eael-grid-post-holder-inner\"><div class=\"eael-entry-media\"><div class=\"eael-entry-overlay fade-in\"><i class=\"far fa-hand-pointer\" aria-hidden=\"true\"><\/i><a href=\"https:\/\/soymigrante.com\/revista\/que-hacer-si-perdi-mi-pasaporte-guatemalteco\/\"><\/a><\/div><div class=\"eael-entry-thumbnail \">\n                <img loading=\"lazy\" decoding=\"async\" width=\"1024\" height=\"512\" src=\"https:\/\/soymigrante.com\/revista\/wp-content\/uploads\/2024\/08\/pasaporte-guatemalteco-1140x570-1-1024x512.webp\" class=\"attachment-large size-large wp-image-8182\" alt=\"Guatemala pasaporte ordinario, documento de viaje de Centroam\u00e9rica, con mapa dorado del pa\u00eds y texto en relieve en portada. Ideal para inmigrantes y viajeros en la regi\u00f3n.\" \/>\n            <\/div>\n        <\/div><div class=\"eael-entry-wrapper\"><header class=\"eael-entry-header\"><h2 class=\"eael-entry-title\"><a class=\"eael-grid-post-link\" href=\"https:\/\/soymigrante.com\/revista\/que-hacer-si-perdi-mi-pasaporte-guatemalteco\/\" title=\"\u00bfQu\u00e9 hacer si perd\u00ed mi pasaporte guatemalteco?\">\u00bfQu\u00e9 hacer si perd\u00ed mi pasaporte guatemalteco?<\/a><\/h2><\/header><div class=\"eael-entry-content\">\n                        <div class=\"eael-grid-post-excerpt\"><a href=\"https:\/\/soymigrante.com\/revista\/que-hacer-si-perdi-mi-pasaporte-guatemalteco\/\" class=\"eael-post-elements-readmore-btn\">CONOCE SU HISTORIA <\/a><\/div>\n                    <\/div><\/div><\/div>\n        <\/div>\n    <\/article><\/div>\n            <div class=\"clearfix\"><\/div>\n        <\/div>\t\t\t\t<\/div>\n\t\t\t\t\t<\/div>\n\t\t\t\t<\/div>\n\t\t\t\t<\/div>\n\t\t","protected":false},"excerpt":{"rendered":"<p>Migrantes con cita en Corte migratoria pueden solicitar audiencia por videollamada en caso tengan un miedo cre\u00edble de sufrir un arresto injustificado. El analista migratorio guatemalteco Fernando Castro Molina aconseja a los migrantes en Estados Unidos que enfrenten procesos legales, que consideren pedir que su audiencia migratoria sea virtual para reducir el riesgo de ser [&hellip;]<\/p>\n","protected":false},"author":19,"featured_media":40769,"comment_status":"open","ping_status":"open","sticky":false,"template":"","format":"standard","meta":{"_acf_changed":false,"_eb_attr":"","footnotes":""},"categories":[54],"tags":[],"class_list":["post-40720","post","type-post","status-publish","format-standard","has-post-thumbnail","hentry","category-estamos-unidos"],"acf":[],"aioseo_notices":[],"aioseo_head":"\n\t\t<!-- All in One SEO Pro 4.9.6.2 - aioseo.com -->\n\t<meta name=\"description\" content=\"Siempre hay que cuidar mucho de los documentos. En caso de extrav\u00edo robo del pasaporte guatemmalteco, sobre todo en el extranjero, estas son algunas sugerencias\" \/>\n\t<meta name=\"robots\" content=\"max-snippet:-1, max-image-preview:large, max-video-preview:-1\" \/>\n\t<meta name=\"author\" content=\"Marysabel Aldana\"\/>\n\t<link rel=\"canonical\" href=\"https:\/\/soymigrante.com\/revista\/que-hacer-si-perdi-mi-pasaporte-guatemalteco\/\" \/>\n\t<meta name=\"generator\" content=\"All in One SEO Pro (AIOSEO) 4.9.6.2\" \/>\n\n\t\t<link rel=\"preconnect\" href=\"https:\/\/fonts.googleapis.com\" crossorigin>\n<link rel=\"preconnect\" href=\"https:\/\/fonts.gstatic.com\" crossorigin>\n\t\t<meta property=\"og:locale\" content=\"es_ES\" \/>\n\t\t<meta property=\"og:site_name\" content=\"SoyMigrante.com REVISTA \u2013 Nuestra misi\u00f3n es reconocer y dignificar al migrante.\" \/>\n\t\t<meta property=\"og:type\" content=\"article\" \/>\n\t\t<meta property=\"og:title\" content=\"\u00bfQu\u00e9 hacer si perd\u00ed mi pasaporte guatemalteco?\" \/>\n\t\t<meta property=\"og:description\" content=\"Siempre hay que cuidar mucho de los documentos. En caso de extrav\u00edo robo del pasaporte guatemmalteco, sobre todo en el extranjero, estas son algunas sugerencias\" \/>\n\t\t<meta property=\"og:url\" content=\"https:\/\/soymigrante.com\/revista\/que-hacer-si-perdi-mi-pasaporte-guatemalteco\/\" \/>\n\t\t<meta property=\"og:image\" content=\"https:\/\/soymigrante.com\/revista\/wp-content\/uploads\/2024\/08\/pasaporte-guatemalteco-1140x570-1-e1747722889731.webp\" \/>\n\t\t<meta property=\"og:image:secure_url\" content=\"https:\/\/soymigrante.com\/revista\/wp-content\/uploads\/2024\/08\/pasaporte-guatemalteco-1140x570-1-e1747722889731.webp\" \/>\n\t\t<meta property=\"og:image:width\" content=\"570\" \/>\n\t\t<meta property=\"og:image:height\" content=\"570\" \/>\n\t\t<meta property=\"article:published_time\" content=\"2024-08-13T22:31:06+00:00\" \/>\n\t\t<meta property=\"article:modified_time\" content=\"2024-11-01T16:59:59+00:00\" \/>\n\t\t<meta property=\"article:publisher\" content=\"https:\/\/www.facebook.com\/soymigrantecom\" \/>\n\t\t<meta name=\"twitter:card\" content=\"summary_large_image\" \/>\n\t\t<meta name=\"twitter:site\" content=\"@SoyMigrante_com\" \/>\n\t\t<meta name=\"twitter:title\" content=\"\u00bfQu\u00e9 hacer si perd\u00ed mi pasaporte guatemalteco?\" \/>\n\t\t<meta name=\"twitter:description\" content=\"Siempre hay que cuidar mucho de los documentos. En caso de extrav\u00edo robo del pasaporte guatemmalteco, sobre todo en el extranjero, estas son algunas sugerencias\" \/>\n\t\t<meta name=\"twitter:creator\" content=\"@SoyMigrante_com\" \/>\n\t\t<meta name=\"twitter:image\" content=\"https:\/\/soymigrante.com\/revista\/wp-content\/uploads\/2024\/08\/pasaporte-guatemalteco-1140x570-1-e1747722889731.webp\" \/>\n\t\t<!-- All in One SEO Pro -->\r\n\t\t<title>\u00bfQu\u00e9 hacer si perd\u00ed mi pasaporte guatemalteco?<\/title>\n\n","aioseo_head_json":{"title":"\u00bfQu\u00e9 hacer si perd\u00ed mi pasaporte guatemalteco?","description":"Siempre hay que cuidar mucho de los documentos. En caso de extrav\u00edo robo del pasaporte guatemmalteco, sobre todo en el extranjero, estas son algunas sugerencias","canonical_url":"https:\/\/soymigrante.com\/revista\/que-hacer-si-perdi-mi-pasaporte-guatemalteco\/","robots":"max-snippet:-1, max-image-preview:large, max-video-preview:-1","keywords":"","webmasterTools":{"miscellaneous":"&lt;link rel=\"preconnect\" href=\"https:\/\/fonts.googleapis.com\" crossorigin&gt;\n&lt;link rel=\"preconnect\" href=\"https:\/\/fonts.gstatic.com\" crossorigin&gt;"},"schema":null,"og:locale":"es_ES","og:site_name":"SoyMigrante.com REVISTA \u2013 Nuestra misi\u00f3n es reconocer y dignificar al migrante.","og:type":"article","og:title":"\u00bfQu\u00e9 hacer si perd\u00ed mi pasaporte guatemalteco?","og:description":"Siempre hay que cuidar mucho de los documentos. En caso de extrav\u00edo robo del pasaporte guatemmalteco, sobre todo en el extranjero, estas son algunas sugerencias","og:url":"https:\/\/soymigrante.com\/revista\/que-hacer-si-perdi-mi-pasaporte-guatemalteco\/","og:image":"https:\/\/soymigrante.com\/revista\/wp-content\/uploads\/2024\/08\/pasaporte-guatemalteco-1140x570-1-e1747722889731.webp","og:image:secure_url":"https:\/\/soymigrante.com\/revista\/wp-content\/uploads\/2024\/08\/pasaporte-guatemalteco-1140x570-1-e1747722889731.webp","og:image:width":570,"og:image:height":570,"article:published_time":"2024-08-13T22:31:06+00:00","article:modified_time":"2024-11-01T16:59:59+00:00","article:publisher":"https:\/\/www.facebook.com\/soymigrantecom","twitter:card":"summary_large_image","twitter:site":"@SoyMigrante_com","twitter:title":"\u00bfQu\u00e9 hacer si perd\u00ed mi pasaporte guatemalteco?","twitter:description":"Siempre hay que cuidar mucho de los documentos. En caso de extrav\u00edo robo del pasaporte guatemmalteco, sobre todo en el extranjero, estas son algunas sugerencias","twitter:creator":"@SoyMigrante_com","twitter:image":"https:\/\/soymigrante.com\/revista\/wp-content\/uploads\/2024\/08\/pasaporte-guatemalteco-1140x570-1-e1747722889731.webp"},"aioseo_meta_data":{"post_id":"40720","title":null,"description":"Migrantes con cita en Corte migratoria pueden solicitar audiencia por videollamada para evitar arrestos.","keywords":null,"keyphrases":{"focus":{"keyphrase":"Migrantes","score":68,"analysis":{"keyphraseInTitle":{"score":3,"maxScore":9,"error":1},"keyphraseInDescription":{"score":9,"maxScore":9,"error":0},"keyphraseLength":{"score":9,"maxScore":9,"error":0,"length":1},"keyphraseInURL":{"score":1,"maxScore":5,"error":1},"keyphraseInIntroduction":{"score":9,"maxScore":9,"error":0},"keyphraseInSubHeadings":{"score":3,"maxScore":9,"error":1},"keyphraseInImageAlt":{"score":3,"maxScore":9,"error":1},"keywordDensity":{"type":"best","score":9,"maxScore":9,"error":0}}},"additional":[{"keyphrase":"corte","score":73,"analysis":{"keyphraseInDescription":{"score":9,"maxScore":9,"error":0},"keyphraseLength":{"score":9,"maxScore":9,"error":0,"length":1},"keyphraseInIntroduction":{"score":3,"maxScore":9,"error":1},"keyphraseInImageAlt":{"score":3,"maxScore":9,"error":1},"keywordDensity":{"type":"best","score":9,"maxScore":9,"error":0}}}]},"primary_term":null,"canonical_url":null,"og_title":null,"og_description":null,"og_object_type":"default","og_image_type":"default","og_image_url":null,"og_image_width":null,"og_image_height":null,"og_image_custom_url":null,"og_image_custom_fields":null,"og_video":"","og_custom_url":null,"og_article_section":null,"og_article_tags":null,"twitter_use_og":false,"twitter_card":"default","twitter_image_type":"default","twitter_image_url":null,"twitter_image_custom_url":null,"twitter_image_custom_fields":null,"twitter_title":null,"twitter_description":null,"schema":{"blockGraphs":[],"customGraphs":[],"default":{"data":{"Article":[],"Course":[],"Dataset":[],"FAQPage":[],"Movie":[],"Person":[],"Product":[],"ProductReview":[],"Car":[],"Recipe":[],"Service":[],"SoftwareApplication":[],"WebPage":[]},"graphName":"none","isEnabled":true},"graphs":[]},"schema_type":"default","schema_type_options":null,"pillar_content":false,"robots_default":true,"robots_noindex":false,"robots_noarchive":false,"robots_nosnippet":false,"robots_nofollow":false,"robots_noimageindex":false,"robots_noodp":false,"robots_notranslate":false,"robots_max_snippet":"-1","robots_max_videopreview":"-1","robots_max_imagepreview":"large","priority":null,"frequency":"default","local_seo":null,"seo_analyzer_scan_date":"2025-10-09 07:18:21","breadcrumb_settings":null,"limit_modified_date":false,"reviewed_by":"0","open_ai":null,"ai":{"faqs":[],"keyPoints":[],"titles":[],"descriptions":[],"socialPosts":{"email":[],"linkedin":[],"twitter":[],"facebook":[],"instagram":[]}},"created":"2025-07-29 18:04:25","updated":"2026-02-05 03:24:15"},"aioseo_breadcrumb":"<div class=\"aioseo-breadcrumbs\"><span class=\"aioseo-breadcrumb\">\n\t<a href=\"https:\/\/soymigrante.com\/revista\" title=\"Home\">Home<\/a>\n<\/span><span class=\"aioseo-breadcrumb-separator\">\u00bb<\/span><span class=\"aioseo-breadcrumb\">\n\t<a href=\"https:\/\/soymigrante.com\/revista\/category\/estamos-unidos\/\" title=\"Estamos Unidos\">Estamos Unidos<\/a>\n<\/span><span class=\"aioseo-breadcrumb-separator\">\u00bb<\/span><span class=\"aioseo-breadcrumb\">\n\t\u00bfCita con una corte de migraci\u00f3n en USA? Puedes solicitar que sea por videollamada\n<\/span><\/div>","aioseo_breadcrumb_json":[{"label":"Home","link":"https:\/\/soymigrante.com\/revista"},{"label":"Estamos Unidos","link":"https:\/\/soymigrante.com\/revista\/category\/estamos-unidos\/"},{"label":"\u00bfCita con una corte de migraci\u00f3n en USA? Puedes solicitar que sea por videollamada","link":"https:\/\/soymigrante.com\/revista\/cita-corte-migracion-usa-videollamada-solicitud\/"}],"_links":{"self":[{"href":"https:\/\/soymigrante.com\/revista\/wp-json\/wp\/v2\/posts\/40720","targetHints":{"allow":["GET"]}}],"collection":[{"href":"https:\/\/soymigrante.com\/revista\/wp-json\/wp\/v2\/posts"}],"about":[{"href":"https:\/\/soymigrante.com\/revista\/wp-json\/wp\/v2\/types\/post"}],"author":[{"embeddable":true,"href":"https:\/\/soymigrante.com\/revista\/wp-json\/wp\/v2\/users\/19"}],"replies":[{"embeddable":true,"href":"https:\/\/soymigrante.com\/revista\/wp-json\/wp\/v2\/comments?post=40720"}],"version-history":[{"count":9,"href":"https:\/\/soymigrante.com\/revista\/wp-json\/wp\/v2\/posts\/40720\/revisions"}],"predecessor-version":[{"id":40774,"href":"https:\/\/soymigrante.com\/revista\/wp-json\/wp\/v2\/posts\/40720\/revisions\/40774"}],"wp:featuredmedia":[{"embeddable":true,"href":"https:\/\/soymigrante.com\/revista\/wp-json\/wp\/v2\/media\/40769"}],"wp:attachment":[{"href":"https:\/\/soymigrante.com\/revista\/wp-json\/wp\/v2\/media?parent=40720"}],"wp:term":[{"taxonomy":"category","embeddable":true,"href":"https:\/\/soymigrante.com\/revista\/wp-json\/wp\/v2\/categories?post=40720"},{"taxonomy":"post_tag","embeddable":true,"href":"https:\/\/soymigrante.com\/revista\/wp-json\/wp\/v2\/tags?post=40720"}],"curies":[{"name":"wp","href":"https:\/\/api.w.org\/{rel}","templated":true}]}}