{"id":40678,"date":"2025-07-28T17:29:19","date_gmt":"2025-07-28T23:29:19","guid":{"rendered":"https:\/\/soymigrante.com\/revista\/?p=40678"},"modified":"2025-07-28T17:37:57","modified_gmt":"2025-07-28T23:37:57","slug":"cifra-de-migrantes-guatemaltecos-en-usa-subio-entre-2024-y-2025-segun-datos-del-minex","status":"publish","type":"post","link":"https:\/\/soymigrante.com\/revista\/cifra-de-migrantes-guatemaltecos-en-usa-subio-entre-2024-y-2025-segun-datos-del-minex\/","title":{"rendered":"Cifra de migrantes guatemaltecos en USA subi\u00f3 entre 2024 y 2025, seg\u00fan datos del Minex"},"content":{"rendered":"\t\t<div data-elementor-type=\"wp-post\" data-elementor-id=\"40678\" class=\"elementor elementor-40678\" data-elementor-post-type=\"post\">\n\t\t\t\t\t\t<section data-particle_enable=\"false\" data-particle-mobile-disabled=\"false\" class=\"elementor-section elementor-top-section elementor-element elementor-element-639b986 elementor-section-boxed elementor-section-height-default elementor-section-height-default\" data-id=\"639b986\" data-element_type=\"section\" data-e-type=\"section\">\n\t\t\t\t\t\t<div class=\"elementor-container elementor-column-gap-default\">\n\t\t\t\t\t<div class=\"elementor-column elementor-col-100 elementor-top-column elementor-element elementor-element-f51a111\" data-id=\"f51a111\" data-element_type=\"column\" data-e-type=\"column\">\n\t\t\t<div class=\"elementor-widget-wrap elementor-element-populated\">\n\t\t\t\t\t\t<div class=\"elementor-element elementor-element-bca7422 elementor-widget elementor-widget-heading\" data-id=\"bca7422\" data-element_type=\"widget\" data-e-type=\"widget\" data-widget_type=\"heading.default\">\n\t\t\t\t\t<h2 class=\"elementor-heading-title elementor-size-default\">Guatemaltecos en Estados Unidos pasan de 3.2 millones en 2024 a 3.6 millones, seg\u00fan mapa consular del Minex. California sigue en primer lugar en n\u00famero de migrantes guatemaltecos en 2025 y tambi\u00e9n fue el mayor aumento.<\/h2>\t\t\t\t<\/div>\n\t\t\t\t\t<\/div>\n\t\t<\/div>\n\t\t\t\t\t<\/div>\n\t\t<\/section>\n\t\t\t\t<section data-particle_enable=\"false\" data-particle-mobile-disabled=\"false\" class=\"elementor-section elementor-top-section elementor-element elementor-element-abc43b3 elementor-section-boxed elementor-section-height-default elementor-section-height-default\" data-id=\"abc43b3\" data-element_type=\"section\" data-e-type=\"section\">\n\t\t\t\t\t\t<div class=\"elementor-container elementor-column-gap-default\">\n\t\t\t\t\t<div class=\"elementor-column elementor-col-100 elementor-top-column elementor-element elementor-element-febe630\" data-id=\"febe630\" data-element_type=\"column\" data-e-type=\"column\">\n\t\t\t<div class=\"elementor-widget-wrap elementor-element-populated\">\n\t\t\t\t\t\t<div class=\"elementor-element elementor-element-6628558 elementor-widget elementor-widget-text-editor\" data-id=\"6628558\" data-element_type=\"widget\" data-e-type=\"widget\" data-widget_type=\"text-editor.default\">\n\t\t\t\t\t\t\t\t\t<p>La<a href=\"https:\/\/soymigrante.com\/revista\/buscas-un-consulado-de-guatemala-en-us-contactos-ubicacion-y-citas-de-todos\/\"> Red Consular de Guatemala<\/a> presta servicios a los guatemaltecos radicados fuera del pa\u00eds. En Estados Unidos, donde se encuentra la mayor\u00eda de connacionales, hay <a href=\"https:\/\/soymigrante.com\/revista\/buscas-un-consulado-de-guatemala-en-us-contactos-ubicacion-y-citas-de-todos\/\">consulados guatemaltecos en 23 ciudades.\u00a0<\/a>De esa cuenta, se registra un aumento notorio de guatemaltecos entre 2024 y 2025.<\/p>\t\t\t\t\t\t\t\t<\/div>\n\t\t\t\t\t<\/div>\n\t\t<\/div>\n\t\t\t\t\t<\/div>\n\t\t<\/section>\n\t\t\t\t<section data-particle_enable=\"false\" data-particle-mobile-disabled=\"false\" class=\"elementor-section elementor-top-section elementor-element elementor-element-eb4095e elementor-section-boxed elementor-section-height-default elementor-section-height-default\" data-id=\"eb4095e\" data-element_type=\"section\" data-e-type=\"section\">\n\t\t\t\t\t\t<div class=\"elementor-container elementor-column-gap-default\">\n\t\t\t\t\t<div class=\"elementor-column elementor-col-100 elementor-top-column elementor-element elementor-element-8d5b353\" data-id=\"8d5b353\" data-element_type=\"column\" data-e-type=\"column\">\n\t\t\t<div class=\"elementor-widget-wrap elementor-element-populated\">\n\t\t\t\t\t\t<div class=\"elementor-element elementor-element-b669180 elementor-headline--style-highlight elementor-widget elementor-widget-animated-headline\" data-id=\"b669180\" data-element_type=\"widget\" data-e-type=\"widget\" data-settings=\"{&quot;highlighted_text&quot;:&quot; 3 millones 619 mil  436 guatemaltecos&quot;,&quot;marker&quot;:&quot;underline&quot;,&quot;headline_style&quot;:&quot;highlight&quot;,&quot;loop&quot;:&quot;yes&quot;,&quot;highlight_animation_duration&quot;:1200,&quot;highlight_iteration_delay&quot;:8000}\" data-widget_type=\"animated-headline.default\">\n\t\t\t\t\t\t\t<h3 class=\"elementor-headline\">\n\t\t\t\t\t<span class=\"elementor-headline-plain-text elementor-headline-text-wrapper\">Seg\u00fan la Red Consular del Minex hasta enero 2025 hab\u00eda<\/span>\n\t\t\t\t<span class=\"elementor-headline-dynamic-wrapper elementor-headline-text-wrapper\">\n\t\t\t\t\t<span class=\"elementor-headline-dynamic-text elementor-headline-text-active\"> 3 millones 619 mil  436 guatemaltecos<\/span>\n\t\t\t\t<\/span>\n\t\t\t\t\t<span class=\"elementor-headline-plain-text elementor-headline-text-wrapper\">radicados en Estados Unidos: un aumento de m\u00e1s de 300 mil respecto de 2024<\/span>\n\t\t\t\t\t<\/h3>\n\t\t\t\t\t\t<\/div>\n\t\t\t\t\t<\/div>\n\t\t<\/div>\n\t\t\t\t\t<\/div>\n\t\t<\/section>\n\t\t<div data-particle_enable=\"false\" data-particle-mobile-disabled=\"false\" class=\"elementor-element elementor-element-6b4ab83 e-flex e-con-boxed e-con e-parent\" data-id=\"6b4ab83\" data-element_type=\"container\" data-e-type=\"container\">\n\t\t\t\t\t<div class=\"e-con-inner\">\n\t\t\t\t<div class=\"elementor-element elementor-element-dc28ac5 elementor-widget elementor-widget-text-editor\" data-id=\"dc28ac5\" data-element_type=\"widget\" data-e-type=\"widget\" data-widget_type=\"text-editor.default\">\n\t\t\t\t\t\t\t\t\t<p>Estos datos se obtienen del registro estad\u00edstico de los lugares de residencia de los migrantes que efect\u00faan tr\u00e1mites, independientemente de su estatus legal.\u00a0 <a href=\"https:\/\/www.minex.gob.gt\/\">El Ministerio de Relaciones Exteriores public\u00f3 <\/a>el dato actualizado a enero de 2025, sobre d\u00f3nde viven los guatemaltecos en Estados Unidos.<\/p>\t\t\t\t\t\t\t\t<\/div>\n\t\t\t\t\t<\/div>\n\t\t\t\t<\/div>\n\t\t<div data-particle_enable=\"false\" data-particle-mobile-disabled=\"false\" class=\"elementor-element elementor-element-266f017 e-flex e-con-boxed e-con e-parent\" data-id=\"266f017\" data-element_type=\"container\" data-e-type=\"container\">\n\t\t\t\t\t<div class=\"e-con-inner\">\n\t\t\t\t<div class=\"elementor-element elementor-element-9fb443a elementor-widget elementor-widget-heading\" data-id=\"9fb443a\" data-element_type=\"widget\" data-e-type=\"widget\" data-widget_type=\"heading.default\">\n\t\t\t\t\t<h3 class=\"elementor-heading-title elementor-size-default\">Mapa MINEX de guatemaltecos en USA en 2025<\/h3>\t\t\t\t<\/div>\n\t\t\t\t\t<\/div>\n\t\t\t\t<\/div>\n\t\t<div data-particle_enable=\"false\" data-particle-mobile-disabled=\"false\" class=\"elementor-element elementor-element-12b6be5 e-flex e-con-boxed e-con e-parent\" data-id=\"12b6be5\" data-element_type=\"container\" data-e-type=\"container\">\n\t\t\t\t\t<div class=\"e-con-inner\">\n\t\t\t\t<div class=\"elementor-element elementor-element-bc0aab3 elementor-widget elementor-widget-image\" data-id=\"bc0aab3\" data-element_type=\"widget\" data-e-type=\"widget\" data-widget_type=\"image.default\">\n\t\t\t\t\t\t\t\t\t\t\t\t<figure class=\"wp-caption\">\n\t\t\t\t\t\t\t\t\t\t<img fetchpriority=\"high\" decoding=\"async\" width=\"768\" height=\"593\" src=\"https:\/\/soymigrante.com\/revista\/wp-content\/uploads\/2025\/07\/cifra-de-guatemaltecos-en-usa-2025-1-1024x791.png\" class=\"attachment-large size-large wp-image-40687\" alt=\"Guatemaltecos poblaci\u00f3n en Estados Unidos, mapa con cifras de inmigrantes guatemaltecos en EE. UU., a trav\u00e9s de SoyMigrante.com REVISTA, enlace a noticias y datos sobre migraci\u00f3n centroamericana.\" srcset=\"https:\/\/soymigrante.com\/revista\/wp-content\/uploads\/2025\/07\/cifra-de-guatemaltecos-en-usa-2025-1-1024x791.png 1024w, https:\/\/soymigrante.com\/revista\/wp-content\/uploads\/2025\/07\/cifra-de-guatemaltecos-en-usa-2025-1-300x232.png 300w, https:\/\/soymigrante.com\/revista\/wp-content\/uploads\/2025\/07\/cifra-de-guatemaltecos-en-usa-2025-1-768x593.png 768w, https:\/\/soymigrante.com\/revista\/wp-content\/uploads\/2025\/07\/cifra-de-guatemaltecos-en-usa-2025-1-1536x1187.png 1536w, https:\/\/soymigrante.com\/revista\/wp-content\/uploads\/2025\/07\/cifra-de-guatemaltecos-en-usa-2025-1-2048x1583.png 2048w, https:\/\/soymigrante.com\/revista\/wp-content\/uploads\/2025\/07\/cifra-de-guatemaltecos-en-usa-2025-1-750x580.webp 750w, https:\/\/soymigrante.com\/revista\/wp-content\/uploads\/2025\/07\/cifra-de-guatemaltecos-en-usa-2025-1-1140x881.webp 1140w, https:\/\/soymigrante.com\/revista\/wp-content\/uploads\/2025\/07\/cifra-de-guatemaltecos-en-usa-2025-1-scaled.webp 1920w\" sizes=\"(max-width: 768px) 100vw, 768px\" title=\"Este mapa se efect\u00faa mediante datos provistos por todos los consulados de Guatemala en Estados Unidos. En ciudades como Los Angeles, Texas, Nueva Jersey y Nueva York,  se concentran las mayores poblaciones de guatemaltecos. (Fuente Minex) \u2013 SoyMigrante.com REVISTA\" \/>\t\t\t\t\t\t\t\t\t\t\t<figcaption class=\"widget-image-caption wp-caption-text\">Este mapa se efect\u00faa mediante datos provistos por todos los consulados de Guatemala en Estados Unidos. En ciudades como Los Angeles, Texas, Nueva Jersey y Nueva York,  se concentran las mayores poblaciones de guatemaltecos. (Fuente Minex)<\/figcaption>\n\t\t\t\t\t\t\t\t\t\t<\/figure>\n\t\t\t\t\t\t\t\t\t<\/div>\n\t\t\t\t\t<\/div>\n\t\t\t\t<\/div>\n\t\t<div data-particle_enable=\"false\" data-particle-mobile-disabled=\"false\" class=\"elementor-element elementor-element-6e47bb5 e-flex e-con-boxed e-con e-parent\" data-id=\"6e47bb5\" data-element_type=\"container\" data-e-type=\"container\">\n\t\t\t\t\t<div class=\"e-con-inner\">\n\t\t\t\t<div class=\"elementor-element elementor-element-9183beb elementor-widget elementor-widget-heading\" data-id=\"9183beb\" data-element_type=\"widget\" data-e-type=\"widget\" data-widget_type=\"heading.default\">\n\t\t\t\t\t<h3 class=\"elementor-heading-title elementor-size-default\">Mapa MINEX de guatemaltecos en USA en 2024<\/h3>\t\t\t\t<\/div>\n\t\t\t\t\t<\/div>\n\t\t\t\t<\/div>\n\t\t<div data-particle_enable=\"false\" data-particle-mobile-disabled=\"false\" class=\"elementor-element elementor-element-aedeeb8 e-flex e-con-boxed e-con e-parent\" data-id=\"aedeeb8\" data-element_type=\"container\" data-e-type=\"container\">\n\t\t\t\t\t<div class=\"e-con-inner\">\n\t\t\t\t<div class=\"elementor-element elementor-element-bd84331 elementor-widget elementor-widget-image\" data-id=\"bd84331\" data-element_type=\"widget\" data-e-type=\"widget\" data-widget_type=\"image.default\">\n\t\t\t\t\t\t\t\t\t\t\t\t<figure class=\"wp-caption\">\n\t\t\t\t\t\t\t\t\t\t<img decoding=\"async\" width=\"768\" height=\"554\" src=\"https:\/\/soymigrante.com\/revista\/wp-content\/uploads\/2024\/05\/mapa-red-consular-guatemalteca.webp\" class=\"attachment-large size-large wp-image-6334\" alt=\"Poblaci\u00f3n estimada de guatemaltecos en Estados Unidos, destacando comunidades inmigrantes, cifras clave, y mapas de distribuci\u00f3n para an\u00e1lisis migratorio y estudios demogr\u00e1ficos.\" srcset=\"https:\/\/soymigrante.com\/revista\/wp-content\/uploads\/2024\/05\/mapa-red-consular-guatemalteca.webp 896w, https:\/\/soymigrante.com\/revista\/wp-content\/uploads\/2024\/05\/mapa-red-consular-guatemalteca-300x216.webp 300w, https:\/\/soymigrante.com\/revista\/wp-content\/uploads\/2024\/05\/mapa-red-consular-guatemalteca-768x554.webp 768w, https:\/\/soymigrante.com\/revista\/wp-content\/uploads\/2024\/05\/mapa-red-consular-guatemalteca-120x86.webp 120w, https:\/\/soymigrante.com\/revista\/wp-content\/uploads\/2024\/05\/mapa-red-consular-guatemalteca-750x541.webp 750w\" sizes=\"(max-width: 768px) 100vw, 768px\" title=\"El mapa del Minex est\u00e1 actualizado hasta enero de 2024 y es la cifra m\u00e1s reciente as\u00ed como la m\u00e1s documentada debido a que es recopilada por la red de consulados. (Captura de pantalla de la p\u00e1gina web del Ministerio de Relaciones Exteriores) \u2013 SoyMigrante.com REVISTA\" \/>\t\t\t\t\t\t\t\t\t\t\t<figcaption class=\"widget-image-caption wp-caption-text\">Mapa de abril de 2024, de la red consular de Guatemala<\/figcaption>\n\t\t\t\t\t\t\t\t\t\t<\/figure>\n\t\t\t\t\t\t\t\t\t<\/div>\n\t\t\t\t\t<\/div>\n\t\t\t\t<\/div>\n\t\t\t\t<section data-particle_enable=\"false\" data-particle-mobile-disabled=\"false\" class=\"elementor-section elementor-top-section elementor-element elementor-element-89db745 elementor-section-boxed elementor-section-height-default elementor-section-height-default\" data-id=\"89db745\" data-element_type=\"section\" data-e-type=\"section\">\n\t\t\t\t\t\t<div class=\"elementor-container elementor-column-gap-default\">\n\t\t\t\t\t<div class=\"elementor-column elementor-col-100 elementor-top-column elementor-element elementor-element-2252e7a\" data-id=\"2252e7a\" data-element_type=\"column\" data-e-type=\"column\">\n\t\t\t<div class=\"elementor-widget-wrap elementor-element-populated\">\n\t\t\t\t\t\t<div class=\"elementor-element elementor-element-e9b3fb0 elementor-widget elementor-widget-heading\" data-id=\"e9b3fb0\" data-element_type=\"widget\" data-e-type=\"widget\" data-widget_type=\"heading.default\">\n\t\t\t\t\t<h3 class=\"elementor-heading-title elementor-size-default\">En nueve estados, los migrantes guatemaltecos aumentaron de 2.26 millones a 2.5 millones <\/h3>\t\t\t\t<\/div>\n\t\t\t\t\t<\/div>\n\t\t<\/div>\n\t\t\t\t\t<\/div>\n\t\t<\/section>\n\t\t\t\t<section data-particle_enable=\"false\" data-particle-mobile-disabled=\"false\" class=\"elementor-section elementor-top-section elementor-element elementor-element-4100bea elementor-section-boxed elementor-section-height-default elementor-section-height-default\" data-id=\"4100bea\" data-element_type=\"section\" data-e-type=\"section\">\n\t\t\t\t\t\t<div class=\"elementor-container elementor-column-gap-default\">\n\t\t\t\t\t<div class=\"elementor-column elementor-col-100 elementor-top-column elementor-element elementor-element-c5bb99c\" data-id=\"c5bb99c\" data-element_type=\"column\" data-e-type=\"column\">\n\t\t\t<div class=\"elementor-widget-wrap elementor-element-populated\">\n\t\t\t\t\t\t<div class=\"elementor-element elementor-element-e099117 elementor-widget elementor-widget-text-editor\" data-id=\"e099117\" data-element_type=\"widget\" data-e-type=\"widget\" data-widget_type=\"text-editor.default\">\n\t\t\t\t\t\t\t\t\t<p>Aunque Estados Unidos tiene 50 estados, la poblaci\u00f3n de guatemaltecos se concentra en nueve de ellos: California, Texas, Florida, New York, New Jersey, Maryland, Virginia, Nevada y Georgia. Todos tienen arriba de 100 mil conacionales y <b>en 2024 sumaban 2.26 millones.\u00a0 En las cifras 2025, llega a 2.5 millones.<\/b><\/p><p>California sigue siendo, por mucho, el mayor n\u00facleo de migrantes guatemaltecos. Tuvo un aumento notable: <b>pas\u00f3 de\u00a01 mill\u00f3n 152 mil 699 en 2024 a 1 mill\u00f3n 280 mil 871 en 2025: <\/b>una diferencia superior<b> a 127 mil.<\/b>\u00a0\u00a0Similar crecimiento tuvo <b>Texas: pas\u00f3 de\u00a0182,665 en 2024\u00a0a 275,040 <\/b>guatemaltecos 2025: un aumento de <b>92 mil personas.<\/b><\/p><p>Florida ten\u00eda en 2024 el tercer lugar de mayor porblaci\u00f3n guatemalteca, pero ahora en ese puesto se encuentra\u00a0<\/p><ul><li>Nueva York. Ten\u00eda157 029 guatemaltecos en 2024\u00a0 y subi\u00f3 a 158,461 en 2025.\u00a0<\/li><li>New Jersey ten\u00eda en el 2024 registrados 157,029 connacionales y ahora\u00a0 hay 158,589.<\/li><li>Maryland pas\u00f3 de tener\u00a0134,300 en 2024, a 137,800 este a\u00f1o<\/li><li>En Virginia se contabilizaban\u00a0110,000 y ahora hay 113,500.<\/li><li>En Nevada hab\u00eda\u00a0107,577 hace un a\u00f1o y ahora hay 110 mil.\u00a0<\/li><li>En Georgia hab\u00eda 101,981 chapines y ahora 106,035.<\/li><\/ul>\t\t\t\t\t\t\t\t<\/div>\n\t\t\t\t\t<\/div>\n\t\t<\/div>\n\t\t\t\t\t<\/div>\n\t\t<\/section>\n\t\t<div data-particle_enable=\"false\" data-particle-mobile-disabled=\"false\" class=\"elementor-element elementor-element-d883ee6 e-flex e-con-boxed e-con e-parent\" data-id=\"d883ee6\" data-element_type=\"container\" data-e-type=\"container\">\n\t\t\t\t\t<div class=\"e-con-inner\">\n\t\t\t\t<div class=\"elementor-element elementor-element-648a10b elementor-widget elementor-widget-image\" data-id=\"648a10b\" data-element_type=\"widget\" data-e-type=\"widget\" data-widget_type=\"image.default\">\n\t\t\t\t\t\t\t\t\t\t\t\t<figure class=\"wp-caption\">\n\t\t\t\t\t\t\t\t\t\t<img decoding=\"async\" width=\"768\" height=\"311\" src=\"https:\/\/soymigrante.com\/revista\/wp-content\/uploads\/2025\/07\/cifra-de-guatemaltecos-en-usa-2025-7-1024x414.jpg\" class=\"attachment-large size-large wp-image-40696\" alt=\"Guatemaltecos en una manifestaci\u00f3n cultural en Nueva York con trajes tradicionales y banderas, promoviendo la identidad y presencia de la comunidad migrante en Estados Unidos.\" srcset=\"https:\/\/soymigrante.com\/revista\/wp-content\/uploads\/2025\/07\/cifra-de-guatemaltecos-en-usa-2025-7-1024x414.jpg 1024w, https:\/\/soymigrante.com\/revista\/wp-content\/uploads\/2025\/07\/cifra-de-guatemaltecos-en-usa-2025-7-300x121.jpg 300w, https:\/\/soymigrante.com\/revista\/wp-content\/uploads\/2025\/07\/cifra-de-guatemaltecos-en-usa-2025-7-768x311.jpg 768w, https:\/\/soymigrante.com\/revista\/wp-content\/uploads\/2025\/07\/cifra-de-guatemaltecos-en-usa-2025-7-1536x621.jpg 1536w, https:\/\/soymigrante.com\/revista\/wp-content\/uploads\/2025\/07\/cifra-de-guatemaltecos-en-usa-2025-7-750x303.webp 750w, https:\/\/soymigrante.com\/revista\/wp-content\/uploads\/2025\/07\/cifra-de-guatemaltecos-en-usa-2025-7-1140x461.webp 1140w, https:\/\/soymigrante.com\/revista\/wp-content\/uploads\/2025\/07\/cifra-de-guatemaltecos-en-usa-2025-7.webp 1920w\" sizes=\"(max-width: 768px) 100vw, 768px\" title=\"Festival Hispano 2024 en Nueva York. Participaron guatemaltecos de este y otros estados vecinos. \u2013 SoyMigrante.com REVISTA\" \/>\t\t\t\t\t\t\t\t\t\t\t<figcaption class=\"widget-image-caption wp-caption-text\">Festival Hispano 2024 en Nueva York. Participaron guatemaltecos de este y otros estados vecinos.<\/figcaption>\n\t\t\t\t\t\t\t\t\t\t<\/figure>\n\t\t\t\t\t\t\t\t\t<\/div>\n\t\t\t\t\t<\/div>\n\t\t\t\t<\/div>\n\t\t<div data-particle_enable=\"false\" data-particle-mobile-disabled=\"false\" class=\"elementor-element elementor-element-b45785d e-flex e-con-boxed e-con e-parent\" data-id=\"b45785d\" data-element_type=\"container\" data-e-type=\"container\">\n\t\t\t\t\t<div class=\"e-con-inner\">\n\t\t\t\t<div class=\"elementor-element elementor-element-1089d81 elementor-widget elementor-widget-heading\" data-id=\"1089d81\" data-element_type=\"widget\" data-e-type=\"widget\" data-widget_type=\"heading.default\">\n\t\t\t\t\t<h3 class=\"elementor-heading-title elementor-size-default\">Dos variantes llamativas en dos Estados de USA<\/h3>\t\t\t\t<\/div>\n\t\t\t\t\t<\/div>\n\t\t\t\t<\/div>\n\t\t<div data-particle_enable=\"false\" data-particle-mobile-disabled=\"false\" class=\"elementor-element elementor-element-ae1984c e-flex e-con-boxed e-con e-parent\" data-id=\"ae1984c\" data-element_type=\"container\" data-e-type=\"container\">\n\t\t\t\t\t<div class=\"e-con-inner\">\n\t\t\t\t<div class=\"elementor-element elementor-element-8e64686 elementor-widget elementor-widget-text-editor\" data-id=\"8e64686\" data-element_type=\"widget\" data-e-type=\"widget\" data-widget_type=\"text-editor.default\">\n\t\t\t\t\t\t\t\t\t<p>Como se dijo antes, e<b>n Florida hubo un descenso: de\u00a0<\/b><span style=\"font-family: Roboto, sans-serif; font-size: 16px; font-style: normal; font-variant-ligatures: normal; font-variant-caps: normal;\"><b>165 mil en 2024 a 146 mil 141 en 2025<\/b>, aunque sigue estando dentro de los Estados con mayor poblaci\u00f3n guatemalteca.<\/span><\/p><p><span style=\"font-family: Roboto, sans-serif; font-size: 16px; font-style: normal; font-variant-ligatures: normal; font-variant-caps: normal;\">Tambi\u00e9n se debe mencionar como dato llamativo, el estado de Louisiana, que en 2024 reportaba apenas 12,367 connacionales y en el mapa delMinex consigna en 2025, un total de 133,394 guatemaltecos: es decir, 10 veces m\u00e1s.\u00a0<\/span><\/p>\t\t\t\t\t\t\t\t<\/div>\n\t\t\t\t\t<\/div>\n\t\t\t\t<\/div>\n\t\t<div data-particle_enable=\"false\" data-particle-mobile-disabled=\"false\" class=\"elementor-element elementor-element-303a400 e-flex e-con-boxed e-con e-parent\" data-id=\"303a400\" data-element_type=\"container\" data-e-type=\"container\">\n\t\t\t\t\t<div class=\"e-con-inner\">\n\t\t\t\t<div class=\"elementor-element elementor-element-5ed06c0 elementor-widget elementor-widget-heading\" data-id=\"5ed06c0\" data-element_type=\"widget\" data-e-type=\"widget\" data-widget_type=\"heading.default\">\n\t\t\t\t\t<h3 class=\"elementor-heading-title elementor-size-default\">Listado completo de cifras de guatemaltcos 2025 seg\u00fan la Red Consular de Guatemala<\/h3>\t\t\t\t<\/div>\n\t\t\t\t\t<\/div>\n\t\t\t\t<\/div>\n\t\t<div data-particle_enable=\"false\" data-particle-mobile-disabled=\"false\" class=\"elementor-element elementor-element-af396a6 e-flex e-con-boxed e-con e-parent\" data-id=\"af396a6\" data-element_type=\"container\" data-e-type=\"container\">\n\t\t\t\t\t<div class=\"e-con-inner\">\n\t\t\t\t<div class=\"elementor-element elementor-element-27a37be elementor-widget elementor-widget-html\" data-id=\"27a37be\" data-element_type=\"widget\" data-e-type=\"widget\" data-widget_type=\"html.default\">\n\t\t\t\t\t<table style=\"border-collapse: collapse; width: 100%; font-family: Arial, sans-serif;\" border=\"1\">\r\n  <thead style=\"background-color: #ffd54f;\">\r\n    <tr>\r\n      <th>Estado<\/th>\r\n      <th>Cifra de guatemaltecos<\/th>\r\n    <\/tr>\r\n  <\/thead>\r\n  <tbody>\r\n    <tr><td>California<\/td><td>1,280,871<\/td><\/tr>\r\n    <tr style=\"background-color: #fff9c4;\"><td>Texas<\/td><td>275,040<\/td><\/tr>\r\n    <tr><td>Nueva York<\/td><td>174,650<\/td><\/tr>\r\n    <tr style=\"background-color: #fff9c4;\"><td>New Jersey<\/td><td>158,589<\/td><\/tr>\r\n    <tr><td>Florida<\/td><td>146,141<\/td><\/tr>\r\n    <tr style=\"background-color: #fff9c4;\"><td>Maryland<\/td><td>137,800<\/td><\/tr>\r\n    <tr><td>Louisiana<\/td><td>133,394<\/td><\/tr>\r\n    <tr style=\"background-color: #fff9c4;\"><td>Virginia<\/td><td>113,500<\/td><\/tr>\r\n    <tr><td>Nevada<\/td><td>110,000<\/td><\/tr>\r\n    <tr style=\"background-color: #fff9c4;\"><td>Georgia<\/td><td>106,035<\/td><\/tr>\r\n    <tr><td>Carolina del Norte<\/td><td>90,269<\/td><\/tr>\r\n    <tr style=\"background-color: #fff9c4;\"><td>Illinois<\/td><td>62,680<\/td><\/tr>\r\n    <tr><td>Tennessee<\/td><td>60,543<\/td><\/tr>\r\n    <tr style=\"background-color: #fff9c4;\"><td>Washington<\/td><td>49,000<\/td><\/tr>\r\n    <tr><td>Oregon<\/td><td>49,000<\/td><\/tr>\r\n    <tr style=\"background-color: #fff9c4;\"><td>Carolina del Sur<\/td><td>47,940<\/td><\/tr>\r\n    <tr><td>Massachussets<\/td><td>39,835<\/td><\/tr>\r\n    <tr style=\"background-color: #fff9c4;\"><td>Mississipi<\/td><td>37,608<\/td><\/tr>\r\n    <tr><td>Arizona<\/td><td>36,154<\/td><\/tr>\r\n    <tr style=\"background-color: #fff9c4;\"><td>Oklahoma<\/td><td>35,000<\/td><\/tr>\r\n    <tr><td>Alabama<\/td><td>32,949<\/td><\/tr>\r\n    <tr style=\"background-color: #fff9c4;\"><td>Kentucky<\/td><td>32,257<\/td><\/tr>\r\n    <tr><td>Connecticut<\/td><td>32,053<\/td><\/tr>\r\n    <tr style=\"background-color: #fff9c4;\"><td>Pennsilvania<\/td><td>31,684<\/td><\/tr>\r\n    <tr><td>Ohio<\/td><td>30,888<\/td><\/tr>\r\n    <tr style=\"background-color: #fff9c4;\"><td>Colorado<\/td><td>30,105<\/td><\/tr>\r\n    <tr><td>Delaware<\/td><td>27,600<\/td><\/tr>\r\n    <tr style=\"background-color: #fff9c4;\"><td>Rhode Island<\/td><td>25,200<\/td><\/tr>\r\n    <tr><td>Indiana<\/td><td>23,804<\/td><\/tr>\r\n    <tr style=\"background-color: #fff9c4;\"><td>Nebraska<\/td><td>23,577<\/td><\/tr>\r\n    <tr><td>Arkansas<\/td><td>21,850<\/td><\/tr>\r\n    <tr style=\"background-color: #fff9c4;\"><td>Missouri<\/td><td>21,525<\/td><\/tr>\r\n    <tr><td>Utah<\/td><td>19,505<\/td><\/tr>\r\n    <tr style=\"background-color: #fff9c4;\"><td>Minesota<\/td><td>19,378<\/td><\/tr>\r\n    <tr><td>Kansas<\/td><td>17,255<\/td><\/tr>\r\n    <tr style=\"background-color: #fff9c4;\"><td>Iowa<\/td><td>16,308<\/td><\/tr>\r\n    <tr><td>Michigan<\/td><td>14,194<\/td><\/tr>\r\n    <tr style=\"background-color: #fff9c4;\"><td>Idaho<\/td><td>11,500<\/td><\/tr>\r\n    <tr><td>Dakota del Sur<\/td><td>6,697<\/td><\/tr>\r\n    <tr style=\"background-color: #fff9c4;\"><td>Wisconsin<\/td><td>5,806<\/td><\/tr>\r\n    <tr><td>Nuevo Mexico<\/td><td>5,504<\/td><\/tr>\r\n    <tr style=\"background-color: #fff9c4;\"><td>Wyoming<\/td><td>2,701<\/td><\/tr>\r\n    <tr><td>Hawaii<\/td><td>1,980<\/td><\/tr>\r\n    <tr style=\"background-color: #fff9c4;\"><td>West Virginia<\/td><td>1,600<\/td><\/tr>\r\n    <tr><td>Dakota del Norte<\/td><td>1,332<\/td><\/tr>\r\n    <tr style=\"background-color: #fff9c4;\"><td>New Hampshire<\/td><td>1,064<\/td><\/tr>\r\n    <tr><td>Puerto Rico<\/td><td>800<\/td><\/tr>\r\n    <tr style=\"background-color: #fff9c4;\"><td>Maine<\/td><td>740<\/td><\/tr>\r\n    <tr><td>Vermont<\/td><td>520<\/td><\/tr>\r\n    <tr style=\"background-color: #fff9c4;\"><td>Montana<\/td><td>500<\/td><\/tr>\r\n    <tr><td>Alaska<\/td><td>360<\/td><\/tr>\r\n    <tr style=\"background-color: #fff9c4;\"><td>Islas V\u00edrgenes<\/td><td>50<\/td><\/tr>\r\n  <\/tbody>\r\n<\/table>\r\n\t\t\t\t<\/div>\n\t\t\t\t\t<\/div>\n\t\t\t\t<\/div>\n\t\t\t\t<section data-particle_enable=\"false\" data-particle-mobile-disabled=\"false\" class=\"elementor-section elementor-top-section elementor-element elementor-element-dc246ed elementor-section-boxed elementor-section-height-default elementor-section-height-default\" data-id=\"dc246ed\" data-element_type=\"section\" data-e-type=\"section\">\n\t\t\t\t\t\t<div class=\"elementor-container elementor-column-gap-default\">\n\t\t\t\t\t<div class=\"elementor-column elementor-col-100 elementor-top-column elementor-element elementor-element-eadc825\" data-id=\"eadc825\" data-element_type=\"column\" data-e-type=\"column\">\n\t\t\t<div class=\"elementor-widget-wrap elementor-element-populated\">\n\t\t\t\t\t\t<div class=\"elementor-element elementor-element-42064f5 elementor-widget elementor-widget-heading\" data-id=\"42064f5\" data-element_type=\"widget\" data-e-type=\"widget\" data-widget_type=\"heading.default\">\n\t\t\t\t\t<h3 class=\"elementor-heading-title elementor-size-default\">Guatemaltecos mayas en los Estados Unidos <\/h3>\t\t\t\t<\/div>\n\t\t\t\t\t<\/div>\n\t\t<\/div>\n\t\t\t\t\t<\/div>\n\t\t<\/section>\n\t\t\t\t<section data-particle_enable=\"false\" data-particle-mobile-disabled=\"false\" class=\"elementor-section elementor-top-section elementor-element elementor-element-39ef797 elementor-section-boxed elementor-section-height-default elementor-section-height-default\" data-id=\"39ef797\" data-element_type=\"section\" data-e-type=\"section\">\n\t\t\t\t\t\t<div class=\"elementor-container elementor-column-gap-default\">\n\t\t\t\t\t<div class=\"elementor-column elementor-col-100 elementor-top-column elementor-element elementor-element-0d9c05e\" data-id=\"0d9c05e\" data-element_type=\"column\" data-e-type=\"column\">\n\t\t\t<div class=\"elementor-widget-wrap elementor-element-populated\">\n\t\t\t\t\t\t<div class=\"elementor-element elementor-element-97f5274 elementor-widget elementor-widget-text-editor\" data-id=\"97f5274\" data-element_type=\"widget\" data-e-type=\"widget\" data-widget_type=\"text-editor.default\">\n\t\t\t\t\t\t\t\t\t<p>En 2024, el mapa de distrubuci\u00f3n de guatemaltecos atendidos por la Red Consular del\u00a0\u00a0<a href=\"https:\/\/www.minex.gob.gt\/\">Minex<\/a>\u00a0 tambi\u00e9n presenta la presencia de guatemaltecos pertenecientes a un pueblo maya. Se reflejan <a href=\"https:\/\/soymigrante.com\/revista\/migrantes-mayas-identidad-eeuu\/\">los guatemaltecos mayahablantes<\/a> que m\u00e1s acuden a los servicios de los consulados.\u00a0<\/p><p>No se dan cifras pero en el mapa 2025 se registran cambios en ciertos consulados, en donde se registraron m\u00e1s hablandes de otros idiomas mayas.\u00a0 Las etnias mam, kiche, kaqchiq&#8217;el, q&#8217;anjob&#8217;al e ixil est\u00e1n entre las de mayor frecuencia en varios Estados. En el consulado de San Francisco en 2024 reportaban 5 idiomas mayas y en 2025, 10.\u00a0<\/p>\t\t\t\t\t\t\t\t<\/div>\n\t\t\t\t\t<\/div>\n\t\t<\/div>\n\t\t\t\t\t<\/div>\n\t\t<\/section>\n\t\t<div data-particle_enable=\"false\" data-particle-mobile-disabled=\"false\" class=\"elementor-element elementor-element-1c2db94 e-flex e-con-boxed e-con e-parent\" data-id=\"1c2db94\" data-element_type=\"container\" data-e-type=\"container\">\n\t\t\t\t\t<div class=\"e-con-inner\">\n\t\t\t\t<div class=\"elementor-element elementor-element-f076a0b elementor-arrows-position-inside elementor-pagination-position-outside elementor-widget elementor-widget-image-carousel\" data-id=\"f076a0b\" data-element_type=\"widget\" data-e-type=\"widget\" data-settings=\"{&quot;slides_to_show&quot;:&quot;1&quot;,&quot;effect&quot;:&quot;fade&quot;,&quot;navigation&quot;:&quot;both&quot;,&quot;autoplay&quot;:&quot;yes&quot;,&quot;pause_on_hover&quot;:&quot;yes&quot;,&quot;pause_on_interaction&quot;:&quot;yes&quot;,&quot;autoplay_speed&quot;:5000,&quot;infinite&quot;:&quot;yes&quot;,&quot;speed&quot;:500}\" data-widget_type=\"image-carousel.default\">\n\t\t\t\t\t\t\t<div class=\"elementor-image-carousel-wrapper swiper\" role=\"region\" aria-roledescription=\"carousel\" aria-label=\"Carrusel de im\u00e1genes\" dir=\"ltr\">\n\t\t\t<div class=\"elementor-image-carousel swiper-wrapper\" aria-live=\"off\">\n\t\t\t\t\t\t\t\t<div class=\"swiper-slide\" role=\"group\" aria-roledescription=\"slide\" aria-label=\"1 de 2\"><figure class=\"swiper-slide-inner\"><img decoding=\"async\" class=\"swiper-slide-image\" src=\"https:\/\/soymigrante.com\/revista\/wp-content\/uploads\/2024\/06\/Captura-de-pantalla-2024-05-09-172200.webp\" alt=\"Presencia pueblos mayas seg\u00fan red consular en 2024\" \/><figcaption class=\"elementor-image-carousel-caption\">Presencia pueblos mayas seg\u00fan red consular en 2024<\/figcaption><\/figure><\/div><div class=\"swiper-slide\" role=\"group\" aria-roledescription=\"slide\" aria-label=\"2 de 2\"><figure class=\"swiper-slide-inner\"><img decoding=\"async\" class=\"swiper-slide-image\" src=\"https:\/\/soymigrante.com\/revista\/wp-content\/uploads\/2025\/07\/mapa-sociolinguistico-migrantes-2025-1-1024x681.png\" alt=\"SEAMAP, mapa de Estados Unidos con sus regiones y ciudades principales, coloridas y detalladas, para identificar \u00e1reas de migrantes y comunidades hispanas en el pa\u00eds, importante para inmigrantes y estudios demogr\u00e1ficos.\" \/><figcaption class=\"elementor-image-carousel-caption\">Diverso mapa de Estados Unidos resaltando diferentes regiones con colores y etiquetas que muestran ciudades importantes y comunidades migrantes, ideal para entender las \u00e1reas de asentamiento hispano y migrante en Estados Unidos.<\/figcaption><\/figure><\/div>\t\t\t<\/div>\n\t\t\t\t\t\t\t\t\t\t\t\t<div class=\"elementor-swiper-button elementor-swiper-button-prev\" role=\"button\" tabindex=\"0\">\n\t\t\t\t\t\t<i aria-hidden=\"true\" class=\"eicon-chevron-left\"><\/i>\t\t\t\t\t<\/div>\n\t\t\t\t\t<div class=\"elementor-swiper-button elementor-swiper-button-next\" role=\"button\" tabindex=\"0\">\n\t\t\t\t\t\t<i aria-hidden=\"true\" class=\"eicon-chevron-right\"><\/i>\t\t\t\t\t<\/div>\n\t\t\t\t\n\t\t\t\t\t\t\t\t\t<div class=\"swiper-pagination\"><\/div>\n\t\t\t\t\t\t\t\t\t<\/div>\n\t\t\t\t\t\t<\/div>\n\t\t\t\t\t<\/div>\n\t\t\t\t<\/div>\n\t\t\t\t<section data-particle_enable=\"false\" data-particle-mobile-disabled=\"false\" class=\"elementor-section elementor-top-section elementor-element elementor-element-9e16f37 elementor-section-boxed elementor-section-height-default elementor-section-height-default\" data-id=\"9e16f37\" data-element_type=\"section\" data-e-type=\"section\">\n\t\t\t\t\t\t<div class=\"elementor-container elementor-column-gap-default\">\n\t\t\t\t\t<div class=\"elementor-column elementor-col-100 elementor-top-column elementor-element elementor-element-2dd7373\" data-id=\"2dd7373\" data-element_type=\"column\" data-e-type=\"column\">\n\t\t\t<div class=\"elementor-widget-wrap elementor-element-populated\">\n\t\t\t\t\t\t<div class=\"elementor-element elementor-element-b3d8a71 elementor-widget elementor-widget-heading\" data-id=\"b3d8a71\" data-element_type=\"widget\" data-e-type=\"widget\" data-widget_type=\"heading.default\">\n\t\t\t\t\t<h2 class=\"elementor-heading-title elementor-size-default\">El aporte de los guatemaltecos en Estados Unidos es enorme y creciente<\/h2>\t\t\t\t<\/div>\n\t\t\t\t\t<\/div>\n\t\t<\/div>\n\t\t\t\t\t<\/div>\n\t\t<\/section>\n\t\t\t\t<section data-particle_enable=\"false\" data-particle-mobile-disabled=\"false\" class=\"elementor-section elementor-top-section elementor-element elementor-element-7dec6d9 elementor-section-boxed elementor-section-height-default elementor-section-height-default\" data-id=\"7dec6d9\" data-element_type=\"section\" data-e-type=\"section\">\n\t\t\t\t\t\t<div class=\"elementor-container elementor-column-gap-default\">\n\t\t\t\t\t<div class=\"elementor-column elementor-col-100 elementor-top-column elementor-element elementor-element-ceb7796\" data-id=\"ceb7796\" data-element_type=\"column\" data-e-type=\"column\">\n\t\t\t<div class=\"elementor-widget-wrap elementor-element-populated\">\n\t\t\t\t\t\t<div class=\"elementor-element elementor-element-a766bfb elementor-grid-eael-col-3 elementor-grid-tablet-eael-col-2 elementor-grid-mobile-eael-col-1 elementor-widget elementor-widget-eael-post-grid\" data-id=\"a766bfb\" data-element_type=\"widget\" data-e-type=\"widget\" data-settings=\"{&quot;eael_post_grid_columns&quot;:&quot;eael-col-3&quot;,&quot;eael_post_grid_columns_tablet&quot;:&quot;eael-col-2&quot;,&quot;eael_post_grid_columns_mobile&quot;:&quot;eael-col-1&quot;}\" data-widget_type=\"eael-post-grid.default\">\n\t\t\t\t\t<div id=\"eael-post-grid-a766bfb\" class=\"eael-post-grid-container\">\n            <div class=\"eael-post-grid eael-post-appender eael-post-appender-a766bfb eael-post-grid-style-one\" data-layout-mode=\"masonry\"><article class=\"eael-grid-post  eael-post-grid-column eael-pg-post-6276 category-estamos-unidos tags-remesas-migrantes\" data-id=\"6276\">\n        <div class=\"eael-grid-post-holder\">\n            <div class=\"eael-grid-post-holder-inner\"><div class=\"eael-entry-media\"><div class=\"eael-entry-overlay fade-in\"><i class=\"fas fa-long-arrow-alt-right\" aria-hidden=\"true\"><\/i><a href=\"https:\/\/soymigrante.com\/revista\/remesas-migrantes-guatemaltecoso-estados-unidos-abril-2024\/\"><\/a><\/div><div class=\"eael-entry-thumbnail \">\n                <img loading=\"lazy\" decoding=\"async\" width=\"300\" height=\"225\" src=\"https:\/\/soymigrante.com\/revista\/wp-content\/uploads\/2024\/05\/WhatsApp-Image-2024-05-07-at-3.53.12-PM-300x225.webp\" class=\"attachment-medium size-medium wp-image-6281\" alt=\"Dinero en billete de cien d\u00f3lares entre hojas verdes de helecho, s\u00edmbolo de econom\u00eda y migraci\u00f3n en Am\u00e9rica, una imagen relevante para temas financieros y migrantes en SoyMigrante.com REVISTA.\" srcset=\"https:\/\/soymigrante.com\/revista\/wp-content\/uploads\/2024\/05\/WhatsApp-Image-2024-05-07-at-3.53.12-PM-300x225.webp 300w, https:\/\/soymigrante.com\/revista\/wp-content\/uploads\/2024\/05\/WhatsApp-Image-2024-05-07-at-3.53.12-PM-768x576.webp 768w, https:\/\/soymigrante.com\/revista\/wp-content\/uploads\/2024\/05\/WhatsApp-Image-2024-05-07-at-3.53.12-PM-750x563.webp 750w, https:\/\/soymigrante.com\/revista\/wp-content\/uploads\/2024\/05\/WhatsApp-Image-2024-05-07-at-3.53.12-PM.webp 942w\" sizes=\"(max-width: 300px) 100vw, 300px\" \/>\n            <\/div>\n        <\/div><div class=\"eael-entry-wrapper\"><header class=\"eael-entry-header\"><h2 class=\"eael-entry-title\"><a class=\"eael-grid-post-link\" href=\"https:\/\/soymigrante.com\/revista\/remesas-migrantes-guatemaltecoso-estados-unidos-abril-2024\/\" title=\"Sigue el ascenso:  US$6,530  millones en remesas enviadas a Guatemala en 4 meses de 2024\">Sigue el ascenso:  US$6,530  millones en remesas enviadas a Guatemala en 4 meses de 2024<\/a><\/h2><\/header><div class=\"eael-entry-content\">\n                        <div class=\"eael-grid-post-excerpt\"><p>Contin\u00faa el crecimiento en env\u00edo de remesas de migrantes guatemaltecos...<\/p><\/div>\n                    <\/div><\/div><\/div>\n        <\/div>\n    <\/article><article class=\"eael-grid-post  eael-post-grid-column eael-pg-post-4723 category-estamos-unidos tags-remesas-migrantes\" data-id=\"4723\">\n        <div class=\"eael-grid-post-holder\">\n            <div class=\"eael-grid-post-holder-inner\"><div class=\"eael-entry-media\"><div class=\"eael-entry-overlay fade-in\"><i class=\"fas fa-long-arrow-alt-right\" aria-hidden=\"true\"><\/i><a href=\"https:\/\/soymigrante.com\/revista\/con-us1468-millones-en-remesas-migrantes-arranca-el-2024\/\"><\/a><\/div><div class=\"eael-entry-thumbnail \">\n                <img loading=\"lazy\" decoding=\"async\" width=\"300\" height=\"261\" src=\"https:\/\/soymigrante.com\/revista\/wp-content\/uploads\/2024\/02\/Captura-de-pantalla-2024-02-05-144303-300x261.webp\" class=\"attachment-medium size-medium wp-image-4728\" alt=\"Ilustraci\u00f3n para remesas migrantes enero 2024\" srcset=\"https:\/\/soymigrante.com\/revista\/wp-content\/uploads\/2024\/02\/Captura-de-pantalla-2024-02-05-144303-300x261.webp 300w, https:\/\/soymigrante.com\/revista\/wp-content\/uploads\/2024\/02\/Captura-de-pantalla-2024-02-05-144303-768x667.webp 768w, https:\/\/soymigrante.com\/revista\/wp-content\/uploads\/2024\/02\/Captura-de-pantalla-2024-02-05-144303-750x651.webp 750w, https:\/\/soymigrante.com\/revista\/wp-content\/uploads\/2024\/02\/Captura-de-pantalla-2024-02-05-144303.webp 913w\" sizes=\"(max-width: 300px) 100vw, 300px\" \/>\n            <\/div>\n        <\/div><div class=\"eael-entry-wrapper\"><header class=\"eael-entry-header\"><h2 class=\"eael-entry-title\"><a class=\"eael-grid-post-link\" href=\"https:\/\/soymigrante.com\/revista\/con-us1468-millones-en-remesas-migrantes-arranca-el-2024\/\" title=\"Con US$1468 millones en remesas migrantes arranca el 2024\">Con US$1468 millones en remesas migrantes arranca el 2024<\/a><\/h2><\/header><div class=\"eael-entry-content\">\n                        <div class=\"eael-grid-post-excerpt\"><p>S\u00ed, enero de 2024 marca un nuevo pico hist\u00f3rico en...<\/p><\/div>\n                    <\/div><\/div><\/div>\n        <\/div>\n    <\/article><article class=\"eael-grid-post  eael-post-grid-column eael-pg-post-1756 category-estamos-unidos\" data-id=\"1756\">\n        <div class=\"eael-grid-post-holder\">\n            <div class=\"eael-grid-post-holder-inner\"><div class=\"eael-entry-media\"><div class=\"eael-entry-overlay fade-in\"><i class=\"fas fa-long-arrow-alt-right\" aria-hidden=\"true\"><\/i><a href=\"https:\/\/soymigrante.com\/revista\/aporte-economico-migrantes-guatemala\/\"><\/a><\/div><div class=\"eael-entry-thumbnail \">\n                <img loading=\"lazy\" decoding=\"async\" width=\"300\" height=\"200\" src=\"https:\/\/soymigrante.com\/revista\/wp-content\/uploads\/2023\/07\/mural-seb-300x200.webp\" class=\"attachment-medium size-medium wp-image-1760\" alt=\"Mural del artista huehueteco Armando Seb\" srcset=\"https:\/\/soymigrante.com\/revista\/wp-content\/uploads\/2023\/07\/mural-seb-300x200.webp 300w, https:\/\/soymigrante.com\/revista\/wp-content\/uploads\/2023\/07\/mural-seb-1024x684.webp 1024w, https:\/\/soymigrante.com\/revista\/wp-content\/uploads\/2023\/07\/mural-seb-768x513.webp 768w, https:\/\/soymigrante.com\/revista\/wp-content\/uploads\/2023\/07\/mural-seb-1536x1025.webp 1536w, https:\/\/soymigrante.com\/revista\/wp-content\/uploads\/2023\/07\/mural-seb-750x501.webp 750w, https:\/\/soymigrante.com\/revista\/wp-content\/uploads\/2023\/07\/mural-seb-1140x761.webp 1140w, https:\/\/soymigrante.com\/revista\/wp-content\/uploads\/2023\/07\/mural-seb-600x400.webp 600w, https:\/\/soymigrante.com\/revista\/wp-content\/uploads\/2023\/07\/mural-seb.webp 1920w\" sizes=\"(max-width: 300px) 100vw, 300px\" \/>\n            <\/div>\n        <\/div><div class=\"eael-entry-wrapper\"><header class=\"eael-entry-header\"><h2 class=\"eael-entry-title\"><a class=\"eael-grid-post-link\" href=\"https:\/\/soymigrante.com\/revista\/aporte-economico-migrantes-guatemala\/\" title=\"EDITORIAL: Noble gesto de amor migrante fortalece econom\u00eda de todo un pa\u00eds\">EDITORIAL: Noble gesto de amor migrante fortalece econom\u00eda de todo un pa\u00eds<\/a><\/h2><\/header><div class=\"eael-entry-content\">\n                        <div class=\"eael-grid-post-excerpt\"><p>Remesas de migrantes guatemaltecos superan los US$1,800 millones por segundo...<\/p><\/div>\n                    <\/div><\/div><\/div>\n        <\/div>\n    <\/article><\/div>\n            <div class=\"clearfix\"><\/div>\n        <\/div>\t\t\t\t<\/div>\n\t\t\t\t\t<\/div>\n\t\t<\/div>\n\t\t\t\t\t<\/div>\n\t\t<\/section>\n\t\t\t\t<\/div>\n\t\t","protected":false},"excerpt":{"rendered":"<p>Guatemaltecos en Estados Unidos pasan de 3.2 millones en 2024 a 3.6 millones, seg\u00fan mapa consular del Minex. California sigue en primer lugar en n\u00famero de migrantes guatemaltecos en 2025 y tambi\u00e9n fue el mayor aumento. La Red Consular de Guatemala presta servicios a los guatemaltecos radicados fuera del pa\u00eds. En Estados Unidos, donde se [&hellip;]<\/p>\n","protected":false},"author":7,"featured_media":40679,"comment_status":"open","ping_status":"open","sticky":false,"template":"","format":"standard","meta":{"_acf_changed":false,"_eb_attr":"","footnotes":""},"categories":[54],"tags":[],"class_list":["post-40678","post","type-post","status-publish","format-standard","has-post-thumbnail","hentry","category-estamos-unidos"],"acf":[],"aioseo_notices":[],"aioseo_head":"\n\t\t<!-- All in One SEO Pro 4.9.6.2 - aioseo.com -->\n\t<meta name=\"description\" content=\"Remesas de migrantes guatemaltecos reflejan su esfuerzo y amor, siendo el principal pilar econ\u00f3mico de Guatemala y superando marcas mes tras mes\" \/>\n\t<meta name=\"robots\" content=\"max-snippet:-1, max-image-preview:large, max-video-preview:-1\" \/>\n\t<meta name=\"author\" content=\"Gustavo Montenegro\"\/>\n\t<link rel=\"canonical\" href=\"https:\/\/soymigrante.com\/revista\/aporte-economico-migrantes-guatemala\/\" \/>\n\t<meta name=\"generator\" content=\"All in One SEO Pro (AIOSEO) 4.9.6.2\" \/>\n\n\t\t<link rel=\"preconnect\" href=\"https:\/\/fonts.googleapis.com\" crossorigin>\n<link rel=\"preconnect\" href=\"https:\/\/fonts.gstatic.com\" crossorigin>\n\t\t<meta property=\"og:locale\" content=\"es_ES\" \/>\n\t\t<meta property=\"og:site_name\" content=\"SoyMigrante.com REVISTA \u2013 Nuestra misi\u00f3n es reconocer y dignificar al migrante.\" \/>\n\t\t<meta property=\"og:type\" content=\"article\" \/>\n\t\t<meta property=\"og:title\" content=\"EDITORIAL: Noble gesto de amor migrante fortalece econom\u00eda de todo un pa\u00eds\" \/>\n\t\t<meta property=\"og:description\" content=\"Remesas de migrantes guatemaltecos reflejan su esfuerzo y amor, siendo el principal pilar econ\u00f3mico de Guatemala y superando marcas mes tras mes\" \/>\n\t\t<meta property=\"og:url\" content=\"https:\/\/soymigrante.com\/revista\/aporte-economico-migrantes-guatemala\/\" \/>\n\t\t<meta property=\"og:image\" content=\"https:\/\/soymigrante.com\/revista\/wp-content\/uploads\/2023\/07\/mural-seb.webp\" \/>\n\t\t<meta property=\"og:image:secure_url\" content=\"https:\/\/soymigrante.com\/revista\/wp-content\/uploads\/2023\/07\/mural-seb.webp\" \/>\n\t\t<meta property=\"og:image:width\" content=\"1920\" \/>\n\t\t<meta property=\"og:image:height\" content=\"1282\" \/>\n\t\t<meta property=\"article:published_time\" content=\"2023-07-06T22:41:36+00:00\" \/>\n\t\t<meta property=\"article:modified_time\" content=\"2024-07-31T17:50:42+00:00\" \/>\n\t\t<meta property=\"article:publisher\" content=\"https:\/\/www.facebook.com\/soymigrantecom\" \/>\n\t\t<meta name=\"twitter:card\" content=\"summary_large_image\" \/>\n\t\t<meta name=\"twitter:site\" content=\"@SoyMigrante_com\" \/>\n\t\t<meta name=\"twitter:title\" content=\"EDITORIAL: Noble gesto de amor migrante fortalece econom\u00eda de todo un pa\u00eds\" \/>\n\t\t<meta name=\"twitter:description\" content=\"Remesas de migrantes guatemaltecos reflejan su esfuerzo y amor, siendo el principal pilar econ\u00f3mico de Guatemala y superando marcas mes tras mes\" \/>\n\t\t<meta name=\"twitter:creator\" content=\"@SoyMigrante_com\" \/>\n\t\t<meta name=\"twitter:image\" content=\"https:\/\/soymigrante.com\/revista\/wp-content\/uploads\/2023\/07\/mural-seb.webp\" \/>\n\t\t<!-- All in One SEO Pro -->\r\n\t\t<title>EDITORIAL: Noble gesto de amor migrante fortalece econom\u00eda de todo un pa\u00eds<\/title>\n\n","aioseo_head_json":{"title":"EDITORIAL: Noble gesto de amor migrante fortalece econom\u00eda de todo un pa\u00eds","description":"Remesas de migrantes guatemaltecos reflejan su esfuerzo y amor, siendo el principal pilar econ\u00f3mico de Guatemala y superando marcas mes tras mes","canonical_url":"https:\/\/soymigrante.com\/revista\/aporte-economico-migrantes-guatemala\/","robots":"max-snippet:-1, max-image-preview:large, max-video-preview:-1","keywords":"","webmasterTools":{"miscellaneous":"&lt;link rel=\"preconnect\" href=\"https:\/\/fonts.googleapis.com\" crossorigin&gt;\n&lt;link rel=\"preconnect\" href=\"https:\/\/fonts.gstatic.com\" crossorigin&gt;"},"schema":null,"og:locale":"es_ES","og:site_name":"SoyMigrante.com REVISTA \u2013 Nuestra misi\u00f3n es reconocer y dignificar al migrante.","og:type":"article","og:title":"EDITORIAL: Noble gesto de amor migrante fortalece econom\u00eda de todo un pa\u00eds","og:description":"Remesas de migrantes guatemaltecos reflejan su esfuerzo y amor, siendo el principal pilar econ\u00f3mico de Guatemala y superando marcas mes tras mes","og:url":"https:\/\/soymigrante.com\/revista\/aporte-economico-migrantes-guatemala\/","og:image":"https:\/\/soymigrante.com\/revista\/wp-content\/uploads\/2023\/07\/mural-seb.webp","og:image:secure_url":"https:\/\/soymigrante.com\/revista\/wp-content\/uploads\/2023\/07\/mural-seb.webp","og:image:width":1920,"og:image:height":1282,"article:published_time":"2023-07-06T22:41:36+00:00","article:modified_time":"2024-07-31T17:50:42+00:00","article:publisher":"https:\/\/www.facebook.com\/soymigrantecom","twitter:card":"summary_large_image","twitter:site":"@SoyMigrante_com","twitter:title":"EDITORIAL: Noble gesto de amor migrante fortalece econom\u00eda de todo un pa\u00eds","twitter:description":"Remesas de migrantes guatemaltecos reflejan su esfuerzo y amor, siendo el principal pilar econ\u00f3mico de Guatemala y superando marcas mes tras mes","twitter:creator":"@SoyMigrante_com","twitter:image":"https:\/\/soymigrante.com\/revista\/wp-content\/uploads\/2023\/07\/mural-seb.webp"},"aioseo_meta_data":{"post_id":"40678","title":"Subi\u00f3 cifra de migrantes guatemaltecos en USA de 2024 a 2025","description":"Red Consular del Minex report\u00f3 un aumento de m\u00e1s de 300 mil guatemaltecos en Estados Unidos entre 2024 y 2025. Conoce los Estados con m\u00e1s aumento, a enero 2025.","keywords":null,"keyphrases":{"focus":{"keyphrase":"Migrantes","score":74,"analysis":{"keyphraseInTitle":{"score":9,"maxScore":9,"error":0},"keyphraseInDescription":{"score":3,"maxScore":9,"error":1},"keyphraseLength":{"score":9,"maxScore":9,"error":0,"length":1},"keyphraseInURL":{"score":5,"maxScore":5,"error":0},"keyphraseInIntroduction":{"score":3,"maxScore":9,"error":1},"keyphraseInSubHeadings":{"score":3,"maxScore":9,"error":1},"keyphraseInImageAlt":{"score":9,"maxScore":9,"error":0},"keywordDensity":{"type":"best","score":9,"maxScore":9,"error":0}}},"additional":[{"keyphrase":"Guatemaltecos","score":80,"analysis":{"keyphraseInDescription":{"score":9,"maxScore":9,"error":0},"keyphraseLength":{"score":9,"maxScore":9,"error":0,"length":1},"keyphraseInIntroduction":{"score":9,"maxScore":9,"error":0},"keyphraseInImageAlt":{"score":9,"maxScore":9,"error":0},"keywordDensity":{"type":"high","score":0,"maxScore":9,"error":1}}},{"keyphrase":"Estados Unidos","score":100,"analysis":{"keyphraseInDescription":{"score":9,"maxScore":9,"error":0},"keyphraseLength":{"score":9,"maxScore":9,"error":0,"length":2},"keyphraseInIntroduction":{"score":9,"maxScore":9,"error":0},"keyphraseInImageAlt":{"score":9,"maxScore":9,"error":0},"keywordDensity":{"type":"best","score":9,"maxScore":9,"error":0}}},{"keyphrase":"Cifra","score":53,"analysis":{"keyphraseInDescription":{"score":3,"maxScore":9,"error":1},"keyphraseLength":{"score":9,"maxScore":9,"error":0,"length":1},"keyphraseInIntroduction":{"score":3,"maxScore":9,"error":1},"keyphraseInImageAlt":{"score":9,"maxScore":9,"error":0},"keywordDensity":{"score":0,"type":"low","maxScore":9,"error":1}}}]},"primary_term":null,"canonical_url":null,"og_title":null,"og_description":null,"og_object_type":"default","og_image_type":"default","og_image_url":null,"og_image_width":null,"og_image_height":null,"og_image_custom_url":null,"og_image_custom_fields":null,"og_video":"","og_custom_url":null,"og_article_section":null,"og_article_tags":null,"twitter_use_og":false,"twitter_card":"default","twitter_image_type":"default","twitter_image_url":null,"twitter_image_custom_url":null,"twitter_image_custom_fields":null,"twitter_title":null,"twitter_description":null,"schema":{"blockGraphs":[],"customGraphs":[],"default":{"data":{"Article":[],"Course":[],"Dataset":[],"FAQPage":[],"Movie":[],"Person":[],"Product":[],"ProductReview":[],"Car":[],"Recipe":[],"Service":[],"SoftwareApplication":[],"WebPage":[]},"graphName":"none","isEnabled":true},"graphs":[]},"schema_type":"default","schema_type_options":null,"pillar_content":false,"robots_default":true,"robots_noindex":false,"robots_noarchive":false,"robots_nosnippet":false,"robots_nofollow":false,"robots_noimageindex":false,"robots_noodp":false,"robots_notranslate":false,"robots_max_snippet":"-1","robots_max_videopreview":"-1","robots_max_imagepreview":"large","priority":null,"frequency":"default","local_seo":null,"seo_analyzer_scan_date":"2025-10-09 07:17:11","breadcrumb_settings":null,"limit_modified_date":false,"reviewed_by":"0","open_ai":null,"ai":{"faqs":[],"keyPoints":[],"titles":[],"descriptions":[],"socialPosts":{"email":[],"linkedin":[],"twitter":[],"facebook":[],"instagram":[]}},"created":"2025-07-28 21:16:09","updated":"2026-02-05 03:19:16"},"aioseo_breadcrumb":"<div class=\"aioseo-breadcrumbs\"><span class=\"aioseo-breadcrumb\">\n\t<a href=\"https:\/\/soymigrante.com\/revista\" title=\"Home\">Home<\/a>\n<\/span><span class=\"aioseo-breadcrumb-separator\">\u00bb<\/span><span class=\"aioseo-breadcrumb\">\n\t<a href=\"https:\/\/soymigrante.com\/revista\/category\/estamos-unidos\/\" title=\"Estamos Unidos\">Estamos Unidos<\/a>\n<\/span><span class=\"aioseo-breadcrumb-separator\">\u00bb<\/span><span class=\"aioseo-breadcrumb\">\n\tCifra de migrantes guatemaltecos en USA subi\u00f3 entre 2024 y 2025, seg\u00fan datos del Minex\n<\/span><\/div>","aioseo_breadcrumb_json":[{"label":"Home","link":"https:\/\/soymigrante.com\/revista"},{"label":"Estamos Unidos","link":"https:\/\/soymigrante.com\/revista\/category\/estamos-unidos\/"},{"label":"Cifra de migrantes guatemaltecos en USA subi\u00f3 entre 2024 y 2025, seg\u00fan datos del Minex","link":"https:\/\/soymigrante.com\/revista\/cifra-de-migrantes-guatemaltecos-en-usa-subio-entre-2024-y-2025-segun-datos-del-minex\/"}],"_links":{"self":[{"href":"https:\/\/soymigrante.com\/revista\/wp-json\/wp\/v2\/posts\/40678","targetHints":{"allow":["GET"]}}],"collection":[{"href":"https:\/\/soymigrante.com\/revista\/wp-json\/wp\/v2\/posts"}],"about":[{"href":"https:\/\/soymigrante.com\/revista\/wp-json\/wp\/v2\/types\/post"}],"author":[{"embeddable":true,"href":"https:\/\/soymigrante.com\/revista\/wp-json\/wp\/v2\/users\/7"}],"replies":[{"embeddable":true,"href":"https:\/\/soymigrante.com\/revista\/wp-json\/wp\/v2\/comments?post=40678"}],"version-history":[{"count":24,"href":"https:\/\/soymigrante.com\/revista\/wp-json\/wp\/v2\/posts\/40678\/revisions"}],"predecessor-version":[{"id":40709,"href":"https:\/\/soymigrante.com\/revista\/wp-json\/wp\/v2\/posts\/40678\/revisions\/40709"}],"wp:featuredmedia":[{"embeddable":true,"href":"https:\/\/soymigrante.com\/revista\/wp-json\/wp\/v2\/media\/40679"}],"wp:attachment":[{"href":"https:\/\/soymigrante.com\/revista\/wp-json\/wp\/v2\/media?parent=40678"}],"wp:term":[{"taxonomy":"category","embeddable":true,"href":"https:\/\/soymigrante.com\/revista\/wp-json\/wp\/v2\/categories?post=40678"},{"taxonomy":"post_tag","embeddable":true,"href":"https:\/\/soymigrante.com\/revista\/wp-json\/wp\/v2\/tags?post=40678"}],"curies":[{"name":"wp","href":"https:\/\/api.w.org\/{rel}","templated":true}]}}