{"id":40651,"date":"2025-07-29T10:00:00","date_gmt":"2025-07-29T16:00:00","guid":{"rendered":"https:\/\/soymigrante.com\/revista\/?p=40651"},"modified":"2025-07-28T20:12:49","modified_gmt":"2025-07-29T02:12:49","slug":"la-iglesia-colonial-de-san-cristobal-totonicapan-es-una-joya-de-fe-y-cultura","status":"publish","type":"post","link":"https:\/\/soymigrante.com\/revista\/la-iglesia-colonial-de-san-cristobal-totonicapan-es-una-joya-de-fe-y-cultura\/","title":{"rendered":"La iglesia colonial de San Crist\u00f3bal Totonicap\u00e1n es una joya de fe y cultura"},"content":{"rendered":"\t\t<div data-elementor-type=\"wp-post\" data-elementor-id=\"40651\" class=\"elementor elementor-40651\" data-elementor-post-type=\"post\">\n\t\t\t\t<div data-particle_enable=\"false\" data-particle-mobile-disabled=\"false\" class=\"elementor-element elementor-element-f21846f e-flex e-con-boxed e-con e-parent\" data-id=\"f21846f\" data-element_type=\"container\" data-e-type=\"container\">\n\t\t\t\t\t<div class=\"e-con-inner\">\n\t\t\t\t<div class=\"elementor-element elementor-element-d7f5902 elementor-widget elementor-widget-heading\" data-id=\"d7f5902\" data-element_type=\"widget\" data-e-type=\"widget\" data-widget_type=\"heading.default\">\n\t\t\t\t\t<h2 class=\"elementor-heading-title elementor-size-default\">La iglesia de San Cristob\u00e1l Totonicap\u00e1n est\u00e1 llena de historia, cultura y memoria. <\/h2>\t\t\t\t<\/div>\n\t\t\t\t\t<\/div>\n\t\t\t\t<\/div>\n\t\t<div data-particle_enable=\"false\" data-particle-mobile-disabled=\"false\" class=\"elementor-element elementor-element-9123136 e-flex e-con-boxed e-con e-parent\" data-id=\"9123136\" data-element_type=\"container\" data-e-type=\"container\">\n\t\t\t\t\t<div class=\"e-con-inner\">\n\t\t\t\t<div class=\"elementor-element elementor-element-d83322a elementor-widget elementor-widget-text-editor\" data-id=\"d83322a\" data-element_type=\"widget\" data-e-type=\"widget\" data-widget_type=\"text-editor.default\">\n\t\t\t\t\t\t\t\t\t<p>En el coraz\u00f3n <a href=\"https:\/\/soymigrante.com\/revista\/departamentos-de-guatemala-totonicapan-la-tierra-del-gran-atanasio-tzul\/\" target=\"_blank\" rel=\"noopener\">de San Crist\u00f3bal Totonicap\u00e1n<\/a>, en el centro del municipio hom\u00f3nimo, se alza la imponente iglesia colonial dedicada a San Crist\u00f3bal M\u00e1rtir, patrono del pueblo. Esta joya hist\u00f3rica conecta siglos de fe, arte y memoria comunitaria, hoy revitalizada por el reciente nombramiento de una hija del lugar como Rab\u2019in Ajaw 2025.<\/p>\t\t\t\t\t\t\t\t<\/div>\n\t\t\t\t\t<\/div>\n\t\t\t\t<\/div>\n\t\t<div data-particle_enable=\"false\" data-particle-mobile-disabled=\"false\" class=\"elementor-element elementor-element-d67f321 e-flex e-con-boxed e-con e-parent\" data-id=\"d67f321\" data-element_type=\"container\" data-e-type=\"container\">\n\t\t\t\t\t<div class=\"e-con-inner\">\n\t\t\t\t<div class=\"elementor-element elementor-element-77e78b5 elementor-widget elementor-widget-image\" data-id=\"77e78b5\" data-element_type=\"widget\" data-e-type=\"widget\" data-widget_type=\"image.default\">\n\t\t\t\t\t\t\t\t\t\t\t\t<figure class=\"wp-caption\">\n\t\t\t\t\t\t\t\t\t\t<img fetchpriority=\"high\" decoding=\"async\" width=\"768\" height=\"576\" src=\"https:\/\/soymigrante.com\/revista\/wp-content\/uploads\/2025\/07\/iglesia-colonial-de-San-Cristobal-Totonicapan5-1024x768.jpeg\" class=\"attachment-large size-large wp-image-40660\" alt=\"Colores vibrantes en la decoraci\u00f3n de una iglesia tradicional con candelabros y altares ornamentados, reflejando cultura y fe en un entorno eclesi\u00e1stico.\" srcset=\"https:\/\/soymigrante.com\/revista\/wp-content\/uploads\/2025\/07\/iglesia-colonial-de-San-Cristobal-Totonicapan5-1024x768.jpeg 1024w, https:\/\/soymigrante.com\/revista\/wp-content\/uploads\/2025\/07\/iglesia-colonial-de-San-Cristobal-Totonicapan5-300x225.jpeg 300w, https:\/\/soymigrante.com\/revista\/wp-content\/uploads\/2025\/07\/iglesia-colonial-de-San-Cristobal-Totonicapan5-768x576.jpeg 768w, https:\/\/soymigrante.com\/revista\/wp-content\/uploads\/2025\/07\/iglesia-colonial-de-San-Cristobal-Totonicapan5-750x563.webp 750w, https:\/\/soymigrante.com\/revista\/wp-content\/uploads\/2025\/07\/iglesia-colonial-de-San-Cristobal-Totonicapan5-1140x855.webp 1140w, https:\/\/soymigrante.com\/revista\/wp-content\/uploads\/2025\/07\/iglesia-colonial-de-San-Cristobal-Totonicapan5.webp 1280w\" sizes=\"(max-width: 768px) 100vw, 768px\" title=\"La iglesia colonial de San Crist\u00f3bal Totonicap\u00e1n representa siglos de fe, resiliencia y arte. (Foto: Gustavo Montenegro) \u2013 SoyMigrante.com REVISTA\" \/>\t\t\t\t\t\t\t\t\t\t\t<figcaption class=\"widget-image-caption wp-caption-text\">Decoraci\u00f3n de iglesia con banderas azules y luces para evento religioso y cultural de migrantes en M\u00e9xico.<\/figcaption>\n\t\t\t\t\t\t\t\t\t\t<\/figure>\n\t\t\t\t\t\t\t\t\t<\/div>\n\t\t\t\t\t<\/div>\n\t\t\t\t<\/div>\n\t\t<div data-particle_enable=\"false\" data-particle-mobile-disabled=\"false\" class=\"elementor-element elementor-element-b4ae0e6 e-flex e-con-boxed e-con e-parent\" data-id=\"b4ae0e6\" data-element_type=\"container\" data-e-type=\"container\">\n\t\t\t\t\t<div class=\"e-con-inner\">\n\t\t\t\t<div class=\"elementor-element elementor-element-52c7691 elementor-widget elementor-widget-heading\" data-id=\"52c7691\" data-element_type=\"widget\" data-e-type=\"widget\" data-widget_type=\"heading.default\">\n\t\t\t\t\t<h3 class=\"elementor-heading-title elementor-size-default\">Historia y significado<\/h3>\t\t\t\t<\/div>\n\t\t\t\t\t<\/div>\n\t\t\t\t<\/div>\n\t\t<div data-particle_enable=\"false\" data-particle-mobile-disabled=\"false\" class=\"elementor-element elementor-element-ccbeba3 e-flex e-con-boxed e-con e-parent\" data-id=\"ccbeba3\" data-element_type=\"container\" data-e-type=\"container\">\n\t\t\t\t\t<div class=\"e-con-inner\">\n\t\t\t\t<div class=\"elementor-element elementor-element-de1bf48 elementor-widget elementor-widget-text-editor\" data-id=\"de1bf48\" data-element_type=\"widget\" data-e-type=\"widget\" data-widget_type=\"text-editor.default\">\n\t\t\t\t\t\t\t\t\t<p>La iglesia fue fundada por frailes franciscanos entre los siglos\u00a0XVI y XVIII. La primera estructura, levantada alrededor de 1600, es una de las m\u00e1s antiguas de Guatemala, solo superada por la iglesia de Nuestra Se\u00f1ora de Concepci\u00f3n en Salcaj\u00e1. Aunque gran parte de ella fue da\u00f1ada por los terremotos, a\u00fan conserva elementos como la fachada, la sacrist\u00eda y tres capillas.<\/p><p>La iglesia actual, m\u00e1s espaciosa y de estilo elegante y austero franciscano, se edific\u00f3 contigua a la original y fue consagrada en 1714 por el obispo Juan Bautista \u00c1lvarez de Toledo. Sus muros de adobe, piedra y ladrillo, reforzados con contrafuertes, le han permitido resistir el paso del tiempo.<\/p><p><a href=\"https:\/\/soymigrante.com\/revista\/departamentos-de-guatemala-totonicapan-la-tierra-del-gran-atanasio-tzul\/\" target=\"_blank\" rel=\"noopener\">Ubicada frente al Parque Centro Am\u00e9rica y rodeada por calles adoquinadas, la iglesia forma parte de un conjunto monumental de casi 5,900 m\u00b2 que incluye el convento y \u00e1reas municipales.<\/a> Hasta en los adobes del convento se observan fragmentos de cer\u00e1mica prehisp\u00e1nica, reflejo de una continuidad cultural ancestral.<\/p>\t\t\t\t\t\t\t\t<\/div>\n\t\t\t\t\t<\/div>\n\t\t\t\t<\/div>\n\t\t<div data-particle_enable=\"false\" data-particle-mobile-disabled=\"false\" class=\"elementor-element elementor-element-07de925 e-flex e-con-boxed e-con e-parent\" data-id=\"07de925\" data-element_type=\"container\" data-e-type=\"container\">\n\t\t\t\t\t<div class=\"e-con-inner\">\n\t\t\t\t<div class=\"elementor-element elementor-element-246c8af elementor-widget elementor-widget-image\" data-id=\"246c8af\" data-element_type=\"widget\" data-e-type=\"widget\" data-widget_type=\"image.default\">\n\t\t\t\t\t\t\t\t\t\t\t\t<figure class=\"wp-caption\">\n\t\t\t\t\t\t\t\t\t\t<img decoding=\"async\" width=\"768\" height=\"1024\" src=\"https:\/\/soymigrante.com\/revista\/wp-content\/uploads\/2025\/07\/iglesia-colonial-de-San-Cristobal-Totonicapan4-768x1024.jpeg\" class=\"attachment-large size-large wp-image-40658\" alt=\"Cieba iglesia colonial en Arequipa con cielo azul y nubes, arquitectura hist\u00f3rica, s\u00edmbolo cultural peruano.\" srcset=\"https:\/\/soymigrante.com\/revista\/wp-content\/uploads\/2025\/07\/iglesia-colonial-de-San-Cristobal-Totonicapan4-768x1024.jpeg 768w, https:\/\/soymigrante.com\/revista\/wp-content\/uploads\/2025\/07\/iglesia-colonial-de-San-Cristobal-Totonicapan4-225x300.jpeg 225w, https:\/\/soymigrante.com\/revista\/wp-content\/uploads\/2025\/07\/iglesia-colonial-de-San-Cristobal-Totonicapan4-750x1000.webp 750w, https:\/\/soymigrante.com\/revista\/wp-content\/uploads\/2025\/07\/iglesia-colonial-de-San-Cristobal-Totonicapan4.webp 960w\" sizes=\"(max-width: 768px) 100vw, 768px\" title=\"La iglesia de San Cristob\u00e1l Totonicap\u00e1n es un lugar de oraci\u00f3n en el municipio. (Foto: Gustavo Montenegro) \u2013 SoyMigrante.com REVISTA\" \/>\t\t\t\t\t\t\t\t\t\t\t<figcaption class=\"widget-image-caption wp-caption-text\">Majestuosa catedral colonial en ruinas con s\u00edmbolo de paloma en su fachada, bajo cielo azul con nubes, reflejando historia y patrimonio cultural mexicano.<\/figcaption>\n\t\t\t\t\t\t\t\t\t\t<\/figure>\n\t\t\t\t\t\t\t\t\t<\/div>\n\t\t\t\t\t<\/div>\n\t\t\t\t<\/div>\n\t\t<div data-particle_enable=\"false\" data-particle-mobile-disabled=\"false\" class=\"elementor-element elementor-element-7b19e49 e-flex e-con-boxed e-con e-parent\" data-id=\"7b19e49\" data-element_type=\"container\" data-e-type=\"container\">\n\t\t\t\t\t<div class=\"e-con-inner\">\n\t\t\t\t<div class=\"elementor-element elementor-element-eaff556 elementor-widget elementor-widget-heading\" data-id=\"eaff556\" data-element_type=\"widget\" data-e-type=\"widget\" data-widget_type=\"heading.default\">\n\t\t\t\t\t<h3 class=\"elementor-heading-title elementor-size-default\">Valor cultural y arquitect\u00f3nico<\/h3>\t\t\t\t<\/div>\n\t\t\t\t\t<\/div>\n\t\t\t\t<\/div>\n\t\t<div data-particle_enable=\"false\" data-particle-mobile-disabled=\"false\" class=\"elementor-element elementor-element-ed046e5 e-flex e-con-boxed e-con e-parent\" data-id=\"ed046e5\" data-element_type=\"container\" data-e-type=\"container\">\n\t\t\t\t\t<div class=\"e-con-inner\">\n\t\t\t\t<div class=\"elementor-element elementor-element-aeb5d64 elementor-widget elementor-widget-text-editor\" data-id=\"aeb5d64\" data-element_type=\"widget\" data-e-type=\"widget\" data-widget_type=\"text-editor.default\">\n\t\t\t\t\t\t\t\t\t<p>La iglesia fusiona elementos de estilo rom\u00e1nico tard\u00edo y barroco \u2014visibles en su fachada, torre y retablos interiores\u2014 con valor art\u00edstico e hist\u00f3rico. En su interior destacan retablos barrocos, pinturas y esculturas cargadas de simbolismo, protegidas por figuras talladas como jaguares seg\u00fan la tradici\u00f3n local.<\/p><p><a href=\"https:\/\/soymigrante.com\/revista\/departamentos-de-guatemala-totonicapan-la-tierra-del-gran-atanasio-tzul\/\" target=\"_blank\" rel=\"noopener\">Este monumento no solo es un testimonio de fe, sino tambi\u00e9n de identidad: simboliza la resistencia cultural y el legado<\/a> de fe de una comunidad k\u2019iche\u2019 que ha mantenido vivas sus tradiciones.<\/p>\t\t\t\t\t\t\t\t<\/div>\n\t\t\t\t\t<\/div>\n\t\t\t\t<\/div>\n\t\t<div data-particle_enable=\"false\" data-particle-mobile-disabled=\"false\" class=\"elementor-element elementor-element-9e2a9ba e-flex e-con-boxed e-con e-parent\" data-id=\"9e2a9ba\" data-element_type=\"container\" data-e-type=\"container\">\n\t\t\t\t\t<div class=\"e-con-inner\">\n\t\t\t\t<div class=\"elementor-element elementor-element-4ef35f0 elementor-widget elementor-widget-heading\" data-id=\"4ef35f0\" data-element_type=\"widget\" data-e-type=\"widget\" data-widget_type=\"heading.default\">\n\t\t\t\t\t<h3 class=\"elementor-heading-title elementor-size-default\">El patrono del pueblo<\/h3>\t\t\t\t<\/div>\n\t\t\t\t\t<\/div>\n\t\t\t\t<\/div>\n\t\t<div data-particle_enable=\"false\" data-particle-mobile-disabled=\"false\" class=\"elementor-element elementor-element-0186877 e-flex e-con-boxed e-con e-parent\" data-id=\"0186877\" data-element_type=\"container\" data-e-type=\"container\">\n\t\t\t\t\t<div class=\"e-con-inner\">\n\t\t\t\t<div class=\"elementor-element elementor-element-aaf36ae elementor-widget elementor-widget-text-editor\" data-id=\"aaf36ae\" data-element_type=\"widget\" data-e-type=\"widget\" data-widget_type=\"text-editor.default\">\n\t\t\t\t\t\t\t\t\t<p>San Crist\u00f3bal M\u00e1rtir es el santo patrono de la localidad. <a href=\"https:\/\/soymigrante.com\/revista\/departamentos-de-guatemala-totonicapan-la-tierra-del-gran-atanasio-tzul\/\" target=\"_blank\" rel=\"noopener\">La fiesta titular se celebra entre el 20 y el 26 de julio, con el d\u00eda central el 25 en honor a Santiago Ap\u00f3stol y el 26 en honor a San Crist\u00f3bal M\u00e1rtir.<\/a> Durante esas fechas se realizan actividades religiosas, culturales, deportivas y comunitarias que refuerzan la cohesi\u00f3n social.<\/p>\t\t\t\t\t\t\t\t<\/div>\n\t\t\t\t\t<\/div>\n\t\t\t\t<\/div>\n\t\t<div data-particle_enable=\"false\" data-particle-mobile-disabled=\"false\" class=\"elementor-element elementor-element-28e1416 e-flex e-con-boxed e-con e-parent\" data-id=\"28e1416\" data-element_type=\"container\" data-e-type=\"container\">\n\t\t\t\t\t<div class=\"e-con-inner\">\n\t\t\t\t<div class=\"elementor-element elementor-element-b372c89 elementor-widget elementor-widget-image\" data-id=\"b372c89\" data-element_type=\"widget\" data-e-type=\"widget\" data-widget_type=\"image.default\">\n\t\t\t\t\t\t\t\t\t\t\t\t<figure class=\"wp-caption\">\n\t\t\t\t\t\t\t\t\t\t<img decoding=\"async\" width=\"768\" height=\"576\" src=\"https:\/\/soymigrante.com\/revista\/wp-content\/uploads\/2025\/07\/iglesia-colonial-de-San-Cristobal-Totonicapan2-1024x768.jpeg\" class=\"attachment-large size-large wp-image-40659\" alt=\"Restauraci\u00f3n de detalles dorados y ornamentaci\u00f3n en una iglesia hist\u00f3rica, preservando su patrimonio cultural en el contexto de la revista SoyMigrante.com.\" srcset=\"https:\/\/soymigrante.com\/revista\/wp-content\/uploads\/2025\/07\/iglesia-colonial-de-San-Cristobal-Totonicapan2-1024x768.jpeg 1024w, https:\/\/soymigrante.com\/revista\/wp-content\/uploads\/2025\/07\/iglesia-colonial-de-San-Cristobal-Totonicapan2-300x225.jpeg 300w, https:\/\/soymigrante.com\/revista\/wp-content\/uploads\/2025\/07\/iglesia-colonial-de-San-Cristobal-Totonicapan2-768x576.jpeg 768w, https:\/\/soymigrante.com\/revista\/wp-content\/uploads\/2025\/07\/iglesia-colonial-de-San-Cristobal-Totonicapan2-750x563.jpeg 750w, https:\/\/soymigrante.com\/revista\/wp-content\/uploads\/2025\/07\/iglesia-colonial-de-San-Cristobal-Totonicapan2-1140x855.jpeg 1140w, https:\/\/soymigrante.com\/revista\/wp-content\/uploads\/2025\/07\/iglesia-colonial-de-San-Cristobal-Totonicapan2.webp 1280w\" sizes=\"(max-width: 768px) 100vw, 768px\" title=\"La iglesia de San Cristob\u00e1l Totonicap\u00e1n est\u00e1 en el coraz\u00f3n del municipio. (Foto: Gustavo Montenegro) \u2013 SoyMigrante.com REVISTA\" \/>\t\t\t\t\t\t\t\t\t\t\t<figcaption class=\"widget-image-caption wp-caption-text\">Arquitectura religiosa, restauraci\u00f3n de arte sacro, patrimonio cultural, iglesia hist\u00f3rica, detalles dorados en iglesia antigua.<\/figcaption>\n\t\t\t\t\t\t\t\t\t\t<\/figure>\n\t\t\t\t\t\t\t\t\t<\/div>\n\t\t\t\t\t<\/div>\n\t\t\t\t<\/div>\n\t\t<div data-particle_enable=\"false\" data-particle-mobile-disabled=\"false\" class=\"elementor-element elementor-element-819641f e-flex e-con-boxed e-con e-parent\" data-id=\"819641f\" data-element_type=\"container\" data-e-type=\"container\">\n\t\t\t\t\t<div class=\"e-con-inner\">\n\t\t\t\t<div class=\"elementor-element elementor-element-89e948f elementor-widget elementor-widget-heading\" data-id=\"89e948f\" data-element_type=\"widget\" data-e-type=\"widget\" data-widget_type=\"heading.default\">\n\t\t\t\t\t<h3 class=\"elementor-heading-title elementor-size-default\">Rab\u2019in Ajaw 2025: orgullo de San Crist\u00f3bal<\/h3>\t\t\t\t<\/div>\n\t\t\t\t\t<\/div>\n\t\t\t\t<\/div>\n\t\t<div data-particle_enable=\"false\" data-particle-mobile-disabled=\"false\" class=\"elementor-element elementor-element-7a0e046 e-flex e-con-boxed e-con e-parent\" data-id=\"7a0e046\" data-element_type=\"container\" data-e-type=\"container\">\n\t\t\t\t\t<div class=\"e-con-inner\">\n\t\t\t\t<div class=\"elementor-element elementor-element-ee5e9a9 elementor-widget elementor-widget-text-editor\" data-id=\"ee5e9a9\" data-element_type=\"widget\" data-e-type=\"widget\" data-widget_type=\"text-editor.default\">\n\t\t\t\t\t\t\t\t\t<p><a href=\"https:\/\/soymigrante.com\/revista\/rabin-ajaw-2025-mireily-chan-jubilo-en-su-natal-san-cristobal-totonicapan\/\" target=\"_blank\" rel=\"noopener\">En el Festival Folkl\u00f3rico Nacional celebrado en Cob\u00e1n, Alta Verapaz, Yosselin Mireily Manuela Chan Cocinero, de 19 a\u00f1os y originaria de San Crist\u00f3bal Totonicap\u00e1n,<\/a> fue coronada Rab\u2019in Ajaw 2025\u20112026. Con ello, Totonicap\u00e1n gana su novena corona en el certamen, tras m\u00e1s de medio siglo de participaci\u00f3n.<\/p><p>Hija de Juan Agust\u00edn Chan y Micaela Cocinero, Yosselin cursa actualmente la Licenciatura en Administraci\u00f3n de Empresas y domina el k\u2019iche\u2019 y el espa\u00f1ol. Durante el certamen represent\u00f3 al municipio y demostr\u00f3 compromiso con las tradiciones ancestrales y su comunidad, reflejo del valor cultural de San Crist\u00f3bal.<\/p><p>\u201cPara m\u00ed es un verdadero gusto enaltecer el nombre de San Crist\u00f3bal Totonicap\u00e1n\u201d, declar\u00f3 tras su coronaci\u00f3n, destacando el orgullo de portar la corona como s\u00edmbolo de identidad y legado.<\/p>\t\t\t\t\t\t\t\t<\/div>\n\t\t\t\t\t<\/div>\n\t\t\t\t<\/div>\n\t\t<div data-particle_enable=\"false\" data-particle-mobile-disabled=\"false\" class=\"elementor-element elementor-element-74ef6c1 e-flex e-con-boxed e-con e-parent\" data-id=\"74ef6c1\" data-element_type=\"container\" data-e-type=\"container\">\n\t\t\t\t\t<div class=\"e-con-inner\">\n\t\t\t\t<div class=\"elementor-element elementor-element-2c203b4 elementor-grid-eael-col-1 elementor-grid-tablet-eael-col-2 elementor-grid-mobile-eael-col-1 elementor-invisible elementor-widget elementor-widget-eael-post-grid\" data-id=\"2c203b4\" data-element_type=\"widget\" data-e-type=\"widget\" data-settings=\"{&quot;eael_post_grid_columns&quot;:&quot;eael-col-1&quot;,&quot;_animation&quot;:&quot;rollIn&quot;,&quot;eael_post_grid_columns_tablet&quot;:&quot;eael-col-2&quot;,&quot;eael_post_grid_columns_mobile&quot;:&quot;eael-col-1&quot;}\" data-widget_type=\"eael-post-grid.default\">\n\t\t\t\t\t<div id=\"eael-post-grid-2c203b4\" class=\"eael-post-grid-container\">\n            <div class=\"eael-post-grid eael-post-appender eael-post-appender-2c203b4 eael-post-grid-style-one\" data-layout-mode=\"masonry\"><article class=\"eael-grid-post  eael-post-grid-column eael-pg-post-40598 category-guate-nuestra\" data-id=\"40598\">\n        <div class=\"eael-grid-post-holder\">\n            <div class=\"eael-grid-post-holder-inner\"><div class=\"eael-entry-media\"><div class=\"eael-entry-overlay fade-in\"><i class=\"far fa-hand-pointer\" aria-hidden=\"true\"><\/i><a href=\"https:\/\/soymigrante.com\/revista\/rabin-ajaw-2025-mireily-chan-jubilo-en-su-natal-san-cristobal-totonicapan\/\"><\/a><\/div><div class=\"eael-entry-thumbnail eael-image-ratio\">\n                <img loading=\"lazy\" decoding=\"async\" width=\"1024\" height=\"1024\" src=\"https:\/\/soymigrante.com\/revista\/wp-content\/uploads\/2025\/07\/rabin-ajaw-2025-joselyn-mireily-chan-cocinero-foto-muni-san-cristobal-toto-1024x1024.jpg\" class=\"attachment-large size-large wp-image-40599\" alt=\"Vestido tradicional ind\u00edgena con ornamentos y tocado de plumas, mujer en evento cultural de comunidad originaria en M\u00e9xico, celebrando su identidad y patrimonio cultural.\" srcset=\"https:\/\/soymigrante.com\/revista\/wp-content\/uploads\/2025\/07\/rabin-ajaw-2025-joselyn-mireily-chan-cocinero-foto-muni-san-cristobal-toto-1024x1024.jpg 1024w, https:\/\/soymigrante.com\/revista\/wp-content\/uploads\/2025\/07\/rabin-ajaw-2025-joselyn-mireily-chan-cocinero-foto-muni-san-cristobal-toto-300x300.jpg 300w, https:\/\/soymigrante.com\/revista\/wp-content\/uploads\/2025\/07\/rabin-ajaw-2025-joselyn-mireily-chan-cocinero-foto-muni-san-cristobal-toto-150x150.jpg 150w, https:\/\/soymigrante.com\/revista\/wp-content\/uploads\/2025\/07\/rabin-ajaw-2025-joselyn-mireily-chan-cocinero-foto-muni-san-cristobal-toto-768x768.jpg 768w, https:\/\/soymigrante.com\/revista\/wp-content\/uploads\/2025\/07\/rabin-ajaw-2025-joselyn-mireily-chan-cocinero-foto-muni-san-cristobal-toto-75x75.jpg 75w, https:\/\/soymigrante.com\/revista\/wp-content\/uploads\/2025\/07\/rabin-ajaw-2025-joselyn-mireily-chan-cocinero-foto-muni-san-cristobal-toto-750x750.jpg 750w, https:\/\/soymigrante.com\/revista\/wp-content\/uploads\/2025\/07\/rabin-ajaw-2025-joselyn-mireily-chan-cocinero-foto-muni-san-cristobal-toto-1140x1140.jpg 1140w, https:\/\/soymigrante.com\/revista\/wp-content\/uploads\/2025\/07\/rabin-ajaw-2025-joselyn-mireily-chan-cocinero-foto-muni-san-cristobal-toto.jpg 1176w\" sizes=\"(max-width: 1024px) 100vw, 1024px\" \/>\n            <\/div>\n        <\/div><div class=\"eael-entry-wrapper\"><header class=\"eael-entry-header\"><h2 class=\"eael-entry-title\"><a class=\"eael-grid-post-link\" href=\"https:\/\/soymigrante.com\/revista\/rabin-ajaw-2025-mireily-chan-jubilo-en-su-natal-san-cristobal-totonicapan\/\" title=\"Rabin Ajaw 2025 Mireily Chan: j\u00fabilo en su natal San Crist\u00f3bal Totonicap\u00e1n\">Rabin Ajaw 2025 Mireily Chan: j\u00fabilo en su natal San Crist\u00f3bal Totonicap\u00e1n<\/a><\/h2><\/header><div class=\"eael-entry-content\">\n                        <div class=\"eael-grid-post-excerpt\"><a href=\"https:\/\/soymigrante.com\/revista\/rabin-ajaw-2025-mireily-chan-jubilo-en-su-natal-san-cristobal-totonicapan\/\" class=\"eael-post-elements-readmore-btn\">CONOCE SU HISTORIA <\/a><\/div>\n                    <\/div><\/div><\/div>\n        <\/div>\n    <\/article><\/div>\n            <div class=\"clearfix\"><\/div>\n        <\/div>\t\t\t\t<\/div>\n\t\t\t\t\t<\/div>\n\t\t\t\t<\/div>\n\t\t<div data-particle_enable=\"false\" data-particle-mobile-disabled=\"false\" class=\"elementor-element elementor-element-de4c9fc e-flex e-con-boxed e-con e-parent\" data-id=\"de4c9fc\" data-element_type=\"container\" data-e-type=\"container\">\n\t\t\t\t\t<div class=\"e-con-inner\">\n\t\t\t\t<div class=\"elementor-element elementor-element-554becb elementor-invisible elementor-widget elementor-widget-facebook-embed\" data-id=\"554becb\" data-element_type=\"widget\" data-e-type=\"widget\" data-settings=\"{&quot;_animation&quot;:&quot;zoomInDown&quot;}\" data-widget_type=\"facebook-embed.default\">\n\t\t\t\t\t<div style=\"min-height: 1px\" class=\"elementor-facebook-widget fb-post\" data-href=\"https:\/\/www.facebook.com\/photo\/?fbid=1152485900230356&#038;set=pb.100064068693605.-2207520000\" data-show-text=\"false\"><\/div>\t\t\t\t<\/div>\n\t\t\t\t\t<\/div>\n\t\t\t\t<\/div>\n\t\t<div data-particle_enable=\"false\" data-particle-mobile-disabled=\"false\" class=\"elementor-element elementor-element-9af11a3 e-flex e-con-boxed e-con e-parent\" data-id=\"9af11a3\" data-element_type=\"container\" data-e-type=\"container\">\n\t\t\t\t\t<div class=\"e-con-inner\">\n\t\t\t\t<div class=\"elementor-element elementor-element-b68a5eb elementor-widget elementor-widget-text-editor\" data-id=\"b68a5eb\" data-element_type=\"widget\" data-e-type=\"widget\" data-widget_type=\"text-editor.default\">\n\t\t\t\t\t\t\t\t\t<p><a href=\"https:\/\/soymigrante.com\/revista\/departamentos-de-guatemala-totonicapan-la-tierra-del-gran-atanasio-tzul\/\" target=\"_blank\" rel=\"noopener\">La iglesia colonial de San Crist\u00f3bal Totonicap\u00e1n representa siglos de fe, resiliencia y arte.<\/a> Es un legado tangible que sigue vivo en las celebraciones y en la identidad colectiva del pueblo. Hoy ese legado se ve renovado y reforzado por la figura de Yosselin Chan, joven l\u00edder que lleva el nombre de su comunidad como embajadora cultural en el escenario nacional. La fusi\u00f3n de historia y juventud convierte a este lugar en un s\u00edmbolo vivo de tradici\u00f3n, fe y esperanza.<\/p>\t\t\t\t\t\t\t\t<\/div>\n\t\t\t\t\t<\/div>\n\t\t\t\t<\/div>\n\t\t<div data-particle_enable=\"false\" data-particle-mobile-disabled=\"false\" class=\"elementor-element elementor-element-de40cc5 e-flex e-con-boxed e-con e-parent\" data-id=\"de40cc5\" data-element_type=\"container\" data-e-type=\"container\">\n\t\t\t\t\t<div class=\"e-con-inner\">\n\t\t\t\t<div class=\"elementor-element elementor-element-3c53b8c elementor-widget elementor-widget-video\" data-id=\"3c53b8c\" data-element_type=\"widget\" data-e-type=\"widget\" data-settings=\"{&quot;youtube_url&quot;:&quot;https:\\\/\\\/www.youtube.com\\\/watch?v=sqLi7eB_dGY&quot;,&quot;video_type&quot;:&quot;youtube&quot;,&quot;controls&quot;:&quot;yes&quot;}\" data-widget_type=\"video.default\">\n\t\t\t\t\t\t\t<div class=\"elementor-wrapper elementor-open-inline\">\n\t\t\t<div class=\"elementor-video\"><\/div>\t\t<\/div>\n\t\t\t\t\t\t<\/div>\n\t\t\t\t\t<\/div>\n\t\t\t\t<\/div>\n\t\t<div data-particle_enable=\"false\" data-particle-mobile-disabled=\"false\" class=\"elementor-element elementor-element-6829296 e-flex e-con-boxed e-con e-parent\" data-id=\"6829296\" data-element_type=\"container\" data-e-type=\"container\">\n\t\t\t\t\t<div class=\"e-con-inner\">\n\t\t\t\t<div class=\"elementor-element elementor-element-d7ca668 elementor-widget elementor-widget-heading\" data-id=\"d7ca668\" data-element_type=\"widget\" data-e-type=\"widget\" data-widget_type=\"heading.default\">\n\t\t\t\t\t<h2 class=\"elementor-heading-title elementor-size-default\">Conoce m\u00e1s de Totonicap\u00e1n, ac\u00e1...<\/h2>\t\t\t\t<\/div>\n\t\t\t\t\t<\/div>\n\t\t\t\t<\/div>\n\t\t<div data-particle_enable=\"false\" data-particle-mobile-disabled=\"false\" class=\"elementor-element elementor-element-52ff63e e-flex e-con-boxed e-con e-parent\" data-id=\"52ff63e\" data-element_type=\"container\" data-e-type=\"container\">\n\t\t\t\t\t<div class=\"e-con-inner\">\n\t\t\t\t<div class=\"elementor-element elementor-element-7df1bd4 elementor-grid-eael-col-3 elementor-grid-tablet-eael-col-2 elementor-grid-mobile-eael-col-1 elementor-invisible elementor-widget elementor-widget-eael-post-grid\" data-id=\"7df1bd4\" data-element_type=\"widget\" data-e-type=\"widget\" data-settings=\"{&quot;eael_post_grid_columns&quot;:&quot;eael-col-3&quot;,&quot;_animation&quot;:&quot;rollIn&quot;,&quot;eael_post_grid_columns_tablet&quot;:&quot;eael-col-2&quot;,&quot;eael_post_grid_columns_mobile&quot;:&quot;eael-col-1&quot;}\" data-widget_type=\"eael-post-grid.default\">\n\t\t\t\t\t<div id=\"eael-post-grid-7df1bd4\" class=\"eael-post-grid-container\">\n            <div class=\"eael-post-grid eael-post-appender eael-post-appender-7df1bd4 eael-post-grid-style-one\" data-layout-mode=\"masonry\"><article class=\"eael-grid-post  eael-post-grid-column eael-pg-post-4084 category-guate-nuestra tags-danzas-de-guatemala\" data-id=\"4084\">\n        <div class=\"eael-grid-post-holder\">\n            <div class=\"eael-grid-post-holder-inner\"><div class=\"eael-entry-media\"><div class=\"eael-entry-overlay fade-in\"><i class=\"far fa-hand-pointer\" aria-hidden=\"true\"><\/i><a href=\"https:\/\/soymigrante.com\/revista\/convite-guatemala-migrantes-guatemaltecos-homenaje-totonicapan-tradicion\/\"><\/a><\/div><div class=\"eael-entry-thumbnail \">\n                <img loading=\"lazy\" decoding=\"async\" width=\"800\" height=\"600\" src=\"https:\/\/soymigrante.com\/revista\/wp-content\/uploads\/2023\/12\/presentacion-en-la-calle.webp\" class=\"attachment-large size-large wp-image-4065\" alt=\"Presentaci\u00f3n en el sal\u00f3n de usos m\u00faltiples dedicado a los migrantes guatemaltecos\" srcset=\"https:\/\/soymigrante.com\/revista\/wp-content\/uploads\/2023\/12\/presentacion-en-la-calle.webp 800w, https:\/\/soymigrante.com\/revista\/wp-content\/uploads\/2023\/12\/presentacion-en-la-calle-300x225.webp 300w, https:\/\/soymigrante.com\/revista\/wp-content\/uploads\/2023\/12\/presentacion-en-la-calle-768x576.webp 768w, https:\/\/soymigrante.com\/revista\/wp-content\/uploads\/2023\/12\/presentacion-en-la-calle-750x563.webp 750w\" sizes=\"(max-width: 800px) 100vw, 800px\" \/>\n            <\/div>\n        <\/div><div class=\"eael-entry-wrapper\"><header class=\"eael-entry-header\"><h2 class=\"eael-entry-title\"><a class=\"eael-grid-post-link\" href=\"https:\/\/soymigrante.com\/revista\/convite-guatemala-migrantes-guatemaltecos-homenaje-totonicapan-tradicion\/\" title=\"Danzas de Guatemala: Convite de Totonicap\u00e1n dedicado a migrantes en EE.UU.\">Danzas de Guatemala: Convite de Totonicap\u00e1n dedicado a migrantes en EE.UU.<\/a><\/h2><\/header><div class=\"eael-entry-content\">\n                        <div class=\"eael-grid-post-excerpt\"><a href=\"https:\/\/soymigrante.com\/revista\/convite-guatemala-migrantes-guatemaltecos-homenaje-totonicapan-tradicion\/\" class=\"eael-post-elements-readmore-btn\">CONOCE SU HISTORIA <\/a><\/div>\n                    <\/div><\/div><\/div>\n        <\/div>\n    <\/article><article class=\"eael-grid-post  eael-post-grid-column eael-pg-post-1523 category-guate-nuestra\" data-id=\"1523\">\n        <div class=\"eael-grid-post-holder\">\n            <div class=\"eael-grid-post-holder-inner\"><div class=\"eael-entry-media\"><div class=\"eael-entry-overlay fade-in\"><i class=\"far fa-hand-pointer\" aria-hidden=\"true\"><\/i><a href=\"https:\/\/soymigrante.com\/revista\/un-recuerdo-para-tener-presente-a-la-eterna-primavera\/\"><\/a><\/div><div class=\"eael-entry-thumbnail \">\n                <img loading=\"lazy\" decoding=\"async\" width=\"1024\" height=\"683\" src=\"https:\/\/soymigrante.com\/revista\/wp-content\/uploads\/2023\/06\/La-madera-tambien-es-intervenida-por-artesanos-locales-1024x683.webp\" class=\"attachment-large size-large wp-image-1531\" alt=\"\" srcset=\"https:\/\/soymigrante.com\/revista\/wp-content\/uploads\/2023\/06\/La-madera-tambien-es-intervenida-por-artesanos-locales-1024x683.webp 1024w, https:\/\/soymigrante.com\/revista\/wp-content\/uploads\/2023\/06\/La-madera-tambien-es-intervenida-por-artesanos-locales-300x200.webp 300w, https:\/\/soymigrante.com\/revista\/wp-content\/uploads\/2023\/06\/La-madera-tambien-es-intervenida-por-artesanos-locales-768x512.webp 768w, https:\/\/soymigrante.com\/revista\/wp-content\/uploads\/2023\/06\/La-madera-tambien-es-intervenida-por-artesanos-locales-750x500.webp 750w, https:\/\/soymigrante.com\/revista\/wp-content\/uploads\/2023\/06\/La-madera-tambien-es-intervenida-por-artesanos-locales-1140x760.webp 1140w, https:\/\/soymigrante.com\/revista\/wp-content\/uploads\/2023\/06\/La-madera-tambien-es-intervenida-por-artesanos-locales-600x400.webp 600w, https:\/\/soymigrante.com\/revista\/wp-content\/uploads\/2023\/06\/La-madera-tambien-es-intervenida-por-artesanos-locales.webp 1200w\" sizes=\"(max-width: 1024px) 100vw, 1024px\" \/>\n            <\/div>\n        <\/div><div class=\"eael-entry-wrapper\"><header class=\"eael-entry-header\"><h2 class=\"eael-entry-title\"><a class=\"eael-grid-post-link\" href=\"https:\/\/soymigrante.com\/revista\/un-recuerdo-para-tener-presente-a-la-eterna-primavera\/\" title=\"Un paseo por el ingenio  artesanal en Totonicap\u00e1n\">Un paseo por el ingenio  artesanal en Totonicap\u00e1n<\/a><\/h2><\/header><div class=\"eael-entry-content\">\n                        <div class=\"eael-grid-post-excerpt\"><a href=\"https:\/\/soymigrante.com\/revista\/un-recuerdo-para-tener-presente-a-la-eterna-primavera\/\" class=\"eael-post-elements-readmore-btn\">CONOCE SU HISTORIA <\/a><\/div>\n                    <\/div><\/div><\/div>\n        <\/div>\n    <\/article><article class=\"eael-grid-post  eael-post-grid-column eael-pg-post-1261 category-exitos-guatemala tags-texas\" data-id=\"1261\">\n        <div class=\"eael-grid-post-holder\">\n            <div class=\"eael-grid-post-holder-inner\"><div class=\"eael-entry-media\"><div class=\"eael-entry-overlay fade-in\"><i class=\"far fa-hand-pointer\" aria-hidden=\"true\"><\/i><a href=\"https:\/\/soymigrante.com\/revista\/esposos-migrantes-estilistas-guatemaltecos\/\"><\/a><\/div><div class=\"eael-entry-thumbnail \">\n                <img loading=\"lazy\" decoding=\"async\" width=\"1024\" height=\"461\" src=\"https:\/\/soymigrante.com\/revista\/wp-content\/uploads\/2023\/06\/Ambos-son-migrantes-guatemaltecos-que-decidieron-trabajar-y-emprender-su-negocio-en-la-localidad-de-Totonicapan-1024x461.jpg\" class=\"attachment-large size-large wp-image-1266\" alt=\"Un lugar que atiende a toda una localidad\" srcset=\"https:\/\/soymigrante.com\/revista\/wp-content\/uploads\/2023\/06\/Ambos-son-migrantes-guatemaltecos-que-decidieron-trabajar-y-emprender-su-negocio-en-la-localidad-de-Totonicapan-1024x461.jpg 1024w, https:\/\/soymigrante.com\/revista\/wp-content\/uploads\/2023\/06\/Ambos-son-migrantes-guatemaltecos-que-decidieron-trabajar-y-emprender-su-negocio-en-la-localidad-de-Totonicapan-300x135.webp 300w, https:\/\/soymigrante.com\/revista\/wp-content\/uploads\/2023\/06\/Ambos-son-migrantes-guatemaltecos-que-decidieron-trabajar-y-emprender-su-negocio-en-la-localidad-de-Totonicapan-768x345.jpg 768w, https:\/\/soymigrante.com\/revista\/wp-content\/uploads\/2023\/06\/Ambos-son-migrantes-guatemaltecos-que-decidieron-trabajar-y-emprender-su-negocio-en-la-localidad-de-Totonicapan-1536x691.jpg 1536w, https:\/\/soymigrante.com\/revista\/wp-content\/uploads\/2023\/06\/Ambos-son-migrantes-guatemaltecos-que-decidieron-trabajar-y-emprender-su-negocio-en-la-localidad-de-Totonicapan-2048x921.jpg 2048w, https:\/\/soymigrante.com\/revista\/wp-content\/uploads\/2023\/06\/Ambos-son-migrantes-guatemaltecos-que-decidieron-trabajar-y-emprender-su-negocio-en-la-localidad-de-Totonicapan-750x337.webp 750w, https:\/\/soymigrante.com\/revista\/wp-content\/uploads\/2023\/06\/Ambos-son-migrantes-guatemaltecos-que-decidieron-trabajar-y-emprender-su-negocio-en-la-localidad-de-Totonicapan-1140x513.jpg 1140w, https:\/\/soymigrante.com\/revista\/wp-content\/uploads\/2023\/06\/Ambos-son-migrantes-guatemaltecos-que-decidieron-trabajar-y-emprender-su-negocio-en-la-localidad-de-Totonicapan-scaled.webp 1920w\" sizes=\"(max-width: 1024px) 100vw, 1024px\" \/>\n            <\/div>\n        <\/div><div class=\"eael-entry-wrapper\"><header class=\"eael-entry-header\"><h2 class=\"eael-entry-title\"><a class=\"eael-grid-post-link\" href=\"https:\/\/soymigrante.com\/revista\/esposos-migrantes-estilistas-guatemaltecos\/\" title=\"Viaje migrante &#8220;de al pelo&#8221;, de ida y vuelta, de Totonicap\u00e1n a Texas\">Viaje migrante &#8220;de al pelo&#8221;, de ida y vuelta, de Totonicap\u00e1n a Texas<\/a><\/h2><\/header><div class=\"eael-entry-content\">\n                        <div class=\"eael-grid-post-excerpt\"><a href=\"https:\/\/soymigrante.com\/revista\/esposos-migrantes-estilistas-guatemaltecos\/\" class=\"eael-post-elements-readmore-btn\">CONOCE SU HISTORIA <\/a><\/div>\n                    <\/div><\/div><\/div>\n        <\/div>\n    <\/article><\/div>\n            <div class=\"clearfix\"><\/div>\n        <\/div>\t\t\t\t<\/div>\n\t\t\t\t\t<\/div>\n\t\t\t\t<\/div>\n\t\t\t\t<\/div>\n\t\t","protected":false},"excerpt":{"rendered":"<p>La iglesia de San Cristob\u00e1l Totonicap\u00e1n est\u00e1 llena de historia, cultura y memoria. En el coraz\u00f3n de San Crist\u00f3bal Totonicap\u00e1n, en el centro del municipio hom\u00f3nimo, se alza la imponente iglesia colonial dedicada a San Crist\u00f3bal M\u00e1rtir, patrono del pueblo. Esta joya hist\u00f3rica conecta siglos de fe, arte y memoria comunitaria, hoy revitalizada por el [&hellip;]<\/p>\n","protected":false},"author":19,"featured_media":40652,"comment_status":"open","ping_status":"open","sticky":false,"template":"","format":"standard","meta":{"_acf_changed":false,"_eb_attr":"","footnotes":""},"categories":[58],"tags":[],"class_list":["post-40651","post","type-post","status-publish","format-standard","has-post-thumbnail","hentry","category-guate-nuestra"],"acf":[],"aioseo_notices":[],"aioseo_head":"\n\t\t<!-- All in One SEO Pro 4.9.6.2 - aioseo.com -->\n\t<meta name=\"description\" content=\"Los esposos Zapeta Vel\u00e1squez lograron, como migrantes en Texas, ganarse la vida con el corte de cabello a damas y caballeros. Regresaron a su tierra natal para seguir trabajando con calidad y compartir sus conocimientos. Esta es su historia Los esposos Francisco Zapeta y Nicolasa Vel\u00e1squez, originarios de Xant\u00fan, Totonicap\u00e1n tomaron la decisi\u00f3n de migrar\" \/>\n\t<meta name=\"robots\" content=\"max-snippet:-1, max-image-preview:large, max-video-preview:-1\" \/>\n\t<meta name=\"author\" content=\"Diana Batz\"\/>\n\t<link rel=\"canonical\" href=\"https:\/\/soymigrante.com\/revista\/esposos-migrantes-estilistas-guatemaltecos\/\" \/>\n\t<meta name=\"generator\" content=\"All in One SEO Pro (AIOSEO) 4.9.6.2\" \/>\n\n\t\t<link rel=\"preconnect\" href=\"https:\/\/fonts.googleapis.com\" crossorigin>\n<link rel=\"preconnect\" href=\"https:\/\/fonts.gstatic.com\" crossorigin>\n\t\t<meta property=\"og:locale\" content=\"es_ES\" \/>\n\t\t<meta property=\"og:site_name\" content=\"SoyMigrante.com REVISTA \u2013 Nuestra misi\u00f3n es reconocer y dignificar al migrante.\" \/>\n\t\t<meta property=\"og:type\" content=\"article\" \/>\n\t\t<meta property=\"og:title\" content=\"Viaje migrante \u201cde al pelo\u201d, de ida y vuelta, de Totonicap\u00e1n a Texas\" \/>\n\t\t<meta property=\"og:description\" content=\"Los esposos Zapeta Vel\u00e1squez lograron, como migrantes en Texas, ganarse la vida con el corte de cabello a damas y caballeros. Regresaron a su tierra natal para seguir trabajando con calidad y compartir sus conocimientos. Esta es su historia Los esposos Francisco Zapeta y Nicolasa Vel\u00e1squez, originarios de Xant\u00fan, Totonicap\u00e1n tomaron la decisi\u00f3n de migrar\" \/>\n\t\t<meta property=\"og:url\" content=\"https:\/\/soymigrante.com\/revista\/esposos-migrantes-estilistas-guatemaltecos\/\" \/>\n\t\t<meta property=\"og:image\" content=\"https:\/\/soymigrante.com\/revista\/wp-content\/uploads\/2023\/06\/Ambos-son-migrantes-guatemaltecos-que-decidieron-trabajar-y-emprender-su-negocio-en-la-localidad-de-Totonicapan-scaled.webp\" \/>\n\t\t<meta property=\"og:image:secure_url\" content=\"https:\/\/soymigrante.com\/revista\/wp-content\/uploads\/2023\/06\/Ambos-son-migrantes-guatemaltecos-que-decidieron-trabajar-y-emprender-su-negocio-en-la-localidad-de-Totonicapan-scaled.webp\" \/>\n\t\t<meta property=\"og:image:width\" content=\"1920\" \/>\n\t\t<meta property=\"og:image:height\" content=\"864\" \/>\n\t\t<meta property=\"article:published_time\" content=\"2023-06-11T18:28:43+00:00\" \/>\n\t\t<meta property=\"article:modified_time\" content=\"2026-03-11T22:36:04+00:00\" \/>\n\t\t<meta property=\"article:publisher\" content=\"https:\/\/www.facebook.com\/soymigrantecom\" \/>\n\t\t<meta name=\"twitter:card\" content=\"summary_large_image\" \/>\n\t\t<meta name=\"twitter:site\" content=\"@SoyMigrante_com\" \/>\n\t\t<meta name=\"twitter:title\" content=\"Viaje migrante \u201cde al pelo\u201d, de ida y vuelta, de Totonicap\u00e1n a Texas\" \/>\n\t\t<meta name=\"twitter:description\" content=\"Los esposos Zapeta Vel\u00e1squez lograron, como migrantes en Texas, ganarse la vida con el corte de cabello a damas y caballeros. Regresaron a su tierra natal para seguir trabajando con calidad y compartir sus conocimientos. Esta es su historia Los esposos Francisco Zapeta y Nicolasa Vel\u00e1squez, originarios de Xant\u00fan, Totonicap\u00e1n tomaron la decisi\u00f3n de migrar\" \/>\n\t\t<meta name=\"twitter:creator\" content=\"@SoyMigrante_com\" \/>\n\t\t<meta name=\"twitter:image\" content=\"https:\/\/soymigrante.com\/revista\/wp-content\/uploads\/2023\/06\/Ambos-son-migrantes-guatemaltecos-que-decidieron-trabajar-y-emprender-su-negocio-en-la-localidad-de-Totonicapan-scaled.webp\" \/>\n\t\t<!-- All in One SEO Pro -->\r\n\t\t<title>Viaje migrante \u201cde al pelo\u201d, de ida y vuelta, de Totonicap\u00e1n a Texas<\/title>\n\n","aioseo_head_json":{"title":"Viaje migrante \u201cde al pelo\u201d, de ida y vuelta, de Totonicap\u00e1n a Texas","description":"Los esposos Zapeta Vel\u00e1squez lograron, como migrantes en Texas, ganarse la vida con el corte de cabello a damas y caballeros. Regresaron a su tierra natal para seguir trabajando con calidad y compartir sus conocimientos. Esta es su historia Los esposos Francisco Zapeta y Nicolasa Vel\u00e1squez, originarios de Xant\u00fan, Totonicap\u00e1n tomaron la decisi\u00f3n de migrar","canonical_url":"https:\/\/soymigrante.com\/revista\/esposos-migrantes-estilistas-guatemaltecos\/","robots":"max-snippet:-1, max-image-preview:large, max-video-preview:-1","keywords":"","webmasterTools":{"miscellaneous":"&lt;link rel=\"preconnect\" href=\"https:\/\/fonts.googleapis.com\" crossorigin&gt;\n&lt;link rel=\"preconnect\" href=\"https:\/\/fonts.gstatic.com\" crossorigin&gt;"},"schema":null,"og:locale":"es_ES","og:site_name":"SoyMigrante.com REVISTA \u2013 Nuestra misi\u00f3n es reconocer y dignificar al migrante.","og:type":"article","og:title":"Viaje migrante \u201cde al pelo\u201d, de ida y vuelta, de Totonicap\u00e1n a Texas","og:description":"Los esposos Zapeta Vel\u00e1squez lograron, como migrantes en Texas, ganarse la vida con el corte de cabello a damas y caballeros. Regresaron a su tierra natal para seguir trabajando con calidad y compartir sus conocimientos. Esta es su historia Los esposos Francisco Zapeta y Nicolasa Vel\u00e1squez, originarios de Xant\u00fan, Totonicap\u00e1n tomaron la decisi\u00f3n de migrar","og:url":"https:\/\/soymigrante.com\/revista\/esposos-migrantes-estilistas-guatemaltecos\/","og:image":"https:\/\/soymigrante.com\/revista\/wp-content\/uploads\/2023\/06\/Ambos-son-migrantes-guatemaltecos-que-decidieron-trabajar-y-emprender-su-negocio-en-la-localidad-de-Totonicapan-scaled.webp","og:image:secure_url":"https:\/\/soymigrante.com\/revista\/wp-content\/uploads\/2023\/06\/Ambos-son-migrantes-guatemaltecos-que-decidieron-trabajar-y-emprender-su-negocio-en-la-localidad-de-Totonicapan-scaled.webp","og:image:width":1920,"og:image:height":864,"article:published_time":"2023-06-11T18:28:43+00:00","article:modified_time":"2026-03-11T22:36:04+00:00","article:publisher":"https:\/\/www.facebook.com\/soymigrantecom","twitter:card":"summary_large_image","twitter:site":"@SoyMigrante_com","twitter:title":"Viaje migrante \u201cde al pelo\u201d, de ida y vuelta, de Totonicap\u00e1n a Texas","twitter:description":"Los esposos Zapeta Vel\u00e1squez lograron, como migrantes en Texas, ganarse la vida con el corte de cabello a damas y caballeros. Regresaron a su tierra natal para seguir trabajando con calidad y compartir sus conocimientos. Esta es su historia Los esposos Francisco Zapeta y Nicolasa Vel\u00e1squez, originarios de Xant\u00fan, Totonicap\u00e1n tomaron la decisi\u00f3n de migrar","twitter:creator":"@SoyMigrante_com","twitter:image":"https:\/\/soymigrante.com\/revista\/wp-content\/uploads\/2023\/06\/Ambos-son-migrantes-guatemaltecos-que-decidieron-trabajar-y-emprender-su-negocio-en-la-localidad-de-Totonicapan-scaled.webp"},"aioseo_meta_data":{"post_id":"40651","title":null,"description":"La iglesia de San Cristob\u00e1l Totonicap\u00e1n est\u00e1 llena de historia, cultura y memoria.","keywords":null,"keyphrases":{"focus":{"keyphrase":"iglesia","score":91,"analysis":{"keyphraseInTitle":{"score":9,"maxScore":9,"error":0},"keyphraseInDescription":{"score":9,"maxScore":9,"error":0},"keyphraseLength":{"score":9,"maxScore":9,"error":0,"length":1},"keyphraseInURL":{"score":5,"maxScore":5,"error":0},"keyphraseInIntroduction":{"score":9,"maxScore":9,"error":0},"keyphraseInSubHeadings":{"score":3,"maxScore":9,"error":1},"keyphraseInImageAlt":{"score":9,"maxScore":9,"error":0},"keywordDensity":{"type":"best","score":9,"maxScore":9,"error":0}}},"additional":[{"keyphrase":"San Cristob\u00e1l Totonicap\u00e1n","score":60,"analysis":{"keyphraseInDescription":{"score":9,"maxScore":9,"error":0},"keyphraseLength":{"score":6,"maxScore":9,"error":1,"length":5},"keyphraseInIntroduction":{"score":3,"maxScore":9,"error":1},"keyphraseInImageAlt":{"score":9,"maxScore":9,"error":0},"keywordDensity":{"score":0,"type":"low","maxScore":9,"error":1}}}]},"primary_term":null,"canonical_url":null,"og_title":null,"og_description":null,"og_object_type":"default","og_image_type":"default","og_image_url":null,"og_image_width":null,"og_image_height":null,"og_image_custom_url":null,"og_image_custom_fields":null,"og_video":"","og_custom_url":null,"og_article_section":null,"og_article_tags":null,"twitter_use_og":false,"twitter_card":"default","twitter_image_type":"default","twitter_image_url":null,"twitter_image_custom_url":null,"twitter_image_custom_fields":null,"twitter_title":null,"twitter_description":null,"schema":{"blockGraphs":[],"customGraphs":[],"default":{"data":{"Article":[],"Course":[],"Dataset":[],"FAQPage":[],"Movie":[],"Person":[],"Product":[],"ProductReview":[],"Car":[],"Recipe":[],"Service":[],"SoftwareApplication":[],"WebPage":[]},"graphName":"none","isEnabled":true},"graphs":[]},"schema_type":"default","schema_type_options":null,"pillar_content":false,"robots_default":true,"robots_noindex":false,"robots_noarchive":false,"robots_nosnippet":false,"robots_nofollow":false,"robots_noimageindex":false,"robots_noodp":false,"robots_notranslate":false,"robots_max_snippet":"-1","robots_max_videopreview":"-1","robots_max_imagepreview":"large","priority":null,"frequency":"default","local_seo":null,"seo_analyzer_scan_date":"2025-10-09 07:17:12","breadcrumb_settings":null,"limit_modified_date":false,"reviewed_by":"0","open_ai":null,"ai":{"faqs":[],"keyPoints":[],"titles":[],"descriptions":[],"socialPosts":{"email":[],"linkedin":[],"twitter":[],"facebook":[],"instagram":[]}},"created":"2025-07-28 18:52:16","updated":"2026-02-05 03:19:16"},"aioseo_breadcrumb":"<div class=\"aioseo-breadcrumbs\"><span class=\"aioseo-breadcrumb\">\n\t<a href=\"https:\/\/soymigrante.com\/revista\" title=\"Home\">Home<\/a>\n<\/span><span class=\"aioseo-breadcrumb-separator\">\u00bb<\/span><span class=\"aioseo-breadcrumb\">\n\t<a href=\"https:\/\/soymigrante.com\/revista\/category\/guate-nuestra\/\" title=\"Guate Nuestra\">Guate Nuestra<\/a>\n<\/span><span class=\"aioseo-breadcrumb-separator\">\u00bb<\/span><span class=\"aioseo-breadcrumb\">\n\tLa iglesia colonial de San Crist\u00f3bal Totonicap\u00e1n es una joya de fe y cultura\n<\/span><\/div>","aioseo_breadcrumb_json":[{"label":"Home","link":"https:\/\/soymigrante.com\/revista"},{"label":"Guate Nuestra","link":"https:\/\/soymigrante.com\/revista\/category\/guate-nuestra\/"},{"label":"La iglesia colonial de San Crist\u00f3bal Totonicap\u00e1n es una joya de fe y cultura","link":"https:\/\/soymigrante.com\/revista\/la-iglesia-colonial-de-san-cristobal-totonicapan-es-una-joya-de-fe-y-cultura\/"}],"_links":{"self":[{"href":"https:\/\/soymigrante.com\/revista\/wp-json\/wp\/v2\/posts\/40651","targetHints":{"allow":["GET"]}}],"collection":[{"href":"https:\/\/soymigrante.com\/revista\/wp-json\/wp\/v2\/posts"}],"about":[{"href":"https:\/\/soymigrante.com\/revista\/wp-json\/wp\/v2\/types\/post"}],"author":[{"embeddable":true,"href":"https:\/\/soymigrante.com\/revista\/wp-json\/wp\/v2\/users\/19"}],"replies":[{"embeddable":true,"href":"https:\/\/soymigrante.com\/revista\/wp-json\/wp\/v2\/comments?post=40651"}],"version-history":[{"count":5,"href":"https:\/\/soymigrante.com\/revista\/wp-json\/wp\/v2\/posts\/40651\/revisions"}],"predecessor-version":[{"id":40715,"href":"https:\/\/soymigrante.com\/revista\/wp-json\/wp\/v2\/posts\/40651\/revisions\/40715"}],"wp:featuredmedia":[{"embeddable":true,"href":"https:\/\/soymigrante.com\/revista\/wp-json\/wp\/v2\/media\/40652"}],"wp:attachment":[{"href":"https:\/\/soymigrante.com\/revista\/wp-json\/wp\/v2\/media?parent=40651"}],"wp:term":[{"taxonomy":"category","embeddable":true,"href":"https:\/\/soymigrante.com\/revista\/wp-json\/wp\/v2\/categories?post=40651"},{"taxonomy":"post_tag","embeddable":true,"href":"https:\/\/soymigrante.com\/revista\/wp-json\/wp\/v2\/tags?post=40651"}],"curies":[{"name":"wp","href":"https:\/\/api.w.org\/{rel}","templated":true}]}}