{"id":40621,"date":"2025-10-03T07:02:46","date_gmt":"2025-10-03T13:02:46","guid":{"rendered":"https:\/\/soymigrante.com\/revista\/?p=40621"},"modified":"2025-10-03T14:18:32","modified_gmt":"2025-10-03T20:18:32","slug":"7-frases-del-mensaje-del-papa-leon-xiv-con-motivo-de-la-jornada-del-migrante-2025","status":"publish","type":"post","link":"https:\/\/soymigrante.com\/revista\/7-frases-del-mensaje-del-papa-leon-xiv-con-motivo-de-la-jornada-del-migrante-2025\/","title":{"rendered":"Jornada del Migrante 2025: Siete frases del mensaje del papa Le\u00f3n XIV"},"content":{"rendered":"\t\t<div data-elementor-type=\"wp-post\" data-elementor-id=\"40621\" class=\"elementor elementor-40621\" data-elementor-post-type=\"post\">\n\t\t\t\t<div data-particle_enable=\"false\" data-particle-mobile-disabled=\"false\" class=\"elementor-element elementor-element-e662682 e-flex e-con-boxed e-con e-parent\" data-id=\"e662682\" data-element_type=\"container\" data-e-type=\"container\">\n\t\t\t\t\t<div class=\"e-con-inner\">\n\t\t\t\t<div class=\"elementor-element elementor-element-73dc9b7 elementor-widget elementor-widget-heading\" data-id=\"73dc9b7\" data-element_type=\"widget\" data-e-type=\"widget\" data-widget_type=\"heading.default\">\n\t\t\t\t\t<h2 class=\"elementor-heading-title elementor-size-default\">Las frases del Papa Le\u00f3n han estado llenas de esperanza, previo a la Jornada Mundial del Migrante y Refugiado. <\/h2>\t\t\t\t<\/div>\n\t\t\t\t\t<\/div>\n\t\t\t\t<\/div>\n\t\t<div data-particle_enable=\"false\" data-particle-mobile-disabled=\"false\" class=\"elementor-element elementor-element-c10f491 e-flex e-con-boxed e-con e-parent\" data-id=\"c10f491\" data-element_type=\"container\" data-e-type=\"container\">\n\t\t\t\t\t<div class=\"e-con-inner\">\n\t\t\t\t<div class=\"elementor-element elementor-element-7947fe2 elementor-widget elementor-widget-text-editor\" data-id=\"7947fe2\" data-element_type=\"widget\" data-e-type=\"widget\" data-widget_type=\"text-editor.default\">\n\t\t\t\t\t\t\t\t\t<p>En el marco de la 111.\u00aa Jornada Mundial del Migrante y del Refugiado, que se celebrar\u00e1 el pr\u00f3ximo 4 y 5 de octubre de 2025, el Papa Le\u00f3n ha compartido un mensaje lleno de compasi\u00f3n, reflexi\u00f3n y llamado a la acci\u00f3n. Este evento anual busca visibilizar la realidad de millones de personas desplazadas en el mundo.<\/p><p>En su carta titulada<a href=\"https:\/\/www.vatican.va\/content\/leo-xiv\/es\/messages\/migration\/documents\/20250725-world-migrants-day-2025.html\" target=\"_blank\" rel=\"noopener\"> \u201cQueridos hermanos y hermanas\u201d<\/a>, Le\u00f3n ofrece una mirada espiritual y humana sobre el fen\u00f3meno migratorio, recordando la misi\u00f3n de la Iglesia de acompa\u00f1ar, proteger e integrar a quienes se encuentran \u201cen camino\u201d.<\/p>\t\t\t\t\t\t\t\t<\/div>\n\t\t\t\t\t<\/div>\n\t\t\t\t<\/div>\n\t\t<div data-particle_enable=\"false\" data-particle-mobile-disabled=\"false\" class=\"elementor-element elementor-element-fa48347 e-flex e-con-boxed e-con e-parent\" data-id=\"fa48347\" data-element_type=\"container\" data-e-type=\"container\">\n\t\t\t\t\t<div class=\"e-con-inner\">\n\t\t\t\t<div class=\"elementor-element elementor-element-fc2b4c0 elementor-widget elementor-widget-heading\" data-id=\"fc2b4c0\" data-element_type=\"widget\" data-e-type=\"widget\" data-widget_type=\"heading.default\">\n\t\t\t\t\t<h3 class=\"elementor-heading-title elementor-size-default\">\u00bfQu\u00e9 es la Jornada Mundial del Migrante y del Refugiado?<\/h3>\t\t\t\t<\/div>\n\t\t\t\t\t<\/div>\n\t\t\t\t<\/div>\n\t\t<div data-particle_enable=\"false\" data-particle-mobile-disabled=\"false\" class=\"elementor-element elementor-element-73c5400 e-flex e-con-boxed e-con e-parent\" data-id=\"73c5400\" data-element_type=\"container\" data-e-type=\"container\">\n\t\t\t\t\t<div class=\"e-con-inner\">\n\t\t\t\t<div class=\"elementor-element elementor-element-592b645 elementor-widget elementor-widget-text-editor\" data-id=\"592b645\" data-element_type=\"widget\" data-e-type=\"widget\" data-widget_type=\"text-editor.default\">\n\t\t\t\t\t\t\t\t\t<p>Establecida por el Vaticano desde 1914, esta jornada se celebra cada a\u00f1o el \u00faltimo domingo de septiembre. Es una ocasi\u00f3n para que toda la Iglesia reflexione, ore y act\u00fae en favor de los migrantes, refugiados, desplazados internos y v\u00edctimas de la trata. En 2025, la Jornada se enmarca dentro del Jubileo de los migrantes y del mundo misionero.<\/p><p><a href=\"https:\/\/www.vatican.va\/content\/leo-xiv\/es\/messages\/migration\/documents\/20250725-world-migrants-day-2025.html\" target=\"_blank\" rel=\"noopener\">El mensaje del Papa Le\u00f3n resalta el v\u00ednculo entre esperanza, migraci\u00f3n y misi\u00f3n, y deja frases que conmueven y mueven a la acci\u00f3n<\/a>. A continuaci\u00f3n, compartimos siete de las m\u00e1s impactantes:<\/p>\t\t\t\t\t\t\t\t<\/div>\n\t\t\t\t\t<\/div>\n\t\t\t\t<\/div>\n\t\t<div data-particle_enable=\"false\" data-particle-mobile-disabled=\"false\" class=\"elementor-element elementor-element-6b360d1 e-flex e-con-boxed e-con e-parent\" data-id=\"6b360d1\" data-element_type=\"container\" data-e-type=\"container\">\n\t\t\t\t\t<div class=\"e-con-inner\">\n\t\t\t\t<div class=\"elementor-element elementor-element-7ed522b elementor-widget elementor-widget-text-editor\" data-id=\"7ed522b\" data-element_type=\"widget\" data-e-type=\"widget\" data-widget_type=\"text-editor.default\">\n\t\t\t\t\t\t\t\t\t<p><strong>1. \u201cLos migrantes y refugiados se erigen como mensajeros de esperanza.\u201d<\/strong><\/p><p>En medio de un mundo \u201coscurecido por guerras e injusticias\u201d, el Papa destaca que las personas migrantes, a pesar del dolor y la adversidad, muestran un valor heroico y una fe que los impulsa a seguir adelante. Son portadores de un futuro de dignidad y paz.<\/p>\t\t\t\t\t\t\t\t<\/div>\n\t\t\t\t\t<\/div>\n\t\t\t\t<\/div>\n\t\t<div data-particle_enable=\"false\" data-particle-mobile-disabled=\"false\" class=\"elementor-element elementor-element-2ebe6a9 e-flex e-con-boxed e-con e-parent\" data-id=\"2ebe6a9\" data-element_type=\"container\" data-e-type=\"container\">\n\t\t\t\t\t<div class=\"e-con-inner\">\n\t\t\t\t<div class=\"elementor-element elementor-element-f48b35d elementor-widget elementor-widget-text-editor\" data-id=\"f48b35d\" data-element_type=\"widget\" data-e-type=\"widget\" data-widget_type=\"text-editor.default\">\n\t\t\t\t\t\t\t\t\t<p><strong>2. \u201cLa b\u00fasqueda de la felicidad\u2026 es una de las principales motivaciones de la movilidad humana contempor\u00e1nea.\u201d<\/strong><\/p><p>Este reconocimiento desarma el prejuicio. Seg\u00fan el Papa, migrar es un acto humano movido por el deseo leg\u00edtimo de vivir con dignidad. La esperanza se convierte en una fuerza espiritual que mueve fronteras f\u00edsicas y emocionales.<\/p>\t\t\t\t\t\t\t\t<\/div>\n\t\t\t\t\t<\/div>\n\t\t\t\t<\/div>\n\t\t<div data-particle_enable=\"false\" data-particle-mobile-disabled=\"false\" class=\"elementor-element elementor-element-ee241f3 e-flex e-con-boxed e-con e-parent\" data-id=\"ee241f3\" data-element_type=\"container\" data-e-type=\"container\">\n\t\t\t\t\t<div class=\"e-con-inner\">\n\t\t\t\t<div class=\"elementor-element elementor-element-0e26274 elementor-widget elementor-widget-image\" data-id=\"0e26274\" data-element_type=\"widget\" data-e-type=\"widget\" data-widget_type=\"image.default\">\n\t\t\t\t\t\t\t\t\t\t\t\t<figure class=\"wp-caption\">\n\t\t\t\t\t\t\t\t\t\t<img fetchpriority=\"high\" decoding=\"async\" width=\"1024\" height=\"682\" src=\"https:\/\/soymigrante.com\/revista\/wp-content\/uploads\/2025\/07\/papa-leon-1024x682.jpg\" class=\"attachment-large size-large wp-image-40629\" alt=\"Papa Francisco en evento multirreligioso con diversidad de asistentes, promoviendo di\u00e1logo interreligioso y respeto en la comunidad internacional.\" srcset=\"https:\/\/soymigrante.com\/revista\/wp-content\/uploads\/2025\/07\/papa-leon-1024x682.jpg 1024w, https:\/\/soymigrante.com\/revista\/wp-content\/uploads\/2025\/07\/papa-leon-300x200.jpg 300w, https:\/\/soymigrante.com\/revista\/wp-content\/uploads\/2025\/07\/papa-leon-768x512.jpg 768w, https:\/\/soymigrante.com\/revista\/wp-content\/uploads\/2025\/07\/papa-leon-750x500.webp 750w, https:\/\/soymigrante.com\/revista\/wp-content\/uploads\/2025\/07\/papa-leon-1140x760.webp 1140w, https:\/\/soymigrante.com\/revista\/wp-content\/uploads\/2025\/07\/papa-leon.webp 1280w\" sizes=\"(max-width: 1024px) 100vw, 1024px\" title=\"El Papa Le\u00f3n es conocido como el papa migrante, por su cercan\u00eda con los refugiados. (Foto: Vatican News) \u2013 SoyMigrante.com REVISTA\" \/>\t\t\t\t\t\t\t\t\t\t\t<figcaption class=\"widget-image-caption wp-caption-text\">Papa Francisco participa en evento interreligioso, promoviendo di\u00e1logo y respeto entre diferentes culturas y creencias en un entorno de unidad y paz.<\/figcaption>\n\t\t\t\t\t\t\t\t\t\t<\/figure>\n\t\t\t\t\t\t\t\t\t<\/div>\n\t\t\t\t\t<\/div>\n\t\t\t\t<\/div>\n\t\t<div data-particle_enable=\"false\" data-particle-mobile-disabled=\"false\" class=\"elementor-element elementor-element-febef12 e-flex e-con-boxed e-con e-parent\" data-id=\"febef12\" data-element_type=\"container\" data-e-type=\"container\">\n\t\t\t\t\t<div class=\"e-con-inner\">\n\t\t\t\t<div class=\"elementor-element elementor-element-a4d54e1 elementor-widget elementor-widget-text-editor\" data-id=\"a4d54e1\" data-element_type=\"widget\" data-e-type=\"widget\" data-widget_type=\"text-editor.default\">\n\t\t\t\t\t\t\t\t\t<p><strong>3. \u201cSu presencia debe ser reconocida y apreciada como una verdadera bendici\u00f3n divina.\u201d<\/strong><\/p><p>Le\u00f3n invita a ver en cada migrante no una carga, sino un don. Estas personas, afirma, revitalizan comunidades eclesiales \u201cr\u00edgidas y cansadas\u201d, aportando dinamismo y testimonio de fe.<\/p>\t\t\t\t\t\t\t\t<\/div>\n\t\t\t\t\t<\/div>\n\t\t\t\t<\/div>\n\t\t<div data-particle_enable=\"false\" data-particle-mobile-disabled=\"false\" class=\"elementor-element elementor-element-01e5c0f e-flex e-con-boxed e-con e-parent\" data-id=\"01e5c0f\" data-element_type=\"container\" data-e-type=\"container\">\n\t\t\t\t\t<div class=\"e-con-inner\">\n\t\t\t\t<div class=\"elementor-element elementor-element-7194891 elementor-widget elementor-widget-text-editor\" data-id=\"7194891\" data-element_type=\"widget\" data-e-type=\"widget\" data-widget_type=\"text-editor.default\">\n\t\t\t\t\t\t\t\t\t<p><strong>4. \u201cCada vez que la Iglesia deja de ser civitas peregrina\u2026 deja de estar \u2018en el mundo\u2019 y pasa a ser \u2018del mundo\u2019.\u201d<\/strong><\/p><p>Con esta cita, el Papa Le\u00f3n recuerda que la Iglesia es, por naturaleza, peregrina. Por eso, debe caminar con los migrantes, no establecerse c\u00f3modamente en el poder o el rechazo.<\/p>\t\t\t\t\t\t\t\t<\/div>\n\t\t\t\t\t<\/div>\n\t\t\t\t<\/div>\n\t\t<div data-particle_enable=\"false\" data-particle-mobile-disabled=\"false\" class=\"elementor-element elementor-element-89d3c68 e-flex e-con-boxed e-con e-parent\" data-id=\"89d3c68\" data-element_type=\"container\" data-e-type=\"container\">\n\t\t\t\t\t<div class=\"e-con-inner\">\n\t\t\t\t<div class=\"elementor-element elementor-element-bc8c493 elementor-widget elementor-widget-text-editor\" data-id=\"bc8c493\" data-element_type=\"widget\" data-e-type=\"widget\" data-widget_type=\"text-editor.default\">\n\t\t\t\t\t\t\t\t\t<p><strong>5. \u201cEsperanza entendida como promesa de un presente y un futuro en el que se reconozca la dignidad de todos como hijos de Dios.\u201d<\/strong><\/p><p>Esta definici\u00f3n de esperanza no es una ilusi\u00f3n pasiva, sino un compromiso concreto por transformar las estructuras y corazones para construir comunidades donde todos tengan lugar.<\/p>\t\t\t\t\t\t\t\t<\/div>\n\t\t\t\t\t<\/div>\n\t\t\t\t<\/div>\n\t\t<div data-particle_enable=\"false\" data-particle-mobile-disabled=\"false\" class=\"elementor-element elementor-element-42bb04d e-flex e-con-boxed e-con e-parent\" data-id=\"42bb04d\" data-element_type=\"container\" data-e-type=\"container\">\n\t\t\t\t\t<div class=\"e-con-inner\">\n\t\t\t\t<div class=\"elementor-element elementor-element-466c544 elementor-widget elementor-widget-text-editor\" data-id=\"466c544\" data-element_type=\"widget\" data-e-type=\"widget\" data-widget_type=\"text-editor.default\">\n\t\t\t\t\t\t\t\t\t<p><strong>6. \u201cNo se olviden de practicar la hospitalidad, ya que gracias a ella, algunos, sin saberlo, hospedaron a los \u00e1ngeles.\u201d (Hb 13,2)<\/strong><\/p><p>Con esta cita b\u00edblica, el Papa Le\u00f3n subraya la importancia de abrir puertas y corazones. La hospitalidad es m\u00e1s que una cortes\u00eda: es un acto sagrado que transforma tanto al que recibe como al que llega.<\/p>\t\t\t\t\t\t\t\t<\/div>\n\t\t\t\t\t<\/div>\n\t\t\t\t<\/div>\n\t\t<div data-particle_enable=\"false\" data-particle-mobile-disabled=\"false\" class=\"elementor-element elementor-element-fbb5601 e-flex e-con-boxed e-con e-parent\" data-id=\"fbb5601\" data-element_type=\"container\" data-e-type=\"container\">\n\t\t\t\t\t<div class=\"e-con-inner\">\n\t\t\t\t<div class=\"elementor-element elementor-element-7b69e2d elementor-widget elementor-widget-text-editor\" data-id=\"7b69e2d\" data-element_type=\"widget\" data-e-type=\"widget\" data-widget_type=\"text-editor.default\">\n\t\t\t\t\t\t\t\t\t<p><strong>7. \u201cDeseo encomendar a todos los que est\u00e1n en camino\u2026 a la protecci\u00f3n maternal de la Virgen Mar\u00eda, consuelo de los migrantes.\u201d<\/strong><\/p><p>El mensaje cierra con una oraci\u00f3n poderosa. Le\u00f3n pone bajo el amparo de la Virgen Mar\u00eda a los millones de personas que migran, recordando que el consuelo tambi\u00e9n es un camino de fe.<\/p>\t\t\t\t\t\t\t\t<\/div>\n\t\t\t\t\t<\/div>\n\t\t\t\t<\/div>\n\t\t<div data-particle_enable=\"false\" data-particle-mobile-disabled=\"false\" class=\"elementor-element elementor-element-42ffb2c e-flex e-con-boxed e-con e-parent\" data-id=\"42ffb2c\" data-element_type=\"container\" data-e-type=\"container\">\n\t\t\t\t\t<div class=\"e-con-inner\">\n\t\t\t\t<div class=\"elementor-element elementor-element-eaf5804 elementor-widget elementor-widget-image\" data-id=\"eaf5804\" data-element_type=\"widget\" data-e-type=\"widget\" data-widget_type=\"image.default\">\n\t\t\t\t\t\t\t\t\t\t\t\t<figure class=\"wp-caption\">\n\t\t\t\t\t\t\t\t\t\t<img decoding=\"async\" width=\"1024\" height=\"682\" src=\"https:\/\/soymigrante.com\/revista\/wp-content\/uploads\/2025\/07\/papa-leon-3-1024x682.jpg\" class=\"attachment-large size-large wp-image-40630\" alt=\"Oraci\u00f3n en una capilla del Vaticano, con un sacerdote rezando frente al altar con flores y velas, durante una ceremonia religiosa cat\u00f3lica en un entorno solemne y sagrado.\" srcset=\"https:\/\/soymigrante.com\/revista\/wp-content\/uploads\/2025\/07\/papa-leon-3-1024x682.jpg 1024w, https:\/\/soymigrante.com\/revista\/wp-content\/uploads\/2025\/07\/papa-leon-3-300x200.jpg 300w, https:\/\/soymigrante.com\/revista\/wp-content\/uploads\/2025\/07\/papa-leon-3-768x512.jpg 768w, https:\/\/soymigrante.com\/revista\/wp-content\/uploads\/2025\/07\/papa-leon-3-750x500.jpg 750w, https:\/\/soymigrante.com\/revista\/wp-content\/uploads\/2025\/07\/papa-leon-3-1140x760.jpg 1140w, https:\/\/soymigrante.com\/revista\/wp-content\/uploads\/2025\/07\/papa-leon-3.webp 1280w\" sizes=\"(max-width: 1024px) 100vw, 1024px\" title=\"El papa Le\u00f3n cumplir\u00e1 tres meses y se ha convertido en una cara de apoyo para los migrantes. (Foto: Vatican News) \u2013 SoyMigrante.com REVISTA\" \/>\t\t\t\t\t\t\t\t\t\t\t<figcaption class=\"widget-image-caption wp-caption-text\">Caption: Imagen de una capilla con un sacerdote rezando en un entorno espiritual y sereno, con decoraci\u00f3n floral y s\u00edmbolos religiosos, ideal para momentos de reflexi\u00f3n y fe.<\/figcaption>\n\t\t\t\t\t\t\t\t\t\t<\/figure>\n\t\t\t\t\t\t\t\t\t<\/div>\n\t\t\t\t\t<\/div>\n\t\t\t\t<\/div>\n\t\t<div data-particle_enable=\"false\" data-particle-mobile-disabled=\"false\" class=\"elementor-element elementor-element-fb17d66 e-flex e-con-boxed e-con e-parent\" data-id=\"fb17d66\" data-element_type=\"container\" data-e-type=\"container\">\n\t\t\t\t\t<div class=\"e-con-inner\">\n\t\t\t\t<div class=\"elementor-element elementor-element-8ada88d elementor-widget elementor-widget-heading\" data-id=\"8ada88d\" data-element_type=\"widget\" data-e-type=\"widget\" data-widget_type=\"heading.default\">\n\t\t\t\t\t<h3 class=\"elementor-heading-title elementor-size-default\">Una carta que llama a la acci\u00f3n<\/h3>\t\t\t\t<\/div>\n\t\t\t\t\t<\/div>\n\t\t\t\t<\/div>\n\t\t<div data-particle_enable=\"false\" data-particle-mobile-disabled=\"false\" class=\"elementor-element elementor-element-883723a e-flex e-con-boxed e-con e-parent\" data-id=\"883723a\" data-element_type=\"container\" data-e-type=\"container\">\n\t\t\t\t\t<div class=\"e-con-inner\">\n\t\t\t\t<div class=\"elementor-element elementor-element-fc9f5b0 elementor-widget elementor-widget-text-editor\" data-id=\"fc9f5b0\" data-element_type=\"widget\" data-e-type=\"widget\" data-widget_type=\"text-editor.default\">\n\t\t\t\t\t\t\t\t\t<p>El mensaje del Papa Le\u00f3n no es solo para creyentes. Su enfoque \u00e9tico y humano interpela a todos: gobiernos, comunidades religiosas, organizaciones y ciudadanos. Frente a la indiferencia o el rechazo, el Papa ofrece una visi\u00f3n esperanzadora, profundamente cristiana, pero tambi\u00e9n universal.<\/p><p><a href=\"https:\/\/www.vatican.va\/content\/leo-xiv\/es\/messages\/migration\/documents\/20250725-world-migrants-day-2025.html\" target=\"_blank\" rel=\"noopener\">La Jornada Mundial del Migrante y del Refugiado de 2025 ser\u00e1 una ocasi\u00f3n para actuar, orar y abrazar al pr\u00f3jimo con empat\u00eda.<\/a> Como afirma el Papa Le\u00f3n: \u201cEl futuro ya ha comenzado\u2026 y el Se\u00f1or siempre cumple sus promesas.\u201d<\/p>\t\t\t\t\t\t\t\t<\/div>\n\t\t\t\t\t<\/div>\n\t\t\t\t<\/div>\n\t\t<div data-particle_enable=\"false\" data-particle-mobile-disabled=\"false\" class=\"elementor-element elementor-element-1cbce79 e-flex e-con-boxed e-con e-parent\" data-id=\"1cbce79\" data-element_type=\"container\" data-e-type=\"container\">\n\t\t\t\t\t<div class=\"e-con-inner\">\n\t\t\t\t<div class=\"elementor-element elementor-element-5abed02 elementor-widget elementor-widget-heading\" data-id=\"5abed02\" data-element_type=\"widget\" data-e-type=\"widget\" data-widget_type=\"heading.default\">\n\t\t\t\t\t<h2 class=\"elementor-heading-title elementor-size-default\">Conoce otros temas, que te pueden interesar...<\/h2>\t\t\t\t<\/div>\n\t\t\t\t\t<\/div>\n\t\t\t\t<\/div>\n\t\t<div data-particle_enable=\"false\" data-particle-mobile-disabled=\"false\" class=\"elementor-element elementor-element-db925f8 e-flex e-con-boxed e-con e-parent\" data-id=\"db925f8\" data-element_type=\"container\" data-e-type=\"container\">\n\t\t\t\t\t<div class=\"e-con-inner\">\n\t\t\t\t<div class=\"elementor-element elementor-element-f30a8ee elementor-grid-eael-col-3 elementor-grid-tablet-eael-col-2 elementor-grid-mobile-eael-col-1 elementor-invisible elementor-widget elementor-widget-eael-post-grid\" data-id=\"f30a8ee\" data-element_type=\"widget\" data-e-type=\"widget\" data-settings=\"{&quot;eael_post_grid_columns&quot;:&quot;eael-col-3&quot;,&quot;_animation&quot;:&quot;rollIn&quot;,&quot;eael_post_grid_columns_tablet&quot;:&quot;eael-col-2&quot;,&quot;eael_post_grid_columns_mobile&quot;:&quot;eael-col-1&quot;}\" data-widget_type=\"eael-post-grid.default\">\n\t\t\t\t\t<div id=\"eael-post-grid-f30a8ee\" class=\"eael-post-grid-container\">\n            <div class=\"eael-post-grid eael-post-appender eael-post-appender-f30a8ee eael-post-grid-style-one\" data-layout-mode=\"masonry\"><article class=\"eael-grid-post  eael-post-grid-column eael-pg-post-33053 category-estamos-unidos\" data-id=\"33053\">\n        <div class=\"eael-grid-post-holder\">\n            <div class=\"eael-grid-post-holder-inner\"><div class=\"eael-entry-media\"><div class=\"eael-entry-overlay fade-in\"><i class=\"far fa-hand-pointer\" aria-hidden=\"true\"><\/i><a href=\"https:\/\/soymigrante.com\/revista\/migrantes-guatemaltecos-catolicos-en-usa-celebran-designacion-del-papa-leon-xiv-nacido-en-chicago\/\"><\/a><\/div><div class=\"eael-entry-thumbnail \">\n                <img decoding=\"async\" width=\"667\" height=\"667\" src=\"https:\/\/soymigrante.com\/revista\/wp-content\/uploads\/2025\/05\/papa-leon-XIV.webp\" class=\"attachment-large size-large wp-image-33054\" alt=\"Entrepreneurship, cultural identity, and migration insights from SoyMigrante.com REVISTA.\" srcset=\"https:\/\/soymigrante.com\/revista\/wp-content\/uploads\/2025\/05\/papa-leon-XIV.webp 667w, https:\/\/soymigrante.com\/revista\/wp-content\/uploads\/2025\/05\/papa-leon-XIV-300x300.png 300w, https:\/\/soymigrante.com\/revista\/wp-content\/uploads\/2025\/05\/papa-leon-XIV-150x150.png 150w, https:\/\/soymigrante.com\/revista\/wp-content\/uploads\/2025\/05\/papa-leon-XIV-75x75.webp 75w\" sizes=\"(max-width: 667px) 100vw, 667px\" \/>\n            <\/div>\n        <\/div><div class=\"eael-entry-wrapper\"><header class=\"eael-entry-header\"><h2 class=\"eael-entry-title\"><a class=\"eael-grid-post-link\" href=\"https:\/\/soymigrante.com\/revista\/migrantes-guatemaltecos-catolicos-en-usa-celebran-designacion-del-papa-leon-xiv-nacido-en-chicago\/\" title=\"Migrantes guatemaltecos cat\u00f3licos en USA celebran designaci\u00f3n del papa Le\u00f3n XIV, nacido en Chicago\">Migrantes guatemaltecos cat\u00f3licos en USA celebran designaci\u00f3n del papa Le\u00f3n XIV, nacido en Chicago<\/a><\/h2><\/header><div class=\"eael-entry-content\">\n                        <div class=\"eael-grid-post-excerpt\"><a href=\"https:\/\/soymigrante.com\/revista\/migrantes-guatemaltecos-catolicos-en-usa-celebran-designacion-del-papa-leon-xiv-nacido-en-chicago\/\" class=\"eael-post-elements-readmore-btn\">CONOCE SU HISTORIA <\/a><\/div>\n                    <\/div><\/div><\/div>\n        <\/div>\n    <\/article><article class=\"eael-grid-post  eael-post-grid-column eael-pg-post-32922 category-estamos-unidos\" data-id=\"32922\">\n        <div class=\"eael-grid-post-holder\">\n            <div class=\"eael-grid-post-holder-inner\"><div class=\"eael-entry-media\"><div class=\"eael-entry-overlay fade-in\"><i class=\"far fa-hand-pointer\" aria-hidden=\"true\"><\/i><a href=\"https:\/\/soymigrante.com\/revista\/leon-xiv-tiene-perfil-multicultural-y-migrante-es-el-primer-papa-nacido-en-estados-unidos-y-nacionalizado-peruano\/\"><\/a><\/div><div class=\"eael-entry-thumbnail \">\n                <img loading=\"lazy\" decoding=\"async\" width=\"1024\" height=\"1024\" src=\"https:\/\/soymigrante.com\/revista\/wp-content\/uploads\/2025\/05\/leon-xiv-papa-nacido-en-Chicago-Estados-Unidos-de-madre-espanola-y-padre-frances-1024x1024.jpg\" class=\"attachment-large size-large wp-image-32947\" alt=\"Retrato de un arzobispo cat\u00f3lico con vestimenta lit\u00fargica en una celebraci\u00f3n religiosa, destacando la importancia de la fe y la espiritualidad en la comunidad migrante.\" srcset=\"https:\/\/soymigrante.com\/revista\/wp-content\/uploads\/2025\/05\/leon-xiv-papa-nacido-en-Chicago-Estados-Unidos-de-madre-espanola-y-padre-frances-1024x1024.jpg 1024w, https:\/\/soymigrante.com\/revista\/wp-content\/uploads\/2025\/05\/leon-xiv-papa-nacido-en-Chicago-Estados-Unidos-de-madre-espanola-y-padre-frances-300x300.jpg 300w, https:\/\/soymigrante.com\/revista\/wp-content\/uploads\/2025\/05\/leon-xiv-papa-nacido-en-Chicago-Estados-Unidos-de-madre-espanola-y-padre-frances-150x150.jpg 150w, https:\/\/soymigrante.com\/revista\/wp-content\/uploads\/2025\/05\/leon-xiv-papa-nacido-en-Chicago-Estados-Unidos-de-madre-espanola-y-padre-frances-768x768.jpg 768w, https:\/\/soymigrante.com\/revista\/wp-content\/uploads\/2025\/05\/leon-xiv-papa-nacido-en-Chicago-Estados-Unidos-de-madre-espanola-y-padre-frances-75x75.jpg 75w, https:\/\/soymigrante.com\/revista\/wp-content\/uploads\/2025\/05\/leon-xiv-papa-nacido-en-Chicago-Estados-Unidos-de-madre-espanola-y-padre-frances-750x750.jpg 750w, https:\/\/soymigrante.com\/revista\/wp-content\/uploads\/2025\/05\/leon-xiv-papa-nacido-en-Chicago-Estados-Unidos-de-madre-espanola-y-padre-frances.webp 1080w\" sizes=\"(max-width: 1024px) 100vw, 1024px\" \/>\n            <\/div>\n        <\/div><div class=\"eael-entry-wrapper\"><header class=\"eael-entry-header\"><h2 class=\"eael-entry-title\"><a class=\"eael-grid-post-link\" href=\"https:\/\/soymigrante.com\/revista\/leon-xiv-tiene-perfil-multicultural-y-migrante-es-el-primer-papa-nacido-en-estados-unidos-y-nacionalizado-peruano\/\" title=\"Leon XIV tiene perfil multicultural y migrante: es el primer papa nacido en Estados Unidos y nacionalizado peruano\">Leon XIV tiene perfil multicultural y migrante: es el primer papa nacido en Estados Unidos y nacionalizado peruano<\/a><\/h2><\/header><div class=\"eael-entry-content\">\n                        <div class=\"eael-grid-post-excerpt\"><a href=\"https:\/\/soymigrante.com\/revista\/leon-xiv-tiene-perfil-multicultural-y-migrante-es-el-primer-papa-nacido-en-estados-unidos-y-nacionalizado-peruano\/\" class=\"eael-post-elements-readmore-btn\">CONOCE SU HISTORIA <\/a><\/div>\n                    <\/div><\/div><\/div>\n        <\/div>\n    <\/article><article class=\"eael-grid-post  eael-post-grid-column eael-pg-post-31582 category-lugar-de-voces\" data-id=\"31582\">\n        <div class=\"eael-grid-post-holder\">\n            <div class=\"eael-grid-post-holder-inner\"><div class=\"eael-entry-media\"><div class=\"eael-entry-overlay fade-in\"><i class=\"far fa-hand-pointer\" aria-hidden=\"true\"><\/i><a href=\"https:\/\/soymigrante.com\/revista\/monumento-a-los-migrantes-papa-francisco-roma-washington\/\"><\/a><\/div><div class=\"eael-entry-thumbnail \">\n                <img loading=\"lazy\" decoding=\"async\" width=\"504\" height=\"504\" src=\"https:\/\/soymigrante.com\/revista\/wp-content\/uploads\/2025\/04\/9f5dcb0beaf0cd72f751154782868bec_XL.webp\" class=\"attachment-large size-large wp-image-31614\" alt=\"Una escultura de migrantes en movimiento, simbolizando la historia y la lucha de los migrantes en busca de mejores oportunidades y derechos. Ideal para reflejar temas de migraci\u00f3n, derechos humanos y cultura en Am\u00e9rica Latina.\" srcset=\"https:\/\/soymigrante.com\/revista\/wp-content\/uploads\/2025\/04\/9f5dcb0beaf0cd72f751154782868bec_XL.webp 504w, https:\/\/soymigrante.com\/revista\/wp-content\/uploads\/2025\/04\/9f5dcb0beaf0cd72f751154782868bec_XL-300x300.jpg 300w, https:\/\/soymigrante.com\/revista\/wp-content\/uploads\/2025\/04\/9f5dcb0beaf0cd72f751154782868bec_XL-150x150.jpg 150w, https:\/\/soymigrante.com\/revista\/wp-content\/uploads\/2025\/04\/9f5dcb0beaf0cd72f751154782868bec_XL-75x75.webp 75w\" sizes=\"(max-width: 504px) 100vw, 504px\" \/>\n            <\/div>\n        <\/div><div class=\"eael-entry-wrapper\"><header class=\"eael-entry-header\"><h2 class=\"eael-entry-title\"><a class=\"eael-grid-post-link\" href=\"https:\/\/soymigrante.com\/revista\/monumento-a-los-migrantes-papa-francisco-roma-washington\/\" title=\"El monumento en honor a los migrantes que el papa Francisco impuls\u00f3\">El monumento en honor a los migrantes que el papa Francisco impuls\u00f3<\/a><\/h2><\/header><div class=\"eael-entry-content\">\n                        <div class=\"eael-grid-post-excerpt\"><a href=\"https:\/\/soymigrante.com\/revista\/monumento-a-los-migrantes-papa-francisco-roma-washington\/\" class=\"eael-post-elements-readmore-btn\">CONOCE SU HISTORIA <\/a><\/div>\n                    <\/div><\/div><\/div>\n        <\/div>\n    <\/article><\/div>\n            <div class=\"clearfix\"><\/div>\n        <\/div>\t\t\t\t<\/div>\n\t\t\t\t\t<\/div>\n\t\t\t\t<\/div>\n\t\t\t\t<\/div>\n\t\t","protected":false},"excerpt":{"rendered":"<p>Las frases del Papa Le\u00f3n han estado llenas de esperanza, previo a la Jornada Mundial del Migrante y Refugiado. En el marco de la 111.\u00aa Jornada Mundial del Migrante y del Refugiado, que se celebrar\u00e1 el pr\u00f3ximo 4 y 5 de octubre de 2025, el Papa Le\u00f3n ha compartido un mensaje lleno de compasi\u00f3n, reflexi\u00f3n [&hellip;]<\/p>\n","protected":false},"author":1,"featured_media":46622,"comment_status":"open","ping_status":"open","sticky":false,"template":"","format":"standard","meta":{"_acf_changed":false,"_eb_attr":"","footnotes":""},"categories":[54,280],"tags":[],"class_list":["post-40621","post","type-post","status-publish","format-standard","has-post-thumbnail","hentry","category-estamos-unidos","category-noticias"],"acf":[],"aioseo_notices":[],"aioseo_head":"\n\t\t<!-- All in One SEO Pro 4.9.6.2 - aioseo.com -->\n\t<meta name=\"description\" content=\"El Papa Franciscoinaugur\u00f3 en 2019 el monumento \u00c1ngeles sin Saberlo, en honor a los migrantes de todo el mundo. El cual tiene una copia en Washington D.C.\" \/>\n\t<meta name=\"robots\" content=\"max-snippet:-1, max-image-preview:large, max-video-preview:-1\" \/>\n\t<meta name=\"author\" content=\"Marysabel Aldana\"\/>\n\t<link rel=\"canonical\" href=\"https:\/\/soymigrante.com\/revista\/monumento-a-los-migrantes-papa-francisco-roma-washington\/\" \/>\n\t<meta name=\"generator\" content=\"All in One SEO Pro (AIOSEO) 4.9.6.2\" \/>\n\n\t\t<link rel=\"preconnect\" href=\"https:\/\/fonts.googleapis.com\" crossorigin>\n<link rel=\"preconnect\" href=\"https:\/\/fonts.gstatic.com\" crossorigin>\n\t\t<meta property=\"og:locale\" content=\"es_ES\" \/>\n\t\t<meta property=\"og:site_name\" content=\"SoyMigrante.com REVISTA \u2013 Nuestra misi\u00f3n es reconocer y dignificar al migrante.\" \/>\n\t\t<meta property=\"og:type\" content=\"article\" \/>\n\t\t<meta property=\"og:title\" content=\"El monumento a los migrantes que el papa Francisco impuls\u00f3\" \/>\n\t\t<meta property=\"og:description\" content=\"El Papa Franciscoinaugur\u00f3 en 2019 el monumento \u00c1ngeles sin Saberlo, en honor a los migrantes de todo el mundo. El cual tiene una copia en Washington D.C.\" \/>\n\t\t<meta property=\"og:url\" content=\"https:\/\/soymigrante.com\/revista\/monumento-a-los-migrantes-papa-francisco-roma-washington\/\" \/>\n\t\t<meta property=\"og:image\" content=\"https:\/\/soymigrante.com\/revista\/wp-content\/uploads\/2025\/04\/9f5dcb0beaf0cd72f751154782868bec_XL.webp\" \/>\n\t\t<meta property=\"og:image:secure_url\" content=\"https:\/\/soymigrante.com\/revista\/wp-content\/uploads\/2025\/04\/9f5dcb0beaf0cd72f751154782868bec_XL.webp\" \/>\n\t\t<meta property=\"og:image:width\" content=\"504\" \/>\n\t\t<meta property=\"og:image:height\" content=\"504\" \/>\n\t\t<meta property=\"article:published_time\" content=\"2025-04-22T10:00:00+00:00\" \/>\n\t\t<meta property=\"article:modified_time\" content=\"2025-04-22T02:28:44+00:00\" \/>\n\t\t<meta property=\"article:publisher\" content=\"https:\/\/www.facebook.com\/soymigrantecom\" \/>\n\t\t<meta name=\"twitter:card\" content=\"summary_large_image\" \/>\n\t\t<meta name=\"twitter:site\" content=\"@SoyMigrante_com\" \/>\n\t\t<meta name=\"twitter:title\" content=\"El monumento a los migrantes que el papa Francisco impuls\u00f3\" \/>\n\t\t<meta name=\"twitter:description\" content=\"El Papa Franciscoinaugur\u00f3 en 2019 el monumento \u00c1ngeles sin Saberlo, en honor a los migrantes de todo el mundo. El cual tiene una copia en Washington D.C.\" \/>\n\t\t<meta name=\"twitter:creator\" content=\"@SoyMigrante_com\" \/>\n\t\t<meta name=\"twitter:image\" content=\"https:\/\/soymigrante.com\/revista\/wp-content\/uploads\/2025\/04\/9f5dcb0beaf0cd72f751154782868bec_XL.webp\" \/>\n\t\t<!-- All in One SEO Pro -->\r\n\t\t<title>El monumento a los migrantes que el papa Francisco impuls\u00f3<\/title>\n\n","aioseo_head_json":{"title":"El monumento a los migrantes que el papa Francisco impuls\u00f3","description":"El Papa Franciscoinaugur\u00f3 en 2019 el monumento \u00c1ngeles sin Saberlo, en honor a los migrantes de todo el mundo. El cual tiene una copia en Washington D.C.","canonical_url":"https:\/\/soymigrante.com\/revista\/monumento-a-los-migrantes-papa-francisco-roma-washington\/","robots":"max-snippet:-1, max-image-preview:large, max-video-preview:-1","keywords":"","webmasterTools":{"miscellaneous":"&lt;link rel=\"preconnect\" href=\"https:\/\/fonts.googleapis.com\" crossorigin&gt;\n&lt;link rel=\"preconnect\" href=\"https:\/\/fonts.gstatic.com\" crossorigin&gt;"},"schema":null,"og:locale":"es_ES","og:site_name":"SoyMigrante.com REVISTA \u2013 Nuestra misi\u00f3n es reconocer y dignificar al migrante.","og:type":"article","og:title":"El monumento a los migrantes que el papa Francisco impuls\u00f3","og:description":"El Papa Franciscoinaugur\u00f3 en 2019 el monumento \u00c1ngeles sin Saberlo, en honor a los migrantes de todo el mundo. El cual tiene una copia en Washington D.C.","og:url":"https:\/\/soymigrante.com\/revista\/monumento-a-los-migrantes-papa-francisco-roma-washington\/","og:image":"https:\/\/soymigrante.com\/revista\/wp-content\/uploads\/2025\/04\/9f5dcb0beaf0cd72f751154782868bec_XL.webp","og:image:secure_url":"https:\/\/soymigrante.com\/revista\/wp-content\/uploads\/2025\/04\/9f5dcb0beaf0cd72f751154782868bec_XL.webp","og:image:width":504,"og:image:height":504,"article:published_time":"2025-04-22T10:00:00+00:00","article:modified_time":"2025-04-22T02:28:44+00:00","article:publisher":"https:\/\/www.facebook.com\/soymigrantecom","twitter:card":"summary_large_image","twitter:site":"@SoyMigrante_com","twitter:title":"El monumento a los migrantes que el papa Francisco impuls\u00f3","twitter:description":"El Papa Franciscoinaugur\u00f3 en 2019 el monumento \u00c1ngeles sin Saberlo, en honor a los migrantes de todo el mundo. El cual tiene una copia en Washington D.C.","twitter:creator":"@SoyMigrante_com","twitter:image":"https:\/\/soymigrante.com\/revista\/wp-content\/uploads\/2025\/04\/9f5dcb0beaf0cd72f751154782868bec_XL.webp"},"aioseo_meta_data":{"post_id":"40621","title":null,"description":"La 111 Jornada Mundial del Migrante y el Refugiado se conmemorar\u00e1 este 4 y 5 de octubre. El Papa Le\u00f3n XIV lanz\u00f3 un llamado a la solidaridad.","keywords":null,"keyphrases":{"focus":{"keyphrase":"le\u00f3n","score":100,"analysis":{"keyphraseInTitle":{"score":9,"maxScore":9,"error":0},"keyphraseInDescription":{"score":9,"maxScore":9,"error":0},"keyphraseLength":{"score":9,"maxScore":9,"error":0,"length":2},"keyphraseInURL":{"score":5,"maxScore":5,"error":0},"keyphraseInIntroduction":{"score":9,"maxScore":9,"error":0},"keyphraseInSubHeadings":{"score":9,"maxScore":9,"error":0},"keyphraseInImageAlt":{"score":9,"maxScore":9,"error":0},"keywordDensity":{"type":"best","score":9,"maxScore":9,"error":0}}},"additional":[{"keyphrase":"migrante","score":100,"analysis":{"keyphraseInDescription":{"score":9,"maxScore":9,"error":0},"keyphraseLength":{"score":9,"maxScore":9,"error":0,"length":1},"keyphraseInIntroduction":{"score":9,"maxScore":9,"error":0},"keyphraseInImageAlt":{"score":9,"maxScore":9,"error":0},"keywordDensity":{"type":"best","score":9,"maxScore":9,"error":0}}},{"keyphrase":"refugiado","score":100,"analysis":{"keyphraseInDescription":{"score":9,"maxScore":9,"error":0},"keyphraseLength":{"score":9,"maxScore":9,"error":0,"length":1},"keyphraseInIntroduction":{"score":9,"maxScore":9,"error":0},"keyphraseInImageAlt":{"score":9,"maxScore":9,"error":0},"keywordDensity":{"type":"best","score":9,"maxScore":9,"error":0}}}]},"primary_term":null,"canonical_url":null,"og_title":null,"og_description":null,"og_object_type":"default","og_image_type":"default","og_image_url":null,"og_image_width":null,"og_image_height":null,"og_image_custom_url":null,"og_image_custom_fields":null,"og_video":"","og_custom_url":null,"og_article_section":null,"og_article_tags":null,"twitter_use_og":false,"twitter_card":"default","twitter_image_type":"default","twitter_image_url":null,"twitter_image_custom_url":null,"twitter_image_custom_fields":null,"twitter_title":null,"twitter_description":null,"schema":{"blockGraphs":[],"customGraphs":[],"default":{"data":{"Article":[],"Course":[],"Dataset":[],"FAQPage":[],"Movie":[],"Person":[],"Product":[],"ProductReview":[],"Car":[],"Recipe":[],"Service":[],"SoftwareApplication":[],"WebPage":[]},"graphName":"none","isEnabled":true},"graphs":[]},"schema_type":"default","schema_type_options":null,"pillar_content":false,"robots_default":true,"robots_noindex":false,"robots_noarchive":false,"robots_nosnippet":false,"robots_nofollow":false,"robots_noimageindex":false,"robots_noodp":false,"robots_notranslate":false,"robots_max_snippet":"-1","robots_max_videopreview":"-1","robots_max_imagepreview":"large","priority":null,"frequency":"default","local_seo":null,"seo_analyzer_scan_date":"2025-10-09 09:03:34","breadcrumb_settings":null,"limit_modified_date":false,"reviewed_by":"0","open_ai":null,"ai":{"faqs":[],"keyPoints":[],"titles":[],"descriptions":[],"socialPosts":{"email":[],"linkedin":[],"twitter":[],"facebook":[],"instagram":[]}},"created":"2025-07-28 18:21:52","updated":"2026-02-05 06:11:10"},"aioseo_breadcrumb":"<div class=\"aioseo-breadcrumbs\"><span class=\"aioseo-breadcrumb\">\n\t<a href=\"https:\/\/soymigrante.com\/revista\" title=\"Home\">Home<\/a>\n<\/span><span class=\"aioseo-breadcrumb-separator\">\u00bb<\/span><span class=\"aioseo-breadcrumb\">\n\t<a href=\"https:\/\/soymigrante.com\/revista\/category\/estamos-unidos\/\" title=\"Estamos Unidos\">Estamos Unidos<\/a>\n<\/span><span class=\"aioseo-breadcrumb-separator\">\u00bb<\/span><span class=\"aioseo-breadcrumb\">\n\tJornada del Migrante 2025: Siete frases del mensaje del papa Le\u00f3n XIV\n<\/span><\/div>","aioseo_breadcrumb_json":[{"label":"Home","link":"https:\/\/soymigrante.com\/revista"},{"label":"Estamos Unidos","link":"https:\/\/soymigrante.com\/revista\/category\/estamos-unidos\/"},{"label":"Jornada del Migrante 2025: Siete frases del mensaje del papa Le\u00f3n XIV","link":"https:\/\/soymigrante.com\/revista\/7-frases-del-mensaje-del-papa-leon-xiv-con-motivo-de-la-jornada-del-migrante-2025\/"}],"_links":{"self":[{"href":"https:\/\/soymigrante.com\/revista\/wp-json\/wp\/v2\/posts\/40621","targetHints":{"allow":["GET"]}}],"collection":[{"href":"https:\/\/soymigrante.com\/revista\/wp-json\/wp\/v2\/posts"}],"about":[{"href":"https:\/\/soymigrante.com\/revista\/wp-json\/wp\/v2\/types\/post"}],"author":[{"embeddable":true,"href":"https:\/\/soymigrante.com\/revista\/wp-json\/wp\/v2\/users\/1"}],"replies":[{"embeddable":true,"href":"https:\/\/soymigrante.com\/revista\/wp-json\/wp\/v2\/comments?post=40621"}],"version-history":[{"count":16,"href":"https:\/\/soymigrante.com\/revista\/wp-json\/wp\/v2\/posts\/40621\/revisions"}],"predecessor-version":[{"id":46660,"href":"https:\/\/soymigrante.com\/revista\/wp-json\/wp\/v2\/posts\/40621\/revisions\/46660"}],"wp:featuredmedia":[{"embeddable":true,"href":"https:\/\/soymigrante.com\/revista\/wp-json\/wp\/v2\/media\/46622"}],"wp:attachment":[{"href":"https:\/\/soymigrante.com\/revista\/wp-json\/wp\/v2\/media?parent=40621"}],"wp:term":[{"taxonomy":"category","embeddable":true,"href":"https:\/\/soymigrante.com\/revista\/wp-json\/wp\/v2\/categories?post=40621"},{"taxonomy":"post_tag","embeddable":true,"href":"https:\/\/soymigrante.com\/revista\/wp-json\/wp\/v2\/tags?post=40621"}],"curies":[{"name":"wp","href":"https:\/\/api.w.org\/{rel}","templated":true}]}}