{"id":40598,"date":"2025-07-28T07:14:17","date_gmt":"2025-07-28T13:14:17","guid":{"rendered":"https:\/\/soymigrante.com\/revista\/?p=40598"},"modified":"2025-07-28T07:33:03","modified_gmt":"2025-07-28T13:33:03","slug":"rabin-ajaw-2025-mireily-chan-jubilo-en-su-natal-san-cristobal-totonicapan","status":"publish","type":"post","link":"https:\/\/soymigrante.com\/revista\/rabin-ajaw-2025-mireily-chan-jubilo-en-su-natal-san-cristobal-totonicapan\/","title":{"rendered":"Rabin Ajaw 2025 Mireily Chan: j\u00fabilo en su natal San Crist\u00f3bal Totonicap\u00e1n"},"content":{"rendered":"\t\t<div data-elementor-type=\"wp-post\" data-elementor-id=\"40598\" class=\"elementor elementor-40598\" data-elementor-post-type=\"post\">\n\t\t\t\t<div data-particle_enable=\"false\" data-particle-mobile-disabled=\"false\" class=\"elementor-element elementor-element-95f261b e-flex e-con-boxed e-con e-parent\" data-id=\"95f261b\" data-element_type=\"container\" data-e-type=\"container\">\n\t\t\t\t\t<div class=\"e-con-inner\">\n\t\t\t\t<div class=\"elementor-element elementor-element-a7654c3 elementor-widget elementor-widget-heading\" data-id=\"a7654c3\" data-element_type=\"widget\" data-e-type=\"widget\" data-widget_type=\"heading.default\">\n\t\t\t\t\t<h2 class=\"elementor-heading-title elementor-size-default\">Con alegr\u00eda, el pueblo de San Crist\u00f3bal Totonicap\u00e1n, dio la bienvenida a Mireily Chan Cocinero, electa Rabin Ajaw - Hija del Rey 2025-2026 en el Festival de Cob\u00e1n.<\/h2>\t\t\t\t<\/div>\n\t\t\t\t\t<\/div>\n\t\t\t\t<\/div>\n\t\t<div data-particle_enable=\"false\" data-particle-mobile-disabled=\"false\" class=\"elementor-element elementor-element-7692f56 e-flex e-con-boxed e-con e-parent\" data-id=\"7692f56\" data-element_type=\"container\" data-e-type=\"container\">\n\t\t\t\t\t<div class=\"e-con-inner\">\n\t\t\t\t<div class=\"elementor-element elementor-element-da9a9a1 elementor-widget elementor-widget-text-editor\" data-id=\"da9a9a1\" data-element_type=\"widget\" data-e-type=\"widget\" data-widget_type=\"text-editor.default\">\n\t\t\t\t\t\t\t\t\t<p>En\u00a0 1972 fue electa la primera <a href=\"https:\/\/soymigrante.com\/revista\/princesa-rabin-ajaw-en-coban-alta-verapaz-que-requisitos-deben-cumplir-las-participantes\/\">Rabin Ajaw,<\/a> Hija del Rey, originaria de San Crist\u00f3bal Totonicap\u00e1n, departamento de <a href=\"https:\/\/soymigrante.com\/revista\/departamentos-de-guatemala-totonicapan-la-tierra-del-gran-atanasio-tzul\/\">Totonicap\u00e1n<\/a>. Pasaron 53 a\u00f1os para que la corona de plata con colas de quetzal regresara a este pueblo maya k&#8217;iche&#8217; que la noche del 27 de junio celebr\u00f3 la llegada de Josselin Mireily Chan Cocinero, electa <a href=\"https:\/\/soymigrante.com\/revista\/princesa-rabin-ajaw-en-coban-alta-verapaz-que-requisitos-deben-cumplir-las-participantes\/\">Rabin Ajaw <\/a>2025-26 en el Festival de Cob\u00e1n, <a href=\"https:\/\/soymigrante.com\/revista\/departamentos-de-guatemala-alta-verapaz-mosaico-cultural-y-natural\/\">Alta Verapaz,<\/a> la madrugada de ese mismo d\u00eda.\u00a0<\/p><p>Mireily Chan tiene 19 a\u00f1os y se convierte en s\u00edmbolo de orgullo para su municipio y su departamento. Es estudiante de la Licenciatura en Administraci\u00f3n de Empresas, habla con fluidez el idioma k\u2019iche\u2019 y el espa\u00f1ol, y representa con dignidad al \u201cvalle de la felicidad\u201d, como se le conoce a San Crist\u00f3bal Totonicap\u00e1n. Es hija de don Juan Agust\u00edn Chan y do\u00f1a Micaela Cocinero.<\/p>\t\t\t\t\t\t\t\t<\/div>\n\t\t\t\t\t<\/div>\n\t\t\t\t<\/div>\n\t\t<div data-particle_enable=\"false\" data-particle-mobile-disabled=\"false\" class=\"elementor-element elementor-element-6fe0e11 e-flex e-con-boxed e-con e-parent\" data-id=\"6fe0e11\" data-element_type=\"container\" data-e-type=\"container\">\n\t\t\t\t\t<div class=\"e-con-inner\">\n\t\t\t\t<div class=\"elementor-element elementor-element-543e5be elementor-widget elementor-widget-image\" data-id=\"543e5be\" data-element_type=\"widget\" data-e-type=\"widget\" data-widget_type=\"image.default\">\n\t\t\t\t\t\t\t\t\t\t\t\t<figure class=\"wp-caption\">\n\t\t\t\t\t\t\t\t\t\t<img fetchpriority=\"high\" decoding=\"async\" width=\"768\" height=\"768\" src=\"https:\/\/soymigrante.com\/revista\/wp-content\/uploads\/2025\/07\/entrega-gratis-envios-soymigrante-mercado-2-1-1024x1024.png\" class=\"attachment-large size-large wp-image-40603\" alt=\"Vestido tradicional ind\u00edgena con adornos coloridos y un tocado elaborado en plata y plumas, representante de la cultura ind\u00edgena en M\u00e9xico.\" srcset=\"https:\/\/soymigrante.com\/revista\/wp-content\/uploads\/2025\/07\/entrega-gratis-envios-soymigrante-mercado-2-1-1024x1024.png 1024w, https:\/\/soymigrante.com\/revista\/wp-content\/uploads\/2025\/07\/entrega-gratis-envios-soymigrante-mercado-2-1-300x300.png 300w, https:\/\/soymigrante.com\/revista\/wp-content\/uploads\/2025\/07\/entrega-gratis-envios-soymigrante-mercado-2-1-150x150.png 150w, https:\/\/soymigrante.com\/revista\/wp-content\/uploads\/2025\/07\/entrega-gratis-envios-soymigrante-mercado-2-1-768x768.png 768w, https:\/\/soymigrante.com\/revista\/wp-content\/uploads\/2025\/07\/entrega-gratis-envios-soymigrante-mercado-2-1-75x75.webp 75w, https:\/\/soymigrante.com\/revista\/wp-content\/uploads\/2025\/07\/entrega-gratis-envios-soymigrante-mercado-2-1-750x750.webp 750w, https:\/\/soymigrante.com\/revista\/wp-content\/uploads\/2025\/07\/entrega-gratis-envios-soymigrante-mercado-2-1.webp 1080w\" sizes=\"(max-width: 768px) 100vw, 768px\" title=\"Cocinero, de San Crist\u00f3bal Verapaz. Recibi\u00f3 las insignias del t\u00edtulo: la corona de plata y jade con colas de quetzal, as\u00ed como una Monja Blanca de plata. \u2013 SoyMigrante.com REVISTA\" \/>\t\t\t\t\t\t\t\t\t\t\t<figcaption class=\"widget-image-caption wp-caption-text\">Mujer con vestimenta cultural tradicional y accesorio ceremonial en celebraci\u00f3n ind\u00edgena en M\u00e9xico.<\/figcaption>\n\t\t\t\t\t\t\t\t\t\t<\/figure>\n\t\t\t\t\t\t\t\t\t<\/div>\n\t\t\t\t\t<\/div>\n\t\t\t\t<\/div>\n\t\t<div data-particle_enable=\"false\" data-particle-mobile-disabled=\"false\" class=\"elementor-element elementor-element-7c1c811 e-flex e-con-boxed e-con e-parent\" data-id=\"7c1c811\" data-element_type=\"container\" data-e-type=\"container\">\n\t\t\t\t\t<div class=\"e-con-inner\">\n\t\t\t\t<div class=\"elementor-element elementor-element-53059a3 elementor-widget elementor-widget-heading\" data-id=\"53059a3\" data-element_type=\"widget\" data-e-type=\"widget\" data-widget_type=\"heading.default\">\n\t\t\t\t\t<h3 class=\"elementor-heading-title elementor-size-default\">Rabin Ajaw 2025 lanza mensaje inspirador<\/h3>\t\t\t\t<\/div>\n\t\t\t\t\t<\/div>\n\t\t\t\t<\/div>\n\t\t<div data-particle_enable=\"false\" data-particle-mobile-disabled=\"false\" class=\"elementor-element elementor-element-c9ad8d6 e-flex e-con-boxed e-con e-parent\" data-id=\"c9ad8d6\" data-element_type=\"container\" data-e-type=\"container\">\n\t\t\t\t\t<div class=\"e-con-inner\">\n\t\t\t\t<div class=\"elementor-element elementor-element-d5b94c8 elementor-widget elementor-widget-text-editor\" data-id=\"d5b94c8\" data-element_type=\"widget\" data-e-type=\"widget\" data-widget_type=\"text-editor.default\">\n\t\t\t\t\t\t\t\t\t<p>&#8220;Como mujeres mayas guatemaltecas tenemos un papel fundamental. En mi caso he buscado ser l\u00edder al implementar proyectos y actividades donde las personas puedan realizarse&#8221;, dijo Mireily durante su participaci\u00f3n en el certamen. &#8220;En mi municipio\u00a0 invito a los j\u00f3venes a tomar el ejemplo de nuestro gran abuelo <a href=\"https:\/\/soymigrante.com\/revista\/silla-de-atanasio-tzul-es-simbolo-de-dignidad-y-libertad\/\">Atanasio Tzul<\/a>&#8220;, dijo recordando al l\u00edder ind\u00edgena que en 1820 se rebel\u00f3 contra impuestos injustos.<\/p><p>Mireily Chan fue elegida Rab\u00edn Ajaw entre 129 candidatas de toda Guatemala en una edici\u00f3n hist\u00f3rica del certamen que este a\u00f1o super\u00f3 el r\u00e9cord de participaci\u00f3n registrado en 2024. La elecci\u00f3n de Rabin Ajaw se celebra anualmente en Cob\u00e1n, Alta Verapaz, donde las representantes atraviesan diversas pruebas de conocimiento, cultura y liderazgo.<\/p>\t\t\t\t\t\t\t\t<\/div>\n\t\t\t\t\t<\/div>\n\t\t\t\t<\/div>\n\t\t<div data-particle_enable=\"false\" data-particle-mobile-disabled=\"false\" class=\"elementor-element elementor-element-5cec9e3 e-flex e-con-boxed e-con e-parent\" data-id=\"5cec9e3\" data-element_type=\"container\" data-e-type=\"container\">\n\t\t\t\t\t<div class=\"e-con-inner\">\n\t\t\t\t<div class=\"elementor-element elementor-element-e4444eb elementor-widget elementor-widget-html\" data-id=\"e4444eb\" data-element_type=\"widget\" data-e-type=\"widget\" data-widget_type=\"html.default\">\n\t\t\t\t\t<iframe width=\"560\" height=\"315\" src=\"https:\/\/www.youtube.com\/embed\/P4ZIXy89ayA?si=_1bYeqyZJjLIj7Ef\" title=\"YouTube video player\" frameborder=\"0\" allow=\"accelerometer; autoplay; clipboard-write; encrypted-media; gyroscope; picture-in-picture; web-share\" referrerpolicy=\"strict-origin-when-cross-origin\" allowfullscreen><\/iframe>\t\t\t\t<\/div>\n\t\t\t\t\t<\/div>\n\t\t\t\t<\/div>\n\t\t<div data-particle_enable=\"false\" data-particle-mobile-disabled=\"false\" class=\"elementor-element elementor-element-b1d7e43 e-flex e-con-boxed e-con e-parent\" data-id=\"b1d7e43\" data-element_type=\"container\" data-e-type=\"container\">\n\t\t\t\t\t<div class=\"e-con-inner\">\n\t\t\t\t<div class=\"elementor-element elementor-element-1d98223 elementor-widget elementor-widget-heading\" data-id=\"1d98223\" data-element_type=\"widget\" data-e-type=\"widget\" data-widget_type=\"heading.default\">\n\t\t\t\t\t<h3 class=\"elementor-heading-title elementor-size-default\">Subida en motobomba entre aplausos<\/h3>\t\t\t\t<\/div>\n\t\t\t\t\t<\/div>\n\t\t\t\t<\/div>\n\t\t<div data-particle_enable=\"false\" data-particle-mobile-disabled=\"false\" class=\"elementor-element elementor-element-fe2a728 e-flex e-con-boxed e-con e-parent\" data-id=\"fe2a728\" data-element_type=\"container\" data-e-type=\"container\">\n\t\t\t\t\t<div class=\"e-con-inner\">\n\t\t\t\t<div class=\"elementor-element elementor-element-57d8815 elementor-widget elementor-widget-text-editor\" data-id=\"57d8815\" data-element_type=\"widget\" data-e-type=\"widget\" data-widget_type=\"text-editor.default\">\n\t\t\t\t\t\t\t\t\t<p>A su llegada a San Crist\u00f3bal Totonicap\u00e1n fue recibida con una caravana de veh\u00edculos y una multitud de coterr\u00e1neos. Recibi\u00f3 abrazos y felicitaciones. Asimismo hubo un acto especial impulsado por la Municipalidad local, en la cual se expuso el gran honor que representa este triunfo. Mireily resalt\u00f3 que todas las candidatas del certamen exponen el liderazgo de los pueblos originarios y pidi\u00f3 a los j\u00f3venes de su comunidad valorar su cultura e idioma materno maya k&#8217;iche&#8217;.<\/p><p>La nueva soberana fue recibida en el cruce de caminos de entrada a su pueblo y transportada en una motobomba del cuerpo local de bomberos. Desde lo alto fue saludando a la multitud que se reuni\u00f3 a lo largo del camino. Posteriormente hubo un acto en la Municipalidad, donde recibi\u00f3 elogios y felicitaciones. Para agosto pr\u00f3ximo se espera un acto especial de coronaci\u00f3n.<\/p>\t\t\t\t\t\t\t\t<\/div>\n\t\t\t\t\t<\/div>\n\t\t\t\t<\/div>\n\t\t<div data-particle_enable=\"false\" data-particle-mobile-disabled=\"false\" class=\"elementor-element elementor-element-e3c60c0 e-flex e-con-boxed e-con e-parent\" data-id=\"e3c60c0\" data-element_type=\"container\" data-e-type=\"container\">\n\t\t\t\t\t<div class=\"e-con-inner\">\n\t\t\t\t<div class=\"elementor-element elementor-element-4c3e4c7 elementor-widget elementor-widget-html\" data-id=\"4c3e4c7\" data-element_type=\"widget\" data-e-type=\"widget\" data-widget_type=\"html.default\">\n\t\t\t\t\t<iframe src=\"https:\/\/www.facebook.com\/plugins\/video.php?height=476&href=https%3A%2F%2Fwww.facebook.com%2F100070844652155%2Fvideos%2F686745714378508%2F&show_text=true&width=267&t=0\" width=\"267\" height=\"591\" style=\"border:none;overflow:hidden\" scrolling=\"no\" frameborder=\"0\" allowfullscreen=\"true\" allow=\"autoplay; clipboard-write; encrypted-media; picture-in-picture; web-share\" allowFullScreen=\"true\"><\/iframe>\t\t\t\t<\/div>\n\t\t\t\t\t<\/div>\n\t\t\t\t<\/div>\n\t\t<div data-particle_enable=\"false\" data-particle-mobile-disabled=\"false\" class=\"elementor-element elementor-element-23246d7 e-flex e-con-boxed e-con e-parent\" data-id=\"23246d7\" data-element_type=\"container\" data-e-type=\"container\">\n\t\t\t\t\t<div class=\"e-con-inner\">\n\t\t\t\t<div class=\"elementor-element elementor-element-79c255f elementor-widget elementor-widget-heading\" data-id=\"79c255f\" data-element_type=\"widget\" data-e-type=\"widget\" data-widget_type=\"heading.default\">\n\t\t\t\t\t<h3 class=\"elementor-heading-title elementor-size-default\">Sobre San Crist\u00f3bal Toto<\/h3>\t\t\t\t<\/div>\n\t\t\t\t\t<\/div>\n\t\t\t\t<\/div>\n\t\t<div data-particle_enable=\"false\" data-particle-mobile-disabled=\"false\" class=\"elementor-element elementor-element-343ee15 e-flex e-con-boxed e-con e-parent\" data-id=\"343ee15\" data-element_type=\"container\" data-e-type=\"container\">\n\t\t\t\t\t<div class=\"e-con-inner\">\n\t\t\t\t<div class=\"elementor-element elementor-element-deb8548 elementor-widget elementor-widget-text-editor\" data-id=\"deb8548\" data-element_type=\"widget\" data-e-type=\"widget\" data-widget_type=\"text-editor.default\">\n\t\t\t\t\t\t\t\t\t<p>San Crist\u00f3bal Totonicap\u00e1n es municipio de <a href=\"https:\/\/soymigrante.com\/revista\/departamentos-de-guatemala-totonicapan-la-tierra-del-gran-atanasio-tzul\/\">Totonicap\u00e1n<\/a>, es un poblado maya k&#8217;iche&#8217; de origen prehisp\u00e1nico que se llam\u00f3 Paxul\u00e1, que significa &#8220;en el lugar de la catarata&#8221;. Fue fundado como ayuntamiento en 1578 y encomendado al patronazgo de San Crist\u00f3bal de Licia, un santo que ayudaba a cruzar a las personas por un caudaloso r\u00edo, pero quien un d\u00eda carg\u00f3 a un ni\u00f1o que pesaba much\u00edsimo y result\u00f3 ser el Ni\u00f1o Jes\u00fas.<\/p><p>San Crist\u00f3bal Toto est\u00e1 en &#8220;el valle de la felicidad&#8221;, como se llama a esa regi\u00f3n entre monta\u00f1as. Tiene 36 kil\u00f3metros cuadrados, productos de hortalizas y artesan\u00edas. A su vez posee uno de los templos coloniales considerado patrimonio cultural de la Naci\u00f3n. De este lugar es originaria la nueva Rabin Ajaw 2025-26<\/p>\t\t\t\t\t\t\t\t<\/div>\n\t\t\t\t\t<\/div>\n\t\t\t\t<\/div>\n\t\t<div data-particle_enable=\"false\" data-particle-mobile-disabled=\"false\" class=\"elementor-element elementor-element-b36abca e-flex e-con-boxed e-con e-parent\" data-id=\"b36abca\" data-element_type=\"container\" data-e-type=\"container\">\n\t\t\t\t\t<div class=\"e-con-inner\">\n\t\t\t\t<div class=\"elementor-element elementor-element-490cd5e elementor-widget elementor-widget-google_maps\" data-id=\"490cd5e\" data-element_type=\"widget\" data-e-type=\"widget\" data-widget_type=\"google_maps.default\">\n\t\t\t\t\t\t\t<div class=\"elementor-custom-embed\">\n\t\t\t<iframe loading=\"lazy\"\n\t\t\t\t\tsrc=\"https:\/\/maps.google.com\/maps?q=San%20Crist%C3%B3bal%20Totonicapan&#038;t=m&#038;z=10&#038;output=embed&#038;iwloc=near\"\n\t\t\t\t\ttitle=\"San Crist\u00f3bal Totonicapan\"\n\t\t\t\t\taria-label=\"San Crist\u00f3bal Totonicapan\"\n\t\t\t><\/iframe>\n\t\t<\/div>\n\t\t\t\t\t\t<\/div>\n\t\t\t\t\t<\/div>\n\t\t\t\t<\/div>\n\t\t<div data-particle_enable=\"false\" data-particle-mobile-disabled=\"false\" class=\"elementor-element elementor-element-a134838 e-flex e-con-boxed e-con e-parent\" data-id=\"a134838\" data-element_type=\"container\" data-e-type=\"container\">\n\t\t\t\t\t<div class=\"e-con-inner\">\n\t\t\t\t<div class=\"elementor-element elementor-element-7f31c41 elementor-widget elementor-widget-heading\" data-id=\"7f31c41\" data-element_type=\"widget\" data-e-type=\"widget\" data-widget_type=\"heading.default\">\n\t\t\t\t\t<h2 class=\"elementor-heading-title elementor-size-default\">Totonicap\u00e1n, tierra de cultura e historia<\/h2>\t\t\t\t<\/div>\n\t\t\t\t\t<\/div>\n\t\t\t\t<\/div>\n\t\t<div data-particle_enable=\"false\" data-particle-mobile-disabled=\"false\" class=\"elementor-element elementor-element-96070e1 e-flex e-con-boxed e-con e-parent\" data-id=\"96070e1\" data-element_type=\"container\" data-e-type=\"container\">\n\t\t\t\t\t<div class=\"e-con-inner\">\n\t\t\t\t<div class=\"elementor-element elementor-element-b15dcbb elementor-grid-eael-col-3 elementor-grid-tablet-eael-col-2 elementor-grid-mobile-eael-col-1 elementor-invisible elementor-widget elementor-widget-eael-post-grid\" data-id=\"b15dcbb\" data-element_type=\"widget\" data-e-type=\"widget\" data-settings=\"{&quot;eael_post_grid_columns&quot;:&quot;eael-col-3&quot;,&quot;_animation&quot;:&quot;rollIn&quot;,&quot;eael_post_grid_columns_tablet&quot;:&quot;eael-col-2&quot;,&quot;eael_post_grid_columns_mobile&quot;:&quot;eael-col-1&quot;}\" data-widget_type=\"eael-post-grid.default\">\n\t\t\t\t\t<div id=\"eael-post-grid-b15dcbb\" class=\"eael-post-grid-container\">\n            <div class=\"eael-post-grid eael-post-appender eael-post-appender-b15dcbb eael-post-grid-style-one\" data-layout-mode=\"masonry\"><article class=\"eael-grid-post  eael-post-grid-column eael-pg-post-21861 category-guate-nuestra tags-mercado-emprendedores\" data-id=\"21861\">\n        <div class=\"eael-grid-post-holder\">\n            <div class=\"eael-grid-post-holder-inner\"><div class=\"eael-entry-media\"><div class=\"eael-entry-overlay fade-in\"><i class=\"far fa-hand-pointer\" aria-hidden=\"true\"><\/i><a href=\"https:\/\/soymigrante.com\/revista\/a-b-galeria-de-geovani-batz-colorido-creatividad-y-tradicion-de-totonicapan-esta-en-mercado\/\"><\/a><\/div><div class=\"eael-entry-thumbnail \">\n                <img decoding=\"async\" width=\"921\" height=\"921\" src=\"https:\/\/soymigrante.com\/revista\/wp-content\/uploads\/2025\/01\/Geovani-Batz-e-hijo-1.webp\" class=\"attachment-large size-large wp-image-21905\" alt=\"Profesionales m\u00fasicos latinoamericanos en un evento cultural, tocando instrumentos tradicionales y participando en actividades art\u00edsticas en un entorno vibrante y colorido.\" srcset=\"https:\/\/soymigrante.com\/revista\/wp-content\/uploads\/2025\/01\/Geovani-Batz-e-hijo-1.webp 921w, https:\/\/soymigrante.com\/revista\/wp-content\/uploads\/2025\/01\/Geovani-Batz-e-hijo-1-300x300.jpeg 300w, https:\/\/soymigrante.com\/revista\/wp-content\/uploads\/2025\/01\/Geovani-Batz-e-hijo-1-150x150.jpeg 150w, https:\/\/soymigrante.com\/revista\/wp-content\/uploads\/2025\/01\/Geovani-Batz-e-hijo-1-768x768.jpeg 768w, https:\/\/soymigrante.com\/revista\/wp-content\/uploads\/2025\/01\/Geovani-Batz-e-hijo-1-75x75.webp 75w, https:\/\/soymigrante.com\/revista\/wp-content\/uploads\/2025\/01\/Geovani-Batz-e-hijo-1-750x750.webp 750w\" sizes=\"(max-width: 921px) 100vw, 921px\" \/>\n            <\/div>\n        <\/div><div class=\"eael-entry-wrapper\"><header class=\"eael-entry-header\"><h2 class=\"eael-entry-title\"><a class=\"eael-grid-post-link\" href=\"https:\/\/soymigrante.com\/revista\/a-b-galeria-de-geovani-batz-colorido-creatividad-y-tradicion-de-totonicapan-esta-en-mercado\/\" title=\"B A Galer\u00eda de Geovani Batz: colorido, creatividad y tradici\u00f3n de Totonicap\u00e1n est\u00e1 en MERCADO\">B A Galer\u00eda de Geovani Batz: colorido, creatividad y tradici\u00f3n de Totonicap\u00e1n est\u00e1 en MERCADO<\/a><\/h2><\/header><div class=\"eael-entry-content\">\n                        <div class=\"eael-grid-post-excerpt\"><a href=\"https:\/\/soymigrante.com\/revista\/a-b-galeria-de-geovani-batz-colorido-creatividad-y-tradicion-de-totonicapan-esta-en-mercado\/\" class=\"eael-post-elements-readmore-btn\">CONOCE SU HISTORIA <\/a><\/div>\n                    <\/div><\/div><\/div>\n        <\/div>\n    <\/article><article class=\"eael-grid-post  eael-post-grid-column eael-pg-post-5083 category-guate-nuestra\" data-id=\"5083\">\n        <div class=\"eael-grid-post-holder\">\n            <div class=\"eael-grid-post-holder-inner\"><div class=\"eael-entry-media\"><div class=\"eael-entry-overlay fade-in\"><i class=\"far fa-hand-pointer\" aria-hidden=\"true\"><\/i><a href=\"https:\/\/soymigrante.com\/revista\/silla-de-atanasio-tzul-es-simbolo-de-dignidad-y-libertad\/\"><\/a><\/div><div class=\"eael-entry-thumbnail \">\n                <img decoding=\"async\" width=\"789\" height=\"672\" src=\"https:\/\/soymigrante.com\/revista\/wp-content\/uploads\/2024\/02\/atas.webp\" class=\"attachment-large size-large wp-image-5113\" alt=\"\" srcset=\"https:\/\/soymigrante.com\/revista\/wp-content\/uploads\/2024\/02\/atas.webp 789w, https:\/\/soymigrante.com\/revista\/wp-content\/uploads\/2024\/02\/atas-300x256.webp 300w, https:\/\/soymigrante.com\/revista\/wp-content\/uploads\/2024\/02\/atas-768x654.webp 768w, https:\/\/soymigrante.com\/revista\/wp-content\/uploads\/2024\/02\/atas-750x639.webp 750w\" sizes=\"(max-width: 789px) 100vw, 789px\" \/>\n            <\/div>\n        <\/div><div class=\"eael-entry-wrapper\"><header class=\"eael-entry-header\"><h2 class=\"eael-entry-title\"><a class=\"eael-grid-post-link\" href=\"https:\/\/soymigrante.com\/revista\/silla-de-atanasio-tzul-es-simbolo-de-dignidad-y-libertad\/\" title=\"La silla de Atanasio Tzul es s\u00edmbolo de dignidad, resiliencia y libertad\">La silla de Atanasio Tzul es s\u00edmbolo de dignidad, resiliencia y libertad<\/a><\/h2><\/header><div class=\"eael-entry-content\">\n                        <div class=\"eael-grid-post-excerpt\"><a href=\"https:\/\/soymigrante.com\/revista\/silla-de-atanasio-tzul-es-simbolo-de-dignidad-y-libertad\/\" class=\"eael-post-elements-readmore-btn\">CONOCE SU HISTORIA <\/a><\/div>\n                    <\/div><\/div><\/div>\n        <\/div>\n    <\/article><article class=\"eael-grid-post  eael-post-grid-column eael-pg-post-1523 category-guate-nuestra\" data-id=\"1523\">\n        <div class=\"eael-grid-post-holder\">\n            <div class=\"eael-grid-post-holder-inner\"><div class=\"eael-entry-media\"><div class=\"eael-entry-overlay fade-in\"><i class=\"far fa-hand-pointer\" aria-hidden=\"true\"><\/i><a href=\"https:\/\/soymigrante.com\/revista\/un-recuerdo-para-tener-presente-a-la-eterna-primavera\/\"><\/a><\/div><div class=\"eael-entry-thumbnail \">\n                <img loading=\"lazy\" decoding=\"async\" width=\"1024\" height=\"683\" src=\"https:\/\/soymigrante.com\/revista\/wp-content\/uploads\/2023\/06\/La-madera-tambien-es-intervenida-por-artesanos-locales-1024x683.webp\" class=\"attachment-large size-large wp-image-1531\" alt=\"\" srcset=\"https:\/\/soymigrante.com\/revista\/wp-content\/uploads\/2023\/06\/La-madera-tambien-es-intervenida-por-artesanos-locales-1024x683.webp 1024w, https:\/\/soymigrante.com\/revista\/wp-content\/uploads\/2023\/06\/La-madera-tambien-es-intervenida-por-artesanos-locales-300x200.webp 300w, https:\/\/soymigrante.com\/revista\/wp-content\/uploads\/2023\/06\/La-madera-tambien-es-intervenida-por-artesanos-locales-768x512.webp 768w, https:\/\/soymigrante.com\/revista\/wp-content\/uploads\/2023\/06\/La-madera-tambien-es-intervenida-por-artesanos-locales-750x500.webp 750w, https:\/\/soymigrante.com\/revista\/wp-content\/uploads\/2023\/06\/La-madera-tambien-es-intervenida-por-artesanos-locales-1140x760.webp 1140w, https:\/\/soymigrante.com\/revista\/wp-content\/uploads\/2023\/06\/La-madera-tambien-es-intervenida-por-artesanos-locales-600x400.webp 600w, https:\/\/soymigrante.com\/revista\/wp-content\/uploads\/2023\/06\/La-madera-tambien-es-intervenida-por-artesanos-locales.webp 1200w\" sizes=\"(max-width: 1024px) 100vw, 1024px\" \/>\n            <\/div>\n        <\/div><div class=\"eael-entry-wrapper\"><header class=\"eael-entry-header\"><h2 class=\"eael-entry-title\"><a class=\"eael-grid-post-link\" href=\"https:\/\/soymigrante.com\/revista\/un-recuerdo-para-tener-presente-a-la-eterna-primavera\/\" title=\"Un paseo por el ingenio  artesanal en Totonicap\u00e1n\">Un paseo por el ingenio  artesanal en Totonicap\u00e1n<\/a><\/h2><\/header><div class=\"eael-entry-content\">\n                        <div class=\"eael-grid-post-excerpt\"><a href=\"https:\/\/soymigrante.com\/revista\/un-recuerdo-para-tener-presente-a-la-eterna-primavera\/\" class=\"eael-post-elements-readmore-btn\">CONOCE SU HISTORIA <\/a><\/div>\n                    <\/div><\/div><\/div>\n        <\/div>\n    <\/article><\/div>\n            <div class=\"clearfix\"><\/div>\n        <\/div>\t\t\t\t<\/div>\n\t\t\t\t\t<\/div>\n\t\t\t\t<\/div>\n\t\t\t\t<\/div>\n\t\t","protected":false},"excerpt":{"rendered":"<p>Con alegr\u00eda, el pueblo de San Crist\u00f3bal Totonicap\u00e1n, dio la bienvenida a Mireily Chan Cocinero, electa Rabin Ajaw &#8211; Hija del Rey 2025-2026 en el Festival de Cob\u00e1n. En\u00a0 1972 fue electa la primera Rabin Ajaw, Hija del Rey, originaria de San Crist\u00f3bal Totonicap\u00e1n, departamento de Totonicap\u00e1n. Pasaron 53 a\u00f1os para que la corona de [&hellip;]<\/p>\n","protected":false},"author":7,"featured_media":40599,"comment_status":"open","ping_status":"open","sticky":false,"template":"","format":"standard","meta":{"_acf_changed":false,"_eb_attr":"","footnotes":""},"categories":[58],"tags":[],"class_list":["post-40598","post","type-post","status-publish","format-standard","has-post-thumbnail","hentry","category-guate-nuestra"],"acf":[],"aioseo_notices":[],"aioseo_head":"\n\t\t<!-- All in One SEO Pro 4.9.6.2 - aioseo.com -->\n\t<meta name=\"description\" content=\"Tazas para caldo, chirmoleras, ollas, pitos, alcanc\u00edas y llaveros son productos de gran utilidad y simbolismo elaborados por artesanos guatemaltecos y que son el recuerdo perfecto para muchos migrantes. Son creaciones artesanales en serie pero cada una tiene su propio detalle especial. Eso es lo que hace tan atractivos y representativos los objetos decorativos, utilitarios,\" \/>\n\t<meta name=\"robots\" content=\"max-snippet:-1, max-image-preview:large, max-video-preview:-1\" \/>\n\t<meta name=\"author\" content=\"Diana Batz\"\/>\n\t<link rel=\"canonical\" href=\"https:\/\/soymigrante.com\/revista\/un-recuerdo-para-tener-presente-a-la-eterna-primavera\/\" \/>\n\t<meta name=\"generator\" content=\"All in One SEO Pro (AIOSEO) 4.9.6.2\" \/>\n\n\t\t<link rel=\"preconnect\" href=\"https:\/\/fonts.googleapis.com\" crossorigin>\n<link rel=\"preconnect\" href=\"https:\/\/fonts.gstatic.com\" crossorigin>\n\t\t<meta property=\"og:locale\" content=\"es_ES\" \/>\n\t\t<meta property=\"og:site_name\" content=\"SoyMigrante.com REVISTA \u2013 Nuestra misi\u00f3n es reconocer y dignificar al migrante.\" \/>\n\t\t<meta property=\"og:type\" content=\"article\" \/>\n\t\t<meta property=\"og:title\" content=\"Un paseo por el ingenio artesanal en Totonicap\u00e1n\" \/>\n\t\t<meta property=\"og:description\" content=\"Tazas para caldo, chirmoleras, ollas, pitos, alcanc\u00edas y llaveros son productos de gran utilidad y simbolismo elaborados por artesanos guatemaltecos y que son el recuerdo perfecto para muchos migrantes. Son creaciones artesanales en serie pero cada una tiene su propio detalle especial. Eso es lo que hace tan atractivos y representativos los objetos decorativos, utilitarios,\" \/>\n\t\t<meta property=\"og:url\" content=\"https:\/\/soymigrante.com\/revista\/un-recuerdo-para-tener-presente-a-la-eterna-primavera\/\" \/>\n\t\t<meta property=\"og:image\" content=\"https:\/\/soymigrante.com\/revista\/wp-content\/uploads\/2023\/06\/La-madera-tambien-es-intervenida-por-artesanos-locales.webp\" \/>\n\t\t<meta property=\"og:image:secure_url\" content=\"https:\/\/soymigrante.com\/revista\/wp-content\/uploads\/2023\/06\/La-madera-tambien-es-intervenida-por-artesanos-locales.webp\" \/>\n\t\t<meta property=\"og:image:width\" content=\"1200\" \/>\n\t\t<meta property=\"og:image:height\" content=\"800\" \/>\n\t\t<meta property=\"article:published_time\" content=\"2023-06-21T20:08:32+00:00\" \/>\n\t\t<meta property=\"article:modified_time\" content=\"2024-07-31T21:32:20+00:00\" \/>\n\t\t<meta property=\"article:publisher\" content=\"https:\/\/www.facebook.com\/soymigrantecom\" \/>\n\t\t<meta name=\"twitter:card\" content=\"summary_large_image\" \/>\n\t\t<meta name=\"twitter:site\" content=\"@SoyMigrante_com\" \/>\n\t\t<meta name=\"twitter:title\" content=\"Un paseo por el ingenio artesanal en Totonicap\u00e1n\" \/>\n\t\t<meta name=\"twitter:description\" content=\"Tazas para caldo, chirmoleras, ollas, pitos, alcanc\u00edas y llaveros son productos de gran utilidad y simbolismo elaborados por artesanos guatemaltecos y que son el recuerdo perfecto para muchos migrantes. Son creaciones artesanales en serie pero cada una tiene su propio detalle especial. Eso es lo que hace tan atractivos y representativos los objetos decorativos, utilitarios,\" \/>\n\t\t<meta name=\"twitter:creator\" content=\"@SoyMigrante_com\" \/>\n\t\t<meta name=\"twitter:image\" content=\"https:\/\/soymigrante.com\/revista\/wp-content\/uploads\/2023\/06\/La-madera-tambien-es-intervenida-por-artesanos-locales.webp\" \/>\n\t\t<!-- All in One SEO Pro -->\r\n\t\t<title>Un paseo por el ingenio artesanal en Totonicap\u00e1n<\/title>\n\n","aioseo_head_json":{"title":"Un paseo por el ingenio artesanal en Totonicap\u00e1n","description":"Tazas para caldo, chirmoleras, ollas, pitos, alcanc\u00edas y llaveros son productos de gran utilidad y simbolismo elaborados por artesanos guatemaltecos y que son el recuerdo perfecto para muchos migrantes. Son creaciones artesanales en serie pero cada una tiene su propio detalle especial. Eso es lo que hace tan atractivos y representativos los objetos decorativos, utilitarios,","canonical_url":"https:\/\/soymigrante.com\/revista\/un-recuerdo-para-tener-presente-a-la-eterna-primavera\/","robots":"max-snippet:-1, max-image-preview:large, max-video-preview:-1","keywords":"","webmasterTools":{"miscellaneous":"&lt;link rel=\"preconnect\" href=\"https:\/\/fonts.googleapis.com\" crossorigin&gt;\n&lt;link rel=\"preconnect\" href=\"https:\/\/fonts.gstatic.com\" crossorigin&gt;"},"schema":null,"og:locale":"es_ES","og:site_name":"SoyMigrante.com REVISTA \u2013 Nuestra misi\u00f3n es reconocer y dignificar al migrante.","og:type":"article","og:title":"Un paseo por el ingenio artesanal en Totonicap\u00e1n","og:description":"Tazas para caldo, chirmoleras, ollas, pitos, alcanc\u00edas y llaveros son productos de gran utilidad y simbolismo elaborados por artesanos guatemaltecos y que son el recuerdo perfecto para muchos migrantes. Son creaciones artesanales en serie pero cada una tiene su propio detalle especial. Eso es lo que hace tan atractivos y representativos los objetos decorativos, utilitarios,","og:url":"https:\/\/soymigrante.com\/revista\/un-recuerdo-para-tener-presente-a-la-eterna-primavera\/","og:image":"https:\/\/soymigrante.com\/revista\/wp-content\/uploads\/2023\/06\/La-madera-tambien-es-intervenida-por-artesanos-locales.webp","og:image:secure_url":"https:\/\/soymigrante.com\/revista\/wp-content\/uploads\/2023\/06\/La-madera-tambien-es-intervenida-por-artesanos-locales.webp","og:image:width":1200,"og:image:height":800,"article:published_time":"2023-06-21T20:08:32+00:00","article:modified_time":"2024-07-31T21:32:20+00:00","article:publisher":"https:\/\/www.facebook.com\/soymigrantecom","twitter:card":"summary_large_image","twitter:site":"@SoyMigrante_com","twitter:title":"Un paseo por el ingenio artesanal en Totonicap\u00e1n","twitter:description":"Tazas para caldo, chirmoleras, ollas, pitos, alcanc\u00edas y llaveros son productos de gran utilidad y simbolismo elaborados por artesanos guatemaltecos y que son el recuerdo perfecto para muchos migrantes. Son creaciones artesanales en serie pero cada una tiene su propio detalle especial. Eso es lo que hace tan atractivos y representativos los objetos decorativos, utilitarios,","twitter:creator":"@SoyMigrante_com","twitter:image":"https:\/\/soymigrante.com\/revista\/wp-content\/uploads\/2023\/06\/La-madera-tambien-es-intervenida-por-artesanos-locales.webp"},"aioseo_meta_data":{"post_id":"40598","title":"Rabin Ajaw 2025 Mireily Chan: j\u00fabilo en San Crist\u00f3bal Toto","description":"\"En Cob\u00e1n no solo fu\u00ed Mireily, fui San Crist\u00f3bal Totonicap\u00e1n\", dijo la Rabin Ajaw 2025-2026, al ser recibida con j\u00fabilo en su pueblo natal.","keywords":null,"keyphrases":{"focus":{"keyphrase":"Rabin Ajaw","score":91,"analysis":{"keyphraseInTitle":{"score":9,"maxScore":9,"error":0},"keyphraseInDescription":{"score":9,"maxScore":9,"error":0},"keyphraseLength":{"score":9,"maxScore":9,"error":0,"length":2},"keyphraseInURL":{"score":5,"maxScore":5,"error":0},"keyphraseInIntroduction":{"score":9,"maxScore":9,"error":0},"keyphraseInSubHeadings":{"score":3,"maxScore":9,"error":1},"keyphraseInImageAlt":{"score":9,"maxScore":9,"error":0},"keywordDensity":{"type":"best","score":9,"maxScore":9,"error":0}}},"additional":[{"keyphrase":"Totonicap\u00e1n","score":87,"analysis":{"keyphraseInDescription":{"score":9,"maxScore":9,"error":0},"keyphraseLength":{"score":9,"maxScore":9,"error":0,"length":2},"keyphraseInIntroduction":{"score":9,"maxScore":9,"error":0},"keyphraseInImageAlt":{"score":3,"maxScore":9,"error":1},"keywordDensity":{"type":"best","score":9,"maxScore":9,"error":0}}}]},"primary_term":null,"canonical_url":null,"og_title":null,"og_description":null,"og_object_type":"default","og_image_type":"default","og_image_url":null,"og_image_width":null,"og_image_height":null,"og_image_custom_url":null,"og_image_custom_fields":null,"og_video":"","og_custom_url":null,"og_article_section":null,"og_article_tags":null,"twitter_use_og":false,"twitter_card":"default","twitter_image_type":"default","twitter_image_url":null,"twitter_image_custom_url":null,"twitter_image_custom_fields":null,"twitter_title":null,"twitter_description":null,"schema":{"blockGraphs":[],"customGraphs":[],"default":{"data":{"Article":[],"Course":[],"Dataset":[],"FAQPage":[],"Movie":[],"Person":[],"Product":[],"ProductReview":[],"Car":[],"Recipe":[],"Service":[],"SoftwareApplication":[],"WebPage":[]},"graphName":"none","isEnabled":true},"graphs":[]},"schema_type":"default","schema_type_options":null,"pillar_content":false,"robots_default":true,"robots_noindex":false,"robots_noarchive":false,"robots_nosnippet":false,"robots_nofollow":false,"robots_noimageindex":false,"robots_noodp":false,"robots_notranslate":false,"robots_max_snippet":"-1","robots_max_videopreview":"-1","robots_max_imagepreview":"large","priority":null,"frequency":"default","local_seo":null,"seo_analyzer_scan_date":"2025-10-09 07:15:49","breadcrumb_settings":null,"limit_modified_date":false,"reviewed_by":"0","open_ai":null,"ai":{"faqs":[],"keyPoints":[],"titles":[],"descriptions":[],"socialPosts":{"email":[],"linkedin":[],"twitter":[],"facebook":[],"instagram":[]}},"created":"2025-07-28 12:02:34","updated":"2026-02-05 03:19:15"},"aioseo_breadcrumb":"<div class=\"aioseo-breadcrumbs\"><span class=\"aioseo-breadcrumb\">\n\t<a href=\"https:\/\/soymigrante.com\/revista\" title=\"Home\">Home<\/a>\n<\/span><span class=\"aioseo-breadcrumb-separator\">\u00bb<\/span><span class=\"aioseo-breadcrumb\">\n\t<a href=\"https:\/\/soymigrante.com\/revista\/category\/guate-nuestra\/\" title=\"Guate Nuestra\">Guate Nuestra<\/a>\n<\/span><span class=\"aioseo-breadcrumb-separator\">\u00bb<\/span><span class=\"aioseo-breadcrumb\">\n\tRabin Ajaw 2025 Mireily Chan: j\u00fabilo en su natal San Crist\u00f3bal Totonicap\u00e1n\n<\/span><\/div>","aioseo_breadcrumb_json":[{"label":"Home","link":"https:\/\/soymigrante.com\/revista"},{"label":"Guate Nuestra","link":"https:\/\/soymigrante.com\/revista\/category\/guate-nuestra\/"},{"label":"Rabin Ajaw 2025 Mireily Chan: j\u00fabilo en su natal San Crist\u00f3bal Totonicap\u00e1n","link":"https:\/\/soymigrante.com\/revista\/rabin-ajaw-2025-mireily-chan-jubilo-en-su-natal-san-cristobal-totonicapan\/"}],"_links":{"self":[{"href":"https:\/\/soymigrante.com\/revista\/wp-json\/wp\/v2\/posts\/40598","targetHints":{"allow":["GET"]}}],"collection":[{"href":"https:\/\/soymigrante.com\/revista\/wp-json\/wp\/v2\/posts"}],"about":[{"href":"https:\/\/soymigrante.com\/revista\/wp-json\/wp\/v2\/types\/post"}],"author":[{"embeddable":true,"href":"https:\/\/soymigrante.com\/revista\/wp-json\/wp\/v2\/users\/7"}],"replies":[{"embeddable":true,"href":"https:\/\/soymigrante.com\/revista\/wp-json\/wp\/v2\/comments?post=40598"}],"version-history":[{"count":10,"href":"https:\/\/soymigrante.com\/revista\/wp-json\/wp\/v2\/posts\/40598\/revisions"}],"predecessor-version":[{"id":40615,"href":"https:\/\/soymigrante.com\/revista\/wp-json\/wp\/v2\/posts\/40598\/revisions\/40615"}],"wp:featuredmedia":[{"embeddable":true,"href":"https:\/\/soymigrante.com\/revista\/wp-json\/wp\/v2\/media\/40599"}],"wp:attachment":[{"href":"https:\/\/soymigrante.com\/revista\/wp-json\/wp\/v2\/media?parent=40598"}],"wp:term":[{"taxonomy":"category","embeddable":true,"href":"https:\/\/soymigrante.com\/revista\/wp-json\/wp\/v2\/categories?post=40598"},{"taxonomy":"post_tag","embeddable":true,"href":"https:\/\/soymigrante.com\/revista\/wp-json\/wp\/v2\/tags?post=40598"}],"curies":[{"name":"wp","href":"https:\/\/api.w.org\/{rel}","templated":true}]}}