{"id":40548,"date":"2025-07-26T14:52:33","date_gmt":"2025-07-26T20:52:33","guid":{"rendered":"https:\/\/soymigrante.com\/revista\/?p=40548"},"modified":"2025-07-30T13:00:39","modified_gmt":"2025-07-30T19:00:39","slug":"personajes-del-popol-vuh-la-princesa-ixquic-del-inframundo-a-la-vida","status":"publish","type":"post","link":"https:\/\/soymigrante.com\/revista\/personajes-del-popol-vuh-la-princesa-ixquic-del-inframundo-a-la-vida\/","title":{"rendered":"Personajes del Popol Vuh: la princesa Ixquic, del inframundo a madre de Hunahp\u00fa e Ixbalanqu\u00e9"},"content":{"rendered":"\t\t<div data-elementor-type=\"wp-post\" data-elementor-id=\"40548\" class=\"elementor elementor-40548\" data-elementor-post-type=\"post\">\n\t\t\t\t<div data-particle_enable=\"false\" data-particle-mobile-disabled=\"false\" class=\"elementor-element elementor-element-45e2211 e-flex e-con-boxed e-con e-parent\" data-id=\"45e2211\" data-element_type=\"container\" data-e-type=\"container\">\n\t\t\t\t\t<div class=\"e-con-inner\">\n\t\t\t\t<div class=\"elementor-element elementor-element-3f249d7 elementor-widget elementor-widget-heading\" data-id=\"3f249d7\" data-element_type=\"widget\" data-e-type=\"widget\" data-widget_type=\"heading.default\">\n\t\t\t\t\t<h2 class=\"elementor-heading-title elementor-size-default\">La princesa Ixquic, hija de uno de los se\u00f1ores de Xibalb\u00e1, es decir se\u00f1ores del Inframundo, los mismos que derrotaron a Hun Hunahp\u00fa y Vucub Hunahp\u00fa, se convertir\u00e1 en madre de los gemelos h\u00e9roes Hunahp\u00fa e Ixbalanqu\u00e9, seg\u00fan relata el Popol Vuh.<\/h2>\t\t\t\t<\/div>\n\t\t\t\t<div class=\"elementor-element elementor-element-0e58f16 elementor-widget elementor-widget-html\" data-id=\"0e58f16\" data-element_type=\"widget\" data-e-type=\"widget\" data-widget_type=\"html.default\">\n\t\t\t\t\t<div id=\"buzzsprout-player-17567882\"><\/div><script src=\"https:\/\/www.buzzsprout.com\/2444168\/episodes\/17567882-princesa-ixquic-del-inframundo-a-la-luz-de-la-vida.js?container_id=buzzsprout-player-17567882&player=small\" type=\"text\/javascript\" charset=\"utf-8\"><\/script>\n\t\t\t\t<\/div>\n\t\t\t\t\t<\/div>\n\t\t\t\t<\/div>\n\t\t<div data-particle_enable=\"false\" data-particle-mobile-disabled=\"false\" class=\"elementor-element elementor-element-dbb737e e-flex e-con-boxed e-con e-parent\" data-id=\"dbb737e\" data-element_type=\"container\" data-e-type=\"container\">\n\t\t\t\t\t<div class=\"e-con-inner\">\n\t\t\t\t<div class=\"elementor-element elementor-element-e75b027 elementor-widget elementor-widget-text-editor\" data-id=\"e75b027\" data-element_type=\"widget\" data-e-type=\"widget\" data-widget_type=\"text-editor.default\">\n\t\t\t\t\t\t\t\t\t<p>En el universo del<a href=\"https:\/\/soymigrante.com\/revista\/el-popol-vuh-es-migrante-esta-en-chicago-y-8-datos-que-quiza-no-sabias\/\"> Popol Vuh<\/a>, libro sagrado de los mayas y Libro Nacional de Guatemala, pocos personajes tienen un papel tan poderoso y simb\u00f3lico como la princesa Ixquic (que seg\u00fan algunas versiones se escribe y pronuncia Ixkik). Su historia, aunque breve en el relato, marca un momento fundamental: ella se convertir\u00e1 en madre de los gemelos Hunahp\u00fa e Ixbalanqu\u00e9, los h\u00e9roes destinados a restaurar el equilibrio del mundo.<\/p><p>Ixkik es hija de Cuchumaquic, uno de los se\u00f1ores de Xibalb\u00e1, el reino de la muerte. Pero a diferencia de los oscuros se\u00f1ores de ese mundo, ella aparece como una figura distinta: curiosa, valiente y conectada con la vida. Se enter\u00f3 del \u00e1rbol seco que floreci\u00f3 y dio frutos cuando fue suspendida de \u00e9l la cabeza de <a href=\"https:\/\/soymigrante.com\/revista\/personajes-del-popol-vuh-hun-hunahpu-y-vucub-hunahpu-los-primeros-hermanos\/\">Hun Hunahp\u00fa, muerto por los se\u00f1ores de Xibalb\u00e1 junto a su hermano Vucub Hunahp\u00fa.<\/a><\/p>\t\t\t\t\t\t\t\t<\/div>\n\t\t\t\t\t<\/div>\n\t\t\t\t<\/div>\n\t\t<div data-particle_enable=\"false\" data-particle-mobile-disabled=\"false\" class=\"elementor-element elementor-element-5606ab4 e-flex e-con-boxed e-con e-parent\" data-id=\"5606ab4\" data-element_type=\"container\" data-e-type=\"container\">\n\t\t\t\t\t<div class=\"e-con-inner\">\n\t\t\t\t<div class=\"elementor-element elementor-element-3027637 elementor-widget elementor-widget-image\" data-id=\"3027637\" data-element_type=\"widget\" data-e-type=\"widget\" data-widget_type=\"image.default\">\n\t\t\t\t\t\t\t\t\t\t\t\t<figure class=\"wp-caption\">\n\t\t\t\t\t\t\t\t\t\t<img fetchpriority=\"high\" decoding=\"async\" width=\"768\" height=\"439\" src=\"https:\/\/soymigrante.com\/revista\/wp-content\/uploads\/2025\/07\/princesa-ixquic-era-hija-de-un-senor-de-xibalba-1024x585.jpg\" class=\"attachment-large size-large wp-image-40558\" alt=\"Un mujer en un bosque cavernoso con luz solar filtr\u00e1ndose a trav\u00e9s de la entrada, creando un ambiente m\u00edstico y sereno.\" srcset=\"https:\/\/soymigrante.com\/revista\/wp-content\/uploads\/2025\/07\/princesa-ixquic-era-hija-de-un-senor-de-xibalba-1024x585.jpg 1024w, https:\/\/soymigrante.com\/revista\/wp-content\/uploads\/2025\/07\/princesa-ixquic-era-hija-de-un-senor-de-xibalba-300x171.jpg 300w, https:\/\/soymigrante.com\/revista\/wp-content\/uploads\/2025\/07\/princesa-ixquic-era-hija-de-un-senor-de-xibalba-768x439.jpg 768w, https:\/\/soymigrante.com\/revista\/wp-content\/uploads\/2025\/07\/princesa-ixquic-era-hija-de-un-senor-de-xibalba-750x429.webp 750w, https:\/\/soymigrante.com\/revista\/wp-content\/uploads\/2025\/07\/princesa-ixquic-era-hija-de-un-senor-de-xibalba-1140x651.webp 1140w, https:\/\/soymigrante.com\/revista\/wp-content\/uploads\/2025\/07\/princesa-ixquic-era-hija-de-un-senor-de-xibalba.webp 1344w\" sizes=\"(max-width: 768px) 100vw, 768px\" title=\"Ixquic era hija de un gran se\u00f1or de Xibalb\u00e1, es decir, del Inframundo, el lugar donde hab\u00edan sido derrotados y muertos los hermanos Hun Hunahp\u00fa y Vucub Hunahp\u00fa.  El inframundo, seg\u00fan la tradici\u00f3n maya es un entorno subterr\u00e1neo  y oscuro. (Imagen IA generada con base en textos del Popol Vuh) \u2013 SoyMigrante.com REVISTA\" \/>\t\t\t\t\t\t\t\t\t\t\t<figcaption class=\"widget-image-caption wp-caption-text\">Mujer en un bosque cavernoso con luz natural y atm\u00f3sfera tranquila, ideal para representar exploraci\u00f3n y conexi\u00f3n con la naturaleza en contenidos de migrantes.<\/figcaption>\n\t\t\t\t\t\t\t\t\t\t<\/figure>\n\t\t\t\t\t\t\t\t\t<\/div>\n\t\t\t\t\t<\/div>\n\t\t\t\t<\/div>\n\t\t<div data-particle_enable=\"false\" data-particle-mobile-disabled=\"false\" class=\"elementor-element elementor-element-6423a01 e-flex e-con-boxed e-con e-parent\" data-id=\"6423a01\" data-element_type=\"container\" data-e-type=\"container\">\n\t\t\t\t\t<div class=\"e-con-inner\">\n\t\t\t\t<div class=\"elementor-element elementor-element-a9bd94e elementor-widget elementor-widget-heading\" data-id=\"a9bd94e\" data-element_type=\"widget\" data-e-type=\"widget\" data-widget_type=\"heading.default\">\n\t\t\t\t\t<h3 class=\"elementor-heading-title elementor-size-default\">Ixkik se acerca al \u00e1rbol m\u00e1gico<\/h3>\t\t\t\t<\/div>\n\t\t\t\t\t<\/div>\n\t\t\t\t<\/div>\n\t\t<div data-particle_enable=\"false\" data-particle-mobile-disabled=\"false\" class=\"elementor-element elementor-element-0107de5 e-flex e-con-boxed e-con e-parent\" data-id=\"0107de5\" data-element_type=\"container\" data-e-type=\"container\">\n\t\t\t\t\t<div class=\"e-con-inner\">\n\t\t\t\t<div class=\"elementor-element elementor-element-f034542 elementor-widget elementor-widget-text-editor\" data-id=\"f034542\" data-element_type=\"widget\" data-e-type=\"widget\" data-widget_type=\"text-editor.default\">\n\t\t\t\t\t\t\t\t\t<p><i>&#8220;Oyendo pues, una doncella, hija de un Se\u00f1or que se llamaba Cuchumaquic, y ella, Ixquic, la conversaci\u00f3n de su padre sobre haber fructificado aquel \u00e1rbol, maravillada de lo que o\u00eda, dijo: \u201c\u00bfPor qu\u00e9 no ir\u00e9 a ver este \u00e1rbol que cuentan? Porque de verdad es cosa muy dulce y suave esto que dicen y oigo\u201d. Y luego se fue sola y lleg\u00f3 debajo del \u00e1rbol que estaba enfrente de donde echaban la ceniza, y maravillada, dijo: \u201c\u00a1Qu\u00e9 hermosa fruta y qu\u00e9 hermosamente fructifica este \u00e1rbol!: <a href=\"https:\/\/soymigrante.com\/revista\/el-popol-vuh-es-migrante-esta-en-chicago-y-8-datos-que-quiza-no-sabias\/\">texto del Popol Vuh<\/a><\/i><\/p><p>Atra\u00edda por un \u00e1rbol sagrado lleno de j\u00edcaras o morros, se acerca a \u00e9l. Ella no sabe que\u00a0 en sus ramas cuelga la calavera de <a href=\"https:\/\/soymigrante.com\/revista\/personajes-del-popol-vuh-hun-hunahpu-y-vucub-hunahpu-los-primeros-hermanos\/\">Hun Hunahp\u00fa,<\/a> el h\u00e9roe derrotado en Xibalb\u00e1.\u00a0 Dicha calavera ten\u00eda forma de fruto, pero se revela a la Princesa.\u00a0<\/p><p>Le habla.<\/p>\t\t\t\t\t\t\t\t<\/div>\n\t\t\t\t\t<\/div>\n\t\t\t\t<\/div>\n\t\t<div data-particle_enable=\"false\" data-particle-mobile-disabled=\"false\" class=\"elementor-element elementor-element-76e17f3 e-flex e-con-boxed e-con e-parent\" data-id=\"76e17f3\" data-element_type=\"container\" data-e-type=\"container\">\n\t\t\t\t\t<div class=\"e-con-inner\">\n\t\t\t\t<div class=\"elementor-element elementor-element-c28824b elementor-widget elementor-widget-image\" data-id=\"c28824b\" data-element_type=\"widget\" data-e-type=\"widget\" data-widget_type=\"image.default\">\n\t\t\t\t\t\t\t\t\t\t\t\t<figure class=\"wp-caption\">\n\t\t\t\t\t\t\t\t\t\t<img decoding=\"async\" width=\"768\" height=\"419\" src=\"https:\/\/soymigrante.com\/revista\/wp-content\/uploads\/2025\/07\/princesa-ixquic-personajes-del-popol-vuh-libro-maya-3-1024x559.jpg\" class=\"attachment-large size-large wp-image-40557\" alt=\"Fruta tropical y mujer con vestimenta tradicional mexicana bajo un \u00e1rbol de c\u00edtricos en un ambiente oscuro, resaltando la cultura y riqueza agr\u00edcola latinoamericana.\" srcset=\"https:\/\/soymigrante.com\/revista\/wp-content\/uploads\/2025\/07\/princesa-ixquic-personajes-del-popol-vuh-libro-maya-3-1024x559.jpg 1024w, https:\/\/soymigrante.com\/revista\/wp-content\/uploads\/2025\/07\/princesa-ixquic-personajes-del-popol-vuh-libro-maya-3-300x164.jpg 300w, https:\/\/soymigrante.com\/revista\/wp-content\/uploads\/2025\/07\/princesa-ixquic-personajes-del-popol-vuh-libro-maya-3-768x419.jpg 768w, https:\/\/soymigrante.com\/revista\/wp-content\/uploads\/2025\/07\/princesa-ixquic-personajes-del-popol-vuh-libro-maya-3-750x409.jpg 750w, https:\/\/soymigrante.com\/revista\/wp-content\/uploads\/2025\/07\/princesa-ixquic-personajes-del-popol-vuh-libro-maya-3-1140x622.jpg 1140w, https:\/\/soymigrante.com\/revista\/wp-content\/uploads\/2025\/07\/princesa-ixquic-personajes-del-popol-vuh-libro-maya-3.webp 1408w\" sizes=\"(max-width: 768px) 100vw, 768px\" title=\"Atra\u00edda por el rumor de un tronco muerto que habr\u00eda cobrado vida, con hojas y frutos, la princesa Ixquic se acerc\u00f3. Era un \u00e1rbol de j\u00edcaras o morros, entre los cuales se escond\u00eda el cr\u00e1neo de Hun Hunahp\u00fa, quien le habl\u00f3 a la princesa. (Imagen  generada por IA basada en textos del Popol Vuh) \u2013 SoyMigrante.com REVISTA\" \/>\t\t\t\t\t\t\t\t\t\t\t<figcaption class=\"widget-image-caption wp-caption-text\">Mujer con vestimenta tradicional mexicana junto a un \u00e1rbol de c\u00edtricos en un entorno oscuro, simbolizando la cultura y agricultura en Latinoam\u00e9rica.<\/figcaption>\n\t\t\t\t\t\t\t\t\t\t<\/figure>\n\t\t\t\t\t\t\t\t\t<\/div>\n\t\t\t\t\t<\/div>\n\t\t\t\t<\/div>\n\t\t<div data-particle_enable=\"false\" data-particle-mobile-disabled=\"false\" class=\"elementor-element elementor-element-57716ea e-flex e-con-boxed e-con e-parent\" data-id=\"57716ea\" data-element_type=\"container\" data-e-type=\"container\">\n\t\t\t\t\t<div class=\"e-con-inner\">\n\t\t\t\t<div class=\"elementor-element elementor-element-63ed7d6 elementor-widget elementor-widget-heading\" data-id=\"63ed7d6\" data-element_type=\"widget\" data-e-type=\"widget\" data-widget_type=\"heading.default\">\n\t\t\t\t\t<h3 class=\"elementor-heading-title elementor-size-default\">Y entonces le habl\u00f3 Hun Hunahp\u00fa<\/h3>\t\t\t\t<\/div>\n\t\t\t\t\t<\/div>\n\t\t\t\t<\/div>\n\t\t<div data-particle_enable=\"false\" data-particle-mobile-disabled=\"false\" class=\"elementor-element elementor-element-8ac5610 e-flex e-con-boxed e-con e-parent\" data-id=\"8ac5610\" data-element_type=\"container\" data-e-type=\"container\">\n\t\t\t\t\t<div class=\"e-con-inner\">\n\t\t\t\t<div class=\"elementor-element elementor-element-2b68d9c elementor-widget elementor-widget-text-editor\" data-id=\"2b68d9c\" data-element_type=\"widget\" data-e-type=\"widget\" data-widget_type=\"text-editor.default\">\n\t\t\t\t\t\t\t\t\t<p><i>Y entonces habl\u00f3 la calavera que estaba en las cruces del \u00e1rbol, y dijo: \u201c\u00bfQu\u00e9 es lo que deseas?\u201d. \u201cSolo es hueso eso que est\u00e1 redondo en las ramas del \u00e1rbol\u201d. \u201c\u00bfEsto es por ventura que lo deseas?\u201d, le dijo a la doncella. \u201cLo deseo\u201d, dijo la doncella. \u201cEst\u00e1 bien, pues entonces extiende tu mano derecha\u201d, dijo la calavera. \u201cBien\u201d, dijo la doncella y extendi\u00f3 la mano derecha para arriba, delante de la calavera. Luego ech\u00f3 la calavera un chisguete de saliva y vino derecho a la mano de la doncella. &#8220;<\/i><\/p><p>A trav\u00e9s de ese acto m\u00e1gico, Ixquic queda embarazada de los gemelos, que as\u00ed son hijos de <a href=\"https:\/\/soymigrante.com\/revista\/personajes-del-popol-vuh-hun-hunahpu-y-vucub-hunahpu-los-primeros-hermanos\/\">Hun Hunahpu<\/a>. Pero su embarazo desata un gran esc\u00e1ndalo en Xibalb\u00e1. La acusan de deshonrar a su padre y su linaje. Ella les dice que no ha conocido var\u00f3n, pero que s\u00ed est\u00e1 esperando un hijo. Despu\u00e9s de un juicio es condenada a muerte.\u00a0<\/p><p><i>&#8220;Se\u00f1ores principales, andad y sacrificadla, traed su coraz\u00f3n en una j\u00edcara\u201d, esto<br \/>se les mand\u00f3 a los tecolotes que eran cuatro. Luego fueron<br \/>y tomaron una j\u00edcara, y se fueron llev\u00e1ndola cargada, y tambi\u00e9n llevaban una cuchilla aguda\u00a0 y entonces (la princesa Ixquic) les dijo: \u201cNo me mat\u00e9is, mensajeros\u201c<\/i><\/p><p>Los mensajeros se compadecieron de ella.\u00a0 En lugar de su coraz\u00f3n, llevan al inframundo un coraz\u00f3n falso hecho de resina, el cual es quemado en Xibalb\u00e1 y emite un delicioso aroma.\u00a0<\/p>\t\t\t\t\t\t\t\t<\/div>\n\t\t\t\t\t<\/div>\n\t\t\t\t<\/div>\n\t\t<div data-particle_enable=\"false\" data-particle-mobile-disabled=\"false\" class=\"elementor-element elementor-element-d01f989 e-flex e-con-boxed e-con e-parent\" data-id=\"d01f989\" data-element_type=\"container\" data-e-type=\"container\">\n\t\t\t\t\t<div class=\"e-con-inner\">\n\t\t\t\t<div class=\"elementor-element elementor-element-9bf1051 elementor-widget elementor-widget-image\" data-id=\"9bf1051\" data-element_type=\"widget\" data-e-type=\"widget\" data-widget_type=\"image.default\">\n\t\t\t\t\t\t\t\t\t\t\t\t<figure class=\"wp-caption\">\n\t\t\t\t\t\t\t\t\t\t<img decoding=\"async\" width=\"768\" height=\"768\" src=\"https:\/\/soymigrante.com\/revista\/wp-content\/uploads\/2025\/07\/princesa-ixquic-popol-vuh.webp\" class=\"attachment-large size-large wp-image-40559\" alt=\"Camina con un vestido largo y una corona en un entorno misterioso de ruinas antiguas, rodeada de humo y polvo, que transmite una sensaci\u00f3n m\u00edstica y ancestral en un escenario de fotograf\u00eda art\u00edstica.\" srcset=\"https:\/\/soymigrante.com\/revista\/wp-content\/uploads\/2025\/07\/princesa-ixquic-popol-vuh.webp 1024w, https:\/\/soymigrante.com\/revista\/wp-content\/uploads\/2025\/07\/princesa-ixquic-popol-vuh-300x300.jpg 300w, https:\/\/soymigrante.com\/revista\/wp-content\/uploads\/2025\/07\/princesa-ixquic-popol-vuh-150x150.jpg 150w, https:\/\/soymigrante.com\/revista\/wp-content\/uploads\/2025\/07\/princesa-ixquic-popol-vuh-768x768.jpg 768w, https:\/\/soymigrante.com\/revista\/wp-content\/uploads\/2025\/07\/princesa-ixquic-popol-vuh-75x75.webp 75w, https:\/\/soymigrante.com\/revista\/wp-content\/uploads\/2025\/07\/princesa-ixquic-popol-vuh-750x750.webp 750w\" sizes=\"(max-width: 768px) 100vw, 768px\" title=\"La princesa Ixquic sale de Xibalb\u00e1, huye a la superficie, al mundo exterior para salvar su vida y la de sus hijos gemelos. (Ilustraci\u00f3n IA con base en textos del Popol Vuh) \u2013 SoyMigrante.com REVISTA\" \/>\t\t\t\t\t\t\t\t\t\t\t<figcaption class=\"widget-image-caption wp-caption-text\">La princesa Ixquic sale de Xibalb\u00e1, huye a la superficie, al mundo exterior para salvar su vida y la de sus hijos gemelos. (Ilustraci\u00f3n IA con base en textos del Popol Vuh)<\/figcaption>\n\t\t\t\t\t\t\t\t\t\t<\/figure>\n\t\t\t\t\t\t\t\t\t<\/div>\n\t\t\t\t\t<\/div>\n\t\t\t\t<\/div>\n\t\t<div data-particle_enable=\"false\" data-particle-mobile-disabled=\"false\" class=\"elementor-element elementor-element-fcf7c56 e-flex e-con-boxed e-con e-parent\" data-id=\"fcf7c56\" data-element_type=\"container\" data-e-type=\"container\">\n\t\t\t\t\t<div class=\"e-con-inner\">\n\t\t\t\t<div class=\"elementor-element elementor-element-0b5dd7d elementor-widget elementor-widget-heading\" data-id=\"0b5dd7d\" data-element_type=\"widget\" data-e-type=\"widget\" data-widget_type=\"heading.default\">\n\t\t\t\t\t<h3 class=\"elementor-heading-title elementor-size-default\">Embarazada de gemelos, Ixquic escapa<\/h3>\t\t\t\t<\/div>\n\t\t\t\t\t<\/div>\n\t\t\t\t<\/div>\n\t\t<div data-particle_enable=\"false\" data-particle-mobile-disabled=\"false\" class=\"elementor-element elementor-element-3dbd92e e-flex e-con-boxed e-con e-parent\" data-id=\"3dbd92e\" data-element_type=\"container\" data-e-type=\"container\">\n\t\t\t\t\t<div class=\"e-con-inner\">\n\t\t\t\t<div class=\"elementor-element elementor-element-e9c0f86 elementor-widget elementor-widget-text-editor\" data-id=\"e9c0f86\" data-element_type=\"widget\" data-e-type=\"widget\" data-widget_type=\"text-editor.default\">\n\t\t\t\t\t\t\t\t\t<p>Ixquic huye hacia la superficie, hacia el mundo de los humanos. Busca entonces a Ixmucan\u00e9, la abuela de sus futuros hijos. Pero la anciana no cree en su historia. Como prueba, le pide traer <a href=\"https:\/\/soymigrante.com\/revista\/cual-es-el-origen-del-maiz-este-alimento-es-100-guatemalteco\/\">ma\u00edz<\/a> de una milpa inexistente. Ixquic, sin dudar, realiza un gesto ritual: sopla en su palma, invoca a los dioses del ma\u00edz, y de la tierra brotan las espigas.<\/p><p>&#8220;\u201cEntonces sopl\u00f3 en su palma y dijo: \u2018\u00a1Oh, dioses, t\u00fa gran coraz\u00f3n del cielo, gran coraz\u00f3n de la tierra! Que se me d\u00e9 una se\u00f1al, que se me d\u00e9 una prueba, para que no se pierda el rostro de la madre de estos gemelos.\u2019\u201d<\/p>\t\t\t\t\t\t\t\t<\/div>\n\t\t\t\t\t<\/div>\n\t\t\t\t<\/div>\n\t\t<div data-particle_enable=\"false\" data-particle-mobile-disabled=\"false\" class=\"elementor-element elementor-element-3a95866 e-flex e-con-boxed e-con e-parent\" data-id=\"3a95866\" data-element_type=\"container\" data-e-type=\"container\">\n\t\t\t\t\t<div class=\"e-con-inner\">\n\t\t\t\t<div class=\"elementor-element elementor-element-1d238de elementor-widget elementor-widget-image\" data-id=\"1d238de\" data-element_type=\"widget\" data-e-type=\"widget\" data-widget_type=\"image.default\">\n\t\t\t\t\t\t\t\t\t\t\t\t<figure class=\"wp-caption\">\n\t\t\t\t\t\t\t\t\t\t<img loading=\"lazy\" decoding=\"async\" width=\"768\" height=\"432\" src=\"https:\/\/soymigrante.com\/revista\/wp-content\/uploads\/2025\/07\/ixquic-popol-vuh-princesa-1024x576.png\" class=\"attachment-large size-large wp-image-40560\" alt=\"Mujer embarazada con vestido y accesorios tradicionales en un entorno selv\u00e1tico y misterioso.\" srcset=\"https:\/\/soymigrante.com\/revista\/wp-content\/uploads\/2025\/07\/ixquic-popol-vuh-princesa-1024x576.png 1024w, https:\/\/soymigrante.com\/revista\/wp-content\/uploads\/2025\/07\/ixquic-popol-vuh-princesa-300x169.png 300w, https:\/\/soymigrante.com\/revista\/wp-content\/uploads\/2025\/07\/ixquic-popol-vuh-princesa-768x432.png 768w, https:\/\/soymigrante.com\/revista\/wp-content\/uploads\/2025\/07\/ixquic-popol-vuh-princesa-1536x864.png 1536w, https:\/\/soymigrante.com\/revista\/wp-content\/uploads\/2025\/07\/ixquic-popol-vuh-princesa-750x422.webp 750w, https:\/\/soymigrante.com\/revista\/wp-content\/uploads\/2025\/07\/ixquic-popol-vuh-princesa-1140x641.webp 1140w, https:\/\/soymigrante.com\/revista\/wp-content\/uploads\/2025\/07\/ixquic-popol-vuh-princesa.webp 1820w\" sizes=\"(max-width: 768px) 100vw, 768px\" title=\"Ixmucan\u00e9 desconf\u00eda de Ixquic porque es hija de un se\u00f1or de Xibalb\u00e1. Como prueba, le pide ir por mazorcas de ma\u00edz a un campo donde no hay nada sembrado. Ixquic extiende su mano, sopla y comienzan a brotar mazorcas. Entonces Ixmucan\u00e9 descubre que es madre de vida. (Ilustracio\u00b4n IA basada en textos del Popol Vuh) \u2013 SoyMigrante.com REVISTA\" \/>\t\t\t\t\t\t\t\t\t\t\t<figcaption class=\"widget-image-caption wp-caption-text\">Mujer embarazada con vestido tradicional en naturaleza selv\u00e1tica, simbolizando fertilidad, cultura y conexi\u00f3n con la tierra.<\/figcaption>\n\t\t\t\t\t\t\t\t\t\t<\/figure>\n\t\t\t\t\t\t\t\t\t<\/div>\n\t\t\t\t\t<\/div>\n\t\t\t\t<\/div>\n\t\t<div data-particle_enable=\"false\" data-particle-mobile-disabled=\"false\" class=\"elementor-element elementor-element-cc0a279 e-flex e-con-boxed e-con e-parent\" data-id=\"cc0a279\" data-element_type=\"container\" data-e-type=\"container\">\n\t\t\t\t\t<div class=\"e-con-inner\">\n\t\t\t\t<div class=\"elementor-element elementor-element-dc5230e elementor-widget elementor-widget-heading\" data-id=\"dc5230e\" data-element_type=\"widget\" data-e-type=\"widget\" data-widget_type=\"heading.default\">\n\t\t\t\t\t<h3 class=\"elementor-heading-title elementor-size-default\">Madre de ma\u00edz<\/h3>\t\t\t\t<\/div>\n\t\t\t\t\t<\/div>\n\t\t\t\t<\/div>\n\t\t<div data-particle_enable=\"false\" data-particle-mobile-disabled=\"false\" class=\"elementor-element elementor-element-3a46cf9 e-flex e-con-boxed e-con e-parent\" data-id=\"3a46cf9\" data-element_type=\"container\" data-e-type=\"container\">\n\t\t\t\t\t<div class=\"e-con-inner\">\n\t\t\t\t<div class=\"elementor-element elementor-element-8a052cb elementor-widget elementor-widget-text-editor\" data-id=\"8a052cb\" data-element_type=\"widget\" data-e-type=\"widget\" data-widget_type=\"text-editor.default\">\n\t\t\t\t\t\t\t\t\t<p>Con esta prueba, gana la confianza de Ixmucan\u00e9. M\u00e1s que una madre biol\u00f3gica, Ixquic se revela como madre sagrada, portadora del ma\u00edz, s\u00edmbolo de la vida y la humanidad para el pueblo maya.\u00a0<\/p><p>A diferencia de otros personajes, el Popol Vuh no ofrece una descripci\u00f3n f\u00edsica detallada de Ixquic. No se menciona su rostro ni su atuendo. Su figura se define por su conducta, por la fuerza de su palabra, su sabidur\u00eda, y su conexi\u00f3n con lo divino. La belleza de Ixquic est\u00e1 en su virtud y su poder creador. Ixquic vino de un mundo de muerte, pero da a luz a nueva vida. Es hija de Xibalb\u00e1, pero se convierte en madre de los h\u00e9roes.<\/p>\t\t\t\t\t\t\t\t<\/div>\n\t\t\t\t\t<\/div>\n\t\t\t\t<\/div>\n\t\t<div data-particle_enable=\"false\" data-particle-mobile-disabled=\"false\" class=\"elementor-element elementor-element-0c5adaa e-flex e-con-boxed e-con e-parent\" data-id=\"0c5adaa\" data-element_type=\"container\" data-e-type=\"container\">\n\t\t\t\t\t<div class=\"e-con-inner\">\n\t\t\t\t<div class=\"elementor-element elementor-element-ed36629 elementor-widget elementor-widget-heading\" data-id=\"ed36629\" data-element_type=\"widget\" data-e-type=\"widget\" data-widget_type=\"heading.default\">\n\t\t\t\t\t<h5 class=\"elementor-heading-title elementor-size-default\">La princesa Ixquic da a luz a dos gemelos: Hunahp\u00fa e Ixbalanqu\u00e9, quienes est\u00e1n llamados a derrotar a los se\u00f1ores de Xibalb\u00e1<\/h5>\t\t\t\t<\/div>\n\t\t\t\t\t<\/div>\n\t\t\t\t<\/div>\n\t\t<div data-particle_enable=\"false\" data-particle-mobile-disabled=\"false\" class=\"elementor-element elementor-element-17322f6 e-flex e-con-boxed e-con e-parent\" data-id=\"17322f6\" data-element_type=\"container\" data-e-type=\"container\">\n\t\t\t\t\t<div class=\"e-con-inner\">\n\t\t\t\t<div class=\"elementor-element elementor-element-1d85981 elementor-widget elementor-widget-video\" data-id=\"1d85981\" data-element_type=\"widget\" data-e-type=\"widget\" data-settings=\"{&quot;video_type&quot;:&quot;hosted&quot;,&quot;controls&quot;:&quot;yes&quot;}\" data-widget_type=\"video.default\">\n\t\t\t\t\t\t\t<div class=\"e-hosted-video elementor-wrapper elementor-open-inline\">\n\t\t\t\t\t<video class=\"elementor-video\" src=\"https:\/\/soymigrante.com\/revista\/wp-content\/uploads\/2025\/07\/princesa-ixquic-popol-vuh-video-con-hunahpu-e-ixbalanque.mp4\" controls=\"\" preload=\"metadata\" controlsList=\"nodownload\"><\/video>\n\t\t\t\t<\/div>\n\t\t\t\t\t\t<\/div>\n\t\t\t\t\t<\/div>\n\t\t\t\t<\/div>\n\t\t<div data-particle_enable=\"false\" data-particle-mobile-disabled=\"false\" class=\"elementor-element elementor-element-9e58a01 e-flex e-con-boxed e-con e-parent\" data-id=\"9e58a01\" data-element_type=\"container\" data-e-type=\"container\">\n\t\t\t\t\t<div class=\"e-con-inner\">\n\t\t\t\t<div class=\"elementor-element elementor-element-11f590e elementor-widget elementor-widget-heading\" data-id=\"11f590e\" data-element_type=\"widget\" data-e-type=\"widget\" data-widget_type=\"heading.default\">\n\t\t\t\t\t<h2 class=\"elementor-heading-title elementor-size-default\">Personajes e historias del Popol Vuh<\/h2>\t\t\t\t<\/div>\n\t\t\t\t\t<\/div>\n\t\t\t\t<\/div>\n\t\t<div data-particle_enable=\"false\" data-particle-mobile-disabled=\"false\" class=\"elementor-element elementor-element-84f2bfe e-flex e-con-boxed e-con e-parent\" data-id=\"84f2bfe\" data-element_type=\"container\" data-e-type=\"container\">\n\t\t\t\t\t<div class=\"e-con-inner\">\n\t\t\t\t<div class=\"elementor-element elementor-element-221f0a8 elementor-grid-eael-col-3 elementor-grid-tablet-eael-col-2 elementor-grid-mobile-eael-col-1 elementor-invisible elementor-widget elementor-widget-eael-post-grid\" data-id=\"221f0a8\" data-element_type=\"widget\" data-e-type=\"widget\" data-settings=\"{&quot;eael_post_grid_columns&quot;:&quot;eael-col-3&quot;,&quot;_animation&quot;:&quot;rollIn&quot;,&quot;eael_post_grid_columns_tablet&quot;:&quot;eael-col-2&quot;,&quot;eael_post_grid_columns_mobile&quot;:&quot;eael-col-1&quot;}\" data-widget_type=\"eael-post-grid.default\">\n\t\t\t\t\t<div id=\"eael-post-grid-221f0a8\" class=\"eael-post-grid-container\">\n            <div class=\"eael-post-grid eael-post-appender eael-post-appender-221f0a8 eael-post-grid-style-one\" data-layout-mode=\"masonry\"><article class=\"eael-grid-post  eael-post-grid-column eael-pg-post-40027 category-guate-nuestra tags-personajes-del-popol-vuh\" data-id=\"40027\">\n        <div class=\"eael-grid-post-holder\">\n            <div class=\"eael-grid-post-holder-inner\"><div class=\"eael-entry-media\"><div class=\"eael-entry-overlay fade-in\"><i class=\"far fa-hand-pointer\" aria-hidden=\"true\"><\/i><a href=\"https:\/\/soymigrante.com\/revista\/personajes-del-popol-vuh-hun-hunahpu-y-vucub-hunahpu-los-primeros-hermanos\/\"><\/a><\/div><div class=\"eael-entry-thumbnail \">\n                <img loading=\"lazy\" decoding=\"async\" width=\"858\" height=\"765\" src=\"https:\/\/soymigrante.com\/revista\/wp-content\/uploads\/2025\/07\/personajes-del-popol-vuh-hun-hunahpu-y-vucub-hunahpu-hermanos.webp\" class=\"attachment-large size-large wp-image-40042\" alt=\"Guerreros aztecas con vestimenta tradicional y tocados de plumas en un retrato cultural y festivo, mostrando la historia y ra\u00edces ind\u00edgenas en M\u00e9xico.\" srcset=\"https:\/\/soymigrante.com\/revista\/wp-content\/uploads\/2025\/07\/personajes-del-popol-vuh-hun-hunahpu-y-vucub-hunahpu-hermanos.webp 858w, https:\/\/soymigrante.com\/revista\/wp-content\/uploads\/2025\/07\/personajes-del-popol-vuh-hun-hunahpu-y-vucub-hunahpu-hermanos-300x267.jpg 300w, https:\/\/soymigrante.com\/revista\/wp-content\/uploads\/2025\/07\/personajes-del-popol-vuh-hun-hunahpu-y-vucub-hunahpu-hermanos-768x685.jpg 768w, https:\/\/soymigrante.com\/revista\/wp-content\/uploads\/2025\/07\/personajes-del-popol-vuh-hun-hunahpu-y-vucub-hunahpu-hermanos-750x669.webp 750w\" sizes=\"(max-width: 858px) 100vw, 858px\" \/>\n            <\/div>\n        <\/div><div class=\"eael-entry-wrapper\"><header class=\"eael-entry-header\"><h2 class=\"eael-entry-title\"><a class=\"eael-grid-post-link\" href=\"https:\/\/soymigrante.com\/revista\/personajes-del-popol-vuh-hun-hunahpu-y-vucub-hunahpu-los-primeros-hermanos\/\" title=\"Personajes del Popol Vuh: Hun-Hunahp\u00fa y Vucub Hunahp\u00fa: los primeros hermanos\">Personajes del Popol Vuh: Hun-Hunahp\u00fa y Vucub Hunahp\u00fa: los primeros hermanos<\/a><\/h2><\/header><div class=\"eael-entry-content\">\n                        <div class=\"eael-grid-post-excerpt\"><a href=\"https:\/\/soymigrante.com\/revista\/personajes-del-popol-vuh-hun-hunahpu-y-vucub-hunahpu-los-primeros-hermanos\/\" class=\"eael-post-elements-readmore-btn\">CONOCE SU HISTORIA <\/a><\/div>\n                    <\/div><\/div><\/div>\n        <\/div>\n    <\/article><article class=\"eael-grid-post  eael-post-grid-column eael-pg-post-39092 category-guate-nuestra tags-personajes-del-popol-vuh\" data-id=\"39092\">\n        <div class=\"eael-grid-post-holder\">\n            <div class=\"eael-grid-post-holder-inner\"><div class=\"eael-entry-media\"><div class=\"eael-entry-overlay fade-in\"><i class=\"far fa-hand-pointer\" aria-hidden=\"true\"><\/i><a href=\"https:\/\/soymigrante.com\/revista\/personajes-del-popol-vuh-el-gran-zipacna\/\"><\/a><\/div><div class=\"eael-entry-thumbnail \">\n                <img loading=\"lazy\" decoding=\"async\" width=\"591\" height=\"591\" src=\"https:\/\/soymigrante.com\/revista\/wp-content\/uploads\/2025\/07\/popol-vuh-personajes-zipacna-c.webp\" class=\"attachment-large size-large wp-image-39101\" alt=\"M\u00e1scara tradicional ind\u00edgena con figura m\u00edstica, simbolizando cultura ancestral y conexi\u00f3n con la naturaleza en Am\u00e9rica Latina.\" srcset=\"https:\/\/soymigrante.com\/revista\/wp-content\/uploads\/2025\/07\/popol-vuh-personajes-zipacna-c.webp 591w, https:\/\/soymigrante.com\/revista\/wp-content\/uploads\/2025\/07\/popol-vuh-personajes-zipacna-c-300x300.jpg 300w, https:\/\/soymigrante.com\/revista\/wp-content\/uploads\/2025\/07\/popol-vuh-personajes-zipacna-c-150x150.jpg 150w, https:\/\/soymigrante.com\/revista\/wp-content\/uploads\/2025\/07\/popol-vuh-personajes-zipacna-c-75x75.webp 75w\" sizes=\"(max-width: 591px) 100vw, 591px\" \/>\n            <\/div>\n        <\/div><div class=\"eael-entry-wrapper\"><header class=\"eael-entry-header\"><h2 class=\"eael-entry-title\"><a class=\"eael-grid-post-link\" href=\"https:\/\/soymigrante.com\/revista\/personajes-del-popol-vuh-el-gran-zipacna\/\" title=\"El poderoso Zipacn\u00e1 tambi\u00e9n produce sismos y derrumbes, seg\u00fan el Popol Vuh\">El poderoso Zipacn\u00e1 tambi\u00e9n produce sismos y derrumbes, seg\u00fan el Popol Vuh<\/a><\/h2><\/header><div class=\"eael-entry-content\">\n                        <div class=\"eael-grid-post-excerpt\"><a href=\"https:\/\/soymigrante.com\/revista\/personajes-del-popol-vuh-el-gran-zipacna\/\" class=\"eael-post-elements-readmore-btn\">CONOCE SU HISTORIA <\/a><\/div>\n                    <\/div><\/div><\/div>\n        <\/div>\n    <\/article><article class=\"eael-grid-post  eael-post-grid-column eael-pg-post-38960 category-guate-nuestra tags-personajes-del-popol-vuh\" data-id=\"38960\">\n        <div class=\"eael-grid-post-holder\">\n            <div class=\"eael-grid-post-holder-inner\"><div class=\"eael-entry-media\"><div class=\"eael-entry-overlay fade-in\"><i class=\"far fa-hand-pointer\" aria-hidden=\"true\"><\/i><a href=\"https:\/\/soymigrante.com\/revista\/como-fue-vencido-cabrakan-el-gigante-de-los-terremotos-en-el-popol-vuh\/\"><\/a><\/div><div class=\"eael-entry-thumbnail \">\n                <img loading=\"lazy\" decoding=\"async\" width=\"1024\" height=\"1024\" src=\"https:\/\/soymigrante.com\/revista\/wp-content\/uploads\/2025\/07\/cabracan-o-cabrakan-dios-maya-de-los-terremotos-2.webp\" class=\"attachment-large size-large wp-image-38961\" alt=\"Majestuosa figura de un dios Azteca en un entorno volc\u00e1nico con lava, ilustraci\u00f3n digital de estilo mitol\u00f3gico y cultural, ideal para contenido relacionado con historia, culturas ind\u00edgenas mexicanas y arte digital.\" srcset=\"https:\/\/soymigrante.com\/revista\/wp-content\/uploads\/2025\/07\/cabracan-o-cabrakan-dios-maya-de-los-terremotos-2.webp 1024w, https:\/\/soymigrante.com\/revista\/wp-content\/uploads\/2025\/07\/cabracan-o-cabrakan-dios-maya-de-los-terremotos-2-300x300.jpg 300w, https:\/\/soymigrante.com\/revista\/wp-content\/uploads\/2025\/07\/cabracan-o-cabrakan-dios-maya-de-los-terremotos-2-150x150.jpg 150w, https:\/\/soymigrante.com\/revista\/wp-content\/uploads\/2025\/07\/cabracan-o-cabrakan-dios-maya-de-los-terremotos-2-768x768.jpg 768w, https:\/\/soymigrante.com\/revista\/wp-content\/uploads\/2025\/07\/cabracan-o-cabrakan-dios-maya-de-los-terremotos-2-75x75.webp 75w, https:\/\/soymigrante.com\/revista\/wp-content\/uploads\/2025\/07\/cabracan-o-cabrakan-dios-maya-de-los-terremotos-2-750x750.webp 750w\" sizes=\"(max-width: 1024px) 100vw, 1024px\" \/>\n            <\/div>\n        <\/div><div class=\"eael-entry-wrapper\"><header class=\"eael-entry-header\"><h2 class=\"eael-entry-title\"><a class=\"eael-grid-post-link\" href=\"https:\/\/soymigrante.com\/revista\/como-fue-vencido-cabrakan-el-gigante-de-los-terremotos-en-el-popol-vuh\/\" title=\"\u00bfC\u00f3mo fue vencido Cabrak\u00e1n, el gigante de los terremotos en el Popol Vuh?\">\u00bfC\u00f3mo fue vencido Cabrak\u00e1n, el gigante de los terremotos en el Popol Vuh?<\/a><\/h2><\/header><div class=\"eael-entry-content\">\n                        <div class=\"eael-grid-post-excerpt\"><a href=\"https:\/\/soymigrante.com\/revista\/como-fue-vencido-cabrakan-el-gigante-de-los-terremotos-en-el-popol-vuh\/\" class=\"eael-post-elements-readmore-btn\">CONOCE SU HISTORIA <\/a><\/div>\n                    <\/div><\/div><\/div>\n        <\/div>\n    <\/article><\/div>\n            <div class=\"clearfix\"><\/div>\n        <\/div>\t\t\t\t<\/div>\n\t\t\t\t\t<\/div>\n\t\t\t\t<\/div>\n\t\t\t\t<\/div>\n\t\t","protected":false},"excerpt":{"rendered":"<p>La princesa Ixquic, hija de uno de los se\u00f1ores de Xibalb\u00e1, es decir se\u00f1ores del Inframundo, los mismos que derrotaron a Hun Hunahp\u00fa y Vucub Hunahp\u00fa, se convertir\u00e1 en madre de los gemelos h\u00e9roes Hunahp\u00fa e Ixbalanqu\u00e9, seg\u00fan relata el Popol Vuh. En el universo del Popol Vuh, libro sagrado de los mayas y Libro [&hellip;]<\/p>\n","protected":false},"author":7,"featured_media":40566,"comment_status":"open","ping_status":"open","sticky":false,"template":"","format":"standard","meta":{"_acf_changed":false,"_eb_attr":"","footnotes":""},"categories":[58],"tags":[257],"class_list":["post-40548","post","type-post","status-publish","format-standard","has-post-thumbnail","hentry","category-guate-nuestra","tag-personajes-del-popol-vuh"],"acf":[],"aioseo_notices":[],"aioseo_head":"\n\t\t<!-- All in One SEO Pro 4.9.6.2 - aioseo.com -->\n\t<meta name=\"description\" content=\"Este poderoso personaje figura en el Popol Vuh, libro sagrado maya, como el causante de fuertes terremotos. Huhahp\u00fa e Ixbalanqu\u00e9 lo derrotaron, as\u00ed\" \/>\n\t<meta name=\"robots\" content=\"max-snippet:-1, max-image-preview:large, max-video-preview:-1\" \/>\n\t<meta name=\"author\" content=\"SoyMigrante.com REVISTA\"\/>\n\t<link rel=\"canonical\" href=\"https:\/\/soymigrante.com\/revista\/como-fue-vencido-cabrakan-el-gigante-de-los-terremotos-en-el-popol-vuh\/\" \/>\n\t<meta name=\"generator\" content=\"All in One SEO Pro (AIOSEO) 4.9.6.2\" \/>\n\n\t\t<link rel=\"preconnect\" href=\"https:\/\/fonts.googleapis.com\" crossorigin>\n<link rel=\"preconnect\" href=\"https:\/\/fonts.gstatic.com\" crossorigin>\n\t\t<meta property=\"og:locale\" content=\"es_ES\" \/>\n\t\t<meta property=\"og:site_name\" content=\"SoyMigrante.com REVISTA \u2013 Nuestra misi\u00f3n es reconocer y dignificar al migrante.\" \/>\n\t\t<meta property=\"og:type\" content=\"article\" \/>\n\t\t<meta property=\"og:title\" content=\"\u00bfC\u00f3mo fue vencido Cabrak\u00e1n, el gigante de los terremotos?\" \/>\n\t\t<meta property=\"og:description\" content=\"Este poderoso personaje figura en el Popol Vuh, libro sagrado maya, como el causante de fuertes terremotos. Huhahp\u00fa e Ixbalanqu\u00e9 lo derrotaron, as\u00ed\" \/>\n\t\t<meta property=\"og:url\" content=\"https:\/\/soymigrante.com\/revista\/como-fue-vencido-cabrakan-el-gigante-de-los-terremotos-en-el-popol-vuh\/\" \/>\n\t\t<meta property=\"og:image\" content=\"https:\/\/soymigrante.com\/revista\/wp-content\/uploads\/2025\/07\/cabracan-o-cabrakan-dios-maya-de-los-terremotos-2.webp\" \/>\n\t\t<meta property=\"og:image:secure_url\" content=\"https:\/\/soymigrante.com\/revista\/wp-content\/uploads\/2025\/07\/cabracan-o-cabrakan-dios-maya-de-los-terremotos-2.webp\" \/>\n\t\t<meta property=\"og:image:width\" content=\"1024\" \/>\n\t\t<meta property=\"og:image:height\" content=\"1024\" \/>\n\t\t<meta property=\"article:published_time\" content=\"2025-07-10T00:59:56+00:00\" \/>\n\t\t<meta property=\"article:modified_time\" content=\"2025-07-30T16:20:53+00:00\" \/>\n\t\t<meta property=\"article:publisher\" content=\"https:\/\/www.facebook.com\/soymigrantecom\" \/>\n\t\t<meta name=\"twitter:card\" content=\"summary_large_image\" \/>\n\t\t<meta name=\"twitter:site\" content=\"@SoyMigrante_com\" \/>\n\t\t<meta name=\"twitter:title\" content=\"\u00bfC\u00f3mo fue vencido Cabrak\u00e1n, el gigante de los terremotos?\" \/>\n\t\t<meta name=\"twitter:description\" content=\"Este poderoso personaje figura en el Popol Vuh, libro sagrado maya, como el causante de fuertes terremotos. Huhahp\u00fa e Ixbalanqu\u00e9 lo derrotaron, as\u00ed\" \/>\n\t\t<meta name=\"twitter:creator\" content=\"@SoyMigrante_com\" \/>\n\t\t<meta name=\"twitter:image\" content=\"https:\/\/soymigrante.com\/revista\/wp-content\/uploads\/2025\/07\/cabracan-o-cabrakan-dios-maya-de-los-terremotos-2.webp\" \/>\n\t\t<!-- All in One SEO Pro -->\r\n\t\t<title>\u00bfC\u00f3mo fue vencido Cabrak\u00e1n, el gigante de los terremotos?<\/title>\n\n","aioseo_head_json":{"title":"\u00bfC\u00f3mo fue vencido Cabrak\u00e1n, el gigante de los terremotos?","description":"Este poderoso personaje figura en el Popol Vuh, libro sagrado maya, como el causante de fuertes terremotos. Huhahp\u00fa e Ixbalanqu\u00e9 lo derrotaron, as\u00ed","canonical_url":"https:\/\/soymigrante.com\/revista\/como-fue-vencido-cabrakan-el-gigante-de-los-terremotos-en-el-popol-vuh\/","robots":"max-snippet:-1, max-image-preview:large, max-video-preview:-1","keywords":"","webmasterTools":{"miscellaneous":"&lt;link rel=\"preconnect\" href=\"https:\/\/fonts.googleapis.com\" crossorigin&gt;\n&lt;link rel=\"preconnect\" href=\"https:\/\/fonts.gstatic.com\" crossorigin&gt;"},"schema":null,"og:locale":"es_ES","og:site_name":"SoyMigrante.com REVISTA \u2013 Nuestra misi\u00f3n es reconocer y dignificar al migrante.","og:type":"article","og:title":"\u00bfC\u00f3mo fue vencido Cabrak\u00e1n, el gigante de los terremotos?","og:description":"Este poderoso personaje figura en el Popol Vuh, libro sagrado maya, como el causante de fuertes terremotos. Huhahp\u00fa e Ixbalanqu\u00e9 lo derrotaron, as\u00ed","og:url":"https:\/\/soymigrante.com\/revista\/como-fue-vencido-cabrakan-el-gigante-de-los-terremotos-en-el-popol-vuh\/","og:image":"https:\/\/soymigrante.com\/revista\/wp-content\/uploads\/2025\/07\/cabracan-o-cabrakan-dios-maya-de-los-terremotos-2.webp","og:image:secure_url":"https:\/\/soymigrante.com\/revista\/wp-content\/uploads\/2025\/07\/cabracan-o-cabrakan-dios-maya-de-los-terremotos-2.webp","og:image:width":1024,"og:image:height":1024,"article:published_time":"2025-07-10T00:59:56+00:00","article:modified_time":"2025-07-30T16:20:53+00:00","article:publisher":"https:\/\/www.facebook.com\/soymigrantecom","twitter:card":"summary_large_image","twitter:site":"@SoyMigrante_com","twitter:title":"\u00bfC\u00f3mo fue vencido Cabrak\u00e1n, el gigante de los terremotos?","twitter:description":"Este poderoso personaje figura en el Popol Vuh, libro sagrado maya, como el causante de fuertes terremotos. Huhahp\u00fa e Ixbalanqu\u00e9 lo derrotaron, as\u00ed","twitter:creator":"@SoyMigrante_com","twitter:image":"https:\/\/soymigrante.com\/revista\/wp-content\/uploads\/2025\/07\/cabracan-o-cabrakan-dios-maya-de-los-terremotos-2.webp"},"aioseo_meta_data":{"post_id":"40548","title":"Personajes del Popol Vuh: la princesa Ixquic","description":"La princesa Ixquic es la madre de los gemelos h\u00e9roes Hunahp\u00fa e Ixbalanqu\u00e9. Era hija de un se\u00f1or de Xibalb\u00e1, el Inframundo, pero se volvi\u00f3 s\u00edmbolo de vida.","keywords":null,"keyphrases":{"focus":{"keyphrase":"Popol Vuh","score":91,"analysis":{"keyphraseInTitle":{"score":9,"maxScore":9,"error":0},"keyphraseInDescription":{"score":3,"maxScore":9,"error":1},"keyphraseLength":{"score":9,"maxScore":9,"error":0,"length":2},"keyphraseInURL":{"score":5,"maxScore":5,"error":0},"keyphraseInIntroduction":{"score":9,"maxScore":9,"error":0},"keyphraseInSubHeadings":{"score":9,"maxScore":9,"error":0},"keyphraseInImageAlt":{"score":9,"maxScore":9,"error":0},"keywordDensity":{"type":"best","score":9,"maxScore":9,"error":0}}},"additional":[{"keyphrase":"Ixquic","score":100,"analysis":{"keyphraseInDescription":{"score":9,"maxScore":9,"error":0},"keyphraseLength":{"score":9,"maxScore":9,"error":0,"length":1},"keyphraseInIntroduction":{"score":9,"maxScore":9,"error":0},"keyphraseInImageAlt":{"score":9,"maxScore":9,"error":0},"keywordDensity":{"type":"best","score":9,"maxScore":9,"error":0}}},{"keyphrase":"Inframundo","score":67,"analysis":{"keyphraseInDescription":{"score":9,"maxScore":9,"error":0},"keyphraseLength":{"score":9,"maxScore":9,"error":0,"length":1},"keyphraseInIntroduction":{"score":3,"maxScore":9,"error":1},"keyphraseInImageAlt":{"score":9,"maxScore":9,"error":0},"keywordDensity":{"score":0,"type":"low","maxScore":9,"error":1}}},{"keyphrase":"Maya","score":53,"analysis":{"keyphraseInDescription":{"score":3,"maxScore":9,"error":1},"keyphraseLength":{"score":9,"maxScore":9,"error":0,"length":1},"keyphraseInIntroduction":{"score":3,"maxScore":9,"error":1},"keyphraseInImageAlt":{"score":9,"maxScore":9,"error":0},"keywordDensity":{"score":0,"type":"low","maxScore":9,"error":1}}},{"keyphrase":"Princesa","score":100,"analysis":{"keyphraseInDescription":{"score":9,"maxScore":9,"error":0},"keyphraseLength":{"score":9,"maxScore":9,"error":0,"length":1},"keyphraseInIntroduction":{"score":9,"maxScore":9,"error":0},"keyphraseInImageAlt":{"score":9,"maxScore":9,"error":0},"keywordDensity":{"type":"best","score":9,"maxScore":9,"error":0}}}]},"primary_term":null,"canonical_url":null,"og_title":null,"og_description":null,"og_object_type":"default","og_image_type":"default","og_image_url":null,"og_image_width":null,"og_image_height":null,"og_image_custom_url":null,"og_image_custom_fields":null,"og_video":"","og_custom_url":null,"og_article_section":null,"og_article_tags":null,"twitter_use_og":false,"twitter_card":"default","twitter_image_type":"default","twitter_image_url":null,"twitter_image_custom_url":null,"twitter_image_custom_fields":null,"twitter_title":null,"twitter_description":null,"schema":{"blockGraphs":[],"customGraphs":[],"default":{"data":{"Article":[],"Course":[],"Dataset":[],"FAQPage":[],"Movie":[],"Person":[],"Product":[],"ProductReview":[],"Car":[],"Recipe":[],"Service":[],"SoftwareApplication":[],"WebPage":[]},"graphName":"none","isEnabled":true},"graphs":[]},"schema_type":"default","schema_type_options":null,"pillar_content":false,"robots_default":true,"robots_noindex":false,"robots_noarchive":false,"robots_nosnippet":false,"robots_nofollow":false,"robots_noimageindex":false,"robots_noodp":false,"robots_notranslate":false,"robots_max_snippet":"-1","robots_max_videopreview":"-1","robots_max_imagepreview":"large","priority":null,"frequency":"default","local_seo":null,"seo_analyzer_scan_date":"2025-10-09 07:13:55","breadcrumb_settings":null,"limit_modified_date":false,"reviewed_by":"0","open_ai":null,"ai":{"faqs":[],"keyPoints":[],"titles":[],"descriptions":[],"socialPosts":{"email":[],"linkedin":[],"twitter":[],"facebook":[],"instagram":[]}},"created":"2025-07-26 18:55:50","updated":"2026-02-05 03:19:14"},"aioseo_breadcrumb":"<div class=\"aioseo-breadcrumbs\"><span class=\"aioseo-breadcrumb\">\n\t<a href=\"https:\/\/soymigrante.com\/revista\" title=\"Home\">Home<\/a>\n<\/span><span class=\"aioseo-breadcrumb-separator\">\u00bb<\/span><span class=\"aioseo-breadcrumb\">\n\t<a href=\"https:\/\/soymigrante.com\/revista\/category\/guate-nuestra\/\" title=\"Guate Nuestra\">Guate Nuestra<\/a>\n<\/span><span class=\"aioseo-breadcrumb-separator\">\u00bb<\/span><span class=\"aioseo-breadcrumb\">\n\tPersonajes del Popol Vuh: la princesa Ixquic, del inframundo a madre de Hunahp\u00fa e Ixbalanqu\u00e9\n<\/span><\/div>","aioseo_breadcrumb_json":[{"label":"Home","link":"https:\/\/soymigrante.com\/revista"},{"label":"Guate Nuestra","link":"https:\/\/soymigrante.com\/revista\/category\/guate-nuestra\/"},{"label":"Personajes del Popol Vuh: la princesa Ixquic, del inframundo a madre de Hunahp\u00fa e Ixbalanqu\u00e9","link":"https:\/\/soymigrante.com\/revista\/personajes-del-popol-vuh-la-princesa-ixquic-del-inframundo-a-la-vida\/"}],"_links":{"self":[{"href":"https:\/\/soymigrante.com\/revista\/wp-json\/wp\/v2\/posts\/40548","targetHints":{"allow":["GET"]}}],"collection":[{"href":"https:\/\/soymigrante.com\/revista\/wp-json\/wp\/v2\/posts"}],"about":[{"href":"https:\/\/soymigrante.com\/revista\/wp-json\/wp\/v2\/types\/post"}],"author":[{"embeddable":true,"href":"https:\/\/soymigrante.com\/revista\/wp-json\/wp\/v2\/users\/7"}],"replies":[{"embeddable":true,"href":"https:\/\/soymigrante.com\/revista\/wp-json\/wp\/v2\/comments?post=40548"}],"version-history":[{"count":17,"href":"https:\/\/soymigrante.com\/revista\/wp-json\/wp\/v2\/posts\/40548\/revisions"}],"predecessor-version":[{"id":40858,"href":"https:\/\/soymigrante.com\/revista\/wp-json\/wp\/v2\/posts\/40548\/revisions\/40858"}],"wp:featuredmedia":[{"embeddable":true,"href":"https:\/\/soymigrante.com\/revista\/wp-json\/wp\/v2\/media\/40566"}],"wp:attachment":[{"href":"https:\/\/soymigrante.com\/revista\/wp-json\/wp\/v2\/media?parent=40548"}],"wp:term":[{"taxonomy":"category","embeddable":true,"href":"https:\/\/soymigrante.com\/revista\/wp-json\/wp\/v2\/categories?post=40548"},{"taxonomy":"post_tag","embeddable":true,"href":"https:\/\/soymigrante.com\/revista\/wp-json\/wp\/v2\/tags?post=40548"}],"curies":[{"name":"wp","href":"https:\/\/api.w.org\/{rel}","templated":true}]}}