{"id":40533,"date":"2025-07-26T11:48:54","date_gmt":"2025-07-26T17:48:54","guid":{"rendered":"https:\/\/soymigrante.com\/revista\/?p=40533"},"modified":"2025-09-16T08:54:47","modified_gmt":"2025-09-16T14:54:47","slug":"princesa-rabin-ajaw-en-coban-alta-verapaz-que-requisitos-deben-cumplir-las-participantes","status":"publish","type":"post","link":"https:\/\/soymigrante.com\/revista\/princesa-rabin-ajaw-en-coban-alta-verapaz-que-requisitos-deben-cumplir-las-participantes\/","title":{"rendered":"Princesa Rab\u00edn Ajaw en Cob\u00e1n, Alta Verapaz \u00bfQu\u00e9 requisitos deben cumplir las participantes?"},"content":{"rendered":"\t\t<div data-elementor-type=\"wp-post\" data-elementor-id=\"40533\" class=\"elementor elementor-40533\" data-elementor-post-type=\"post\">\n\t\t\t\t<div data-particle_enable=\"false\" data-particle-mobile-disabled=\"false\" class=\"elementor-element elementor-element-fb40bfb e-flex e-con-boxed e-con e-parent\" data-id=\"fb40bfb\" data-element_type=\"container\" data-e-type=\"container\">\n\t\t\t\t\t<div class=\"e-con-inner\">\n\t\t\t\t<div class=\"elementor-element elementor-element-26605bc elementor-widget elementor-widget-heading\" data-id=\"26605bc\" data-element_type=\"widget\" data-e-type=\"widget\" data-widget_type=\"heading.default\">\n\t\t\t\t\t<h2 class=\"elementor-heading-title elementor-size-default\">Elecci\u00f3n anual de la princesa Rab\u00edn Ajaw o Hija del Rey se efect\u00faa anualmente en Cob\u00e1n, Alta Verapaz, desde 1969 durante festival en el cual participan comunidades mayas de todo el pa\u00eds. Para participar, las aspirantes deben cumplir varias condiciones.<\/h2>\t\t\t\t<\/div>\n\t\t\t\t\t<\/div>\n\t\t\t\t<\/div>\n\t\t<div data-particle_enable=\"false\" data-particle-mobile-disabled=\"false\" class=\"elementor-element elementor-element-f260a8b e-flex e-con-boxed e-con e-parent\" data-id=\"f260a8b\" data-element_type=\"container\" data-e-type=\"container\">\n\t\t\t\t\t<div class=\"e-con-inner\">\n\t\t\t\t<div class=\"elementor-element elementor-element-e4ce40f elementor-widget elementor-widget-text-editor\" data-id=\"e4ce40f\" data-element_type=\"widget\" data-e-type=\"widget\" data-widget_type=\"text-editor.default\">\n\t\t\t\t\t\t\t\t\t<p>Este 2025 se registra una participaci\u00f3n r\u00e9cord en el certamen de elecci\u00f3n de Princesa Rab\u00edn Ajau (Hija del Rey) como parte del 57 Festival Folkl\u00f3rico Nacional de Cob\u00e1n, Alta Verapaz: 129 j\u00f3venes, representantes de igual n\u00famero de pueblos mayas de toda Guatemala.<\/p><p>Este certamen empez\u00f3 en 1969, por iniciativa del profesor Marco Aurelio Alonzo y un grupo de cobaneros entusiastas. Aunque ha tenido cr\u00edticas, ha sido y sigue siendo el principal encuentro de comunidades y expresiones culturales mayas de todo el pa\u00eds.<\/p>\t\t\t\t\t\t\t\t<\/div>\n\t\t\t\t\t<\/div>\n\t\t\t\t<\/div>\n\t\t<div data-particle_enable=\"false\" data-particle-mobile-disabled=\"false\" class=\"elementor-element elementor-element-54365f7 e-flex e-con-boxed e-con e-parent\" data-id=\"54365f7\" data-element_type=\"container\" data-e-type=\"container\">\n\t\t\t\t\t<div class=\"e-con-inner\">\n\t\t\t\t<div class=\"elementor-element elementor-element-05dfcd9 elementor-widget elementor-widget-image\" data-id=\"05dfcd9\" data-element_type=\"widget\" data-e-type=\"widget\" data-widget_type=\"image.default\">\n\t\t\t\t\t\t\t\t\t\t\t\t<figure class=\"wp-caption\">\n\t\t\t\t\t\t\t\t\t\t<img fetchpriority=\"high\" decoding=\"async\" width=\"1024\" height=\"670\" src=\"https:\/\/soymigrante.com\/revista\/wp-content\/uploads\/2025\/07\/rabin-ajaw-2025-angel-martin-tax-1024x670.jpg\" class=\"attachment-large size-large wp-image-40538\" alt=\"Fotograf\u00eda conmemorativa de todas las aspirantes a Rabin Ajaw 2025, junto a la Hija del Rey saliente, Arly Cholot\u00edo, enmedio de todas ellas. (Fotograf\u00eda cortes\u00eda de Angel Mart\u00edn Tax Yax, periodista altaverapacense). Candidatas Rabin Ajaw 2025 junto a la Rabin Ajaw Saliente Arly Paola Cholot\u00edo V\u00e1zquez, originaria de San Juan La Laguna, Solol\u00e1\" srcset=\"https:\/\/soymigrante.com\/revista\/wp-content\/uploads\/2025\/07\/rabin-ajaw-2025-angel-martin-tax-1024x670.jpg 1024w, https:\/\/soymigrante.com\/revista\/wp-content\/uploads\/2025\/07\/rabin-ajaw-2025-angel-martin-tax-300x196.jpg 300w, https:\/\/soymigrante.com\/revista\/wp-content\/uploads\/2025\/07\/rabin-ajaw-2025-angel-martin-tax-768x503.jpg 768w, https:\/\/soymigrante.com\/revista\/wp-content\/uploads\/2025\/07\/rabin-ajaw-2025-angel-martin-tax-1536x1006.jpg 1536w, https:\/\/soymigrante.com\/revista\/wp-content\/uploads\/2025\/07\/rabin-ajaw-2025-angel-martin-tax-750x491.jpg 750w, https:\/\/soymigrante.com\/revista\/wp-content\/uploads\/2025\/07\/rabin-ajaw-2025-angel-martin-tax-1140x746.jpg 1140w, https:\/\/soymigrante.com\/revista\/wp-content\/uploads\/2025\/07\/rabin-ajaw-2025-angel-martin-tax.jpg 1622w\" sizes=\"(max-width: 1024px) 100vw, 1024px\" title=\"Fotograf\u00eda conmemorativa de todas las aspirantes a Rabin Ajaw 2025, junto a la Hija del Rey saliente, Arly Cholot\u00edo, enmedio de todas ellas. (Fotograf\u00eda cortes\u00eda de Angel Mart\u00edn Tax Yax, periodista altaverapacense). Candidatas Rabin Ajaw 2025 junto a la Rabin Ajaw Saliente Arly Paola Cholot\u00edo V\u00e1zquez, originaria de San Juan La Laguna, Solol\u00e1 \u2013 SoyMigrante.com REVISTA\" \/>\t\t\t\t\t\t\t\t\t\t\t<figcaption class=\"widget-image-caption wp-caption-text\">Fotograf\u00eda conmemorativa de todas las aspirantes a Rabin Ajaw 2025, junto a la Hija del Rey saliente, Arly Cholot\u00edo, enmedio de todas ellas. (Fotograf\u00eda cortes\u00eda de Angel Mart\u00edn Tax Yax, periodista altaverapacense). Candidatas Rabin Ajaw 2025 junto a la Rabin Ajaw Saliente Arly Paola Cholot\u00edo V\u00e1zquez, originaria de San Juan La Laguna, Solol\u00e1<\/figcaption>\n\t\t\t\t\t\t\t\t\t\t<\/figure>\n\t\t\t\t\t\t\t\t\t<\/div>\n\t\t\t\t\t<\/div>\n\t\t\t\t<\/div>\n\t\t<div data-particle_enable=\"false\" data-particle-mobile-disabled=\"false\" class=\"elementor-element elementor-element-275e0cb e-flex e-con-boxed e-con e-parent\" data-id=\"275e0cb\" data-element_type=\"container\" data-e-type=\"container\">\n\t\t\t\t\t<div class=\"e-con-inner\">\n\t\t\t\t<div class=\"elementor-element elementor-element-e07ab43 elementor-widget elementor-widget-heading\" data-id=\"e07ab43\" data-element_type=\"widget\" data-e-type=\"widget\" data-widget_type=\"heading.default\">\n\t\t\t\t\t<h3 class=\"elementor-heading-title elementor-size-default\">\u00bfQu\u00e9 requisitos deben cumplir las participantes?<\/h3>\t\t\t\t<\/div>\n\t\t\t\t\t<\/div>\n\t\t\t\t<\/div>\n\t\t<div data-particle_enable=\"false\" data-particle-mobile-disabled=\"false\" class=\"elementor-element elementor-element-29b6012 e-flex e-con-boxed e-con e-parent\" data-id=\"29b6012\" data-element_type=\"container\" data-e-type=\"container\">\n\t\t\t\t\t<div class=\"e-con-inner\">\n\t\t\t\t<div class=\"elementor-element elementor-element-8f64bb7 elementor-widget elementor-widget-text-editor\" data-id=\"8f64bb7\" data-element_type=\"widget\" data-e-type=\"widget\" data-widget_type=\"text-editor.default\">\n\t\t\t\t\t\t\t\t\t<p>Para poder aspirar a figurar en la velada de elecci\u00f3n, los requisitos se pueden resumir as\u00ed:<\/p><ul><li>No hay un l\u00edmite de edad, pero el rango de 18 a 24 a\u00f1os son preferentes.\u00a0<\/li><li>La participante debe ser de ascendencia maya<\/li><li>Debe tener grados de escolaridad (han habido candidatas y ganadoras con estudios universitarios)<\/li><li>Sin parentesco con organizadores, miembros del comit\u00e9, o jueces<\/li><li>No haber participado en a\u00f1os anteriores<\/li><li>No estar en una relaci\u00f3n de pareja y debe permanecer soltera durante el a\u00f1o de su reinado.<\/li><\/ul>\t\t\t\t\t\t\t\t<\/div>\n\t\t\t\t\t<\/div>\n\t\t\t\t<\/div>\n\t\t<div data-particle_enable=\"false\" data-particle-mobile-disabled=\"false\" class=\"elementor-element elementor-element-c021025 e-flex e-con-boxed e-con e-parent\" data-id=\"c021025\" data-element_type=\"container\" data-e-type=\"container\">\n\t\t\t\t\t<div class=\"e-con-inner\">\n\t\t\t\t<div class=\"elementor-element elementor-element-ff55811 elementor-widget elementor-widget-heading\" data-id=\"ff55811\" data-element_type=\"widget\" data-e-type=\"widget\" data-widget_type=\"heading.default\">\n\t\t\t\t\t<h3 class=\"elementor-heading-title elementor-size-default\">Sobre el certamen<\/h3>\t\t\t\t<\/div>\n\t\t\t\t\t<\/div>\n\t\t\t\t<\/div>\n\t\t<div data-particle_enable=\"false\" data-particle-mobile-disabled=\"false\" class=\"elementor-element elementor-element-9ade0f4 e-flex e-con-boxed e-con e-parent\" data-id=\"9ade0f4\" data-element_type=\"container\" data-e-type=\"container\">\n\t\t\t\t\t<div class=\"e-con-inner\">\n\t\t\t\t<div class=\"elementor-element elementor-element-ee0b290 elementor-widget elementor-widget-text-editor\" data-id=\"ee0b290\" data-element_type=\"widget\" data-e-type=\"widget\" data-widget_type=\"text-editor.default\">\n\t\t\t\t\t\t\t\t\t<p>Todas las delegaciones empiezan a llegar desde toda Guatemala a Cob\u00e1n el d\u00eda mi\u00e9rcoles. Adem\u00e1s de las participantes tambi\u00e9n llegan grupos de marimba, danza y organizaciones comunitarias para orar, expresar hermandad y encontrarse con otros pueblos, as\u00ed como efectuar danzas y ceremonias solemnes para la buena realizaci\u00f3n del festival y la elecci\u00f3n.<\/p><ul><li>Las actividades comienzan oficialmente el jueves y la velada de elecci\u00f3n es la noche del \u00faltimo s\u00e1bado de julio.<\/li><li>En una primera ronda, todos las concursantes deben presentar un discurso en su idioma materno y en espa\u00f1o, sobre 7 temas preestablecidos.<\/li><li>Despu\u00e9s de esta fase de presentaci\u00f3n de discursos, viene la ceremonia de elecci\u00f3n en la cual se designan 13 finalistas a quienes se hacen preguntas para ser respondidas ante la concurrencia<\/li><li>El jurado selecciona a la ganadora.<\/li><li>La Rabin Ajau saliente corona a la nueva Hija del Rey. La corona es de plata, con tres plumas de quetzal, el ave nacional de Guatemala.\u00a0<\/li><\/ul>\t\t\t\t\t\t\t\t<\/div>\n\t\t\t\t\t<\/div>\n\t\t\t\t<\/div>\n\t\t<div data-particle_enable=\"false\" data-particle-mobile-disabled=\"false\" class=\"elementor-element elementor-element-2539643 e-flex e-con-boxed e-con e-parent\" data-id=\"2539643\" data-element_type=\"container\" data-e-type=\"container\">\n\t\t\t\t\t<div class=\"e-con-inner\">\n\t\t\t\t<div class=\"elementor-element elementor-element-4d0eb19 elementor-widget elementor-widget-heading\" data-id=\"4d0eb19\" data-element_type=\"widget\" data-e-type=\"widget\" data-widget_type=\"heading.default\">\n\t\t\t\t\t<h2 class=\"elementor-heading-title elementor-size-default\">Riqueza multicultural ancestral de Guatemala<\/h2>\t\t\t\t<\/div>\n\t\t\t\t\t<\/div>\n\t\t\t\t<\/div>\n\t\t<div data-particle_enable=\"false\" data-particle-mobile-disabled=\"false\" class=\"elementor-element elementor-element-2c13572 e-flex e-con-boxed e-con e-parent\" data-id=\"2c13572\" data-element_type=\"container\" data-e-type=\"container\">\n\t\t\t\t\t<div class=\"e-con-inner\">\n\t\t\t\t<div class=\"elementor-element elementor-element-2a8db4d elementor-grid-eael-col-3 elementor-grid-tablet-eael-col-2 elementor-grid-mobile-eael-col-1 elementor-invisible elementor-widget elementor-widget-eael-post-grid\" data-id=\"2a8db4d\" data-element_type=\"widget\" data-e-type=\"widget\" data-settings=\"{&quot;eael_post_grid_columns&quot;:&quot;eael-col-3&quot;,&quot;_animation&quot;:&quot;rollIn&quot;,&quot;eael_post_grid_columns_tablet&quot;:&quot;eael-col-2&quot;,&quot;eael_post_grid_columns_mobile&quot;:&quot;eael-col-1&quot;}\" data-widget_type=\"eael-post-grid.default\">\n\t\t\t\t\t<div id=\"eael-post-grid-2a8db4d\" class=\"eael-post-grid-container\">\n            <div class=\"eael-post-grid eael-post-appender eael-post-appender-2a8db4d eael-post-grid-style-one\" data-layout-mode=\"masonry\"><article class=\"eael-grid-post  eael-post-grid-column eael-pg-post-2390 category-guate-nuestra tags-danzas-de-guatemala\" data-id=\"2390\">\n        <div class=\"eael-grid-post-holder\">\n            <div class=\"eael-grid-post-holder-inner\"><div class=\"eael-entry-media\"><div class=\"eael-entry-overlay fade-in\"><i class=\"far fa-hand-pointer\" aria-hidden=\"true\"><\/i><a href=\"https:\/\/soymigrante.com\/revista\/guatemala-danza-el-baile-de-la-paach-de-san-marcos-es-patrimonio-de-la-humanidad\/\"><\/a><\/div><div class=\"eael-entry-thumbnail \">\n                <img decoding=\"async\" width=\"1000\" height=\"636\" src=\"https:\/\/soymigrante.com\/revista\/wp-content\/uploads\/2023\/09\/03672-HUG.webp\" class=\"attachment-large size-large wp-image-2424\" alt=\"La percusi\u00f3n del tambor abre paso al recorrido de los ancianos, padrinos y comunidad, en camino a la Casa de la Paazh (Fotograf\u00eda Archivo FLAAR-Unesco)\" srcset=\"https:\/\/soymigrante.com\/revista\/wp-content\/uploads\/2023\/09\/03672-HUG.webp 1000w, https:\/\/soymigrante.com\/revista\/wp-content\/uploads\/2023\/09\/03672-HUG-300x191.webp 300w, https:\/\/soymigrante.com\/revista\/wp-content\/uploads\/2023\/09\/03672-HUG-768x488.webp 768w, https:\/\/soymigrante.com\/revista\/wp-content\/uploads\/2023\/09\/03672-HUG-750x477.webp 750w\" sizes=\"(max-width: 1000px) 100vw, 1000px\" \/>\n            <\/div>\n        <\/div><div class=\"eael-entry-wrapper\"><header class=\"eael-entry-header\"><h2 class=\"eael-entry-title\"><a class=\"eael-grid-post-link\" href=\"https:\/\/soymigrante.com\/revista\/guatemala-danza-el-baile-de-la-paach-de-san-marcos-es-patrimonio-de-la-humanidad\/\" title=\"Danzas de Guatemala: El baile de La Paach, de San Marcos es Patrimonio de la Humanidad\">Danzas de Guatemala: El baile de La Paach, de San Marcos es Patrimonio de la Humanidad<\/a><\/h2><\/header><div class=\"eael-entry-content\">\n                        <div class=\"eael-grid-post-excerpt\"><a href=\"https:\/\/soymigrante.com\/revista\/guatemala-danza-el-baile-de-la-paach-de-san-marcos-es-patrimonio-de-la-humanidad\/\" class=\"eael-post-elements-readmore-btn\">CONOCE SU HISTORIA <\/a><\/div>\n                    <\/div><\/div><\/div>\n        <\/div>\n    <\/article><article class=\"eael-grid-post  eael-post-grid-column eael-pg-post-2456 category-guate-nuestra tags-danzas-de-guatemala\" data-id=\"2456\">\n        <div class=\"eael-grid-post-holder\">\n            <div class=\"eael-grid-post-holder-inner\"><div class=\"eael-entry-media\"><div class=\"eael-entry-overlay fade-in\"><i class=\"far fa-hand-pointer\" aria-hidden=\"true\"><\/i><a href=\"https:\/\/soymigrante.com\/revista\/guatemala-danza-el-palo-volador-en-joyabaj-cubulco-o-chichicastenango-siempre-es-memorable\/\"><\/a><\/div><div class=\"eael-entry-thumbnail \">\n                <img decoding=\"async\" width=\"1024\" height=\"604\" src=\"https:\/\/soymigrante.com\/revista\/wp-content\/uploads\/2023\/09\/Captura-de-pantalla-2023-09-04-073800-e1693837574983-1024x604.webp\" class=\"attachment-large size-large wp-image-2458\" alt=\"Los monos Hun Batz y Hun Chouen en lo alto del palo antes de descender. Captura de pantalla de video de TV Asunci\u00f3n Joyabaj.\" srcset=\"https:\/\/soymigrante.com\/revista\/wp-content\/uploads\/2023\/09\/Captura-de-pantalla-2023-09-04-073800-e1693837574983-1024x604.webp 1024w, https:\/\/soymigrante.com\/revista\/wp-content\/uploads\/2023\/09\/Captura-de-pantalla-2023-09-04-073800-e1693837574983-300x177.webp 300w, https:\/\/soymigrante.com\/revista\/wp-content\/uploads\/2023\/09\/Captura-de-pantalla-2023-09-04-073800-e1693837574983-768x453.webp 768w, https:\/\/soymigrante.com\/revista\/wp-content\/uploads\/2023\/09\/Captura-de-pantalla-2023-09-04-073800-e1693837574983-750x442.webp 750w, https:\/\/soymigrante.com\/revista\/wp-content\/uploads\/2023\/09\/Captura-de-pantalla-2023-09-04-073800-e1693837574983-1140x673.webp 1140w, https:\/\/soymigrante.com\/revista\/wp-content\/uploads\/2023\/09\/Captura-de-pantalla-2023-09-04-073800-e1693837574983.webp 1256w\" sizes=\"(max-width: 1024px) 100vw, 1024px\" \/>\n            <\/div>\n        <\/div><div class=\"eael-entry-wrapper\"><header class=\"eael-entry-header\"><h2 class=\"eael-entry-title\"><a class=\"eael-grid-post-link\" href=\"https:\/\/soymigrante.com\/revista\/guatemala-danza-el-palo-volador-en-joyabaj-cubulco-o-chichicastenango-siempre-es-memorable\/\" title=\"Danzas de Guatemala: El Palo Volador en Joyabaj, Cubulco o Chichicastenango es inolvidable\">Danzas de Guatemala: El Palo Volador en Joyabaj, Cubulco o Chichicastenango es inolvidable<\/a><\/h2><\/header><div class=\"eael-entry-content\">\n                        <div class=\"eael-grid-post-excerpt\"><a href=\"https:\/\/soymigrante.com\/revista\/guatemala-danza-el-palo-volador-en-joyabaj-cubulco-o-chichicastenango-siempre-es-memorable\/\" class=\"eael-post-elements-readmore-btn\">CONOCE SU HISTORIA <\/a><\/div>\n                    <\/div><\/div><\/div>\n        <\/div>\n    <\/article><article class=\"eael-grid-post  eael-post-grid-column eael-pg-post-2449 category-guate-nuestra tags-danzas-de-guatemala\" data-id=\"2449\">\n        <div class=\"eael-grid-post-holder\">\n            <div class=\"eael-grid-post-holder-inner\"><div class=\"eael-entry-media\"><div class=\"eael-entry-overlay fade-in\"><i class=\"far fa-hand-pointer\" aria-hidden=\"true\"><\/i><a href=\"https:\/\/soymigrante.com\/revista\/danza-guatemala-el-ancestral-baile-del-venado\/\"><\/a><\/div><div class=\"eael-entry-thumbnail \">\n                <img loading=\"lazy\" decoding=\"async\" width=\"1024\" height=\"683\" src=\"https:\/\/soymigrante.com\/revista\/wp-content\/uploads\/2023\/09\/DANZA-DEL-VENADO-CUNEN-QUICHE-1024x683.webp\" class=\"attachment-large size-large wp-image-2450\" alt=\"DANZA DEL VENADO CUNEN QUICHE\" srcset=\"https:\/\/soymigrante.com\/revista\/wp-content\/uploads\/2023\/09\/DANZA-DEL-VENADO-CUNEN-QUICHE-1024x683.webp 1024w, https:\/\/soymigrante.com\/revista\/wp-content\/uploads\/2023\/09\/DANZA-DEL-VENADO-CUNEN-QUICHE-300x200.webp 300w, https:\/\/soymigrante.com\/revista\/wp-content\/uploads\/2023\/09\/DANZA-DEL-VENADO-CUNEN-QUICHE-768x512.webp 768w, https:\/\/soymigrante.com\/revista\/wp-content\/uploads\/2023\/09\/DANZA-DEL-VENADO-CUNEN-QUICHE-1536x1024.webp 1536w, https:\/\/soymigrante.com\/revista\/wp-content\/uploads\/2023\/09\/DANZA-DEL-VENADO-CUNEN-QUICHE-750x500.webp 750w, https:\/\/soymigrante.com\/revista\/wp-content\/uploads\/2023\/09\/DANZA-DEL-VENADO-CUNEN-QUICHE-1140x760.webp 1140w, https:\/\/soymigrante.com\/revista\/wp-content\/uploads\/2023\/09\/DANZA-DEL-VENADO-CUNEN-QUICHE-600x400.webp 600w, https:\/\/soymigrante.com\/revista\/wp-content\/uploads\/2023\/09\/DANZA-DEL-VENADO-CUNEN-QUICHE.webp 1920w\" sizes=\"(max-width: 1024px) 100vw, 1024px\" \/>\n            <\/div>\n        <\/div><div class=\"eael-entry-wrapper\"><header class=\"eael-entry-header\"><h2 class=\"eael-entry-title\"><a class=\"eael-grid-post-link\" href=\"https:\/\/soymigrante.com\/revista\/danza-guatemala-el-ancestral-baile-del-venado\/\" title=\"Danzas de Guatemala: El  Baile del Venado est\u00e1 en la memoria de muchos migrantes.\">Danzas de Guatemala: El  Baile del Venado est\u00e1 en la memoria de muchos migrantes.<\/a><\/h2><\/header><div class=\"eael-entry-content\">\n                        <div class=\"eael-grid-post-excerpt\"><a href=\"https:\/\/soymigrante.com\/revista\/danza-guatemala-el-ancestral-baile-del-venado\/\" class=\"eael-post-elements-readmore-btn\">CONOCE SU HISTORIA <\/a><\/div>\n                    <\/div><\/div><\/div>\n        <\/div>\n    <\/article><\/div>\n            <div class=\"clearfix\"><\/div>\n        <\/div>\t\t\t\t<\/div>\n\t\t\t\t\t<\/div>\n\t\t\t\t<\/div>\n\t\t\t\t<\/div>\n\t\t","protected":false},"excerpt":{"rendered":"<p>Elecci\u00f3n anual de la princesa Rab\u00edn Ajaw o Hija del Rey se efect\u00faa anualmente en Cob\u00e1n, Alta Verapaz, desde 1969 durante festival en el cual participan comunidades mayas de todo el pa\u00eds. Para participar, las aspirantes deben cumplir varias condiciones. Este 2025 se registra una participaci\u00f3n r\u00e9cord en el certamen de elecci\u00f3n de Princesa Rab\u00edn [&hellip;]<\/p>\n","protected":false},"author":1,"featured_media":40534,"comment_status":"open","ping_status":"open","sticky":false,"template":"","format":"standard","meta":{"_acf_changed":false,"_eb_attr":"","footnotes":""},"categories":[58],"tags":[],"class_list":["post-40533","post","type-post","status-publish","format-standard","has-post-thumbnail","hentry","category-guate-nuestra"],"acf":[],"aioseo_notices":[],"aioseo_head":"\n\t\t<!-- All in One SEO Pro 4.9.6.2 - aioseo.com -->\n\t<meta name=\"description\" content=\"Se calcula que El Baile del Venado surgi\u00f3 hace 1,500 a\u00f1os como un ritual de cacer\u00eda; tiene unos 26 danzantes y en cada localidad donde se celebra tiene distintas caracter\u00edsticas. Tradici\u00f3n en al menos 35 comunidades El Baile del Venado es una danza ritual que surgi\u00f3 hace unos 1,500 a\u00f1os, es decir en plena \u00e9poca\" \/>\n\t<meta name=\"robots\" content=\"max-snippet:-1, max-image-preview:large, max-video-preview:-1\" \/>\n\t<meta name=\"author\" content=\"SoyMigrante.com REVISTA\"\/>\n\t<link rel=\"canonical\" href=\"https:\/\/soymigrante.com\/revista\/princesa-rabin-ajaw-en-coban-alta-verapaz-que-requisitos-deben-cumplir-las-participantes\/\" \/>\n\t<meta name=\"generator\" content=\"All in One SEO Pro (AIOSEO) 4.9.6.2\" \/>\n\n\t\t<link rel=\"preconnect\" href=\"https:\/\/fonts.googleapis.com\" crossorigin>\n<link rel=\"preconnect\" href=\"https:\/\/fonts.gstatic.com\" crossorigin>\n\t\t<meta property=\"og:locale\" content=\"es_ES\" \/>\n\t\t<meta property=\"og:site_name\" content=\"SoyMigrante.com REVISTA \u2013 Nuestra misi\u00f3n es reconocer y dignificar al migrante.\" \/>\n\t\t<meta property=\"og:type\" content=\"article\" \/>\n\t\t<meta property=\"og:title\" content=\"Princesa Rab\u00edn Ajaw \u00bfQu\u00e9 requisitos hay para las aspirantes?\" \/>\n\t\t<meta property=\"og:description\" content=\"La elecci\u00f3nde Rab\u00edn Ajaw o Hija del Rey en el Festival de Cob\u00e1n, Alta Verapaz, re\u00fane a candidatas de todas regiones y pueblos mayas. \u00bfQu\u00e9 requisitos exigen?\" \/>\n\t\t<meta property=\"og:url\" content=\"https:\/\/soymigrante.com\/revista\/princesa-rabin-ajaw-en-coban-alta-verapaz-que-requisitos-deben-cumplir-las-participantes\/\" \/>\n\t\t<meta property=\"og:image\" content=\"https:\/\/soymigrante.com\/revista\/wp-content\/uploads\/2025\/07\/cuadrada.jpg\" \/>\n\t\t<meta property=\"og:image:secure_url\" content=\"https:\/\/soymigrante.com\/revista\/wp-content\/uploads\/2025\/07\/cuadrada.jpg\" \/>\n\t\t<meta property=\"og:image:width\" content=\"809\" \/>\n\t\t<meta property=\"og:image:height\" content=\"809\" \/>\n\t\t<meta property=\"article:published_time\" content=\"2025-07-26T17:48:54+00:00\" \/>\n\t\t<meta property=\"article:modified_time\" content=\"2025-09-16T14:54:47+00:00\" \/>\n\t\t<meta property=\"article:publisher\" content=\"https:\/\/www.facebook.com\/soymigrantecom\" \/>\n\t\t<meta name=\"twitter:card\" content=\"summary_large_image\" \/>\n\t\t<meta name=\"twitter:site\" content=\"@SoyMigrante_com\" \/>\n\t\t<meta name=\"twitter:title\" content=\"Princesa Rab\u00edn Ajaw \u00bfQu\u00e9 requisitos hay para las aspirantes?\" \/>\n\t\t<meta name=\"twitter:description\" content=\"La elecci\u00f3nde Rab\u00edn Ajaw o Hija del Rey en el Festival de Cob\u00e1n, Alta Verapaz, re\u00fane a candidatas de todas regiones y pueblos mayas. \u00bfQu\u00e9 requisitos exigen?\" \/>\n\t\t<meta name=\"twitter:creator\" content=\"@SoyMigrante_com\" \/>\n\t\t<meta name=\"twitter:image\" content=\"https:\/\/soymigrante.com\/revista\/wp-content\/uploads\/2025\/07\/cuadrada.jpg\" \/>\n\t\t<!-- All in One SEO Pro -->\r\n\t\t<title>Princesa Rab\u00edn Ajaw \u00bfQu\u00e9 requisitos hay para las aspirantes?<\/title>\n\n","aioseo_head_json":{"title":"Princesa Rab\u00edn Ajaw \u00bfQu\u00e9 requisitos hay para las aspirantes?","description":"La elecci\u00f3nde Rab\u00edn Ajaw o Hija del Rey en el Festival de Cob\u00e1n, Alta Verapaz, re\u00fane a candidatas de todas regiones y pueblos mayas. \u00bfQu\u00e9 requisitos exigen?","canonical_url":"https:\/\/soymigrante.com\/revista\/princesa-rabin-ajaw-en-coban-alta-verapaz-que-requisitos-deben-cumplir-las-participantes\/","robots":"max-snippet:-1, max-image-preview:large, max-video-preview:-1","keywords":"","webmasterTools":{"miscellaneous":"&lt;link rel=\"preconnect\" href=\"https:\/\/fonts.googleapis.com\" crossorigin&gt;\n&lt;link rel=\"preconnect\" href=\"https:\/\/fonts.gstatic.com\" crossorigin&gt;"},"schema":null,"og:locale":"es_ES","og:site_name":"SoyMigrante.com REVISTA \u2013 Nuestra misi\u00f3n es reconocer y dignificar al migrante.","og:type":"article","og:title":"Princesa Rab\u00edn Ajaw \u00bfQu\u00e9 requisitos hay para las aspirantes?","og:description":"La elecci\u00f3nde Rab\u00edn Ajaw o Hija del Rey en el Festival de Cob\u00e1n, Alta Verapaz, re\u00fane a candidatas de todas regiones y pueblos mayas. \u00bfQu\u00e9 requisitos exigen?","og:url":"https:\/\/soymigrante.com\/revista\/princesa-rabin-ajaw-en-coban-alta-verapaz-que-requisitos-deben-cumplir-las-participantes\/","og:image":"https:\/\/soymigrante.com\/revista\/wp-content\/uploads\/2025\/07\/cuadrada.jpg","og:image:secure_url":"https:\/\/soymigrante.com\/revista\/wp-content\/uploads\/2025\/07\/cuadrada.jpg","og:image:width":809,"og:image:height":809,"article:published_time":"2025-07-26T17:48:54+00:00","article:modified_time":"2025-09-16T14:54:47+00:00","article:publisher":"https:\/\/www.facebook.com\/soymigrantecom","twitter:card":"summary_large_image","twitter:site":"@SoyMigrante_com","twitter:title":"Princesa Rab\u00edn Ajaw \u00bfQu\u00e9 requisitos hay para las aspirantes?","twitter:description":"La elecci\u00f3nde Rab\u00edn Ajaw o Hija del Rey en el Festival de Cob\u00e1n, Alta Verapaz, re\u00fane a candidatas de todas regiones y pueblos mayas. \u00bfQu\u00e9 requisitos exigen?","twitter:creator":"@SoyMigrante_com","twitter:image":"https:\/\/soymigrante.com\/revista\/wp-content\/uploads\/2025\/07\/cuadrada.jpg"},"aioseo_meta_data":{"post_id":"40533","title":"Princesa Rab\u00edn Ajaw \u00bfQu\u00e9 requisitos hay para las aspirantes?","description":"La elecci\u00f3nde Rab\u00edn Ajaw o Hija del Rey en el Festival de Cob\u00e1n, Alta Verapaz, re\u00fane a candidatas de todas regiones y pueblos mayas. \u00bfQu\u00e9 requisitos exigen?","keywords":null,"keyphrases":{"focus":{"keyphrase":"Rab\u00edn Ajaw","score":60,"analysis":{"keyphraseInTitle":{"score":9,"maxScore":9,"error":0},"keyphraseInDescription":{"score":9,"maxScore":9,"error":0},"keyphraseLength":{"score":9,"maxScore":9,"error":0,"length":3},"keyphraseInURL":{"score":5,"maxScore":5,"error":0},"keyphraseInIntroduction":{"score":3,"maxScore":9,"error":1},"keyphraseInSubHeadings":{"score":3,"maxScore":9,"error":1},"keyphraseInImageAlt":{"score":3,"maxScore":9,"error":1},"keywordDensity":{"score":0,"type":"low","maxScore":9,"error":1}}},"additional":[{"keyphrase":"Cob\u00e1n","score":87,"analysis":{"keyphraseInDescription":{"score":9,"maxScore":9,"error":0},"keyphraseLength":{"score":9,"maxScore":9,"error":0,"length":2},"keyphraseInIntroduction":{"score":9,"maxScore":9,"error":0},"keyphraseInImageAlt":{"score":3,"maxScore":9,"error":1},"keywordDensity":{"type":"best","score":9,"maxScore":9,"error":0}}},{"keyphrase":"Alta Verapaz","score":67,"analysis":{"keyphraseInDescription":{"score":9,"maxScore":9,"error":0},"keyphraseLength":{"score":9,"maxScore":9,"error":0,"length":2},"keyphraseInIntroduction":{"score":9,"maxScore":9,"error":0},"keyphraseInImageAlt":{"score":3,"maxScore":9,"error":1},"keywordDensity":{"score":0,"type":"low","maxScore":9,"error":1}}}]},"primary_term":null,"canonical_url":null,"og_title":null,"og_description":null,"og_object_type":"default","og_image_type":"default","og_image_url":null,"og_image_width":null,"og_image_height":null,"og_image_custom_url":null,"og_image_custom_fields":null,"og_video":"","og_custom_url":null,"og_article_section":null,"og_article_tags":null,"twitter_use_og":false,"twitter_card":"default","twitter_image_type":"default","twitter_image_url":null,"twitter_image_custom_url":null,"twitter_image_custom_fields":null,"twitter_title":null,"twitter_description":null,"schema":{"blockGraphs":[],"customGraphs":[],"default":{"data":{"Article":[],"Course":[],"Dataset":[],"FAQPage":[],"Movie":[],"Person":[],"Product":[],"ProductReview":[],"Car":[],"Recipe":[],"Service":[],"SoftwareApplication":[],"WebPage":[]},"graphName":"none","isEnabled":true},"graphs":[]},"schema_type":"default","schema_type_options":null,"pillar_content":false,"robots_default":true,"robots_noindex":false,"robots_noarchive":false,"robots_nosnippet":false,"robots_nofollow":false,"robots_noimageindex":false,"robots_noodp":false,"robots_notranslate":false,"robots_max_snippet":"-1","robots_max_videopreview":"-1","robots_max_imagepreview":"large","priority":null,"frequency":"default","local_seo":null,"seo_analyzer_scan_date":"2025-10-09 07:13:54","breadcrumb_settings":null,"limit_modified_date":false,"reviewed_by":"0","open_ai":null,"ai":{"faqs":[],"keyPoints":[],"titles":[],"descriptions":[],"socialPosts":{"email":[],"linkedin":[],"twitter":[],"facebook":[],"instagram":[]}},"created":"2025-07-26 17:11:20","updated":"2026-02-05 03:19:14"},"aioseo_breadcrumb":"<div class=\"aioseo-breadcrumbs\"><span class=\"aioseo-breadcrumb\">\n\t<a href=\"https:\/\/soymigrante.com\/revista\" title=\"Home\">Home<\/a>\n<\/span><span class=\"aioseo-breadcrumb-separator\">\u00bb<\/span><span class=\"aioseo-breadcrumb\">\n\t<a href=\"https:\/\/soymigrante.com\/revista\/category\/guate-nuestra\/\" title=\"Guate Nuestra\">Guate Nuestra<\/a>\n<\/span><span class=\"aioseo-breadcrumb-separator\">\u00bb<\/span><span class=\"aioseo-breadcrumb\">\n\tPrincesa Rab\u00edn Ajaw en Cob\u00e1n, Alta Verapaz \u00bfQu\u00e9 requisitos deben cumplir las participantes?\n<\/span><\/div>","aioseo_breadcrumb_json":[{"label":"Home","link":"https:\/\/soymigrante.com\/revista"},{"label":"Guate Nuestra","link":"https:\/\/soymigrante.com\/revista\/category\/guate-nuestra\/"},{"label":"Princesa Rab\u00edn Ajaw en Cob\u00e1n, Alta Verapaz \u00bfQu\u00e9 requisitos deben cumplir las participantes?","link":"https:\/\/soymigrante.com\/revista\/princesa-rabin-ajaw-en-coban-alta-verapaz-que-requisitos-deben-cumplir-las-participantes\/"}],"_links":{"self":[{"href":"https:\/\/soymigrante.com\/revista\/wp-json\/wp\/v2\/posts\/40533","targetHints":{"allow":["GET"]}}],"collection":[{"href":"https:\/\/soymigrante.com\/revista\/wp-json\/wp\/v2\/posts"}],"about":[{"href":"https:\/\/soymigrante.com\/revista\/wp-json\/wp\/v2\/types\/post"}],"author":[{"embeddable":true,"href":"https:\/\/soymigrante.com\/revista\/wp-json\/wp\/v2\/users\/1"}],"replies":[{"embeddable":true,"href":"https:\/\/soymigrante.com\/revista\/wp-json\/wp\/v2\/comments?post=40533"}],"version-history":[{"count":11,"href":"https:\/\/soymigrante.com\/revista\/wp-json\/wp\/v2\/posts\/40533\/revisions"}],"predecessor-version":[{"id":44946,"href":"https:\/\/soymigrante.com\/revista\/wp-json\/wp\/v2\/posts\/40533\/revisions\/44946"}],"wp:featuredmedia":[{"embeddable":true,"href":"https:\/\/soymigrante.com\/revista\/wp-json\/wp\/v2\/media\/40534"}],"wp:attachment":[{"href":"https:\/\/soymigrante.com\/revista\/wp-json\/wp\/v2\/media?parent=40533"}],"wp:term":[{"taxonomy":"category","embeddable":true,"href":"https:\/\/soymigrante.com\/revista\/wp-json\/wp\/v2\/categories?post=40533"},{"taxonomy":"post_tag","embeddable":true,"href":"https:\/\/soymigrante.com\/revista\/wp-json\/wp\/v2\/tags?post=40533"}],"curies":[{"name":"wp","href":"https:\/\/api.w.org\/{rel}","templated":true}]}}