{"id":40430,"date":"2025-07-25T14:27:03","date_gmt":"2025-07-25T20:27:03","guid":{"rendered":"https:\/\/soymigrante.com\/revista\/?p=40430"},"modified":"2025-07-25T14:27:42","modified_gmt":"2025-07-25T20:27:42","slug":"en-marcha-la-eleccion-de-rabin-ajau-2025-en-el-festival-folklorico-de-coban","status":"publish","type":"post","link":"https:\/\/soymigrante.com\/revista\/en-marcha-la-eleccion-de-rabin-ajau-2025-en-el-festival-folklorico-de-coban\/","title":{"rendered":"En marcha la elecci\u00f3n de Rab\u00edn Ajau 2025 en el Festival Folkl\u00f3rico de Cob\u00e1n"},"content":{"rendered":"\t\t<div data-elementor-type=\"wp-post\" data-elementor-id=\"40430\" class=\"elementor elementor-40430\" data-elementor-post-type=\"post\">\n\t\t\t\t<div data-particle_enable=\"false\" data-particle-mobile-disabled=\"false\" class=\"elementor-element elementor-element-844ec29 e-flex e-con-boxed e-con e-parent\" data-id=\"844ec29\" data-element_type=\"container\" data-e-type=\"container\">\n\t\t\t\t\t<div class=\"e-con-inner\">\n\t\t\t\t<div class=\"elementor-element elementor-element-233dc17 elementor-widget elementor-widget-heading\" data-id=\"233dc17\" data-element_type=\"widget\" data-e-type=\"widget\" data-widget_type=\"heading.default\">\n\t\t\t\t\t<h2 class=\"elementor-heading-title elementor-size-default\">Alta Verapaz celebrar\u00e1 el Festival Folkl\u00f3rico Nacional de Cob\u00e1n con la elecci\u00f3n de Rab\u00edn Ajaw. <\/h2>\t\t\t\t<\/div>\n\t\t\t\t\t<\/div>\n\t\t\t\t<\/div>\n\t\t<div data-particle_enable=\"false\" data-particle-mobile-disabled=\"false\" class=\"elementor-element elementor-element-be89fc3 e-flex e-con-boxed e-con e-parent\" data-id=\"be89fc3\" data-element_type=\"container\" data-e-type=\"container\">\n\t\t\t\t\t<div class=\"e-con-inner\">\n\t\t\t\t<div class=\"elementor-element elementor-element-8effaf8 elementor-widget elementor-widget-text-editor\" data-id=\"8effaf8\" data-element_type=\"widget\" data-e-type=\"widget\" data-widget_type=\"text-editor.default\">\n\t\t\t\t\t\t\t\t\t<p>El Festival Folkl\u00f3rico Nacional de Cob\u00e1n, que incluye la tradicional elecci\u00f3n de la <a href=\"https:\/\/soymigrante.com\/revista\/brillan-pueblos-mayas-en-eleccion-de-rabin-ajau-y-festival-de-coban\/\" target=\"_blank\" rel=\"noopener\">Rab\u00edn Ajaw (Reina Ind\u00edgena Nacional)<\/a>, celebrar\u00e1 este a\u00f1o su 57.\u00aa edici\u00f3n con r\u00e9cord de participaci\u00f3n y alta visibilidad local y nacional. El certamen se lleva a cabo cada \u00faltimo s\u00e1bado de julio en la ciudad de Cob\u00e1n, epicentro de la cultura Q\u2019eqch\u00ed.<\/p>\t\t\t\t\t\t\t\t<\/div>\n\t\t\t\t\t<\/div>\n\t\t\t\t<\/div>\n\t\t<div data-particle_enable=\"false\" data-particle-mobile-disabled=\"false\" class=\"elementor-element elementor-element-db251b3 e-flex e-con-boxed e-con e-parent\" data-id=\"db251b3\" data-element_type=\"container\" data-e-type=\"container\">\n\t\t\t\t\t<div class=\"e-con-inner\">\n\t\t\t\t<div class=\"elementor-element elementor-element-f34b6a6 elementor-widget elementor-widget-heading\" data-id=\"f34b6a6\" data-element_type=\"widget\" data-e-type=\"widget\" data-widget_type=\"heading.default\">\n\t\t\t\t\t<h3 class=\"elementor-heading-title elementor-size-default\">Fechas y cronograma del certamen<\/h3>\t\t\t\t<\/div>\n\t\t\t\t\t<\/div>\n\t\t\t\t<\/div>\n\t\t<div data-particle_enable=\"false\" data-particle-mobile-disabled=\"false\" class=\"elementor-element elementor-element-2d0c875 e-flex e-con-boxed e-con e-parent\" data-id=\"2d0c875\" data-element_type=\"container\" data-e-type=\"container\">\n\t\t\t\t\t<div class=\"e-con-inner\">\n\t\t\t\t<div class=\"elementor-element elementor-element-88940c9 elementor-widget elementor-widget-text-editor\" data-id=\"88940c9\" data-element_type=\"widget\" data-e-type=\"widget\" data-widget_type=\"text-editor.default\">\n\t\t\t\t\t\t\t\t\t<div><strong>\u2022 Inscripciones e inicio del evento<\/strong>: del mi\u00e9rcoles 23 de julio de 2025, con llegada y registro de las candidatas.\u00a0\u00a0<\/div><div><strong>\u2022Ceremonia de coronaci\u00f3n:<\/strong> s\u00e1bado 26 de julio de 2025, <a href=\"https:\/\/soymigrante.com\/revista\/brillan-pueblos-mayas-en-eleccion-de-rabin-ajau-y-festival-de-coban\/\" target=\"_blank\" rel=\"noopener\">a partir de las 3:00 p.m. en el Instituto Nacional de la Juventud Alta Verapacense (INJUD) en Cob\u00e1n.<\/a> Presenta el evento el locutor Carlos de Triana, y se transmite en vivo por Facebook en la p\u00e1gina de la Municipalidad de Cob\u00e1n.\u00a0\u00a0<\/div>\t\t\t\t\t\t\t\t<\/div>\n\t\t\t\t\t<\/div>\n\t\t\t\t<\/div>\n\t\t<div data-particle_enable=\"false\" data-particle-mobile-disabled=\"false\" class=\"elementor-element elementor-element-b448a0c e-flex e-con-boxed e-con e-parent\" data-id=\"b448a0c\" data-element_type=\"container\" data-e-type=\"container\">\n\t\t\t\t\t<div class=\"e-con-inner\">\n\t\t\t\t<div class=\"elementor-element elementor-element-d8121eb elementor-invisible elementor-widget elementor-widget-facebook-embed\" data-id=\"d8121eb\" data-element_type=\"widget\" data-e-type=\"widget\" data-settings=\"{&quot;_animation&quot;:&quot;zoomInDown&quot;}\" data-widget_type=\"facebook-embed.default\">\n\t\t\t\t\t<div style=\"min-height: 1px\" class=\"elementor-facebook-widget fb-post\" data-href=\"https:\/\/www.facebook.com\/photo.php?fbid=1150509300428016&#038;set=pb.100064068693605.-2207520000&#038;type=3\" data-show-text=\"false\"><\/div>\t\t\t\t<\/div>\n\t\t\t\t\t<\/div>\n\t\t\t\t<\/div>\n\t\t<div data-particle_enable=\"false\" data-particle-mobile-disabled=\"false\" class=\"elementor-element elementor-element-0bd732a e-flex e-con-boxed e-con e-parent\" data-id=\"0bd732a\" data-element_type=\"container\" data-e-type=\"container\">\n\t\t\t\t\t<div class=\"e-con-inner\">\n\t\t\t\t<div class=\"elementor-element elementor-element-f4c395f elementor-widget elementor-widget-heading\" data-id=\"f4c395f\" data-element_type=\"widget\" data-e-type=\"widget\" data-widget_type=\"heading.default\">\n\t\t\t\t\t<h3 class=\"elementor-heading-title elementor-size-default\">Participantes y din\u00e1mica<\/h3>\t\t\t\t<\/div>\n\t\t\t\t\t<\/div>\n\t\t\t\t<\/div>\n\t\t<div data-particle_enable=\"false\" data-particle-mobile-disabled=\"false\" class=\"elementor-element elementor-element-caec69a e-flex e-con-boxed e-con e-parent\" data-id=\"caec69a\" data-element_type=\"container\" data-e-type=\"container\">\n\t\t\t\t\t<div class=\"e-con-inner\">\n\t\t\t\t<div class=\"elementor-element elementor-element-6c2cd5a elementor-widget elementor-widget-text-editor\" data-id=\"6c2cd5a\" data-element_type=\"widget\" data-e-type=\"widget\" data-widget_type=\"text-editor.default\">\n\t\t\t\t\t\t\t\t\t<div><strong>\u2022 R\u00e9cord de candidatas:<\/strong> por primera vez participan <strong>129 candidatas provenientes de al menos 18 departamentos<\/strong>, entre ellos Alta Verapaz, Quich\u00e9, Solol\u00e1, Totonicap\u00e1n, Chimaltenango, Izabal y Guatemala capital.\u00a0\u00a0<\/div><div><strong>\u2022La elecci\u00f3n incluye actividades previas:<\/strong> caminatas ceremoniales,<a href=\"https:\/\/soymigrante.com\/revista\/brillan-pueblos-mayas-en-eleccion-de-rabin-ajau-y-festival-de-coban\/\" target=\"_blank\" rel=\"noopener\"> discursos en espa\u00f1ol y en lengua maya, desfiles y una ceremonia ritual llamada Paab\u2019ank.\u00a0\u00a0<\/a><\/div>\t\t\t\t\t\t\t\t<\/div>\n\t\t\t\t\t<\/div>\n\t\t\t\t<\/div>\n\t\t<div data-particle_enable=\"false\" data-particle-mobile-disabled=\"false\" class=\"elementor-element elementor-element-ff96540 e-flex e-con-boxed e-con e-parent\" data-id=\"ff96540\" data-element_type=\"container\" data-e-type=\"container\">\n\t\t\t\t\t<div class=\"e-con-inner\">\n\t\t\t\t<div class=\"elementor-element elementor-element-59b3d3f elementor-invisible elementor-widget elementor-widget-facebook-embed\" data-id=\"59b3d3f\" data-element_type=\"widget\" data-e-type=\"widget\" data-settings=\"{&quot;_animation&quot;:&quot;zoomInDown&quot;}\" data-widget_type=\"facebook-embed.default\">\n\t\t\t\t\t<div style=\"min-height: 1px\" class=\"elementor-facebook-widget fb-post\" data-href=\"https:\/\/www.facebook.com\/photo.php?fbid=1149855650493381&#038;set=pb.100064068693605.-2207520000&#038;type=3\" data-show-text=\"false\"><\/div>\t\t\t\t<\/div>\n\t\t\t\t\t<\/div>\n\t\t\t\t<\/div>\n\t\t<div data-particle_enable=\"false\" data-particle-mobile-disabled=\"false\" class=\"elementor-element elementor-element-9c750ea e-flex e-con-boxed e-con e-parent\" data-id=\"9c750ea\" data-element_type=\"container\" data-e-type=\"container\">\n\t\t\t\t\t<div class=\"e-con-inner\">\n\t\t\t\t<div class=\"elementor-element elementor-element-8e4540f elementor-widget elementor-widget-heading\" data-id=\"8e4540f\" data-element_type=\"widget\" data-e-type=\"widget\" data-widget_type=\"heading.default\">\n\t\t\t\t\t<h3 class=\"elementor-heading-title elementor-size-default\">Requisitos y tradici\u00f3n cultural<\/h3>\t\t\t\t<\/div>\n\t\t\t\t\t<\/div>\n\t\t\t\t<\/div>\n\t\t<div data-particle_enable=\"false\" data-particle-mobile-disabled=\"false\" class=\"elementor-element elementor-element-28f1c2d e-flex e-con-boxed e-con e-parent\" data-id=\"28f1c2d\" data-element_type=\"container\" data-e-type=\"container\">\n\t\t\t\t\t<div class=\"e-con-inner\">\n\t\t\t\t<div class=\"elementor-element elementor-element-dd36c7b elementor-widget elementor-widget-text-editor\" data-id=\"dd36c7b\" data-element_type=\"widget\" data-e-type=\"widget\" data-widget_type=\"text-editor.default\">\n\t\t\t\t\t\t\t\t\t<div><strong>Seg\u00fan tradici\u00f3n:<\/strong><\/div><div>\u2022Participan mujeres de ascendencia maya, preferiblemente de entre 18 y 24 a\u00f1os, alfabetizadas y sin relaci\u00f3n con los organizadores o jurado.<\/div><div>\u2022No haber participado anteriormente y no estar en relaci\u00f3n de pareja. <a href=\"https:\/\/soymigrante.com\/revista\/brillan-pueblos-mayas-en-eleccion-de-rabin-ajau-y-festival-de-coban\/\" target=\"_blank\" rel=\"noopener\">La ganadora debe mantenerse soltera por un a\u00f1o tras el reinado.\u00a0\u00a0<\/a><\/div><div>\u2022Cada concursante presenta un discurso sobre uno de siete temas predeterminados, en espa\u00f1ol y su lengua maya nativa. Dominar el idioma original es fundamental.\u00a0\u00a0<\/div><div>\u2022El jurado selecciona a trece semifinalistas, quienes responden preguntas adicionales. Luego, la reina saliente corona a la nueva ganadora, quien recibe una corona de plata con tres plumas de quetzal y asume un rol de liderazgo cultural.\u00a0\u00a0<\/div>\t\t\t\t\t\t\t\t<\/div>\n\t\t\t\t\t<\/div>\n\t\t\t\t<\/div>\n\t\t<div data-particle_enable=\"false\" data-particle-mobile-disabled=\"false\" class=\"elementor-element elementor-element-644b248 e-flex e-con-boxed e-con e-parent\" data-id=\"644b248\" data-element_type=\"container\" data-e-type=\"container\">\n\t\t\t\t\t<div class=\"e-con-inner\">\n\t\t\t\t<div class=\"elementor-element elementor-element-9f510f9 elementor-widget elementor-widget-text-editor\" data-id=\"9f510f9\" data-element_type=\"widget\" data-e-type=\"widget\" data-widget_type=\"text-editor.default\">\n\t\t\t\t\t\t\t\t\t<div><strong>Significado cultural<\/strong><\/div><div>\u2022Rab\u00edn Ajaw es considerado una de las celebraciones mayas m\u00e1s importantes del pa\u00eds. Fue declarado Patrimonio Cultural Intangible de Guatemala por el Ministerio de Cultura y Deportes en 2010.\u00a0\u00a0<\/div><div>\u2022<a href=\"https:\/\/soymigrante.com\/revista\/brillan-pueblos-mayas-en-eleccion-de-rabin-ajau-y-festival-de-coban\/\" target=\"_blank\" rel=\"noopener\">El evento surgi\u00f3 en 1969 como un homenaje a la fundaci\u00f3n de Cob\u00e1n, tomando fuerza desde la d\u00e9cada de 1930 como feria con concursos de belleza ind\u00edgena.<\/a> Es tambi\u00e9n una plataforma para la valorizaci\u00f3n cultural y la reivindicaci\u00f3n ind\u00edgena.\u00a0\u00a0<\/div><div>\u00a0<\/div>\t\t\t\t\t\t\t\t<\/div>\n\t\t\t\t\t<\/div>\n\t\t\t\t<\/div>\n\t\t<div data-particle_enable=\"false\" data-particle-mobile-disabled=\"false\" class=\"elementor-element elementor-element-25d8a99 e-flex e-con-boxed e-con e-parent\" data-id=\"25d8a99\" data-element_type=\"container\" data-e-type=\"container\">\n\t\t\t\t\t<div class=\"e-con-inner\">\n\t\t\t\t<div class=\"elementor-element elementor-element-1b02432 elementor-invisible elementor-widget elementor-widget-facebook-embed\" data-id=\"1b02432\" data-element_type=\"widget\" data-e-type=\"widget\" data-settings=\"{&quot;_animation&quot;:&quot;zoomInDown&quot;}\" data-widget_type=\"facebook-embed.default\">\n\t\t\t\t\t<div style=\"min-height: 1px\" class=\"elementor-facebook-widget fb-post\" data-href=\"https:\/\/www.facebook.com\/photo.php?fbid=1148968660582080&#038;set=pb.100064068693605.-2207520000&#038;type=3\" data-show-text=\"false\"><\/div>\t\t\t\t<\/div>\n\t\t\t\t\t<\/div>\n\t\t\t\t<\/div>\n\t\t<div data-particle_enable=\"false\" data-particle-mobile-disabled=\"false\" class=\"elementor-element elementor-element-35e905a e-flex e-con-boxed e-con e-parent\" data-id=\"35e905a\" data-element_type=\"container\" data-e-type=\"container\">\n\t\t\t\t\t<div class=\"e-con-inner\">\n\t\t\t\t<div class=\"elementor-element elementor-element-e516fbd elementor-widget elementor-widget-heading\" data-id=\"e516fbd\" data-element_type=\"widget\" data-e-type=\"widget\" data-widget_type=\"heading.default\">\n\t\t\t\t\t<h3 class=\"elementor-heading-title elementor-size-default\">Datos del festival<\/h3>\t\t\t\t<\/div>\n\t\t\t\t\t<\/div>\n\t\t\t\t<\/div>\n\t\t<div data-particle_enable=\"false\" data-particle-mobile-disabled=\"false\" class=\"elementor-element elementor-element-f2b7c7c e-flex e-con-boxed e-con e-parent\" data-id=\"f2b7c7c\" data-element_type=\"container\" data-e-type=\"container\">\n\t\t\t\t\t<div class=\"e-con-inner\">\n\t\t\t\t<div class=\"elementor-element elementor-element-d102d0d elementor-widget elementor-widget-text-editor\" data-id=\"d102d0d\" data-element_type=\"widget\" data-e-type=\"widget\" data-widget_type=\"text-editor.default\">\n\t\t\t\t\t\t\t\t\t<p><strong>Evento<\/strong>: Festival Folkl\u00f3rico Nacional y elecci\u00f3n de Rab\u00edn Ajaw (Reina Ind\u00edgena)<br \/><strong>Lugar:<\/strong> Cob\u00e1n, Alta Verapaz<br \/><strong>Fechas clave:<\/strong> Inscripci\u00f3n: 23 julio; Coronaci\u00f3n: 26 julio 2025<br \/><strong>Candidatas:<\/strong> 129 participantes de todo el pa\u00eds<br \/><strong>Requisitos:<\/strong> Mujer maya, alfabetizada, soltera, no haber sido participante previa<br \/><strong>Actividades previas:<\/strong> Caminata, discursos triling\u00fces, desfile, ceremonias rituales<br \/><strong>Transmisi\u00f3n:<\/strong> <a href=\"https:\/\/www.facebook.com\/Municipalidaddecoban\" target=\"_blank\" rel=\"noopener\">Facebook Municipalidad de Cob\u00e1n<\/a><br \/><strong>Reconocimiento:<\/strong> Patrimonio Cultural Intangible de Guatemala<\/p>\t\t\t\t\t\t\t\t<\/div>\n\t\t\t\t\t<\/div>\n\t\t\t\t<\/div>\n\t\t<div data-particle_enable=\"false\" data-particle-mobile-disabled=\"false\" class=\"elementor-element elementor-element-75f43f3 e-flex e-con-boxed e-con e-parent\" data-id=\"75f43f3\" data-element_type=\"container\" data-e-type=\"container\">\n\t\t\t\t\t<div class=\"e-con-inner\">\n\t\t\t\t<div class=\"elementor-element elementor-element-c1a8342 elementor-invisible elementor-widget elementor-widget-facebook-embed\" data-id=\"c1a8342\" data-element_type=\"widget\" data-e-type=\"widget\" data-settings=\"{&quot;_animation&quot;:&quot;zoomInDown&quot;}\" data-widget_type=\"facebook-embed.default\">\n\t\t\t\t\t<div style=\"min-height: 1px\" class=\"elementor-facebook-widget fb-post\" data-href=\"https:\/\/www.facebook.com\/photo.php?fbid=1151225993689680&#038;set=pb.100064068693605.-2207520000&#038;type=3\" data-show-text=\"false\"><\/div>\t\t\t\t<\/div>\n\t\t\t\t\t<\/div>\n\t\t\t\t<\/div>\n\t\t<div data-particle_enable=\"false\" data-particle-mobile-disabled=\"false\" class=\"elementor-element elementor-element-e863231 e-flex e-con-boxed e-con e-parent\" data-id=\"e863231\" data-element_type=\"container\" data-e-type=\"container\">\n\t\t\t\t\t<div class=\"e-con-inner\">\n\t\t\t\t<div class=\"elementor-element elementor-element-2b2b069 elementor-widget elementor-widget-heading\" data-id=\"2b2b069\" data-element_type=\"widget\" data-e-type=\"widget\" data-widget_type=\"heading.default\">\n\t\t\t\t\t<h2 class=\"elementor-heading-title elementor-size-default\">Conoce m\u00e1s de Guatemala, ac\u00e1...<\/h2>\t\t\t\t<\/div>\n\t\t\t\t\t<\/div>\n\t\t\t\t<\/div>\n\t\t<div data-particle_enable=\"false\" data-particle-mobile-disabled=\"false\" class=\"elementor-element elementor-element-fd27816 e-flex e-con-boxed e-con e-parent\" data-id=\"fd27816\" data-element_type=\"container\" data-e-type=\"container\">\n\t\t\t\t\t<div class=\"e-con-inner\">\n\t\t\t\t<div class=\"elementor-element elementor-element-e86bb2e elementor-grid-eael-col-3 elementor-grid-tablet-eael-col-2 elementor-grid-mobile-eael-col-1 elementor-invisible elementor-widget elementor-widget-eael-post-grid\" data-id=\"e86bb2e\" data-element_type=\"widget\" data-e-type=\"widget\" data-settings=\"{&quot;eael_post_grid_columns&quot;:&quot;eael-col-3&quot;,&quot;_animation&quot;:&quot;rollIn&quot;,&quot;eael_post_grid_columns_tablet&quot;:&quot;eael-col-2&quot;,&quot;eael_post_grid_columns_mobile&quot;:&quot;eael-col-1&quot;}\" data-widget_type=\"eael-post-grid.default\">\n\t\t\t\t\t<div id=\"eael-post-grid-e86bb2e\" class=\"eael-post-grid-container\">\n            <div class=\"eael-post-grid eael-post-appender eael-post-appender-e86bb2e eael-post-grid-style-one\" data-layout-mode=\"masonry\"><article class=\"eael-grid-post  eael-post-grid-column eael-pg-post-32077 category-guate-nuestra tags-mercado-emprendedores\" data-id=\"32077\">\n        <div class=\"eael-grid-post-holder\">\n            <div class=\"eael-grid-post-holder-inner\"><div class=\"eael-entry-media\"><div class=\"eael-entry-overlay fade-in\"><i class=\"far fa-hand-pointer\" aria-hidden=\"true\"><\/i><a href=\"https:\/\/soymigrante.com\/revista\/teddy-y-la-fabrica-de-chocolate-artesanal-vive-cacao-de-coban-esta-en-mercado\/\"><\/a><\/div><div class=\"eael-entry-thumbnail \">\n                <img fetchpriority=\"high\" decoding=\"async\" width=\"1024\" height=\"1024\" src=\"https:\/\/soymigrante.com\/revista\/wp-content\/uploads\/2025\/04\/cocoa-powder-and-beans-2024-12-21-02-58-00-utc-1024x1024.jpg\" class=\"attachment-large size-large wp-image-32078\" alt=\"Nueces de cacao y polvo de cacao en un saco de yute con menta, canela y an\u00eds estrellado, ingredientes esenciales en la cultura y gastronom\u00eda del cacao.\" srcset=\"https:\/\/soymigrante.com\/revista\/wp-content\/uploads\/2025\/04\/cocoa-powder-and-beans-2024-12-21-02-58-00-utc-1024x1024.jpg 1024w, https:\/\/soymigrante.com\/revista\/wp-content\/uploads\/2025\/04\/cocoa-powder-and-beans-2024-12-21-02-58-00-utc-300x300.jpg 300w, https:\/\/soymigrante.com\/revista\/wp-content\/uploads\/2025\/04\/cocoa-powder-and-beans-2024-12-21-02-58-00-utc-150x150.jpg 150w, https:\/\/soymigrante.com\/revista\/wp-content\/uploads\/2025\/04\/cocoa-powder-and-beans-2024-12-21-02-58-00-utc-768x768.jpg 768w, https:\/\/soymigrante.com\/revista\/wp-content\/uploads\/2025\/04\/cocoa-powder-and-beans-2024-12-21-02-58-00-utc-1536x1536.jpg 1536w, https:\/\/soymigrante.com\/revista\/wp-content\/uploads\/2025\/04\/cocoa-powder-and-beans-2024-12-21-02-58-00-utc-2048x2048.jpg 2048w, https:\/\/soymigrante.com\/revista\/wp-content\/uploads\/2025\/04\/cocoa-powder-and-beans-2024-12-21-02-58-00-utc-75x75.webp 75w, https:\/\/soymigrante.com\/revista\/wp-content\/uploads\/2025\/04\/cocoa-powder-and-beans-2024-12-21-02-58-00-utc-750x750.webp 750w, https:\/\/soymigrante.com\/revista\/wp-content\/uploads\/2025\/04\/cocoa-powder-and-beans-2024-12-21-02-58-00-utc-1140x1140.webp 1140w, https:\/\/soymigrante.com\/revista\/wp-content\/uploads\/2025\/04\/cocoa-powder-and-beans-2024-12-21-02-58-00-utc-scaled.webp 1920w\" sizes=\"(max-width: 1024px) 100vw, 1024px\" \/>\n            <\/div>\n        <\/div><div class=\"eael-entry-wrapper\"><header class=\"eael-entry-header\"><h2 class=\"eael-entry-title\"><a class=\"eael-grid-post-link\" href=\"https:\/\/soymigrante.com\/revista\/teddy-y-la-fabrica-de-chocolate-artesanal-vive-cacao-de-coban-esta-en-mercado\/\" title=\"Teddy y la f\u00e1brica de chocolate artesanal Vive Cacao, de Cob\u00e1n est\u00e1 en MERCADO\">Teddy y la f\u00e1brica de chocolate artesanal Vive Cacao, de Cob\u00e1n est\u00e1 en MERCADO<\/a><\/h2><\/header><div class=\"eael-entry-content\">\n                        <div class=\"eael-grid-post-excerpt\"><a href=\"https:\/\/soymigrante.com\/revista\/teddy-y-la-fabrica-de-chocolate-artesanal-vive-cacao-de-coban-esta-en-mercado\/\" class=\"eael-post-elements-readmore-btn\">CONOCE SU HISTORIA <\/a><\/div>\n                    <\/div><\/div><\/div>\n        <\/div>\n    <\/article><article class=\"eael-grid-post  eael-post-grid-column eael-pg-post-22720 category-guate-nuestra\" data-id=\"22720\">\n        <div class=\"eael-grid-post-holder\">\n            <div class=\"eael-grid-post-holder-inner\"><div class=\"eael-entry-media\"><div class=\"eael-entry-overlay fade-in\"><i class=\"far fa-hand-pointer\" aria-hidden=\"true\"><\/i><a href=\"https:\/\/soymigrante.com\/revista\/chile-cobanero-un-fuego-picante-cultivado-en-la-verapaz\/\"><\/a><\/div><div class=\"eael-entry-thumbnail \">\n                <img decoding=\"async\" width=\"531\" height=\"531\" src=\"https:\/\/soymigrante.com\/revista\/wp-content\/uploads\/2025\/01\/chile-cobanero-2-e1738006149633.webp\" class=\"attachment-large size-large wp-image-22721\" alt=\"C\u00e1scaras de tamarindo secas, ideales para preparar dulces y salsas tradicionales mexicanas, ricas en sabor y aroma.\" srcset=\"https:\/\/soymigrante.com\/revista\/wp-content\/uploads\/2025\/01\/chile-cobanero-2-e1738006149633.webp 531w, https:\/\/soymigrante.com\/revista\/wp-content\/uploads\/2025\/01\/chile-cobanero-2-e1738006149633-300x300.jpeg 300w, https:\/\/soymigrante.com\/revista\/wp-content\/uploads\/2025\/01\/chile-cobanero-2-e1738006149633-150x150.jpeg 150w, https:\/\/soymigrante.com\/revista\/wp-content\/uploads\/2025\/01\/chile-cobanero-2-e1738006149633-75x75.webp 75w\" sizes=\"(max-width: 531px) 100vw, 531px\" \/>\n            <\/div>\n        <\/div><div class=\"eael-entry-wrapper\"><header class=\"eael-entry-header\"><h2 class=\"eael-entry-title\"><a class=\"eael-grid-post-link\" href=\"https:\/\/soymigrante.com\/revista\/chile-cobanero-un-fuego-picante-cultivado-en-la-verapaz\/\" title=\"Chile cobanero: un fuego picante cultivado en la Verapaz\">Chile cobanero: un fuego picante cultivado en la Verapaz<\/a><\/h2><\/header><div class=\"eael-entry-content\">\n                        <div class=\"eael-grid-post-excerpt\"><a href=\"https:\/\/soymigrante.com\/revista\/chile-cobanero-un-fuego-picante-cultivado-en-la-verapaz\/\" class=\"eael-post-elements-readmore-btn\">CONOCE SU HISTORIA <\/a><\/div>\n                    <\/div><\/div><\/div>\n        <\/div>\n    <\/article><article class=\"eael-grid-post  eael-post-grid-column eael-pg-post-7649 category-guate-nuestra\" data-id=\"7649\">\n        <div class=\"eael-grid-post-holder\">\n            <div class=\"eael-grid-post-holder-inner\"><div class=\"eael-entry-media\"><div class=\"eael-entry-overlay fade-in\"><i class=\"far fa-hand-pointer\" aria-hidden=\"true\"><\/i><a href=\"https:\/\/soymigrante.com\/revista\/brillan-pueblos-mayas-en-eleccion-de-rabin-ajau-y-festival-de-coban\/\"><\/a><\/div><div class=\"eael-entry-thumbnail \">\n                <img decoding=\"async\" width=\"677\" height=\"620\" src=\"https:\/\/soymigrante.com\/revista\/wp-content\/uploads\/2024\/07\/rabin-ajau-tax.webp\" class=\"attachment-large size-large wp-image-7665\" alt=\"Multitud de mujeres ind\u00edgenas vestidas con trajes tradicionales en una reuni\u00f3n cultural en un entorno urbano.\" srcset=\"https:\/\/soymigrante.com\/revista\/wp-content\/uploads\/2024\/07\/rabin-ajau-tax.webp 677w, https:\/\/soymigrante.com\/revista\/wp-content\/uploads\/2024\/07\/rabin-ajau-tax-300x275.webp 300w\" sizes=\"(max-width: 677px) 100vw, 677px\" \/>\n            <\/div>\n        <\/div><div class=\"eael-entry-wrapper\"><header class=\"eael-entry-header\"><h2 class=\"eael-entry-title\"><a class=\"eael-grid-post-link\" href=\"https:\/\/soymigrante.com\/revista\/brillan-pueblos-mayas-en-eleccion-de-rabin-ajau-y-festival-de-coban\/\" title=\"Brillan pueblos mayas en elecci\u00f3n de Rab\u00edn Ajau y Festival de Cob\u00e1n\">Brillan pueblos mayas en elecci\u00f3n de Rab\u00edn Ajau y Festival de Cob\u00e1n<\/a><\/h2><\/header><div class=\"eael-entry-content\">\n                        <div class=\"eael-grid-post-excerpt\"><a href=\"https:\/\/soymigrante.com\/revista\/brillan-pueblos-mayas-en-eleccion-de-rabin-ajau-y-festival-de-coban\/\" class=\"eael-post-elements-readmore-btn\">CONOCE SU HISTORIA <\/a><\/div>\n                    <\/div><\/div><\/div>\n        <\/div>\n    <\/article><\/div>\n            <div class=\"clearfix\"><\/div>\n        <\/div>\t\t\t\t<\/div>\n\t\t\t\t\t<\/div>\n\t\t\t\t<\/div>\n\t\t\t\t<\/div>\n\t\t","protected":false},"excerpt":{"rendered":"<p>Alta Verapaz celebrar\u00e1 el Festival Folkl\u00f3rico Nacional de Cob\u00e1n con la elecci\u00f3n de Rab\u00edn Ajaw. El Festival Folkl\u00f3rico Nacional de Cob\u00e1n, que incluye la tradicional elecci\u00f3n de la Rab\u00edn Ajaw (Reina Ind\u00edgena Nacional), celebrar\u00e1 este a\u00f1o su 57.\u00aa edici\u00f3n con r\u00e9cord de participaci\u00f3n y alta visibilidad local y nacional. El certamen se lleva a cabo [&hellip;]<\/p>\n","protected":false},"author":19,"featured_media":40431,"comment_status":"open","ping_status":"open","sticky":false,"template":"","format":"standard","meta":{"_acf_changed":false,"_eb_attr":"","footnotes":""},"categories":[58],"tags":[],"class_list":["post-40430","post","type-post","status-publish","format-standard","has-post-thumbnail","hentry","category-guate-nuestra"],"acf":[],"aioseo_notices":[],"aioseo_head":"\n\t\t<!-- All in One SEO Pro 4.9.6.2 - aioseo.com -->\n\t<meta name=\"description\" content=\"Desde 1969 se celebra en Cob\u00e1n, Alta Verapaz, la elecci\u00f3n de Rab\u00edn Ajau, Hija del Rey, entre j\u00f3venes provenientes de comunidades mayas de toda Guatemala. Es una fiesta de identidades con danzas, indumentaria tradicional y ritos ancestrales. Este a\u00f1o hay 114 participantes La elecci\u00f3n de Rab\u2019in Ajau en Cob\u00e1n Alta Verapaz es un certamen de Desde 1969 se celebra en Cob\u00e1n, Alta Verapaz, la elecci\u00f3n de Rab\u00edn Ajau, Hija del Rey, entre j\u00f3venes de etnias mayas de todo el pa\u00eds. Es una fiesta de identidad.\" \/>\n\t<meta name=\"robots\" content=\"max-snippet:-1, max-image-preview:large, max-video-preview:-1\" \/>\n\t<meta name=\"author\" content=\"Marysabel Aldana\"\/>\n\t<link rel=\"canonical\" href=\"https:\/\/soymigrante.com\/revista\/en-marcha-la-eleccion-de-rabin-ajau-2025-en-el-festival-folklorico-de-coban\/\" \/>\n\t<meta name=\"generator\" content=\"All in One SEO Pro (AIOSEO) 4.9.6.2\" \/>\n\n\t\t<link rel=\"preconnect\" href=\"https:\/\/fonts.googleapis.com\" crossorigin>\n<link rel=\"preconnect\" href=\"https:\/\/fonts.gstatic.com\" crossorigin>\n\t\t<meta property=\"og:locale\" content=\"es_ES\" \/>\n\t\t<meta property=\"og:site_name\" content=\"SoyMigrante.com REVISTA \u2013 Nuestra misi\u00f3n es reconocer y dignificar al migrante.\" \/>\n\t\t<meta property=\"og:type\" content=\"article\" \/>\n\t\t<meta property=\"og:title\" content=\"En marcha la elecci\u00f3n de Rab\u00edn Ajau 2025 en el Festival Folkl\u00f3rico de Cob\u00e1n\" \/>\n\t\t<meta property=\"og:description\" content=\"129 j\u00f3venes ind\u00edgenas representantes de municipios y pueblos mayas de toda Guatemala participan en la 57 elecci\u00f3n de la Hija del Rey: Rabin Ajau, en Cob\u00e1n.\" \/>\n\t\t<meta property=\"og:url\" content=\"https:\/\/soymigrante.com\/revista\/en-marcha-la-eleccion-de-rabin-ajau-2025-en-el-festival-folklorico-de-coban\/\" \/>\n\t\t<meta property=\"og:image\" content=\"https:\/\/soymigrante.com\/revista\/wp-content\/uploads\/2025\/07\/Rabin-Ajau-e1753466074828.webp\" \/>\n\t\t<meta property=\"og:image:secure_url\" content=\"https:\/\/soymigrante.com\/revista\/wp-content\/uploads\/2025\/07\/Rabin-Ajau-e1753466074828.webp\" \/>\n\t\t<meta property=\"og:image:width\" content=\"1536\" \/>\n\t\t<meta property=\"og:image:height\" content=\"1536\" \/>\n\t\t<meta property=\"article:published_time\" content=\"2025-07-25T20:27:03+00:00\" \/>\n\t\t<meta property=\"article:modified_time\" content=\"2025-07-25T20:27:42+00:00\" \/>\n\t\t<meta property=\"article:publisher\" content=\"https:\/\/www.facebook.com\/soymigrantecom\" \/>\n\t\t<meta name=\"twitter:card\" content=\"summary_large_image\" \/>\n\t\t<meta name=\"twitter:site\" content=\"@SoyMigrante_com\" \/>\n\t\t<meta name=\"twitter:title\" content=\"En marcha la elecci\u00f3n de Rab\u00edn Ajau 2025 en el Festival Folkl\u00f3rico de Cob\u00e1n\" \/>\n\t\t<meta name=\"twitter:description\" content=\"129 j\u00f3venes ind\u00edgenas representantes de municipios y pueblos mayas de toda Guatemala participan en la 57 elecci\u00f3n de la Hija del Rey: Rabin Ajau, en Cob\u00e1n.\" \/>\n\t\t<meta name=\"twitter:creator\" content=\"@SoyMigrante_com\" \/>\n\t\t<meta name=\"twitter:image\" content=\"https:\/\/soymigrante.com\/revista\/wp-content\/uploads\/2025\/07\/Rabin-Ajau-e1753466074828.webp\" \/>\n\t\t<!-- All in One SEO Pro -->\r\n\t\t<title>En marcha la elecci\u00f3n de Rab\u00edn Ajau 2025 en el Festival Folkl\u00f3rico de Cob\u00e1n<\/title>\n\n","aioseo_head_json":{"title":"En marcha la elecci\u00f3n de Rab\u00edn Ajau 2025 en el Festival Folkl\u00f3rico de Cob\u00e1n","description":"129 j\u00f3venes ind\u00edgenas representantes de municipios y pueblos mayas de toda Guatemala participan en la 57 elecci\u00f3n de la Hija del Rey: Rabin Ajau, en Cob\u00e1n.","canonical_url":"https:\/\/soymigrante.com\/revista\/en-marcha-la-eleccion-de-rabin-ajau-2025-en-el-festival-folklorico-de-coban\/","robots":"max-snippet:-1, max-image-preview:large, max-video-preview:-1","keywords":"","webmasterTools":{"miscellaneous":"&lt;link rel=\"preconnect\" href=\"https:\/\/fonts.googleapis.com\" crossorigin&gt;\n&lt;link rel=\"preconnect\" href=\"https:\/\/fonts.gstatic.com\" crossorigin&gt;"},"schema":null,"og:locale":"es_ES","og:site_name":"SoyMigrante.com REVISTA \u2013 Nuestra misi\u00f3n es reconocer y dignificar al migrante.","og:type":"article","og:title":"En marcha la elecci\u00f3n de Rab\u00edn Ajau 2025 en el Festival Folkl\u00f3rico de Cob\u00e1n","og:description":"129 j\u00f3venes ind\u00edgenas representantes de municipios y pueblos mayas de toda Guatemala participan en la 57 elecci\u00f3n de la Hija del Rey: Rabin Ajau, en Cob\u00e1n.","og:url":"https:\/\/soymigrante.com\/revista\/en-marcha-la-eleccion-de-rabin-ajau-2025-en-el-festival-folklorico-de-coban\/","og:image":"https:\/\/soymigrante.com\/revista\/wp-content\/uploads\/2025\/07\/Rabin-Ajau-e1753466074828.webp","og:image:secure_url":"https:\/\/soymigrante.com\/revista\/wp-content\/uploads\/2025\/07\/Rabin-Ajau-e1753466074828.webp","og:image:width":1536,"og:image:height":1536,"article:published_time":"2025-07-25T20:27:03+00:00","article:modified_time":"2025-07-25T20:27:42+00:00","article:publisher":"https:\/\/www.facebook.com\/soymigrantecom","twitter:card":"summary_large_image","twitter:site":"@SoyMigrante_com","twitter:title":"En marcha la elecci\u00f3n de Rab\u00edn Ajau 2025 en el Festival Folkl\u00f3rico de Cob\u00e1n","twitter:description":"129 j\u00f3venes ind\u00edgenas representantes de municipios y pueblos mayas de toda Guatemala participan en la 57 elecci\u00f3n de la Hija del Rey: Rabin Ajau, en Cob\u00e1n.","twitter:creator":"@SoyMigrante_com","twitter:image":"https:\/\/soymigrante.com\/revista\/wp-content\/uploads\/2025\/07\/Rabin-Ajau-e1753466074828.webp"},"aioseo_meta_data":{"post_id":"40430","title":null,"description":"129 j\u00f3venes ind\u00edgenas representantes de municipios y pueblos mayas de toda Guatemala participan en la 57 elecci\u00f3n de la Hija del Rey: Rabin Ajau, en Cob\u00e1n.","keywords":null,"keyphrases":{"focus":{"keyphrase":"Rab\u00edn Ajaw","score":59,"analysis":{"keyphraseInTitle":{"score":3,"maxScore":9,"error":1},"keyphraseInDescription":{"score":3,"maxScore":9,"error":1},"keyphraseLength":{"score":9,"maxScore":9,"error":0,"length":3},"keyphraseInURL":{"score":1,"maxScore":5,"error":1},"keyphraseInIntroduction":{"score":9,"maxScore":9,"error":0},"keyphraseInSubHeadings":{"score":3,"maxScore":9,"error":1},"keyphraseInImageAlt":{"score":3,"maxScore":9,"error":1},"keywordDensity":{"type":"best","score":9,"maxScore":9,"error":0}}},"additional":[{"keyphrase":"Cob\u00e1n","score":87,"analysis":{"keyphraseInDescription":{"score":9,"maxScore":9,"error":0},"keyphraseLength":{"score":9,"maxScore":9,"error":0,"length":2},"keyphraseInIntroduction":{"score":9,"maxScore":9,"error":0},"keyphraseInImageAlt":{"score":3,"maxScore":9,"error":1},"keywordDensity":{"type":"best","score":9,"maxScore":9,"error":0}}}]},"primary_term":null,"canonical_url":null,"og_title":null,"og_description":null,"og_object_type":"default","og_image_type":"default","og_image_url":null,"og_image_width":null,"og_image_height":null,"og_image_custom_url":null,"og_image_custom_fields":null,"og_video":"","og_custom_url":null,"og_article_section":null,"og_article_tags":null,"twitter_use_og":false,"twitter_card":"default","twitter_image_type":"default","twitter_image_url":null,"twitter_image_custom_url":null,"twitter_image_custom_fields":null,"twitter_title":null,"twitter_description":null,"schema":{"blockGraphs":[],"customGraphs":[],"default":{"data":{"Article":[],"Course":[],"Dataset":[],"FAQPage":[],"Movie":[],"Person":[],"Product":[],"ProductReview":[],"Car":[],"Recipe":[],"Service":[],"SoftwareApplication":[],"WebPage":[]},"graphName":"none","isEnabled":true},"graphs":[]},"schema_type":"default","schema_type_options":null,"pillar_content":false,"robots_default":true,"robots_noindex":false,"robots_noarchive":false,"robots_nosnippet":false,"robots_nofollow":false,"robots_noimageindex":false,"robots_noodp":false,"robots_notranslate":false,"robots_max_snippet":"-1","robots_max_videopreview":"-1","robots_max_imagepreview":"large","priority":null,"frequency":"default","local_seo":null,"seo_analyzer_scan_date":"2025-10-09 07:13:53","breadcrumb_settings":null,"limit_modified_date":false,"reviewed_by":"0","open_ai":null,"ai":{"faqs":[],"keyPoints":[],"titles":[],"descriptions":[],"socialPosts":{"email":[],"linkedin":[],"twitter":[],"facebook":[],"instagram":[]}},"created":"2025-07-25 17:56:13","updated":"2026-02-05 03:06:31"},"aioseo_breadcrumb":"<div class=\"aioseo-breadcrumbs\"><span class=\"aioseo-breadcrumb\">\n\t<a href=\"https:\/\/soymigrante.com\/revista\" title=\"Home\">Home<\/a>\n<\/span><span class=\"aioseo-breadcrumb-separator\">\u00bb<\/span><span class=\"aioseo-breadcrumb\">\n\t<a href=\"https:\/\/soymigrante.com\/revista\/category\/guate-nuestra\/\" title=\"Guate Nuestra\">Guate Nuestra<\/a>\n<\/span><span class=\"aioseo-breadcrumb-separator\">\u00bb<\/span><span class=\"aioseo-breadcrumb\">\n\tEn marcha la elecci\u00f3n de Rab\u00edn Ajau 2025 en el Festival Folkl\u00f3rico de Cob\u00e1n\n<\/span><\/div>","aioseo_breadcrumb_json":[{"label":"Home","link":"https:\/\/soymigrante.com\/revista"},{"label":"Guate Nuestra","link":"https:\/\/soymigrante.com\/revista\/category\/guate-nuestra\/"},{"label":"En marcha la elecci\u00f3n de Rab\u00edn Ajau 2025 en el Festival Folkl\u00f3rico de Cob\u00e1n","link":"https:\/\/soymigrante.com\/revista\/en-marcha-la-eleccion-de-rabin-ajau-2025-en-el-festival-folklorico-de-coban\/"}],"_links":{"self":[{"href":"https:\/\/soymigrante.com\/revista\/wp-json\/wp\/v2\/posts\/40430","targetHints":{"allow":["GET"]}}],"collection":[{"href":"https:\/\/soymigrante.com\/revista\/wp-json\/wp\/v2\/posts"}],"about":[{"href":"https:\/\/soymigrante.com\/revista\/wp-json\/wp\/v2\/types\/post"}],"author":[{"embeddable":true,"href":"https:\/\/soymigrante.com\/revista\/wp-json\/wp\/v2\/users\/19"}],"replies":[{"embeddable":true,"href":"https:\/\/soymigrante.com\/revista\/wp-json\/wp\/v2\/comments?post=40430"}],"version-history":[{"count":6,"href":"https:\/\/soymigrante.com\/revista\/wp-json\/wp\/v2\/posts\/40430\/revisions"}],"predecessor-version":[{"id":40477,"href":"https:\/\/soymigrante.com\/revista\/wp-json\/wp\/v2\/posts\/40430\/revisions\/40477"}],"wp:featuredmedia":[{"embeddable":true,"href":"https:\/\/soymigrante.com\/revista\/wp-json\/wp\/v2\/media\/40431"}],"wp:attachment":[{"href":"https:\/\/soymigrante.com\/revista\/wp-json\/wp\/v2\/media?parent=40430"}],"wp:term":[{"taxonomy":"category","embeddable":true,"href":"https:\/\/soymigrante.com\/revista\/wp-json\/wp\/v2\/categories?post=40430"},{"taxonomy":"post_tag","embeddable":true,"href":"https:\/\/soymigrante.com\/revista\/wp-json\/wp\/v2\/tags?post=40430"}],"curies":[{"name":"wp","href":"https:\/\/api.w.org\/{rel}","templated":true}]}}