{"id":40424,"date":"2025-07-25T13:08:15","date_gmt":"2025-07-25T19:08:15","guid":{"rendered":"https:\/\/soymigrante.com\/revista\/?p=40424"},"modified":"2025-07-25T14:23:36","modified_gmt":"2025-07-25T20:23:36","slug":"danza-del-venado-leones-y-monos-en-momostenango-se-presenta-solo-cada-2-anos","status":"publish","type":"post","link":"https:\/\/soymigrante.com\/revista\/danza-del-venado-leones-y-monos-en-momostenango-se-presenta-solo-cada-2-anos\/","title":{"rendered":"Danza del venado, leones y monos en Momostenango se presenta solo cada 2 a\u00f1os"},"content":{"rendered":"\t\t<div data-elementor-type=\"wp-post\" data-elementor-id=\"40424\" class=\"elementor elementor-40424\" data-elementor-post-type=\"post\">\n\t\t\t\t<div data-particle_enable=\"false\" data-particle-mobile-disabled=\"false\" class=\"elementor-element elementor-element-af9341b e-flex e-con-boxed e-con e-parent\" data-id=\"af9341b\" data-element_type=\"container\" data-e-type=\"container\">\n\t\t\t\t\t<div class=\"e-con-inner\">\n\t\t\t\t<div class=\"elementor-element elementor-element-43a1019 elementor-widget elementor-widget-heading\" data-id=\"43a1019\" data-element_type=\"widget\" data-e-type=\"widget\" data-widget_type=\"heading.default\">\n\t\t\t\t\t<h2 class=\"elementor-heading-title elementor-size-default\"><span style=\"font-size: 31.2px\">Magn\u00edfica y deslumbrante danza ritual maya k'iche de Momostenango, Totonicap\u00e1n solo se presenta cada dos a\u00f1os. M\u00e1s all\u00e1 de su colorido, alegr\u00eda y acrobacia, tiene un profundo sentido ceremonial que empieza 9 meses antes.<\/span><\/h2>\t\t\t\t<\/div>\n\t\t\t\t\t<\/div>\n\t\t\t\t<\/div>\n\t\t<div data-particle_enable=\"false\" data-particle-mobile-disabled=\"false\" class=\"elementor-element elementor-element-5de44ce e-flex e-con-boxed e-con e-parent\" data-id=\"5de44ce\" data-element_type=\"container\" data-e-type=\"container\">\n\t\t\t\t\t<div class=\"e-con-inner\">\n\t\t\t\t<div class=\"elementor-element elementor-element-d9a9243 elementor-widget elementor-widget-text-editor\" data-id=\"d9a9243\" data-element_type=\"widget\" data-e-type=\"widget\" data-widget_type=\"text-editor.default\">\n\t\t\t\t\t\t\t\t\t<p>Entre las <a href=\"https:\/\/soymigrante.com\/revista\/tag\/danzas-de-guatemala\/\">Danzas de Guatemala<\/a>, la <a href=\"https:\/\/soymigrante.com\/revista\/danza-guatemala-el-ancestral-baile-del-venado\/\">danza del Venado<\/a> de Santiago Momostenango, Totonicap\u00e1n, tiene tigres, leones y monos. Integra elementos de danzas de similar tem\u00e1tica, es literalmente \u00fanica en Guatemala y el mundo entero. De hecho para unos su nombre es Danza del Le\u00f3n o del Tigre y para otros es Danza de los Monos. Pero m\u00e1s all\u00e1 del nombre, lo relevante es que sigue existiendo con un profundo sentido espiritual.<\/p><p>Se presenta en a\u00f1os alternos pero su preparaci\u00f3n lleva 9 meses como m\u00e1s adelante veremos.\u00a0 El 22 de enero del a\u00f1o de presentaci\u00f3n se efect\u00faa el corte del tronco ritual, con permiso de los ancestros y las divinidades mayas. Y tambi\u00e9n empiezan los ensayos.\u00a0<\/p><p>Esta danza exige, de sus danzantes, &#8220;creer&#8221; en lo que est\u00e1n haciendo, para hacerlo bien. El significado central de la danza es fijar un &#8220;centro del mundo&#8221;: el \u00e1rbol o poste, alrededor del cual giran las actividades. Algunos detalles de alto significado, a continuaci\u00f3n.<\/p>\t\t\t\t\t\t\t\t<\/div>\n\t\t\t\t\t<\/div>\n\t\t\t\t<\/div>\n\t\t<div data-particle_enable=\"false\" data-particle-mobile-disabled=\"false\" class=\"elementor-element elementor-element-105e448 e-flex e-con-boxed e-con e-parent\" data-id=\"105e448\" data-element_type=\"container\" data-e-type=\"container\">\n\t\t\t\t\t<div class=\"e-con-inner\">\n\t\t\t\t<div class=\"elementor-element elementor-element-331186a elementor-widget elementor-widget-image\" data-id=\"331186a\" data-element_type=\"widget\" data-e-type=\"widget\" data-widget_type=\"image.default\">\n\t\t\t\t\t\t\t\t\t\t\t\t<figure class=\"wp-caption\">\n\t\t\t\t\t\t\t\t\t\t<img fetchpriority=\"high\" decoding=\"async\" width=\"768\" height=\"511\" src=\"https:\/\/soymigrante.com\/revista\/wp-content\/uploads\/2025\/07\/danza-del-venado-leones-tigres-momostenango-7-1024x681.jpg\" class=\"attachment-large size-large wp-image-40453\" alt=\"Coloridos disfraces y m\u00e1scaras tradicionales en celebraci\u00f3n folkl\u00f3rica mexicana en una calle concurrida con p\u00fablico y arquitectura colonial en el fondo.\" srcset=\"https:\/\/soymigrante.com\/revista\/wp-content\/uploads\/2025\/07\/danza-del-venado-leones-tigres-momostenango-7-1024x681.jpg 1024w, https:\/\/soymigrante.com\/revista\/wp-content\/uploads\/2025\/07\/danza-del-venado-leones-tigres-momostenango-7-300x200.jpg 300w, https:\/\/soymigrante.com\/revista\/wp-content\/uploads\/2025\/07\/danza-del-venado-leones-tigres-momostenango-7-768x511.jpg 768w, https:\/\/soymigrante.com\/revista\/wp-content\/uploads\/2025\/07\/danza-del-venado-leones-tigres-momostenango-7-1536x1022.jpg 1536w, https:\/\/soymigrante.com\/revista\/wp-content\/uploads\/2025\/07\/danza-del-venado-leones-tigres-momostenango-7-2048x1363.jpg 2048w, https:\/\/soymigrante.com\/revista\/wp-content\/uploads\/2025\/07\/danza-del-venado-leones-tigres-momostenango-7-750x499.webp 750w, https:\/\/soymigrante.com\/revista\/wp-content\/uploads\/2025\/07\/danza-del-venado-leones-tigres-momostenango-7-1140x759.webp 1140w, https:\/\/soymigrante.com\/revista\/wp-content\/uploads\/2025\/07\/danza-del-venado-leones-tigres-momostenango-7.webp 1920w\" sizes=\"(max-width: 768px) 100vw, 768px\" title=\"Una larga preparaci\u00f3n y ensayos durante meses preceden a la presentaci\u00f3n de la Danza del Venado en Momostenango, entre el 21 de julio y el 4 de agosto, durante la feria titular (Foto Abel Ju\u00e1rez) \u2013 SoyMigrante.com REVISTA\" \/>\t\t\t\t\t\t\t\t\t\t\t<figcaption class=\"widget-image-caption wp-caption-text\">Celebraci\u00f3n folkl\u00f3rica mexicana con disfraces y m\u00e1scaras tradicionales en una calle concurrida, resaltando cultura, tradiciones y festividades en M\u00e9xico.<\/figcaption>\n\t\t\t\t\t\t\t\t\t\t<\/figure>\n\t\t\t\t\t\t\t\t\t<\/div>\n\t\t\t\t\t<\/div>\n\t\t\t\t<\/div>\n\t\t<div data-particle_enable=\"false\" data-particle-mobile-disabled=\"false\" class=\"elementor-element elementor-element-8bad080 e-flex e-con-boxed e-con e-parent\" data-id=\"8bad080\" data-element_type=\"container\" data-e-type=\"container\">\n\t\t\t\t\t<div class=\"e-con-inner\">\n\t\t\t\t<div class=\"elementor-element elementor-element-44d1b16 elementor-widget elementor-widget-heading\" data-id=\"44d1b16\" data-element_type=\"widget\" data-e-type=\"widget\" data-widget_type=\"heading.default\">\n\t\t\t\t\t<h3 class=\"elementor-heading-title elementor-size-default\"><a href=\"https:\/\/soymigrante.com\/revista\/tag\/danzas-de-guatemala\/\">Los personajes de la Danza del Venado de Momos<\/a><\/h3>\t\t\t\t<\/div>\n\t\t\t\t\t<\/div>\n\t\t\t\t<\/div>\n\t\t<div data-particle_enable=\"false\" data-particle-mobile-disabled=\"false\" class=\"elementor-element elementor-element-228b193 e-flex e-con-boxed e-con e-parent\" data-id=\"228b193\" data-element_type=\"container\" data-e-type=\"container\">\n\t\t\t\t\t<div class=\"e-con-inner\">\n\t\t\t\t<div class=\"elementor-element elementor-element-09c2890 elementor-widget elementor-widget-text-editor\" data-id=\"09c2890\" data-element_type=\"widget\" data-e-type=\"widget\" data-widget_type=\"text-editor.default\">\n\t\t\t\t\t\t\t\t\t<p>Esta danza abarca\u00a0 nueve miembros, representados por &#8220;nueve tiestos o tejas en las que se queman copal y velas&#8221; durante las ceremonias.<\/p><p>Act\u00faan:<\/p><p>Dos tigres o jaguares.<\/p><p>Dos pumas o leones de monta\u00f1a.<\/p><p>Cuatro monos (llamados c&#8217;oy en K&#8217;iche&#8217;, que significa &#8220;monos ara\u00f1a&#8221; o micos).<\/p><p>Un gu\u00eda espiritual y protector, el chuch kajaw de la danza.<\/p>\t\t\t\t\t\t\t\t<\/div>\n\t\t\t\t\t<\/div>\n\t\t\t\t<\/div>\n\t\t<div data-particle_enable=\"false\" data-particle-mobile-disabled=\"false\" class=\"elementor-element elementor-element-e94cdd7 e-flex e-con-boxed e-con e-parent\" data-id=\"e94cdd7\" data-element_type=\"container\" data-e-type=\"container\">\n\t\t\t\t\t<div class=\"e-con-inner\">\n\t\t\t\t<div class=\"elementor-element elementor-element-6239a24 elementor-widget elementor-widget-heading\" data-id=\"6239a24\" data-element_type=\"widget\" data-e-type=\"widget\" data-widget_type=\"heading.default\">\n\t\t\t\t\t<h4 class=\"elementor-heading-title elementor-size-default\">Personajes en la Danza del Venado 2025 Momostenango captados por Abel Ju\u00e1rez<\/h4>\t\t\t\t<\/div>\n\t\t\t\t\t<\/div>\n\t\t\t\t<\/div>\n\t\t<div data-particle_enable=\"false\" data-particle-mobile-disabled=\"false\" class=\"elementor-element elementor-element-a8f1abf e-flex e-con-boxed e-con e-parent\" data-id=\"a8f1abf\" data-element_type=\"container\" data-e-type=\"container\">\n\t\t\t\t\t<div class=\"e-con-inner\">\n\t\t\t\t<div class=\"elementor-element elementor-element-873ef76 elementor-arrows-position-inside elementor-pagination-position-outside elementor-widget elementor-widget-image-carousel\" data-id=\"873ef76\" data-element_type=\"widget\" data-e-type=\"widget\" data-settings=\"{&quot;slides_to_show&quot;:&quot;1&quot;,&quot;navigation&quot;:&quot;both&quot;,&quot;autoplay&quot;:&quot;yes&quot;,&quot;pause_on_hover&quot;:&quot;yes&quot;,&quot;pause_on_interaction&quot;:&quot;yes&quot;,&quot;autoplay_speed&quot;:5000,&quot;infinite&quot;:&quot;yes&quot;,&quot;effect&quot;:&quot;slide&quot;,&quot;speed&quot;:500}\" data-widget_type=\"image-carousel.default\">\n\t\t\t\t\t\t\t<div class=\"elementor-image-carousel-wrapper swiper\" role=\"region\" aria-roledescription=\"carousel\" aria-label=\"Carrusel de im\u00e1genes\" dir=\"ltr\">\n\t\t\t<div class=\"elementor-image-carousel swiper-wrapper\" aria-live=\"off\">\n\t\t\t\t\t\t\t\t<div class=\"swiper-slide\" role=\"group\" aria-roledescription=\"slide\" aria-label=\"1 de 7\"><figure class=\"swiper-slide-inner\"><img decoding=\"async\" class=\"swiper-slide-image\" src=\"https:\/\/soymigrante.com\/revista\/wp-content\/uploads\/2025\/07\/danza-del-venado-leones-tigres-momostenango-4-1024x681.jpg\" alt=\"M\u00e1scara tradicional de jaguar en celebraci\u00f3n cultural mexicana en un mercado lleno de personas y coloridos puestos.\" \/><figcaption class=\"elementor-image-carousel-caption\">Persona con m\u00e1scara de jaguar durante evento cultural en mercado mexicano, rodeada de asistentes con vestimenta tradicional y ambiente festivo.<\/figcaption><\/figure><\/div><div class=\"swiper-slide\" role=\"group\" aria-roledescription=\"slide\" aria-label=\"2 de 7\"><figure class=\"swiper-slide-inner\"><img decoding=\"async\" class=\"swiper-slide-image\" src=\"https:\/\/soymigrante.com\/revista\/wp-content\/uploads\/2025\/07\/danza-del-venado-leones-tigres-momostenango-5-1024x681.jpg\" alt=\"Disfraz tradicional del carnaval en M\u00e9xico, con m\u00e1scaras y colores vibrantes, en una celebraci\u00f3n cultural frente a una iglesia hist\u00f3rica, con p\u00fablico y turistas disfrutando del evento.\" \/><figcaption class=\"elementor-image-carousel-caption\">Elige pubilicidad picantes y coloridas del carnaval tradicional en M\u00e9xico, con atuendos y m\u00e1scaras vibrantes frente a una iglesia antigua durante una celebraci\u00f3n cultural con mucha gente.<\/figcaption><\/figure><\/div><div class=\"swiper-slide\" role=\"group\" aria-roledescription=\"slide\" aria-label=\"3 de 7\"><figure class=\"swiper-slide-inner\"><img decoding=\"async\" class=\"swiper-slide-image\" src=\"https:\/\/soymigrante.com\/revista\/wp-content\/uploads\/2025\/07\/danza-del-venado-leones-tigres-momostenango-6-1024x681.jpg\" alt=\"Bailarina de lucha libre tradicional mexicana en una plaza p\u00fablica durante un evento cultural, con escenario y espectadores observando, en un d\u00eda soleado y festivo.\" \/><figcaption class=\"elementor-image-carousel-caption\">La imagen muestra un acto cultural mexicano con un luchador tradicional en pleno espect\u00e1culo al aire libre, destacando la riqueza de las tradiciones y festividades en M\u00e9xico.<\/figcaption><\/figure><\/div><div class=\"swiper-slide\" role=\"group\" aria-roledescription=\"slide\" aria-label=\"4 de 7\"><figure class=\"swiper-slide-inner\"><img decoding=\"async\" class=\"swiper-slide-image\" src=\"https:\/\/soymigrante.com\/revista\/wp-content\/uploads\/2025\/07\/danza-del-venado-leones-tigres-momostenango-10-1024x698.jpg\" alt=\"Celebraci\u00f3n tradicional religiosa en una iglesia colonial en Guatemala, con miles de asistentes, colorful umbrellas y decoraciones festivas para la feria.\" \/><figcaption class=\"elementor-image-carousel-caption\">Feria en Guatemala: celebraci\u00f3n religiosa con gran afluencia, ambiente festivo y colorido en la iglesia colonial, resaltando la cultura y tradiciones locales.<\/figcaption><\/figure><\/div><div class=\"swiper-slide\" role=\"group\" aria-roledescription=\"slide\" aria-label=\"5 de 7\"><figure class=\"swiper-slide-inner\"><img decoding=\"async\" class=\"swiper-slide-image\" src=\"https:\/\/soymigrante.com\/revista\/wp-content\/uploads\/2025\/07\/danza-del-venado-leones-tigres-momostenango-11-1024x681.jpg\" alt=\"M\u00e1scara tradicional de danzante con traje colorido en festival cultural en M\u00e9xico, representando la historia de la cultura ind\u00edgena y la tradici\u00f3n en las celebraciones folkl\u00f3ricas, en el contexto de SoyMigante Revista.\" \/><figcaption class=\"elementor-image-carousel-caption\">VENADO<\/figcaption><\/figure><\/div><div class=\"swiper-slide\" role=\"group\" aria-roledescription=\"slide\" aria-label=\"6 de 7\"><figure class=\"swiper-slide-inner\"><img decoding=\"async\" class=\"swiper-slide-image\" src=\"https:\/\/soymigrante.com\/revista\/wp-content\/uploads\/2025\/07\/danza-del-venado-leones-tigres-momostenango-12-1024x713.jpg\" alt=\"Columna de Llorona en la iglesia de San Ildefonso en Guadalajara durante la celebraci\u00f3n de la Congregaci\u00f3n Guadalajarense. Fiesta tradicional con decoraci\u00f3n festiva y s\u00edmbolo cultural emblem\u00e1tico.\" \/><figcaption class=\"elementor-image-carousel-caption\">Caption: Iglesia decorada con banderas y guirnaldas para la celebraci\u00f3n del D\u00eda de la Virgen de Guadalupe, con una pi\u00f1ata en forma de caballo amarillo colgada en la entrada.<\/figcaption><\/figure><\/div><div class=\"swiper-slide\" role=\"group\" aria-roledescription=\"slide\" aria-label=\"7 de 7\"><figure class=\"swiper-slide-inner\"><img decoding=\"async\" class=\"swiper-slide-image\" src=\"https:\/\/soymigrante.com\/revista\/wp-content\/uploads\/2025\/07\/danza-del-venado-leones-tigres-momostenango-1-1024x681.jpg\" alt=\"M\u00e1scara tradicional de los Tecuanes en una celebraci\u00f3n cultural ind\u00edgena en M\u00e9xico, mostrando vestimenta colorida y m\u00e1scara artesanal en una festividad popular.\" \/><figcaption class=\"elementor-image-carousel-caption\">Celebraci\u00f3n cultural ind\u00edgena con m\u00e1scaras tradicionales, vestimentas coloridas y personajes de Tecuanes durante festival en M\u00e9xico para fortalecer identidad cultural.<\/figcaption><\/figure><\/div>\t\t\t<\/div>\n\t\t\t\t\t\t\t\t\t\t\t\t<div class=\"elementor-swiper-button elementor-swiper-button-prev\" role=\"button\" tabindex=\"0\">\n\t\t\t\t\t\t<i aria-hidden=\"true\" class=\"eicon-chevron-left\"><\/i>\t\t\t\t\t<\/div>\n\t\t\t\t\t<div class=\"elementor-swiper-button elementor-swiper-button-next\" role=\"button\" tabindex=\"0\">\n\t\t\t\t\t\t<i aria-hidden=\"true\" class=\"eicon-chevron-right\"><\/i>\t\t\t\t\t<\/div>\n\t\t\t\t\n\t\t\t\t\t\t\t\t\t<div class=\"swiper-pagination\"><\/div>\n\t\t\t\t\t\t\t\t\t<\/div>\n\t\t\t\t\t\t<\/div>\n\t\t\t\t\t<\/div>\n\t\t\t\t<\/div>\n\t\t<div data-particle_enable=\"false\" data-particle-mobile-disabled=\"false\" class=\"elementor-element elementor-element-e7525a6 e-flex e-con-boxed e-con e-parent\" data-id=\"e7525a6\" data-element_type=\"container\" data-e-type=\"container\">\n\t\t\t\t\t<div class=\"e-con-inner\">\n\t\t\t\t<div class=\"elementor-element elementor-element-c494abd elementor-widget elementor-widget-heading\" data-id=\"c494abd\" data-element_type=\"widget\" data-e-type=\"widget\" data-widget_type=\"heading.default\">\n\t\t\t\t\t<h3 class=\"elementor-heading-title elementor-size-default\">Preparaci\u00f3n ritual<\/h3>\t\t\t\t<\/div>\n\t\t\t\t\t<\/div>\n\t\t\t\t<\/div>\n\t\t<div data-particle_enable=\"false\" data-particle-mobile-disabled=\"false\" class=\"elementor-element elementor-element-68a3771 e-flex e-con-boxed e-con e-parent\" data-id=\"68a3771\" data-element_type=\"container\" data-e-type=\"container\">\n\t\t\t\t\t<div class=\"e-con-inner\">\n\t\t\t\t<div class=\"elementor-element elementor-element-1f7fa55 elementor-widget elementor-widget-text-editor\" data-id=\"1f7fa55\" data-element_type=\"widget\" data-e-type=\"widget\" data-widget_type=\"text-editor.default\">\n\t\t\t\t\t\t\t\t\t<p>Muchos danzantes son provenientes de la aldea de Xequemeya y con antecedentes familiares en la danza. La tradici\u00f3n de liderazgo es hereditaria.\u00a0<\/p><p>La danza implica un extenso ciclo de preparaci\u00f3n y ceremonias que se extiende por nueve meses: desde el 2 de noviembre, el patrocinador de la danza visita la imagen de Santiago para anunciar la intenci\u00f3n de realizar la danza el siguiente julio. Esto marca el inicio de un per\u00edodo de &#8220;costumbre&#8221; de nueve meses y dos semanas.<\/p>\t\t\t\t\t\t\t\t<\/div>\n\t\t\t\t\t<\/div>\n\t\t\t\t<\/div>\n\t\t<div data-particle_enable=\"false\" data-particle-mobile-disabled=\"false\" class=\"elementor-element elementor-element-5b4ef87 e-flex e-con-boxed e-con e-parent\" data-id=\"5b4ef87\" data-element_type=\"container\" data-e-type=\"container\">\n\t\t\t\t\t<div class=\"e-con-inner\">\n\t\t\t\t<div class=\"elementor-element elementor-element-947ec86 elementor-widget elementor-widget-video\" data-id=\"947ec86\" data-element_type=\"widget\" data-e-type=\"widget\" data-settings=\"{&quot;youtube_url&quot;:&quot;https:\\\/\\\/youtube.com\\\/shorts\\\/rv7dHNx7lNg?si=pC-UGfg7IdIrx6es&quot;,&quot;video_type&quot;:&quot;youtube&quot;,&quot;controls&quot;:&quot;yes&quot;}\" data-widget_type=\"video.default\">\n\t\t\t\t\t\t\t<div class=\"elementor-wrapper elementor-open-inline\">\n\t\t\t<div class=\"elementor-video\"><\/div>\t\t<\/div>\n\t\t\t\t\t\t<\/div>\n\t\t\t\t\t<\/div>\n\t\t\t\t<\/div>\n\t\t<div data-particle_enable=\"false\" data-particle-mobile-disabled=\"false\" class=\"elementor-element elementor-element-d03a8f6 e-flex e-con-boxed e-con e-parent\" data-id=\"d03a8f6\" data-element_type=\"container\" data-e-type=\"container\">\n\t\t\t\t\t<div class=\"e-con-inner\">\n\t\t\t\t<div class=\"elementor-element elementor-element-f921cf8 elementor-widget elementor-widget-heading\" data-id=\"f921cf8\" data-element_type=\"widget\" data-e-type=\"widget\" data-widget_type=\"heading.default\">\n\t\t\t\t\t<h3 class=\"elementor-heading-title elementor-size-default\">D\u00edas sagrados de memoria ancestral<\/h3>\t\t\t\t<\/div>\n\t\t\t\t\t<\/div>\n\t\t\t\t<\/div>\n\t\t<div data-particle_enable=\"false\" data-particle-mobile-disabled=\"false\" class=\"elementor-element elementor-element-64cb5e8 e-flex e-con-boxed e-con e-parent\" data-id=\"64cb5e8\" data-element_type=\"container\" data-e-type=\"container\">\n\t\t\t\t\t<div class=\"e-con-inner\">\n\t\t\t\t<div class=\"elementor-element elementor-element-f89d7e9 elementor-widget elementor-widget-text-editor\" data-id=\"f89d7e9\" data-element_type=\"widget\" data-e-type=\"widget\" data-widget_type=\"text-editor.default\">\n\t\t\t\t\t\t\t\t\t<p>El 22 de enero, se corta un pino o cedro de 50 pies y se erige en la casa del patrocinador para ensayos mensuales hasta julio. Los danzantes adquieren sus &#8220;tiestos&#8221; de cer\u00e1mica para ofrendas.<\/p><p>Las m\u00e1scaras y trajes tambi\u00e9n tienen un per\u00edodo de preparaci\u00f3n y bendici\u00f3n.<\/p><p>El fuego es el &#8220;s\u00edmbolo ritual central&#8221;, un medio de comunicaci\u00f3n donde &#8220;si el fuego arde brillantemente y consume las ofrendas, es una muestra de que estas son aceptables y de que todo est\u00e1 bien. Si el fuego echa humo o se debilita&#8230; es una se\u00f1al de que hay un problema con la ofrenda&#8230; o, m\u00e1s probablemente, con la pureza personal.&#8221;<\/p>\t\t\t\t\t\t\t\t<\/div>\n\t\t\t\t\t<\/div>\n\t\t\t\t<\/div>\n\t\t<div data-particle_enable=\"false\" data-particle-mobile-disabled=\"false\" class=\"elementor-element elementor-element-9635297 e-flex e-con-boxed e-con e-parent\" data-id=\"9635297\" data-element_type=\"container\" data-e-type=\"container\">\n\t\t\t\t\t<div class=\"e-con-inner\">\n\t\t\t\t<div class=\"elementor-element elementor-element-b6996a3 elementor-widget elementor-widget-html\" data-id=\"b6996a3\" data-element_type=\"widget\" data-e-type=\"widget\" data-widget_type=\"html.default\">\n\t\t\t\t\t<iframe src=\"https:\/\/www.facebook.com\/plugins\/post.php?href=https%3A%2F%2Fwww.facebook.com%2Fmrcoszaratephoto%2Fposts%2Fpfbid0u35Tx7ZTfAEZJc6LtZfLBFJMrRiHrjFFXX2MXs3CgVpVUAb38VeCNJAYoC7n1Ve2l&show_text=true&width=500\" width=\"500\" height=\"589\" style=\"border:none;overflow:hidden\" scrolling=\"no\" frameborder=\"0\" allowfullscreen=\"true\" allow=\"autoplay; clipboard-write; encrypted-media; picture-in-picture; web-share\"><\/iframe>\t\t\t\t<\/div>\n\t\t\t\t\t<\/div>\n\t\t\t\t<\/div>\n\t\t<div data-particle_enable=\"false\" data-particle-mobile-disabled=\"false\" class=\"elementor-element elementor-element-74875fa e-flex e-con-boxed e-con e-parent\" data-id=\"74875fa\" data-element_type=\"container\" data-e-type=\"container\">\n\t\t\t\t\t<div class=\"e-con-inner\">\n\t\t\t\t<div class=\"elementor-element elementor-element-4033476 elementor-widget elementor-widget-heading\" data-id=\"4033476\" data-element_type=\"widget\" data-e-type=\"widget\" data-widget_type=\"heading.default\">\n\t\t\t\t\t<h3 class=\"elementor-heading-title elementor-size-default\">La fiesta empieza el 21 de julio<\/h3>\t\t\t\t<\/div>\n\t\t\t\t\t<\/div>\n\t\t\t\t<\/div>\n\t\t<div data-particle_enable=\"false\" data-particle-mobile-disabled=\"false\" class=\"elementor-element elementor-element-b426ccc e-flex e-con-boxed e-con e-parent\" data-id=\"b426ccc\" data-element_type=\"container\" data-e-type=\"container\">\n\t\t\t\t\t<div class=\"e-con-inner\">\n\t\t\t\t<div class=\"elementor-element elementor-element-7e38bbe elementor-widget elementor-widget-text-editor\" data-id=\"7e38bbe\" data-element_type=\"widget\" data-e-type=\"widget\" data-widget_type=\"text-editor.default\">\n\t\t\t\t\t\t\t\t\t<p>Ensayos con Vestuario (19 y 20 de julio): Se realizan los \u00faltimos ensayos con vestuario, donde se consagra el campo de danza con las &#8220;tejas&#8221; de los danzantes. Durante estos ensayos, se producen interacciones c\u00f3micas y agresivas entre los personajes.<\/p><p>Entrega de Flores (21 de julio): Los danzantes, acompa\u00f1ados por la marimba, marchan al pueblo desde C&#8217;oy Abaj para entregar ramos de flores a las autoridades municipales y al sacerdote en la iglesia, pidiendo permiso y mostrando subordinaci\u00f3n.<\/p>\t\t\t\t\t\t\t\t<\/div>\n\t\t\t\t\t<\/div>\n\t\t\t\t<\/div>\n\t\t<div data-particle_enable=\"false\" data-particle-mobile-disabled=\"false\" class=\"elementor-element elementor-element-32bcd9b e-flex e-con-boxed e-con e-parent\" data-id=\"32bcd9b\" data-element_type=\"container\" data-e-type=\"container\">\n\t\t\t\t\t<div class=\"e-con-inner\">\n\t\t\t\t<div class=\"elementor-element elementor-element-9ba1831 elementor-widget elementor-widget-image\" data-id=\"9ba1831\" data-element_type=\"widget\" data-e-type=\"widget\" data-widget_type=\"image.default\">\n\t\t\t\t\t\t\t\t\t\t\t\t<figure class=\"wp-caption\">\n\t\t\t\t\t\t\t\t\t\t<img decoding=\"async\" width=\"768\" height=\"524\" src=\"https:\/\/soymigrante.com\/revista\/wp-content\/uploads\/2025\/07\/danza-del-venado-leones-tigres-momostenango-10-1-1024x698.jpg\" class=\"attachment-large size-large wp-image-40461\" alt=\"Celebraci\u00f3n en una iglesia colonial durante un evento festivo, con muchas personas, coloridos paraguas y decoraci\u00f3n de banderas, reflejando cultura y tradiciones en un entorno festivo mexicano.\" srcset=\"https:\/\/soymigrante.com\/revista\/wp-content\/uploads\/2025\/07\/danza-del-venado-leones-tigres-momostenango-10-1-1024x698.jpg 1024w, https:\/\/soymigrante.com\/revista\/wp-content\/uploads\/2025\/07\/danza-del-venado-leones-tigres-momostenango-10-1-300x204.jpg 300w, https:\/\/soymigrante.com\/revista\/wp-content\/uploads\/2025\/07\/danza-del-venado-leones-tigres-momostenango-10-1-768x523.jpg 768w, https:\/\/soymigrante.com\/revista\/wp-content\/uploads\/2025\/07\/danza-del-venado-leones-tigres-momostenango-10-1-1536x1046.jpg 1536w, https:\/\/soymigrante.com\/revista\/wp-content\/uploads\/2025\/07\/danza-del-venado-leones-tigres-momostenango-10-1-750x511.jpg 750w, https:\/\/soymigrante.com\/revista\/wp-content\/uploads\/2025\/07\/danza-del-venado-leones-tigres-momostenango-10-1-1140x777.jpg 1140w, https:\/\/soymigrante.com\/revista\/wp-content\/uploads\/2025\/07\/danza-del-venado-leones-tigres-momostenango-10-1.webp 1691w\" sizes=\"(max-width: 768px) 100vw, 768px\" title=\"Sin duda alguna, el momento m\u00e1s emblem\u00e1tico de la danza es cuando los personajes, en este caso, el Le\u00f3n desciende por una cuerda desde el atrio de la iglesia de Momostenango. (Foto Abel Ju\u00e1rez) \u2013 SoyMigrante.com REVISTA\" \/>\t\t\t\t\t\t\t\t\t\t\t<figcaption class=\"widget-image-caption wp-caption-text\">Sin duda alguna, el momento m\u00e1s emblem\u00e1tico de la danza es cuando los personajes, en este caso, el Le\u00f3n desciende por una cuerda desde el atrio de la iglesia de Momostenango. (Foto Abel Ju\u00e1rez)<\/figcaption>\n\t\t\t\t\t\t\t\t\t\t<\/figure>\n\t\t\t\t\t\t\t\t\t<\/div>\n\t\t\t\t\t<\/div>\n\t\t\t\t<\/div>\n\t\t<div data-particle_enable=\"false\" data-particle-mobile-disabled=\"false\" class=\"elementor-element elementor-element-0ff9f77 e-flex e-con-boxed e-con e-parent\" data-id=\"0ff9f77\" data-element_type=\"container\" data-e-type=\"container\">\n\t\t\t\t\t<div class=\"e-con-inner\">\n\t\t\t\t<div class=\"elementor-element elementor-element-66840d7 elementor-widget elementor-widget-heading\" data-id=\"66840d7\" data-element_type=\"widget\" data-e-type=\"widget\" data-widget_type=\"heading.default\">\n\t\t\t\t\t<h3 class=\"elementor-heading-title elementor-size-default\">Cada dos a\u00f1os<\/h3>\t\t\t\t<\/div>\n\t\t\t\t\t<\/div>\n\t\t\t\t<\/div>\n\t\t<div data-particle_enable=\"false\" data-particle-mobile-disabled=\"false\" class=\"elementor-element elementor-element-e2dd13b e-flex e-con-boxed e-con e-parent\" data-id=\"e2dd13b\" data-element_type=\"container\" data-e-type=\"container\">\n\t\t\t\t\t<div class=\"e-con-inner\">\n\t\t\t\t<div class=\"elementor-element elementor-element-d45dcf7 elementor-widget elementor-widget-text-editor\" data-id=\"d45dcf7\" data-element_type=\"widget\" data-e-type=\"widget\" data-widget_type=\"text-editor.default\">\n\t\t\t\t\t\t\t\t\t<p>La ejecuci\u00f3n p\u00fablica se inserta en meses de preparaci\u00f3n y tiene lugar en la plaza frente a la Parroquia Santiago el Mayor en donde se instala el tronco cortado en enero. Las Pruebas en la Cuerda: El jaguar, el le\u00f3n y los dos monos realizan &#8220;trucos acrob\u00e1ticos peligrosos en una cuerda suspendida a 70 pies sobre la plaza&#8221;.<\/p><p>La m\u00fasica es interpretada por una marimba de un solo teclado con 22 teclas y una flauta de ca\u00f1a de seis hoyos. La flauta generalmente refleja la melod\u00eda de la marimba.<\/p><p>La Danza de los Monos y el culto al Patrono Santiago en Momostenango son ejemplos vibrantes de la continuidad y adaptaci\u00f3n de la cultura K&#8217;iche&#8217; en el siglo XXI. A pesar de los desaf\u00edos modernos, estas pr\u00e1cticas persisten, impulsadas por la fe, la tradici\u00f3n familiar y la uni\u00f3n de la comunidad k&#8217;iche de Momostenango.<\/p>\t\t\t\t\t\t\t\t<\/div>\n\t\t\t\t\t<\/div>\n\t\t\t\t<\/div>\n\t\t<div data-particle_enable=\"false\" data-particle-mobile-disabled=\"false\" class=\"elementor-element elementor-element-6a3c60c e-flex e-con-boxed e-con e-parent\" data-id=\"6a3c60c\" data-element_type=\"container\" data-e-type=\"container\">\n\t\t\t\t\t<div class=\"e-con-inner\">\n\t\t\t\t<div class=\"elementor-element elementor-element-77c8442 elementor-widget elementor-widget-html\" data-id=\"77c8442\" data-element_type=\"widget\" data-e-type=\"widget\" data-widget_type=\"html.default\">\n\t\t\t\t\t<iframe src=\"https:\/\/www.facebook.com\/plugins\/video.php?height=476&href=https%3A%2F%2Fwww.facebook.com%2Freel%2F1928817517886100%2F&show_text=true&width=267&t=0\" width=\"267\" height=\"591\" style=\"border:none;overflow:hidden\" scrolling=\"no\" frameborder=\"0\" allowfullscreen=\"true\" allow=\"autoplay; clipboard-write; encrypted-media; picture-in-picture; web-share\" allowFullScreen=\"true\"><\/iframe>\n\t\t\t\t<\/div>\n\t\t\t\t\t<\/div>\n\t\t\t\t<\/div>\n\t\t<div data-particle_enable=\"false\" data-particle-mobile-disabled=\"false\" class=\"elementor-element elementor-element-69474a5 e-flex e-con-boxed e-con e-parent\" data-id=\"69474a5\" data-element_type=\"container\" data-e-type=\"container\">\n\t\t\t\t\t<div class=\"e-con-inner\">\n\t\t\t\t<div class=\"elementor-element elementor-element-212bb59 elementor-widget elementor-widget-heading\" data-id=\"212bb59\" data-element_type=\"widget\" data-e-type=\"widget\" data-widget_type=\"heading.default\">\n\t\t\t\t\t<h2 class=\"elementor-heading-title elementor-size-default\">Tradiciones inemoriales sin fronteras<\/h2>\t\t\t\t<\/div>\n\t\t\t\t\t<\/div>\n\t\t\t\t<\/div>\n\t\t<div data-particle_enable=\"false\" data-particle-mobile-disabled=\"false\" class=\"elementor-element elementor-element-65e3a8f e-flex e-con-boxed e-con e-parent\" data-id=\"65e3a8f\" data-element_type=\"container\" data-e-type=\"container\">\n\t\t\t\t\t<div class=\"e-con-inner\">\n\t\t\t\t<div class=\"elementor-element elementor-element-dd02526 elementor-grid-eael-col-3 elementor-grid-tablet-eael-col-2 elementor-grid-mobile-eael-col-1 elementor-invisible elementor-widget elementor-widget-eael-post-grid\" data-id=\"dd02526\" data-element_type=\"widget\" data-e-type=\"widget\" data-settings=\"{&quot;eael_post_grid_columns&quot;:&quot;eael-col-3&quot;,&quot;_animation&quot;:&quot;rollIn&quot;,&quot;eael_post_grid_columns_tablet&quot;:&quot;eael-col-2&quot;,&quot;eael_post_grid_columns_mobile&quot;:&quot;eael-col-1&quot;}\" data-widget_type=\"eael-post-grid.default\">\n\t\t\t\t\t<div id=\"eael-post-grid-dd02526\" class=\"eael-post-grid-container\">\n            <div class=\"eael-post-grid eael-post-appender eael-post-appender-dd02526 eael-post-grid-style-one\" data-layout-mode=\"masonry\"><article class=\"eael-grid-post  eael-post-grid-column eael-pg-post-2415 category-exitos\" data-id=\"2415\">\n        <div class=\"eael-grid-post-holder\">\n            <div class=\"eael-grid-post-holder-inner\"><div class=\"eael-entry-media\"><div class=\"eael-entry-overlay fade-in\"><i class=\"far fa-hand-pointer\" aria-hidden=\"true\"><\/i><a href=\"https:\/\/soymigrante.com\/revista\/roldan-jose-es-un-migrante-guatemalteco-orgulloso-de-su-raiz-y-de-ser-un-mico-bailador\/\"><\/a><\/div><div class=\"eael-entry-thumbnail \">\n                <img decoding=\"async\" width=\"1024\" height=\"683\" src=\"https:\/\/soymigrante.com\/revista\/wp-content\/uploads\/2023\/08\/LADANZ1-1024x683.webp\" class=\"attachment-large size-large wp-image-2365\" alt=\"El mico y migrante guatemalteco\" srcset=\"https:\/\/soymigrante.com\/revista\/wp-content\/uploads\/2023\/08\/LADANZ1-1024x683.webp 1024w, https:\/\/soymigrante.com\/revista\/wp-content\/uploads\/2023\/08\/LADANZ1-300x200.webp 300w, https:\/\/soymigrante.com\/revista\/wp-content\/uploads\/2023\/08\/LADANZ1-768x512.webp 768w, https:\/\/soymigrante.com\/revista\/wp-content\/uploads\/2023\/08\/LADANZ1-1536x1024.webp 1536w, https:\/\/soymigrante.com\/revista\/wp-content\/uploads\/2023\/08\/LADANZ1-750x500.webp 750w, https:\/\/soymigrante.com\/revista\/wp-content\/uploads\/2023\/08\/LADANZ1-1140x760.webp 1140w, https:\/\/soymigrante.com\/revista\/wp-content\/uploads\/2023\/08\/LADANZ1-600x400.webp 600w, https:\/\/soymigrante.com\/revista\/wp-content\/uploads\/2023\/08\/LADANZ1.webp 1600w\" sizes=\"(max-width: 1024px) 100vw, 1024px\" \/>\n            <\/div>\n        <\/div><div class=\"eael-entry-wrapper\"><header class=\"eael-entry-header\"><h2 class=\"eael-entry-title\"><a class=\"eael-grid-post-link\" href=\"https:\/\/soymigrante.com\/revista\/roldan-jose-es-un-migrante-guatemalteco-orgulloso-de-su-raiz-y-de-ser-un-mico-bailador\/\" title=\"Rold\u00e1n Jos\u00e9 es un  migrante guatemalteco orgulloso de ser mico bailador momosteco en NY\">Rold\u00e1n Jos\u00e9 es un  migrante guatemalteco orgulloso de ser mico bailador momosteco en NY<\/a><\/h2><\/header><div class=\"eael-entry-content\">\n                        <div class=\"eael-grid-post-excerpt\"><a href=\"https:\/\/soymigrante.com\/revista\/roldan-jose-es-un-migrante-guatemalteco-orgulloso-de-su-raiz-y-de-ser-un-mico-bailador\/\" class=\"eael-post-elements-readmore-btn\">CONOCE SU HISTORIA <\/a><\/div>\n                    <\/div><\/div><\/div>\n        <\/div>\n    <\/article><article class=\"eael-grid-post  eael-post-grid-column eael-pg-post-2456 category-guate-nuestra tags-danzas-de-guatemala\" data-id=\"2456\">\n        <div class=\"eael-grid-post-holder\">\n            <div class=\"eael-grid-post-holder-inner\"><div class=\"eael-entry-media\"><div class=\"eael-entry-overlay fade-in\"><i class=\"far fa-hand-pointer\" aria-hidden=\"true\"><\/i><a href=\"https:\/\/soymigrante.com\/revista\/guatemala-danza-el-palo-volador-en-joyabaj-cubulco-o-chichicastenango-siempre-es-memorable\/\"><\/a><\/div><div class=\"eael-entry-thumbnail \">\n                <img loading=\"lazy\" decoding=\"async\" width=\"1024\" height=\"604\" src=\"https:\/\/soymigrante.com\/revista\/wp-content\/uploads\/2023\/09\/Captura-de-pantalla-2023-09-04-073800-e1693837574983-1024x604.webp\" class=\"attachment-large size-large wp-image-2458\" alt=\"Los monos Hun Batz y Hun Chouen en lo alto del palo antes de descender. Captura de pantalla de video de TV Asunci\u00f3n Joyabaj.\" srcset=\"https:\/\/soymigrante.com\/revista\/wp-content\/uploads\/2023\/09\/Captura-de-pantalla-2023-09-04-073800-e1693837574983-1024x604.webp 1024w, https:\/\/soymigrante.com\/revista\/wp-content\/uploads\/2023\/09\/Captura-de-pantalla-2023-09-04-073800-e1693837574983-300x177.webp 300w, https:\/\/soymigrante.com\/revista\/wp-content\/uploads\/2023\/09\/Captura-de-pantalla-2023-09-04-073800-e1693837574983-768x453.webp 768w, https:\/\/soymigrante.com\/revista\/wp-content\/uploads\/2023\/09\/Captura-de-pantalla-2023-09-04-073800-e1693837574983-750x442.webp 750w, https:\/\/soymigrante.com\/revista\/wp-content\/uploads\/2023\/09\/Captura-de-pantalla-2023-09-04-073800-e1693837574983-1140x673.webp 1140w, https:\/\/soymigrante.com\/revista\/wp-content\/uploads\/2023\/09\/Captura-de-pantalla-2023-09-04-073800-e1693837574983.webp 1256w\" sizes=\"(max-width: 1024px) 100vw, 1024px\" \/>\n            <\/div>\n        <\/div><div class=\"eael-entry-wrapper\"><header class=\"eael-entry-header\"><h2 class=\"eael-entry-title\"><a class=\"eael-grid-post-link\" href=\"https:\/\/soymigrante.com\/revista\/guatemala-danza-el-palo-volador-en-joyabaj-cubulco-o-chichicastenango-siempre-es-memorable\/\" title=\"Danzas de Guatemala: El Palo Volador en Joyabaj, Cubulco o Chichicastenango es inolvidable\">Danzas de Guatemala: El Palo Volador en Joyabaj, Cubulco o Chichicastenango es inolvidable<\/a><\/h2><\/header><div class=\"eael-entry-content\">\n                        <div class=\"eael-grid-post-excerpt\"><a href=\"https:\/\/soymigrante.com\/revista\/guatemala-danza-el-palo-volador-en-joyabaj-cubulco-o-chichicastenango-siempre-es-memorable\/\" class=\"eael-post-elements-readmore-btn\">CONOCE SU HISTORIA <\/a><\/div>\n                    <\/div><\/div><\/div>\n        <\/div>\n    <\/article><article class=\"eael-grid-post  eael-post-grid-column eael-pg-post-2449 category-guate-nuestra tags-danzas-de-guatemala\" data-id=\"2449\">\n        <div class=\"eael-grid-post-holder\">\n            <div class=\"eael-grid-post-holder-inner\"><div class=\"eael-entry-media\"><div class=\"eael-entry-overlay fade-in\"><i class=\"far fa-hand-pointer\" aria-hidden=\"true\"><\/i><a href=\"https:\/\/soymigrante.com\/revista\/danza-guatemala-el-ancestral-baile-del-venado\/\"><\/a><\/div><div class=\"eael-entry-thumbnail \">\n                <img loading=\"lazy\" decoding=\"async\" width=\"1024\" height=\"683\" src=\"https:\/\/soymigrante.com\/revista\/wp-content\/uploads\/2023\/09\/DANZA-DEL-VENADO-CUNEN-QUICHE-1024x683.webp\" class=\"attachment-large size-large wp-image-2450\" alt=\"DANZA DEL VENADO CUNEN QUICHE\" srcset=\"https:\/\/soymigrante.com\/revista\/wp-content\/uploads\/2023\/09\/DANZA-DEL-VENADO-CUNEN-QUICHE-1024x683.webp 1024w, https:\/\/soymigrante.com\/revista\/wp-content\/uploads\/2023\/09\/DANZA-DEL-VENADO-CUNEN-QUICHE-300x200.webp 300w, https:\/\/soymigrante.com\/revista\/wp-content\/uploads\/2023\/09\/DANZA-DEL-VENADO-CUNEN-QUICHE-768x512.webp 768w, https:\/\/soymigrante.com\/revista\/wp-content\/uploads\/2023\/09\/DANZA-DEL-VENADO-CUNEN-QUICHE-1536x1024.webp 1536w, https:\/\/soymigrante.com\/revista\/wp-content\/uploads\/2023\/09\/DANZA-DEL-VENADO-CUNEN-QUICHE-750x500.webp 750w, https:\/\/soymigrante.com\/revista\/wp-content\/uploads\/2023\/09\/DANZA-DEL-VENADO-CUNEN-QUICHE-1140x760.webp 1140w, https:\/\/soymigrante.com\/revista\/wp-content\/uploads\/2023\/09\/DANZA-DEL-VENADO-CUNEN-QUICHE-600x400.webp 600w, https:\/\/soymigrante.com\/revista\/wp-content\/uploads\/2023\/09\/DANZA-DEL-VENADO-CUNEN-QUICHE.webp 1920w\" sizes=\"(max-width: 1024px) 100vw, 1024px\" \/>\n            <\/div>\n        <\/div><div class=\"eael-entry-wrapper\"><header class=\"eael-entry-header\"><h2 class=\"eael-entry-title\"><a class=\"eael-grid-post-link\" href=\"https:\/\/soymigrante.com\/revista\/danza-guatemala-el-ancestral-baile-del-venado\/\" title=\"Danzas de Guatemala: El  Baile del Venado est\u00e1 en la memoria de muchos migrantes.\">Danzas de Guatemala: El  Baile del Venado est\u00e1 en la memoria de muchos migrantes.<\/a><\/h2><\/header><div class=\"eael-entry-content\">\n                        <div class=\"eael-grid-post-excerpt\"><a href=\"https:\/\/soymigrante.com\/revista\/danza-guatemala-el-ancestral-baile-del-venado\/\" class=\"eael-post-elements-readmore-btn\">CONOCE SU HISTORIA <\/a><\/div>\n                    <\/div><\/div><\/div>\n        <\/div>\n    <\/article><\/div>\n            <div class=\"clearfix\"><\/div>\n        <\/div>\t\t\t\t<\/div>\n\t\t\t\t\t<\/div>\n\t\t\t\t<\/div>\n\t\t\t\t<\/div>\n\t\t","protected":false},"excerpt":{"rendered":"<p>Magn\u00edfica y deslumbrante danza ritual maya k&#8217;iche de Momostenango, Totonicap\u00e1n solo se presenta cada dos a\u00f1os. M\u00e1s all\u00e1 de su colorido, alegr\u00eda y acrobacia, tiene un profundo sentido ceremonial que empieza 9 meses antes. Entre las Danzas de Guatemala, la danza del Venado de Santiago Momostenango, Totonicap\u00e1n, tiene tigres, leones y monos. Integra elementos de [&hellip;]<\/p>\n","protected":false},"author":7,"featured_media":40426,"comment_status":"open","ping_status":"open","sticky":false,"template":"","format":"standard","meta":{"_acf_changed":false,"_eb_attr":"","footnotes":""},"categories":[58],"tags":[244],"class_list":["post-40424","post","type-post","status-publish","format-standard","has-post-thumbnail","hentry","category-guate-nuestra","tag-danzas-de-guatemala"],"acf":[],"aioseo_notices":[],"aioseo_head":"\n\t\t<!-- All in One SEO Pro 4.9.6.2 - aioseo.com -->\n\t<meta name=\"description\" content=\"Se calcula que El Baile del Venado surgi\u00f3 hace 1,500 a\u00f1os como un ritual de cacer\u00eda; tiene unos 26 danzantes y en cada localidad donde se celebra tiene distintas caracter\u00edsticas. Tradici\u00f3n en al menos 35 comunidades El Baile del Venado es una danza ritual que surgi\u00f3 hace unos 1,500 a\u00f1os, es decir en plena \u00e9poca\" \/>\n\t<meta name=\"robots\" content=\"max-snippet:-1, max-image-preview:large, max-video-preview:-1\" \/>\n\t<meta name=\"author\" content=\"Gustavo Montenegro\"\/>\n\t<link rel=\"canonical\" href=\"https:\/\/soymigrante.com\/revista\/danza-del-venado-leones-y-monos-en-momostenango-se-presenta-solo-cada-2-anos\/\" \/>\n\t<meta name=\"generator\" content=\"All in One SEO Pro (AIOSEO) 4.9.6.2\" \/>\n\n\t\t<link rel=\"preconnect\" href=\"https:\/\/fonts.googleapis.com\" crossorigin>\n<link rel=\"preconnect\" href=\"https:\/\/fonts.gstatic.com\" crossorigin>\n\t\t<meta property=\"og:locale\" content=\"es_ES\" \/>\n\t\t<meta property=\"og:site_name\" content=\"SoyMigrante.com REVISTA \u2013 Nuestra misi\u00f3n es reconocer y dignificar al migrante.\" \/>\n\t\t<meta property=\"og:type\" content=\"article\" \/>\n\t\t<meta property=\"og:title\" content=\"Danza de venados y leones de Momostenango: solo cada 2 a\u00f1os\" \/>\n\t\t<meta property=\"og:description\" content=\"Deslumbrante expresi\u00f3n de fe y tradici\u00f3n ancestral maya k&#039;iche&#039; se presenta en julio, en la feria de Momostenango, cada 2 a\u00f1os. Conoce detalles y simbolos aqu\u00ed.\" \/>\n\t\t<meta property=\"og:url\" content=\"https:\/\/soymigrante.com\/revista\/danza-del-venado-leones-y-monos-en-momostenango-se-presenta-solo-cada-2-anos\/\" \/>\n\t\t<meta property=\"og:image\" content=\"https:\/\/soymigrante.com\/revista\/wp-content\/uploads\/2025\/07\/danza-del-venado-leones-tigres-momostenango-3.webp\" \/>\n\t\t<meta property=\"og:image:secure_url\" content=\"https:\/\/soymigrante.com\/revista\/wp-content\/uploads\/2025\/07\/danza-del-venado-leones-tigres-momostenango-3.webp\" \/>\n\t\t<meta property=\"og:image:width\" content=\"1883\" \/>\n\t\t<meta property=\"og:image:height\" content=\"1883\" \/>\n\t\t<meta property=\"article:published_time\" content=\"2025-07-25T19:08:15+00:00\" \/>\n\t\t<meta property=\"article:modified_time\" content=\"2025-07-25T20:23:36+00:00\" \/>\n\t\t<meta property=\"article:publisher\" content=\"https:\/\/www.facebook.com\/soymigrantecom\" \/>\n\t\t<meta name=\"twitter:card\" content=\"summary_large_image\" \/>\n\t\t<meta name=\"twitter:site\" content=\"@SoyMigrante_com\" \/>\n\t\t<meta name=\"twitter:title\" content=\"Danza de venados y leones de Momostenango: solo cada 2 a\u00f1os\" \/>\n\t\t<meta name=\"twitter:description\" content=\"Deslumbrante expresi\u00f3n de fe y tradici\u00f3n ancestral maya k&#039;iche&#039; se presenta en julio, en la feria de Momostenango, cada 2 a\u00f1os. Conoce detalles y simbolos aqu\u00ed.\" \/>\n\t\t<meta name=\"twitter:creator\" content=\"@SoyMigrante_com\" \/>\n\t\t<meta name=\"twitter:image\" content=\"https:\/\/soymigrante.com\/revista\/wp-content\/uploads\/2025\/07\/danza-del-venado-leones-tigres-momostenango-3.webp\" \/>\n\t\t<!-- All in One SEO Pro -->\r\n\t\t<title>Danza de venados y leones de Momostenango: solo cada 2 a\u00f1os<\/title>\n\n","aioseo_head_json":{"title":"Danza de venados y leones de Momostenango: solo cada 2 a\u00f1os","description":"Deslumbrante expresi\u00f3n de fe y tradici\u00f3n ancestral maya k'iche' se presenta en julio, en la feria de Momostenango, cada 2 a\u00f1os. Conoce detalles y simbolos aqu\u00ed.","canonical_url":"https:\/\/soymigrante.com\/revista\/danza-del-venado-leones-y-monos-en-momostenango-se-presenta-solo-cada-2-anos\/","robots":"max-snippet:-1, max-image-preview:large, max-video-preview:-1","keywords":"","webmasterTools":{"miscellaneous":"&lt;link rel=\"preconnect\" href=\"https:\/\/fonts.googleapis.com\" crossorigin&gt;\n&lt;link rel=\"preconnect\" href=\"https:\/\/fonts.gstatic.com\" crossorigin&gt;"},"schema":null,"og:locale":"es_ES","og:site_name":"SoyMigrante.com REVISTA \u2013 Nuestra misi\u00f3n es reconocer y dignificar al migrante.","og:type":"article","og:title":"Danza de venados y leones de Momostenango: solo cada 2 a\u00f1os","og:description":"Deslumbrante expresi\u00f3n de fe y tradici\u00f3n ancestral maya k'iche' se presenta en julio, en la feria de Momostenango, cada 2 a\u00f1os. Conoce detalles y simbolos aqu\u00ed.","og:url":"https:\/\/soymigrante.com\/revista\/danza-del-venado-leones-y-monos-en-momostenango-se-presenta-solo-cada-2-anos\/","og:image":"https:\/\/soymigrante.com\/revista\/wp-content\/uploads\/2025\/07\/danza-del-venado-leones-tigres-momostenango-3.webp","og:image:secure_url":"https:\/\/soymigrante.com\/revista\/wp-content\/uploads\/2025\/07\/danza-del-venado-leones-tigres-momostenango-3.webp","og:image:width":1883,"og:image:height":1883,"article:published_time":"2025-07-25T19:08:15+00:00","article:modified_time":"2025-07-25T20:23:36+00:00","article:publisher":"https:\/\/www.facebook.com\/soymigrantecom","twitter:card":"summary_large_image","twitter:site":"@SoyMigrante_com","twitter:title":"Danza de venados y leones de Momostenango: solo cada 2 a\u00f1os","twitter:description":"Deslumbrante expresi\u00f3n de fe y tradici\u00f3n ancestral maya k'iche' se presenta en julio, en la feria de Momostenango, cada 2 a\u00f1os. Conoce detalles y simbolos aqu\u00ed.","twitter:creator":"@SoyMigrante_com","twitter:image":"https:\/\/soymigrante.com\/revista\/wp-content\/uploads\/2025\/07\/danza-del-venado-leones-tigres-momostenango-3.webp"},"aioseo_meta_data":{"post_id":"40424","title":"Danza de venados y leones de Momostenango: solo cada 2 a\u00f1os","description":"Deslumbrante expresi\u00f3n de fe y tradici\u00f3n ancestral maya k'iche' se presenta en julio, en la feria de Momostenango, cada 2 a\u00f1os. Conoce detalles y simbolos aqu\u00ed.","keywords":null,"keyphrases":{"focus":{"keyphrase":"Danza del venado","score":63,"analysis":{"keyphraseInTitle":{"score":3,"maxScore":9,"error":1},"keyphraseInDescription":{"score":3,"maxScore":9,"error":1},"keyphraseLength":{"score":9,"maxScore":9,"error":0,"length":3},"keyphraseInURL":{"score":5,"maxScore":5,"error":0}}},"additional":[{"keyphrase":"Danza","score":67,"analysis":{"keyphraseInDescription":{"score":3,"maxScore":9,"error":1},"keyphraseLength":{"score":9,"maxScore":9,"error":0,"length":1}}},{"keyphrase":"Momostenango","score":100,"analysis":{"keyphraseInDescription":{"score":9,"maxScore":9,"error":0},"keyphraseLength":{"score":9,"maxScore":9,"error":0,"length":1}}}]},"primary_term":null,"canonical_url":null,"og_title":null,"og_description":null,"og_object_type":"default","og_image_type":"default","og_image_url":null,"og_image_width":null,"og_image_height":null,"og_image_custom_url":null,"og_image_custom_fields":null,"og_video":"","og_custom_url":null,"og_article_section":null,"og_article_tags":null,"twitter_use_og":false,"twitter_card":"default","twitter_image_type":"default","twitter_image_url":null,"twitter_image_custom_url":null,"twitter_image_custom_fields":null,"twitter_title":null,"twitter_description":null,"schema":{"blockGraphs":[],"customGraphs":[],"default":{"data":{"Article":[],"Course":[],"Dataset":[],"FAQPage":[],"Movie":[],"Person":[],"Product":[],"ProductReview":[],"Car":[],"Recipe":[],"Service":[],"SoftwareApplication":[],"WebPage":[]},"graphName":"none","isEnabled":true},"graphs":[]},"schema_type":"default","schema_type_options":null,"pillar_content":false,"robots_default":true,"robots_noindex":false,"robots_noarchive":false,"robots_nosnippet":false,"robots_nofollow":false,"robots_noimageindex":false,"robots_noodp":false,"robots_notranslate":false,"robots_max_snippet":"-1","robots_max_videopreview":"-1","robots_max_imagepreview":"large","priority":null,"frequency":"default","local_seo":null,"seo_analyzer_scan_date":"2025-10-09 07:11:15","breadcrumb_settings":null,"limit_modified_date":false,"reviewed_by":"0","open_ai":null,"ai":{"faqs":[],"keyPoints":[],"titles":[],"descriptions":[],"socialPosts":{"email":[],"linkedin":[],"twitter":[],"facebook":[],"instagram":[]}},"created":"2025-07-25 17:38:48","updated":"2026-02-05 03:06:31"},"aioseo_breadcrumb":"<div class=\"aioseo-breadcrumbs\"><span class=\"aioseo-breadcrumb\">\n\t<a href=\"https:\/\/soymigrante.com\/revista\" title=\"Home\">Home<\/a>\n<\/span><span class=\"aioseo-breadcrumb-separator\">\u00bb<\/span><span class=\"aioseo-breadcrumb\">\n\t<a href=\"https:\/\/soymigrante.com\/revista\/category\/guate-nuestra\/\" title=\"Guate Nuestra\">Guate Nuestra<\/a>\n<\/span><span class=\"aioseo-breadcrumb-separator\">\u00bb<\/span><span class=\"aioseo-breadcrumb\">\n\tDanza del venado, leones y monos en Momostenango se presenta solo cada 2 a\u00f1os\n<\/span><\/div>","aioseo_breadcrumb_json":[{"label":"Home","link":"https:\/\/soymigrante.com\/revista"},{"label":"Guate Nuestra","link":"https:\/\/soymigrante.com\/revista\/category\/guate-nuestra\/"},{"label":"Danza del venado, leones y monos en Momostenango se presenta solo cada 2 a\u00f1os","link":"https:\/\/soymigrante.com\/revista\/danza-del-venado-leones-y-monos-en-momostenango-se-presenta-solo-cada-2-anos\/"}],"_links":{"self":[{"href":"https:\/\/soymigrante.com\/revista\/wp-json\/wp\/v2\/posts\/40424","targetHints":{"allow":["GET"]}}],"collection":[{"href":"https:\/\/soymigrante.com\/revista\/wp-json\/wp\/v2\/posts"}],"about":[{"href":"https:\/\/soymigrante.com\/revista\/wp-json\/wp\/v2\/types\/post"}],"author":[{"embeddable":true,"href":"https:\/\/soymigrante.com\/revista\/wp-json\/wp\/v2\/users\/7"}],"replies":[{"embeddable":true,"href":"https:\/\/soymigrante.com\/revista\/wp-json\/wp\/v2\/comments?post=40424"}],"version-history":[{"count":13,"href":"https:\/\/soymigrante.com\/revista\/wp-json\/wp\/v2\/posts\/40424\/revisions"}],"predecessor-version":[{"id":40475,"href":"https:\/\/soymigrante.com\/revista\/wp-json\/wp\/v2\/posts\/40424\/revisions\/40475"}],"wp:featuredmedia":[{"embeddable":true,"href":"https:\/\/soymigrante.com\/revista\/wp-json\/wp\/v2\/media\/40426"}],"wp:attachment":[{"href":"https:\/\/soymigrante.com\/revista\/wp-json\/wp\/v2\/media?parent=40424"}],"wp:term":[{"taxonomy":"category","embeddable":true,"href":"https:\/\/soymigrante.com\/revista\/wp-json\/wp\/v2\/categories?post=40424"},{"taxonomy":"post_tag","embeddable":true,"href":"https:\/\/soymigrante.com\/revista\/wp-json\/wp\/v2\/tags?post=40424"}],"curies":[{"name":"wp","href":"https:\/\/api.w.org\/{rel}","templated":true}]}}