{"id":40410,"date":"2025-07-26T10:37:08","date_gmt":"2025-07-26T16:37:08","guid":{"rendered":"https:\/\/soymigrante.com\/revista\/?p=40410"},"modified":"2025-07-26T10:38:05","modified_gmt":"2025-07-26T16:38:05","slug":"pregunta-muy-humana-a-la-ia-por-que-a-tanta-gente-le-gusta-chisme","status":"publish","type":"post","link":"https:\/\/soymigrante.com\/revista\/pregunta-muy-humana-a-la-ia-por-que-a-tanta-gente-le-gusta-chisme\/","title":{"rendered":"Una pregunta muy humana a la IA: \u00bfPor qu\u00e9 a tanta gente le gusta chisme?"},"content":{"rendered":"\t\t<div data-elementor-type=\"wp-post\" data-elementor-id=\"40410\" class=\"elementor elementor-40410\" data-elementor-post-type=\"post\">\n\t\t\t\t<div data-particle_enable=\"false\" data-particle-mobile-disabled=\"false\" class=\"elementor-element elementor-element-8cbcdf2 e-flex e-con-boxed e-con e-parent\" data-id=\"8cbcdf2\" data-element_type=\"container\" data-e-type=\"container\">\n\t\t\t\t\t<div class=\"e-con-inner\">\n\t\t\t\t<div class=\"elementor-element elementor-element-7633818 elementor-widget elementor-widget-heading\" data-id=\"7633818\" data-element_type=\"widget\" data-e-type=\"widget\" data-widget_type=\"heading.default\">\n\t\t\t\t\t<h2 class=\"elementor-heading-title elementor-size-default\">La Inteligencia Artificial da un resumen de porque a los humanos nos encanta el chisme y porque no conecta. \n<\/h2>\t\t\t\t<\/div>\n\t\t\t\t\t<\/div>\n\t\t\t\t<\/div>\n\t\t<div data-particle_enable=\"false\" data-particle-mobile-disabled=\"false\" class=\"elementor-element elementor-element-1133f59 e-flex e-con-boxed e-con e-parent\" data-id=\"1133f59\" data-element_type=\"container\" data-e-type=\"container\">\n\t\t\t\t\t<div class=\"e-con-inner\">\n\t\t\t\t<div class=\"elementor-element elementor-element-127cdf9 elementor-widget elementor-widget-text-editor\" data-id=\"127cdf9\" data-element_type=\"widget\" data-e-type=\"widget\" data-widget_type=\"text-editor.default\">\n\t\t\t\t\t\t\t\t\t<p>Preguntarle a una inteligencia artificial por qu\u00e9 a la gente le gusta el chisme puede parecer, a primera vista, una p\u00e9rdida de tiempo. \u00bfNo deber\u00edamos estar discutiendo temas m\u00e1s complejos como la teor\u00eda del caos, la inteligencia cu\u00e1ntica o el futuro de la humanidad? Tal vez. Pero hay algo profundamente humano en esa pregunta, y precisamente por eso vale la pena detenerse a pensarla.<\/p><p><a href=\"https:\/\/soymigrante.com\/revista\/relaciones-armoniosas-son-el-secreto-para-una-vida-feliz-y-saludable-segun-harvard\/\" target=\"_blank\" rel=\"noopener\">Porque si hay una actividad que atraviesa todas las culturas, \u00e9pocas y clases sociales, esa es el chisme.<\/a> Y entenderlo es entender una parte esencial de c\u00f3mo funcionamos como especie. As\u00ed que, aunque suene trivial, aqu\u00ed va una respuesta\u2026 por puntos, como debe ser:<\/p>\t\t\t\t\t\t\t\t<\/div>\n\t\t\t\t\t<\/div>\n\t\t\t\t<\/div>\n\t\t<div data-particle_enable=\"false\" data-particle-mobile-disabled=\"false\" class=\"elementor-element elementor-element-fdc260c e-flex e-con-boxed e-con e-parent\" data-id=\"fdc260c\" data-element_type=\"container\" data-e-type=\"container\">\n\t\t\t\t\t<div class=\"e-con-inner\">\n\t\t\t\t<div class=\"elementor-element elementor-element-58850f5 elementor-widget elementor-widget-text-editor\" data-id=\"58850f5\" data-element_type=\"widget\" data-e-type=\"widget\" data-widget_type=\"text-editor.default\">\n\t\t\t\t\t\t\t\t\t<p><strong>1. Porque somos curiosos por naturaleza<\/strong><br \/><a href=\"https:\/\/soymigrante.com\/revista\/relaciones-armoniosas-son-el-secreto-para-una-vida-feliz-y-saludable-segun-harvard\/\" target=\"_blank\" rel=\"noopener\">Desde peque\u00f1os sentimos una fascinaci\u00f3n espont\u00e1nea por saber qu\u00e9 hacen los dem\u00e1s<\/a>. La vida ajena tiene un poder magn\u00e9tico: sus dramas, secretos y contradicciones nos atrapan porque nos ayudan a interpretar el mundo social en el que vivimos.<\/p>\t\t\t\t\t\t\t\t<\/div>\n\t\t\t\t\t<\/div>\n\t\t\t\t<\/div>\n\t\t<div data-particle_enable=\"false\" data-particle-mobile-disabled=\"false\" class=\"elementor-element elementor-element-ec9286c e-flex e-con-boxed e-con e-parent\" data-id=\"ec9286c\" data-element_type=\"container\" data-e-type=\"container\">\n\t\t\t\t\t<div class=\"e-con-inner\">\n\t\t\t\t<div class=\"elementor-element elementor-element-63361f1 elementor-widget elementor-widget-image\" data-id=\"63361f1\" data-element_type=\"widget\" data-e-type=\"widget\" data-widget_type=\"image.default\">\n\t\t\t\t\t\t\t\t\t\t\t\t<figure class=\"wp-caption\">\n\t\t\t\t\t\t\t\t\t\t<img fetchpriority=\"high\" decoding=\"async\" width=\"768\" height=\"512\" src=\"https:\/\/soymigrante.com\/revista\/wp-content\/uploads\/2025\/07\/Por-que-nos-encanta-el-chisme1-1024x682.jpeg\" class=\"attachment-large size-large wp-image-40417\" alt=\"Chicas sonriendo, amistad, diversidad cultural, mujeres felices, relaci\u00f3n social, alegr\u00eda y compa\u00f1erismo, im\u00e1genes de amistad, mujer latina y mujer cauc\u00e1sica, conexi\u00f3n entre mujeres, sonrisa y felicidad, cultura y comunidad, Revista SoyMigrante.com.\" srcset=\"https:\/\/soymigrante.com\/revista\/wp-content\/uploads\/2025\/07\/Por-que-nos-encanta-el-chisme1-1024x682.jpeg 1024w, https:\/\/soymigrante.com\/revista\/wp-content\/uploads\/2025\/07\/Por-que-nos-encanta-el-chisme1-300x200.jpeg 300w, https:\/\/soymigrante.com\/revista\/wp-content\/uploads\/2025\/07\/Por-que-nos-encanta-el-chisme1-768x512.jpeg 768w, https:\/\/soymigrante.com\/revista\/wp-content\/uploads\/2025\/07\/Por-que-nos-encanta-el-chisme1-1536x1023.jpeg 1536w, https:\/\/soymigrante.com\/revista\/wp-content\/uploads\/2025\/07\/Por-que-nos-encanta-el-chisme1-750x500.webp 750w, https:\/\/soymigrante.com\/revista\/wp-content\/uploads\/2025\/07\/Por-que-nos-encanta-el-chisme1-1140x760.webp 1140w, https:\/\/soymigrante.com\/revista\/wp-content\/uploads\/2025\/07\/Por-que-nos-encanta-el-chisme1.webp 1600w\" sizes=\"(max-width: 768px) 100vw, 768px\" title=\"El chisme hace que se crea un v\u00ednculo con otra persona. (Foto: ENVATO) \u2013 SoyMigrante.com REVISTA\" \/>\t\t\t\t\t\t\t\t\t\t\t<figcaption class=\"widget-image-caption wp-caption-text\">Dos mujeres sonriendo y compartiendo un momento alegre y amistoso en un entorno urbano, demostrando uni\u00f3n y felicidad entre amigas.<\/figcaption>\n\t\t\t\t\t\t\t\t\t\t<\/figure>\n\t\t\t\t\t\t\t\t\t<\/div>\n\t\t\t\t\t<\/div>\n\t\t\t\t<\/div>\n\t\t<div data-particle_enable=\"false\" data-particle-mobile-disabled=\"false\" class=\"elementor-element elementor-element-a7fb6ed e-flex e-con-boxed e-con e-parent\" data-id=\"a7fb6ed\" data-element_type=\"container\" data-e-type=\"container\">\n\t\t\t\t\t<div class=\"e-con-inner\">\n\t\t\t\t<div class=\"elementor-element elementor-element-0c6a363 elementor-widget elementor-widget-text-editor\" data-id=\"0c6a363\" data-element_type=\"widget\" data-e-type=\"widget\" data-widget_type=\"text-editor.default\">\n\t\t\t\t\t\t\t\t\t<p><strong>2. Porque tiene ra\u00edces evolutivas<\/strong><br \/>En tiempos antiguos, hablar de otros era clave para la supervivencia grupal. El chisme permit\u00eda saber qui\u00e9n era leal, qui\u00e9n romp\u00eda las reglas y qui\u00e9n pod\u00eda ser una amenaza. Serv\u00eda para mantener el orden dentro del grupo y fortalecer las normas colectivas.<\/p>\t\t\t\t\t\t\t\t<\/div>\n\t\t\t\t\t<\/div>\n\t\t\t\t<\/div>\n\t\t<div data-particle_enable=\"false\" data-particle-mobile-disabled=\"false\" class=\"elementor-element elementor-element-0f3410c e-flex e-con-boxed e-con e-parent\" data-id=\"0f3410c\" data-element_type=\"container\" data-e-type=\"container\">\n\t\t\t\t\t<div class=\"e-con-inner\">\n\t\t\t\t<div class=\"elementor-element elementor-element-123872b elementor-widget elementor-widget-text-editor\" data-id=\"123872b\" data-element_type=\"widget\" data-e-type=\"widget\" data-widget_type=\"text-editor.default\">\n\t\t\t\t\t\t\t\t\t<p><strong>3. Porque crea v\u00ednculos<\/strong><br \/>Compartir un chisme genera confianza. Es una forma de intimidad social: si te cuento algo que no todos saben, es porque te considero parte de \u201cmi gente\u201d. As\u00ed, el chisme refuerza la pertenencia y la cercan\u00eda entre quienes lo comparten.<\/p>\t\t\t\t\t\t\t\t<\/div>\n\t\t\t\t\t<\/div>\n\t\t\t\t<\/div>\n\t\t<div data-particle_enable=\"false\" data-particle-mobile-disabled=\"false\" class=\"elementor-element elementor-element-c35e443 e-flex e-con-boxed e-con e-parent\" data-id=\"c35e443\" data-element_type=\"container\" data-e-type=\"container\">\n\t\t\t\t\t<div class=\"e-con-inner\">\n\t\t\t\t<div class=\"elementor-element elementor-element-7156343 elementor-widget elementor-widget-text-editor\" data-id=\"7156343\" data-element_type=\"widget\" data-e-type=\"widget\" data-widget_type=\"text-editor.default\">\n\t\t\t\t\t\t\t\t\t<p><strong>4. Porque nos da emociones intensas<\/strong><br \/><a href=\"https:\/\/soymigrante.com\/revista\/relaciones-armoniosas-son-el-secreto-para-una-vida-feliz-y-saludable-segun-harvard\/\" target=\"_blank\" rel=\"noopener\">El chisme no es aburrido. Al contrario: sorprende, entretiene, escandaliza o indigna.<\/a> Como cualquier buena historia, genera emociones que rompen con la rutina. Adem\u00e1s, a veces escuchar los tropiezos ajenos nos hace sentir mejor con los propios.<\/p>\t\t\t\t\t\t\t\t<\/div>\n\t\t\t\t\t<\/div>\n\t\t\t\t<\/div>\n\t\t<div data-particle_enable=\"false\" data-particle-mobile-disabled=\"false\" class=\"elementor-element elementor-element-33e731f e-flex e-con-boxed e-con e-parent\" data-id=\"33e731f\" data-element_type=\"container\" data-e-type=\"container\">\n\t\t\t\t\t<div class=\"e-con-inner\">\n\t\t\t\t<div class=\"elementor-element elementor-element-8abdcb8 elementor-grid-eael-col-1 elementor-grid-tablet-eael-col-2 elementor-grid-mobile-eael-col-1 elementor-invisible elementor-widget elementor-widget-eael-post-grid\" data-id=\"8abdcb8\" data-element_type=\"widget\" data-e-type=\"widget\" data-settings=\"{&quot;eael_post_grid_columns&quot;:&quot;eael-col-1&quot;,&quot;_animation&quot;:&quot;rollIn&quot;,&quot;eael_post_grid_columns_tablet&quot;:&quot;eael-col-2&quot;,&quot;eael_post_grid_columns_mobile&quot;:&quot;eael-col-1&quot;}\" data-widget_type=\"eael-post-grid.default\">\n\t\t\t\t\t<div id=\"eael-post-grid-8abdcb8\" class=\"eael-post-grid-container\">\n            <div class=\"eael-post-grid eael-post-appender eael-post-appender-8abdcb8 eael-post-grid-style-one\" data-layout-mode=\"masonry\"><article class=\"eael-grid-post  eael-post-grid-column eael-pg-post-20446 category-bienestar\" data-id=\"20446\">\n        <div class=\"eael-grid-post-holder\">\n            <div class=\"eael-grid-post-holder-inner\"><div class=\"eael-entry-media\"><div class=\"eael-entry-overlay fade-in\"><i class=\"far fa-hand-pointer\" aria-hidden=\"true\"><\/i><a href=\"https:\/\/soymigrante.com\/revista\/como-puedo-identificar-sintomas-de-depresion-o-ansiedad\/\"><\/a><\/div><div class=\"eael-entry-thumbnail eael-image-ratio\">\n                <img decoding=\"async\" width=\"1024\" height=\"1024\" src=\"https:\/\/soymigrante.com\/revista\/wp-content\/uploads\/2025\/01\/Sen\u0303ales-de-alerta-de-depresio\u0301n-y-ansiedad-en-migrantes2-scaled-e1736786647146-1024x1024.jpg\" class=\"attachment-large size-large wp-image-20447\" alt=\"Se\u00f1ales de alerta de depresi\u00f3n y ansiedad en migrantes\" srcset=\"https:\/\/soymigrante.com\/revista\/wp-content\/uploads\/2025\/01\/Sen\u0303ales-de-alerta-de-depresio\u0301n-y-ansiedad-en-migrantes2-scaled-e1736786647146-1024x1024.jpg 1024w, https:\/\/soymigrante.com\/revista\/wp-content\/uploads\/2025\/01\/Sen\u0303ales-de-alerta-de-depresio\u0301n-y-ansiedad-en-migrantes2-scaled-e1736786647146-300x300.jpg 300w, https:\/\/soymigrante.com\/revista\/wp-content\/uploads\/2025\/01\/Sen\u0303ales-de-alerta-de-depresio\u0301n-y-ansiedad-en-migrantes2-scaled-e1736786647146-150x150.jpg 150w, https:\/\/soymigrante.com\/revista\/wp-content\/uploads\/2025\/01\/Sen\u0303ales-de-alerta-de-depresio\u0301n-y-ansiedad-en-migrantes2-scaled-e1736786647146-768x768.jpg 768w, https:\/\/soymigrante.com\/revista\/wp-content\/uploads\/2025\/01\/Sen\u0303ales-de-alerta-de-depresio\u0301n-y-ansiedad-en-migrantes2-scaled-e1736786647146-1536x1536.jpg 1536w, https:\/\/soymigrante.com\/revista\/wp-content\/uploads\/2025\/01\/Sen\u0303ales-de-alerta-de-depresio\u0301n-y-ansiedad-en-migrantes2-scaled-e1736786647146-75x75.webp 75w, https:\/\/soymigrante.com\/revista\/wp-content\/uploads\/2025\/01\/Sen\u0303ales-de-alerta-de-depresio\u0301n-y-ansiedad-en-migrantes2-scaled-e1736786647146-750x750.webp 750w, https:\/\/soymigrante.com\/revista\/wp-content\/uploads\/2025\/01\/Sen\u0303ales-de-alerta-de-depresio\u0301n-y-ansiedad-en-migrantes2-scaled-e1736786647146-1140x1140.webp 1140w, https:\/\/soymigrante.com\/revista\/wp-content\/uploads\/2025\/01\/Sen\u0303ales-de-alerta-de-depresio\u0301n-y-ansiedad-en-migrantes2-scaled-e1736786647146.webp 1758w\" sizes=\"(max-width: 1024px) 100vw, 1024px\" \/>\n            <\/div>\n        <\/div><div class=\"eael-entry-wrapper\"><header class=\"eael-entry-header\"><h2 class=\"eael-entry-title\"><a class=\"eael-grid-post-link\" href=\"https:\/\/soymigrante.com\/revista\/como-puedo-identificar-sintomas-de-depresion-o-ansiedad\/\" title=\"\u00bfC\u00f3mo puedo identificar s\u00edntomas de depresi\u00f3n o ansiedad?\">\u00bfC\u00f3mo puedo identificar s\u00edntomas de depresi\u00f3n o ansiedad?<\/a><\/h2><\/header><div class=\"eael-entry-content\">\n                        <div class=\"eael-grid-post-excerpt\"><a href=\"https:\/\/soymigrante.com\/revista\/como-puedo-identificar-sintomas-de-depresion-o-ansiedad\/\" class=\"eael-post-elements-readmore-btn\">CONOCE SU HISTORIA <\/a><\/div>\n                    <\/div><\/div><\/div>\n        <\/div>\n    <\/article><\/div>\n            <div class=\"clearfix\"><\/div>\n        <\/div>\t\t\t\t<\/div>\n\t\t\t\t\t<\/div>\n\t\t\t\t<\/div>\n\t\t<div data-particle_enable=\"false\" data-particle-mobile-disabled=\"false\" class=\"elementor-element elementor-element-2e786f9 e-flex e-con-boxed e-con e-parent\" data-id=\"2e786f9\" data-element_type=\"container\" data-e-type=\"container\">\n\t\t\t\t\t<div class=\"e-con-inner\">\n\t\t\t\t<div class=\"elementor-element elementor-element-cdbf646 elementor-widget elementor-widget-text-editor\" data-id=\"cdbf646\" data-element_type=\"widget\" data-e-type=\"widget\" data-widget_type=\"text-editor.default\">\n\t\t\t\t\t\t\t\t\t<p><strong>5. Porque nos posiciona socialmente<\/strong><br \/>Saber (y contar) un chisme puede hacernos sentir m\u00e1s informados, incluso poderosos. Manejar informaci\u00f3n exclusiva puede elevar nuestra influencia en un grupo. Adem\u00e1s, nos comparamos con los dem\u00e1s y, en cierto modo, nos medimos frente a ellos.<\/p>\t\t\t\t\t\t\t\t<\/div>\n\t\t\t\t\t<\/div>\n\t\t\t\t<\/div>\n\t\t<div data-particle_enable=\"false\" data-particle-mobile-disabled=\"false\" class=\"elementor-element elementor-element-e387a5e e-flex e-con-boxed e-con e-parent\" data-id=\"e387a5e\" data-element_type=\"container\" data-e-type=\"container\">\n\t\t\t\t\t<div class=\"e-con-inner\">\n\t\t\t\t<div class=\"elementor-element elementor-element-71d0576 elementor-widget elementor-widget-text-editor\" data-id=\"71d0576\" data-element_type=\"widget\" data-e-type=\"widget\" data-widget_type=\"text-editor.default\">\n\t\t\t\t\t\t\t\t\t<p><strong>6. Porque nunca fue tan f\u00e1cil como ahora<\/strong><br \/>En la era digital, el chisme tiene altavoces globales. Redes sociales, filtros de \u201cconfesiones\u201d, cuentas an\u00f3nimas y videos virales han transformado el chisme en un fen\u00f3meno de masas. Ya no es solo de vecinos: ahora es parte del espect\u00e1culo cotidiano.<\/p>\t\t\t\t\t\t\t\t<\/div>\n\t\t\t\t\t<\/div>\n\t\t\t\t<\/div>\n\t\t<div data-particle_enable=\"false\" data-particle-mobile-disabled=\"false\" class=\"elementor-element elementor-element-0f9e9f3 e-flex e-con-boxed e-con e-parent\" data-id=\"0f9e9f3\" data-element_type=\"container\" data-e-type=\"container\">\n\t\t\t\t\t<div class=\"e-con-inner\">\n\t\t\t\t<div class=\"elementor-element elementor-element-5e4b4af elementor-widget elementor-widget-text-editor\" data-id=\"5e4b4af\" data-element_type=\"widget\" data-e-type=\"widget\" data-widget_type=\"text-editor.default\">\n\t\t\t\t\t\t\t\t\t<p><strong>7. Porque no todo chisme es malo<\/strong><br \/>Aunque suele verse con ojos negativos, el chisme tambi\u00e9n puede cumplir funciones \u00fatiles: advertir sobre comportamientos t\u00f3xicos, crear conciencia o simplemente aliviar tensiones. Lo importante es el c\u00f3mo y el para qu\u00e9.<\/p>\t\t\t\t\t\t\t\t<\/div>\n\t\t\t\t\t<\/div>\n\t\t\t\t<\/div>\n\t\t<div data-particle_enable=\"false\" data-particle-mobile-disabled=\"false\" class=\"elementor-element elementor-element-5fe82d2 e-flex e-con-boxed e-con e-parent\" data-id=\"5fe82d2\" data-element_type=\"container\" data-e-type=\"container\">\n\t\t\t\t\t<div class=\"e-con-inner\">\n\t\t\t\t<div class=\"elementor-element elementor-element-6a57185 elementor-widget elementor-widget-text-editor\" data-id=\"6a57185\" data-element_type=\"widget\" data-e-type=\"widget\" data-widget_type=\"text-editor.default\">\n\t\t\t\t\t\t\t\t\t<p>Quiz\u00e1s el chisme no sea un tema menor.<a href=\"https:\/\/soymigrante.com\/revista\/relaciones-armoniosas-son-el-secreto-para-una-vida-feliz-y-saludable-segun-harvard\/\" target=\"_blank\" rel=\"noopener\"> Quiz\u00e1s revela, m\u00e1s que muchos tratados, c\u00f3mo construimos nuestras relaciones, c\u00f3mo formamos comunidades y c\u00f3mo le damos sentido a nuestras vidas en relaci\u00f3n con las de los dem\u00e1s.<\/a> As\u00ed que no, no es una pregunta trivial. Y si llegaste hasta aqu\u00ed&#8230; ya est\u00e1s dentro del chisme.<\/p>\t\t\t\t\t\t\t\t<\/div>\n\t\t\t\t\t<\/div>\n\t\t\t\t<\/div>\n\t\t<div data-particle_enable=\"false\" data-particle-mobile-disabled=\"false\" class=\"elementor-element elementor-element-cfb9540 e-flex e-con-boxed e-con e-parent\" data-id=\"cfb9540\" data-element_type=\"container\" data-e-type=\"container\">\n\t\t\t\t\t<div class=\"e-con-inner\">\n\t\t\t\t<div class=\"elementor-element elementor-element-64ad523 elementor-widget elementor-widget-heading\" data-id=\"64ad523\" data-element_type=\"widget\" data-e-type=\"widget\" data-widget_type=\"heading.default\">\n\t\t\t\t\t<h2 class=\"elementor-heading-title elementor-size-default\">Conoce otros temas que te pueden interesar...<\/h2>\t\t\t\t<\/div>\n\t\t\t\t\t<\/div>\n\t\t\t\t<\/div>\n\t\t<div data-particle_enable=\"false\" data-particle-mobile-disabled=\"false\" class=\"elementor-element elementor-element-f6e173c e-flex e-con-boxed e-con e-parent\" data-id=\"f6e173c\" data-element_type=\"container\" data-e-type=\"container\">\n\t\t\t\t\t<div class=\"e-con-inner\">\n\t\t\t\t<div class=\"elementor-element elementor-element-ddb2c10 elementor-grid-eael-col-3 elementor-grid-tablet-eael-col-2 elementor-grid-mobile-eael-col-1 elementor-invisible elementor-widget elementor-widget-eael-post-grid\" data-id=\"ddb2c10\" data-element_type=\"widget\" data-e-type=\"widget\" data-settings=\"{&quot;eael_post_grid_columns&quot;:&quot;eael-col-3&quot;,&quot;_animation&quot;:&quot;rollIn&quot;,&quot;eael_post_grid_columns_tablet&quot;:&quot;eael-col-2&quot;,&quot;eael_post_grid_columns_mobile&quot;:&quot;eael-col-1&quot;}\" data-widget_type=\"eael-post-grid.default\">\n\t\t\t\t\t<div id=\"eael-post-grid-ddb2c10\" class=\"eael-post-grid-container\">\n            <div class=\"eael-post-grid eael-post-appender eael-post-appender-ddb2c10 eael-post-grid-style-one\" data-layout-mode=\"masonry\"><article class=\"eael-grid-post  eael-post-grid-column eael-pg-post-10382 category-bienestar\" data-id=\"10382\">\n        <div class=\"eael-grid-post-holder\">\n            <div class=\"eael-grid-post-holder-inner\"><div class=\"eael-entry-media\"><div class=\"eael-entry-overlay fade-in\"><i class=\"far fa-hand-pointer\" aria-hidden=\"true\"><\/i><a href=\"https:\/\/soymigrante.com\/revista\/compromiso-con-el-trabajo-hay-que-saber-ser-realista-y-eficiente\/\"><\/a><\/div><div class=\"eael-entry-thumbnail \">\n                <img decoding=\"async\" width=\"1024\" height=\"1024\" src=\"https:\/\/soymigrante.com\/revista\/wp-content\/uploads\/2024\/10\/Compromiso-con-el-trabajo-como-ser-realista-y-eficiente-3-e1729026140507-1024x1024.jpg\" class=\"attachment-large size-large wp-image-10383\" alt=\"Soymigrante.com revista, mujer joven estudiando en casa con auriculares y laptop, tem\u00e1tica migrante y trabajo desde casa, recursos para inmigrantes y comunidad migrante, actualizaci\u00f3n sobre migraci\u00f3n y derechos.\" srcset=\"https:\/\/soymigrante.com\/revista\/wp-content\/uploads\/2024\/10\/Compromiso-con-el-trabajo-como-ser-realista-y-eficiente-3-e1729026140507-1024x1024.jpg 1024w, https:\/\/soymigrante.com\/revista\/wp-content\/uploads\/2024\/10\/Compromiso-con-el-trabajo-como-ser-realista-y-eficiente-3-e1729026140507-300x300.jpg 300w, https:\/\/soymigrante.com\/revista\/wp-content\/uploads\/2024\/10\/Compromiso-con-el-trabajo-como-ser-realista-y-eficiente-3-e1729026140507-150x150.jpg 150w, https:\/\/soymigrante.com\/revista\/wp-content\/uploads\/2024\/10\/Compromiso-con-el-trabajo-como-ser-realista-y-eficiente-3-e1729026140507-768x768.jpg 768w, https:\/\/soymigrante.com\/revista\/wp-content\/uploads\/2024\/10\/Compromiso-con-el-trabajo-como-ser-realista-y-eficiente-3-e1729026140507-1536x1536.jpg 1536w, https:\/\/soymigrante.com\/revista\/wp-content\/uploads\/2024\/10\/Compromiso-con-el-trabajo-como-ser-realista-y-eficiente-3-e1729026140507-75x75.webp 75w, https:\/\/soymigrante.com\/revista\/wp-content\/uploads\/2024\/10\/Compromiso-con-el-trabajo-como-ser-realista-y-eficiente-3-e1729026140507-750x750.webp 750w, https:\/\/soymigrante.com\/revista\/wp-content\/uploads\/2024\/10\/Compromiso-con-el-trabajo-como-ser-realista-y-eficiente-3-e1729026140507-1140x1140.webp 1140w, https:\/\/soymigrante.com\/revista\/wp-content\/uploads\/2024\/10\/Compromiso-con-el-trabajo-como-ser-realista-y-eficiente-3-e1729026140507-2048x2048.jpg 2048w, https:\/\/soymigrante.com\/revista\/wp-content\/uploads\/2024\/10\/Compromiso-con-el-trabajo-como-ser-realista-y-eficiente-3-e1729026140507.webp 1920w\" sizes=\"(max-width: 1024px) 100vw, 1024px\" \/>\n            <\/div>\n        <\/div><div class=\"eael-entry-wrapper\"><header class=\"eael-entry-header\"><h2 class=\"eael-entry-title\"><a class=\"eael-grid-post-link\" href=\"https:\/\/soymigrante.com\/revista\/compromiso-con-el-trabajo-hay-que-saber-ser-realista-y-eficiente\/\" title=\"Compromiso con el trabajo: hay que saber ser realista y eficiente\">Compromiso con el trabajo: hay que saber ser realista y eficiente<\/a><\/h2><\/header><div class=\"eael-entry-content\">\n                        <div class=\"eael-grid-post-excerpt\"><a href=\"https:\/\/soymigrante.com\/revista\/compromiso-con-el-trabajo-hay-que-saber-ser-realista-y-eficiente\/\" class=\"eael-post-elements-readmore-btn\">CONOCE SU HISTORIA <\/a><\/div>\n                    <\/div><\/div><\/div>\n        <\/div>\n    <\/article><article class=\"eael-grid-post  eael-post-grid-column eael-pg-post-10377 category-bienestar\" data-id=\"10377\">\n        <div class=\"eael-grid-post-holder\">\n            <div class=\"eael-grid-post-holder-inner\"><div class=\"eael-entry-media\"><div class=\"eael-entry-overlay fade-in\"><i class=\"far fa-hand-pointer\" aria-hidden=\"true\"><\/i><a href=\"https:\/\/soymigrante.com\/revista\/la-importancia-de-descansar-cuerpo-y-mente-piden-pausa\/\"><\/a><\/div><div class=\"eael-entry-thumbnail \">\n                <img loading=\"lazy\" decoding=\"async\" width=\"1024\" height=\"682\" src=\"https:\/\/soymigrante.com\/revista\/wp-content\/uploads\/2024\/10\/La-importancia-de-descansar-el-cuerpo-y-la-mente-piden-pausa2-1024x682.webp\" class=\"attachment-large size-large wp-image-10378\" alt=\"Dormilona con cabello rizado descansando en la cama, mostrando la importancia del descanso y bienestar en la comunidad migrante.\" srcset=\"https:\/\/soymigrante.com\/revista\/wp-content\/uploads\/2024\/10\/La-importancia-de-descansar-el-cuerpo-y-la-mente-piden-pausa2-1024x682.webp 1024w, https:\/\/soymigrante.com\/revista\/wp-content\/uploads\/2024\/10\/La-importancia-de-descansar-el-cuerpo-y-la-mente-piden-pausa2-300x200.webp 300w, https:\/\/soymigrante.com\/revista\/wp-content\/uploads\/2024\/10\/La-importancia-de-descansar-el-cuerpo-y-la-mente-piden-pausa2-768x511.webp 768w, https:\/\/soymigrante.com\/revista\/wp-content\/uploads\/2024\/10\/La-importancia-de-descansar-el-cuerpo-y-la-mente-piden-pausa2-1536x1022.webp 1536w, https:\/\/soymigrante.com\/revista\/wp-content\/uploads\/2024\/10\/La-importancia-de-descansar-el-cuerpo-y-la-mente-piden-pausa2-scaled.webp 1920w, https:\/\/soymigrante.com\/revista\/wp-content\/uploads\/2024\/10\/La-importancia-de-descansar-el-cuerpo-y-la-mente-piden-pausa2-750x499.webp 750w, https:\/\/soymigrante.com\/revista\/wp-content\/uploads\/2024\/10\/La-importancia-de-descansar-el-cuerpo-y-la-mente-piden-pausa2-1140x759.webp 1140w\" sizes=\"(max-width: 1024px) 100vw, 1024px\" \/>\n            <\/div>\n        <\/div><div class=\"eael-entry-wrapper\"><header class=\"eael-entry-header\"><h2 class=\"eael-entry-title\"><a class=\"eael-grid-post-link\" href=\"https:\/\/soymigrante.com\/revista\/la-importancia-de-descansar-cuerpo-y-mente-piden-pausa\/\" title=\"La importancia de descansar: cuerpo y mente piden pausa\">La importancia de descansar: cuerpo y mente piden pausa<\/a><\/h2><\/header><div class=\"eael-entry-content\">\n                        <div class=\"eael-grid-post-excerpt\"><a href=\"https:\/\/soymigrante.com\/revista\/la-importancia-de-descansar-cuerpo-y-mente-piden-pausa\/\" class=\"eael-post-elements-readmore-btn\">CONOCE SU HISTORIA <\/a><\/div>\n                    <\/div><\/div><\/div>\n        <\/div>\n    <\/article><article class=\"eael-grid-post  eael-post-grid-column eael-pg-post-9493 category-bienestar\" data-id=\"9493\">\n        <div class=\"eael-grid-post-holder\">\n            <div class=\"eael-grid-post-holder-inner\"><div class=\"eael-entry-media\"><div class=\"eael-entry-overlay fade-in\"><i class=\"far fa-hand-pointer\" aria-hidden=\"true\"><\/i><a href=\"https:\/\/soymigrante.com\/revista\/cuanto-mantienes-enfocada-tu-atencion-en-el-trabajo\/\"><\/a><\/div><div class=\"eael-entry-thumbnail \">\n                <img loading=\"lazy\" decoding=\"async\" width=\"637\" height=\"637\" src=\"https:\/\/soymigrante.com\/revista\/wp-content\/uploads\/2024\/09\/trabajo-enfoque-rendimiento-1-2.webp\" class=\"attachment-large size-large wp-image-9609\" alt=\"Carpintero trabajando en taller con herramientas el\u00e9ctricas, enfoque en empleo y habilidades para migrantes en la construcci\u00f3n.\" srcset=\"https:\/\/soymigrante.com\/revista\/wp-content\/uploads\/2024\/09\/trabajo-enfoque-rendimiento-1-2.webp 637w, https:\/\/soymigrante.com\/revista\/wp-content\/uploads\/2024\/09\/trabajo-enfoque-rendimiento-1-2-300x300.webp 300w, https:\/\/soymigrante.com\/revista\/wp-content\/uploads\/2024\/09\/trabajo-enfoque-rendimiento-1-2-150x150.webp 150w, https:\/\/soymigrante.com\/revista\/wp-content\/uploads\/2024\/09\/trabajo-enfoque-rendimiento-1-2-75x75.webp 75w\" sizes=\"(max-width: 637px) 100vw, 637px\" \/>\n            <\/div>\n        <\/div><div class=\"eael-entry-wrapper\"><header class=\"eael-entry-header\"><h2 class=\"eael-entry-title\"><a class=\"eael-grid-post-link\" href=\"https:\/\/soymigrante.com\/revista\/cuanto-mantienes-enfocada-tu-atencion-en-el-trabajo\/\" title=\"\u00bfCu\u00e1nto mantienes enfocada tu atenci\u00f3n en el trabajo?\">\u00bfCu\u00e1nto mantienes enfocada tu atenci\u00f3n en el trabajo?<\/a><\/h2><\/header><div class=\"eael-entry-content\">\n                        <div class=\"eael-grid-post-excerpt\"><a href=\"https:\/\/soymigrante.com\/revista\/cuanto-mantienes-enfocada-tu-atencion-en-el-trabajo\/\" class=\"eael-post-elements-readmore-btn\">CONOCE SU HISTORIA <\/a><\/div>\n                    <\/div><\/div><\/div>\n        <\/div>\n    <\/article><\/div>\n            <div class=\"clearfix\"><\/div>\n        <\/div>\t\t\t\t<\/div>\n\t\t\t\t\t<\/div>\n\t\t\t\t<\/div>\n\t\t\t\t<\/div>\n\t\t","protected":false},"excerpt":{"rendered":"<p>La Inteligencia Artificial da un resumen de porque a los humanos nos encanta el chisme y porque no conecta. Preguntarle a una inteligencia artificial por qu\u00e9 a la gente le gusta el chisme puede parecer, a primera vista, una p\u00e9rdida de tiempo. \u00bfNo deber\u00edamos estar discutiendo temas m\u00e1s complejos como la teor\u00eda del caos, la [&hellip;]<\/p>\n","protected":false},"author":19,"featured_media":40525,"comment_status":"open","ping_status":"open","sticky":false,"template":"","format":"standard","meta":{"_acf_changed":false,"_eb_attr":"","footnotes":""},"categories":[55],"tags":[],"class_list":["post-40410","post","type-post","status-publish","format-standard","has-post-thumbnail","hentry","category-bienestar"],"acf":[],"aioseo_notices":[],"aioseo_head":"\n\t\t<!-- All in One SEO Pro 4.9.6.2 - aioseo.com -->\n\t<meta name=\"description\" content=\"No solo se trata de efectuar una labor para ganarse un salario: el enfoque durante el trabajo puede hacerlo m\u00e1s eficiente, m\u00e1s seguro y con mayor superaci\u00f3n.\" \/>\n\t<meta name=\"robots\" content=\"max-snippet:-1, max-image-preview:large, max-video-preview:-1\" \/>\n\t<meta name=\"author\" content=\"Marysabel Aldana\"\/>\n\t<link rel=\"canonical\" href=\"https:\/\/soymigrante.com\/revista\/cuanto-mantienes-enfocada-tu-atencion-en-el-trabajo\/\" \/>\n\t<meta name=\"generator\" content=\"All in One SEO Pro (AIOSEO) 4.9.6.2\" \/>\n\n\t\t<link rel=\"preconnect\" href=\"https:\/\/fonts.googleapis.com\" crossorigin>\n<link rel=\"preconnect\" href=\"https:\/\/fonts.gstatic.com\" crossorigin>\n\t\t<meta property=\"og:locale\" content=\"es_ES\" \/>\n\t\t<meta property=\"og:site_name\" content=\"SoyMigrante.com REVISTA \u2013 Nuestra misi\u00f3n es reconocer y dignificar al migrante.\" \/>\n\t\t<meta property=\"og:type\" content=\"article\" \/>\n\t\t<meta property=\"og:title\" content=\"\u00bfCu\u00e1nto mantienes enfocada tu atenci\u00f3n en el trabajo?\" \/>\n\t\t<meta property=\"og:description\" content=\"No solo se trata de efectuar una labor para ganarse un salario: el enfoque durante el trabajo puede hacerlo m\u00e1s eficiente, m\u00e1s seguro y con mayor superaci\u00f3n.\" \/>\n\t\t<meta property=\"og:url\" content=\"https:\/\/soymigrante.com\/revista\/cuanto-mantienes-enfocada-tu-atencion-en-el-trabajo\/\" \/>\n\t\t<meta property=\"og:image\" content=\"https:\/\/soymigrante.com\/revista\/wp-content\/uploads\/2024\/09\/trabajo-enfoque-rendimiento-1-2.webp\" \/>\n\t\t<meta property=\"og:image:secure_url\" content=\"https:\/\/soymigrante.com\/revista\/wp-content\/uploads\/2024\/09\/trabajo-enfoque-rendimiento-1-2.webp\" \/>\n\t\t<meta property=\"og:image:width\" content=\"637\" \/>\n\t\t<meta property=\"og:image:height\" content=\"637\" \/>\n\t\t<meta property=\"article:published_time\" content=\"2024-09-23T14:00:00+00:00\" \/>\n\t\t<meta property=\"article:modified_time\" content=\"2024-09-23T02:35:39+00:00\" \/>\n\t\t<meta property=\"article:publisher\" content=\"https:\/\/www.facebook.com\/soymigrantecom\" \/>\n\t\t<meta name=\"twitter:card\" content=\"summary_large_image\" \/>\n\t\t<meta name=\"twitter:site\" content=\"@SoyMigrante_com\" \/>\n\t\t<meta name=\"twitter:title\" content=\"\u00bfCu\u00e1nto mantienes enfocada tu atenci\u00f3n en el trabajo?\" \/>\n\t\t<meta name=\"twitter:description\" content=\"No solo se trata de efectuar una labor para ganarse un salario: el enfoque durante el trabajo puede hacerlo m\u00e1s eficiente, m\u00e1s seguro y con mayor superaci\u00f3n.\" \/>\n\t\t<meta name=\"twitter:creator\" content=\"@SoyMigrante_com\" \/>\n\t\t<meta name=\"twitter:image\" content=\"https:\/\/soymigrante.com\/revista\/wp-content\/uploads\/2024\/09\/trabajo-enfoque-rendimiento-1-2.webp\" \/>\n\t\t<!-- All in One SEO Pro -->\r\n\t\t<title>\u00bfCu\u00e1nto mantienes enfocada tu atenci\u00f3n en el trabajo?<\/title>\n\n","aioseo_head_json":{"title":"\u00bfCu\u00e1nto mantienes enfocada tu atenci\u00f3n en el trabajo?","description":"No solo se trata de efectuar una labor para ganarse un salario: el enfoque durante el trabajo puede hacerlo m\u00e1s eficiente, m\u00e1s seguro y con mayor superaci\u00f3n.","canonical_url":"https:\/\/soymigrante.com\/revista\/cuanto-mantienes-enfocada-tu-atencion-en-el-trabajo\/","robots":"max-snippet:-1, max-image-preview:large, max-video-preview:-1","keywords":"","webmasterTools":{"miscellaneous":"&lt;link rel=\"preconnect\" href=\"https:\/\/fonts.googleapis.com\" crossorigin&gt;\n&lt;link rel=\"preconnect\" href=\"https:\/\/fonts.gstatic.com\" crossorigin&gt;"},"schema":null,"og:locale":"es_ES","og:site_name":"SoyMigrante.com REVISTA \u2013 Nuestra misi\u00f3n es reconocer y dignificar al migrante.","og:type":"article","og:title":"\u00bfCu\u00e1nto mantienes enfocada tu atenci\u00f3n en el trabajo?","og:description":"No solo se trata de efectuar una labor para ganarse un salario: el enfoque durante el trabajo puede hacerlo m\u00e1s eficiente, m\u00e1s seguro y con mayor superaci\u00f3n.","og:url":"https:\/\/soymigrante.com\/revista\/cuanto-mantienes-enfocada-tu-atencion-en-el-trabajo\/","og:image":"https:\/\/soymigrante.com\/revista\/wp-content\/uploads\/2024\/09\/trabajo-enfoque-rendimiento-1-2.webp","og:image:secure_url":"https:\/\/soymigrante.com\/revista\/wp-content\/uploads\/2024\/09\/trabajo-enfoque-rendimiento-1-2.webp","og:image:width":637,"og:image:height":637,"article:published_time":"2024-09-23T14:00:00+00:00","article:modified_time":"2024-09-23T02:35:39+00:00","article:publisher":"https:\/\/www.facebook.com\/soymigrantecom","twitter:card":"summary_large_image","twitter:site":"@SoyMigrante_com","twitter:title":"\u00bfCu\u00e1nto mantienes enfocada tu atenci\u00f3n en el trabajo?","twitter:description":"No solo se trata de efectuar una labor para ganarse un salario: el enfoque durante el trabajo puede hacerlo m\u00e1s eficiente, m\u00e1s seguro y con mayor superaci\u00f3n.","twitter:creator":"@SoyMigrante_com","twitter:image":"https:\/\/soymigrante.com\/revista\/wp-content\/uploads\/2024\/09\/trabajo-enfoque-rendimiento-1-2.webp"},"aioseo_meta_data":{"post_id":"40410","title":"Pregunta muy humana a la IA: \u00bfPor qu\u00e9 nos gusta el chisme?","description":"Seg\u00fan la s\u00edntesis de ChatGPT, hay necesidades de reafirmaci\u00f3n y hasta de sentir cierta superioridad moral detr\u00e1s del af\u00e1n por divulgar o saber de la vida de otros","keywords":null,"keyphrases":{"focus":{"keyphrase":"Chisme","score":82,"analysis":{"keyphraseInTitle":{"score":9,"maxScore":9,"error":0},"keyphraseInDescription":{"score":3,"maxScore":9,"error":1},"keyphraseLength":{"score":9,"maxScore":9,"error":0,"length":1},"keyphraseInURL":{"score":5,"maxScore":5,"error":0},"keyphraseInIntroduction":{"score":9,"maxScore":9,"error":0},"keyphraseInSubHeadings":{"score":3,"maxScore":9,"error":1},"keyphraseInImageAlt":{"score":9,"maxScore":9,"error":0},"keywordDensity":{"type":"best","score":9,"maxScore":9,"error":0}}},"additional":[{"keyphrase":"encanta","score":40,"analysis":{"keyphraseInDescription":{"score":3,"maxScore":9,"error":1},"keyphraseLength":{"score":9,"maxScore":9,"error":0,"length":1},"keyphraseInIntroduction":{"score":3,"maxScore":9,"error":1},"keyphraseInImageAlt":{"score":3,"maxScore":9,"error":1},"keywordDensity":{"score":0,"type":"low","maxScore":9,"error":1}}}]},"primary_term":null,"canonical_url":null,"og_title":null,"og_description":null,"og_object_type":"default","og_image_type":"default","og_image_url":null,"og_image_width":null,"og_image_height":null,"og_image_custom_url":null,"og_image_custom_fields":null,"og_video":"","og_custom_url":null,"og_article_section":null,"og_article_tags":null,"twitter_use_og":false,"twitter_card":"default","twitter_image_type":"default","twitter_image_url":null,"twitter_image_custom_url":null,"twitter_image_custom_fields":null,"twitter_title":null,"twitter_description":null,"schema":{"blockGraphs":[],"customGraphs":[],"default":{"data":{"Article":[],"Course":[],"Dataset":[],"FAQPage":[],"Movie":[],"Person":[],"Product":[],"ProductReview":[],"Car":[],"Recipe":[],"Service":[],"SoftwareApplication":[],"WebPage":[]},"graphName":"none","isEnabled":true},"graphs":[]},"schema_type":"default","schema_type_options":null,"pillar_content":false,"robots_default":true,"robots_noindex":false,"robots_noarchive":false,"robots_nosnippet":false,"robots_nofollow":false,"robots_noimageindex":false,"robots_noodp":false,"robots_notranslate":false,"robots_max_snippet":"-1","robots_max_videopreview":"-1","robots_max_imagepreview":"large","priority":null,"frequency":"default","local_seo":null,"seo_analyzer_scan_date":"2025-10-09 07:13:53","breadcrumb_settings":null,"limit_modified_date":false,"reviewed_by":"0","open_ai":null,"ai":{"faqs":[],"keyPoints":[],"titles":[],"descriptions":[],"socialPosts":{"email":[],"linkedin":[],"twitter":[],"facebook":[],"instagram":[]}},"created":"2025-07-25 16:56:16","updated":"2026-02-05 03:06:31"},"aioseo_breadcrumb":"<div class=\"aioseo-breadcrumbs\"><span class=\"aioseo-breadcrumb\">\n\t<a href=\"https:\/\/soymigrante.com\/revista\" title=\"Home\">Home<\/a>\n<\/span><span class=\"aioseo-breadcrumb-separator\">\u00bb<\/span><span class=\"aioseo-breadcrumb\">\n\t<a href=\"https:\/\/soymigrante.com\/revista\/category\/bienestar\/\" title=\"Bienestar\">Bienestar<\/a>\n<\/span><span class=\"aioseo-breadcrumb-separator\">\u00bb<\/span><span class=\"aioseo-breadcrumb\">\n\tUna pregunta muy humana a la IA: \u00bfPor qu\u00e9 a tanta gente le gusta chisme?\n<\/span><\/div>","aioseo_breadcrumb_json":[{"label":"Home","link":"https:\/\/soymigrante.com\/revista"},{"label":"Bienestar","link":"https:\/\/soymigrante.com\/revista\/category\/bienestar\/"},{"label":"Una pregunta muy humana a la IA: \u00bfPor qu\u00e9 a tanta gente le gusta chisme?","link":"https:\/\/soymigrante.com\/revista\/pregunta-muy-humana-a-la-ia-por-que-a-tanta-gente-le-gusta-chisme\/"}],"_links":{"self":[{"href":"https:\/\/soymigrante.com\/revista\/wp-json\/wp\/v2\/posts\/40410","targetHints":{"allow":["GET"]}}],"collection":[{"href":"https:\/\/soymigrante.com\/revista\/wp-json\/wp\/v2\/posts"}],"about":[{"href":"https:\/\/soymigrante.com\/revista\/wp-json\/wp\/v2\/types\/post"}],"author":[{"embeddable":true,"href":"https:\/\/soymigrante.com\/revista\/wp-json\/wp\/v2\/users\/19"}],"replies":[{"embeddable":true,"href":"https:\/\/soymigrante.com\/revista\/wp-json\/wp\/v2\/comments?post=40410"}],"version-history":[{"count":13,"href":"https:\/\/soymigrante.com\/revista\/wp-json\/wp\/v2\/posts\/40410\/revisions"}],"predecessor-version":[{"id":40528,"href":"https:\/\/soymigrante.com\/revista\/wp-json\/wp\/v2\/posts\/40410\/revisions\/40528"}],"wp:featuredmedia":[{"embeddable":true,"href":"https:\/\/soymigrante.com\/revista\/wp-json\/wp\/v2\/media\/40525"}],"wp:attachment":[{"href":"https:\/\/soymigrante.com\/revista\/wp-json\/wp\/v2\/media?parent=40410"}],"wp:term":[{"taxonomy":"category","embeddable":true,"href":"https:\/\/soymigrante.com\/revista\/wp-json\/wp\/v2\/categories?post=40410"},{"taxonomy":"post_tag","embeddable":true,"href":"https:\/\/soymigrante.com\/revista\/wp-json\/wp\/v2\/tags?post=40410"}],"curies":[{"name":"wp","href":"https:\/\/api.w.org\/{rel}","templated":true}]}}