{"id":40315,"date":"2025-07-24T17:22:46","date_gmt":"2025-07-24T23:22:46","guid":{"rendered":"https:\/\/soymigrante.com\/revista\/?p=40315"},"modified":"2025-07-24T18:05:15","modified_gmt":"2025-07-25T00:05:15","slug":"mejora-de-inclusion-bancaria-y-financiera-en-guatemala-beneficia-a-comunidades-y-emprendimientos","status":"publish","type":"post","link":"https:\/\/soymigrante.com\/revista\/mejora-de-inclusion-bancaria-y-financiera-en-guatemala-beneficia-a-comunidades-y-emprendimientos\/","title":{"rendered":"Mejora en inclusi\u00f3n bancaria y financiera en Guatemala beneficia a comunidades y emprendimientos"},"content":{"rendered":"\t\t<div data-elementor-type=\"wp-post\" data-elementor-id=\"40315\" class=\"elementor elementor-40315\" data-elementor-post-type=\"post\">\n\t\t\t\t<div data-particle_enable=\"false\" data-particle-mobile-disabled=\"false\" class=\"elementor-element elementor-element-17070fe e-flex e-con-boxed e-con e-parent\" data-id=\"17070fe\" data-element_type=\"container\" data-e-type=\"container\">\n\t\t\t\t\t<div class=\"e-con-inner\">\n\t\t\t\t<div class=\"elementor-element elementor-element-2076c68 elementor-widget elementor-widget-heading\" data-id=\"2076c68\" data-element_type=\"widget\" data-e-type=\"widget\" data-widget_type=\"heading.default\">\n\t\t\t\t\t<h2 class=\"elementor-heading-title elementor-size-default\">La cobertura de servicios bancarios y financieros en Guatemala es de 65% de la poblaci\u00f3n econ\u00f3micamente activa y casi la mitad de ello est\u00e1 en provincia: buena noticia para emprendimientos y esfuerzos de desarrollo productivo.<\/h2>\t\t\t\t<\/div>\n\t\t\t\t\t<\/div>\n\t\t\t\t<\/div>\n\t\t<div data-particle_enable=\"false\" data-particle-mobile-disabled=\"false\" class=\"elementor-element elementor-element-f865edd e-flex e-con-boxed e-con e-parent\" data-id=\"f865edd\" data-element_type=\"container\" data-e-type=\"container\">\n\t\t\t\t\t<div class=\"e-con-inner\">\n\t\t\t\t<div class=\"elementor-element elementor-element-13ba6c9 elementor-widget elementor-widget-text-editor\" data-id=\"13ba6c9\" data-element_type=\"widget\" data-e-type=\"widget\" data-widget_type=\"text-editor.default\">\n\t\t\t\t\t\t\t\t\t<p>Guatemala actualiz\u00f3 los indicadores de inclusi\u00f3n financiera y actualmente\u00a0 el \u00edndice de cobertura est\u00e1 en un 65% de la poblaci\u00f3n econ\u00f3micamente activa: muy por encima de estimaciones previas que calculaban un 40%. Esto quiere decir que m\u00e1s personas tienen una cuenta de banco y acceso a otros servicios, como tarjetas de d\u00e9bito o cr\u00e9dito, pr\u00e9stamos, pagos en l\u00ednea, transferencias, banca en l\u00ednea.<\/p><p>As\u00ed lo anunci\u00f3 el Banco de Guatemala durante el foto de inclusi\u00f3n financiera efectuado este 23 de julio. La causa de esta mejora radica en la simplificaci\u00f3n de tr\u00e1mites y la digitalizaci\u00f3n, que se aceler\u00f3 desde la pandemia.\u00a0<\/p><p>El sector financiero ve potencial de crecimiento en la provincia. De hecho, un 45% de la poblaci\u00f3n bancarizada est\u00e1 en \u00e1reas rurales, lo cual tambi\u00e9n demuestra la penetraci\u00f3n de la telefon\u00eda celular y la cobertura de internet, que a su vez permite efectuar transacciones a distancia: un factor que <a href=\"https:\/\/soymigrante.com\/mercado\/?srsltid=AfmBOooMvC2QPMhzR4zQ7W5ur_Sjzzx3AArBeggAhTHmLX2zrQUXgNZP\">abre oportunidades a emprendedores, artesanos y productores locales, para negociar y hacer env\u00edos a trav\u00e9s de plataformas como SoyMigrante.com MERCADO<\/a><\/p>\t\t\t\t\t\t\t\t<\/div>\n\t\t\t\t\t<\/div>\n\t\t\t\t<\/div>\n\t\t<div data-particle_enable=\"false\" data-particle-mobile-disabled=\"false\" class=\"elementor-element elementor-element-2c5737f e-flex e-con-boxed e-con e-parent\" data-id=\"2c5737f\" data-element_type=\"container\" data-e-type=\"container\">\n\t\t\t\t\t<div class=\"e-con-inner\">\n\t\t\t\t<div class=\"elementor-element elementor-element-ca64f05 elementor-widget elementor-widget-html\" data-id=\"ca64f05\" data-element_type=\"widget\" data-e-type=\"widget\" data-widget_type=\"html.default\">\n\t\t\t\t\t<blockquote class=\"twitter-tweet\"><p lang=\"es\" dir=\"ltr\">Seg\u00fan el estudio \u201cLa experiencia en Guatemala, retos y desaf\u00edos para mejorar el acceso a sectores m\u00e1s vulnerables&quot;, el doctor Arno Loewenthal, indic\u00f3 que del 64.4% de personas que poseen una cuenta monetaria o de ahorro, el 45.8% corresponde a poblaci\u00f3n del sector rural. <a href=\"https:\/\/t.co\/I2sEsLd4jV\">pic.twitter.com\/I2sEsLd4jV<\/a><\/p>&mdash; Banco de Guatemala (@Banguat) <a href=\"https:\/\/twitter.com\/Banguat\/status\/1948140152167043310?ref_src=twsrc%5Etfw\">July 23, 2025<\/a><\/blockquote> <script async src=\"https:\/\/platform.twitter.com\/widgets.js\" charset=\"utf-8\"><\/script>\t\t\t\t<\/div>\n\t\t\t\t\t<\/div>\n\t\t\t\t<\/div>\n\t\t<div data-particle_enable=\"false\" data-particle-mobile-disabled=\"false\" class=\"elementor-element elementor-element-9a31baf e-flex e-con-boxed e-con e-parent\" data-id=\"9a31baf\" data-element_type=\"container\" data-e-type=\"container\">\n\t\t\t\t\t<div class=\"e-con-inner\">\n\t\t\t\t<div class=\"elementor-element elementor-element-7d6333c elementor-widget elementor-widget-heading\" data-id=\"7d6333c\" data-element_type=\"widget\" data-e-type=\"widget\" data-widget_type=\"heading.default\">\n\t\t\t\t\t<h3 class=\"elementor-heading-title elementor-size-default\">A\u00fan hay mucha posibilidad de crecimiento<\/h3>\t\t\t\t<\/div>\n\t\t\t\t\t<\/div>\n\t\t\t\t<\/div>\n\t\t<div data-particle_enable=\"false\" data-particle-mobile-disabled=\"false\" class=\"elementor-element elementor-element-ce6f9e2 e-flex e-con-boxed e-con e-parent\" data-id=\"ce6f9e2\" data-element_type=\"container\" data-e-type=\"container\">\n\t\t\t\t\t<div class=\"e-con-inner\">\n\t\t\t\t<div class=\"elementor-element elementor-element-dd461a2 elementor-widget elementor-widget-text-editor\" data-id=\"dd461a2\" data-element_type=\"widget\" data-e-type=\"widget\" data-widget_type=\"text-editor.default\">\n\t\t\t\t\t\t\t\t\t<p>Seg\u00fan se expuso en el foro, el sector bancario traza como meta llegar a un 90 por ciento de cobertura en la pr\u00f3xima d\u00e9cada. Pero se necesitan inversiones sociales y productivas. <b>En Guatemala creci\u00f3 280% la cantidad de puntos de acceso financiero (o sea casi se triplic\u00f3); aumento 101% el uso de transferencias digitales (se duplic\u00f3)&nbsp;<\/b><\/p>\n<p>El&nbsp;<a href=\"https:\/\/www.bancomundial.org\/ext\/es\/home\" target=\"_blank\" rel=\"noopener\">Banco Mundial considera no invertir en mejoras limita considerablemente el desarrollo econ\u00f3mico,<\/a> especialmente entre los emprendedores de \u00e1reas rurales y quienes operan negocios en l\u00ednea.&nbsp;<\/p>\n<p>Sin embargo, expertos financieros se\u00f1alan que una mejora sustancial en la infraestructura financiera \u2014como la ampliaci\u00f3n de la red de cajeros autom\u00e1ticos, agencias bancarias, acceso a internet, digitalizaci\u00f3n y servicios m\u00f3viles\u2014 podr\u00eda elevar la cobertura bancaria mayor en menos tiempo.<\/p>\n<p><a href=\"https:\/\/soymigrante.com\/revista\/tips-pra-emprendedores-como-crear-una-marca-y-un-logo-impactante-en-un-mercado-competitivo\/\" target=\"_blank\" rel=\"noopener\">Para los emprendedores, especialmente aquellos que trabajan de forma informal o desde zonas alejadas de los centros urbanos, el acceso a servicios bancarios es fundamental para formalizar su negocio<\/a>, acceder a cr\u00e9ditos, realizar pagos electr\u00f3nicos y vender por medios digitales.<\/p>\t\t\t\t\t\t\t\t<\/div>\n\t\t\t\t\t<\/div>\n\t\t\t\t<\/div>\n\t\t<div data-particle_enable=\"false\" data-particle-mobile-disabled=\"false\" class=\"elementor-element elementor-element-fde09fd e-flex e-con-boxed e-con e-parent\" data-id=\"fde09fd\" data-element_type=\"container\" data-e-type=\"container\">\n\t\t\t\t\t<div class=\"e-con-inner\">\n\t\t\t\t<div class=\"elementor-element elementor-element-fe46c1c elementor-grid-eael-col-3 elementor-grid-tablet-eael-col-2 elementor-grid-mobile-eael-col-1 elementor-invisible elementor-widget elementor-widget-eael-post-grid\" data-id=\"fe46c1c\" data-element_type=\"widget\" data-e-type=\"widget\" data-settings=\"{&quot;eael_post_grid_columns&quot;:&quot;eael-col-3&quot;,&quot;_animation&quot;:&quot;rollIn&quot;,&quot;eael_post_grid_columns_tablet&quot;:&quot;eael-col-2&quot;,&quot;eael_post_grid_columns_mobile&quot;:&quot;eael-col-1&quot;}\" data-widget_type=\"eael-post-grid.default\">\n\t\t\t\t\t<div id=\"eael-post-grid-fe46c1c\" class=\"eael-post-grid-container\">\n            <div class=\"eael-post-grid eael-post-appender eael-post-appender-fe46c1c eael-post-grid-style-one\" data-layout-mode=\"masonry\"><article class=\"eael-grid-post  eael-post-grid-column eael-pg-post-34380 category-estamos-unidos\" data-id=\"34380\">\n        <div class=\"eael-grid-post-holder\">\n            <div class=\"eael-grid-post-holder-inner\"><div class=\"eael-entry-media\"><div class=\"eael-entry-overlay fade-in\"><i class=\"far fa-hand-pointer\" aria-hidden=\"true\"><\/i><a href=\"https:\/\/soymigrante.com\/revista\/un-tejido-de-una-abuela-maya-es-tan-valioso-como-un-software-de-silicon-valley-marcos-antil-en-foro-de-industria-creativa\/\"><\/a><\/div><div class=\"eael-entry-thumbnail \">\n                <img fetchpriority=\"high\" decoding=\"async\" width=\"679\" height=\"679\" src=\"https:\/\/soymigrante.com\/revista\/wp-content\/uploads\/2025\/05\/industrias-creativas-innovacion-tecnologia-1-1.webp\" class=\"attachment-large size-large wp-image-34456\" alt=\"Industria creativa, sostenibilidad y di\u00e1logo en evento cultural en Colombia. Expertos discuten impacto y transformaci\u00f3n en sectores culturales y creativos en Am\u00e9rica Latina.\" srcset=\"https:\/\/soymigrante.com\/revista\/wp-content\/uploads\/2025\/05\/industrias-creativas-innovacion-tecnologia-1-1.webp 679w, https:\/\/soymigrante.com\/revista\/wp-content\/uploads\/2025\/05\/industrias-creativas-innovacion-tecnologia-1-1-300x300.jpg 300w, https:\/\/soymigrante.com\/revista\/wp-content\/uploads\/2025\/05\/industrias-creativas-innovacion-tecnologia-1-1-150x150.jpg 150w, https:\/\/soymigrante.com\/revista\/wp-content\/uploads\/2025\/05\/industrias-creativas-innovacion-tecnologia-1-1-75x75.webp 75w\" sizes=\"(max-width: 679px) 100vw, 679px\" \/>\n            <\/div>\n        <\/div><div class=\"eael-entry-wrapper\"><header class=\"eael-entry-header\"><h2 class=\"eael-entry-title\"><a class=\"eael-grid-post-link\" href=\"https:\/\/soymigrante.com\/revista\/un-tejido-de-una-abuela-maya-es-tan-valioso-como-un-software-de-silicon-valley-marcos-antil-en-foro-de-industria-creativa\/\" title=\"&#8220;Un tejido de una abuela maya es tan valioso como un software de Silicon Valley&#8221;: Marcos Antil en foro de industria creativa\">&#8220;Un tejido de una abuela maya es tan valioso como un software de Silicon Valley&#8221;: Marcos Antil en foro de industria creativa<\/a><\/h2><\/header><div class=\"eael-entry-content\">\n                        <div class=\"eael-grid-post-excerpt\"><a href=\"https:\/\/soymigrante.com\/revista\/un-tejido-de-una-abuela-maya-es-tan-valioso-como-un-software-de-silicon-valley-marcos-antil-en-foro-de-industria-creativa\/\" class=\"eael-post-elements-readmore-btn\">CONOCE SU HISTORIA <\/a><\/div>\n                    <\/div><\/div><\/div>\n        <\/div>\n    <\/article><article class=\"eael-grid-post  eael-post-grid-column eael-pg-post-33336 category-estamos-unidos tags-mercado-emprendedores\" data-id=\"33336\">\n        <div class=\"eael-grid-post-holder\">\n            <div class=\"eael-grid-post-holder-inner\"><div class=\"eael-entry-media\"><div class=\"eael-entry-overlay fade-in\"><i class=\"far fa-hand-pointer\" aria-hidden=\"true\"><\/i><a href=\"https:\/\/soymigrante.com\/revista\/comercio-electronico-en-guatemala-sigue-creciendo-en-oportunidades-para-los-emprendedores\/\"><\/a><\/div><div class=\"eael-entry-thumbnail \">\n                <img decoding=\"async\" width=\"431\" height=\"441\" src=\"https:\/\/soymigrante.com\/revista\/wp-content\/uploads\/2025\/05\/soy-migrante-mercado-IA.webp\" class=\"attachment-large size-large wp-image-33478\" alt=\"Jovenc woman with dark hair browsing colorful jewelry, cupcakes, and accessories on a table at a craft fair or market, in a bright, cheerful setting.\" srcset=\"https:\/\/soymigrante.com\/revista\/wp-content\/uploads\/2025\/05\/soy-migrante-mercado-IA.webp 431w, https:\/\/soymigrante.com\/revista\/wp-content\/uploads\/2025\/05\/soy-migrante-mercado-IA-293x300.png 293w\" sizes=\"(max-width: 431px) 100vw, 431px\" \/>\n            <\/div>\n        <\/div><div class=\"eael-entry-wrapper\"><header class=\"eael-entry-header\"><h2 class=\"eael-entry-title\"><a class=\"eael-grid-post-link\" href=\"https:\/\/soymigrante.com\/revista\/comercio-electronico-en-guatemala-sigue-creciendo-en-oportunidades-para-los-emprendedores\/\" title=\"Comercio electr\u00f3nico en Guatemala sigue creciendo en oportunidades para los emprendedores\">Comercio electr\u00f3nico en Guatemala sigue creciendo en oportunidades para los emprendedores<\/a><\/h2><\/header><div class=\"eael-entry-content\">\n                        <div class=\"eael-grid-post-excerpt\"><a href=\"https:\/\/soymigrante.com\/revista\/comercio-electronico-en-guatemala-sigue-creciendo-en-oportunidades-para-los-emprendedores\/\" class=\"eael-post-elements-readmore-btn\">CONOCE SU HISTORIA <\/a><\/div>\n                    <\/div><\/div><\/div>\n        <\/div>\n    <\/article><article class=\"eael-grid-post  eael-post-grid-column eael-pg-post-13792 category-guate-nuestra\" data-id=\"13792\">\n        <div class=\"eael-grid-post-holder\">\n            <div class=\"eael-grid-post-holder-inner\"><div class=\"eael-entry-media\"><div class=\"eael-entry-overlay fade-in\"><i class=\"far fa-hand-pointer\" aria-hidden=\"true\"><\/i><a href=\"https:\/\/soymigrante.com\/revista\/marcos-antil-expone-plataforma-soymigrante-com-mercado-a-emprendedoras-en-republica-mujer\/\"><\/a><\/div><div class=\"eael-entry-thumbnail \">\n                <img decoding=\"async\" width=\"981\" height=\"981\" src=\"https:\/\/soymigrante.com\/revista\/wp-content\/uploads\/2024\/11\/marcos-antil-soymigrante-MERCADO-4-1.webp\" class=\"attachment-large size-large wp-image-13799\" alt=\"Migrante en feria de emprendimiento con productos hechos a mano y artesan\u00edas para la comunidad latina.\" srcset=\"https:\/\/soymigrante.com\/revista\/wp-content\/uploads\/2024\/11\/marcos-antil-soymigrante-MERCADO-4-1.webp 981w, https:\/\/soymigrante.com\/revista\/wp-content\/uploads\/2024\/11\/marcos-antil-soymigrante-MERCADO-4-1-300x300.jpg 300w, https:\/\/soymigrante.com\/revista\/wp-content\/uploads\/2024\/11\/marcos-antil-soymigrante-MERCADO-4-1-150x150.jpg 150w, https:\/\/soymigrante.com\/revista\/wp-content\/uploads\/2024\/11\/marcos-antil-soymigrante-MERCADO-4-1-768x768.jpg 768w, https:\/\/soymigrante.com\/revista\/wp-content\/uploads\/2024\/11\/marcos-antil-soymigrante-MERCADO-4-1-75x75.webp 75w, https:\/\/soymigrante.com\/revista\/wp-content\/uploads\/2024\/11\/marcos-antil-soymigrante-MERCADO-4-1-750x750.webp 750w\" sizes=\"(max-width: 981px) 100vw, 981px\" \/>\n            <\/div>\n        <\/div><div class=\"eael-entry-wrapper\"><header class=\"eael-entry-header\"><h2 class=\"eael-entry-title\"><a class=\"eael-grid-post-link\" href=\"https:\/\/soymigrante.com\/revista\/marcos-antil-expone-plataforma-soymigrante-com-mercado-a-emprendedoras-en-republica-mujer\/\" title=\"Marcos Antil expone plataforma SoyMigrante.com MERCADO a emprendedoras en Rep\u00fablica Mujer\">Marcos Antil expone plataforma SoyMigrante.com MERCADO a emprendedoras en Rep\u00fablica Mujer<\/a><\/h2><\/header><div class=\"eael-entry-content\">\n                        <div class=\"eael-grid-post-excerpt\"><a href=\"https:\/\/soymigrante.com\/revista\/marcos-antil-expone-plataforma-soymigrante-com-mercado-a-emprendedoras-en-republica-mujer\/\" class=\"eael-post-elements-readmore-btn\">CONOCE SU HISTORIA <\/a><\/div>\n                    <\/div><\/div><\/div>\n        <\/div>\n    <\/article><\/div>\n            <div class=\"clearfix\"><\/div>\n        <\/div>\t\t\t\t<\/div>\n\t\t\t\t\t<\/div>\n\t\t\t\t<\/div>\n\t\t<div data-particle_enable=\"false\" data-particle-mobile-disabled=\"false\" class=\"elementor-element elementor-element-d5d71e6 e-flex e-con-boxed e-con e-parent\" data-id=\"d5d71e6\" data-element_type=\"container\" data-e-type=\"container\">\n\t\t\t\t\t<div class=\"e-con-inner\">\n\t\t\t\t<div class=\"elementor-element elementor-element-199230e elementor-widget elementor-widget-heading\" data-id=\"199230e\" data-element_type=\"widget\" data-e-type=\"widget\" data-widget_type=\"heading.default\">\n\t\t\t\t\t<h3 class=\"elementor-heading-title elementor-size-default\">Beneficio directo a emprendedores <\/h3>\t\t\t\t<\/div>\n\t\t\t\t\t<\/div>\n\t\t\t\t<\/div>\n\t\t<div data-particle_enable=\"false\" data-particle-mobile-disabled=\"false\" class=\"elementor-element elementor-element-232ffdc e-flex e-con-boxed e-con e-parent\" data-id=\"232ffdc\" data-element_type=\"container\" data-e-type=\"container\">\n\t\t\t\t\t<div class=\"e-con-inner\">\n\t\t\t\t<div class=\"elementor-element elementor-element-4872d7e elementor-widget elementor-widget-text-editor\" data-id=\"4872d7e\" data-element_type=\"widget\" data-e-type=\"widget\" data-widget_type=\"text-editor.default\">\n\t\t\t\t\t\t\t\t\t<p>Adem\u00e1s del beneficio directo para quienes emprenden, la expansi\u00f3n de la infraestructura bancaria contribuye a generar confianza en los consumidores que compran en tiendas virtuales a trav\u00e9s de plataformas como<a href=\"https:\/\/soymigrante.com\/mercado\/?srsltid=AfmBOorztY77rvlUPRbnooMN_BTVhIXzxcrOt7SkSHQWUQZ80O13oJOa\"> SoyMigrante.com MERCADO <\/a>pues la bancarizaci\u00f3n permite realizar pagos seguros, tener respaldo en caso de estafas y utilizar m\u00e9todos modernos como billeteras electr\u00f3nicas, transferencias y pagos con tarjeta.<\/p><p>\u201cEl comercio electr\u00f3nico no puede crecer sin un sistema financiero confiable y accesible para todos\u201d, explica Luis Ortiz, analista de tecnolog\u00eda financiera.<\/p><p><a href=\"https:\/\/soymigrante.com\/revista\/tips-pra-emprendedores-como-crear-una-marca-y-un-logo-impactante-en-un-mercado-competitivo\/\" target=\"_blank\" rel=\"noopener\">El desarrollo de herramientas como aplicaciones m\u00f3viles de banca, c\u00f3digos QR, servicios de transferencias sin costo y alianzas entre bancos y cooperativas tambi\u00e9n permitir\u00eda reducir la brecha de acceso.<\/a> Adem\u00e1s, el fortalecimiento de la infraestructura financiera incentiva a m\u00e1s comercios a registrarse de manera formal, lo que aumenta la transparencia, los ingresos fiscales y la protecci\u00f3n al consumidor.<\/p>\t\t\t\t\t\t\t\t<\/div>\n\t\t\t\t\t<\/div>\n\t\t\t\t<\/div>\n\t\t<div data-particle_enable=\"false\" data-particle-mobile-disabled=\"false\" class=\"elementor-element elementor-element-9933037 e-flex e-con-boxed e-con e-parent\" data-id=\"9933037\" data-element_type=\"container\" data-e-type=\"container\">\n\t\t\t\t\t<div class=\"e-con-inner\">\n\t\t\t\t<div class=\"elementor-element elementor-element-c6c62ac elementor-align-center elementor-widget elementor-widget-global elementor-global-14402 elementor-widget-button\" data-id=\"c6c62ac\" data-element_type=\"widget\" data-e-type=\"widget\" data-widget_type=\"button.default\">\n\t\t\t\t\t\t\t\t\t\t<a class=\"elementor-button elementor-button-link elementor-size-sm\" href=\"https:\/\/soymigrante.com\/mercado\/marketplace\/seller\/register\">\n\t\t\t\t\t\t<span class=\"elementor-button-content-wrapper\">\n\t\t\t\t\t\t<span class=\"elementor-button-icon\">\n\t\t\t\t<i aria-hidden=\"true\" class=\"fas fa-cart-arrow-down\"><\/i>\t\t\t<\/span>\n\t\t\t\t\t\t\t\t\t<span class=\"elementor-button-text\">\u00bfERES EMPRENDEDOR Y QUIERES ENTRAR AL COMERCIO DIGITAL? NO ESPERES M\u00c1S Y  ABRE TU TIENDA DIGITAL  EN SOYMIGRANTE.COM\/MERCADO <\/span>\n\t\t\t\t\t<\/span>\n\t\t\t\t\t<\/a>\n\t\t\t\t\t\t\t\t<\/div>\n\t\t\t\t\t<\/div>\n\t\t\t\t<\/div>\n\t\t<div data-particle_enable=\"false\" data-particle-mobile-disabled=\"false\" class=\"elementor-element elementor-element-1fd549b e-flex e-con-boxed e-con e-parent\" data-id=\"1fd549b\" data-element_type=\"container\" data-e-type=\"container\">\n\t\t\t\t\t<div class=\"e-con-inner\">\n\t\t\t\t<div class=\"elementor-element elementor-element-f2d23c7 elementor-widget elementor-widget-image\" data-id=\"f2d23c7\" data-element_type=\"widget\" data-e-type=\"widget\" data-widget_type=\"image.default\">\n\t\t\t\t\t\t\t\t\t\t\t\t<figure class=\"wp-caption\">\n\t\t\t\t\t\t\t\t\t\t<img loading=\"lazy\" decoding=\"async\" width=\"768\" height=\"482\" src=\"https:\/\/soymigrante.com\/revista\/wp-content\/uploads\/2025\/07\/Clave-para-alcanzar-mayor-cobertura-bancaria-y-fortalecer-el-emprendimiento-en-Guatemala2-1024x643.jpeg\" class=\"attachment-large size-large wp-image-40319\" alt=\"Tarjeta de cr\u00e9dito y tel\u00e9fono m\u00f3vil siendo usados para compras en l\u00ednea, concepto de comercio digital y pago con tarjeta, en un entorno moderno y seguro.\" srcset=\"https:\/\/soymigrante.com\/revista\/wp-content\/uploads\/2025\/07\/Clave-para-alcanzar-mayor-cobertura-bancaria-y-fortalecer-el-emprendimiento-en-Guatemala2-1024x643.jpeg 1024w, https:\/\/soymigrante.com\/revista\/wp-content\/uploads\/2025\/07\/Clave-para-alcanzar-mayor-cobertura-bancaria-y-fortalecer-el-emprendimiento-en-Guatemala2-300x188.jpeg 300w, https:\/\/soymigrante.com\/revista\/wp-content\/uploads\/2025\/07\/Clave-para-alcanzar-mayor-cobertura-bancaria-y-fortalecer-el-emprendimiento-en-Guatemala2-768x482.jpeg 768w, https:\/\/soymigrante.com\/revista\/wp-content\/uploads\/2025\/07\/Clave-para-alcanzar-mayor-cobertura-bancaria-y-fortalecer-el-emprendimiento-en-Guatemala2-1536x964.jpeg 1536w, https:\/\/soymigrante.com\/revista\/wp-content\/uploads\/2025\/07\/Clave-para-alcanzar-mayor-cobertura-bancaria-y-fortalecer-el-emprendimiento-en-Guatemala2-750x471.webp 750w, https:\/\/soymigrante.com\/revista\/wp-content\/uploads\/2025\/07\/Clave-para-alcanzar-mayor-cobertura-bancaria-y-fortalecer-el-emprendimiento-en-Guatemala2-1140x715.webp 1140w, https:\/\/soymigrante.com\/revista\/wp-content\/uploads\/2025\/07\/Clave-para-alcanzar-mayor-cobertura-bancaria-y-fortalecer-el-emprendimiento-en-Guatemala2.webp 1600w\" sizes=\"(max-width: 768px) 100vw, 768px\" title=\"Mayor cobertura bancaria ayudar\u00e1 a vender m\u00e1s productos en l\u00ednea. (Foto: ENVATO) \u2013 SoyMigrante.com REVISTA\" \/>\t\t\t\t\t\t\t\t\t\t\t<figcaption class=\"widget-image-caption wp-caption-text\">Realizar transacciones online con tarjeta de cr\u00e9dito, pago digital y comercio electr\u00f3nico, destacando la comodidad y seguridad en las compras en l\u00ednea.<\/figcaption>\n\t\t\t\t\t\t\t\t\t\t<\/figure>\n\t\t\t\t\t\t\t\t\t<\/div>\n\t\t\t\t\t<\/div>\n\t\t\t\t<\/div>\n\t\t<div data-particle_enable=\"false\" data-particle-mobile-disabled=\"false\" class=\"elementor-element elementor-element-72b0727 e-flex e-con-boxed e-con e-parent\" data-id=\"72b0727\" data-element_type=\"container\" data-e-type=\"container\">\n\t\t\t\t\t<div class=\"e-con-inner\">\n\t\t\t\t<div class=\"elementor-element elementor-element-457981a elementor-widget elementor-widget-heading\" data-id=\"457981a\" data-element_type=\"widget\" data-e-type=\"widget\" data-widget_type=\"heading.default\">\n\t\t\t\t\t<h3 class=\"elementor-heading-title elementor-size-default\">Mayor apoyo y crecimiento <\/h3>\t\t\t\t<\/div>\n\t\t\t\t\t<\/div>\n\t\t\t\t<\/div>\n\t\t<div data-particle_enable=\"false\" data-particle-mobile-disabled=\"false\" class=\"elementor-element elementor-element-36332cc e-flex e-con-boxed e-con e-parent\" data-id=\"36332cc\" data-element_type=\"container\" data-e-type=\"container\">\n\t\t\t\t\t<div class=\"e-con-inner\">\n\t\t\t\t<div class=\"elementor-element elementor-element-50b0147 elementor-widget elementor-widget-text-editor\" data-id=\"50b0147\" data-element_type=\"widget\" data-e-type=\"widget\" data-widget_type=\"text-editor.default\">\n\t\t\t\t\t\t\t\t\t<p>Organismos internacionales como el <a href=\"https:\/\/www.bancomundial.org\/ext\/es\/home\" target=\"_blank\" rel=\"noopener\">BID y el Banco Mundia<\/a>l ya han advertido que sin un sistema financiero s\u00f3lido, digital y accesible, las econom\u00edas emergentes como la guatemalteca ver\u00e1n frenado su potencial. Por eso, proyectos que integren a la banca con redes de internet, telecomunicaciones y educaci\u00f3n financiera son considerados urgentes.<\/p><p><a href=\"https:\/\/soymigrante.com\/revista\/tips-pra-emprendedores-como-crear-una-marca-y-un-logo-impactante-en-un-mercado-competitivo\/\" target=\"_blank\" rel=\"noopener\">La expansi\u00f3n de la infraestructura financiera no solo es una meta t\u00e9cnica,<\/a> sino una herramienta clave para el desarrollo inclusivo. Para miles de emprendedores y consumidores guatemaltecos, representa la posibilidad de integrarse plenamente a la econom\u00eda formal, competir en igualdad de condiciones y confiar en un entorno comercial seguro y transparente.<\/p>\t\t\t\t\t\t\t\t<\/div>\n\t\t\t\t\t<\/div>\n\t\t\t\t<\/div>\n\t\t<div data-particle_enable=\"false\" data-particle-mobile-disabled=\"false\" class=\"elementor-element elementor-element-e57f5e5 e-flex e-con-boxed e-con e-parent\" data-id=\"e57f5e5\" data-element_type=\"container\" data-e-type=\"container\">\n\t\t\t\t\t<div class=\"e-con-inner\">\n\t\t\t\t<div class=\"elementor-element elementor-element-11ff58d elementor-grid-eael-col-3 elementor-grid-tablet-eael-col-2 elementor-grid-mobile-eael-col-1 elementor-invisible elementor-widget elementor-widget-eael-post-grid\" data-id=\"11ff58d\" data-element_type=\"widget\" data-e-type=\"widget\" data-settings=\"{&quot;eael_post_grid_columns&quot;:&quot;eael-col-3&quot;,&quot;_animation&quot;:&quot;rollIn&quot;,&quot;eael_post_grid_columns_tablet&quot;:&quot;eael-col-2&quot;,&quot;eael_post_grid_columns_mobile&quot;:&quot;eael-col-1&quot;}\" data-widget_type=\"eael-post-grid.default\">\n\t\t\t\t\t<div id=\"eael-post-grid-11ff58d\" class=\"eael-post-grid-container\">\n            <div class=\"eael-post-grid eael-post-appender eael-post-appender-11ff58d eael-post-grid-style-one\" data-layout-mode=\"masonry\"><article class=\"eael-grid-post  eael-post-grid-column eael-pg-post-55287 category-bienestar tags-mercado-emprendedores\" data-id=\"55287\">\n        <div class=\"eael-grid-post-holder\">\n            <div class=\"eael-grid-post-holder-inner\"><div class=\"eael-entry-media\"><div class=\"eael-entry-overlay fade-in\"><i class=\"far fa-hand-pointer\" aria-hidden=\"true\"><\/i><a href=\"https:\/\/soymigrante.com\/revista\/estrategias-para-fidelizar-clientes-pequenas-acciones-que-te-ayudaran-en-el-comercio-digital\/\"><\/a><\/div><div class=\"eael-entry-thumbnail \">\n                <img loading=\"lazy\" decoding=\"async\" width=\"1024\" height=\"1024\" src=\"https:\/\/soymigrante.com\/revista\/wp-content\/uploads\/2026\/04\/vendedora-soymigrantecom-emprendimiento-emprendedora-comercio-digital.png\" class=\"attachment-large size-large wp-image-55288\" alt=\"Woman in a colorful patterned dress unpacks a gift box with a tied paper wrapping and a handwritten note reading &#039;\u00a1Gracias por apoyar mi sue\u00f1o!&#039; in a craft shop with shelves and plants behind her.\" srcset=\"https:\/\/soymigrante.com\/revista\/wp-content\/uploads\/2026\/04\/vendedora-soymigrantecom-emprendimiento-emprendedora-comercio-digital.png 1024w, https:\/\/soymigrante.com\/revista\/wp-content\/uploads\/2026\/04\/vendedora-soymigrantecom-emprendimiento-emprendedora-comercio-digital-300x300.png 300w, https:\/\/soymigrante.com\/revista\/wp-content\/uploads\/2026\/04\/vendedora-soymigrantecom-emprendimiento-emprendedora-comercio-digital-150x150.png 150w, https:\/\/soymigrante.com\/revista\/wp-content\/uploads\/2026\/04\/vendedora-soymigrantecom-emprendimiento-emprendedora-comercio-digital-768x768.png 768w, https:\/\/soymigrante.com\/revista\/wp-content\/uploads\/2026\/04\/vendedora-soymigrantecom-emprendimiento-emprendedora-comercio-digital-75x75.png 75w, https:\/\/soymigrante.com\/revista\/wp-content\/uploads\/2026\/04\/vendedora-soymigrantecom-emprendimiento-emprendedora-comercio-digital-750x750.png 750w\" sizes=\"(max-width: 1024px) 100vw, 1024px\" \/>\n            <\/div>\n        <\/div><div class=\"eael-entry-wrapper\"><header class=\"eael-entry-header\"><h2 class=\"eael-entry-title\"><a class=\"eael-grid-post-link\" href=\"https:\/\/soymigrante.com\/revista\/estrategias-para-fidelizar-clientes-pequenas-acciones-que-te-ayudaran-en-el-comercio-digital\/\" title=\"Estrategias para fidelizar clientes: peque\u00f1as acciones que te ayudar\u00e1n en el comercio digital\">Estrategias para fidelizar clientes: peque\u00f1as acciones que te ayudar\u00e1n en el comercio digital<\/a><\/h2><\/header><div class=\"eael-entry-content\">\n                        <div class=\"eael-grid-post-excerpt\"><a href=\"https:\/\/soymigrante.com\/revista\/estrategias-para-fidelizar-clientes-pequenas-acciones-que-te-ayudaran-en-el-comercio-digital\/\" class=\"eael-post-elements-readmore-btn\">CONOCE SU HISTORIA <\/a><\/div>\n                    <\/div><\/div><\/div>\n        <\/div>\n    <\/article><article class=\"eael-grid-post  eael-post-grid-column eael-pg-post-55228 category-guate-nuestra tags-mercado-emprendedores\" data-id=\"55228\">\n        <div class=\"eael-grid-post-holder\">\n            <div class=\"eael-grid-post-holder-inner\"><div class=\"eael-entry-media\"><div class=\"eael-entry-overlay fade-in\"><i class=\"far fa-hand-pointer\" aria-hidden=\"true\"><\/i><a href=\"https:\/\/soymigrante.com\/revista\/libros-guatemaltecos-dia-internacional-del-libro-festeja-inspirate-mercado\/\"><\/a><\/div><div class=\"eael-entry-thumbnail \">\n                <img loading=\"lazy\" decoding=\"async\" width=\"1024\" height=\"1024\" src=\"https:\/\/soymigrante.com\/revista\/wp-content\/uploads\/2026\/04\/DIA-DEL-LIBRO-SOYMIGRANTE-MERCADO-1024x1024.png\" class=\"attachment-large size-large wp-image-55229\" alt=\"DIA DEL LIBRO SOYMIGRANTE MERCADO\" srcset=\"https:\/\/soymigrante.com\/revista\/wp-content\/uploads\/2026\/04\/DIA-DEL-LIBRO-SOYMIGRANTE-MERCADO-1024x1024.png 1024w, https:\/\/soymigrante.com\/revista\/wp-content\/uploads\/2026\/04\/DIA-DEL-LIBRO-SOYMIGRANTE-MERCADO-300x300.png 300w, https:\/\/soymigrante.com\/revista\/wp-content\/uploads\/2026\/04\/DIA-DEL-LIBRO-SOYMIGRANTE-MERCADO-150x150.png 150w, https:\/\/soymigrante.com\/revista\/wp-content\/uploads\/2026\/04\/DIA-DEL-LIBRO-SOYMIGRANTE-MERCADO-768x768.png 768w, https:\/\/soymigrante.com\/revista\/wp-content\/uploads\/2026\/04\/DIA-DEL-LIBRO-SOYMIGRANTE-MERCADO-75x75.png 75w, https:\/\/soymigrante.com\/revista\/wp-content\/uploads\/2026\/04\/DIA-DEL-LIBRO-SOYMIGRANTE-MERCADO-750x750.png 750w, https:\/\/soymigrante.com\/revista\/wp-content\/uploads\/2026\/04\/DIA-DEL-LIBRO-SOYMIGRANTE-MERCADO-1140x1140.png 1140w, https:\/\/soymigrante.com\/revista\/wp-content\/uploads\/2026\/04\/DIA-DEL-LIBRO-SOYMIGRANTE-MERCADO.png 1200w\" sizes=\"(max-width: 1024px) 100vw, 1024px\" \/>\n            <\/div>\n        <\/div><div class=\"eael-entry-wrapper\"><header class=\"eael-entry-header\"><h2 class=\"eael-entry-title\"><a class=\"eael-grid-post-link\" href=\"https:\/\/soymigrante.com\/revista\/libros-guatemaltecos-dia-internacional-del-libro-festeja-inspirate-mercado\/\" title=\"Celebra el D\u00eda del Libro con inspiraci\u00f3n 100% guatemalteca: adquiere, disfruta u obsequia en MERCADO\">Celebra el D\u00eda del Libro con inspiraci\u00f3n 100% guatemalteca: adquiere, disfruta u obsequia en MERCADO<\/a><\/h2><\/header><div class=\"eael-entry-content\">\n                        <div class=\"eael-grid-post-excerpt\"><a href=\"https:\/\/soymigrante.com\/revista\/libros-guatemaltecos-dia-internacional-del-libro-festeja-inspirate-mercado\/\" class=\"eael-post-elements-readmore-btn\">CONOCE SU HISTORIA <\/a><\/div>\n                    <\/div><\/div><\/div>\n        <\/div>\n    <\/article><article class=\"eael-grid-post  eael-post-grid-column eael-pg-post-55055 category-guate-nuestra tags-mercado-emprendedores\" data-id=\"55055\">\n        <div class=\"eael-grid-post-holder\">\n            <div class=\"eael-grid-post-holder-inner\"><div class=\"eael-entry-media\"><div class=\"eael-entry-overlay fade-in\"><i class=\"far fa-hand-pointer\" aria-hidden=\"true\"><\/i><a href=\"https:\/\/soymigrante.com\/revista\/dia-mundial-del-emprendimiento-16-historias-llenas-de-trabajo-y-creatividad-presentes-en-mercado\/\"><\/a><\/div><div class=\"eael-entry-thumbnail \">\n                <img loading=\"lazy\" decoding=\"async\" width=\"1024\" height=\"1024\" src=\"https:\/\/soymigrante.com\/revista\/wp-content\/uploads\/2026\/04\/SOYMIGRANTECOM-MERCADO-DIA-MUNDIAL-DEL-EMPRENDEDOR.png\" class=\"attachment-large size-large wp-image-55056\" alt=\"SOYMIGRANTECOM MERCADO DIA MUNDIAL DEL EMPRENDEDOR\" srcset=\"https:\/\/soymigrante.com\/revista\/wp-content\/uploads\/2026\/04\/SOYMIGRANTECOM-MERCADO-DIA-MUNDIAL-DEL-EMPRENDEDOR.png 1024w, https:\/\/soymigrante.com\/revista\/wp-content\/uploads\/2026\/04\/SOYMIGRANTECOM-MERCADO-DIA-MUNDIAL-DEL-EMPRENDEDOR-300x300.png 300w, https:\/\/soymigrante.com\/revista\/wp-content\/uploads\/2026\/04\/SOYMIGRANTECOM-MERCADO-DIA-MUNDIAL-DEL-EMPRENDEDOR-150x150.png 150w, https:\/\/soymigrante.com\/revista\/wp-content\/uploads\/2026\/04\/SOYMIGRANTECOM-MERCADO-DIA-MUNDIAL-DEL-EMPRENDEDOR-768x768.png 768w, https:\/\/soymigrante.com\/revista\/wp-content\/uploads\/2026\/04\/SOYMIGRANTECOM-MERCADO-DIA-MUNDIAL-DEL-EMPRENDEDOR-75x75.png 75w, https:\/\/soymigrante.com\/revista\/wp-content\/uploads\/2026\/04\/SOYMIGRANTECOM-MERCADO-DIA-MUNDIAL-DEL-EMPRENDEDOR-750x750.png 750w\" sizes=\"(max-width: 1024px) 100vw, 1024px\" \/>\n            <\/div>\n        <\/div><div class=\"eael-entry-wrapper\"><header class=\"eael-entry-header\"><h2 class=\"eael-entry-title\"><a class=\"eael-grid-post-link\" href=\"https:\/\/soymigrante.com\/revista\/dia-mundial-del-emprendimiento-16-historias-llenas-de-trabajo-y-creatividad-presentes-en-mercado\/\" title=\"D\u00eda Mundial del Emprendimiento: 16 historias llenas de  trabajo y creatividad presentes en MERCADO\">D\u00eda Mundial del Emprendimiento: 16 historias llenas de  trabajo y creatividad presentes en MERCADO<\/a><\/h2><\/header><div class=\"eael-entry-content\">\n                        <div class=\"eael-grid-post-excerpt\"><a href=\"https:\/\/soymigrante.com\/revista\/dia-mundial-del-emprendimiento-16-historias-llenas-de-trabajo-y-creatividad-presentes-en-mercado\/\" class=\"eael-post-elements-readmore-btn\">CONOCE SU HISTORIA <\/a><\/div>\n                    <\/div><\/div><\/div>\n        <\/div>\n    <\/article><\/div>\n            <div class=\"clearfix\"><\/div>\n        <\/div>            <div class=\"eael-load-more-button-wrap eael-force-hide\">\n                <button class=\"eael-load-more-button\" id=\"eael-load-more-btn-11ff58d\" data-widget-id=\"11ff58d\" data-widget=\"11ff58d\" data-page-id=\"40315\" data-template=\"{&quot;dir&quot;:&quot;lite&quot;,&quot;file_name&quot;:&quot;one.php&quot;,&quot;name&quot;:&quot;Post-Grid&quot;}\" data-class=\"Essential_Addons_Elementor\\Elements\\Post_Grid\" data-layout=\"masonry\" data-page=\"1\" data-args=\"orderby=date&amp;order=desc&amp;ignore_sticky_posts=1&amp;post_status=publish&amp;posts_per_page=3&amp;offset=0&amp;post_type=post&amp;tax_query%5B0%5D%5Btaxonomy%5D=post_tag&amp;tax_query%5B0%5D%5Bfield%5D=term_id&amp;tax_query%5B0%5D%5Bterms%5D%5B0%5D=130&amp;tax_query%5Brelation%5D=AND\" data-max-page=\"35\">\n                    <span class=\"eael-btn-loader button__loader\"><\/span>\n                    <span class=\"eael_load_more_text\">Load More<\/span>\n                <\/button>\n            <\/div>\n            \t\t\t\t<\/div>\n\t\t\t\t\t<\/div>\n\t\t\t\t<\/div>\n\t\t<div data-particle_enable=\"false\" data-particle-mobile-disabled=\"false\" class=\"elementor-element elementor-element-e80794b e-flex e-con-boxed e-con e-parent\" data-id=\"e80794b\" data-element_type=\"container\" data-e-type=\"container\">\n\t\t\t\t\t<div class=\"e-con-inner\">\n\t\t\t\t<div class=\"elementor-element elementor-element-47f5421 elementor-widget elementor-widget-heading\" data-id=\"47f5421\" data-element_type=\"widget\" data-e-type=\"widget\" data-widget_type=\"heading.default\">\n\t\t\t\t\t<h3 class=\"elementor-heading-title elementor-size-default\">Mejores oportunidades<\/h3>\t\t\t\t<\/div>\n\t\t\t\t\t<\/div>\n\t\t\t\t<\/div>\n\t\t<div data-particle_enable=\"false\" data-particle-mobile-disabled=\"false\" class=\"elementor-element elementor-element-ce55fab e-flex e-con-boxed e-con e-parent\" data-id=\"ce55fab\" data-element_type=\"container\" data-e-type=\"container\">\n\t\t\t\t\t<div class=\"e-con-inner\">\n\t\t\t\t<div class=\"elementor-element elementor-element-c0cad65 elementor-widget elementor-widget-text-editor\" data-id=\"c0cad65\" data-element_type=\"widget\" data-e-type=\"widget\" data-widget_type=\"text-editor.default\">\n\t\t\t\t\t\t\t\t\t<p><strong>Acceso a capital y financiamiento<\/strong><br \/>La inclusi\u00f3n financiera permite que emprendedores accedan a microcr\u00e9ditos, <a href=\"https:\/\/www.facebook.com\/banguat\" target=\"_blank\" rel=\"noopener\">cuentas de ahorro y servicios de inversi\u00f3n, lo cual es crucial para iniciar o escalar sus negocios.<\/a><\/p><p><strong>Formalizaci\u00f3n y crecimiento del emprendimiento<\/strong><br \/>Contar con servicios financieros fomenta la formalizaci\u00f3n de negocios, lo que a su vez abre puertas a programas de apoyo, licencias y oportunidades de colaboraci\u00f3n con otras empresas.<\/p><p><strong>Facilita el comercio electr\u00f3nico<\/strong><br \/>Al tener acceso a cuentas bancarias o medios digitales de pago, los emprendedores pueden vender en l\u00ednea, ampliar sus mercados m\u00e1s all\u00e1 de su localidad y ofrecer transacciones seguras a sus clientes.<\/p><p><strong>Mejora la resiliencia econ\u00f3mica<\/strong><br \/><a href=\"https:\/\/www.facebook.com\/banguat\" target=\"_blank\" rel=\"noopener\">El acceso a seguros, ahorro y herramientas digitales fortalece la capacidad de las peque\u00f1as comunidades<\/a> para enfrentar crisis econ\u00f3micas, desastres naturales u otras emergencias.<\/p>\t\t\t\t\t\t\t\t<\/div>\n\t\t\t\t\t<\/div>\n\t\t\t\t<\/div>\n\t\t<div data-particle_enable=\"false\" data-particle-mobile-disabled=\"false\" class=\"elementor-element elementor-element-1651dff e-flex e-con-boxed e-con e-parent\" data-id=\"1651dff\" data-element_type=\"container\" data-e-type=\"container\">\n\t\t\t\t\t<div class=\"e-con-inner\">\n\t\t\t\t<div class=\"elementor-element elementor-element-abdac07 elementor-widget elementor-widget-heading\" data-id=\"abdac07\" data-element_type=\"widget\" data-e-type=\"widget\" data-widget_type=\"heading.default\">\n\t\t\t\t\t<h2 class=\"elementor-heading-title elementor-size-default\">Conoce estos temas que te pueden interesar...<\/h2>\t\t\t\t<\/div>\n\t\t\t\t\t<\/div>\n\t\t\t\t<\/div>\n\t\t<div data-particle_enable=\"false\" data-particle-mobile-disabled=\"false\" class=\"elementor-element elementor-element-f2c854b e-flex e-con-boxed e-con e-parent\" data-id=\"f2c854b\" data-element_type=\"container\" data-e-type=\"container\">\n\t\t\t\t\t<div class=\"e-con-inner\">\n\t\t\t\t<div class=\"elementor-element elementor-element-d00e9ec elementor-grid-eael-col-3 elementor-grid-tablet-eael-col-2 elementor-grid-mobile-eael-col-1 elementor-invisible elementor-widget elementor-widget-eael-post-grid\" data-id=\"d00e9ec\" data-element_type=\"widget\" data-e-type=\"widget\" data-settings=\"{&quot;eael_post_grid_columns&quot;:&quot;eael-col-3&quot;,&quot;_animation&quot;:&quot;rollIn&quot;,&quot;eael_post_grid_columns_tablet&quot;:&quot;eael-col-2&quot;,&quot;eael_post_grid_columns_mobile&quot;:&quot;eael-col-1&quot;}\" data-widget_type=\"eael-post-grid.default\">\n\t\t\t\t\t<div id=\"eael-post-grid-d00e9ec\" class=\"eael-post-grid-container\">\n            <div class=\"eael-post-grid eael-post-appender eael-post-appender-d00e9ec eael-post-grid-style-one\" data-layout-mode=\"masonry\"><article class=\"eael-grid-post  eael-post-grid-column eael-pg-post-33789 category-bienestar\" data-id=\"33789\">\n        <div class=\"eael-grid-post-holder\">\n            <div class=\"eael-grid-post-holder-inner\"><div class=\"eael-entry-media\"><div class=\"eael-entry-overlay fade-in\"><i class=\"far fa-hand-pointer\" aria-hidden=\"true\"><\/i><a href=\"https:\/\/soymigrante.com\/revista\/tips-pra-emprendedores-como-crear-una-marca-y-un-logo-impactante-en-un-mercado-competitivo\/\"><\/a><\/div><div class=\"eael-entry-thumbnail \">\n                <img loading=\"lazy\" decoding=\"async\" width=\"1024\" height=\"1024\" src=\"https:\/\/soymigrante.com\/revista\/wp-content\/uploads\/2025\/05\/Como-crear-una-marca-y-un-logo-impactante-en-un-mercado-competitivo1-e1747414338361-1024x1024.webp\" class=\"attachment-large size-large wp-image-33790\" alt=\"Retrato de un proceso de selecci\u00f3n de fotos en una computadora port\u00e1til con una hoja de fotos en las manos, en un ambiente de oficina con elementos de dise\u00f1o y comunicaci\u00f3n.\" srcset=\"https:\/\/soymigrante.com\/revista\/wp-content\/uploads\/2025\/05\/Como-crear-una-marca-y-un-logo-impactante-en-un-mercado-competitivo1-e1747414338361-1024x1024.webp 1024w, https:\/\/soymigrante.com\/revista\/wp-content\/uploads\/2025\/05\/Como-crear-una-marca-y-un-logo-impactante-en-un-mercado-competitivo1-e1747414338361-300x300.webp 300w, https:\/\/soymigrante.com\/revista\/wp-content\/uploads\/2025\/05\/Como-crear-una-marca-y-un-logo-impactante-en-un-mercado-competitivo1-e1747414338361-150x150.webp 150w, https:\/\/soymigrante.com\/revista\/wp-content\/uploads\/2025\/05\/Como-crear-una-marca-y-un-logo-impactante-en-un-mercado-competitivo1-e1747414338361-768x768.webp 768w, https:\/\/soymigrante.com\/revista\/wp-content\/uploads\/2025\/05\/Como-crear-una-marca-y-un-logo-impactante-en-un-mercado-competitivo1-e1747414338361-75x75.webp 75w, https:\/\/soymigrante.com\/revista\/wp-content\/uploads\/2025\/05\/Como-crear-una-marca-y-un-logo-impactante-en-un-mercado-competitivo1-e1747414338361-750x750.webp 750w, https:\/\/soymigrante.com\/revista\/wp-content\/uploads\/2025\/05\/Como-crear-una-marca-y-un-logo-impactante-en-un-mercado-competitivo1-e1747414338361.webp 1066w\" sizes=\"(max-width: 1024px) 100vw, 1024px\" \/>\n            <\/div>\n        <\/div><div class=\"eael-entry-wrapper\"><header class=\"eael-entry-header\"><h2 class=\"eael-entry-title\"><a class=\"eael-grid-post-link\" href=\"https:\/\/soymigrante.com\/revista\/tips-pra-emprendedores-como-crear-una-marca-y-un-logo-impactante-en-un-mercado-competitivo\/\" title=\"Tips para emprendedores: c\u00f3mo crear una marca y un logo impactante en un mercado competitivo\">Tips para emprendedores: c\u00f3mo crear una marca y un logo impactante en un mercado competitivo<\/a><\/h2><\/header><div class=\"eael-entry-content\">\n                        <div class=\"eael-grid-post-excerpt\"><a href=\"https:\/\/soymigrante.com\/revista\/tips-pra-emprendedores-como-crear-una-marca-y-un-logo-impactante-en-un-mercado-competitivo\/\" class=\"eael-post-elements-readmore-btn\">CONOCE SU HISTORIA <\/a><\/div>\n                    <\/div><\/div><\/div>\n        <\/div>\n    <\/article><article class=\"eael-grid-post  eael-post-grid-column eael-pg-post-16088 category-bienestar\" data-id=\"16088\">\n        <div class=\"eael-grid-post-holder\">\n            <div class=\"eael-grid-post-holder-inner\"><div class=\"eael-entry-media\"><div class=\"eael-entry-overlay fade-in\"><i class=\"far fa-hand-pointer\" aria-hidden=\"true\"><\/i><a href=\"https:\/\/soymigrante.com\/revista\/herramientas-digitales-gratis-para-logos-diseno-y-fotos-de-emprendimientos\/\"><\/a><\/div><div class=\"eael-entry-thumbnail \">\n                <img loading=\"lazy\" decoding=\"async\" width=\"686\" height=\"686\" src=\"https:\/\/soymigrante.com\/revista\/wp-content\/uploads\/2024\/12\/logo.webp\" class=\"attachment-large size-large wp-image-16157\" alt=\"Diversas herramientas de dise\u00f1o gr\u00e1fico y logotipos en una pantalla de tel\u00e9fono m\u00f3vil sobre un escritorio de oficina moderna.\" srcset=\"https:\/\/soymigrante.com\/revista\/wp-content\/uploads\/2024\/12\/logo.webp 686w, https:\/\/soymigrante.com\/revista\/wp-content\/uploads\/2024\/12\/logo-300x300.jpg 300w, https:\/\/soymigrante.com\/revista\/wp-content\/uploads\/2024\/12\/logo-150x150.jpg 150w, https:\/\/soymigrante.com\/revista\/wp-content\/uploads\/2024\/12\/logo-75x75.webp 75w\" sizes=\"(max-width: 686px) 100vw, 686px\" \/>\n            <\/div>\n        <\/div><div class=\"eael-entry-wrapper\"><header class=\"eael-entry-header\"><h2 class=\"eael-entry-title\"><a class=\"eael-grid-post-link\" href=\"https:\/\/soymigrante.com\/revista\/herramientas-digitales-gratis-para-logos-diseno-y-fotos-de-emprendimientos\/\" title=\"Herramientas digitales gratis para logos, dise\u00f1o y fotos de emprendimientos\">Herramientas digitales gratis para logos, dise\u00f1o y fotos de emprendimientos<\/a><\/h2><\/header><div class=\"eael-entry-content\">\n                        <div class=\"eael-grid-post-excerpt\"><a href=\"https:\/\/soymigrante.com\/revista\/herramientas-digitales-gratis-para-logos-diseno-y-fotos-de-emprendimientos\/\" class=\"eael-post-elements-readmore-btn\">CONOCE SU HISTORIA <\/a><\/div>\n                    <\/div><\/div><\/div>\n        <\/div>\n    <\/article><article class=\"eael-grid-post  eael-post-grid-column eael-pg-post-14322 category-bienestar\" data-id=\"14322\">\n        <div class=\"eael-grid-post-holder\">\n            <div class=\"eael-grid-post-holder-inner\"><div class=\"eael-entry-media\"><div class=\"eael-entry-overlay fade-in\"><i class=\"far fa-hand-pointer\" aria-hidden=\"true\"><\/i><a href=\"https:\/\/soymigrante.com\/revista\/la-buena-imagen-vende-mas-claves-para-fotos-para-ventas-digitales\/\"><\/a><\/div><div class=\"eael-entry-thumbnail \">\n                <img loading=\"lazy\" decoding=\"async\" width=\"682\" height=\"1024\" src=\"https:\/\/soymigrante.com\/revista\/wp-content\/uploads\/2024\/11\/Co\u0301mo-tomar-fotos-de-productos-herramientas-y-te\u0301cnicas-1-682x1024.jpeg\" class=\"attachment-large size-large wp-image-14324\" alt=\"C\u00f3mo tomar fotos de productos: herramientas y t\u00e9cnicas\" srcset=\"https:\/\/soymigrante.com\/revista\/wp-content\/uploads\/2024\/11\/Co\u0301mo-tomar-fotos-de-productos-herramientas-y-te\u0301cnicas-1-682x1024.jpeg 682w, https:\/\/soymigrante.com\/revista\/wp-content\/uploads\/2024\/11\/Co\u0301mo-tomar-fotos-de-productos-herramientas-y-te\u0301cnicas-1-200x300.jpeg 200w, https:\/\/soymigrante.com\/revista\/wp-content\/uploads\/2024\/11\/Co\u0301mo-tomar-fotos-de-productos-herramientas-y-te\u0301cnicas-1-768x1153.jpeg 768w, https:\/\/soymigrante.com\/revista\/wp-content\/uploads\/2024\/11\/Co\u0301mo-tomar-fotos-de-productos-herramientas-y-te\u0301cnicas-1-1023x1536.jpeg 1023w, https:\/\/soymigrante.com\/revista\/wp-content\/uploads\/2024\/11\/Co\u0301mo-tomar-fotos-de-productos-herramientas-y-te\u0301cnicas-1-750x1126.webp 750w, https:\/\/soymigrante.com\/revista\/wp-content\/uploads\/2024\/11\/Co\u0301mo-tomar-fotos-de-productos-herramientas-y-te\u0301cnicas-1.webp 1066w\" sizes=\"(max-width: 682px) 100vw, 682px\" \/>\n            <\/div>\n        <\/div><div class=\"eael-entry-wrapper\"><header class=\"eael-entry-header\"><h2 class=\"eael-entry-title\"><a class=\"eael-grid-post-link\" href=\"https:\/\/soymigrante.com\/revista\/la-buena-imagen-vende-mas-claves-para-fotos-para-ventas-digitales\/\" title=\"La buena imagen vende m\u00e1s: claves para mejorar fotos en emprendimientos digitales.\">La buena imagen vende m\u00e1s: claves para mejorar fotos en emprendimientos digitales.<\/a><\/h2><\/header><div class=\"eael-entry-content\">\n                        <div class=\"eael-grid-post-excerpt\"><a href=\"https:\/\/soymigrante.com\/revista\/la-buena-imagen-vende-mas-claves-para-fotos-para-ventas-digitales\/\" class=\"eael-post-elements-readmore-btn\">CONOCE SU HISTORIA <\/a><\/div>\n                    <\/div><\/div><\/div>\n        <\/div>\n    <\/article><\/div>\n            <div class=\"clearfix\"><\/div>\n        <\/div>\t\t\t\t<\/div>\n\t\t\t\t\t<\/div>\n\t\t\t\t<\/div>\n\t\t\t\t<\/div>\n\t\t","protected":false},"excerpt":{"rendered":"<p>La cobertura de servicios bancarios y financieros en Guatemala es de 65% de la poblaci\u00f3n econ\u00f3micamente activa y casi la mitad de ello est\u00e1 en provincia: buena noticia para emprendimientos y esfuerzos de desarrollo productivo. Guatemala actualiz\u00f3 los indicadores de inclusi\u00f3n financiera y actualmente\u00a0 el \u00edndice de cobertura est\u00e1 en un 65% de la poblaci\u00f3n [&hellip;]<\/p>\n","protected":false},"author":19,"featured_media":40329,"comment_status":"open","ping_status":"open","sticky":false,"template":"","format":"standard","meta":{"_acf_changed":false,"_eb_attr":"","footnotes":""},"categories":[54],"tags":[],"class_list":["post-40315","post","type-post","status-publish","format-standard","has-post-thumbnail","hentry","category-estamos-unidos"],"acf":[],"aioseo_notices":[],"aioseo_head":"\n\t\t<!-- All in One SEO Pro 4.9.6.2 - aioseo.com -->\n\t<meta name=\"description\" content=\"Dedicar tiempo y buena luz para tomar fotos atractivas de productos en venta en l\u00ednea es fundamental para convencer potenciales clientes desde el primer vistazo\" \/>\n\t<meta name=\"robots\" content=\"max-snippet:-1, max-image-preview:large, max-video-preview:-1\" \/>\n\t<meta name=\"author\" content=\"Marysabel Aldana\"\/>\n\t<link rel=\"canonical\" href=\"https:\/\/soymigrante.com\/revista\/la-buena-imagen-vende-mas-claves-para-fotos-para-ventas-digitales\/\" \/>\n\t<meta name=\"generator\" content=\"All in One SEO Pro (AIOSEO) 4.9.6.2\" \/>\n\n\t\t<link rel=\"preconnect\" href=\"https:\/\/fonts.googleapis.com\" crossorigin>\n<link rel=\"preconnect\" href=\"https:\/\/fonts.gstatic.com\" crossorigin>\n\t\t<meta property=\"og:locale\" content=\"es_ES\" \/>\n\t\t<meta property=\"og:site_name\" content=\"SoyMigrante.com REVISTA \u2013 Nuestra misi\u00f3n es reconocer y dignificar al migrante.\" \/>\n\t\t<meta property=\"og:type\" content=\"article\" \/>\n\t\t<meta property=\"og:title\" content=\"La buena imagen vende m\u00e1s: claves para mejorar fotos en emprendimientos digitales.\" \/>\n\t\t<meta property=\"og:description\" content=\"Dedicar tiempo y buena luz para tomar fotos atractivas de productos en venta en l\u00ednea es fundamental para convencer potenciales clientes desde el primer vistazo\" \/>\n\t\t<meta property=\"og:url\" content=\"https:\/\/soymigrante.com\/revista\/la-buena-imagen-vende-mas-claves-para-fotos-para-ventas-digitales\/\" \/>\n\t\t<meta property=\"og:image\" content=\"https:\/\/soymigrante.com\/revista\/wp-content\/uploads\/2024\/11\/Co\u0301mo-tomar-fotos-de-productos-herramientas-y-te\u0301cnicas-1-e1732560128554.webp\" \/>\n\t\t<meta property=\"og:image:secure_url\" content=\"https:\/\/soymigrante.com\/revista\/wp-content\/uploads\/2024\/11\/Co\u0301mo-tomar-fotos-de-productos-herramientas-y-te\u0301cnicas-1-e1732560128554.webp\" \/>\n\t\t<meta property=\"og:image:width\" content=\"1066\" \/>\n\t\t<meta property=\"og:image:height\" content=\"1600\" \/>\n\t\t<meta property=\"article:published_time\" content=\"2024-11-25T23:40:55+00:00\" \/>\n\t\t<meta property=\"article:modified_time\" content=\"2025-09-23T23:12:48+00:00\" \/>\n\t\t<meta property=\"article:publisher\" content=\"https:\/\/www.facebook.com\/soymigrantecom\" \/>\n\t\t<meta name=\"twitter:card\" content=\"summary_large_image\" \/>\n\t\t<meta name=\"twitter:site\" content=\"@SoyMigrante_com\" \/>\n\t\t<meta name=\"twitter:title\" content=\"La buena imagen vende m\u00e1s: claves para mejorar fotos en emprendimientos digitales.\" \/>\n\t\t<meta name=\"twitter:description\" content=\"Dedicar tiempo y buena luz para tomar fotos atractivas de productos en venta en l\u00ednea es fundamental para convencer potenciales clientes desde el primer vistazo\" \/>\n\t\t<meta name=\"twitter:creator\" content=\"@SoyMigrante_com\" \/>\n\t\t<meta name=\"twitter:image\" content=\"https:\/\/soymigrante.com\/revista\/wp-content\/uploads\/2024\/11\/Co\u0301mo-tomar-fotos-de-productos-herramientas-y-te\u0301cnicas-1-e1732560128554.webp\" \/>\n\t\t<!-- All in One SEO Pro -->\r\n\t\t<title>La buena imagen vende m\u00e1s: claves para mejorar fotos en emprendimientos digitales.<\/title>\n\n","aioseo_head_json":{"title":"La buena imagen vende m\u00e1s: claves para mejorar fotos en emprendimientos digitales.","description":"Dedicar tiempo y buena luz para tomar fotos atractivas de productos en venta en l\u00ednea es fundamental para convencer potenciales clientes desde el primer vistazo","canonical_url":"https:\/\/soymigrante.com\/revista\/la-buena-imagen-vende-mas-claves-para-fotos-para-ventas-digitales\/","robots":"max-snippet:-1, max-image-preview:large, max-video-preview:-1","keywords":"","webmasterTools":{"miscellaneous":"&lt;link rel=\"preconnect\" href=\"https:\/\/fonts.googleapis.com\" crossorigin&gt;\n&lt;link rel=\"preconnect\" href=\"https:\/\/fonts.gstatic.com\" crossorigin&gt;"},"schema":null,"og:locale":"es_ES","og:site_name":"SoyMigrante.com REVISTA \u2013 Nuestra misi\u00f3n es reconocer y dignificar al migrante.","og:type":"article","og:title":"La buena imagen vende m\u00e1s: claves para mejorar fotos en emprendimientos digitales.","og:description":"Dedicar tiempo y buena luz para tomar fotos atractivas de productos en venta en l\u00ednea es fundamental para convencer potenciales clientes desde el primer vistazo","og:url":"https:\/\/soymigrante.com\/revista\/la-buena-imagen-vende-mas-claves-para-fotos-para-ventas-digitales\/","og:image":"https:\/\/soymigrante.com\/revista\/wp-content\/uploads\/2024\/11\/Co\u0301mo-tomar-fotos-de-productos-herramientas-y-te\u0301cnicas-1-e1732560128554.webp","og:image:secure_url":"https:\/\/soymigrante.com\/revista\/wp-content\/uploads\/2024\/11\/Co\u0301mo-tomar-fotos-de-productos-herramientas-y-te\u0301cnicas-1-e1732560128554.webp","og:image:width":1066,"og:image:height":1600,"article:published_time":"2024-11-25T23:40:55+00:00","article:modified_time":"2025-09-23T23:12:48+00:00","article:publisher":"https:\/\/www.facebook.com\/soymigrantecom","twitter:card":"summary_large_image","twitter:site":"@SoyMigrante_com","twitter:title":"La buena imagen vende m\u00e1s: claves para mejorar fotos en emprendimientos digitales.","twitter:description":"Dedicar tiempo y buena luz para tomar fotos atractivas de productos en venta en l\u00ednea es fundamental para convencer potenciales clientes desde el primer vistazo","twitter:creator":"@SoyMigrante_com","twitter:image":"https:\/\/soymigrante.com\/revista\/wp-content\/uploads\/2024\/11\/Co\u0301mo-tomar-fotos-de-productos-herramientas-y-te\u0301cnicas-1-e1732560128554.webp"},"aioseo_meta_data":{"post_id":"40315","title":"Mejor inclusi\u00f3n financiera en Guatemala ayuda a emprendedores","description":"Un 65% de guatemaltecos tiene acceso a servicios bancarios y de ellos, casi la mitad en provincia y ello abre espacio a mejora en emprendimientos y e-commerce","keywords":null,"keyphrases":{"focus":{"keyphrase":"Inclusi\u00f3n financiera","score":54,"analysis":{"keyphraseInTitle":{"score":9,"maxScore":9,"error":0},"keyphraseInDescription":{"score":3,"maxScore":9,"error":1},"keyphraseLength":{"score":9,"maxScore":9,"error":0,"length":3},"keyphraseInURL":{"score":1,"maxScore":5,"error":1},"keyphraseInIntroduction":{"score":9,"maxScore":9,"error":0},"keyphraseInSubHeadings":{"score":3,"maxScore":9,"error":1},"keyphraseInImageAlt":{"score":3,"maxScore":9,"error":1},"keywordDensity":{"score":0,"type":"low","maxScore":9,"error":1}}},"additional":[{"keyphrase":"Guatemala","score":73,"analysis":{"keyphraseInDescription":{"score":3,"maxScore":9,"error":1},"keyphraseLength":{"score":9,"maxScore":9,"error":0,"length":1},"keyphraseInIntroduction":{"score":9,"maxScore":9,"error":0},"keyphraseInImageAlt":{"score":3,"maxScore":9,"error":1},"keywordDensity":{"type":"best","score":9,"maxScore":9,"error":0}}},{"keyphrase":"emprendimiento","score":53,"analysis":{"keyphraseInDescription":{"score":3,"maxScore":9,"error":1},"keyphraseLength":{"score":9,"maxScore":9,"error":0,"length":1},"keyphraseInIntroduction":{"score":3,"maxScore":9,"error":1},"keyphraseInImageAlt":{"score":9,"maxScore":9,"error":0},"keywordDensity":{"score":0,"type":"low","maxScore":9,"error":1}}}]},"primary_term":null,"canonical_url":null,"og_title":null,"og_description":null,"og_object_type":"default","og_image_type":"default","og_image_url":null,"og_image_width":null,"og_image_height":null,"og_image_custom_url":null,"og_image_custom_fields":null,"og_video":"","og_custom_url":null,"og_article_section":null,"og_article_tags":null,"twitter_use_og":false,"twitter_card":"default","twitter_image_type":"default","twitter_image_url":null,"twitter_image_custom_url":null,"twitter_image_custom_fields":null,"twitter_title":null,"twitter_description":null,"schema":{"blockGraphs":[],"customGraphs":[],"default":{"data":{"Article":[],"Course":[],"Dataset":[],"FAQPage":[],"Movie":[],"Person":[],"Product":[],"ProductReview":[],"Car":[],"Recipe":[],"Service":[],"SoftwareApplication":[],"WebPage":[]},"graphName":"none","isEnabled":true},"graphs":[]},"schema_type":"default","schema_type_options":null,"pillar_content":false,"robots_default":true,"robots_noindex":false,"robots_noarchive":false,"robots_nosnippet":false,"robots_nofollow":false,"robots_noimageindex":false,"robots_noodp":false,"robots_notranslate":false,"robots_max_snippet":"-1","robots_max_videopreview":"-1","robots_max_imagepreview":"large","priority":null,"frequency":"default","local_seo":null,"seo_analyzer_scan_date":"2025-10-09 07:11:14","breadcrumb_settings":null,"limit_modified_date":false,"reviewed_by":"0","open_ai":null,"ai":{"faqs":[],"keyPoints":[],"titles":[],"descriptions":[],"socialPosts":{"email":[],"linkedin":[],"twitter":[],"facebook":[],"instagram":[]}},"created":"2025-07-24 22:06:34","updated":"2026-02-05 03:06:29"},"aioseo_breadcrumb":"<div class=\"aioseo-breadcrumbs\"><span class=\"aioseo-breadcrumb\">\n\t<a href=\"https:\/\/soymigrante.com\/revista\" title=\"Home\">Home<\/a>\n<\/span><span class=\"aioseo-breadcrumb-separator\">\u00bb<\/span><span class=\"aioseo-breadcrumb\">\n\t<a href=\"https:\/\/soymigrante.com\/revista\/category\/estamos-unidos\/\" title=\"Estamos Unidos\">Estamos Unidos<\/a>\n<\/span><span class=\"aioseo-breadcrumb-separator\">\u00bb<\/span><span class=\"aioseo-breadcrumb\">\n\tMejora en inclusi\u00f3n bancaria y financiera en Guatemala beneficia a comunidades y emprendimientos\n<\/span><\/div>","aioseo_breadcrumb_json":[{"label":"Home","link":"https:\/\/soymigrante.com\/revista"},{"label":"Estamos Unidos","link":"https:\/\/soymigrante.com\/revista\/category\/estamos-unidos\/"},{"label":"Mejora en inclusi\u00f3n bancaria y financiera en Guatemala beneficia a comunidades y emprendimientos","link":"https:\/\/soymigrante.com\/revista\/mejora-de-inclusion-bancaria-y-financiera-en-guatemala-beneficia-a-comunidades-y-emprendimientos\/"}],"_links":{"self":[{"href":"https:\/\/soymigrante.com\/revista\/wp-json\/wp\/v2\/posts\/40315","targetHints":{"allow":["GET"]}}],"collection":[{"href":"https:\/\/soymigrante.com\/revista\/wp-json\/wp\/v2\/posts"}],"about":[{"href":"https:\/\/soymigrante.com\/revista\/wp-json\/wp\/v2\/types\/post"}],"author":[{"embeddable":true,"href":"https:\/\/soymigrante.com\/revista\/wp-json\/wp\/v2\/users\/19"}],"replies":[{"embeddable":true,"href":"https:\/\/soymigrante.com\/revista\/wp-json\/wp\/v2\/comments?post=40315"}],"version-history":[{"count":34,"href":"https:\/\/soymigrante.com\/revista\/wp-json\/wp\/v2\/posts\/40315\/revisions"}],"predecessor-version":[{"id":40360,"href":"https:\/\/soymigrante.com\/revista\/wp-json\/wp\/v2\/posts\/40315\/revisions\/40360"}],"wp:featuredmedia":[{"embeddable":true,"href":"https:\/\/soymigrante.com\/revista\/wp-json\/wp\/v2\/media\/40329"}],"wp:attachment":[{"href":"https:\/\/soymigrante.com\/revista\/wp-json\/wp\/v2\/media?parent=40315"}],"wp:term":[{"taxonomy":"category","embeddable":true,"href":"https:\/\/soymigrante.com\/revista\/wp-json\/wp\/v2\/categories?post=40315"},{"taxonomy":"post_tag","embeddable":true,"href":"https:\/\/soymigrante.com\/revista\/wp-json\/wp\/v2\/tags?post=40315"}],"curies":[{"name":"wp","href":"https:\/\/api.w.org\/{rel}","templated":true}]}}