{"id":40279,"date":"2025-07-25T10:00:43","date_gmt":"2025-07-25T16:00:43","guid":{"rendered":"https:\/\/soymigrante.com\/revista\/?p=40279"},"modified":"2025-07-25T10:00:53","modified_gmt":"2025-07-25T16:00:53","slug":"las-7-artesanias-de-guatemala-que-siempre-son-un-buen-regalo","status":"publish","type":"post","link":"https:\/\/soymigrante.com\/revista\/las-7-artesanias-de-guatemala-que-siempre-son-un-buen-regalo\/","title":{"rendered":"Las 7 artesan\u00edas de Guatemala que siempre son un buen regalo"},"content":{"rendered":"\t\t<div data-elementor-type=\"wp-post\" data-elementor-id=\"40279\" class=\"elementor elementor-40279\" data-elementor-post-type=\"post\">\n\t\t\t\t<div data-particle_enable=\"false\" data-particle-mobile-disabled=\"false\" class=\"elementor-element elementor-element-7da1f31 e-flex e-con-boxed e-con e-parent\" data-id=\"7da1f31\" data-element_type=\"container\" data-e-type=\"container\">\n\t\t\t\t\t<div class=\"e-con-inner\">\n\t\t\t\t<div class=\"elementor-element elementor-element-d1c0ac0 elementor-widget elementor-widget-heading\" data-id=\"d1c0ac0\" data-element_type=\"widget\" data-e-type=\"widget\" data-widget_type=\"heading.default\">\n\t\t\t\t\t<h2 class=\"elementor-heading-title elementor-size-default\">Las artesan\u00edas de Guatemala siempre ser\u00e1n un buen regalo para quedar bien, adem\u00e1s se apoya a los emprendedores nacionales. \n<\/h2>\t\t\t\t<\/div>\n\t\t\t\t\t<\/div>\n\t\t\t\t<\/div>\n\t\t<div data-particle_enable=\"false\" data-particle-mobile-disabled=\"false\" class=\"elementor-element elementor-element-cba2ec3 e-flex e-con-boxed e-con e-parent\" data-id=\"cba2ec3\" data-element_type=\"container\" data-e-type=\"container\">\n\t\t\t\t\t<div class=\"e-con-inner\">\n\t\t\t\t<div class=\"elementor-element elementor-element-e8bc9b6 elementor-widget elementor-widget-text-editor\" data-id=\"e8bc9b6\" data-element_type=\"widget\" data-e-type=\"widget\" data-widget_type=\"text-editor.default\">\n\t\t\t\t\t\t\t\t\t<p>En un pa\u00eds reconocido por su variada diversidad cultural, las artesan\u00edas guatemaltecas ofrecen regalos que transmiten identidad, tradici\u00f3n y color. Estas piezas no solo son objetos, sino muestras vivas de la herencia de sus pueblos originarios.<\/p><p>Desde los tradicionales g\u00fcipiles y cortes bordados a mano hasta las emblem\u00e1ticas mu\u00f1equitas, cada pieza cuenta una historia. Los accesorios de mostacilla se destacan por su minucioso detalle y colorido, mientras que las pr\u00e1cticas y hermosas sandalias de cuero, o \u201ccaites\u201d, combinan arte y funcionalidad.<\/p>\t\t\t\t\t\t\t\t<\/div>\n\t\t\t\t\t<\/div>\n\t\t\t\t<\/div>\n\t\t<div data-particle_enable=\"false\" data-particle-mobile-disabled=\"false\" class=\"elementor-element elementor-element-316d785 e-flex e-con-boxed e-con e-parent\" data-id=\"316d785\" data-element_type=\"container\" data-e-type=\"container\">\n\t\t\t\t\t<div class=\"e-con-inner\">\n\t\t\t\t<div class=\"elementor-element elementor-element-ba7690e elementor-widget elementor-widget-text-editor\" data-id=\"ba7690e\" data-element_type=\"widget\" data-e-type=\"widget\" data-widget_type=\"text-editor.default\">\n\t\t\t\t\t\t\t\t\t<p>La cer\u00e1mica artesanal, elaborada en distintas regiones del pa\u00eds, hace uso de t\u00e9cnicas prehisp\u00e1nicas en la producci\u00f3n de jarrones y utensilios, mientras que la artesan\u00eda en madera ofrece desde m\u00e1scaras rituales hasta figuras decorativas talladas con precisi\u00f3n. Finalmente, la t\u00e9cnica de jarcia y palma, com\u00fan en Suchitep\u00e9quez, produce art\u00edculos como hamacas y bolsos ecol\u00f3gicos y resistentes.<\/p><p>Para quienes prefieren comprar en l\u00ednea, la plataforma <a href=\"https:\/\/soymigrante.com\/mercado\/\" target=\"_blank\" rel=\"noopener\">MERCADO de SoyMigrante.com<\/a> ofrece piezas como huipiles, monederos de mostacilla, pulseras artesanales, fajas tradicionales y objetos en madera. Cada art\u00edculo apoya directamente a artesanos guatemaltecos y realza pr\u00e1cticas culturales ancestrales.<\/p>\t\t\t\t\t\t\t\t<\/div>\n\t\t\t\t\t<\/div>\n\t\t\t\t<\/div>\n\t\t<div data-particle_enable=\"false\" data-particle-mobile-disabled=\"false\" class=\"elementor-element elementor-element-2676ef6 e-flex e-con-boxed e-con e-parent\" data-id=\"2676ef6\" data-element_type=\"container\" data-e-type=\"container\">\n\t\t\t\t\t<div class=\"e-con-inner\">\n\t\t\t\t<div class=\"elementor-element elementor-element-d563883 elementor-widget elementor-widget-heading\" data-id=\"d563883\" data-element_type=\"widget\" data-e-type=\"widget\" data-widget_type=\"heading.default\">\n\t\t\t\t\t<h3 class=\"elementor-heading-title elementor-size-default\">Los 7 mejores regalos <\/h3>\t\t\t\t<\/div>\n\t\t\t\t\t<\/div>\n\t\t\t\t<\/div>\n\t\t<div data-particle_enable=\"false\" data-particle-mobile-disabled=\"false\" class=\"elementor-element elementor-element-93c216a e-flex e-con-boxed e-con e-parent\" data-id=\"93c216a\" data-element_type=\"container\" data-e-type=\"container\">\n\t\t\t\t\t<div class=\"e-con-inner\">\n\t\t\t\t<div class=\"elementor-element elementor-element-9deec3a elementor-widget elementor-widget-text-editor\" data-id=\"9deec3a\" data-element_type=\"widget\" data-e-type=\"widget\" data-widget_type=\"text-editor.default\">\n\t\t\t\t\t\t\t\t\t<p>Guatemala destaca por su riqueza artesanal, que combina herencia maya y creatividad contempor\u00e1nea. Estas siete piezas son ideales para regalar por su belleza, simbolismo y autenticidad.<\/p>\t\t\t\t\t\t\t\t<\/div>\n\t\t\t\t\t<\/div>\n\t\t\t\t<\/div>\n\t\t<div data-particle_enable=\"false\" data-particle-mobile-disabled=\"false\" class=\"elementor-element elementor-element-888c953 e-flex e-con-boxed e-con e-parent\" data-id=\"888c953\" data-element_type=\"container\" data-e-type=\"container\">\n\t\t\t\t\t<div class=\"e-con-inner\">\n\t\t\t\t<div class=\"elementor-element elementor-element-b4d1d93 elementor-widget elementor-widget-text-editor\" data-id=\"b4d1d93\" data-element_type=\"widget\" data-e-type=\"widget\" data-widget_type=\"text-editor.default\">\n\t\t\t\t\t\t\t\t\t<div><strong>1. G\u00fcipiles y cortes tejidos a mano<\/strong><\/div><div>Textiles regionales bordados con motivos tradicionales que representan identidad cultural. <a href=\"https:\/\/soymigrante.com\/mercado\/gipil-comalapa-ancho-77cm-y-largo-63cm\" target=\"_blank\" rel=\"noopener\">Perfectos como pa\u00f1os, bolsos, monederos o bufandas.\u00a0\u00a0<\/a><\/div><div>\u00a0<\/div>\t\t\t\t\t\t\t\t<\/div>\n\t\t\t\t\t<\/div>\n\t\t\t\t<\/div>\n\t\t<div data-particle_enable=\"false\" data-particle-mobile-disabled=\"false\" class=\"elementor-element elementor-element-bedf726 e-flex e-con-boxed e-con e-parent\" data-id=\"bedf726\" data-element_type=\"container\" data-e-type=\"container\">\n\t\t\t\t\t<div class=\"e-con-inner\">\n\t\t\t\t<div class=\"elementor-element elementor-element-ab5fc40 elementor-widget elementor-widget-image\" data-id=\"ab5fc40\" data-element_type=\"widget\" data-e-type=\"widget\" data-widget_type=\"image.default\">\n\t\t\t\t\t\t\t\t\t\t\t\t<figure class=\"wp-caption\">\n\t\t\t\t\t\t\t\t\t\t\t<a href=\"https:\/\/soymigrante.com\/mercado\/gipil-comalapa-ancho-77cm-y-largo-63cm\">\n\t\t\t\t\t\t\t<img fetchpriority=\"high\" decoding=\"async\" width=\"768\" height=\"419\" src=\"https:\/\/soymigrante.com\/revista\/wp-content\/uploads\/2025\/07\/Captura-de-pantalla-2025-07-24-133315-1024x558.png\" class=\"attachment-large size-large wp-image-40286\" alt=\"G\u00fcipil Comalapa de dise\u00f1o tradicional elaborado a mano en Guatemala, con bordados mayas y s\u00edmbolos culturales, ideal para ocasiones especiales y celebraci\u00f3n de ra\u00edces ind\u00edgenas.\" srcset=\"https:\/\/soymigrante.com\/revista\/wp-content\/uploads\/2025\/07\/Captura-de-pantalla-2025-07-24-133315-1024x558.png 1024w, https:\/\/soymigrante.com\/revista\/wp-content\/uploads\/2025\/07\/Captura-de-pantalla-2025-07-24-133315-300x164.png 300w, https:\/\/soymigrante.com\/revista\/wp-content\/uploads\/2025\/07\/Captura-de-pantalla-2025-07-24-133315-768x419.png 768w, https:\/\/soymigrante.com\/revista\/wp-content\/uploads\/2025\/07\/Captura-de-pantalla-2025-07-24-133315-750x409.webp 750w, https:\/\/soymigrante.com\/revista\/wp-content\/uploads\/2025\/07\/Captura-de-pantalla-2025-07-24-133315-1140x621.webp 1140w, https:\/\/soymigrante.com\/revista\/wp-content\/uploads\/2025\/07\/Captura-de-pantalla-2025-07-24-133315.webp 1530w\" sizes=\"(max-width: 768px) 100vw, 768px\" title=\"Las indumentarias mayas son de las prendas m\u00e1s especiales para regalar. (Foto: Captura de pantalla) \u2013 SoyMigrante.com REVISTA\" \/>\t\t\t\t\t\t\t\t<\/a>\n\t\t\t\t\t\t\t\t\t\t\t<figcaption class=\"widget-image-caption wp-caption-text\">Vestido tradicional G\u00fcipil Comalapa bordado a mano con motivos mayas, pieza \u00fanica en Guatemala que refleja cultura y tradici\u00f3n ind\u00edgena en un dise\u00f1o contempor\u00e1neo.<\/figcaption>\n\t\t\t\t\t\t\t\t\t\t<\/figure>\n\t\t\t\t\t\t\t\t\t<\/div>\n\t\t\t\t\t<\/div>\n\t\t\t\t<\/div>\n\t\t<div data-particle_enable=\"false\" data-particle-mobile-disabled=\"false\" class=\"elementor-element elementor-element-aaec144 e-flex e-con-boxed e-con e-parent\" data-id=\"aaec144\" data-element_type=\"container\" data-e-type=\"container\">\n\t\t\t\t\t<div class=\"e-con-inner\">\n\t\t\t\t<div class=\"elementor-element elementor-element-37eccaf elementor-widget elementor-widget-text-editor\" data-id=\"37eccaf\" data-element_type=\"widget\" data-e-type=\"widget\" data-widget_type=\"text-editor.default\">\n\t\t\t\t\t\t\t\t\t<div><strong>2. Mu\u00f1equitas\u00a0<\/strong><\/div><div>Estas mu\u00f1ecas son hechas a mano,<a href=\"https:\/\/soymigrante.com\/mercado\/marketplace\/seller\/profile\/munecasytipicosdeguatemala\" target=\"_blank\" rel=\"noopener\"> son un s\u00edmbolo de identidad<\/a> y se consideran el souvenir m\u00e1s buscado por visitantes extranjeros.\u00a0 \u00a0\u00a0<\/div><div>\u00a0<\/div>\t\t\t\t\t\t\t\t<\/div>\n\t\t\t\t\t<\/div>\n\t\t\t\t<\/div>\n\t\t<div data-particle_enable=\"false\" data-particle-mobile-disabled=\"false\" class=\"elementor-element elementor-element-066bbd1 e-flex e-con-boxed e-con e-parent\" data-id=\"066bbd1\" data-element_type=\"container\" data-e-type=\"container\">\n\t\t\t\t\t<div class=\"e-con-inner\">\n\t\t\t\t<div class=\"elementor-element elementor-element-823c5a1 elementor-widget elementor-widget-image\" data-id=\"823c5a1\" data-element_type=\"widget\" data-e-type=\"widget\" data-widget_type=\"image.default\">\n\t\t\t\t\t\t\t\t\t\t\t\t<figure class=\"wp-caption\">\n\t\t\t\t\t\t\t\t\t\t\t<a href=\"https:\/\/soymigrante.com\/mercado\/marketplace\/seller\/profile\/munecasytipicosdeguatemala\">\n\t\t\t\t\t\t\t<img decoding=\"async\" width=\"768\" height=\"380\" src=\"https:\/\/soymigrante.com\/revista\/wp-content\/uploads\/2025\/07\/Captura-de-pantalla-2025-07-24-133505-1024x507.png\" class=\"attachment-large size-large wp-image-40287\" alt=\"Mu\u00f1eca con indumentaria tradicional de alta verapaz, Guatemala, vestimenta t\u00edpica, souvenirs culturales, artesan\u00eda guatemalteca, ropa folkl\u00f3rica.\" srcset=\"https:\/\/soymigrante.com\/revista\/wp-content\/uploads\/2025\/07\/Captura-de-pantalla-2025-07-24-133505-1024x507.png 1024w, https:\/\/soymigrante.com\/revista\/wp-content\/uploads\/2025\/07\/Captura-de-pantalla-2025-07-24-133505-300x148.png 300w, https:\/\/soymigrante.com\/revista\/wp-content\/uploads\/2025\/07\/Captura-de-pantalla-2025-07-24-133505-768x380.png 768w, https:\/\/soymigrante.com\/revista\/wp-content\/uploads\/2025\/07\/Captura-de-pantalla-2025-07-24-133505-750x371.webp 750w, https:\/\/soymigrante.com\/revista\/wp-content\/uploads\/2025\/07\/Captura-de-pantalla-2025-07-24-133505-1140x564.webp 1140w, https:\/\/soymigrante.com\/revista\/wp-content\/uploads\/2025\/07\/Captura-de-pantalla-2025-07-24-133505.webp 1186w\" sizes=\"(max-width: 768px) 100vw, 768px\" title=\"Las mu\u00f1ecas son un s\u00edmbolo de la cultura de Guatemala. (Foto: Captura de pantalla) \u2013 SoyMigrante.com REVISTA\" \/>\t\t\t\t\t\t\t\t<\/a>\n\t\t\t\t\t\t\t\t\t\t\t<figcaption class=\"widget-image-caption wp-caption-text\">Mu\u00f1eca con vestimenta tradicional de Santa Cruz, departamento de Alta Verapaz, Guatemala, artesan\u00eda cultural, ropa t\u00edpica, souvenirs ind\u00edgenas.<\/figcaption>\n\t\t\t\t\t\t\t\t\t\t<\/figure>\n\t\t\t\t\t\t\t\t\t<\/div>\n\t\t\t\t\t<\/div>\n\t\t\t\t<\/div>\n\t\t<div data-particle_enable=\"false\" data-particle-mobile-disabled=\"false\" class=\"elementor-element elementor-element-e85a677 e-flex e-con-boxed e-con e-parent\" data-id=\"e85a677\" data-element_type=\"container\" data-e-type=\"container\">\n\t\t\t\t\t<div class=\"e-con-inner\">\n\t\t\t\t<div class=\"elementor-element elementor-element-f9abfa4 elementor-widget elementor-widget-text-editor\" data-id=\"f9abfa4\" data-element_type=\"widget\" data-e-type=\"widget\" data-widget_type=\"text-editor.default\">\n\t\t\t\t\t\t\t\t\t<div><strong>3. Mostacilla (bisuter\u00eda de cuentas)<\/strong><\/div><div>Collares, pulseras y llaveros hechos con peque\u00f1as cuentas de vidrio, llenos de colorido y detalle artesanal. <a href=\"https:\/\/soymigrante.com\/mercado\/argollas-aqua\" target=\"_blank\" rel=\"noopener\">Emblem\u00e1ticos de la cultura maya moderna.\u00a0\u00a0<\/a><\/div><div>\u00a0<\/div>\t\t\t\t\t\t\t\t<\/div>\n\t\t\t\t\t<\/div>\n\t\t\t\t<\/div>\n\t\t<div data-particle_enable=\"false\" data-particle-mobile-disabled=\"false\" class=\"elementor-element elementor-element-3143519 e-flex e-con-boxed e-con e-parent\" data-id=\"3143519\" data-element_type=\"container\" data-e-type=\"container\">\n\t\t\t\t\t<div class=\"e-con-inner\">\n\t\t\t\t<div class=\"elementor-element elementor-element-abcae51 elementor-widget elementor-widget-image\" data-id=\"abcae51\" data-element_type=\"widget\" data-e-type=\"widget\" data-widget_type=\"image.default\">\n\t\t\t\t\t\t\t\t\t\t\t\t<figure class=\"wp-caption\">\n\t\t\t\t\t\t\t\t\t\t\t<a href=\"https:\/\/soymigrante.com\/mercado\/argollas-aqua\">\n\t\t\t\t\t\t\t<img decoding=\"async\" width=\"768\" height=\"418\" src=\"https:\/\/soymigrante.com\/revista\/wp-content\/uploads\/2025\/07\/Captura-de-pantalla-2025-07-24-133602-1024x557.png\" class=\"attachment-large size-large wp-image-40288\" alt=\"L\u00e1grimas de argolla aqua hechas a mano con hilo de algod\u00f3n, joyer\u00eda textil artesanal de moda bohemia, accesorio \u00fanico para looks elegantes y casuales.\" srcset=\"https:\/\/soymigrante.com\/revista\/wp-content\/uploads\/2025\/07\/Captura-de-pantalla-2025-07-24-133602-1024x557.png 1024w, https:\/\/soymigrante.com\/revista\/wp-content\/uploads\/2025\/07\/Captura-de-pantalla-2025-07-24-133602-300x163.png 300w, https:\/\/soymigrante.com\/revista\/wp-content\/uploads\/2025\/07\/Captura-de-pantalla-2025-07-24-133602-768x418.png 768w, https:\/\/soymigrante.com\/revista\/wp-content\/uploads\/2025\/07\/Captura-de-pantalla-2025-07-24-133602-750x408.webp 750w, https:\/\/soymigrante.com\/revista\/wp-content\/uploads\/2025\/07\/Captura-de-pantalla-2025-07-24-133602-1140x621.webp 1140w, https:\/\/soymigrante.com\/revista\/wp-content\/uploads\/2025\/07\/Captura-de-pantalla-2025-07-24-133602.webp 1466w\" sizes=\"(max-width: 768px) 100vw, 768px\" title=\"Estos aretes podr\u00edan ser el acompa\u00f1amiento al conjunto perfecto. (Foto: Captura de pantalla) \u2013 SoyMigrante.com REVISTA\" \/>\t\t\t\t\t\t\t\t<\/a>\n\t\t\t\t\t\t\t\t\t\t\t<figcaption class=\"widget-image-caption wp-caption-text\">Pendientes de tela en color aqua con dise\u00f1o circular y detalles en forma de gotas, perfectos para completar tu estilo bohemio.<\/figcaption>\n\t\t\t\t\t\t\t\t\t\t<\/figure>\n\t\t\t\t\t\t\t\t\t<\/div>\n\t\t\t\t\t<\/div>\n\t\t\t\t<\/div>\n\t\t<div data-particle_enable=\"false\" data-particle-mobile-disabled=\"false\" class=\"elementor-element elementor-element-aafa44d e-flex e-con-boxed e-con e-parent\" data-id=\"aafa44d\" data-element_type=\"container\" data-e-type=\"container\">\n\t\t\t\t\t<div class=\"e-con-inner\">\n\t\t\t\t<div class=\"elementor-element elementor-element-157396d elementor-widget elementor-widget-text-editor\" data-id=\"157396d\" data-element_type=\"widget\" data-e-type=\"widget\" data-widget_type=\"text-editor.default\">\n\t\t\t\t\t\t\t\t\t<div><strong>4. Sandalias de cuero conocidas como \u201ccaites\u201d<\/strong><\/div><div><a href=\"https:\/\/soymigrante.com\/mercado\/sandalias-kiin\" target=\"_blank\" rel=\"noopener\">Artesan\u00eda funcional hecha con las manos,<\/a> con cuero y dise\u00f1o colorido, pr\u00e1ctica y representativa.\u00a0 \u00a0<\/div><div>\u00a0<\/div>\t\t\t\t\t\t\t\t<\/div>\n\t\t\t\t\t<\/div>\n\t\t\t\t<\/div>\n\t\t<div data-particle_enable=\"false\" data-particle-mobile-disabled=\"false\" class=\"elementor-element elementor-element-f6726a0 e-flex e-con-boxed e-con e-parent\" data-id=\"f6726a0\" data-element_type=\"container\" data-e-type=\"container\">\n\t\t\t\t\t<div class=\"e-con-inner\">\n\t\t\t\t<div class=\"elementor-element elementor-element-c1d8561 elementor-widget elementor-widget-image\" data-id=\"c1d8561\" data-element_type=\"widget\" data-e-type=\"widget\" data-widget_type=\"image.default\">\n\t\t\t\t\t\t\t\t\t\t\t\t<figure class=\"wp-caption\">\n\t\t\t\t\t\t\t\t\t\t\t<a href=\"https:\/\/soymigrante.com\/mercado\/sandalias-kiin\">\n\t\t\t\t\t\t\t<img loading=\"lazy\" decoding=\"async\" width=\"768\" height=\"451\" src=\"https:\/\/soymigrante.com\/revista\/wp-content\/uploads\/2025\/07\/Captura-de-pantalla-2025-07-24-133716-1024x601.png\" class=\"attachment-large size-large wp-image-40289\" alt=\"Sandalia artesanal con bordado colorido y suela de mujer, perfecta para complementar estilos tradicionales o casuales, elaborada a mano por talentosos artesanos en Guatemala.\" srcset=\"https:\/\/soymigrante.com\/revista\/wp-content\/uploads\/2025\/07\/Captura-de-pantalla-2025-07-24-133716-1024x601.png 1024w, https:\/\/soymigrante.com\/revista\/wp-content\/uploads\/2025\/07\/Captura-de-pantalla-2025-07-24-133716-300x176.png 300w, https:\/\/soymigrante.com\/revista\/wp-content\/uploads\/2025\/07\/Captura-de-pantalla-2025-07-24-133716-768x450.png 768w, https:\/\/soymigrante.com\/revista\/wp-content\/uploads\/2025\/07\/Captura-de-pantalla-2025-07-24-133716-750x440.webp 750w, https:\/\/soymigrante.com\/revista\/wp-content\/uploads\/2025\/07\/Captura-de-pantalla-2025-07-24-133716-1140x669.webp 1140w, https:\/\/soymigrante.com\/revista\/wp-content\/uploads\/2025\/07\/Captura-de-pantalla-2025-07-24-133716.webp 1497w\" sizes=\"(max-width: 768px) 100vw, 768px\" title=\"Las sandalias suelen ser regalos adecuados para la comodidad. (Foto: Captura de pantalla) \u2013 SoyMigrante.com REVISTA\" \/>\t\t\t\t\t\t\t\t<\/a>\n\t\t\t\t\t\t\t\t\t\t\t<figcaption class=\"widget-image-caption wp-caption-text\">Sandalia de mujer decorada con bordado tradicional en colores vivos, ideal para complementar outfits de estilo \u00e9tnico y aut\u00e9ntico, hecha a mano por artesanos en Guatemala.<\/figcaption>\n\t\t\t\t\t\t\t\t\t\t<\/figure>\n\t\t\t\t\t\t\t\t\t<\/div>\n\t\t\t\t\t<\/div>\n\t\t\t\t<\/div>\n\t\t<div data-particle_enable=\"false\" data-particle-mobile-disabled=\"false\" class=\"elementor-element elementor-element-5af91dd e-flex e-con-boxed e-con e-parent\" data-id=\"5af91dd\" data-element_type=\"container\" data-e-type=\"container\">\n\t\t\t\t\t<div class=\"e-con-inner\">\n\t\t\t\t<div class=\"elementor-element elementor-element-fc65a5b elementor-widget elementor-widget-text-editor\" data-id=\"fc65a5b\" data-element_type=\"widget\" data-e-type=\"widget\" data-widget_type=\"text-editor.default\">\n\t\t\t\t\t\t\t\t\t<div><strong>5. Cer\u00e1mica y barro tradicional<\/strong><\/div><div>Ollas, comales, c\u00e1ntaros y jarrones hechos a mano en municipios <a href=\"https:\/\/soymigrante.com\/mercado\/jarrito-de-barro-fondo-verde\" target=\"_blank\" rel=\"noopener\">como Chinautla y Rabinal, con t\u00e9cnicas prehisp\u00e1nicas.\u00a0<\/a> \u00a0\u00a0<\/div><div>\u00a0<\/div>\t\t\t\t\t\t\t\t<\/div>\n\t\t\t\t\t<\/div>\n\t\t\t\t<\/div>\n\t\t<div data-particle_enable=\"false\" data-particle-mobile-disabled=\"false\" class=\"elementor-element elementor-element-7b8eb9a e-flex e-con-boxed e-con e-parent\" data-id=\"7b8eb9a\" data-element_type=\"container\" data-e-type=\"container\">\n\t\t\t\t\t<div class=\"e-con-inner\">\n\t\t\t\t<div class=\"elementor-element elementor-element-c5c564f elementor-widget elementor-widget-image\" data-id=\"c5c564f\" data-element_type=\"widget\" data-e-type=\"widget\" data-widget_type=\"image.default\">\n\t\t\t\t\t\t\t\t\t\t\t\t<figure class=\"wp-caption\">\n\t\t\t\t\t\t\t\t\t\t\t<a href=\"https:\/\/soymigrante.com\/mercado\/jarrito-de-barro-fondo-verde\">\n\t\t\t\t\t\t\t<img loading=\"lazy\" decoding=\"async\" width=\"768\" height=\"452\" src=\"https:\/\/soymigrante.com\/revista\/wp-content\/uploads\/2025\/07\/Captura-de-pantalla-2025-07-24-133813-1024x603.png\" class=\"attachment-large size-large wp-image-40291\" alt=\"Jarr\u00f3n de barro artesanal pintado a mano con dise\u00f1o en tonos verdes y colores vivos, ideal para decoraci\u00f3n r\u00fastica, exclusivo de artesan\u00edas Ale&#039;s.\" srcset=\"https:\/\/soymigrante.com\/revista\/wp-content\/uploads\/2025\/07\/Captura-de-pantalla-2025-07-24-133813-1024x603.png 1024w, https:\/\/soymigrante.com\/revista\/wp-content\/uploads\/2025\/07\/Captura-de-pantalla-2025-07-24-133813-300x177.png 300w, https:\/\/soymigrante.com\/revista\/wp-content\/uploads\/2025\/07\/Captura-de-pantalla-2025-07-24-133813-768x452.png 768w, https:\/\/soymigrante.com\/revista\/wp-content\/uploads\/2025\/07\/Captura-de-pantalla-2025-07-24-133813-750x442.webp 750w, https:\/\/soymigrante.com\/revista\/wp-content\/uploads\/2025\/07\/Captura-de-pantalla-2025-07-24-133813-1140x672.webp 1140w, https:\/\/soymigrante.com\/revista\/wp-content\/uploads\/2025\/07\/Captura-de-pantalla-2025-07-24-133813.webp 1497w\" sizes=\"(max-width: 768px) 100vw, 768px\" title=\"La cer\u00e1mica puede servir para guardar cosas o de decoraci\u00f3n.  (Foto: captura de pantalla) \u2013 SoyMigrante.com REVISTA\" \/>\t\t\t\t\t\t\t\t<\/a>\n\t\t\t\t\t\t\t\t\t\t\t<figcaption class=\"widget-image-caption wp-caption-text\">Jarr\u00f3n de barro verde con dise\u00f1o artesanal pintado a mano, perfecto para decorar espacios con estilo r\u00fastico y arte tradicional, elaborado por artesanos expertos en cer\u00e1mica y artesan\u00eda en barro.<\/figcaption>\n\t\t\t\t\t\t\t\t\t\t<\/figure>\n\t\t\t\t\t\t\t\t\t<\/div>\n\t\t\t\t\t<\/div>\n\t\t\t\t<\/div>\n\t\t<div data-particle_enable=\"false\" data-particle-mobile-disabled=\"false\" class=\"elementor-element elementor-element-9086e72 e-flex e-con-boxed e-con e-parent\" data-id=\"9086e72\" data-element_type=\"container\" data-e-type=\"container\">\n\t\t\t\t\t<div class=\"e-con-inner\">\n\t\t\t\t<div class=\"elementor-element elementor-element-f63d8d5 elementor-widget elementor-widget-text-editor\" data-id=\"f63d8d5\" data-element_type=\"widget\" data-e-type=\"widget\" data-widget_type=\"text-editor.default\">\n\t\t\t\t\t\t\t\t\t<div><strong>6. Artesan\u00eda en madera: m\u00e1scaras y utensilios<\/strong><\/div><div>Tallados en madera de cedro, pino o palo de pito,<a href=\"https:\/\/soymigrante.com\/mercado\/moro-de-madera-azul-y-rojo\" target=\"_blank\" rel=\"noopener\"> usados en danzas o como decoraci\u00f3n, representan rituales culturales.<\/a>\u00a0 \u00a0\u00a0<\/div><div>\u00a0<\/div>\t\t\t\t\t\t\t\t<\/div>\n\t\t\t\t\t<\/div>\n\t\t\t\t<\/div>\n\t\t<div data-particle_enable=\"false\" data-particle-mobile-disabled=\"false\" class=\"elementor-element elementor-element-6885249 e-flex e-con-boxed e-con e-parent\" data-id=\"6885249\" data-element_type=\"container\" data-e-type=\"container\">\n\t\t\t\t\t<div class=\"e-con-inner\">\n\t\t\t\t<div class=\"elementor-element elementor-element-54c9791 elementor-widget elementor-widget-image\" data-id=\"54c9791\" data-element_type=\"widget\" data-e-type=\"widget\" data-widget_type=\"image.default\">\n\t\t\t\t\t\t\t\t\t\t\t\t<figure class=\"wp-caption\">\n\t\t\t\t\t\t\t\t\t\t\t<a href=\"https:\/\/soymigrante.com\/mercado\/moro-de-madera-azul-y-rojo\">\n\t\t\t\t\t\t\t<img loading=\"lazy\" decoding=\"async\" width=\"768\" height=\"467\" src=\"https:\/\/soymigrante.com\/revista\/wp-content\/uploads\/2025\/07\/Captura-de-pantalla-2025-07-24-134014-1024x622.png\" class=\"attachment-large size-large wp-image-40296\" alt=\"Artesan\u00eda de madera &quot;azul y rojo&quot; - figura decorativa de cultura ind\u00edgena guatemalteca para colecci\u00f3n o regalo.\" srcset=\"https:\/\/soymigrante.com\/revista\/wp-content\/uploads\/2025\/07\/Captura-de-pantalla-2025-07-24-134014-1024x622.png 1024w, https:\/\/soymigrante.com\/revista\/wp-content\/uploads\/2025\/07\/Captura-de-pantalla-2025-07-24-134014-300x182.png 300w, https:\/\/soymigrante.com\/revista\/wp-content\/uploads\/2025\/07\/Captura-de-pantalla-2025-07-24-134014-768x467.png 768w, https:\/\/soymigrante.com\/revista\/wp-content\/uploads\/2025\/07\/Captura-de-pantalla-2025-07-24-134014-750x456.webp 750w, https:\/\/soymigrante.com\/revista\/wp-content\/uploads\/2025\/07\/Captura-de-pantalla-2025-07-24-134014-1140x693.webp 1140w, https:\/\/soymigrante.com\/revista\/wp-content\/uploads\/2025\/07\/Captura-de-pantalla-2025-07-24-134014.webp 1469w\" sizes=\"(max-width: 768px) 100vw, 768px\" title=\"Las artesan\u00edas son un regalo adecuado para decorar la casa. (Foto: Captura de pantalla) \u2013 SoyMigrante.com REVISTA\" \/>\t\t\t\t\t\t\t\t<\/a>\n\t\t\t\t\t\t\t\t\t\t\t<figcaption class=\"widget-image-caption wp-caption-text\">Figura de madera pintada en colores azul y rojo, representando la cultura ind\u00edgena guatemalteca, ideal para decorar y coleccionar, con acabado artesanal de alta calidad.<\/figcaption>\n\t\t\t\t\t\t\t\t\t\t<\/figure>\n\t\t\t\t\t\t\t\t\t<\/div>\n\t\t\t\t\t<\/div>\n\t\t\t\t<\/div>\n\t\t<div data-particle_enable=\"false\" data-particle-mobile-disabled=\"false\" class=\"elementor-element elementor-element-bee0e1d e-flex e-con-boxed e-con e-parent\" data-id=\"bee0e1d\" data-element_type=\"container\" data-e-type=\"container\">\n\t\t\t\t\t<div class=\"e-con-inner\">\n\t\t\t\t<div class=\"elementor-element elementor-element-fb57c03 elementor-widget elementor-widget-text-editor\" data-id=\"fb57c03\" data-element_type=\"widget\" data-e-type=\"widget\" data-widget_type=\"text-editor.default\">\n\t\t\t\t\t\t\t\t\t<p><strong>7. Productos de jarcia y palma<\/strong><br \/><a href=\"https:\/\/soymigrante.com\/mercado\/sombrero-liso-de-palma\" target=\"_blank\" rel=\"noopener\">Hamacas, bolsas, petates o sombreros fabricados con fibras naturales extra\u00eddas del maguey o la palma,<\/a> especialmente en Suchitep\u00e9quez.<\/p>\t\t\t\t\t\t\t\t<\/div>\n\t\t\t\t\t<\/div>\n\t\t\t\t<\/div>\n\t\t<div data-particle_enable=\"false\" data-particle-mobile-disabled=\"false\" class=\"elementor-element elementor-element-735410e e-flex e-con-boxed e-con e-parent\" data-id=\"735410e\" data-element_type=\"container\" data-e-type=\"container\">\n\t\t\t\t\t<div class=\"e-con-inner\">\n\t\t\t\t<div class=\"elementor-element elementor-element-b320a68 elementor-widget elementor-widget-image\" data-id=\"b320a68\" data-element_type=\"widget\" data-e-type=\"widget\" data-widget_type=\"image.default\">\n\t\t\t\t\t\t\t\t\t\t\t\t<figure class=\"wp-caption\">\n\t\t\t\t\t\t\t\t\t\t\t<a href=\"https:\/\/soymigrante.com\/mercado\/sombrero-liso-de-palma\">\n\t\t\t\t\t\t\t<img loading=\"lazy\" decoding=\"async\" width=\"768\" height=\"467\" src=\"https:\/\/soymigrante.com\/revista\/wp-content\/uploads\/2025\/07\/Captura-de-pantalla-2025-07-24-134141-1024x623.png\" class=\"attachment-large size-large wp-image-40300\" alt=\"Sombrero de palma liso, ideal para verano, resistente y con dise\u00f1o cl\u00e1sico, disponible en tallas M y L en SoyMigrante.com Revista, perfecta para viajes y eventos al aire libre.\" srcset=\"https:\/\/soymigrante.com\/revista\/wp-content\/uploads\/2025\/07\/Captura-de-pantalla-2025-07-24-134141-1024x623.png 1024w, https:\/\/soymigrante.com\/revista\/wp-content\/uploads\/2025\/07\/Captura-de-pantalla-2025-07-24-134141-300x182.png 300w, https:\/\/soymigrante.com\/revista\/wp-content\/uploads\/2025\/07\/Captura-de-pantalla-2025-07-24-134141-768x467.png 768w, https:\/\/soymigrante.com\/revista\/wp-content\/uploads\/2025\/07\/Captura-de-pantalla-2025-07-24-134141-750x456.webp 750w, https:\/\/soymigrante.com\/revista\/wp-content\/uploads\/2025\/07\/Captura-de-pantalla-2025-07-24-134141-1140x693.webp 1140w, https:\/\/soymigrante.com\/revista\/wp-content\/uploads\/2025\/07\/Captura-de-pantalla-2025-07-24-134141.webp 1498w\" sizes=\"(max-width: 768px) 100vw, 768px\" title=\"Los sombreros pueden ser regalos para hombres y mujeres. (Foto: Captura de pantalla) \u2013 SoyMigrante.com REVISTA\" \/>\t\t\t\t\t\t\t\t<\/a>\n\t\t\t\t\t\t\t\t\t\t\t<figcaption class=\"widget-image-caption wp-caption-text\">Los sombreros pueden ser regalos para hombres y mujeres. (Foto: Captura de pantalla)<\/figcaption>\n\t\t\t\t\t\t\t\t\t\t<\/figure>\n\t\t\t\t\t\t\t\t\t<\/div>\n\t\t\t\t\t<\/div>\n\t\t\t\t<\/div>\n\t\t<div data-particle_enable=\"false\" data-particle-mobile-disabled=\"false\" class=\"elementor-element elementor-element-2c31fbe e-flex e-con-boxed e-con e-parent\" data-id=\"2c31fbe\" data-element_type=\"container\" data-e-type=\"container\">\n\t\t\t\t\t<div class=\"e-con-inner\">\n\t\t\t\t<div class=\"elementor-element elementor-element-e4cd537 elementor-widget elementor-widget-text-editor\" data-id=\"e4cd537\" data-element_type=\"widget\" data-e-type=\"widget\" data-widget_type=\"text-editor.default\">\n\t\t\t\t\t\t\t\t\t<p>Estos productos reflejan el prop\u00f3sito de <a href=\"https:\/\/soymigrante.com\/mercado\/\" target=\"_blank\" rel=\"noopener\">MERCADO<\/a>: apoyar emprendedores guatemaltecos y preservar t\u00e9cnicas artesanales.<\/p>\t\t\t\t\t\t\t\t<\/div>\n\t\t\t\t\t<\/div>\n\t\t\t\t<\/div>\n\t\t<div data-particle_enable=\"false\" data-particle-mobile-disabled=\"false\" class=\"elementor-element elementor-element-d6d1da5 e-flex e-con-boxed e-con e-parent\" data-id=\"d6d1da5\" data-element_type=\"container\" data-e-type=\"container\">\n\t\t\t\t\t<div class=\"e-con-inner\">\n\t\t\t\t<div class=\"elementor-element elementor-element-0a4e560 elementor-widget elementor-widget-text-editor\" data-id=\"0a4e560\" data-element_type=\"widget\" data-e-type=\"widget\" data-widget_type=\"text-editor.default\">\n\t\t\t\t\t\t\t\t\t<p>Para una experiencia presencial genuina, el Mercado Central de la Ciudad de Guatemala, en la zona 1, ofrece acceso directo a productos como caites y mu\u00f1equitas quitapenas, con precios accesibles y gran variedad entre sus m\u00e1s de 200 locales. Recomendado tambi\u00e9n en conversaciones de viajeros que buscan recuerdos aut\u00e9nticos y accesibles.<\/p>\t\t\t\t\t\t\t\t<\/div>\n\t\t\t\t\t<\/div>\n\t\t\t\t<\/div>\n\t\t<div data-particle_enable=\"false\" data-particle-mobile-disabled=\"false\" class=\"elementor-element elementor-element-ad3bfd6 e-flex e-con-boxed e-con e-parent\" data-id=\"ad3bfd6\" data-element_type=\"container\" data-e-type=\"container\">\n\t\t\t\t\t<div class=\"e-con-inner\">\n\t\t\t\t<div class=\"elementor-element elementor-element-44728aa elementor-widget elementor-widget-heading\" data-id=\"44728aa\" data-element_type=\"widget\" data-e-type=\"widget\" data-widget_type=\"heading.default\">\n\t\t\t\t\t<h2 class=\"elementor-heading-title elementor-size-default\">Conoce esta informaci\u00f3n que te puede servir...<\/h2>\t\t\t\t<\/div>\n\t\t\t\t\t<\/div>\n\t\t\t\t<\/div>\n\t\t<div data-particle_enable=\"false\" data-particle-mobile-disabled=\"false\" class=\"elementor-element elementor-element-3d4fc79 e-flex e-con-boxed e-con e-parent\" data-id=\"3d4fc79\" data-element_type=\"container\" data-e-type=\"container\">\n\t\t\t\t\t<div class=\"e-con-inner\">\n\t\t\t\t<div class=\"elementor-element elementor-element-18b9e50 elementor-grid-eael-col-3 elementor-grid-tablet-eael-col-2 elementor-grid-mobile-eael-col-1 elementor-invisible elementor-widget elementor-widget-eael-post-grid\" data-id=\"18b9e50\" data-element_type=\"widget\" data-e-type=\"widget\" data-settings=\"{&quot;eael_post_grid_columns&quot;:&quot;eael-col-3&quot;,&quot;_animation&quot;:&quot;rollIn&quot;,&quot;eael_post_grid_columns_tablet&quot;:&quot;eael-col-2&quot;,&quot;eael_post_grid_columns_mobile&quot;:&quot;eael-col-1&quot;}\" data-widget_type=\"eael-post-grid.default\">\n\t\t\t\t\t<div id=\"eael-post-grid-18b9e50\" class=\"eael-post-grid-container\">\n            <div class=\"eael-post-grid eael-post-appender eael-post-appender-18b9e50 eael-post-grid-style-one\" data-layout-mode=\"masonry\"><article class=\"eael-grid-post  eael-post-grid-column eael-pg-post-39764 category-guate-nuestra tags-mercado-emprendedores\" data-id=\"39764\">\n        <div class=\"eael-grid-post-holder\">\n            <div class=\"eael-grid-post-holder-inner\"><div class=\"eael-entry-media\"><div class=\"eael-entry-overlay fade-in\"><i class=\"far fa-hand-pointer\" aria-hidden=\"true\"><\/i><a href=\"https:\/\/soymigrante.com\/revista\/emprendedora-cristina-contreras-convirtio-sus-cualidades-en-menjurjes-tienda-digital-en-mercado\/\"><\/a><\/div><div class=\"eael-entry-thumbnail \">\n                <img loading=\"lazy\" decoding=\"async\" width=\"1024\" height=\"1024\" src=\"https:\/\/soymigrante.com\/revista\/wp-content\/uploads\/2025\/07\/menjurjes-tienda-en-soymigrante.com-mercado-1024x1024.png\" class=\"attachment-large size-large wp-image-39859\" alt=\"Aceite de cilantro y chile de Chilete en botellas grandes con etiquetado de SoyMigrante.com revista, mujer sonriente en fondo de madera mostrando productos tradicionales de la gastronom\u00eda peruana.\" srcset=\"https:\/\/soymigrante.com\/revista\/wp-content\/uploads\/2025\/07\/menjurjes-tienda-en-soymigrante.com-mercado-1024x1024.png 1024w, https:\/\/soymigrante.com\/revista\/wp-content\/uploads\/2025\/07\/menjurjes-tienda-en-soymigrante.com-mercado-300x300.png 300w, https:\/\/soymigrante.com\/revista\/wp-content\/uploads\/2025\/07\/menjurjes-tienda-en-soymigrante.com-mercado-150x150.png 150w, https:\/\/soymigrante.com\/revista\/wp-content\/uploads\/2025\/07\/menjurjes-tienda-en-soymigrante.com-mercado-768x768.png 768w, https:\/\/soymigrante.com\/revista\/wp-content\/uploads\/2025\/07\/menjurjes-tienda-en-soymigrante.com-mercado-75x75.webp 75w, https:\/\/soymigrante.com\/revista\/wp-content\/uploads\/2025\/07\/menjurjes-tienda-en-soymigrante.com-mercado-750x750.webp 750w, https:\/\/soymigrante.com\/revista\/wp-content\/uploads\/2025\/07\/menjurjes-tienda-en-soymigrante.com-mercado.webp 1080w\" sizes=\"(max-width: 1024px) 100vw, 1024px\" \/>\n            <\/div>\n        <\/div><div class=\"eael-entry-wrapper\"><header class=\"eael-entry-header\"><h2 class=\"eael-entry-title\"><a class=\"eael-grid-post-link\" href=\"https:\/\/soymigrante.com\/revista\/emprendedora-cristina-contreras-convirtio-sus-cualidades-en-menjurjes-tienda-digital-en-mercado\/\" title=\"Emprendedora Cristina Contreras convirti\u00f3 sus cualidades en Menjurjes, aceites saborizados a la venta en MERCADO\">Emprendedora Cristina Contreras convirti\u00f3 sus cualidades en Menjurjes, aceites saborizados a la venta en MERCADO<\/a><\/h2><\/header><div class=\"eael-entry-content\">\n                        <div class=\"eael-grid-post-excerpt\"><a href=\"https:\/\/soymigrante.com\/revista\/emprendedora-cristina-contreras-convirtio-sus-cualidades-en-menjurjes-tienda-digital-en-mercado\/\" class=\"eael-post-elements-readmore-btn\">CONOCE SU HISTORIA <\/a><\/div>\n                    <\/div><\/div><\/div>\n        <\/div>\n    <\/article><article class=\"eael-grid-post  eael-post-grid-column eael-pg-post-36657 category-guate-nuestra tags-mercado-emprendedores\" data-id=\"36657\">\n        <div class=\"eael-grid-post-holder\">\n            <div class=\"eael-grid-post-holder-inner\"><div class=\"eael-entry-media\"><div class=\"eael-entry-overlay fade-in\"><i class=\"far fa-hand-pointer\" aria-hidden=\"true\"><\/i><a href=\"https:\/\/soymigrante.com\/revista\/cafe-santa-clarita-cultivado-con-carino-desde-la-raiz-en-alta-verapaz-y-ahora-esta-en-mercado\/\"><\/a><\/div><div class=\"eael-entry-thumbnail \">\n                <img loading=\"lazy\" decoding=\"async\" width=\"1024\" height=\"1024\" src=\"https:\/\/soymigrante.com\/revista\/wp-content\/uploads\/2025\/06\/CAFE-CLARITA-1024x1024.jpg\" class=\"attachment-large size-large wp-image-36658\" alt=\"Finca Clarita sobre plantaci\u00f3n de caf\u00e9 en C\u00f3b\u00e1n, detalle de etiquetado con informaci\u00f3n de proceso, perfil de taza y variedad ar\u00e1bica, en un entorno natural con hojas verdes y flores blancas.\" srcset=\"https:\/\/soymigrante.com\/revista\/wp-content\/uploads\/2025\/06\/CAFE-CLARITA-1024x1024.jpg 1024w, https:\/\/soymigrante.com\/revista\/wp-content\/uploads\/2025\/06\/CAFE-CLARITA-300x300.jpg 300w, https:\/\/soymigrante.com\/revista\/wp-content\/uploads\/2025\/06\/CAFE-CLARITA-150x150.jpg 150w, https:\/\/soymigrante.com\/revista\/wp-content\/uploads\/2025\/06\/CAFE-CLARITA-768x768.jpg 768w, https:\/\/soymigrante.com\/revista\/wp-content\/uploads\/2025\/06\/CAFE-CLARITA-75x75.webp 75w, https:\/\/soymigrante.com\/revista\/wp-content\/uploads\/2025\/06\/CAFE-CLARITA-750x750.webp 750w, https:\/\/soymigrante.com\/revista\/wp-content\/uploads\/2025\/06\/CAFE-CLARITA.webp 1068w\" sizes=\"(max-width: 1024px) 100vw, 1024px\" \/>\n            <\/div>\n        <\/div><div class=\"eael-entry-wrapper\"><header class=\"eael-entry-header\"><h2 class=\"eael-entry-title\"><a class=\"eael-grid-post-link\" href=\"https:\/\/soymigrante.com\/revista\/cafe-santa-clarita-cultivado-con-carino-desde-la-raiz-en-alta-verapaz-y-ahora-esta-en-mercado\/\" title=\"Caf\u00e9 Clarita: cultivado con cari\u00f1o desde la ra\u00edz en Alta Verapaz (y ahora est\u00e1 en MERCADO)\">Caf\u00e9 Clarita: cultivado con cari\u00f1o desde la ra\u00edz en Alta Verapaz (y ahora est\u00e1 en MERCADO)<\/a><\/h2><\/header><div class=\"eael-entry-content\">\n                        <div class=\"eael-grid-post-excerpt\"><a href=\"https:\/\/soymigrante.com\/revista\/cafe-santa-clarita-cultivado-con-carino-desde-la-raiz-en-alta-verapaz-y-ahora-esta-en-mercado\/\" class=\"eael-post-elements-readmore-btn\">CONOCE SU HISTORIA <\/a><\/div>\n                    <\/div><\/div><\/div>\n        <\/div>\n    <\/article><article class=\"eael-grid-post  eael-post-grid-column eael-pg-post-11094 category-guate-nuestra tags-mercado-emprendedores\" data-id=\"11094\">\n        <div class=\"eael-grid-post-holder\">\n            <div class=\"eael-grid-post-holder-inner\"><div class=\"eael-entry-media\"><div class=\"eael-entry-overlay fade-in\"><i class=\"far fa-hand-pointer\" aria-hidden=\"true\"><\/i><a href=\"https:\/\/soymigrante.com\/revista\/emprendedora-lilia-rojas-elabora-joyas-con-creatividad-marca-livero\/\"><\/a><\/div><div class=\"eael-entry-thumbnail \">\n                <img loading=\"lazy\" decoding=\"async\" width=\"690\" height=\"690\" src=\"https:\/\/soymigrante.com\/revista\/wp-content\/uploads\/2024\/11\/livero-lilia-rojas.webp\" class=\"attachment-large size-large wp-image-12312\" alt=\"Vera artesan\u00eda de collar y pulsera con piedras turquoise y madera en tonos marr\u00f3n y azul. Accesorios artesanales \u00fanicos hechos a mano para estilo bohemio y \u00e9tnico.\" srcset=\"https:\/\/soymigrante.com\/revista\/wp-content\/uploads\/2024\/11\/livero-lilia-rojas.webp 690w, https:\/\/soymigrante.com\/revista\/wp-content\/uploads\/2024\/11\/livero-lilia-rojas-300x300.webp 300w, https:\/\/soymigrante.com\/revista\/wp-content\/uploads\/2024\/11\/livero-lilia-rojas-150x150.webp 150w, https:\/\/soymigrante.com\/revista\/wp-content\/uploads\/2024\/11\/livero-lilia-rojas-75x75.webp 75w\" sizes=\"(max-width: 690px) 100vw, 690px\" \/>\n            <\/div>\n        <\/div><div class=\"eael-entry-wrapper\"><header class=\"eael-entry-header\"><h2 class=\"eael-entry-title\"><a class=\"eael-grid-post-link\" href=\"https:\/\/soymigrante.com\/revista\/emprendedora-lilia-rojas-elabora-joyas-con-creatividad-marca-livero\/\" title=\"Emprendedora Lilia Rojas libera su creatividad con joyas artesanales Livero\">Emprendedora Lilia Rojas libera su creatividad con joyas artesanales Livero<\/a><\/h2><\/header><div class=\"eael-entry-content\">\n                        <div class=\"eael-grid-post-excerpt\"><a href=\"https:\/\/soymigrante.com\/revista\/emprendedora-lilia-rojas-elabora-joyas-con-creatividad-marca-livero\/\" class=\"eael-post-elements-readmore-btn\">CONOCE SU HISTORIA <\/a><\/div>\n                    <\/div><\/div><\/div>\n        <\/div>\n    <\/article><\/div>\n            <div class=\"clearfix\"><\/div>\n        <\/div>\t\t\t\t<\/div>\n\t\t\t\t\t<\/div>\n\t\t\t\t<\/div>\n\t\t\t\t<\/div>\n\t\t","protected":false},"excerpt":{"rendered":"<p>Las artesan\u00edas de Guatemala siempre ser\u00e1n un buen regalo para quedar bien, adem\u00e1s se apoya a los emprendedores nacionales. En un pa\u00eds reconocido por su variada diversidad cultural, las artesan\u00edas guatemaltecas ofrecen regalos que transmiten identidad, tradici\u00f3n y color. Estas piezas no solo son objetos, sino muestras vivas de la herencia de sus pueblos originarios. [&hellip;]<\/p>\n","protected":false},"author":19,"featured_media":40280,"comment_status":"open","ping_status":"open","sticky":false,"template":"","format":"standard","meta":{"_acf_changed":false,"_eb_attr":"","footnotes":""},"categories":[58],"tags":[],"class_list":["post-40279","post","type-post","status-publish","format-standard","has-post-thumbnail","hentry","category-guate-nuestra"],"acf":[],"aioseo_notices":[],"aioseo_head":"\n\t\t<!-- All in One SEO Pro 4.9.6.2 - aioseo.com -->\n\t<meta name=\"description\" content=\"Un curso de bisuter\u00eda fue el inicio de un camino de creatividad y esfuerzo que no ha sido f\u00e1cil. Ahora Lilia Rojas los vende a trav\u00e9s de SoyMigrante.com MERCADO\" \/>\n\t<meta name=\"robots\" content=\"max-snippet:-1, max-image-preview:large, max-video-preview:-1\" \/>\n\t<meta name=\"author\" content=\"Marysabel Aldana\"\/>\n\t<link rel=\"canonical\" href=\"https:\/\/soymigrante.com\/revista\/emprendedora-lilia-rojas-elabora-joyas-con-creatividad-marca-livero\/\" \/>\n\t<meta name=\"generator\" content=\"All in One SEO Pro (AIOSEO) 4.9.6.2\" \/>\n\n\t\t<link rel=\"preconnect\" href=\"https:\/\/fonts.googleapis.com\" crossorigin>\n<link rel=\"preconnect\" href=\"https:\/\/fonts.gstatic.com\" crossorigin>\n\t\t<meta property=\"og:locale\" content=\"es_ES\" \/>\n\t\t<meta property=\"og:site_name\" content=\"SoyMigrante.com REVISTA \u2013 Nuestra misi\u00f3n es reconocer y dignificar al migrante.\" \/>\n\t\t<meta property=\"og:type\" content=\"article\" \/>\n\t\t<meta property=\"og:title\" content=\"Emprendedora Lilia Rojas crea joyas artesanales con bisuter\u00eda\" \/>\n\t\t<meta property=\"og:description\" content=\"Un curso de bisuter\u00eda fue el inicio de un camino de creatividad y esfuerzo que no ha sido f\u00e1cil. Ahora Lilia Rojas los vende a trav\u00e9s de SoyMigrante.com MERCADO\" \/>\n\t\t<meta property=\"og:url\" content=\"https:\/\/soymigrante.com\/revista\/emprendedora-lilia-rojas-elabora-joyas-con-creatividad-marca-livero\/\" \/>\n\t\t<meta property=\"og:image\" content=\"https:\/\/soymigrante.com\/revista\/wp-content\/uploads\/2024\/11\/livero-lilia-rojas.webp\" \/>\n\t\t<meta property=\"og:image:secure_url\" content=\"https:\/\/soymigrante.com\/revista\/wp-content\/uploads\/2024\/11\/livero-lilia-rojas.webp\" \/>\n\t\t<meta property=\"og:image:width\" content=\"690\" \/>\n\t\t<meta property=\"og:image:height\" content=\"690\" \/>\n\t\t<meta property=\"article:published_time\" content=\"2024-11-06T13:00:00+00:00\" \/>\n\t\t<meta property=\"article:modified_time\" content=\"2025-07-21T17:40:27+00:00\" \/>\n\t\t<meta property=\"article:publisher\" content=\"https:\/\/www.facebook.com\/soymigrantecom\" \/>\n\t\t<meta name=\"twitter:card\" content=\"summary_large_image\" \/>\n\t\t<meta name=\"twitter:site\" content=\"@SoyMigrante_com\" \/>\n\t\t<meta name=\"twitter:title\" content=\"Emprendedora Lilia Rojas crea joyas artesanales con bisuter\u00eda\" \/>\n\t\t<meta name=\"twitter:description\" content=\"Un curso de bisuter\u00eda fue el inicio de un camino de creatividad y esfuerzo que no ha sido f\u00e1cil. Ahora Lilia Rojas los vende a trav\u00e9s de SoyMigrante.com MERCADO\" \/>\n\t\t<meta name=\"twitter:creator\" content=\"@SoyMigrante_com\" \/>\n\t\t<meta name=\"twitter:image\" content=\"https:\/\/soymigrante.com\/revista\/wp-content\/uploads\/2024\/11\/livero-lilia-rojas.webp\" \/>\n\t\t<!-- All in One SEO Pro -->\r\n\t\t<title>Emprendedora Lilia Rojas crea joyas artesanales con bisuter\u00eda<\/title>\n\n","aioseo_head_json":{"title":"Emprendedora Lilia Rojas crea joyas artesanales con bisuter\u00eda","description":"Un curso de bisuter\u00eda fue el inicio de un camino de creatividad y esfuerzo que no ha sido f\u00e1cil. Ahora Lilia Rojas los vende a trav\u00e9s de SoyMigrante.com MERCADO","canonical_url":"https:\/\/soymigrante.com\/revista\/emprendedora-lilia-rojas-elabora-joyas-con-creatividad-marca-livero\/","robots":"max-snippet:-1, max-image-preview:large, max-video-preview:-1","keywords":"","webmasterTools":{"miscellaneous":"&lt;link rel=\"preconnect\" href=\"https:\/\/fonts.googleapis.com\" crossorigin&gt;\n&lt;link rel=\"preconnect\" href=\"https:\/\/fonts.gstatic.com\" crossorigin&gt;"},"schema":null,"og:locale":"es_ES","og:site_name":"SoyMigrante.com REVISTA \u2013 Nuestra misi\u00f3n es reconocer y dignificar al migrante.","og:type":"article","og:title":"Emprendedora Lilia Rojas crea joyas artesanales con bisuter\u00eda","og:description":"Un curso de bisuter\u00eda fue el inicio de un camino de creatividad y esfuerzo que no ha sido f\u00e1cil. Ahora Lilia Rojas los vende a trav\u00e9s de SoyMigrante.com MERCADO","og:url":"https:\/\/soymigrante.com\/revista\/emprendedora-lilia-rojas-elabora-joyas-con-creatividad-marca-livero\/","og:image":"https:\/\/soymigrante.com\/revista\/wp-content\/uploads\/2024\/11\/livero-lilia-rojas.webp","og:image:secure_url":"https:\/\/soymigrante.com\/revista\/wp-content\/uploads\/2024\/11\/livero-lilia-rojas.webp","og:image:width":690,"og:image:height":690,"article:published_time":"2024-11-06T13:00:00+00:00","article:modified_time":"2025-07-21T17:40:27+00:00","article:publisher":"https:\/\/www.facebook.com\/soymigrantecom","twitter:card":"summary_large_image","twitter:site":"@SoyMigrante_com","twitter:title":"Emprendedora Lilia Rojas crea joyas artesanales con bisuter\u00eda","twitter:description":"Un curso de bisuter\u00eda fue el inicio de un camino de creatividad y esfuerzo que no ha sido f\u00e1cil. Ahora Lilia Rojas los vende a trav\u00e9s de SoyMigrante.com MERCADO","twitter:creator":"@SoyMigrante_com","twitter:image":"https:\/\/soymigrante.com\/revista\/wp-content\/uploads\/2024\/11\/livero-lilia-rojas.webp"},"aioseo_meta_data":{"post_id":"40279","title":null,"description":"Las artesan\u00edas de Guatemala siempre ser\u00e1n un buen regalo para quedar bien, adem\u00e1s se apoya a los emprendedores nacionales.","keywords":null,"keyphrases":{"focus":{"keyphrase":"Guatemala","score":82,"analysis":{"keyphraseInTitle":{"score":9,"maxScore":9,"error":0},"keyphraseInDescription":{"score":9,"maxScore":9,"error":0},"keyphraseLength":{"score":9,"maxScore":9,"error":0,"length":1},"keyphraseInURL":{"score":5,"maxScore":5,"error":0},"keyphraseInIntroduction":{"score":3,"maxScore":9,"error":1},"keyphraseInSubHeadings":{"score":3,"maxScore":9,"error":1},"keyphraseInImageAlt":{"score":9,"maxScore":9,"error":0},"keywordDensity":{"type":"best","score":9,"maxScore":9,"error":0}}},"additional":[{"keyphrase":"regalo","score":87,"analysis":{"keyphraseInDescription":{"score":9,"maxScore":9,"error":0},"keyphraseLength":{"score":9,"maxScore":9,"error":0,"length":1},"keyphraseInIntroduction":{"score":3,"maxScore":9,"error":1},"keyphraseInImageAlt":{"score":9,"maxScore":9,"error":0},"keywordDensity":{"type":"best","score":9,"maxScore":9,"error":0}}}]},"primary_term":null,"canonical_url":null,"og_title":null,"og_description":null,"og_object_type":"default","og_image_type":"default","og_image_url":null,"og_image_width":null,"og_image_height":null,"og_image_custom_url":null,"og_image_custom_fields":null,"og_video":"","og_custom_url":null,"og_article_section":null,"og_article_tags":null,"twitter_use_og":false,"twitter_card":"default","twitter_image_type":"default","twitter_image_url":null,"twitter_image_custom_url":null,"twitter_image_custom_fields":null,"twitter_title":null,"twitter_description":null,"schema":{"blockGraphs":[],"customGraphs":[],"default":{"data":{"Article":[],"Course":[],"Dataset":[],"FAQPage":[],"Movie":[],"Person":[],"Product":[],"ProductReview":[],"Car":[],"Recipe":[],"Service":[],"SoftwareApplication":[],"WebPage":[]},"graphName":"none","isEnabled":true},"graphs":[]},"schema_type":"default","schema_type_options":null,"pillar_content":false,"robots_default":true,"robots_noindex":false,"robots_noarchive":false,"robots_nosnippet":false,"robots_nofollow":false,"robots_noimageindex":false,"robots_noodp":false,"robots_notranslate":false,"robots_max_snippet":"-1","robots_max_videopreview":"-1","robots_max_imagepreview":"large","priority":null,"frequency":"default","local_seo":null,"seo_analyzer_scan_date":"2025-10-09 07:11:15","breadcrumb_settings":null,"limit_modified_date":false,"reviewed_by":"0","open_ai":null,"ai":{"faqs":[],"keyPoints":[],"titles":[],"descriptions":[],"socialPosts":{"email":[],"linkedin":[],"twitter":[],"facebook":[],"instagram":[]}},"created":"2025-07-24 20:24:59","updated":"2026-02-05 03:06:30"},"aioseo_breadcrumb":"<div class=\"aioseo-breadcrumbs\"><span class=\"aioseo-breadcrumb\">\n\t<a href=\"https:\/\/soymigrante.com\/revista\" title=\"Home\">Home<\/a>\n<\/span><span class=\"aioseo-breadcrumb-separator\">\u00bb<\/span><span class=\"aioseo-breadcrumb\">\n\t<a href=\"https:\/\/soymigrante.com\/revista\/category\/guate-nuestra\/\" title=\"Guate Nuestra\">Guate Nuestra<\/a>\n<\/span><span class=\"aioseo-breadcrumb-separator\">\u00bb<\/span><span class=\"aioseo-breadcrumb\">\n\tLas 7 artesan\u00edas de Guatemala que siempre son un buen regalo\n<\/span><\/div>","aioseo_breadcrumb_json":[{"label":"Home","link":"https:\/\/soymigrante.com\/revista"},{"label":"Guate Nuestra","link":"https:\/\/soymigrante.com\/revista\/category\/guate-nuestra\/"},{"label":"Las 7 artesan\u00edas de Guatemala que siempre son un buen regalo","link":"https:\/\/soymigrante.com\/revista\/las-7-artesanias-de-guatemala-que-siempre-son-un-buen-regalo\/"}],"_links":{"self":[{"href":"https:\/\/soymigrante.com\/revista\/wp-json\/wp\/v2\/posts\/40279","targetHints":{"allow":["GET"]}}],"collection":[{"href":"https:\/\/soymigrante.com\/revista\/wp-json\/wp\/v2\/posts"}],"about":[{"href":"https:\/\/soymigrante.com\/revista\/wp-json\/wp\/v2\/types\/post"}],"author":[{"embeddable":true,"href":"https:\/\/soymigrante.com\/revista\/wp-json\/wp\/v2\/users\/19"}],"replies":[{"embeddable":true,"href":"https:\/\/soymigrante.com\/revista\/wp-json\/wp\/v2\/comments?post=40279"}],"version-history":[{"count":27,"href":"https:\/\/soymigrante.com\/revista\/wp-json\/wp\/v2\/posts\/40279\/revisions"}],"predecessor-version":[{"id":40405,"href":"https:\/\/soymigrante.com\/revista\/wp-json\/wp\/v2\/posts\/40279\/revisions\/40405"}],"wp:featuredmedia":[{"embeddable":true,"href":"https:\/\/soymigrante.com\/revista\/wp-json\/wp\/v2\/media\/40280"}],"wp:attachment":[{"href":"https:\/\/soymigrante.com\/revista\/wp-json\/wp\/v2\/media?parent=40279"}],"wp:term":[{"taxonomy":"category","embeddable":true,"href":"https:\/\/soymigrante.com\/revista\/wp-json\/wp\/v2\/categories?post=40279"},{"taxonomy":"post_tag","embeddable":true,"href":"https:\/\/soymigrante.com\/revista\/wp-json\/wp\/v2\/tags?post=40279"}],"curies":[{"name":"wp","href":"https:\/\/api.w.org\/{rel}","templated":true}]}}