{"id":40229,"date":"2025-07-24T11:24:20","date_gmt":"2025-07-24T17:24:20","guid":{"rendered":"https:\/\/soymigrante.com\/revista\/?p=40229"},"modified":"2025-07-25T16:00:56","modified_gmt":"2025-07-25T22:00:56","slug":"la-inspiradora-historia-del-cafe-y-chocolate-de-fabios-market-ahora-en-soymigrante-mercado","status":"publish","type":"post","link":"https:\/\/soymigrante.com\/revista\/la-inspiradora-historia-del-cafe-y-chocolate-de-fabios-market-ahora-en-soymigrante-mercado\/","title":{"rendered":"La inspiradora historia del caf\u00e9 y chocolate de Fabio&#8217;s Market ahora en SoyMigrante MERCADO"},"content":{"rendered":"\t\t<div data-elementor-type=\"wp-post\" data-elementor-id=\"40229\" class=\"elementor elementor-40229\" data-elementor-post-type=\"post\">\n\t\t\t\t<div data-particle_enable=\"false\" data-particle-mobile-disabled=\"false\" class=\"elementor-element elementor-element-352d099 e-flex e-con-boxed e-con e-parent\" data-id=\"352d099\" data-element_type=\"container\" data-e-type=\"container\">\n\t\t\t\t\t<div class=\"e-con-inner\">\n\t\t\t\t<div class=\"elementor-element elementor-element-8a0741f elementor-widget elementor-widget-heading\" data-id=\"8a0741f\" data-element_type=\"widget\" data-e-type=\"widget\" data-widget_type=\"heading.default\">\n\t\t\t\t\t<h2 class=\"elementor-heading-title elementor-size-default\">Tras un accidente que cambi\u00f3 su vida, Fabio Jerez cre\u00f3, con el apoyo de su familia, una tienda con caf\u00e9 y chocolate guatemalteco. Conoce su historia y apoya su esfuerzo en SoyMigrante.com.<\/h2>\t\t\t\t<\/div>\n\t\t\t\t\t<\/div>\n\t\t\t\t<\/div>\n\t\t<div data-particle_enable=\"false\" data-particle-mobile-disabled=\"false\" class=\"elementor-element elementor-element-ad586b4 e-flex e-con-boxed e-con e-parent\" data-id=\"ad586b4\" data-element_type=\"container\" data-e-type=\"container\">\n\t\t\t\t\t<div class=\"e-con-inner\">\n\t\t\t\t<div class=\"elementor-element elementor-element-d0728d2 elementor-widget elementor-widget-text-editor\" data-id=\"d0728d2\" data-element_type=\"widget\" data-e-type=\"widget\" data-widget_type=\"text-editor.default\">\n\t\t\t\t\t\t\t\t\t<p>Detr\u00e1s de cada tienda en SoyMigrante.com MERCADO siempre hay una historia de valores, perseverancia, amor, creatividad, familia, tradici\u00f3n.\u00a0 El relato de Fabio Jerez fundador de Fabio&#8217;s Market, es el de un guatemalteco que transform\u00f3 la adversidad en una oportunidad para crear y compartir lo que m\u00e1s ama: el buen caf\u00e9, el chocolate artesanal y sobre todo, el cari\u00f1o de su esposa e hijos.<\/p><p><a href=\"https:\/\/soymigrante.com\/mercado\/marketplace\/Fabiosmarket?srsltid=AfmBOor7hNTyzRTWiKr-4TQV4uU5W-WzwlQv1b8o_uIApLbMy1SPVKpP\">Fabio\u2019s Market<\/a> vende caf\u00e9 guatemalteco regi\u00f3n Antigua Guatemala\u00a0 y chocolate artesanal elaborado en Retalhuleu. Este proyecto surge a causa de un giro inesperado en la vida y del impulso de una familia decidida a salir adelante, juntos.<\/p><p><a href=\"https:\/\/soymigrante.com\/mercado\/marketplace\/Fabiosmarket?srsltid=AfmBOor7hNTyzRTWiKr-4TQV4uU5W-WzwlQv1b8o_uIApLbMy1SPVKpP\">Fabio\u2019s Market ya abri\u00f3 su tienda digital en SoyMigrante.com MERCADO<\/a> , la comunidad que une a emprendedores guatemaltecos con compradores en todo el pa\u00eds para impulsar la econom\u00eda familiar y comunitaria, generar oportunidades, facilitar log\u00edstica de pago y entrega, as\u00ed como mostrar el inmenso talento de los guatemaltecos.\u00a0 Y esta es la historia detr\u00e1s de Fabio&#8217;s Market.<\/p>\t\t\t\t\t\t\t\t<\/div>\n\t\t\t\t\t<\/div>\n\t\t\t\t<\/div>\n\t\t<div data-particle_enable=\"false\" data-particle-mobile-disabled=\"false\" class=\"elementor-element elementor-element-1270028 e-flex e-con-boxed e-con e-parent\" data-id=\"1270028\" data-element_type=\"container\" data-e-type=\"container\">\n\t\t\t\t\t<div class=\"e-con-inner\">\n\t\t\t\t<div class=\"elementor-element elementor-element-f8c2dc2 elementor-widget elementor-widget-image\" data-id=\"f8c2dc2\" data-element_type=\"widget\" data-e-type=\"widget\" data-widget_type=\"image.default\">\n\t\t\t\t\t\t\t\t\t\t\t\t<figure class=\"wp-caption\">\n\t\t\t\t\t\t\t\t\t\t\t<a href=\"https:\/\/soymigrante.com\/mercado\/marketplace\/Fabiosmarket?srsltid=AfmBOor7hNTyzRTWiKr-4TQV4uU5W-WzwlQv1b8o_uIApLbMy1SPVKpP\">\n\t\t\t\t\t\t\t<img fetchpriority=\"high\" decoding=\"async\" width=\"768\" height=\"768\" src=\"https:\/\/soymigrante.com\/revista\/wp-content\/uploads\/2025\/07\/fabio-jerez-de-fabios-market-1024x1024.png\" class=\"attachment-large size-large wp-image-40241\" alt=\"Caf\u00e9 artesanal de Caf\u00e9 Fabios con empaques y productos en exhibici\u00f3n para promoci\u00f3n de caf\u00e9 hecho a mano en M\u00e9xico.\" srcset=\"https:\/\/soymigrante.com\/revista\/wp-content\/uploads\/2025\/07\/fabio-jerez-de-fabios-market-1024x1024.png 1024w, https:\/\/soymigrante.com\/revista\/wp-content\/uploads\/2025\/07\/fabio-jerez-de-fabios-market-300x300.png 300w, https:\/\/soymigrante.com\/revista\/wp-content\/uploads\/2025\/07\/fabio-jerez-de-fabios-market-150x150.png 150w, https:\/\/soymigrante.com\/revista\/wp-content\/uploads\/2025\/07\/fabio-jerez-de-fabios-market-768x768.png 768w, https:\/\/soymigrante.com\/revista\/wp-content\/uploads\/2025\/07\/fabio-jerez-de-fabios-market-75x75.png 75w, https:\/\/soymigrante.com\/revista\/wp-content\/uploads\/2025\/07\/fabio-jerez-de-fabios-market-750x750.png 750w, https:\/\/soymigrante.com\/revista\/wp-content\/uploads\/2025\/07\/fabio-jerez-de-fabios-market.webp 1080w\" sizes=\"(max-width: 768px) 100vw, 768px\" title=\"Caf\u00e9 de Antigua y chocolate artesanal de Retalhuleu son los dos productos insignia de Fabio&#039;s Market, el emprendimiento del mixque\u00f1o Fabio Jerez. Para ir a su tienda en SoyMigrante.com MERCADO clic en la imagen. \u2013 SoyMigrante.com REVISTA\" \/>\t\t\t\t\t\t\t\t<\/a>\n\t\t\t\t\t\t\t\t\t\t\t<figcaption class=\"widget-image-caption wp-caption-text\">El hombre sentado en la mesa con productos de caf\u00e9 en la presentaci\u00f3n de Caf\u00e9 Fabios, destacando la calidad y sabor del caf\u00e9 mexicano para amantes del buen caf\u00e9.<\/figcaption>\n\t\t\t\t\t\t\t\t\t\t<\/figure>\n\t\t\t\t\t\t\t\t\t<\/div>\n\t\t\t\t\t<\/div>\n\t\t\t\t<\/div>\n\t\t<div data-particle_enable=\"false\" data-particle-mobile-disabled=\"false\" class=\"elementor-element elementor-element-0085737 e-flex e-con-boxed e-con e-parent\" data-id=\"0085737\" data-element_type=\"container\" data-e-type=\"container\">\n\t\t\t\t\t<div class=\"e-con-inner\">\n\t\t\t\t<div class=\"elementor-element elementor-element-feb79ad elementor-widget elementor-widget-heading\" data-id=\"feb79ad\" data-element_type=\"widget\" data-e-type=\"widget\" data-widget_type=\"heading.default\">\n\t\t\t\t\t<h3 class=\"elementor-heading-title elementor-size-default\">Un percance, un reinicio, una transformaci\u00f3n<\/h3>\t\t\t\t<\/div>\n\t\t\t\t\t<\/div>\n\t\t\t\t<\/div>\n\t\t<div data-particle_enable=\"false\" data-particle-mobile-disabled=\"false\" class=\"elementor-element elementor-element-aa7c674 e-flex e-con-boxed e-con e-parent\" data-id=\"aa7c674\" data-element_type=\"container\" data-e-type=\"container\">\n\t\t\t\t\t<div class=\"e-con-inner\">\n\t\t\t\t<div class=\"elementor-element elementor-element-c997717 elementor-widget elementor-widget-text-editor\" data-id=\"c997717\" data-element_type=\"widget\" data-e-type=\"widget\" data-widget_type=\"text-editor.default\">\n\t\t\t\t\t\t\t\t\t<p>Fabio es administrador de empresas y se desempe\u00f1aba como analista de datos en una empresa comercial. Como muchos, atraves\u00f3 los desaf\u00edos de la pandemia en 2020. Sin embargo, fue en 2021 cuando su vida dio un vuelco: una ca\u00edda desde el techo de su casa le provoc\u00f3 una lesi\u00f3n medular y lo dej\u00f3 en silla de ruedas.<\/p><p>Los primeros seis meses de recuperaci\u00f3n fueron duros. &#8220;Aprend\u00ed a moverme, a salir de la cama, a usar nuevas herramientas para volverme independiente&#8221;, recuerda. A pesar de las secuelas f\u00edsicas y emocionales, Fabio no se dej\u00f3 vencer. Su esp\u00edritu emprendedor, reforzado por el amor de su esposa y sus cuatro hijos, lo empuj\u00f3 a mirar hacia adelante.<\/p><p>Pr\u00e1cticamente tuvo que reinventar su vida, potenciar sus capacidades y seguir adelante (un ejemplo que ahora inspira a sus hijos).<\/p>\t\t\t\t\t\t\t\t<\/div>\n\t\t\t\t\t<\/div>\n\t\t\t\t<\/div>\n\t\t<div data-particle_enable=\"false\" data-particle-mobile-disabled=\"false\" class=\"elementor-element elementor-element-0de45ae e-flex e-con-boxed e-con e-parent\" data-id=\"0de45ae\" data-element_type=\"container\" data-e-type=\"container\">\n\t\t\t\t\t<div class=\"e-con-inner\">\n\t\t\t\t<div class=\"elementor-element elementor-element-89658e1 elementor-widget elementor-widget-image\" data-id=\"89658e1\" data-element_type=\"widget\" data-e-type=\"widget\" data-widget_type=\"image.default\">\n\t\t\t\t\t\t\t\t\t\t\t\t\t\t\t\t<a href=\"https:\/\/soymigrante.com\/mercado\/marketplace\/Fabiosmarket?srsltid=AfmBOor7hNTyzRTWiKr-4TQV4uU5W-WzwlQv1b8o_uIApLbMy1SPVKpP\">\n\t\t\t\t\t\t\t<img decoding=\"async\" width=\"768\" height=\"392\" src=\"https:\/\/soymigrante.com\/revista\/wp-content\/uploads\/2025\/07\/fabios-market-soymigrante-mercado-1024x523.png\" class=\"attachment-large size-large wp-image-40249\" alt=\"Caf\u00e9 molido artesanal, producto gourmet, tienda de caf\u00e9 en Guatemala, caf\u00e9 de especialidad, caf\u00e9 en grano, tienda online de caf\u00e9 local, productos de caf\u00e9 en Guatemala, Coffee shop Guatemala, caf\u00e9 de origen, bebidas a base de caf\u00e9, caf\u00e9 para promover estilo de vida saludable.\" srcset=\"https:\/\/soymigrante.com\/revista\/wp-content\/uploads\/2025\/07\/fabios-market-soymigrante-mercado-1024x523.png 1024w, https:\/\/soymigrante.com\/revista\/wp-content\/uploads\/2025\/07\/fabios-market-soymigrante-mercado-300x153.png 300w, https:\/\/soymigrante.com\/revista\/wp-content\/uploads\/2025\/07\/fabios-market-soymigrante-mercado-768x392.png 768w, https:\/\/soymigrante.com\/revista\/wp-content\/uploads\/2025\/07\/fabios-market-soymigrante-mercado-1536x785.png 1536w, https:\/\/soymigrante.com\/revista\/wp-content\/uploads\/2025\/07\/fabios-market-soymigrante-mercado-750x383.webp 750w, https:\/\/soymigrante.com\/revista\/wp-content\/uploads\/2025\/07\/fabios-market-soymigrante-mercado-1140x582.webp 1140w, https:\/\/soymigrante.com\/revista\/wp-content\/uploads\/2025\/07\/fabios-market-soymigrante-mercado.webp 1920w\" sizes=\"(max-width: 768px) 100vw, 768px\" title=\"fabios market soymigrante mercado \u2013 SoyMigrante.com REVISTA\" \/>\t\t\t\t\t\t\t\t<\/a>\n\t\t\t\t\t\t\t\t\t\t\t\t\t\t\t<\/div>\n\t\t\t\t\t<\/div>\n\t\t\t\t<\/div>\n\t\t<div data-particle_enable=\"false\" data-particle-mobile-disabled=\"false\" class=\"elementor-element elementor-element-c3f2432 e-flex e-con-boxed e-con e-parent\" data-id=\"c3f2432\" data-element_type=\"container\" data-e-type=\"container\">\n\t\t\t\t\t<div class=\"e-con-inner\">\n\t\t\t\t<div class=\"elementor-element elementor-element-c9f2e1c elementor-widget elementor-widget-heading\" data-id=\"c9f2e1c\" data-element_type=\"widget\" data-e-type=\"widget\" data-widget_type=\"heading.default\">\n\t\t\t\t\t<h3 class=\"elementor-heading-title elementor-size-default\">Para amigos del buen caf\u00e9... y del chocolate<\/h3>\t\t\t\t<\/div>\n\t\t\t\t\t<\/div>\n\t\t\t\t<\/div>\n\t\t<div data-particle_enable=\"false\" data-particle-mobile-disabled=\"false\" class=\"elementor-element elementor-element-d374d84 e-flex e-con-boxed e-con e-parent\" data-id=\"d374d84\" data-element_type=\"container\" data-e-type=\"container\">\n\t\t\t\t\t<div class=\"e-con-inner\">\n\t\t\t\t<div class=\"elementor-element elementor-element-28ebce1 elementor-widget elementor-widget-text-editor\" data-id=\"28ebce1\" data-element_type=\"widget\" data-e-type=\"widget\" data-widget_type=\"text-editor.default\">\n\t\t\t\t\t\t\t\t\t<p>Fue precisamente durante ese proceso de adaptaci\u00f3n y sanaci\u00f3n que naci\u00f3 la idea de un emprendimiento familiar. Su hermana, dise\u00f1adora gr\u00e1fica, ayud\u00f3 a crear el logo. Su esposa lo apoy\u00f3 en cada decisi\u00f3n del proceso. Y as\u00ed, en 2021, surgi\u00f3 Fabio\u2019s Market: una tienda digital para distribuir, inicialmente caf\u00e9 de calidad, 100% regi\u00f3n Antigua Guatemala, accesible y aut\u00e9nticamente guatemalteco.<\/p><p>Fabio, quien recorri\u00f3 el pa\u00eds por trabajo en a\u00f1os anteriores, hab\u00eda probado caf\u00e9 de todas las regiones. Sab\u00eda identificar el sabor que quer\u00eda compartir.\u00a0<\/p><p>&#8220;El caf\u00e9 me gusta mucho. Lo eleg\u00ed porque es un producto nacional, valioso y con mucha historia. Y comenzamos por el de Antigua porque hay un buen proveedor de calidad&#8221;, comenta.\u00a0<\/p><p>El chocolate se sum\u00f3 a la tienda gracias a un primo de su esposa, quien trabaja en una f\u00e1brica de cacao en Retalhuleu. &#8220;Ellos tienen toda una tradici\u00f3n de procesamiento y elaboraci\u00f3n de chocolates para preparar&#8221;.<\/p><p>\u00a0<\/p>\t\t\t\t\t\t\t\t<\/div>\n\t\t\t\t\t<\/div>\n\t\t\t\t<\/div>\n\t\t<div data-particle_enable=\"false\" data-particle-mobile-disabled=\"false\" class=\"elementor-element elementor-element-f7599b5 e-flex e-con-boxed e-con e-parent\" data-id=\"f7599b5\" data-element_type=\"container\" data-e-type=\"container\">\n\t\t\t\t\t<div class=\"e-con-inner\">\n\t\t\t\t<div class=\"elementor-element elementor-element-c97d3a1 elementor-widget elementor-widget-image\" data-id=\"c97d3a1\" data-element_type=\"widget\" data-e-type=\"widget\" data-widget_type=\"image.default\">\n\t\t\t\t\t\t\t\t\t\t\t\t<figure class=\"wp-caption\">\n\t\t\t\t\t\t\t\t\t\t\t<a href=\"https:\/\/soymigrante.com\/mercado\/marketplace\/Fabiosmarket?srsltid=AfmBOor7hNTyzRTWiKr-4TQV4uU5W-WzwlQv1b8o_uIApLbMy1SPVKpP\">\n\t\t\t\t\t\t\t<img decoding=\"async\" width=\"768\" height=\"889\" src=\"https:\/\/soymigrante.com\/revista\/wp-content\/uploads\/2025\/07\/fabio-market-cafe-885x1024.jpg\" class=\"attachment-large size-large wp-image-40478\" alt=\"Una mujer y un hombre posando juntos en un entorno natural, promoviendo temas de migraci\u00f3n y comunidad en la revista SoyMigrante.com.\" srcset=\"https:\/\/soymigrante.com\/revista\/wp-content\/uploads\/2025\/07\/fabio-market-cafe-885x1024.jpg 885w, https:\/\/soymigrante.com\/revista\/wp-content\/uploads\/2025\/07\/fabio-market-cafe-259x300.jpg 259w, https:\/\/soymigrante.com\/revista\/wp-content\/uploads\/2025\/07\/fabio-market-cafe-768x889.jpg 768w, https:\/\/soymigrante.com\/revista\/wp-content\/uploads\/2025\/07\/fabio-market-cafe-1327x1536.jpg 1327w, https:\/\/soymigrante.com\/revista\/wp-content\/uploads\/2025\/07\/fabio-market-cafe-1770x2048.jpg 1770w, https:\/\/soymigrante.com\/revista\/wp-content\/uploads\/2025\/07\/fabio-market-cafe-750x868.webp 750w, https:\/\/soymigrante.com\/revista\/wp-content\/uploads\/2025\/07\/fabio-market-cafe-1140x1319.webp 1140w, https:\/\/soymigrante.com\/revista\/wp-content\/uploads\/2025\/07\/fabio-market-cafe-scaled.webp 1659w\" sizes=\"(max-width: 768px) 100vw, 768px\" title=\"Fabio Jerez comparte que su apoyo y motivaci\u00f3n fundamental para seguir adelante viene de su esposa e hijos. &quot;Ella fue quien me sugiri\u00f3 entrar a SoyMigrante MERCADO&quot;, cuenta. \u2013 SoyMigrante.com REVISTA\" \/>\t\t\t\t\t\t\t\t<\/a>\n\t\t\t\t\t\t\t\t\t\t\t<figcaption class=\"widget-image-caption wp-caption-text\">Personas disfrutando de un momento juntos en un ambiente al aire libre, resaltando la importancia de la comunidad migrante en M\u00e9xico y su historia en la revista SoyMigrante.com.<\/figcaption>\n\t\t\t\t\t\t\t\t\t\t<\/figure>\n\t\t\t\t\t\t\t\t\t<\/div>\n\t\t\t\t\t<\/div>\n\t\t\t\t<\/div>\n\t\t<div data-particle_enable=\"false\" data-particle-mobile-disabled=\"false\" class=\"elementor-element elementor-element-32fd7c7 e-flex e-con-boxed e-con e-parent\" data-id=\"32fd7c7\" data-element_type=\"container\" data-e-type=\"container\">\n\t\t\t\t\t<div class=\"e-con-inner\">\n\t\t\t\t<div class=\"elementor-element elementor-element-de90fca elementor-widget elementor-widget-heading\" data-id=\"de90fca\" data-element_type=\"widget\" data-e-type=\"widget\" data-widget_type=\"heading.default\">\n\t\t\t\t\t<h3 class=\"elementor-heading-title elementor-size-default\">Desde Mixco con voluntad, valores y optimismo<\/h3>\t\t\t\t<\/div>\n\t\t\t\t\t<\/div>\n\t\t\t\t<\/div>\n\t\t<div data-particle_enable=\"false\" data-particle-mobile-disabled=\"false\" class=\"elementor-element elementor-element-f6b8d7a e-flex e-con-boxed e-con e-parent\" data-id=\"f6b8d7a\" data-element_type=\"container\" data-e-type=\"container\">\n\t\t\t\t\t<div class=\"e-con-inner\">\n\t\t\t\t<div class=\"elementor-element elementor-element-ea12a71 elementor-widget elementor-widget-text-editor\" data-id=\"ea12a71\" data-element_type=\"widget\" data-e-type=\"widget\" data-widget_type=\"text-editor.default\">\n\t\t\t\t\t\t\t\t\t<p>Aunque Fabio contin\u00faa trabajando desde casa en su empresa, encontr\u00f3 en este emprendimiento una nueva raz\u00f3n para levantarse cada d\u00eda. Su experiencia en ventas fue clave para empezar: primero entre amigos y conocidos, y luego con nuevos clientes que valoran el sabor, la accesibilidad y la historia detr\u00e1s del producto.<\/p><p>\u201cLa vida me cambi\u00f3 por completo, pero mis hijos y mi esposa me ayudaron a seguir adelante. Ellos son mi motor. Yo solo ten\u00eda que decidir tener voluntad\u201d, afirma Fabio con convicci\u00f3n.<\/p><p>Fabio trabaja desde su casa en Mixco, zona 2, y ahora forma parte del cat\u00e1logo de SoyMigrante.com MERCADO. &#8220;Fue mi esposa quien descubri\u00f3 la plataforma en Instagram y me motiv\u00f3 a sumarnos, sabiendo que muchos guatemaltecos desean un buen caf\u00e9 o excelente chocolate. Tambi\u00e9n se distribuyen algunas artesan\u00edas, que pueden ver en la tienda digital de MERCADO&#8221;, AGREGA.<\/p><p>Hoy, m\u00e1s que una tienda, Fabio\u2019s Market es un s\u00edmbolo: del coraje de reinventarse, del poder del apoyo familiar y de la capacidad de los guatemaltecos para salir adelante con dignidad y sabor. Comprar su caf\u00e9 o chocolate no solo es consumir un producto de calidad, sino tambi\u00e9n apoyar una historia real de lucha y esperanza<\/p>\t\t\t\t\t\t\t\t<\/div>\n\t\t\t\t\t<\/div>\n\t\t\t\t<\/div>\n\t\t<div data-particle_enable=\"false\" data-particle-mobile-disabled=\"false\" class=\"elementor-element elementor-element-300d955 e-flex e-con-boxed e-con e-parent\" data-id=\"300d955\" data-element_type=\"container\" data-e-type=\"container\">\n\t\t\t\t\t<div class=\"e-con-inner\">\n\t\t\t\t<div class=\"elementor-element elementor-element-5997165 elementor-widget elementor-widget-heading\" data-id=\"5997165\" data-element_type=\"widget\" data-e-type=\"widget\" data-widget_type=\"heading.default\">\n\t\t\t\t\t<h4 class=\"elementor-heading-title elementor-size-default\">Pide tu Fabio's caf\u00e9 y prep\u00e1ralo como gustes. Aqu\u00ed una sugerencia: prensa francesa.<\/h4>\t\t\t\t<\/div>\n\t\t\t\t\t<\/div>\n\t\t\t\t<\/div>\n\t\t<div data-particle_enable=\"false\" data-particle-mobile-disabled=\"false\" class=\"elementor-element elementor-element-4c746e7 e-flex e-con-boxed e-con e-parent\" data-id=\"4c746e7\" data-element_type=\"container\" data-e-type=\"container\">\n\t\t\t\t\t<div class=\"e-con-inner\">\n\t\t\t\t<div class=\"elementor-element elementor-element-099b63e elementor-widget elementor-widget-video\" data-id=\"099b63e\" data-element_type=\"widget\" data-e-type=\"widget\" data-settings=\"{&quot;youtube_url&quot;:&quot;https:\\\/\\\/www.youtube.com\\\/watch?v=uKi0eZyG4XU&quot;,&quot;video_type&quot;:&quot;youtube&quot;,&quot;controls&quot;:&quot;yes&quot;}\" data-widget_type=\"video.default\">\n\t\t\t\t\t\t\t<div class=\"elementor-wrapper elementor-open-inline\">\n\t\t\t<div class=\"elementor-video\"><\/div>\t\t<\/div>\n\t\t\t\t\t\t<\/div>\n\t\t\t\t\t<\/div>\n\t\t\t\t<\/div>\n\t\t<div data-particle_enable=\"false\" data-particle-mobile-disabled=\"false\" class=\"elementor-element elementor-element-fb64efa e-flex e-con-boxed e-con e-parent\" data-id=\"fb64efa\" data-element_type=\"container\" data-e-type=\"container\">\n\t\t\t\t\t<div class=\"e-con-inner\">\n\t\t\t\t<div class=\"elementor-element elementor-element-ddbcca0 elementor-widget elementor-widget-heading\" data-id=\"ddbcca0\" data-element_type=\"widget\" data-e-type=\"widget\" data-widget_type=\"heading.default\">\n\t\t\t\t\t<h2 class=\"elementor-heading-title elementor-size-default\">M\u00e1s talento emprendedor<\/h2>\t\t\t\t<\/div>\n\t\t\t\t\t<\/div>\n\t\t\t\t<\/div>\n\t\t<div data-particle_enable=\"false\" data-particle-mobile-disabled=\"false\" class=\"elementor-element elementor-element-f19c00f e-flex e-con-boxed e-con e-parent\" data-id=\"f19c00f\" data-element_type=\"container\" data-e-type=\"container\">\n\t\t\t\t\t<div class=\"e-con-inner\">\n\t\t\t\t<div class=\"elementor-element elementor-element-e1cc93b elementor-grid-eael-col-3 elementor-grid-tablet-eael-col-2 elementor-grid-mobile-eael-col-1 elementor-invisible elementor-widget elementor-widget-eael-post-grid\" data-id=\"e1cc93b\" data-element_type=\"widget\" data-e-type=\"widget\" data-settings=\"{&quot;eael_post_grid_columns&quot;:&quot;eael-col-3&quot;,&quot;_animation&quot;:&quot;rollIn&quot;,&quot;eael_post_grid_columns_tablet&quot;:&quot;eael-col-2&quot;,&quot;eael_post_grid_columns_mobile&quot;:&quot;eael-col-1&quot;}\" data-widget_type=\"eael-post-grid.default\">\n\t\t\t\t\t<div id=\"eael-post-grid-e1cc93b\" class=\"eael-post-grid-container\">\n            <div class=\"eael-post-grid eael-post-appender eael-post-appender-e1cc93b eael-post-grid-style-one\" data-layout-mode=\"masonry\"><article class=\"eael-grid-post  eael-post-grid-column eael-pg-post-14276 category-guate-nuestra tags-mercado-emprendedores\" data-id=\"14276\">\n        <div class=\"eael-grid-post-holder\">\n            <div class=\"eael-grid-post-holder-inner\"><div class=\"eael-entry-media\"><div class=\"eael-entry-overlay fade-in\"><i class=\"far fa-hand-pointer\" aria-hidden=\"true\"><\/i><a href=\"https:\/\/soymigrante.com\/revista\/clinica-la-montana-de-colomba-costa-cuca-ofrece-capsulas-y-terapias-naturistas\/\"><\/a><\/div><div class=\"eael-entry-thumbnail \">\n                <img loading=\"lazy\" decoding=\"async\" width=\"542\" height=\"542\" src=\"https:\/\/soymigrante.com\/revista\/wp-content\/uploads\/2024\/11\/emprendedor-daniel-sanchez-1.webp\" class=\"attachment-large size-large wp-image-14277\" alt=\"Amplio \u00e1rbol de hoja perenne con un hombre sonriendo en medio de la naturaleza, s\u00edmbolo de crecimiento y sostenibilidad para art\u00edculos de agricultura y medio ambiente en SoyMigrante.com REVISTA.\" srcset=\"https:\/\/soymigrante.com\/revista\/wp-content\/uploads\/2024\/11\/emprendedor-daniel-sanchez-1.webp 542w, https:\/\/soymigrante.com\/revista\/wp-content\/uploads\/2024\/11\/emprendedor-daniel-sanchez-1-300x300.jpg 300w, https:\/\/soymigrante.com\/revista\/wp-content\/uploads\/2024\/11\/emprendedor-daniel-sanchez-1-150x150.jpg 150w, https:\/\/soymigrante.com\/revista\/wp-content\/uploads\/2024\/11\/emprendedor-daniel-sanchez-1-75x75.webp 75w\" sizes=\"(max-width: 542px) 100vw, 542px\" \/>\n            <\/div>\n        <\/div><div class=\"eael-entry-wrapper\"><header class=\"eael-entry-header\"><h2 class=\"eael-entry-title\"><a class=\"eael-grid-post-link\" href=\"https:\/\/soymigrante.com\/revista\/clinica-la-montana-de-colomba-costa-cuca-ofrece-capsulas-y-terapias-naturistas\/\" title=\"Danny S\u00e1nchez Mach\u00e1 ofrece productos del Centro Naturista de la Monta\u00f1a, desde Colomba Costa Cuca\">Danny S\u00e1nchez Mach\u00e1 ofrece productos del Centro Naturista de la Monta\u00f1a, desde Colomba Costa Cuca<\/a><\/h2><\/header><div class=\"eael-entry-content\">\n                        <div class=\"eael-grid-post-excerpt\"><a href=\"https:\/\/soymigrante.com\/revista\/clinica-la-montana-de-colomba-costa-cuca-ofrece-capsulas-y-terapias-naturistas\/\" class=\"eael-post-elements-readmore-btn\">CONOCE SU HISTORIA <\/a><\/div>\n                    <\/div><\/div><\/div>\n        <\/div>\n    <\/article><article class=\"eael-grid-post  eael-post-grid-column eael-pg-post-17805 category-guate-nuestra tags-mercado-emprendedores\" data-id=\"17805\">\n        <div class=\"eael-grid-post-holder\">\n            <div class=\"eael-grid-post-holder-inner\"><div class=\"eael-entry-media\"><div class=\"eael-entry-overlay fade-in\"><i class=\"far fa-hand-pointer\" aria-hidden=\"true\"><\/i><a href=\"https:\/\/soymigrante.com\/revista\/rosasyg-un-emprendimiento-de-acatenango-que-convierte-la-tradicion-en-arte-con-sus-carteras-y-canastas\/\"><\/a><\/div><div class=\"eael-entry-thumbnail \">\n                <img loading=\"lazy\" decoding=\"async\" width=\"1024\" height=\"1024\" src=\"https:\/\/soymigrante.com\/revista\/wp-content\/uploads\/2024\/12\/ROSAS-Y-G-1024x1024.png\" class=\"attachment-large size-large wp-image-30660\" alt=\"Artesan\u00eda de bolsas en tela con dise\u00f1os tradicionales mexicanos, promoviendo la cultura y el arte en comunidades ind\u00edgenas, destacando la creatividad y el comercio justo en M\u00e9xico.\" srcset=\"https:\/\/soymigrante.com\/revista\/wp-content\/uploads\/2024\/12\/ROSAS-Y-G-1024x1024.png 1024w, https:\/\/soymigrante.com\/revista\/wp-content\/uploads\/2024\/12\/ROSAS-Y-G-300x300.png 300w, https:\/\/soymigrante.com\/revista\/wp-content\/uploads\/2024\/12\/ROSAS-Y-G-150x150.png 150w, https:\/\/soymigrante.com\/revista\/wp-content\/uploads\/2024\/12\/ROSAS-Y-G-768x768.png 768w, https:\/\/soymigrante.com\/revista\/wp-content\/uploads\/2024\/12\/ROSAS-Y-G-75x75.webp 75w, https:\/\/soymigrante.com\/revista\/wp-content\/uploads\/2024\/12\/ROSAS-Y-G-750x750.webp 750w, https:\/\/soymigrante.com\/revista\/wp-content\/uploads\/2024\/12\/ROSAS-Y-G.webp 1080w\" sizes=\"(max-width: 1024px) 100vw, 1024px\" \/>\n            <\/div>\n        <\/div><div class=\"eael-entry-wrapper\"><header class=\"eael-entry-header\"><h2 class=\"eael-entry-title\"><a class=\"eael-grid-post-link\" href=\"https:\/\/soymigrante.com\/revista\/rosasyg-un-emprendimiento-de-acatenango-que-convierte-la-tradicion-en-arte-con-sus-carteras-y-canastas\/\" title=\"Rosa&#8217;syG, un emprendimiento de Acatenango que convierte la tradici\u00f3n en arte con sus carteras y canastas\">Rosa&#8217;syG, un emprendimiento de Acatenango que convierte la tradici\u00f3n en arte con sus carteras y canastas<\/a><\/h2><\/header><div class=\"eael-entry-content\">\n                        <div class=\"eael-grid-post-excerpt\"><a href=\"https:\/\/soymigrante.com\/revista\/rosasyg-un-emprendimiento-de-acatenango-que-convierte-la-tradicion-en-arte-con-sus-carteras-y-canastas\/\" class=\"eael-post-elements-readmore-btn\">CONOCE SU HISTORIA <\/a><\/div>\n                    <\/div><\/div><\/div>\n        <\/div>\n    <\/article><article class=\"eael-grid-post  eael-post-grid-column eael-pg-post-23861 category-guate-nuestra tags-mercado-emprendedores\" data-id=\"23861\">\n        <div class=\"eael-grid-post-holder\">\n            <div class=\"eael-grid-post-holder-inner\"><div class=\"eael-entry-media\"><div class=\"eael-entry-overlay fade-in\"><i class=\"far fa-hand-pointer\" aria-hidden=\"true\"><\/i><a href=\"https:\/\/soymigrante.com\/revista\/brinlox-joyeria-un-sueno-familiar-convertido-en-arte-y-emprendimiento\/\"><\/a><\/div><div class=\"eael-entry-thumbnail \">\n                <img loading=\"lazy\" decoding=\"async\" width=\"478\" height=\"513\" src=\"https:\/\/soymigrante.com\/revista\/wp-content\/uploads\/2025\/02\/brinlox-3.webp\" class=\"attachment-large size-large wp-image-23915\" alt=\"Brazaletes y pendientes de oro con piedras preciosas y dise\u00f1o elegante, ideales para mujeres audaces y sofisticadas. Accesorios de alta calidad y estilo para ocasiones especiales.\" srcset=\"https:\/\/soymigrante.com\/revista\/wp-content\/uploads\/2025\/02\/brinlox-3.webp 478w, https:\/\/soymigrante.com\/revista\/wp-content\/uploads\/2025\/02\/brinlox-3-280x300.jpg 280w\" sizes=\"(max-width: 478px) 100vw, 478px\" \/>\n            <\/div>\n        <\/div><div class=\"eael-entry-wrapper\"><header class=\"eael-entry-header\"><h2 class=\"eael-entry-title\"><a class=\"eael-grid-post-link\" href=\"https:\/\/soymigrante.com\/revista\/brinlox-joyeria-un-sueno-familiar-convertido-en-arte-y-emprendimiento\/\" title=\"Brinlox Joyer\u00eda: Un sue\u00f1o familiar convertido en detalles de elegancia y distinci\u00f3n\">Brinlox Joyer\u00eda: Un sue\u00f1o familiar convertido en detalles de elegancia y distinci\u00f3n<\/a><\/h2><\/header><div class=\"eael-entry-content\">\n                        <div class=\"eael-grid-post-excerpt\"><a href=\"https:\/\/soymigrante.com\/revista\/brinlox-joyeria-un-sueno-familiar-convertido-en-arte-y-emprendimiento\/\" class=\"eael-post-elements-readmore-btn\">CONOCE SU HISTORIA <\/a><\/div>\n                    <\/div><\/div><\/div>\n        <\/div>\n    <\/article><\/div>\n            <div class=\"clearfix\"><\/div>\n        <\/div>            <div class=\"eael-load-more-button-wrap eael-force-hide\">\n                <button class=\"eael-load-more-button\" id=\"eael-load-more-btn-e1cc93b\" data-widget-id=\"e1cc93b\" data-widget=\"e1cc93b\" data-page-id=\"40229\" data-template=\"{&quot;dir&quot;:&quot;lite&quot;,&quot;file_name&quot;:&quot;one.php&quot;,&quot;name&quot;:&quot;Post-Grid&quot;}\" data-class=\"Essential_Addons_Elementor\\Elements\\Post_Grid\" data-layout=\"masonry\" data-page=\"1\" data-args=\"orderby=rand&amp;order=desc&amp;ignore_sticky_posts=1&amp;post_status=publish&amp;posts_per_page=3&amp;offset=0&amp;post_type=post&amp;tax_query%5B0%5D%5Btaxonomy%5D=post_tag&amp;tax_query%5B0%5D%5Bfield%5D=term_id&amp;tax_query%5B0%5D%5Bterms%5D%5B0%5D=130&amp;tax_query%5Brelation%5D=AND\" data-max-page=\"35\">\n                    <span class=\"eael-btn-loader button__loader\"><\/span>\n                    <span class=\"eael_load_more_text\">Load More<\/span>\n                <\/button>\n            <\/div>\n            \t\t\t\t<\/div>\n\t\t\t\t\t<\/div>\n\t\t\t\t<\/div>\n\t\t\t\t<\/div>\n\t\t","protected":false},"excerpt":{"rendered":"<p>Tras un accidente que cambi\u00f3 su vida, Fabio Jerez cre\u00f3, con el apoyo de su familia, una tienda con caf\u00e9 y chocolate guatemalteco. Conoce su historia y apoya su esfuerzo en SoyMigrante.com. Detr\u00e1s de cada tienda en SoyMigrante.com MERCADO siempre hay una historia de valores, perseverancia, amor, creatividad, familia, tradici\u00f3n.\u00a0 El relato de Fabio Jerez [&hellip;]<\/p>\n","protected":false},"author":7,"featured_media":40231,"comment_status":"open","ping_status":"open","sticky":false,"template":"","format":"standard","meta":{"_acf_changed":false,"_eb_attr":"","footnotes":""},"categories":[58],"tags":[130],"class_list":["post-40229","post","type-post","status-publish","format-standard","has-post-thumbnail","hentry","category-guate-nuestra","tag-mercado-emprendedores"],"acf":[],"aioseo_notices":[],"aioseo_head":"\n\t\t<!-- All in One SEO Pro 4.9.6.2 - aioseo.com -->\n\t<meta name=\"description\" content=\"Hace una d\u00e9cada, Jairo Estuardo Similox inici\u00f3 Brinlox Joyer\u00eda junto a su esposa y un familiar, enfrentando desaf\u00edos y apostando por la calidad artesanal. Sin tienda f\u00edsica, pero con determinaci\u00f3n, lograron posicionarse en el mercado con piezas exclusivas de oro y plata, combinando creatividad y tradici\u00f3n.\" \/>\n\t<meta name=\"robots\" content=\"max-snippet:-1, max-image-preview:large, max-video-preview:-1\" \/>\n\t<meta name=\"author\" content=\"Beatriz Tercero\"\/>\n\t<link rel=\"canonical\" href=\"https:\/\/soymigrante.com\/revista\/brinlox-joyeria-un-sueno-familiar-convertido-en-arte-y-emprendimiento\/\" \/>\n\t<meta name=\"generator\" content=\"All in One SEO Pro (AIOSEO) 4.9.6.2\" \/>\n\n\t\t<link rel=\"preconnect\" href=\"https:\/\/fonts.googleapis.com\" crossorigin>\n<link rel=\"preconnect\" href=\"https:\/\/fonts.gstatic.com\" crossorigin>\n\t\t<meta property=\"og:locale\" content=\"es_ES\" \/>\n\t\t<meta property=\"og:site_name\" content=\"SoyMigrante.com REVISTA \u2013 Nuestra misi\u00f3n es reconocer y dignificar al migrante.\" \/>\n\t\t<meta property=\"og:type\" content=\"article\" \/>\n\t\t<meta property=\"og:title\" content=\"Brinlox Joyer\u00eda: Un sue\u00f1o familiar convertido en arte y emprendimiento\" \/>\n\t\t<meta property=\"og:description\" content=\"Hace una d\u00e9cada, Jairo Estuardo Similox inici\u00f3 Brinlox Joyer\u00eda junto a su esposa y un familiar, enfrentando desaf\u00edos y apostando por la calidad artesanal. Sin tienda f\u00edsica, pero con determinaci\u00f3n, lograron posicionarse en el mercado con piezas exclusivas de oro y plata, combinando creatividad y tradici\u00f3n.\" \/>\n\t\t<meta property=\"og:url\" content=\"https:\/\/soymigrante.com\/revista\/brinlox-joyeria-un-sueno-familiar-convertido-en-arte-y-emprendimiento\/\" \/>\n\t\t<meta property=\"og:image\" content=\"https:\/\/soymigrante.com\/revista\/wp-content\/uploads\/2025\/02\/brinlox-3.webp\" \/>\n\t\t<meta property=\"og:image:secure_url\" content=\"https:\/\/soymigrante.com\/revista\/wp-content\/uploads\/2025\/02\/brinlox-3.webp\" \/>\n\t\t<meta property=\"og:image:width\" content=\"478\" \/>\n\t\t<meta property=\"og:image:height\" content=\"513\" \/>\n\t\t<meta property=\"article:published_time\" content=\"2025-02-05T12:30:00+00:00\" \/>\n\t\t<meta property=\"article:modified_time\" content=\"2025-07-21T18:27:14+00:00\" \/>\n\t\t<meta property=\"article:publisher\" content=\"https:\/\/www.facebook.com\/soymigrantecom\" \/>\n\t\t<meta name=\"twitter:card\" content=\"summary_large_image\" \/>\n\t\t<meta name=\"twitter:site\" content=\"@SoyMigrante_com\" \/>\n\t\t<meta name=\"twitter:title\" content=\"Brinlox Joyer\u00eda: Un sue\u00f1o familiar convertido en arte y emprendimiento\" \/>\n\t\t<meta name=\"twitter:description\" content=\"Hace una d\u00e9cada, Jairo Estuardo Similox inici\u00f3 Brinlox Joyer\u00eda junto a su esposa y un familiar, enfrentando desaf\u00edos y apostando por la calidad artesanal. Sin tienda f\u00edsica, pero con determinaci\u00f3n, lograron posicionarse en el mercado con piezas exclusivas de oro y plata, combinando creatividad y tradici\u00f3n.\" \/>\n\t\t<meta name=\"twitter:creator\" content=\"@SoyMigrante_com\" \/>\n\t\t<meta name=\"twitter:image\" content=\"https:\/\/soymigrante.com\/revista\/wp-content\/uploads\/2025\/02\/brinlox-3.webp\" \/>\n\t\t<!-- All in One SEO Pro -->\r\n\t\t<title>Brinlox Joyer\u00eda: Un sue\u00f1o familiar convertido en arte y emprendimiento<\/title>\n\n","aioseo_head_json":{"title":"Brinlox Joyer\u00eda: Un sue\u00f1o familiar convertido en arte y emprendimiento","description":"Hace una d\u00e9cada, Jairo Estuardo Similox inici\u00f3 Brinlox Joyer\u00eda junto a su esposa y un familiar, enfrentando desaf\u00edos y apostando por la calidad artesanal. Sin tienda f\u00edsica, pero con determinaci\u00f3n, lograron posicionarse en el mercado con piezas exclusivas de oro y plata, combinando creatividad y tradici\u00f3n.","canonical_url":"https:\/\/soymigrante.com\/revista\/brinlox-joyeria-un-sueno-familiar-convertido-en-arte-y-emprendimiento\/","robots":"max-snippet:-1, max-image-preview:large, max-video-preview:-1","keywords":"","webmasterTools":{"miscellaneous":"&lt;link rel=\"preconnect\" href=\"https:\/\/fonts.googleapis.com\" crossorigin&gt;\n&lt;link rel=\"preconnect\" href=\"https:\/\/fonts.gstatic.com\" crossorigin&gt;"},"schema":null,"og:locale":"es_ES","og:site_name":"SoyMigrante.com REVISTA \u2013 Nuestra misi\u00f3n es reconocer y dignificar al migrante.","og:type":"article","og:title":"Brinlox Joyer\u00eda: Un sue\u00f1o familiar convertido en arte y emprendimiento","og:description":"Hace una d\u00e9cada, Jairo Estuardo Similox inici\u00f3 Brinlox Joyer\u00eda junto a su esposa y un familiar, enfrentando desaf\u00edos y apostando por la calidad artesanal. Sin tienda f\u00edsica, pero con determinaci\u00f3n, lograron posicionarse en el mercado con piezas exclusivas de oro y plata, combinando creatividad y tradici\u00f3n.","og:url":"https:\/\/soymigrante.com\/revista\/brinlox-joyeria-un-sueno-familiar-convertido-en-arte-y-emprendimiento\/","og:image":"https:\/\/soymigrante.com\/revista\/wp-content\/uploads\/2025\/02\/brinlox-3.webp","og:image:secure_url":"https:\/\/soymigrante.com\/revista\/wp-content\/uploads\/2025\/02\/brinlox-3.webp","og:image:width":478,"og:image:height":513,"article:published_time":"2025-02-05T12:30:00+00:00","article:modified_time":"2025-07-21T18:27:14+00:00","article:publisher":"https:\/\/www.facebook.com\/soymigrantecom","twitter:card":"summary_large_image","twitter:site":"@SoyMigrante_com","twitter:title":"Brinlox Joyer\u00eda: Un sue\u00f1o familiar convertido en arte y emprendimiento","twitter:description":"Hace una d\u00e9cada, Jairo Estuardo Similox inici\u00f3 Brinlox Joyer\u00eda junto a su esposa y un familiar, enfrentando desaf\u00edos y apostando por la calidad artesanal. Sin tienda f\u00edsica, pero con determinaci\u00f3n, lograron posicionarse en el mercado con piezas exclusivas de oro y plata, combinando creatividad y tradici\u00f3n.","twitter:creator":"@SoyMigrante_com","twitter:image":"https:\/\/soymigrante.com\/revista\/wp-content\/uploads\/2025\/02\/brinlox-3.webp"},"aioseo_meta_data":{"post_id":"40229","title":"La inspiradora historia del caf\u00e9 y chocolate Fabio's Market","description":"Convertir la adversidad en oportunidad, con fortaleza, creatividad y amor familiar: los valores de Fabio's Market, tienda digital en SoyMigrante MERCADO","keywords":null,"keyphrases":{"focus":{"keyphrase":"Mercado","score":81,"analysis":{"keyphraseInTitle":{"score":3,"maxScore":9,"error":1},"keyphraseInDescription":{"score":9,"maxScore":9,"error":0},"keyphraseLength":{"score":9,"maxScore":9,"error":0,"length":1},"keyphraseInURL":{"score":5,"maxScore":5,"error":0}}},"additional":[{"keyphrase":"Caf\u00e9","score":67,"analysis":{"keyphraseInDescription":{"score":3,"maxScore":9,"error":1},"keyphraseLength":{"score":9,"maxScore":9,"error":0,"length":1}}},{"keyphrase":"Chocolate","score":67,"analysis":{"keyphraseInDescription":{"score":3,"maxScore":9,"error":1},"keyphraseLength":{"score":9,"maxScore":9,"error":0,"length":1}}},{"keyphrase":"Historia","score":67,"analysis":{"keyphraseInDescription":{"score":3,"maxScore":9,"error":1},"keyphraseLength":{"score":9,"maxScore":9,"error":0,"length":1}}}]},"primary_term":null,"canonical_url":null,"og_title":null,"og_description":null,"og_object_type":"default","og_image_type":"default","og_image_url":null,"og_image_width":null,"og_image_height":null,"og_image_custom_url":null,"og_image_custom_fields":null,"og_video":"","og_custom_url":null,"og_article_section":null,"og_article_tags":null,"twitter_use_og":false,"twitter_card":"default","twitter_image_type":"default","twitter_image_url":null,"twitter_image_custom_url":null,"twitter_image_custom_fields":null,"twitter_title":null,"twitter_description":null,"schema":{"blockGraphs":[],"customGraphs":[],"default":{"data":{"Article":[],"Course":[],"Dataset":[],"FAQPage":[],"Movie":[],"Person":[],"Product":[],"ProductReview":[],"Car":[],"Recipe":[],"Service":[],"SoftwareApplication":[],"WebPage":[]},"graphName":"none","isEnabled":true},"graphs":[]},"schema_type":"default","schema_type_options":null,"pillar_content":false,"robots_default":true,"robots_noindex":false,"robots_noarchive":false,"robots_nosnippet":false,"robots_nofollow":false,"robots_noimageindex":false,"robots_noodp":false,"robots_notranslate":false,"robots_max_snippet":"-1","robots_max_videopreview":"-1","robots_max_imagepreview":"large","priority":null,"frequency":"default","local_seo":null,"seo_analyzer_scan_date":"2025-10-09 07:09:44","breadcrumb_settings":null,"limit_modified_date":false,"reviewed_by":"0","open_ai":null,"ai":{"faqs":[],"keyPoints":[],"titles":[],"descriptions":[],"socialPosts":{"email":[],"linkedin":[],"twitter":[],"facebook":[],"instagram":[]}},"created":"2025-07-24 14:12:40","updated":"2026-02-05 03:06:29"},"aioseo_breadcrumb":"<div class=\"aioseo-breadcrumbs\"><span class=\"aioseo-breadcrumb\">\n\t<a href=\"https:\/\/soymigrante.com\/revista\" title=\"Home\">Home<\/a>\n<\/span><span class=\"aioseo-breadcrumb-separator\">\u00bb<\/span><span class=\"aioseo-breadcrumb\">\n\t<a href=\"https:\/\/soymigrante.com\/revista\/category\/guate-nuestra\/\" title=\"Guate Nuestra\">Guate Nuestra<\/a>\n<\/span><span class=\"aioseo-breadcrumb-separator\">\u00bb<\/span><span class=\"aioseo-breadcrumb\">\n\tLa inspiradora historia del caf\u00e9 y chocolate de Fabio\u2019s Market ahora en SoyMigrante MERCADO\n<\/span><\/div>","aioseo_breadcrumb_json":[{"label":"Home","link":"https:\/\/soymigrante.com\/revista"},{"label":"Guate Nuestra","link":"https:\/\/soymigrante.com\/revista\/category\/guate-nuestra\/"},{"label":"La inspiradora historia del caf\u00e9 y chocolate de Fabio&#8217;s Market ahora en SoyMigrante MERCADO","link":"https:\/\/soymigrante.com\/revista\/la-inspiradora-historia-del-cafe-y-chocolate-de-fabios-market-ahora-en-soymigrante-mercado\/"}],"_links":{"self":[{"href":"https:\/\/soymigrante.com\/revista\/wp-json\/wp\/v2\/posts\/40229","targetHints":{"allow":["GET"]}}],"collection":[{"href":"https:\/\/soymigrante.com\/revista\/wp-json\/wp\/v2\/posts"}],"about":[{"href":"https:\/\/soymigrante.com\/revista\/wp-json\/wp\/v2\/types\/post"}],"author":[{"embeddable":true,"href":"https:\/\/soymigrante.com\/revista\/wp-json\/wp\/v2\/users\/7"}],"replies":[{"embeddable":true,"href":"https:\/\/soymigrante.com\/revista\/wp-json\/wp\/v2\/comments?post=40229"}],"version-history":[{"count":11,"href":"https:\/\/soymigrante.com\/revista\/wp-json\/wp\/v2\/posts\/40229\/revisions"}],"predecessor-version":[{"id":40482,"href":"https:\/\/soymigrante.com\/revista\/wp-json\/wp\/v2\/posts\/40229\/revisions\/40482"}],"wp:featuredmedia":[{"embeddable":true,"href":"https:\/\/soymigrante.com\/revista\/wp-json\/wp\/v2\/media\/40231"}],"wp:attachment":[{"href":"https:\/\/soymigrante.com\/revista\/wp-json\/wp\/v2\/media?parent=40229"}],"wp:term":[{"taxonomy":"category","embeddable":true,"href":"https:\/\/soymigrante.com\/revista\/wp-json\/wp\/v2\/categories?post=40229"},{"taxonomy":"post_tag","embeddable":true,"href":"https:\/\/soymigrante.com\/revista\/wp-json\/wp\/v2\/tags?post=40229"}],"curies":[{"name":"wp","href":"https:\/\/api.w.org\/{rel}","templated":true}]}}