{"id":40201,"date":"2025-07-24T07:17:00","date_gmt":"2025-07-24T13:17:00","guid":{"rendered":"https:\/\/soymigrante.com\/revista\/?p=40201"},"modified":"2025-07-24T06:17:59","modified_gmt":"2025-07-24T12:17:59","slug":"los-dulces-de-antigua-guatemala-enamoran-por-su-sabor-y-tradicion","status":"publish","type":"post","link":"https:\/\/soymigrante.com\/revista\/los-dulces-de-antigua-guatemala-enamoran-por-su-sabor-y-tradicion\/","title":{"rendered":"Los dulces de Antigua Guatemala enamoran por su sabor y tradici\u00f3n"},"content":{"rendered":"\t\t<div data-elementor-type=\"wp-post\" data-elementor-id=\"40201\" class=\"elementor elementor-40201\" data-elementor-post-type=\"post\">\n\t\t\t\t<div data-particle_enable=\"false\" data-particle-mobile-disabled=\"false\" class=\"elementor-element elementor-element-5b6ce3c e-flex e-con-boxed e-con e-parent\" data-id=\"5b6ce3c\" data-element_type=\"container\" data-e-type=\"container\">\n\t\t\t\t\t<div class=\"e-con-inner\">\n\t\t\t\t<div class=\"elementor-element elementor-element-57e2ee2 elementor-widget elementor-widget-heading\" data-id=\"57e2ee2\" data-element_type=\"widget\" data-e-type=\"widget\" data-widget_type=\"heading.default\">\n\t\t\t\t\t<h2 class=\"elementor-heading-title elementor-size-default\">Los dulces de Antigua Guatemala son \u00fanicos, porque su sabor es especial, pero est\u00e1n llenos de tradici\u00f3n. <\/h2>\t\t\t\t<\/div>\n\t\t\t\t\t<\/div>\n\t\t\t\t<\/div>\n\t\t<div data-particle_enable=\"false\" data-particle-mobile-disabled=\"false\" class=\"elementor-element elementor-element-72a8a91 e-flex e-con-boxed e-con e-parent\" data-id=\"72a8a91\" data-element_type=\"container\" data-e-type=\"container\">\n\t\t\t\t\t<div class=\"e-con-inner\">\n\t\t\t\t<div class=\"elementor-element elementor-element-88c1e8c elementor-widget elementor-widget-text-editor\" data-id=\"88c1e8c\" data-element_type=\"widget\" data-e-type=\"widget\" data-widget_type=\"text-editor.default\">\n\t\t\t\t\t\t\t\t\t<p>Esta ciudad colonial no solo cautiva por su arquitectura y cultura, <a href=\"https:\/\/soymigrante.com\/revista\/dulces-guatemaltecos-se-saborean-en-la-feria-la-memoria-y-el-corazon\/\" target=\"_blank\" rel=\"noopener\">sino tambi\u00e9n por su emblem\u00e1tica dulcer\u00eda tradicional.<\/a> En Antigua, los dulces t\u00edpicos m\u00e1s apreciados son preparados con recetas centenarias, combinando herencia maya y espa\u00f1ola, y elaborados en dulcer\u00edas que conservan t\u00e9cnicas de anta\u00f1o.<\/p><p>Entre callecitas empedradas y fachadas coloniales, los dulces t\u00edpicos de Antigua Colombia ofrecen algo m\u00e1s que sabor: una ventana al pasado.<\/p><p><a href=\"https:\/\/soymigrante.com\/revista\/dulces-guatemaltecos-se-saborean-en-la-feria-la-memoria-y-el-corazon\/\" target=\"_blank\" rel=\"noopener\">Las canillitas de leche, colochos de guayaba, bolas de tamarindo, cocadas, nu\u00e9gados, rellenitos y diversas frutas en miel son las estrellas de dulcer\u00edas centenarias,<\/a> algunas en funcionamiento desde el siglo XIX como la de Do\u00f1a Mar\u00eda Gordillo. Cada dulce combina tradiciones mayas y t\u00e9cnicas espa\u00f1olas, conservando sabores \u00fanicos y naturales que han permanecido casi intactos en el tiempo.<\/p>\t\t\t\t\t\t\t\t<\/div>\n\t\t\t\t\t<\/div>\n\t\t\t\t<\/div>\n\t\t<div data-particle_enable=\"false\" data-particle-mobile-disabled=\"false\" class=\"elementor-element elementor-element-97d0f98 e-flex e-con-boxed e-con e-parent\" data-id=\"97d0f98\" data-element_type=\"container\" data-e-type=\"container\">\n\t\t\t\t\t<div class=\"e-con-inner\">\n\t\t\t\t<div class=\"elementor-element elementor-element-19dc173 elementor-grid-eael-col-1 elementor-grid-tablet-eael-col-2 elementor-grid-mobile-eael-col-1 elementor-invisible elementor-widget elementor-widget-eael-post-grid\" data-id=\"19dc173\" data-element_type=\"widget\" data-e-type=\"widget\" data-settings=\"{&quot;eael_post_grid_columns&quot;:&quot;eael-col-1&quot;,&quot;_animation&quot;:&quot;rollIn&quot;,&quot;eael_post_grid_columns_tablet&quot;:&quot;eael-col-2&quot;,&quot;eael_post_grid_columns_mobile&quot;:&quot;eael-col-1&quot;}\" data-widget_type=\"eael-post-grid.default\">\n\t\t\t\t\t<div id=\"eael-post-grid-19dc173\" class=\"eael-post-grid-container\">\n            <div class=\"eael-post-grid eael-post-appender eael-post-appender-19dc173 eael-post-grid-style-one\" data-layout-mode=\"masonry\"><article class=\"eael-grid-post  eael-post-grid-column eael-pg-post-8135 category-recetas-guatemaltecas\" data-id=\"8135\">\n        <div class=\"eael-grid-post-holder\">\n            <div class=\"eael-grid-post-holder-inner\"><div class=\"eael-entry-media\"><div class=\"eael-entry-overlay fade-in\"><i class=\"far fa-hand-pointer\" aria-hidden=\"true\"><\/i><a href=\"https:\/\/soymigrante.com\/revista\/receta-guatemalteca-para-preparar-las-deliciosas-canillitas-de-leche\/\"><\/a><\/div><div class=\"eael-entry-thumbnail eael-image-ratio\">\n                <img fetchpriority=\"high\" decoding=\"async\" width=\"1024\" height=\"1024\" src=\"https:\/\/soymigrante.com\/revista\/wp-content\/uploads\/2024\/08\/canillitas-de-leche--1024x1024.webp\" class=\"attachment-large size-large wp-image-8136\" alt=\"Carne de pollo cruda, corte en piezas para cocinar, ingrediente b\u00e1sico en la cocina tradicional mexicana.\" srcset=\"https:\/\/soymigrante.com\/revista\/wp-content\/uploads\/2024\/08\/canillitas-de-leche--1024x1024.webp 1024w, https:\/\/soymigrante.com\/revista\/wp-content\/uploads\/2024\/08\/canillitas-de-leche--300x300.webp 300w, https:\/\/soymigrante.com\/revista\/wp-content\/uploads\/2024\/08\/canillitas-de-leche--150x150.webp 150w, https:\/\/soymigrante.com\/revista\/wp-content\/uploads\/2024\/08\/canillitas-de-leche--768x768.webp 768w, https:\/\/soymigrante.com\/revista\/wp-content\/uploads\/2024\/08\/canillitas-de-leche--75x75.webp 75w, https:\/\/soymigrante.com\/revista\/wp-content\/uploads\/2024\/08\/canillitas-de-leche--750x750.webp 750w, https:\/\/soymigrante.com\/revista\/wp-content\/uploads\/2024\/08\/canillitas-de-leche-.webp 1080w\" sizes=\"(max-width: 1024px) 100vw, 1024px\" \/>\n            <\/div>\n        <\/div><div class=\"eael-entry-wrapper\"><header class=\"eael-entry-header\"><h2 class=\"eael-entry-title\"><a class=\"eael-grid-post-link\" href=\"https:\/\/soymigrante.com\/revista\/receta-guatemalteca-para-preparar-las-deliciosas-canillitas-de-leche\/\" title=\"Receta chapina para preparar exquisitas canillitas de leche\">Receta chapina para preparar exquisitas canillitas de leche<\/a><\/h2><\/header><div class=\"eael-entry-content\">\n                        <div class=\"eael-grid-post-excerpt\"><a href=\"https:\/\/soymigrante.com\/revista\/receta-guatemalteca-para-preparar-las-deliciosas-canillitas-de-leche\/\" class=\"eael-post-elements-readmore-btn\">CONOCE SU HISTORIA <\/a><\/div>\n                    <\/div><\/div><\/div>\n        <\/div>\n    <\/article><\/div>\n            <div class=\"clearfix\"><\/div>\n        <\/div>\t\t\t\t<\/div>\n\t\t\t\t\t<\/div>\n\t\t\t\t<\/div>\n\t\t<div data-particle_enable=\"false\" data-particle-mobile-disabled=\"false\" class=\"elementor-element elementor-element-454d4f8 e-flex e-con-boxed e-con e-parent\" data-id=\"454d4f8\" data-element_type=\"container\" data-e-type=\"container\">\n\t\t\t\t\t<div class=\"e-con-inner\">\n\t\t\t\t<div class=\"elementor-element elementor-element-80a56a8 elementor-widget elementor-widget-text-editor\" data-id=\"80a56a8\" data-element_type=\"widget\" data-e-type=\"widget\" data-widget_type=\"text-editor.default\">\n\t\t\t\t\t\t\t\t\t<p>Adem\u00e1s de los dulces tradicionales, el parque central ofrece una experiencia distinta: helados de nieve en carretas, donde el hielo raspado se mezcla con siropes, frutas y leche condensada para refrescar a guatemaltecos y visitantes al caer la tarde. <a href=\"https:\/\/soymigrante.com\/revista\/dulces-guatemaltecos-se-saborean-en-la-feria-la-memoria-y-el-corazon\/\" target=\"_blank\" rel=\"noopener\">Esta tradici\u00f3n ambulante aporta autenticidad, color y frescura al coraz\u00f3n de Antigua.<\/a><\/p><p>Con sabores que var\u00edan de acidez a dulzura intensa, y presentaciones que van desde barritas artesanales hasta coloridos granizados, los dulces y helados de Antigua combinan herencia, historia y gastronom\u00eda local. Son una invitaci\u00f3n a saborear la cultura viva de Guatemala en cada bocado.<\/p>\t\t\t\t\t\t\t\t<\/div>\n\t\t\t\t\t<\/div>\n\t\t\t\t<\/div>\n\t\t<div data-particle_enable=\"false\" data-particle-mobile-disabled=\"false\" class=\"elementor-element elementor-element-5d76dc7 e-flex e-con-boxed e-con e-parent\" data-id=\"5d76dc7\" data-element_type=\"container\" data-e-type=\"container\">\n\t\t\t\t\t<div class=\"e-con-inner\">\n\t\t\t\t<div class=\"elementor-element elementor-element-c66e973 elementor-grid-eael-col-1 elementor-grid-tablet-eael-col-2 elementor-grid-mobile-eael-col-1 elementor-invisible elementor-widget elementor-widget-eael-post-grid\" data-id=\"c66e973\" data-element_type=\"widget\" data-e-type=\"widget\" data-settings=\"{&quot;eael_post_grid_columns&quot;:&quot;eael-col-1&quot;,&quot;_animation&quot;:&quot;rollIn&quot;,&quot;eael_post_grid_columns_tablet&quot;:&quot;eael-col-2&quot;,&quot;eael_post_grid_columns_mobile&quot;:&quot;eael-col-1&quot;}\" data-widget_type=\"eael-post-grid.default\">\n\t\t\t\t\t<div id=\"eael-post-grid-c66e973\" class=\"eael-post-grid-container\">\n            <div class=\"eael-post-grid eael-post-appender eael-post-appender-c66e973 eael-post-grid-style-one\" data-layout-mode=\"masonry\"><article class=\"eael-grid-post  eael-post-grid-column eael-pg-post-29792 category-recetas-guatemaltecas\" data-id=\"29792\">\n        <div class=\"eael-grid-post-holder\">\n            <div class=\"eael-grid-post-holder-inner\"><div class=\"eael-entry-media\"><div class=\"eael-entry-overlay fade-in\"><i class=\"far fa-hand-pointer\" aria-hidden=\"true\"><\/i><a href=\"https:\/\/soymigrante.com\/revista\/colochos-de-guayaba-un-dulce-tradicional-de-semana-santa\/\"><\/a><\/div><div class=\"eael-entry-thumbnail eael-image-ratio\">\n                <img decoding=\"async\" width=\"819\" height=\"1024\" src=\"https:\/\/soymigrante.com\/revista\/wp-content\/uploads\/2025\/03\/Colocho-de-guayaba-2-819x1024.jpeg\" class=\"attachment-large size-large wp-image-29793\" alt=\"Dulces tradicionales mexicanos en forma de ringo con az\u00facar, ideal para disfrutar en festividades y celebraciones culturales.\" srcset=\"https:\/\/soymigrante.com\/revista\/wp-content\/uploads\/2025\/03\/Colocho-de-guayaba-2-819x1024.jpeg 819w, https:\/\/soymigrante.com\/revista\/wp-content\/uploads\/2025\/03\/Colocho-de-guayaba-2-240x300.jpeg 240w, https:\/\/soymigrante.com\/revista\/wp-content\/uploads\/2025\/03\/Colocho-de-guayaba-2-768x960.jpeg 768w, https:\/\/soymigrante.com\/revista\/wp-content\/uploads\/2025\/03\/Colocho-de-guayaba-2-750x938.webp 750w, https:\/\/soymigrante.com\/revista\/wp-content\/uploads\/2025\/03\/Colocho-de-guayaba-2-1140x1425.webp 1140w, https:\/\/soymigrante.com\/revista\/wp-content\/uploads\/2025\/03\/Colocho-de-guayaba-2.webp 1152w\" sizes=\"(max-width: 819px) 100vw, 819px\" \/>\n            <\/div>\n        <\/div><div class=\"eael-entry-wrapper\"><header class=\"eael-entry-header\"><h2 class=\"eael-entry-title\"><a class=\"eael-grid-post-link\" href=\"https:\/\/soymigrante.com\/revista\/colochos-de-guayaba-un-dulce-tradicional-de-semana-santa\/\" title=\"Colochos de guayaba: un dulce tradicional de Semana Santa\">Colochos de guayaba: un dulce tradicional de Semana Santa<\/a><\/h2><\/header><div class=\"eael-entry-content\">\n                        <div class=\"eael-grid-post-excerpt\"><a href=\"https:\/\/soymigrante.com\/revista\/colochos-de-guayaba-un-dulce-tradicional-de-semana-santa\/\" class=\"eael-post-elements-readmore-btn\">CONOCE SU HISTORIA <\/a><\/div>\n                    <\/div><\/div><\/div>\n        <\/div>\n    <\/article><\/div>\n            <div class=\"clearfix\"><\/div>\n        <\/div>\t\t\t\t<\/div>\n\t\t\t\t\t<\/div>\n\t\t\t\t<\/div>\n\t\t<div data-particle_enable=\"false\" data-particle-mobile-disabled=\"false\" class=\"elementor-element elementor-element-0286d8e e-flex e-con-boxed e-con e-parent\" data-id=\"0286d8e\" data-element_type=\"container\" data-e-type=\"container\">\n\t\t\t\t\t<div class=\"e-con-inner\">\n\t\t\t\t<div class=\"elementor-element elementor-element-37a07b9 elementor-widget elementor-widget-heading\" data-id=\"37a07b9\" data-element_type=\"widget\" data-e-type=\"widget\" data-widget_type=\"heading.default\">\n\t\t\t\t\t<h3 class=\"elementor-heading-title elementor-size-default\">Dulces m\u00e1s consumidos y caracter\u00edsticos<\/h3>\t\t\t\t<\/div>\n\t\t\t\t\t<\/div>\n\t\t\t\t<\/div>\n\t\t<div data-particle_enable=\"false\" data-particle-mobile-disabled=\"false\" class=\"elementor-element elementor-element-cb329ea e-flex e-con-boxed e-con e-parent\" data-id=\"cb329ea\" data-element_type=\"container\" data-e-type=\"container\">\n\t\t\t\t\t<div class=\"e-con-inner\">\n\t\t\t\t<div class=\"elementor-element elementor-element-ed1c5f9 elementor-widget elementor-widget-text-editor\" data-id=\"ed1c5f9\" data-element_type=\"widget\" data-e-type=\"widget\" data-widget_type=\"text-editor.default\">\n\t\t\t\t\t\t\t\t\t<div><strong>1. Canillitas de leche<\/strong><\/div><div>Dulces de leche s\u00f3lida, con textura firme y sabor cremoso, muy populares en Antigua y disponibles en presentaciones peque\u00f1as.\u00a0\u00a0<\/div><div><strong>2.Colochos de guayaba<\/strong><\/div><div>Suaves \u201crizos\u201d de pasta de guayaba, gomosos y llenos de sabor, muy recordados por quienes visitan la ciudad.\u00a0\u00a0<\/div><div><strong>3.Bolas de tamarindo<\/strong><\/div><div>Peque\u00f1as esferas de tamarindo cubiertas de az\u00facar, combinaci\u00f3n de acidez y dulzor que conquista paladares.\u00a0 \u00a0\u00a0<\/div><div><strong>4.Dulce de coco \/ cocadas<\/strong><\/div><div>Barritas o trozos hechos de coco rallado con miel o az\u00facar, de textura granulosa y sabor tropical.\u00a0\u00a0<\/div><div><strong>5.Nu\u00e9gados<\/strong><\/div><div>Panecitos fritos de yuca incorporados en miel de az\u00facar o panela, con una capa glaseada dulce.\u00a0\u00a0<\/div><div><strong>6.Rellenitos de pl\u00e1tano<\/strong><\/div><div>Pur\u00e9 de pl\u00e1tano frito relleno de frijol dulce con chocolate y canela, luego espolvoreados con az\u00facar o miel.\u00a0\u00a0<\/div><div><strong>7.Higos en miel, pepitorias, anicillos de colores, espumillas y dulce de ayote<\/strong><\/div><div>Estas delicias se elaboran con frutas como higos o ayote en miel, semillas azucaradas (pepitoria), o masas coloridas cubiertas de az\u00facar de colores.\u00a0\u00a0<\/div><div>\u00a0<\/div><div><a href=\"https:\/\/soymigrante.com\/revista\/dulces-guatemaltecos-se-saborean-en-la-feria-la-memoria-y-el-corazon\/\" target=\"_blank\" rel=\"noopener\">Estas variedades conjugan ingredientes locales como frutas y semillas, t\u00e9cnicas tradicionales y presentaciones llamativas,<\/a> lo que las hace \u00fanicas frente a dulces industriales.\u00a0 \u00a0\u00a0<\/div>\t\t\t\t\t\t\t\t<\/div>\n\t\t\t\t\t<\/div>\n\t\t\t\t<\/div>\n\t\t<div data-particle_enable=\"false\" data-particle-mobile-disabled=\"false\" class=\"elementor-element elementor-element-2788ec6 e-flex e-con-boxed e-con e-parent\" data-id=\"2788ec6\" data-element_type=\"container\" data-e-type=\"container\">\n\t\t\t\t\t<div class=\"e-con-inner\">\n\t\t\t\t<div class=\"elementor-element elementor-element-7022eae elementor-grid-eael-col-1 elementor-grid-tablet-eael-col-2 elementor-grid-mobile-eael-col-1 elementor-invisible elementor-widget elementor-widget-eael-post-grid\" data-id=\"7022eae\" data-element_type=\"widget\" data-e-type=\"widget\" data-settings=\"{&quot;eael_post_grid_columns&quot;:&quot;eael-col-1&quot;,&quot;_animation&quot;:&quot;rollIn&quot;,&quot;eael_post_grid_columns_tablet&quot;:&quot;eael-col-2&quot;,&quot;eael_post_grid_columns_mobile&quot;:&quot;eael-col-1&quot;}\" data-widget_type=\"eael-post-grid.default\">\n\t\t\t\t\t<div id=\"eael-post-grid-7022eae\" class=\"eael-post-grid-container\">\n            <div class=\"eael-post-grid eael-post-appender eael-post-appender-7022eae eael-post-grid-style-one\" data-layout-mode=\"masonry\"><article class=\"eael-grid-post  eael-post-grid-column eael-pg-post-6078 category-recetas-guatemaltecas\" data-id=\"6078\">\n        <div class=\"eael-grid-post-holder\">\n            <div class=\"eael-grid-post-holder-inner\"><div class=\"eael-entry-media\"><div class=\"eael-entry-overlay fade-in\"><i class=\"far fa-hand-pointer\" aria-hidden=\"true\"><\/i><a href=\"https:\/\/soymigrante.com\/revista\/recetas-chapinas-rellenitos-guatemaltecos-son-un-antojito-irresistible\/\"><\/a><\/div><div class=\"eael-entry-thumbnail eael-image-ratio\">\n                <img decoding=\"async\" width=\"1024\" height=\"468\" src=\"https:\/\/soymigrante.com\/revista\/wp-content\/uploads\/2024\/04\/Receta-de-rellenitos-guatemaltecos-un-delicioso-antojito-chapin-1024x468.webp\" class=\"attachment-large size-large wp-image-6080\" alt=\"H directory.png.\" srcset=\"https:\/\/soymigrante.com\/revista\/wp-content\/uploads\/2024\/04\/Receta-de-rellenitos-guatemaltecos-un-delicioso-antojito-chapin-1024x468.webp 1024w, https:\/\/soymigrante.com\/revista\/wp-content\/uploads\/2024\/04\/Receta-de-rellenitos-guatemaltecos-un-delicioso-antojito-chapin-300x137.webp 300w, https:\/\/soymigrante.com\/revista\/wp-content\/uploads\/2024\/04\/Receta-de-rellenitos-guatemaltecos-un-delicioso-antojito-chapin-768x351.webp 768w, https:\/\/soymigrante.com\/revista\/wp-content\/uploads\/2024\/04\/Receta-de-rellenitos-guatemaltecos-un-delicioso-antojito-chapin-750x343.webp 750w, https:\/\/soymigrante.com\/revista\/wp-content\/uploads\/2024\/04\/Receta-de-rellenitos-guatemaltecos-un-delicioso-antojito-chapin-1140x521.webp 1140w, https:\/\/soymigrante.com\/revista\/wp-content\/uploads\/2024\/04\/Receta-de-rellenitos-guatemaltecos-un-delicioso-antojito-chapin.webp 1284w\" sizes=\"(max-width: 1024px) 100vw, 1024px\" \/>\n            <\/div>\n        <\/div><div class=\"eael-entry-wrapper\"><header class=\"eael-entry-header\"><h2 class=\"eael-entry-title\"><a class=\"eael-grid-post-link\" href=\"https:\/\/soymigrante.com\/revista\/recetas-chapinas-rellenitos-guatemaltecos-son-un-antojito-irresistible\/\" title=\"Recetas chapinas: Rellenitos guatemaltecos son un antojito irresistible\">Recetas chapinas: Rellenitos guatemaltecos son un antojito irresistible<\/a><\/h2><\/header><div class=\"eael-entry-content\">\n                        <div class=\"eael-grid-post-excerpt\"><a href=\"https:\/\/soymigrante.com\/revista\/recetas-chapinas-rellenitos-guatemaltecos-son-un-antojito-irresistible\/\" class=\"eael-post-elements-readmore-btn\">CONOCE SU HISTORIA <\/a><\/div>\n                    <\/div><\/div><\/div>\n        <\/div>\n    <\/article><\/div>\n            <div class=\"clearfix\"><\/div>\n        <\/div>\t\t\t\t<\/div>\n\t\t\t\t\t<\/div>\n\t\t\t\t<\/div>\n\t\t<div data-particle_enable=\"false\" data-particle-mobile-disabled=\"false\" class=\"elementor-element elementor-element-903d44e e-flex e-con-boxed e-con e-parent\" data-id=\"903d44e\" data-element_type=\"container\" data-e-type=\"container\">\n\t\t\t\t\t<div class=\"e-con-inner\">\n\t\t\t\t<div class=\"elementor-element elementor-element-000cbeb elementor-widget elementor-widget-heading\" data-id=\"000cbeb\" data-element_type=\"widget\" data-e-type=\"widget\" data-widget_type=\"heading.default\">\n\t\t\t\t\t<h3 class=\"elementor-heading-title elementor-size-default\">\u00bfPor qu\u00e9 son distintos los dulces de Antigua?<\/h3>\t\t\t\t<\/div>\n\t\t\t\t\t<\/div>\n\t\t\t\t<\/div>\n\t\t<div data-particle_enable=\"false\" data-particle-mobile-disabled=\"false\" class=\"elementor-element elementor-element-931261b e-flex e-con-boxed e-con e-parent\" data-id=\"931261b\" data-element_type=\"container\" data-e-type=\"container\">\n\t\t\t\t\t<div class=\"e-con-inner\">\n\t\t\t\t<div class=\"elementor-element elementor-element-7bc96f1 elementor-widget elementor-widget-text-editor\" data-id=\"7bc96f1\" data-element_type=\"widget\" data-e-type=\"widget\" data-widget_type=\"text-editor.default\">\n\t\t\t\t\t\t\t\t\t<div><strong>\u2022 Recetas centenarias<\/strong> transmitidas de generaci\u00f3n en generaci\u00f3n, algunas desde el siglo XIX, empezando en dulcer\u00edas como la de Do\u00f1a Mar\u00eda Gordillo (fundada en 1872).<\/div><div><strong>\u2022Proximidad a materias primas locales:<\/strong> frutas de clima templado, panela, semillas, coco fresco, lo que permite sabores aut\u00e9nticos y artesanales.\u00a0 \u00a0\u00a0<\/div><div><strong>\u2022Proceso artesanal<\/strong>: muchas recetas a\u00fan se preparan a fuego lento en peroles de cobre o barro, sin grandes cadenas industriales.\u00a0 \u00a0\u00a0<\/div>\t\t\t\t\t\t\t\t<\/div>\n\t\t\t\t\t<\/div>\n\t\t\t\t<\/div>\n\t\t<div data-particle_enable=\"false\" data-particle-mobile-disabled=\"false\" class=\"elementor-element elementor-element-06288e2 e-flex e-con-boxed e-con e-parent\" data-id=\"06288e2\" data-element_type=\"container\" data-e-type=\"container\">\n\t\t\t\t\t<div class=\"e-con-inner\">\n\t\t\t\t<div class=\"elementor-element elementor-element-0fd4478 elementor-grid-eael-col-1 elementor-grid-tablet-eael-col-2 elementor-grid-mobile-eael-col-1 elementor-invisible elementor-widget elementor-widget-eael-post-grid\" data-id=\"0fd4478\" data-element_type=\"widget\" data-e-type=\"widget\" data-settings=\"{&quot;eael_post_grid_columns&quot;:&quot;eael-col-1&quot;,&quot;_animation&quot;:&quot;rollIn&quot;,&quot;eael_post_grid_columns_tablet&quot;:&quot;eael-col-2&quot;,&quot;eael_post_grid_columns_mobile&quot;:&quot;eael-col-1&quot;}\" data-widget_type=\"eael-post-grid.default\">\n\t\t\t\t\t<div id=\"eael-post-grid-0fd4478\" class=\"eael-post-grid-container\">\n            <div class=\"eael-post-grid eael-post-appender eael-post-appender-0fd4478 eael-post-grid-style-one\" data-layout-mode=\"masonry\"><article class=\"eael-grid-post  eael-post-grid-column eael-pg-post-8088 category-guate-nuestra tags-calendario-de-ferias\" data-id=\"8088\">\n        <div class=\"eael-grid-post-holder\">\n            <div class=\"eael-grid-post-holder-inner\"><div class=\"eael-entry-media\"><div class=\"eael-entry-overlay fade-in\"><i class=\"far fa-hand-pointer\" aria-hidden=\"true\"><\/i><a href=\"https:\/\/soymigrante.com\/revista\/dulces-guatemaltecos-se-saborean-en-la-feria-la-memoria-y-el-corazon\/\"><\/a><\/div><div class=\"eael-entry-thumbnail eael-image-ratio\">\n                <img loading=\"lazy\" decoding=\"async\" width=\"757\" height=\"757\" src=\"https:\/\/soymigrante.com\/revista\/wp-content\/uploads\/2024\/08\/dulces-guatemaltecos-1.webp\" class=\"attachment-large size-large wp-image-8089\" alt=\"Chuches mexicanas tradicionales en cestas de colores con fondo de tela colorida, ideal para celebrar festividades o compartir dulces t\u00edpicos en eventos culturales y familiares.\" srcset=\"https:\/\/soymigrante.com\/revista\/wp-content\/uploads\/2024\/08\/dulces-guatemaltecos-1.webp 757w, https:\/\/soymigrante.com\/revista\/wp-content\/uploads\/2024\/08\/dulces-guatemaltecos-1-300x300.webp 300w, https:\/\/soymigrante.com\/revista\/wp-content\/uploads\/2024\/08\/dulces-guatemaltecos-1-150x150.webp 150w, https:\/\/soymigrante.com\/revista\/wp-content\/uploads\/2024\/08\/dulces-guatemaltecos-1-75x75.webp 75w, https:\/\/soymigrante.com\/revista\/wp-content\/uploads\/2024\/08\/dulces-guatemaltecos-1-750x750.webp 750w\" sizes=\"(max-width: 757px) 100vw, 757px\" \/>\n            <\/div>\n        <\/div><div class=\"eael-entry-wrapper\"><header class=\"eael-entry-header\"><h2 class=\"eael-entry-title\"><a class=\"eael-grid-post-link\" href=\"https:\/\/soymigrante.com\/revista\/dulces-guatemaltecos-se-saborean-en-la-feria-la-memoria-y-el-corazon\/\" title=\"Dulces guatemaltecos se saborean en la feria, la memoria y el coraz\u00f3n\">Dulces guatemaltecos se saborean en la feria, la memoria y el coraz\u00f3n<\/a><\/h2><\/header><div class=\"eael-entry-content\">\n                        <div class=\"eael-grid-post-excerpt\"><a href=\"https:\/\/soymigrante.com\/revista\/dulces-guatemaltecos-se-saborean-en-la-feria-la-memoria-y-el-corazon\/\" class=\"eael-post-elements-readmore-btn\">CONOCE SU HISTORIA <\/a><\/div>\n                    <\/div><\/div><\/div>\n        <\/div>\n    <\/article><\/div>\n            <div class=\"clearfix\"><\/div>\n        <\/div>\t\t\t\t<\/div>\n\t\t\t\t\t<\/div>\n\t\t\t\t<\/div>\n\t\t<div data-particle_enable=\"false\" data-particle-mobile-disabled=\"false\" class=\"elementor-element elementor-element-312cb46 e-flex e-con-boxed e-con e-parent\" data-id=\"312cb46\" data-element_type=\"container\" data-e-type=\"container\">\n\t\t\t\t\t<div class=\"e-con-inner\">\n\t\t\t\t<div class=\"elementor-element elementor-element-598453f elementor-widget elementor-widget-heading\" data-id=\"598453f\" data-element_type=\"widget\" data-e-type=\"widget\" data-widget_type=\"heading.default\">\n\t\t\t\t\t<h3 class=\"elementor-heading-title elementor-size-default\">Helados de nieve: tradici\u00f3n refrescante en el parque central<\/h3>\t\t\t\t<\/div>\n\t\t\t\t\t<\/div>\n\t\t\t\t<\/div>\n\t\t<div data-particle_enable=\"false\" data-particle-mobile-disabled=\"false\" class=\"elementor-element elementor-element-6e7eb28 e-flex e-con-boxed e-con e-parent\" data-id=\"6e7eb28\" data-element_type=\"container\" data-e-type=\"container\">\n\t\t\t\t\t<div class=\"e-con-inner\">\n\t\t\t\t<div class=\"elementor-element elementor-element-2c815a5 elementor-widget elementor-widget-text-editor\" data-id=\"2c815a5\" data-element_type=\"widget\" data-e-type=\"widget\" data-widget_type=\"text-editor.default\">\n\t\t\t\t\t\t\t\t\t<p>Otra tradici\u00f3n dulce que define a Antigua Guatemala son los helados de nieve, no de crema, sino de hielo raspado (granizado) servido desde carretas en el parque central. Estos vendedores port\u00e1tiles ofrecen una experiencia veraniega original: nieve raspada combinada con jarabes frutales, frutas en conserva (pi\u00f1a, tamarindo, coco) y a veces leche condensada o chocolate.<\/p><p>Caracter\u00edstico de las tardes calurosas, el hielo se raspa al momento y se sirve en conos de papel o vasos, con sabores ex\u00f3ticos como cola o tamarindo, que contrastan con las dulces conservas de las dulcer\u00edas.<a href=\"https:\/\/soymigrante.com\/revista\/dulces-guatemaltecos-se-saborean-en-la-feria-la-memoria-y-el-corazon\/\" target=\"_blank\" rel=\"noopener\"> Es un capricho refrescante que llena el parque de color y tradici\u00f3n.<\/a><\/p>\t\t\t\t\t\t\t\t<\/div>\n\t\t\t\t\t<\/div>\n\t\t\t\t<\/div>\n\t\t<div data-particle_enable=\"false\" data-particle-mobile-disabled=\"false\" class=\"elementor-element elementor-element-8ff01a4 e-flex e-con-boxed e-con e-parent\" data-id=\"8ff01a4\" data-element_type=\"container\" data-e-type=\"container\">\n\t\t\t\t\t<div class=\"e-con-inner\">\n\t\t\t\t<div class=\"elementor-element elementor-element-6195176 elementor-grid-eael-col-1 elementor-grid-tablet-eael-col-2 elementor-grid-mobile-eael-col-1 elementor-invisible elementor-widget elementor-widget-eael-post-grid\" data-id=\"6195176\" data-element_type=\"widget\" data-e-type=\"widget\" data-settings=\"{&quot;eael_post_grid_columns&quot;:&quot;eael-col-1&quot;,&quot;_animation&quot;:&quot;rollIn&quot;,&quot;eael_post_grid_columns_tablet&quot;:&quot;eael-col-2&quot;,&quot;eael_post_grid_columns_mobile&quot;:&quot;eael-col-1&quot;}\" data-widget_type=\"eael-post-grid.default\">\n\t\t\t\t\t<div id=\"eael-post-grid-6195176\" class=\"eael-post-grid-container\">\n            <div class=\"eael-post-grid eael-post-appender eael-post-appender-6195176 eael-post-grid-style-one\" data-layout-mode=\"masonry\"><article class=\"eael-grid-post  eael-post-grid-column eael-pg-post-10111 category-bienestar\" data-id=\"10111\">\n        <div class=\"eael-grid-post-holder\">\n            <div class=\"eael-grid-post-holder-inner\"><div class=\"eael-entry-media\"><div class=\"eael-entry-overlay fade-in\"><i class=\"far fa-hand-pointer\" aria-hidden=\"true\"><\/i><a href=\"https:\/\/soymigrante.com\/revista\/los-helados-de-carreta-un-sabor-de-nostalgia-para-migrantes\/\"><\/a><\/div><div class=\"eael-entry-thumbnail eael-image-ratio\">\n                <img loading=\"lazy\" decoding=\"async\" width=\"1024\" height=\"1024\" src=\"https:\/\/soymigrante.com\/revista\/wp-content\/uploads\/2024\/10\/HELADO-DIONICIO-1024x1024.jpg\" class=\"attachment-large size-large wp-image-13443\" alt=\"Vendedora de helados y mantecadas en un puesto artesanal en un mercado p\u00fablico mexicano, resaltando la cultura y tradiciones mexicanas en la venta de helados artesanales y deliciosas frutas tropicales.\" srcset=\"https:\/\/soymigrante.com\/revista\/wp-content\/uploads\/2024\/10\/HELADO-DIONICIO-1024x1024.jpg 1024w, https:\/\/soymigrante.com\/revista\/wp-content\/uploads\/2024\/10\/HELADO-DIONICIO-300x300.jpg 300w, https:\/\/soymigrante.com\/revista\/wp-content\/uploads\/2024\/10\/HELADO-DIONICIO-150x150.jpg 150w, https:\/\/soymigrante.com\/revista\/wp-content\/uploads\/2024\/10\/HELADO-DIONICIO-768x768.jpg 768w, https:\/\/soymigrante.com\/revista\/wp-content\/uploads\/2024\/10\/HELADO-DIONICIO-1536x1536.jpg 1536w, https:\/\/soymigrante.com\/revista\/wp-content\/uploads\/2024\/10\/HELADO-DIONICIO-2048x2048.jpg 2048w, https:\/\/soymigrante.com\/revista\/wp-content\/uploads\/2024\/10\/HELADO-DIONICIO-75x75.webp 75w, https:\/\/soymigrante.com\/revista\/wp-content\/uploads\/2024\/10\/HELADO-DIONICIO-750x750.webp 750w, https:\/\/soymigrante.com\/revista\/wp-content\/uploads\/2024\/10\/HELADO-DIONICIO-1140x1140.webp 1140w, https:\/\/soymigrante.com\/revista\/wp-content\/uploads\/2024\/10\/HELADO-DIONICIO-scaled.webp 1920w\" sizes=\"(max-width: 1024px) 100vw, 1024px\" \/>\n            <\/div>\n        <\/div><div class=\"eael-entry-wrapper\"><header class=\"eael-entry-header\"><h2 class=\"eael-entry-title\"><a class=\"eael-grid-post-link\" href=\"https:\/\/soymigrante.com\/revista\/los-helados-de-carreta-un-sabor-de-nostalgia-para-migrantes\/\" title=\"Helados artesanales de carretilla: Un sabor guatemalteco  de fresca nostalgia\">Helados artesanales de carretilla: Un sabor guatemalteco  de fresca nostalgia<\/a><\/h2><\/header><div class=\"eael-entry-content\">\n                        <div class=\"eael-grid-post-excerpt\"><a href=\"https:\/\/soymigrante.com\/revista\/los-helados-de-carreta-un-sabor-de-nostalgia-para-migrantes\/\" class=\"eael-post-elements-readmore-btn\">CONOCE SU HISTORIA <\/a><\/div>\n                    <\/div><\/div><\/div>\n        <\/div>\n    <\/article><\/div>\n            <div class=\"clearfix\"><\/div>\n        <\/div>\t\t\t\t<\/div>\n\t\t\t\t\t<\/div>\n\t\t\t\t<\/div>\n\t\t<div data-particle_enable=\"false\" data-particle-mobile-disabled=\"false\" class=\"elementor-element elementor-element-975d62f e-flex e-con-boxed e-con e-parent\" data-id=\"975d62f\" data-element_type=\"container\" data-e-type=\"container\">\n\t\t\t\t\t<div class=\"e-con-inner\">\n\t\t\t\t<div class=\"elementor-element elementor-element-c6439c9 elementor-widget elementor-widget-heading\" data-id=\"c6439c9\" data-element_type=\"widget\" data-e-type=\"widget\" data-widget_type=\"heading.default\">\n\t\t\t\t\t<h2 class=\"elementor-heading-title elementor-size-default\">Conoce m\u00e1s de Antigua Guatemala, ac\u00e1...<\/h2>\t\t\t\t<\/div>\n\t\t\t\t\t<\/div>\n\t\t\t\t<\/div>\n\t\t<div data-particle_enable=\"false\" data-particle-mobile-disabled=\"false\" class=\"elementor-element elementor-element-4bfeaaa e-flex e-con-boxed e-con e-parent\" data-id=\"4bfeaaa\" data-element_type=\"container\" data-e-type=\"container\">\n\t\t\t\t\t<div class=\"e-con-inner\">\n\t\t\t\t<div class=\"elementor-element elementor-element-93638d3 elementor-grid-eael-col-3 elementor-grid-tablet-eael-col-2 elementor-grid-mobile-eael-col-1 elementor-invisible elementor-widget elementor-widget-eael-post-grid\" data-id=\"93638d3\" data-element_type=\"widget\" data-e-type=\"widget\" data-settings=\"{&quot;eael_post_grid_columns&quot;:&quot;eael-col-3&quot;,&quot;_animation&quot;:&quot;rollIn&quot;,&quot;eael_post_grid_columns_tablet&quot;:&quot;eael-col-2&quot;,&quot;eael_post_grid_columns_mobile&quot;:&quot;eael-col-1&quot;}\" data-widget_type=\"eael-post-grid.default\">\n\t\t\t\t\t<div id=\"eael-post-grid-93638d3\" class=\"eael-post-grid-container\">\n            <div class=\"eael-post-grid eael-post-appender eael-post-appender-93638d3 eael-post-grid-style-one\" data-layout-mode=\"masonry\"><article class=\"eael-grid-post  eael-post-grid-column eael-pg-post-7600 category-guate-nuestra\" data-id=\"7600\">\n        <div class=\"eael-grid-post-holder\">\n            <div class=\"eael-grid-post-holder-inner\"><div class=\"eael-entry-media\"><div class=\"eael-entry-overlay fade-in\"><i class=\"far fa-hand-pointer\" aria-hidden=\"true\"><\/i><a href=\"https:\/\/soymigrante.com\/revista\/7-datos-de-antigua-guatemala-que-seguro-ya-sabias-o-quiza-no\/\"><\/a><\/div><div class=\"eael-entry-thumbnail \">\n                <img loading=\"lazy\" decoding=\"async\" width=\"661\" height=\"662\" src=\"https:\/\/soymigrante.com\/revista\/wp-content\/uploads\/2024\/07\/Antigua-Guatemala-Danny-Gamboa.webp\" class=\"attachment-large size-large wp-image-7610\" alt=\"Vivienda antigua decorada con proyecciones de luz y color en la noche, destacando detalles arquitect\u00f3nicos y efectos visuales para eventos culturales y festivales en M\u00e9xico.\" srcset=\"https:\/\/soymigrante.com\/revista\/wp-content\/uploads\/2024\/07\/Antigua-Guatemala-Danny-Gamboa.webp 661w, https:\/\/soymigrante.com\/revista\/wp-content\/uploads\/2024\/07\/Antigua-Guatemala-Danny-Gamboa-300x300.webp 300w, https:\/\/soymigrante.com\/revista\/wp-content\/uploads\/2024\/07\/Antigua-Guatemala-Danny-Gamboa-150x150.webp 150w, https:\/\/soymigrante.com\/revista\/wp-content\/uploads\/2024\/07\/Antigua-Guatemala-Danny-Gamboa-75x75.webp 75w\" sizes=\"(max-width: 661px) 100vw, 661px\" \/>\n            <\/div>\n        <\/div><div class=\"eael-entry-wrapper\"><header class=\"eael-entry-header\"><h2 class=\"eael-entry-title\"><a class=\"eael-grid-post-link\" href=\"https:\/\/soymigrante.com\/revista\/7-datos-de-antigua-guatemala-que-seguro-ya-sabias-o-quiza-no\/\" title=\"Antigua Guatemala: 7 datos que seguro ya conoc\u00edas (\u00a1O quiz\u00e1 no!) Aver\u00edgualo\">Antigua Guatemala: 7 datos que seguro ya conoc\u00edas (\u00a1O quiz\u00e1 no!) Aver\u00edgualo<\/a><\/h2><\/header><div class=\"eael-entry-content\">\n                        <div class=\"eael-grid-post-excerpt\"><a href=\"https:\/\/soymigrante.com\/revista\/7-datos-de-antigua-guatemala-que-seguro-ya-sabias-o-quiza-no\/\" class=\"eael-post-elements-readmore-btn\">CONOCE SU HISTORIA <\/a><\/div>\n                    <\/div><\/div><\/div>\n        <\/div>\n    <\/article><article class=\"eael-grid-post  eael-post-grid-column eael-pg-post-6872 category-guate-nuestra\" data-id=\"6872\">\n        <div class=\"eael-grid-post-holder\">\n            <div class=\"eael-grid-post-holder-inner\"><div class=\"eael-entry-media\"><div class=\"eael-entry-overlay fade-in\"><i class=\"far fa-hand-pointer\" aria-hidden=\"true\"><\/i><a href=\"https:\/\/soymigrante.com\/revista\/un-domingo-cualquiera-es-especial-en-la-antigua-guatemala\/\"><\/a><\/div><div class=\"eael-entry-thumbnail \">\n                <img loading=\"lazy\" decoding=\"async\" width=\"798\" height=\"798\" src=\"https:\/\/soymigrante.com\/revista\/wp-content\/uploads\/2024\/06\/antigua-guatemala.webp\" class=\"attachment-large size-large wp-image-6873\" alt=\"Bast\u00f3n de algod\u00f3n de az\u00facar multicolor en el parque, rodeado de personas disfrutando del evento y la feria, s\u00edmbolo tradicional de dulzura y celebraciones populares en M\u00e9xico.\" srcset=\"https:\/\/soymigrante.com\/revista\/wp-content\/uploads\/2024\/06\/antigua-guatemala.webp 798w, https:\/\/soymigrante.com\/revista\/wp-content\/uploads\/2024\/06\/antigua-guatemala-300x300.webp 300w, https:\/\/soymigrante.com\/revista\/wp-content\/uploads\/2024\/06\/antigua-guatemala-150x150.webp 150w, https:\/\/soymigrante.com\/revista\/wp-content\/uploads\/2024\/06\/antigua-guatemala-768x768.webp 768w, https:\/\/soymigrante.com\/revista\/wp-content\/uploads\/2024\/06\/antigua-guatemala-75x75.webp 75w, https:\/\/soymigrante.com\/revista\/wp-content\/uploads\/2024\/06\/antigua-guatemala-750x750.webp 750w\" sizes=\"(max-width: 798px) 100vw, 798px\" \/>\n            <\/div>\n        <\/div><div class=\"eael-entry-wrapper\"><header class=\"eael-entry-header\"><h2 class=\"eael-entry-title\"><a class=\"eael-grid-post-link\" href=\"https:\/\/soymigrante.com\/revista\/un-domingo-cualquiera-es-especial-en-la-antigua-guatemala\/\" title=\"Un domingo cualquiera es tan especial en La Antigua Guatemala\">Un domingo cualquiera es tan especial en La Antigua Guatemala<\/a><\/h2><\/header><div class=\"eael-entry-content\">\n                        <div class=\"eael-grid-post-excerpt\"><a href=\"https:\/\/soymigrante.com\/revista\/un-domingo-cualquiera-es-especial-en-la-antigua-guatemala\/\" class=\"eael-post-elements-readmore-btn\">CONOCE SU HISTORIA <\/a><\/div>\n                    <\/div><\/div><\/div>\n        <\/div>\n    <\/article><article class=\"eael-grid-post  eael-post-grid-column eael-pg-post-383 category-guate-nuestra\" data-id=\"383\">\n        <div class=\"eael-grid-post-holder\">\n            <div class=\"eael-grid-post-holder-inner\"><div class=\"eael-entry-media\"><div class=\"eael-entry-overlay fade-in\"><i class=\"far fa-hand-pointer\" aria-hidden=\"true\"><\/i><a href=\"https:\/\/soymigrante.com\/revista\/los-mas-famosos-anfitriones-de-antigua-guatemala-uno-tranquilo-y-el-otro-impredecible\/\"><\/a><\/div><div class=\"eael-entry-thumbnail \">\n                <img loading=\"lazy\" decoding=\"async\" width=\"1024\" height=\"629\" src=\"https:\/\/soymigrante.com\/revista\/wp-content\/uploads\/2024\/02\/Captura-de-pantalla-2024-02-24-231728-1024x629.webp\" class=\"attachment-large size-large wp-image-5040\" alt=\"Vplc\u00e1n de Agua en primer plano y a la derecha, el volc\u00e1n de Fuego, desde Antigua Guatemala.\" srcset=\"https:\/\/soymigrante.com\/revista\/wp-content\/uploads\/2024\/02\/Captura-de-pantalla-2024-02-24-231728-1024x629.webp 1024w, https:\/\/soymigrante.com\/revista\/wp-content\/uploads\/2024\/02\/Captura-de-pantalla-2024-02-24-231728-300x184.webp 300w, https:\/\/soymigrante.com\/revista\/wp-content\/uploads\/2024\/02\/Captura-de-pantalla-2024-02-24-231728-768x472.webp 768w, https:\/\/soymigrante.com\/revista\/wp-content\/uploads\/2024\/02\/Captura-de-pantalla-2024-02-24-231728-750x461.webp 750w, https:\/\/soymigrante.com\/revista\/wp-content\/uploads\/2024\/02\/Captura-de-pantalla-2024-02-24-231728-1140x700.webp 1140w, https:\/\/soymigrante.com\/revista\/wp-content\/uploads\/2024\/02\/Captura-de-pantalla-2024-02-24-231728.webp 1216w\" sizes=\"(max-width: 1024px) 100vw, 1024px\" \/>\n            <\/div>\n        <\/div><div class=\"eael-entry-wrapper\"><header class=\"eael-entry-header\"><h2 class=\"eael-entry-title\"><a class=\"eael-grid-post-link\" href=\"https:\/\/soymigrante.com\/revista\/los-mas-famosos-anfitriones-de-antigua-guatemala-uno-tranquilo-y-el-otro-impredecible\/\" title=\"Los m\u00e1s famosos anfitriones de Antigua Guatemala: volc\u00e1n de Agua y volc\u00e1n de Fuego\">Los m\u00e1s famosos anfitriones de Antigua Guatemala: volc\u00e1n de Agua y volc\u00e1n de Fuego<\/a><\/h2><\/header><div class=\"eael-entry-content\">\n                        <div class=\"eael-grid-post-excerpt\"><a href=\"https:\/\/soymigrante.com\/revista\/los-mas-famosos-anfitriones-de-antigua-guatemala-uno-tranquilo-y-el-otro-impredecible\/\" class=\"eael-post-elements-readmore-btn\">CONOCE SU HISTORIA <\/a><\/div>\n                    <\/div><\/div><\/div>\n        <\/div>\n    <\/article><\/div>\n            <div class=\"clearfix\"><\/div>\n        <\/div>\t\t\t\t<\/div>\n\t\t\t\t\t<\/div>\n\t\t\t\t<\/div>\n\t\t\t\t<\/div>\n\t\t","protected":false},"excerpt":{"rendered":"<p>Los dulces de Antigua Guatemala son \u00fanicos, porque su sabor es especial, pero est\u00e1n llenos de tradici\u00f3n. Esta ciudad colonial no solo cautiva por su arquitectura y cultura, sino tambi\u00e9n por su emblem\u00e1tica dulcer\u00eda tradicional. En Antigua, los dulces t\u00edpicos m\u00e1s apreciados son preparados con recetas centenarias, combinando herencia maya y espa\u00f1ola, y elaborados en [&hellip;]<\/p>\n","protected":false},"author":19,"featured_media":40202,"comment_status":"open","ping_status":"open","sticky":false,"template":"","format":"standard","meta":{"_acf_changed":false,"_eb_attr":"","footnotes":""},"categories":[58],"tags":[],"class_list":["post-40201","post","type-post","status-publish","format-standard","has-post-thumbnail","hentry","category-guate-nuestra"],"acf":[],"aioseo_notices":[],"aioseo_head":"\n\t\t<!-- All in One SEO Pro 4.9.6.2 - aioseo.com -->\n\t<meta name=\"description\" content=\"La presencia de los volcanes de Agua y Fuego marca el paisaje guatemalteco de manera \u00fanica e impresionante. Los nombres de dos elementos opuestos lo dice todo y el reciente incendio contrapuso significados. Volc\u00e1n de Agua Desde las referencias prehisp\u00e1nicas ten\u00edan hombres opuestos en antiguo mayak kaqchikel: Hun Ajp\u00fa, el de \u201cAgua\u201d y Chi Kaak,\" \/>\n\t<meta name=\"robots\" content=\"max-snippet:-1, max-image-preview:large, max-video-preview:-1\" \/>\n\t<meta name=\"author\" content=\"Gustavo Montenegro\"\/>\n\t<link rel=\"canonical\" href=\"https:\/\/soymigrante.com\/revista\/los-mas-famosos-anfitriones-de-antigua-guatemala-uno-tranquilo-y-el-otro-impredecible\/\" \/>\n\t<meta name=\"generator\" content=\"All in One SEO Pro (AIOSEO) 4.9.6.2\" \/>\n\n\t\t<link rel=\"preconnect\" href=\"https:\/\/fonts.googleapis.com\" crossorigin>\n<link rel=\"preconnect\" href=\"https:\/\/fonts.gstatic.com\" crossorigin>\n\t\t<meta property=\"og:locale\" content=\"es_ES\" \/>\n\t\t<meta property=\"og:site_name\" content=\"SoyMigrante.com REVISTA \u2013 Nuestra misi\u00f3n es reconocer y dignificar al migrante.\" \/>\n\t\t<meta property=\"og:type\" content=\"article\" \/>\n\t\t<meta property=\"og:title\" content=\"Los m\u00e1s famosos anfitriones de Antigua Guatemala: volc\u00e1n de Agua y volc\u00e1n de Fuego\" \/>\n\t\t<meta property=\"og:description\" content=\"La presencia de los volcanes de Agua y Fuego marca el paisaje guatemalteco de manera \u00fanica e impresionante. Los nombres de dos elementos opuestos lo dice todo y el reciente incendio contrapuso significados. Volc\u00e1n de Agua Desde las referencias prehisp\u00e1nicas ten\u00edan hombres opuestos en antiguo mayak kaqchikel: Hun Ajp\u00fa, el de \u201cAgua\u201d y Chi Kaak,\" \/>\n\t\t<meta property=\"og:url\" content=\"https:\/\/soymigrante.com\/revista\/los-mas-famosos-anfitriones-de-antigua-guatemala-uno-tranquilo-y-el-otro-impredecible\/\" \/>\n\t\t<meta property=\"og:image\" content=\"https:\/\/soymigrante.com\/revista\/wp-content\/uploads\/2024\/02\/Captura-de-pantalla-2024-02-24-231728.webp\" \/>\n\t\t<meta property=\"og:image:secure_url\" content=\"https:\/\/soymigrante.com\/revista\/wp-content\/uploads\/2024\/02\/Captura-de-pantalla-2024-02-24-231728.webp\" \/>\n\t\t<meta property=\"og:image:width\" content=\"1216\" \/>\n\t\t<meta property=\"og:image:height\" content=\"747\" \/>\n\t\t<meta property=\"article:published_time\" content=\"2024-02-25T05:37:00+00:00\" \/>\n\t\t<meta property=\"article:modified_time\" content=\"2024-02-25T05:50:50+00:00\" \/>\n\t\t<meta property=\"article:publisher\" content=\"https:\/\/www.facebook.com\/soymigrantecom\" \/>\n\t\t<meta name=\"twitter:card\" content=\"summary_large_image\" \/>\n\t\t<meta name=\"twitter:site\" content=\"@SoyMigrante_com\" \/>\n\t\t<meta name=\"twitter:title\" content=\"Los m\u00e1s famosos anfitriones de Antigua Guatemala: volc\u00e1n de Agua y volc\u00e1n de Fuego\" \/>\n\t\t<meta name=\"twitter:description\" content=\"La presencia de los volcanes de Agua y Fuego marca el paisaje guatemalteco de manera \u00fanica e impresionante. Los nombres de dos elementos opuestos lo dice todo y el reciente incendio contrapuso significados. Volc\u00e1n de Agua Desde las referencias prehisp\u00e1nicas ten\u00edan hombres opuestos en antiguo mayak kaqchikel: Hun Ajp\u00fa, el de \u201cAgua\u201d y Chi Kaak,\" \/>\n\t\t<meta name=\"twitter:creator\" content=\"@SoyMigrante_com\" \/>\n\t\t<meta name=\"twitter:image\" content=\"https:\/\/soymigrante.com\/revista\/wp-content\/uploads\/2024\/02\/Captura-de-pantalla-2024-02-24-231728.webp\" \/>\n\t\t<!-- All in One SEO Pro -->\r\n\t\t<title>Los m\u00e1s famosos anfitriones de Antigua Guatemala: volc\u00e1n de Agua y volc\u00e1n de Fuego<\/title>\n\n","aioseo_head_json":{"title":"Los m\u00e1s famosos anfitriones de Antigua Guatemala: volc\u00e1n de Agua y volc\u00e1n de Fuego","description":"La presencia de los volcanes de Agua y Fuego marca el paisaje guatemalteco de manera \u00fanica e impresionante. Los nombres de dos elementos opuestos lo dice todo y el reciente incendio contrapuso significados. Volc\u00e1n de Agua Desde las referencias prehisp\u00e1nicas ten\u00edan hombres opuestos en antiguo mayak kaqchikel: Hun Ajp\u00fa, el de \u201cAgua\u201d y Chi Kaak,","canonical_url":"https:\/\/soymigrante.com\/revista\/los-mas-famosos-anfitriones-de-antigua-guatemala-uno-tranquilo-y-el-otro-impredecible\/","robots":"max-snippet:-1, max-image-preview:large, max-video-preview:-1","keywords":"","webmasterTools":{"miscellaneous":"&lt;link rel=\"preconnect\" href=\"https:\/\/fonts.googleapis.com\" crossorigin&gt;\n&lt;link rel=\"preconnect\" href=\"https:\/\/fonts.gstatic.com\" crossorigin&gt;"},"schema":null,"og:locale":"es_ES","og:site_name":"SoyMigrante.com REVISTA \u2013 Nuestra misi\u00f3n es reconocer y dignificar al migrante.","og:type":"article","og:title":"Los m\u00e1s famosos anfitriones de Antigua Guatemala: volc\u00e1n de Agua y volc\u00e1n de Fuego","og:description":"La presencia de los volcanes de Agua y Fuego marca el paisaje guatemalteco de manera \u00fanica e impresionante. Los nombres de dos elementos opuestos lo dice todo y el reciente incendio contrapuso significados. Volc\u00e1n de Agua Desde las referencias prehisp\u00e1nicas ten\u00edan hombres opuestos en antiguo mayak kaqchikel: Hun Ajp\u00fa, el de \u201cAgua\u201d y Chi Kaak,","og:url":"https:\/\/soymigrante.com\/revista\/los-mas-famosos-anfitriones-de-antigua-guatemala-uno-tranquilo-y-el-otro-impredecible\/","og:image":"https:\/\/soymigrante.com\/revista\/wp-content\/uploads\/2024\/02\/Captura-de-pantalla-2024-02-24-231728.webp","og:image:secure_url":"https:\/\/soymigrante.com\/revista\/wp-content\/uploads\/2024\/02\/Captura-de-pantalla-2024-02-24-231728.webp","og:image:width":1216,"og:image:height":747,"article:published_time":"2024-02-25T05:37:00+00:00","article:modified_time":"2024-02-25T05:50:50+00:00","article:publisher":"https:\/\/www.facebook.com\/soymigrantecom","twitter:card":"summary_large_image","twitter:site":"@SoyMigrante_com","twitter:title":"Los m\u00e1s famosos anfitriones de Antigua Guatemala: volc\u00e1n de Agua y volc\u00e1n de Fuego","twitter:description":"La presencia de los volcanes de Agua y Fuego marca el paisaje guatemalteco de manera \u00fanica e impresionante. Los nombres de dos elementos opuestos lo dice todo y el reciente incendio contrapuso significados. Volc\u00e1n de Agua Desde las referencias prehisp\u00e1nicas ten\u00edan hombres opuestos en antiguo mayak kaqchikel: Hun Ajp\u00fa, el de \u201cAgua\u201d y Chi Kaak,","twitter:creator":"@SoyMigrante_com","twitter:image":"https:\/\/soymigrante.com\/revista\/wp-content\/uploads\/2024\/02\/Captura-de-pantalla-2024-02-24-231728.webp"},"aioseo_meta_data":{"post_id":"40201","title":null,"description":"Los dulces tradicionales de Antigua Guatemala siempre traen memorias felices y son un obsequio perfecto por sus sabores y tradici\u00f3n.","keywords":null,"keyphrases":{"focus":{"keyphrase":"dulces","score":100,"analysis":{"keyphraseInTitle":{"score":9,"maxScore":9,"error":0},"keyphraseInDescription":{"score":9,"maxScore":9,"error":0},"keyphraseLength":{"score":9,"maxScore":9,"error":0,"length":1},"keyphraseInURL":{"score":5,"maxScore":5,"error":0},"keyphraseInIntroduction":{"score":9,"maxScore":9,"error":0},"keyphraseInSubHeadings":{"score":9,"maxScore":9,"error":0},"keyphraseInImageAlt":{"score":9,"maxScore":9,"error":0},"keywordDensity":{"type":"best","score":9,"maxScore":9,"error":0}}},"additional":[{"keyphrase":"antigua guatemala","score":87,"analysis":{"keyphraseInDescription":{"score":9,"maxScore":9,"error":0},"keyphraseLength":{"score":9,"maxScore":9,"error":0,"length":2},"keyphraseInIntroduction":{"score":3,"maxScore":9,"error":1},"keyphraseInImageAlt":{"score":9,"maxScore":9,"error":0},"keywordDensity":{"type":"best","score":9,"maxScore":9,"error":0}}}]},"primary_term":null,"canonical_url":null,"og_title":null,"og_description":null,"og_object_type":"default","og_image_type":"default","og_image_url":null,"og_image_width":null,"og_image_height":null,"og_image_custom_url":null,"og_image_custom_fields":null,"og_video":"","og_custom_url":null,"og_article_section":null,"og_article_tags":null,"twitter_use_og":false,"twitter_card":"default","twitter_image_type":"default","twitter_image_url":null,"twitter_image_custom_url":null,"twitter_image_custom_fields":null,"twitter_title":null,"twitter_description":null,"schema":{"blockGraphs":[],"customGraphs":[],"default":{"data":{"Article":[],"Course":[],"Dataset":[],"FAQPage":[],"Movie":[],"Person":[],"Product":[],"ProductReview":[],"Car":[],"Recipe":[],"Service":[],"SoftwareApplication":[],"WebPage":[]},"graphName":"none","isEnabled":true},"graphs":[]},"schema_type":"default","schema_type_options":null,"pillar_content":false,"robots_default":true,"robots_noindex":false,"robots_noarchive":false,"robots_nosnippet":false,"robots_nofollow":false,"robots_noimageindex":false,"robots_noodp":false,"robots_notranslate":false,"robots_max_snippet":"-1","robots_max_videopreview":"-1","robots_max_imagepreview":"large","priority":null,"frequency":"default","local_seo":null,"seo_analyzer_scan_date":"2025-10-09 07:09:43","breadcrumb_settings":null,"limit_modified_date":false,"reviewed_by":"0","open_ai":null,"ai":{"faqs":[],"keyPoints":[],"titles":[],"descriptions":[],"socialPosts":{"email":[],"linkedin":[],"twitter":[],"facebook":[],"instagram":[]}},"created":"2025-07-23 21:01:44","updated":"2026-02-05 03:06:28"},"aioseo_breadcrumb":"<div class=\"aioseo-breadcrumbs\"><span class=\"aioseo-breadcrumb\">\n\t<a href=\"https:\/\/soymigrante.com\/revista\" title=\"Home\">Home<\/a>\n<\/span><span class=\"aioseo-breadcrumb-separator\">\u00bb<\/span><span class=\"aioseo-breadcrumb\">\n\t<a href=\"https:\/\/soymigrante.com\/revista\/category\/guate-nuestra\/\" title=\"Guate Nuestra\">Guate Nuestra<\/a>\n<\/span><span class=\"aioseo-breadcrumb-separator\">\u00bb<\/span><span class=\"aioseo-breadcrumb\">\n\tLos dulces de Antigua Guatemala enamoran por su sabor y tradici\u00f3n\n<\/span><\/div>","aioseo_breadcrumb_json":[{"label":"Home","link":"https:\/\/soymigrante.com\/revista"},{"label":"Guate Nuestra","link":"https:\/\/soymigrante.com\/revista\/category\/guate-nuestra\/"},{"label":"Los dulces de Antigua Guatemala enamoran por su sabor y tradici\u00f3n","link":"https:\/\/soymigrante.com\/revista\/los-dulces-de-antigua-guatemala-enamoran-por-su-sabor-y-tradicion\/"}],"_links":{"self":[{"href":"https:\/\/soymigrante.com\/revista\/wp-json\/wp\/v2\/posts\/40201","targetHints":{"allow":["GET"]}}],"collection":[{"href":"https:\/\/soymigrante.com\/revista\/wp-json\/wp\/v2\/posts"}],"about":[{"href":"https:\/\/soymigrante.com\/revista\/wp-json\/wp\/v2\/types\/post"}],"author":[{"embeddable":true,"href":"https:\/\/soymigrante.com\/revista\/wp-json\/wp\/v2\/users\/19"}],"replies":[{"embeddable":true,"href":"https:\/\/soymigrante.com\/revista\/wp-json\/wp\/v2\/comments?post=40201"}],"version-history":[{"count":8,"href":"https:\/\/soymigrante.com\/revista\/wp-json\/wp\/v2\/posts\/40201\/revisions"}],"predecessor-version":[{"id":40227,"href":"https:\/\/soymigrante.com\/revista\/wp-json\/wp\/v2\/posts\/40201\/revisions\/40227"}],"wp:featuredmedia":[{"embeddable":true,"href":"https:\/\/soymigrante.com\/revista\/wp-json\/wp\/v2\/media\/40202"}],"wp:attachment":[{"href":"https:\/\/soymigrante.com\/revista\/wp-json\/wp\/v2\/media?parent=40201"}],"wp:term":[{"taxonomy":"category","embeddable":true,"href":"https:\/\/soymigrante.com\/revista\/wp-json\/wp\/v2\/categories?post=40201"},{"taxonomy":"post_tag","embeddable":true,"href":"https:\/\/soymigrante.com\/revista\/wp-json\/wp\/v2\/tags?post=40201"}],"curies":[{"name":"wp","href":"https:\/\/api.w.org\/{rel}","templated":true}]}}