{"id":40195,"date":"2025-07-23T14:07:06","date_gmt":"2025-07-23T20:07:06","guid":{"rendered":"https:\/\/soymigrante.com\/revista\/?p=40195"},"modified":"2025-07-23T17:14:39","modified_gmt":"2025-07-23T23:14:39","slug":"miubela-es-un-joven-emprendimiento-textil-desde-samayac-a-mercado","status":"publish","type":"post","link":"https:\/\/soymigrante.com\/revista\/miubela-es-un-joven-emprendimiento-textil-desde-samayac-a-mercado\/","title":{"rendered":"Miubela es un joven emprendimiento textil desde Samayac a MERCADO"},"content":{"rendered":"\t\t<div data-elementor-type=\"wp-post\" data-elementor-id=\"40195\" class=\"elementor elementor-40195\" data-elementor-post-type=\"post\">\n\t\t\t\t<div data-particle_enable=\"false\" data-particle-mobile-disabled=\"false\" class=\"elementor-element elementor-element-8f014c4 e-flex e-con-boxed e-con e-parent\" data-id=\"8f014c4\" data-element_type=\"container\" data-e-type=\"container\">\n\t\t\t\t\t<div class=\"e-con-inner\">\n\t\t\t\t<div class=\"elementor-element elementor-element-564e6d7 elementor-widget elementor-widget-heading\" data-id=\"564e6d7\" data-element_type=\"widget\" data-e-type=\"widget\" data-widget_type=\"heading.default\">\n\t\t\t\t\t<h2 class=\"elementor-heading-title elementor-size-default\"><span style=\"font-size: 31.2px\">Ante la falta de oportunidades laborales  Miurel y Anabella, originarias de Samayac, Suchitep\u00e9quez, se lanzaron a emprender su tienda de ropa. Ahora est\u00e1n en SoyMigrante.com MERCADO y esta es su historia. \n<\/span><div><br><\/div><\/h2>\t\t\t\t<\/div>\n\t\t\t\t\t<\/div>\n\t\t\t\t<\/div>\n\t\t<div data-particle_enable=\"false\" data-particle-mobile-disabled=\"false\" class=\"elementor-element elementor-element-607940e e-flex e-con-boxed e-con e-parent\" data-id=\"607940e\" data-element_type=\"container\" data-e-type=\"container\">\n\t\t\t\t\t<div class=\"e-con-inner\">\n\t\t\t\t<div class=\"elementor-element elementor-element-1afccfe elementor-widget elementor-widget-text-editor\" data-id=\"1afccfe\" data-element_type=\"widget\" data-e-type=\"widget\" data-widget_type=\"text-editor.default\">\n\t\t\t\t\t\t\t\t\t<p>En 2018, con apenas 17 a\u00f1os y reci\u00e9n graduadas de perito en Administraci\u00f3n de Empresas, Miurel Solval y Anabela del Rosario Mej\u00eda Ram\u00edrez, amigas y compa\u00f1eras de estudio, d0ecidieron lanzarse al mundo del emprendimiento. &#8220;No hab\u00eda oportunidades laborales y las que aparec\u00edan, no nos permit\u00edan seguir estudiando la universidad&#8221;, cuenta Miurel.<\/p><p>Empezaron sin experiencia en costura, dise\u00f1o o manejo real de un negocio, pero con una clara necesidad de generar ingresos y una convicci\u00f3n firme: &#8220;no solo quer\u00edamos ser revendedoras, tambi\u00e9n quer\u00edamos ser creadoras, aunque entonces ni siquiera sab\u00edamos confeccionar y coser&#8221;, agrega Anabela.<\/p><p>Ahora, <a href=\"https:\/\/soymigrante.com\/mercado\/marketplace\/seller\/profile\/Miubela?srsltid=AfmBOoq9-mX-gbzkFhGwMvdChvY6T3l2sHLXqp-UKk95meWQfk6Zn3y3\">su tienda Miubella est\u00e1 en el mundo del comercio electr\u00f3nico a trav\u00e9s de SoyMigrante.com MERCADO<\/a>, la comunidad que une a emprendedores y compradores de toda Guatemala, para potenciar el talento guatemalteco, el desarrollo comunitario, al facilitar la log\u00edstica de venta y entrega. Y esta es la historia de Miubela.<\/p>\t\t\t\t\t\t\t\t<\/div>\n\t\t\t\t\t<\/div>\n\t\t\t\t<\/div>\n\t\t<div data-particle_enable=\"false\" data-particle-mobile-disabled=\"false\" class=\"elementor-element elementor-element-6ab1396 e-flex e-con-boxed e-con e-parent\" data-id=\"6ab1396\" data-element_type=\"container\" data-e-type=\"container\">\n\t\t\t\t\t<div class=\"e-con-inner\">\n\t\t\t\t<div class=\"elementor-element elementor-element-731a592 elementor-widget elementor-widget-image\" data-id=\"731a592\" data-element_type=\"widget\" data-e-type=\"widget\" data-widget_type=\"image.default\">\n\t\t\t\t\t\t\t\t\t\t\t\t<figure class=\"wp-caption\">\n\t\t\t\t\t\t\t\t\t\t<img fetchpriority=\"high\" decoding=\"async\" width=\"1024\" height=\"1024\" src=\"https:\/\/soymigrante.com\/revista\/wp-content\/uploads\/2025\/07\/emprendimiento-miubella-samayac-soymigrante-mercado-3-scaled-e1763579618850-1024x1024.jpg\" class=\"attachment-large size-large wp-image-40204\" alt=\"J\u00f3venes emprendedoras mexicanas con camisetas de Mueblea, en un entorno urbano, promoviendo el talento latino y la moda ecol\u00f3gica, en el marco de una campa\u00f1a de empowering para mujeres emprendedoras.\" srcset=\"https:\/\/soymigrante.com\/revista\/wp-content\/uploads\/2025\/07\/emprendimiento-miubella-samayac-soymigrante-mercado-3-scaled-e1763579618850-1024x1024.jpg 1024w, https:\/\/soymigrante.com\/revista\/wp-content\/uploads\/2025\/07\/emprendimiento-miubella-samayac-soymigrante-mercado-3-scaled-e1763579618850-300x300.jpg 300w, https:\/\/soymigrante.com\/revista\/wp-content\/uploads\/2025\/07\/emprendimiento-miubella-samayac-soymigrante-mercado-3-scaled-e1763579618850-150x150.jpg 150w, https:\/\/soymigrante.com\/revista\/wp-content\/uploads\/2025\/07\/emprendimiento-miubella-samayac-soymigrante-mercado-3-scaled-e1763579618850-768x768.jpg 768w, https:\/\/soymigrante.com\/revista\/wp-content\/uploads\/2025\/07\/emprendimiento-miubella-samayac-soymigrante-mercado-3-scaled-e1763579618850-1536x1536.jpg 1536w, https:\/\/soymigrante.com\/revista\/wp-content\/uploads\/2025\/07\/emprendimiento-miubella-samayac-soymigrante-mercado-3-scaled-e1763579618850-75x75.jpg 75w, https:\/\/soymigrante.com\/revista\/wp-content\/uploads\/2025\/07\/emprendimiento-miubella-samayac-soymigrante-mercado-3-scaled-e1763579618850-750x750.jpg 750w, https:\/\/soymigrante.com\/revista\/wp-content\/uploads\/2025\/07\/emprendimiento-miubella-samayac-soymigrante-mercado-3-scaled-e1763579618850-1140x1140.jpg 1140w, https:\/\/soymigrante.com\/revista\/wp-content\/uploads\/2025\/07\/emprendimiento-miubella-samayac-soymigrante-mercado-3-scaled-e1763579618850.jpg 1745w\" sizes=\"(max-width: 1024px) 100vw, 1024px\" title=\"Socias, amigas y profesionales, Miurel y Anabela integran  Miubela, tienda de ropa casual elaborada artesanalmente y que ahora adem\u00e1s de su tienda f\u00edsica en Samayac tambi\u00e9n est\u00e1 en SoyMigrante.com MERCADO. \u2013 SoyMigrante.com REVISTA\" \/>\t\t\t\t\t\t\t\t\t\t\t<figcaption class=\"widget-image-caption wp-caption-text\">J\u00f3venes emprendedoras en una campa\u00f1a de moda y empresarial hechas en M\u00e9xico, con camisetas de Mueblea, mostrando talento latino y fomento del emprendimiento femenino.<\/figcaption>\n\t\t\t\t\t\t\t\t\t\t<\/figure>\n\t\t\t\t\t\t\t\t\t<\/div>\n\t\t\t\t\t<\/div>\n\t\t\t\t<\/div>\n\t\t<div data-particle_enable=\"false\" data-particle-mobile-disabled=\"false\" class=\"elementor-element elementor-element-29ea10f e-flex e-con-boxed e-con e-parent\" data-id=\"29ea10f\" data-element_type=\"container\" data-e-type=\"container\">\n\t\t\t\t\t<div class=\"e-con-inner\">\n\t\t\t\t<div class=\"elementor-element elementor-element-132bfad elementor-widget elementor-widget-heading\" data-id=\"132bfad\" data-element_type=\"widget\" data-e-type=\"widget\" data-widget_type=\"heading.default\">\n\t\t\t\t\t<h3 class=\"elementor-heading-title elementor-size-default\">Juventud, aprendizaje y creatividad<\/h3>\t\t\t\t<\/div>\n\t\t\t\t\t<\/div>\n\t\t\t\t<\/div>\n\t\t<div data-particle_enable=\"false\" data-particle-mobile-disabled=\"false\" class=\"elementor-element elementor-element-9e315fd e-flex e-con-boxed e-con e-parent\" data-id=\"9e315fd\" data-element_type=\"container\" data-e-type=\"container\">\n\t\t\t\t\t<div class=\"e-con-inner\">\n\t\t\t\t<div class=\"elementor-element elementor-element-5a4d783 elementor-widget elementor-widget-text-editor\" data-id=\"5a4d783\" data-element_type=\"widget\" data-e-type=\"widget\" data-widget_type=\"text-editor.default\">\n\t\t\t\t\t\t\t\t\t<p>En 2018, con apenas 17 a\u00f1os y reci\u00e9n graduadas de perito en Administraci\u00f3n de Empresas, Miurel Solval y Anabella del Rosario Mej\u00eda Ram\u00edrez, amigas y compa\u00f1eras de estudio, d0ecidieron lanzarse al mundo del emprendimiento. &#8220;No hab\u00eda oportunidades laborales y las que aparec\u00edan, no nos permit\u00edan seguir estudiando la universidad&#8221;, cuenta Miurel.<\/p><p>Empezaron sin experiencia en costura, dise\u00f1o o manejo real de un negocio, pero con una clara necesidad de generar ingresos y una convicci\u00f3n firme: &#8220;no solo quer\u00edamos ser revendedoras, tambi\u00e9n quer\u00edamos ser creadoras, aunque entonces ni siquiera sab\u00edamos confeccionar y coser&#8221;, agrega Anabella. As\u00ed que siguieron <a href=\"https:\/\/soymigrante.com\/revista\/asi-conviertes-el-fracaso-en-una-oportunidad-de-aprendizaje\/\">capacit\u00e1ndose, aprendiendo y cultivando su talento<\/a><\/p>\t\t\t\t\t\t\t\t<\/div>\n\t\t\t\t\t<\/div>\n\t\t\t\t<\/div>\n\t\t<div data-particle_enable=\"false\" data-particle-mobile-disabled=\"false\" class=\"elementor-element elementor-element-5031166 e-flex e-con-boxed e-con e-parent\" data-id=\"5031166\" data-element_type=\"container\" data-e-type=\"container\">\n\t\t\t\t\t<div class=\"e-con-inner\">\n\t\t\t\t<div class=\"elementor-element elementor-element-edb05a4 elementor-widget elementor-widget-image\" data-id=\"edb05a4\" data-element_type=\"widget\" data-e-type=\"widget\" data-widget_type=\"image.default\">\n\t\t\t\t\t\t\t\t\t\t\t\t<figure class=\"wp-caption\">\n\t\t\t\t\t\t\t\t\t\t\t<a href=\"https:\/\/soymigrante.com\/mercado\/marketplace\/seller\/profile\/Miubela?srsltid=AfmBOoq9-mX-gbzkFhGwMvdChvY6T3l2sHLXqp-UKk95meWQfk6Zn3y3\">\n\t\t\t\t\t\t\t<img decoding=\"async\" width=\"1024\" height=\"450\" src=\"https:\/\/soymigrante.com\/revista\/wp-content\/uploads\/2025\/07\/MIUBELA-EMPRENDIMIENTO-SOYMIGRANTE-MERCADO-1024x450.png\" class=\"attachment-large size-large wp-image-40206\" alt=\"Muebles hechos a mano, artesan\u00edas y decoraci\u00f3n sustentable para hogar y oficina. Productos \u00fanicos y de calidad en SoyMigrante.com REVISTA, la plataforma de comercio en Guatemala.\" srcset=\"https:\/\/soymigrante.com\/revista\/wp-content\/uploads\/2025\/07\/MIUBELA-EMPRENDIMIENTO-SOYMIGRANTE-MERCADO-1024x450.png 1024w, https:\/\/soymigrante.com\/revista\/wp-content\/uploads\/2025\/07\/MIUBELA-EMPRENDIMIENTO-SOYMIGRANTE-MERCADO-300x132.png 300w, https:\/\/soymigrante.com\/revista\/wp-content\/uploads\/2025\/07\/MIUBELA-EMPRENDIMIENTO-SOYMIGRANTE-MERCADO-768x338.png 768w, https:\/\/soymigrante.com\/revista\/wp-content\/uploads\/2025\/07\/MIUBELA-EMPRENDIMIENTO-SOYMIGRANTE-MERCADO-1536x675.png 1536w, https:\/\/soymigrante.com\/revista\/wp-content\/uploads\/2025\/07\/MIUBELA-EMPRENDIMIENTO-SOYMIGRANTE-MERCADO-2048x900.png 2048w, https:\/\/soymigrante.com\/revista\/wp-content\/uploads\/2025\/07\/MIUBELA-EMPRENDIMIENTO-SOYMIGRANTE-MERCADO-750x330.webp 750w, https:\/\/soymigrante.com\/revista\/wp-content\/uploads\/2025\/07\/MIUBELA-EMPRENDIMIENTO-SOYMIGRANTE-MERCADO-1140x501.webp 1140w, https:\/\/soymigrante.com\/revista\/wp-content\/uploads\/2025\/07\/MIUBELA-EMPRENDIMIENTO-SOYMIGRANTE-MERCADO.webp 1920w\" sizes=\"(max-width: 1024px) 100vw, 1024px\" title=\"Miubela ofrece ahora sus productos a toda Guatemala a trav\u00e9s de SoyMigrante.com MERCADO. Para entrar haz clic en la imagen. \u2013 SoyMigrante.com REVISTA\" \/>\t\t\t\t\t\t\t\t<\/a>\n\t\t\t\t\t\t\t\t\t\t\t<figcaption class=\"widget-image-caption wp-caption-text\">Muebles artesanales, decoraci\u00f3n ecol\u00f3gica y productos hechos a mano para hogar y oficina en SoyMigrante.com REVISTA.<\/figcaption>\n\t\t\t\t\t\t\t\t\t\t<\/figure>\n\t\t\t\t\t\t\t\t\t<\/div>\n\t\t\t\t\t<\/div>\n\t\t\t\t<\/div>\n\t\t<div data-particle_enable=\"false\" data-particle-mobile-disabled=\"false\" class=\"elementor-element elementor-element-baf781c e-flex e-con-boxed e-con e-parent\" data-id=\"baf781c\" data-element_type=\"container\" data-e-type=\"container\">\n\t\t\t\t\t<div class=\"e-con-inner\">\n\t\t\t\t<div class=\"elementor-element elementor-element-31c83b7 elementor-widget elementor-widget-heading\" data-id=\"31c83b7\" data-element_type=\"widget\" data-e-type=\"widget\" data-widget_type=\"heading.default\">\n\t\t\t\t\t<h3 class=\"elementor-heading-title elementor-size-default\">Evoluci\u00f3n, aprendizaje y cero miedos<\/h3>\t\t\t\t<\/div>\n\t\t\t\t\t<\/div>\n\t\t\t\t<\/div>\n\t\t<div data-particle_enable=\"false\" data-particle-mobile-disabled=\"false\" class=\"elementor-element elementor-element-1e50556 e-flex e-con-boxed e-con e-parent\" data-id=\"1e50556\" data-element_type=\"container\" data-e-type=\"container\">\n\t\t\t\t\t<div class=\"e-con-inner\">\n\t\t\t\t<div class=\"elementor-element elementor-element-df58b30 elementor-widget elementor-widget-text-editor\" data-id=\"df58b30\" data-element_type=\"widget\" data-e-type=\"widget\" data-widget_type=\"text-editor.default\">\n\t\t\t\t\t\t\t\t\t<p>Miubella es definida por sus fundadoras como una tienda de ropa que comenz\u00f3 con la compra y venta de mercader\u00eda, pero que pronto evolucion\u00f3 hacia la confecci\u00f3n propia. Miurel y Anabella participaron en un programa de capacitaci\u00f3n llamado \u201cEmprendo por ti\u201d, el cual no solo les brind\u00f3 aprendizaje de manejo de negocios sino tambi\u00e9n un capital semilla.<\/p><p>Con ese recurso adquirieron sus m\u00e1quinas de cosar. Ese momento marc\u00f3 un antes y un despu\u00e9s en su historia. Les pregunto \u00bfY sab\u00edan coser? Se r\u00eden al decir que no.\u00a0<\/p><p>&#8220;En ese entonces solo sab\u00edamos lo que nos ense\u00f1aron en clase&#8221;, recuerda Anabella. &#8220;No ten\u00edamos ning\u00fan conocimiento en corte ni en confecci\u00f3n, pero ah\u00ed fue cuando empezamos a <a href=\"https:\/\/soymigrante.com\/revista\/herramientas-para-el-aprendizaje-tarde-o-temprano-te-servira\/\">aprender de verdad.<\/a> Tomamos cursos de confecci\u00f3n y moda. Fue duro, porque tambi\u00e9n empezamos la universidad&#8221;, agrega Miurel.<\/p><p>Con el tiempo, divid\u00edan sus horas entre tareas universitarias y jornadas de producci\u00f3n. Se enfrentaron a desaf\u00edos como la falta de formaci\u00f3n pr\u00e1ctica en la carrera (&#8220;nos ense\u00f1an teor\u00eda, pero no c\u00f3mo manejar una empresa en la vida real&#8221;, dice Miurel).<\/p><p>Aprendieron sobre todo, a experimentar, adaptarse y conectar con sus clientes, en presencial y a distancia. \u201cUno aprende bastante de la experiencia de otras personas, de no tener miedo, de lanzarse\u201d, afirma. No dejaron de avanzar y Anabela est\u00e1 a punto de graduarse de Licenciatura en Administraci\u00f3n de Empresas; Miuriel, ya cerr\u00f3 pensum.\u00a0<\/p>\t\t\t\t\t\t\t\t<\/div>\n\t\t\t\t\t<\/div>\n\t\t\t\t<\/div>\n\t\t<div data-particle_enable=\"false\" data-particle-mobile-disabled=\"false\" class=\"elementor-element elementor-element-eabe6fe e-flex e-con-boxed e-con e-parent\" data-id=\"eabe6fe\" data-element_type=\"container\" data-e-type=\"container\">\n\t\t\t\t\t<div class=\"e-con-inner\">\n\t\t\t\t<div class=\"elementor-element elementor-element-9c5d35d elementor-widget elementor-widget-image\" data-id=\"9c5d35d\" data-element_type=\"widget\" data-e-type=\"widget\" data-widget_type=\"image.default\">\n\t\t\t\t\t\t\t\t\t\t\t\t<figure class=\"wp-caption\">\n\t\t\t\t\t\t\t\t\t\t<img decoding=\"async\" width=\"1024\" height=\"754\" src=\"https:\/\/soymigrante.com\/revista\/wp-content\/uploads\/2025\/07\/miubela-emprendimiento-soymigrante-mercado-1024x754.jpg\" class=\"attachment-large size-large wp-image-40207\" alt=\"Empresarias en evento de SoyMigrante.com REVISTA, networking, liderazgo, innovaci\u00f3n y migraci\u00f3n en un entorno profesional y moderno.\" srcset=\"https:\/\/soymigrante.com\/revista\/wp-content\/uploads\/2025\/07\/miubela-emprendimiento-soymigrante-mercado-1024x754.jpg 1024w, https:\/\/soymigrante.com\/revista\/wp-content\/uploads\/2025\/07\/miubela-emprendimiento-soymigrante-mercado-300x221.jpg 300w, https:\/\/soymigrante.com\/revista\/wp-content\/uploads\/2025\/07\/miubela-emprendimiento-soymigrante-mercado-768x566.jpg 768w, https:\/\/soymigrante.com\/revista\/wp-content\/uploads\/2025\/07\/miubela-emprendimiento-soymigrante-mercado-750x553.webp 750w, https:\/\/soymigrante.com\/revista\/wp-content\/uploads\/2025\/07\/miubela-emprendimiento-soymigrante-mercado-1140x840.webp 1140w, https:\/\/soymigrante.com\/revista\/wp-content\/uploads\/2025\/07\/miubela-emprendimiento-soymigrante-mercado.webp 1500w\" sizes=\"(max-width: 1024px) 100vw, 1024px\" title=\"La clave del \u00e9xito de Miurel y Anabela se puede resumir en tres puntos 1. Siempre seguir estudiando y aprendiendo (ambas est\u00e1n cerca de graduarse de la licenciatura en Administraci\u00f3n de Empresas. 2. Dejar de lado el miedo y lanzarse a lo nuevo. 3. Cuidar el capital para reinvertirlo en crecimiento. \u2013 SoyMigrante.com REVISTA\" \/>\t\t\t\t\t\t\t\t\t\t\t<figcaption class=\"widget-image-caption wp-caption-text\">Reconocimiento de un evento de networking profesional para migrantes y mujeres l\u00edderes, con fondo que muestra logotipos de marcas relacionadas con eventos y innovaci\u00f3n.<\/figcaption>\n\t\t\t\t\t\t\t\t\t\t<\/figure>\n\t\t\t\t\t\t\t\t\t<\/div>\n\t\t\t\t\t<\/div>\n\t\t\t\t<\/div>\n\t\t<div data-particle_enable=\"false\" data-particle-mobile-disabled=\"false\" class=\"elementor-element elementor-element-7d0dc5d e-flex e-con-boxed e-con e-parent\" data-id=\"7d0dc5d\" data-element_type=\"container\" data-e-type=\"container\">\n\t\t\t\t\t<div class=\"e-con-inner\">\n\t\t\t\t<div class=\"elementor-element elementor-element-9575973 elementor-widget elementor-widget-heading\" data-id=\"9575973\" data-element_type=\"widget\" data-e-type=\"widget\" data-widget_type=\"heading.default\">\n\t\t\t\t\t<h3 class=\"elementor-heading-title elementor-size-default\">Creciendo y aportando<\/h3>\t\t\t\t<\/div>\n\t\t\t\t\t<\/div>\n\t\t\t\t<\/div>\n\t\t<div data-particle_enable=\"false\" data-particle-mobile-disabled=\"false\" class=\"elementor-element elementor-element-3fd8f16 e-flex e-con-boxed e-con e-parent\" data-id=\"3fd8f16\" data-element_type=\"container\" data-e-type=\"container\">\n\t\t\t\t\t<div class=\"e-con-inner\">\n\t\t\t\t<div class=\"elementor-element elementor-element-23f191c elementor-widget elementor-widget-text-editor\" data-id=\"23f191c\" data-element_type=\"widget\" data-e-type=\"widget\" data-widget_type=\"text-editor.default\">\n\t\t\t\t\t\t\t\t\t<p>Hoy, Miubella no solo cuenta con un local f\u00edsico en Samayac, Suchitep\u00e9quez, sino que vende a toda Guatemala.&nbsp;<\/p>\n<p>Recientemente abrieron su tienda en <a href=\"https:\/\/soymigrante.com\/mercado\/\">SoyMigrante.com MERCADO,<\/a> una plataforma que re\u00fane a emprendedores y clientes en un solo espacio confiable y con gran alcance, en la cual se valora<a href=\"https:\/\/soymigrante.com\/revista\/un-tejido-de-una-abuela-maya-es-tan-valioso-como-un-software-de-silicon-valley-marcos-antil-en-foro-de-industria-creativa\/\"> lo local, lo aut\u00e9ntico, lo hecho a mano.<\/a><\/p>\n<p>\u201cYa vend\u00edamos por redes sociales y envi\u00e1bamos pero SoyMigrante nos pareci\u00f3 una oportunidad para darle m\u00e1s visibilidad nacional e internacional a nuestros productos, mostrar que son hechos en Guatemala, con calidad y cari\u00f1o\u201d, explican.<\/p>\n<p>La disciplina econ\u00f3mica fue parte de su crecimiento. \u201cDurante los primeros dos o tres a\u00f1os reinvertimos casi todo lo que ganamos\u201d, cuentan.&nbsp;<\/p>\n<p>Miubella es hoy el reflejo de lo que ocurre cuando el conocimiento acad\u00e9mico se combina con experiencia pr\u00e1ctica, apoyo comunitario, perseverancia y un gran sue\u00f1o.<\/p>\n<p>Y lo que empez\u00f3 como una necesidad urgente a los 17 a\u00f1os, se ha transformado en una marca que lleva el sello de la juventud emprendedora guatemalteca.<\/p>\t\t\t\t\t\t\t\t<\/div>\n\t\t\t\t\t<\/div>\n\t\t\t\t<\/div>\n\t\t<div data-particle_enable=\"false\" data-particle-mobile-disabled=\"false\" class=\"elementor-element elementor-element-d6d27fa e-flex e-con-boxed e-con e-parent\" data-id=\"d6d27fa\" data-element_type=\"container\" data-e-type=\"container\">\n\t\t\t\t\t<div class=\"e-con-inner\">\n\t\t\t\t<div class=\"elementor-element elementor-element-cbefc19 elementor-widget elementor-widget-image\" data-id=\"cbefc19\" data-element_type=\"widget\" data-e-type=\"widget\" data-widget_type=\"image.default\">\n\t\t\t\t\t\t\t\t\t\t\t\t<figure class=\"wp-caption\">\n\t\t\t\t\t\t\t\t\t\t<img loading=\"lazy\" decoding=\"async\" width=\"1024\" height=\"704\" src=\"https:\/\/soymigrante.com\/revista\/wp-content\/uploads\/2025\/07\/emprendimiento-miubella-samayac-soymigrante-mercado-2-1024x704.jpg\" class=\"attachment-large size-large wp-image-40211\" alt=\"Trabajadoras mexicanas en un taller de costura produciendo ropa, mostrando la importancia de la fuerza laboral migrante en sectores textiles en M\u00e9xico.\" srcset=\"https:\/\/soymigrante.com\/revista\/wp-content\/uploads\/2025\/07\/emprendimiento-miubella-samayac-soymigrante-mercado-2-1024x704.jpg 1024w, https:\/\/soymigrante.com\/revista\/wp-content\/uploads\/2025\/07\/emprendimiento-miubella-samayac-soymigrante-mercado-2-300x206.jpg 300w, https:\/\/soymigrante.com\/revista\/wp-content\/uploads\/2025\/07\/emprendimiento-miubella-samayac-soymigrante-mercado-2-768x528.jpg 768w, https:\/\/soymigrante.com\/revista\/wp-content\/uploads\/2025\/07\/emprendimiento-miubella-samayac-soymigrante-mercado-2-1536x1057.jpg 1536w, https:\/\/soymigrante.com\/revista\/wp-content\/uploads\/2025\/07\/emprendimiento-miubella-samayac-soymigrante-mercado-2-2048x1409.jpg 2048w, https:\/\/soymigrante.com\/revista\/wp-content\/uploads\/2025\/07\/emprendimiento-miubella-samayac-soymigrante-mercado-2-750x516.webp 750w, https:\/\/soymigrante.com\/revista\/wp-content\/uploads\/2025\/07\/emprendimiento-miubella-samayac-soymigrante-mercado-2-1140x784.webp 1140w, https:\/\/soymigrante.com\/revista\/wp-content\/uploads\/2025\/07\/emprendimiento-miubella-samayac-soymigrante-mercado-2-scaled.webp 1920w\" sizes=\"(max-width: 1024px) 100vw, 1024px\" title=\"Adem\u00e1s de dise\u00f1ar y confeccionar ellas mismas sus prendas, Anabela y Miurel aportan a la comunidad, a trav\u00e9s de permitir el uso de sus m\u00e1quinas para talleres de corte y confecci\u00f3n brindados por organizaciones no gubernamentales. Ellas devuelven as\u00ed el aporte que alguna vez recibieron y que les ayuda en su \u00e9xito creciente. \u2013 SoyMigrante.com REVISTA\" \/>\t\t\t\t\t\t\t\t\t\t\t<figcaption class=\"widget-image-caption wp-caption-text\">Mujeres costureras trabajando en una f\u00e1brica textil, demostrando la labor de migrantes en el sector de la confecci\u00f3n en condiciones de trabajo.<\/figcaption>\n\t\t\t\t\t\t\t\t\t\t<\/figure>\n\t\t\t\t\t\t\t\t\t<\/div>\n\t\t\t\t\t<\/div>\n\t\t\t\t<\/div>\n\t\t<div data-particle_enable=\"false\" data-particle-mobile-disabled=\"false\" class=\"elementor-element elementor-element-9bc5616 e-flex e-con-boxed e-con e-parent\" data-id=\"9bc5616\" data-element_type=\"container\" data-e-type=\"container\">\n\t\t\t\t\t<div class=\"e-con-inner\">\n\t\t\t\t<div class=\"elementor-element elementor-element-20b3463 elementor-widget elementor-widget-heading\" data-id=\"20b3463\" data-element_type=\"widget\" data-e-type=\"widget\" data-widget_type=\"heading.default\">\n\t\t\t\t\t<h2 class=\"elementor-heading-title elementor-size-default\">En MERCADO apoyamos al talento guatemalteco: conoce m\u00e1s tiendas<\/h2>\t\t\t\t<\/div>\n\t\t\t\t\t<\/div>\n\t\t\t\t<\/div>\n\t\t<div data-particle_enable=\"false\" data-particle-mobile-disabled=\"false\" class=\"elementor-element elementor-element-d6df06f e-flex e-con-boxed e-con e-parent\" data-id=\"d6df06f\" data-element_type=\"container\" data-e-type=\"container\">\n\t\t\t\t\t<div class=\"e-con-inner\">\n\t\t\t\t<div class=\"elementor-element elementor-element-f1d40bc elementor-grid-eael-col-3 elementor-grid-tablet-eael-col-2 elementor-grid-mobile-eael-col-1 elementor-invisible elementor-widget elementor-widget-eael-post-grid\" data-id=\"f1d40bc\" data-element_type=\"widget\" data-e-type=\"widget\" data-settings=\"{&quot;eael_post_grid_columns&quot;:&quot;eael-col-3&quot;,&quot;_animation&quot;:&quot;rollIn&quot;,&quot;eael_post_grid_columns_tablet&quot;:&quot;eael-col-2&quot;,&quot;eael_post_grid_columns_mobile&quot;:&quot;eael-col-1&quot;}\" data-widget_type=\"eael-post-grid.default\">\n\t\t\t\t\t<div id=\"eael-post-grid-f1d40bc\" class=\"eael-post-grid-container\">\n            <div class=\"eael-post-grid eael-post-appender eael-post-appender-f1d40bc eael-post-grid-style-one\" data-layout-mode=\"masonry\"><article class=\"eael-grid-post  eael-post-grid-column eael-pg-post-55287 category-bienestar tags-mercado-emprendedores\" data-id=\"55287\">\n        <div class=\"eael-grid-post-holder\">\n            <div class=\"eael-grid-post-holder-inner\"><div class=\"eael-entry-media\"><div class=\"eael-entry-overlay fade-in\"><i class=\"far fa-hand-pointer\" aria-hidden=\"true\"><\/i><a href=\"https:\/\/soymigrante.com\/revista\/estrategias-para-fidelizar-clientes-pequenas-acciones-que-te-ayudaran-en-el-comercio-digital\/\"><\/a><\/div><div class=\"eael-entry-thumbnail \">\n                <img loading=\"lazy\" decoding=\"async\" width=\"1024\" height=\"1024\" src=\"https:\/\/soymigrante.com\/revista\/wp-content\/uploads\/2026\/04\/vendedora-soymigrantecom-emprendimiento-emprendedora-comercio-digital.png\" class=\"attachment-large size-large wp-image-55288\" alt=\"Woman in a colorful patterned dress unpacks a gift box with a tied paper wrapping and a handwritten note reading &#039;\u00a1Gracias por apoyar mi sue\u00f1o!&#039; in a craft shop with shelves and plants behind her.\" srcset=\"https:\/\/soymigrante.com\/revista\/wp-content\/uploads\/2026\/04\/vendedora-soymigrantecom-emprendimiento-emprendedora-comercio-digital.png 1024w, https:\/\/soymigrante.com\/revista\/wp-content\/uploads\/2026\/04\/vendedora-soymigrantecom-emprendimiento-emprendedora-comercio-digital-300x300.png 300w, https:\/\/soymigrante.com\/revista\/wp-content\/uploads\/2026\/04\/vendedora-soymigrantecom-emprendimiento-emprendedora-comercio-digital-150x150.png 150w, https:\/\/soymigrante.com\/revista\/wp-content\/uploads\/2026\/04\/vendedora-soymigrantecom-emprendimiento-emprendedora-comercio-digital-768x768.png 768w, https:\/\/soymigrante.com\/revista\/wp-content\/uploads\/2026\/04\/vendedora-soymigrantecom-emprendimiento-emprendedora-comercio-digital-75x75.png 75w, https:\/\/soymigrante.com\/revista\/wp-content\/uploads\/2026\/04\/vendedora-soymigrantecom-emprendimiento-emprendedora-comercio-digital-750x750.png 750w\" sizes=\"(max-width: 1024px) 100vw, 1024px\" \/>\n            <\/div>\n        <\/div><div class=\"eael-entry-wrapper\"><header class=\"eael-entry-header\"><h2 class=\"eael-entry-title\"><a class=\"eael-grid-post-link\" href=\"https:\/\/soymigrante.com\/revista\/estrategias-para-fidelizar-clientes-pequenas-acciones-que-te-ayudaran-en-el-comercio-digital\/\" title=\"Estrategias para fidelizar clientes: peque\u00f1as acciones que te ayudar\u00e1n en el comercio digital\">Estrategias para fidelizar clientes: peque\u00f1as acciones que te ayudar\u00e1n en el comercio digital<\/a><\/h2><\/header><div class=\"eael-entry-content\">\n                        <div class=\"eael-grid-post-excerpt\"><a href=\"https:\/\/soymigrante.com\/revista\/estrategias-para-fidelizar-clientes-pequenas-acciones-que-te-ayudaran-en-el-comercio-digital\/\" class=\"eael-post-elements-readmore-btn\">CONOCE SU HISTORIA <\/a><\/div>\n                    <\/div><\/div><\/div>\n        <\/div>\n    <\/article><article class=\"eael-grid-post  eael-post-grid-column eael-pg-post-55228 category-guate-nuestra tags-mercado-emprendedores\" data-id=\"55228\">\n        <div class=\"eael-grid-post-holder\">\n            <div class=\"eael-grid-post-holder-inner\"><div class=\"eael-entry-media\"><div class=\"eael-entry-overlay fade-in\"><i class=\"far fa-hand-pointer\" aria-hidden=\"true\"><\/i><a href=\"https:\/\/soymigrante.com\/revista\/libros-guatemaltecos-dia-internacional-del-libro-festeja-inspirate-mercado\/\"><\/a><\/div><div class=\"eael-entry-thumbnail \">\n                <img loading=\"lazy\" decoding=\"async\" width=\"1024\" height=\"1024\" src=\"https:\/\/soymigrante.com\/revista\/wp-content\/uploads\/2026\/04\/DIA-DEL-LIBRO-SOYMIGRANTE-MERCADO-1024x1024.png\" class=\"attachment-large size-large wp-image-55229\" alt=\"DIA DEL LIBRO SOYMIGRANTE MERCADO\" srcset=\"https:\/\/soymigrante.com\/revista\/wp-content\/uploads\/2026\/04\/DIA-DEL-LIBRO-SOYMIGRANTE-MERCADO-1024x1024.png 1024w, https:\/\/soymigrante.com\/revista\/wp-content\/uploads\/2026\/04\/DIA-DEL-LIBRO-SOYMIGRANTE-MERCADO-300x300.png 300w, https:\/\/soymigrante.com\/revista\/wp-content\/uploads\/2026\/04\/DIA-DEL-LIBRO-SOYMIGRANTE-MERCADO-150x150.png 150w, https:\/\/soymigrante.com\/revista\/wp-content\/uploads\/2026\/04\/DIA-DEL-LIBRO-SOYMIGRANTE-MERCADO-768x768.png 768w, https:\/\/soymigrante.com\/revista\/wp-content\/uploads\/2026\/04\/DIA-DEL-LIBRO-SOYMIGRANTE-MERCADO-75x75.png 75w, https:\/\/soymigrante.com\/revista\/wp-content\/uploads\/2026\/04\/DIA-DEL-LIBRO-SOYMIGRANTE-MERCADO-750x750.png 750w, https:\/\/soymigrante.com\/revista\/wp-content\/uploads\/2026\/04\/DIA-DEL-LIBRO-SOYMIGRANTE-MERCADO-1140x1140.png 1140w, https:\/\/soymigrante.com\/revista\/wp-content\/uploads\/2026\/04\/DIA-DEL-LIBRO-SOYMIGRANTE-MERCADO.png 1200w\" sizes=\"(max-width: 1024px) 100vw, 1024px\" \/>\n            <\/div>\n        <\/div><div class=\"eael-entry-wrapper\"><header class=\"eael-entry-header\"><h2 class=\"eael-entry-title\"><a class=\"eael-grid-post-link\" href=\"https:\/\/soymigrante.com\/revista\/libros-guatemaltecos-dia-internacional-del-libro-festeja-inspirate-mercado\/\" title=\"Celebra el D\u00eda del Libro con inspiraci\u00f3n 100% guatemalteca: adquiere, disfruta u obsequia en MERCADO\">Celebra el D\u00eda del Libro con inspiraci\u00f3n 100% guatemalteca: adquiere, disfruta u obsequia en MERCADO<\/a><\/h2><\/header><div class=\"eael-entry-content\">\n                        <div class=\"eael-grid-post-excerpt\"><a href=\"https:\/\/soymigrante.com\/revista\/libros-guatemaltecos-dia-internacional-del-libro-festeja-inspirate-mercado\/\" class=\"eael-post-elements-readmore-btn\">CONOCE SU HISTORIA <\/a><\/div>\n                    <\/div><\/div><\/div>\n        <\/div>\n    <\/article><article class=\"eael-grid-post  eael-post-grid-column eael-pg-post-55055 category-guate-nuestra tags-mercado-emprendedores\" data-id=\"55055\">\n        <div class=\"eael-grid-post-holder\">\n            <div class=\"eael-grid-post-holder-inner\"><div class=\"eael-entry-media\"><div class=\"eael-entry-overlay fade-in\"><i class=\"far fa-hand-pointer\" aria-hidden=\"true\"><\/i><a href=\"https:\/\/soymigrante.com\/revista\/dia-mundial-del-emprendimiento-16-historias-llenas-de-trabajo-y-creatividad-presentes-en-mercado\/\"><\/a><\/div><div class=\"eael-entry-thumbnail \">\n                <img loading=\"lazy\" decoding=\"async\" width=\"1024\" height=\"1024\" src=\"https:\/\/soymigrante.com\/revista\/wp-content\/uploads\/2026\/04\/SOYMIGRANTECOM-MERCADO-DIA-MUNDIAL-DEL-EMPRENDEDOR.png\" class=\"attachment-large size-large wp-image-55056\" alt=\"SOYMIGRANTECOM MERCADO DIA MUNDIAL DEL EMPRENDEDOR\" srcset=\"https:\/\/soymigrante.com\/revista\/wp-content\/uploads\/2026\/04\/SOYMIGRANTECOM-MERCADO-DIA-MUNDIAL-DEL-EMPRENDEDOR.png 1024w, https:\/\/soymigrante.com\/revista\/wp-content\/uploads\/2026\/04\/SOYMIGRANTECOM-MERCADO-DIA-MUNDIAL-DEL-EMPRENDEDOR-300x300.png 300w, https:\/\/soymigrante.com\/revista\/wp-content\/uploads\/2026\/04\/SOYMIGRANTECOM-MERCADO-DIA-MUNDIAL-DEL-EMPRENDEDOR-150x150.png 150w, https:\/\/soymigrante.com\/revista\/wp-content\/uploads\/2026\/04\/SOYMIGRANTECOM-MERCADO-DIA-MUNDIAL-DEL-EMPRENDEDOR-768x768.png 768w, https:\/\/soymigrante.com\/revista\/wp-content\/uploads\/2026\/04\/SOYMIGRANTECOM-MERCADO-DIA-MUNDIAL-DEL-EMPRENDEDOR-75x75.png 75w, https:\/\/soymigrante.com\/revista\/wp-content\/uploads\/2026\/04\/SOYMIGRANTECOM-MERCADO-DIA-MUNDIAL-DEL-EMPRENDEDOR-750x750.png 750w\" sizes=\"(max-width: 1024px) 100vw, 1024px\" \/>\n            <\/div>\n        <\/div><div class=\"eael-entry-wrapper\"><header class=\"eael-entry-header\"><h2 class=\"eael-entry-title\"><a class=\"eael-grid-post-link\" href=\"https:\/\/soymigrante.com\/revista\/dia-mundial-del-emprendimiento-16-historias-llenas-de-trabajo-y-creatividad-presentes-en-mercado\/\" title=\"D\u00eda Mundial del Emprendimiento: 16 historias llenas de  trabajo y creatividad presentes en MERCADO\">D\u00eda Mundial del Emprendimiento: 16 historias llenas de  trabajo y creatividad presentes en MERCADO<\/a><\/h2><\/header><div class=\"eael-entry-content\">\n                        <div class=\"eael-grid-post-excerpt\"><a href=\"https:\/\/soymigrante.com\/revista\/dia-mundial-del-emprendimiento-16-historias-llenas-de-trabajo-y-creatividad-presentes-en-mercado\/\" class=\"eael-post-elements-readmore-btn\">CONOCE SU HISTORIA <\/a><\/div>\n                    <\/div><\/div><\/div>\n        <\/div>\n    <\/article><\/div>\n            <div class=\"clearfix\"><\/div>\n        <\/div>            <div class=\"eael-load-more-button-wrap eael-force-hide\">\n                <button class=\"eael-load-more-button\" id=\"eael-load-more-btn-f1d40bc\" data-widget-id=\"f1d40bc\" data-widget=\"f1d40bc\" data-page-id=\"40195\" data-template=\"{&quot;dir&quot;:&quot;lite&quot;,&quot;file_name&quot;:&quot;one.php&quot;,&quot;name&quot;:&quot;Post-Grid&quot;}\" data-class=\"Essential_Addons_Elementor\\Elements\\Post_Grid\" data-layout=\"masonry\" data-page=\"1\" data-args=\"orderby=date&amp;order=desc&amp;ignore_sticky_posts=1&amp;post_status=publish&amp;posts_per_page=3&amp;offset=0&amp;post_type=post&amp;tax_query%5B0%5D%5Btaxonomy%5D=post_tag&amp;tax_query%5B0%5D%5Bfield%5D=term_id&amp;tax_query%5B0%5D%5Bterms%5D%5B0%5D=130&amp;tax_query%5Brelation%5D=AND\" data-max-page=\"35\">\n                    <span class=\"eael-btn-loader button__loader\"><\/span>\n                    <span class=\"eael_load_more_text\">Load More<\/span>\n                <\/button>\n            <\/div>\n            \t\t\t\t<\/div>\n\t\t\t\t\t<\/div>\n\t\t\t\t<\/div>\n\t\t\t\t<\/div>\n\t\t","protected":false},"excerpt":{"rendered":"<p>Ante la falta de oportunidades laborales Miurel y Anabella, originarias de Samayac, Suchitep\u00e9quez, se lanzaron a emprender su tienda de ropa. Ahora est\u00e1n en SoyMigrante.com MERCADO y esta es su historia. En 2018, con apenas 17 a\u00f1os y reci\u00e9n graduadas de perito en Administraci\u00f3n de Empresas, Miurel Solval y Anabela del Rosario Mej\u00eda Ram\u00edrez, amigas [&hellip;]<\/p>\n","protected":false},"author":7,"featured_media":40198,"comment_status":"open","ping_status":"open","sticky":false,"template":"","format":"standard","meta":{"_acf_changed":false,"_eb_attr":"","footnotes":""},"categories":[58],"tags":[130],"class_list":["post-40195","post","type-post","status-publish","format-standard","has-post-thumbnail","hentry","category-guate-nuestra","tag-mercado-emprendedores"],"acf":[],"aioseo_notices":[],"aioseo_head":"\n\t\t<!-- All in One SEO Pro 4.9.6.2 - aioseo.com -->\n\t<meta name=\"description\" content=\"SoyMigrante.com MERCADO es una plataforma abierta a todos los emprendedores y artesanos guatemaltecos. Estas son historias inspiradoras \u00a1Felicidades y adelante!\" \/>\n\t<meta name=\"robots\" content=\"max-snippet:-1, max-image-preview:large, max-video-preview:-1\" \/>\n\t<meta name=\"author\" content=\"SoyMigrante.com REVISTA\"\/>\n\t<link rel=\"canonical\" href=\"https:\/\/soymigrante.com\/revista\/dia-mundial-del-emprendimiento-16-historias-llenas-de-trabajo-y-creatividad-presentes-en-mercado\/\" \/>\n\t<meta name=\"generator\" content=\"All in One SEO Pro (AIOSEO) 4.9.6.2\" \/>\n\n\t\t<link rel=\"preconnect\" href=\"https:\/\/fonts.googleapis.com\" crossorigin>\n<link rel=\"preconnect\" href=\"https:\/\/fonts.gstatic.com\" crossorigin>\n\t\t<meta property=\"og:locale\" content=\"es_ES\" \/>\n\t\t<meta property=\"og:site_name\" content=\"SoyMigrante.com REVISTA \u2013 Nuestra misi\u00f3n es reconocer y dignificar al migrante.\" \/>\n\t\t<meta property=\"og:type\" content=\"article\" \/>\n\t\t<meta property=\"og:title\" content=\"Celebremos el D\u00eda Mundial del Emprendimiento apoy\u00e1ndolo\" \/>\n\t\t<meta property=\"og:description\" content=\"SoyMigrante.com MERCADO es una plataforma abierta a todos los emprendedores y artesanos guatemaltecos. Estas son historias inspiradoras \u00a1Felicidades y adelante!\" \/>\n\t\t<meta property=\"og:url\" content=\"https:\/\/soymigrante.com\/revista\/dia-mundial-del-emprendimiento-16-historias-llenas-de-trabajo-y-creatividad-presentes-en-mercado\/\" \/>\n\t\t<meta property=\"og:image\" content=\"https:\/\/soymigrante.com\/revista\/wp-content\/uploads\/2026\/04\/SOYMIGRANTECOM-MERCADO-DIA-MUNDIAL-DEL-EMPRENDEDOR.png\" \/>\n\t\t<meta property=\"og:image:secure_url\" content=\"https:\/\/soymigrante.com\/revista\/wp-content\/uploads\/2026\/04\/SOYMIGRANTECOM-MERCADO-DIA-MUNDIAL-DEL-EMPRENDEDOR.png\" \/>\n\t\t<meta property=\"og:image:width\" content=\"1024\" \/>\n\t\t<meta property=\"og:image:height\" content=\"1024\" \/>\n\t\t<meta property=\"article:published_time\" content=\"2026-04-16T17:15:21+00:00\" \/>\n\t\t<meta property=\"article:modified_time\" content=\"2026-04-16T17:32:59+00:00\" \/>\n\t\t<meta property=\"article:publisher\" content=\"https:\/\/www.facebook.com\/soymigrantecom\" \/>\n\t\t<meta name=\"twitter:card\" content=\"summary_large_image\" \/>\n\t\t<meta name=\"twitter:site\" content=\"@SoyMigrante_com\" \/>\n\t\t<meta name=\"twitter:title\" content=\"Celebremos el D\u00eda Mundial del Emprendimiento apoy\u00e1ndolo\" \/>\n\t\t<meta name=\"twitter:description\" content=\"SoyMigrante.com MERCADO es una plataforma abierta a todos los emprendedores y artesanos guatemaltecos. Estas son historias inspiradoras \u00a1Felicidades y adelante!\" \/>\n\t\t<meta name=\"twitter:creator\" content=\"@SoyMigrante_com\" \/>\n\t\t<meta name=\"twitter:image\" content=\"https:\/\/soymigrante.com\/revista\/wp-content\/uploads\/2026\/04\/SOYMIGRANTECOM-MERCADO-DIA-MUNDIAL-DEL-EMPRENDEDOR.png\" \/>\n\t\t<!-- All in One SEO Pro -->\r\n\t\t<title>Celebremos el D\u00eda Mundial del Emprendimiento apoy\u00e1ndolo<\/title>\n\n","aioseo_head_json":{"title":"Celebremos el D\u00eda Mundial del Emprendimiento apoy\u00e1ndolo","description":"SoyMigrante.com MERCADO es una plataforma abierta a todos los emprendedores y artesanos guatemaltecos. Estas son historias inspiradoras \u00a1Felicidades y adelante!","canonical_url":"https:\/\/soymigrante.com\/revista\/dia-mundial-del-emprendimiento-16-historias-llenas-de-trabajo-y-creatividad-presentes-en-mercado\/","robots":"max-snippet:-1, max-image-preview:large, max-video-preview:-1","keywords":"","webmasterTools":{"miscellaneous":"&lt;link rel=\"preconnect\" href=\"https:\/\/fonts.googleapis.com\" crossorigin&gt;\n&lt;link rel=\"preconnect\" href=\"https:\/\/fonts.gstatic.com\" crossorigin&gt;"},"schema":null,"og:locale":"es_ES","og:site_name":"SoyMigrante.com REVISTA \u2013 Nuestra misi\u00f3n es reconocer y dignificar al migrante.","og:type":"article","og:title":"Celebremos el D\u00eda Mundial del Emprendimiento apoy\u00e1ndolo","og:description":"SoyMigrante.com MERCADO es una plataforma abierta a todos los emprendedores y artesanos guatemaltecos. Estas son historias inspiradoras \u00a1Felicidades y adelante!","og:url":"https:\/\/soymigrante.com\/revista\/dia-mundial-del-emprendimiento-16-historias-llenas-de-trabajo-y-creatividad-presentes-en-mercado\/","og:image":"https:\/\/soymigrante.com\/revista\/wp-content\/uploads\/2026\/04\/SOYMIGRANTECOM-MERCADO-DIA-MUNDIAL-DEL-EMPRENDEDOR.png","og:image:secure_url":"https:\/\/soymigrante.com\/revista\/wp-content\/uploads\/2026\/04\/SOYMIGRANTECOM-MERCADO-DIA-MUNDIAL-DEL-EMPRENDEDOR.png","og:image:width":1024,"og:image:height":1024,"article:published_time":"2026-04-16T17:15:21+00:00","article:modified_time":"2026-04-16T17:32:59+00:00","article:publisher":"https:\/\/www.facebook.com\/soymigrantecom","twitter:card":"summary_large_image","twitter:site":"@SoyMigrante_com","twitter:title":"Celebremos el D\u00eda Mundial del Emprendimiento apoy\u00e1ndolo","twitter:description":"SoyMigrante.com MERCADO es una plataforma abierta a todos los emprendedores y artesanos guatemaltecos. Estas son historias inspiradoras \u00a1Felicidades y adelante!","twitter:creator":"@SoyMigrante_com","twitter:image":"https:\/\/soymigrante.com\/revista\/wp-content\/uploads\/2026\/04\/SOYMIGRANTECOM-MERCADO-DIA-MUNDIAL-DEL-EMPRENDEDOR.png"},"aioseo_meta_data":{"post_id":"40195","title":null,"description":null,"keywords":null,"keyphrases":{"focus":{"keyphrase":"Miubela","score":0,"analysis":[]}},"primary_term":null,"canonical_url":null,"og_title":null,"og_description":null,"og_object_type":"default","og_image_type":"default","og_image_url":null,"og_image_width":null,"og_image_height":null,"og_image_custom_url":null,"og_image_custom_fields":null,"og_video":"","og_custom_url":null,"og_article_section":null,"og_article_tags":null,"twitter_use_og":false,"twitter_card":"default","twitter_image_type":"default","twitter_image_url":null,"twitter_image_custom_url":null,"twitter_image_custom_fields":null,"twitter_title":null,"twitter_description":null,"schema":{"blockGraphs":[],"customGraphs":[],"default":{"data":{"Article":[],"Course":[],"Dataset":[],"FAQPage":[],"Movie":[],"Person":[],"Product":[],"ProductReview":[],"Car":[],"Recipe":[],"Service":[],"SoftwareApplication":[],"WebPage":[]},"graphName":"none","isEnabled":true},"graphs":[]},"schema_type":"default","schema_type_options":null,"pillar_content":false,"robots_default":true,"robots_noindex":false,"robots_noarchive":false,"robots_nosnippet":false,"robots_nofollow":false,"robots_noimageindex":false,"robots_noodp":false,"robots_notranslate":false,"robots_max_snippet":"-1","robots_max_videopreview":"-1","robots_max_imagepreview":"large","priority":null,"frequency":"default","local_seo":null,"seo_analyzer_scan_date":"2026-01-12 20:32:44","breadcrumb_settings":null,"limit_modified_date":false,"reviewed_by":"0","open_ai":null,"ai":{"faqs":[],"keyPoints":[],"titles":[],"descriptions":[],"socialPosts":{"email":[],"linkedin":[],"twitter":[],"facebook":[],"instagram":[]}},"created":"2025-07-23 20:06:57","updated":"2026-02-05 03:04:11"},"aioseo_breadcrumb":"<div class=\"aioseo-breadcrumbs\"><span class=\"aioseo-breadcrumb\">\n\t<a href=\"https:\/\/soymigrante.com\/revista\" title=\"Home\">Home<\/a>\n<\/span><span class=\"aioseo-breadcrumb-separator\">\u00bb<\/span><span class=\"aioseo-breadcrumb\">\n\t<a href=\"https:\/\/soymigrante.com\/revista\/category\/guate-nuestra\/\" title=\"Guate Nuestra\">Guate Nuestra<\/a>\n<\/span><span class=\"aioseo-breadcrumb-separator\">\u00bb<\/span><span class=\"aioseo-breadcrumb\">\n\tMiubela es un joven emprendimiento textil desde Samayac a MERCADO\n<\/span><\/div>","aioseo_breadcrumb_json":[{"label":"Home","link":"https:\/\/soymigrante.com\/revista"},{"label":"Guate Nuestra","link":"https:\/\/soymigrante.com\/revista\/category\/guate-nuestra\/"},{"label":"Miubela es un joven emprendimiento textil desde Samayac a MERCADO","link":"https:\/\/soymigrante.com\/revista\/miubela-es-un-joven-emprendimiento-textil-desde-samayac-a-mercado\/"}],"_links":{"self":[{"href":"https:\/\/soymigrante.com\/revista\/wp-json\/wp\/v2\/posts\/40195","targetHints":{"allow":["GET"]}}],"collection":[{"href":"https:\/\/soymigrante.com\/revista\/wp-json\/wp\/v2\/posts"}],"about":[{"href":"https:\/\/soymigrante.com\/revista\/wp-json\/wp\/v2\/types\/post"}],"author":[{"embeddable":true,"href":"https:\/\/soymigrante.com\/revista\/wp-json\/wp\/v2\/users\/7"}],"replies":[{"embeddable":true,"href":"https:\/\/soymigrante.com\/revista\/wp-json\/wp\/v2\/comments?post=40195"}],"version-history":[{"count":7,"href":"https:\/\/soymigrante.com\/revista\/wp-json\/wp\/v2\/posts\/40195\/revisions"}],"predecessor-version":[{"id":40222,"href":"https:\/\/soymigrante.com\/revista\/wp-json\/wp\/v2\/posts\/40195\/revisions\/40222"}],"wp:featuredmedia":[{"embeddable":true,"href":"https:\/\/soymigrante.com\/revista\/wp-json\/wp\/v2\/media\/40198"}],"wp:attachment":[{"href":"https:\/\/soymigrante.com\/revista\/wp-json\/wp\/v2\/media?parent=40195"}],"wp:term":[{"taxonomy":"category","embeddable":true,"href":"https:\/\/soymigrante.com\/revista\/wp-json\/wp\/v2\/categories?post=40195"},{"taxonomy":"post_tag","embeddable":true,"href":"https:\/\/soymigrante.com\/revista\/wp-json\/wp\/v2\/tags?post=40195"}],"curies":[{"name":"wp","href":"https:\/\/api.w.org\/{rel}","templated":true}]}}