{"id":40180,"date":"2025-07-24T06:14:46","date_gmt":"2025-07-24T12:14:46","guid":{"rendered":"https:\/\/soymigrante.com\/revista\/?p=40180"},"modified":"2025-07-24T06:14:56","modified_gmt":"2025-07-24T12:14:56","slug":"estudiante-arturo-maldonado-es-la-estrella-guatemalteca-que-brilla-en-el-cosmos-global","status":"publish","type":"post","link":"https:\/\/soymigrante.com\/revista\/estudiante-arturo-maldonado-es-la-estrella-guatemalteca-que-brilla-en-el-cosmos-global\/","title":{"rendered":"Estudiante Arturo Maldonado es la estrella guatemalteca que brilla en el Cosmos Global."},"content":{"rendered":"\t\t<div data-elementor-type=\"wp-post\" data-elementor-id=\"40180\" class=\"elementor elementor-40180\" data-elementor-post-type=\"post\">\n\t\t\t\t<div data-particle_enable=\"false\" data-particle-mobile-disabled=\"false\" class=\"elementor-element elementor-element-99430dd e-flex e-con-boxed e-con e-parent\" data-id=\"99430dd\" data-element_type=\"container\" data-e-type=\"container\">\n\t\t\t\t\t<div class=\"e-con-inner\">\n\t\t\t\t<div class=\"elementor-element elementor-element-2076fa4 elementor-widget elementor-widget-heading\" data-id=\"2076fa4\" data-element_type=\"widget\" data-e-type=\"widget\" data-widget_type=\"heading.default\">\n\t\t\t\t\t<h2 class=\"elementor-heading-title elementor-size-default\">Arturo Maldonado es un joven con potencial de so\u00f1ar y cumplir sus sue\u00f1os en el Cosmos Global. <\/h2>\t\t\t\t<\/div>\n\t\t\t\t\t<\/div>\n\t\t\t\t<\/div>\n\t\t<div data-particle_enable=\"false\" data-particle-mobile-disabled=\"false\" class=\"elementor-element elementor-element-f0995b7 e-flex e-con-boxed e-con e-parent\" data-id=\"f0995b7\" data-element_type=\"container\" data-e-type=\"container\">\n\t\t\t\t\t<div class=\"e-con-inner\">\n\t\t\t\t<div class=\"elementor-element elementor-element-7dc22b9 elementor-widget elementor-widget-text-editor\" data-id=\"7dc22b9\" data-element_type=\"widget\" data-e-type=\"widget\" data-widget_type=\"text-editor.default\">\n\t\t\t\t\t\t\t\t\t<p>En un mundo donde las narrativas sobre j\u00f3venes latinoamericanos frecuentemente se centran en limitaciones y desaf\u00edos, la historia de Arturo Maldonado emerge como un faro de esperanza que ilumina el potencial ilimitado de la juventud guatemalteca. <a href=\"https:\/\/globalteacherprize.org\/pages\/globalstudentprize\" target=\"_blank\" rel=\"noopener\">Este joven de Guatemala no solo ha conquistado las olimpiadas cient\u00edficas internacionales, sino que ha redefinido lo que significa ser un l\u00edder cient\u00edfico en el siglo XXI.<\/a><\/p><p>La trayectoria de Arturo comenz\u00f3 con una curiosidad infantil sobre los agujeros negros a los cinco a\u00f1os, una pregunta que muchos padres podr\u00edan haber descartado como fantas\u00eda pasajera. Sin embargo, esa chispa de curiosidad se convirti\u00f3 en una llama que ha iluminado no solo su propio camino, sino el de cientos de j\u00f3venes guatemaltecos que ahora ven en la ciencia una posibilidad real de transformaci\u00f3n personal y social.<\/p><p>Como finalista del <a href=\"https:\/\/globalteacherprize.org\/pages\/globalstudentprize\" target=\"_blank\" rel=\"noopener\">Global Student Prize 2025<\/a>, Arturo representa m\u00e1s que un logro individual; encarna la capacidad de los j\u00f3venes migrantes y sus comunidades de origen para contribuir significativamente al conocimiento global. Sus m\u00e1s de 25 distinciones internacionales en matem\u00e1ticas, f\u00edsica, programaci\u00f3n y astronom\u00eda no son solo medallas en una vitrina, sino testimonios vivientes de que el talento no conoce fronteras geogr\u00e1ficas ni limitaciones socioecon\u00f3micas.<\/p>\t\t\t\t\t\t\t\t<\/div>\n\t\t\t\t\t<\/div>\n\t\t\t\t<\/div>\n\t\t<div data-particle_enable=\"false\" data-particle-mobile-disabled=\"false\" class=\"elementor-element elementor-element-119b337 e-flex e-con-boxed e-con e-parent\" data-id=\"119b337\" data-element_type=\"container\" data-e-type=\"container\">\n\t\t\t\t\t<div class=\"e-con-inner\">\n\t\t\t\t<div class=\"elementor-element elementor-element-210da36 elementor-widget elementor-widget-image\" data-id=\"210da36\" data-element_type=\"widget\" data-e-type=\"widget\" data-widget_type=\"image.default\">\n\t\t\t\t\t\t\t\t\t\t\t\t<figure class=\"wp-caption\">\n\t\t\t\t\t\t\t\t\t\t<img fetchpriority=\"high\" decoding=\"async\" width=\"598\" height=\"497\" src=\"https:\/\/soymigrante.com\/revista\/wp-content\/uploads\/2025\/07\/Arturo-Maldonado2.webp\" class=\"attachment-large size-large wp-image-40187\" alt=\"Ingeniero presentando una conferencia en un evento de SoyMigrante.com Revista, enfocado en tecnolog\u00eda, innovaci\u00f3n y migraci\u00f3n.\" srcset=\"https:\/\/soymigrante.com\/revista\/wp-content\/uploads\/2025\/07\/Arturo-Maldonado2.webp 598w, https:\/\/soymigrante.com\/revista\/wp-content\/uploads\/2025\/07\/Arturo-Maldonado2-300x250.webp 300w\" sizes=\"(max-width: 598px) 100vw, 598px\" title=\"Arturo Maldonado ha mantenido una actitud positiva ante las adversidades. (Foto: Redes sociales) \u2013 SoyMigrante.com REVISTA\" \/>\t\t\t\t\t\t\t\t\t\t\t<figcaption class=\"widget-image-caption wp-caption-text\">Conferencia sobre tecnolog\u00eda e innovaci\u00f3n en eventos de SoyMigrante.com Revista, resaltando temas de migrantes, desarrollo y estrategias digitales.<\/figcaption>\n\t\t\t\t\t\t\t\t\t\t<\/figure>\n\t\t\t\t\t\t\t\t\t<\/div>\n\t\t\t\t\t<\/div>\n\t\t\t\t<\/div>\n\t\t<div data-particle_enable=\"false\" data-particle-mobile-disabled=\"false\" class=\"elementor-element elementor-element-a5d6ce3 e-flex e-con-boxed e-con e-parent\" data-id=\"a5d6ce3\" data-element_type=\"container\" data-e-type=\"container\">\n\t\t\t\t\t<div class=\"e-con-inner\">\n\t\t\t\t<div class=\"elementor-element elementor-element-c1673e1 elementor-widget elementor-widget-heading\" data-id=\"c1673e1\" data-element_type=\"widget\" data-e-type=\"widget\" data-widget_type=\"heading.default\">\n\t\t\t\t\t<h3 class=\"elementor-heading-title elementor-size-default\">Talento y compromiso con el desarrollo <\/h3>\t\t\t\t<\/div>\n\t\t\t\t\t<\/div>\n\t\t\t\t<\/div>\n\t\t<div data-particle_enable=\"false\" data-particle-mobile-disabled=\"false\" class=\"elementor-element elementor-element-13f5980 e-flex e-con-boxed e-con e-parent\" data-id=\"13f5980\" data-element_type=\"container\" data-e-type=\"container\">\n\t\t\t\t\t<div class=\"e-con-inner\">\n\t\t\t\t<div class=\"elementor-element elementor-element-55ed188 elementor-widget elementor-widget-text-editor\" data-id=\"55ed188\" data-element_type=\"widget\" data-e-type=\"widget\" data-widget_type=\"text-editor.default\">\n\t\t\t\t\t\t\t\t\t<p>Lo que distingue a Arturo de otros j\u00f3venes talentosos es su compromiso inquebrantable con el desarrollo de su comunidad. <a href=\"https:\/\/globalteacherprize.org\/pages\/globalstudentprize\" target=\"_blank\" rel=\"noopener\">A trav\u00e9s de Beyondsight, su plataforma de divulgaci\u00f3n cient\u00edfica, ha democratizado el acceso al conocimiento astron\u00f3mico, llevando eventos de observaci\u00f3n estelar<\/a> y materiales educativos a j\u00f3venes que tradicionalmente han estado excluidos de oportunidades cient\u00edficas. Esta visi\u00f3n de ciencia inclusiva refleja los valores m\u00e1s profundos de la migraci\u00f3n positiva: el compromiso de elevar a toda la comunidad, no solo al individuo.<\/p><p>Su rol como Coordinador Nacional de la Olimpiada de Astronom\u00eda de Guatemala ha transformado la participaci\u00f3n del pa\u00eds en competencias internacionales. Bajo su liderazgo, el equipo guatemalteco obtuvo tres menciones honor\u00edficas en la Olimpiada OLAA de Astronom\u00eda 2024, demostrando que con mentor\u00eda adecuada y oportunidades estructuradas, los j\u00f3venes guatemaltecos pueden competir exitosamente en escenarios globales.<\/p>\t\t\t\t\t\t\t\t<\/div>\n\t\t\t\t\t<\/div>\n\t\t\t\t<\/div>\n\t\t<div data-particle_enable=\"false\" data-particle-mobile-disabled=\"false\" class=\"elementor-element elementor-element-2b89764 e-flex e-con-boxed e-con e-parent\" data-id=\"2b89764\" data-element_type=\"container\" data-e-type=\"container\">\n\t\t\t\t\t<div class=\"e-con-inner\">\n\t\t\t\t<div class=\"elementor-element elementor-element-a6961b2 elementor-widget elementor-widget-heading\" data-id=\"a6961b2\" data-element_type=\"widget\" data-e-type=\"widget\" data-widget_type=\"heading.default\">\n\t\t\t\t\t<h3 class=\"elementor-heading-title elementor-size-default\">Contribuci\u00f3n al avance del conocimiento humano<\/h3>\t\t\t\t<\/div>\n\t\t\t\t\t<\/div>\n\t\t\t\t<\/div>\n\t\t<div data-particle_enable=\"false\" data-particle-mobile-disabled=\"false\" class=\"elementor-element elementor-element-a8cebec e-flex e-con-boxed e-con e-parent\" data-id=\"a8cebec\" data-element_type=\"container\" data-e-type=\"container\">\n\t\t\t\t\t<div class=\"e-con-inner\">\n\t\t\t\t<div class=\"elementor-element elementor-element-c72a32c elementor-widget elementor-widget-text-editor\" data-id=\"c72a32c\" data-element_type=\"widget\" data-e-type=\"widget\" data-widget_type=\"text-editor.default\">\n\t\t\t\t\t\t\t\t\t<p><a href=\"https:\/\/globalteacherprize.org\/pages\/globalstudentprize\" target=\"_blank\" rel=\"noopener\">La participaci\u00f3n de Arturo en el descubrimiento de nueve nuevos asteroides a trav\u00e9s de la International Astronomical Search Collaboration<\/a> ilustra c\u00f3mo los j\u00f3venes migrantes y sus comunidades pueden contribuir directamente al avance del conocimiento humano. Su investigaci\u00f3n sobre asistentes de inteligencia artificial para misiones espaciales, presentada en la International Space Development Conference en Orlando, posiciona a Guatemala en la vanguardia de la innovaci\u00f3n tecnol\u00f3gica espacial.<\/p><p>Pero quiz\u00e1s el aspecto m\u00e1s inspirador de la historia de Arturo es su perspectiva espiritual sobre la ciencia. Su declaraci\u00f3n de que &#8220;a trav\u00e9s de la ciencia, Dios transform\u00f3 mi vida, y ahora, a trav\u00e9s de m\u00ed, \u00c9l transforma las vidas de muchos otros&#8221; revela una comprensi\u00f3n profunda de la ciencia como herramienta de servicio y transformaci\u00f3n social.<\/p>\t\t\t\t\t\t\t\t<\/div>\n\t\t\t\t\t<\/div>\n\t\t\t\t<\/div>\n\t\t<div data-particle_enable=\"false\" data-particle-mobile-disabled=\"false\" class=\"elementor-element elementor-element-9ff4006 e-flex e-con-boxed e-con e-parent\" data-id=\"9ff4006\" data-element_type=\"container\" data-e-type=\"container\">\n\t\t\t\t\t<div class=\"e-con-inner\">\n\t\t\t\t<div class=\"elementor-element elementor-element-7446852 elementor-widget elementor-widget-image\" data-id=\"7446852\" data-element_type=\"widget\" data-e-type=\"widget\" data-widget_type=\"image.default\">\n\t\t\t\t\t\t\t\t\t\t\t\t<figure class=\"wp-caption\">\n\t\t\t\t\t\t\t\t\t\t<img decoding=\"async\" width=\"617\" height=\"368\" src=\"https:\/\/soymigrante.com\/revista\/wp-content\/uploads\/2025\/07\/Arturo-Maldonado3.webp\" class=\"attachment-large size-large wp-image-40188\" alt=\"Impulsor en un evento sobre migraci\u00f3n y sostenibilidad en una conferencia internacional.\" srcset=\"https:\/\/soymigrante.com\/revista\/wp-content\/uploads\/2025\/07\/Arturo-Maldonado3.webp 617w, https:\/\/soymigrante.com\/revista\/wp-content\/uploads\/2025\/07\/Arturo-Maldonado3-300x179.png 300w\" sizes=\"(max-width: 617px) 100vw, 617px\" title=\"La participaci\u00f3n de Arturo Maldonado ilustra c\u00f3mo los j\u00f3venes migrantes y sus comunidades pueden contribuir directamente al avance del conocimiento humano. (Foto: Redes sociales) \u2013 SoyMigrante.com REVISTA\" \/>\t\t\t\t\t\t\t\t\t\t\t<figcaption class=\"widget-image-caption wp-caption-text\">Ponente en una charla sobre migraci\u00f3n y desarrollo en un evento de SoyMigrante.com REVISTA.<\/figcaption>\n\t\t\t\t\t\t\t\t\t\t<\/figure>\n\t\t\t\t\t\t\t\t\t<\/div>\n\t\t\t\t\t<\/div>\n\t\t\t\t<\/div>\n\t\t<div data-particle_enable=\"false\" data-particle-mobile-disabled=\"false\" class=\"elementor-element elementor-element-205b803 e-flex e-con-boxed e-con e-parent\" data-id=\"205b803\" data-element_type=\"container\" data-e-type=\"container\">\n\t\t\t\t\t<div class=\"e-con-inner\">\n\t\t\t\t<div class=\"elementor-element elementor-element-ad658f2 elementor-widget elementor-widget-heading\" data-id=\"ad658f2\" data-element_type=\"widget\" data-e-type=\"widget\" data-widget_type=\"heading.default\">\n\t\t\t\t\t<h3 class=\"elementor-heading-title elementor-size-default\">Su historia y la conexi\u00f3n migrante <\/h3>\t\t\t\t<\/div>\n\t\t\t\t\t<\/div>\n\t\t\t\t<\/div>\n\t\t<div data-particle_enable=\"false\" data-particle-mobile-disabled=\"false\" class=\"elementor-element elementor-element-928f129 e-flex e-con-boxed e-con e-parent\" data-id=\"928f129\" data-element_type=\"container\" data-e-type=\"container\">\n\t\t\t\t\t<div class=\"e-con-inner\">\n\t\t\t\t<div class=\"elementor-element elementor-element-6a06184 elementor-widget elementor-widget-text-editor\" data-id=\"6a06184\" data-element_type=\"widget\" data-e-type=\"widget\" data-widget_type=\"text-editor.default\">\n\t\t\t\t\t\t\t\t\t<p><a href=\"https:\/\/globalteacherprize.org\/pages\/globalstudentprize\" target=\"_blank\" rel=\"noopener\">La historia de Arturo Maldonado nos recuerda que los migrantes y sus comunidades no son solo beneficiarios de oportunidades,<\/a> sino creadores activos de conocimiento y l\u00edderes en la construcci\u00f3n de un futuro m\u00e1s brillante para toda la humanidad. Su ejemplo inspira a las nuevas generaciones a ver en la ciencia no solo una carrera, sino una misi\u00f3n de vida que trasciende fronteras y transforma comunidades.<\/p>\t\t\t\t\t\t\t\t<\/div>\n\t\t\t\t\t<\/div>\n\t\t\t\t<\/div>\n\t\t<div data-particle_enable=\"false\" data-particle-mobile-disabled=\"false\" class=\"elementor-element elementor-element-74d63dc e-flex e-con-boxed e-con e-parent\" data-id=\"74d63dc\" data-element_type=\"container\" data-e-type=\"container\">\n\t\t\t\t\t<div class=\"e-con-inner\">\n\t\t\t\t<div class=\"elementor-element elementor-element-0856de9 elementor-widget elementor-widget-heading\" data-id=\"0856de9\" data-element_type=\"widget\" data-e-type=\"widget\" data-widget_type=\"heading.default\">\n\t\t\t\t\t<h2 class=\"elementor-heading-title elementor-size-default\">Conoce otras historias inspiradoras, ac\u00e1...<\/h2>\t\t\t\t<\/div>\n\t\t\t\t\t<\/div>\n\t\t\t\t<\/div>\n\t\t<div data-particle_enable=\"false\" data-particle-mobile-disabled=\"false\" class=\"elementor-element elementor-element-8c43203 e-flex e-con-boxed e-con e-parent\" data-id=\"8c43203\" data-element_type=\"container\" data-e-type=\"container\">\n\t\t\t\t\t<div class=\"e-con-inner\">\n\t\t\t\t<div class=\"elementor-element elementor-element-5398d32 elementor-grid-eael-col-3 elementor-grid-tablet-eael-col-2 elementor-grid-mobile-eael-col-1 elementor-invisible elementor-widget elementor-widget-eael-post-grid\" data-id=\"5398d32\" data-element_type=\"widget\" data-e-type=\"widget\" data-settings=\"{&quot;eael_post_grid_columns&quot;:&quot;eael-col-3&quot;,&quot;_animation&quot;:&quot;rollIn&quot;,&quot;eael_post_grid_columns_tablet&quot;:&quot;eael-col-2&quot;,&quot;eael_post_grid_columns_mobile&quot;:&quot;eael-col-1&quot;}\" data-widget_type=\"eael-post-grid.default\">\n\t\t\t\t\t<div id=\"eael-post-grid-5398d32\" class=\"eael-post-grid-container\">\n            <div class=\"eael-post-grid eael-post-appender eael-post-appender-5398d32 eael-post-grid-style-one\" data-layout-mode=\"masonry\"><article class=\"eael-grid-post  eael-post-grid-column eael-pg-post-22673 category-exitos\" data-id=\"22673\">\n        <div class=\"eael-grid-post-holder\">\n            <div class=\"eael-grid-post-holder-inner\"><div class=\"eael-entry-media\"><div class=\"eael-entry-overlay fade-in\"><i class=\"far fa-hand-pointer\" aria-hidden=\"true\"><\/i><a href=\"https:\/\/soymigrante.com\/revista\/el-guatemalteco-estuardo-adhemar-es-exitoso-productor-musical-fotografo-y-videografo-en-chicago\/\"><\/a><\/div><div class=\"eael-entry-thumbnail \">\n                <img decoding=\"async\" width=\"1024\" height=\"1024\" src=\"https:\/\/soymigrante.com\/revista\/wp-content\/uploads\/2025\/01\/estuardo-adhemar-chicago-1024x1024.jpg\" class=\"attachment-large size-large wp-image-22674\" alt=\"Guitarrista con micr\u00f3fono en estudio, promoviendo cultura y m\u00fasica en la comunidad migrante.\" srcset=\"https:\/\/soymigrante.com\/revista\/wp-content\/uploads\/2025\/01\/estuardo-adhemar-chicago-1024x1024.jpg 1024w, https:\/\/soymigrante.com\/revista\/wp-content\/uploads\/2025\/01\/estuardo-adhemar-chicago-300x300.jpg 300w, https:\/\/soymigrante.com\/revista\/wp-content\/uploads\/2025\/01\/estuardo-adhemar-chicago-150x150.jpg 150w, https:\/\/soymigrante.com\/revista\/wp-content\/uploads\/2025\/01\/estuardo-adhemar-chicago-768x768.jpg 768w, https:\/\/soymigrante.com\/revista\/wp-content\/uploads\/2025\/01\/estuardo-adhemar-chicago-75x75.jpg 75w, https:\/\/soymigrante.com\/revista\/wp-content\/uploads\/2025\/01\/estuardo-adhemar-chicago-750x750.jpg 750w, https:\/\/soymigrante.com\/revista\/wp-content\/uploads\/2025\/01\/estuardo-adhemar-chicago-1140x1140.jpg 1140w, https:\/\/soymigrante.com\/revista\/wp-content\/uploads\/2025\/01\/estuardo-adhemar-chicago.jpg 1323w\" sizes=\"(max-width: 1024px) 100vw, 1024px\" \/>\n            <\/div>\n        <\/div><div class=\"eael-entry-wrapper\"><header class=\"eael-entry-header\"><h2 class=\"eael-entry-title\"><a class=\"eael-grid-post-link\" href=\"https:\/\/soymigrante.com\/revista\/el-guatemalteco-estuardo-adhemar-es-exitoso-productor-musical-fotografo-y-videografo-en-chicago\/\" title=\"El guatemalteco Estuardo Adhemar es productor musical, fotogr\u00e1fico y audiovisual en Chicago\">El guatemalteco Estuardo Adhemar es productor musical, fotogr\u00e1fico y audiovisual en Chicago<\/a><\/h2><\/header><div class=\"eael-entry-content\">\n                        <div class=\"eael-grid-post-excerpt\"><a href=\"https:\/\/soymigrante.com\/revista\/el-guatemalteco-estuardo-adhemar-es-exitoso-productor-musical-fotografo-y-videografo-en-chicago\/\" class=\"eael-post-elements-readmore-btn\">CONOCE SU HISTORIA <\/a><\/div>\n                    <\/div><\/div><\/div>\n        <\/div>\n    <\/article><article class=\"eael-grid-post  eael-post-grid-column eael-pg-post-2480 category-exitos\" data-id=\"2480\">\n        <div class=\"eael-grid-post-holder\">\n            <div class=\"eael-grid-post-holder-inner\"><div class=\"eael-entry-media\"><div class=\"eael-entry-overlay fade-in\"><i class=\"far fa-hand-pointer\" aria-hidden=\"true\"><\/i><a href=\"https:\/\/soymigrante.com\/revista\/isabel-emprendedora-y-migrante-conquista-con-el-sabor-guatemalteco-en-estados-unidos\/\"><\/a><\/div><div class=\"eael-entry-thumbnail \">\n                <img loading=\"lazy\" decoding=\"async\" width=\"1024\" height=\"485\" src=\"https:\/\/soymigrante.com\/revista\/wp-content\/uploads\/2023\/09\/Isabel-llego-a-Estados-Unidos-en-busca-de-una-oportunidad-pero-fue-una-etapa-dificil-a-partir-de-ello-nace-el-emprendimiento-familiar-Granizadas-guatemaltecas-502--1024x485.webp\" class=\"attachment-large size-large wp-image-2464\" alt=\"Isabel llego a Estados Unidos en busca de una oportunidad pero fue una etapa dif\u00edcil a partir de ello nace el emprendimiento familiar Granizadas guatemaltecas 502\" srcset=\"https:\/\/soymigrante.com\/revista\/wp-content\/uploads\/2023\/09\/Isabel-llego-a-Estados-Unidos-en-busca-de-una-oportunidad-pero-fue-una-etapa-dificil-a-partir-de-ello-nace-el-emprendimiento-familiar-Granizadas-guatemaltecas-502--1024x485.webp 1024w, https:\/\/soymigrante.com\/revista\/wp-content\/uploads\/2023\/09\/Isabel-llego-a-Estados-Unidos-en-busca-de-una-oportunidad-pero-fue-una-etapa-dificil-a-partir-de-ello-nace-el-emprendimiento-familiar-Granizadas-guatemaltecas-502--300x142.webp 300w, https:\/\/soymigrante.com\/revista\/wp-content\/uploads\/2023\/09\/Isabel-llego-a-Estados-Unidos-en-busca-de-una-oportunidad-pero-fue-una-etapa-dificil-a-partir-de-ello-nace-el-emprendimiento-familiar-Granizadas-guatemaltecas-502--768x364.webp 768w, https:\/\/soymigrante.com\/revista\/wp-content\/uploads\/2023\/09\/Isabel-llego-a-Estados-Unidos-en-busca-de-una-oportunidad-pero-fue-una-etapa-dificil-a-partir-de-ello-nace-el-emprendimiento-familiar-Granizadas-guatemaltecas-502--1536x728.webp 1536w, https:\/\/soymigrante.com\/revista\/wp-content\/uploads\/2023\/09\/Isabel-llego-a-Estados-Unidos-en-busca-de-una-oportunidad-pero-fue-una-etapa-dificil-a-partir-de-ello-nace-el-emprendimiento-familiar-Granizadas-guatemaltecas-502--750x355.webp 750w, https:\/\/soymigrante.com\/revista\/wp-content\/uploads\/2023\/09\/Isabel-llego-a-Estados-Unidos-en-busca-de-una-oportunidad-pero-fue-una-etapa-dificil-a-partir-de-ello-nace-el-emprendimiento-familiar-Granizadas-guatemaltecas-502--1140x540.webp 1140w, https:\/\/soymigrante.com\/revista\/wp-content\/uploads\/2023\/09\/Isabel-llego-a-Estados-Unidos-en-busca-de-una-oportunidad-pero-fue-una-etapa-dificil-a-partir-de-ello-nace-el-emprendimiento-familiar-Granizadas-guatemaltecas-502-.webp 1600w\" sizes=\"(max-width: 1024px) 100vw, 1024px\" \/>\n            <\/div>\n        <\/div><div class=\"eael-entry-wrapper\"><header class=\"eael-entry-header\"><h2 class=\"eael-entry-title\"><a class=\"eael-grid-post-link\" href=\"https:\/\/soymigrante.com\/revista\/isabel-emprendedora-y-migrante-conquista-con-el-sabor-guatemalteco-en-estados-unidos\/\" title=\"Isabel emprendedora y migrante refresca con sabor guatemalteco en Los Angeles, California\">Isabel emprendedora y migrante refresca con sabor guatemalteco en Los Angeles, California<\/a><\/h2><\/header><div class=\"eael-entry-content\">\n                        <div class=\"eael-grid-post-excerpt\"><a href=\"https:\/\/soymigrante.com\/revista\/isabel-emprendedora-y-migrante-conquista-con-el-sabor-guatemalteco-en-estados-unidos\/\" class=\"eael-post-elements-readmore-btn\">CONOCE SU HISTORIA <\/a><\/div>\n                    <\/div><\/div><\/div>\n        <\/div>\n    <\/article><article class=\"eael-grid-post  eael-post-grid-column eael-pg-post-763 category-exitos-guatemala tags-california\" data-id=\"763\">\n        <div class=\"eael-grid-post-holder\">\n            <div class=\"eael-grid-post-holder-inner\"><div class=\"eael-entry-media\"><div class=\"eael-entry-overlay fade-in\"><i class=\"far fa-hand-pointer\" aria-hidden=\"true\"><\/i><a href=\"https:\/\/soymigrante.com\/revista\/biologo-lustra-el-mayor-tesoro-de-guatemala\/\"><\/a><\/div><div class=\"eael-entry-thumbnail \">\n                <img loading=\"lazy\" decoding=\"async\" width=\"1024\" height=\"769\" src=\"https:\/\/soymigrante.com\/revista\/wp-content\/uploads\/2023\/03\/SOY-MIGRANTE-RENE-CORADO-BIOLOGO-4-1024x769.jpg\" class=\"attachment-large size-large wp-image-809\" alt=\"Ren\u00e9 Corado, migrante y biologo director del museo de aves de Oxnard, California\" srcset=\"https:\/\/soymigrante.com\/revista\/wp-content\/uploads\/2023\/03\/SOY-MIGRANTE-RENE-CORADO-BIOLOGO-4-1024x769.jpg 1024w, https:\/\/soymigrante.com\/revista\/wp-content\/uploads\/2023\/03\/SOY-MIGRANTE-RENE-CORADO-BIOLOGO-4-300x225.webp 300w, https:\/\/soymigrante.com\/revista\/wp-content\/uploads\/2023\/03\/SOY-MIGRANTE-RENE-CORADO-BIOLOGO-4-768x577.jpg 768w, https:\/\/soymigrante.com\/revista\/wp-content\/uploads\/2023\/03\/SOY-MIGRANTE-RENE-CORADO-BIOLOGO-4-1536x1154.jpg 1536w, https:\/\/soymigrante.com\/revista\/wp-content\/uploads\/2023\/03\/SOY-MIGRANTE-RENE-CORADO-BIOLOGO-4-2048x1539.jpg 2048w, https:\/\/soymigrante.com\/revista\/wp-content\/uploads\/2023\/03\/SOY-MIGRANTE-RENE-CORADO-BIOLOGO-4-750x563.webp 750w, https:\/\/soymigrante.com\/revista\/wp-content\/uploads\/2023\/03\/SOY-MIGRANTE-RENE-CORADO-BIOLOGO-4-1140x856.jpg 1140w, https:\/\/soymigrante.com\/revista\/wp-content\/uploads\/2023\/03\/SOY-MIGRANTE-RENE-CORADO-BIOLOGO-4-scaled.webp 1920w\" sizes=\"(max-width: 1024px) 100vw, 1024px\" \/>\n            <\/div>\n        <\/div><div class=\"eael-entry-wrapper\"><header class=\"eael-entry-header\"><h2 class=\"eael-entry-title\"><a class=\"eael-grid-post-link\" href=\"https:\/\/soymigrante.com\/revista\/biologo-lustra-el-mayor-tesoro-de-guatemala\/\" title=\"Bi\u00f3logo migrante Ren\u00e9 Corado lustra el mayor tesoro de Guatemala\">Bi\u00f3logo migrante Ren\u00e9 Corado lustra el mayor tesoro de Guatemala<\/a><\/h2><\/header><div class=\"eael-entry-content\">\n                        <div class=\"eael-grid-post-excerpt\"><a href=\"https:\/\/soymigrante.com\/revista\/biologo-lustra-el-mayor-tesoro-de-guatemala\/\" class=\"eael-post-elements-readmore-btn\">CONOCE SU HISTORIA <\/a><\/div>\n                    <\/div><\/div><\/div>\n        <\/div>\n    <\/article><\/div>\n            <div class=\"clearfix\"><\/div>\n        <\/div>\t\t\t\t<\/div>\n\t\t\t\t\t<\/div>\n\t\t\t\t<\/div>\n\t\t\t\t<\/div>\n\t\t","protected":false},"excerpt":{"rendered":"<p>Arturo Maldonado es un joven con potencial de so\u00f1ar y cumplir sus sue\u00f1os en el Cosmos Global. En un mundo donde las narrativas sobre j\u00f3venes latinoamericanos frecuentemente se centran en limitaciones y desaf\u00edos, la historia de Arturo Maldonado emerge como un faro de esperanza que ilumina el potencial ilimitado de la juventud guatemalteca. Este joven [&hellip;]<\/p>\n","protected":false},"author":19,"featured_media":40181,"comment_status":"open","ping_status":"open","sticky":false,"template":"","format":"standard","meta":{"_acf_changed":false,"_eb_attr":"","footnotes":""},"categories":[58],"tags":[],"class_list":["post-40180","post","type-post","status-publish","format-standard","has-post-thumbnail","hentry","category-guate-nuestra"],"acf":[],"aioseo_notices":[],"aioseo_head":"\n\t\t<!-- All in One SEO Pro 4.9.6.2 - aioseo.com -->\n\t<meta name=\"description\" content=\"El bi\u00f3logo, escritor y migrante Ren\u00e9 Corado dirige el museo de aves de Camarillo, California; su ni\u00f1ez en Guatemala fue dif\u00edcil y por eso impulsa la educaci\u00f3n en su pa\u00eds. La vida del migrante guatemalteco Ren\u00e9 Corado est\u00e1 hecha de imposibles convertidos en posibilidad. \u00bfC\u00f3mo un ni\u00f1o lustrador llega a ser director de uno de\" \/>\n\t<meta name=\"robots\" content=\"max-snippet:-1, max-image-preview:large, max-video-preview:-1\" \/>\n\t<meta name=\"author\" content=\"Marysabel Aldana\"\/>\n\t<link rel=\"canonical\" href=\"https:\/\/soymigrante.com\/revista\/estudiante-arturo-maldonado-es-la-estrella-guatemalteca-que-brilla-en-el-cosmos-global\/\" \/>\n\t<meta name=\"generator\" content=\"All in One SEO Pro (AIOSEO) 4.9.6.2\" \/>\n\n\t\t<link rel=\"preconnect\" href=\"https:\/\/fonts.googleapis.com\" crossorigin>\n<link rel=\"preconnect\" href=\"https:\/\/fonts.gstatic.com\" crossorigin>\n\t\t<meta property=\"og:locale\" content=\"es_ES\" \/>\n\t\t<meta property=\"og:site_name\" content=\"SoyMigrante.com REVISTA \u2013 Nuestra misi\u00f3n es reconocer y dignificar al migrante.\" \/>\n\t\t<meta property=\"og:type\" content=\"article\" \/>\n\t\t<meta property=\"og:title\" content=\"Arturo Maldonado es estrella guatemalteca en Student Global\" \/>\n\t\t<meta property=\"og:description\" content=\"Arturo Maldonado es un estudiante guatemalteco de ingenier\u00eda, seleccionado entre miles de aspirantes al programa Student Global. Conoce m\u00e1s sobre sus logros\" \/>\n\t\t<meta property=\"og:url\" content=\"https:\/\/soymigrante.com\/revista\/estudiante-arturo-maldonado-es-la-estrella-guatemalteca-que-brilla-en-el-cosmos-global\/\" \/>\n\t\t<meta property=\"og:image\" content=\"https:\/\/soymigrante.com\/revista\/wp-content\/uploads\/2025\/07\/Arturo-Maldonado1-e1753298730157.webp\" \/>\n\t\t<meta property=\"og:image:secure_url\" content=\"https:\/\/soymigrante.com\/revista\/wp-content\/uploads\/2025\/07\/Arturo-Maldonado1-e1753298730157.webp\" \/>\n\t\t<meta property=\"og:image:width\" content=\"617\" \/>\n\t\t<meta property=\"og:image:height\" content=\"617\" \/>\n\t\t<meta property=\"article:published_time\" content=\"2025-07-24T12:14:46+00:00\" \/>\n\t\t<meta property=\"article:modified_time\" content=\"2025-07-24T12:14:56+00:00\" \/>\n\t\t<meta property=\"article:publisher\" content=\"https:\/\/www.facebook.com\/soymigrantecom\" \/>\n\t\t<meta name=\"twitter:card\" content=\"summary_large_image\" \/>\n\t\t<meta name=\"twitter:site\" content=\"@SoyMigrante_com\" \/>\n\t\t<meta name=\"twitter:title\" content=\"Arturo Maldonado es estrella guatemalteca en Student Global\" \/>\n\t\t<meta name=\"twitter:description\" content=\"Arturo Maldonado es un estudiante guatemalteco de ingenier\u00eda, seleccionado entre miles de aspirantes al programa Student Global. Conoce m\u00e1s sobre sus logros\" \/>\n\t\t<meta name=\"twitter:creator\" content=\"@SoyMigrante_com\" \/>\n\t\t<meta name=\"twitter:image\" content=\"https:\/\/soymigrante.com\/revista\/wp-content\/uploads\/2025\/07\/Arturo-Maldonado1-e1753298730157.webp\" \/>\n\t\t<!-- All in One SEO Pro -->\r\n\t\t<title>Arturo Maldonado es estrella guatemalteca en Student Global<\/title>\n\n","aioseo_head_json":{"title":"Arturo Maldonado es estrella guatemalteca en Student Global","description":"Arturo Maldonado es un estudiante guatemalteco de ingenier\u00eda, seleccionado entre miles de aspirantes al programa Student Global. Conoce m\u00e1s sobre sus logros","canonical_url":"https:\/\/soymigrante.com\/revista\/estudiante-arturo-maldonado-es-la-estrella-guatemalteca-que-brilla-en-el-cosmos-global\/","robots":"max-snippet:-1, max-image-preview:large, max-video-preview:-1","keywords":"","webmasterTools":{"miscellaneous":"&lt;link rel=\"preconnect\" href=\"https:\/\/fonts.googleapis.com\" crossorigin&gt;\n&lt;link rel=\"preconnect\" href=\"https:\/\/fonts.gstatic.com\" crossorigin&gt;"},"schema":null,"og:locale":"es_ES","og:site_name":"SoyMigrante.com REVISTA \u2013 Nuestra misi\u00f3n es reconocer y dignificar al migrante.","og:type":"article","og:title":"Arturo Maldonado es estrella guatemalteca en Student Global","og:description":"Arturo Maldonado es un estudiante guatemalteco de ingenier\u00eda, seleccionado entre miles de aspirantes al programa Student Global. Conoce m\u00e1s sobre sus logros","og:url":"https:\/\/soymigrante.com\/revista\/estudiante-arturo-maldonado-es-la-estrella-guatemalteca-que-brilla-en-el-cosmos-global\/","og:image":"https:\/\/soymigrante.com\/revista\/wp-content\/uploads\/2025\/07\/Arturo-Maldonado1-e1753298730157.webp","og:image:secure_url":"https:\/\/soymigrante.com\/revista\/wp-content\/uploads\/2025\/07\/Arturo-Maldonado1-e1753298730157.webp","og:image:width":617,"og:image:height":617,"article:published_time":"2025-07-24T12:14:46+00:00","article:modified_time":"2025-07-24T12:14:56+00:00","article:publisher":"https:\/\/www.facebook.com\/soymigrantecom","twitter:card":"summary_large_image","twitter:site":"@SoyMigrante_com","twitter:title":"Arturo Maldonado es estrella guatemalteca en Student Global","twitter:description":"Arturo Maldonado es un estudiante guatemalteco de ingenier\u00eda, seleccionado entre miles de aspirantes al programa Student Global. Conoce m\u00e1s sobre sus logros","twitter:creator":"@SoyMigrante_com","twitter:image":"https:\/\/soymigrante.com\/revista\/wp-content\/uploads\/2025\/07\/Arturo-Maldonado1-e1753298730157.webp"},"aioseo_meta_data":{"post_id":"40180","title":"Arturo Maldonado es estrella guatemalteca en Student Global","description":"Arturo Maldonado es un estudiante guatemalteco de ingenier\u00eda, seleccionado entre miles de aspirantes al programa Student Global. Conoce m\u00e1s sobre sus logros","keywords":null,"keyphrases":{"focus":{"keyphrase":"Arturo Maldonado","score":91,"analysis":{"keyphraseInTitle":{"score":9,"maxScore":9,"error":0},"keyphraseInDescription":{"score":9,"maxScore":9,"error":0},"keyphraseLength":{"score":9,"maxScore":9,"error":0,"length":2},"keyphraseInURL":{"score":5,"maxScore":5,"error":0},"keyphraseInIntroduction":{"score":9,"maxScore":9,"error":0},"keyphraseInSubHeadings":{"score":3,"maxScore":9,"error":1},"keyphraseInImageAlt":{"score":9,"maxScore":9,"error":0},"keywordDensity":{"type":"best","score":9,"maxScore":9,"error":0}}},"additional":[{"keyphrase":"Cosmos Global","score":40,"analysis":{"keyphraseInDescription":{"score":3,"maxScore":9,"error":1},"keyphraseLength":{"score":9,"maxScore":9,"error":0,"length":2},"keyphraseInIntroduction":{"score":3,"maxScore":9,"error":1},"keyphraseInImageAlt":{"score":3,"maxScore":9,"error":1},"keywordDensity":{"score":0,"type":"low","maxScore":9,"error":1}}}]},"primary_term":null,"canonical_url":null,"og_title":null,"og_description":null,"og_object_type":"default","og_image_type":"default","og_image_url":null,"og_image_width":null,"og_image_height":null,"og_image_custom_url":null,"og_image_custom_fields":null,"og_video":"","og_custom_url":null,"og_article_section":null,"og_article_tags":null,"twitter_use_og":false,"twitter_card":"default","twitter_image_type":"default","twitter_image_url":null,"twitter_image_custom_url":null,"twitter_image_custom_fields":null,"twitter_title":null,"twitter_description":null,"schema":{"blockGraphs":[],"customGraphs":[],"default":{"data":{"Article":[],"Course":[],"Dataset":[],"FAQPage":[],"Movie":[],"Person":[],"Product":[],"ProductReview":[],"Car":[],"Recipe":[],"Service":[],"SoftwareApplication":[],"WebPage":[]},"graphName":"none","isEnabled":true},"graphs":[]},"schema_type":"default","schema_type_options":null,"pillar_content":false,"robots_default":true,"robots_noindex":false,"robots_noarchive":false,"robots_nosnippet":false,"robots_nofollow":false,"robots_noimageindex":false,"robots_noodp":false,"robots_notranslate":false,"robots_max_snippet":"-1","robots_max_videopreview":"-1","robots_max_imagepreview":"large","priority":null,"frequency":"default","local_seo":null,"seo_analyzer_scan_date":"2025-10-09 07:09:42","breadcrumb_settings":null,"limit_modified_date":false,"reviewed_by":"0","open_ai":null,"ai":{"faqs":[],"keyPoints":[],"titles":[],"descriptions":[],"socialPosts":{"email":[],"linkedin":[],"twitter":[],"facebook":[],"instagram":[]}},"created":"2025-07-23 19:29:03","updated":"2026-02-05 03:06:28"},"aioseo_breadcrumb":"<div class=\"aioseo-breadcrumbs\"><span class=\"aioseo-breadcrumb\">\n\t<a href=\"https:\/\/soymigrante.com\/revista\" title=\"Home\">Home<\/a>\n<\/span><span class=\"aioseo-breadcrumb-separator\">\u00bb<\/span><span class=\"aioseo-breadcrumb\">\n\t<a href=\"https:\/\/soymigrante.com\/revista\/category\/guate-nuestra\/\" title=\"Guate Nuestra\">Guate Nuestra<\/a>\n<\/span><span class=\"aioseo-breadcrumb-separator\">\u00bb<\/span><span class=\"aioseo-breadcrumb\">\n\tEstudiante Arturo Maldonado es la estrella guatemalteca que brilla en el Cosmos Global.\n<\/span><\/div>","aioseo_breadcrumb_json":[{"label":"Home","link":"https:\/\/soymigrante.com\/revista"},{"label":"Guate Nuestra","link":"https:\/\/soymigrante.com\/revista\/category\/guate-nuestra\/"},{"label":"Estudiante Arturo Maldonado es la estrella guatemalteca que brilla en el Cosmos Global.","link":"https:\/\/soymigrante.com\/revista\/estudiante-arturo-maldonado-es-la-estrella-guatemalteca-que-brilla-en-el-cosmos-global\/"}],"_links":{"self":[{"href":"https:\/\/soymigrante.com\/revista\/wp-json\/wp\/v2\/posts\/40180","targetHints":{"allow":["GET"]}}],"collection":[{"href":"https:\/\/soymigrante.com\/revista\/wp-json\/wp\/v2\/posts"}],"about":[{"href":"https:\/\/soymigrante.com\/revista\/wp-json\/wp\/v2\/types\/post"}],"author":[{"embeddable":true,"href":"https:\/\/soymigrante.com\/revista\/wp-json\/wp\/v2\/users\/19"}],"replies":[{"embeddable":true,"href":"https:\/\/soymigrante.com\/revista\/wp-json\/wp\/v2\/comments?post=40180"}],"version-history":[{"count":11,"href":"https:\/\/soymigrante.com\/revista\/wp-json\/wp\/v2\/posts\/40180\/revisions"}],"predecessor-version":[{"id":40225,"href":"https:\/\/soymigrante.com\/revista\/wp-json\/wp\/v2\/posts\/40180\/revisions\/40225"}],"wp:featuredmedia":[{"embeddable":true,"href":"https:\/\/soymigrante.com\/revista\/wp-json\/wp\/v2\/media\/40181"}],"wp:attachment":[{"href":"https:\/\/soymigrante.com\/revista\/wp-json\/wp\/v2\/media?parent=40180"}],"wp:term":[{"taxonomy":"category","embeddable":true,"href":"https:\/\/soymigrante.com\/revista\/wp-json\/wp\/v2\/categories?post=40180"},{"taxonomy":"post_tag","embeddable":true,"href":"https:\/\/soymigrante.com\/revista\/wp-json\/wp\/v2\/tags?post=40180"}],"curies":[{"name":"wp","href":"https:\/\/api.w.org\/{rel}","templated":true}]}}