{"id":40169,"date":"2025-07-25T06:08:00","date_gmt":"2025-07-25T12:08:00","guid":{"rendered":"https:\/\/soymigrante.com\/revista\/?p=40169"},"modified":"2025-07-25T10:06:27","modified_gmt":"2025-07-25T16:06:27","slug":"unam-lanza-ukux-ixim-videojuego-para-preservar-la-lengua-kiche","status":"publish","type":"post","link":"https:\/\/soymigrante.com\/revista\/unam-lanza-ukux-ixim-videojuego-para-preservar-la-lengua-kiche\/","title":{"rendered":"UNAM lanza videojuego Uk\u2019ux Ixim para preservar el idioma maya k\u2019iche\u2019"},"content":{"rendered":"\t\t<div data-elementor-type=\"wp-post\" data-elementor-id=\"40169\" class=\"elementor elementor-40169\" data-elementor-post-type=\"post\">\n\t\t\t\t<div data-particle_enable=\"false\" data-particle-mobile-disabled=\"false\" class=\"elementor-element elementor-element-f0bcef2 e-flex e-con-boxed e-con e-parent\" data-id=\"f0bcef2\" data-element_type=\"container\" data-e-type=\"container\">\n\t\t\t\t\t<div class=\"e-con-inner\">\n\t\t\t\t<div class=\"elementor-element elementor-element-59afdb2 elementor-widget elementor-widget-heading\" data-id=\"59afdb2\" data-element_type=\"widget\" data-e-type=\"widget\" data-widget_type=\"heading.default\">\n\t\t\t\t\t<h2 class=\"elementor-heading-title elementor-size-default\">\u201cUk\u2019ux Ixim\u201d, es el videojuego para preservar la lengua k\u2019iche\u2019 que est\u00e1 al alcance de ni\u00f1os y adultos. <\/h2>\t\t\t\t<\/div>\n\t\t\t\t\t<\/div>\n\t\t\t\t<\/div>\n\t\t<div data-particle_enable=\"false\" data-particle-mobile-disabled=\"false\" class=\"elementor-element elementor-element-106ada3 e-flex e-con-boxed e-con e-parent\" data-id=\"106ada3\" data-element_type=\"container\" data-e-type=\"container\">\n\t\t\t\t\t<div class=\"e-con-inner\">\n\t\t\t\t<div class=\"elementor-element elementor-element-16b11c1 elementor-widget elementor-widget-text-editor\" data-id=\"16b11c1\" data-element_type=\"widget\" data-e-type=\"widget\" data-widget_type=\"text-editor.default\">\n\t\t\t\t\t\t\t\t\t<p><a href=\"https:\/\/www.unam.mx\/?fbclid=IwY2xjawLuEj9leHRuA2FlbQIxMABicmlkETFEVDZFMnlXcE1GMlpTNjYxAR5y2O8xBf2aH9HANUkre-sjMIjSAQ9KaYG6NIfzOf2JxfbgumiccxW0q81GRQ_aem_BH8cyUo2B9kQsc6XzVJ35Q\" target=\"_blank\" rel=\"noopener\">La Universidad Nacional Aut\u00f3noma de M\u00e9xico (UNAM)<\/a> ha presentado \u201cUk\u2019ux Ixim\u201d (que en k\u2019iche\u2019 significa \u201cCoraz\u00f3n de ma\u00edz\u201d), un videojuego educativo dise\u00f1ado para ni\u00f1as y ni\u00f1os de educaci\u00f3n b\u00e1sica en Guatemala, con el objetivo de revitalizar y preservar la lengua k\u2019iche\u2019, la segunda m\u00e1s hablada en el pa\u00eds guatemalteco.<\/p>\t\t\t\t\t\t\t\t<\/div>\n\t\t\t\t\t<\/div>\n\t\t\t\t<\/div>\n\t\t<div data-particle_enable=\"false\" data-particle-mobile-disabled=\"false\" class=\"elementor-element elementor-element-5ed139c e-flex e-con-boxed e-con e-parent\" data-id=\"5ed139c\" data-element_type=\"container\" data-e-type=\"container\">\n\t\t\t\t\t<div class=\"e-con-inner\">\n\t\t\t\t<div class=\"elementor-element elementor-element-735b2fb elementor-widget elementor-widget-heading\" data-id=\"735b2fb\" data-element_type=\"widget\" data-e-type=\"widget\" data-widget_type=\"heading.default\">\n\t\t\t\t\t<h3 class=\"elementor-heading-title elementor-size-default\">Origen y objetivo del proyecto<\/h3>\t\t\t\t<\/div>\n\t\t\t\t\t<\/div>\n\t\t\t\t<\/div>\n\t\t<div data-particle_enable=\"false\" data-particle-mobile-disabled=\"false\" class=\"elementor-element elementor-element-3b0d47f e-flex e-con-boxed e-con e-parent\" data-id=\"3b0d47f\" data-element_type=\"container\" data-e-type=\"container\">\n\t\t\t\t\t<div class=\"e-con-inner\">\n\t\t\t\t<div class=\"elementor-element elementor-element-9772558 elementor-widget elementor-widget-text-editor\" data-id=\"9772558\" data-element_type=\"widget\" data-e-type=\"widget\" data-widget_type=\"text-editor.default\">\n\t\t\t\t\t\t\t\t\t<p>El desarrollo se realiz\u00f3 en la Facultad de Estudios Superiores (FES) Arag\u00f3n, bajo la direcci\u00f3n de Liliana Garc\u00eda Montesinos, de la coordinaci\u00f3n del Laboratorio de Cultura, Educaci\u00f3n e Innovaci\u00f3n Digital.<\/p><p>Este grupo inter y multidisciplinario (incluyendo a docentes, estudiantes y un etnomatem\u00e1tico guatemalteco) tom\u00f3 como base narrativa el Popol Vuh, libro sagrado maya, <a href=\"https:\/\/www.unam.mx\/?fbclid=IwY2xjawLuEj9leHRuA2FlbQIxMABicmlkETFEVDZFMnlXcE1GMlpTNjYxAR5y2O8xBf2aH9HANUkre-sjMIjSAQ9KaYG6NIfzOf2JxfbgumiccxW0q81GRQ_aem_BH8cyUo2B9kQsc6XzVJ35Q\" target=\"_blank\" rel=\"noopener\">para adaptar mitos y cosmovisi\u00f3n del pueblo k\u2019iche\u2019 en una experiencia l\u00fadica.<\/a><\/p>\t\t\t\t\t\t\t\t<\/div>\n\t\t\t\t\t<\/div>\n\t\t\t\t<\/div>\n\t\t<div data-particle_enable=\"false\" data-particle-mobile-disabled=\"false\" class=\"elementor-element elementor-element-c53cbff e-flex e-con-boxed e-con e-parent\" data-id=\"c53cbff\" data-element_type=\"container\" data-e-type=\"container\">\n\t\t\t\t\t<div class=\"e-con-inner\">\n\t\t\t\t<div class=\"elementor-element elementor-element-9240ec8 elementor-widget elementor-widget-heading\" data-id=\"9240ec8\" data-element_type=\"widget\" data-e-type=\"widget\" data-widget_type=\"heading.default\">\n\t\t\t\t\t<h3 class=\"elementor-heading-title elementor-size-default\">Din\u00e1mica y contenidos<\/h3>\t\t\t\t<\/div>\n\t\t\t\t\t<\/div>\n\t\t\t\t<\/div>\n\t\t<div data-particle_enable=\"false\" data-particle-mobile-disabled=\"false\" class=\"elementor-element elementor-element-c4a0965 e-flex e-con-boxed e-con e-parent\" data-id=\"c4a0965\" data-element_type=\"container\" data-e-type=\"container\">\n\t\t\t\t\t<div class=\"e-con-inner\">\n\t\t\t\t<div class=\"elementor-element elementor-element-1929fc3 elementor-widget elementor-widget-text-editor\" data-id=\"1929fc3\" data-element_type=\"widget\" data-e-type=\"widget\" data-widget_type=\"text-editor.default\">\n\t\t\t\t\t\t\t\t\t<div>El videojuego, disponible gratuitamente en Google Play para dispositivos m\u00f3viles 2D, consta de cuatro niveles en los que los jugadores:<\/div><div>\u2022Recolectan granos de ma\u00edz.<\/div><div>\u2022Superan obst\u00e1culos.<\/div><div>\u2022Resuelven rompecabezas gl\u00edficos.<\/div><div>\u2022Activan memoramas con pronunciaci\u00f3n k\u2019iche\u2019-espa\u00f1ol.<\/div><div>\u2022Siguen la historia de los h\u00e9roes gemelos Hunahp\u00fa e Ixbalanqu\u00e9, y criaturas m\u00edticas como \u201cEl Encanto\u201d \u2014una mezcla de jaguar y Kukulk\u00e1n.<\/div>\t\t\t\t\t\t\t\t<\/div>\n\t\t\t\t\t<\/div>\n\t\t\t\t<\/div>\n\t\t<div data-particle_enable=\"false\" data-particle-mobile-disabled=\"false\" class=\"elementor-element elementor-element-1f5fdc4 e-flex e-con-boxed e-con e-parent\" data-id=\"1f5fdc4\" data-element_type=\"container\" data-e-type=\"container\">\n\t\t\t\t\t<div class=\"e-con-inner\">\n\t\t\t\t<div class=\"elementor-element elementor-element-221a361 elementor-widget elementor-widget-image\" data-id=\"221a361\" data-element_type=\"widget\" data-e-type=\"widget\" data-widget_type=\"image.default\">\n\t\t\t\t\t\t\t\t\t\t\t\t<figure class=\"wp-caption\">\n\t\t\t\t\t\t\t\t\t\t<img fetchpriority=\"high\" decoding=\"async\" width=\"689\" height=\"1024\" src=\"https:\/\/soymigrante.com\/revista\/wp-content\/uploads\/2025\/07\/videojuego-2.webp\" class=\"attachment-large size-large wp-image-40173\" alt=\"Juego de plataformas en 2D basado en la cultura Maya K&#039;che, imagen de captura de pantalla del juego en la tienda de aplicaciones, con gr\u00e1ficos coloridos y estilo pixel art para inspiraci\u00f3n y entretenimiento cultural.\" srcset=\"https:\/\/soymigrante.com\/revista\/wp-content\/uploads\/2025\/07\/videojuego-2.webp 689w, https:\/\/soymigrante.com\/revista\/wp-content\/uploads\/2025\/07\/videojuego-2-202x300.jpeg 202w\" sizes=\"(max-width: 689px) 100vw, 689px\" title=\"El videojuego est\u00e1 disponible para PlayStore. (Foto: UNAM) \u2013 SoyMigrante.com REVISTA\" \/>\t\t\t\t\t\t\t\t\t\t\t<figcaption class=\"widget-image-caption wp-caption-text\">El videojuego est\u00e1 disponible para PlayStore. (Foto: UNAM)<\/figcaption>\n\t\t\t\t\t\t\t\t\t\t<\/figure>\n\t\t\t\t\t\t\t\t\t<\/div>\n\t\t\t\t\t<\/div>\n\t\t\t\t<\/div>\n\t\t<div data-particle_enable=\"false\" data-particle-mobile-disabled=\"false\" class=\"elementor-element elementor-element-1506239 e-flex e-con-boxed e-con e-parent\" data-id=\"1506239\" data-element_type=\"container\" data-e-type=\"container\">\n\t\t\t\t\t<div class=\"e-con-inner\">\n\t\t\t\t<div class=\"elementor-element elementor-element-b655380 elementor-widget elementor-widget-heading\" data-id=\"b655380\" data-element_type=\"widget\" data-e-type=\"widget\" data-widget_type=\"heading.default\">\n\t\t\t\t\t<h3 class=\"elementor-heading-title elementor-size-default\">Herramienta pedag\u00f3gica y cultural<\/h3>\t\t\t\t<\/div>\n\t\t\t\t\t<\/div>\n\t\t\t\t<\/div>\n\t\t<div data-particle_enable=\"false\" data-particle-mobile-disabled=\"false\" class=\"elementor-element elementor-element-153e9f0 e-flex e-con-boxed e-con e-parent\" data-id=\"153e9f0\" data-element_type=\"container\" data-e-type=\"container\">\n\t\t\t\t\t<div class=\"e-con-inner\">\n\t\t\t\t<div class=\"elementor-element elementor-element-26a7941 elementor-widget elementor-widget-text-editor\" data-id=\"26a7941\" data-element_type=\"widget\" data-e-type=\"widget\" data-widget_type=\"text-editor.default\">\n\t\t\t\t\t\t\t\t\t<p>Parte del prop\u00f3sito es fortalecer la ense\u00f1anza del k\u2019iche\u2019 en ni\u00f1os que, seg\u00fan docentes en Guatemala, han ido perdiendo conexi\u00f3n con su idioma materno, dado el creciente inter\u00e9s por el ingl\u00e9s y la falta de transmisi\u00f3n generacional. El juego incluye traducci\u00f3n y narraci\u00f3n biling\u00fce, ofreciendo apoyo fon\u00e9tico y visual para el aprendizaje contextual.<\/p>\t\t\t\t\t\t\t\t<\/div>\n\t\t\t\t\t<\/div>\n\t\t\t\t<\/div>\n\t\t<div data-particle_enable=\"false\" data-particle-mobile-disabled=\"false\" class=\"elementor-element elementor-element-f6fcbb6 e-flex e-con-boxed e-con e-parent\" data-id=\"f6fcbb6\" data-element_type=\"container\" data-e-type=\"container\">\n\t\t\t\t\t<div class=\"e-con-inner\">\n\t\t\t\t<div class=\"elementor-element elementor-element-0397a2b elementor-widget elementor-widget-heading\" data-id=\"0397a2b\" data-element_type=\"widget\" data-e-type=\"widget\" data-widget_type=\"heading.default\">\n\t\t\t\t\t<h3 class=\"elementor-heading-title elementor-size-default\">Pruebas y expansi\u00f3n<\/h3>\t\t\t\t<\/div>\n\t\t\t\t\t<\/div>\n\t\t\t\t<\/div>\n\t\t<div data-particle_enable=\"false\" data-particle-mobile-disabled=\"false\" class=\"elementor-element elementor-element-937cd0c e-flex e-con-boxed e-con e-parent\" data-id=\"937cd0c\" data-element_type=\"container\" data-e-type=\"container\">\n\t\t\t\t\t<div class=\"e-con-inner\">\n\t\t\t\t<div class=\"elementor-element elementor-element-5d3ed65 elementor-widget elementor-widget-text-editor\" data-id=\"5d3ed65\" data-element_type=\"widget\" data-e-type=\"widget\" data-widget_type=\"text-editor.default\">\n\t\t\t\t\t\t\t\t\t<p>Aunque el objetivo principal es el contexto guatemalteco, la <a href=\"https:\/\/www.unam.mx\/?fbclid=IwY2xjawLuEj9leHRuA2FlbQIxMABicmlkETFEVDZFMnlXcE1GMlpTNjYxAR5y2O8xBf2aH9HANUkre-sjMIjSAQ9KaYG6NIfzOf2JxfbgumiccxW0q81GRQ_aem_BH8cyUo2B9kQsc6XzVJ35Q\" target=\"_blank\" rel=\"noopener\">UNAM realiz\u00f3 pruebas piloto en escuelas primarias de Oaxaca, donde ni\u00f1os sin conocimiento previo de k\u2019iche\u2019 lograron formar y escribir palabras luego de interactuar con la app.<\/a> Adem\u00e1s, profesoras guatemaltecas participaron para enriquecer contenidos, fortaleciendo el v\u00ednculo entre educaci\u00f3n formal y patrimonio ling\u00fc\u00edstico.<\/p>\t\t\t\t\t\t\t\t<\/div>\n\t\t\t\t\t<\/div>\n\t\t\t\t<\/div>\n\t\t<div data-particle_enable=\"false\" data-particle-mobile-disabled=\"false\" class=\"elementor-element elementor-element-1a479e3 e-flex e-con-boxed e-con e-parent\" data-id=\"1a479e3\" data-element_type=\"container\" data-e-type=\"container\">\n\t\t\t\t\t<div class=\"e-con-inner\">\n\t\t\t\t<div class=\"elementor-element elementor-element-52e0e1a elementor-widget elementor-widget-heading\" data-id=\"52e0e1a\" data-element_type=\"widget\" data-e-type=\"widget\" data-widget_type=\"heading.default\">\n\t\t\t\t\t<h3 class=\"elementor-heading-title elementor-size-default\">Pr\u00f3ximos pasos<\/h3>\t\t\t\t<\/div>\n\t\t\t\t\t<\/div>\n\t\t\t\t<\/div>\n\t\t<div data-particle_enable=\"false\" data-particle-mobile-disabled=\"false\" class=\"elementor-element elementor-element-c0731f7 e-flex e-con-boxed e-con e-parent\" data-id=\"c0731f7\" data-element_type=\"container\" data-e-type=\"container\">\n\t\t\t\t\t<div class=\"e-con-inner\">\n\t\t\t\t<div class=\"elementor-element elementor-element-3cbd1f8 elementor-widget elementor-widget-text-editor\" data-id=\"3cbd1f8\" data-element_type=\"widget\" data-e-type=\"widget\" data-widget_type=\"text-editor.default\">\n\t\t\t\t\t\t\t\t\t<p>La parte inicial del videojuego ya est\u00e1 disponible. La segunda fase, con nuevos niveles y contenidos, ser\u00e1 presentada el 25 de julio en Quetzaltenango, Guatemala.<\/p>\t\t\t\t\t\t\t\t<\/div>\n\t\t\t\t\t<\/div>\n\t\t\t\t<\/div>\n\t\t<div data-particle_enable=\"false\" data-particle-mobile-disabled=\"false\" class=\"elementor-element elementor-element-edcd824 e-flex e-con-boxed e-con e-parent\" data-id=\"edcd824\" data-element_type=\"container\" data-e-type=\"container\">\n\t\t\t\t\t<div class=\"e-con-inner\">\n\t\t\t\t<div class=\"elementor-element elementor-element-feec59c elementor-widget elementor-widget-text-editor\" data-id=\"feec59c\" data-element_type=\"widget\" data-e-type=\"widget\" data-widget_type=\"text-editor.default\">\n\t\t\t\t\t\t\t\t\t<p>Esta iniciativa representa una apuesta innovadora para revalorizar las lenguas originarias mediante tecnolog\u00eda culturalmente pertinente, y podr\u00eda convertirse en modelo replicable para otras lenguas ind\u00edgenas en Am\u00e9rica Latina.<\/p>\t\t\t\t\t\t\t\t<\/div>\n\t\t\t\t\t<\/div>\n\t\t\t\t<\/div>\n\t\t<div data-particle_enable=\"false\" data-particle-mobile-disabled=\"false\" class=\"elementor-element elementor-element-186ddce e-flex e-con-boxed e-con e-parent\" data-id=\"186ddce\" data-element_type=\"container\" data-e-type=\"container\">\n\t\t\t\t\t<div class=\"e-con-inner\">\n\t\t\t\t<div class=\"elementor-element elementor-element-157f435 elementor-widget elementor-widget-heading\" data-id=\"157f435\" data-element_type=\"widget\" data-e-type=\"widget\" data-widget_type=\"heading.default\">\n\t\t\t\t\t<h2 class=\"elementor-heading-title elementor-size-default\">Conoce m\u00e1s sobre Guatemala, ac\u00e1...<\/h2>\t\t\t\t<\/div>\n\t\t\t\t\t<\/div>\n\t\t\t\t<\/div>\n\t\t<div data-particle_enable=\"false\" data-particle-mobile-disabled=\"false\" class=\"elementor-element elementor-element-17d1d2d e-flex e-con-boxed e-con e-parent\" data-id=\"17d1d2d\" data-element_type=\"container\" data-e-type=\"container\">\n\t\t\t\t\t<div class=\"e-con-inner\">\n\t\t\t\t<div class=\"elementor-element elementor-element-5e81c82 elementor-grid-eael-col-3 elementor-grid-tablet-eael-col-2 elementor-grid-mobile-eael-col-1 elementor-invisible elementor-widget elementor-widget-eael-post-grid\" data-id=\"5e81c82\" data-element_type=\"widget\" data-e-type=\"widget\" data-settings=\"{&quot;eael_post_grid_columns&quot;:&quot;eael-col-3&quot;,&quot;_animation&quot;:&quot;rollIn&quot;,&quot;eael_post_grid_columns_tablet&quot;:&quot;eael-col-2&quot;,&quot;eael_post_grid_columns_mobile&quot;:&quot;eael-col-1&quot;}\" data-widget_type=\"eael-post-grid.default\">\n\t\t\t\t\t<div id=\"eael-post-grid-5e81c82\" class=\"eael-post-grid-container\">\n            <div class=\"eael-post-grid eael-post-appender eael-post-appender-5e81c82 eael-post-grid-style-one\" data-layout-mode=\"masonry\"><article class=\"eael-grid-post  eael-post-grid-column eael-pg-post-24495 category-guate-nuestra tags-departamentos-de-guatemala\" data-id=\"24495\">\n        <div class=\"eael-grid-post-holder\">\n            <div class=\"eael-grid-post-holder-inner\"><div class=\"eael-entry-media\"><div class=\"eael-entry-overlay fade-in\"><i class=\"far fa-hand-pointer\" aria-hidden=\"true\"><\/i><a href=\"https:\/\/soymigrante.com\/revista\/departamentos-de-guatemala-quiche-tierra-de-rios-arboles-montanas-y-el-popol-vuh\/\"><\/a><\/div><div class=\"eael-entry-thumbnail \">\n                <img decoding=\"async\" width=\"785\" height=\"786\" src=\"https:\/\/soymigrante.com\/revista\/wp-content\/uploads\/2024\/08\/Captura-de-pantalla-2024-08-28-143219.webp\" class=\"attachment-large size-large wp-image-8489\" alt=\"Fuego en las escaleras de una iglesia durante un ritual religioso en contexto migrante en Am\u00e9rica Latina.\" srcset=\"https:\/\/soymigrante.com\/revista\/wp-content\/uploads\/2024\/08\/Captura-de-pantalla-2024-08-28-143219.webp 785w, https:\/\/soymigrante.com\/revista\/wp-content\/uploads\/2024\/08\/Captura-de-pantalla-2024-08-28-143219-300x300.webp 300w, https:\/\/soymigrante.com\/revista\/wp-content\/uploads\/2024\/08\/Captura-de-pantalla-2024-08-28-143219-150x150.webp 150w, https:\/\/soymigrante.com\/revista\/wp-content\/uploads\/2024\/08\/Captura-de-pantalla-2024-08-28-143219-768x769.webp 768w, https:\/\/soymigrante.com\/revista\/wp-content\/uploads\/2024\/08\/Captura-de-pantalla-2024-08-28-143219-75x75.webp 75w, https:\/\/soymigrante.com\/revista\/wp-content\/uploads\/2024\/08\/Captura-de-pantalla-2024-08-28-143219-750x751.webp 750w\" sizes=\"(max-width: 785px) 100vw, 785px\" \/>\n            <\/div>\n        <\/div><div class=\"eael-entry-wrapper\"><header class=\"eael-entry-header\"><h2 class=\"eael-entry-title\"><a class=\"eael-grid-post-link\" href=\"https:\/\/soymigrante.com\/revista\/departamentos-de-guatemala-quiche-tierra-de-rios-arboles-montanas-y-el-popol-vuh\/\" title=\"Departamentos de Guatemala: Quich\u00e9, tierra de r\u00edos, \u00e1rboles, monta\u00f1as y cuna del Popol Vuh\">Departamentos de Guatemala: Quich\u00e9, tierra de r\u00edos, \u00e1rboles, monta\u00f1as y cuna del Popol Vuh<\/a><\/h2><\/header><div class=\"eael-entry-content\">\n                        <div class=\"eael-grid-post-excerpt\"><a href=\"https:\/\/soymigrante.com\/revista\/departamentos-de-guatemala-quiche-tierra-de-rios-arboles-montanas-y-el-popol-vuh\/\" class=\"eael-post-elements-readmore-btn\">CONOCE SU HISTORIA <\/a><\/div>\n                    <\/div><\/div><\/div>\n        <\/div>\n    <\/article><article class=\"eael-grid-post  eael-post-grid-column eael-pg-post-14617 category-guate-nuestra\" data-id=\"14617\">\n        <div class=\"eael-grid-post-holder\">\n            <div class=\"eael-grid-post-holder-inner\"><div class=\"eael-entry-media\"><div class=\"eael-entry-overlay fade-in\"><i class=\"far fa-hand-pointer\" aria-hidden=\"true\"><\/i><a href=\"https:\/\/soymigrante.com\/revista\/el-lenguaje-sagrado-de-los-textiles-mayas-y-sus-significados\/\"><\/a><\/div><div class=\"eael-entry-thumbnail \">\n                <img decoding=\"async\" width=\"1024\" height=\"1024\" src=\"https:\/\/soymigrante.com\/revista\/wp-content\/uploads\/2024\/11\/El-lenguaje-sagrado-de-los-tejidos-mayas-y-sus-significados2-e1732643781668-1024x1024.webp\" class=\"attachment-large size-large wp-image-14619\" alt=\"Tela de trabajo artesanal con tejido colorido y patr\u00f3n tradicional, realizada por una mujer ind\u00edgena en un entorno rural de Latinoam\u00e9rica.\" srcset=\"https:\/\/soymigrante.com\/revista\/wp-content\/uploads\/2024\/11\/El-lenguaje-sagrado-de-los-tejidos-mayas-y-sus-significados2-e1732643781668-1024x1024.webp 1024w, https:\/\/soymigrante.com\/revista\/wp-content\/uploads\/2024\/11\/El-lenguaje-sagrado-de-los-tejidos-mayas-y-sus-significados2-e1732643781668-300x300.webp 300w, https:\/\/soymigrante.com\/revista\/wp-content\/uploads\/2024\/11\/El-lenguaje-sagrado-de-los-tejidos-mayas-y-sus-significados2-e1732643781668-150x150.webp 150w, https:\/\/soymigrante.com\/revista\/wp-content\/uploads\/2024\/11\/El-lenguaje-sagrado-de-los-tejidos-mayas-y-sus-significados2-e1732643781668-768x768.webp 768w, https:\/\/soymigrante.com\/revista\/wp-content\/uploads\/2024\/11\/El-lenguaje-sagrado-de-los-tejidos-mayas-y-sus-significados2-e1732643781668-75x75.webp 75w, https:\/\/soymigrante.com\/revista\/wp-content\/uploads\/2024\/11\/El-lenguaje-sagrado-de-los-tejidos-mayas-y-sus-significados2-e1732643781668-750x750.webp 750w, https:\/\/soymigrante.com\/revista\/wp-content\/uploads\/2024\/11\/El-lenguaje-sagrado-de-los-tejidos-mayas-y-sus-significados2-e1732643781668.webp 1066w\" sizes=\"(max-width: 1024px) 100vw, 1024px\" \/>\n            <\/div>\n        <\/div><div class=\"eael-entry-wrapper\"><header class=\"eael-entry-header\"><h2 class=\"eael-entry-title\"><a class=\"eael-grid-post-link\" href=\"https:\/\/soymigrante.com\/revista\/el-lenguaje-sagrado-de-los-textiles-mayas-y-sus-significados\/\" title=\"El lenguaje sagrado de los textiles mayas y sus significados\">El lenguaje sagrado de los textiles mayas y sus significados<\/a><\/h2><\/header><div class=\"eael-entry-content\">\n                        <div class=\"eael-grid-post-excerpt\"><a href=\"https:\/\/soymigrante.com\/revista\/el-lenguaje-sagrado-de-los-textiles-mayas-y-sus-significados\/\" class=\"eael-post-elements-readmore-btn\">CONOCE SU HISTORIA <\/a><\/div>\n                    <\/div><\/div><\/div>\n        <\/div>\n    <\/article><article class=\"eael-grid-post  eael-post-grid-column eael-pg-post-2496 category-guate-nuestra\" data-id=\"2496\">\n        <div class=\"eael-grid-post-holder\">\n            <div class=\"eael-grid-post-holder-inner\"><div class=\"eael-entry-media\"><div class=\"eael-entry-overlay fade-in\"><i class=\"far fa-hand-pointer\" aria-hidden=\"true\"><\/i><a href=\"https:\/\/soymigrante.com\/revista\/amor-a-la-patria-refleja-entonacion-del-himno-nacional-de-guatemala-en-idioma-kiche\/\"><\/a><\/div><div class=\"eael-entry-thumbnail \">\n                <img loading=\"lazy\" decoding=\"async\" width=\"573\" height=\"536\" src=\"https:\/\/soymigrante.com\/revista\/wp-content\/uploads\/2023\/09\/Captura-de-pantalla-2023-09-14-171644.webp\" class=\"attachment-large size-large wp-image-2599\" alt=\"\" srcset=\"https:\/\/soymigrante.com\/revista\/wp-content\/uploads\/2023\/09\/Captura-de-pantalla-2023-09-14-171644.webp 573w, https:\/\/soymigrante.com\/revista\/wp-content\/uploads\/2023\/09\/Captura-de-pantalla-2023-09-14-171644-300x281.webp 300w\" sizes=\"(max-width: 573px) 100vw, 573px\" \/>\n            <\/div>\n        <\/div><div class=\"eael-entry-wrapper\"><header class=\"eael-entry-header\"><h2 class=\"eael-entry-title\"><a class=\"eael-grid-post-link\" href=\"https:\/\/soymigrante.com\/revista\/amor-a-la-patria-refleja-entonacion-del-himno-nacional-de-guatemala-en-idioma-kiche\/\" title=\"Amor a la patria refleja entonaci\u00f3n del Himno Nacional de Guatemala en idioma k&#8217;iche&#8217;\">Amor a la patria refleja entonaci\u00f3n del Himno Nacional de Guatemala en idioma k&#8217;iche&#8217;<\/a><\/h2><\/header><div class=\"eael-entry-content\">\n                        <div class=\"eael-grid-post-excerpt\"><a href=\"https:\/\/soymigrante.com\/revista\/amor-a-la-patria-refleja-entonacion-del-himno-nacional-de-guatemala-en-idioma-kiche\/\" class=\"eael-post-elements-readmore-btn\">CONOCE SU HISTORIA <\/a><\/div>\n                    <\/div><\/div><\/div>\n        <\/div>\n    <\/article><\/div>\n            <div class=\"clearfix\"><\/div>\n        <\/div>\t\t\t\t<\/div>\n\t\t\t\t\t<\/div>\n\t\t\t\t<\/div>\n\t\t\t\t<\/div>\n\t\t","protected":false},"excerpt":{"rendered":"<p>\u201cUk\u2019ux Ixim\u201d, es el videojuego para preservar la lengua k\u2019iche\u2019 que est\u00e1 al alcance de ni\u00f1os y adultos. La Universidad Nacional Aut\u00f3noma de M\u00e9xico (UNAM) ha presentado \u201cUk\u2019ux Ixim\u201d (que en k\u2019iche\u2019 significa \u201cCoraz\u00f3n de ma\u00edz\u201d), un videojuego educativo dise\u00f1ado para ni\u00f1as y ni\u00f1os de educaci\u00f3n b\u00e1sica en Guatemala, con el objetivo de revitalizar y [&hellip;]<\/p>\n","protected":false},"author":19,"featured_media":40408,"comment_status":"open","ping_status":"open","sticky":false,"template":"","format":"standard","meta":{"_acf_changed":false,"_eb_attr":"","footnotes":""},"categories":[58],"tags":[],"class_list":["post-40169","post","type-post","status-publish","format-standard","has-post-thumbnail","hentry","category-guate-nuestra"],"acf":[],"aioseo_notices":[],"aioseo_head":"\n\t\t<!-- All in One SEO Pro 4.9.6.2 - aioseo.com -->\n\t<meta name=\"description\" content=\"La ense\u00f1anza y el respeto nace del hogar; David Tzic canta el himno nacional en idioma k\u2019iche como legado familiar y respeto a su identidad David Tzic es un ni\u00f1o de 8 a\u00f1os de edad originario de Chiyax Totonicap\u00e1n, Guatemala, cuya familia le ha inculcado el amor a la patria y por ello interpreta el himno nacional en idioma k&#039;iche&#039; predominante en el \u00e1rea de Totonicap\u00e1n. El idioma materno un legado La familia Tzic Chuc es originaria del cant\u00f3n Chiyax,\" \/>\n\t<meta name=\"robots\" content=\"max-snippet:-1, max-image-preview:large, max-video-preview:-1\" \/>\n\t<meta name=\"author\" content=\"Diana Batz\"\/>\n\t<link rel=\"canonical\" href=\"https:\/\/soymigrante.com\/revista\/amor-a-la-patria-refleja-entonacion-del-himno-nacional-de-guatemala-en-idioma-kiche\/\" \/>\n\t<meta name=\"generator\" content=\"All in One SEO Pro (AIOSEO) 4.9.6.2\" \/>\n\n\t\t<link rel=\"preconnect\" href=\"https:\/\/fonts.googleapis.com\" crossorigin>\n<link rel=\"preconnect\" href=\"https:\/\/fonts.gstatic.com\" crossorigin>\n\t\t<meta property=\"og:locale\" content=\"es_ES\" \/>\n\t\t<meta property=\"og:site_name\" content=\"SoyMigrante.com REVISTA \u2013 Nuestra misi\u00f3n es reconocer y dignificar al migrante.\" \/>\n\t\t<meta property=\"og:type\" content=\"article\" \/>\n\t\t<meta property=\"og:title\" content=\"Amor a la patria refleja entonaci\u00f3n del Himno Nacional de Guatemala en idioma k\u2019iche\u2019\" \/>\n\t\t<meta property=\"og:description\" content=\"La ense\u00f1anza y el respeto nace del hogar; David Tzic canta el himno nacional en idioma k\u2019iche como legado familiar y respeto a su identidad David Tzic es un ni\u00f1o de 8 a\u00f1os de edad originario de Chiyax Totonicap\u00e1n, Guatemala, cuya familia le ha inculcado el amor a la patria y por ello interpreta el himno nacional en idioma k&#039;iche&#039; predominante en el \u00e1rea de Totonicap\u00e1n. El idioma materno un legado La familia Tzic Chuc es originaria del cant\u00f3n Chiyax,\" \/>\n\t\t<meta property=\"og:url\" content=\"https:\/\/soymigrante.com\/revista\/amor-a-la-patria-refleja-entonacion-del-himno-nacional-de-guatemala-en-idioma-kiche\/\" \/>\n\t\t<meta property=\"og:image\" content=\"https:\/\/soymigrante.com\/revista\/wp-content\/uploads\/2023\/09\/Captura-de-pantalla-2023-09-14-171644.webp\" \/>\n\t\t<meta property=\"og:image:secure_url\" content=\"https:\/\/soymigrante.com\/revista\/wp-content\/uploads\/2023\/09\/Captura-de-pantalla-2023-09-14-171644.webp\" \/>\n\t\t<meta property=\"og:image:width\" content=\"573\" \/>\n\t\t<meta property=\"og:image:height\" content=\"536\" \/>\n\t\t<meta property=\"article:published_time\" content=\"2023-09-14T23:12:01+00:00\" \/>\n\t\t<meta property=\"article:modified_time\" content=\"2024-07-30T19:44:21+00:00\" \/>\n\t\t<meta property=\"article:publisher\" content=\"https:\/\/www.facebook.com\/soymigrantecom\" \/>\n\t\t<meta name=\"twitter:card\" content=\"summary_large_image\" \/>\n\t\t<meta name=\"twitter:site\" content=\"@SoyMigrante_com\" \/>\n\t\t<meta name=\"twitter:title\" content=\"Amor a la patria refleja entonaci\u00f3n del Himno Nacional de Guatemala en idioma k\u2019iche\u2019\" \/>\n\t\t<meta name=\"twitter:description\" content=\"La ense\u00f1anza y el respeto nace del hogar; David Tzic canta el himno nacional en idioma k\u2019iche como legado familiar y respeto a su identidad David Tzic es un ni\u00f1o de 8 a\u00f1os de edad originario de Chiyax Totonicap\u00e1n, Guatemala, cuya familia le ha inculcado el amor a la patria y por ello interpreta el himno nacional en idioma k&#039;iche&#039; predominante en el \u00e1rea de Totonicap\u00e1n. El idioma materno un legado La familia Tzic Chuc es originaria del cant\u00f3n Chiyax,\" \/>\n\t\t<meta name=\"twitter:creator\" content=\"@SoyMigrante_com\" \/>\n\t\t<meta name=\"twitter:image\" content=\"https:\/\/soymigrante.com\/revista\/wp-content\/uploads\/2023\/09\/Captura-de-pantalla-2023-09-14-171644.webp\" \/>\n\t\t<!-- All in One SEO Pro -->\r\n\t\t<title>Amor a la patria refleja entonaci\u00f3n del Himno Nacional de Guatemala en idioma k\u2019iche\u2019<\/title>\n\n","aioseo_head_json":{"title":"Amor a la patria refleja entonaci\u00f3n del Himno Nacional de Guatemala en idioma k\u2019iche\u2019","description":"La ense\u00f1anza y el respeto nace del hogar; David Tzic canta el himno nacional en idioma k\u2019iche como legado familiar y respeto a su identidad David Tzic es un ni\u00f1o de 8 a\u00f1os de edad originario de Chiyax Totonicap\u00e1n, Guatemala, cuya familia le ha inculcado el amor a la patria y por ello interpreta el himno nacional en idioma k'iche' predominante en el \u00e1rea de Totonicap\u00e1n. El idioma materno un legado La familia Tzic Chuc es originaria del cant\u00f3n Chiyax,","canonical_url":"https:\/\/soymigrante.com\/revista\/amor-a-la-patria-refleja-entonacion-del-himno-nacional-de-guatemala-en-idioma-kiche\/","robots":"max-snippet:-1, max-image-preview:large, max-video-preview:-1","keywords":"","webmasterTools":{"miscellaneous":"&lt;link rel=\"preconnect\" href=\"https:\/\/fonts.googleapis.com\" crossorigin&gt;\n&lt;link rel=\"preconnect\" href=\"https:\/\/fonts.gstatic.com\" crossorigin&gt;"},"schema":null,"og:locale":"es_ES","og:site_name":"SoyMigrante.com REVISTA \u2013 Nuestra misi\u00f3n es reconocer y dignificar al migrante.","og:type":"article","og:title":"Amor a la patria refleja entonaci\u00f3n del Himno Nacional de Guatemala en idioma k\u2019iche\u2019","og:description":"La ense\u00f1anza y el respeto nace del hogar; David Tzic canta el himno nacional en idioma k\u2019iche como legado familiar y respeto a su identidad David Tzic es un ni\u00f1o de 8 a\u00f1os de edad originario de Chiyax Totonicap\u00e1n, Guatemala, cuya familia le ha inculcado el amor a la patria y por ello interpreta el himno nacional en idioma k'iche' predominante en el \u00e1rea de Totonicap\u00e1n. El idioma materno un legado La familia Tzic Chuc es originaria del cant\u00f3n Chiyax,","og:url":"https:\/\/soymigrante.com\/revista\/amor-a-la-patria-refleja-entonacion-del-himno-nacional-de-guatemala-en-idioma-kiche\/","og:image":"https:\/\/soymigrante.com\/revista\/wp-content\/uploads\/2023\/09\/Captura-de-pantalla-2023-09-14-171644.webp","og:image:secure_url":"https:\/\/soymigrante.com\/revista\/wp-content\/uploads\/2023\/09\/Captura-de-pantalla-2023-09-14-171644.webp","og:image:width":573,"og:image:height":536,"article:published_time":"2023-09-14T23:12:01+00:00","article:modified_time":"2024-07-30T19:44:21+00:00","article:publisher":"https:\/\/www.facebook.com\/soymigrantecom","twitter:card":"summary_large_image","twitter:site":"@SoyMigrante_com","twitter:title":"Amor a la patria refleja entonaci\u00f3n del Himno Nacional de Guatemala en idioma k\u2019iche\u2019","twitter:description":"La ense\u00f1anza y el respeto nace del hogar; David Tzic canta el himno nacional en idioma k\u2019iche como legado familiar y respeto a su identidad David Tzic es un ni\u00f1o de 8 a\u00f1os de edad originario de Chiyax Totonicap\u00e1n, Guatemala, cuya familia le ha inculcado el amor a la patria y por ello interpreta el himno nacional en idioma k'iche' predominante en el \u00e1rea de Totonicap\u00e1n. El idioma materno un legado La familia Tzic Chuc es originaria del cant\u00f3n Chiyax,","twitter:creator":"@SoyMigrante_com","twitter:image":"https:\/\/soymigrante.com\/revista\/wp-content\/uploads\/2023\/09\/Captura-de-pantalla-2023-09-14-171644.webp"},"aioseo_meta_data":{"post_id":"40169","title":"Videojuego Uk'ux Ixim busca impulsar el idioma maya k'iche","description":"\u201cUk\u2019ux Ixim\u201d, es un videojuego desarrollado por la Universidad Nacional Aut\u00f3noma de M\u00e9xico, para impulsar el k'iche que en Guatemala tiene 1 mill\u00f3n de hablantes.","keywords":null,"keyphrases":{"focus":{"keyphrase":"videojuego","score":91,"analysis":{"keyphraseInTitle":{"score":9,"maxScore":9,"error":0},"keyphraseInDescription":{"score":9,"maxScore":9,"error":0},"keyphraseLength":{"score":9,"maxScore":9,"error":0,"length":1},"keyphraseInURL":{"score":5,"maxScore":5,"error":0},"keyphraseInIntroduction":{"score":9,"maxScore":9,"error":0},"keyphraseInSubHeadings":{"score":3,"maxScore":9,"error":1},"keyphraseInImageAlt":{"score":9,"maxScore":9,"error":0},"keywordDensity":{"type":"best","score":9,"maxScore":9,"error":0}}},"additional":[{"keyphrase":"k\u2019iche\u2019","score":73,"analysis":{"keyphraseInDescription":{"score":3,"maxScore":9,"error":1},"keyphraseLength":{"score":9,"maxScore":9,"error":0,"length":1},"keyphraseInIntroduction":{"score":9,"maxScore":9,"error":0},"keyphraseInImageAlt":{"score":3,"maxScore":9,"error":1},"keywordDensity":{"type":"best","score":9,"maxScore":9,"error":0}}}]},"primary_term":null,"canonical_url":null,"og_title":null,"og_description":null,"og_object_type":"default","og_image_type":"default","og_image_url":null,"og_image_width":null,"og_image_height":null,"og_image_custom_url":null,"og_image_custom_fields":null,"og_video":"","og_custom_url":null,"og_article_section":null,"og_article_tags":null,"twitter_use_og":false,"twitter_card":"default","twitter_image_type":"default","twitter_image_url":null,"twitter_image_custom_url":null,"twitter_image_custom_fields":null,"twitter_title":null,"twitter_description":null,"schema":{"blockGraphs":[],"customGraphs":[],"default":{"data":{"Article":[],"Course":[],"Dataset":[],"FAQPage":[],"Movie":[],"Person":[],"Product":[],"ProductReview":[],"Car":[],"Recipe":[],"Service":[],"SoftwareApplication":[],"WebPage":[]},"graphName":"none","isEnabled":true},"graphs":[]},"schema_type":"default","schema_type_options":null,"pillar_content":false,"robots_default":true,"robots_noindex":false,"robots_noarchive":false,"robots_nosnippet":false,"robots_nofollow":false,"robots_noimageindex":false,"robots_noodp":false,"robots_notranslate":false,"robots_max_snippet":"-1","robots_max_videopreview":"-1","robots_max_imagepreview":"large","priority":null,"frequency":"default","local_seo":null,"seo_analyzer_scan_date":"2025-10-09 07:11:14","breadcrumb_settings":null,"limit_modified_date":false,"reviewed_by":"0","open_ai":null,"ai":{"faqs":[],"keyPoints":[],"titles":[],"descriptions":[],"socialPosts":{"email":[],"linkedin":[],"twitter":[],"facebook":[],"instagram":[]}},"created":"2025-07-23 18:54:27","updated":"2026-02-05 03:06:30"},"aioseo_breadcrumb":"<div class=\"aioseo-breadcrumbs\"><span class=\"aioseo-breadcrumb\">\n\t<a href=\"https:\/\/soymigrante.com\/revista\" title=\"Home\">Home<\/a>\n<\/span><span class=\"aioseo-breadcrumb-separator\">\u00bb<\/span><span class=\"aioseo-breadcrumb\">\n\t<a href=\"https:\/\/soymigrante.com\/revista\/category\/guate-nuestra\/\" title=\"Guate Nuestra\">Guate Nuestra<\/a>\n<\/span><span class=\"aioseo-breadcrumb-separator\">\u00bb<\/span><span class=\"aioseo-breadcrumb\">\n\tUNAM lanza videojuego Uk\u2019ux Ixim para preservar el idioma maya k\u2019iche\u2019\n<\/span><\/div>","aioseo_breadcrumb_json":[{"label":"Home","link":"https:\/\/soymigrante.com\/revista"},{"label":"Guate Nuestra","link":"https:\/\/soymigrante.com\/revista\/category\/guate-nuestra\/"},{"label":"UNAM lanza videojuego Uk\u2019ux Ixim para preservar el idioma maya k\u2019iche\u2019","link":"https:\/\/soymigrante.com\/revista\/unam-lanza-ukux-ixim-videojuego-para-preservar-la-lengua-kiche\/"}],"_links":{"self":[{"href":"https:\/\/soymigrante.com\/revista\/wp-json\/wp\/v2\/posts\/40169","targetHints":{"allow":["GET"]}}],"collection":[{"href":"https:\/\/soymigrante.com\/revista\/wp-json\/wp\/v2\/posts"}],"about":[{"href":"https:\/\/soymigrante.com\/revista\/wp-json\/wp\/v2\/types\/post"}],"author":[{"embeddable":true,"href":"https:\/\/soymigrante.com\/revista\/wp-json\/wp\/v2\/users\/19"}],"replies":[{"embeddable":true,"href":"https:\/\/soymigrante.com\/revista\/wp-json\/wp\/v2\/comments?post=40169"}],"version-history":[{"count":9,"href":"https:\/\/soymigrante.com\/revista\/wp-json\/wp\/v2\/posts\/40169\/revisions"}],"predecessor-version":[{"id":40409,"href":"https:\/\/soymigrante.com\/revista\/wp-json\/wp\/v2\/posts\/40169\/revisions\/40409"}],"wp:featuredmedia":[{"embeddable":true,"href":"https:\/\/soymigrante.com\/revista\/wp-json\/wp\/v2\/media\/40408"}],"wp:attachment":[{"href":"https:\/\/soymigrante.com\/revista\/wp-json\/wp\/v2\/media?parent=40169"}],"wp:term":[{"taxonomy":"category","embeddable":true,"href":"https:\/\/soymigrante.com\/revista\/wp-json\/wp\/v2\/categories?post=40169"},{"taxonomy":"post_tag","embeddable":true,"href":"https:\/\/soymigrante.com\/revista\/wp-json\/wp\/v2\/tags?post=40169"}],"curies":[{"name":"wp","href":"https:\/\/api.w.org\/{rel}","templated":true}]}}