{"id":40137,"date":"2025-07-23T09:04:15","date_gmt":"2025-07-23T15:04:15","guid":{"rendered":"https:\/\/soymigrante.com\/revista\/?p=40137"},"modified":"2025-07-24T12:09:28","modified_gmt":"2025-07-24T18:09:28","slug":"premio-huun-serie-joyas-mayas-migrantes-en-soymigrante-por-gustavo-montenegro","status":"publish","type":"post","link":"https:\/\/soymigrante.com\/revista\/premio-huun-serie-joyas-mayas-migrantes-en-soymigrante-por-gustavo-montenegro\/","title":{"rendered":"Nuestra serie Joyas Mayas Migrantes gana prestigioso Premio Huun de periodismo arqueol\u00f3gico en Guatemala"},"content":{"rendered":"\t\t<div data-elementor-type=\"wp-post\" data-elementor-id=\"40137\" class=\"elementor elementor-40137\" data-elementor-post-type=\"post\">\n\t\t\t\t<div data-particle_enable=\"false\" data-particle-mobile-disabled=\"false\" class=\"elementor-element elementor-element-56f8fb2 e-flex e-con-boxed e-con e-parent\" data-id=\"56f8fb2\" data-element_type=\"container\" data-e-type=\"container\">\n\t\t\t\t\t<div class=\"e-con-inner\">\n\t\t\t\t<div class=\"elementor-element elementor-element-5c8c169 elementor-widget elementor-widget-heading\" data-id=\"5c8c169\" data-element_type=\"widget\" data-e-type=\"widget\" data-widget_type=\"heading.default\">\n\t\t\t\t\t<h2 class=\"elementor-heading-title elementor-size-default\">Serie digital multimedia dedicada a piezas mayas guatemaltecas conservadas en museos de USA recibe galard\u00f3n otorgado por el Museo Popol Vuh. El ceramista maya Carlos Chacl\u00e1n recibe Orden del Pop por su trayectoria.<\/h2>\t\t\t\t<\/div>\n\t\t\t\t\t<\/div>\n\t\t\t\t<\/div>\n\t\t<div data-particle_enable=\"false\" data-particle-mobile-disabled=\"false\" class=\"elementor-element elementor-element-f551e97 e-flex e-con-boxed e-con e-parent\" data-id=\"f551e97\" data-element_type=\"container\" data-e-type=\"container\">\n\t\t\t\t\t<div class=\"e-con-inner\">\n\t\t\t\t<div class=\"elementor-element elementor-element-6107c5f elementor-widget elementor-widget-text-editor\" data-id=\"6107c5f\" data-element_type=\"widget\" data-e-type=\"widget\" data-widget_type=\"text-editor.default\">\n\t\t\t\t\t\t\t\t\t<p>La serie de reportajes digitales <a href=\"https:\/\/soymigrante.com\/revista\/tag\/joyas-mayas-migrantes\/\">Joyas Mayas Migrantes<\/a>\u00a0publicados en la revista de <a href=\"https:\/\/soymigrante.com\/revista\/editorial-un-gran-sueno-guatemalteco-sin-fronteras\/\">SoyMigrante.com<\/a> entre julio de 2024 y mayo de 2025 est\u00e1 integrada por 21 entregas acerca de piezas arqueol\u00f3gicas originarias de Guatemala que se encuentran en museos e instituciones de Estados Unidos.\u00a0<\/p><p>La noche del 22 de julio de 2025, el <a href=\"https:\/\/popolvuh.ufm.edu\/\">Museo Popol Vuh de la Universidad Francisco Marroquin<\/a> entregaron el premio Huun al periodismo arqueol\u00f3gico al autor de la serie, Gustavo Adolfo Montenegro, nuestro director editorial. Esta es la primera vez que el Huun (libro, en idioma maya) es otorgado a una propuesta surgida en entorno digital. Participaron 37 trabajos.<\/p><p>El objetivo de la serie es poner en contacto a los guatemaltecos, dentro y fuera de Guatemala, con estos s\u00edmbolos de multiculturalidad, divulgar su significado y exaltar su valor arqueol\u00f3gico. Pero tambi\u00e9n se busca motivar a los migrantes connacionales que deseen acudir con a admirar estas piezas.<\/p><p>En la premiaci\u00f3n estuvo presente el CEO de SoyMigrante.com,\u00a0<a href=\"https:\/\/soymigrante.com\/revista\/un-tejido-de-una-abuela-maya-es-tan-valioso-como-un-software-de-silicon-valley-marcos-antil-en-foro-de-industria-creativa\/\"> el emprendedor tecnol\u00f3gico maya q&#8217;anjob&#8217;al Marcos Antil, <\/a>quien expres\u00f3 la convicci\u00f3n por dignificar a los guatemaltecos, dentro y fuera del pa\u00eds, lo cual incluye la valoraci\u00f3n del patrimonio cultural guatemalteco<\/p>\t\t\t\t\t\t\t\t<\/div>\n\t\t\t\t\t<\/div>\n\t\t\t\t<\/div>\n\t\t<div data-particle_enable=\"false\" data-particle-mobile-disabled=\"false\" class=\"elementor-element elementor-element-84d0ed3 e-flex e-con-boxed e-con e-parent\" data-id=\"84d0ed3\" data-element_type=\"container\" data-e-type=\"container\">\n\t\t\t\t\t<div class=\"e-con-inner\">\n\t\t\t\t<div class=\"elementor-element elementor-element-c089093 elementor-widget elementor-widget-image\" data-id=\"c089093\" data-element_type=\"widget\" data-e-type=\"widget\" data-widget_type=\"image.default\">\n\t\t\t\t\t\t\t\t\t\t\t\t<figure class=\"wp-caption\">\n\t\t\t\t\t\t\t\t\t\t<img fetchpriority=\"high\" decoding=\"async\" width=\"768\" height=\"524\" src=\"https:\/\/soymigrante.com\/revista\/wp-content\/uploads\/2025\/07\/premio-huun-por-joyas-mayas-migrantes-3-1024x699.png\" class=\"attachment-large size-large wp-image-40153\" alt=\"Reconocimiento y entrega de premios en evento cultural con presencia de autoridades y artistas, destacando la importancia del intercambio cultural y la celebraci\u00f3n de la diversidad en Latinoam\u00e9rica.\" srcset=\"https:\/\/soymigrante.com\/revista\/wp-content\/uploads\/2025\/07\/premio-huun-por-joyas-mayas-migrantes-3-1024x699.png 1024w, https:\/\/soymigrante.com\/revista\/wp-content\/uploads\/2025\/07\/premio-huun-por-joyas-mayas-migrantes-3-300x205.png 300w, https:\/\/soymigrante.com\/revista\/wp-content\/uploads\/2025\/07\/premio-huun-por-joyas-mayas-migrantes-3-768x524.png 768w, https:\/\/soymigrante.com\/revista\/wp-content\/uploads\/2025\/07\/premio-huun-por-joyas-mayas-migrantes-3-750x512.webp 750w, https:\/\/soymigrante.com\/revista\/wp-content\/uploads\/2025\/07\/premio-huun-por-joyas-mayas-migrantes-3-1140x778.webp 1140w, https:\/\/soymigrante.com\/revista\/wp-content\/uploads\/2025\/07\/premio-huun-por-joyas-mayas-migrantes-3.webp 1411w\" sizes=\"(max-width: 768px) 100vw, 768px\" title=\"Ingrid Klanderud y Estuardo Mata Castillo, integrantes del consejo directivo del Museo Popol Vuh, entregan el galard\u00f3n Huun al Mejor Reportaje Arqueol\u00f3gico 2025 por la serie Joyas Mayas Migrantes a Gustavo Montenegro, director de la Revista de SoyMigrante.com. \u2013 SoyMigrante.com REVISTA\" \/>\t\t\t\t\t\t\t\t\t\t\t<figcaption class=\"widget-image-caption wp-caption-text\">Ingrid Klanderud y Estuardo Mata Castillo, integrantes del consejo directivo del Museo Popol Vuh, entregan el galard\u00f3n Huun al Mejor Reportaje Arqueol\u00f3gico 2025 por la serie Joyas Mayas Migrantes a Gustavo Montenegro, director de la Revista de SoyMigrante.com.<\/figcaption>\n\t\t\t\t\t\t\t\t\t\t<\/figure>\n\t\t\t\t\t\t\t\t\t<\/div>\n\t\t\t\t\t<\/div>\n\t\t\t\t<\/div>\n\t\t<div data-particle_enable=\"false\" data-particle-mobile-disabled=\"false\" class=\"elementor-element elementor-element-d171ace e-flex e-con-boxed e-con e-parent\" data-id=\"d171ace\" data-element_type=\"container\" data-e-type=\"container\">\n\t\t\t\t\t<div class=\"e-con-inner\">\n\t\t\t\t<div class=\"elementor-element elementor-element-185a6db elementor-widget elementor-widget-heading\" data-id=\"185a6db\" data-element_type=\"widget\" data-e-type=\"widget\" data-widget_type=\"heading.default\">\n\t\t\t\t\t<h3 class=\"elementor-heading-title elementor-size-default\">Primer Huun a una pieza digital y multimedia<\/h3>\t\t\t\t<\/div>\n\t\t\t\t\t<\/div>\n\t\t\t\t<\/div>\n\t\t<div data-particle_enable=\"false\" data-particle-mobile-disabled=\"false\" class=\"elementor-element elementor-element-5f63298 e-flex e-con-boxed e-con e-parent\" data-id=\"5f63298\" data-element_type=\"container\" data-e-type=\"container\">\n\t\t\t\t\t<div class=\"e-con-inner\">\n\t\t\t\t<div class=\"elementor-element elementor-element-b905328 elementor-widget elementor-widget-text-editor\" data-id=\"b905328\" data-element_type=\"widget\" data-e-type=\"widget\" data-widget_type=\"text-editor.default\">\n\t\t\t\t\t\t\t\t\t<p>El premio Huun al periodismo arqueol\u00f3gico se entrega desde 2003. Pero la edici\u00f3n\u00a0 2025 marca un cambio importante: los anteriores han sido entregados a formatos impresos, ya sea en peri\u00f3dico o revista, ya sean reportajes, art\u00edculos o infograf\u00edas. <b>Esta vez el premio fue para un medio nativo digital\u00a0 con recursos multimedia<\/b>.<\/p><p>En efecto Joyas Mayas Migrantes efect\u00faa una exploraci\u00f3n y explicaci\u00f3n virtual, en fotograf\u00edas, videos, podcast y texto, acerca del contexto, simbolismo y\u00a0 actual ubicaci\u00f3n de las piezas presentadas. &#8220;El jurado hizo una valoraci\u00f3n de esta propuesta que lleva nuestro patrimonio hasta nuestros migrantes&#8221;, se resalt\u00f3 durante la premiaci\u00f3n.<\/p><p>En la serie se presentan, para Guatemala y el mundo, vasos policromados, incensarios, figurillas modeladas o talladas, as\u00ed como textiles y piezas de indumentaria maya tradicional: todos cuidados y preservados en colecciones.<\/p><p>La informaci\u00f3n se obtuvo a partir de los estudios efectuados por las respectivas instituciones, an\u00e1lisis epigr\u00e1ficos y literatura especializada. Las im\u00e1genes utilizadas requirieron, en varios casos, el permiso de las instituciones, que amablemente lo otorgaron.<\/p>\t\t\t\t\t\t\t\t<\/div>\n\t\t\t\t\t<\/div>\n\t\t\t\t<\/div>\n\t\t<div data-particle_enable=\"false\" data-particle-mobile-disabled=\"false\" class=\"elementor-element elementor-element-76b8d70 e-flex e-con-boxed e-con e-parent\" data-id=\"76b8d70\" data-element_type=\"container\" data-e-type=\"container\">\n\t\t\t\t\t<div class=\"e-con-inner\">\n\t\t\t\t<div class=\"elementor-element elementor-element-5888c5f elementor-widget elementor-widget-image\" data-id=\"5888c5f\" data-element_type=\"widget\" data-e-type=\"widget\" data-widget_type=\"image.default\">\n\t\t\t\t\t\t\t\t\t\t\t\t<figure class=\"wp-caption\">\n\t\t\t\t\t\t\t\t\t\t<img decoding=\"async\" width=\"768\" height=\"732\" src=\"https:\/\/soymigrante.com\/revista\/wp-content\/uploads\/2025\/07\/premio-huun-2025.webp\" class=\"attachment-large size-large wp-image-40155\" alt=\"Retrato de dos hombres en un acto cultural, con una gran pantalla de fondo que muestra un primer plano de uno de ellos en un entorno natural, en un evento de revista SoyMigrante.com REVISTA.\" srcset=\"https:\/\/soymigrante.com\/revista\/wp-content\/uploads\/2025\/07\/premio-huun-2025.webp 810w, https:\/\/soymigrante.com\/revista\/wp-content\/uploads\/2025\/07\/premio-huun-2025-300x286.png 300w, https:\/\/soymigrante.com\/revista\/wp-content\/uploads\/2025\/07\/premio-huun-2025-768x732.png 768w, https:\/\/soymigrante.com\/revista\/wp-content\/uploads\/2025\/07\/premio-huun-2025-750x715.webp 750w\" sizes=\"(max-width: 768px) 100vw, 768px\" title=\"Momento del anuncio oficial del premio para la serie Joyas Mayas Migrantes de SoyMigrante.com plataforma que integra la Revista y tambi\u00e9n MERCADO, una comunidad que re\u00fane a emprendedores guatemaltecos con compradores de todo el pa\u00eds.  La chaqueta de Gustavo Montenegro proviene del emprendimiento Kemon Collection, que tiene su tienda digital en SoyMigrante.com MERCADO. \u2013 SoyMigrante.com REVISTA\" \/>\t\t\t\t\t\t\t\t\t\t\t<figcaption class=\"widget-image-caption wp-caption-text\">Presentaci\u00f3n en vivo en un evento de la revista SoyMigrante.com REVISTA, destacando temas migratorios y culturales con un p\u00fablico atento, en un escenario con proyecci\u00f3n visual significativa.<\/figcaption>\n\t\t\t\t\t\t\t\t\t\t<\/figure>\n\t\t\t\t\t\t\t\t\t<\/div>\n\t\t\t\t\t<\/div>\n\t\t\t\t<\/div>\n\t\t<div data-particle_enable=\"false\" data-particle-mobile-disabled=\"false\" class=\"elementor-element elementor-element-a976750 e-flex e-con-boxed e-con e-parent\" data-id=\"a976750\" data-element_type=\"container\" data-e-type=\"container\">\n\t\t\t\t\t<div class=\"e-con-inner\">\n\t\t\t\t<div class=\"elementor-element elementor-element-3cfe6f6 elementor-widget elementor-widget-heading\" data-id=\"3cfe6f6\" data-element_type=\"widget\" data-e-type=\"widget\" data-widget_type=\"heading.default\">\n\t\t\t\t\t<h3 class=\"elementor-heading-title elementor-size-default\">Orden del Pop al maestro ceramista Carlos Chacl\u00e1n<\/h3>\t\t\t\t<\/div>\n\t\t\t\t\t<\/div>\n\t\t\t\t<\/div>\n\t\t<div data-particle_enable=\"false\" data-particle-mobile-disabled=\"false\" class=\"elementor-element elementor-element-35e9afb e-flex e-con-boxed e-con e-parent\" data-id=\"35e9afb\" data-element_type=\"container\" data-e-type=\"container\">\n\t\t\t\t\t<div class=\"e-con-inner\">\n\t\t\t\t<div class=\"elementor-element elementor-element-413ffa5 elementor-widget elementor-widget-text-editor\" data-id=\"413ffa5\" data-element_type=\"widget\" data-e-type=\"widget\" data-widget_type=\"text-editor.default\">\n\t\t\t\t\t\t\t\t\t<p>El ceramista maya kiche Carlos Chacl\u00e1n fue homenajeado con la Orden del Pop, entregada desde 1998, anualmente, a arque\u00f3logos y especialista que han efectuado grandes aportes al descubrimiento, rescate y conservaci\u00f3n del patrimonio prehisp\u00e1nico.<\/p><p>El maestro Chacl\u00e1n trabaj\u00f3 en el museo Popol Vuh, de 1992 a 2005 en la restauraci\u00f3n de vasos y figuras mayas de cer\u00e1mica.\u00a0 Uno de sus hitos fue reconstruir el Vaso de las Estrellas a partir de m\u00e1s de 300 fragmentos, que uni\u00f3 con paciencia y utilizando t\u00e9cnicas ancestrales.\u00a0 Chacl\u00e1n adem\u00e1s elabora ocarinas y \u00fatiles sonoros, as\u00ed como esculturas inspiradas en la cosmovisi\u00f3n maya.\u00a0<\/p>\t\t\t\t\t\t\t\t<\/div>\n\t\t\t\t\t<\/div>\n\t\t\t\t<\/div>\n\t\t<div data-particle_enable=\"false\" data-particle-mobile-disabled=\"false\" class=\"elementor-element elementor-element-3d6247b e-flex e-con-boxed e-con e-parent\" data-id=\"3d6247b\" data-element_type=\"container\" data-e-type=\"container\">\n\t\t\t\t\t<div class=\"e-con-inner\">\n\t\t\t\t<div class=\"elementor-element elementor-element-89092b1 elementor-widget elementor-widget-image\" data-id=\"89092b1\" data-element_type=\"widget\" data-e-type=\"widget\" data-widget_type=\"image.default\">\n\t\t\t\t\t\t\t\t\t\t\t\t<figure class=\"wp-caption\">\n\t\t\t\t\t\t\t\t\t\t<img decoding=\"async\" width=\"768\" height=\"1024\" src=\"https:\/\/soymigrante.com\/revista\/wp-content\/uploads\/2025\/07\/CARLOS-CHACLAN-GUSTAVO-MONTENEGRO-PREMIO-HUUN-768x1024.jpg\" class=\"attachment-large size-large wp-image-40156\" alt=\"Ambos hombres conversando en un entorno moderno, vestidos con ropa tradicional ind\u00edgena, promoviendo la cultura y el migrante en un evento de SoyMigrante.com REVISTA.\" srcset=\"https:\/\/soymigrante.com\/revista\/wp-content\/uploads\/2025\/07\/CARLOS-CHACLAN-GUSTAVO-MONTENEGRO-PREMIO-HUUN-768x1024.jpg 768w, https:\/\/soymigrante.com\/revista\/wp-content\/uploads\/2025\/07\/CARLOS-CHACLAN-GUSTAVO-MONTENEGRO-PREMIO-HUUN-225x300.jpg 225w, https:\/\/soymigrante.com\/revista\/wp-content\/uploads\/2025\/07\/CARLOS-CHACLAN-GUSTAVO-MONTENEGRO-PREMIO-HUUN-1152x1536.jpg 1152w, https:\/\/soymigrante.com\/revista\/wp-content\/uploads\/2025\/07\/CARLOS-CHACLAN-GUSTAVO-MONTENEGRO-PREMIO-HUUN-750x1000.webp 750w, https:\/\/soymigrante.com\/revista\/wp-content\/uploads\/2025\/07\/CARLOS-CHACLAN-GUSTAVO-MONTENEGRO-PREMIO-HUUN-1140x1520.webp 1140w, https:\/\/soymigrante.com\/revista\/wp-content\/uploads\/2025\/07\/CARLOS-CHACLAN-GUSTAVO-MONTENEGRO-PREMIO-HUUN.webp 1200w\" sizes=\"(max-width: 768px) 100vw, 768px\" title=\"Los galardonados de la noche: el ceramista y restaurador Carlos Chacl\u00e1n quien recibi\u00f3 la Orden del Pop a causa de sus m\u00faltiples apotes a la restauraci\u00f3n de piezas prehisp\u00e1nicas es felicitado por el periodista Gustavo Montenegro, ganador del premio Huun al mejor reportaje de periodismo arqueol\u00f3gico. (Foto Edwin Castro) \u2013 SoyMigrante.com REVISTA\" \/>\t\t\t\t\t\t\t\t\t\t\t<figcaption class=\"widget-image-caption wp-caption-text\">Conversaci\u00f3n entre dos hombres con ropa cultural en evento de SoyMigrante.com REVISTA, destacando la importancia de la cultura ind\u00edgena y el apoyo a migrantes en un ambiente moderno y comunitario.<\/figcaption>\n\t\t\t\t\t\t\t\t\t\t<\/figure>\n\t\t\t\t\t\t\t\t\t<\/div>\n\t\t\t\t\t<\/div>\n\t\t\t\t<\/div>\n\t\t<div data-particle_enable=\"false\" data-particle-mobile-disabled=\"false\" class=\"elementor-element elementor-element-489fda1 e-flex e-con-boxed e-con e-parent\" data-id=\"489fda1\" data-element_type=\"container\" data-e-type=\"container\">\n\t\t\t\t\t<div class=\"e-con-inner\">\n\t\t\t\t<div class=\"elementor-element elementor-element-167a802 elementor-widget elementor-widget-heading\" data-id=\"167a802\" data-element_type=\"widget\" data-e-type=\"widget\" data-widget_type=\"heading.default\">\n\t\t\t\t\t<h2 class=\"elementor-heading-title elementor-size-default\">Acerca de SoyMigrante.com<\/h2>\t\t\t\t<\/div>\n\t\t\t\t\t<\/div>\n\t\t\t\t<\/div>\n\t\t<div data-particle_enable=\"false\" data-particle-mobile-disabled=\"false\" class=\"elementor-element elementor-element-ee45d63 e-flex e-con-boxed e-con e-parent\" data-id=\"ee45d63\" data-element_type=\"container\" data-e-type=\"container\">\n\t\t\t\t\t<div class=\"e-con-inner\">\n\t\t\t\t<div class=\"elementor-element elementor-element-27202a5 elementor-widget elementor-widget-text-editor\" data-id=\"27202a5\" data-element_type=\"widget\" data-e-type=\"widget\" data-widget_type=\"text-editor.default\">\n\t\t\t\t\t\t\t\t\t<p>SoyMigrante.com es una <a href=\"https:\/\/marcosantil.com\/lanzamiento-soymigrante-com\">plataforma digital lanzada en mayo de 2023<\/a>. Su misi\u00f3n es reconocer y dignificar los aportes de guatemaltecos, dentro y fuera de Guatemala: presentar historias de \u00e9xito de migrantes guatemaltecos, promover la valoraci\u00f3n de la multiculturalidad, expresiones, patrimonio y riqueza natural de Guatemala, con un enfoque positivo y propositivo.\u00a0\u00a0<\/p><p>Pero m\u00e1s all\u00e1 de contar historias, tambi\u00e9n promovemos el talento de los emprendedores de todo el pa\u00eds a trav\u00e9s de <a href=\"https:\/\/soymigrante.com\/mercado\/\">SoyMigrante.com MERCADO,<\/a> que les abre las puertas al comercio electr\u00f3nico, brinda facilidades log\u00edsticas para entrega en todo el pa\u00eds e impulsa el crecimiento econ\u00f3mico de las comunidades para reducir la migraci\u00f3n forzada.<\/p>\t\t\t\t\t\t\t\t<\/div>\n\t\t\t\t\t<\/div>\n\t\t\t\t<\/div>\n\t\t<div data-particle_enable=\"false\" data-particle-mobile-disabled=\"false\" class=\"elementor-element elementor-element-aa4068a e-flex e-con-boxed e-con e-parent\" data-id=\"aa4068a\" data-element_type=\"container\" data-e-type=\"container\">\n\t\t\t\t\t<div class=\"e-con-inner\">\n\t\t\t\t<div class=\"elementor-element elementor-element-7b03f17 elementor-widget elementor-widget-image\" data-id=\"7b03f17\" data-element_type=\"widget\" data-e-type=\"widget\" data-widget_type=\"image.default\">\n\t\t\t\t\t\t\t\t\t\t\t\t<figure class=\"wp-caption\">\n\t\t\t\t\t\t\t\t\t\t<img loading=\"lazy\" decoding=\"async\" width=\"768\" height=\"469\" src=\"https:\/\/soymigrante.com\/revista\/wp-content\/uploads\/2025\/07\/1-1024x625.png\" class=\"attachment-large size-large wp-image-40163\" alt=\"Miner\u00eda tradicional y moderna en el s\u00edmbolo de SHUUN con el logotipo de SoyMigrante.com en fondo textil colorido.\" srcset=\"https:\/\/soymigrante.com\/revista\/wp-content\/uploads\/2025\/07\/1-1024x625.png 1024w, https:\/\/soymigrante.com\/revista\/wp-content\/uploads\/2025\/07\/1-300x183.png 300w, https:\/\/soymigrante.com\/revista\/wp-content\/uploads\/2025\/07\/1-768x469.png 768w, https:\/\/soymigrante.com\/revista\/wp-content\/uploads\/2025\/07\/1-750x458.webp 750w, https:\/\/soymigrante.com\/revista\/wp-content\/uploads\/2025\/07\/1-1140x696.webp 1140w, https:\/\/soymigrante.com\/revista\/wp-content\/uploads\/2025\/07\/1.webp 1342w\" sizes=\"(max-width: 768px) 100vw, 768px\" title=\"El premio Huun incluye un diploma y un pin de plata con el glifo maya que representa el concepto Libro, cuyo t\u00e9rmino en maya es Huun, nombre del premio que se entrega anualmente desde 2023. \u2013 SoyMigrante.com REVISTA\" \/>\t\t\t\t\t\t\t\t\t\t\t<figcaption class=\"widget-image-caption wp-caption-text\">Cadena de valor del trabajo migrante en M\u00e9xico, simbolizada por el logotipo de SHUUN y el distintivo de SoyMigrante.com.<\/figcaption>\n\t\t\t\t\t\t\t\t\t\t<\/figure>\n\t\t\t\t\t\t\t\t\t<\/div>\n\t\t\t\t\t<\/div>\n\t\t\t\t<\/div>\n\t\t<div data-particle_enable=\"false\" data-particle-mobile-disabled=\"false\" class=\"elementor-element elementor-element-38adcb5 e-flex e-con-boxed e-con e-parent\" data-id=\"38adcb5\" data-element_type=\"container\" data-e-type=\"container\">\n\t\t\t\t\t<div class=\"e-con-inner\">\n\t\t\t\t<div class=\"elementor-element elementor-element-13c02b5 elementor-widget elementor-widget-heading\" data-id=\"13c02b5\" data-element_type=\"widget\" data-e-type=\"widget\" data-widget_type=\"heading.default\">\n\t\t\t\t\t<h2 class=\"elementor-heading-title elementor-size-default\">Aqu\u00ed puedes conocer Joyas Mayas Migrantes: Premio Huun 2025<\/h2>\t\t\t\t<\/div>\n\t\t\t\t\t<\/div>\n\t\t\t\t<\/div>\n\t\t<div data-particle_enable=\"false\" data-particle-mobile-disabled=\"false\" class=\"elementor-element elementor-element-cb8848e e-flex e-con-boxed e-con e-parent\" data-id=\"cb8848e\" data-element_type=\"container\" data-e-type=\"container\">\n\t\t\t\t\t<div class=\"e-con-inner\">\n\t\t\t\t<div class=\"elementor-element elementor-element-bdd6ddd elementor-grid-eael-col-3 elementor-grid-tablet-eael-col-2 elementor-grid-mobile-eael-col-1 elementor-invisible elementor-widget elementor-widget-eael-post-grid\" data-id=\"bdd6ddd\" data-element_type=\"widget\" data-e-type=\"widget\" data-settings=\"{&quot;eael_post_grid_columns&quot;:&quot;eael-col-3&quot;,&quot;_animation&quot;:&quot;rollIn&quot;,&quot;eael_post_grid_columns_tablet&quot;:&quot;eael-col-2&quot;,&quot;eael_post_grid_columns_mobile&quot;:&quot;eael-col-1&quot;}\" data-widget_type=\"eael-post-grid.default\">\n\t\t\t\t\t<div id=\"eael-post-grid-bdd6ddd\" class=\"eael-post-grid-container\">\n            <div class=\"eael-post-grid eael-post-appender eael-post-appender-bdd6ddd eael-post-grid-style-one\" data-layout-mode=\"masonry\"><article class=\"eael-grid-post  eael-post-grid-column eael-pg-post-34520 category-guate-nuestra tags-joyas-mayas-migrantes\" data-id=\"34520\">\n        <div class=\"eael-grid-post-holder\">\n            <div class=\"eael-grid-post-holder-inner\"><div class=\"eael-entry-media\"><div class=\"eael-entry-overlay fade-in\"><i class=\"far fa-hand-pointer\" aria-hidden=\"true\"><\/i><a href=\"https:\/\/soymigrante.com\/revista\/porque-hay-tantas-joyas-mayas-migrantes\/\"><\/a><\/div><div class=\"eael-entry-thumbnail \">\n                <img loading=\"lazy\" decoding=\"async\" width=\"892\" height=\"892\" src=\"https:\/\/soymigrante.com\/revista\/wp-content\/uploads\/2025\/05\/vaso-maya-lacma.webp\" class=\"attachment-large size-large wp-image-35067\" alt=\"Ancestro ind\u00edgena con vestimenta tradicional y accesorios rituales en pintura prehisp\u00e1nica, representando cultura y historia de M\u00e9xico.\" srcset=\"https:\/\/soymigrante.com\/revista\/wp-content\/uploads\/2025\/05\/vaso-maya-lacma.webp 892w, https:\/\/soymigrante.com\/revista\/wp-content\/uploads\/2025\/05\/vaso-maya-lacma-300x300.jpg 300w, https:\/\/soymigrante.com\/revista\/wp-content\/uploads\/2025\/05\/vaso-maya-lacma-150x150.jpg 150w, https:\/\/soymigrante.com\/revista\/wp-content\/uploads\/2025\/05\/vaso-maya-lacma-768x768.jpg 768w, https:\/\/soymigrante.com\/revista\/wp-content\/uploads\/2025\/05\/vaso-maya-lacma-75x75.webp 75w, https:\/\/soymigrante.com\/revista\/wp-content\/uploads\/2025\/05\/vaso-maya-lacma-750x750.webp 750w\" sizes=\"(max-width: 892px) 100vw, 892px\" \/>\n            <\/div>\n        <\/div><div class=\"eael-entry-wrapper\"><header class=\"eael-entry-header\"><h2 class=\"eael-entry-title\"><a class=\"eael-grid-post-link\" href=\"https:\/\/soymigrante.com\/revista\/porque-hay-tantas-joyas-mayas-migrantes\/\" title=\"\u00bfPorqu\u00e9 hay tantas Joyas Mayas Migrantes?\">\u00bfPorqu\u00e9 hay tantas Joyas Mayas Migrantes?<\/a><\/h2><\/header><div class=\"eael-entry-content\">\n                        <div class=\"eael-grid-post-excerpt\"><a href=\"https:\/\/soymigrante.com\/revista\/porque-hay-tantas-joyas-mayas-migrantes\/\" class=\"eael-post-elements-readmore-btn\">CONOCE SU HISTORIA <\/a><\/div>\n                    <\/div><\/div><\/div>\n        <\/div>\n    <\/article><article class=\"eael-grid-post  eael-post-grid-column eael-pg-post-29338 category-guate-nuestra tags-joyas-mayas-migrantes\" data-id=\"29338\">\n        <div class=\"eael-grid-post-holder\">\n            <div class=\"eael-grid-post-holder-inner\"><div class=\"eael-entry-media\"><div class=\"eael-entry-overlay fade-in\"><i class=\"far fa-hand-pointer\" aria-hidden=\"true\"><\/i><a href=\"https:\/\/soymigrante.com\/revista\/joyas-mayas-migrantes-procesion-prehispanica-en-el-vaso-de-ratinlixul-conservado-en-pensilvania\/\"><\/a><\/div><div class=\"eael-entry-thumbnail \">\n                <img loading=\"lazy\" decoding=\"async\" width=\"1024\" height=\"1024\" src=\"https:\/\/soymigrante.com\/revista\/wp-content\/uploads\/2025\/03\/procesion-en-vaso-maya-ratinlixul-1024x1024.jpg\" class=\"attachment-large size-large wp-image-29343\" alt=\"Mural prehisp\u00e1nico de Zapoteco en Oaxaca, arte ind\u00edgena, cultura ancestral, antigua civilizaci\u00f3n mexicana, pintura mural, historia de M\u00e9xico, arte ind\u00edgena, civilizaci\u00f3n zapoteca.\" srcset=\"https:\/\/soymigrante.com\/revista\/wp-content\/uploads\/2025\/03\/procesion-en-vaso-maya-ratinlixul-1024x1024.jpg 1024w, https:\/\/soymigrante.com\/revista\/wp-content\/uploads\/2025\/03\/procesion-en-vaso-maya-ratinlixul-300x300.jpg 300w, https:\/\/soymigrante.com\/revista\/wp-content\/uploads\/2025\/03\/procesion-en-vaso-maya-ratinlixul-150x150.jpg 150w, https:\/\/soymigrante.com\/revista\/wp-content\/uploads\/2025\/03\/procesion-en-vaso-maya-ratinlixul-768x768.jpg 768w, https:\/\/soymigrante.com\/revista\/wp-content\/uploads\/2025\/03\/procesion-en-vaso-maya-ratinlixul-75x75.webp 75w, https:\/\/soymigrante.com\/revista\/wp-content\/uploads\/2025\/03\/procesion-en-vaso-maya-ratinlixul-750x750.webp 750w, https:\/\/soymigrante.com\/revista\/wp-content\/uploads\/2025\/03\/procesion-en-vaso-maya-ratinlixul.webp 1080w\" sizes=\"(max-width: 1024px) 100vw, 1024px\" \/>\n            <\/div>\n        <\/div><div class=\"eael-entry-wrapper\"><header class=\"eael-entry-header\"><h2 class=\"eael-entry-title\"><a class=\"eael-grid-post-link\" href=\"https:\/\/soymigrante.com\/revista\/joyas-mayas-migrantes-procesion-prehispanica-en-el-vaso-de-ratinlixul-conservado-en-pensilvania\/\" title=\"Joyas mayas migrantes: procesi\u00f3n prehisp\u00e1nica en el vaso de Ratinlixul, conservado en Pensilvania\">Joyas mayas migrantes: procesi\u00f3n prehisp\u00e1nica en el vaso de Ratinlixul, conservado en Pensilvania<\/a><\/h2><\/header><div class=\"eael-entry-content\">\n                        <div class=\"eael-grid-post-excerpt\"><a href=\"https:\/\/soymigrante.com\/revista\/joyas-mayas-migrantes-procesion-prehispanica-en-el-vaso-de-ratinlixul-conservado-en-pensilvania\/\" class=\"eael-post-elements-readmore-btn\">CONOCE SU HISTORIA <\/a><\/div>\n                    <\/div><\/div><\/div>\n        <\/div>\n    <\/article><article class=\"eael-grid-post  eael-post-grid-column eael-pg-post-8388 category-guate-nuestra tags-joyas-mayas-migrantes\" data-id=\"8388\">\n        <div class=\"eael-grid-post-holder\">\n            <div class=\"eael-grid-post-holder-inner\"><div class=\"eael-entry-media\"><div class=\"eael-entry-overlay fade-in\"><i class=\"far fa-hand-pointer\" aria-hidden=\"true\"><\/i><a href=\"https:\/\/soymigrante.com\/revista\/joyas-mayas-migrantes-la-reina-kabel-y-un-enano-estela-de-el-peru-waka-en-cleveland\/\"><\/a><\/div><div class=\"eael-entry-thumbnail \">\n                <img loading=\"lazy\" decoding=\"async\" width=\"786\" height=\"786\" src=\"https:\/\/soymigrante.com\/revista\/wp-content\/uploads\/2024\/08\/Estela-Maya-reina-Waka-11.webp\" class=\"attachment-large size-large wp-image-8389\" alt=\"Realizaciones arqueol\u00f3gicas de la civilizaci\u00f3n maya en piedra, destacando detalles complejos y jerogl\u00edficos antiguos que reflejan su cultura y conocimientos astron\u00f3micos.\" srcset=\"https:\/\/soymigrante.com\/revista\/wp-content\/uploads\/2024\/08\/Estela-Maya-reina-Waka-11.webp 786w, https:\/\/soymigrante.com\/revista\/wp-content\/uploads\/2024\/08\/Estela-Maya-reina-Waka-11-300x300.webp 300w, https:\/\/soymigrante.com\/revista\/wp-content\/uploads\/2024\/08\/Estela-Maya-reina-Waka-11-150x150.webp 150w, https:\/\/soymigrante.com\/revista\/wp-content\/uploads\/2024\/08\/Estela-Maya-reina-Waka-11-768x768.webp 768w, https:\/\/soymigrante.com\/revista\/wp-content\/uploads\/2024\/08\/Estela-Maya-reina-Waka-11-75x75.webp 75w, https:\/\/soymigrante.com\/revista\/wp-content\/uploads\/2024\/08\/Estela-Maya-reina-Waka-11-750x750.webp 750w\" sizes=\"(max-width: 786px) 100vw, 786px\" \/>\n            <\/div>\n        <\/div><div class=\"eael-entry-wrapper\"><header class=\"eael-entry-header\"><h2 class=\"eael-entry-title\"><a class=\"eael-grid-post-link\" href=\"https:\/\/soymigrante.com\/revista\/joyas-mayas-migrantes-la-reina-kabel-y-un-enano-estela-de-el-peru-waka-en-cleveland\/\" title=\"Joyas mayas migrantes: La reina K&#8217;abel, estela de El Per\u00fa-Wak\u00e1, en  Cleveland\">Joyas mayas migrantes: La reina K&#8217;abel, estela de El Per\u00fa-Wak\u00e1, en  Cleveland<\/a><\/h2><\/header><div class=\"eael-entry-content\">\n                        <div class=\"eael-grid-post-excerpt\"><a href=\"https:\/\/soymigrante.com\/revista\/joyas-mayas-migrantes-la-reina-kabel-y-un-enano-estela-de-el-peru-waka-en-cleveland\/\" class=\"eael-post-elements-readmore-btn\">CONOCE SU HISTORIA <\/a><\/div>\n                    <\/div><\/div><\/div>\n        <\/div>\n    <\/article><\/div>\n            <div class=\"clearfix\"><\/div>\n        <\/div>\t\t\t\t<\/div>\n\t\t\t\t\t<\/div>\n\t\t\t\t<\/div>\n\t\t\t\t<\/div>\n\t\t","protected":false},"excerpt":{"rendered":"<p>Serie digital multimedia dedicada a piezas mayas guatemaltecas conservadas en museos de USA recibe galard\u00f3n otorgado por el Museo Popol Vuh. El ceramista maya Carlos Chacl\u00e1n recibe Orden del Pop por su trayectoria. La serie de reportajes digitales Joyas Mayas Migrantes\u00a0publicados en la revista de SoyMigrante.com entre julio de 2024 y mayo de 2025 est\u00e1 [&hellip;]<\/p>\n","protected":false},"author":1,"featured_media":40150,"comment_status":"open","ping_status":"open","sticky":false,"template":"","format":"standard","meta":{"_acf_changed":false,"_eb_attr":"","footnotes":""},"categories":[58],"tags":[134],"class_list":["post-40137","post","type-post","status-publish","format-standard","has-post-thumbnail","hentry","category-guate-nuestra","tag-joyas-mayas-migrantes"],"acf":[],"aioseo_notices":[],"aioseo_head":"\n\t\t<!-- All in One SEO Pro 4.9.6.2 - aioseo.com -->\n\t<meta name=\"description\" content=\"La gobernante K&#039;abel Kolomte, vestida con s\u00edmbolos del Dios del Maiz, fue tallada en 695. ;La estela se conserva en el Museo de Arte de Cleveland. M\u00edrala de cerca\" \/>\n\t<meta name=\"robots\" content=\"max-snippet:-1, max-image-preview:large, max-video-preview:-1\" \/>\n\t<meta name=\"author\" content=\"Gustavo Montenegro\"\/>\n\t<link rel=\"canonical\" href=\"https:\/\/soymigrante.com\/revista\/joyas-mayas-migrantes-la-reina-kabel-y-un-enano-estela-de-el-peru-waka-en-cleveland\/\" \/>\n\t<meta name=\"generator\" content=\"All in One SEO Pro (AIOSEO) 4.9.6.2\" \/>\n\n\t\t<link rel=\"preconnect\" href=\"https:\/\/fonts.googleapis.com\" crossorigin>\n<link rel=\"preconnect\" href=\"https:\/\/fonts.gstatic.com\" crossorigin>\n\t\t<meta property=\"og:locale\" content=\"es_ES\" \/>\n\t\t<meta property=\"og:site_name\" content=\"SoyMigrante.com REVISTA \u2013 Nuestra misi\u00f3n es reconocer y dignificar al migrante.\" \/>\n\t\t<meta property=\"og:type\" content=\"article\" \/>\n\t\t<meta property=\"og:title\" content=\"Joyas mayas migrantes: La Reina K&#039;abel de Wak\u00e1 en Cleveland\" \/>\n\t\t<meta property=\"og:description\" content=\"La gobernante K&#039;abel Kolomte, vestida con s\u00edmbolos del Dios del Maiz, fue tallada en 695. ;La estela se conserva en el Museo de Arte de Cleveland. M\u00edrala de cerca\" \/>\n\t\t<meta property=\"og:url\" content=\"https:\/\/soymigrante.com\/revista\/joyas-mayas-migrantes-la-reina-kabel-y-un-enano-estela-de-el-peru-waka-en-cleveland\/\" \/>\n\t\t<meta property=\"og:image\" content=\"https:\/\/soymigrante.com\/revista\/wp-content\/uploads\/2024\/08\/Estela-Maya-reina-Waka-11.webp\" \/>\n\t\t<meta property=\"og:image:secure_url\" content=\"https:\/\/soymigrante.com\/revista\/wp-content\/uploads\/2024\/08\/Estela-Maya-reina-Waka-11.webp\" \/>\n\t\t<meta property=\"og:image:width\" content=\"786\" \/>\n\t\t<meta property=\"og:image:height\" content=\"786\" \/>\n\t\t<meta property=\"article:published_time\" content=\"2024-08-27T10:16:00+00:00\" \/>\n\t\t<meta property=\"article:modified_time\" content=\"2025-05-22T20:27:57+00:00\" \/>\n\t\t<meta property=\"article:publisher\" content=\"https:\/\/www.facebook.com\/soymigrantecom\" \/>\n\t\t<meta name=\"twitter:card\" content=\"summary_large_image\" \/>\n\t\t<meta name=\"twitter:site\" content=\"@SoyMigrante_com\" \/>\n\t\t<meta name=\"twitter:title\" content=\"Joyas mayas migrantes: La Reina K&#039;abel de Wak\u00e1 en Cleveland\" \/>\n\t\t<meta name=\"twitter:description\" content=\"La gobernante K&#039;abel Kolomte, vestida con s\u00edmbolos del Dios del Maiz, fue tallada en 695. ;La estela se conserva en el Museo de Arte de Cleveland. M\u00edrala de cerca\" \/>\n\t\t<meta name=\"twitter:creator\" content=\"@SoyMigrante_com\" \/>\n\t\t<meta name=\"twitter:image\" content=\"https:\/\/soymigrante.com\/revista\/wp-content\/uploads\/2024\/08\/Estela-Maya-reina-Waka-11.webp\" \/>\n\t\t<!-- All in One SEO Pro -->\r\n\t\t<title>Joyas mayas migrantes: La Reina K'abel de Wak\u00e1 en Cleveland<\/title>\n\n","aioseo_head_json":{"title":"Joyas mayas migrantes: La Reina K'abel de Wak\u00e1 en Cleveland","description":"La gobernante K'abel Kolomte, vestida con s\u00edmbolos del Dios del Maiz, fue tallada en 695. ;La estela se conserva en el Museo de Arte de Cleveland. M\u00edrala de cerca","canonical_url":"https:\/\/soymigrante.com\/revista\/joyas-mayas-migrantes-la-reina-kabel-y-un-enano-estela-de-el-peru-waka-en-cleveland\/","robots":"max-snippet:-1, max-image-preview:large, max-video-preview:-1","keywords":"","webmasterTools":{"miscellaneous":"&lt;link rel=\"preconnect\" href=\"https:\/\/fonts.googleapis.com\" crossorigin&gt;\n&lt;link rel=\"preconnect\" href=\"https:\/\/fonts.gstatic.com\" crossorigin&gt;"},"schema":null,"og:locale":"es_ES","og:site_name":"SoyMigrante.com REVISTA \u2013 Nuestra misi\u00f3n es reconocer y dignificar al migrante.","og:type":"article","og:title":"Joyas mayas migrantes: La Reina K'abel de Wak\u00e1 en Cleveland","og:description":"La gobernante K'abel Kolomte, vestida con s\u00edmbolos del Dios del Maiz, fue tallada en 695. ;La estela se conserva en el Museo de Arte de Cleveland. M\u00edrala de cerca","og:url":"https:\/\/soymigrante.com\/revista\/joyas-mayas-migrantes-la-reina-kabel-y-un-enano-estela-de-el-peru-waka-en-cleveland\/","og:image":"https:\/\/soymigrante.com\/revista\/wp-content\/uploads\/2024\/08\/Estela-Maya-reina-Waka-11.webp","og:image:secure_url":"https:\/\/soymigrante.com\/revista\/wp-content\/uploads\/2024\/08\/Estela-Maya-reina-Waka-11.webp","og:image:width":786,"og:image:height":786,"article:published_time":"2024-08-27T10:16:00+00:00","article:modified_time":"2025-05-22T20:27:57+00:00","article:publisher":"https:\/\/www.facebook.com\/soymigrantecom","twitter:card":"summary_large_image","twitter:site":"@SoyMigrante_com","twitter:title":"Joyas mayas migrantes: La Reina K'abel de Wak\u00e1 en Cleveland","twitter:description":"La gobernante K'abel Kolomte, vestida con s\u00edmbolos del Dios del Maiz, fue tallada en 695. ;La estela se conserva en el Museo de Arte de Cleveland. M\u00edrala de cerca","twitter:creator":"@SoyMigrante_com","twitter:image":"https:\/\/soymigrante.com\/revista\/wp-content\/uploads\/2024\/08\/Estela-Maya-reina-Waka-11.webp"},"aioseo_meta_data":{"post_id":"40137","title":"Serie Joyas Mayas Migrantes gana prestigioso premio Huun","description":"Premio reconoce serie de 21 art\u00edculos sobre piezas mayas mayas guatemaltecas conservadas en museos de USA, publicadas en SoyMigrante.com por Gustavo Montenegro","keywords":null,"keyphrases":{"focus":{"keyphrase":"Joyas mayas","score":91,"analysis":{"keyphraseInTitle":{"score":9,"maxScore":9,"error":0},"keyphraseInDescription":{"score":3,"maxScore":9,"error":1},"keyphraseLength":{"score":9,"maxScore":9,"error":0,"length":2},"keyphraseInURL":{"score":5,"maxScore":5,"error":0},"keyphraseInIntroduction":{"score":9,"maxScore":9,"error":0},"keyphraseInSubHeadings":{"score":9,"maxScore":9,"error":0},"keyphraseInImageAlt":{"score":9,"maxScore":9,"error":0},"keywordDensity":{"type":"best","score":9,"maxScore":9,"error":0}}},"additional":[{"keyphrase":"SoyMigrante.com","score":100,"analysis":{"keyphraseInDescription":{"score":9,"maxScore":9,"error":0},"keyphraseLength":{"score":9,"maxScore":9,"error":0,"length":1},"keyphraseInIntroduction":{"score":9,"maxScore":9,"error":0},"keyphraseInImageAlt":{"score":9,"maxScore":9,"error":0},"keywordDensity":{"type":"best","score":9,"maxScore":9,"error":0}}},{"keyphrase":"Premio","score":87,"analysis":{"keyphraseInDescription":{"score":9,"maxScore":9,"error":0},"keyphraseLength":{"score":9,"maxScore":9,"error":0,"length":1},"keyphraseInIntroduction":{"score":3,"maxScore":9,"error":1},"keyphraseInImageAlt":{"score":9,"maxScore":9,"error":0},"keywordDensity":{"type":"best","score":9,"maxScore":9,"error":0}}}]},"primary_term":null,"canonical_url":null,"og_title":null,"og_description":null,"og_object_type":"default","og_image_type":"default","og_image_url":null,"og_image_width":null,"og_image_height":null,"og_image_custom_url":null,"og_image_custom_fields":null,"og_video":"","og_custom_url":null,"og_article_section":null,"og_article_tags":null,"twitter_use_og":false,"twitter_card":"default","twitter_image_type":"default","twitter_image_url":null,"twitter_image_custom_url":null,"twitter_image_custom_fields":null,"twitter_title":null,"twitter_description":null,"schema":{"blockGraphs":[],"customGraphs":[],"default":{"data":{"Article":[],"Course":[],"Dataset":[],"FAQPage":[],"Movie":[],"Person":[],"Product":[],"ProductReview":[],"Car":[],"Recipe":[],"Service":[],"SoftwareApplication":[],"WebPage":[]},"graphName":"none","isEnabled":true},"graphs":[]},"schema_type":"default","schema_type_options":null,"pillar_content":false,"robots_default":true,"robots_noindex":false,"robots_noarchive":false,"robots_nosnippet":false,"robots_nofollow":false,"robots_noimageindex":false,"robots_noodp":false,"robots_notranslate":false,"robots_max_snippet":"-1","robots_max_videopreview":"-1","robots_max_imagepreview":"large","priority":null,"frequency":"default","local_seo":null,"seo_analyzer_scan_date":"2025-10-09 07:07:26","breadcrumb_settings":null,"limit_modified_date":false,"reviewed_by":"0","open_ai":null,"ai":{"faqs":[],"keyPoints":[],"titles":[],"descriptions":[],"socialPosts":{"email":[],"linkedin":[],"twitter":[],"facebook":[],"instagram":[]}},"created":"2025-07-23 11:25:51","updated":"2026-02-05 03:04:11"},"aioseo_breadcrumb":"<div class=\"aioseo-breadcrumbs\"><span class=\"aioseo-breadcrumb\">\n\t<a href=\"https:\/\/soymigrante.com\/revista\" title=\"Home\">Home<\/a>\n<\/span><span class=\"aioseo-breadcrumb-separator\">\u00bb<\/span><span class=\"aioseo-breadcrumb\">\n\t<a href=\"https:\/\/soymigrante.com\/revista\/category\/guate-nuestra\/\" title=\"Guate Nuestra\">Guate Nuestra<\/a>\n<\/span><span class=\"aioseo-breadcrumb-separator\">\u00bb<\/span><span class=\"aioseo-breadcrumb\">\n\tNuestra serie Joyas Mayas Migrantes gana prestigioso Premio Huun de periodismo arqueol\u00f3gico en Guatemala\n<\/span><\/div>","aioseo_breadcrumb_json":[{"label":"Home","link":"https:\/\/soymigrante.com\/revista"},{"label":"Guate Nuestra","link":"https:\/\/soymigrante.com\/revista\/category\/guate-nuestra\/"},{"label":"Nuestra serie Joyas Mayas Migrantes gana prestigioso Premio Huun de periodismo arqueol\u00f3gico en Guatemala","link":"https:\/\/soymigrante.com\/revista\/premio-huun-serie-joyas-mayas-migrantes-en-soymigrante-por-gustavo-montenegro\/"}],"_links":{"self":[{"href":"https:\/\/soymigrante.com\/revista\/wp-json\/wp\/v2\/posts\/40137","targetHints":{"allow":["GET"]}}],"collection":[{"href":"https:\/\/soymigrante.com\/revista\/wp-json\/wp\/v2\/posts"}],"about":[{"href":"https:\/\/soymigrante.com\/revista\/wp-json\/wp\/v2\/types\/post"}],"author":[{"embeddable":true,"href":"https:\/\/soymigrante.com\/revista\/wp-json\/wp\/v2\/users\/1"}],"replies":[{"embeddable":true,"href":"https:\/\/soymigrante.com\/revista\/wp-json\/wp\/v2\/comments?post=40137"}],"version-history":[{"count":17,"href":"https:\/\/soymigrante.com\/revista\/wp-json\/wp\/v2\/posts\/40137\/revisions"}],"predecessor-version":[{"id":40262,"href":"https:\/\/soymigrante.com\/revista\/wp-json\/wp\/v2\/posts\/40137\/revisions\/40262"}],"wp:featuredmedia":[{"embeddable":true,"href":"https:\/\/soymigrante.com\/revista\/wp-json\/wp\/v2\/media\/40150"}],"wp:attachment":[{"href":"https:\/\/soymigrante.com\/revista\/wp-json\/wp\/v2\/media?parent=40137"}],"wp:term":[{"taxonomy":"category","embeddable":true,"href":"https:\/\/soymigrante.com\/revista\/wp-json\/wp\/v2\/categories?post=40137"},{"taxonomy":"post_tag","embeddable":true,"href":"https:\/\/soymigrante.com\/revista\/wp-json\/wp\/v2\/tags?post=40137"}],"curies":[{"name":"wp","href":"https:\/\/api.w.org\/{rel}","templated":true}]}}