{"id":40114,"date":"2025-07-23T05:29:50","date_gmt":"2025-07-23T11:29:50","guid":{"rendered":"https:\/\/soymigrante.com\/revista\/?p=40114"},"modified":"2025-07-23T05:30:01","modified_gmt":"2025-07-23T11:30:01","slug":"la-merced-de-antigua-guatemala-y-una-misteriosa-leyenda","status":"publish","type":"post","link":"https:\/\/soymigrante.com\/revista\/la-merced-de-antigua-guatemala-y-una-misteriosa-leyenda\/","title":{"rendered":"La Merced de Antigua Guatemala y una misteriosa leyenda"},"content":{"rendered":"\t\t<div data-elementor-type=\"wp-post\" data-elementor-id=\"40114\" class=\"elementor elementor-40114\" data-elementor-post-type=\"post\">\n\t\t\t\t<div data-particle_enable=\"false\" data-particle-mobile-disabled=\"false\" class=\"elementor-element elementor-element-f45df4e e-flex e-con-boxed e-con e-parent\" data-id=\"f45df4e\" data-element_type=\"container\" data-e-type=\"container\">\n\t\t\t\t\t<div class=\"e-con-inner\">\n\t\t\t\t<div class=\"elementor-element elementor-element-d3da764 elementor-widget elementor-widget-heading\" data-id=\"d3da764\" data-element_type=\"widget\" data-e-type=\"widget\" data-widget_type=\"heading.default\">\n\t\t\t\t\t<h2 class=\"elementor-heading-title elementor-size-default\">La Merced es una de las iglesias m\u00e1s longevas de Antigua Guatemala, la fecha estremece por su belleza y misterio. <\/h2>\t\t\t\t<\/div>\n\t\t\t\t\t<\/div>\n\t\t\t\t<\/div>\n\t\t<div data-particle_enable=\"false\" data-particle-mobile-disabled=\"false\" class=\"elementor-element elementor-element-d185a27 e-flex e-con-boxed e-con e-parent\" data-id=\"d185a27\" data-element_type=\"container\" data-e-type=\"container\">\n\t\t\t\t\t<div class=\"e-con-inner\">\n\t\t\t\t<div class=\"elementor-element elementor-element-1747c01 elementor-widget elementor-widget-text-editor\" data-id=\"1747c01\" data-element_type=\"widget\" data-e-type=\"widget\" data-widget_type=\"text-editor.default\">\n\t\t\t\t\t\t\t\t\t<p><a href=\"https:\/\/soymigrante.com\/revista\/magica-y-antanona-ruta-para-redescubrir-a-pie-la-senorial-antigua-guatemala\/\" target=\"_blank\" rel=\"noopener\">La ic\u00f3nica Iglesia de La Merced en Antigua Guatemala<\/a> no solo impresiona por su arquitectura ultrabarroca y su enorme fuente colonial, sino tambi\u00e9n porque sus sombras guardan leyendas tenebrosas poco conocidas que ponen los pelos de punta.<\/p><p>La Iglesia de La Merced, construida entre 1749 y 1767 por el arquitecto Juan de Dios Estrada, es uno de los ejemplos m\u00e1s extraordinarios del barroco guatemalteco. Su fachada amarilla alberga columnas salom\u00f3nicas en estuco y esculturas de santos mercedarios: San Pedro Nolasco, San Ram\u00f3n Nonato, San Pedro Armengol, San Pedro Pascual y Santa Mar\u00eda de Cervell\u00f3n. La fuente del convento, con 27 metros de di\u00e1metro, <a href=\"https:\/\/soymigrante.com\/revista\/magica-y-antanona-ruta-para-redescubrir-a-pie-la-senorial-antigua-guatemala\/\" target=\"_blank\" rel=\"noopener\">es considerada una de las m\u00e1s grandes de Hispanoam\u00e9rica y tiene su forma de lirio acu\u00e1tico, s\u00edmbolo de creaci\u00f3n seg\u00fan la tradici\u00f3n maya.<\/a><\/p><p>Un dato poco conocido: la imagen de Jes\u00fas Nazareno, que se venera aqu\u00ed, fue tallada por Mateo de Z\u00fa\u00f1iga en 1654\u201155 y luego policromada por Jos\u00e9 de la Cerda. Seg\u00fan historiadores, fue la primera obra barroca hecha en Guatemala y el primer Nazareno del pa\u00eds.<\/p>\t\t\t\t\t\t\t\t<\/div>\n\t\t\t\t\t<\/div>\n\t\t\t\t<\/div>\n\t\t<div data-particle_enable=\"false\" data-particle-mobile-disabled=\"false\" class=\"elementor-element elementor-element-eaf5557 e-flex e-con-boxed e-con e-parent\" data-id=\"eaf5557\" data-element_type=\"container\" data-e-type=\"container\">\n\t\t\t\t\t<div class=\"e-con-inner\">\n\t\t\t\t<div class=\"elementor-element elementor-element-6f1dab1 elementor-widget elementor-widget-image\" data-id=\"6f1dab1\" data-element_type=\"widget\" data-e-type=\"widget\" data-widget_type=\"image.default\">\n\t\t\t\t\t\t\t\t\t\t\t\t<figure class=\"wp-caption\">\n\t\t\t\t\t\t\t\t\t\t<img fetchpriority=\"high\" decoding=\"async\" width=\"768\" height=\"576\" src=\"https:\/\/soymigrante.com\/revista\/wp-content\/uploads\/2025\/07\/Terror-y-belleza-en-La-Merced3-1024x768.jpeg\" class=\"attachment-large size-large wp-image-40121\" alt=\"Fachada de iglesia colonial decorada con banderines blancos y amarillos en una plaza, con personas reunidas, cielo nublado, arquitectura historicista, fotograf\u00eda urbana en M\u00e9xico, enfoque en detalles ornamentales y cultura local.\" srcset=\"https:\/\/soymigrante.com\/revista\/wp-content\/uploads\/2025\/07\/Terror-y-belleza-en-La-Merced3-1024x768.jpeg 1024w, https:\/\/soymigrante.com\/revista\/wp-content\/uploads\/2025\/07\/Terror-y-belleza-en-La-Merced3-300x225.jpeg 300w, https:\/\/soymigrante.com\/revista\/wp-content\/uploads\/2025\/07\/Terror-y-belleza-en-La-Merced3-768x576.jpeg 768w, https:\/\/soymigrante.com\/revista\/wp-content\/uploads\/2025\/07\/Terror-y-belleza-en-La-Merced3-1536x1152.jpeg 1536w, https:\/\/soymigrante.com\/revista\/wp-content\/uploads\/2025\/07\/Terror-y-belleza-en-La-Merced3-750x563.jpeg 750w, https:\/\/soymigrante.com\/revista\/wp-content\/uploads\/2025\/07\/Terror-y-belleza-en-La-Merced3-1140x855.jpeg 1140w, https:\/\/soymigrante.com\/revista\/wp-content\/uploads\/2025\/07\/Terror-y-belleza-en-La-Merced3.jpeg 1600w\" sizes=\"(max-width: 768px) 100vw, 768px\" title=\"La iglesia de La Merced guarda historia y cultura en cada pared. (Foto: Gustavo Montenegro) \u2013 SoyMigrante.com REVISTA\" \/>\t\t\t\t\t\t\t\t\t\t\t<figcaption class=\"widget-image-caption wp-caption-text\">Visita la revista SoyMigrante.com para contenido sobre migraci\u00f3n y cultura en pa\u00edses hispanohablantes.<\/figcaption>\n\t\t\t\t\t\t\t\t\t\t<\/figure>\n\t\t\t\t\t\t\t\t\t<\/div>\n\t\t\t\t\t<\/div>\n\t\t\t\t<\/div>\n\t\t<div data-particle_enable=\"false\" data-particle-mobile-disabled=\"false\" class=\"elementor-element elementor-element-aa6fea6 e-flex e-con-boxed e-con e-parent\" data-id=\"aa6fea6\" data-element_type=\"container\" data-e-type=\"container\">\n\t\t\t\t\t<div class=\"e-con-inner\">\n\t\t\t\t<div class=\"elementor-element elementor-element-b86699c elementor-widget elementor-widget-heading\" data-id=\"b86699c\" data-element_type=\"widget\" data-e-type=\"widget\" data-widget_type=\"heading.default\">\n\t\t\t\t\t<h3 class=\"elementor-heading-title elementor-size-default\">Leyendas de horror: fantasmas sin cabeza y maldiciones antiguas<\/h3>\t\t\t\t<\/div>\n\t\t\t\t\t<\/div>\n\t\t\t\t<\/div>\n\t\t<div data-particle_enable=\"false\" data-particle-mobile-disabled=\"false\" class=\"elementor-element elementor-element-4457ba8 e-flex e-con-boxed e-con e-parent\" data-id=\"4457ba8\" data-element_type=\"container\" data-e-type=\"container\">\n\t\t\t\t\t<div class=\"e-con-inner\">\n\t\t\t\t<div class=\"elementor-element elementor-element-0a46d79 elementor-widget elementor-widget-text-editor\" data-id=\"0a46d79\" data-element_type=\"widget\" data-e-type=\"widget\" data-widget_type=\"text-editor.default\">\n\t\t\t\t\t\t\t\t\t<div>\u2022 Una de las historias m\u00e1s escalofriantes habla del <strong>\u201csacerdote sin cabeza\u201d<\/strong>, un esp\u00edritu que deambula por las catacumbas e iglesias antiguas como La Merced. Atestiguan que aparece caminando sin tocar el suelo, su cuerpo transparente y sin cabeza, provocando escalofr\u00edo, n\u00e1usea y sensaci\u00f3n de piernas hinchadas en quienes lo ven.<\/div><div>\u2022Tambi\u00e9n se comenta que este fantasma guarda un tesoro bajo el altar mayor del convento, apareciendo \u00fanicamente a ciertos viajeros pobres para entregarles oro antes de desaparecer misteriosamente.<\/div><div>\u2022Otra leyenda remite a la llegada de los frailes mercedarios en Centroam\u00e9rica en 1550. <strong>Cuando fue ejecutado un predicador<\/strong> (bulero) en Gracias por acusaciones falsas, los frailes maldijeron al pueblo hasta la quinta generaci\u00f3n. Se dice que despu\u00e9s cay\u00f3 una peste mortal y sobreviven solo algunos sobrevivientes que observaron rostros celestiales en los cad\u00e1veres calcinados en la hoguera.<\/div>\t\t\t\t\t\t\t\t<\/div>\n\t\t\t\t\t<\/div>\n\t\t\t\t<\/div>\n\t\t<div data-particle_enable=\"false\" data-particle-mobile-disabled=\"false\" class=\"elementor-element elementor-element-bf91e0c e-flex e-con-boxed e-con e-parent\" data-id=\"bf91e0c\" data-element_type=\"container\" data-e-type=\"container\">\n\t\t\t\t\t<div class=\"e-con-inner\">\n\t\t\t\t<div class=\"elementor-element elementor-element-0056646 elementor-widget elementor-widget-image\" data-id=\"0056646\" data-element_type=\"widget\" data-e-type=\"widget\" data-widget_type=\"image.default\">\n\t\t\t\t\t\t\t\t\t\t\t\t<figure class=\"wp-caption\">\n\t\t\t\t\t\t\t\t\t\t<img decoding=\"async\" width=\"768\" height=\"576\" src=\"https:\/\/soymigrante.com\/revista\/wp-content\/uploads\/2025\/07\/Terror-y-belleza-en-La-Merced4-1024x768.jpeg\" class=\"attachment-large size-large wp-image-40122\" alt=\"Detalle de la fachada decorativa con relieves y columnas ornamentadas, resaltando la belleza arquitect\u00f3nica y art\u00edstica en un contexto cultural, en la revista SoyMigrante.com REVISTA.\" srcset=\"https:\/\/soymigrante.com\/revista\/wp-content\/uploads\/2025\/07\/Terror-y-belleza-en-La-Merced4-1024x768.jpeg 1024w, https:\/\/soymigrante.com\/revista\/wp-content\/uploads\/2025\/07\/Terror-y-belleza-en-La-Merced4-300x225.jpeg 300w, https:\/\/soymigrante.com\/revista\/wp-content\/uploads\/2025\/07\/Terror-y-belleza-en-La-Merced4-768x576.jpeg 768w, https:\/\/soymigrante.com\/revista\/wp-content\/uploads\/2025\/07\/Terror-y-belleza-en-La-Merced4-1536x1152.jpeg 1536w, https:\/\/soymigrante.com\/revista\/wp-content\/uploads\/2025\/07\/Terror-y-belleza-en-La-Merced4-750x563.jpeg 750w, https:\/\/soymigrante.com\/revista\/wp-content\/uploads\/2025\/07\/Terror-y-belleza-en-La-Merced4-1140x855.jpeg 1140w, https:\/\/soymigrante.com\/revista\/wp-content\/uploads\/2025\/07\/Terror-y-belleza-en-La-Merced4.webp 1600w\" sizes=\"(max-width: 768px) 100vw, 768px\" title=\"La iglesia La Merced es una muestra de arquitectura a futuro. (Foto: Gustavo Montenegro) \u2013 SoyMigrante.com REVISTA\" \/>\t\t\t\t\t\t\t\t\t\t\t<figcaption class=\"widget-image-caption wp-caption-text\">Fachada decorativa con relieves y columnas ornamentadas, destacando la arquitectura y el arte en la revista SoyMigrante.com REVISTA.<\/figcaption>\n\t\t\t\t\t\t\t\t\t\t<\/figure>\n\t\t\t\t\t\t\t\t\t<\/div>\n\t\t\t\t\t<\/div>\n\t\t\t\t<\/div>\n\t\t<div data-particle_enable=\"false\" data-particle-mobile-disabled=\"false\" class=\"elementor-element elementor-element-1094c49 e-flex e-con-boxed e-con e-parent\" data-id=\"1094c49\" data-element_type=\"container\" data-e-type=\"container\">\n\t\t\t\t\t<div class=\"e-con-inner\">\n\t\t\t\t<div class=\"elementor-element elementor-element-a842baa elementor-widget elementor-widget-heading\" data-id=\"a842baa\" data-element_type=\"widget\" data-e-type=\"widget\" data-widget_type=\"heading.default\">\n\t\t\t\t\t<h3 class=\"elementor-heading-title elementor-size-default\">Datos curiosos que pocos conocen<\/h3>\t\t\t\t<\/div>\n\t\t\t\t\t<\/div>\n\t\t\t\t<\/div>\n\t\t<div data-particle_enable=\"false\" data-particle-mobile-disabled=\"false\" class=\"elementor-element elementor-element-e885ba2 e-flex e-con-boxed e-con e-parent\" data-id=\"e885ba2\" data-element_type=\"container\" data-e-type=\"container\">\n\t\t\t\t\t<div class=\"e-con-inner\">\n\t\t\t\t<div class=\"elementor-element elementor-element-e558a60 elementor-widget elementor-widget-text-editor\" data-id=\"e558a60\" data-element_type=\"widget\" data-e-type=\"widget\" data-widget_type=\"text-editor.default\">\n\t\t\t\t\t\t\t\t\t<div><strong>\u2022 Resistencia s\u00edsmica adelantada:<\/strong><a href=\"https:\/\/soymigrante.com\/revista\/magica-y-antanona-ruta-para-redescubrir-a-pie-la-senorial-antigua-guatemala\/\" target=\"_blank\" rel=\"noopener\"> Estrada dise\u00f1\u00f3 La Merced pensando en terremotos: techos bajos, paredes de hasta un metro de ancho y columnas reforzadas evitaron su desplome<\/a> tras el terremoto de 1773, mientras otras iglesias colapsaron.<\/div><div><strong>\u2022Campanarios hist\u00f3ricos:<\/strong> El conjunto contaba originalmente con diez campanas y alberg\u00f3 el primer reloj p\u00fablico tra\u00eddo a Guatemala en 1553.<\/div><div><strong>\u2022Da\u00f1os y restauraciones:<\/strong> La fachada fue reparada en varias ocasiones tras terremotos en 1917\u201118 y 1976. Entre 1977 y 1996 se realiz\u00f3 un rescate arquitect\u00f3nico del templo y convento.<\/div><div><strong>\u2022Devoci\u00f3n viva:<\/strong> En Semana Santa, la imagen de Jes\u00fas Nazareno de La Merced es proclamada \u201cProtector e Intercesor de los Antig\u00fce\u00f1os\u201d desde 2004 por el Consejo Municipal. Adem\u00e1s, frente a la capilla del Nazareno se instala una tradicional alfombra de aserr\u00edn multicolor durante la Cuaresma.<\/div><div><strong>\u2022Ruinas reveladoras:<\/strong> En el convento adyacente, hoy en ruinas, se conservan los corredores, el monumental claustro y la gigantesca fuente octogonal que sigue atrayendo visitantes por su valor art\u00edstico e hist\u00f3rico.<\/div>\t\t\t\t\t\t\t\t<\/div>\n\t\t\t\t\t<\/div>\n\t\t\t\t<\/div>\n\t\t<div data-particle_enable=\"false\" data-particle-mobile-disabled=\"false\" class=\"elementor-element elementor-element-de0dc5a e-flex e-con-boxed e-con e-parent\" data-id=\"de0dc5a\" data-element_type=\"container\" data-e-type=\"container\">\n\t\t\t\t\t<div class=\"e-con-inner\">\n\t\t\t\t<div class=\"elementor-element elementor-element-518ae34 elementor-widget elementor-widget-image\" data-id=\"518ae34\" data-element_type=\"widget\" data-e-type=\"widget\" data-widget_type=\"image.default\">\n\t\t\t\t\t\t\t\t\t\t\t\t<figure class=\"wp-caption\">\n\t\t\t\t\t\t\t\t\t\t<img decoding=\"async\" width=\"768\" height=\"576\" src=\"https:\/\/soymigrante.com\/revista\/wp-content\/uploads\/2025\/07\/Terror-y-belleza-en-La-Merced5-1024x768.jpeg\" class=\"attachment-large size-large wp-image-40126\" alt=\"Decoraci\u00f3n tradicional mexicana con papel picado y detailing de flor de cempas\u00fachil en altar festivo.\" srcset=\"https:\/\/soymigrante.com\/revista\/wp-content\/uploads\/2025\/07\/Terror-y-belleza-en-La-Merced5-1024x768.jpeg 1024w, https:\/\/soymigrante.com\/revista\/wp-content\/uploads\/2025\/07\/Terror-y-belleza-en-La-Merced5-300x225.jpeg 300w, https:\/\/soymigrante.com\/revista\/wp-content\/uploads\/2025\/07\/Terror-y-belleza-en-La-Merced5-768x576.jpeg 768w, https:\/\/soymigrante.com\/revista\/wp-content\/uploads\/2025\/07\/Terror-y-belleza-en-La-Merced5-1536x1152.jpeg 1536w, https:\/\/soymigrante.com\/revista\/wp-content\/uploads\/2025\/07\/Terror-y-belleza-en-La-Merced5-750x563.jpeg 750w, https:\/\/soymigrante.com\/revista\/wp-content\/uploads\/2025\/07\/Terror-y-belleza-en-La-Merced5-1140x855.jpeg 1140w, https:\/\/soymigrante.com\/revista\/wp-content\/uploads\/2025\/07\/Terror-y-belleza-en-La-Merced5.webp 1600w\" sizes=\"(max-width: 768px) 100vw, 768px\" title=\"La iglesia La Merced es una de las joyas de Antigua Guatemala. (Foto: Gustavo Montenegro) \u2013 SoyMigrante.com REVISTA\" \/>\t\t\t\t\t\t\t\t\t\t\t<figcaption class=\"widget-image-caption wp-caption-text\">Decoraci\u00f3n de papel picado y detalles de flor de cempas\u00fachil en altar decorativo para celebraci\u00f3n mexicana.<\/figcaption>\n\t\t\t\t\t\t\t\t\t\t<\/figure>\n\t\t\t\t\t\t\t\t\t<\/div>\n\t\t\t\t\t<\/div>\n\t\t\t\t<\/div>\n\t\t<div data-particle_enable=\"false\" data-particle-mobile-disabled=\"false\" class=\"elementor-element elementor-element-f04ed0d e-flex e-con-boxed e-con e-parent\" data-id=\"f04ed0d\" data-element_type=\"container\" data-e-type=\"container\">\n\t\t\t\t\t<div class=\"e-con-inner\">\n\t\t\t\t<div class=\"elementor-element elementor-element-0239d95 elementor-widget elementor-widget-text-editor\" data-id=\"0239d95\" data-element_type=\"widget\" data-e-type=\"widget\" data-widget_type=\"text-editor.default\">\n\t\t\t\t\t\t\t\t\t<p><a href=\"https:\/\/soymigrante.com\/revista\/magica-y-antanona-ruta-para-redescubrir-a-pie-la-senorial-antigua-guatemala\/\" target=\"_blank\" rel=\"noopener\">La Iglesia de La Merced combina majestuosidad arquitect\u00f3nica y misterio ancestral.<\/a> Sus muros no solo resisten terremotos, sino que tambi\u00e9n guardan historias oscuras de fantasmas sin cabeza y maldiciones centenarias. Esta joya colonial es un testigo del pasado religioso, cultural y sobrenatural que a\u00fan vibra en el coraz\u00f3n de Antigua Guatemala.<\/p>\t\t\t\t\t\t\t\t<\/div>\n\t\t\t\t\t<\/div>\n\t\t\t\t<\/div>\n\t\t<div data-particle_enable=\"false\" data-particle-mobile-disabled=\"false\" class=\"elementor-element elementor-element-6ae98d5 e-flex e-con-boxed e-con e-parent\" data-id=\"6ae98d5\" data-element_type=\"container\" data-e-type=\"container\">\n\t\t\t\t\t<div class=\"e-con-inner\">\n\t\t\t\t<div class=\"elementor-element elementor-element-8f0700b elementor-widget elementor-widget-image\" data-id=\"8f0700b\" data-element_type=\"widget\" data-e-type=\"widget\" data-widget_type=\"image.default\">\n\t\t\t\t\t\t\t\t\t\t\t\t<figure class=\"wp-caption\">\n\t\t\t\t\t\t\t\t\t\t<img loading=\"lazy\" decoding=\"async\" width=\"768\" height=\"576\" src=\"https:\/\/soymigrante.com\/revista\/wp-content\/uploads\/2025\/07\/Terror-y-belleza-en-La-Merced2-1024x768.jpeg\" class=\"attachment-large size-large wp-image-40127\" alt=\"Arco Iglesia colonial en colores amarillos y detalles ornamentales en un cielo nublado, rodeada de \u00e1rboles y calles empedradas, reflejando la arquitectura hist\u00f3rica de Guatemala.\" srcset=\"https:\/\/soymigrante.com\/revista\/wp-content\/uploads\/2025\/07\/Terror-y-belleza-en-La-Merced2-1024x768.jpeg 1024w, https:\/\/soymigrante.com\/revista\/wp-content\/uploads\/2025\/07\/Terror-y-belleza-en-La-Merced2-300x225.jpeg 300w, https:\/\/soymigrante.com\/revista\/wp-content\/uploads\/2025\/07\/Terror-y-belleza-en-La-Merced2-768x576.jpeg 768w, https:\/\/soymigrante.com\/revista\/wp-content\/uploads\/2025\/07\/Terror-y-belleza-en-La-Merced2-750x563.jpeg 750w, https:\/\/soymigrante.com\/revista\/wp-content\/uploads\/2025\/07\/Terror-y-belleza-en-La-Merced2-1140x855.jpeg 1140w, https:\/\/soymigrante.com\/revista\/wp-content\/uploads\/2025\/07\/Terror-y-belleza-en-La-Merced2.webp 1280w\" sizes=\"(max-width: 768px) 100vw, 768px\" title=\"La iglesia La Merced fue construida entre 1749 y 1767 por el arquitecto Juan de Dios Estrada. (Foto: Gustavo Montenegro) \u2013 SoyMigrante.com REVISTA\" \/>\t\t\t\t\t\t\t\t\t\t\t<figcaption class=\"widget-image-caption wp-caption-text\">Icono de arquitectura colonial en Guatemala, esta iglesia colorida con estructura detailed y techo de campanario representa el patrimonio hist\u00f3rico y cultural del pa\u00eds.<\/figcaption>\n\t\t\t\t\t\t\t\t\t\t<\/figure>\n\t\t\t\t\t\t\t\t\t<\/div>\n\t\t\t\t\t<\/div>\n\t\t\t\t<\/div>\n\t\t<div data-particle_enable=\"false\" data-particle-mobile-disabled=\"false\" class=\"elementor-element elementor-element-c6e7196 e-flex e-con-boxed e-con e-parent\" data-id=\"c6e7196\" data-element_type=\"container\" data-e-type=\"container\">\n\t\t\t\t\t<div class=\"e-con-inner\">\n\t\t\t\t<div class=\"elementor-element elementor-element-4008378 elementor-widget elementor-widget-heading\" data-id=\"4008378\" data-element_type=\"widget\" data-e-type=\"widget\" data-widget_type=\"heading.default\">\n\t\t\t\t\t<h2 class=\"elementor-heading-title elementor-size-default\">Conoce m\u00e1s sobre las iglesias de Antigua Guatemala, ac\u00e1...<\/h2>\t\t\t\t<\/div>\n\t\t\t\t\t<\/div>\n\t\t\t\t<\/div>\n\t\t<div data-particle_enable=\"false\" data-particle-mobile-disabled=\"false\" class=\"elementor-element elementor-element-ded0d34 e-flex e-con-boxed e-con e-parent\" data-id=\"ded0d34\" data-element_type=\"container\" data-e-type=\"container\">\n\t\t\t\t\t<div class=\"e-con-inner\">\n\t\t\t\t<div class=\"elementor-element elementor-element-0512269 elementor-grid-eael-col-3 elementor-grid-tablet-eael-col-2 elementor-grid-mobile-eael-col-1 elementor-invisible elementor-widget elementor-widget-eael-post-grid\" data-id=\"0512269\" data-element_type=\"widget\" data-e-type=\"widget\" data-settings=\"{&quot;eael_post_grid_columns&quot;:&quot;eael-col-3&quot;,&quot;_animation&quot;:&quot;rollIn&quot;,&quot;eael_post_grid_columns_tablet&quot;:&quot;eael-col-2&quot;,&quot;eael_post_grid_columns_mobile&quot;:&quot;eael-col-1&quot;}\" data-widget_type=\"eael-post-grid.default\">\n\t\t\t\t\t<div id=\"eael-post-grid-0512269\" class=\"eael-post-grid-container\">\n            <div class=\"eael-post-grid eael-post-appender eael-post-appender-0512269 eael-post-grid-style-one\" data-layout-mode=\"masonry\"><article class=\"eael-grid-post  eael-post-grid-column eael-pg-post-37741 category-guate-nuestra\" data-id=\"37741\">\n        <div class=\"eael-grid-post-holder\">\n            <div class=\"eael-grid-post-holder-inner\"><div class=\"eael-entry-media\"><div class=\"eael-entry-overlay fade-in\"><i class=\"far fa-hand-pointer\" aria-hidden=\"true\"><\/i><a href=\"https:\/\/soymigrante.com\/revista\/el-calvario-de-antigua-guatemala-una-joya-de-fe\/\"><\/a><\/div><div class=\"eael-entry-thumbnail \">\n                <img loading=\"lazy\" decoding=\"async\" width=\"316\" height=\"316\" src=\"https:\/\/soymigrante.com\/revista\/wp-content\/uploads\/2025\/06\/el-calvario-1-e1750872413599.webp\" class=\"attachment-large size-large wp-image-37742\" alt=\"Fachada de una iglesia colonial en Guatemala con monta\u00f1as en el fondo, resaltando su arquitectura colorida y historia cultural.\" srcset=\"https:\/\/soymigrante.com\/revista\/wp-content\/uploads\/2025\/06\/el-calvario-1-e1750872413599.webp 316w, https:\/\/soymigrante.com\/revista\/wp-content\/uploads\/2025\/06\/el-calvario-1-e1750872413599-300x300.webp 300w, https:\/\/soymigrante.com\/revista\/wp-content\/uploads\/2025\/06\/el-calvario-1-e1750872413599-150x150.webp 150w, https:\/\/soymigrante.com\/revista\/wp-content\/uploads\/2025\/06\/el-calvario-1-e1750872413599-75x75.webp 75w\" sizes=\"(max-width: 316px) 100vw, 316px\" \/>\n            <\/div>\n        <\/div><div class=\"eael-entry-wrapper\"><header class=\"eael-entry-header\"><h2 class=\"eael-entry-title\"><a class=\"eael-grid-post-link\" href=\"https:\/\/soymigrante.com\/revista\/el-calvario-de-antigua-guatemala-una-joya-de-fe\/\" title=\"El Calvario de Antigua Guatemala: una joya de fe\">El Calvario de Antigua Guatemala: una joya de fe<\/a><\/h2><\/header><div class=\"eael-entry-content\">\n                        <div class=\"eael-grid-post-excerpt\"><a href=\"https:\/\/soymigrante.com\/revista\/el-calvario-de-antigua-guatemala-una-joya-de-fe\/\" class=\"eael-post-elements-readmore-btn\">CONOCE SU HISTORIA <\/a><\/div>\n                    <\/div><\/div><\/div>\n        <\/div>\n    <\/article><article class=\"eael-grid-post  eael-post-grid-column eael-pg-post-13114 category-guate-nuestra\" data-id=\"13114\">\n        <div class=\"eael-grid-post-holder\">\n            <div class=\"eael-grid-post-holder-inner\"><div class=\"eael-entry-media\"><div class=\"eael-entry-overlay fade-in\"><i class=\"far fa-hand-pointer\" aria-hidden=\"true\"><\/i><a href=\"https:\/\/soymigrante.com\/revista\/estas-son-siete-iglesias-historicas-y-emblematicas-de-guatemala\/\"><\/a><\/div><div class=\"eael-entry-thumbnail \">\n                <img loading=\"lazy\" decoding=\"async\" width=\"945\" height=\"862\" src=\"https:\/\/soymigrante.com\/revista\/wp-content\/uploads\/2024\/11\/san-andres-xecul-1.webp\" class=\"attachment-large size-large wp-image-13283\" alt=\"Mediaci\u00f3n en la iglesia colorida en pueblo mexicano, con detalles de cultura y tradiciones religiosas mexicanas, en un d\u00eda lluvioso en un pueblo monta\u00f1oso.\" srcset=\"https:\/\/soymigrante.com\/revista\/wp-content\/uploads\/2024\/11\/san-andres-xecul-1.webp 945w, https:\/\/soymigrante.com\/revista\/wp-content\/uploads\/2024\/11\/san-andres-xecul-1-300x274.jpg 300w, https:\/\/soymigrante.com\/revista\/wp-content\/uploads\/2024\/11\/san-andres-xecul-1-768x701.jpg 768w, https:\/\/soymigrante.com\/revista\/wp-content\/uploads\/2024\/11\/san-andres-xecul-1-750x684.webp 750w\" sizes=\"(max-width: 945px) 100vw, 945px\" \/>\n            <\/div>\n        <\/div><div class=\"eael-entry-wrapper\"><header class=\"eael-entry-header\"><h2 class=\"eael-entry-title\"><a class=\"eael-grid-post-link\" href=\"https:\/\/soymigrante.com\/revista\/estas-son-siete-iglesias-historicas-y-emblematicas-de-guatemala\/\" title=\"Siete iglesias hist\u00f3ricas y emblem\u00e1ticas de Guatemala \u00bfCu\u00e1les conoces?\">Siete iglesias hist\u00f3ricas y emblem\u00e1ticas de Guatemala \u00bfCu\u00e1les conoces?<\/a><\/h2><\/header><div class=\"eael-entry-content\">\n                        <div class=\"eael-grid-post-excerpt\"><a href=\"https:\/\/soymigrante.com\/revista\/estas-son-siete-iglesias-historicas-y-emblematicas-de-guatemala\/\" class=\"eael-post-elements-readmore-btn\">CONOCE SU HISTORIA <\/a><\/div>\n                    <\/div><\/div><\/div>\n        <\/div>\n    <\/article><article class=\"eael-grid-post  eael-post-grid-column eael-pg-post-5452 category-guate-nuestra\" data-id=\"5452\">\n        <div class=\"eael-grid-post-holder\">\n            <div class=\"eael-grid-post-holder-inner\"><div class=\"eael-entry-media\"><div class=\"eael-entry-overlay fade-in\"><i class=\"far fa-hand-pointer\" aria-hidden=\"true\"><\/i><a href=\"https:\/\/soymigrante.com\/revista\/antigua-guatemala-alfombras-serrin-semana-santa-fe-tradicion\/\"><\/a><\/div><div class=\"eael-entry-thumbnail \">\n                <img loading=\"lazy\" decoding=\"async\" width=\"487\" height=\"638\" src=\"https:\/\/soymigrante.com\/revista\/wp-content\/uploads\/2024\/03\/Alfombras-de-Cuaresma-y-Semana-Santa-en-Antigua-Guatemala-Fotos-Michelle-Gonzalez-8.webp\" class=\"attachment-large size-large wp-image-5460\" alt=\"Los dise\u00f1os geom\u00e9tricos pueden adquirir enorme complejidad y requieren de hasta 10 moldes para ser completados. Quienes los elaboran se colocan sobre tablas sostenidas con bloques para poder trabajar por encima e ir coloreando con aserr\u00edn la forma prevista, El aserr\u00edn con los tintes se prepara desde muchas semanas antes, para que su color no var\u00ede al secarse. (Foto Michelle Gonzalez)\" srcset=\"https:\/\/soymigrante.com\/revista\/wp-content\/uploads\/2024\/03\/Alfombras-de-Cuaresma-y-Semana-Santa-en-Antigua-Guatemala-Fotos-Michelle-Gonzalez-8.webp 487w, https:\/\/soymigrante.com\/revista\/wp-content\/uploads\/2024\/03\/Alfombras-de-Cuaresma-y-Semana-Santa-en-Antigua-Guatemala-Fotos-Michelle-Gonzalez-8-229x300.webp 229w\" sizes=\"(max-width: 487px) 100vw, 487px\" \/>\n            <\/div>\n        <\/div><div class=\"eael-entry-wrapper\"><header class=\"eael-entry-header\"><h2 class=\"eael-entry-title\"><a class=\"eael-grid-post-link\" href=\"https:\/\/soymigrante.com\/revista\/antigua-guatemala-alfombras-serrin-semana-santa-fe-tradicion\/\" title=\"Alfombras de Antigua Guatemala: ofrenda de fe, trabajo y devoci\u00f3n\">Alfombras de Antigua Guatemala: ofrenda de fe, trabajo y devoci\u00f3n<\/a><\/h2><\/header><div class=\"eael-entry-content\">\n                        <div class=\"eael-grid-post-excerpt\"><a href=\"https:\/\/soymigrante.com\/revista\/antigua-guatemala-alfombras-serrin-semana-santa-fe-tradicion\/\" class=\"eael-post-elements-readmore-btn\">CONOCE SU HISTORIA <\/a><\/div>\n                    <\/div><\/div><\/div>\n        <\/div>\n    <\/article><\/div>\n            <div class=\"clearfix\"><\/div>\n        <\/div>\t\t\t\t<\/div>\n\t\t\t\t\t<\/div>\n\t\t\t\t<\/div>\n\t\t\t\t<\/div>\n\t\t","protected":false},"excerpt":{"rendered":"<p>La Merced es una de las iglesias m\u00e1s longevas de Antigua Guatemala, la fecha estremece por su belleza y misterio. La ic\u00f3nica Iglesia de La Merced en Antigua Guatemala no solo impresiona por su arquitectura ultrabarroca y su enorme fuente colonial, sino tambi\u00e9n porque sus sombras guardan leyendas tenebrosas poco conocidas que ponen los pelos [&hellip;]<\/p>\n","protected":false},"author":19,"featured_media":40115,"comment_status":"open","ping_status":"open","sticky":false,"template":"","format":"standard","meta":{"_acf_changed":false,"_eb_attr":"","footnotes":""},"categories":[58],"tags":[],"class_list":["post-40114","post","type-post","status-publish","format-standard","has-post-thumbnail","hentry","category-guate-nuestra"],"acf":[],"aioseo_notices":[],"aioseo_head":"\n\t\t<!-- All in One SEO Pro 4.9.6.2 - aioseo.com -->\n\t<meta name=\"description\" content=\"Las piedras de Antigua Guatemala se visten de colores fugaces y devotos en las tradicionales alfombras de aserr\u00edn, que son una fusi\u00f3n de elementos prehisp\u00e1nicos y espa\u00f1oles, en un admirable lenguaje de fe. Devoci\u00f3n de siglos se hace presente La elaboraci\u00f3n de alfombras de aserr\u00edn, flores, frutas y otros materiales vegetales es todo un s\u00edmbolo\" \/>\n\t<meta name=\"robots\" content=\"max-snippet:-1, max-image-preview:large, max-video-preview:-1\" \/>\n\t<meta name=\"author\" content=\"Marysabel Aldana\"\/>\n\t<link rel=\"canonical\" href=\"https:\/\/soymigrante.com\/revista\/la-merced-de-antigua-guatemala-y-una-misteriosa-leyenda\/\" \/>\n\t<meta name=\"generator\" content=\"All in One SEO Pro (AIOSEO) 4.9.6.2\" \/>\n\n\t\t<link rel=\"preconnect\" href=\"https:\/\/fonts.googleapis.com\" crossorigin>\n<link rel=\"preconnect\" href=\"https:\/\/fonts.gstatic.com\" crossorigin>\n\t\t<meta property=\"og:locale\" content=\"es_ES\" \/>\n\t\t<meta property=\"og:site_name\" content=\"SoyMigrante.com REVISTA \u2013 Nuestra misi\u00f3n es reconocer y dignificar al migrante.\" \/>\n\t\t<meta property=\"og:type\" content=\"article\" \/>\n\t\t<meta property=\"og:title\" content=\"La Merced de Antigua Guatemala y una misteriosa leyenda\" \/>\n\t\t<meta property=\"og:description\" content=\"La Merced es una de las iglesias m\u00e1s emblem\u00e1ticas de Antigua Guatemala. Su deslumbrante belleza evoca un relato sobrenatural. Con\u00f3celo aqu\u00ed\" \/>\n\t\t<meta property=\"og:url\" content=\"https:\/\/soymigrante.com\/revista\/la-merced-de-antigua-guatemala-y-una-misteriosa-leyenda\/\" \/>\n\t\t<meta property=\"og:image\" content=\"https:\/\/soymigrante.com\/revista\/wp-content\/uploads\/2025\/07\/Terror-y-belleza-en-La-Merced1.webp\" \/>\n\t\t<meta property=\"og:image:secure_url\" content=\"https:\/\/soymigrante.com\/revista\/wp-content\/uploads\/2025\/07\/Terror-y-belleza-en-La-Merced1.webp\" \/>\n\t\t<meta property=\"og:image:width\" content=\"1280\" \/>\n\t\t<meta property=\"og:image:height\" content=\"896\" \/>\n\t\t<meta property=\"article:published_time\" content=\"2025-07-23T11:29:50+00:00\" \/>\n\t\t<meta property=\"article:modified_time\" content=\"2025-07-23T11:30:01+00:00\" \/>\n\t\t<meta property=\"article:publisher\" content=\"https:\/\/www.facebook.com\/soymigrantecom\" \/>\n\t\t<meta name=\"twitter:card\" content=\"summary_large_image\" \/>\n\t\t<meta name=\"twitter:site\" content=\"@SoyMigrante_com\" \/>\n\t\t<meta name=\"twitter:title\" content=\"La Merced de Antigua Guatemala y una misteriosa leyenda\" \/>\n\t\t<meta name=\"twitter:description\" content=\"La Merced es una de las iglesias m\u00e1s emblem\u00e1ticas de Antigua Guatemala. Su deslumbrante belleza evoca un relato sobrenatural. Con\u00f3celo aqu\u00ed\" \/>\n\t\t<meta name=\"twitter:creator\" content=\"@SoyMigrante_com\" \/>\n\t\t<meta name=\"twitter:image\" content=\"https:\/\/soymigrante.com\/revista\/wp-content\/uploads\/2025\/07\/Terror-y-belleza-en-La-Merced1.webp\" \/>\n\t\t<!-- All in One SEO Pro -->\r\n\t\t<title>La Merced de Antigua Guatemala y una misteriosa leyenda<\/title>\n\n","aioseo_head_json":{"title":"La Merced de Antigua Guatemala y una misteriosa leyenda","description":"La Merced es una de las iglesias m\u00e1s emblem\u00e1ticas de Antigua Guatemala. Su deslumbrante belleza evoca un relato sobrenatural. Con\u00f3celo aqu\u00ed","canonical_url":"https:\/\/soymigrante.com\/revista\/la-merced-de-antigua-guatemala-y-una-misteriosa-leyenda\/","robots":"max-snippet:-1, max-image-preview:large, max-video-preview:-1","keywords":"","webmasterTools":{"miscellaneous":"&lt;link rel=\"preconnect\" href=\"https:\/\/fonts.googleapis.com\" crossorigin&gt;\n&lt;link rel=\"preconnect\" href=\"https:\/\/fonts.gstatic.com\" crossorigin&gt;"},"schema":null,"og:locale":"es_ES","og:site_name":"SoyMigrante.com REVISTA \u2013 Nuestra misi\u00f3n es reconocer y dignificar al migrante.","og:type":"article","og:title":"La Merced de Antigua Guatemala y una misteriosa leyenda","og:description":"La Merced es una de las iglesias m\u00e1s emblem\u00e1ticas de Antigua Guatemala. Su deslumbrante belleza evoca un relato sobrenatural. Con\u00f3celo aqu\u00ed","og:url":"https:\/\/soymigrante.com\/revista\/la-merced-de-antigua-guatemala-y-una-misteriosa-leyenda\/","og:image":"https:\/\/soymigrante.com\/revista\/wp-content\/uploads\/2025\/07\/Terror-y-belleza-en-La-Merced1.webp","og:image:secure_url":"https:\/\/soymigrante.com\/revista\/wp-content\/uploads\/2025\/07\/Terror-y-belleza-en-La-Merced1.webp","og:image:width":1280,"og:image:height":896,"article:published_time":"2025-07-23T11:29:50+00:00","article:modified_time":"2025-07-23T11:30:01+00:00","article:publisher":"https:\/\/www.facebook.com\/soymigrantecom","twitter:card":"summary_large_image","twitter:site":"@SoyMigrante_com","twitter:title":"La Merced de Antigua Guatemala y una misteriosa leyenda","twitter:description":"La Merced es una de las iglesias m\u00e1s emblem\u00e1ticas de Antigua Guatemala. Su deslumbrante belleza evoca un relato sobrenatural. Con\u00f3celo aqu\u00ed","twitter:creator":"@SoyMigrante_com","twitter:image":"https:\/\/soymigrante.com\/revista\/wp-content\/uploads\/2025\/07\/Terror-y-belleza-en-La-Merced1.webp"},"aioseo_meta_data":{"post_id":"40114","title":null,"description":"La Merced es una de las iglesias m\u00e1s emblem\u00e1ticas de Antigua Guatemala. Su deslumbrante belleza evoca un relato sobrenatural. Con\u00f3celo aqu\u00ed","keywords":null,"keyphrases":{"focus":{"keyphrase":"La Merced","score":91,"analysis":{"keyphraseInTitle":{"score":9,"maxScore":9,"error":0},"keyphraseInDescription":{"score":9,"maxScore":9,"error":0},"keyphraseLength":{"score":9,"maxScore":9,"error":0,"length":2},"keyphraseInURL":{"score":5,"maxScore":5,"error":0},"keyphraseInIntroduction":{"score":9,"maxScore":9,"error":0},"keyphraseInSubHeadings":{"score":3,"maxScore":9,"error":1},"keyphraseInImageAlt":{"score":9,"maxScore":9,"error":0},"keywordDensity":{"type":"best","score":9,"maxScore":9,"error":0}}},"additional":[{"keyphrase":"Antigua Guatemala","score":100,"analysis":{"keyphraseInDescription":{"score":9,"maxScore":9,"error":0},"keyphraseLength":{"score":9,"maxScore":9,"error":0,"length":2},"keyphraseInIntroduction":{"score":9,"maxScore":9,"error":0},"keyphraseInImageAlt":{"score":9,"maxScore":9,"error":0},"keywordDensity":{"type":"best","score":9,"maxScore":9,"error":0}}}]},"primary_term":null,"canonical_url":null,"og_title":null,"og_description":null,"og_object_type":"default","og_image_type":"default","og_image_url":null,"og_image_width":null,"og_image_height":null,"og_image_custom_url":null,"og_image_custom_fields":null,"og_video":"","og_custom_url":null,"og_article_section":null,"og_article_tags":null,"twitter_use_og":false,"twitter_card":"default","twitter_image_type":"default","twitter_image_url":null,"twitter_image_custom_url":null,"twitter_image_custom_fields":null,"twitter_title":null,"twitter_description":null,"schema":{"blockGraphs":[],"customGraphs":[],"default":{"data":{"Article":[],"Course":[],"Dataset":[],"FAQPage":[],"Movie":[],"Person":[],"Product":[],"ProductReview":[],"Car":[],"Recipe":[],"Service":[],"SoftwareApplication":[],"WebPage":[]},"graphName":"none","isEnabled":true},"graphs":[]},"schema_type":"default","schema_type_options":null,"pillar_content":false,"robots_default":true,"robots_noindex":false,"robots_noarchive":false,"robots_nosnippet":false,"robots_nofollow":false,"robots_noimageindex":false,"robots_noodp":false,"robots_notranslate":false,"robots_max_snippet":"-1","robots_max_videopreview":"-1","robots_max_imagepreview":"large","priority":null,"frequency":"default","local_seo":null,"seo_analyzer_scan_date":"2025-10-09 07:07:23","breadcrumb_settings":null,"limit_modified_date":false,"reviewed_by":"0","open_ai":null,"ai":{"faqs":[],"keyPoints":[],"titles":[],"descriptions":[],"socialPosts":{"email":[],"linkedin":[],"twitter":[],"facebook":[],"instagram":[]}},"created":"2025-07-22 20:26:00","updated":"2026-02-05 03:04:10"},"aioseo_breadcrumb":"<div class=\"aioseo-breadcrumbs\"><span class=\"aioseo-breadcrumb\">\n\t<a href=\"https:\/\/soymigrante.com\/revista\" title=\"Home\">Home<\/a>\n<\/span><span class=\"aioseo-breadcrumb-separator\">\u00bb<\/span><span class=\"aioseo-breadcrumb\">\n\t<a href=\"https:\/\/soymigrante.com\/revista\/category\/guate-nuestra\/\" title=\"Guate Nuestra\">Guate Nuestra<\/a>\n<\/span><span class=\"aioseo-breadcrumb-separator\">\u00bb<\/span><span class=\"aioseo-breadcrumb\">\n\tLa Merced de Antigua Guatemala y una misteriosa leyenda\n<\/span><\/div>","aioseo_breadcrumb_json":[{"label":"Home","link":"https:\/\/soymigrante.com\/revista"},{"label":"Guate Nuestra","link":"https:\/\/soymigrante.com\/revista\/category\/guate-nuestra\/"},{"label":"La Merced de Antigua Guatemala y una misteriosa leyenda","link":"https:\/\/soymigrante.com\/revista\/la-merced-de-antigua-guatemala-y-una-misteriosa-leyenda\/"}],"_links":{"self":[{"href":"https:\/\/soymigrante.com\/revista\/wp-json\/wp\/v2\/posts\/40114","targetHints":{"allow":["GET"]}}],"collection":[{"href":"https:\/\/soymigrante.com\/revista\/wp-json\/wp\/v2\/posts"}],"about":[{"href":"https:\/\/soymigrante.com\/revista\/wp-json\/wp\/v2\/types\/post"}],"author":[{"embeddable":true,"href":"https:\/\/soymigrante.com\/revista\/wp-json\/wp\/v2\/users\/19"}],"replies":[{"embeddable":true,"href":"https:\/\/soymigrante.com\/revista\/wp-json\/wp\/v2\/comments?post=40114"}],"version-history":[{"count":13,"href":"https:\/\/soymigrante.com\/revista\/wp-json\/wp\/v2\/posts\/40114\/revisions"}],"predecessor-version":[{"id":40141,"href":"https:\/\/soymigrante.com\/revista\/wp-json\/wp\/v2\/posts\/40114\/revisions\/40141"}],"wp:featuredmedia":[{"embeddable":true,"href":"https:\/\/soymigrante.com\/revista\/wp-json\/wp\/v2\/media\/40115"}],"wp:attachment":[{"href":"https:\/\/soymigrante.com\/revista\/wp-json\/wp\/v2\/media?parent=40114"}],"wp:term":[{"taxonomy":"category","embeddable":true,"href":"https:\/\/soymigrante.com\/revista\/wp-json\/wp\/v2\/categories?post=40114"},{"taxonomy":"post_tag","embeddable":true,"href":"https:\/\/soymigrante.com\/revista\/wp-json\/wp\/v2\/tags?post=40114"}],"curies":[{"name":"wp","href":"https:\/\/api.w.org\/{rel}","templated":true}]}}