{"id":40104,"date":"2025-07-28T05:36:03","date_gmt":"2025-07-28T11:36:03","guid":{"rendered":"https:\/\/soymigrante.com\/revista\/?p=40104"},"modified":"2025-07-28T05:36:15","modified_gmt":"2025-07-28T11:36:15","slug":"mirador-dieguez-olaverri-el-mas-magico-balcon-de-huehuetenango-y-los-cuchumatanes","status":"publish","type":"post","link":"https:\/\/soymigrante.com\/revista\/mirador-dieguez-olaverri-el-mas-magico-balcon-de-huehuetenango-y-los-cuchumatanes\/","title":{"rendered":"Mirador Di\u00e9guez Olaverri: el m\u00e1s magico balc\u00f3n de Huehuetenango y los Cuchumatanes"},"content":{"rendered":"\t\t<div data-elementor-type=\"wp-post\" data-elementor-id=\"40104\" class=\"elementor elementor-40104\" data-elementor-post-type=\"post\">\n\t\t\t\t<div data-particle_enable=\"false\" data-particle-mobile-disabled=\"false\" class=\"elementor-element elementor-element-71b48db e-flex e-con-boxed e-con e-parent\" data-id=\"71b48db\" data-element_type=\"container\" data-e-type=\"container\">\n\t\t\t\t\t<div class=\"e-con-inner\">\n\t\t\t\t<div class=\"elementor-element elementor-element-487555c elementor-widget elementor-widget-heading\" data-id=\"487555c\" data-element_type=\"widget\" data-e-type=\"widget\" data-widget_type=\"heading.default\">\n\t\t\t\t\t<h2 class=\"elementor-heading-title elementor-size-default\">El Mirador Di\u00e9guez Olaverri un lugar de paisajes, en la cumbre de los Cuchumatanes.<\/h2>\t\t\t\t<\/div>\n\t\t\t\t\t<\/div>\n\t\t\t\t<\/div>\n\t\t<div data-particle_enable=\"false\" data-particle-mobile-disabled=\"false\" class=\"elementor-element elementor-element-feb2178 e-flex e-con-boxed e-con e-parent\" data-id=\"feb2178\" data-element_type=\"container\" data-e-type=\"container\">\n\t\t\t\t\t<div class=\"e-con-inner\">\n\t\t\t\t<div class=\"elementor-element elementor-element-d87c8d9 elementor-widget elementor-widget-text-editor\" data-id=\"d87c8d9\" data-element_type=\"widget\" data-e-type=\"widget\" data-widget_type=\"text-editor.default\">\n\t\t\t\t\t\t\t\t\t<p><a href=\"https:\/\/soymigrante.com\/revista\/departamentos-de-guatemala-huehuetenango-la-tierra-de-kaibil-balam-tesoro-cultural-y-natural\/\" target=\"_blank\" rel=\"noopener\">Ubicado en la cima de la Sierra de los Cuchumatanes, en Huehuetenango<\/a>, el mirador Juan Di\u00e9guez Olaverri ofrece una de las vistas m\u00e1s impactantes del pa\u00eds. Adem\u00e1s de su imponente paisaje, es un sitio cargado de historia, literatura y orgullo guatemalteco. La entrada es gratuita y se ha convertido en un punto obligado para los amantes del turismo natural y cultural.<\/p><p>El Mirador Juan Di\u00e9guez Olaverri, situado a m\u00e1s de 3\u202f300 metros sobre el nivel del mar, <a href=\"https:\/\/soymigrante.com\/revista\/departamentos-de-guatemala-huehuetenango-la-tierra-de-kaibil-balam-tesoro-cultural-y-natural\/\" target=\"_blank\" rel=\"noopener\">en el municipio de Chiantla, Huehuetenango, es uno de los destinos m\u00e1s emblem\u00e1ticos del occidente de Guatemala.<\/a> Desde all\u00ed, los visitantes pueden contemplar un impresionante panorama de monta\u00f1as, volcanes y nubes, mientras recorren un espacio dedicado a la memoria del poeta que da nombre al sitio.<\/p><p>Este mirador fue nombrado en honor a Juan Di\u00e9guez Olaverri (1813\u20131866), abogado y poeta huehueteco, autor del famoso poema \u201cA los Cuchumatanes\u201d. En el lugar hay nueve monumentos piramidales blancos, donde se puede leer parte de su obra po\u00e9tica, inspirada en esta sierra imponente.<\/p><p>Adem\u00e1s del valor literario, el lugar se ha vuelto popular por su belleza natural. En los d\u00edas despejados, es posible observar los volcanes Tacan\u00e1, Tajumulco, Santa Mar\u00eda e incluso el Atitl\u00e1n. <a href=\"https:\/\/soymigrante.com\/revista\/departamentos-de-guatemala-huehuetenango-la-tierra-de-kaibil-balam-tesoro-cultural-y-natural\/\" target=\"_blank\" rel=\"noopener\">Este sitio ha sido descrito como uno de los mejores lugares para ver el amanecer en Guatemala.<\/a><\/p>\t\t\t\t\t\t\t\t<\/div>\n\t\t\t\t\t<\/div>\n\t\t\t\t<\/div>\n\t\t<div data-particle_enable=\"false\" data-particle-mobile-disabled=\"false\" class=\"elementor-element elementor-element-fb2a6d9 e-flex e-con-boxed e-con e-parent\" data-id=\"fb2a6d9\" data-element_type=\"container\" data-e-type=\"container\">\n\t\t\t\t\t<div class=\"e-con-inner\">\n\t\t\t\t<div class=\"elementor-element elementor-element-c5dec51 elementor-invisible elementor-widget elementor-widget-facebook-embed\" data-id=\"c5dec51\" data-element_type=\"widget\" data-e-type=\"widget\" data-settings=\"{&quot;_animation&quot;:&quot;zoomInDown&quot;}\" data-widget_type=\"facebook-embed.default\">\n\t\t\t\t\t<div style=\"min-height: 1px\" class=\"elementor-facebook-widget fb-post\" data-href=\"https:\/\/www.facebook.com\/photo\/?fbid=2074289179463825&#038;set=a.1397501560475927\" data-show-text=\"false\"><\/div>\t\t\t\t<\/div>\n\t\t\t\t\t<\/div>\n\t\t\t\t<\/div>\n\t\t<div data-particle_enable=\"false\" data-particle-mobile-disabled=\"false\" class=\"elementor-element elementor-element-32e7377 e-flex e-con-boxed e-con e-parent\" data-id=\"32e7377\" data-element_type=\"container\" data-e-type=\"container\">\n\t\t\t\t\t<div class=\"e-con-inner\">\n\t\t\t\t<div class=\"elementor-element elementor-element-e379ded elementor-widget elementor-widget-heading\" data-id=\"e379ded\" data-element_type=\"widget\" data-e-type=\"widget\" data-widget_type=\"heading.default\">\n\t\t\t\t\t<h3 class=\"elementor-heading-title elementor-size-default\">Un refugio abandonado, pero con historia<\/h3>\t\t\t\t<\/div>\n\t\t\t\t\t<\/div>\n\t\t\t\t<\/div>\n\t\t<div data-particle_enable=\"false\" data-particle-mobile-disabled=\"false\" class=\"elementor-element elementor-element-3b4c3e4 e-flex e-con-boxed e-con e-parent\" data-id=\"3b4c3e4\" data-element_type=\"container\" data-e-type=\"container\">\n\t\t\t\t\t<div class=\"e-con-inner\">\n\t\t\t\t<div class=\"elementor-element elementor-element-cd519d6 elementor-widget elementor-widget-text-editor\" data-id=\"cd519d6\" data-element_type=\"widget\" data-e-type=\"widget\" data-widget_type=\"text-editor.default\">\n\t\t\t\t\t\t\t\t\t<p>En 1987, la comunidad local y el arquitecto Ronaldo Castillo construyeron dos caba\u00f1as cerca del mirador para recibir a los turistas. Estas estructuras funcionaban como refugio y s\u00edmbolo del lugar, pero con el paso del tiempo y el abandono, una de ellas colaps\u00f3 por fuertes vientos en 2016 y la otra permanece cerrada por seguridad.<\/p><p>Pese al deterioro de las caba\u00f1as, el mirador se mantiene activo como punto tur\u00edstico y sigue siendo un espacio de contemplaci\u00f3n y reflexi\u00f3n. A\u00fan conserva parte de su encanto original, y los visitantes pueden tomarse fotograf\u00edas, leer poes\u00eda y disfrutar de bebidas calientes en el cercano Caf\u00e9 del Cielo, un peque\u00f1o local que ofrece caf\u00e9, chocolate y desayunos con vistas espectaculares.<\/p>\t\t\t\t\t\t\t\t<\/div>\n\t\t\t\t\t<\/div>\n\t\t\t\t<\/div>\n\t\t<div data-particle_enable=\"false\" data-particle-mobile-disabled=\"false\" class=\"elementor-element elementor-element-27692eb e-flex e-con-boxed e-con e-parent\" data-id=\"27692eb\" data-element_type=\"container\" data-e-type=\"container\">\n\t\t\t\t\t<div class=\"e-con-inner\">\n\t\t\t\t<div class=\"elementor-element elementor-element-2e8c602 elementor-invisible elementor-widget elementor-widget-facebook-embed\" data-id=\"2e8c602\" data-element_type=\"widget\" data-e-type=\"widget\" data-settings=\"{&quot;_animation&quot;:&quot;zoomInDown&quot;}\" data-widget_type=\"facebook-embed.default\">\n\t\t\t\t\t<div style=\"min-height: 1px\" class=\"elementor-facebook-widget fb-post\" data-href=\"https:\/\/www.facebook.com\/photo?fbid=2138773916348684&#038;set=a.1397501560475927\" data-show-text=\"false\"><\/div>\t\t\t\t<\/div>\n\t\t\t\t\t<\/div>\n\t\t\t\t<\/div>\n\t\t<div data-particle_enable=\"false\" data-particle-mobile-disabled=\"false\" class=\"elementor-element elementor-element-9d5fe03 e-flex e-con-boxed e-con e-parent\" data-id=\"9d5fe03\" data-element_type=\"container\" data-e-type=\"container\">\n\t\t\t\t\t<div class=\"e-con-inner\">\n\t\t\t\t<div class=\"elementor-element elementor-element-4b7ea0f elementor-widget elementor-widget-heading\" data-id=\"4b7ea0f\" data-element_type=\"widget\" data-e-type=\"widget\" data-widget_type=\"heading.default\">\n\t\t\t\t\t<h3 class=\"elementor-heading-title elementor-size-default\">Acceso, costo y recomendaciones<\/h3>\t\t\t\t<\/div>\n\t\t\t\t\t<\/div>\n\t\t\t\t<\/div>\n\t\t<div data-particle_enable=\"false\" data-particle-mobile-disabled=\"false\" class=\"elementor-element elementor-element-b7df05d e-flex e-con-boxed e-con e-parent\" data-id=\"b7df05d\" data-element_type=\"container\" data-e-type=\"container\">\n\t\t\t\t\t<div class=\"e-con-inner\">\n\t\t\t\t<div class=\"elementor-element elementor-element-1907169 elementor-widget elementor-widget-text-editor\" data-id=\"1907169\" data-element_type=\"widget\" data-e-type=\"widget\" data-widget_type=\"text-editor.default\">\n\t\t\t\t\t\t\t\t\t<p><a href=\"https:\/\/soymigrante.com\/revista\/departamentos-de-guatemala-huehuetenango-la-tierra-de-kaibil-balam-tesoro-cultural-y-natural\/\" target=\"_blank\" rel=\"noopener\">El ingreso al mirador es gratuito y se puede llegar en veh\u00edculo desde la cabecera de Huehuetenango, recorriendo unos 12 kil\u00f3metros desde el municipio de Chiantla.<\/a> La carretera es de monta\u00f1a y se recomienda tomar precauciones durante la \u00e9poca de lluvias o neblina.<\/p><p>Para quienes deseen una experiencia completa, hay tours guiados que incluyen visitas al mirador, la Laguna Magdalena, interacci\u00f3n con llamas y senderismo, con un costo aproximado de Q500 por grupo de hasta 10 personas. Las entradas a otros destinos cercanos pueden costar entre Q10 y Q20 por persona.<\/p><p>El mirador est\u00e1 abierto todo el d\u00eda, pero los expertos recomiendan llegar al amanecer para disfrutar de la vista en su m\u00e1ximo esplendor. Debido a la altitud, el clima puede ser muy fr\u00edo y ventoso, por lo que se recomienda llevar ropa abrigadora, agua, protector solar y calzado adecuado.<\/p>\t\t\t\t\t\t\t\t<\/div>\n\t\t\t\t\t<\/div>\n\t\t\t\t<\/div>\n\t\t<div data-particle_enable=\"false\" data-particle-mobile-disabled=\"false\" class=\"elementor-element elementor-element-4612625 e-flex e-con-boxed e-con e-parent\" data-id=\"4612625\" data-element_type=\"container\" data-e-type=\"container\">\n\t\t\t\t\t<div class=\"e-con-inner\">\n\t\t\t\t<div class=\"elementor-element elementor-element-4de06d1 elementor-invisible elementor-widget elementor-widget-facebook-embed\" data-id=\"4de06d1\" data-element_type=\"widget\" data-e-type=\"widget\" data-settings=\"{&quot;_animation&quot;:&quot;zoomInDown&quot;}\" data-widget_type=\"facebook-embed.default\">\n\t\t\t\t\t<div style=\"min-height: 1px\" class=\"elementor-facebook-widget fb-post\" data-href=\"https:\/\/www.facebook.com\/photo\/?fbid=2039942219565188&#038;set=a.1397501560475927\" data-show-text=\"false\"><\/div>\t\t\t\t<\/div>\n\t\t\t\t\t<\/div>\n\t\t\t\t<\/div>\n\t\t<div data-particle_enable=\"false\" data-particle-mobile-disabled=\"false\" class=\"elementor-element elementor-element-3440ab2 e-flex e-con-boxed e-con e-parent\" data-id=\"3440ab2\" data-element_type=\"container\" data-e-type=\"container\">\n\t\t\t\t\t<div class=\"e-con-inner\">\n\t\t\t\t<div class=\"elementor-element elementor-element-7838d40 elementor-widget elementor-widget-heading\" data-id=\"7838d40\" data-element_type=\"widget\" data-e-type=\"widget\" data-widget_type=\"heading.default\">\n\t\t\t\t\t<h3 class=\"elementor-heading-title elementor-size-default\">Un rinc\u00f3n para el alma guatemalteca<\/h3>\t\t\t\t<\/div>\n\t\t\t\t\t<\/div>\n\t\t\t\t<\/div>\n\t\t<div data-particle_enable=\"false\" data-particle-mobile-disabled=\"false\" class=\"elementor-element elementor-element-9298036 e-flex e-con-boxed e-con e-parent\" data-id=\"9298036\" data-element_type=\"container\" data-e-type=\"container\">\n\t\t\t\t\t<div class=\"e-con-inner\">\n\t\t\t\t<div class=\"elementor-element elementor-element-2857d3e elementor-widget elementor-widget-text-editor\" data-id=\"2857d3e\" data-element_type=\"widget\" data-e-type=\"widget\" data-widget_type=\"text-editor.default\">\n\t\t\t\t\t\t\t\t\t<p><a href=\"https:\/\/soymigrante.com\/revista\/departamentos-de-guatemala-huehuetenango-la-tierra-de-kaibil-balam-tesoro-cultural-y-natural\/\" target=\"_blank\" rel=\"noopener\">El Mirador Juan Di\u00e9guez Olaverri no es solo un destino tur\u00edstico, es tambi\u00e9n un espacio que conecta la historia, la literatura y el amor por la tierra<\/a>. Es un testimonio de c\u00f3mo la naturaleza inspira el arte y de c\u00f3mo el legado de un poeta sigue vivo en las alturas de Guatemala.<\/p>\t\t\t\t\t\t\t\t<\/div>\n\t\t\t\t\t<\/div>\n\t\t\t\t<\/div>\n\t\t<div data-particle_enable=\"false\" data-particle-mobile-disabled=\"false\" class=\"elementor-element elementor-element-6ab631f e-flex e-con-boxed e-con e-parent\" data-id=\"6ab631f\" data-element_type=\"container\" data-e-type=\"container\">\n\t\t\t\t\t<div class=\"e-con-inner\">\n\t\t\t\t<div class=\"elementor-element elementor-element-14f5683 elementor-widget elementor-widget-heading\" data-id=\"14f5683\" data-element_type=\"widget\" data-e-type=\"widget\" data-widget_type=\"heading.default\">\n\t\t\t\t\t<h2 class=\"elementor-heading-title elementor-size-default\">Conoce m\u00e1s de Huehuetenango, ac\u00e1...<\/h2>\t\t\t\t<\/div>\n\t\t\t\t\t<\/div>\n\t\t\t\t<\/div>\n\t\t<div data-particle_enable=\"false\" data-particle-mobile-disabled=\"false\" class=\"elementor-element elementor-element-7357736 e-flex e-con-boxed e-con e-parent\" data-id=\"7357736\" data-element_type=\"container\" data-e-type=\"container\">\n\t\t\t\t\t<div class=\"e-con-inner\">\n\t\t\t\t<div class=\"elementor-element elementor-element-80423fd elementor-grid-eael-col-3 elementor-grid-tablet-eael-col-2 elementor-grid-mobile-eael-col-1 elementor-invisible elementor-widget elementor-widget-eael-post-grid\" data-id=\"80423fd\" data-element_type=\"widget\" data-e-type=\"widget\" data-settings=\"{&quot;eael_post_grid_columns&quot;:&quot;eael-col-3&quot;,&quot;_animation&quot;:&quot;rollIn&quot;,&quot;eael_post_grid_columns_tablet&quot;:&quot;eael-col-2&quot;,&quot;eael_post_grid_columns_mobile&quot;:&quot;eael-col-1&quot;}\" data-widget_type=\"eael-post-grid.default\">\n\t\t\t\t\t<div id=\"eael-post-grid-80423fd\" class=\"eael-post-grid-container\">\n            <div class=\"eael-post-grid eael-post-appender eael-post-appender-80423fd eael-post-grid-style-one\" data-layout-mode=\"masonry\"><article class=\"eael-grid-post  eael-post-grid-column eael-pg-post-782 category-guate-nuestra-riqueza-natural tags-guatemala-pais-megadiverso\" data-id=\"782\">\n        <div class=\"eael-grid-post-holder\">\n            <div class=\"eael-grid-post-holder-inner\"><div class=\"eael-entry-media\"><div class=\"eael-entry-overlay fade-in\"><i class=\"far fa-hand-pointer\" aria-hidden=\"true\"><\/i><a href=\"https:\/\/soymigrante.com\/revista\/yolnabaj-es-su-nombre-original-pero-tambien-le-llaman-laguna-brava\/\"><\/a><\/div><div class=\"eael-entry-thumbnail \">\n                <img fetchpriority=\"high\" decoding=\"async\" width=\"421\" height=\"416\" src=\"https:\/\/soymigrante.com\/revista\/wp-content\/uploads\/2025\/04\/laguna-brava-abel-juarez.png\" class=\"attachment-large size-large wp-image-52935\" alt=\"laguna brava abel juarez\" srcset=\"https:\/\/soymigrante.com\/revista\/wp-content\/uploads\/2025\/04\/laguna-brava-abel-juarez.png 421w, https:\/\/soymigrante.com\/revista\/wp-content\/uploads\/2025\/04\/laguna-brava-abel-juarez-300x296.png 300w, https:\/\/soymigrante.com\/revista\/wp-content\/uploads\/2025\/04\/laguna-brava-abel-juarez-75x75.png 75w\" sizes=\"(max-width: 421px) 100vw, 421px\" \/>\n            <\/div>\n        <\/div><div class=\"eael-entry-wrapper\"><header class=\"eael-entry-header\"><h2 class=\"eael-entry-title\"><a class=\"eael-grid-post-link\" href=\"https:\/\/soymigrante.com\/revista\/yolnabaj-es-su-nombre-original-pero-tambien-le-llaman-laguna-brava\/\" title=\"\u00bfPor qu\u00e9 vale la pena el largo viaje hasta la Laguna Brava en Huehuetenango?\">\u00bfPor qu\u00e9 vale la pena el largo viaje hasta la Laguna Brava en Huehuetenango?<\/a><\/h2><\/header><div class=\"eael-entry-content\">\n                        <div class=\"eael-grid-post-excerpt\"><a href=\"https:\/\/soymigrante.com\/revista\/yolnabaj-es-su-nombre-original-pero-tambien-le-llaman-laguna-brava\/\" class=\"eael-post-elements-readmore-btn\">CONOCE SU HISTORIA <\/a><\/div>\n                    <\/div><\/div><\/div>\n        <\/div>\n    <\/article><article class=\"eael-grid-post  eael-post-grid-column eael-pg-post-39808 category-guate-nuestra\" data-id=\"39808\">\n        <div class=\"eael-grid-post-holder\">\n            <div class=\"eael-grid-post-holder-inner\"><div class=\"eael-entry-media\"><div class=\"eael-entry-overlay fade-in\"><i class=\"far fa-hand-pointer\" aria-hidden=\"true\"><\/i><a href=\"https:\/\/soymigrante.com\/revista\/piedras-de-kabtzin-huehuetenango-cuchumatanes-leyenda-misterio\/\"><\/a><\/div><div class=\"eael-entry-thumbnail \">\n                <img decoding=\"async\" width=\"500\" height=\"500\" src=\"https:\/\/soymigrante.com\/revista\/wp-content\/uploads\/2025\/07\/piedras-de-capsin-5-e1753064925683.webp\" class=\"attachment-large size-large wp-image-39809\" alt=\"Formaciones rocosas en un paisaje monta\u00f1oso, con una carretera estrecha junto a un imponente pe\u00f1asco y vegetaci\u00f3n verde, en un entorno natural y esc\u00e9nico.\" srcset=\"https:\/\/soymigrante.com\/revista\/wp-content\/uploads\/2025\/07\/piedras-de-capsin-5-e1753064925683.webp 500w, https:\/\/soymigrante.com\/revista\/wp-content\/uploads\/2025\/07\/piedras-de-capsin-5-e1753064925683-300x300.webp 300w, https:\/\/soymigrante.com\/revista\/wp-content\/uploads\/2025\/07\/piedras-de-capsin-5-e1753064925683-150x150.webp 150w, https:\/\/soymigrante.com\/revista\/wp-content\/uploads\/2025\/07\/piedras-de-capsin-5-e1753064925683-75x75.webp 75w\" sizes=\"(max-width: 500px) 100vw, 500px\" \/>\n            <\/div>\n        <\/div><div class=\"eael-entry-wrapper\"><header class=\"eael-entry-header\"><h2 class=\"eael-entry-title\"><a class=\"eael-grid-post-link\" href=\"https:\/\/soymigrante.com\/revista\/piedras-de-kabtzin-huehuetenango-cuchumatanes-leyenda-misterio\/\" title=\"\u00bfConoces la leyenda de las piedras de Kab&#8217;Tzin en Huehuetenango?\">\u00bfConoces la leyenda de las piedras de Kab&#8217;Tzin en Huehuetenango?<\/a><\/h2><\/header><div class=\"eael-entry-content\">\n                        <div class=\"eael-grid-post-excerpt\"><a href=\"https:\/\/soymigrante.com\/revista\/piedras-de-kabtzin-huehuetenango-cuchumatanes-leyenda-misterio\/\" class=\"eael-post-elements-readmore-btn\">CONOCE SU HISTORIA <\/a><\/div>\n                    <\/div><\/div><\/div>\n        <\/div>\n    <\/article><article class=\"eael-grid-post  eael-post-grid-column eael-pg-post-20205 category-guate-nuestra tags-departamentos-de-guatemala\" data-id=\"20205\">\n        <div class=\"eael-grid-post-holder\">\n            <div class=\"eael-grid-post-holder-inner\"><div class=\"eael-entry-media\"><div class=\"eael-entry-overlay fade-in\"><i class=\"far fa-hand-pointer\" aria-hidden=\"true\"><\/i><a href=\"https:\/\/soymigrante.com\/revista\/departamentos-de-guatemala-huehuetenango-la-tierra-de-kaibil-balam-tesoro-cultural-y-natural\/\"><\/a><\/div><div class=\"eael-entry-thumbnail \">\n                <img decoding=\"async\" width=\"700\" height=\"432\" src=\"https:\/\/soymigrante.com\/revista\/wp-content\/uploads\/2025\/01\/Huehuetenango-3.webp\" class=\"attachment-large size-large wp-image-20208\" alt=\"Casas en las monta\u00f1as, refugio en altitud elevada, paisaje de alta monta\u00f1a, arquitectura tradicional en entorno de naturaleza, paisaje de inspiraci\u00f3n para migrantes y viajeros en busca de tranquilidad.\" srcset=\"https:\/\/soymigrante.com\/revista\/wp-content\/uploads\/2025\/01\/Huehuetenango-3.webp 700w, https:\/\/soymigrante.com\/revista\/wp-content\/uploads\/2025\/01\/Huehuetenango-3-300x185.jpeg 300w\" sizes=\"(max-width: 700px) 100vw, 700px\" \/>\n            <\/div>\n        <\/div><div class=\"eael-entry-wrapper\"><header class=\"eael-entry-header\"><h2 class=\"eael-entry-title\"><a class=\"eael-grid-post-link\" href=\"https:\/\/soymigrante.com\/revista\/departamentos-de-guatemala-huehuetenango-la-tierra-de-kaibil-balam-tesoro-cultural-y-natural\/\" title=\"Departamentos de Guatemala: Huehuetenango, la tierra de Kaibil Balam, tesoro cultural y natural\">Departamentos de Guatemala: Huehuetenango, la tierra de Kaibil Balam, tesoro cultural y natural<\/a><\/h2><\/header><div class=\"eael-entry-content\">\n                        <div class=\"eael-grid-post-excerpt\"><a href=\"https:\/\/soymigrante.com\/revista\/departamentos-de-guatemala-huehuetenango-la-tierra-de-kaibil-balam-tesoro-cultural-y-natural\/\" class=\"eael-post-elements-readmore-btn\">CONOCE SU HISTORIA <\/a><\/div>\n                    <\/div><\/div><\/div>\n        <\/div>\n    <\/article><\/div>\n            <div class=\"clearfix\"><\/div>\n        <\/div>\t\t\t\t<\/div>\n\t\t\t\t\t<\/div>\n\t\t\t\t<\/div>\n\t\t\t\t<\/div>\n\t\t","protected":false},"excerpt":{"rendered":"<p>El Mirador Di\u00e9guez Olaverri un lugar de paisajes, en la cumbre de los Cuchumatanes. Ubicado en la cima de la Sierra de los Cuchumatanes, en Huehuetenango, el mirador Juan Di\u00e9guez Olaverri ofrece una de las vistas m\u00e1s impactantes del pa\u00eds. Adem\u00e1s de su imponente paisaje, es un sitio cargado de historia, literatura y orgullo guatemalteco. [&hellip;]<\/p>\n","protected":false},"author":19,"featured_media":40105,"comment_status":"open","ping_status":"open","sticky":false,"template":"","format":"standard","meta":{"_acf_changed":false,"_eb_attr":"","footnotes":""},"categories":[58],"tags":[],"class_list":["post-40104","post","type-post","status-publish","format-standard","has-post-thumbnail","hentry","category-guate-nuestra"],"acf":[],"aioseo_notices":[],"aioseo_head":"\n\t\t<!-- All in One SEO Pro 4.9.6.2 - aioseo.com -->\n\t<meta name=\"description\" content=\"Es la tierra de Kaibil Balam, valiente guerrero mam, lugar de riqueza cultural y natural. \u00bfCu\u00e1ntos habitantes tiene? \u00bfQu\u00e9 extensi\u00f3n? Eso y m\u00e1s te lo respondemos aqu\u00ed.\" \/>\n\t<meta name=\"robots\" content=\"max-snippet:-1, max-image-preview:large, max-video-preview:-1\" \/>\n\t<meta name=\"author\" content=\"Marysabel Aldana\"\/>\n\t<link rel=\"canonical\" href=\"https:\/\/soymigrante.com\/revista\/departamentos-de-guatemala-huehuetenango-la-tierra-de-kaibil-balam-tesoro-cultural-y-natural\/\" \/>\n\t<meta name=\"generator\" content=\"All in One SEO Pro (AIOSEO) 4.9.6.2\" \/>\n\n\t\t<link rel=\"preconnect\" href=\"https:\/\/fonts.googleapis.com\" crossorigin>\n<link rel=\"preconnect\" href=\"https:\/\/fonts.gstatic.com\" crossorigin>\n\t\t<meta property=\"og:locale\" content=\"es_ES\" \/>\n\t\t<meta property=\"og:site_name\" content=\"SoyMigrante.com REVISTA \u2013 Nuestra misi\u00f3n es reconocer y dignificar al migrante.\" \/>\n\t\t<meta property=\"og:type\" content=\"article\" \/>\n\t\t<meta property=\"og:title\" content=\"\u00bfEs Huehuetenango el departamento m\u00e1s poblado de Guatemala?\" \/>\n\t\t<meta property=\"og:description\" content=\"Es la tierra de Kaibil Balam, valiente guerrero mam, lugar de riqueza cultural y natural. \u00bfCu\u00e1ntos habitantes tiene? \u00bfQu\u00e9 extensi\u00f3n? Eso y m\u00e1s te lo respondemos aqu\u00ed.\" \/>\n\t\t<meta property=\"og:url\" content=\"https:\/\/soymigrante.com\/revista\/departamentos-de-guatemala-huehuetenango-la-tierra-de-kaibil-balam-tesoro-cultural-y-natural\/\" \/>\n\t\t<meta property=\"og:image\" content=\"https:\/\/soymigrante.com\/revista\/wp-content\/uploads\/2025\/01\/Huehuetenango-3.webp\" \/>\n\t\t<meta property=\"og:image:secure_url\" content=\"https:\/\/soymigrante.com\/revista\/wp-content\/uploads\/2025\/01\/Huehuetenango-3.webp\" \/>\n\t\t<meta property=\"og:image:width\" content=\"700\" \/>\n\t\t<meta property=\"og:image:height\" content=\"432\" \/>\n\t\t<meta property=\"article:published_time\" content=\"2025-01-15T12:00:00+00:00\" \/>\n\t\t<meta property=\"article:modified_time\" content=\"2025-03-04T18:31:43+00:00\" \/>\n\t\t<meta property=\"article:publisher\" content=\"https:\/\/www.facebook.com\/soymigrantecom\" \/>\n\t\t<meta name=\"twitter:card\" content=\"summary_large_image\" \/>\n\t\t<meta name=\"twitter:site\" content=\"@SoyMigrante_com\" \/>\n\t\t<meta name=\"twitter:title\" content=\"\u00bfEs Huehuetenango el departamento m\u00e1s poblado de Guatemala?\" \/>\n\t\t<meta name=\"twitter:description\" content=\"Es la tierra de Kaibil Balam, valiente guerrero mam, lugar de riqueza cultural y natural. \u00bfCu\u00e1ntos habitantes tiene? \u00bfQu\u00e9 extensi\u00f3n? Eso y m\u00e1s te lo respondemos aqu\u00ed.\" \/>\n\t\t<meta name=\"twitter:creator\" content=\"@SoyMigrante_com\" \/>\n\t\t<meta name=\"twitter:image\" content=\"https:\/\/soymigrante.com\/revista\/wp-content\/uploads\/2025\/01\/Huehuetenango-3.webp\" \/>\n\t\t<!-- All in One SEO Pro -->\r\n\t\t<title>\u00bfEs Huehuetenango el departamento m\u00e1s poblado de Guatemala?<\/title>\n\n","aioseo_head_json":{"title":"\u00bfEs Huehuetenango el departamento m\u00e1s poblado de Guatemala?","description":"Es la tierra de Kaibil Balam, valiente guerrero mam, lugar de riqueza cultural y natural. \u00bfCu\u00e1ntos habitantes tiene? \u00bfQu\u00e9 extensi\u00f3n? Eso y m\u00e1s te lo respondemos aqu\u00ed.","canonical_url":"https:\/\/soymigrante.com\/revista\/departamentos-de-guatemala-huehuetenango-la-tierra-de-kaibil-balam-tesoro-cultural-y-natural\/","robots":"max-snippet:-1, max-image-preview:large, max-video-preview:-1","keywords":"","webmasterTools":{"miscellaneous":"&lt;link rel=\"preconnect\" href=\"https:\/\/fonts.googleapis.com\" crossorigin&gt;\n&lt;link rel=\"preconnect\" href=\"https:\/\/fonts.gstatic.com\" crossorigin&gt;"},"schema":null,"og:locale":"es_ES","og:site_name":"SoyMigrante.com REVISTA \u2013 Nuestra misi\u00f3n es reconocer y dignificar al migrante.","og:type":"article","og:title":"\u00bfEs Huehuetenango el departamento m\u00e1s poblado de Guatemala?","og:description":"Es la tierra de Kaibil Balam, valiente guerrero mam, lugar de riqueza cultural y natural. \u00bfCu\u00e1ntos habitantes tiene? \u00bfQu\u00e9 extensi\u00f3n? Eso y m\u00e1s te lo respondemos aqu\u00ed.","og:url":"https:\/\/soymigrante.com\/revista\/departamentos-de-guatemala-huehuetenango-la-tierra-de-kaibil-balam-tesoro-cultural-y-natural\/","og:image":"https:\/\/soymigrante.com\/revista\/wp-content\/uploads\/2025\/01\/Huehuetenango-3.webp","og:image:secure_url":"https:\/\/soymigrante.com\/revista\/wp-content\/uploads\/2025\/01\/Huehuetenango-3.webp","og:image:width":700,"og:image:height":432,"article:published_time":"2025-01-15T12:00:00+00:00","article:modified_time":"2025-03-04T18:31:43+00:00","article:publisher":"https:\/\/www.facebook.com\/soymigrantecom","twitter:card":"summary_large_image","twitter:site":"@SoyMigrante_com","twitter:title":"\u00bfEs Huehuetenango el departamento m\u00e1s poblado de Guatemala?","twitter:description":"Es la tierra de Kaibil Balam, valiente guerrero mam, lugar de riqueza cultural y natural. \u00bfCu\u00e1ntos habitantes tiene? \u00bfQu\u00e9 extensi\u00f3n? Eso y m\u00e1s te lo respondemos aqu\u00ed.","twitter:creator":"@SoyMigrante_com","twitter:image":"https:\/\/soymigrante.com\/revista\/wp-content\/uploads\/2025\/01\/Huehuetenango-3.webp"},"aioseo_meta_data":{"post_id":"40104","title":"Mirador Di\u00e9guez Olaverri: m\u00e1gico balc\u00f3n de Huehuetenango","description":"Nunca es dos veces igual el paisaje desde el famoso Mirador Di\u00e9guez Olaverri, en la ruta de Chiantla a Todos Santos Cuchumat\u00e1n","keywords":null,"keyphrases":{"focus":{"keyphrase":"Mirador Di\u00e9guez Olaverri","score":60,"analysis":{"keyphraseInTitle":{"score":9,"maxScore":9,"error":0},"keyphraseInDescription":{"score":9,"maxScore":9,"error":0},"keyphraseLength":{"score":9,"maxScore":9,"error":0,"length":4},"keyphraseInURL":{"score":5,"maxScore":5,"error":0},"keyphraseInIntroduction":{"score":3,"maxScore":9,"error":1},"keyphraseInSubHeadings":{"score":3,"maxScore":9,"error":1},"keyphraseInImageAlt":{"score":3,"maxScore":9,"error":1},"keywordDensity":{"score":0,"type":"low","maxScore":9,"error":1}}},"additional":[{"keyphrase":"Cuchumatanes","score":53,"analysis":{"keyphraseInDescription":{"score":3,"maxScore":9,"error":1},"keyphraseLength":{"score":9,"maxScore":9,"error":0,"length":1},"keyphraseInIntroduction":{"score":9,"maxScore":9,"error":0},"keyphraseInImageAlt":{"score":3,"maxScore":9,"error":1},"keywordDensity":{"score":0,"type":"low","maxScore":9,"error":1}}}]},"primary_term":null,"canonical_url":null,"og_title":null,"og_description":null,"og_object_type":"default","og_image_type":"default","og_image_url":null,"og_image_width":null,"og_image_height":null,"og_image_custom_url":null,"og_image_custom_fields":null,"og_video":"","og_custom_url":null,"og_article_section":null,"og_article_tags":null,"twitter_use_og":false,"twitter_card":"default","twitter_image_type":"default","twitter_image_url":null,"twitter_image_custom_url":null,"twitter_image_custom_fields":null,"twitter_title":null,"twitter_description":null,"schema":{"blockGraphs":[],"customGraphs":[],"default":{"data":{"Article":[],"Course":[],"Dataset":[],"FAQPage":[],"Movie":[],"Person":[],"Product":[],"ProductReview":[],"Car":[],"Recipe":[],"Service":[],"SoftwareApplication":[],"WebPage":[]},"graphName":"none","isEnabled":true},"graphs":[]},"schema_type":"default","schema_type_options":null,"pillar_content":false,"robots_default":true,"robots_noindex":false,"robots_noarchive":false,"robots_nosnippet":false,"robots_nofollow":false,"robots_noimageindex":false,"robots_noodp":false,"robots_notranslate":false,"robots_max_snippet":"-1","robots_max_videopreview":"-1","robots_max_imagepreview":"large","priority":null,"frequency":"default","local_seo":null,"seo_analyzer_scan_date":"2025-10-09 07:15:49","breadcrumb_settings":null,"limit_modified_date":false,"reviewed_by":"0","open_ai":null,"ai":{"faqs":[],"keyPoints":[],"titles":[],"descriptions":[],"socialPosts":{"email":[],"linkedin":[],"twitter":[],"facebook":[],"instagram":[]}},"created":"2025-07-22 19:54:56","updated":"2026-02-05 03:19:15"},"aioseo_breadcrumb":"<div class=\"aioseo-breadcrumbs\"><span class=\"aioseo-breadcrumb\">\n\t<a href=\"https:\/\/soymigrante.com\/revista\" title=\"Home\">Home<\/a>\n<\/span><span class=\"aioseo-breadcrumb-separator\">\u00bb<\/span><span class=\"aioseo-breadcrumb\">\n\t<a href=\"https:\/\/soymigrante.com\/revista\/category\/guate-nuestra\/\" title=\"Guate Nuestra\">Guate Nuestra<\/a>\n<\/span><span class=\"aioseo-breadcrumb-separator\">\u00bb<\/span><span class=\"aioseo-breadcrumb\">\n\tMirador Di\u00e9guez Olaverri: el m\u00e1s magico balc\u00f3n de Huehuetenango y los Cuchumatanes\n<\/span><\/div>","aioseo_breadcrumb_json":[{"label":"Home","link":"https:\/\/soymigrante.com\/revista"},{"label":"Guate Nuestra","link":"https:\/\/soymigrante.com\/revista\/category\/guate-nuestra\/"},{"label":"Mirador Di\u00e9guez Olaverri: el m\u00e1s magico balc\u00f3n de Huehuetenango y los Cuchumatanes","link":"https:\/\/soymigrante.com\/revista\/mirador-dieguez-olaverri-el-mas-magico-balcon-de-huehuetenango-y-los-cuchumatanes\/"}],"_links":{"self":[{"href":"https:\/\/soymigrante.com\/revista\/wp-json\/wp\/v2\/posts\/40104","targetHints":{"allow":["GET"]}}],"collection":[{"href":"https:\/\/soymigrante.com\/revista\/wp-json\/wp\/v2\/posts"}],"about":[{"href":"https:\/\/soymigrante.com\/revista\/wp-json\/wp\/v2\/types\/post"}],"author":[{"embeddable":true,"href":"https:\/\/soymigrante.com\/revista\/wp-json\/wp\/v2\/users\/19"}],"replies":[{"embeddable":true,"href":"https:\/\/soymigrante.com\/revista\/wp-json\/wp\/v2\/comments?post=40104"}],"version-history":[{"count":8,"href":"https:\/\/soymigrante.com\/revista\/wp-json\/wp\/v2\/posts\/40104\/revisions"}],"predecessor-version":[{"id":40597,"href":"https:\/\/soymigrante.com\/revista\/wp-json\/wp\/v2\/posts\/40104\/revisions\/40597"}],"wp:featuredmedia":[{"embeddable":true,"href":"https:\/\/soymigrante.com\/revista\/wp-json\/wp\/v2\/media\/40105"}],"wp:attachment":[{"href":"https:\/\/soymigrante.com\/revista\/wp-json\/wp\/v2\/media?parent=40104"}],"wp:term":[{"taxonomy":"category","embeddable":true,"href":"https:\/\/soymigrante.com\/revista\/wp-json\/wp\/v2\/categories?post=40104"},{"taxonomy":"post_tag","embeddable":true,"href":"https:\/\/soymigrante.com\/revista\/wp-json\/wp\/v2\/tags?post=40104"}],"curies":[{"name":"wp","href":"https:\/\/api.w.org\/{rel}","templated":true}]}}