{"id":4009,"date":"2023-12-26T17:46:15","date_gmt":"2023-12-26T23:46:15","guid":{"rendered":"https:\/\/soymigrante.com\/revista\/?p=4009"},"modified":"2024-11-01T09:02:00","modified_gmt":"2024-11-01T15:02:00","slug":"migrante-guatemalteco-houston-visita-tierra-familia-fin-de-ano","status":"publish","type":"post","link":"https:\/\/soymigrante.com\/revista\/migrante-guatemalteco-houston-visita-tierra-familia-fin-de-ano\/","title":{"rendered":"De la ausencia al abrazo: Cr\u00f3nica de una anhelada visita migrante a Guatemala"},"content":{"rendered":"\t\t<div data-elementor-type=\"wp-post\" data-elementor-id=\"4009\" class=\"elementor elementor-4009\" data-elementor-post-type=\"post\">\n\t\t\t\t\t\t<section data-particle_enable=\"false\" data-particle-mobile-disabled=\"false\" class=\"elementor-section elementor-top-section elementor-element elementor-element-bce3c89 elementor-section-boxed elementor-section-height-default elementor-section-height-default\" data-id=\"bce3c89\" data-element_type=\"section\" data-e-type=\"section\">\n\t\t\t\t\t\t<div class=\"elementor-container elementor-column-gap-default\">\n\t\t\t\t\t<div class=\"elementor-column elementor-col-100 elementor-top-column elementor-element elementor-element-ac7a158\" data-id=\"ac7a158\" data-element_type=\"column\" data-e-type=\"column\">\n\t\t\t<div class=\"elementor-widget-wrap elementor-element-populated\">\n\t\t\t\t\t\t<div class=\"elementor-element elementor-element-82784eb elementor-widget elementor-widget-heading\" data-id=\"82784eb\" data-element_type=\"widget\" data-e-type=\"widget\" data-widget_type=\"heading.default\">\n\t\t\t\t\t<h1 class=\"elementor-heading-title elementor-size-default\">Entre las sombras de la memoria y los ecos lejanos de un pasado dif\u00edcil pero a\u00f1orado, Federico Marcos regres\u00f3 a visitar su tierra natal y su gente: un viaje en el que construye nuevos recuerdos que se llevar\u00e1 en el coraz\u00f3n  a Estados Unidos.<\/h1>\t\t\t\t<\/div>\n\t\t\t\t\t<\/div>\n\t\t<\/div>\n\t\t\t\t\t<\/div>\n\t\t<\/section>\n\t\t\t\t<section data-particle_enable=\"false\" data-particle-mobile-disabled=\"false\" class=\"elementor-section elementor-top-section elementor-element elementor-element-0bde12a elementor-section-boxed elementor-section-height-default elementor-section-height-default\" data-id=\"0bde12a\" data-element_type=\"section\" data-e-type=\"section\">\n\t\t\t\t\t\t<div class=\"elementor-container elementor-column-gap-default\">\n\t\t\t\t\t<div class=\"elementor-column elementor-col-100 elementor-top-column elementor-element elementor-element-9a8c9f7\" data-id=\"9a8c9f7\" data-element_type=\"column\" data-e-type=\"column\">\n\t\t\t<div class=\"elementor-widget-wrap elementor-element-populated\">\n\t\t\t\t\t\t<div class=\"elementor-element elementor-element-cc48071 elementor-widget elementor-widget-image\" data-id=\"cc48071\" data-element_type=\"widget\" data-e-type=\"widget\" data-widget_type=\"image.default\">\n\t\t\t\t\t\t\t\t\t\t\t\t<figure class=\"wp-caption\">\n\t\t\t\t\t\t\t\t\t\t<img fetchpriority=\"high\" decoding=\"async\" width=\"600\" height=\"600\" src=\"https:\/\/soymigrante.com\/revista\/wp-content\/uploads\/2023\/12\/visita-en-costa-cuca.webp\" class=\"attachment-medium_large size-medium_large wp-image-4002\" alt=\"Federico Antonio Marcos tom\u00f3 una decisi\u00f3n hace 17 a\u00f1os migrar a Estados Unidos para construir mejores condiciones para \u00e9l y su familia. Despu\u00e9s de muchos a\u00f1os de trabajo, perseverancia y dedicaci\u00f3n tiene la residencia de ese pa\u00eds. Regresa a su querida Guatemala para disfrutar de su gente, comida, paisajes y de m\u00e1s con la compa\u00f1\u00eda de un amigo americano don Barras.\" srcset=\"https:\/\/soymigrante.com\/revista\/wp-content\/uploads\/2023\/12\/visita-en-costa-cuca.webp 600w, https:\/\/soymigrante.com\/revista\/wp-content\/uploads\/2023\/12\/visita-en-costa-cuca-300x300.webp 300w, https:\/\/soymigrante.com\/revista\/wp-content\/uploads\/2023\/12\/visita-en-costa-cuca-150x150.webp 150w, https:\/\/soymigrante.com\/revista\/wp-content\/uploads\/2023\/12\/visita-en-costa-cuca-75x75.webp 75w\" sizes=\"(max-width: 600px) 100vw, 600px\" title=\"visita en costa cuca \u2013 SoyMigrante.com REVISTA\" \/>\t\t\t\t\t\t\t\t\t\t\t<figcaption class=\"widget-image-caption wp-caption-text\">Federico Antonio Marcos tom\u00f3 una decisi\u00f3n hace 17 a\u00f1os migrar a Estados Unidos para construir mejores condiciones para \u00e9l y su familia. Despu\u00e9s de muchos a\u00f1os de trabajo, perseverancia y dedicaci\u00f3n tiene la residencia de ese pa\u00eds. Regresa a su querida Guatemala para disfrutar de su gente, comida, paisajes y de m\u00e1s con la compa\u00f1\u00eda de un amigo americano don Barras.\n<\/figcaption>\n\t\t\t\t\t\t\t\t\t\t<\/figure>\n\t\t\t\t\t\t\t\t\t<\/div>\n\t\t\t\t\t<\/div>\n\t\t<\/div>\n\t\t\t\t\t<\/div>\n\t\t<\/section>\n\t\t\t\t<section data-particle_enable=\"false\" data-particle-mobile-disabled=\"false\" class=\"elementor-section elementor-top-section elementor-element elementor-element-7c215a1 elementor-section-boxed elementor-section-height-default elementor-section-height-default\" data-id=\"7c215a1\" data-element_type=\"section\" data-e-type=\"section\">\n\t\t\t\t\t\t<div class=\"elementor-container elementor-column-gap-default\">\n\t\t\t\t\t<div class=\"elementor-column elementor-col-100 elementor-top-column elementor-element elementor-element-3d4dc4c\" data-id=\"3d4dc4c\" data-element_type=\"column\" data-e-type=\"column\">\n\t\t\t<div class=\"elementor-widget-wrap elementor-element-populated\">\n\t\t\t\t\t\t<div class=\"elementor-element elementor-element-65d830b elementor-widget elementor-widget-heading\" data-id=\"65d830b\" data-element_type=\"widget\" data-e-type=\"widget\" data-widget_type=\"heading.default\">\n\t\t\t\t\t<h2 class=\"elementor-heading-title elementor-size-default\">Un migrante que so\u00f1aba vivir un fin de a\u00f1o con familiares en Guatemala \n<\/h2>\t\t\t\t<\/div>\n\t\t\t\t\t<\/div>\n\t\t<\/div>\n\t\t\t\t\t<\/div>\n\t\t<\/section>\n\t\t\t\t<section data-particle_enable=\"false\" data-particle-mobile-disabled=\"false\" class=\"elementor-section elementor-top-section elementor-element elementor-element-2606a40 elementor-section-boxed elementor-section-height-default elementor-section-height-default\" data-id=\"2606a40\" data-element_type=\"section\" data-e-type=\"section\">\n\t\t\t\t\t\t<div class=\"elementor-container elementor-column-gap-default\">\n\t\t\t\t\t<div class=\"elementor-column elementor-col-100 elementor-top-column elementor-element elementor-element-e3eb062\" data-id=\"e3eb062\" data-element_type=\"column\" data-e-type=\"column\">\n\t\t\t<div class=\"elementor-widget-wrap elementor-element-populated\">\n\t\t\t\t\t\t<div class=\"elementor-element elementor-element-8e74e36 elementor-widget elementor-widget-text-editor\" data-id=\"8e74e36\" data-element_type=\"widget\" data-e-type=\"widget\" data-widget_type=\"text-editor.default\">\n\t\t\t\t\t\t\t\t\t<p><span style=\"font-weight: 400;\">El hogar, es punto de encuentro entre el espacio f\u00edsico y la esencia misma de nuestra identidad, se revela como el destino anhelado. Lo que un d\u00eda era imposible ahora Federico lo disfruta en compa\u00f1\u00eda de amigos y familia. No es la primera vez que Federico visita su tierra natal, pero en cada llegada crea nuevas metas y compromisos consigo mismo y su gente.<\/span><\/p>\n<p><span style=\"font-weight: 400;\">La traves\u00eda de Federico comienza esforz\u00e1ndose todos los d\u00edas. Trabajar y ahorrar se convierte en uno de sus objetivos para abrazar sus ra\u00edces. Empacar maletas y regalos para su familia en Guatemala se convierte en un sentimiento \u00fanico e inexplicable.&nbsp;<\/span><\/p>\n<p><span style=\"font-weight: 400;\">Pasar la navidad junto a su familia despu\u00e9s de muchos a\u00f1os, ha sido un sue\u00f1o. Esta es la segunda navidad en Guatemala. La planificaci\u00f3n, los costos y dem\u00e1s se van acomodando justo al tiempo.&nbsp; El cansancio se desvanece desde que el avi\u00f3n toca la tierra de la eterna primavera. Son los sonidos, la comida y el ambiente donde los sentimientos se entrelazan y el coraz\u00f3n palpita sin parar de la emoci\u00f3n.<\/span><\/p>\n<p><span style=\"font-weight: 400;\">La traves\u00eda de su viaje no termina ah\u00ed, son otras horas m\u00e1s para reencontrarse con su familia en el municipio de San Francisco el Alto Totonicap\u00e1n y familiares en Colomba Costa Cuca, Quetzaltenango de donde Federico es originario. En el camino duerme poco, porque trata de disfrutar de los paisajes que a\u00fan se pueden observar en la parte del occidente.<\/span><\/p>\t\t\t\t\t\t\t\t<\/div>\n\t\t\t\t\t<\/div>\n\t\t<\/div>\n\t\t\t\t\t<\/div>\n\t\t<\/section>\n\t\t\t\t<section data-particle_enable=\"false\" data-particle-mobile-disabled=\"false\" class=\"elementor-section elementor-top-section elementor-element elementor-element-37203f5 elementor-section-boxed elementor-section-height-default elementor-section-height-default\" data-id=\"37203f5\" data-element_type=\"section\" data-e-type=\"section\">\n\t\t\t\t\t\t<div class=\"elementor-container elementor-column-gap-default\">\n\t\t\t\t\t<div class=\"elementor-column elementor-col-100 elementor-top-column elementor-element elementor-element-7a77ddb\" data-id=\"7a77ddb\" data-element_type=\"column\" data-e-type=\"column\">\n\t\t\t<div class=\"elementor-widget-wrap elementor-element-populated\">\n\t\t\t\t\t\t<div class=\"elementor-element elementor-element-6a34df2 elementor-widget elementor-widget-image\" data-id=\"6a34df2\" data-element_type=\"widget\" data-e-type=\"widget\" data-widget_type=\"image.default\">\n\t\t\t\t\t\t\t\t\t\t\t\t<figure class=\"wp-caption\">\n\t\t\t\t\t\t\t\t\t\t<img decoding=\"async\" width=\"600\" height=\"600\" src=\"https:\/\/soymigrante.com\/revista\/wp-content\/uploads\/2023\/12\/de-camino.webp\" class=\"attachment-medium_large size-medium_large wp-image-3994\" alt=\"La primera parada fue en San Francisco el Alto Totonicap\u00e1n\" srcset=\"https:\/\/soymigrante.com\/revista\/wp-content\/uploads\/2023\/12\/de-camino.webp 600w, https:\/\/soymigrante.com\/revista\/wp-content\/uploads\/2023\/12\/de-camino-300x300.webp 300w, https:\/\/soymigrante.com\/revista\/wp-content\/uploads\/2023\/12\/de-camino-150x150.webp 150w, https:\/\/soymigrante.com\/revista\/wp-content\/uploads\/2023\/12\/de-camino-75x75.webp 75w\" sizes=\"(max-width: 600px) 100vw, 600px\" title=\"de camino \u2013 SoyMigrante.com REVISTA\" \/>\t\t\t\t\t\t\t\t\t\t\t<figcaption class=\"widget-image-caption wp-caption-text\">Camino hacia la primera parada en San Francisco el Alto Totonicap\u00e1n<\/figcaption>\n\t\t\t\t\t\t\t\t\t\t<\/figure>\n\t\t\t\t\t\t\t\t\t<\/div>\n\t\t\t\t\t<\/div>\n\t\t<\/div>\n\t\t\t\t\t<\/div>\n\t\t<\/section>\n\t\t\t\t<section data-particle_enable=\"false\" data-particle-mobile-disabled=\"false\" class=\"elementor-section elementor-top-section elementor-element elementor-element-672e6fd elementor-section-boxed elementor-section-height-default elementor-section-height-default\" data-id=\"672e6fd\" data-element_type=\"section\" data-e-type=\"section\">\n\t\t\t\t\t\t<div class=\"elementor-container elementor-column-gap-default\">\n\t\t\t\t\t<div class=\"elementor-column elementor-col-100 elementor-top-column elementor-element elementor-element-3b6bb7d\" data-id=\"3b6bb7d\" data-element_type=\"column\" data-e-type=\"column\">\n\t\t\t<div class=\"elementor-widget-wrap elementor-element-populated\">\n\t\t\t\t\t\t<div class=\"elementor-element elementor-element-273b7dc elementor-widget elementor-widget-heading\" data-id=\"273b7dc\" data-element_type=\"widget\" data-e-type=\"widget\" data-widget_type=\"heading.default\">\n\t\t\t\t\t<h2 class=\"elementor-heading-title elementor-size-default\">Tierra con monta\u00f1as de nostalgia\n<\/h2>\t\t\t\t<\/div>\n\t\t\t\t\t<\/div>\n\t\t<\/div>\n\t\t\t\t\t<\/div>\n\t\t<\/section>\n\t\t\t\t<section data-particle_enable=\"false\" data-particle-mobile-disabled=\"false\" class=\"elementor-section elementor-top-section elementor-element elementor-element-dfdaea8 elementor-section-boxed elementor-section-height-default elementor-section-height-default\" data-id=\"dfdaea8\" data-element_type=\"section\" data-e-type=\"section\">\n\t\t\t\t\t\t<div class=\"elementor-container elementor-column-gap-default\">\n\t\t\t\t\t<div class=\"elementor-column elementor-col-100 elementor-top-column elementor-element elementor-element-dcbfffb\" data-id=\"dcbfffb\" data-element_type=\"column\" data-e-type=\"column\">\n\t\t\t<div class=\"elementor-widget-wrap elementor-element-populated\">\n\t\t\t\t\t\t<div class=\"elementor-element elementor-element-70c3537 elementor-widget__width-initial elementor-widget elementor-widget-text-editor\" data-id=\"70c3537\" data-element_type=\"widget\" data-e-type=\"widget\" data-widget_type=\"text-editor.default\">\n\t\t\t\t\t\t\t\t\t<p><span style=\"font-weight: 400;\">La primera parada fue en San Francisco el Alto Totonicap\u00e1n, son los abrazos, l\u00e1grimas y alegr\u00eda que invaden el momento. Hay muchas emociones que agitan el coraz\u00f3n, pero calman el alma. Y as\u00ed inician largas conversaciones y la felicidad se queda esa noche en el hogar de Federico, claro el amigo Barras sorprendido de tanto amor y felicidad.<\/span><\/p><p><span style=\"font-weight: 400;\">El sonido de los p\u00e1jaros y el canto de los gallos sobre los techos de teja a las 6:30 de la ma\u00f1ana despiertan a Federico, qui\u00e9n durmi\u00f3 como nunca antes. El olor a caf\u00e9 y las tortillas a mano tambi\u00e9n derriten el coraz\u00f3n de Federico. Pero para el amigo americano Barras es inusual despertar de esta forma. Una forma agradable.<\/span><\/p><p><span style=\"font-weight: 400;\">Comienzan el d\u00eda con el desayuno y pl\u00e1ticas entre espa\u00f1ol, kiche e ingl\u00e9s. El plan es recorrer todos los rincones de su tierra. Pero antes se destina a llegar a Colomba Costa Cuca Quetzaltenango. El objetivo es visitar a familiares y vecinos.<\/span><\/p>\t\t\t\t\t\t\t\t<\/div>\n\t\t\t\t\t<\/div>\n\t\t<\/div>\n\t\t\t\t\t<\/div>\n\t\t<\/section>\n\t\t\t\t<section data-particle_enable=\"false\" data-particle-mobile-disabled=\"false\" class=\"elementor-section elementor-top-section elementor-element elementor-element-0987578 elementor-section-boxed elementor-section-height-default elementor-section-height-default\" data-id=\"0987578\" data-element_type=\"section\" data-e-type=\"section\">\n\t\t\t\t\t\t<div class=\"elementor-container elementor-column-gap-default\">\n\t\t\t\t\t<div class=\"elementor-column elementor-col-100 elementor-top-column elementor-element elementor-element-0d07df5\" data-id=\"0d07df5\" data-element_type=\"column\" data-e-type=\"column\">\n\t\t\t<div class=\"elementor-widget-wrap elementor-element-populated\">\n\t\t\t\t\t\t<div class=\"elementor-element elementor-element-624a5ff elementor-invisible elementor-widget elementor-widget-heading\" data-id=\"624a5ff\" data-element_type=\"widget\" data-e-type=\"widget\" data-settings=\"{&quot;_animation&quot;:&quot;zoomIn&quot;}\" data-widget_type=\"heading.default\">\n\t\t\t\t\t<h2 class=\"elementor-heading-title elementor-size-default\">As\u00ed se hizo viral Federico Marcos <\/h2>\t\t\t\t<\/div>\n\t\t\t\t\t<\/div>\n\t\t<\/div>\n\t\t\t\t\t<\/div>\n\t\t<\/section>\n\t\t\t\t<section data-particle_enable=\"false\" data-particle-mobile-disabled=\"false\" class=\"elementor-section elementor-top-section elementor-element elementor-element-15bf8e8 elementor-section-boxed elementor-section-height-default elementor-section-height-default\" data-id=\"15bf8e8\" data-element_type=\"section\" data-e-type=\"section\">\n\t\t\t\t\t\t<div class=\"elementor-container elementor-column-gap-default\">\n\t\t\t\t\t<div class=\"elementor-column elementor-col-100 elementor-top-column elementor-element elementor-element-0f4bb21\" data-id=\"0f4bb21\" data-element_type=\"column\" data-e-type=\"column\">\n\t\t\t<div class=\"elementor-widget-wrap elementor-element-populated\">\n\t\t\t\t\t\t<div class=\"elementor-element elementor-element-24e4e86 elementor-grid-eael-col-1 elementor-grid-tablet-eael-col-2 elementor-grid-mobile-eael-col-1 elementor-invisible elementor-widget elementor-widget-eael-post-grid\" data-id=\"24e4e86\" data-element_type=\"widget\" data-e-type=\"widget\" data-settings=\"{&quot;eael_post_grid_columns&quot;:&quot;eael-col-1&quot;,&quot;_animation&quot;:&quot;rotateIn&quot;,&quot;eael_post_grid_columns_tablet&quot;:&quot;eael-col-2&quot;,&quot;eael_post_grid_columns_mobile&quot;:&quot;eael-col-1&quot;}\" data-widget_type=\"eael-post-grid.default\">\n\t\t\t\t\t<div id=\"eael-post-grid-24e4e86\" class=\"eael-post-grid-container\">\n            <div class=\"eael-post-grid eael-post-appender eael-post-appender-24e4e86 eael-post-grid-style-one\" data-layout-mode=\"masonry\"><article class=\"eael-grid-post  eael-post-grid-column eael-pg-post-1780 category-exitos tags-texas\" data-id=\"1780\">\n        <div class=\"eael-grid-post-holder\">\n            <div class=\"eael-grid-post-holder-inner\"><div class=\"eael-entry-media\"><div class=\"eael-entry-overlay fade-in\"><i class=\"fas fa-long-arrow-alt-right\" aria-hidden=\"true\"><\/i><a href=\"https:\/\/soymigrante.com\/revista\/antonio-marcos-migrante-guatemalteco-atrajo-atencion-al-apoyar-a-la-seleccion-nacional\/\"><\/a><\/div><div class=\"eael-entry-thumbnail \">\n                <img decoding=\"async\" width=\"300\" height=\"207\" src=\"https:\/\/soymigrante.com\/revista\/wp-content\/uploads\/2023\/07\/una-mas-300x207.webp\" class=\"attachment-medium size-medium wp-image-1782\" alt=\"\" srcset=\"https:\/\/soymigrante.com\/revista\/wp-content\/uploads\/2023\/07\/una-mas-300x207.webp 300w, https:\/\/soymigrante.com\/revista\/wp-content\/uploads\/2023\/07\/una-mas-1024x706.webp 1024w, https:\/\/soymigrante.com\/revista\/wp-content\/uploads\/2023\/07\/una-mas-768x530.webp 768w, https:\/\/soymigrante.com\/revista\/wp-content\/uploads\/2023\/07\/una-mas-1536x1059.webp 1536w, https:\/\/soymigrante.com\/revista\/wp-content\/uploads\/2023\/07\/una-mas-750x517.webp 750w, https:\/\/soymigrante.com\/revista\/wp-content\/uploads\/2023\/07\/una-mas-1140x786.webp 1140w, https:\/\/soymigrante.com\/revista\/wp-content\/uploads\/2023\/07\/una-mas.webp 1920w\" sizes=\"(max-width: 300px) 100vw, 300px\" \/>\n            <\/div>\n        <\/div><div class=\"eael-entry-wrapper\"><header class=\"eael-entry-header\"><h2 class=\"eael-entry-title\"><a class=\"eael-grid-post-link\" href=\"https:\/\/soymigrante.com\/revista\/antonio-marcos-migrante-guatemalteco-atrajo-atencion-al-apoyar-a-la-seleccion-nacional\/\" title=\"Migrante Antonio Marcos atrajo la atenci\u00f3n en juego clave de la Selecci\u00f3n en Copa Oro: esta es su historia\">Migrante Antonio Marcos atrajo la atenci\u00f3n en juego clave de la Selecci\u00f3n en Copa Oro: esta es su historia<\/a><\/h2><\/header><div class=\"eael-entry-content\">\n                        <div class=\"eael-grid-post-excerpt\"><p>Entre miles de guatemaltecos reunidos en el juego que Guatemala gan\u00f3 3-2 a Guadalupe en New Jersey, hubo un rostro que atrajo c\u00e1maras...<\/p><a href=\"https:\/\/soymigrante.com\/revista\/antonio-marcos-migrante-guatemalteco-atrajo-atencion-al-apoyar-a-la-seleccion-nacional\/\" class=\"eael-post-elements-readmore-btn\">Leer m\u00e1s<\/a><\/div>\n                    <\/div><div class=\"eael-entry-footer\"><div class=\"eael-author-avatar\"><a href=\"https:\/\/soymigrante.com\/revista\/author\/gustavo\/\"><img alt='Gustavo Montenegro' src='https:\/\/soymigrante.com\/revista\/wp-content\/uploads\/2023\/04\/Gustavo-Montenegro-300x300.webp' srcset='https:\/\/soymigrante.com\/revista\/wp-content\/uploads\/2023\/04\/Gustavo-Montenegro-300x300.webp 300w, https:\/\/soymigrante.com\/revista\/wp-content\/uploads\/2023\/04\/Gustavo-Montenegro-150x150.webp 150w, https:\/\/soymigrante.com\/revista\/wp-content\/uploads\/2023\/04\/Gustavo-Montenegro-75x75.webp 75w, https:\/\/soymigrante.com\/revista\/wp-content\/uploads\/2023\/04\/Gustavo-Montenegro-600x600.png 600w, https:\/\/soymigrante.com\/revista\/wp-content\/uploads\/2023\/04\/Gustavo-Montenegro.webp 630w' class='avatar avatar-96 photo' height='96' width='96' \/><\/a><\/div><div class=\"eael-entry-meta\"><span class=\"eael-posted-by\"><a href=\"https:\/\/soymigrante.com\/revista\/author\/gustavo\/\" title=\"Entradas de Gustavo Montenegro\" rel=\"author\">Gustavo Montenegro<\/a><\/span><span class=\"eael-posted-on\"><time datetime=\"09\/07\/2023\">09\/07\/2023<\/time><\/span><\/div><\/div><\/div><\/div>\n        <\/div>\n    <\/article><\/div>\n            <div class=\"clearfix\"><\/div>\n        <\/div>\t\t\t\t<\/div>\n\t\t\t\t\t<\/div>\n\t\t<\/div>\n\t\t\t\t\t<\/div>\n\t\t<\/section>\n\t\t\t\t<section data-particle_enable=\"false\" data-particle-mobile-disabled=\"false\" class=\"elementor-section elementor-top-section elementor-element elementor-element-493c751 elementor-section-boxed elementor-section-height-default elementor-section-height-default\" data-id=\"493c751\" data-element_type=\"section\" data-e-type=\"section\">\n\t\t\t\t\t\t<div class=\"elementor-container elementor-column-gap-default\">\n\t\t\t\t\t<div class=\"elementor-column elementor-col-100 elementor-top-column elementor-element elementor-element-6ddd9c3\" data-id=\"6ddd9c3\" data-element_type=\"column\" data-e-type=\"column\">\n\t\t\t<div class=\"elementor-widget-wrap elementor-element-populated\">\n\t\t\t\t\t\t<div class=\"elementor-element elementor-element-bfe5430 elementor-widget elementor-widget-heading\" data-id=\"bfe5430\" data-element_type=\"widget\" data-e-type=\"widget\" data-widget_type=\"heading.default\">\n\t\t\t\t\t<h2 class=\"elementor-heading-title elementor-size-default\">M\u00e1s all\u00e1 del viaje\n<\/h2>\t\t\t\t<\/div>\n\t\t\t\t\t<\/div>\n\t\t<\/div>\n\t\t\t\t\t<\/div>\n\t\t<\/section>\n\t\t\t\t<section data-particle_enable=\"false\" data-particle-mobile-disabled=\"false\" class=\"elementor-section elementor-top-section elementor-element elementor-element-82d8fc0 elementor-section-boxed elementor-section-height-default elementor-section-height-default\" data-id=\"82d8fc0\" data-element_type=\"section\" data-e-type=\"section\">\n\t\t\t\t\t\t<div class=\"elementor-container elementor-column-gap-default\">\n\t\t\t\t\t<div class=\"elementor-column elementor-col-100 elementor-top-column elementor-element elementor-element-fa87389\" data-id=\"fa87389\" data-element_type=\"column\" data-e-type=\"column\">\n\t\t\t<div class=\"elementor-widget-wrap elementor-element-populated\">\n\t\t\t\t\t\t<div class=\"elementor-element elementor-element-99edfab elementor-widget elementor-widget-text-editor\" data-id=\"99edfab\" data-element_type=\"widget\" data-e-type=\"widget\" data-widget_type=\"text-editor.default\">\n\t\t\t\t\t\t\t\t\t<p><span style=\"font-weight: 400;\">La idea de Federico es compartir con los vecinos con un presente, pero \u00e9l tiene un dicho \u201cLo que hagas con tu mano derecha que no lo sepa tu mano izquierda\u201d, pero Barras al ver la intenci\u00f3n se sum\u00f3 a esta noble causa donde llevaron insumos de la canasta a b\u00e1sica a familias y vecinos de su tierra de origen Costa Cuca.\u00a0<\/span><\/p><p><span style=\"font-weight: 400;\">Han pasado los a\u00f1os y las necesidades en aquel lugar son varias, pero Federico llega a motivarlos y sobre todo \u00e9l realiza un compromiso consigo mismo y con la comunidad. Para en alg\u00fan futuro apoyar las necesidades. \u201cHay mucha necesidad, y pobreza, pero con algo podemos aportar\u201d.<\/span><\/p><p><span style=\"font-weight: 400;\">La visita a su natal Colomba Costa Cuca fue tambi\u00e9n disfrutar de los paisajes, la comida, las pl\u00e1ticas y la visita a varios lugares que le recuerdan su infancia. Luego de este recorrido se dirigen al municipio de San Andr\u00e9s Xecul, Totonicap\u00e1n, admirar y tomarse fotograf\u00edas en el templo cat\u00f3lico de la localidad \u201cCaracter\u00edstico por sus colores y estructura\u201d.<\/span><\/p>\t\t\t\t\t\t\t\t<\/div>\n\t\t\t\t\t<\/div>\n\t\t<\/div>\n\t\t\t\t\t<\/div>\n\t\t<\/section>\n\t\t\t\t<section data-particle_enable=\"false\" data-particle-mobile-disabled=\"false\" class=\"elementor-section elementor-top-section elementor-element elementor-element-38ea54a elementor-section-boxed elementor-section-height-default elementor-section-height-default\" data-id=\"38ea54a\" data-element_type=\"section\" data-e-type=\"section\">\n\t\t\t\t\t\t<div class=\"elementor-container elementor-column-gap-default\">\n\t\t\t\t\t<div class=\"elementor-column elementor-col-100 elementor-top-column elementor-element elementor-element-3084a14\" data-id=\"3084a14\" data-element_type=\"column\" data-e-type=\"column\">\n\t\t\t<div class=\"elementor-widget-wrap elementor-element-populated\">\n\t\t\t\t\t\t<div class=\"elementor-element elementor-element-5afd09d elementor-widget elementor-widget-heading\" data-id=\"5afd09d\" data-element_type=\"widget\" data-e-type=\"widget\" data-widget_type=\"heading.default\">\n\t\t\t\t\t<h2 class=\"elementor-heading-title elementor-size-default\">San Andr\u00e9s Xecul, Totonicap\u00e1n<\/h2>\t\t\t\t<\/div>\n\t\t\t\t\t<\/div>\n\t\t<\/div>\n\t\t\t\t\t<\/div>\n\t\t<\/section>\n\t\t\t\t<section data-particle_enable=\"false\" data-particle-mobile-disabled=\"false\" class=\"elementor-section elementor-top-section elementor-element elementor-element-9792316 elementor-section-boxed elementor-section-height-default elementor-section-height-default\" data-id=\"9792316\" data-element_type=\"section\" data-e-type=\"section\">\n\t\t\t\t\t\t<div class=\"elementor-container elementor-column-gap-default\">\n\t\t\t\t\t<div class=\"elementor-column elementor-col-100 elementor-top-column elementor-element elementor-element-1971aa7\" data-id=\"1971aa7\" data-element_type=\"column\" data-e-type=\"column\">\n\t\t\t<div class=\"elementor-widget-wrap elementor-element-populated\">\n\t\t\t\t\t\t<div class=\"elementor-element elementor-element-b4eb49a elementor-widget elementor-widget-facebook-embed\" data-id=\"b4eb49a\" data-element_type=\"widget\" data-e-type=\"widget\" data-widget_type=\"facebook-embed.default\">\n\t\t\t\t\t<div style=\"min-height: 1px\" class=\"elementor-facebook-widget fb-post\" data-href=\"https:\/\/www.facebook.com\/100008171023450\/videos\/892927869114815\" data-show-text=\"false\"><\/div>\t\t\t\t<\/div>\n\t\t\t\t\t<\/div>\n\t\t<\/div>\n\t\t\t\t\t<\/div>\n\t\t<\/section>\n\t\t\t\t<section data-particle_enable=\"false\" data-particle-mobile-disabled=\"false\" class=\"elementor-section elementor-top-section elementor-element elementor-element-7ba5ecb elementor-section-boxed elementor-section-height-default elementor-section-height-default\" data-id=\"7ba5ecb\" data-element_type=\"section\" data-e-type=\"section\">\n\t\t\t\t\t\t<div class=\"elementor-container elementor-column-gap-default\">\n\t\t\t\t\t<div class=\"elementor-column elementor-col-100 elementor-top-column elementor-element elementor-element-1e07f02\" data-id=\"1e07f02\" data-element_type=\"column\" data-e-type=\"column\">\n\t\t\t<div class=\"elementor-widget-wrap elementor-element-populated\">\n\t\t\t\t\t\t<div class=\"elementor-element elementor-element-87e2ea8 elementor-widget elementor-widget-heading\" data-id=\"87e2ea8\" data-element_type=\"widget\" data-e-type=\"widget\" data-widget_type=\"heading.default\">\n\t\t\t\t\t<h2 class=\"elementor-heading-title elementor-size-default\">En su natal Flores Costa Cuca, en el ingenio donde entreg\u00f3 caf\u00e9, de ni\u00f1o<\/h2>\t\t\t\t<\/div>\n\t\t\t\t\t<\/div>\n\t\t<\/div>\n\t\t\t\t\t<\/div>\n\t\t<\/section>\n\t\t\t\t<section data-particle_enable=\"false\" data-particle-mobile-disabled=\"false\" class=\"elementor-section elementor-top-section elementor-element elementor-element-4c3683c elementor-section-boxed elementor-section-height-default elementor-section-height-default\" data-id=\"4c3683c\" data-element_type=\"section\" data-e-type=\"section\">\n\t\t\t\t\t\t<div class=\"elementor-container elementor-column-gap-default\">\n\t\t\t\t\t<div class=\"elementor-column elementor-col-100 elementor-top-column elementor-element elementor-element-bb0c235\" data-id=\"bb0c235\" data-element_type=\"column\" data-e-type=\"column\">\n\t\t\t<div class=\"elementor-widget-wrap elementor-element-populated\">\n\t\t\t\t\t\t<div class=\"elementor-element elementor-element-87d5dc7 elementor-widget elementor-widget-facebook-embed\" data-id=\"87d5dc7\" data-element_type=\"widget\" data-e-type=\"widget\" data-widget_type=\"facebook-embed.default\">\n\t\t\t\t\t<div style=\"min-height: 1px\" class=\"elementor-facebook-widget fb-post\" data-href=\"https:\/\/www.facebook.com\/100008171023450\/videos\/385514487347847\" data-show-text=\"false\"><\/div>\t\t\t\t<\/div>\n\t\t\t\t\t<\/div>\n\t\t<\/div>\n\t\t\t\t\t<\/div>\n\t\t<\/section>\n\t\t\t\t<section data-particle_enable=\"false\" data-particle-mobile-disabled=\"false\" class=\"elementor-section elementor-top-section elementor-element elementor-element-8e0333a elementor-section-boxed elementor-section-height-default elementor-section-height-default\" data-id=\"8e0333a\" data-element_type=\"section\" data-e-type=\"section\">\n\t\t\t\t\t\t<div class=\"elementor-container elementor-column-gap-default\">\n\t\t\t\t\t<div class=\"elementor-column elementor-col-100 elementor-top-column elementor-element elementor-element-ba8e575\" data-id=\"ba8e575\" data-element_type=\"column\" data-e-type=\"column\">\n\t\t\t<div class=\"elementor-widget-wrap elementor-element-populated\">\n\t\t\t\t\t\t<div class=\"elementor-element elementor-element-f4face7 elementor-widget elementor-widget-heading\" data-id=\"f4face7\" data-element_type=\"widget\" data-e-type=\"widget\" data-widget_type=\"heading.default\">\n\t\t\t\t\t<h2 class=\"elementor-heading-title elementor-size-default\">M\u00e1s navidades en mi hogar\n<\/h2>\t\t\t\t<\/div>\n\t\t\t\t\t<\/div>\n\t\t<\/div>\n\t\t\t\t\t<\/div>\n\t\t<\/section>\n\t\t\t\t<section data-particle_enable=\"false\" data-particle-mobile-disabled=\"false\" class=\"elementor-section elementor-top-section elementor-element elementor-element-311a96e elementor-section-boxed elementor-section-height-default elementor-section-height-default\" data-id=\"311a96e\" data-element_type=\"section\" data-e-type=\"section\">\n\t\t\t\t\t\t<div class=\"elementor-container elementor-column-gap-default\">\n\t\t\t\t\t<div class=\"elementor-column elementor-col-100 elementor-top-column elementor-element elementor-element-cea1178\" data-id=\"cea1178\" data-element_type=\"column\" data-e-type=\"column\">\n\t\t\t<div class=\"elementor-widget-wrap elementor-element-populated\">\n\t\t\t\t\t\t<div class=\"elementor-element elementor-element-11fad59 elementor-widget elementor-widget-text-editor\" data-id=\"11fad59\" data-element_type=\"widget\" data-e-type=\"widget\" data-widget_type=\"text-editor.default\">\n\t\t\t\t\t\t\t\t\t<p><span style=\"font-weight: 400;\">Han sido pocos d\u00edas, pero han disfrutado mucho del pa\u00eds, Federico cumple el sue\u00f1o de disfrutar su tierra natal y su amigo Barras est\u00e1 admirado y asombrado de gran riqueza cultural. Pero la esencia de su visita es pasar la media noche con su familia el 24 de diciembre.\u00a0<\/span><\/p><p><span style=\"font-weight: 400;\">Recuerdos, amor y alegr\u00eda acompa\u00f1aron esa noche del 24 de diciembre \u201cPrimero agradecer a Dios por esta oportunidad\u201d recibi\u00f3 la navidad junto a sus hijos, amigos y familiares un momento \u00fanico y emotivo para Federico. Arrodillado agradeci\u00f3 la vida y el momento. Los paches, el caf\u00e9, las uvas, las galletas tambi\u00e9n acompa\u00f1aron la mesa del migrante guatemalteco.\u00a0<\/span><\/p><p><span style=\"font-weight: 400;\">No falt\u00f3 las bombas de colores, los cuetes y las estrellitas, tambi\u00e9n el respectivo aperitivo, una noche m\u00e1gica e inolvidable para Federico y sobre todo el amigo Barras. \u201cEs mi segunda navidad y es realmente emocionante\u201d.<\/span><\/p><p><span style=\"font-weight: 400;\">Luego de esta gran convivencia se han dirigido a recorrer grandes sitios como el municipio y departamento de Totonicap\u00e1n, disfrutaron de las actividades del 25 de diciembre observando el convite navide\u00f1o y delectarse con la comida local. Su paso tambi\u00e9n est\u00e1 por el hermoso lago en Panajachel, Solol\u00e1, Guatemala y otros lugares de Guatemala.<\/span><\/p>\t\t\t\t\t\t\t\t<\/div>\n\t\t\t\t\t<\/div>\n\t\t<\/div>\n\t\t\t\t\t<\/div>\n\t\t<\/section>\n\t\t\t\t<section data-particle_enable=\"false\" data-particle-mobile-disabled=\"false\" class=\"elementor-section elementor-top-section elementor-element elementor-element-252805b elementor-section-boxed elementor-section-height-default elementor-section-height-default\" data-id=\"252805b\" data-element_type=\"section\" data-e-type=\"section\">\n\t\t\t\t\t\t<div class=\"elementor-container elementor-column-gap-default\">\n\t\t\t\t\t<div class=\"elementor-column elementor-col-100 elementor-top-column elementor-element elementor-element-968bbe1\" data-id=\"968bbe1\" data-element_type=\"column\" data-e-type=\"column\">\n\t\t\t<div class=\"elementor-widget-wrap elementor-element-populated\">\n\t\t\t\t\t\t<div class=\"elementor-element elementor-element-9c478e4 elementor-widget elementor-widget-heading\" data-id=\"9c478e4\" data-element_type=\"widget\" data-e-type=\"widget\" data-widget_type=\"heading.default\">\n\t\t\t\t\t<h1 class=\"elementor-heading-title elementor-size-default\">\u201cPaisanos un fuerte abrazo. Yo pase\u00a0 muchas navidades solo y me recuerdo que no fue f\u00e1cil\u201d<\/h1>\t\t\t\t<\/div>\n\t\t\t\t\t<\/div>\n\t\t<\/div>\n\t\t\t\t\t<\/div>\n\t\t<\/section>\n\t\t\t\t<section data-particle_enable=\"false\" data-particle-mobile-disabled=\"false\" class=\"elementor-section elementor-top-section elementor-element elementor-element-f7694e5 elementor-section-boxed elementor-section-height-default elementor-section-height-default\" data-id=\"f7694e5\" data-element_type=\"section\" data-e-type=\"section\">\n\t\t\t\t\t\t<div class=\"elementor-container elementor-column-gap-default\">\n\t\t\t\t\t<div class=\"elementor-column elementor-col-100 elementor-top-column elementor-element elementor-element-a28aeae\" data-id=\"a28aeae\" data-element_type=\"column\" data-e-type=\"column\">\n\t\t\t<div class=\"elementor-widget-wrap elementor-element-populated\">\n\t\t\t\t\t\t<div class=\"elementor-element elementor-element-db4640a elementor-arrows-position-inside elementor-pagination-position-outside elementor-widget elementor-widget-image-carousel\" data-id=\"db4640a\" data-element_type=\"widget\" data-e-type=\"widget\" data-settings=\"{&quot;slides_to_show&quot;:&quot;1&quot;,&quot;navigation&quot;:&quot;both&quot;,&quot;autoplay&quot;:&quot;yes&quot;,&quot;pause_on_hover&quot;:&quot;yes&quot;,&quot;pause_on_interaction&quot;:&quot;yes&quot;,&quot;autoplay_speed&quot;:5000,&quot;infinite&quot;:&quot;yes&quot;,&quot;effect&quot;:&quot;slide&quot;,&quot;speed&quot;:500}\" data-widget_type=\"image-carousel.default\">\n\t\t\t\t\t\t\t<div class=\"elementor-image-carousel-wrapper swiper\" role=\"region\" aria-roledescription=\"carousel\" aria-label=\"Carrusel de im\u00e1genes\" dir=\"ltr\">\n\t\t\t<div class=\"elementor-image-carousel swiper-wrapper\" aria-live=\"off\">\n\t\t\t\t\t\t\t\t<div class=\"swiper-slide\" role=\"group\" aria-roledescription=\"slide\" aria-label=\"1 de 6\"><figure class=\"swiper-slide-inner\"><img decoding=\"async\" class=\"swiper-slide-image\" src=\"https:\/\/soymigrante.com\/revista\/wp-content\/uploads\/2023\/12\/totonicapan.webp\" alt=\"Disfrutando en Totonicap\u00e1n\" \/><figcaption class=\"elementor-image-carousel-caption\">Disfrutando en Totonicap\u00e1n<\/figcaption><\/figure><\/div><div class=\"swiper-slide\" role=\"group\" aria-roledescription=\"slide\" aria-label=\"2 de 6\"><figure class=\"swiper-slide-inner\"><img decoding=\"async\" class=\"swiper-slide-image\" src=\"https:\/\/soymigrante.com\/revista\/wp-content\/uploads\/2023\/12\/convites-en-totonicapan.webp\" alt=\"Entre recuerdos y las sombras de la memoria, los ecos lejanos de un pasado a\u00f1orado, Federico regres\u00f3 moment\u00e1neamente a su hogar para disfrutar de las ra\u00edces de su gente y su tierra natal.\" \/><figcaption class=\"elementor-image-carousel-caption\">Federico Marcos es migrante guatemalteco visit\u00f3  Totonicap\u00e1n en la presentaci\u00f3n del convite navide\u00f1o edici\u00f3n 2023<\/figcaption><\/figure><\/div><div class=\"swiper-slide\" role=\"group\" aria-roledescription=\"slide\" aria-label=\"3 de 6\"><figure class=\"swiper-slide-inner\"><img decoding=\"async\" class=\"swiper-slide-image\" src=\"https:\/\/soymigrante.com\/revista\/wp-content\/uploads\/2023\/12\/Federico-y-su-amigo-americano.webp\" alt=\"Federico junto a su amigo Barras en Colomba Costa Cuca\" \/><figcaption class=\"elementor-image-carousel-caption\">Federico junto a su amigo Barras en Colomba Costa Cuca<\/figcaption><\/figure><\/div><div class=\"swiper-slide\" role=\"group\" aria-roledescription=\"slide\" aria-label=\"4 de 6\"><figure class=\"swiper-slide-inner\"><img decoding=\"async\" class=\"swiper-slide-image\" src=\"https:\/\/soymigrante.com\/revista\/wp-content\/uploads\/2023\/12\/de-visita.webp\" alt=\"Con su familia en Colomba costa cuca\" \/><figcaption class=\"elementor-image-carousel-caption\">Con su familia en Colomba costa cuca <\/figcaption><\/figure><\/div><div class=\"swiper-slide\" role=\"group\" aria-roledescription=\"slide\" aria-label=\"5 de 6\"><figure class=\"swiper-slide-inner\"><img decoding=\"async\" class=\"swiper-slide-image\" src=\"https:\/\/soymigrante.com\/revista\/wp-content\/uploads\/2023\/12\/visita.webp\" alt=\"Amistad y alegr\u00eda en cada traves\u00eda por Guatemala\" \/><figcaption class=\"elementor-image-carousel-caption\">Amistad y alegr\u00eda en cada traves\u00eda por Guatemala <\/figcaption><\/figure><\/div><div class=\"swiper-slide\" role=\"group\" aria-roledescription=\"slide\" aria-label=\"6 de 6\"><figure class=\"swiper-slide-inner\"><img decoding=\"async\" class=\"swiper-slide-image\" src=\"https:\/\/soymigrante.com\/revista\/wp-content\/uploads\/2023\/12\/visita-en-su-tierra-natal.webp\" alt=\"visita en su tierra natal\" \/><figcaption class=\"elementor-image-carousel-caption\">visita en su tierra natal<\/figcaption><\/figure><\/div>\t\t\t<\/div>\n\t\t\t\t\t\t\t\t\t\t\t\t<div class=\"elementor-swiper-button elementor-swiper-button-prev\" role=\"button\" tabindex=\"0\">\n\t\t\t\t\t\t<i aria-hidden=\"true\" class=\"eicon-chevron-left\"><\/i>\t\t\t\t\t<\/div>\n\t\t\t\t\t<div class=\"elementor-swiper-button elementor-swiper-button-next\" role=\"button\" tabindex=\"0\">\n\t\t\t\t\t\t<i aria-hidden=\"true\" class=\"eicon-chevron-right\"><\/i>\t\t\t\t\t<\/div>\n\t\t\t\t\n\t\t\t\t\t\t\t\t\t<div class=\"swiper-pagination\"><\/div>\n\t\t\t\t\t\t\t\t\t<\/div>\n\t\t\t\t\t\t<\/div>\n\t\t\t\t\t<\/div>\n\t\t<\/div>\n\t\t\t\t\t<\/div>\n\t\t<\/section>\n\t\t\t\t<section data-particle_enable=\"false\" data-particle-mobile-disabled=\"false\" class=\"elementor-section elementor-top-section elementor-element elementor-element-bc26113 elementor-section-boxed elementor-section-height-default elementor-section-height-default\" data-id=\"bc26113\" data-element_type=\"section\" data-e-type=\"section\">\n\t\t\t\t\t\t<div class=\"elementor-container elementor-column-gap-default\">\n\t\t\t\t\t<div class=\"elementor-column elementor-col-100 elementor-top-column elementor-element elementor-element-39fb69b\" data-id=\"39fb69b\" data-element_type=\"column\" data-e-type=\"column\">\n\t\t\t<div class=\"elementor-widget-wrap elementor-element-populated\">\n\t\t\t\t\t\t<div class=\"elementor-element elementor-element-0f7d8a6 elementor-widget elementor-widget-text-editor\" data-id=\"0f7d8a6\" data-element_type=\"widget\" data-e-type=\"widget\" data-widget_type=\"text-editor.default\">\n\t\t\t\t\t\t\t\t\t<p><span style=\"font-weight: 400;\">Los d\u00edas han pasado r\u00e1pido y la emoci\u00f3n a\u00fan contin\u00faa, pero ya es hora de volver a Estados Unidos. Es doloroso empacar y guardar grandes recuerdos, pero las amistades y nuevos amigos se llevan en el alma y coraz\u00f3n del migrante guatemalteco Federico.<\/span><\/p><p><span style=\"font-weight: 400;\">Este es el testimonio de una traves\u00eda marcada por la a\u00f1oranza, la anticipaci\u00f3n y la complejidad de reconectar con los lugares que una vez se consideraron familiares.<\/span><\/p>\t\t\t\t\t\t\t\t<\/div>\n\t\t\t\t\t<\/div>\n\t\t<\/div>\n\t\t\t\t\t<\/div>\n\t\t<\/section>\n\t\t\t\t<section data-particle_enable=\"false\" data-particle-mobile-disabled=\"false\" class=\"elementor-section elementor-top-section elementor-element elementor-element-ca2493f elementor-section-boxed elementor-section-height-default elementor-section-height-default\" data-id=\"ca2493f\" data-element_type=\"section\" data-e-type=\"section\">\n\t\t\t\t\t\t<div class=\"elementor-container elementor-column-gap-default\">\n\t\t\t\t\t<div class=\"elementor-column elementor-col-100 elementor-top-column elementor-element elementor-element-fe277ae\" data-id=\"fe277ae\" data-element_type=\"column\" data-e-type=\"column\">\n\t\t\t<div class=\"elementor-widget-wrap elementor-element-populated\">\n\t\t\t\t\t\t<div class=\"elementor-element elementor-element-1c85723 elementor-widget elementor-widget-heading\" data-id=\"1c85723\" data-element_type=\"widget\" data-e-type=\"widget\" data-widget_type=\"heading.default\">\n\t\t\t\t\t<h2 class=\"elementor-heading-title elementor-size-default\">En el convite de Navidad en Totonicap\u00e1n<\/h2>\t\t\t\t<\/div>\n\t\t\t\t\t<\/div>\n\t\t<\/div>\n\t\t\t\t\t<\/div>\n\t\t<\/section>\n\t\t\t\t<section data-particle_enable=\"false\" data-particle-mobile-disabled=\"false\" class=\"elementor-section elementor-top-section elementor-element elementor-element-41681d3 elementor-section-boxed elementor-section-height-default elementor-section-height-default\" data-id=\"41681d3\" data-element_type=\"section\" data-e-type=\"section\">\n\t\t\t\t\t\t<div class=\"elementor-container elementor-column-gap-default\">\n\t\t\t\t\t<div class=\"elementor-column elementor-col-100 elementor-top-column elementor-element elementor-element-e384457\" data-id=\"e384457\" data-element_type=\"column\" data-e-type=\"column\">\n\t\t\t<div class=\"elementor-widget-wrap elementor-element-populated\">\n\t\t\t\t\t\t<div class=\"elementor-element elementor-element-1a72631 elementor-widget elementor-widget-facebook-embed\" data-id=\"1a72631\" data-element_type=\"widget\" data-e-type=\"widget\" data-widget_type=\"facebook-embed.default\">\n\t\t\t\t\t<div style=\"min-height: 1px\" class=\"elementor-facebook-widget fb-post\" data-href=\"https:\/\/www.facebook.com\/100008171023450\/videos\/390768816785426\" data-show-text=\"false\"><\/div>\t\t\t\t<\/div>\n\t\t\t\t\t<\/div>\n\t\t<\/div>\n\t\t\t\t\t<\/div>\n\t\t<\/section>\n\t\t\t\t<section data-particle_enable=\"false\" data-particle-mobile-disabled=\"false\" class=\"elementor-section elementor-top-section elementor-element elementor-element-3133050 elementor-section-boxed elementor-section-height-default elementor-section-height-default\" data-id=\"3133050\" data-element_type=\"section\" data-e-type=\"section\">\n\t\t\t\t\t\t<div class=\"elementor-container elementor-column-gap-default\">\n\t\t\t\t\t<div class=\"elementor-column elementor-col-100 elementor-top-column elementor-element elementor-element-48a4066\" data-id=\"48a4066\" data-element_type=\"column\" data-e-type=\"column\">\n\t\t\t<div class=\"elementor-widget-wrap elementor-element-populated\">\n\t\t\t\t\t\t<div class=\"elementor-element elementor-element-d8df9ef elementor-testimonial--skin-default elementor-testimonial--layout-image_inline elementor-testimonial--align-center elementor-arrows-yes elementor-pagination-type-bullets elementor-widget elementor-widget-testimonial-carousel\" data-id=\"d8df9ef\" data-element_type=\"widget\" data-e-type=\"widget\" data-settings=\"{&quot;show_arrows&quot;:&quot;yes&quot;,&quot;pagination&quot;:&quot;bullets&quot;,&quot;speed&quot;:500,&quot;autoplay&quot;:&quot;yes&quot;,&quot;autoplay_speed&quot;:5000,&quot;loop&quot;:&quot;yes&quot;,&quot;pause_on_hover&quot;:&quot;yes&quot;,&quot;pause_on_interaction&quot;:&quot;yes&quot;,&quot;space_between&quot;:{&quot;unit&quot;:&quot;px&quot;,&quot;size&quot;:10,&quot;sizes&quot;:[]},&quot;space_between_tablet&quot;:{&quot;unit&quot;:&quot;px&quot;,&quot;size&quot;:10,&quot;sizes&quot;:[]},&quot;space_between_mobile&quot;:{&quot;unit&quot;:&quot;px&quot;,&quot;size&quot;:10,&quot;sizes&quot;:[]}}\" data-widget_type=\"testimonial-carousel.default\">\n\t\t\t\t\t\t\t\t\t\t<div class=\"elementor-main-swiper swiper\" role=\"region\" aria-roledescription=\"carousel\" aria-label=\"Diapositivas\">\n\t\t\t\t<div class=\"swiper-wrapper\">\n\t\t\t\t\t\t\t\t\t\t\t<div class=\"swiper-slide\" role=\"group\" aria-roledescription=\"slide\">\n\t\t\t\t\t\t\t\t\t<div class=\"elementor-testimonial\">\n\t\t\t\t\t\t\t<div class=\"elementor-testimonial__content\">\n\t\t\t\t\t<div class=\"elementor-testimonial__text\">\n\t\t\t\t\t\t\u201cSe que hay muchas necesidades. Hay dos cosas: el dinero o la familia, entonces tenemos que meditar antes de tomar una decisi\u00f3n de migrar, entiendo que es dif\u00edcil, pero hay algo m\u00e1s que el dinero. Si tenemos la oportunidad de ayudar pues apoyemos, por misericordia de Dios nos ha permitido estar ac\u00e1\u201d.\n\t\t\t\t\t<\/div>\n\t\t\t\t\t\t\t\t\t<\/div>\n\t\t\t\t\t\t<div class=\"elementor-testimonial__footer\">\n\t\t\t\t\t\t\t\t\t<div class=\"elementor-testimonial__image\">\n\t\t\t\t\t\t<img decoding=\"async\" src=\"https:\/\/soymigrante.com\/revista\/wp-content\/uploads\/2023\/12\/visita-en-costa-cuca.webp\" alt=\"Federico Antonio Marcos tom\u00f3 una decisi\u00f3n hace 17 a\u00f1os migrar a Estados Unidos para construir mejores condiciones para \u00e9l y su familia. Despu\u00e9s de muchos a\u00f1os de trabajo, perseverancia y dedicaci\u00f3n tiene la residencia de ese pa\u00eds. Regresa a su querida Guatemala para disfrutar de su gente, comida, paisajes y de m\u00e1s con la compa\u00f1\u00eda de un amigo americano don Barras.\">\n\t\t\t\t\t\t\t\t\t\t\t<\/div>\n\t\t\t\t\t\t\t\t<cite class=\"elementor-testimonial__cite\"><span class=\"elementor-testimonial__name\">Federico Antonio Marcos<\/span><span class=\"elementor-testimonial__title\">Migrante Guatemalteco<\/span><\/cite>\t\t\t<\/div>\n\t\t<\/div>\n\t\t\t\t\t\t\t\t<\/div>\n\t\t\t\t\t\t\t\t\t<\/div>\n\t\t\t\t\t\t\t<\/div>\n\t\t\t\t\t\t\t\t<\/div>\n\t\t\t\t\t<\/div>\n\t\t<\/div>\n\t\t\t\t\t<\/div>\n\t\t<\/section>\n\t\t\t\t<section data-particle_enable=\"false\" data-particle-mobile-disabled=\"false\" class=\"elementor-section elementor-top-section elementor-element elementor-element-f04b313 elementor-section-boxed elementor-section-height-default elementor-section-height-default\" data-id=\"f04b313\" data-element_type=\"section\" data-e-type=\"section\">\n\t\t\t\t\t\t<div class=\"elementor-container elementor-column-gap-default\">\n\t\t\t\t\t<div class=\"elementor-column elementor-col-100 elementor-top-column elementor-element elementor-element-b913172\" data-id=\"b913172\" data-element_type=\"column\" data-e-type=\"column\">\n\t\t\t<div class=\"elementor-widget-wrap elementor-element-populated\">\n\t\t\t\t\t\t<div class=\"elementor-element elementor-element-2b29ea0 elementor-widget elementor-widget-heading\" data-id=\"2b29ea0\" data-element_type=\"widget\" data-e-type=\"widget\" data-widget_type=\"heading.default\">\n\t\t\t\t\t<h2 class=\"elementor-heading-title elementor-size-default\">Descubre, Imagina, Lee:<\/h2>\t\t\t\t<\/div>\n\t\t\t\t\t<\/div>\n\t\t<\/div>\n\t\t\t\t\t<\/div>\n\t\t<\/section>\n\t\t\t\t<section data-particle_enable=\"false\" data-particle-mobile-disabled=\"false\" class=\"elementor-section elementor-top-section elementor-element elementor-element-6420341 elementor-section-boxed elementor-section-height-default elementor-section-height-default\" data-id=\"6420341\" data-element_type=\"section\" data-e-type=\"section\">\n\t\t\t\t\t\t<div class=\"elementor-container elementor-column-gap-default\">\n\t\t\t\t\t<div class=\"elementor-column elementor-col-100 elementor-top-column elementor-element elementor-element-fb035de\" data-id=\"fb035de\" data-element_type=\"column\" data-e-type=\"column\">\n\t\t\t<div class=\"elementor-widget-wrap elementor-element-populated\">\n\t\t\t\t\t\t<div class=\"elementor-element elementor-element-29c49fa elementor-grid-eael-col-4 elementor-grid-tablet-eael-col-2 elementor-grid-mobile-eael-col-1 elementor-widget elementor-widget-eael-post-grid\" data-id=\"29c49fa\" data-element_type=\"widget\" data-e-type=\"widget\" data-settings=\"{&quot;eael_post_grid_columns&quot;:&quot;eael-col-4&quot;,&quot;eael_post_grid_columns_tablet&quot;:&quot;eael-col-2&quot;,&quot;eael_post_grid_columns_mobile&quot;:&quot;eael-col-1&quot;}\" data-widget_type=\"eael-post-grid.default\">\n\t\t\t\t\t<div id=\"eael-post-grid-29c49fa\" class=\"eael-post-grid-container\">\n            <div class=\"eael-post-grid eael-post-appender eael-post-appender-29c49fa eael-post-grid-style-one\" data-layout-mode=\"masonry\"><article class=\"eael-grid-post  eael-post-grid-column eael-pg-post-3975 category-guate-nuestra\" data-id=\"3975\">\n        <div class=\"eael-grid-post-holder\">\n            <div class=\"eael-grid-post-holder-inner\"><div class=\"eael-entry-media\"><div class=\"eael-entry-overlay fade-in\"><i class=\"fas fa-long-arrow-alt-right\" aria-hidden=\"true\"><\/i><a href=\"https:\/\/soymigrante.com\/revista\/tamal-guatemalteco-sabor-dentro-guatemala-migrante-estados-unidos\/\"><\/a><\/div><div class=\"eael-entry-thumbnail \">\n                <img loading=\"lazy\" decoding=\"async\" width=\"225\" height=\"300\" src=\"https:\/\/soymigrante.com\/revista\/wp-content\/uploads\/2023\/12\/WhatsApp-Image-2023-12-23-at-4.20.00-PM-225x300.webp\" class=\"attachment-medium size-medium wp-image-3977\" alt=\"\" srcset=\"https:\/\/soymigrante.com\/revista\/wp-content\/uploads\/2023\/12\/WhatsApp-Image-2023-12-23-at-4.20.00-PM-225x300.webp 225w, https:\/\/soymigrante.com\/revista\/wp-content\/uploads\/2023\/12\/WhatsApp-Image-2023-12-23-at-4.20.00-PM-768x1024.webp 768w, https:\/\/soymigrante.com\/revista\/wp-content\/uploads\/2023\/12\/WhatsApp-Image-2023-12-23-at-4.20.00-PM-1152x1536.webp 1152w, https:\/\/soymigrante.com\/revista\/wp-content\/uploads\/2023\/12\/WhatsApp-Image-2023-12-23-at-4.20.00-PM-750x1000.webp 750w, https:\/\/soymigrante.com\/revista\/wp-content\/uploads\/2023\/12\/WhatsApp-Image-2023-12-23-at-4.20.00-PM-1140x1520.webp 1140w, https:\/\/soymigrante.com\/revista\/wp-content\/uploads\/2023\/12\/WhatsApp-Image-2023-12-23-at-4.20.00-PM.webp 1200w\" sizes=\"(max-width: 225px) 100vw, 225px\" \/>\n            <\/div>\n        <\/div><div class=\"eael-entry-wrapper\"><header class=\"eael-entry-header\"><h2 class=\"eael-entry-title\"><a class=\"eael-grid-post-link\" href=\"https:\/\/soymigrante.com\/revista\/tamal-guatemalteco-sabor-dentro-guatemala-migrante-estados-unidos\/\" title=\"El tamal: sabor migrante que acompa\u00f1a la Navidad lejos de Guatemala\">El tamal: sabor migrante que acompa\u00f1a la Navidad lejos de Guatemala<\/a><\/h2><\/header><\/div><\/div>\n        <\/div>\n    <\/article><article class=\"eael-grid-post  eael-post-grid-column eael-pg-post-3738 category-guate-nuestra\" data-id=\"3738\">\n        <div class=\"eael-grid-post-holder\">\n            <div class=\"eael-grid-post-holder-inner\"><div class=\"eael-entry-media\"><div class=\"eael-entry-overlay fade-in\"><i class=\"fas fa-long-arrow-alt-right\" aria-hidden=\"true\"><\/i><a href=\"https:\/\/soymigrante.com\/revista\/tradiciones-de-fin-de-ano-encienden-la-nostalgia-migrante\/\"><\/a><\/div><div class=\"eael-entry-thumbnail \">\n                <img loading=\"lazy\" decoding=\"async\" width=\"300\" height=\"300\" src=\"https:\/\/soymigrante.com\/revista\/wp-content\/uploads\/2024\/11\/virgen-concepcion-quema-diablo-oscar-rivas-4-1-300x300.jpg\" class=\"attachment-medium size-medium wp-image-15152\" alt=\"\" srcset=\"https:\/\/soymigrante.com\/revista\/wp-content\/uploads\/2024\/11\/virgen-concepcion-quema-diablo-oscar-rivas-4-1-300x300.jpg 300w, https:\/\/soymigrante.com\/revista\/wp-content\/uploads\/2024\/11\/virgen-concepcion-quema-diablo-oscar-rivas-4-1-1024x1024.jpg 1024w, https:\/\/soymigrante.com\/revista\/wp-content\/uploads\/2024\/11\/virgen-concepcion-quema-diablo-oscar-rivas-4-1-150x150.jpg 150w, https:\/\/soymigrante.com\/revista\/wp-content\/uploads\/2024\/11\/virgen-concepcion-quema-diablo-oscar-rivas-4-1-768x768.jpg 768w, https:\/\/soymigrante.com\/revista\/wp-content\/uploads\/2024\/11\/virgen-concepcion-quema-diablo-oscar-rivas-4-1-75x75.webp 75w, https:\/\/soymigrante.com\/revista\/wp-content\/uploads\/2024\/11\/virgen-concepcion-quema-diablo-oscar-rivas-4-1-750x750.webp 750w, https:\/\/soymigrante.com\/revista\/wp-content\/uploads\/2024\/11\/virgen-concepcion-quema-diablo-oscar-rivas-4-1-1140x1140.webp 1140w, https:\/\/soymigrante.com\/revista\/wp-content\/uploads\/2024\/11\/virgen-concepcion-quema-diablo-oscar-rivas-4-1.webp 1338w\" sizes=\"(max-width: 300px) 100vw, 300px\" \/>\n            <\/div>\n        <\/div><div class=\"eael-entry-wrapper\"><header class=\"eael-entry-header\"><h2 class=\"eael-entry-title\"><a class=\"eael-grid-post-link\" href=\"https:\/\/soymigrante.com\/revista\/tradiciones-de-fin-de-ano-encienden-la-nostalgia-migrante\/\" title=\"Tradiciones y recuerdos de diciembre en Guatemala encienden nostalgia migrante\">Tradiciones y recuerdos de diciembre en Guatemala encienden nostalgia migrante<\/a><\/h2><\/header><\/div><\/div>\n        <\/div>\n    <\/article><article class=\"eael-grid-post  eael-post-grid-column eael-pg-post-3022 category-guate-nuestra\" data-id=\"3022\">\n        <div class=\"eael-grid-post-holder\">\n            <div class=\"eael-grid-post-holder-inner\"><div class=\"eael-entry-media\"><div class=\"eael-entry-overlay fade-in\"><i class=\"fas fa-long-arrow-alt-right\" aria-hidden=\"true\"><\/i><a href=\"https:\/\/soymigrante.com\/revista\/escultor-del-monumento-al-migrante-cuenta-los-detalles-13-anos-despues\/\"><\/a><\/div><div class=\"eael-entry-thumbnail \">\n                <img loading=\"lazy\" decoding=\"async\" width=\"300\" height=\"300\" src=\"https:\/\/soymigrante.com\/revista\/wp-content\/uploads\/2023\/11\/toma-emigrante-e1747801816798-300x300.webp\" class=\"attachment-medium size-medium wp-image-3264\" alt=\"El monumento al Migrante explicado por su autor, Eduardo Sac, a 13 a\u00f1os de su inauguraci\u00f3n\" srcset=\"https:\/\/soymigrante.com\/revista\/wp-content\/uploads\/2023\/11\/toma-emigrante-e1747801816798-300x300.webp 300w, https:\/\/soymigrante.com\/revista\/wp-content\/uploads\/2023\/11\/toma-emigrante-e1747801816798-150x150.webp 150w, https:\/\/soymigrante.com\/revista\/wp-content\/uploads\/2023\/11\/toma-emigrante-e1747801816798-75x75.webp 75w, https:\/\/soymigrante.com\/revista\/wp-content\/uploads\/2023\/11\/toma-emigrante-e1747801816798-750x750.webp 750w, https:\/\/soymigrante.com\/revista\/wp-content\/uploads\/2023\/11\/toma-emigrante-e1747801816798.webp 762w\" sizes=\"(max-width: 300px) 100vw, 300px\" \/>\n            <\/div>\n        <\/div><div class=\"eael-entry-wrapper\"><header class=\"eael-entry-header\"><h2 class=\"eael-entry-title\"><a class=\"eael-grid-post-link\" href=\"https:\/\/soymigrante.com\/revista\/escultor-del-monumento-al-migrante-cuenta-los-detalles-13-anos-despues\/\" title=\"Significado y detalles del monumento al Migrante en Salcaj\u00e1, explicados por su  autor, Eduardo Sac\">Significado y detalles del monumento al Migrante en Salcaj\u00e1, explicados por su  autor, Eduardo Sac<\/a><\/h2><\/header><\/div><\/div>\n        <\/div>\n    <\/article><article class=\"eael-grid-post  eael-post-grid-column eael-pg-post-3177 category-guate-nuestra\" data-id=\"3177\">\n        <div class=\"eael-grid-post-holder\">\n            <div class=\"eael-grid-post-holder-inner\"><div class=\"eael-entry-media\"><div class=\"eael-entry-overlay fade-in\"><i class=\"fas fa-long-arrow-alt-right\" aria-hidden=\"true\"><\/i><a href=\"https:\/\/soymigrante.com\/revista\/recordar-a-migrantes-guatemaltecos-fallecidos-con-tradicion\/\"><\/a><\/div><div class=\"eael-entry-thumbnail \">\n                <img loading=\"lazy\" decoding=\"async\" width=\"300\" height=\"300\" src=\"https:\/\/soymigrante.com\/revista\/wp-content\/uploads\/2023\/11\/Cementerio-de-Momostenango-Totonicapan-Guatemala-Foto_-Marcos-Zarate-300x300.webp\" class=\"attachment-medium size-medium wp-image-3181\" alt=\"Cementerio de Momostenango, Totonicap\u00e1n, Guatemala Foto_ Marcos Z\u00e1rate\" srcset=\"https:\/\/soymigrante.com\/revista\/wp-content\/uploads\/2023\/11\/Cementerio-de-Momostenango-Totonicapan-Guatemala-Foto_-Marcos-Zarate-300x300.webp 300w, https:\/\/soymigrante.com\/revista\/wp-content\/uploads\/2023\/11\/Cementerio-de-Momostenango-Totonicapan-Guatemala-Foto_-Marcos-Zarate-1024x1024.webp 1024w, https:\/\/soymigrante.com\/revista\/wp-content\/uploads\/2023\/11\/Cementerio-de-Momostenango-Totonicapan-Guatemala-Foto_-Marcos-Zarate-150x150.webp 150w, https:\/\/soymigrante.com\/revista\/wp-content\/uploads\/2023\/11\/Cementerio-de-Momostenango-Totonicapan-Guatemala-Foto_-Marcos-Zarate-768x768.webp 768w, https:\/\/soymigrante.com\/revista\/wp-content\/uploads\/2023\/11\/Cementerio-de-Momostenango-Totonicapan-Guatemala-Foto_-Marcos-Zarate-1536x1536.webp 1536w, https:\/\/soymigrante.com\/revista\/wp-content\/uploads\/2023\/11\/Cementerio-de-Momostenango-Totonicapan-Guatemala-Foto_-Marcos-Zarate-75x75.webp 75w, https:\/\/soymigrante.com\/revista\/wp-content\/uploads\/2023\/11\/Cementerio-de-Momostenango-Totonicapan-Guatemala-Foto_-Marcos-Zarate-750x750.webp 750w, https:\/\/soymigrante.com\/revista\/wp-content\/uploads\/2023\/11\/Cementerio-de-Momostenango-Totonicapan-Guatemala-Foto_-Marcos-Zarate-1140x1140.webp 1140w, https:\/\/soymigrante.com\/revista\/wp-content\/uploads\/2023\/11\/Cementerio-de-Momostenango-Totonicapan-Guatemala-Foto_-Marcos-Zarate-600x600.webp 600w, https:\/\/soymigrante.com\/revista\/wp-content\/uploads\/2023\/11\/Cementerio-de-Momostenango-Totonicapan-Guatemala-Foto_-Marcos-Zarate.webp 1920w\" sizes=\"(max-width: 300px) 100vw, 300px\" \/>\n            <\/div>\n        <\/div><div class=\"eael-entry-wrapper\"><header class=\"eael-entry-header\"><h2 class=\"eael-entry-title\"><a class=\"eael-grid-post-link\" href=\"https:\/\/soymigrante.com\/revista\/recordar-a-migrantes-guatemaltecos-fallecidos-con-tradicion\/\" title=\"Migrantes fallecidos o desaparecidos son recordados por sus familias\">Migrantes fallecidos o desaparecidos son recordados por sus familias<\/a><\/h2><\/header><\/div><\/div>\n        <\/div>\n    <\/article><\/div>\n            <div class=\"clearfix\"><\/div>\n        <\/div>\t\t\t\t<\/div>\n\t\t\t\t\t<\/div>\n\t\t<\/div>\n\t\t\t\t\t<\/div>\n\t\t<\/section>\n\t\t\t\t<\/div>\n\t\t","protected":false},"excerpt":{"rendered":"<p>Entre las sombras de la memoria y los ecos lejanos de un pasado dif\u00edcil pero a\u00f1orado, Federico Marcos regres\u00f3 a visitar su tierra natal y su gente: un viaje en el que construye nuevos recuerdos que se llevar\u00e1 en el coraz\u00f3n a Estados Unidos. Federico Antonio Marcos tom\u00f3 una decisi\u00f3n hace 17 a\u00f1os migrar a [&hellip;]<\/p>\n","protected":false},"author":10,"featured_media":4002,"comment_status":"open","ping_status":"open","sticky":false,"template":"","format":"standard","meta":{"_acf_changed":false,"_eb_attr":"","footnotes":""},"categories":[50,58],"tags":[],"class_list":["post-4009","post","type-post","status-publish","format-standard","has-post-thumbnail","hentry","category-exitos","category-guate-nuestra"],"acf":[],"aioseo_notices":[],"aioseo_head":"\n\t\t<!-- All in One SEO Pro 4.9.6.2 - aioseo.com -->\n\t<meta name=\"description\" content=\"Con una oraci\u00f3n, adornos o alguna pieza musical, familiares evocan la memoria de migrantes que perecieron en su intento de buscar oportunidades en tierra estadounidense. Leonel no logr\u00f3 llegar La familia Argueta le dio santa sepultura a Leonel Argueta Pelic\u00f3 el 21 de febrero del a\u00f1o en curso, qui\u00e9n falleci\u00f3 en la b\u00fasqueda de una Con una oraci\u00f3n, adornos e interpretaciones musicales recuerdan a familiares fallecidos migrantes guatemaltecos.\" \/>\n\t<meta name=\"robots\" content=\"max-snippet:-1, max-image-preview:large, max-video-preview:-1\" \/>\n\t<meta name=\"author\" content=\"Diana Batz\"\/>\n\t<link rel=\"canonical\" href=\"https:\/\/soymigrante.com\/revista\/migrante-guatemalteco-houston-visita-tierra-familia-fin-de-ano\/\" \/>\n\t<meta name=\"generator\" content=\"All in One SEO Pro (AIOSEO) 4.9.6.2\" \/>\n\n\t\t<link rel=\"preconnect\" href=\"https:\/\/fonts.googleapis.com\" crossorigin>\n<link rel=\"preconnect\" href=\"https:\/\/fonts.gstatic.com\" crossorigin>\n\t\t<meta property=\"og:locale\" content=\"es_ES\" \/>\n\t\t<meta property=\"og:site_name\" content=\"SoyMigrante.com REVISTA \u2013 Nuestra misi\u00f3n es reconocer y dignificar al migrante.\" \/>\n\t\t<meta property=\"og:type\" content=\"article\" \/>\n\t\t<meta property=\"og:title\" content=\"Ausencia a Abrazo Cr\u00f3nica Vuelta a Casa migrante guatemalteco\" \/>\n\t\t<meta property=\"og:description\" content=\"Entre las sombras de la memoria y los ecos lejanos de un pasado dif\u00edcil pero a\u00f1orado, Federico Marcos regres\u00f3 a visitar su tierra natal y su gente: un viaje en el que construye nuevos recuerdos que se llevar\u00e1 en el coraz\u00f3n a Estados Unidos. Un migrante que so\u00f1aba vivir un fin de a\u00f1o con familiares Migrante guatemalteco Federico Antonio Marcos regresa para abrazar a hijos y familiares, un recorrido por las bellas monta\u00f1as de Guatemala.\" \/>\n\t\t<meta property=\"og:url\" content=\"https:\/\/soymigrante.com\/revista\/migrante-guatemalteco-houston-visita-tierra-familia-fin-de-ano\/\" \/>\n\t\t<meta property=\"og:image\" content=\"https:\/\/soymigrante.com\/revista\/wp-content\/uploads\/2023\/12\/visita-en-costa-cuca.webp\" \/>\n\t\t<meta property=\"og:image:secure_url\" content=\"https:\/\/soymigrante.com\/revista\/wp-content\/uploads\/2023\/12\/visita-en-costa-cuca.webp\" \/>\n\t\t<meta property=\"og:image:width\" content=\"600\" \/>\n\t\t<meta property=\"og:image:height\" content=\"600\" \/>\n\t\t<meta property=\"article:published_time\" content=\"2023-12-26T23:46:15+00:00\" \/>\n\t\t<meta property=\"article:modified_time\" content=\"2024-11-01T15:02:00+00:00\" \/>\n\t\t<meta property=\"article:publisher\" content=\"https:\/\/www.facebook.com\/soymigrantecom\" \/>\n\t\t<meta name=\"twitter:card\" content=\"summary_large_image\" \/>\n\t\t<meta name=\"twitter:site\" content=\"@SoyMigrante_com\" \/>\n\t\t<meta name=\"twitter:title\" content=\"Ausencia a Abrazo Cr\u00f3nica Vuelta a Casa migrante guatemalteco\" \/>\n\t\t<meta name=\"twitter:description\" content=\"Entre las sombras de la memoria y los ecos lejanos de un pasado dif\u00edcil pero a\u00f1orado, Federico Marcos regres\u00f3 a visitar su tierra natal y su gente: un viaje en el que construye nuevos recuerdos que se llevar\u00e1 en el coraz\u00f3n a Estados Unidos. Un migrante que so\u00f1aba vivir un fin de a\u00f1o con familiares Migrante guatemalteco Federico Antonio Marcos regresa para abrazar a hijos y familiares, un recorrido por las bellas monta\u00f1as de Guatemala.\" \/>\n\t\t<meta name=\"twitter:creator\" content=\"@SoyMigrante_com\" \/>\n\t\t<meta name=\"twitter:image\" content=\"https:\/\/soymigrante.com\/revista\/wp-content\/uploads\/2023\/12\/visita-en-costa-cuca.webp\" \/>\n\t\t<!-- All in One SEO Pro -->\r\n\t\t<title>Ausencia a Abrazo Cr\u00f3nica Vuelta a Casa migrante guatemalteco<\/title>\n\n","aioseo_head_json":{"title":"Ausencia a Abrazo Cr\u00f3nica Vuelta a Casa migrante guatemalteco","description":"Entre las sombras de la memoria y los ecos lejanos de un pasado dif\u00edcil pero a\u00f1orado, Federico Marcos regres\u00f3 a visitar su tierra natal y su gente: un viaje en el que construye nuevos recuerdos que se llevar\u00e1 en el coraz\u00f3n a Estados Unidos. Un migrante que so\u00f1aba vivir un fin de a\u00f1o con familiares Migrante guatemalteco Federico Antonio Marcos regresa para abrazar a hijos y familiares, un recorrido por las bellas monta\u00f1as de Guatemala.","canonical_url":"https:\/\/soymigrante.com\/revista\/migrante-guatemalteco-houston-visita-tierra-familia-fin-de-ano\/","robots":"max-snippet:-1, max-image-preview:large, max-video-preview:-1","keywords":"","webmasterTools":{"miscellaneous":"&lt;link rel=\"preconnect\" href=\"https:\/\/fonts.googleapis.com\" crossorigin&gt;\n&lt;link rel=\"preconnect\" href=\"https:\/\/fonts.gstatic.com\" crossorigin&gt;"},"schema":null,"og:locale":"es_ES","og:site_name":"SoyMigrante.com REVISTA \u2013 Nuestra misi\u00f3n es reconocer y dignificar al migrante.","og:type":"article","og:title":"Ausencia a Abrazo Cr\u00f3nica Vuelta a Casa migrante guatemalteco","og:description":"Entre las sombras de la memoria y los ecos lejanos de un pasado dif\u00edcil pero a\u00f1orado, Federico Marcos regres\u00f3 a visitar su tierra natal y su gente: un viaje en el que construye nuevos recuerdos que se llevar\u00e1 en el coraz\u00f3n a Estados Unidos. Un migrante que so\u00f1aba vivir un fin de a\u00f1o con familiares Migrante guatemalteco Federico Antonio Marcos regresa para abrazar a hijos y familiares, un recorrido por las bellas monta\u00f1as de Guatemala.","og:url":"https:\/\/soymigrante.com\/revista\/migrante-guatemalteco-houston-visita-tierra-familia-fin-de-ano\/","og:image":"https:\/\/soymigrante.com\/revista\/wp-content\/uploads\/2023\/12\/visita-en-costa-cuca.webp","og:image:secure_url":"https:\/\/soymigrante.com\/revista\/wp-content\/uploads\/2023\/12\/visita-en-costa-cuca.webp","og:image:width":600,"og:image:height":600,"article:published_time":"2023-12-26T23:46:15+00:00","article:modified_time":"2024-11-01T15:02:00+00:00","article:publisher":"https:\/\/www.facebook.com\/soymigrantecom","twitter:card":"summary_large_image","twitter:site":"@SoyMigrante_com","twitter:title":"Ausencia a Abrazo Cr\u00f3nica Vuelta a Casa migrante guatemalteco","twitter:description":"Entre las sombras de la memoria y los ecos lejanos de un pasado dif\u00edcil pero a\u00f1orado, Federico Marcos regres\u00f3 a visitar su tierra natal y su gente: un viaje en el que construye nuevos recuerdos que se llevar\u00e1 en el coraz\u00f3n a Estados Unidos. Un migrante que so\u00f1aba vivir un fin de a\u00f1o con familiares Migrante guatemalteco Federico Antonio Marcos regresa para abrazar a hijos y familiares, un recorrido por las bellas monta\u00f1as de Guatemala.","twitter:creator":"@SoyMigrante_com","twitter:image":"https:\/\/soymigrante.com\/revista\/wp-content\/uploads\/2023\/12\/visita-en-costa-cuca.webp"},"aioseo_meta_data":{"post_id":"4009","title":"Ausencia a Abrazo Cr\u00f3nica Vuelta a Casa migrante guatemalteco","description":"#post_excerpt Migrante guatemalteco Federico Antonio Marcos regresa para abrazar a hijos y familiares, un recorrido por las bellas monta\u00f1as de Guatemala.","keywords":[],"keyphrases":{"focus":{"keyphrase":"migrante","score":74,"analysis":{"keyphraseInTitle":{"score":9,"maxScore":9,"error":0},"keyphraseInDescription":{"score":9,"maxScore":9,"error":0},"keyphraseLength":{"score":9,"maxScore":9,"error":0,"length":1},"keyphraseInURL":{"score":5,"maxScore":5,"error":0},"keyphraseInIntroduction":{"score":3,"maxScore":9,"error":1},"keyphraseInSubHeadings":{"score":3,"maxScore":9,"error":1},"keyphraseInImageAlt":{"score":3,"maxScore":9,"error":1},"keywordDensity":{"type":"best","score":9,"maxScore":9,"error":0}}},"additional":[]},"primary_term":null,"canonical_url":null,"og_title":null,"og_description":null,"og_object_type":"default","og_image_type":"default","og_image_url":null,"og_image_width":null,"og_image_height":null,"og_image_custom_url":null,"og_image_custom_fields":null,"og_video":"","og_custom_url":null,"og_article_section":null,"og_article_tags":[],"twitter_use_og":false,"twitter_card":"default","twitter_image_type":"default","twitter_image_url":null,"twitter_image_custom_url":null,"twitter_image_custom_fields":null,"twitter_title":null,"twitter_description":null,"schema":{"blockGraphs":[],"customGraphs":[],"default":{"data":{"Article":[],"Course":[],"Dataset":[],"FAQPage":[],"Movie":[],"Person":[],"Product":[],"ProductReview":[],"Car":[],"Recipe":[],"Service":[],"SoftwareApplication":[],"WebPage":[]},"graphName":"BlogPosting","isEnabled":true},"graphs":[]},"schema_type":"default","schema_type_options":null,"pillar_content":false,"robots_default":true,"robots_noindex":false,"robots_noarchive":false,"robots_nosnippet":false,"robots_nofollow":false,"robots_noimageindex":false,"robots_noodp":false,"robots_notranslate":false,"robots_max_snippet":"-1","robots_max_videopreview":"-1","robots_max_imagepreview":"large","priority":null,"frequency":"default","local_seo":null,"seo_analyzer_scan_date":"2025-10-08 20:53:21","breadcrumb_settings":null,"limit_modified_date":false,"reviewed_by":null,"open_ai":null,"ai":null,"created":"2023-12-26 22:34:41","updated":"2026-02-04 10:04:31"},"aioseo_breadcrumb":"<div class=\"aioseo-breadcrumbs\"><span class=\"aioseo-breadcrumb\">\n\t<a href=\"https:\/\/soymigrante.com\/revista\" title=\"Home\">Home<\/a>\n<\/span><span class=\"aioseo-breadcrumb-separator\">\u00bb<\/span><span class=\"aioseo-breadcrumb\">\n\t<a href=\"https:\/\/soymigrante.com\/revista\/category\/exitos\/\" title=\"\u00c9xitos\">\u00c9xitos<\/a>\n<\/span><span class=\"aioseo-breadcrumb-separator\">\u00bb<\/span><span class=\"aioseo-breadcrumb\">\n\tDe la ausencia al abrazo: Cr\u00f3nica de una anhelada visita migrante a Guatemala\n<\/span><\/div>","aioseo_breadcrumb_json":[{"label":"Home","link":"https:\/\/soymigrante.com\/revista"},{"label":"\u00c9xitos","link":"https:\/\/soymigrante.com\/revista\/category\/exitos\/"},{"label":"De la ausencia al abrazo: Cr\u00f3nica de una anhelada visita migrante a Guatemala","link":"https:\/\/soymigrante.com\/revista\/migrante-guatemalteco-houston-visita-tierra-familia-fin-de-ano\/"}],"_links":{"self":[{"href":"https:\/\/soymigrante.com\/revista\/wp-json\/wp\/v2\/posts\/4009","targetHints":{"allow":["GET"]}}],"collection":[{"href":"https:\/\/soymigrante.com\/revista\/wp-json\/wp\/v2\/posts"}],"about":[{"href":"https:\/\/soymigrante.com\/revista\/wp-json\/wp\/v2\/types\/post"}],"author":[{"embeddable":true,"href":"https:\/\/soymigrante.com\/revista\/wp-json\/wp\/v2\/users\/10"}],"replies":[{"embeddable":true,"href":"https:\/\/soymigrante.com\/revista\/wp-json\/wp\/v2\/comments?post=4009"}],"version-history":[{"count":0,"href":"https:\/\/soymigrante.com\/revista\/wp-json\/wp\/v2\/posts\/4009\/revisions"}],"wp:featuredmedia":[{"embeddable":true,"href":"https:\/\/soymigrante.com\/revista\/wp-json\/wp\/v2\/media\/4002"}],"wp:attachment":[{"href":"https:\/\/soymigrante.com\/revista\/wp-json\/wp\/v2\/media?parent=4009"}],"wp:term":[{"taxonomy":"category","embeddable":true,"href":"https:\/\/soymigrante.com\/revista\/wp-json\/wp\/v2\/categories?post=4009"},{"taxonomy":"post_tag","embeddable":true,"href":"https:\/\/soymigrante.com\/revista\/wp-json\/wp\/v2\/tags?post=4009"}],"curies":[{"name":"wp","href":"https:\/\/api.w.org\/{rel}","templated":true}]}}