{"id":4008,"date":"2023-12-26T22:48:40","date_gmt":"2023-12-27T04:48:40","guid":{"rendered":"https:\/\/soymigrante.com\/revista\/?p=4008"},"modified":"2024-07-29T20:57:42","modified_gmt":"2024-07-30T02:57:42","slug":"matrimonio-migrante-marine-corps-finanzas-amor-familia-guatemalteca-finanzas","status":"publish","type":"post","link":"https:\/\/soymigrante.com\/revista\/matrimonio-migrante-marine-corps-finanzas-amor-familia-guatemalteca-finanzas\/","title":{"rendered":"Eyly y Jonathan Luna: historia de amor, lucha y superaci\u00f3n migrante"},"content":{"rendered":"\t\t<div data-elementor-type=\"wp-post\" data-elementor-id=\"4008\" class=\"elementor elementor-4008\" data-elementor-post-type=\"post\">\n\t\t\t\t\t\t<section data-particle_enable=\"false\" data-particle-mobile-disabled=\"false\" class=\"elementor-section elementor-top-section elementor-element elementor-element-fa0d619 elementor-section-boxed elementor-section-height-default elementor-section-height-default\" data-id=\"fa0d619\" data-element_type=\"section\" data-e-type=\"section\">\n\t\t\t\t\t\t<div class=\"elementor-container elementor-column-gap-default\">\n\t\t\t\t\t<div class=\"elementor-column elementor-col-100 elementor-top-column elementor-element elementor-element-dcadaeb\" data-id=\"dcadaeb\" data-element_type=\"column\" data-e-type=\"column\">\n\t\t\t<div class=\"elementor-widget-wrap elementor-element-populated\">\n\t\t\t\t\t\t<div class=\"elementor-element elementor-element-2fb17a7 elementor-widget elementor-widget-heading\" data-id=\"2fb17a7\" data-element_type=\"widget\" data-e-type=\"widget\" data-widget_type=\"heading.default\">\n\t\t\t\t\t<h1 class=\"elementor-heading-title elementor-size-default\">Los Luna son asesores de finanzas, inversiones y fondos de retiro; Eyly es madre, esposa y emprendedora; Jonathan es marine del Ej\u00e9rcito de EE.UU.; su gran amor migrante es su mayor activo. <\/h1>\t\t\t\t<\/div>\n\t\t\t\t\t<\/div>\n\t\t<\/div>\n\t\t\t\t\t<\/div>\n\t\t<\/section>\n\t\t\t\t<section data-particle_enable=\"false\" data-particle-mobile-disabled=\"false\" class=\"elementor-section elementor-top-section elementor-element elementor-element-586903f elementor-section-boxed elementor-section-height-default elementor-section-height-default\" data-id=\"586903f\" data-element_type=\"section\" data-e-type=\"section\">\n\t\t\t\t\t\t<div class=\"elementor-container elementor-column-gap-default\">\n\t\t\t\t\t<div class=\"elementor-column elementor-col-100 elementor-top-column elementor-element elementor-element-89fed9c\" data-id=\"89fed9c\" data-element_type=\"column\" data-e-type=\"column\">\n\t\t\t<div class=\"elementor-widget-wrap elementor-element-populated\">\n\t\t\t\t\t\t<div class=\"elementor-element elementor-element-878e322 elementor-widget elementor-widget-image\" data-id=\"878e322\" data-element_type=\"widget\" data-e-type=\"widget\" data-widget_type=\"image.default\">\n\t\t\t\t\t\t\t\t\t\t\t\t<figure class=\"wp-caption\">\n\t\t\t\t\t\t\t\t\t\t<img fetchpriority=\"high\" decoding=\"async\" width=\"1024\" height=\"768\" src=\"https:\/\/soymigrante.com\/revista\/wp-content\/uploads\/2023\/12\/EYLI-MARINE-1024x768.webp\" class=\"attachment-large size-large wp-image-4017\" alt=\"\" srcset=\"https:\/\/soymigrante.com\/revista\/wp-content\/uploads\/2023\/12\/EYLI-MARINE-1024x768.webp 1024w, https:\/\/soymigrante.com\/revista\/wp-content\/uploads\/2023\/12\/EYLI-MARINE-300x225.webp 300w, https:\/\/soymigrante.com\/revista\/wp-content\/uploads\/2023\/12\/EYLI-MARINE-768x576.webp 768w, https:\/\/soymigrante.com\/revista\/wp-content\/uploads\/2023\/12\/EYLI-MARINE-1536x1152.webp 1536w, https:\/\/soymigrante.com\/revista\/wp-content\/uploads\/2023\/12\/EYLI-MARINE-750x563.webp 750w, https:\/\/soymigrante.com\/revista\/wp-content\/uploads\/2023\/12\/EYLI-MARINE-1140x855.webp 1140w, https:\/\/soymigrante.com\/revista\/wp-content\/uploads\/2023\/12\/EYLI-MARINE.webp 1920w\" sizes=\"(max-width: 1024px) 100vw, 1024px\" title=\"El amor de familia es la mayor riqueza de Eyly y Jonathan, migrantes guatemaltecos que triunfan en el servicio de asesor\u00eda de las finanzas personales. \u2013 SoyMigrante.com REVISTA\" \/>\t\t\t\t\t\t\t\t\t\t\t<figcaption class=\"widget-image-caption wp-caption-text\">El amor de familia es la mayor riqueza de Eyly y Jonathan, migrantes guatemaltecos que triunfan en el servicio de asesor\u00eda de las finanzas personales.<\/figcaption>\n\t\t\t\t\t\t\t\t\t\t<\/figure>\n\t\t\t\t\t\t\t\t\t<\/div>\n\t\t\t\t\t<\/div>\n\t\t<\/div>\n\t\t\t\t\t<\/div>\n\t\t<\/section>\n\t\t\t\t<section data-particle_enable=\"false\" data-particle-mobile-disabled=\"false\" class=\"elementor-section elementor-top-section elementor-element elementor-element-cfd5c8a elementor-section-boxed elementor-section-height-default elementor-section-height-default\" data-id=\"cfd5c8a\" data-element_type=\"section\" data-e-type=\"section\">\n\t\t\t\t\t\t<div class=\"elementor-container elementor-column-gap-default\">\n\t\t\t\t\t<div class=\"elementor-column elementor-col-100 elementor-top-column elementor-element elementor-element-11fbfe5\" data-id=\"11fbfe5\" data-element_type=\"column\" data-e-type=\"column\">\n\t\t\t<div class=\"elementor-widget-wrap elementor-element-populated\">\n\t\t\t\t\t\t<div class=\"elementor-element elementor-element-58d8fe8 elementor-widget elementor-widget-heading\" data-id=\"58d8fe8\" data-element_type=\"widget\" data-e-type=\"widget\" data-widget_type=\"heading.default\">\n\t\t\t\t\t<h2 class=\"elementor-heading-title elementor-size-default\">Versi\u00f3n resumida de un \u00e9xito en marcha<\/h2>\t\t\t\t<\/div>\n\t\t\t\t\t<\/div>\n\t\t<\/div>\n\t\t\t\t\t<\/div>\n\t\t<\/section>\n\t\t\t\t<section data-particle_enable=\"false\" data-particle-mobile-disabled=\"false\" class=\"elementor-section elementor-top-section elementor-element elementor-element-1fd5ceb elementor-section-boxed elementor-section-height-default elementor-section-height-default\" data-id=\"1fd5ceb\" data-element_type=\"section\" data-e-type=\"section\">\n\t\t\t\t\t\t<div class=\"elementor-container elementor-column-gap-default\">\n\t\t\t\t\t<div class=\"elementor-column elementor-col-100 elementor-top-column elementor-element elementor-element-c56b217\" data-id=\"c56b217\" data-element_type=\"column\" data-e-type=\"column\">\n\t\t\t<div class=\"elementor-widget-wrap elementor-element-populated\">\n\t\t\t\t\t\t<div class=\"elementor-element elementor-element-e045858 elementor-widget elementor-widget-text-editor\" data-id=\"e045858\" data-element_type=\"widget\" data-e-type=\"widget\" data-widget_type=\"text-editor.default\">\n\t\t\t\t\t\t\t\t\t<p><span style=\"color: var( --e-global-color-text );\">Se conocieron, se enamorarony a los cinco meses se casaron en Guatemala. Jonathan era ciudadano estadounidense, hijo de migrantes guatemaltecos. Eyly, originaria de Chimaltenango, a donde lleg\u00f3 una campa\u00f1a evangel\u00edstica cuyo pastor era el padre de Jonathan.\u00a0<\/span><\/p><p>Vivieron en Guatemala un par de a\u00f1os y despu\u00e9s emprendieron el viaje a California junto con\u00a0 s<span style=\"color: var( --e-global-color-text );\">u primer hijo. No les fue tan bien como esperaban: muchos bills y dinero que no alcanzaba.\u00a0A finales de 2019, decidieron que \u00e9l entrara al cuerpo de Marines de EE.UU. Implicaba largas ausencias y\u00a0 Eyly esperaba a su segundo beb\u00e9. En enero 2020 optaron por que ella volviera a Chimaltenango para estar al cuidado de su familia\u00a0<\/span><span style=\"color: var( --e-global-color-text );\">\u00a0y que volviera poco antes de dar a luz en abril. Nadie esperaba la pandemia.<\/span><\/p><p>Y en toda esta ida y vuelta de circunstancias, encontraron la puerta al entorno de las finanzas, en donde hoy son exitosos l\u00edderes de un equipo de 20 personas. Esa es la s\u00edntesis.\u00a0\u00a0<span style=\"color: var( --e-global-color-text );\">Si guste conocer los detalles, pase adelante a este inspirador di\u00e1logo.\u00a0\u00a0<\/span><\/p>\t\t\t\t\t\t\t\t<\/div>\n\t\t\t\t\t<\/div>\n\t\t<\/div>\n\t\t\t\t\t<\/div>\n\t\t<\/section>\n\t\t\t\t<section data-particle_enable=\"false\" data-particle-mobile-disabled=\"false\" class=\"elementor-section elementor-top-section elementor-element elementor-element-0c4f47c elementor-section-boxed elementor-section-height-default elementor-section-height-default\" data-id=\"0c4f47c\" data-element_type=\"section\" data-e-type=\"section\">\n\t\t\t\t\t\t<div class=\"elementor-container elementor-column-gap-default\">\n\t\t\t\t\t<div class=\"elementor-column elementor-col-100 elementor-top-column elementor-element elementor-element-3c8c0a7\" data-id=\"3c8c0a7\" data-element_type=\"column\" data-e-type=\"column\">\n\t\t\t<div class=\"elementor-widget-wrap elementor-element-populated\">\n\t\t\t\t\t\t<div class=\"elementor-element elementor-element-342ccaf elementor-widget elementor-widget-facebook-embed\" data-id=\"342ccaf\" data-element_type=\"widget\" data-e-type=\"widget\" data-widget_type=\"facebook-embed.default\">\n\t\t\t\t\t<div style=\"min-height: 1px\" class=\"elementor-facebook-widget fb-post\" data-href=\"https:\/\/www.facebook.com\/100090587586475\/videos\/288567210456302\" data-show-text=\"false\"><\/div>\t\t\t\t<\/div>\n\t\t\t\t\t<\/div>\n\t\t<\/div>\n\t\t\t\t\t<\/div>\n\t\t<\/section>\n\t\t\t\t<section data-particle_enable=\"false\" data-particle-mobile-disabled=\"false\" class=\"elementor-section elementor-top-section elementor-element elementor-element-8f6cb59 elementor-section-boxed elementor-section-height-default elementor-section-height-default\" data-id=\"8f6cb59\" data-element_type=\"section\" data-e-type=\"section\">\n\t\t\t\t\t\t<div class=\"elementor-container elementor-column-gap-default\">\n\t\t\t\t\t<div class=\"elementor-column elementor-col-100 elementor-top-column elementor-element elementor-element-f7f3043\" data-id=\"f7f3043\" data-element_type=\"column\" data-e-type=\"column\">\n\t\t\t<div class=\"elementor-widget-wrap elementor-element-populated\">\n\t\t\t\t\t\t<div class=\"elementor-element elementor-element-33f725d elementor-widget elementor-widget-text-editor\" data-id=\"33f725d\" data-element_type=\"widget\" data-e-type=\"widget\" data-widget_type=\"text-editor.default\">\n\t\t\t\t\t\t\t\t\t<h4>\u00bfEn qu\u00e9 trabajan Eyly y Jonathan?<\/h4><p>Jonathan: &#8220;Nos dedicamos es ayudar a la comunidad hispana a educarnos financieramente. El tema de finanzas en Estados Unidos es muy diferente a Guatemala.<\/p><p>Eyly: &#8220;Ayudamos a personas que quieran construir un futuro financiero m\u00e1s favorable, con asesor\u00eda y generando confianza&#8221;.<\/p><h4><span style=\"color: var( --e-global-color-text );\">\u00bfCu\u00e1nto tiempo de estar casados?<\/span><\/h4><p>Jonathan: Llevamos 8 a\u00f1os. Mis pap\u00e1s ten\u00edan ciudadan\u00eda americana y por ser pastores evang\u00e9licos \u00edbamos a Guatemala. Tuvimos una campa\u00f1a en Chimaltenango. All\u00ed conoc\u00ed a Eyly. Nos enamoramos. A los 5 meses de ser novios, nos casamos.\u00a0\u00a0<\/p><h4>\u00bfY luego migraron a Estados Unidos?<\/h4><p><span style=\"color: var( --e-global-color-text );\">Jonathan: Nos quedamos a vivir en Chimaltenango. Yo trabaj\u00e9 a cargo de la seguridad de tres hoteles en Antigua Guatemala. Despu\u00e9s trabaj\u00e9 tambi\u00e9n en un call center. Yo ten\u00eda mi carrito, pero en una de tantas idas tuv o un accidente muy fuerte en la ruta Interamericana.<\/span><\/p><p>Eyly: El carro se le volte\u00f3 en la carretera y lo vimos como una se\u00f1al de cambio.<\/p><p>Jonathan: Yo ya ten\u00eda papeles de Estados Unidos, decidimos irnos. Empezamos a hacer la papeler\u00eda. El proceso legal dur\u00f3 como tres meses y nos venimos para California. <br \/>Ven\u00edamos a buscar el sue\u00f1o americano,&#8230; pero empezaron los problemas econ\u00f3micos. Trabaj\u00e1bamos ambos. Yo ten\u00eda 2 empleos en restaurantes y no nos alcanzaba el dinero. No sab\u00edamos de otras opciones aparte de trabajar para otros. Trabajar 40, 80 horas a la semana no alcanzabapara pagar los biles (bills, facturas)\u00a0<\/p><div>\u00a0<\/div>\t\t\t\t\t\t\t\t<\/div>\n\t\t\t\t\t<\/div>\n\t\t<\/div>\n\t\t\t\t\t<\/div>\n\t\t<\/section>\n\t\t\t\t<section data-particle_enable=\"false\" data-particle-mobile-disabled=\"false\" class=\"elementor-section elementor-top-section elementor-element elementor-element-3db4132 elementor-section-boxed elementor-section-height-default elementor-section-height-default\" data-id=\"3db4132\" data-element_type=\"section\" data-e-type=\"section\">\n\t\t\t\t\t\t<div class=\"elementor-container elementor-column-gap-default\">\n\t\t\t\t\t<div class=\"elementor-column elementor-col-100 elementor-top-column elementor-element elementor-element-336792b\" data-id=\"336792b\" data-element_type=\"column\" data-e-type=\"column\">\n\t\t\t<div class=\"elementor-widget-wrap elementor-element-populated\">\n\t\t\t\t\t\t<div class=\"elementor-element elementor-element-186dcd6 elementor-widget elementor-widget-image\" data-id=\"186dcd6\" data-element_type=\"widget\" data-e-type=\"widget\" data-widget_type=\"image.default\">\n\t\t\t\t\t\t\t\t\t\t\t\t<figure class=\"wp-caption\">\n\t\t\t\t\t\t\t\t\t\t<img decoding=\"async\" width=\"960\" height=\"720\" src=\"https:\/\/soymigrante.com\/revista\/wp-content\/uploads\/2023\/12\/EYLY-EQUIPO.webp\" class=\"attachment-large size-large wp-image-4012\" alt=\"\" srcset=\"https:\/\/soymigrante.com\/revista\/wp-content\/uploads\/2023\/12\/EYLY-EQUIPO.webp 960w, https:\/\/soymigrante.com\/revista\/wp-content\/uploads\/2023\/12\/EYLY-EQUIPO-300x225.webp 300w, https:\/\/soymigrante.com\/revista\/wp-content\/uploads\/2023\/12\/EYLY-EQUIPO-768x576.webp 768w, https:\/\/soymigrante.com\/revista\/wp-content\/uploads\/2023\/12\/EYLY-EQUIPO-750x563.webp 750w\" sizes=\"(max-width: 960px) 100vw, 960px\" title=\"EYLY EQUIPO \u2013 SoyMigrante.com REVISTA\" \/>\t\t\t\t\t\t\t\t\t\t\t<figcaption class=\"widget-image-caption wp-caption-text\">M\u00e1s de 20 personas integran el equipo de asesores dirigido por Eyly y Jonathan. Pero este \u00e9xito no pas\u00f3 de la noche a la ma\u00f1ana y requiri\u00f3 de un fuerte cambio de mentalidad.<\/figcaption>\n\t\t\t\t\t\t\t\t\t\t<\/figure>\n\t\t\t\t\t\t\t\t\t<\/div>\n\t\t\t\t\t<\/div>\n\t\t<\/div>\n\t\t\t\t\t<\/div>\n\t\t<\/section>\n\t\t\t\t<section data-particle_enable=\"false\" data-particle-mobile-disabled=\"false\" class=\"elementor-section elementor-top-section elementor-element elementor-element-07dc767 elementor-section-boxed elementor-section-height-default elementor-section-height-default\" data-id=\"07dc767\" data-element_type=\"section\" data-e-type=\"section\">\n\t\t\t\t\t\t<div class=\"elementor-container elementor-column-gap-default\">\n\t\t\t\t\t<div class=\"elementor-column elementor-col-100 elementor-top-column elementor-element elementor-element-6d51682\" data-id=\"6d51682\" data-element_type=\"column\" data-e-type=\"column\">\n\t\t\t<div class=\"elementor-widget-wrap elementor-element-populated\">\n\t\t\t\t\t\t<div class=\"elementor-element elementor-element-db5bbfd elementor-widget elementor-widget-text-editor\" data-id=\"db5bbfd\" data-element_type=\"widget\" data-e-type=\"widget\" data-widget_type=\"text-editor.default\">\n\t\t\t\t\t\t\t\t\t<h4>Esta situaci\u00f3n de dificultad contrasta con lo que podr\u00edan pensar muchas personas: \u00a1Ah que rayado, est\u00e1 en Estados Unidos! Va directo al sue\u00f1o americano&#8230;.<\/h4><p>Despu\u00e9s de trabajar en la industria de la comida de verdad hoy estaba derrotado porque trabajaba de 6 de la ma\u00f1ana a 3 de la tarde en un trabajo de ah\u00ed a las 5:00 de la tarde entraba al siguiente y sal\u00eda hasta las 2:00 de la ma\u00f1ana y de vuelta.<\/p><p>\u00a0Mi esposa estaba estresada con el ni\u00f1o porque yo casi nunca pod\u00eda ayudar, y ten\u00eda su trabajo de medio tiempo. necesit\u00e1bamos un cambio. Pero la \u00fanica opci\u00f3n que vimos es que yo entrara al cuerpo de Marines de EStados Unidos. Eso nos di\u00f3 estabilidad financiera, pero igual yo no estaba en casa.<\/p><h4>\u00bfE hiciste todo el entramiento duro como en las pel\u00edculas?<\/h4><p>S\u00ed, y fue duro, pero la situaci\u00f3n que ten\u00edamos era dura. El entrenamiento inicial dura tres meses interno. Ella estaba embarazada de nuestra nena y yo no pod\u00eda cuidarla por tres meses. As\u00ed que quedamos que Eyly regresara a Guatemala para estar al cuidado de su familia. Era enero de 2020. No nos im\u00e1gin\u00e1bamos que ven\u00eda la pandemia.\u00a0<\/p><p><span style=\"color: var( --e-global-color-text );\">Eyly: Fue duro estar separados. Mi familia est\u00e1 en Guatemala. Decid\u00ed irme para Guatemala para tener a la beb\u00e9. el plan era que al finalizar los 3 meses iniciales ir\u00eda por ellos.\u00a0<\/span><\/p><p>Jonathan: A m\u00ed no me dejaban salir del pa\u00eds por la pandemia. Ni se pod\u00eda entrar a Guatemala. Fueron 10 meses de esppera. No pude conocer a mi hija hasta que ten\u00eda seis meses. Se me hicieron interminables. Bastantes noches ahi conlos militares yo pensaba c\u00f3mo ir por ellos. Yo no ten\u00eda ni siqueira telefono porque eso forma parte del entrenamisnto.\u00a0<\/p><p><span style=\"font-family: Roboto, sans-serif; font-size: 16px; font-style: normal; font-variant-ligatures: normal; font-variant-caps: normal; font-weight: 400;\">Eyly: Solo nos comunic\u00e1bamos por cartas. S\u00e9 que ten\u00eda el apoyo de mi familia, pero no estuvo \u00e9l en el nacimiento de la nena. Fue una etapa muyy dura. Con nuestro primer beb\u00e9, si \u00e9l estuvo presente, pero en la segunda no.\u00a0Al nacer la beb\u00e9 fue alegr\u00eda y a la vez tristeza.<\/span><\/p>\t\t\t\t\t\t\t\t<\/div>\n\t\t\t\t\t<\/div>\n\t\t<\/div>\n\t\t\t\t\t<\/div>\n\t\t<\/section>\n\t\t\t\t<section data-particle_enable=\"false\" data-particle-mobile-disabled=\"false\" class=\"elementor-section elementor-top-section elementor-element elementor-element-979c8f6 elementor-section-boxed elementor-section-height-default elementor-section-height-default\" data-id=\"979c8f6\" data-element_type=\"section\" data-e-type=\"section\">\n\t\t\t\t\t\t<div class=\"elementor-container elementor-column-gap-default\">\n\t\t\t\t\t<div class=\"elementor-column elementor-col-100 elementor-top-column elementor-element elementor-element-421b2bc\" data-id=\"421b2bc\" data-element_type=\"column\" data-e-type=\"column\">\n\t\t\t<div class=\"elementor-widget-wrap elementor-element-populated\">\n\t\t\t\t\t\t<div class=\"elementor-element elementor-element-ba819fe elementor-widget elementor-widget-facebook-embed\" data-id=\"ba819fe\" data-element_type=\"widget\" data-e-type=\"widget\" data-widget_type=\"facebook-embed.default\">\n\t\t\t\t\t<div style=\"min-height: 1px\" class=\"elementor-facebook-widget fb-post\" data-href=\"https:\/\/www.facebook.com\/eyly.tubac.5\/videos\/234708712356424\" data-show-text=\"false\"><\/div>\t\t\t\t<\/div>\n\t\t\t\t\t<\/div>\n\t\t<\/div>\n\t\t\t\t\t<\/div>\n\t\t<\/section>\n\t\t\t\t<section data-particle_enable=\"false\" data-particle-mobile-disabled=\"false\" class=\"elementor-section elementor-top-section elementor-element elementor-element-d05cbb2 elementor-section-boxed elementor-section-height-default elementor-section-height-default\" data-id=\"d05cbb2\" data-element_type=\"section\" data-e-type=\"section\">\n\t\t\t\t\t\t<div class=\"elementor-container elementor-column-gap-default\">\n\t\t\t\t\t<div class=\"elementor-column elementor-col-100 elementor-top-column elementor-element elementor-element-e796958\" data-id=\"e796958\" data-element_type=\"column\" data-e-type=\"column\">\n\t\t\t<div class=\"elementor-widget-wrap elementor-element-populated\">\n\t\t\t\t\t\t<div class=\"elementor-element elementor-element-c3a54ec elementor-widget elementor-widget-text-editor\" data-id=\"c3a54ec\" data-element_type=\"widget\" data-e-type=\"widget\" data-widget_type=\"text-editor.default\">\n\t\t\t\t\t\t\t\t\t<h4><span style=\"color: var( --e-global-color-text );\">\u00bfY c\u00f3mo fue el reencuentro?<\/span><\/h4><p><span style=\"color: var( --e-global-color-text );\">Mi esposa e hijo ten\u00edan papeles. Pero nuestra hija no. Me puse a hacer c\u00e1lculos. No me dar\u00edan permiso para salir por largo tiempo hasta dentro de seis meses. Ya era octubre de 2020. Hice un plan, de salir un fin de semana, recogerlos, hacer cita en la embajada. Pura pel\u00edcula. Un martes viaj\u00e9 a Guatemala, el mi\u00e9rcoles fuimos a la embajada y el jueves esta\u00e1bamos abordando un avi\u00f3n juntos. Yo los extra\u00f1aba tanto.<\/span><\/p><div>\u00a0<\/div>\t\t\t\t\t\t\t\t<\/div>\n\t\t\t\t\t<\/div>\n\t\t<\/div>\n\t\t\t\t\t<\/div>\n\t\t<\/section>\n\t\t\t\t<section data-particle_enable=\"false\" data-particle-mobile-disabled=\"false\" class=\"elementor-section elementor-top-section elementor-element elementor-element-f49a286 elementor-section-boxed elementor-section-height-default elementor-section-height-default\" data-id=\"f49a286\" data-element_type=\"section\" data-e-type=\"section\">\n\t\t\t\t\t\t<div class=\"elementor-container elementor-column-gap-default\">\n\t\t\t\t\t<div class=\"elementor-column elementor-col-100 elementor-top-column elementor-element elementor-element-0cb1cea\" data-id=\"0cb1cea\" data-element_type=\"column\" data-e-type=\"column\">\n\t\t\t<div class=\"elementor-widget-wrap elementor-element-populated\">\n\t\t\t\t\t\t<div class=\"elementor-element elementor-element-cf64217 elementor-widget elementor-widget-image\" data-id=\"cf64217\" data-element_type=\"widget\" data-e-type=\"widget\" data-widget_type=\"image.default\">\n\t\t\t\t\t\t\t\t\t\t\t\t<figure class=\"wp-caption\">\n\t\t\t\t\t\t\t\t\t\t<img decoding=\"async\" width=\"768\" height=\"1024\" src=\"https:\/\/soymigrante.com\/revista\/wp-content\/uploads\/2023\/12\/EYLY-Y-JONATAN-MARINE-768x1024.webp\" class=\"attachment-large size-large wp-image-4016\" alt=\"\" srcset=\"https:\/\/soymigrante.com\/revista\/wp-content\/uploads\/2023\/12\/EYLY-Y-JONATAN-MARINE-768x1024.webp 768w, https:\/\/soymigrante.com\/revista\/wp-content\/uploads\/2023\/12\/EYLY-Y-JONATAN-MARINE-225x300.webp 225w, https:\/\/soymigrante.com\/revista\/wp-content\/uploads\/2023\/12\/EYLY-Y-JONATAN-MARINE-1152x1536.webp 1152w, https:\/\/soymigrante.com\/revista\/wp-content\/uploads\/2023\/12\/EYLY-Y-JONATAN-MARINE-750x1000.webp 750w, https:\/\/soymigrante.com\/revista\/wp-content\/uploads\/2023\/12\/EYLY-Y-JONATAN-MARINE-1140x1520.webp 1140w, https:\/\/soymigrante.com\/revista\/wp-content\/uploads\/2023\/12\/EYLY-Y-JONATAN-MARINE.webp 1440w\" sizes=\"(max-width: 768px) 100vw, 768px\" title=\"EYLY Y JONATAN MARINE \u2013 SoyMigrante.com REVISTA\" \/>\t\t\t\t\t\t\t\t\t\t\t<figcaption class=\"widget-image-caption wp-caption-text\">Despu\u00e9s del reencuentro familiar, Eyly y Jonathan se prometieron no volver a separarse y de hecho emprendieron el proyecto de asesor\u00eda financiera juntos: ambos  aportan su talento y aprenden en conjunto.<\/figcaption>\n\t\t\t\t\t\t\t\t\t\t<\/figure>\n\t\t\t\t\t\t\t\t\t<\/div>\n\t\t\t\t\t<\/div>\n\t\t<\/div>\n\t\t\t\t\t<\/div>\n\t\t<\/section>\n\t\t\t\t<section data-particle_enable=\"false\" data-particle-mobile-disabled=\"false\" class=\"elementor-section elementor-top-section elementor-element elementor-element-39054e5 elementor-section-boxed elementor-section-height-default elementor-section-height-default\" data-id=\"39054e5\" data-element_type=\"section\" data-e-type=\"section\">\n\t\t\t\t\t\t<div class=\"elementor-container elementor-column-gap-default\">\n\t\t\t\t\t<div class=\"elementor-column elementor-col-100 elementor-top-column elementor-element elementor-element-d17bac9\" data-id=\"d17bac9\" data-element_type=\"column\" data-e-type=\"column\">\n\t\t\t<div class=\"elementor-widget-wrap elementor-element-populated\">\n\t\t\t\t\t\t<div class=\"elementor-element elementor-element-0857096 elementor-widget elementor-widget-text-editor\" data-id=\"0857096\" data-element_type=\"widget\" data-e-type=\"widget\" data-widget_type=\"text-editor.default\">\n\t\t\t\t\t\t\t\t\t<h4>\u00bfY c\u00f3mo llegan ustedes al mundo de las finanzas?<\/h4><p>Jonathan: En el trabajo militar yo ten\u00eda un sargento que estaba estudiando la carrera de Finanzas en una universidad en l\u00ednea. Me pareci\u00f3 interesantey le platiqu\u00e9.\u00a0 Me comparti\u00f3 como meterme y me ofreci\u00f3 ponerme en contacto con un mentor para que empezara mi propio negocio al salir del servicio.\u00a0<span style=\"color: var( --e-global-color-text );\">Nos involucramos Eyly y yo. Tuvimos altas y bajas, altas y bajas pero dos mentes funcionan mejor que una. Pero era una puerta. Hemos o\u00eddo que\u00a0 dicen que esposo y esposa no pueden trabajar juntos, pero entre nosotros no hay problema, hay entendimiento. Nos complementamos.<\/span><\/p><p style=\"font-style: normal; font-variant-ligatures: normal; font-variant-caps: normal; font-weight: 400; font-size: 16px; font-family: Roboto, sans-serif;\">\u00bfQu\u00e9 hace cada uno en la asesor\u00eda de finanzas?<\/p><p style=\"font-style: normal; font-variant-ligatures: normal; font-variant-caps: normal; font-weight: 400; font-size: 16px; font-family: Roboto, sans-serif;\">Eyly: yo traigo a las personas, me especializo en el mercadeo digital, pero trabajamos juntos. Al principio me costaba hablar en p\u00fablico y tambi\u00e9n el ingl\u00e9s, pero le puse empe\u00f1o.<\/p><p style=\"font-style: normal; font-variant-ligatures: normal; font-variant-caps: normal; font-weight: 400; font-size: 16px; font-family: Roboto, sans-serif;\">Jonathan: Ella hace mucho m\u00e1s: hace presentaciones, organiza citas, reune papeler\u00eda, explica a los clientes.\u00a0<\/p><p style=\"font-style: normal; font-variant-ligatures: normal; font-variant-caps: normal; font-weight: 400; font-size: 16px; font-family: Roboto, sans-serif;\">Pero la fortaleza es estar juntos: si solo soy un hombre presentando el plan a una mujer, la confianza es baja. Si se lo presento a un hombre, tambi\u00e9n es baja. Si Ella lo presenta, la confianza sube. Si los dos lo presentamos, la confianza es hasta arriba, porque somos una pareja, proyectamos valore,s tenemos hijos, queremos salir adelante. La clave es la confianza y nosotros la valoramos. Tenemos actualmente un equipo de m\u00e1s 20 personas, en el cual la mayor\u00eda son mujeres, madres..<\/p><h4><span style=\"color: var( --e-global-color-text );\">\u00a0<\/span><span style=\"color: var( --e-global-color-text );\">\u00bfY c\u00f3mo son las situaciones en las que apoyan a migrantes?<\/span><\/h4><p>El migrante tiene un objetivo: mandar dinero a su familia, pero a menudo se olvidan de s\u00ed mismos. Lo hemos visto una y otra vez: personas que trabajan por 40 a\u00f1os de su vida pero al cabo de esos 40, tienen muy poco. Y no es que no sean trabajadores, Han ganado dinero pero no toman las decisiones correctas en donde ahorrar su dinero, poner su dinero a trabajar. La clave es tener dinero invertido, o propiedades.\u00a0<\/p><p>\u00a0<\/p><p><span style=\"color: var( --e-global-color-text );\">.<\/span><\/p><div>\u00a0<\/div>\t\t\t\t\t\t\t\t<\/div>\n\t\t\t\t\t<\/div>\n\t\t<\/div>\n\t\t\t\t\t<\/div>\n\t\t<\/section>\n\t\t\t\t<section data-particle_enable=\"false\" data-particle-mobile-disabled=\"false\" class=\"elementor-section elementor-top-section elementor-element elementor-element-10b326d elementor-section-boxed elementor-section-height-default elementor-section-height-default\" data-id=\"10b326d\" data-element_type=\"section\" data-e-type=\"section\">\n\t\t\t\t\t\t<div class=\"elementor-container elementor-column-gap-default\">\n\t\t\t\t\t<div class=\"elementor-column elementor-col-100 elementor-top-column elementor-element elementor-element-c463d16\" data-id=\"c463d16\" data-element_type=\"column\" data-e-type=\"column\">\n\t\t\t<div class=\"elementor-widget-wrap elementor-element-populated\">\n\t\t\t\t\t\t<div class=\"elementor-element elementor-element-9d9245a elementor-widget elementor-widget-facebook-embed\" data-id=\"9d9245a\" data-element_type=\"widget\" data-e-type=\"widget\" data-widget_type=\"facebook-embed.default\">\n\t\t\t\t\t<div style=\"min-height: 1px\" class=\"elementor-facebook-widget fb-post\" data-href=\"https:\/\/www.facebook.com\/100090587586475\/videos\/1821339251600108\/\" data-show-text=\"false\"><\/div>\t\t\t\t<\/div>\n\t\t\t\t\t<\/div>\n\t\t<\/div>\n\t\t\t\t\t<\/div>\n\t\t<\/section>\n\t\t\t\t<section data-particle_enable=\"false\" data-particle-mobile-disabled=\"false\" class=\"elementor-section elementor-top-section elementor-element elementor-element-e3ab9e8 elementor-section-boxed elementor-section-height-default elementor-section-height-default\" data-id=\"e3ab9e8\" data-element_type=\"section\" data-e-type=\"section\">\n\t\t\t\t\t\t<div class=\"elementor-container elementor-column-gap-default\">\n\t\t\t\t\t<div class=\"elementor-column elementor-col-100 elementor-top-column elementor-element elementor-element-7dc355f\" data-id=\"7dc355f\" data-element_type=\"column\" data-e-type=\"column\">\n\t\t\t<div class=\"elementor-widget-wrap elementor-element-populated\">\n\t\t\t\t\t\t<div class=\"elementor-element elementor-element-f42e2b5 elementor-widget elementor-widget-text-editor\" data-id=\"f42e2b5\" data-element_type=\"widget\" data-e-type=\"widget\" data-widget_type=\"text-editor.default\">\n\t\t\t\t\t\t\t\t\t<p>\u00bfCu\u00e1l es el consejo para que dan a los migrantes?<\/p><p>Eyly: Primero el ingl\u00e9s. Para m\u00ed era un impedimento, pero ya no. Uno puede y debe aprender. Ser mam\u00e1 nos hace fuertes y nuestros hijos son un motivo para triunfar.<\/p><p>Jonatan: Las amas de casa tienen ganas de salir adelante, cr\u00e9eme. tienen ganas de emprender. En nuestra industria (finanzas) las mujeres tienen un gran potencial. Pero deben seguir so\u00f1ando. En cuanto a las finanzas, necesitan tener una asesor\u00eda profesional y un plan de ahorro e inversi\u00f3n. No basta con ahorrar&#8230; es necesario que visualicen un futuro. Nosotros podemos ayudarle a esto.<\/p><p>Nota: Para contactar a Eyly o Jonathan, puede escribirles un mensaje a trav\u00e9s de sus perfiles de Facebook.<\/p><p>O escribir al correo:\u00a0<i>\u00a0jlunaphp@gmail.com<\/i><\/p><div>\u00a0<\/div>\t\t\t\t\t\t\t\t<\/div>\n\t\t\t\t\t<\/div>\n\t\t<\/div>\n\t\t\t\t\t<\/div>\n\t\t<\/section>\n\t\t\t\t<section data-particle_enable=\"false\" data-particle-mobile-disabled=\"false\" class=\"elementor-section elementor-top-section elementor-element elementor-element-9187d8d elementor-section-boxed elementor-section-height-default elementor-section-height-default\" data-id=\"9187d8d\" data-element_type=\"section\" data-e-type=\"section\">\n\t\t\t\t\t\t<div class=\"elementor-container elementor-column-gap-default\">\n\t\t\t\t\t<div class=\"elementor-column elementor-col-100 elementor-top-column elementor-element elementor-element-1c200be\" data-id=\"1c200be\" data-element_type=\"column\" data-e-type=\"column\">\n\t\t\t<div class=\"elementor-widget-wrap elementor-element-populated\">\n\t\t\t\t\t\t<div class=\"elementor-element elementor-element-67d1468 elementor-widget elementor-widget-blfe-post-grid\" data-id=\"67d1468\" data-element_type=\"widget\" data-e-type=\"widget\" data-settings=\"{&quot;columns&quot;:&quot;3&quot;,&quot;columns_tablet&quot;:&quot;6&quot;,&quot;columns_mobile&quot;:&quot;12&quot;,&quot;hero1_layout_column_gap&quot;:{&quot;unit&quot;:&quot;px&quot;,&quot;size&quot;:30,&quot;sizes&quot;:[]},&quot;hero1_layout_column_gap_tablet&quot;:{&quot;unit&quot;:&quot;px&quot;,&quot;size&quot;:&quot;&quot;,&quot;sizes&quot;:[]},&quot;hero1_layout_column_gap_mobile&quot;:{&quot;unit&quot;:&quot;px&quot;,&quot;size&quot;:&quot;&quot;,&quot;sizes&quot;:[]},&quot;hero1_layout_row_gap&quot;:{&quot;unit&quot;:&quot;px&quot;,&quot;size&quot;:30,&quot;sizes&quot;:[]},&quot;hero1_layout_row_gap_tablet&quot;:{&quot;unit&quot;:&quot;px&quot;,&quot;size&quot;:&quot;&quot;,&quot;sizes&quot;:[]},&quot;hero1_layout_row_gap_mobile&quot;:{&quot;unit&quot;:&quot;px&quot;,&quot;size&quot;:&quot;&quot;,&quot;sizes&quot;:[]}}\" data-widget_type=\"blfe-post-grid.hero1\">\n\t\t\t\t<div class=\"elementor-widget-container\">\n\t\t\t\t\t\n                        <div class=\"blfe-post-grid-container \">\n            \n                <div data-skin=\"hero1\" class=\"blfe-row blfe-posts-inner blfe-hero1 blfe-posts-inner blfe-col-3 blfe-col-tab-6 blfe-col-mob-12     \">\n                            <div class=\"blfe-post-grid-item\">\n            <div class=\"blfe-post-grid-item-inner blfe-modern-zoom\">\n                        <div class=\"blfe-post-grid-bg-image\">\n            <a class=\"blfe-post-grid-image-inner\" href=\"https:\/\/soymigrante.com\/revista\/estrategias-para-fidelizar-clientes-pequenas-acciones-que-te-ayudaran-en-el-comercio-digital\/\" title=\"Estrategias para fidelizar clientes: peque\u00f1as acciones que te ayudar\u00e1n en el comercio digital\" rel=\"nofollow\" target=\"_blank\"><img decoding=\"async\" src=\"https:\/\/soymigrante.com\/revista\/wp-content\/uploads\/2026\/04\/vendedora-soymigrantecom-emprendimiento-emprendedora-comercio-digital.png\" alt=\"Estrategias para fidelizar clientes: peque\u00f1as acciones que te ayudar\u00e1n en el comercio digital\"\/><\/a>        <\/div>\n                        <div class=\"blfe-post-grid-details\">\n                    <div class=\"blfe-post-grid-details-inner\">\n                        <span class=\"blfe-post-category\"><a href=\"https:\/\/soymigrante.com\/revista\/category\/bienestar\/\">Bienestar<\/a><\/span>                        <h3 class=\"blfe-post-grid-title\">\n            <a href=\"https:\/\/soymigrante.com\/revista\/estrategias-para-fidelizar-clientes-pequenas-acciones-que-te-ayudaran-en-el-comercio-digital\/\" title=\"Estrategias para fidelizar clientes: peque\u00f1as acciones que te ayudar\u00e1n en el comercio digital\" rel=\"nofollow\" target=\"_blank\">Estrategias para fidelizar clientes: peque\u00f1as acciones que te ayudar\u00e1n en el comercio digital<\/a>\n            <\/h3>                                                            <div class=\"blfe-post-grid-meta\">\n                <span class=\"blfe-post-grid-author\"><i class=\"fa fa-user far fa-user\"><\/i>by <a href=\"https:\/\/soymigrante.com\/revista\/author\/soymigrante\/\">SoyMigrante.com REVISTA<\/a><\/span>                    <div class=\"blfe-post-meta-dot\"><\/div>\n                    <span class=\"blfe-post-grid-date\"><i class=\"fa fa-calendar-alt far fa-calendar-alt\"><\/i>21\/04\/2026<\/span>                    <div class=\"blfe-post-meta-dot\"><\/div>\n                                <\/div>\n                                                        <\/div>\n                <\/div>\n\n            <\/div>\n        <\/div>\n                <div class=\"blfe-post-grid-item\">\n            <div class=\"blfe-post-grid-item-inner blfe-modern-zoom\">\n                        <div class=\"blfe-post-grid-bg-image\">\n            <a class=\"blfe-post-grid-image-inner\" href=\"https:\/\/soymigrante.com\/revista\/violencia-intrafamiliar-domestica-se-debe-reconocer-y-denunciar-donde-obtener-ayuda-en-estados-unidos\/\" title=\"Violencia intrafamiliar se debe reconocer,  denunciar y frenar \u00bfD\u00f3nde obtener ayuda en Estados Unidos?\" rel=\"nofollow\" target=\"_blank\"><img decoding=\"async\" src=\"https:\/\/soymigrante.com\/revista\/wp-content\/uploads\/2026\/04\/frenar-violencia-domestica-estados-unidos.png\" alt=\"Violencia intrafamiliar se debe reconocer,  denunciar y frenar \u00bfD\u00f3nde obtener ayuda en Estados Unidos?\"\/><\/a>        <\/div>\n                        <div class=\"blfe-post-grid-details\">\n                    <div class=\"blfe-post-grid-details-inner\">\n                        <span class=\"blfe-post-category\"><a href=\"https:\/\/soymigrante.com\/revista\/category\/bienestar\/en-familia\/\">En Familia<\/a><\/span>                        <h3 class=\"blfe-post-grid-title\">\n            <a href=\"https:\/\/soymigrante.com\/revista\/violencia-intrafamiliar-domestica-se-debe-reconocer-y-denunciar-donde-obtener-ayuda-en-estados-unidos\/\" title=\"Violencia intrafamiliar se debe reconocer,  denunciar y frenar \u00bfD\u00f3nde obtener ayuda en Estados Unidos?\" rel=\"nofollow\" target=\"_blank\">Violencia intrafamiliar se debe reconocer,  denunciar y frenar \u00bfD\u00f3nde obtener ayuda en Estados Unidos?<\/a>\n            <\/h3>                                                            <div class=\"blfe-post-grid-meta\">\n                <span class=\"blfe-post-grid-author\"><i class=\"fa fa-user far fa-user\"><\/i>by <a href=\"https:\/\/soymigrante.com\/revista\/author\/soymigrante\/\">SoyMigrante.com REVISTA<\/a><\/span>                    <div class=\"blfe-post-meta-dot\"><\/div>\n                    <span class=\"blfe-post-grid-date\"><i class=\"fa fa-calendar-alt far fa-calendar-alt\"><\/i>13\/04\/2026<\/span>                    <div class=\"blfe-post-meta-dot\"><\/div>\n                                <\/div>\n                                                        <\/div>\n                <\/div>\n\n            <\/div>\n        <\/div>\n                <div class=\"blfe-post-grid-item\">\n            <div class=\"blfe-post-grid-item-inner blfe-modern-zoom\">\n                        <div class=\"blfe-post-grid-bg-image\">\n            <a class=\"blfe-post-grid-image-inner\" href=\"https:\/\/soymigrante.com\/revista\/claves-sobre-primeros-auxilios-psicologicos-para-ayudar-a-alguien-agobiado-por-dolor-miedo-o-angustia\/\" title=\"Claves sobre Primeros Auxilios Psicol\u00f3gicos para ayudar a alguien agobiado por dolor, miedo o angustia\" rel=\"nofollow\" target=\"_blank\"><img decoding=\"async\" src=\"https:\/\/soymigrante.com\/revista\/wp-content\/uploads\/2026\/04\/primeros-auxilios-emocionales.png\" alt=\"Claves sobre Primeros Auxilios Psicol\u00f3gicos para ayudar a alguien agobiado por dolor, miedo o angustia\"\/><\/a>        <\/div>\n                        <div class=\"blfe-post-grid-details\">\n                    <div class=\"blfe-post-grid-details-inner\">\n                        <span class=\"blfe-post-category\"><a href=\"https:\/\/soymigrante.com\/revista\/category\/bienestar\/salud-emocional\/\">Salud Emocional<\/a><\/span>                        <h3 class=\"blfe-post-grid-title\">\n            <a href=\"https:\/\/soymigrante.com\/revista\/claves-sobre-primeros-auxilios-psicologicos-para-ayudar-a-alguien-agobiado-por-dolor-miedo-o-angustia\/\" title=\"Claves sobre Primeros Auxilios Psicol\u00f3gicos para ayudar a alguien agobiado por dolor, miedo o angustia\" rel=\"nofollow\" target=\"_blank\">Claves sobre Primeros Auxilios Psicol\u00f3gicos para ayudar a alguien agobiado por dolor, miedo o angustia<\/a>\n            <\/h3>                                                            <div class=\"blfe-post-grid-meta\">\n                <span class=\"blfe-post-grid-author\"><i class=\"fa fa-user far fa-user\"><\/i>by <a href=\"https:\/\/soymigrante.com\/revista\/author\/mariangel-alvarez\/\">Mari\u00e1ngel \u00c1lvarez<\/a><\/span>                    <div class=\"blfe-post-meta-dot\"><\/div>\n                    <span class=\"blfe-post-grid-date\"><i class=\"fa fa-calendar-alt far fa-calendar-alt\"><\/i>07\/04\/2026<\/span>                    <div class=\"blfe-post-meta-dot\"><\/div>\n                                <\/div>\n                                                        <\/div>\n                <\/div>\n\n            <\/div>\n        <\/div>\n                <div class=\"blfe-post-grid-item\">\n            <div class=\"blfe-post-grid-item-inner blfe-modern-zoom\">\n                        <div class=\"blfe-post-grid-bg-image\">\n            <a class=\"blfe-post-grid-image-inner\" href=\"https:\/\/soymigrante.com\/revista\/horario-de-verano-2026-en-usa-cuando-comenzo-y-hasta-cuando-dura\/\" title=\"Horario de verano 2026 en USA: \u00bfCu\u00e1ndo comenz\u00f3 y hasta cuando dura?\" rel=\"nofollow\" target=\"_blank\"><img decoding=\"async\" src=\"https:\/\/soymigrante.com\/revista\/wp-content\/uploads\/2026\/03\/horario-de-verano-estados-unidos-2.png\" alt=\"Horario de verano 2026 en USA: \u00bfCu\u00e1ndo comenz\u00f3 y hasta cuando dura?\"\/><\/a>        <\/div>\n                        <div class=\"blfe-post-grid-details\">\n                    <div class=\"blfe-post-grid-details-inner\">\n                        <span class=\"blfe-post-category\"><a href=\"https:\/\/soymigrante.com\/revista\/category\/bienestar\/\">Bienestar<\/a><\/span>                        <h3 class=\"blfe-post-grid-title\">\n            <a href=\"https:\/\/soymigrante.com\/revista\/horario-de-verano-2026-en-usa-cuando-comenzo-y-hasta-cuando-dura\/\" title=\"Horario de verano 2026 en USA: \u00bfCu\u00e1ndo comenz\u00f3 y hasta cuando dura?\" rel=\"nofollow\" target=\"_blank\">Horario de verano 2026 en USA: \u00bfCu\u00e1ndo comenz\u00f3 y hasta cuando dura?<\/a>\n            <\/h3>                                                            <div class=\"blfe-post-grid-meta\">\n                <span class=\"blfe-post-grid-author\"><i class=\"fa fa-user far fa-user\"><\/i>by <a href=\"https:\/\/soymigrante.com\/revista\/author\/soymigrante\/\">SoyMigrante.com REVISTA<\/a><\/span>                    <div class=\"blfe-post-meta-dot\"><\/div>\n                    <span class=\"blfe-post-grid-date\"><i class=\"fa fa-calendar-alt far fa-calendar-alt\"><\/i>10\/03\/2026<\/span>                    <div class=\"blfe-post-meta-dot\"><\/div>\n                                <\/div>\n                                                        <\/div>\n                <\/div>\n\n            <\/div>\n        <\/div>\n                <div class=\"blfe-post-grid-item\">\n            <div class=\"blfe-post-grid-item-inner blfe-modern-zoom\">\n                        <div class=\"blfe-post-grid-bg-image\">\n            <a class=\"blfe-post-grid-image-inner\" href=\"https:\/\/soymigrante.com\/revista\/piramide-nutricional-sugerencia-chef-guatemalteca-amalia-moreno-damgaard-minesota\/\" title=\"Chef guatemalteca Amalia Moreno-Damgaard, en Minesota, comparte su concepto de pir\u00e1mide nutricional\" rel=\"nofollow\" target=\"_blank\"><img decoding=\"async\" src=\"https:\/\/soymigrante.com\/revista\/wp-content\/uploads\/2026\/01\/amalia-moreno-chef-guatemalteca-piramide-alimenticia-sugerida.png\" alt=\"Chef guatemalteca Amalia Moreno-Damgaard, en Minesota, comparte su concepto de pir\u00e1mide nutricional\"\/><\/a>        <\/div>\n                        <div class=\"blfe-post-grid-details\">\n                    <div class=\"blfe-post-grid-details-inner\">\n                        <span class=\"blfe-post-category\"><a href=\"https:\/\/soymigrante.com\/revista\/category\/bienestar\/\">Bienestar<\/a><\/span>                        <h3 class=\"blfe-post-grid-title\">\n            <a href=\"https:\/\/soymigrante.com\/revista\/piramide-nutricional-sugerencia-chef-guatemalteca-amalia-moreno-damgaard-minesota\/\" title=\"Chef guatemalteca Amalia Moreno-Damgaard, en Minesota, comparte su concepto de pir\u00e1mide nutricional\" rel=\"nofollow\" target=\"_blank\">Chef guatemalteca Amalia Moreno-Damgaard, en Minesota, comparte su concepto de pir\u00e1mide nutricional<\/a>\n            <\/h3>                                                            <div class=\"blfe-post-grid-meta\">\n                <span class=\"blfe-post-grid-author\"><i class=\"fa fa-user far fa-user\"><\/i>by <a href=\"https:\/\/soymigrante.com\/revista\/author\/soymigrante\/\">SoyMigrante.com REVISTA<\/a><\/span>                    <div class=\"blfe-post-meta-dot\"><\/div>\n                    <span class=\"blfe-post-grid-date\"><i class=\"fa fa-calendar-alt far fa-calendar-alt\"><\/i>29\/01\/2026<\/span>                    <div class=\"blfe-post-meta-dot\"><\/div>\n                                <\/div>\n                                                        <\/div>\n                <\/div>\n\n            <\/div>\n        <\/div>\n                <div class=\"blfe-post-grid-item\">\n            <div class=\"blfe-post-grid-item-inner blfe-modern-zoom\">\n                        <div class=\"blfe-post-grid-bg-image\">\n            <a class=\"blfe-post-grid-image-inner\" href=\"https:\/\/soymigrante.com\/revista\/10-consejos-de-comida-saludable-para-cuidar-tu-salud-intestinal-quiza-ya-los-conocias-o-tal-vez-los-necesitas\/\" title=\"10 claves para comer saludable y cuidar tu salud intestinal (quiz\u00e1 ya los conoc\u00edas o tal vez los necesitas)\" rel=\"nofollow\" target=\"_blank\"><img decoding=\"async\" src=\"https:\/\/soymigrante.com\/revista\/wp-content\/uploads\/2026\/01\/comida-saludable-consejos.png\" alt=\"10 claves para comer saludable y cuidar tu salud intestinal (quiz\u00e1 ya los conoc\u00edas o tal vez los necesitas)\"\/><\/a>        <\/div>\n                        <div class=\"blfe-post-grid-details\">\n                    <div class=\"blfe-post-grid-details-inner\">\n                        <span class=\"blfe-post-category\"><a href=\"https:\/\/soymigrante.com\/revista\/category\/bienestar\/\">Bienestar<\/a><\/span>                        <h3 class=\"blfe-post-grid-title\">\n            <a href=\"https:\/\/soymigrante.com\/revista\/10-consejos-de-comida-saludable-para-cuidar-tu-salud-intestinal-quiza-ya-los-conocias-o-tal-vez-los-necesitas\/\" title=\"10 claves para comer saludable y cuidar tu salud intestinal (quiz\u00e1 ya los conoc\u00edas o tal vez los necesitas)\" rel=\"nofollow\" target=\"_blank\">10 claves para comer saludable y cuidar tu salud intestinal (quiz\u00e1 ya los conoc\u00edas o tal vez los necesitas)<\/a>\n            <\/h3>                                                            <div class=\"blfe-post-grid-meta\">\n                <span class=\"blfe-post-grid-author\"><i class=\"fa fa-user far fa-user\"><\/i>by <a href=\"https:\/\/soymigrante.com\/revista\/author\/soymigrante\/\">SoyMigrante.com REVISTA<\/a><\/span>                    <div class=\"blfe-post-meta-dot\"><\/div>\n                    <span class=\"blfe-post-grid-date\"><i class=\"fa fa-calendar-alt far fa-calendar-alt\"><\/i>23\/01\/2026<\/span>                    <div class=\"blfe-post-meta-dot\"><\/div>\n                                <\/div>\n                                                        <\/div>\n                <\/div>\n\n            <\/div>\n        <\/div>\n                        <\/div>\n\n                        <\/div>\n            \n                        <div class=\"blfe-post-footer\">\n                        <\/div>\n            \t\t\t\t<\/div>\n\t\t\t\t<\/div>\n\t\t\t\t\t<\/div>\n\t\t<\/div>\n\t\t\t\t\t<\/div>\n\t\t<\/section>\n\t\t\t\t<\/div>\n\t\t","protected":false},"excerpt":{"rendered":"<p>Los Luna son asesores de finanzas, inversiones y fondos de retiro; Eyly es madre, esposa y emprendedora; Jonathan es marine del Ej\u00e9rcito de EE.UU.; su gran amor migrante es su mayor activo. El amor de familia es la mayor riqueza de Eyly y Jonathan, migrantes guatemaltecos que triunfan en el servicio de asesor\u00eda de las [&hellip;]<\/p>\n","protected":false},"author":7,"featured_media":4013,"comment_status":"open","ping_status":"open","sticky":false,"template":"","format":"standard","meta":{"_acf_changed":false,"_eb_attr":"","footnotes":""},"categories":[50],"tags":[],"class_list":["post-4008","post","type-post","status-publish","format-standard","has-post-thumbnail","hentry","category-exitos"],"acf":[],"aioseo_notices":[],"aioseo_head":"\n\t\t<!-- All in One SEO Pro 4.9.6.2 - aioseo.com -->\n\t<meta name=\"description\" content=\"Comer saludable no tiene por qu\u00e9 ser aburrido o dif\u00edcil, pero s\u00ed es muy importante para cuidar tu intestino: toma en cuenta estos tips pr\u00e1cticos.\" \/>\n\t<meta name=\"robots\" content=\"max-snippet:-1, max-image-preview:large, max-video-preview:-1\" \/>\n\t<meta name=\"author\" content=\"SoyMigrante.com REVISTA\"\/>\n\t<link rel=\"canonical\" href=\"https:\/\/soymigrante.com\/revista\/10-consejos-de-comida-saludable-para-cuidar-tu-salud-intestinal-quiza-ya-los-conocias-o-tal-vez-los-necesitas\/\" \/>\n\t<meta name=\"generator\" content=\"All in One SEO Pro (AIOSEO) 4.9.6.2\" \/>\n\n\t\t<link rel=\"preconnect\" href=\"https:\/\/fonts.googleapis.com\" crossorigin>\n<link rel=\"preconnect\" href=\"https:\/\/fonts.gstatic.com\" crossorigin>\n\t\t<meta property=\"og:locale\" content=\"es_ES\" \/>\n\t\t<meta property=\"og:site_name\" content=\"SoyMigrante.com REVISTA \u2013 Nuestra misi\u00f3n es reconocer y dignificar al migrante.\" \/>\n\t\t<meta property=\"og:type\" content=\"article\" \/>\n\t\t<meta property=\"og:title\" content=\"10 Tips para comer mejor y cuidar tu salud intestinal\" \/>\n\t\t<meta property=\"og:description\" content=\"Comer saludable no tiene por qu\u00e9 ser aburrido o dif\u00edcil, pero s\u00ed es muy importante para cuidar tu intestino: toma en cuenta estos tips pr\u00e1cticos.\" \/>\n\t\t<meta property=\"og:url\" content=\"https:\/\/soymigrante.com\/revista\/10-consejos-de-comida-saludable-para-cuidar-tu-salud-intestinal-quiza-ya-los-conocias-o-tal-vez-los-necesitas\/\" \/>\n\t\t<meta property=\"og:image\" content=\"https:\/\/soymigrante.com\/revista\/wp-content\/uploads\/2026\/01\/comida-saludable-consejos.png\" \/>\n\t\t<meta property=\"og:image:secure_url\" content=\"https:\/\/soymigrante.com\/revista\/wp-content\/uploads\/2026\/01\/comida-saludable-consejos.png\" \/>\n\t\t<meta property=\"og:image:width\" content=\"781\" \/>\n\t\t<meta property=\"og:image:height\" content=\"781\" \/>\n\t\t<meta property=\"article:published_time\" content=\"2026-01-23T14:36:50+00:00\" \/>\n\t\t<meta property=\"article:modified_time\" content=\"2026-01-23T14:53:22+00:00\" \/>\n\t\t<meta property=\"article:publisher\" content=\"https:\/\/www.facebook.com\/soymigrantecom\" \/>\n\t\t<meta name=\"twitter:card\" content=\"summary_large_image\" \/>\n\t\t<meta name=\"twitter:site\" content=\"@SoyMigrante_com\" \/>\n\t\t<meta name=\"twitter:title\" content=\"10 Tips para comer mejor y cuidar tu salud intestinal\" \/>\n\t\t<meta name=\"twitter:description\" content=\"Comer saludable no tiene por qu\u00e9 ser aburrido o dif\u00edcil, pero s\u00ed es muy importante para cuidar tu intestino: toma en cuenta estos tips pr\u00e1cticos.\" \/>\n\t\t<meta name=\"twitter:creator\" content=\"@SoyMigrante_com\" \/>\n\t\t<meta name=\"twitter:image\" content=\"https:\/\/soymigrante.com\/revista\/wp-content\/uploads\/2026\/01\/comida-saludable-consejos.png\" \/>\n\t\t<!-- All in One SEO Pro -->\r\n\t\t<title>10 Tips para comer mejor y cuidar tu salud intestinal<\/title>\n\n","aioseo_head_json":{"title":"10 Tips para comer mejor y cuidar tu salud intestinal","description":"Comer saludable no tiene por qu\u00e9 ser aburrido o dif\u00edcil, pero s\u00ed es muy importante para cuidar tu intestino: toma en cuenta estos tips pr\u00e1cticos.","canonical_url":"https:\/\/soymigrante.com\/revista\/10-consejos-de-comida-saludable-para-cuidar-tu-salud-intestinal-quiza-ya-los-conocias-o-tal-vez-los-necesitas\/","robots":"max-snippet:-1, max-image-preview:large, max-video-preview:-1","keywords":"","webmasterTools":{"miscellaneous":"&lt;link rel=\"preconnect\" href=\"https:\/\/fonts.googleapis.com\" crossorigin&gt;\n&lt;link rel=\"preconnect\" href=\"https:\/\/fonts.gstatic.com\" crossorigin&gt;"},"schema":null,"og:locale":"es_ES","og:site_name":"SoyMigrante.com REVISTA \u2013 Nuestra misi\u00f3n es reconocer y dignificar al migrante.","og:type":"article","og:title":"10 Tips para comer mejor y cuidar tu salud intestinal","og:description":"Comer saludable no tiene por qu\u00e9 ser aburrido o dif\u00edcil, pero s\u00ed es muy importante para cuidar tu intestino: toma en cuenta estos tips pr\u00e1cticos.","og:url":"https:\/\/soymigrante.com\/revista\/10-consejos-de-comida-saludable-para-cuidar-tu-salud-intestinal-quiza-ya-los-conocias-o-tal-vez-los-necesitas\/","og:image":"https:\/\/soymigrante.com\/revista\/wp-content\/uploads\/2026\/01\/comida-saludable-consejos.png","og:image:secure_url":"https:\/\/soymigrante.com\/revista\/wp-content\/uploads\/2026\/01\/comida-saludable-consejos.png","og:image:width":781,"og:image:height":781,"article:published_time":"2026-01-23T14:36:50+00:00","article:modified_time":"2026-01-23T14:53:22+00:00","article:publisher":"https:\/\/www.facebook.com\/soymigrantecom","twitter:card":"summary_large_image","twitter:site":"@SoyMigrante_com","twitter:title":"10 Tips para comer mejor y cuidar tu salud intestinal","twitter:description":"Comer saludable no tiene por qu\u00e9 ser aburrido o dif\u00edcil, pero s\u00ed es muy importante para cuidar tu intestino: toma en cuenta estos tips pr\u00e1cticos.","twitter:creator":"@SoyMigrante_com","twitter:image":"https:\/\/soymigrante.com\/revista\/wp-content\/uploads\/2026\/01\/comida-saludable-consejos.png"},"aioseo_meta_data":{"post_id":"4008","title":null,"description":null,"keywords":[],"keyphrases":{"focus":{"keyphrase":"Migrante","score":82,"analysis":{"keyphraseInTitle":{"score":9,"maxScore":9,"error":0},"keyphraseInDescription":{"score":9,"maxScore":9,"error":0},"keyphraseLength":{"score":9,"maxScore":9,"error":0,"length":1},"keyphraseInURL":{"score":5,"maxScore":5,"error":0},"keyphraseInIntroduction":{"score":3,"maxScore":9,"error":1},"keyphraseInSubHeadings":{"score":3,"maxScore":9,"error":1},"keyphraseInImageAlt":{"score":9,"maxScore":9,"error":0},"keywordDensity":{"type":"best","score":9,"maxScore":9,"error":0}}},"additional":[]},"primary_term":null,"canonical_url":null,"og_title":null,"og_description":null,"og_object_type":"default","og_image_type":"default","og_image_url":null,"og_image_width":null,"og_image_height":null,"og_image_custom_url":null,"og_image_custom_fields":null,"og_video":"","og_custom_url":null,"og_article_section":null,"og_article_tags":[],"twitter_use_og":false,"twitter_card":"default","twitter_image_type":"default","twitter_image_url":null,"twitter_image_custom_url":null,"twitter_image_custom_fields":null,"twitter_title":null,"twitter_description":null,"schema":{"blockGraphs":[],"customGraphs":[],"default":{"data":{"Article":[],"Course":[],"Dataset":[],"FAQPage":[],"Movie":[],"Person":[],"Product":[],"ProductReview":[],"Car":[],"Recipe":[],"Service":[],"SoftwareApplication":[],"WebPage":[]},"graphName":"BlogPosting","isEnabled":true},"graphs":[]},"schema_type":"default","schema_type_options":null,"pillar_content":false,"robots_default":true,"robots_noindex":false,"robots_noarchive":false,"robots_nosnippet":false,"robots_nofollow":false,"robots_noimageindex":false,"robots_noodp":false,"robots_notranslate":false,"robots_max_snippet":"-1","robots_max_videopreview":"-1","robots_max_imagepreview":"large","priority":null,"frequency":"default","local_seo":null,"seo_analyzer_scan_date":"2025-10-08 20:55:10","breadcrumb_settings":null,"limit_modified_date":false,"reviewed_by":null,"open_ai":null,"ai":null,"created":"2023-12-26 22:45:09","updated":"2026-02-04 10:04:31"},"aioseo_breadcrumb":"<div class=\"aioseo-breadcrumbs\"><span class=\"aioseo-breadcrumb\">\n\t<a href=\"https:\/\/soymigrante.com\/revista\" title=\"Home\">Home<\/a>\n<\/span><span class=\"aioseo-breadcrumb-separator\">\u00bb<\/span><span class=\"aioseo-breadcrumb\">\n\t<a href=\"https:\/\/soymigrante.com\/revista\/category\/exitos\/\" title=\"\u00c9xitos\">\u00c9xitos<\/a>\n<\/span><span class=\"aioseo-breadcrumb-separator\">\u00bb<\/span><span class=\"aioseo-breadcrumb\">\n\tEyly y Jonathan Luna: historia de amor, lucha y superaci\u00f3n migrante\n<\/span><\/div>","aioseo_breadcrumb_json":[{"label":"Home","link":"https:\/\/soymigrante.com\/revista"},{"label":"\u00c9xitos","link":"https:\/\/soymigrante.com\/revista\/category\/exitos\/"},{"label":"Eyly y Jonathan Luna: historia de amor, lucha y superaci\u00f3n migrante","link":"https:\/\/soymigrante.com\/revista\/matrimonio-migrante-marine-corps-finanzas-amor-familia-guatemalteca-finanzas\/"}],"_links":{"self":[{"href":"https:\/\/soymigrante.com\/revista\/wp-json\/wp\/v2\/posts\/4008","targetHints":{"allow":["GET"]}}],"collection":[{"href":"https:\/\/soymigrante.com\/revista\/wp-json\/wp\/v2\/posts"}],"about":[{"href":"https:\/\/soymigrante.com\/revista\/wp-json\/wp\/v2\/types\/post"}],"author":[{"embeddable":true,"href":"https:\/\/soymigrante.com\/revista\/wp-json\/wp\/v2\/users\/7"}],"replies":[{"embeddable":true,"href":"https:\/\/soymigrante.com\/revista\/wp-json\/wp\/v2\/comments?post=4008"}],"version-history":[{"count":0,"href":"https:\/\/soymigrante.com\/revista\/wp-json\/wp\/v2\/posts\/4008\/revisions"}],"wp:featuredmedia":[{"embeddable":true,"href":"https:\/\/soymigrante.com\/revista\/wp-json\/wp\/v2\/media\/4013"}],"wp:attachment":[{"href":"https:\/\/soymigrante.com\/revista\/wp-json\/wp\/v2\/media?parent=4008"}],"wp:term":[{"taxonomy":"category","embeddable":true,"href":"https:\/\/soymigrante.com\/revista\/wp-json\/wp\/v2\/categories?post=4008"},{"taxonomy":"post_tag","embeddable":true,"href":"https:\/\/soymigrante.com\/revista\/wp-json\/wp\/v2\/tags?post=4008"}],"curies":[{"name":"wp","href":"https:\/\/api.w.org\/{rel}","templated":true}]}}