{"id":39808,"date":"2025-07-21T04:00:00","date_gmt":"2025-07-21T10:00:00","guid":{"rendered":"https:\/\/soymigrante.com\/revista\/?p=39808"},"modified":"2025-07-20T20:29:10","modified_gmt":"2025-07-21T02:29:10","slug":"piedras-de-kabtzin-huehuetenango-cuchumatanes-leyenda-misterio","status":"publish","type":"post","link":"https:\/\/soymigrante.com\/revista\/piedras-de-kabtzin-huehuetenango-cuchumatanes-leyenda-misterio\/","title":{"rendered":"\u00bfConoces la leyenda de las piedras de Kab&#8217;Tzin en Huehuetenango?"},"content":{"rendered":"\t\t<div data-elementor-type=\"wp-post\" data-elementor-id=\"39808\" class=\"elementor elementor-39808\" data-elementor-post-type=\"post\">\n\t\t\t\t<div data-particle_enable=\"false\" data-particle-mobile-disabled=\"false\" class=\"elementor-element elementor-element-db9a59b e-flex e-con-boxed e-con e-parent\" data-id=\"db9a59b\" data-element_type=\"container\" data-e-type=\"container\">\n\t\t\t\t\t<div class=\"e-con-inner\">\n\t\t\t\t<div class=\"elementor-element elementor-element-43437d9 elementor-widget elementor-widget-heading\" data-id=\"43437d9\" data-element_type=\"widget\" data-e-type=\"widget\" data-widget_type=\"heading.default\">\n\t\t\t\t\t<h2 class=\"elementor-heading-title elementor-size-default\">Las piedras de Cab'Tzin son enigm\u00e1ticas  columnas rocosas en la carretera hacia San Juan<\/h2>\t\t\t\t<\/div>\n\t\t\t\t\t<\/div>\n\t\t\t\t<\/div>\n\t\t<div data-particle_enable=\"false\" data-particle-mobile-disabled=\"false\" class=\"elementor-element elementor-element-71d573c e-flex e-con-boxed e-con e-parent\" data-id=\"71d573c\" data-element_type=\"container\" data-e-type=\"container\">\n\t\t\t\t\t<div class=\"e-con-inner\">\n\t\t\t\t<div class=\"elementor-element elementor-element-e3fd981 elementor-widget elementor-widget-text-editor\" data-id=\"e3fd981\" data-element_type=\"widget\" data-e-type=\"widget\" data-widget_type=\"text-editor.default\">\n\t\t\t\t\t\t\t\t\t<p>Enclavadas entre cerros verdes y neblina, las piedras de Kab&#8217;Tzin se localizan\u00a0en la carretera hacia San Juan Ixcoy, <a href=\"https:\/\/soymigrante.com\/revista\/departamentos-de-guatemala-huehuetenango-la-tierra-de-kaibil-balam-tesoro-cultural-y-natural\/\" target=\"_blank\" rel=\"noopener\">Huehuetenango<\/a>.\u00a0B\u00e1sicamente son formaciones rocosas de las\u00a0 enormes formaciones rocosas que han despertado la curiosidad de locales y visitantes por generaciones.<\/p><p>M\u00e1s que simples piedras, estos monolitos naturales est\u00e1n rodeadas de leyendas mayas, simbolismos ancestrales y un aire de misterio que las convierte en uno de los puntos m\u00e1s enigm\u00e1ticos del occidente guatemalteco.<\/p>\t\t\t\t\t\t\t\t<\/div>\n\t\t\t\t\t<\/div>\n\t\t\t\t<\/div>\n\t\t<div data-particle_enable=\"false\" data-particle-mobile-disabled=\"false\" class=\"elementor-element elementor-element-2db61f8 e-flex e-con-boxed e-con e-parent\" data-id=\"2db61f8\" data-element_type=\"container\" data-e-type=\"container\">\n\t\t\t\t\t<div class=\"e-con-inner\">\n\t\t\t\t<div class=\"elementor-element elementor-element-b6c3b4d elementor-widget elementor-widget-image\" data-id=\"b6c3b4d\" data-element_type=\"widget\" data-e-type=\"widget\" data-widget_type=\"image.default\">\n\t\t\t\t\t\t\t\t\t\t\t\t<figure class=\"wp-caption\">\n\t\t\t\t\t\t\t\t\t\t<img fetchpriority=\"high\" decoding=\"async\" width=\"768\" height=\"512\" src=\"https:\/\/soymigrante.com\/revista\/wp-content\/uploads\/2025\/07\/piedras-de-kabtzin-marcos-antil-migrante-1024x683.jpg\" class=\"attachment-large size-large wp-image-39850\" alt=\"Monta\u00f1a y naturaleza en un paisaje con cielo despejado, destacando formaciones rocosas y vegetaci\u00f3n frondosa en un entorno natural impresionante.\" srcset=\"https:\/\/soymigrante.com\/revista\/wp-content\/uploads\/2025\/07\/piedras-de-kabtzin-marcos-antil-migrante-1024x683.jpg 1024w, https:\/\/soymigrante.com\/revista\/wp-content\/uploads\/2025\/07\/piedras-de-kabtzin-marcos-antil-migrante-300x200.jpg 300w, https:\/\/soymigrante.com\/revista\/wp-content\/uploads\/2025\/07\/piedras-de-kabtzin-marcos-antil-migrante-768x512.jpg 768w, https:\/\/soymigrante.com\/revista\/wp-content\/uploads\/2025\/07\/piedras-de-kabtzin-marcos-antil-migrante-1536x1025.jpg 1536w, https:\/\/soymigrante.com\/revista\/wp-content\/uploads\/2025\/07\/piedras-de-kabtzin-marcos-antil-migrante-750x500.webp 750w, https:\/\/soymigrante.com\/revista\/wp-content\/uploads\/2025\/07\/piedras-de-kabtzin-marcos-antil-migrante-1140x760.webp 1140w, https:\/\/soymigrante.com\/revista\/wp-content\/uploads\/2025\/07\/piedras-de-kabtzin-marcos-antil-migrante.webp 1920w\" sizes=\"(max-width: 768px) 100vw, 768px\" title=\"La fotograf\u00eda en el \u00e1rea de las piedras de Kab&#039;Tzin suele ser un suvenir memorable. Aqu\u00ed el emprendedor tecnol\u00f3gico Marcos Antil posa junto a ambas rocas. Las flechas magenta son las rocas de Kab&#039;Tzin y la flecha amarilla indica por donde pasa la carretera. (Foto Abel Ju\u00e1rez) \u2013 SoyMigrante.com REVISTA\" \/>\t\t\t\t\t\t\t\t\t\t\t<figcaption class=\"widget-image-caption wp-caption-text\">Paisaje de monta\u00f1a con formaciones rocosas y vegetaci\u00f3n, ideal para art\u00edculos sobre turismo, naturaleza y destinos tur\u00edsticos en M\u00e9xico.<\/figcaption>\n\t\t\t\t\t\t\t\t\t\t<\/figure>\n\t\t\t\t\t\t\t\t\t<\/div>\n\t\t\t\t\t<\/div>\n\t\t\t\t<\/div>\n\t\t<div data-particle_enable=\"false\" data-particle-mobile-disabled=\"false\" class=\"elementor-element elementor-element-69a7dee e-flex e-con-boxed e-con e-parent\" data-id=\"69a7dee\" data-element_type=\"container\" data-e-type=\"container\">\n\t\t\t\t\t<div class=\"e-con-inner\">\n\t\t\t\t<div class=\"elementor-element elementor-element-5dbf3ca elementor-widget elementor-widget-heading\" data-id=\"5dbf3ca\" data-element_type=\"widget\" data-e-type=\"widget\" data-widget_type=\"heading.default\">\n\t\t\t\t\t<h3 class=\"elementor-heading-title elementor-size-default\">\u00bfQu\u00e9 son las piedras de Cab'Tzin?<\/h3>\t\t\t\t<\/div>\n\t\t\t\t\t<\/div>\n\t\t\t\t<\/div>\n\t\t<div data-particle_enable=\"false\" data-particle-mobile-disabled=\"false\" class=\"elementor-element elementor-element-f41ffd4 e-flex e-con-boxed e-con e-parent\" data-id=\"f41ffd4\" data-element_type=\"container\" data-e-type=\"container\">\n\t\t\t\t\t<div class=\"e-con-inner\">\n\t\t\t\t<div class=\"elementor-element elementor-element-543e777 elementor-widget elementor-widget-text-editor\" data-id=\"543e777\" data-element_type=\"widget\" data-e-type=\"widget\" data-widget_type=\"text-editor.default\">\n\t\t\t\t\t\t\t\t\t<p>Se trata de un grupo de rocas volc\u00e1nicas de gran tama\u00f1o que emergen del terreno de forma natural, pero con formas que muchas personas relacionan con figuras humanas o animales. Su apariencia ha dado paso a una serie de historias, algunas relacionadas con castigos divinos y otras con antiguos rituales mayas.<\/p>\n<p><a href=\"https:\/\/soymigrante.com\/revista\/departamentos-de-guatemala-huehuetenango-la-tierra-de-kaibil-balam-tesoro-cultural-y-natural\/\" target=\"_blank\" rel=\"noopener\">Las piedras se encuentran dispersas a lo largo de una peque\u00f1a planicie en la comunidad de Cab&#8217;Tzin<\/a>, a aproximadamente 5 kil\u00f3metros del centro de San Sebasti\u00e1n Huehuetenango. Cab&#8217;Tzin significa literalmente: dos piedras. Algunas personas lo pronuncian Caps\u00edn, pero es inorrecto.<\/p>\t\t\t\t\t\t\t\t<\/div>\n\t\t\t\t\t<\/div>\n\t\t\t\t<\/div>\n\t\t<div data-particle_enable=\"false\" data-particle-mobile-disabled=\"false\" class=\"elementor-element elementor-element-4b6eaca e-flex e-con-boxed e-con e-parent\" data-id=\"4b6eaca\" data-element_type=\"container\" data-e-type=\"container\">\n\t\t\t\t\t<div class=\"e-con-inner\">\n\t\t\t\t<div class=\"elementor-element elementor-element-f2f026f elementor-widget elementor-widget-image\" data-id=\"f2f026f\" data-element_type=\"widget\" data-e-type=\"widget\" data-widget_type=\"image.default\">\n\t\t\t\t\t\t\t\t\t\t\t\t<figure class=\"wp-caption\">\n\t\t\t\t\t\t\t\t\t\t<img decoding=\"async\" width=\"768\" height=\"432\" src=\"https:\/\/soymigrante.com\/revista\/wp-content\/uploads\/2025\/07\/piedras-de-kabtzin-huehuetenango-guatemala-1024x576.jpg\" class=\"attachment-large size-large wp-image-39851\" alt=\"Carretera en ruta monta\u00f1osa con curvas y vegetaci\u00f3n exuberante durante el atardecer en un paisaje natural.\" srcset=\"https:\/\/soymigrante.com\/revista\/wp-content\/uploads\/2025\/07\/piedras-de-kabtzin-huehuetenango-guatemala-1024x576.jpg 1024w, https:\/\/soymigrante.com\/revista\/wp-content\/uploads\/2025\/07\/piedras-de-kabtzin-huehuetenango-guatemala-300x169.jpg 300w, https:\/\/soymigrante.com\/revista\/wp-content\/uploads\/2025\/07\/piedras-de-kabtzin-huehuetenango-guatemala-768x432.jpg 768w, https:\/\/soymigrante.com\/revista\/wp-content\/uploads\/2025\/07\/piedras-de-kabtzin-huehuetenango-guatemala-1536x864.jpg 1536w, https:\/\/soymigrante.com\/revista\/wp-content\/uploads\/2025\/07\/piedras-de-kabtzin-huehuetenango-guatemala-750x422.webp 750w, https:\/\/soymigrante.com\/revista\/wp-content\/uploads\/2025\/07\/piedras-de-kabtzin-huehuetenango-guatemala-1140x641.webp 1140w, https:\/\/soymigrante.com\/revista\/wp-content\/uploads\/2025\/07\/piedras-de-kabtzin-huehuetenango-guatemala.webp 1760w\" sizes=\"(max-width: 768px) 100vw, 768px\" title=\"Una piedra de Kab&#039;Tzin vista desde la otra al amanecer. (Foto Abel Ju\u00e1rez) \u2013 SoyMigrante.com REVISTA\" \/>\t\t\t\t\t\t\t\t\t\t\t<figcaption class=\"widget-image-caption wp-caption-text\">Paisaje monta\u00f1oso con carretera serpenteante rodeada de vegetaci\u00f3n, en un entorno natural y pintoresco, ideal para reflejar la belleza y diversidad de destinos en M\u00e9xico.<\/figcaption>\n\t\t\t\t\t\t\t\t\t\t<\/figure>\n\t\t\t\t\t\t\t\t\t<\/div>\n\t\t\t\t\t<\/div>\n\t\t\t\t<\/div>\n\t\t<div data-particle_enable=\"false\" data-particle-mobile-disabled=\"false\" class=\"elementor-element elementor-element-77a66e0 e-flex e-con-boxed e-con e-parent\" data-id=\"77a66e0\" data-element_type=\"container\" data-e-type=\"container\">\n\t\t\t\t\t<div class=\"e-con-inner\">\n\t\t\t\t<div class=\"elementor-element elementor-element-fc78744 elementor-widget elementor-widget-heading\" data-id=\"fc78744\" data-element_type=\"widget\" data-e-type=\"widget\" data-widget_type=\"heading.default\">\n\t\t\t\t\t<h3 class=\"elementor-heading-title elementor-size-default\">Las leyendas del lugar<\/h3>\t\t\t\t<\/div>\n\t\t\t\t\t<\/div>\n\t\t\t\t<\/div>\n\t\t<div data-particle_enable=\"false\" data-particle-mobile-disabled=\"false\" class=\"elementor-element elementor-element-44fb5da e-flex e-con-boxed e-con e-parent\" data-id=\"44fb5da\" data-element_type=\"container\" data-e-type=\"container\">\n\t\t\t\t\t<div class=\"e-con-inner\">\n\t\t\t\t<div class=\"elementor-element elementor-element-608915f elementor-widget elementor-widget-text-editor\" data-id=\"608915f\" data-element_type=\"widget\" data-e-type=\"widget\" data-widget_type=\"text-editor.default\">\n\t\t\t\t\t\t\t\t\t<p><a href=\"https:\/\/soymigrante.com\/revista\/departamentos-de-guatemala-huehuetenango-la-tierra-de-kaibil-balam-tesoro-cultural-y-natural\/\" target=\"_blank\" rel=\"noopener\">Entre las historias que m\u00e1s se cuentan, hay una que destaca por su mensaje de advertencia<\/a>. Relata que hace muchos a\u00f1os, un grupo de personas irrespet\u00f3 un d\u00eda sagrado \u2014posiblemente una ceremonia maya\u2014 y como castigo por su falta de fe, fueron convertidos en piedra por los dioses. Desde entonces, sus figuras quedaron all\u00ed, inm\u00f3viles, como recordatorio para futuras generaciones.<\/p><p>Otra historia refiere la infidelidad de una joven que estaba casada, y cuando intent\u00f3 escapar con su amante, fueron convertidos en roca.<\/p><p>Otra leyenda cuenta que en los d\u00edas de luna llena se pueden escuchar susurros entre las piedras, como si los antiguos esp\u00edritus todav\u00eda habitaran el lugar. Algunos ancianos incluso aseguran haber visto luces danzando alrededor del sitio, especialmente en d\u00edas previos al Ajaw, una fecha importante del calendario maya.<\/p>\t\t\t\t\t\t\t\t<\/div>\n\t\t\t\t\t<\/div>\n\t\t\t\t<\/div>\n\t\t<div data-particle_enable=\"false\" data-particle-mobile-disabled=\"false\" class=\"elementor-element elementor-element-24261f6 e-flex e-con-boxed e-con e-parent\" data-id=\"24261f6\" data-element_type=\"container\" data-e-type=\"container\">\n\t\t\t\t\t<div class=\"e-con-inner\">\n\t\t\t\t<div class=\"elementor-element elementor-element-b6328b5 elementor-widget elementor-widget-heading\" data-id=\"b6328b5\" data-element_type=\"widget\" data-e-type=\"widget\" data-widget_type=\"heading.default\">\n\t\t\t\t\t<h4 class=\"elementor-heading-title elementor-size-default\">Mira una de las piedras de Kab'Tzin como si estuvieras all\u00ed en esta imagen de 360 grados de Google Street<\/h4>\t\t\t\t<\/div>\n\t\t\t\t\t<\/div>\n\t\t\t\t<\/div>\n\t\t<div data-particle_enable=\"false\" data-particle-mobile-disabled=\"false\" class=\"elementor-element elementor-element-ad698bf e-flex e-con-boxed e-con e-parent\" data-id=\"ad698bf\" data-element_type=\"container\" data-e-type=\"container\">\n\t\t\t\t\t<div class=\"e-con-inner\">\n\t\t\t\t<div class=\"elementor-element elementor-element-cee5e72 elementor-widget elementor-widget-html\" data-id=\"cee5e72\" data-element_type=\"widget\" data-e-type=\"widget\" data-widget_type=\"html.default\">\n\t\t\t\t\t<iframe src=\"https:\/\/www.google.com\/maps\/embed?pb=!4v1753064632397!6m8!1m7!1sCAoSFkNJSE0wb2dLRUlDQWdJQ1dsTFhBZlE.!2m2!1d15.57239310485745!2d-91.47841467483013!3f351.34484721739904!4f12.647007764098191!5f0.7820865974627469\" width=\"600\" height=\"450\" style=\"border:0;\" allowfullscreen=\"\" loading=\"lazy\" referrerpolicy=\"no-referrer-when-downgrade\"><\/iframe>\t\t\t\t<\/div>\n\t\t\t\t\t<\/div>\n\t\t\t\t<\/div>\n\t\t<div data-particle_enable=\"false\" data-particle-mobile-disabled=\"false\" class=\"elementor-element elementor-element-966d8a9 e-flex e-con-boxed e-con e-parent\" data-id=\"966d8a9\" data-element_type=\"container\" data-e-type=\"container\">\n\t\t\t\t\t<div class=\"e-con-inner\">\n\t\t\t\t<div class=\"elementor-element elementor-element-daffc7c elementor-widget elementor-widget-heading\" data-id=\"daffc7c\" data-element_type=\"widget\" data-e-type=\"widget\" data-widget_type=\"heading.default\">\n\t\t\t\t\t<h3 class=\"elementor-heading-title elementor-size-default\">Ubicaci\u00f3n y c\u00f3mo llegar<\/h3>\t\t\t\t<\/div>\n\t\t\t\t\t<\/div>\n\t\t\t\t<\/div>\n\t\t<div data-particle_enable=\"false\" data-particle-mobile-disabled=\"false\" class=\"elementor-element elementor-element-f7d1194 e-flex e-con-boxed e-con e-parent\" data-id=\"f7d1194\" data-element_type=\"container\" data-e-type=\"container\">\n\t\t\t\t\t<div class=\"e-con-inner\">\n\t\t\t\t<div class=\"elementor-element elementor-element-3b50530 elementor-widget elementor-widget-text-editor\" data-id=\"3b50530\" data-element_type=\"widget\" data-e-type=\"widget\" data-widget_type=\"text-editor.default\">\n\t\t\t\t\t\t\t\t\t<p>Las piedras de Kab&#8217;Tzin se encuentran <a href=\"https:\/\/soymigrante.com\/revista\/departamentos-de-guatemala-huehuetenango-la-tierra-de-kaibil-balam-tesoro-cultural-y-natural\/\" target=\"_blank\" rel=\"noopener\">en el departamento de Huehuetenango, espec\u00edficamente en<\/a>\u00a0la ruta hacia San Juan Ixcoy.\u00a0Desde la Ciudad de Guatemala, el viaje en veh\u00edculo puede durar entre 6 a 7 horas, dependiendo del tr\u00e1fico y las condiciones del clima. La distancia aproximada es de 290 kil\u00f3metros, tomando la Carretera Interamericana (CA-1) hasta llegar a Huehuetenango y luego siguiendo la ruta hacia Ixcoy. Cabe decir que est\u00e1n sobre la carretera y se distinguen f\u00e1cilmente.<\/p><p>El acceso final hacia el lugar puede requerir caminar algunos minutos por senderos rurales, por lo que se recomienda llevar calzado c\u00f3modo y consultar con los gu\u00edas o comunitarios para una visita segura. Algunos viajeros escalan el risco de la roca mayor, pero debe hacerse con extrema precauci\u00f3n y solo con un gu\u00eda especializado.<\/p>\t\t\t\t\t\t\t\t<\/div>\n\t\t\t\t\t<\/div>\n\t\t\t\t<\/div>\n\t\t<div data-particle_enable=\"false\" data-particle-mobile-disabled=\"false\" class=\"elementor-element elementor-element-7dc26ae e-flex e-con-boxed e-con e-parent\" data-id=\"7dc26ae\" data-element_type=\"container\" data-e-type=\"container\">\n\t\t\t\t\t<div class=\"e-con-inner\">\n\t\t\t\t<div class=\"elementor-element elementor-element-c8412fc elementor-widget elementor-widget-google_maps\" data-id=\"c8412fc\" data-element_type=\"widget\" data-e-type=\"widget\" data-widget_type=\"google_maps.default\">\n\t\t\t\t\t\t\t<div class=\"elementor-custom-embed\">\n\t\t\t<iframe loading=\"lazy\"\n\t\t\t\t\tsrc=\"https:\/\/maps.google.com\/maps?q=PIEDRAS%20DE%20CAPSIN&#038;t=m&#038;z=10&#038;output=embed&#038;iwloc=near\"\n\t\t\t\t\ttitle=\"PIEDRAS DE CAPSIN\"\n\t\t\t\t\taria-label=\"PIEDRAS DE CAPSIN\"\n\t\t\t><\/iframe>\n\t\t<\/div>\n\t\t\t\t\t\t<\/div>\n\t\t\t\t\t<\/div>\n\t\t\t\t<\/div>\n\t\t<div data-particle_enable=\"false\" data-particle-mobile-disabled=\"false\" class=\"elementor-element elementor-element-2e7df7d e-flex e-con-boxed e-con e-parent\" data-id=\"2e7df7d\" data-element_type=\"container\" data-e-type=\"container\">\n\t\t\t\t\t<div class=\"e-con-inner\">\n\t\t\t\t<div class=\"elementor-element elementor-element-6459584 elementor-widget elementor-widget-heading\" data-id=\"6459584\" data-element_type=\"widget\" data-e-type=\"widget\" data-widget_type=\"heading.default\">\n\t\t\t\t\t<h3 class=\"elementor-heading-title elementor-size-default\">Un sitio para preservar<\/h3>\t\t\t\t<\/div>\n\t\t\t\t\t<\/div>\n\t\t\t\t<\/div>\n\t\t<div data-particle_enable=\"false\" data-particle-mobile-disabled=\"false\" class=\"elementor-element elementor-element-f29c529 e-flex e-con-boxed e-con e-parent\" data-id=\"f29c529\" data-element_type=\"container\" data-e-type=\"container\">\n\t\t\t\t\t<div class=\"e-con-inner\">\n\t\t\t\t<div class=\"elementor-element elementor-element-84df7b7 elementor-widget elementor-widget-text-editor\" data-id=\"84df7b7\" data-element_type=\"widget\" data-e-type=\"widget\" data-widget_type=\"text-editor.default\">\n\t\t\t\t\t\t\t\t\t<p><a href=\"https:\/\/soymigrante.com\/revista\/departamentos-de-guatemala-huehuetenango-la-tierra-de-kaibil-balam-tesoro-cultural-y-natural\/\" target=\"_blank\" rel=\"noopener\">Las piedras de Cab&#8217;Tzin no solo son un atractivo tur\u00edstico, tambi\u00e9n representan parte del patrimonio cultural e hist\u00f3rico de Guatemala.<\/a> Actualmente, algunas comunidades y colectivos culturales est\u00e1n promoviendo el cuidado del lugar, su promoci\u00f3n tur\u00edstica responsable y su integraci\u00f3n en rutas culturales que honren la cosmovisi\u00f3n maya.<\/p><p>Visitar las piedras es adentrarse en un espacio lleno de energ\u00eda, en donde la naturaleza, la historia y el misterio se combinan para ofrecer una experiencia \u00fanica en el coraz\u00f3n de Huehuetenango.<\/p>\t\t\t\t\t\t\t\t<\/div>\n\t\t\t\t\t<\/div>\n\t\t\t\t<\/div>\n\t\t<div data-particle_enable=\"false\" data-particle-mobile-disabled=\"false\" class=\"elementor-element elementor-element-c784379 e-flex e-con-boxed e-con e-parent\" data-id=\"c784379\" data-element_type=\"container\" data-e-type=\"container\">\n\t\t\t\t\t<div class=\"e-con-inner\">\n\t\t\t\t<div class=\"elementor-element elementor-element-8bfcfae elementor-widget elementor-widget-heading\" data-id=\"8bfcfae\" data-element_type=\"widget\" data-e-type=\"widget\" data-widget_type=\"heading.default\">\n\t\t\t\t\t<h2 class=\"elementor-heading-title elementor-size-default\">Conoce otros lugares inspiradores en Guatemala, ac\u00e1...<\/h2>\t\t\t\t<\/div>\n\t\t\t\t\t<\/div>\n\t\t\t\t<\/div>\n\t\t<div data-particle_enable=\"false\" data-particle-mobile-disabled=\"false\" class=\"elementor-element elementor-element-5f94741 e-flex e-con-boxed e-con e-parent\" data-id=\"5f94741\" data-element_type=\"container\" data-e-type=\"container\">\n\t\t\t\t\t<div class=\"e-con-inner\">\n\t\t\t\t<div class=\"elementor-element elementor-element-73a655f elementor-grid-eael-col-3 elementor-grid-tablet-eael-col-2 elementor-grid-mobile-eael-col-1 elementor-invisible elementor-widget elementor-widget-eael-post-grid\" data-id=\"73a655f\" data-element_type=\"widget\" data-e-type=\"widget\" data-settings=\"{&quot;eael_post_grid_columns&quot;:&quot;eael-col-3&quot;,&quot;_animation&quot;:&quot;rollIn&quot;,&quot;eael_post_grid_columns_tablet&quot;:&quot;eael-col-2&quot;,&quot;eael_post_grid_columns_mobile&quot;:&quot;eael-col-1&quot;}\" data-widget_type=\"eael-post-grid.default\">\n\t\t\t\t\t<div id=\"eael-post-grid-73a655f\" class=\"eael-post-grid-container\">\n            <div class=\"eael-post-grid eael-post-appender eael-post-appender-73a655f eael-post-grid-style-one\" data-layout-mode=\"masonry\"><article class=\"eael-grid-post  eael-post-grid-column eael-pg-post-38714 category-guate-nuestra\" data-id=\"38714\">\n        <div class=\"eael-grid-post-holder\">\n            <div class=\"eael-grid-post-holder-inner\"><div class=\"eael-entry-media\"><div class=\"eael-entry-overlay fade-in\"><i class=\"far fa-hand-pointer\" aria-hidden=\"true\"><\/i><a href=\"https:\/\/soymigrante.com\/revista\/el-palacio-de-los-capitanes-generales-de-antigua-guatemala-es-un-icono-del-pais\/\"><\/a><\/div><div class=\"eael-entry-thumbnail \">\n                <img decoding=\"async\" width=\"1024\" height=\"682\" src=\"https:\/\/soymigrante.com\/revista\/wp-content\/uploads\/2025\/07\/palacio-de-los-capitanes-2-1024x682.jpg\" class=\"attachment-large size-large wp-image-38715\" alt=\"Elegante edificio colonial en Guatemala con arcos y columnas, s\u00edmbolo del patrimonio y cultura local, destacado en la revista SoyMigrante.com REVISTA, ideal para art\u00edculos sobre migraci\u00f3n, historia y turismo en Centroam\u00e9rica.\" srcset=\"https:\/\/soymigrante.com\/revista\/wp-content\/uploads\/2025\/07\/palacio-de-los-capitanes-2-1024x682.jpg 1024w, https:\/\/soymigrante.com\/revista\/wp-content\/uploads\/2025\/07\/palacio-de-los-capitanes-2-300x200.jpg 300w, https:\/\/soymigrante.com\/revista\/wp-content\/uploads\/2025\/07\/palacio-de-los-capitanes-2-768x512.jpg 768w, https:\/\/soymigrante.com\/revista\/wp-content\/uploads\/2025\/07\/palacio-de-los-capitanes-2-1536x1024.jpg 1536w, https:\/\/soymigrante.com\/revista\/wp-content\/uploads\/2025\/07\/palacio-de-los-capitanes-2-750x500.webp 750w, https:\/\/soymigrante.com\/revista\/wp-content\/uploads\/2025\/07\/palacio-de-los-capitanes-2-1140x760.webp 1140w, https:\/\/soymigrante.com\/revista\/wp-content\/uploads\/2025\/07\/palacio-de-los-capitanes-2.webp 1920w\" sizes=\"(max-width: 1024px) 100vw, 1024px\" \/>\n            <\/div>\n        <\/div><div class=\"eael-entry-wrapper\"><header class=\"eael-entry-header\"><h2 class=\"eael-entry-title\"><a class=\"eael-grid-post-link\" href=\"https:\/\/soymigrante.com\/revista\/el-palacio-de-los-capitanes-generales-de-antigua-guatemala-es-un-icono-del-pais\/\" title=\"El Palacio de los Capitanes Generales de Antigua Guatemala es un \u00edcono del pa\u00eds\">El Palacio de los Capitanes Generales de Antigua Guatemala es un \u00edcono del pa\u00eds<\/a><\/h2><\/header><div class=\"eael-entry-content\">\n                        <div class=\"eael-grid-post-excerpt\"><a href=\"https:\/\/soymigrante.com\/revista\/el-palacio-de-los-capitanes-generales-de-antigua-guatemala-es-un-icono-del-pais\/\" class=\"eael-post-elements-readmore-btn\">CONOCE SU HISTORIA <\/a><\/div>\n                    <\/div><\/div><\/div>\n        <\/div>\n    <\/article><article class=\"eael-grid-post  eael-post-grid-column eael-pg-post-39004 category-guate-nuestra\" data-id=\"39004\">\n        <div class=\"eael-grid-post-holder\">\n            <div class=\"eael-grid-post-holder-inner\"><div class=\"eael-entry-media\"><div class=\"eael-entry-overlay fade-in\"><i class=\"far fa-hand-pointer\" aria-hidden=\"true\"><\/i><a href=\"https:\/\/soymigrante.com\/revista\/el-arco-de-gucumatz-es-la-entrada-sagrada-a-chichicastenango\/\"><\/a><\/div><div class=\"eael-entry-thumbnail \">\n                <img loading=\"lazy\" decoding=\"async\" width=\"768\" height=\"1024\" src=\"https:\/\/soymigrante.com\/revista\/wp-content\/uploads\/2025\/07\/El-Arco-de-Gucumatz-la-entrada-sagrada-de-Chichicastenango4-768x1024.jpeg\" class=\"attachment-large size-large wp-image-39005\" alt=\"Puerta monumental en un callej\u00f3n empedrado con mural colorido en la entrada, cielo despejado, vista de la ciudad y paisaje en el fondo, relevante para art\u00edculos sobre cultura y arquitectura mexicana.\" \/>\n            <\/div>\n        <\/div><div class=\"eael-entry-wrapper\"><header class=\"eael-entry-header\"><h2 class=\"eael-entry-title\"><a class=\"eael-grid-post-link\" href=\"https:\/\/soymigrante.com\/revista\/el-arco-de-gucumatz-es-la-entrada-sagrada-a-chichicastenango\/\" title=\"El Arco de Gucumatz es la entrada sagrada a Chichicastenango\">El Arco de Gucumatz es la entrada sagrada a Chichicastenango<\/a><\/h2><\/header><div class=\"eael-entry-content\">\n                        <div class=\"eael-grid-post-excerpt\"><a href=\"https:\/\/soymigrante.com\/revista\/el-arco-de-gucumatz-es-la-entrada-sagrada-a-chichicastenango\/\" class=\"eael-post-elements-readmore-btn\">CONOCE SU HISTORIA <\/a><\/div>\n                    <\/div><\/div><\/div>\n        <\/div>\n    <\/article><article class=\"eael-grid-post  eael-post-grid-column eael-pg-post-38501 category-guate-nuestra\" data-id=\"38501\">\n        <div class=\"eael-grid-post-holder\">\n            <div class=\"eael-grid-post-holder-inner\"><div class=\"eael-entry-media\"><div class=\"eael-entry-overlay fade-in\"><i class=\"far fa-hand-pointer\" aria-hidden=\"true\"><\/i><a href=\"https:\/\/soymigrante.com\/revista\/palacio-maya-de-san-marcos-7-datos-fascinantes\/\"><\/a><\/div><div class=\"eael-entry-thumbnail \">\n                <img loading=\"lazy\" decoding=\"async\" width=\"885\" height=\"500\" src=\"https:\/\/soymigrante.com\/revista\/wp-content\/uploads\/2025\/07\/palacio-maya-e1751655372494.webp\" class=\"attachment-large size-large wp-image-38502\" alt=\"Edificio hist\u00f3rico con reloj en fachada y detalles arquitect\u00f3nicos ornamentales, en un d\u00eda soleado con cielo parcialmente nublado en la ciudad.\" \/>\n            <\/div>\n        <\/div><div class=\"eael-entry-wrapper\"><header class=\"eael-entry-header\"><h2 class=\"eael-entry-title\"><a class=\"eael-grid-post-link\" href=\"https:\/\/soymigrante.com\/revista\/palacio-maya-de-san-marcos-7-datos-fascinantes\/\" title=\"Palacio Maya de San Marcos: 7 datos fascinantes\">Palacio Maya de San Marcos: 7 datos fascinantes<\/a><\/h2><\/header><div class=\"eael-entry-content\">\n                        <div class=\"eael-grid-post-excerpt\"><a href=\"https:\/\/soymigrante.com\/revista\/palacio-maya-de-san-marcos-7-datos-fascinantes\/\" class=\"eael-post-elements-readmore-btn\">CONOCE SU HISTORIA <\/a><\/div>\n                    <\/div><\/div><\/div>\n        <\/div>\n    <\/article><\/div>\n            <div class=\"clearfix\"><\/div>\n        <\/div>\t\t\t\t<\/div>\n\t\t\t\t\t<\/div>\n\t\t\t\t<\/div>\n\t\t\t\t<\/div>\n\t\t","protected":false},"excerpt":{"rendered":"<p>Las piedras de Cab&#8217;Tzin son enigm\u00e1ticas columnas rocosas en la carretera hacia San Juan Enclavadas entre cerros verdes y neblina, las piedras de Kab&#8217;Tzin se localizan\u00a0en la carretera hacia San Juan Ixcoy, Huehuetenango.\u00a0B\u00e1sicamente son formaciones rocosas de las\u00a0 enormes formaciones rocosas que han despertado la curiosidad de locales y visitantes por generaciones. M\u00e1s que simples [&hellip;]<\/p>\n","protected":false},"author":19,"featured_media":39809,"comment_status":"open","ping_status":"open","sticky":false,"template":"","format":"standard","meta":{"_acf_changed":false,"_eb_attr":"","footnotes":""},"categories":[58],"tags":[],"class_list":["post-39808","post","type-post","status-publish","format-standard","has-post-thumbnail","hentry","category-guate-nuestra"],"acf":[],"aioseo_notices":[],"aioseo_head":"\n\t\t<!-- All in One SEO Pro 4.9.6.2 - aioseo.com -->\n\t<meta name=\"description\" content=\"El Palacio Maya de San Marcos une historia, arte y cultura guatemalteca, es un monumento \u00fanico. Entre serpientes emplumadas, glifos mayas y un reloj ancestral, el Palacio Maya de San Marcos se erige como un s\u00edmbolo de reconciliaci\u00f3n, arte y resistencia cultural en el occidente de Guatemala. Ubicado en el coraz\u00f3n de San Marcos, este\" \/>\n\t<meta name=\"robots\" content=\"max-snippet:-1, max-image-preview:large, max-video-preview:-1\" \/>\n\t<meta name=\"author\" content=\"Marysabel Aldana\"\/>\n\t<link rel=\"canonical\" href=\"https:\/\/soymigrante.com\/revista\/piedras-de-kabtzin-huehuetenango-cuchumatanes-leyenda-misterio\/\" \/>\n\t<meta name=\"generator\" content=\"All in One SEO Pro (AIOSEO) 4.9.6.2\" \/>\n\n\t\t<link rel=\"preconnect\" href=\"https:\/\/fonts.googleapis.com\" crossorigin>\n<link rel=\"preconnect\" href=\"https:\/\/fonts.gstatic.com\" crossorigin>\n\t\t<meta property=\"og:locale\" content=\"es_ES\" \/>\n\t\t<meta property=\"og:site_name\" content=\"SoyMigrante.com REVISTA \u2013 Nuestra misi\u00f3n es reconocer y dignificar al migrante.\" \/>\n\t\t<meta property=\"og:type\" content=\"article\" \/>\n\t\t<meta property=\"og:title\" content=\"\u00bfConoces la leyenda de las piedras de Kab\u2019Tzin en Huehuetenango?\" \/>\n\t\t<meta property=\"og:description\" content=\"Las piedras de Kab&#039;Tzin son colosales formaciones rocosas en la ruta de Chiantla a San Juan Ixcoy: su origen parte de una leyenda de traici\u00f3n y castigo.\" \/>\n\t\t<meta property=\"og:url\" content=\"https:\/\/soymigrante.com\/revista\/piedras-de-kabtzin-huehuetenango-cuchumatanes-leyenda-misterio\/\" \/>\n\t\t<meta property=\"og:image\" content=\"https:\/\/soymigrante.com\/revista\/wp-content\/uploads\/2025\/07\/piedras-de-capsin-5-e1753064925683.webp\" \/>\n\t\t<meta property=\"og:image:secure_url\" content=\"https:\/\/soymigrante.com\/revista\/wp-content\/uploads\/2025\/07\/piedras-de-capsin-5-e1753064925683.webp\" \/>\n\t\t<meta property=\"og:image:width\" content=\"500\" \/>\n\t\t<meta property=\"og:image:height\" content=\"500\" \/>\n\t\t<meta property=\"article:published_time\" content=\"2025-07-21T10:00:00+00:00\" \/>\n\t\t<meta property=\"article:modified_time\" content=\"2025-07-21T02:29:10+00:00\" \/>\n\t\t<meta property=\"article:publisher\" content=\"https:\/\/www.facebook.com\/soymigrantecom\" \/>\n\t\t<meta name=\"twitter:card\" content=\"summary_large_image\" \/>\n\t\t<meta name=\"twitter:site\" content=\"@SoyMigrante_com\" \/>\n\t\t<meta name=\"twitter:title\" content=\"\u00bfConoces la leyenda de las piedras de Kab\u2019Tzin en Huehuetenango?\" \/>\n\t\t<meta name=\"twitter:description\" content=\"Las piedras de Kab&#039;Tzin son colosales formaciones rocosas en la ruta de Chiantla a San Juan Ixcoy: su origen parte de una leyenda de traici\u00f3n y castigo.\" \/>\n\t\t<meta name=\"twitter:creator\" content=\"@SoyMigrante_com\" \/>\n\t\t<meta name=\"twitter:image\" content=\"https:\/\/soymigrante.com\/revista\/wp-content\/uploads\/2025\/07\/piedras-de-capsin-5-e1753064925683.webp\" \/>\n\t\t<!-- All in One SEO Pro -->\r\n\t\t<title>\u00bfConoces la leyenda de las piedras de Kab\u2019Tzin en Huehuetenango?<\/title>\n\n","aioseo_head_json":{"title":"\u00bfConoces la leyenda de las piedras de Kab\u2019Tzin en Huehuetenango?","description":"Las piedras de Kab'Tzin son colosales formaciones rocosas en la ruta de Chiantla a San Juan Ixcoy: su origen parte de una leyenda de traici\u00f3n y castigo.","canonical_url":"https:\/\/soymigrante.com\/revista\/piedras-de-kabtzin-huehuetenango-cuchumatanes-leyenda-misterio\/","robots":"max-snippet:-1, max-image-preview:large, max-video-preview:-1","keywords":"","webmasterTools":{"miscellaneous":"&lt;link rel=\"preconnect\" href=\"https:\/\/fonts.googleapis.com\" crossorigin&gt;\n&lt;link rel=\"preconnect\" href=\"https:\/\/fonts.gstatic.com\" crossorigin&gt;"},"schema":null,"og:locale":"es_ES","og:site_name":"SoyMigrante.com REVISTA \u2013 Nuestra misi\u00f3n es reconocer y dignificar al migrante.","og:type":"article","og:title":"\u00bfConoces la leyenda de las piedras de Kab\u2019Tzin en Huehuetenango?","og:description":"Las piedras de Kab'Tzin son colosales formaciones rocosas en la ruta de Chiantla a San Juan Ixcoy: su origen parte de una leyenda de traici\u00f3n y castigo.","og:url":"https:\/\/soymigrante.com\/revista\/piedras-de-kabtzin-huehuetenango-cuchumatanes-leyenda-misterio\/","og:image":"https:\/\/soymigrante.com\/revista\/wp-content\/uploads\/2025\/07\/piedras-de-capsin-5-e1753064925683.webp","og:image:secure_url":"https:\/\/soymigrante.com\/revista\/wp-content\/uploads\/2025\/07\/piedras-de-capsin-5-e1753064925683.webp","og:image:width":500,"og:image:height":500,"article:published_time":"2025-07-21T10:00:00+00:00","article:modified_time":"2025-07-21T02:29:10+00:00","article:publisher":"https:\/\/www.facebook.com\/soymigrantecom","twitter:card":"summary_large_image","twitter:site":"@SoyMigrante_com","twitter:title":"\u00bfConoces la leyenda de las piedras de Kab\u2019Tzin en Huehuetenango?","twitter:description":"Las piedras de Kab'Tzin son colosales formaciones rocosas en la ruta de Chiantla a San Juan Ixcoy: su origen parte de una leyenda de traici\u00f3n y castigo.","twitter:creator":"@SoyMigrante_com","twitter:image":"https:\/\/soymigrante.com\/revista\/wp-content\/uploads\/2025\/07\/piedras-de-capsin-5-e1753064925683.webp"},"aioseo_meta_data":{"post_id":"39808","title":null,"description":"Las piedras de Kab'Tzin son colosales formaciones rocosas en la ruta de Chiantla a San Juan Ixcoy: su origen parte de una leyenda de traici\u00f3n y castigo.","keywords":null,"keyphrases":{"focus":{"keyphrase":"Piedras","score":91,"analysis":{"keyphraseInTitle":{"score":9,"maxScore":9,"error":0},"keyphraseInDescription":{"score":9,"maxScore":9,"error":0},"keyphraseLength":{"score":9,"maxScore":9,"error":0,"length":1},"keyphraseInURL":{"score":5,"maxScore":5,"error":0},"keyphraseInIntroduction":{"score":9,"maxScore":9,"error":0},"keyphraseInSubHeadings":{"score":3,"maxScore":9,"error":1},"keyphraseInImageAlt":{"score":9,"maxScore":9,"error":0},"keywordDensity":{"type":"best","score":9,"maxScore":9,"error":0}}},"additional":[{"keyphrase":"Huehuetenango","score":73,"analysis":{"keyphraseInDescription":{"score":3,"maxScore":9,"error":1},"keyphraseLength":{"score":9,"maxScore":9,"error":0,"length":1},"keyphraseInIntroduction":{"score":9,"maxScore":9,"error":0},"keyphraseInImageAlt":{"score":3,"maxScore":9,"error":1},"keywordDensity":{"type":"best","score":9,"maxScore":9,"error":0}}},{"keyphrase":"Kab'Tzin","score":87,"analysis":{"keyphraseInDescription":{"score":9,"maxScore":9,"error":0},"keyphraseLength":{"score":9,"maxScore":9,"error":0,"length":1},"keyphraseInIntroduction":{"score":9,"maxScore":9,"error":0},"keyphraseInImageAlt":{"score":3,"maxScore":9,"error":1},"keywordDensity":{"type":"best","score":9,"maxScore":9,"error":0}}}]},"primary_term":null,"canonical_url":null,"og_title":null,"og_description":null,"og_object_type":"default","og_image_type":"default","og_image_url":null,"og_image_width":null,"og_image_height":null,"og_image_custom_url":null,"og_image_custom_fields":null,"og_video":"","og_custom_url":null,"og_article_section":null,"og_article_tags":null,"twitter_use_og":false,"twitter_card":"default","twitter_image_type":"default","twitter_image_url":null,"twitter_image_custom_url":null,"twitter_image_custom_fields":null,"twitter_title":null,"twitter_description":null,"schema":{"blockGraphs":[],"customGraphs":[],"default":{"data":{"Article":[],"Course":[],"Dataset":[],"FAQPage":[],"Movie":[],"Person":[],"Product":[],"ProductReview":[],"Car":[],"Recipe":[],"Service":[],"SoftwareApplication":[],"WebPage":[]},"graphName":"none","isEnabled":true},"graphs":[]},"schema_type":"default","schema_type_options":null,"pillar_content":false,"robots_default":true,"robots_noindex":false,"robots_noarchive":false,"robots_nosnippet":false,"robots_nofollow":false,"robots_noimageindex":false,"robots_noodp":false,"robots_notranslate":false,"robots_max_snippet":"-1","robots_max_videopreview":"-1","robots_max_imagepreview":"large","priority":null,"frequency":"default","local_seo":null,"seo_analyzer_scan_date":"2025-10-09 07:01:39","breadcrumb_settings":null,"limit_modified_date":false,"reviewed_by":"0","open_ai":null,"ai":{"faqs":[],"keyPoints":[],"titles":[],"descriptions":[],"socialPosts":{"email":[],"linkedin":[],"twitter":[],"facebook":[],"instagram":[]}},"created":"2025-07-18 23:40:57","updated":"2026-02-05 03:01:40"},"aioseo_breadcrumb":"<div class=\"aioseo-breadcrumbs\"><span class=\"aioseo-breadcrumb\">\n\t<a href=\"https:\/\/soymigrante.com\/revista\" title=\"Home\">Home<\/a>\n<\/span><span class=\"aioseo-breadcrumb-separator\">\u00bb<\/span><span class=\"aioseo-breadcrumb\">\n\t<a href=\"https:\/\/soymigrante.com\/revista\/category\/guate-nuestra\/\" title=\"Guate Nuestra\">Guate Nuestra<\/a>\n<\/span><span class=\"aioseo-breadcrumb-separator\">\u00bb<\/span><span class=\"aioseo-breadcrumb\">\n\t\u00bfConoces la leyenda de las piedras de Kab\u2019Tzin en Huehuetenango?\n<\/span><\/div>","aioseo_breadcrumb_json":[{"label":"Home","link":"https:\/\/soymigrante.com\/revista"},{"label":"Guate Nuestra","link":"https:\/\/soymigrante.com\/revista\/category\/guate-nuestra\/"},{"label":"\u00bfConoces la leyenda de las piedras de Kab&#8217;Tzin en Huehuetenango?","link":"https:\/\/soymigrante.com\/revista\/piedras-de-kabtzin-huehuetenango-cuchumatanes-leyenda-misterio\/"}],"_links":{"self":[{"href":"https:\/\/soymigrante.com\/revista\/wp-json\/wp\/v2\/posts\/39808","targetHints":{"allow":["GET"]}}],"collection":[{"href":"https:\/\/soymigrante.com\/revista\/wp-json\/wp\/v2\/posts"}],"about":[{"href":"https:\/\/soymigrante.com\/revista\/wp-json\/wp\/v2\/types\/post"}],"author":[{"embeddable":true,"href":"https:\/\/soymigrante.com\/revista\/wp-json\/wp\/v2\/users\/19"}],"replies":[{"embeddable":true,"href":"https:\/\/soymigrante.com\/revista\/wp-json\/wp\/v2\/comments?post=39808"}],"version-history":[{"count":17,"href":"https:\/\/soymigrante.com\/revista\/wp-json\/wp\/v2\/posts\/39808\/revisions"}],"predecessor-version":[{"id":39856,"href":"https:\/\/soymigrante.com\/revista\/wp-json\/wp\/v2\/posts\/39808\/revisions\/39856"}],"wp:featuredmedia":[{"embeddable":true,"href":"https:\/\/soymigrante.com\/revista\/wp-json\/wp\/v2\/media\/39809"}],"wp:attachment":[{"href":"https:\/\/soymigrante.com\/revista\/wp-json\/wp\/v2\/media?parent=39808"}],"wp:term":[{"taxonomy":"category","embeddable":true,"href":"https:\/\/soymigrante.com\/revista\/wp-json\/wp\/v2\/categories?post=39808"},{"taxonomy":"post_tag","embeddable":true,"href":"https:\/\/soymigrante.com\/revista\/wp-json\/wp\/v2\/tags?post=39808"}],"curies":[{"name":"wp","href":"https:\/\/api.w.org\/{rel}","templated":true}]}}