{"id":39764,"date":"2026-02-08T14:17:17","date_gmt":"2026-02-08T20:17:17","guid":{"rendered":"https:\/\/soymigrante.com\/revista\/?p=39764"},"modified":"2026-02-08T14:17:25","modified_gmt":"2026-02-08T20:17:25","slug":"emprendedora-cristina-contreras-convirtio-sus-cualidades-en-menjurjes-tienda-digital-en-mercado","status":"publish","type":"post","link":"https:\/\/soymigrante.com\/revista\/emprendedora-cristina-contreras-convirtio-sus-cualidades-en-menjurjes-tienda-digital-en-mercado\/","title":{"rendered":"Emprendedora Cristina Contreras convirti\u00f3 sus cualidades en Menjurjes, aceites saborizados a la venta en MERCADO"},"content":{"rendered":"\t\t<div data-elementor-type=\"wp-post\" data-elementor-id=\"39764\" class=\"elementor elementor-39764\" data-elementor-post-type=\"post\">\n\t\t\t\t<div data-particle_enable=\"false\" data-particle-mobile-disabled=\"false\" class=\"elementor-element elementor-element-075346a e-flex e-con-boxed e-con e-parent\" data-id=\"075346a\" data-element_type=\"container\" data-e-type=\"container\">\n\t\t\t\t\t<div class=\"e-con-inner\">\n\t\t\t\t<div class=\"elementor-element elementor-element-13e9d87 elementor-widget elementor-widget-heading\" data-id=\"13e9d87\" data-element_type=\"widget\" data-e-type=\"widget\" data-widget_type=\"heading.default\">\n\t\t\t\t\t<h2 class=\"elementor-heading-title elementor-size-default\">Cristina Contreras es una mujer que lleva sus cualidades m\u00e1s all\u00e1 con la tienda virtual Menjurjes, que se encuentra en MERCADO. \n<\/h2>\t\t\t\t<\/div>\n\t\t\t\t\t<\/div>\n\t\t\t\t<\/div>\n\t\t<div data-particle_enable=\"false\" data-particle-mobile-disabled=\"false\" class=\"elementor-element elementor-element-1c86e7d e-flex e-con-boxed e-con e-parent\" data-id=\"1c86e7d\" data-element_type=\"container\" data-e-type=\"container\">\n\t\t\t\t\t<div class=\"e-con-inner\">\n\t\t\t\t<div class=\"elementor-element elementor-element-5258ec6 elementor-widget elementor-widget-text-editor\" data-id=\"5258ec6\" data-element_type=\"widget\" data-e-type=\"widget\" data-widget_type=\"text-editor.default\">\n\t\t\t\t\t\t\t\t\t<p>Cristina Contreras Herrera es una mujer guatemalteca que encontr\u00f3 en la necesidad y la creatividad una oportunidad para emprender. Su negocio, una tienda virtual llamada <a href=\"https:\/\/soymigrante.com\/mercado\/marketplace\/seller\/profile\/menjurjes\" target=\"_blank\" rel=\"noopener\">Menjurjes<\/a>, ofrece una variedad de productos comestibles artesanales como sal al vino, sal con hierbas, ali\u00f1os de cilantro, de albahaca y otros ingredientes que transforman cualquier platillo cotidiano en una experiencia de sabor.<\/p><p>Todo comenz\u00f3 cuando Cristina se qued\u00f3 sola, con sus hijos a cargo y sin un empleo estable. Ten\u00eda cerrado el pensum universitario, pero a\u00fan no contaba con un t\u00edtulo ni con seguro social. Esa inestabilidad fue la chispa que la motiv\u00f3 a pensar diferente: \u201cMe preocupaba que no ten\u00eda un trabajo estable ni un seguro, y all\u00ed empec\u00e9 a ver qu\u00e9 pod\u00eda hacer\u201d, recuerda.<\/p>\t\t\t\t\t\t\t\t<\/div>\n\t\t\t\t\t<\/div>\n\t\t\t\t<\/div>\n\t\t<div data-particle_enable=\"false\" data-particle-mobile-disabled=\"false\" class=\"elementor-element elementor-element-ae49f4d e-flex e-con-boxed e-con e-parent\" data-id=\"ae49f4d\" data-element_type=\"container\" data-e-type=\"container\">\n\t\t\t\t\t<div class=\"e-con-inner\">\n\t\t\t\t<div class=\"elementor-element elementor-element-57f97e5 elementor-widget elementor-widget-text-editor\" data-id=\"57f97e5\" data-element_type=\"widget\" data-e-type=\"widget\" data-widget_type=\"text-editor.default\">\n\t\t\t\t\t\t\t\t\t<p><a href=\"https:\/\/soymigrante.com\/mercado\/marketplace\/seller\/profile\/menjurjes\" target=\"_blank\" rel=\"noopener\">La tienda digital Menjurjes<\/a> ya est\u00e1 abierta en <a href=\"https:\/\/soymigrante.com\/mercado\/\" target=\"_blank\" rel=\"noopener\">SoyMigrante.com MERCADO<\/a>, la comunidad en l\u00ednea creada para que emprendedores y compradores guatemaltecos se encuentren: un proyecto activo, proactivo e innovador para peque\u00f1os negocios y creadores de productos elaborados a mano, detr\u00e1s de las cuales siempre hay una historia. Y esta es la historia de <a href=\"https:\/\/soymigrante.com\/mercado\/marketplace\/seller\/profile\/menjurjes\" target=\"_blank\" rel=\"noopener\">Menjurjes.<\/a><\/p>\t\t\t\t\t\t\t\t<\/div>\n\t\t\t\t\t<\/div>\n\t\t\t\t<\/div>\n\t\t<div data-particle_enable=\"false\" data-particle-mobile-disabled=\"false\" class=\"elementor-element elementor-element-47e755a e-flex e-con-boxed e-con e-parent\" data-id=\"47e755a\" data-element_type=\"container\" data-e-type=\"container\">\n\t\t\t\t\t<div class=\"e-con-inner\">\n\t\t\t\t<div class=\"elementor-element elementor-element-4f0f987 elementor-widget elementor-widget-image\" data-id=\"4f0f987\" data-element_type=\"widget\" data-e-type=\"widget\" data-widget_type=\"image.default\">\n\t\t\t\t\t\t\t\t\t\t\t\t<figure class=\"wp-caption\">\n\t\t\t\t\t\t\t\t\t\t<img fetchpriority=\"high\" decoding=\"async\" width=\"1024\" height=\"357\" src=\"https:\/\/soymigrante.com\/revista\/wp-content\/uploads\/2025\/07\/Captura-de-pantalla-2025-07-18-162359-2-1024x357.png\" class=\"attachment-large size-large wp-image-39774\" alt=\"Aceite de ajonjol\u00ed de Menjurges, producto natural y saludable, ideal para cocinar y aderezar alimentos, originario de Guatemala, entorno saludable, beneficios nutricionales y sabor aut\u00e9ntico.\" srcset=\"https:\/\/soymigrante.com\/revista\/wp-content\/uploads\/2025\/07\/Captura-de-pantalla-2025-07-18-162359-2-1024x357.png 1024w, https:\/\/soymigrante.com\/revista\/wp-content\/uploads\/2025\/07\/Captura-de-pantalla-2025-07-18-162359-2-300x105.png 300w, https:\/\/soymigrante.com\/revista\/wp-content\/uploads\/2025\/07\/Captura-de-pantalla-2025-07-18-162359-2-768x268.png 768w, https:\/\/soymigrante.com\/revista\/wp-content\/uploads\/2025\/07\/Captura-de-pantalla-2025-07-18-162359-2-1536x535.png 1536w, https:\/\/soymigrante.com\/revista\/wp-content\/uploads\/2025\/07\/Captura-de-pantalla-2025-07-18-162359-2-750x261.webp 750w, https:\/\/soymigrante.com\/revista\/wp-content\/uploads\/2025\/07\/Captura-de-pantalla-2025-07-18-162359-2-1140x397.webp 1140w, https:\/\/soymigrante.com\/revista\/wp-content\/uploads\/2025\/07\/Captura-de-pantalla-2025-07-18-162359-2.webp 1754w\" sizes=\"(max-width: 1024px) 100vw, 1024px\" title=\"La tienda tiene preparados artesanales para la cocina. (Foto: captura de pantalla) \u2013 SoyMigrante.com REVISTA\" \/>\t\t\t\t\t\t\t\t\t\t\t<figcaption class=\"widget-image-caption wp-caption-text\">Aceite de Menjurges artesanal para cocinar con sabor y calidad en Guatemala.<\/figcaption>\n\t\t\t\t\t\t\t\t\t\t<\/figure>\n\t\t\t\t\t\t\t\t\t<\/div>\n\t\t\t\t\t<\/div>\n\t\t\t\t<\/div>\n\t\t<div data-particle_enable=\"false\" data-particle-mobile-disabled=\"false\" class=\"elementor-element elementor-element-b243c1e e-flex e-con-boxed e-con e-parent\" data-id=\"b243c1e\" data-element_type=\"container\" data-e-type=\"container\">\n\t\t\t\t\t<div class=\"e-con-inner\">\n\t\t\t\t<div class=\"elementor-element elementor-element-846ab1b elementor-widget elementor-widget-heading\" data-id=\"846ab1b\" data-element_type=\"widget\" data-e-type=\"widget\" data-widget_type=\"heading.default\">\n\t\t\t\t\t<h3 class=\"elementor-heading-title elementor-size-default\">Imaginar una fuente de ingresos que le ayudara <\/h3>\t\t\t\t<\/div>\n\t\t\t\t\t<\/div>\n\t\t\t\t<\/div>\n\t\t<div data-particle_enable=\"false\" data-particle-mobile-disabled=\"false\" class=\"elementor-element elementor-element-de8e636 e-flex e-con-boxed e-con e-parent\" data-id=\"de8e636\" data-element_type=\"container\" data-e-type=\"container\">\n\t\t\t\t\t<div class=\"e-con-inner\">\n\t\t\t\t<div class=\"elementor-element elementor-element-6df4bf6 elementor-widget elementor-widget-text-editor\" data-id=\"6df4bf6\" data-element_type=\"widget\" data-e-type=\"widget\" data-widget_type=\"text-editor.default\">\n\t\t\t\t\t\t\t\t\t<p>En ese momento, comenz\u00f3 a imaginar c\u00f3mo pod\u00eda convertir algo que ya hac\u00eda en casa en una fuente de ingreso. \u201cMe di cuenta de que lo que necesitaba era una estructura para hacer un negocio, estaba buscando una idea y all\u00ed surgi\u00f3 lo del aceite\u201d, explica. Luego, not\u00f3 que ten\u00eda sal preparada en su cocina, una mezcla ancestral que, aunque no era una invenci\u00f3n propia, todav\u00eda encantaba a la gente. <a href=\"https:\/\/soymigrante.com\/mercado\/marketplace\/seller\/profile\/menjurjes\" target=\"_blank\" rel=\"noopener\">Entonces decidi\u00f3 comenzar a vender.<\/a><\/p><p>La b\u00fasqueda de espacios para dar a conocer sus productos la llev\u00f3 al Centro Municipal de Emprendimiento, donde fue seleccionada en su primer intento para ingresar a un curso especializado. \u201cHab\u00eda que hacer una carta, llevar el emprendimiento y mostrar los productos. Lo logr\u00e9 a la primera\u201d, cuenta con orgullo. Ese fue un paso clave para profesionalizar su idea.<\/p>\t\t\t\t\t\t\t\t<\/div>\n\t\t\t\t\t<\/div>\n\t\t\t\t<\/div>\n\t\t<div data-particle_enable=\"false\" data-particle-mobile-disabled=\"false\" class=\"elementor-element elementor-element-e7510b8 e-flex e-con-boxed e-con e-parent\" data-id=\"e7510b8\" data-element_type=\"container\" data-e-type=\"container\">\n\t\t\t\t\t<div class=\"e-con-inner\">\n\t\t\t\t<div class=\"elementor-element elementor-element-d710625 elementor-widget elementor-widget-image\" data-id=\"d710625\" data-element_type=\"widget\" data-e-type=\"widget\" data-widget_type=\"image.default\">\n\t\t\t\t\t\t\t\t\t\t\t\t<figure class=\"wp-caption\">\n\t\t\t\t\t\t\t\t\t\t<img decoding=\"async\" width=\"1024\" height=\"787\" src=\"https:\/\/soymigrante.com\/revista\/wp-content\/uploads\/2025\/07\/Captura-de-pantalla-2025-07-18-162341-1024x787.png\" class=\"attachment-large size-large wp-image-39775\" alt=\"Sal sal marina, especias y ali\u00f1os naturales para cocina saludable y deliciosa en SoyMigrante.com REVISTA.\" srcset=\"https:\/\/soymigrante.com\/revista\/wp-content\/uploads\/2025\/07\/Captura-de-pantalla-2025-07-18-162341-1024x787.png 1024w, https:\/\/soymigrante.com\/revista\/wp-content\/uploads\/2025\/07\/Captura-de-pantalla-2025-07-18-162341-300x231.png 300w, https:\/\/soymigrante.com\/revista\/wp-content\/uploads\/2025\/07\/Captura-de-pantalla-2025-07-18-162341-768x590.png 768w, https:\/\/soymigrante.com\/revista\/wp-content\/uploads\/2025\/07\/Captura-de-pantalla-2025-07-18-162341-750x576.webp 750w, https:\/\/soymigrante.com\/revista\/wp-content\/uploads\/2025\/07\/Captura-de-pantalla-2025-07-18-162341-1140x876.webp 1140w, https:\/\/soymigrante.com\/revista\/wp-content\/uploads\/2025\/07\/Captura-de-pantalla-2025-07-18-162341.webp 1153w\" sizes=\"(max-width: 1024px) 100vw, 1024px\" title=\"La tienda virtual tiene productos para darle sabor a la comida. (Foto: Captura de pantalla) \u2013 SoyMigrante.com REVISTA\" \/>\t\t\t\t\t\t\t\t\t\t\t<figcaption class=\"widget-image-caption wp-caption-text\">Ali\u00f1o de cilantro y albahaca en botellas peque\u00f1as, productos org\u00e1nicos para potenciar sabores en la cocina.<\/figcaption>\n\t\t\t\t\t\t\t\t\t\t<\/figure>\n\t\t\t\t\t\t\t\t\t<\/div>\n\t\t\t\t\t<\/div>\n\t\t\t\t<\/div>\n\t\t<div data-particle_enable=\"false\" data-particle-mobile-disabled=\"false\" class=\"elementor-element elementor-element-819c9b5 e-flex e-con-boxed e-con e-parent\" data-id=\"819c9b5\" data-element_type=\"container\" data-e-type=\"container\">\n\t\t\t\t\t<div class=\"e-con-inner\">\n\t\t\t\t<div class=\"elementor-element elementor-element-73be6d8 elementor-widget elementor-widget-heading\" data-id=\"73be6d8\" data-element_type=\"widget\" data-e-type=\"widget\" data-widget_type=\"heading.default\">\n\t\t\t\t\t<h3 class=\"elementor-heading-title elementor-size-default\">La tienda virtual en MERCADO<\/h3>\t\t\t\t<\/div>\n\t\t\t\t\t<\/div>\n\t\t\t\t<\/div>\n\t\t<div data-particle_enable=\"false\" data-particle-mobile-disabled=\"false\" class=\"elementor-element elementor-element-6f89874 e-flex e-con-boxed e-con e-parent\" data-id=\"6f89874\" data-element_type=\"container\" data-e-type=\"container\">\n\t\t\t\t\t<div class=\"e-con-inner\">\n\t\t\t\t<div class=\"elementor-element elementor-element-7d53431 elementor-widget elementor-widget-text-editor\" data-id=\"7d53431\" data-element_type=\"widget\" data-e-type=\"widget\" data-widget_type=\"text-editor.default\">\n\t\t\t\t\t\t\t\t\t<p>Cristina no est\u00e1 sola en este camino. Dos personas la apoyan, una en la producci\u00f3n y otra en las ventas, ambas en turnos de medio tiempo. Juntas forman el equipo que da vida a<a href=\"https:\/\/soymigrante.com\/mercado\/marketplace\/seller\/profile\/menjurjes\" target=\"_blank\" rel=\"noopener\"> Menjurjes,<\/a> una tienda virtual que ahora tambi\u00e9n est\u00e1 presente en la plataforma guatemalteca <a href=\"https:\/\/soymigrante.com\/mercado\/\" target=\"_blank\" rel=\"noopener\">MERCADO,<\/a> facilitando las compras en l\u00ednea dentro del pa\u00eds y permitiendo env\u00edos a Estados Unidos.<\/p><p>Aunque ahora tiene clientela constante y recomendaciones, el inicio fue muy distinto. \u201cEmpec\u00e9 en plena pandemia, en 2020. Lo empec\u00e9 a ofrecer como venta ambulante en la terminal, porque quer\u00eda meterme a ofrecer el negocio. Al principio me daba pena, pero luego un se\u00f1or me compr\u00f3 y eso me ayud\u00f3 a reconocer que s\u00ed se pod\u00eda\u201d, relata. Luego, desde su residencia en zona 5, empez\u00f3 a ofrecer los productos en las tiendas del barrio, lo que ayud\u00f3 a consolidar su reputaci\u00f3n.<\/p>\t\t\t\t\t\t\t\t<\/div>\n\t\t\t\t\t<\/div>\n\t\t\t\t<\/div>\n\t\t<div data-particle_enable=\"false\" data-particle-mobile-disabled=\"false\" class=\"elementor-element elementor-element-50954d1 e-flex e-con-boxed e-con e-parent\" data-id=\"50954d1\" data-element_type=\"container\" data-e-type=\"container\">\n\t\t\t\t\t<div class=\"e-con-inner\">\n\t\t\t\t<div class=\"elementor-element elementor-element-b96a467 elementor-widget elementor-widget-image\" data-id=\"b96a467\" data-element_type=\"widget\" data-e-type=\"widget\" data-widget_type=\"image.default\">\n\t\t\t\t\t\t\t\t\t\t\t\t<figure class=\"wp-caption\">\n\t\t\t\t\t\t\t\t\t\t<img decoding=\"async\" width=\"1024\" height=\"578\" src=\"https:\/\/soymigrante.com\/revista\/wp-content\/uploads\/2025\/07\/Captura-de-pantalla-2025-07-18-162419-1024x578.png\" class=\"attachment-large size-large wp-image-39776\" alt=\"Sal al vino en condimento gourmet para dar sabor y aroma a platos elegantes, ideal para maridar con queso, carne y vino, aportando sofisticaci\u00f3n y toque de elegancia en tus recetas.\" srcset=\"https:\/\/soymigrante.com\/revista\/wp-content\/uploads\/2025\/07\/Captura-de-pantalla-2025-07-18-162419-1024x578.png 1024w, https:\/\/soymigrante.com\/revista\/wp-content\/uploads\/2025\/07\/Captura-de-pantalla-2025-07-18-162419-300x169.png 300w, https:\/\/soymigrante.com\/revista\/wp-content\/uploads\/2025\/07\/Captura-de-pantalla-2025-07-18-162419-768x434.png 768w, https:\/\/soymigrante.com\/revista\/wp-content\/uploads\/2025\/07\/Captura-de-pantalla-2025-07-18-162419-1536x867.png 1536w, https:\/\/soymigrante.com\/revista\/wp-content\/uploads\/2025\/07\/Captura-de-pantalla-2025-07-18-162419-750x424.webp 750w, https:\/\/soymigrante.com\/revista\/wp-content\/uploads\/2025\/07\/Captura-de-pantalla-2025-07-18-162419-1140x644.webp 1140w, https:\/\/soymigrante.com\/revista\/wp-content\/uploads\/2025\/07\/Captura-de-pantalla-2025-07-18-162419.webp 1544w\" sizes=\"(max-width: 1024px) 100vw, 1024px\" title=\"Los productos son de calidad y hacen perdurar el sabor. (Foto: captura de pantalla) \u2013 SoyMigrante.com REVISTA\" \/>\t\t\t\t\t\t\t\t\t\t\t<figcaption class=\"widget-image-caption wp-caption-text\">Sal al vino, condimento gourmet para platos elegantes y maridaje con queso y carne, que combina la pureza del vino con la sal, creando un sabor \u00fanico y sofisticado para cocina gourmet.<\/figcaption>\n\t\t\t\t\t\t\t\t\t\t<\/figure>\n\t\t\t\t\t\t\t\t\t<\/div>\n\t\t\t\t\t<\/div>\n\t\t\t\t<\/div>\n\t\t<div data-particle_enable=\"false\" data-particle-mobile-disabled=\"false\" class=\"elementor-element elementor-element-4ecd50b e-flex e-con-boxed e-con e-parent\" data-id=\"4ecd50b\" data-element_type=\"container\" data-e-type=\"container\">\n\t\t\t\t\t<div class=\"e-con-inner\">\n\t\t\t\t<div class=\"elementor-element elementor-element-9d3e89f elementor-widget elementor-widget-heading\" data-id=\"9d3e89f\" data-element_type=\"widget\" data-e-type=\"widget\" data-widget_type=\"heading.default\">\n\t\t\t\t\t<h3 class=\"elementor-heading-title elementor-size-default\">Los productos son artesanales y de calidad <\/h3>\t\t\t\t<\/div>\n\t\t\t\t\t<\/div>\n\t\t\t\t<\/div>\n\t\t<div data-particle_enable=\"false\" data-particle-mobile-disabled=\"false\" class=\"elementor-element elementor-element-8da7b98 e-flex e-con-boxed e-con e-parent\" data-id=\"8da7b98\" data-element_type=\"container\" data-e-type=\"container\">\n\t\t\t\t\t<div class=\"e-con-inner\">\n\t\t\t\t<div class=\"elementor-element elementor-element-3e25478 elementor-widget elementor-widget-text-editor\" data-id=\"3e25478\" data-element_type=\"widget\" data-e-type=\"widget\" data-widget_type=\"text-editor.default\">\n\t\t\t\t\t\t\t\t\t<p>Hoy, Cristina destaca que lo m\u00e1s gratificante del negocio es ver c\u00f3mo su producto ya tiene demanda: \u201cMuchas veces es f\u00e1cil vender por primera vez, pero ahora ya me buscan y me piden. Ya tengo clientes y esa es la parte m\u00e1s satisfactoria\u201d.<\/p><p><a href=\"https:\/\/soymigrante.com\/mercado\/marketplace\/seller\/profile\/menjurjes\" target=\"_blank\" rel=\"noopener\">Todos sus productos son 100% artesanales y elaborados desde cero.<\/a> Cristina se ha capacitado personalmente para asegurar la calidad de cada frasco de sal o ali\u00f1o. Aunque su producto favorito es la sal, el ajo preparado es el m\u00e1s vendido entre sus clientes. \u201cMe gusta que las personas busquen productos distintos, y me emociona que les guste lo que hago\u201d.<\/p><p>Para Cristina, este emprendimiento no es solo una fuente de ingresos, sino tambi\u00e9n una forma de prepararse para el futuro. Su historia es una muestra del poder de la resiliencia, la creatividad y el trabajo duro en medio de la adversidad.<\/p>\t\t\t\t\t\t\t\t<\/div>\n\t\t\t\t\t<\/div>\n\t\t\t\t<\/div>\n\t\t<div data-particle_enable=\"false\" data-particle-mobile-disabled=\"false\" class=\"elementor-element elementor-element-2711162 e-flex e-con-boxed e-con e-parent\" data-id=\"2711162\" data-element_type=\"container\" data-e-type=\"container\">\n\t\t\t\t\t<div class=\"e-con-inner\">\n\t\t\t\t<div class=\"elementor-element elementor-element-28c4a6a elementor-widget elementor-widget-image\" data-id=\"28c4a6a\" data-element_type=\"widget\" data-e-type=\"widget\" data-widget_type=\"image.default\">\n\t\t\t\t\t\t\t\t\t\t\t\t<figure class=\"wp-caption\">\n\t\t\t\t\t\t\t\t\t\t<img loading=\"lazy\" decoding=\"async\" width=\"1024\" height=\"446\" src=\"https:\/\/soymigrante.com\/revista\/wp-content\/uploads\/2025\/07\/Captura-de-pantalla-2025-07-18-162324-1024x446.png\" class=\"attachment-large size-large wp-image-39780\" alt=\"Vino de Sidra de Manzana ecol\u00f3gico, saludable y artesanal, 16 oz, ideal para recetas y consumo directo, con excelente sabor natural en formato pr\u00e1ctico.\" srcset=\"https:\/\/soymigrante.com\/revista\/wp-content\/uploads\/2025\/07\/Captura-de-pantalla-2025-07-18-162324-1024x446.png 1024w, https:\/\/soymigrante.com\/revista\/wp-content\/uploads\/2025\/07\/Captura-de-pantalla-2025-07-18-162324-300x131.png 300w, https:\/\/soymigrante.com\/revista\/wp-content\/uploads\/2025\/07\/Captura-de-pantalla-2025-07-18-162324-768x335.png 768w, https:\/\/soymigrante.com\/revista\/wp-content\/uploads\/2025\/07\/Captura-de-pantalla-2025-07-18-162324-750x327.webp 750w, https:\/\/soymigrante.com\/revista\/wp-content\/uploads\/2025\/07\/Captura-de-pantalla-2025-07-18-162324-1140x497.webp 1140w, https:\/\/soymigrante.com\/revista\/wp-content\/uploads\/2025\/07\/Captura-de-pantalla-2025-07-18-162324.webp 1152w\" sizes=\"(max-width: 1024px) 100vw, 1024px\" title=\"Dentro de la tienda virtual se encuentra una gran variedad de productos. (Foto: captura de pantalla) \u2013 SoyMigrante.com REVISTA\" \/>\t\t\t\t\t\t\t\t\t\t\t<figcaption class=\"widget-image-caption wp-caption-text\">Sal Al Vino 90 gramos, condimento gourmet para carnes y ensaladas, ingredientes de calidad, un toque especial en tus preparaciones.<\/figcaption>\n\t\t\t\t\t\t\t\t\t\t<\/figure>\n\t\t\t\t\t\t\t\t\t<\/div>\n\t\t\t\t\t<\/div>\n\t\t\t\t<\/div>\n\t\t<div data-particle_enable=\"false\" data-particle-mobile-disabled=\"false\" class=\"elementor-element elementor-element-7d50315 e-flex e-con-boxed e-con e-parent\" data-id=\"7d50315\" data-element_type=\"container\" data-e-type=\"container\">\n\t\t\t\t\t<div class=\"e-con-inner\">\n\t\t\t\t<div class=\"elementor-element elementor-element-f2f31af elementor-widget elementor-widget-heading\" data-id=\"f2f31af\" data-element_type=\"widget\" data-e-type=\"widget\" data-widget_type=\"heading.default\">\n\t\t\t\t\t<h2 class=\"elementor-heading-title elementor-size-default\">Conoce otras historias inspiradoras, ac\u00e1...<\/h2>\t\t\t\t<\/div>\n\t\t\t\t\t<\/div>\n\t\t\t\t<\/div>\n\t\t<div data-particle_enable=\"false\" data-particle-mobile-disabled=\"false\" class=\"elementor-element elementor-element-189bb58 e-flex e-con-boxed e-con e-parent\" data-id=\"189bb58\" data-element_type=\"container\" data-e-type=\"container\">\n\t\t\t\t\t<div class=\"e-con-inner\">\n\t\t\t\t<div class=\"elementor-element elementor-element-773dc00 elementor-grid-eael-col-3 elementor-grid-tablet-eael-col-2 elementor-grid-mobile-eael-col-1 elementor-invisible elementor-widget elementor-widget-eael-post-grid\" data-id=\"773dc00\" data-element_type=\"widget\" data-e-type=\"widget\" data-settings=\"{&quot;eael_post_grid_columns&quot;:&quot;eael-col-3&quot;,&quot;_animation&quot;:&quot;rollIn&quot;,&quot;eael_post_grid_columns_tablet&quot;:&quot;eael-col-2&quot;,&quot;eael_post_grid_columns_mobile&quot;:&quot;eael-col-1&quot;}\" data-widget_type=\"eael-post-grid.default\">\n\t\t\t\t\t<div id=\"eael-post-grid-773dc00\" class=\"eael-post-grid-container\">\n            <div class=\"eael-post-grid eael-post-appender eael-post-appender-773dc00 eael-post-grid-style-one\" data-layout-mode=\"masonry\"><article class=\"eael-grid-post  eael-post-grid-column eael-pg-post-23097 category-guate-nuestra tags-mercado-emprendedores\" data-id=\"23097\">\n        <div class=\"eael-grid-post-holder\">\n            <div class=\"eael-grid-post-holder-inner\"><div class=\"eael-entry-media\"><div class=\"eael-entry-overlay fade-in\"><i class=\"far fa-hand-pointer\" aria-hidden=\"true\"><\/i><a href=\"https:\/\/soymigrante.com\/revista\/mafer-jimenez-escritora-voluntad-guatemalteca-libros-motivacion-mercado\/\"><\/a><\/div><div class=\"eael-entry-thumbnail \">\n                <img loading=\"lazy\" decoding=\"async\" width=\"1024\" height=\"1024\" src=\"https:\/\/soymigrante.com\/revista\/wp-content\/uploads\/2025\/01\/MAFER-JIMENEZ-1-1024x1024.jpg\" class=\"attachment-large size-large wp-image-23161\" alt=\"\u00e1rea de personas con discapacidad mostrando libros de la revista SoyMigrante.com REVISTA en una rueda de personas con discapacidad, promoviendo derechos e inclusi\u00f3n en temas migratorios en M\u00e9xico.\" srcset=\"https:\/\/soymigrante.com\/revista\/wp-content\/uploads\/2025\/01\/MAFER-JIMENEZ-1-1024x1024.jpg 1024w, https:\/\/soymigrante.com\/revista\/wp-content\/uploads\/2025\/01\/MAFER-JIMENEZ-1-300x300.jpg 300w, https:\/\/soymigrante.com\/revista\/wp-content\/uploads\/2025\/01\/MAFER-JIMENEZ-1-150x150.jpg 150w, https:\/\/soymigrante.com\/revista\/wp-content\/uploads\/2025\/01\/MAFER-JIMENEZ-1-768x768.jpg 768w, https:\/\/soymigrante.com\/revista\/wp-content\/uploads\/2025\/01\/MAFER-JIMENEZ-1-75x75.webp 75w, https:\/\/soymigrante.com\/revista\/wp-content\/uploads\/2025\/01\/MAFER-JIMENEZ-1-750x750.webp 750w, https:\/\/soymigrante.com\/revista\/wp-content\/uploads\/2025\/01\/MAFER-JIMENEZ-1-1140x1140.webp 1140w, https:\/\/soymigrante.com\/revista\/wp-content\/uploads\/2025\/01\/MAFER-JIMENEZ-1.webp 1308w\" sizes=\"(max-width: 1024px) 100vw, 1024px\" \/>\n            <\/div>\n        <\/div><div class=\"eael-entry-wrapper\"><header class=\"eael-entry-header\"><h2 class=\"eael-entry-title\"><a class=\"eael-grid-post-link\" href=\"https:\/\/soymigrante.com\/revista\/mafer-jimenez-escritora-voluntad-guatemalteca-libros-motivacion-mercado\/\" title=\"Mafer Jim\u00e9nez: una mente maravillosa y voluntad sin l\u00edmites. Sus libros ahora est\u00e1n en MERCADO\">Mafer Jim\u00e9nez: una mente maravillosa y voluntad sin l\u00edmites. Sus libros ahora est\u00e1n en MERCADO<\/a><\/h2><\/header><div class=\"eael-entry-content\">\n                        <div class=\"eael-grid-post-excerpt\"><a href=\"https:\/\/soymigrante.com\/revista\/mafer-jimenez-escritora-voluntad-guatemalteca-libros-motivacion-mercado\/\" class=\"eael-post-elements-readmore-btn\">CONOCE SU HISTORIA <\/a><\/div>\n                    <\/div><\/div><\/div>\n        <\/div>\n    <\/article><article class=\"eael-grid-post  eael-post-grid-column eael-pg-post-21793 category-guate-nuestra tags-mercado-emprendedores\" data-id=\"21793\">\n        <div class=\"eael-grid-post-holder\">\n            <div class=\"eael-grid-post-holder-inner\"><div class=\"eael-entry-media\"><div class=\"eael-entry-overlay fade-in\"><i class=\"far fa-hand-pointer\" aria-hidden=\"true\"><\/i><a href=\"https:\/\/soymigrante.com\/revista\/alan-tenenbaum-es-ejemplo-de-resiliencia-voluntad-y-superacion-sus-libros-estan-en-mercado\/\"><\/a><\/div><div class=\"eael-entry-thumbnail \">\n                <img loading=\"lazy\" decoding=\"async\" width=\"685\" height=\"1024\" src=\"https:\/\/soymigrante.com\/revista\/wp-content\/uploads\/2025\/01\/Alan-1-685x1024.jpeg\" class=\"attachment-large size-large wp-image-21795\" alt=\"Libro &quot;En una silla de morfeo&quot; del autor Alan Terenbaum, mostrando diversidad e inclusi\u00f3n en la literatura, con decoraciones coloridas y fondos de libros en una sala acogedora.\" srcset=\"https:\/\/soymigrante.com\/revista\/wp-content\/uploads\/2025\/01\/Alan-1-685x1024.jpeg 685w, https:\/\/soymigrante.com\/revista\/wp-content\/uploads\/2025\/01\/Alan-1-201x300.jpeg 201w, https:\/\/soymigrante.com\/revista\/wp-content\/uploads\/2025\/01\/Alan-1-768x1148.jpeg 768w, https:\/\/soymigrante.com\/revista\/wp-content\/uploads\/2025\/01\/Alan-1-1027x1536.jpeg 1027w, https:\/\/soymigrante.com\/revista\/wp-content\/uploads\/2025\/01\/Alan-1-750x1121.webp 750w, https:\/\/soymigrante.com\/revista\/wp-content\/uploads\/2025\/01\/Alan-1.webp 1070w\" sizes=\"(max-width: 685px) 100vw, 685px\" \/>\n            <\/div>\n        <\/div><div class=\"eael-entry-wrapper\"><header class=\"eael-entry-header\"><h2 class=\"eael-entry-title\"><a class=\"eael-grid-post-link\" href=\"https:\/\/soymigrante.com\/revista\/alan-tenenbaum-es-ejemplo-de-resiliencia-voluntad-y-superacion-sus-libros-estan-en-mercado\/\" title=\"Los libros de Alan Tenembaum animan a lograr lo imposible y ahora est\u00e1n en SoyMigrante.com MERCADO\">Los libros de Alan Tenembaum animan a lograr lo imposible y ahora est\u00e1n en SoyMigrante.com MERCADO<\/a><\/h2><\/header><div class=\"eael-entry-content\">\n                        <div class=\"eael-grid-post-excerpt\"><a href=\"https:\/\/soymigrante.com\/revista\/alan-tenenbaum-es-ejemplo-de-resiliencia-voluntad-y-superacion-sus-libros-estan-en-mercado\/\" class=\"eael-post-elements-readmore-btn\">CONOCE SU HISTORIA <\/a><\/div>\n                    <\/div><\/div><\/div>\n        <\/div>\n    <\/article><article class=\"eael-grid-post  eael-post-grid-column eael-pg-post-19344 category-guate-nuestra tags-mercado-emprendedores\" data-id=\"19344\">\n        <div class=\"eael-grid-post-holder\">\n            <div class=\"eael-grid-post-holder-inner\"><div class=\"eael-entry-media\"><div class=\"eael-entry-overlay fade-in\"><i class=\"far fa-hand-pointer\" aria-hidden=\"true\"><\/i><a href=\"https:\/\/soymigrante.com\/revista\/artista-david-de-paz-convierte-el-sentimiento-en-pinturas-de-arte-qeq\/\"><\/a><\/div><div class=\"eael-entry-thumbnail \">\n                <img loading=\"lazy\" decoding=\"async\" width=\"914\" height=\"914\" src=\"https:\/\/soymigrante.com\/revista\/wp-content\/uploads\/2025\/01\/David-Armando-De-Paz-Lopez-2.webp\" class=\"attachment-large size-large wp-image-19398\" alt=\"Retrato de un hombre con gafas y cabello largo en una galer\u00eda de arte, sonriendo.\" srcset=\"https:\/\/soymigrante.com\/revista\/wp-content\/uploads\/2025\/01\/David-Armando-De-Paz-Lopez-2.webp 914w, https:\/\/soymigrante.com\/revista\/wp-content\/uploads\/2025\/01\/David-Armando-De-Paz-Lopez-2-300x300.jpeg 300w, https:\/\/soymigrante.com\/revista\/wp-content\/uploads\/2025\/01\/David-Armando-De-Paz-Lopez-2-150x150.jpeg 150w, https:\/\/soymigrante.com\/revista\/wp-content\/uploads\/2025\/01\/David-Armando-De-Paz-Lopez-2-768x768.jpeg 768w, https:\/\/soymigrante.com\/revista\/wp-content\/uploads\/2025\/01\/David-Armando-De-Paz-Lopez-2-75x75.webp 75w, https:\/\/soymigrante.com\/revista\/wp-content\/uploads\/2025\/01\/David-Armando-De-Paz-Lopez-2-750x750.webp 750w\" sizes=\"(max-width: 914px) 100vw, 914px\" \/>\n            <\/div>\n        <\/div><div class=\"eael-entry-wrapper\"><header class=\"eael-entry-header\"><h2 class=\"eael-entry-title\"><a class=\"eael-grid-post-link\" href=\"https:\/\/soymigrante.com\/revista\/artista-david-de-paz-convierte-el-sentimiento-en-pinturas-de-arte-qeq\/\" title=\"Artista David de Paz transforma emociones en la expresi\u00f3n viva de Arte Q&#8217;eq y est\u00e1 en Mercado\">Artista David de Paz transforma emociones en la expresi\u00f3n viva de Arte Q&#8217;eq y est\u00e1 en Mercado<\/a><\/h2><\/header><div class=\"eael-entry-content\">\n                        <div class=\"eael-grid-post-excerpt\"><a href=\"https:\/\/soymigrante.com\/revista\/artista-david-de-paz-convierte-el-sentimiento-en-pinturas-de-arte-qeq\/\" class=\"eael-post-elements-readmore-btn\">CONOCE SU HISTORIA <\/a><\/div>\n                    <\/div><\/div><\/div>\n        <\/div>\n    <\/article><\/div>\n            <div class=\"clearfix\"><\/div>\n        <\/div>\t\t\t\t<\/div>\n\t\t\t\t\t<\/div>\n\t\t\t\t<\/div>\n\t\t\t\t<\/div>\n\t\t","protected":false},"excerpt":{"rendered":"<p>Cristina Contreras es una mujer que lleva sus cualidades m\u00e1s all\u00e1 con la tienda virtual Menjurjes, que se encuentra en MERCADO. Cristina Contreras Herrera es una mujer guatemalteca que encontr\u00f3 en la necesidad y la creatividad una oportunidad para emprender. Su negocio, una tienda virtual llamada Menjurjes, ofrece una variedad de productos comestibles artesanales como [&hellip;]<\/p>\n","protected":false},"author":19,"featured_media":39859,"comment_status":"open","ping_status":"open","sticky":false,"template":"","format":"standard","meta":{"_acf_changed":false,"_eb_attr":"","footnotes":""},"categories":[58],"tags":[130],"class_list":["post-39764","post","type-post","status-publish","format-standard","has-post-thumbnail","hentry","category-guate-nuestra","tag-mercado-emprendedores"],"acf":[],"aioseo_notices":[],"aioseo_head":"\n\t\t<!-- All in One SEO Pro 4.9.6.2 - aioseo.com -->\n\t<meta name=\"description\" content=\"David Armando De Paz L\u00f3pez encontr\u00f3 en el arte su su pasi\u00f3n. Su emprendimiento Arte Q\u2019eq, celebra la belleza de la vida y est\u00e1 presente en SoyMigrante MERCADO.\" \/>\n\t<meta name=\"robots\" content=\"max-snippet:-1, max-image-preview:large, max-video-preview:-1\" \/>\n\t<meta name=\"author\" content=\"Beatriz Tercero\"\/>\n\t<link rel=\"canonical\" href=\"https:\/\/soymigrante.com\/revista\/artista-david-de-paz-convierte-el-sentimiento-en-pinturas-de-arte-qeq\/\" \/>\n\t<meta name=\"generator\" content=\"All in One SEO Pro (AIOSEO) 4.9.6.2\" \/>\n\n\t\t<link rel=\"preconnect\" href=\"https:\/\/fonts.googleapis.com\" crossorigin>\n<link rel=\"preconnect\" href=\"https:\/\/fonts.gstatic.com\" crossorigin>\n\t\t<meta property=\"og:locale\" content=\"es_ES\" \/>\n\t\t<meta property=\"og:site_name\" content=\"SoyMigrante.com REVISTA \u2013 Nuestra misi\u00f3n es reconocer y dignificar al migrante.\" \/>\n\t\t<meta property=\"og:type\" content=\"article\" \/>\n\t\t<meta property=\"og:title\" content=\"Arte Q\u2019eq: Donde las emociones se transforman en arte\" \/>\n\t\t<meta property=\"og:description\" content=\"David Armando De Paz L\u00f3pez encontr\u00f3 en el arte su su pasi\u00f3n. Su emprendimiento Arte Q\u2019eq, celebra la belleza de la vida y est\u00e1 presente en SoyMigrante MERCADO.\" \/>\n\t\t<meta property=\"og:url\" content=\"https:\/\/soymigrante.com\/revista\/artista-david-de-paz-convierte-el-sentimiento-en-pinturas-de-arte-qeq\/\" \/>\n\t\t<meta property=\"og:image\" content=\"https:\/\/soymigrante.com\/revista\/wp-content\/uploads\/2025\/01\/David-Armando-De-Paz-Lopez-2.webp\" \/>\n\t\t<meta property=\"og:image:secure_url\" content=\"https:\/\/soymigrante.com\/revista\/wp-content\/uploads\/2025\/01\/David-Armando-De-Paz-Lopez-2.webp\" \/>\n\t\t<meta property=\"og:image:width\" content=\"914\" \/>\n\t\t<meta property=\"og:image:height\" content=\"914\" \/>\n\t\t<meta property=\"article:published_time\" content=\"2025-01-07T14:44:25+00:00\" \/>\n\t\t<meta property=\"article:modified_time\" content=\"2025-07-19T21:48:58+00:00\" \/>\n\t\t<meta property=\"article:publisher\" content=\"https:\/\/www.facebook.com\/soymigrantecom\" \/>\n\t\t<meta name=\"twitter:card\" content=\"summary_large_image\" \/>\n\t\t<meta name=\"twitter:site\" content=\"@SoyMigrante_com\" \/>\n\t\t<meta name=\"twitter:title\" content=\"Arte Q\u2019eq: Donde las emociones se transforman en arte\" \/>\n\t\t<meta name=\"twitter:description\" content=\"David Armando De Paz L\u00f3pez encontr\u00f3 en el arte su su pasi\u00f3n. Su emprendimiento Arte Q\u2019eq, celebra la belleza de la vida y est\u00e1 presente en SoyMigrante MERCADO.\" \/>\n\t\t<meta name=\"twitter:creator\" content=\"@SoyMigrante_com\" \/>\n\t\t<meta name=\"twitter:image\" content=\"https:\/\/soymigrante.com\/revista\/wp-content\/uploads\/2025\/01\/David-Armando-De-Paz-Lopez-2.webp\" \/>\n\t\t<!-- All in One SEO Pro -->\r\n\t\t<title>Arte Q\u2019eq: Donde las emociones se transforman en arte<\/title>\n\n","aioseo_head_json":{"title":"Arte Q\u2019eq: Donde las emociones se transforman en arte","description":"David Armando De Paz L\u00f3pez encontr\u00f3 en el arte su su pasi\u00f3n. Su emprendimiento Arte Q\u2019eq, celebra la belleza de la vida y est\u00e1 presente en SoyMigrante MERCADO.","canonical_url":"https:\/\/soymigrante.com\/revista\/artista-david-de-paz-convierte-el-sentimiento-en-pinturas-de-arte-qeq\/","robots":"max-snippet:-1, max-image-preview:large, max-video-preview:-1","keywords":"","webmasterTools":{"miscellaneous":"&lt;link rel=\"preconnect\" href=\"https:\/\/fonts.googleapis.com\" crossorigin&gt;\n&lt;link rel=\"preconnect\" href=\"https:\/\/fonts.gstatic.com\" crossorigin&gt;"},"schema":null,"og:locale":"es_ES","og:site_name":"SoyMigrante.com REVISTA \u2013 Nuestra misi\u00f3n es reconocer y dignificar al migrante.","og:type":"article","og:title":"Arte Q\u2019eq: Donde las emociones se transforman en arte","og:description":"David Armando De Paz L\u00f3pez encontr\u00f3 en el arte su su pasi\u00f3n. Su emprendimiento Arte Q\u2019eq, celebra la belleza de la vida y est\u00e1 presente en SoyMigrante MERCADO.","og:url":"https:\/\/soymigrante.com\/revista\/artista-david-de-paz-convierte-el-sentimiento-en-pinturas-de-arte-qeq\/","og:image":"https:\/\/soymigrante.com\/revista\/wp-content\/uploads\/2025\/01\/David-Armando-De-Paz-Lopez-2.webp","og:image:secure_url":"https:\/\/soymigrante.com\/revista\/wp-content\/uploads\/2025\/01\/David-Armando-De-Paz-Lopez-2.webp","og:image:width":914,"og:image:height":914,"article:published_time":"2025-01-07T14:44:25+00:00","article:modified_time":"2025-07-19T21:48:58+00:00","article:publisher":"https:\/\/www.facebook.com\/soymigrantecom","twitter:card":"summary_large_image","twitter:site":"@SoyMigrante_com","twitter:title":"Arte Q\u2019eq: Donde las emociones se transforman en arte","twitter:description":"David Armando De Paz L\u00f3pez encontr\u00f3 en el arte su su pasi\u00f3n. Su emprendimiento Arte Q\u2019eq, celebra la belleza de la vida y est\u00e1 presente en SoyMigrante MERCADO.","twitter:creator":"@SoyMigrante_com","twitter:image":"https:\/\/soymigrante.com\/revista\/wp-content\/uploads\/2025\/01\/David-Armando-De-Paz-Lopez-2.webp"},"aioseo_meta_data":{"post_id":"39764","title":"Emprendedora impulsa aceites saborizados Menjurjes en MERCADO","description":"Exquisitos sabores y aromas de la tienda virtual Menjurjes puede llegar hasta tu casa a trav\u00e9s de su tienda digital en SoyMigrante.com MERCADO. Conoce su historia.","keywords":null,"keyphrases":{"focus":{"keyphrase":"mercado","score":91,"analysis":{"keyphraseInTitle":{"score":9,"maxScore":9,"error":0},"keyphraseInDescription":{"score":9,"maxScore":9,"error":0},"keyphraseLength":{"score":9,"maxScore":9,"error":0,"length":1},"keyphraseInURL":{"score":5,"maxScore":5,"error":0},"keyphraseInIntroduction":{"score":3,"maxScore":9,"error":1},"keyphraseInSubHeadings":{"score":9,"maxScore":9,"error":0},"keyphraseInImageAlt":{"score":9,"maxScore":9,"error":0},"keywordDensity":{"type":"best","score":9,"maxScore":9,"error":0}}},"additional":[{"keyphrase":"menjurjes","score":87,"analysis":{"keyphraseInDescription":{"score":9,"maxScore":9,"error":0},"keyphraseLength":{"score":9,"maxScore":9,"error":0,"length":1},"keyphraseInIntroduction":{"score":9,"maxScore":9,"error":0},"keyphraseInImageAlt":{"score":3,"maxScore":9,"error":1},"keywordDensity":{"type":"best","score":9,"maxScore":9,"error":0}}}]},"primary_term":null,"canonical_url":null,"og_title":null,"og_description":null,"og_object_type":"default","og_image_type":"default","og_image_url":null,"og_image_width":null,"og_image_height":null,"og_image_custom_url":null,"og_image_custom_fields":null,"og_video":"","og_custom_url":null,"og_article_section":null,"og_article_tags":null,"twitter_use_og":false,"twitter_card":"default","twitter_image_type":"default","twitter_image_url":null,"twitter_image_custom_url":null,"twitter_image_custom_fields":null,"twitter_title":null,"twitter_description":null,"schema":{"blockGraphs":[],"customGraphs":[],"default":{"data":{"Article":[],"Course":[],"Dataset":[],"FAQPage":[],"Movie":[],"Person":[],"Product":[],"ProductReview":[],"Car":[],"Recipe":[],"Service":[],"SoftwareApplication":[],"WebPage":[]},"graphName":"NewsArticle","isEnabled":true},"graphs":[]},"schema_type":"default","schema_type_options":null,"pillar_content":false,"robots_default":true,"robots_noindex":false,"robots_noarchive":false,"robots_nosnippet":false,"robots_nofollow":false,"robots_noimageindex":false,"robots_noodp":false,"robots_notranslate":false,"robots_max_snippet":"-1","robots_max_videopreview":"-1","robots_max_imagepreview":"large","priority":null,"frequency":"default","local_seo":null,"seo_analyzer_scan_date":null,"breadcrumb_settings":null,"limit_modified_date":false,"reviewed_by":"0","open_ai":null,"ai":{"faqs":[],"keyPoints":[],"titles":[],"descriptions":[],"socialPosts":{"email":[],"linkedin":[],"twitter":[],"facebook":[],"instagram":[]}},"created":"2025-07-18 22:33:52","updated":"2026-03-06 15:45:41"},"aioseo_breadcrumb":"<div class=\"aioseo-breadcrumbs\"><span class=\"aioseo-breadcrumb\">\n\t<a href=\"https:\/\/soymigrante.com\/revista\" title=\"Home\">Home<\/a>\n<\/span><span class=\"aioseo-breadcrumb-separator\">\u00bb<\/span><span class=\"aioseo-breadcrumb\">\n\t<a href=\"https:\/\/soymigrante.com\/revista\/category\/guate-nuestra\/\" title=\"Guate Nuestra\">Guate Nuestra<\/a>\n<\/span><span class=\"aioseo-breadcrumb-separator\">\u00bb<\/span><span class=\"aioseo-breadcrumb\">\n\tEmprendedora Cristina Contreras convirti\u00f3 sus cualidades en Menjurjes, aceites saborizados a la venta en MERCADO\n<\/span><\/div>","aioseo_breadcrumb_json":[{"label":"Home","link":"https:\/\/soymigrante.com\/revista"},{"label":"Guate Nuestra","link":"https:\/\/soymigrante.com\/revista\/category\/guate-nuestra\/"},{"label":"Emprendedora Cristina Contreras convirti\u00f3 sus cualidades en Menjurjes, aceites saborizados a la venta en MERCADO","link":"https:\/\/soymigrante.com\/revista\/emprendedora-cristina-contreras-convirtio-sus-cualidades-en-menjurjes-tienda-digital-en-mercado\/"}],"_links":{"self":[{"href":"https:\/\/soymigrante.com\/revista\/wp-json\/wp\/v2\/posts\/39764","targetHints":{"allow":["GET"]}}],"collection":[{"href":"https:\/\/soymigrante.com\/revista\/wp-json\/wp\/v2\/posts"}],"about":[{"href":"https:\/\/soymigrante.com\/revista\/wp-json\/wp\/v2\/types\/post"}],"author":[{"embeddable":true,"href":"https:\/\/soymigrante.com\/revista\/wp-json\/wp\/v2\/users\/19"}],"replies":[{"embeddable":true,"href":"https:\/\/soymigrante.com\/revista\/wp-json\/wp\/v2\/comments?post=39764"}],"version-history":[{"count":19,"href":"https:\/\/soymigrante.com\/revista\/wp-json\/wp\/v2\/posts\/39764\/revisions"}],"predecessor-version":[{"id":52290,"href":"https:\/\/soymigrante.com\/revista\/wp-json\/wp\/v2\/posts\/39764\/revisions\/52290"}],"wp:featuredmedia":[{"embeddable":true,"href":"https:\/\/soymigrante.com\/revista\/wp-json\/wp\/v2\/media\/39859"}],"wp:attachment":[{"href":"https:\/\/soymigrante.com\/revista\/wp-json\/wp\/v2\/media?parent=39764"}],"wp:term":[{"taxonomy":"category","embeddable":true,"href":"https:\/\/soymigrante.com\/revista\/wp-json\/wp\/v2\/categories?post=39764"},{"taxonomy":"post_tag","embeddable":true,"href":"https:\/\/soymigrante.com\/revista\/wp-json\/wp\/v2\/tags?post=39764"}],"curies":[{"name":"wp","href":"https:\/\/api.w.org\/{rel}","templated":true}]}}