{"id":39676,"date":"2025-07-18T04:00:00","date_gmt":"2025-07-18T10:00:00","guid":{"rendered":"https:\/\/soymigrante.com\/revista\/?p=39676"},"modified":"2025-07-17T17:11:12","modified_gmt":"2025-07-17T23:11:12","slug":"la-primera-sede-de-la-universidad-de-san-carlos-en-antigua-guatemala","status":"publish","type":"post","link":"https:\/\/soymigrante.com\/revista\/la-primera-sede-de-la-universidad-de-san-carlos-en-antigua-guatemala\/","title":{"rendered":"La primera sede de la Universidad de San Carlos en Antigua Guatemala es el Museo de Arte Colonial"},"content":{"rendered":"\t\t<div data-elementor-type=\"wp-post\" data-elementor-id=\"39676\" class=\"elementor elementor-39676\" data-elementor-post-type=\"post\">\n\t\t\t\t<div data-particle_enable=\"false\" data-particle-mobile-disabled=\"false\" class=\"elementor-element elementor-element-f6cc322 e-flex e-con-boxed e-con e-parent\" data-id=\"f6cc322\" data-element_type=\"container\" data-e-type=\"container\">\n\t\t\t\t\t<div class=\"e-con-inner\">\n\t\t\t\t<div class=\"elementor-element elementor-element-a50beec elementor-widget elementor-widget-heading\" data-id=\"a50beec\" data-element_type=\"widget\" data-e-type=\"widget\" data-widget_type=\"heading.default\">\n\t\t\t\t\t<h2 class=\"elementor-heading-title elementor-size-default\">La antigua sede de la Universidad de San Carlos en Antigua Guatemala guarda historia, memorias y un atractivo \u00fanico. <\/h2>\t\t\t\t<\/div>\n\t\t\t\t\t<\/div>\n\t\t\t\t<\/div>\n\t\t<div data-particle_enable=\"false\" data-particle-mobile-disabled=\"false\" class=\"elementor-element elementor-element-b978e58 e-flex e-con-boxed e-con e-parent\" data-id=\"b978e58\" data-element_type=\"container\" data-e-type=\"container\">\n\t\t\t\t\t<div class=\"e-con-inner\">\n\t\t\t\t<div class=\"elementor-element elementor-element-9afb55c elementor-widget elementor-widget-text-editor\" data-id=\"9afb55c\" data-element_type=\"widget\" data-e-type=\"widget\" data-widget_type=\"text-editor.default\">\n\t\t\t\t\t\t\t\t\t<p>La Real y Pontificia <a href=\"https:\/\/usac.edu.gt\/carreras-por-unidad-academica\/\" target=\"_blank\" rel=\"noopener\">Universidad de San Carlos de Guatemala,<\/a> fundada por real c\u00e9dula el 31 de enero de 1676 por el rey Carlos\u202fII de Espa\u00f1a, es la primera universidad establecida en Guatemala y la tercera m\u00e1s antigua del continente. Las clases comenzaron en 1681 en un convento del Colegio Mayor de Santo Tom\u00e1s, con unas 60 personas, impartiendo teolog\u00eda, artes, leyes, medicina y lenguas mayas (kaqchikel).<\/p>\t\t\t\t\t\t\t\t<\/div>\n\t\t\t\t\t<\/div>\n\t\t\t\t<\/div>\n\t\t<div data-particle_enable=\"false\" data-particle-mobile-disabled=\"false\" class=\"elementor-element elementor-element-797ad93 e-flex e-con-boxed e-con e-parent\" data-id=\"797ad93\" data-element_type=\"container\" data-e-type=\"container\">\n\t\t\t\t\t<div class=\"e-con-inner\">\n\t\t\t\t<div class=\"elementor-element elementor-element-f7488d0 elementor-widget elementor-widget-html\" data-id=\"f7488d0\" data-element_type=\"widget\" data-e-type=\"widget\" data-widget_type=\"html.default\">\n\t\t\t\t\t<iframe src=\"https:\/\/www.google.com\/maps\/embed?pb=!4v1752792889884!6m8!1m7!1sCAoSF0NJSE0wb2dLRUlDQWdJRDR4TXJvd2dF!2m2!1d14.5565441095619!2d-90.73266131067491!3f0!4f0!5f0.7820865974627469\" width=\"600\" height=\"450\" style=\"border:0;\" allowfullscreen=\"\" loading=\"lazy\" referrerpolicy=\"no-referrer-when-downgrade\"><\/iframe>\t\t\t\t<\/div>\n\t\t\t\t\t<\/div>\n\t\t\t\t<\/div>\n\t\t<div data-particle_enable=\"false\" data-particle-mobile-disabled=\"false\" class=\"elementor-element elementor-element-7059a5c e-flex e-con-boxed e-con e-parent\" data-id=\"7059a5c\" data-element_type=\"container\" data-e-type=\"container\">\n\t\t\t\t\t<div class=\"e-con-inner\">\n\t\t\t\t<div class=\"elementor-element elementor-element-edea85c elementor-widget elementor-widget-heading\" data-id=\"edea85c\" data-element_type=\"widget\" data-e-type=\"widget\" data-widget_type=\"heading.default\">\n\t\t\t\t\t<h3 class=\"elementor-heading-title elementor-size-default\">La sede en Antigua Guatemala<\/h3>\t\t\t\t<\/div>\n\t\t\t\t\t<\/div>\n\t\t\t\t<\/div>\n\t\t<div data-particle_enable=\"false\" data-particle-mobile-disabled=\"false\" class=\"elementor-element elementor-element-1f4c09a e-flex e-con-boxed e-con e-parent\" data-id=\"1f4c09a\" data-element_type=\"container\" data-e-type=\"container\">\n\t\t\t\t\t<div class=\"e-con-inner\">\n\t\t\t\t<div class=\"elementor-element elementor-element-439b7e7 elementor-widget elementor-widget-text-editor\" data-id=\"439b7e7\" data-element_type=\"widget\" data-e-type=\"widget\" data-widget_type=\"text-editor.default\">\n\t\t\t\t\t\t\t\t\t<p>Despu\u00e9s del terremoto de 1751 y la reconstrucci\u00f3n, en 1763 se edific\u00f3 el nuevo edificio que se convertir\u00eda en sede universitaria en Antigua. Soport\u00f3 parcialmente el terremoto de Santa Marta en 1773, aunque permiti\u00f3 que la universidad funcionara all\u00ed hasta 1777, a\u00f1o en que finalmente se traslad\u00f3 a l<a href=\"https:\/\/usac.edu.gt\/carreras-por-unidad-academica\/\" target=\"_blank\" rel=\"noopener\">a Nueva Guatemala de la Asunci\u00f3n por decreto del Capit\u00e1n General Mart\u00edn de Mayorga.<\/a><\/p>\t\t\t\t\t\t\t\t<\/div>\n\t\t\t\t\t<\/div>\n\t\t\t\t<\/div>\n\t\t<div data-particle_enable=\"false\" data-particle-mobile-disabled=\"false\" class=\"elementor-element elementor-element-0041aea e-flex e-con-boxed e-con e-parent\" data-id=\"0041aea\" data-element_type=\"container\" data-e-type=\"container\">\n\t\t\t\t\t<div class=\"e-con-inner\">\n\t\t\t\t<div class=\"elementor-element elementor-element-545ef1c elementor-widget elementor-widget-text-editor\" data-id=\"545ef1c\" data-element_type=\"widget\" data-e-type=\"widget\" data-widget_type=\"text-editor.default\">\n\t\t\t\t\t\t\t\t\t<p>El inmueble se destaca por un estilo neocl\u00e1sico con influencias renacentistas. Fue construido alrededor de un claustro central con arquer\u00edas sim\u00e9tricas de siete arcos y distribuido en cuatro corredores perimetrales. <a href=\"https:\/\/usac.edu.gt\/carreras-por-unidad-academica\/\" target=\"_blank\" rel=\"noopener\">Las aulas rodean este patio y cuentan con ventanas decoradas con t\u00edmpanos y arcos rebajados.<\/a><\/p>\t\t\t\t\t\t\t\t<\/div>\n\t\t\t\t\t<\/div>\n\t\t\t\t<\/div>\n\t\t<div data-particle_enable=\"false\" data-particle-mobile-disabled=\"false\" class=\"elementor-element elementor-element-1231fa9 e-flex e-con-boxed e-con e-parent\" data-id=\"1231fa9\" data-element_type=\"container\" data-e-type=\"container\">\n\t\t\t\t\t<div class=\"e-con-inner\">\n\t\t\t\t<div class=\"elementor-element elementor-element-d7cfb58 elementor-widget elementor-widget-html\" data-id=\"d7cfb58\" data-element_type=\"widget\" data-e-type=\"widget\" data-widget_type=\"html.default\">\n\t\t\t\t\t<iframe src=\"https:\/\/www.google.com\/maps\/embed?pb=!4v1752793688163!6m8!1m7!1sCAoSF0NJSE0wb2dLRUlDQWdJQ0UtX3UtOXdF!2m2!1d14.55613907555353!2d-90.73272567995281!3f191.99002585574692!4f12.408060244348079!5f0.7820865974627469\" width=\"600\" height=\"450\" style=\"border:0;\" allowfullscreen=\"\" loading=\"lazy\" referrerpolicy=\"no-referrer-when-downgrade\"><\/iframe>\t\t\t\t<\/div>\n\t\t\t\t\t<\/div>\n\t\t\t\t<\/div>\n\t\t<div data-particle_enable=\"false\" data-particle-mobile-disabled=\"false\" class=\"elementor-element elementor-element-7224f06 e-flex e-con-boxed e-con e-parent\" data-id=\"7224f06\" data-element_type=\"container\" data-e-type=\"container\">\n\t\t\t\t\t<div class=\"e-con-inner\">\n\t\t\t\t<div class=\"elementor-element elementor-element-a882b1e elementor-widget elementor-widget-heading\" data-id=\"a882b1e\" data-element_type=\"widget\" data-e-type=\"widget\" data-widget_type=\"heading.default\">\n\t\t\t\t\t<h3 class=\"elementor-heading-title elementor-size-default\">Acontecimientos importantes<\/h3>\t\t\t\t<\/div>\n\t\t\t\t\t<\/div>\n\t\t\t\t<\/div>\n\t\t<div data-particle_enable=\"false\" data-particle-mobile-disabled=\"false\" class=\"elementor-element elementor-element-18bfa10 e-flex e-con-boxed e-con e-parent\" data-id=\"18bfa10\" data-element_type=\"container\" data-e-type=\"container\">\n\t\t\t\t\t<div class=\"e-con-inner\">\n\t\t\t\t<div class=\"elementor-element elementor-element-fa6a164 elementor-widget elementor-widget-text-editor\" data-id=\"fa6a164\" data-element_type=\"widget\" data-e-type=\"widget\" data-widget_type=\"text-editor.default\">\n\t\t\t\t\t\t\t\t\t<p>Este edificio fue testigo de hechos hist\u00f3ricos como la redacci\u00f3n del acta de independencia de Centroam\u00e9rica en 1823, la abolici\u00f3n de la esclavitud y la elaboraci\u00f3n de la Constituci\u00f3n Federal. <a href=\"https:\/\/usac.edu.gt\/carreras-por-unidad-academica\/\" target=\"_blank\" rel=\"noopener\">En 1884 se instal\u00f3 la Biblioteca Nacional en el Sal\u00f3n Mayor, la cual permaneci\u00f3 hasta 1957.<\/a><\/p>\t\t\t\t\t\t\t\t<\/div>\n\t\t\t\t\t<\/div>\n\t\t\t\t<\/div>\n\t\t<div data-particle_enable=\"false\" data-particle-mobile-disabled=\"false\" class=\"elementor-element elementor-element-21220fb e-flex e-con-boxed e-con e-parent\" data-id=\"21220fb\" data-element_type=\"container\" data-e-type=\"container\">\n\t\t\t\t\t<div class=\"e-con-inner\">\n\t\t\t\t<div class=\"elementor-element elementor-element-48ba62f elementor-widget elementor-widget-heading\" data-id=\"48ba62f\" data-element_type=\"widget\" data-e-type=\"widget\" data-widget_type=\"heading.default\">\n\t\t\t\t\t<h3 class=\"elementor-heading-title elementor-size-default\">Uso diversificado en los siglos XIX y XX<\/h3>\t\t\t\t<\/div>\n\t\t\t\t\t<\/div>\n\t\t\t\t<\/div>\n\t\t<div data-particle_enable=\"false\" data-particle-mobile-disabled=\"false\" class=\"elementor-element elementor-element-c8ef2e3 e-flex e-con-boxed e-con e-parent\" data-id=\"c8ef2e3\" data-element_type=\"container\" data-e-type=\"container\">\n\t\t\t\t\t<div class=\"e-con-inner\">\n\t\t\t\t<div class=\"elementor-element elementor-element-3899659 elementor-widget elementor-widget-text-editor\" data-id=\"3899659\" data-element_type=\"widget\" data-e-type=\"widget\" data-widget_type=\"text-editor.default\">\n\t\t\t\t\t\t\t\t\t<p><a href=\"https:\/\/usac.edu.gt\/carreras-por-unidad-academica\/\" target=\"_blank\" rel=\"noopener\">Durante siglo XIX, fue ocupado como academia p\u00fablica, biblioteca y sede institucionales, e incluso se adapt\u00f3 como teatro municipal.<\/a> La Facultad de Derecho funcion\u00f3 en \u00e9l hasta 1973, cuando fue trasladada al campus central de la USAC en zona 12 de la Ciudad de Guatemala.<\/p><p>En 1970 fue declarado Monumento Nacional, y en 1997, Monumento Hist\u00f3rico de la USAC, por su valor patrimonial y arquitect\u00f3nico.<\/p>\t\t\t\t\t\t\t\t<\/div>\n\t\t\t\t\t<\/div>\n\t\t\t\t<\/div>\n\t\t<div data-particle_enable=\"false\" data-particle-mobile-disabled=\"false\" class=\"elementor-element elementor-element-513f346 e-flex e-con-boxed e-con e-parent\" data-id=\"513f346\" data-element_type=\"container\" data-e-type=\"container\">\n\t\t\t\t\t<div class=\"e-con-inner\">\n\t\t\t\t<div class=\"elementor-element elementor-element-f882d4b elementor-widget elementor-widget-html\" data-id=\"f882d4b\" data-element_type=\"widget\" data-e-type=\"widget\" data-widget_type=\"html.default\">\n\t\t\t\t\t<iframe src=\"https:\/\/www.google.com\/maps\/embed?pb=!4v1752793767083!6m8!1m7!1sCAoSF0NJSE0wb2dLRUlDQWdJREU0N0NGaXdF!2m2!1d14.55609478793686!2d-90.7327598218074!3f200!4f0!5f0.7820865974627469\" width=\"600\" height=\"450\" style=\"border:0;\" allowfullscreen=\"\" loading=\"lazy\" referrerpolicy=\"no-referrer-when-downgrade\"><\/iframe>\t\t\t\t<\/div>\n\t\t\t\t\t<\/div>\n\t\t\t\t<\/div>\n\t\t<div data-particle_enable=\"false\" data-particle-mobile-disabled=\"false\" class=\"elementor-element elementor-element-f693128 e-flex e-con-boxed e-con e-parent\" data-id=\"f693128\" data-element_type=\"container\" data-e-type=\"container\">\n\t\t\t\t\t<div class=\"e-con-inner\">\n\t\t\t\t<div class=\"elementor-element elementor-element-9649dad elementor-widget elementor-widget-heading\" data-id=\"9649dad\" data-element_type=\"widget\" data-e-type=\"widget\" data-widget_type=\"heading.default\">\n\t\t\t\t\t<h3 class=\"elementor-heading-title elementor-size-default\">Recuperaci\u00f3n y nueva vida como museo<\/h3>\t\t\t\t<\/div>\n\t\t\t\t\t<\/div>\n\t\t\t\t<\/div>\n\t\t<div data-particle_enable=\"false\" data-particle-mobile-disabled=\"false\" class=\"elementor-element elementor-element-d398b57 e-flex e-con-boxed e-con e-parent\" data-id=\"d398b57\" data-element_type=\"container\" data-e-type=\"container\">\n\t\t\t\t\t<div class=\"e-con-inner\">\n\t\t\t\t<div class=\"elementor-element elementor-element-6e9a224 elementor-widget elementor-widget-text-editor\" data-id=\"6e9a224\" data-element_type=\"widget\" data-e-type=\"widget\" data-widget_type=\"text-editor.default\">\n\t\t\t\t\t\t\t\t\t<p>Entre 1985 y comienzos de la d\u00e9cada de 1990 se llev\u00f3 a cabo un proceso de restauraci\u00f3n integral para devolver el esplendor original al edificio, tras los da\u00f1os causados por los sismos de 1917\u201118 y 1976.<\/p><p>Desde el 22 de junio de 1994, el inmueble funciona como <a href=\"https:\/\/usac.edu.gt\/carreras-por-unidad-academica\/\" target=\"_blank\" rel=\"noopener\">el Museo de Arte Colonial de la Universidad de San Carlos de Guatemala (MUSAC).<\/a> Su misi\u00f3n es conservar, investigar y difundir el patrimonio art\u00edstico, cultural y cient\u00edfico del pa\u00eds.<\/p>\t\t\t\t\t\t\t\t<\/div>\n\t\t\t\t\t<\/div>\n\t\t\t\t<\/div>\n\t\t<div data-particle_enable=\"false\" data-particle-mobile-disabled=\"false\" class=\"elementor-element elementor-element-8f452ff e-flex e-con-boxed e-con e-parent\" data-id=\"8f452ff\" data-element_type=\"container\" data-e-type=\"container\">\n\t\t\t\t\t<div class=\"e-con-inner\">\n\t\t\t\t<div class=\"elementor-element elementor-element-bac9f27 elementor-widget elementor-widget-image\" data-id=\"bac9f27\" data-element_type=\"widget\" data-e-type=\"widget\" data-widget_type=\"image.default\">\n\t\t\t\t\t\t\t\t\t\t\t\t<figure class=\"wp-caption\">\n\t\t\t\t\t\t\t\t\t\t<img fetchpriority=\"high\" decoding=\"async\" width=\"768\" height=\"432\" src=\"https:\/\/soymigrante.com\/revista\/wp-content\/uploads\/2025\/07\/universidad-de-san-carlos-2-1024x576.jpg\" class=\"attachment-large size-large wp-image-39687\" alt=\"Rosa en primer plano frente a una arquitectura colonial en un patio hist\u00f3rico.\" srcset=\"https:\/\/soymigrante.com\/revista\/wp-content\/uploads\/2025\/07\/universidad-de-san-carlos-2-1024x576.jpg 1024w, https:\/\/soymigrante.com\/revista\/wp-content\/uploads\/2025\/07\/universidad-de-san-carlos-2-300x169.jpg 300w, https:\/\/soymigrante.com\/revista\/wp-content\/uploads\/2025\/07\/universidad-de-san-carlos-2-768x432.jpg 768w, https:\/\/soymigrante.com\/revista\/wp-content\/uploads\/2025\/07\/universidad-de-san-carlos-2-1536x864.jpg 1536w, https:\/\/soymigrante.com\/revista\/wp-content\/uploads\/2025\/07\/universidad-de-san-carlos-2-2048x1152.jpg 2048w, https:\/\/soymigrante.com\/revista\/wp-content\/uploads\/2025\/07\/universidad-de-san-carlos-2-750x422.webp 750w, https:\/\/soymigrante.com\/revista\/wp-content\/uploads\/2025\/07\/universidad-de-san-carlos-2-1140x641.webp 1140w, https:\/\/soymigrante.com\/revista\/wp-content\/uploads\/2025\/07\/universidad-de-san-carlos-2-scaled.webp 1920w\" sizes=\"(max-width: 768px) 100vw, 768px\" title=\"La sede antigua de la Universidad de San Carlos de Guatemala fue la primera de la casa de estudios. (Foto: INGUAT) \u2013 SoyMigrante.com REVISTA\" \/>\t\t\t\t\t\t\t\t\t\t\t<figcaption class=\"widget-image-caption wp-caption-text\">Rosa en primer plano en un entorno colonial con arquitectura cl\u00e1sica y jard\u00edn en un patio hist\u00f3rico.<\/figcaption>\n\t\t\t\t\t\t\t\t\t\t<\/figure>\n\t\t\t\t\t\t\t\t\t<\/div>\n\t\t\t\t\t<\/div>\n\t\t\t\t<\/div>\n\t\t<div data-particle_enable=\"false\" data-particle-mobile-disabled=\"false\" class=\"elementor-element elementor-element-7626f95 e-flex e-con-boxed e-con e-parent\" data-id=\"7626f95\" data-element_type=\"container\" data-e-type=\"container\">\n\t\t\t\t\t<div class=\"e-con-inner\">\n\t\t\t\t<div class=\"elementor-element elementor-element-7146423 elementor-widget elementor-widget-heading\" data-id=\"7146423\" data-element_type=\"widget\" data-e-type=\"widget\" data-widget_type=\"heading.default\">\n\t\t\t\t\t<h3 class=\"elementor-heading-title elementor-size-default\">Ubicaci\u00f3n<\/h3>\t\t\t\t<\/div>\n\t\t\t\t\t<\/div>\n\t\t\t\t<\/div>\n\t\t<div data-particle_enable=\"false\" data-particle-mobile-disabled=\"false\" class=\"elementor-element elementor-element-1aabbbc e-flex e-con-boxed e-con e-parent\" data-id=\"1aabbbc\" data-element_type=\"container\" data-e-type=\"container\">\n\t\t\t\t\t<div class=\"e-con-inner\">\n\t\t\t\t<div class=\"elementor-element elementor-element-8d1fa9b elementor-widget elementor-widget-text-editor\" data-id=\"8d1fa9b\" data-element_type=\"widget\" data-e-type=\"widget\" data-widget_type=\"text-editor.default\">\n\t\t\t\t\t\t\t\t\t<p>El antiguo edificio se ubica en la Antigua Guatemala, frente a las ruinas de la Catedral, sobre la Quinta calle Oriente No.\u202f5, a pocos metros del Parque Central.<\/p>\t\t\t\t\t\t\t\t<\/div>\n\t\t\t\t\t<\/div>\n\t\t\t\t<\/div>\n\t\t<div data-particle_enable=\"false\" data-particle-mobile-disabled=\"false\" class=\"elementor-element elementor-element-e7bc8ca e-flex e-con-boxed e-con e-parent\" data-id=\"e7bc8ca\" data-element_type=\"container\" data-e-type=\"container\">\n\t\t\t\t\t<div class=\"e-con-inner\">\n\t\t\t\t<div class=\"elementor-element elementor-element-bd9a67a elementor-widget elementor-widget-google_maps\" data-id=\"bd9a67a\" data-element_type=\"widget\" data-e-type=\"widget\" data-widget_type=\"google_maps.default\">\n\t\t\t\t\t\t\t<div class=\"elementor-custom-embed\">\n\t\t\t<iframe loading=\"lazy\"\n\t\t\t\t\tsrc=\"https:\/\/maps.google.com\/maps?q=antigua%20guatemala&#038;t=m&#038;z=10&#038;output=embed&#038;iwloc=near\"\n\t\t\t\t\ttitle=\"antigua guatemala\"\n\t\t\t\t\taria-label=\"antigua guatemala\"\n\t\t\t><\/iframe>\n\t\t<\/div>\n\t\t\t\t\t\t<\/div>\n\t\t\t\t\t<\/div>\n\t\t\t\t<\/div>\n\t\t<div data-particle_enable=\"false\" data-particle-mobile-disabled=\"false\" class=\"elementor-element elementor-element-a887ccd e-flex e-con-boxed e-con e-parent\" data-id=\"a887ccd\" data-element_type=\"container\" data-e-type=\"container\">\n\t\t\t\t\t<div class=\"e-con-inner\">\n\t\t\t\t<div class=\"elementor-element elementor-element-3472605 elementor-widget elementor-widget-heading\" data-id=\"3472605\" data-element_type=\"widget\" data-e-type=\"widget\" data-widget_type=\"heading.default\">\n\t\t\t\t\t<h3 class=\"elementor-heading-title elementor-size-default\">Actividades actuales<\/h3>\t\t\t\t<\/div>\n\t\t\t\t\t<\/div>\n\t\t\t\t<\/div>\n\t\t<div data-particle_enable=\"false\" data-particle-mobile-disabled=\"false\" class=\"elementor-element elementor-element-3ea93c8 e-flex e-con-boxed e-con e-parent\" data-id=\"3ea93c8\" data-element_type=\"container\" data-e-type=\"container\">\n\t\t\t\t\t<div class=\"e-con-inner\">\n\t\t\t\t<div class=\"elementor-element elementor-element-6e7b65f elementor-widget elementor-widget-text-editor\" data-id=\"6e7b65f\" data-element_type=\"widget\" data-e-type=\"widget\" data-widget_type=\"text-editor.default\">\n\t\t\t\t\t\t\t\t\t<p><a href=\"https:\/\/usac.edu.gt\/carreras-por-unidad-academica\/\" target=\"_blank\" rel=\"noopener\">Hoy en d\u00eda alberga exposiciones de pintura colonial, esculturas religiosas y objetos hist\u00f3ricos en un entorno restaurado que combina arte y arquitectura original.<\/a> Cada a\u00f1o se realizan exposiciones temporales, conciertos y actividades culturales dirigidas tanto a estudiantes como al p\u00fablico en general.<\/p>\t\t\t\t\t\t\t\t<\/div>\n\t\t\t\t\t<\/div>\n\t\t\t\t<\/div>\n\t\t<div data-particle_enable=\"false\" data-particle-mobile-disabled=\"false\" class=\"elementor-element elementor-element-84d4354 e-flex e-con-boxed e-con e-parent\" data-id=\"84d4354\" data-element_type=\"container\" data-e-type=\"container\">\n\t\t\t\t\t<div class=\"e-con-inner\">\n\t\t\t\t<div class=\"elementor-element elementor-element-2dddf7e elementor-widget elementor-widget-text-editor\" data-id=\"2dddf7e\" data-element_type=\"widget\" data-e-type=\"widget\" data-widget_type=\"text-editor.default\">\n\t\t\t\t\t\t\t\t\t<p><a href=\"https:\/\/usac.edu.gt\/carreras-por-unidad-academica\/\" target=\"_blank\" rel=\"noopener\">La antigua sede de la Universidad de San Carlos en Antigua Guatemala<\/a> es un s\u00edmbolo del patrimonio acad\u00e9mico y arquitect\u00f3nico del pa\u00eds. Lo que comenz\u00f3 como el escenario fundacional de la universidad colonial hoy es un museo activo que honra su legado intelectual y cultural. Al recorrer sus corredores y arquer\u00edas, es posible hacer un viaje en el tiempo por m\u00e1s de tres siglos de historia universitaria guatemalteca.<\/p>\t\t\t\t\t\t\t\t<\/div>\n\t\t\t\t\t<\/div>\n\t\t\t\t<\/div>\n\t\t<div data-particle_enable=\"false\" data-particle-mobile-disabled=\"false\" class=\"elementor-element elementor-element-4d7aade e-flex e-con-boxed e-con e-parent\" data-id=\"4d7aade\" data-element_type=\"container\" data-e-type=\"container\">\n\t\t\t\t\t<div class=\"e-con-inner\">\n\t\t\t\t<div class=\"elementor-element elementor-element-8e48ba4 elementor-widget elementor-widget-heading\" data-id=\"8e48ba4\" data-element_type=\"widget\" data-e-type=\"widget\" data-widget_type=\"heading.default\">\n\t\t\t\t\t<h2 class=\"elementor-heading-title elementor-size-default\">Conoce otros lugares importantes de Guatemala, ac\u00e1...<\/h2>\t\t\t\t<\/div>\n\t\t\t\t\t<\/div>\n\t\t\t\t<\/div>\n\t\t<div data-particle_enable=\"false\" data-particle-mobile-disabled=\"false\" class=\"elementor-element elementor-element-faabed9 e-flex e-con-boxed e-con e-parent\" data-id=\"faabed9\" data-element_type=\"container\" data-e-type=\"container\">\n\t\t\t\t\t<div class=\"e-con-inner\">\n\t\t\t\t<div class=\"elementor-element elementor-element-0b2e40b elementor-grid-eael-col-3 elementor-grid-tablet-eael-col-2 elementor-grid-mobile-eael-col-1 elementor-invisible elementor-widget elementor-widget-eael-post-grid\" data-id=\"0b2e40b\" data-element_type=\"widget\" data-e-type=\"widget\" data-settings=\"{&quot;eael_post_grid_columns&quot;:&quot;eael-col-3&quot;,&quot;_animation&quot;:&quot;rollIn&quot;,&quot;eael_post_grid_columns_tablet&quot;:&quot;eael-col-2&quot;,&quot;eael_post_grid_columns_mobile&quot;:&quot;eael-col-1&quot;}\" data-widget_type=\"eael-post-grid.default\">\n\t\t\t\t\t<div id=\"eael-post-grid-0b2e40b\" class=\"eael-post-grid-container\">\n            <div class=\"eael-post-grid eael-post-appender eael-post-appender-0b2e40b eael-post-grid-style-one\" data-layout-mode=\"masonry\"><article class=\"eael-grid-post  eael-post-grid-column eael-pg-post-38714 category-guate-nuestra\" data-id=\"38714\">\n        <div class=\"eael-grid-post-holder\">\n            <div class=\"eael-grid-post-holder-inner\"><div class=\"eael-entry-media\"><div class=\"eael-entry-overlay fade-in\"><i class=\"far fa-hand-pointer\" aria-hidden=\"true\"><\/i><a href=\"https:\/\/soymigrante.com\/revista\/el-palacio-de-los-capitanes-generales-de-antigua-guatemala-es-un-icono-del-pais\/\"><\/a><\/div><div class=\"eael-entry-thumbnail \">\n                <img decoding=\"async\" width=\"1024\" height=\"682\" src=\"https:\/\/soymigrante.com\/revista\/wp-content\/uploads\/2025\/07\/palacio-de-los-capitanes-2-1024x682.jpg\" class=\"attachment-large size-large wp-image-38715\" alt=\"Elegante edificio colonial en Guatemala con arcos y columnas, s\u00edmbolo del patrimonio y cultura local, destacado en la revista SoyMigrante.com REVISTA, ideal para art\u00edculos sobre migraci\u00f3n, historia y turismo en Centroam\u00e9rica.\" srcset=\"https:\/\/soymigrante.com\/revista\/wp-content\/uploads\/2025\/07\/palacio-de-los-capitanes-2-1024x682.jpg 1024w, https:\/\/soymigrante.com\/revista\/wp-content\/uploads\/2025\/07\/palacio-de-los-capitanes-2-300x200.jpg 300w, https:\/\/soymigrante.com\/revista\/wp-content\/uploads\/2025\/07\/palacio-de-los-capitanes-2-768x512.jpg 768w, https:\/\/soymigrante.com\/revista\/wp-content\/uploads\/2025\/07\/palacio-de-los-capitanes-2-1536x1024.jpg 1536w, https:\/\/soymigrante.com\/revista\/wp-content\/uploads\/2025\/07\/palacio-de-los-capitanes-2-750x500.webp 750w, https:\/\/soymigrante.com\/revista\/wp-content\/uploads\/2025\/07\/palacio-de-los-capitanes-2-1140x760.webp 1140w, https:\/\/soymigrante.com\/revista\/wp-content\/uploads\/2025\/07\/palacio-de-los-capitanes-2.webp 1920w\" sizes=\"(max-width: 1024px) 100vw, 1024px\" \/>\n            <\/div>\n        <\/div><div class=\"eael-entry-wrapper\"><header class=\"eael-entry-header\"><h2 class=\"eael-entry-title\"><a class=\"eael-grid-post-link\" href=\"https:\/\/soymigrante.com\/revista\/el-palacio-de-los-capitanes-generales-de-antigua-guatemala-es-un-icono-del-pais\/\" title=\"El Palacio de los Capitanes Generales de Antigua Guatemala es un \u00edcono del pa\u00eds\">El Palacio de los Capitanes Generales de Antigua Guatemala es un \u00edcono del pa\u00eds<\/a><\/h2><\/header><div class=\"eael-entry-content\">\n                        <div class=\"eael-grid-post-excerpt\"><a href=\"https:\/\/soymigrante.com\/revista\/el-palacio-de-los-capitanes-generales-de-antigua-guatemala-es-un-icono-del-pais\/\" class=\"eael-post-elements-readmore-btn\">CONOCE SU HISTORIA <\/a><\/div>\n                    <\/div><\/div><\/div>\n        <\/div>\n    <\/article><article class=\"eael-grid-post  eael-post-grid-column eael-pg-post-38394 category-guate-nuestra\" data-id=\"38394\">\n        <div class=\"eael-grid-post-holder\">\n            <div class=\"eael-grid-post-holder-inner\"><div class=\"eael-entry-media\"><div class=\"eael-entry-overlay fade-in\"><i class=\"far fa-hand-pointer\" aria-hidden=\"true\"><\/i><a href=\"https:\/\/soymigrante.com\/revista\/lugares-emblematicos-de-guatemala-el-palacio-nacional-de-la-cultura\/\"><\/a><\/div><div class=\"eael-entry-thumbnail \">\n                <img decoding=\"async\" width=\"940\" height=\"627\" src=\"https:\/\/soymigrante.com\/revista\/wp-content\/uploads\/2025\/07\/palacio-nacional-de-la-cultura-e1751579496903.webp\" class=\"attachment-large size-large wp-image-38395\" alt=\"Palacio del Congreso de Guatemala con bandera nacional y vista del edificio hist\u00f3rico en el centro de la ciudad.\" \/>\n            <\/div>\n        <\/div><div class=\"eael-entry-wrapper\"><header class=\"eael-entry-header\"><h2 class=\"eael-entry-title\"><a class=\"eael-grid-post-link\" href=\"https:\/\/soymigrante.com\/revista\/lugares-emblematicos-de-guatemala-el-palacio-nacional-de-la-cultura\/\" title=\"Lugares emblem\u00e1ticos de Guatemala: el Palacio Nacional de la Cultura\">Lugares emblem\u00e1ticos de Guatemala: el Palacio Nacional de la Cultura<\/a><\/h2><\/header><div class=\"eael-entry-content\">\n                        <div class=\"eael-grid-post-excerpt\"><a href=\"https:\/\/soymigrante.com\/revista\/lugares-emblematicos-de-guatemala-el-palacio-nacional-de-la-cultura\/\" class=\"eael-post-elements-readmore-btn\">CONOCE SU HISTORIA <\/a><\/div>\n                    <\/div><\/div><\/div>\n        <\/div>\n    <\/article><article class=\"eael-grid-post  eael-post-grid-column eael-pg-post-38501 category-guate-nuestra\" data-id=\"38501\">\n        <div class=\"eael-grid-post-holder\">\n            <div class=\"eael-grid-post-holder-inner\"><div class=\"eael-entry-media\"><div class=\"eael-entry-overlay fade-in\"><i class=\"far fa-hand-pointer\" aria-hidden=\"true\"><\/i><a href=\"https:\/\/soymigrante.com\/revista\/palacio-maya-de-san-marcos-7-datos-fascinantes\/\"><\/a><\/div><div class=\"eael-entry-thumbnail \">\n                <img loading=\"lazy\" decoding=\"async\" width=\"885\" height=\"500\" src=\"https:\/\/soymigrante.com\/revista\/wp-content\/uploads\/2025\/07\/palacio-maya-e1751655372494.webp\" class=\"attachment-large size-large wp-image-38502\" alt=\"Edificio hist\u00f3rico con reloj en fachada y detalles arquitect\u00f3nicos ornamentales, en un d\u00eda soleado con cielo parcialmente nublado en la ciudad.\" \/>\n            <\/div>\n        <\/div><div class=\"eael-entry-wrapper\"><header class=\"eael-entry-header\"><h2 class=\"eael-entry-title\"><a class=\"eael-grid-post-link\" href=\"https:\/\/soymigrante.com\/revista\/palacio-maya-de-san-marcos-7-datos-fascinantes\/\" title=\"Palacio Maya de San Marcos: 7 datos fascinantes\">Palacio Maya de San Marcos: 7 datos fascinantes<\/a><\/h2><\/header><div class=\"eael-entry-content\">\n                        <div class=\"eael-grid-post-excerpt\"><a href=\"https:\/\/soymigrante.com\/revista\/palacio-maya-de-san-marcos-7-datos-fascinantes\/\" class=\"eael-post-elements-readmore-btn\">CONOCE SU HISTORIA <\/a><\/div>\n                    <\/div><\/div><\/div>\n        <\/div>\n    <\/article><\/div>\n            <div class=\"clearfix\"><\/div>\n        <\/div>\t\t\t\t<\/div>\n\t\t\t\t\t<\/div>\n\t\t\t\t<\/div>\n\t\t\t\t<\/div>\n\t\t","protected":false},"excerpt":{"rendered":"<p>La antigua sede de la Universidad de San Carlos en Antigua Guatemala guarda historia, memorias y un atractivo \u00fanico. La Real y Pontificia Universidad de San Carlos de Guatemala, fundada por real c\u00e9dula el 31 de enero de 1676 por el rey Carlos\u202fII de Espa\u00f1a, es la primera universidad establecida en Guatemala y la tercera [&hellip;]<\/p>\n","protected":false},"author":19,"featured_media":39677,"comment_status":"open","ping_status":"open","sticky":false,"template":"","format":"standard","meta":{"_acf_changed":false,"_eb_attr":"","footnotes":""},"categories":[58],"tags":[],"class_list":["post-39676","post","type-post","status-publish","format-standard","has-post-thumbnail","hentry","category-guate-nuestra"],"acf":[],"aioseo_notices":[],"aioseo_head":"\n\t\t<!-- All in One SEO Pro 4.9.6.2 - aioseo.com -->\n\t<meta name=\"description\" content=\"El Palacio Maya de San Marcos une historia, arte y cultura guatemalteca, es un monumento \u00fanico. Entre serpientes emplumadas, glifos mayas y un reloj ancestral, el Palacio Maya de San Marcos se erige como un s\u00edmbolo de reconciliaci\u00f3n, arte y resistencia cultural en el occidente de Guatemala. Ubicado en el coraz\u00f3n de San Marcos, este\" \/>\n\t<meta name=\"robots\" content=\"max-snippet:-1, max-image-preview:large, max-video-preview:-1\" \/>\n\t<meta name=\"author\" content=\"Marysabel Aldana\"\/>\n\t<link rel=\"canonical\" href=\"https:\/\/soymigrante.com\/revista\/la-primera-sede-de-la-universidad-de-san-carlos-en-antigua-guatemala\/\" \/>\n\t<meta name=\"generator\" content=\"All in One SEO Pro (AIOSEO) 4.9.6.2\" \/>\n\n\t\t<link rel=\"preconnect\" href=\"https:\/\/fonts.googleapis.com\" crossorigin>\n<link rel=\"preconnect\" href=\"https:\/\/fonts.gstatic.com\" crossorigin>\n\t\t<meta property=\"og:locale\" content=\"es_ES\" \/>\n\t\t<meta property=\"og:site_name\" content=\"SoyMigrante.com REVISTA \u2013 Nuestra misi\u00f3n es reconocer y dignificar al migrante.\" \/>\n\t\t<meta property=\"og:type\" content=\"article\" \/>\n\t\t<meta property=\"og:title\" content=\"La primera sede de la Universidad de San Carlos en Antigua Guatemala es el Museo de Arte Colonial\" \/>\n\t\t<meta property=\"og:description\" content=\"Mira y recorre en im\u00e1genes 360 interactivas la antigua sede de la Universidad de San Carlos en Antigua Guatemala es hoy el Museo de Arte Colonial.\" \/>\n\t\t<meta property=\"og:url\" content=\"https:\/\/soymigrante.com\/revista\/la-primera-sede-de-la-universidad-de-san-carlos-en-antigua-guatemala\/\" \/>\n\t\t<meta property=\"og:image\" content=\"https:\/\/soymigrante.com\/revista\/wp-content\/uploads\/2025\/07\/antigua-sede-de-la-Universidad-de-San-Carlos-en-Antigua-Guatemala-e1752783681272.webp\" \/>\n\t\t<meta property=\"og:image:secure_url\" content=\"https:\/\/soymigrante.com\/revista\/wp-content\/uploads\/2025\/07\/antigua-sede-de-la-Universidad-de-San-Carlos-en-Antigua-Guatemala-e1752783681272.webp\" \/>\n\t\t<meta property=\"og:image:width\" content=\"800\" \/>\n\t\t<meta property=\"og:image:height\" content=\"535\" \/>\n\t\t<meta property=\"article:published_time\" content=\"2025-07-18T10:00:00+00:00\" \/>\n\t\t<meta property=\"article:modified_time\" content=\"2025-07-17T23:11:12+00:00\" \/>\n\t\t<meta property=\"article:publisher\" content=\"https:\/\/www.facebook.com\/soymigrantecom\" \/>\n\t\t<meta name=\"twitter:card\" content=\"summary_large_image\" \/>\n\t\t<meta name=\"twitter:site\" content=\"@SoyMigrante_com\" \/>\n\t\t<meta name=\"twitter:title\" content=\"La primera sede de la Universidad de San Carlos en Antigua Guatemala es el Museo de Arte Colonial\" \/>\n\t\t<meta name=\"twitter:description\" content=\"Mira y recorre en im\u00e1genes 360 interactivas la antigua sede de la Universidad de San Carlos en Antigua Guatemala es hoy el Museo de Arte Colonial.\" \/>\n\t\t<meta name=\"twitter:creator\" content=\"@SoyMigrante_com\" \/>\n\t\t<meta name=\"twitter:image\" content=\"https:\/\/soymigrante.com\/revista\/wp-content\/uploads\/2025\/07\/antigua-sede-de-la-Universidad-de-San-Carlos-en-Antigua-Guatemala-e1752783681272.webp\" \/>\n\t\t<!-- All in One SEO Pro -->\r\n\t\t<title>La primera sede de la Universidad de San Carlos en Antigua Guatemala es el Museo de Arte Colonial<\/title>\n\n","aioseo_head_json":{"title":"La primera sede de la Universidad de San Carlos en Antigua Guatemala es el Museo de Arte Colonial","description":"Mira y recorre en im\u00e1genes 360 interactivas la antigua sede de la Universidad de San Carlos en Antigua Guatemala es hoy el Museo de Arte Colonial.","canonical_url":"https:\/\/soymigrante.com\/revista\/la-primera-sede-de-la-universidad-de-san-carlos-en-antigua-guatemala\/","robots":"max-snippet:-1, max-image-preview:large, max-video-preview:-1","keywords":"","webmasterTools":{"miscellaneous":"&lt;link rel=\"preconnect\" href=\"https:\/\/fonts.googleapis.com\" crossorigin&gt;\n&lt;link rel=\"preconnect\" href=\"https:\/\/fonts.gstatic.com\" crossorigin&gt;"},"schema":null,"og:locale":"es_ES","og:site_name":"SoyMigrante.com REVISTA \u2013 Nuestra misi\u00f3n es reconocer y dignificar al migrante.","og:type":"article","og:title":"La primera sede de la Universidad de San Carlos en Antigua Guatemala es el Museo de Arte Colonial","og:description":"Mira y recorre en im\u00e1genes 360 interactivas la antigua sede de la Universidad de San Carlos en Antigua Guatemala es hoy el Museo de Arte Colonial.","og:url":"https:\/\/soymigrante.com\/revista\/la-primera-sede-de-la-universidad-de-san-carlos-en-antigua-guatemala\/","og:image":"https:\/\/soymigrante.com\/revista\/wp-content\/uploads\/2025\/07\/antigua-sede-de-la-Universidad-de-San-Carlos-en-Antigua-Guatemala-e1752783681272.webp","og:image:secure_url":"https:\/\/soymigrante.com\/revista\/wp-content\/uploads\/2025\/07\/antigua-sede-de-la-Universidad-de-San-Carlos-en-Antigua-Guatemala-e1752783681272.webp","og:image:width":800,"og:image:height":535,"article:published_time":"2025-07-18T10:00:00+00:00","article:modified_time":"2025-07-17T23:11:12+00:00","article:publisher":"https:\/\/www.facebook.com\/soymigrantecom","twitter:card":"summary_large_image","twitter:site":"@SoyMigrante_com","twitter:title":"La primera sede de la Universidad de San Carlos en Antigua Guatemala es el Museo de Arte Colonial","twitter:description":"Mira y recorre en im\u00e1genes 360 interactivas la antigua sede de la Universidad de San Carlos en Antigua Guatemala es hoy el Museo de Arte Colonial.","twitter:creator":"@SoyMigrante_com","twitter:image":"https:\/\/soymigrante.com\/revista\/wp-content\/uploads\/2025\/07\/antigua-sede-de-la-Universidad-de-San-Carlos-en-Antigua-Guatemala-e1752783681272.webp"},"aioseo_meta_data":{"post_id":"39676","title":null,"description":"Mira y recorre en im\u00e1genes 360 interactivas la antigua sede de la Universidad de San Carlos en Antigua Guatemala es hoy el Museo de Arte Colonial.","keywords":null,"keyphrases":{"focus":{"keyphrase":"Antigua","score":91,"analysis":{"keyphraseInTitle":{"score":9,"maxScore":9,"error":0},"keyphraseInDescription":{"score":9,"maxScore":9,"error":0},"keyphraseLength":{"score":9,"maxScore":9,"error":0,"length":1},"keyphraseInURL":{"score":5,"maxScore":5,"error":0},"keyphraseInIntroduction":{"score":9,"maxScore":9,"error":0},"keyphraseInSubHeadings":{"score":3,"maxScore":9,"error":1},"keyphraseInImageAlt":{"score":9,"maxScore":9,"error":0},"keywordDensity":{"type":"best","score":9,"maxScore":9,"error":0}}},"additional":[{"keyphrase":"Universidad de San Carlos","score":100,"analysis":{"keyphraseInDescription":{"score":9,"maxScore":9,"error":0},"keyphraseLength":{"score":9,"maxScore":9,"error":0,"length":4},"keyphraseInIntroduction":{"score":9,"maxScore":9,"error":0},"keyphraseInImageAlt":{"score":9,"maxScore":9,"error":0},"keywordDensity":{"type":"best","score":9,"maxScore":9,"error":0}}},{"keyphrase":"Guatemala","score":100,"analysis":{"keyphraseInDescription":{"score":9,"maxScore":9,"error":0},"keyphraseLength":{"score":9,"maxScore":9,"error":0,"length":1},"keyphraseInIntroduction":{"score":9,"maxScore":9,"error":0},"keyphraseInImageAlt":{"score":9,"maxScore":9,"error":0},"keywordDensity":{"type":"best","score":9,"maxScore":9,"error":0}}}]},"primary_term":null,"canonical_url":null,"og_title":null,"og_description":null,"og_object_type":"default","og_image_type":"default","og_image_url":null,"og_image_width":null,"og_image_height":null,"og_image_custom_url":null,"og_image_custom_fields":null,"og_video":"","og_custom_url":null,"og_article_section":null,"og_article_tags":null,"twitter_use_og":false,"twitter_card":"default","twitter_image_type":"default","twitter_image_url":null,"twitter_image_custom_url":null,"twitter_image_custom_fields":null,"twitter_title":null,"twitter_description":null,"schema":{"blockGraphs":[],"customGraphs":[],"default":{"data":{"Article":[],"Course":[],"Dataset":[],"FAQPage":[],"Movie":[],"Person":[],"Product":[],"ProductReview":[],"Car":[],"Recipe":[],"Service":[],"SoftwareApplication":[],"WebPage":[]},"graphName":"none","isEnabled":true},"graphs":[]},"schema_type":"default","schema_type_options":null,"pillar_content":false,"robots_default":true,"robots_noindex":false,"robots_noarchive":false,"robots_nosnippet":false,"robots_nofollow":false,"robots_noimageindex":false,"robots_noodp":false,"robots_notranslate":false,"robots_max_snippet":"-1","robots_max_videopreview":"-1","robots_max_imagepreview":"large","priority":null,"frequency":"default","local_seo":null,"seo_analyzer_scan_date":"2025-10-09 07:00:29","breadcrumb_settings":null,"limit_modified_date":false,"reviewed_by":"0","open_ai":null,"ai":{"faqs":[],"keyPoints":[],"titles":[],"descriptions":[],"socialPosts":{"email":[],"linkedin":[],"twitter":[],"facebook":[],"instagram":[]}},"created":"2025-07-17 20:22:42","updated":"2026-02-05 03:01:38"},"aioseo_breadcrumb":"<div class=\"aioseo-breadcrumbs\"><span class=\"aioseo-breadcrumb\">\n\t<a href=\"https:\/\/soymigrante.com\/revista\" title=\"Home\">Home<\/a>\n<\/span><span class=\"aioseo-breadcrumb-separator\">\u00bb<\/span><span class=\"aioseo-breadcrumb\">\n\t<a href=\"https:\/\/soymigrante.com\/revista\/category\/guate-nuestra\/\" title=\"Guate Nuestra\">Guate Nuestra<\/a>\n<\/span><span class=\"aioseo-breadcrumb-separator\">\u00bb<\/span><span class=\"aioseo-breadcrumb\">\n\tLa primera sede de la Universidad de San Carlos en Antigua Guatemala es el Museo de Arte Colonial\n<\/span><\/div>","aioseo_breadcrumb_json":[{"label":"Home","link":"https:\/\/soymigrante.com\/revista"},{"label":"Guate Nuestra","link":"https:\/\/soymigrante.com\/revista\/category\/guate-nuestra\/"},{"label":"La primera sede de la Universidad de San Carlos en Antigua Guatemala es el Museo de Arte Colonial","link":"https:\/\/soymigrante.com\/revista\/la-primera-sede-de-la-universidad-de-san-carlos-en-antigua-guatemala\/"}],"_links":{"self":[{"href":"https:\/\/soymigrante.com\/revista\/wp-json\/wp\/v2\/posts\/39676","targetHints":{"allow":["GET"]}}],"collection":[{"href":"https:\/\/soymigrante.com\/revista\/wp-json\/wp\/v2\/posts"}],"about":[{"href":"https:\/\/soymigrante.com\/revista\/wp-json\/wp\/v2\/types\/post"}],"author":[{"embeddable":true,"href":"https:\/\/soymigrante.com\/revista\/wp-json\/wp\/v2\/users\/19"}],"replies":[{"embeddable":true,"href":"https:\/\/soymigrante.com\/revista\/wp-json\/wp\/v2\/comments?post=39676"}],"version-history":[{"count":20,"href":"https:\/\/soymigrante.com\/revista\/wp-json\/wp\/v2\/posts\/39676\/revisions"}],"predecessor-version":[{"id":39729,"href":"https:\/\/soymigrante.com\/revista\/wp-json\/wp\/v2\/posts\/39676\/revisions\/39729"}],"wp:featuredmedia":[{"embeddable":true,"href":"https:\/\/soymigrante.com\/revista\/wp-json\/wp\/v2\/media\/39677"}],"wp:attachment":[{"href":"https:\/\/soymigrante.com\/revista\/wp-json\/wp\/v2\/media?parent=39676"}],"wp:term":[{"taxonomy":"category","embeddable":true,"href":"https:\/\/soymigrante.com\/revista\/wp-json\/wp\/v2\/categories?post=39676"},{"taxonomy":"post_tag","embeddable":true,"href":"https:\/\/soymigrante.com\/revista\/wp-json\/wp\/v2\/tags?post=39676"}],"curies":[{"name":"wp","href":"https:\/\/api.w.org\/{rel}","templated":true}]}}