{"id":39667,"date":"2025-07-17T16:28:27","date_gmt":"2025-07-17T22:28:27","guid":{"rendered":"https:\/\/soymigrante.com\/revista\/?p=39667"},"modified":"2025-07-17T16:31:46","modified_gmt":"2025-07-17T22:31:46","slug":"arzobispo-de-miami-sale-en-defensa-de-los-migrantes-y-pide-respeto-a-su-dignidad","status":"publish","type":"post","link":"https:\/\/soymigrante.com\/revista\/arzobispo-de-miami-sale-en-defensa-de-los-migrantes-y-pide-respeto-a-su-dignidad\/","title":{"rendered":"Arzobispo de Miami sale en defensa de los migrantes y pide respeto a su dignidad"},"content":{"rendered":"\t\t<div data-elementor-type=\"wp-post\" data-elementor-id=\"39667\" class=\"elementor elementor-39667\" data-elementor-post-type=\"post\">\n\t\t\t\t<div data-particle_enable=\"false\" data-particle-mobile-disabled=\"false\" class=\"elementor-element elementor-element-581db0d e-flex e-con-boxed e-con e-parent\" data-id=\"581db0d\" data-element_type=\"container\" data-e-type=\"container\">\n\t\t\t\t\t<div class=\"e-con-inner\">\n\t\t\t\t<div class=\"elementor-element elementor-element-5eef085 elementor-widget elementor-widget-heading\" data-id=\"5eef085\" data-element_type=\"widget\" data-e-type=\"widget\" data-widget_type=\"heading.default\">\n\t\t\t\t\t<h2 class=\"elementor-heading-title elementor-size-default\">El comunicado se titula: Declaraci\u00f3n del arzobispo Thomas Wenski sobre la aplicaci\u00f3n de las leyes de migraci\u00f3n resalta la crisis de mano de obra en Estados Unidos y se\u00f1ala que las acciones actuales solo la agravar\u00e1n.<\/h2>\t\t\t\t<\/div>\n\t\t\t\t\t<\/div>\n\t\t\t\t<\/div>\n\t\t<div data-particle_enable=\"false\" data-particle-mobile-disabled=\"false\" class=\"elementor-element elementor-element-b09ddcc e-flex e-con-boxed e-con e-parent\" data-id=\"b09ddcc\" data-element_type=\"container\" data-e-type=\"container\">\n\t\t\t\t\t<div class=\"e-con-inner\">\n\t\t\t\t<div class=\"elementor-element elementor-element-3576ffa elementor-widget elementor-widget-text-editor\" data-id=\"3576ffa\" data-element_type=\"widget\" data-e-type=\"widget\" data-widget_type=\"text-editor.default\">\n\t\t\t\t\t\t\t\t\t<p>Los obispos de Estados Unidos han abogado durante mucho tiempo por reformas a nuestro deficiente sistema migratorio. Quienes observan atentamente los desaf\u00edos que enfrenta nuestro pa\u00eds, no pueden evitar reconocer que <b>se necesitan reformas serias para preservar la seguridad<\/b> y la integridad de nuestras fronteras, as\u00ed como para satisfacer las necesidades laborales, la estabilidad familiar y la posibilidad de migrar de quienes corren graves riesgos.\u00a0<\/p><p>Seguimos proponiendo reformas que mejorar\u00e1n nuestro sistema migratorio, respetar\u00e1n la dignidad humana y promover\u00e1n el bien com\u00fan.<\/p><p>El gobierno ha logrado controlar la frontera y est\u00e1 actuando con determinaci\u00f3n para expulsar y deportar a quienes han ingresado al pa\u00eds y cometido delitos graves. Sin embargo, como podr\u00edan confirmar los empleadores de los sectores agr\u00edcola y de servicios de nuestra econom\u00eda,<b> la mayor\u00eda de los inmigrantes son trabajadores y honestos, y solo buscan construir un futuro de esperanza para ellos y sus familias.<\/b><\/p>\t\t\t\t\t\t\t\t<\/div>\n\t\t\t\t\t<\/div>\n\t\t\t\t<\/div>\n\t\t<div data-particle_enable=\"false\" data-particle-mobile-disabled=\"false\" class=\"elementor-element elementor-element-93e836d e-flex e-con-boxed e-con e-parent\" data-id=\"93e836d\" data-element_type=\"container\" data-e-type=\"container\">\n\t\t\t\t\t<div class=\"e-con-inner\">\n\t\t\t\t<div class=\"elementor-element elementor-element-12d10d3 elementor-invisible elementor-widget elementor-widget-testimonial\" data-id=\"12d10d3\" data-element_type=\"widget\" data-e-type=\"widget\" data-settings=\"{&quot;_animation&quot;:&quot;rotateInUpRight&quot;}\" data-widget_type=\"testimonial.default\">\n\t\t\t\t\t\t\t<div class=\"elementor-testimonial-wrapper\">\n\t\t\t\t\t\t\t<div class=\"elementor-testimonial-content\">\"Estados Unidos enfrenta escasez de mano de obra en muchos sectores como la salud, los servicios y la agricultura. Expulsar a los trabajadores inmigrantes solo agravar\u00e1 esta escasez\" <\/div>\n\t\t\t\n\t\t\t\t\t\t<div class=\"elementor-testimonial-meta elementor-has-image elementor-testimonial-image-position-aside\">\n\t\t\t\t<div class=\"elementor-testimonial-meta-inner\">\n\t\t\t\t\t\t\t\t\t\t\t<div class=\"elementor-testimonial-image\">\n\t\t\t\t\t\t\t<img fetchpriority=\"high\" decoding=\"async\" width=\"400\" height=\"391\" src=\"https:\/\/soymigrante.com\/revista\/wp-content\/uploads\/2025\/07\/arzobispo-thomas-wenski-miami-1.webp\" class=\"attachment-full size-full wp-image-39675\" alt=\"Rey Mago en desfile de tradiciones culturales latinoamericanas, vestimenta ceremonial con madrina, celebraci\u00f3n de festivales tradicionales, cultura y folklore de Am\u00e9rica Latina, evento cultural y festivo.\" title=\"arzobispo thomas wenski miami (1) \u2013 SoyMigrante.com REVISTA\" srcset=\"https:\/\/soymigrante.com\/revista\/wp-content\/uploads\/2025\/07\/arzobispo-thomas-wenski-miami-1.webp 400w, https:\/\/soymigrante.com\/revista\/wp-content\/uploads\/2025\/07\/arzobispo-thomas-wenski-miami-1-300x293.png 300w\" sizes=\"(max-width: 400px) 100vw, 400px\" \/>\t\t\t\t\t\t<\/div>\n\t\t\t\t\t\n\t\t\t\t\t\t\t\t\t\t<div class=\"elementor-testimonial-details\">\n\t\t\t\t\t\t\t\t\t\t\t\t\t\t<div class=\"elementor-testimonial-name\">Thomas Wenski<\/div>\n\t\t\t\t\t\t\t\t\t\t\t\t\t\t\t\t\t\t\t\t\t\t<div class=\"elementor-testimonial-job\">Arzobispo de Miami en comunicado\nacerca de las pol\u00edticas migrantes.<\/div>\n\t\t\t\t\t\t\t\t\t\t\t\t\t<\/div>\n\t\t\t\t\t\t\t\t\t<\/div>\n\t\t\t<\/div>\n\t\t\t\t\t<\/div>\n\t\t\t\t\t\t<\/div>\n\t\t\t\t\t<\/div>\n\t\t\t\t<\/div>\n\t\t<div data-particle_enable=\"false\" data-particle-mobile-disabled=\"false\" class=\"elementor-element elementor-element-6818574 e-flex e-con-boxed e-con e-parent\" data-id=\"6818574\" data-element_type=\"container\" data-e-type=\"container\">\n\t\t\t\t\t<div class=\"e-con-inner\">\n\t\t\t\t<div class=\"elementor-element elementor-element-f0a648c elementor-widget elementor-widget-text-editor\" data-id=\"f0a648c\" data-element_type=\"widget\" data-e-type=\"widget\" data-widget_type=\"text-editor.default\">\n\t\t\t\t\t\t\t\t\t<p>La mayor\u00eda (de migrantes) aunque no tiene estatus legal permanente, s\u00ed cuenta con alg\u00fan tipo de estatus, como el Estatus de Protecci\u00f3n Temporal (TPS), la libertad condicional o una solicitud de asilo. Algunos haitianos, cubanos, venezolanos y nicarag\u00fcenses llegaron con visas humanitarias especiales, v\u00e1lidas por dos a\u00f1os, pero las condiciones en sus pa\u00edses de origen a\u00fan no han mejorado. Otros llegaron legalmente como estudiantes o visitantes y perdieron su estatus.\u00a0<\/p><p>Los DREAMERS fueron tra\u00eddos aqu\u00ed por sus padres y, aunque el gobierno les ha otorgado una &#8220;salida diferida&#8221;, no tienen ninguna v\u00eda para obtener la residencia permanente legal.<\/p><p><b>Estados Unidos enfrenta escasez de mano de obra en muchos sectores, como la salud, los servicios y la agricultura. Expulsar a los trabajadores inmigrantes solo agravar\u00e1 esta escasez.\u00a0<\/b><\/p>\t\t\t\t\t\t\t\t<\/div>\n\t\t\t\t\t<\/div>\n\t\t\t\t<\/div>\n\t\t<div data-particle_enable=\"false\" data-particle-mobile-disabled=\"false\" class=\"elementor-element elementor-element-6dc3a75 e-flex e-con-boxed e-con e-parent\" data-id=\"6dc3a75\" data-element_type=\"container\" data-e-type=\"container\">\n\t\t\t\t\t<div class=\"e-con-inner\">\n\t\t\t\t<div class=\"elementor-element elementor-element-7719dc3 elementor-grid-eael-col-1 elementor-grid-tablet-eael-col-2 elementor-grid-mobile-eael-col-1 elementor-invisible elementor-widget elementor-widget-eael-post-grid\" data-id=\"7719dc3\" data-element_type=\"widget\" data-e-type=\"widget\" data-settings=\"{&quot;eael_post_grid_columns&quot;:&quot;eael-col-1&quot;,&quot;_animation&quot;:&quot;rollIn&quot;,&quot;eael_post_grid_columns_tablet&quot;:&quot;eael-col-2&quot;,&quot;eael_post_grid_columns_mobile&quot;:&quot;eael-col-1&quot;}\" data-widget_type=\"eael-post-grid.default\">\n\t\t\t\t\t<div id=\"eael-post-grid-7719dc3\" class=\"eael-post-grid-container\">\n            <div class=\"eael-post-grid eael-post-appender eael-post-appender-7719dc3 eael-post-grid-style-one\" data-layout-mode=\"masonry\"><article class=\"eael-grid-post  eael-post-grid-column eael-pg-post-23208 category-estamos-unidos\" data-id=\"23208\">\n        <div class=\"eael-grid-post-holder\">\n            <div class=\"eael-grid-post-holder-inner\"><div class=\"eael-entry-media\"><div class=\"eael-entry-overlay fade-in\"><i class=\"far fa-hand-pointer\" aria-hidden=\"true\"><\/i><a href=\"https:\/\/soymigrante.com\/revista\/remesas-han-sido-el-recurso-mas-efectivo-para-reducir-pobreza-afirma-economista-guillermo-diaz\/\"><\/a><\/div><div class=\"eael-entry-thumbnail \">\n                <img decoding=\"async\" width=\"695\" height=\"695\" src=\"https:\/\/soymigrante.com\/revista\/wp-content\/uploads\/2025\/01\/remesas-migranes.webp\" class=\"attachment-large size-large wp-image-23210\" alt=\"Remesas de dinero img, mujer en noche frente a casa de remesas, servicios de env\u00edo de dinero para migrantes, dinero internacional transferencia, fotograf\u00eda atm\u00f3sfera nocturna remesas.\" srcset=\"https:\/\/soymigrante.com\/revista\/wp-content\/uploads\/2025\/01\/remesas-migranes.webp 695w, https:\/\/soymigrante.com\/revista\/wp-content\/uploads\/2025\/01\/remesas-migranes-300x300.jpg 300w, https:\/\/soymigrante.com\/revista\/wp-content\/uploads\/2025\/01\/remesas-migranes-150x150.jpg 150w, https:\/\/soymigrante.com\/revista\/wp-content\/uploads\/2025\/01\/remesas-migranes-75x75.webp 75w\" sizes=\"(max-width: 695px) 100vw, 695px\" \/>\n            <\/div>\n        <\/div><div class=\"eael-entry-wrapper\"><header class=\"eael-entry-header\"><h2 class=\"eael-entry-title\"><a class=\"eael-grid-post-link\" href=\"https:\/\/soymigrante.com\/revista\/remesas-han-sido-el-recurso-mas-efectivo-para-reducir-pobreza-afirma-economista-guillermo-diaz\/\" title=\"Remesas migrantes han reducido la pobreza m\u00e1s que cualquier otro factor: economista Guillermo D\u00edaz\">Remesas migrantes han reducido la pobreza m\u00e1s que cualquier otro factor: economista Guillermo D\u00edaz<\/a><\/h2><\/header><div class=\"eael-entry-content\">\n                        <div class=\"eael-grid-post-excerpt\"><a href=\"https:\/\/soymigrante.com\/revista\/remesas-han-sido-el-recurso-mas-efectivo-para-reducir-pobreza-afirma-economista-guillermo-diaz\/\" class=\"eael-post-elements-readmore-btn\">CONOCE SU HISTORIA <\/a><\/div>\n                    <\/div><\/div><\/div>\n        <\/div>\n    <\/article><\/div>\n            <div class=\"clearfix\"><\/div>\n        <\/div>\t\t\t\t<\/div>\n\t\t\t\t\t<\/div>\n\t\t\t\t<\/div>\n\t\t<div data-particle_enable=\"false\" data-particle-mobile-disabled=\"false\" class=\"elementor-element elementor-element-05cab58 e-flex e-con-boxed e-con e-parent\" data-id=\"05cab58\" data-element_type=\"container\" data-e-type=\"container\">\n\t\t\t\t\t<div class=\"e-con-inner\">\n\t\t\t\t<div class=\"elementor-element elementor-element-348db1f elementor-widget elementor-widget-text-editor\" data-id=\"348db1f\" data-element_type=\"widget\" data-e-type=\"widget\" data-widget_type=\"text-editor.default\">\n\t\t\t\t\t\t\t\t\t<p>En lugar de <b>gastar miles de millones para deportar a estas personas<\/b> que ya contribuyen positivamente al bienestar de nuestra naci\u00f3n, <b>ser\u00eda m\u00e1s razonable \u2014y financieramente y moralmente aceptable<\/b>\u2014, que el Congreso, en colaboraci\u00f3n con el gobierno, ampliara las v\u00edas legales para que los migrantes no delincuentes se ajusten a un estatus legal permanente.\u00a0<\/p><p>El gobierno tiene la responsabilidad de hacer cumplir las leyes, pero el Congreso las crea y puede modificarlas. Con la entrada en funcionamiento del nuevo centro de detenci\u00f3n en el Aeropuerto Dade-Collier, o &#8220;Alligator Alcatraz&#8221;, parece necesario evaluar estos recientes avances en la aplicaci\u00f3n de la ley migratoria, y reiterar la necesidad de medidas que vayan m\u00e1s all\u00e1 de las medidas coercitivas.<\/p><p><b>Resulta alarmante observar estrategias de aplicaci\u00f3n de la ley que tratan a todos los inmigrantes irregulares como delincuentes peligrosos<\/b>. Resulta sorprendente que <b>agentes enmascarados y fuertemente armados no se identifiquen en las actividades de aplicaci\u00f3n de la ley.<\/b> Tambi\u00e9n lo es la aparente falta del debido proceso en los procedimientos de deportaci\u00f3n de los \u00faltimos meses.<\/p><p>En este sentido, gran parte del discurso actual es intencionalmente provocador. <b>Es inapropiado para los funcionarios p\u00fablicos, y corrosivo para el bien com\u00fan, hablar del valor disuasorio de los &#8220;caimanes y pitones&#8221; en las instalaciones de Collier-Dade.\u00a0\u00a0<\/b>La decencia com\u00fan exige que recordemos que las personas detenidas son padres y madres, hermanos y hermanas de familiares en dificultades. Deseamos garantizar que los capellanes y los ministros pastorales puedan atender a las personas detenidas, para su propio beneficio y el del personal.\u00a0<\/p>\t\t\t\t\t\t\t\t<\/div>\n\t\t\t\t\t<\/div>\n\t\t\t\t<\/div>\n\t\t<div data-particle_enable=\"false\" data-particle-mobile-disabled=\"false\" class=\"elementor-element elementor-element-4101357 e-flex e-con-boxed e-con e-parent\" data-id=\"4101357\" data-element_type=\"container\" data-e-type=\"container\">\n\t\t\t\t\t<div class=\"e-con-inner\">\n\t\t\t\t<div class=\"elementor-element elementor-element-a4d719e elementor-grid-eael-col-1 elementor-grid-tablet-eael-col-2 elementor-grid-mobile-eael-col-1 elementor-invisible elementor-widget elementor-widget-eael-post-grid\" data-id=\"a4d719e\" data-element_type=\"widget\" data-e-type=\"widget\" data-settings=\"{&quot;eael_post_grid_columns&quot;:&quot;eael-col-1&quot;,&quot;_animation&quot;:&quot;rollIn&quot;,&quot;eael_post_grid_columns_tablet&quot;:&quot;eael-col-2&quot;,&quot;eael_post_grid_columns_mobile&quot;:&quot;eael-col-1&quot;}\" data-widget_type=\"eael-post-grid.default\">\n\t\t\t\t\t<div id=\"eael-post-grid-a4d719e\" class=\"eael-post-grid-container\">\n            <div class=\"eael-post-grid eael-post-appender eael-post-appender-a4d719e eael-post-grid-style-one\" data-layout-mode=\"masonry\"><article class=\"eael-grid-post  eael-post-grid-column eael-pg-post-35711 category-estamos-unidos tags-remesas-migrantes\" data-id=\"35711\">\n        <div class=\"eael-grid-post-holder\">\n            <div class=\"eael-grid-post-holder-inner\"><div class=\"eael-entry-media\"><div class=\"eael-entry-overlay fade-in\"><i class=\"far fa-hand-pointer\" aria-hidden=\"true\"><\/i><a href=\"https:\/\/soymigrante.com\/revista\/las-remesas-son-el-vinculo-mas-tangible-del-migrante-su-familia-y-su-pais-lizbeth-gramajo-bauer-experta-en-migracion\/\"><\/a><\/div><div class=\"eael-entry-thumbnail \">\n                <img decoding=\"async\" width=\"944\" height=\"962\" src=\"https:\/\/soymigrante.com\/revista\/wp-content\/uploads\/2025\/06\/migrante-guatemalteco-remesas.png\" class=\"attachment-large size-large wp-image-35712\" alt=\"Trabajador migrante con casco en ciudad moderna en horas crepusculares, reflejando historias de migraci\u00f3n y trabajo en el extranjero.\" srcset=\"https:\/\/soymigrante.com\/revista\/wp-content\/uploads\/2025\/06\/migrante-guatemalteco-remesas.png 944w, https:\/\/soymigrante.com\/revista\/wp-content\/uploads\/2025\/06\/migrante-guatemalteco-remesas-294x300.png 294w, https:\/\/soymigrante.com\/revista\/wp-content\/uploads\/2025\/06\/migrante-guatemalteco-remesas-768x783.png 768w, https:\/\/soymigrante.com\/revista\/wp-content\/uploads\/2025\/06\/migrante-guatemalteco-remesas-75x75.png 75w, https:\/\/soymigrante.com\/revista\/wp-content\/uploads\/2025\/06\/migrante-guatemalteco-remesas-750x764.png 750w\" sizes=\"(max-width: 944px) 100vw, 944px\" \/>\n            <\/div>\n        <\/div><div class=\"eael-entry-wrapper\"><header class=\"eael-entry-header\"><h2 class=\"eael-entry-title\"><a class=\"eael-grid-post-link\" href=\"https:\/\/soymigrante.com\/revista\/las-remesas-son-el-vinculo-mas-tangible-del-migrante-su-familia-y-su-pais-lizbeth-gramajo-bauer-experta-en-migracion\/\" title=\"&#8220;Las remesas son el v\u00ednculo m\u00e1s tangible del migrante su familia y su pa\u00eds\u201d: Lizbeth Gramajo Bauer, experta en migraci\u00f3n\">&#8220;Las remesas son el v\u00ednculo m\u00e1s tangible del migrante su familia y su pa\u00eds\u201d: Lizbeth Gramajo Bauer, experta en migraci\u00f3n<\/a><\/h2><\/header><div class=\"eael-entry-content\">\n                        <div class=\"eael-grid-post-excerpt\"><a href=\"https:\/\/soymigrante.com\/revista\/las-remesas-son-el-vinculo-mas-tangible-del-migrante-su-familia-y-su-pais-lizbeth-gramajo-bauer-experta-en-migracion\/\" class=\"eael-post-elements-readmore-btn\">CONOCE SU HISTORIA <\/a><\/div>\n                    <\/div><\/div><\/div>\n        <\/div>\n    <\/article><\/div>\n            <div class=\"clearfix\"><\/div>\n        <\/div>\t\t\t\t<\/div>\n\t\t\t\t\t<\/div>\n\t\t\t\t<\/div>\n\t\t<div data-particle_enable=\"false\" data-particle-mobile-disabled=\"false\" class=\"elementor-element elementor-element-bd00268 e-flex e-con-boxed e-con e-parent\" data-id=\"bd00268\" data-element_type=\"container\" data-e-type=\"container\">\n\t\t\t\t\t<div class=\"e-con-inner\">\n\t\t\t\t<div class=\"elementor-element elementor-element-cd00fc9 elementor-widget elementor-widget-text-editor\" data-id=\"cd00fc9\" data-element_type=\"widget\" data-e-type=\"widget\" data-widget_type=\"text-editor.default\">\n\t\t\t\t\t\t\t\t\t<p>Tambi\u00e9n expresamos nuestra preocupaci\u00f3n por el aislamiento del centro de detenci\u00f3n, que se encuentra lejos de los centros de atenci\u00f3n m\u00e9dica, y la precariedad de las estructuras temporales de &#8220;carpas&#8221; en el calor de La Florida y las tormentas el\u00e9ctricas del verano, sin mencionar la posibilidad de proteger de forma segura a los detenidos en caso de un hurac\u00e1n.<\/p><p><b>Hacemos un llamado a todas las personas de buena voluntad para que oren por nuestros funcionarios gubernamentales<\/b>, por las personas bajo custodia migratoria y sus familias, por quienes trabajan en la aplicaci\u00f3n de la ley y por la justicia para todos en esta naci\u00f3n, a cuya prosperidad los inmigrantes siempre han contribuido.<\/p>\t\t\t\t\t\t\t\t<\/div>\n\t\t\t\t\t<\/div>\n\t\t\t\t<\/div>\n\t\t<div data-particle_enable=\"false\" data-particle-mobile-disabled=\"false\" class=\"elementor-element elementor-element-3a71d0e e-flex e-con-boxed e-con e-parent\" data-id=\"3a71d0e\" data-element_type=\"container\" data-e-type=\"container\">\n\t\t\t\t\t<div class=\"e-con-inner\">\n\t\t\t\t<div class=\"elementor-element elementor-element-03eca9d elementor-widget elementor-widget-heading\" data-id=\"03eca9d\" data-element_type=\"widget\" data-e-type=\"widget\" data-widget_type=\"heading.default\">\n\t\t\t\t\t<h2 class=\"elementor-heading-title elementor-size-default\">Aporte migrante es constante<\/h2>\t\t\t\t<\/div>\n\t\t\t\t\t<\/div>\n\t\t\t\t<\/div>\n\t\t<div data-particle_enable=\"false\" data-particle-mobile-disabled=\"false\" class=\"elementor-element elementor-element-b7b9e0f e-flex e-con-boxed e-con e-parent\" data-id=\"b7b9e0f\" data-element_type=\"container\" data-e-type=\"container\">\n\t\t\t\t\t<div class=\"e-con-inner\">\n\t\t\t\t<div class=\"elementor-element elementor-element-ff5026a elementor-grid-eael-col-3 elementor-grid-tablet-eael-col-2 elementor-grid-mobile-eael-col-1 elementor-invisible elementor-widget elementor-widget-eael-post-grid\" data-id=\"ff5026a\" data-element_type=\"widget\" data-e-type=\"widget\" data-settings=\"{&quot;eael_post_grid_columns&quot;:&quot;eael-col-3&quot;,&quot;_animation&quot;:&quot;rollIn&quot;,&quot;eael_post_grid_columns_tablet&quot;:&quot;eael-col-2&quot;,&quot;eael_post_grid_columns_mobile&quot;:&quot;eael-col-1&quot;}\" data-widget_type=\"eael-post-grid.default\">\n\t\t\t\t\t<div id=\"eael-post-grid-ff5026a\" class=\"eael-post-grid-container\">\n            <div class=\"eael-post-grid eael-post-appender eael-post-appender-ff5026a eael-post-grid-style-one\" data-layout-mode=\"masonry\"><article class=\"eael-grid-post  eael-post-grid-column eael-pg-post-28619 category-exitos-guatemala\" data-id=\"28619\">\n        <div class=\"eael-grid-post-holder\">\n            <div class=\"eael-grid-post-holder-inner\"><div class=\"eael-entry-media\"><div class=\"eael-entry-overlay fade-in\"><i class=\"far fa-hand-pointer\" aria-hidden=\"true\"><\/i><a href=\"https:\/\/soymigrante.com\/revista\/lissett-garcia-es-sonrisa-solidaridad-fe-poesia-musica-y-servicio-en-lakeland-florida\/\"><\/a><\/div><div class=\"eael-entry-thumbnail \">\n                <img loading=\"lazy\" decoding=\"async\" width=\"973\" height=\"973\" src=\"https:\/\/soymigrante.com\/revista\/wp-content\/uploads\/2025\/03\/lissett-garcia-migrante-guatemalteca-en-florida-1.webp\" class=\"attachment-large size-large wp-image-28634\" alt=\"Mujer en una embarcaci\u00f3n con bandera de Guatemala, paisaje monta\u00f1oso y r\u00edo, cultura migrante, orgullo nacional, turismo en Guatemala, paisaje natural, mujer sonriente, vestimenta tradicional, viaje y aventura, revista SoyMigrante.\" srcset=\"https:\/\/soymigrante.com\/revista\/wp-content\/uploads\/2025\/03\/lissett-garcia-migrante-guatemalteca-en-florida-1.webp 973w, https:\/\/soymigrante.com\/revista\/wp-content\/uploads\/2025\/03\/lissett-garcia-migrante-guatemalteca-en-florida-1-300x300.jpg 300w, https:\/\/soymigrante.com\/revista\/wp-content\/uploads\/2025\/03\/lissett-garcia-migrante-guatemalteca-en-florida-1-150x150.jpg 150w, https:\/\/soymigrante.com\/revista\/wp-content\/uploads\/2025\/03\/lissett-garcia-migrante-guatemalteca-en-florida-1-768x768.jpg 768w, https:\/\/soymigrante.com\/revista\/wp-content\/uploads\/2025\/03\/lissett-garcia-migrante-guatemalteca-en-florida-1-75x75.webp 75w, https:\/\/soymigrante.com\/revista\/wp-content\/uploads\/2025\/03\/lissett-garcia-migrante-guatemalteca-en-florida-1-750x750.webp 750w\" sizes=\"(max-width: 973px) 100vw, 973px\" \/>\n            <\/div>\n        <\/div><div class=\"eael-entry-wrapper\"><header class=\"eael-entry-header\"><h2 class=\"eael-entry-title\"><a class=\"eael-grid-post-link\" href=\"https:\/\/soymigrante.com\/revista\/lissett-garcia-es-sonrisa-solidaridad-fe-poesia-musica-y-servicio-en-lakeland-florida\/\" title=\"Lissett Garc\u00eda es sonrisa, solidaridad, fe, poes\u00eda, m\u00fasica y servicio en Lakeland, Florida\">Lissett Garc\u00eda es sonrisa, solidaridad, fe, poes\u00eda, m\u00fasica y servicio en Lakeland, Florida<\/a><\/h2><\/header><div class=\"eael-entry-content\">\n                        <div class=\"eael-grid-post-excerpt\"><a href=\"https:\/\/soymigrante.com\/revista\/lissett-garcia-es-sonrisa-solidaridad-fe-poesia-musica-y-servicio-en-lakeland-florida\/\" class=\"eael-post-elements-readmore-btn\">CONOCE SU HISTORIA <\/a><\/div>\n                    <\/div><\/div><\/div>\n        <\/div>\n    <\/article><article class=\"eael-grid-post  eael-post-grid-column eael-pg-post-4877 category-exitos\" data-id=\"4877\">\n        <div class=\"eael-grid-post-holder\">\n            <div class=\"eael-grid-post-holder-inner\"><div class=\"eael-entry-media\"><div class=\"eael-entry-overlay fade-in\"><i class=\"far fa-hand-pointer\" aria-hidden=\"true\"><\/i><a href=\"https:\/\/soymigrante.com\/revista\/migrante-guatemalteca-emilia-cifuentes-ingeniera-empresaria-supera-dificultades\/\"><\/a><\/div><div class=\"eael-entry-thumbnail \">\n                <img loading=\"lazy\" decoding=\"async\" width=\"1024\" height=\"852\" src=\"https:\/\/soymigrante.com\/revista\/wp-content\/uploads\/2024\/02\/mila-1024x852.webp\" class=\"attachment-large size-large wp-image-4878\" alt=\"\" srcset=\"https:\/\/soymigrante.com\/revista\/wp-content\/uploads\/2024\/02\/mila-1024x852.webp 1024w, https:\/\/soymigrante.com\/revista\/wp-content\/uploads\/2024\/02\/mila-300x250.webp 300w, https:\/\/soymigrante.com\/revista\/wp-content\/uploads\/2024\/02\/mila-768x639.webp 768w, https:\/\/soymigrante.com\/revista\/wp-content\/uploads\/2024\/02\/mila-750x624.webp 750w, https:\/\/soymigrante.com\/revista\/wp-content\/uploads\/2024\/02\/mila.webp 1065w\" sizes=\"(max-width: 1024px) 100vw, 1024px\" \/>\n            <\/div>\n        <\/div><div class=\"eael-entry-wrapper\"><header class=\"eael-entry-header\"><h2 class=\"eael-entry-title\"><a class=\"eael-grid-post-link\" href=\"https:\/\/soymigrante.com\/revista\/migrante-guatemalteca-emilia-cifuentes-ingeniera-empresaria-supera-dificultades\/\" title=\"Emilia Cifuentes es Mrs. Guatemala Oklahoma 2024-25 por su trayectoria y aporte\">Emilia Cifuentes es Mrs. Guatemala Oklahoma 2024-25 por su trayectoria y aporte<\/a><\/h2><\/header><div class=\"eael-entry-content\">\n                        <div class=\"eael-grid-post-excerpt\"><a href=\"https:\/\/soymigrante.com\/revista\/migrante-guatemalteca-emilia-cifuentes-ingeniera-empresaria-supera-dificultades\/\" class=\"eael-post-elements-readmore-btn\">CONOCE SU HISTORIA <\/a><\/div>\n                    <\/div><\/div><\/div>\n        <\/div>\n    <\/article><article class=\"eael-grid-post  eael-post-grid-column eael-pg-post-2149 category-exitos\" data-id=\"2149\">\n        <div class=\"eael-grid-post-holder\">\n            <div class=\"eael-grid-post-holder-inner\"><div class=\"eael-entry-media\"><div class=\"eael-entry-overlay fade-in\"><i class=\"far fa-hand-pointer\" aria-hidden=\"true\"><\/i><a href=\"https:\/\/soymigrante.com\/revista\/lesly-cruz-empoderamiento-artesanas-guatemala\/\"><\/a><\/div><div class=\"eael-entry-thumbnail \">\n                <img loading=\"lazy\" decoding=\"async\" width=\"830\" height=\"1024\" src=\"https:\/\/soymigrante.com\/revista\/wp-content\/uploads\/2023\/08\/Apoya-el-talento-local-en-especial-de-los-y-las-artesanas-de-Guatemala--830x1024.webp\" class=\"attachment-large size-large wp-image-2161\" alt=\"Apoya el talento local en especial de los y las artesanas de Guatemala\" srcset=\"https:\/\/soymigrante.com\/revista\/wp-content\/uploads\/2023\/08\/Apoya-el-talento-local-en-especial-de-los-y-las-artesanas-de-Guatemala--830x1024.webp 830w, https:\/\/soymigrante.com\/revista\/wp-content\/uploads\/2023\/08\/Apoya-el-talento-local-en-especial-de-los-y-las-artesanas-de-Guatemala--243x300.webp 243w, https:\/\/soymigrante.com\/revista\/wp-content\/uploads\/2023\/08\/Apoya-el-talento-local-en-especial-de-los-y-las-artesanas-de-Guatemala--768x948.webp 768w, https:\/\/soymigrante.com\/revista\/wp-content\/uploads\/2023\/08\/Apoya-el-talento-local-en-especial-de-los-y-las-artesanas-de-Guatemala--750x925.webp 750w, https:\/\/soymigrante.com\/revista\/wp-content\/uploads\/2023\/08\/Apoya-el-talento-local-en-especial-de-los-y-las-artesanas-de-Guatemala-.webp 1078w\" sizes=\"(max-width: 830px) 100vw, 830px\" \/>\n            <\/div>\n        <\/div><div class=\"eael-entry-wrapper\"><header class=\"eael-entry-header\"><h2 class=\"eael-entry-title\"><a class=\"eael-grid-post-link\" href=\"https:\/\/soymigrante.com\/revista\/lesly-cruz-empoderamiento-artesanas-guatemala\/\" title=\"Lesly Cruz: Emprendedora que eleva el arte guatemalteco\">Lesly Cruz: Emprendedora que eleva el arte guatemalteco<\/a><\/h2><\/header><div class=\"eael-entry-content\">\n                        <div class=\"eael-grid-post-excerpt\"><a href=\"https:\/\/soymigrante.com\/revista\/lesly-cruz-empoderamiento-artesanas-guatemala\/\" class=\"eael-post-elements-readmore-btn\">CONOCE SU HISTORIA <\/a><\/div>\n                    <\/div><\/div><\/div>\n        <\/div>\n    <\/article><\/div>\n            <div class=\"clearfix\"><\/div>\n        <\/div>\t\t\t\t<\/div>\n\t\t\t\t\t<\/div>\n\t\t\t\t<\/div>\n\t\t\t\t<\/div>\n\t\t","protected":false},"excerpt":{"rendered":"<p>El comunicado se titula: Declaraci\u00f3n del arzobispo Thomas Wenski sobre la aplicaci\u00f3n de las leyes de migraci\u00f3n resalta la crisis de mano de obra en Estados Unidos y se\u00f1ala que las acciones actuales solo la agravar\u00e1n. Los obispos de Estados Unidos han abogado durante mucho tiempo por reformas a nuestro deficiente sistema migratorio. Quienes observan [&hellip;]<\/p>\n","protected":false},"author":1,"featured_media":39669,"comment_status":"open","ping_status":"open","sticky":false,"template":"","format":"standard","meta":{"_acf_changed":false,"_eb_attr":"","footnotes":""},"categories":[56],"tags":[],"class_list":["post-39667","post","type-post","status-publish","format-standard","has-post-thumbnail","hentry","category-lugar-de-voces"],"acf":[],"aioseo_notices":[],"aioseo_head":"\n\t\t<!-- All in One SEO Pro 4.9.6.2 - aioseo.com -->\n\t<meta name=\"description\" content=\"Lesly Cruz, migrante guatemalteca, crea SaviaGuate, un negocio que promueve artesan\u00edas locales, apoyando a artesanas y conservando tradiciones ancestrales\" \/>\n\t<meta name=\"robots\" content=\"max-snippet:-1, max-image-preview:large, max-video-preview:-1\" \/>\n\t<meta name=\"author\" content=\"Diana Batz\"\/>\n\t<link rel=\"canonical\" href=\"https:\/\/soymigrante.com\/revista\/lesly-cruz-empoderamiento-artesanas-guatemala\/\" \/>\n\t<meta name=\"generator\" content=\"All in One SEO Pro (AIOSEO) 4.9.6.2\" \/>\n\n\t\t<link rel=\"preconnect\" href=\"https:\/\/fonts.googleapis.com\" crossorigin>\n<link rel=\"preconnect\" href=\"https:\/\/fonts.gstatic.com\" crossorigin>\n\t\t<meta property=\"og:locale\" content=\"es_ES\" \/>\n\t\t<meta property=\"og:site_name\" content=\"SoyMigrante.com REVISTA \u2013 Nuestra misi\u00f3n es reconocer y dignificar al migrante.\" \/>\n\t\t<meta property=\"og:type\" content=\"article\" \/>\n\t\t<meta property=\"og:title\" content=\"Lesly Cruz: Emprendedora que eleva el arte guatemalteco\" \/>\n\t\t<meta property=\"og:description\" content=\"Lesly Cruz, migrante guatemalteca, crea SaviaGuate, un negocio que promueve artesan\u00edas locales, apoyando a artesanas y conservando tradiciones ancestrales\" \/>\n\t\t<meta property=\"og:url\" content=\"https:\/\/soymigrante.com\/revista\/lesly-cruz-empoderamiento-artesanas-guatemala\/\" \/>\n\t\t<meta property=\"og:image\" content=\"https:\/\/soymigrante.com\/revista\/wp-content\/uploads\/2023\/08\/Apoya-el-talento-local-en-especial-de-los-y-las-artesanas-de-Guatemala-.webp\" \/>\n\t\t<meta property=\"og:image:secure_url\" content=\"https:\/\/soymigrante.com\/revista\/wp-content\/uploads\/2023\/08\/Apoya-el-talento-local-en-especial-de-los-y-las-artesanas-de-Guatemala-.webp\" \/>\n\t\t<meta property=\"og:image:width\" content=\"1078\" \/>\n\t\t<meta property=\"og:image:height\" content=\"1330\" \/>\n\t\t<meta property=\"article:published_time\" content=\"2023-08-09T15:38:20+00:00\" \/>\n\t\t<meta property=\"article:modified_time\" content=\"2024-07-31T04:12:17+00:00\" \/>\n\t\t<meta property=\"article:publisher\" content=\"https:\/\/www.facebook.com\/soymigrantecom\" \/>\n\t\t<meta name=\"twitter:card\" content=\"summary_large_image\" \/>\n\t\t<meta name=\"twitter:site\" content=\"@SoyMigrante_com\" \/>\n\t\t<meta name=\"twitter:title\" content=\"Lesly Cruz: Emprendedora que eleva el arte guatemalteco\" \/>\n\t\t<meta name=\"twitter:description\" content=\"Lesly Cruz, migrante guatemalteca, crea SaviaGuate, un negocio que promueve artesan\u00edas locales, apoyando a artesanas y conservando tradiciones ancestrales\" \/>\n\t\t<meta name=\"twitter:creator\" content=\"@SoyMigrante_com\" \/>\n\t\t<meta name=\"twitter:image\" content=\"https:\/\/soymigrante.com\/revista\/wp-content\/uploads\/2023\/08\/Apoya-el-talento-local-en-especial-de-los-y-las-artesanas-de-Guatemala-.webp\" \/>\n\t\t<!-- All in One SEO Pro -->\r\n\t\t<title>Lesly Cruz: Emprendedora que eleva el arte guatemalteco<\/title>\n\n","aioseo_head_json":{"title":"Lesly Cruz: Emprendedora que eleva el arte guatemalteco","description":"Lesly Cruz, migrante guatemalteca, crea SaviaGuate, un negocio que promueve artesan\u00edas locales, apoyando a artesanas y conservando tradiciones ancestrales","canonical_url":"https:\/\/soymigrante.com\/revista\/lesly-cruz-empoderamiento-artesanas-guatemala\/","robots":"max-snippet:-1, max-image-preview:large, max-video-preview:-1","keywords":"","webmasterTools":{"miscellaneous":"&lt;link rel=\"preconnect\" href=\"https:\/\/fonts.googleapis.com\" crossorigin&gt;\n&lt;link rel=\"preconnect\" href=\"https:\/\/fonts.gstatic.com\" crossorigin&gt;"},"schema":null,"og:locale":"es_ES","og:site_name":"SoyMigrante.com REVISTA \u2013 Nuestra misi\u00f3n es reconocer y dignificar al migrante.","og:type":"article","og:title":"Lesly Cruz: Emprendedora que eleva el arte guatemalteco","og:description":"Lesly Cruz, migrante guatemalteca, crea SaviaGuate, un negocio que promueve artesan\u00edas locales, apoyando a artesanas y conservando tradiciones ancestrales","og:url":"https:\/\/soymigrante.com\/revista\/lesly-cruz-empoderamiento-artesanas-guatemala\/","og:image":"https:\/\/soymigrante.com\/revista\/wp-content\/uploads\/2023\/08\/Apoya-el-talento-local-en-especial-de-los-y-las-artesanas-de-Guatemala-.webp","og:image:secure_url":"https:\/\/soymigrante.com\/revista\/wp-content\/uploads\/2023\/08\/Apoya-el-talento-local-en-especial-de-los-y-las-artesanas-de-Guatemala-.webp","og:image:width":1078,"og:image:height":1330,"article:published_time":"2023-08-09T15:38:20+00:00","article:modified_time":"2024-07-31T04:12:17+00:00","article:publisher":"https:\/\/www.facebook.com\/soymigrantecom","twitter:card":"summary_large_image","twitter:site":"@SoyMigrante_com","twitter:title":"Lesly Cruz: Emprendedora que eleva el arte guatemalteco","twitter:description":"Lesly Cruz, migrante guatemalteca, crea SaviaGuate, un negocio que promueve artesan\u00edas locales, apoyando a artesanas y conservando tradiciones ancestrales","twitter:creator":"@SoyMigrante_com","twitter:image":"https:\/\/soymigrante.com\/revista\/wp-content\/uploads\/2023\/08\/Apoya-el-talento-local-en-especial-de-los-y-las-artesanas-de-Guatemala-.webp"},"aioseo_meta_data":{"post_id":"39667","title":"Arzobispo de Miami sale en defensa de los migrantes","description":"Monse\u00f1or Thomas Wenski, arzobispo de Miami lanz\u00f3 un fuerte llamado en contra de abusos contra migrantes y medidas que califica de \"inhumanas\".","keywords":null,"keyphrases":{"focus":{"keyphrase":"Migrantes","score":74,"analysis":{"keyphraseInTitle":{"score":9,"maxScore":9,"error":0},"keyphraseInDescription":{"score":9,"maxScore":9,"error":0},"keyphraseLength":{"score":9,"maxScore":9,"error":0,"length":1},"keyphraseInURL":{"score":5,"maxScore":5,"error":0},"keyphraseInIntroduction":{"score":3,"maxScore":9,"error":1},"keyphraseInSubHeadings":{"score":3,"maxScore":9,"error":1},"keyphraseInImageAlt":{"score":3,"maxScore":9,"error":1},"keywordDensity":{"type":"best","score":9,"maxScore":9,"error":0}}},"additional":[{"keyphrase":"Arzobispo","score":67,"analysis":{"keyphraseInDescription":{"score":9,"maxScore":9,"error":0},"keyphraseLength":{"score":9,"maxScore":9,"error":0,"length":1},"keyphraseInIntroduction":{"score":3,"maxScore":9,"error":1},"keyphraseInImageAlt":{"score":9,"maxScore":9,"error":0},"keywordDensity":{"score":0,"type":"low","maxScore":9,"error":1}}},{"keyphrase":"Migrante","score":73,"analysis":{"keyphraseInDescription":{"score":3,"maxScore":9,"error":1},"keyphraseLength":{"score":9,"maxScore":9,"error":0,"length":1},"keyphraseInIntroduction":{"score":3,"maxScore":9,"error":1},"keyphraseInImageAlt":{"score":9,"maxScore":9,"error":0},"keywordDensity":{"type":"best","score":9,"maxScore":9,"error":0}}}]},"primary_term":null,"canonical_url":null,"og_title":null,"og_description":null,"og_object_type":"default","og_image_type":"default","og_image_url":null,"og_image_width":null,"og_image_height":null,"og_image_custom_url":null,"og_image_custom_fields":null,"og_video":"","og_custom_url":null,"og_article_section":null,"og_article_tags":null,"twitter_use_og":false,"twitter_card":"default","twitter_image_type":"default","twitter_image_url":null,"twitter_image_custom_url":null,"twitter_image_custom_fields":null,"twitter_title":null,"twitter_description":null,"schema":{"blockGraphs":[],"customGraphs":[],"default":{"data":{"Article":[],"Course":[],"Dataset":[],"FAQPage":[],"Movie":[],"Person":[],"Product":[],"ProductReview":[],"Car":[],"Recipe":[],"Service":[],"SoftwareApplication":[],"WebPage":[]},"graphName":"none","isEnabled":true},"graphs":[]},"schema_type":"default","schema_type_options":null,"pillar_content":false,"robots_default":true,"robots_noindex":false,"robots_noarchive":false,"robots_nosnippet":false,"robots_nofollow":false,"robots_noimageindex":false,"robots_noodp":false,"robots_notranslate":false,"robots_max_snippet":"-1","robots_max_videopreview":"-1","robots_max_imagepreview":"large","priority":null,"frequency":"default","local_seo":null,"seo_analyzer_scan_date":"2025-10-09 06:57:41","breadcrumb_settings":null,"limit_modified_date":false,"reviewed_by":"0","open_ai":null,"ai":{"faqs":[],"keyPoints":[],"titles":[],"descriptions":[],"socialPosts":{"email":[],"linkedin":[],"twitter":[],"facebook":[],"instagram":[]}},"created":"2025-07-17 19:20:07","updated":"2026-02-05 03:01:38"},"aioseo_breadcrumb":"<div class=\"aioseo-breadcrumbs\"><span class=\"aioseo-breadcrumb\">\n\t<a href=\"https:\/\/soymigrante.com\/revista\" title=\"Home\">Home<\/a>\n<\/span><span class=\"aioseo-breadcrumb-separator\">\u00bb<\/span><span class=\"aioseo-breadcrumb\">\n\t<a href=\"https:\/\/soymigrante.com\/revista\/category\/estamos-unidos\/\" title=\"Estamos Unidos\">Estamos Unidos<\/a>\n<\/span><span class=\"aioseo-breadcrumb-separator\">\u00bb<\/span><span class=\"aioseo-breadcrumb\">\n\t<a href=\"https:\/\/soymigrante.com\/revista\/category\/estamos-unidos\/lugar-de-voces\/\" title=\"Lugar de Voces\">Lugar de Voces<\/a>\n<\/span><span class=\"aioseo-breadcrumb-separator\">\u00bb<\/span><span class=\"aioseo-breadcrumb\">\n\tArzobispo de Miami sale en defensa de los migrantes y pide respeto a su dignidad\n<\/span><\/div>","aioseo_breadcrumb_json":[{"label":"Home","link":"https:\/\/soymigrante.com\/revista"},{"label":"Estamos Unidos","link":"https:\/\/soymigrante.com\/revista\/category\/estamos-unidos\/"},{"label":"Lugar de Voces","link":"https:\/\/soymigrante.com\/revista\/category\/estamos-unidos\/lugar-de-voces\/"},{"label":"Arzobispo de Miami sale en defensa de los migrantes y pide respeto a su dignidad","link":"https:\/\/soymigrante.com\/revista\/arzobispo-de-miami-sale-en-defensa-de-los-migrantes-y-pide-respeto-a-su-dignidad\/"}],"_links":{"self":[{"href":"https:\/\/soymigrante.com\/revista\/wp-json\/wp\/v2\/posts\/39667","targetHints":{"allow":["GET"]}}],"collection":[{"href":"https:\/\/soymigrante.com\/revista\/wp-json\/wp\/v2\/posts"}],"about":[{"href":"https:\/\/soymigrante.com\/revista\/wp-json\/wp\/v2\/types\/post"}],"author":[{"embeddable":true,"href":"https:\/\/soymigrante.com\/revista\/wp-json\/wp\/v2\/users\/1"}],"replies":[{"embeddable":true,"href":"https:\/\/soymigrante.com\/revista\/wp-json\/wp\/v2\/comments?post=39667"}],"version-history":[{"count":13,"href":"https:\/\/soymigrante.com\/revista\/wp-json\/wp\/v2\/posts\/39667\/revisions"}],"predecessor-version":[{"id":39721,"href":"https:\/\/soymigrante.com\/revista\/wp-json\/wp\/v2\/posts\/39667\/revisions\/39721"}],"wp:featuredmedia":[{"embeddable":true,"href":"https:\/\/soymigrante.com\/revista\/wp-json\/wp\/v2\/media\/39669"}],"wp:attachment":[{"href":"https:\/\/soymigrante.com\/revista\/wp-json\/wp\/v2\/media?parent=39667"}],"wp:term":[{"taxonomy":"category","embeddable":true,"href":"https:\/\/soymigrante.com\/revista\/wp-json\/wp\/v2\/categories?post=39667"},{"taxonomy":"post_tag","embeddable":true,"href":"https:\/\/soymigrante.com\/revista\/wp-json\/wp\/v2\/tags?post=39667"}],"curies":[{"name":"wp","href":"https:\/\/api.w.org\/{rel}","templated":true}]}}