{"id":39646,"date":"2025-07-17T12:46:17","date_gmt":"2025-07-17T18:46:17","guid":{"rendered":"https:\/\/soymigrante.com\/revista\/?p=39646"},"modified":"2025-07-17T13:16:50","modified_gmt":"2025-07-17T19:16:50","slug":"asi-surgio-mojado-cancion-ricardo-arjona-con-grupo-intocable-un-autentico-himno-al-migrante","status":"publish","type":"post","link":"https:\/\/soymigrante.com\/revista\/asi-surgio-mojado-cancion-ricardo-arjona-con-grupo-intocable-un-autentico-himno-al-migrante\/","title":{"rendered":"As\u00ed surgi\u00f3 Mojado, canci\u00f3n de Ricardo Arjona con grupo Intocable: un himno al migrante"},"content":{"rendered":"\t\t<div data-elementor-type=\"wp-post\" data-elementor-id=\"39646\" class=\"elementor elementor-39646\" data-elementor-post-type=\"post\">\n\t\t\t\t<div data-particle_enable=\"false\" data-particle-mobile-disabled=\"false\" class=\"elementor-element elementor-element-e3eb048 e-flex e-con-boxed e-con e-parent\" data-id=\"e3eb048\" data-element_type=\"container\" data-e-type=\"container\">\n\t\t\t\t\t<div class=\"e-con-inner\">\n\t\t\t\t<div class=\"elementor-element elementor-element-ac533ef elementor-widget elementor-widget-heading\" data-id=\"ac533ef\" data-element_type=\"widget\" data-e-type=\"widget\" data-widget_type=\"heading.default\">\n\t\t\t\t\t<h2 class=\"elementor-heading-title elementor-size-default\"><span style=\"font-size: 31.2px\">Mojado es un himno a la dignidad del migrante: Este dueto entre el cantautor Ricardo Arjona y el grupo mexicano Intocable surgi\u00f3 hace 20 a\u00f1os y su fuerza sigue vigente hoy m\u00e1s que nunca. As\u00ed sucedio esta colaboraci\u00f3n.<\/span><\/h2>\t\t\t\t<\/div>\n\t\t\t\t\t<\/div>\n\t\t\t\t<\/div>\n\t\t<div data-particle_enable=\"false\" data-particle-mobile-disabled=\"false\" class=\"elementor-element elementor-element-f3a5bcb e-flex e-con-boxed e-con e-parent\" data-id=\"f3a5bcb\" data-element_type=\"container\" data-e-type=\"container\">\n\t\t\t\t\t<div class=\"e-con-inner\">\n\t\t\t\t<div class=\"elementor-element elementor-element-2d39ebe elementor-widget elementor-widget-text-editor\" data-id=\"2d39ebe\" data-element_type=\"widget\" data-e-type=\"widget\" data-widget_type=\"text-editor.default\">\n\t\t\t\t\t\t\t\t\t<p><i>&#8220;Empac\u00f3 un par de camisas, un sombrero<br>Su vocaci\u00f3n de aventurero, seis consejos, <br>siete fotos, mil recuerdos&#8230;&#8221;<\/i><\/p>\n<p>As\u00ed comienza la expresiva letra de la canci\u00f3n Mojado del cantautor guatemalteco Ricardo Arjona, la sigue conmoviendo, emocionando y dignificando el esfuerzo de los migrantes de una forma tan elocuente como lo hizo en 2005. Arjona se presentar\u00e1 en Guatemala en octubre y noviembre de 2025.<\/p><p>Esta canci\u00f3n tuvo para su lanzamiento la colaboraci\u00f3n del grupo mexicano Mojado, que le dio su sonido m\u00e1s caracter\u00edstico. Y justo sobre esa primera versi\u00f3n, el vocalista de dicha banda relat\u00f3 detalles.<\/p>\t\t\t\t\t\t\t\t<\/div>\n\t\t\t\t\t<\/div>\n\t\t\t\t<\/div>\n\t\t<div data-particle_enable=\"false\" data-particle-mobile-disabled=\"false\" class=\"elementor-element elementor-element-7574c78 e-flex e-con-boxed e-con e-parent\" data-id=\"7574c78\" data-element_type=\"container\" data-e-type=\"container\">\n\t\t\t\t\t<div class=\"e-con-inner\">\n\t\t\t\t<div class=\"elementor-element elementor-element-b3b81aa elementor-widget elementor-widget-video\" data-id=\"b3b81aa\" data-element_type=\"widget\" data-e-type=\"widget\" data-settings=\"{&quot;youtube_url&quot;:&quot;https:\\\/\\\/youtu.be\\\/fjdmaxDMeUI?si=h1lIKJ2Kbyt-Wgtv&quot;,&quot;video_type&quot;:&quot;youtube&quot;,&quot;controls&quot;:&quot;yes&quot;}\" data-widget_type=\"video.default\">\n\t\t\t\t\t\t\t<div class=\"elementor-wrapper elementor-open-inline\">\n\t\t\t<div class=\"elementor-video\"><\/div>\t\t<\/div>\n\t\t\t\t\t\t<\/div>\n\t\t\t\t\t<\/div>\n\t\t\t\t<\/div>\n\t\t<div data-particle_enable=\"false\" data-particle-mobile-disabled=\"false\" class=\"elementor-element elementor-element-e8cd1ca e-flex e-con-boxed e-con e-parent\" data-id=\"e8cd1ca\" data-element_type=\"container\" data-e-type=\"container\">\n\t\t\t\t\t<div class=\"e-con-inner\">\n\t\t\t\t<div class=\"elementor-element elementor-element-6420bb6 elementor-widget elementor-widget-heading\" data-id=\"6420bb6\" data-element_type=\"widget\" data-e-type=\"widget\" data-widget_type=\"heading.default\">\n\t\t\t\t\t<h3 class=\"elementor-heading-title elementor-size-default\">Vocalista de Intocable comparte detalles<\/h3>\t\t\t\t<\/div>\n\t\t\t\t\t<\/div>\n\t\t\t\t<\/div>\n\t\t<div data-particle_enable=\"false\" data-particle-mobile-disabled=\"false\" class=\"elementor-element elementor-element-e328abf e-flex e-con-boxed e-con e-parent\" data-id=\"e328abf\" data-element_type=\"container\" data-e-type=\"container\">\n\t\t\t\t\t<div class=\"e-con-inner\">\n\t\t\t\t<div class=\"elementor-element elementor-element-9d96680 elementor-widget elementor-widget-text-editor\" data-id=\"9d96680\" data-element_type=\"widget\" data-e-type=\"widget\" data-widget_type=\"text-editor.default\">\n\t\t\t\t\t\t\t\t\t<p>Se trata de una composici\u00f3n original de Ricardo Arjona, con su estilo caracter\u00edstico de rimas e im\u00e1genes vivas. Pero sin duda el aporte de Intocable forma parte de su identidad.\u00a0 \u00a0El l\u00edder de esta agrupaci\u00f3n, Ricardo &#8220;Ricky&#8221; Mu\u00f1oz, cuya voz alterna con la de Arjona en la canci\u00f3n, quien revel\u00f3 en 2024 algunos detalles de la producci\u00f3n en el podcast de Javier Paniagua.<\/p><p><i>&#8220;El mojado est\u00e1 mojado por las l\u00e1grimas que evoca la nostalgia,<br \/>el mojado, el indocumentado, carga el bulto que el legal no cargar\u00eda ni obligado.<br \/>El suplicio de un papel o ha convertido en fugitivo&#8221;<\/i><\/p>\t\t\t\t\t\t\t\t<\/div>\n\t\t\t\t\t<\/div>\n\t\t\t\t<\/div>\n\t\t<div data-particle_enable=\"false\" data-particle-mobile-disabled=\"false\" class=\"elementor-element elementor-element-43a71f5 e-flex e-con-boxed e-con e-parent\" data-id=\"43a71f5\" data-element_type=\"container\" data-e-type=\"container\">\n\t\t\t\t\t<div class=\"e-con-inner\">\n\t\t\t\t<div class=\"elementor-element elementor-element-179ba9b elementor-widget elementor-widget-video\" data-id=\"179ba9b\" data-element_type=\"widget\" data-e-type=\"widget\" data-settings=\"{&quot;youtube_url&quot;:&quot;https:\\\/\\\/www.youtube.com\\\/watch?v=rj493r3hFNM&quot;,&quot;start&quot;:0,&quot;end&quot;:0,&quot;video_type&quot;:&quot;youtube&quot;,&quot;controls&quot;:&quot;yes&quot;}\" data-widget_type=\"video.default\">\n\t\t\t\t\t\t\t<div class=\"elementor-wrapper elementor-open-inline\">\n\t\t\t<div class=\"elementor-video\"><\/div>\t\t<\/div>\n\t\t\t\t\t\t<\/div>\n\t\t\t\t\t<\/div>\n\t\t\t\t<\/div>\n\t\t<div data-particle_enable=\"false\" data-particle-mobile-disabled=\"false\" class=\"elementor-element elementor-element-4125efe e-flex e-con-boxed e-con e-parent\" data-id=\"4125efe\" data-element_type=\"container\" data-e-type=\"container\">\n\t\t\t\t\t<div class=\"e-con-inner\">\n\t\t\t\t<div class=\"elementor-element elementor-element-f587439 elementor-widget elementor-widget-heading\" data-id=\"f587439\" data-element_type=\"widget\" data-e-type=\"widget\" data-widget_type=\"heading.default\">\n\t\t\t\t\t<h3 class=\"elementor-heading-title elementor-size-default\">Arjona los invita a grabar una canci\u00f3n<\/h3>\t\t\t\t<\/div>\n\t\t\t\t\t<\/div>\n\t\t\t\t<\/div>\n\t\t<div data-particle_enable=\"false\" data-particle-mobile-disabled=\"false\" class=\"elementor-element elementor-element-4446b4c e-flex e-con-boxed e-con e-parent\" data-id=\"4446b4c\" data-element_type=\"container\" data-e-type=\"container\">\n\t\t\t\t\t<div class=\"e-con-inner\">\n\t\t\t\t<div class=\"elementor-element elementor-element-10c3ad5 elementor-widget elementor-widget-text-editor\" data-id=\"10c3ad5\" data-element_type=\"widget\" data-e-type=\"widget\" data-widget_type=\"text-editor.default\">\n\t\t\t\t\t\t\t\t\t<p>Ricky Mu\u00f1oz: &#8220;Nosotros nos present\u00e1bamos en Monterrey, en un palenque, esa noche. Y Ricardo se presentaba en un teatro que se llamaba el Teatro Coca-Cola en Monterrey. \u00c9l se presentaba temprano, (porque) los palenques m\u00e1s en aquellos a\u00f1os empiezas a tocar a la una o dos de la ma\u00f1ana. (Entonces dijimos) Vamos a ver Arjona. Conocemos a algunos de sus m\u00fasicos y entre ellos estaba Carlos &#8220;Junior&#8221; Cabral, que era su director musical en su momento&#8221;, relata.<\/p><p>&#8220;Y empezamos a hablar que somos el grupo Intocable. Y no saben, no tienen ni idea qui\u00e9n \u00e9ramos. Pero les contamos que nos vamos a presentar. Conseguimos boletos y van ellos a vernos a la presentaci\u00f3n en el palenque&#8221;.<\/p><p>Ricky Mu\u00f1oz y el director musical Cabral, quedan en contacto. &#8220;Intercambiamos n\u00fameros y as\u00ed qued\u00f3&#8230; pasan algunos meses y un d\u00eda recibo una llamada de Junior Cabral.. Y me est\u00e1 diciendo b\u00e1sicamente que Ricardo tiene una canci\u00f3n, que si no nos interesar\u00eda hacer algo, una colaboraci\u00f3n con \u00e9l&#8221;.\u00a0\u00a0<\/p><p>Ricardo Arjona, en una entrevista durante la producci\u00f3n del video de Mojado, confirma que no fue nada dif\u00edcil la integraci\u00f3n de talentos. &#8220;Lo dif\u00edcil ha sido grabar este video&#8221;, dice con humor el guatemalteco en el documental de 2005.<\/p>\t\t\t\t\t\t\t\t<\/div>\n\t\t\t\t\t<\/div>\n\t\t\t\t<\/div>\n\t\t<div data-particle_enable=\"false\" data-particle-mobile-disabled=\"false\" class=\"elementor-element elementor-element-fc7ce12 e-flex e-con-boxed e-con e-parent\" data-id=\"fc7ce12\" data-element_type=\"container\" data-e-type=\"container\">\n\t\t\t\t\t<div class=\"e-con-inner\">\n\t\t\t\t<div class=\"elementor-element elementor-element-fb5a38f elementor-widget elementor-widget-video\" data-id=\"fb5a38f\" data-element_type=\"widget\" data-e-type=\"widget\" data-settings=\"{&quot;youtube_url&quot;:&quot;https:\\\/\\\/www.youtube.com\\\/watch?v=NJ7-VYVBi2U&quot;,&quot;start&quot;:16,&quot;video_type&quot;:&quot;youtube&quot;,&quot;controls&quot;:&quot;yes&quot;}\" data-widget_type=\"video.default\">\n\t\t\t\t\t\t\t<div class=\"elementor-wrapper elementor-open-inline\">\n\t\t\t<div class=\"elementor-video\"><\/div>\t\t<\/div>\n\t\t\t\t\t\t<\/div>\n\t\t\t\t\t<\/div>\n\t\t\t\t<\/div>\n\t\t<div data-particle_enable=\"false\" data-particle-mobile-disabled=\"false\" class=\"elementor-element elementor-element-72e5820 e-flex e-con-boxed e-con e-parent\" data-id=\"72e5820\" data-element_type=\"container\" data-e-type=\"container\">\n\t\t\t\t\t<div class=\"e-con-inner\">\n\t\t\t\t<div class=\"elementor-element elementor-element-639b4c4 elementor-widget elementor-widget-heading\" data-id=\"639b4c4\" data-element_type=\"widget\" data-e-type=\"widget\" data-widget_type=\"heading.default\">\n\t\t\t\t\t<h3 class=\"elementor-heading-title elementor-size-default\">Arjona les dio libertad creativa total<\/h3>\t\t\t\t<\/div>\n\t\t\t\t\t<\/div>\n\t\t\t\t<\/div>\n\t\t<div data-particle_enable=\"false\" data-particle-mobile-disabled=\"false\" class=\"elementor-element elementor-element-b18e611 e-flex e-con-boxed e-con e-parent\" data-id=\"b18e611\" data-element_type=\"container\" data-e-type=\"container\">\n\t\t\t\t\t<div class=\"e-con-inner\">\n\t\t\t\t<div class=\"elementor-element elementor-element-378dfc8 elementor-widget elementor-widget-text-editor\" data-id=\"378dfc8\" data-element_type=\"widget\" data-e-type=\"widget\" data-widget_type=\"text-editor.default\">\n\t\t\t\t\t\t\t\t\t<p>Mu\u00f1oz cuenta que le pidi\u00f3 al productor escuchar primero el demo de la canci\u00f3n y admite que tuvo sus dudas al inicio. Pero&#8230;&#8221;Cuando escuch\u00e9 el tema de lo que hablaba y lo que hablaba y lo que dec\u00eda y la foto que te pintaba la canci\u00f3n. Dije \u00a1Vamos a hacerlo!&#8221;<\/p><p>Intocable estaba en la grabaci\u00f3n de su d\u00e9cimo disco. Mu\u00f1oz cuenta que paralelamente empezaron a crear los arreglos que caracterizan Mojado. &#8220;Nos fuimos a Monterrey, a un estudio que se llama El Cielo. All\u00ed grabamos Mojado.\u00a0\u00a0<\/p><p>Arjona no estuvo en esa grabaci\u00f3n. Su director musical supervis\u00f3 la grabaci\u00f3n de Intocable. Pero con una indicaci\u00f3n bien clara de Arjona. &#8220;Que suene Intodable, o sea, dale liberdad de que ellos hagan la m\u00fasica&#8221;.\u00a0 \u00a0<\/p><p>Tiempo despu\u00e9s, se reunieron en Ciudad de M\u00e9xico en la residencia de Arjona. &#8220;Con \u00e9l grabamos las voces juntos. Tuvimos una cena y platicamos. Fue emocionante. Fue bonito grabar eso con Ricardo Arjona&#8221;.<\/p><p>El m\u00fasico mexicano afirma que la parte m\u00e1s fuerte de la letra, lo que m\u00e1s le impresiona es el verso de <i>&#8220;un beso haciendo pausa desde el d\u00eda que te marchaste: Esa frase es la matona&#8221;,<\/i> finaliza.<\/p><p>El \u00e1lbum Adentro de Ricardo Arjona fue lanzado en 2005 y tuvo un \u00e9xito total. En 2006 fue premiado con el Grammy Latino al Mejor Album Pop Latino y el audiovisual de Mojado estuvo nominado como Mejor Video del A\u00f1o.<\/p>\t\t\t\t\t\t\t\t<\/div>\n\t\t\t\t\t<\/div>\n\t\t\t\t<\/div>\n\t\t<div data-particle_enable=\"false\" data-particle-mobile-disabled=\"false\" class=\"elementor-element elementor-element-9529aa7 e-flex e-con-boxed e-con e-parent\" data-id=\"9529aa7\" data-element_type=\"container\" data-e-type=\"container\">\n\t\t\t\t\t<div class=\"e-con-inner\">\n\t\t\t\t<div class=\"elementor-element elementor-element-740a6f7 elementor-widget elementor-widget-heading\" data-id=\"740a6f7\" data-element_type=\"widget\" data-e-type=\"widget\" data-widget_type=\"heading.default\">\n\t\t\t\t\t<h3 class=\"elementor-heading-title elementor-size-default\">Escucha aqu\u00ed el relato<\/h3>\t\t\t\t<\/div>\n\t\t\t\t\t<\/div>\n\t\t\t\t<\/div>\n\t\t<div data-particle_enable=\"false\" data-particle-mobile-disabled=\"false\" class=\"elementor-element elementor-element-585bb56 e-flex e-con-boxed e-con e-parent\" data-id=\"585bb56\" data-element_type=\"container\" data-e-type=\"container\">\n\t\t\t\t\t<div class=\"e-con-inner\">\n\t\t\t\t<div class=\"elementor-element elementor-element-ad730e1 elementor-widget elementor-widget-video\" data-id=\"ad730e1\" data-element_type=\"widget\" data-e-type=\"widget\" data-settings=\"{&quot;youtube_url&quot;:&quot;https:\\\/\\\/www.youtube.com\\\/watch?v=EoUCgjh-gaw&quot;,&quot;start&quot;:5387,&quot;end&quot;:5835,&quot;video_type&quot;:&quot;youtube&quot;,&quot;controls&quot;:&quot;yes&quot;}\" data-widget_type=\"video.default\">\n\t\t\t\t\t\t\t<div class=\"elementor-wrapper elementor-open-inline\">\n\t\t\t<div class=\"elementor-video\"><\/div>\t\t<\/div>\n\t\t\t\t\t\t<\/div>\n\t\t\t\t\t<\/div>\n\t\t\t\t<\/div>\n\t\t<div data-particle_enable=\"false\" data-particle-mobile-disabled=\"false\" class=\"elementor-element elementor-element-7df1bf6 e-flex e-con-boxed e-con e-parent\" data-id=\"7df1bf6\" data-element_type=\"container\" data-e-type=\"container\">\n\t\t\t\t\t<div class=\"e-con-inner\">\n\t\t\t\t<div class=\"elementor-element elementor-element-e3aebd9 elementor-widget elementor-widget-heading\" data-id=\"e3aebd9\" data-element_type=\"widget\" data-e-type=\"widget\" data-widget_type=\"heading.default\">\n\t\t\t\t\t<h2 class=\"elementor-heading-title elementor-size-default\">Los migrantes crean, aportan, construyen<\/h2>\t\t\t\t<\/div>\n\t\t\t\t\t<\/div>\n\t\t\t\t<\/div>\n\t\t<div data-particle_enable=\"false\" data-particle-mobile-disabled=\"false\" class=\"elementor-element elementor-element-7179e96 e-flex e-con-boxed e-con e-parent\" data-id=\"7179e96\" data-element_type=\"container\" data-e-type=\"container\">\n\t\t\t\t\t<div class=\"e-con-inner\">\n\t\t\t\t<div class=\"elementor-element elementor-element-f83ff41 elementor-grid-eael-col-3 elementor-grid-tablet-eael-col-2 elementor-grid-mobile-eael-col-1 elementor-invisible elementor-widget elementor-widget-eael-post-grid\" data-id=\"f83ff41\" data-element_type=\"widget\" data-e-type=\"widget\" data-settings=\"{&quot;eael_post_grid_columns&quot;:&quot;eael-col-3&quot;,&quot;_animation&quot;:&quot;rollIn&quot;,&quot;eael_post_grid_columns_tablet&quot;:&quot;eael-col-2&quot;,&quot;eael_post_grid_columns_mobile&quot;:&quot;eael-col-1&quot;}\" data-widget_type=\"eael-post-grid.default\">\n\t\t\t\t\t<div id=\"eael-post-grid-f83ff41\" class=\"eael-post-grid-container\">\n            <div class=\"eael-post-grid eael-post-appender eael-post-appender-f83ff41 eael-post-grid-style-one\" data-layout-mode=\"masonry\"><article class=\"eael-grid-post  eael-post-grid-column eael-pg-post-16900 category-exitos\" data-id=\"16900\">\n        <div class=\"eael-grid-post-holder\">\n            <div class=\"eael-grid-post-holder-inner\"><div class=\"eael-entry-media\"><div class=\"eael-entry-overlay fade-in\"><i class=\"far fa-hand-pointer\" aria-hidden=\"true\"><\/i><a href=\"https:\/\/soymigrante.com\/revista\/karolin-espana-dirige-kika-proyecto-de-ayuda-alimentaria-impulsado-por-sus-hijas\/\"><\/a><\/div><div class=\"eael-entry-thumbnail \">\n                <img fetchpriority=\"high\" decoding=\"async\" width=\"861\" height=\"861\" src=\"https:\/\/soymigrante.com\/revista\/wp-content\/uploads\/2024\/12\/historia-karolin-espana-KIKA.webp\" class=\"attachment-large size-large wp-image-16901\" alt=\"Ni\u00f1a en desfile cultural participando en evento de apoyo a la infancia y la nutrici\u00f3n en M\u00e9xico, con grupo de personas en vestimenta tradicional y cartel de organizaci\u00f3n KIKA, promoviendo derechos infantiles.\" srcset=\"https:\/\/soymigrante.com\/revista\/wp-content\/uploads\/2024\/12\/historia-karolin-espana-KIKA.webp 861w, https:\/\/soymigrante.com\/revista\/wp-content\/uploads\/2024\/12\/historia-karolin-espana-KIKA-300x300.jpg 300w, https:\/\/soymigrante.com\/revista\/wp-content\/uploads\/2024\/12\/historia-karolin-espana-KIKA-150x150.jpg 150w, https:\/\/soymigrante.com\/revista\/wp-content\/uploads\/2024\/12\/historia-karolin-espana-KIKA-768x768.jpg 768w, https:\/\/soymigrante.com\/revista\/wp-content\/uploads\/2024\/12\/historia-karolin-espana-KIKA-75x75.webp 75w, https:\/\/soymigrante.com\/revista\/wp-content\/uploads\/2024\/12\/historia-karolin-espana-KIKA-750x750.webp 750w\" sizes=\"(max-width: 861px) 100vw, 861px\" \/>\n            <\/div>\n        <\/div><div class=\"eael-entry-wrapper\"><header class=\"eael-entry-header\"><h2 class=\"eael-entry-title\"><a class=\"eael-grid-post-link\" href=\"https:\/\/soymigrante.com\/revista\/karolin-espana-dirige-kika-proyecto-de-ayuda-alimentaria-impulsado-por-sus-hijas\/\" title=\"Karolin Rasc\u00f3n dirige KIKA, iniciativa de ayuda alimentaria desde L.A. a Guatemala, inspirada por sus hijas Kiara y Kaili\">Karolin Rasc\u00f3n dirige KIKA, iniciativa de ayuda alimentaria desde L.A. a Guatemala, inspirada por sus hijas Kiara y Kaili<\/a><\/h2><\/header><div class=\"eael-entry-content\">\n                        <div class=\"eael-grid-post-excerpt\"><a href=\"https:\/\/soymigrante.com\/revista\/karolin-espana-dirige-kika-proyecto-de-ayuda-alimentaria-impulsado-por-sus-hijas\/\" class=\"eael-post-elements-readmore-btn\">CONOCE SU HISTORIA <\/a><\/div>\n                    <\/div><\/div><\/div>\n        <\/div>\n    <\/article><article class=\"eael-grid-post  eael-post-grid-column eael-pg-post-5392 category-exitos\" data-id=\"5392\">\n        <div class=\"eael-grid-post-holder\">\n            <div class=\"eael-grid-post-holder-inner\"><div class=\"eael-entry-media\"><div class=\"eael-entry-overlay fade-in\"><i class=\"far fa-hand-pointer\" aria-hidden=\"true\"><\/i><a href=\"https:\/\/soymigrante.com\/revista\/historia-migrante-juan-guarcas-quiche-chef-exitoso-restaurant-texas\/\"><\/a><\/div><div class=\"eael-entry-thumbnail \">\n                <img decoding=\"async\" width=\"617\" height=\"546\" src=\"https:\/\/soymigrante.com\/revista\/wp-content\/uploads\/2024\/03\/juancho.webp\" class=\"attachment-large size-large wp-image-5395\" alt=\"Migrante Juan Guarcax, originario de Joyabaj, Quich\u00e9, es chef graduado en Estados Unidos y su especialidad es la comida italiana. Su restaurante Bella M\u00eda es un \u00e9xito en McAllen, Texas.\" srcset=\"https:\/\/soymigrante.com\/revista\/wp-content\/uploads\/2024\/03\/juancho.webp 617w, https:\/\/soymigrante.com\/revista\/wp-content\/uploads\/2024\/03\/juancho-300x265.webp 300w\" sizes=\"(max-width: 617px) 100vw, 617px\" \/>\n            <\/div>\n        <\/div><div class=\"eael-entry-wrapper\"><header class=\"eael-entry-header\"><h2 class=\"eael-entry-title\"><a class=\"eael-grid-post-link\" href=\"https:\/\/soymigrante.com\/revista\/historia-migrante-juan-guarcas-quiche-chef-exitoso-restaurant-texas\/\" title=\"Migrante Juan Guarcas, de Joyabaj, es exitoso chef italiano en Texas\">Migrante Juan Guarcas, de Joyabaj, es exitoso chef italiano en Texas<\/a><\/h2><\/header><div class=\"eael-entry-content\">\n                        <div class=\"eael-grid-post-excerpt\"><a href=\"https:\/\/soymigrante.com\/revista\/historia-migrante-juan-guarcas-quiche-chef-exitoso-restaurant-texas\/\" class=\"eael-post-elements-readmore-btn\">CONOCE SU HISTORIA <\/a><\/div>\n                    <\/div><\/div><\/div>\n        <\/div>\n    <\/article><article class=\"eael-grid-post  eael-post-grid-column eael-pg-post-3049 category-estamos-unidos\" data-id=\"3049\">\n        <div class=\"eael-grid-post-holder\">\n            <div class=\"eael-grid-post-holder-inner\"><div class=\"eael-entry-media\"><div class=\"eael-entry-overlay fade-in\"><i class=\"far fa-hand-pointer\" aria-hidden=\"true\"><\/i><a href=\"https:\/\/soymigrante.com\/revista\/soy-una-migrante-cantante-guatemalteca-gaby-moreno-en-la-casa-blanca\/\"><\/a><\/div><div class=\"eael-entry-thumbnail \">\n                <img decoding=\"async\" width=\"967\" height=\"713\" src=\"https:\/\/soymigrante.com\/revista\/wp-content\/uploads\/2023\/10\/GABY-CB.webp\" class=\"attachment-large size-large wp-image-3050\" alt=\"\" srcset=\"https:\/\/soymigrante.com\/revista\/wp-content\/uploads\/2023\/10\/GABY-CB.webp 967w, https:\/\/soymigrante.com\/revista\/wp-content\/uploads\/2023\/10\/GABY-CB-300x221.webp 300w, https:\/\/soymigrante.com\/revista\/wp-content\/uploads\/2023\/10\/GABY-CB-768x566.webp 768w, https:\/\/soymigrante.com\/revista\/wp-content\/uploads\/2023\/10\/GABY-CB-750x553.webp 750w\" sizes=\"(max-width: 967px) 100vw, 967px\" \/>\n            <\/div>\n        <\/div><div class=\"eael-entry-wrapper\"><header class=\"eael-entry-header\"><h2 class=\"eael-entry-title\"><a class=\"eael-grid-post-link\" href=\"https:\/\/soymigrante.com\/revista\/soy-una-migrante-cantante-guatemalteca-gaby-moreno-en-la-casa-blanca\/\" title=\"&#8220;Soy una migrante&#8221;: cantante guatemalteca Gaby Moreno en la Casa Blanca\">&#8220;Soy una migrante&#8221;: cantante guatemalteca Gaby Moreno en la Casa Blanca<\/a><\/h2><\/header><div class=\"eael-entry-content\">\n                        <div class=\"eael-grid-post-excerpt\"><a href=\"https:\/\/soymigrante.com\/revista\/soy-una-migrante-cantante-guatemalteca-gaby-moreno-en-la-casa-blanca\/\" class=\"eael-post-elements-readmore-btn\">CONOCE SU HISTORIA <\/a><\/div>\n                    <\/div><\/div><\/div>\n        <\/div>\n    <\/article><\/div>\n            <div class=\"clearfix\"><\/div>\n        <\/div>\t\t\t\t<\/div>\n\t\t\t\t\t<\/div>\n\t\t\t\t<\/div>\n\t\t\t\t<\/div>\n\t\t","protected":false},"excerpt":{"rendered":"<p>Mojado es un himno a la dignidad del migrante: Este dueto entre el cantautor Ricardo Arjona y el grupo mexicano Intocable surgi\u00f3 hace 20 a\u00f1os y su fuerza sigue vigente hoy m\u00e1s que nunca. As\u00ed sucedio esta colaboraci\u00f3n. &#8220;Empac\u00f3 un par de camisas, un sombreroSu vocaci\u00f3n de aventurero, seis consejos, siete fotos, mil recuerdos&#8230;&#8221; As\u00ed [&hellip;]<\/p>\n","protected":false},"author":7,"featured_media":39653,"comment_status":"open","ping_status":"open","sticky":false,"template":"","format":"standard","meta":{"_acf_changed":false,"_eb_attr":"","footnotes":""},"categories":[54],"tags":[],"class_list":["post-39646","post","type-post","status-publish","format-standard","has-post-thumbnail","hentry","category-estamos-unidos"],"acf":[],"aioseo_notices":[],"aioseo_head":"\n\t\t<!-- All in One SEO Pro 4.9.6.2 - aioseo.com -->\n\t<meta name=\"description\" content=\"Cantante y compositora migrante Gaby Moreno declar\u00f3 con orgullo sus ra\u00edces guatemaltecas en gala del Mes de la Herencia Hispana, en la Casa Blanca, Washington D.C. donde abri\u00f3 su presentaci\u00f3n con Luna de Xelaj\u00fa \u201cSoy una migrante\u201d, dijo en ingl\u00e9s la cantante y compositora guatemalteca Gaby Moreno al iniciar su presentaci\u00f3n en La Casa Blanca,\" \/>\n\t<meta name=\"robots\" content=\"max-snippet:-1, max-image-preview:large, max-video-preview:-1\" \/>\n\t<meta name=\"author\" content=\"Gustavo Montenegro\"\/>\n\t<link rel=\"canonical\" href=\"https:\/\/soymigrante.com\/revista\/asi-surgio-mojado-cancion-ricardo-arjona-con-grupo-intocable-un-autentico-himno-al-migrante\/\" \/>\n\t<meta name=\"generator\" content=\"All in One SEO Pro (AIOSEO) 4.9.6.2\" \/>\n\n\t\t<link rel=\"preconnect\" href=\"https:\/\/fonts.googleapis.com\" crossorigin>\n<link rel=\"preconnect\" href=\"https:\/\/fonts.gstatic.com\" crossorigin>\n\t\t<meta property=\"og:locale\" content=\"es_ES\" \/>\n\t\t<meta property=\"og:site_name\" content=\"SoyMigrante.com REVISTA \u2013 Nuestra misi\u00f3n es reconocer y dignificar al migrante.\" \/>\n\t\t<meta property=\"og:type\" content=\"article\" \/>\n\t\t<meta property=\"og:title\" content=\"Como surgi\u00f3 la canci\u00f3n Mojado de Ricardo Arjona con Intocable\" \/>\n\t\t<meta property=\"og:description\" content=\"Considerado un verdadero himno migrante, este tema original del guatemalteco Ricardo Arjona fue una colaboraci\u00f3n con el grupo mexicano Intocable. As\u00ed se dio.\" \/>\n\t\t<meta property=\"og:url\" content=\"https:\/\/soymigrante.com\/revista\/asi-surgio-mojado-cancion-ricardo-arjona-con-grupo-intocable-un-autentico-himno-al-migrante\/\" \/>\n\t\t<meta property=\"og:image\" content=\"https:\/\/soymigrante.com\/revista\/wp-content\/uploads\/2025\/07\/mojado-ricardo-arjona-2.webp\" \/>\n\t\t<meta property=\"og:image:secure_url\" content=\"https:\/\/soymigrante.com\/revista\/wp-content\/uploads\/2025\/07\/mojado-ricardo-arjona-2.webp\" \/>\n\t\t<meta property=\"og:image:width\" content=\"638\" \/>\n\t\t<meta property=\"og:image:height\" content=\"638\" \/>\n\t\t<meta property=\"article:published_time\" content=\"2025-07-17T18:46:17+00:00\" \/>\n\t\t<meta property=\"article:modified_time\" content=\"2025-07-17T19:16:50+00:00\" \/>\n\t\t<meta property=\"article:publisher\" content=\"https:\/\/www.facebook.com\/soymigrantecom\" \/>\n\t\t<meta name=\"twitter:card\" content=\"summary_large_image\" \/>\n\t\t<meta name=\"twitter:site\" content=\"@SoyMigrante_com\" \/>\n\t\t<meta name=\"twitter:title\" content=\"Como surgi\u00f3 la canci\u00f3n Mojado de Ricardo Arjona con Intocable\" \/>\n\t\t<meta name=\"twitter:description\" content=\"Considerado un verdadero himno migrante, este tema original del guatemalteco Ricardo Arjona fue una colaboraci\u00f3n con el grupo mexicano Intocable. As\u00ed se dio.\" \/>\n\t\t<meta name=\"twitter:creator\" content=\"@SoyMigrante_com\" \/>\n\t\t<meta name=\"twitter:image\" content=\"https:\/\/soymigrante.com\/revista\/wp-content\/uploads\/2025\/07\/mojado-ricardo-arjona-2.webp\" \/>\n\t\t<!-- All in One SEO Pro -->\r\n\t\t<title>Como surgi\u00f3 la canci\u00f3n Mojado de Ricardo Arjona con Intocable<\/title>\n\n","aioseo_head_json":{"title":"Como surgi\u00f3 la canci\u00f3n Mojado de Ricardo Arjona con Intocable","description":"Considerado un verdadero himno migrante, este tema original del guatemalteco Ricardo Arjona fue una colaboraci\u00f3n con el grupo mexicano Intocable. As\u00ed se dio.","canonical_url":"https:\/\/soymigrante.com\/revista\/asi-surgio-mojado-cancion-ricardo-arjona-con-grupo-intocable-un-autentico-himno-al-migrante\/","robots":"max-snippet:-1, max-image-preview:large, max-video-preview:-1","keywords":"","webmasterTools":{"miscellaneous":"&lt;link rel=\"preconnect\" href=\"https:\/\/fonts.googleapis.com\" crossorigin&gt;\n&lt;link rel=\"preconnect\" href=\"https:\/\/fonts.gstatic.com\" crossorigin&gt;"},"schema":null,"og:locale":"es_ES","og:site_name":"SoyMigrante.com REVISTA \u2013 Nuestra misi\u00f3n es reconocer y dignificar al migrante.","og:type":"article","og:title":"Como surgi\u00f3 la canci\u00f3n Mojado de Ricardo Arjona con Intocable","og:description":"Considerado un verdadero himno migrante, este tema original del guatemalteco Ricardo Arjona fue una colaboraci\u00f3n con el grupo mexicano Intocable. As\u00ed se dio.","og:url":"https:\/\/soymigrante.com\/revista\/asi-surgio-mojado-cancion-ricardo-arjona-con-grupo-intocable-un-autentico-himno-al-migrante\/","og:image":"https:\/\/soymigrante.com\/revista\/wp-content\/uploads\/2025\/07\/mojado-ricardo-arjona-2.webp","og:image:secure_url":"https:\/\/soymigrante.com\/revista\/wp-content\/uploads\/2025\/07\/mojado-ricardo-arjona-2.webp","og:image:width":638,"og:image:height":638,"article:published_time":"2025-07-17T18:46:17+00:00","article:modified_time":"2025-07-17T19:16:50+00:00","article:publisher":"https:\/\/www.facebook.com\/soymigrantecom","twitter:card":"summary_large_image","twitter:site":"@SoyMigrante_com","twitter:title":"Como surgi\u00f3 la canci\u00f3n Mojado de Ricardo Arjona con Intocable","twitter:description":"Considerado un verdadero himno migrante, este tema original del guatemalteco Ricardo Arjona fue una colaboraci\u00f3n con el grupo mexicano Intocable. As\u00ed se dio.","twitter:creator":"@SoyMigrante_com","twitter:image":"https:\/\/soymigrante.com\/revista\/wp-content\/uploads\/2025\/07\/mojado-ricardo-arjona-2.webp"},"aioseo_meta_data":{"post_id":"39646","title":"Como surgi\u00f3 la canci\u00f3n Mojado de Ricardo Arjona con Intocable","description":"Considerado un verdadero himno migrante, este tema original del guatemalteco Ricardo Arjona fue una colaboraci\u00f3n con el grupo mexicano Intocable. As\u00ed se dio.","keywords":null,"keyphrases":{"focus":{"keyphrase":"Mojado","score":65,"analysis":{"keyphraseInTitle":{"score":9,"maxScore":9,"error":0},"keyphraseInDescription":{"score":3,"maxScore":9,"error":1},"keyphraseLength":{"score":9,"maxScore":9,"error":0,"length":1},"keyphraseInURL":{"score":5,"maxScore":5,"error":0},"keyphraseInIntroduction":{"score":3,"maxScore":9,"error":1},"keyphraseInSubHeadings":{"score":3,"maxScore":9,"error":1},"keyphraseInImageAlt":{"score":3,"maxScore":9,"error":1},"keywordDensity":{"type":"best","score":9,"maxScore":9,"error":0}}},"additional":[{"keyphrase":"Arjona","score":73,"analysis":{"keyphraseInDescription":{"score":9,"maxScore":9,"error":0},"keyphraseLength":{"score":9,"maxScore":9,"error":0,"length":1},"keyphraseInIntroduction":{"score":3,"maxScore":9,"error":1},"keyphraseInImageAlt":{"score":3,"maxScore":9,"error":1},"keywordDensity":{"type":"best","score":9,"maxScore":9,"error":0}}},{"keyphrase":"Migrante","score":87,"analysis":{"keyphraseInDescription":{"score":9,"maxScore":9,"error":0},"keyphraseLength":{"score":9,"maxScore":9,"error":0,"length":1},"keyphraseInIntroduction":{"score":3,"maxScore":9,"error":1},"keyphraseInImageAlt":{"score":9,"maxScore":9,"error":0},"keywordDensity":{"type":"best","score":9,"maxScore":9,"error":0}}}]},"primary_term":null,"canonical_url":null,"og_title":null,"og_description":null,"og_object_type":"default","og_image_type":"default","og_image_url":null,"og_image_width":null,"og_image_height":null,"og_image_custom_url":null,"og_image_custom_fields":null,"og_video":"","og_custom_url":null,"og_article_section":null,"og_article_tags":null,"twitter_use_og":false,"twitter_card":"default","twitter_image_type":"default","twitter_image_url":null,"twitter_image_custom_url":null,"twitter_image_custom_fields":null,"twitter_title":null,"twitter_description":null,"schema":{"blockGraphs":[],"customGraphs":[],"default":{"data":{"Article":[],"Course":[],"Dataset":[],"FAQPage":[],"Movie":[],"Person":[],"Product":[],"ProductReview":[],"Car":[],"Recipe":[],"Service":[],"SoftwareApplication":[],"WebPage":[]},"graphName":"none","isEnabled":true},"graphs":[]},"schema_type":"default","schema_type_options":null,"pillar_content":false,"robots_default":true,"robots_noindex":false,"robots_noarchive":false,"robots_nosnippet":false,"robots_nofollow":false,"robots_noimageindex":false,"robots_noodp":false,"robots_notranslate":false,"robots_max_snippet":"-1","robots_max_videopreview":"-1","robots_max_imagepreview":"large","priority":null,"frequency":"default","local_seo":null,"seo_analyzer_scan_date":"2025-10-09 06:57:41","breadcrumb_settings":null,"limit_modified_date":false,"reviewed_by":"0","open_ai":null,"ai":{"faqs":[],"keyPoints":[],"titles":[],"descriptions":[],"socialPosts":{"email":[],"linkedin":[],"twitter":[],"facebook":[],"instagram":[]}},"created":"2025-07-17 18:04:49","updated":"2026-02-05 03:01:38"},"aioseo_breadcrumb":"<div class=\"aioseo-breadcrumbs\"><span class=\"aioseo-breadcrumb\">\n\t<a href=\"https:\/\/soymigrante.com\/revista\" title=\"Home\">Home<\/a>\n<\/span><span class=\"aioseo-breadcrumb-separator\">\u00bb<\/span><span class=\"aioseo-breadcrumb\">\n\t<a href=\"https:\/\/soymigrante.com\/revista\/category\/estamos-unidos\/\" title=\"Estamos Unidos\">Estamos Unidos<\/a>\n<\/span><span class=\"aioseo-breadcrumb-separator\">\u00bb<\/span><span class=\"aioseo-breadcrumb\">\n\tAs\u00ed surgi\u00f3 Mojado, canci\u00f3n de Ricardo Arjona con grupo Intocable: un himno al migrante\n<\/span><\/div>","aioseo_breadcrumb_json":[{"label":"Home","link":"https:\/\/soymigrante.com\/revista"},{"label":"Estamos Unidos","link":"https:\/\/soymigrante.com\/revista\/category\/estamos-unidos\/"},{"label":"As\u00ed surgi\u00f3 Mojado, canci\u00f3n de Ricardo Arjona con grupo Intocable: un himno al migrante","link":"https:\/\/soymigrante.com\/revista\/asi-surgio-mojado-cancion-ricardo-arjona-con-grupo-intocable-un-autentico-himno-al-migrante\/"}],"_links":{"self":[{"href":"https:\/\/soymigrante.com\/revista\/wp-json\/wp\/v2\/posts\/39646","targetHints":{"allow":["GET"]}}],"collection":[{"href":"https:\/\/soymigrante.com\/revista\/wp-json\/wp\/v2\/posts"}],"about":[{"href":"https:\/\/soymigrante.com\/revista\/wp-json\/wp\/v2\/types\/post"}],"author":[{"embeddable":true,"href":"https:\/\/soymigrante.com\/revista\/wp-json\/wp\/v2\/users\/7"}],"replies":[{"embeddable":true,"href":"https:\/\/soymigrante.com\/revista\/wp-json\/wp\/v2\/comments?post=39646"}],"version-history":[{"count":10,"href":"https:\/\/soymigrante.com\/revista\/wp-json\/wp\/v2\/posts\/39646\/revisions"}],"predecessor-version":[{"id":39666,"href":"https:\/\/soymigrante.com\/revista\/wp-json\/wp\/v2\/posts\/39646\/revisions\/39666"}],"wp:featuredmedia":[{"embeddable":true,"href":"https:\/\/soymigrante.com\/revista\/wp-json\/wp\/v2\/media\/39653"}],"wp:attachment":[{"href":"https:\/\/soymigrante.com\/revista\/wp-json\/wp\/v2\/media?parent=39646"}],"wp:term":[{"taxonomy":"category","embeddable":true,"href":"https:\/\/soymigrante.com\/revista\/wp-json\/wp\/v2\/categories?post=39646"},{"taxonomy":"post_tag","embeddable":true,"href":"https:\/\/soymigrante.com\/revista\/wp-json\/wp\/v2\/tags?post=39646"}],"curies":[{"name":"wp","href":"https:\/\/api.w.org\/{rel}","templated":true}]}}