{"id":39636,"date":"2025-07-19T15:24:30","date_gmt":"2025-07-19T21:24:30","guid":{"rendered":"https:\/\/soymigrante.com\/revista\/?p=39636"},"modified":"2025-07-19T15:25:33","modified_gmt":"2025-07-19T21:25:33","slug":"evelyn-del-rosario-moran-pone-el-nombre-de-guatemala-en-alto-en-el-festival-folklife","status":"publish","type":"post","link":"https:\/\/soymigrante.com\/revista\/evelyn-del-rosario-moran-pone-el-nombre-de-guatemala-en-alto-en-el-festival-folklife\/","title":{"rendered":"Evelyn del Rosario Mor\u00e1n pone el nombre de Guatemala en alto en el Festival Folklife"},"content":{"rendered":"\t\t<div data-elementor-type=\"wp-post\" data-elementor-id=\"39636\" class=\"elementor elementor-39636\" data-elementor-post-type=\"post\">\n\t\t\t\t<div data-particle_enable=\"false\" data-particle-mobile-disabled=\"false\" class=\"elementor-element elementor-element-3e13773 e-flex e-con-boxed e-con e-parent\" data-id=\"3e13773\" data-element_type=\"container\" data-e-type=\"container\">\n\t\t\t\t\t<div class=\"e-con-inner\">\n\t\t\t\t<div class=\"elementor-element elementor-element-a113d65 elementor-widget elementor-widget-heading\" data-id=\"a113d65\" data-element_type=\"widget\" data-e-type=\"widget\" data-widget_type=\"heading.default\">\n\t\t\t\t\t<h2 class=\"elementor-heading-title elementor-size-default\">Evelyn del Rosario Mor\u00e1n es una artista maya guatemalteca que cre\u00f3 un mural para el Festival Folklife en Estados Unidos. \n<\/h2>\t\t\t\t<\/div>\n\t\t\t\t\t<\/div>\n\t\t\t\t<\/div>\n\t\t<div data-particle_enable=\"false\" data-particle-mobile-disabled=\"false\" class=\"elementor-element elementor-element-aa29d5a e-flex e-con-boxed e-con e-parent\" data-id=\"aa29d5a\" data-element_type=\"container\" data-e-type=\"container\">\n\t\t\t\t\t<div class=\"e-con-inner\">\n\t\t\t\t<div class=\"elementor-element elementor-element-da03e09 elementor-widget elementor-widget-text-editor\" data-id=\"da03e09\" data-element_type=\"widget\" data-e-type=\"widget\" data-widget_type=\"text-editor.default\">\n\t\t\t\t\t\t\t\t\t<p><a href=\"https:\/\/www.facebook.com\/evelyn.moranc\" target=\"_blank\" rel=\"noopener\">Evelyn del Rosario es una artista maya de Guatemala,<\/a> cre\u00f3 un mural del tama\u00f1o de dos autos estacionados que representa la cultura ind\u00edgena guatemalteca en el Festival Folklife. Su obra incluye alimentos tradicionales mayas como mazorcas de ma\u00edz flotantes y frijoles amarillos. Mor\u00e1n Cojoc ense\u00f1a arte a ni\u00f1os en todo el pa\u00eds, alent\u00e1ndolos a representar sus tradiciones ind\u00edgenas.<\/p><p>Durante el festival, trabaj\u00f3 con tres estudiantes de secundaria latinos, incluyendo a Kevin Cabrera Sanchez de 17 a\u00f1os, quien agreg\u00f3 la marimba al mural, y Selvin Vail Diaz de 18 a\u00f1os, quien pint\u00f3 cuatro variedades coloridas de ma\u00edz que representan los cuatro puntos cardinales en la tradici\u00f3n maya.<\/p>\t\t\t\t\t\t\t\t<\/div>\n\t\t\t\t\t<\/div>\n\t\t\t\t<\/div>\n\t\t<div data-particle_enable=\"false\" data-particle-mobile-disabled=\"false\" class=\"elementor-element elementor-element-5908706 e-flex e-con-boxed e-con e-parent\" data-id=\"5908706\" data-element_type=\"container\" data-e-type=\"container\">\n\t\t\t\t\t<div class=\"e-con-inner\">\n\t\t\t\t<div class=\"elementor-element elementor-element-9c7a24e elementor-invisible elementor-widget elementor-widget-facebook-embed\" data-id=\"9c7a24e\" data-element_type=\"widget\" data-e-type=\"widget\" data-settings=\"{&quot;_animation&quot;:&quot;zoomInDown&quot;}\" data-widget_type=\"facebook-embed.default\">\n\t\t\t\t\t<div style=\"min-height: 1px\" class=\"elementor-facebook-widget fb-post\" data-href=\"https:\/\/www.facebook.com\/photo.php?fbid=10238420225582783&#038;set=pb.1182891135.-2207520000&#038;type=3\" data-show-text=\"false\"><\/div>\t\t\t\t<\/div>\n\t\t\t\t\t<\/div>\n\t\t\t\t<\/div>\n\t\t<div data-particle_enable=\"false\" data-particle-mobile-disabled=\"false\" class=\"elementor-element elementor-element-228172b e-flex e-con-boxed e-con e-parent\" data-id=\"228172b\" data-element_type=\"container\" data-e-type=\"container\">\n\t\t\t\t\t<div class=\"e-con-inner\">\n\t\t\t\t<div class=\"elementor-element elementor-element-41a4a07 elementor-widget elementor-widget-heading\" data-id=\"41a4a07\" data-element_type=\"widget\" data-e-type=\"widget\" data-widget_type=\"heading.default\">\n\t\t\t\t\t<h3 class=\"elementor-heading-title elementor-size-default\">El festival de los colores <\/h3>\t\t\t\t<\/div>\n\t\t\t\t\t<\/div>\n\t\t\t\t<\/div>\n\t\t<div data-particle_enable=\"false\" data-particle-mobile-disabled=\"false\" class=\"elementor-element elementor-element-51d2bf0 e-flex e-con-boxed e-con e-parent\" data-id=\"51d2bf0\" data-element_type=\"container\" data-e-type=\"container\">\n\t\t\t\t\t<div class=\"e-con-inner\">\n\t\t\t\t<div class=\"elementor-element elementor-element-149a8e2 elementor-widget elementor-widget-text-editor\" data-id=\"149a8e2\" data-element_type=\"widget\" data-e-type=\"widget\" data-widget_type=\"text-editor.default\">\n\t\t\t\t\t\t\t\t\t<p>En los vibrantes colores del Festival Folklife, donde culturas de todo el mundo convergen para celebrar la diversidad humana, una artista maya guatemalteca est\u00e1 escribiendo una nueva p\u00e1gina en la historia del arte contempor\u00e1neo.<\/p><p><a href=\"https:\/\/www.facebook.com\/evelyn.moranc\" target=\"_blank\" rel=\"noopener\">Evelyn del Rosario Mor\u00e1n Cojoc no solo est\u00e1 creando murales; est\u00e1 tejiendo puentes entre el pasado ancestral y el presente globalizado,<\/a> demostrando que la identidad cultural puede ser tanto ra\u00edz como alas.<\/p>\t\t\t\t\t\t\t\t<\/div>\n\t\t\t\t\t<\/div>\n\t\t\t\t<\/div>\n\t\t<div data-particle_enable=\"false\" data-particle-mobile-disabled=\"false\" class=\"elementor-element elementor-element-b1c5f03 e-flex e-con-boxed e-con e-parent\" data-id=\"b1c5f03\" data-element_type=\"container\" data-e-type=\"container\">\n\t\t\t\t\t<div class=\"e-con-inner\">\n\t\t\t\t<div class=\"elementor-element elementor-element-5af544a elementor-widget elementor-widget-heading\" data-id=\"5af544a\" data-element_type=\"widget\" data-e-type=\"widget\" data-widget_type=\"heading.default\">\n\t\t\t\t\t<h3 class=\"elementor-heading-title elementor-size-default\">La cosmovisi\u00f3n maya <\/h3>\t\t\t\t<\/div>\n\t\t\t\t\t<\/div>\n\t\t\t\t<\/div>\n\t\t<div data-particle_enable=\"false\" data-particle-mobile-disabled=\"false\" class=\"elementor-element elementor-element-a8b98d2 e-flex e-con-boxed e-con e-parent\" data-id=\"a8b98d2\" data-element_type=\"container\" data-e-type=\"container\">\n\t\t\t\t\t<div class=\"e-con-inner\">\n\t\t\t\t<div class=\"elementor-element elementor-element-65a4f8e elementor-widget elementor-widget-text-editor\" data-id=\"65a4f8e\" data-element_type=\"widget\" data-e-type=\"widget\" data-widget_type=\"text-editor.default\">\n\t\t\t\t\t\t\t\t\t<p><a href=\"https:\/\/www.facebook.com\/evelyn.moranc\" target=\"_blank\" rel=\"noopener\">Su mural, del tama\u00f1o de dos autos estacionados, trasciende las dimensiones f\u00edsicas para convertirse en un portal hacia la cosmovisi\u00f3n maya.<\/a> Cada mazorca de ma\u00edz flotante, cada frijol amarillo pintado con precisi\u00f3n ancestral, cuenta una historia que se remonta a miles de a\u00f1os pero que resuena con urgencia contempor\u00e1nea. En un mundo que a menudo olvida sus or\u00edgenes, Mor\u00e1n Cojoc nos recuerda que la memoria cultural es un tesoro que debe ser preservado y celebrado.<\/p><p><a href=\"https:\/\/www.facebook.com\/evelyn.moranc\" target=\"_blank\" rel=\"noopener\">La colaboraci\u00f3n con estudiantes de secundaria latinos durante el festival ilustra perfectamente la misi\u00f3n educativa que impulsa el trabajo de esta artista excepcional.<\/a> Kevin Cabrera Sanchez, de 17 a\u00f1os, al agregar la marimba al mural, no solo est\u00e1 representando el instrumento nacional de Guatemala; est\u00e1 afirmando su identidad cultural en un espacio p\u00fablico, declarando con orgullo: \u201cAqu\u00ed estamos, aqu\u00ed permanecemos, aqu\u00ed florecemos.\u201d<\/p><p>La contribuci\u00f3n de Selvin Vail Diaz, pintando cuatro variedades coloridas de ma\u00edz que representan los cuatro puntos cardinales, revela la profundidad filos\u00f3fica que subyace en el arte maya. Cada color no es simplemente est\u00e9tico; es simb\u00f3lico, cargado de significado espiritual y cosmol\u00f3gico. El ma\u00edz blanco del norte, representando la vida despu\u00e9s de la muerte, nos conecta con una comprensi\u00f3n del tiempo y la existencia que trasciende las limitaciones del pensamiento occidental.<\/p>\t\t\t\t\t\t\t\t<\/div>\n\t\t\t\t\t<\/div>\n\t\t\t\t<\/div>\n\t\t<div data-particle_enable=\"false\" data-particle-mobile-disabled=\"false\" class=\"elementor-element elementor-element-1ff6b14 e-flex e-con-boxed e-con e-parent\" data-id=\"1ff6b14\" data-element_type=\"container\" data-e-type=\"container\">\n\t\t\t\t\t<div class=\"e-con-inner\">\n\t\t\t\t<div class=\"elementor-element elementor-element-4bc2b9f elementor-invisible elementor-widget elementor-widget-facebook-embed\" data-id=\"4bc2b9f\" data-element_type=\"widget\" data-e-type=\"widget\" data-settings=\"{&quot;_animation&quot;:&quot;zoomInDown&quot;}\" data-widget_type=\"facebook-embed.default\">\n\t\t\t\t\t<div style=\"min-height: 1px\" class=\"elementor-facebook-widget fb-post\" data-href=\"https:\/\/www.facebook.com\/photo.php?fbid=10237914116490372&#038;set=pb.1182891135.-2207520000&#038;type=3\" data-show-text=\"false\"><\/div>\t\t\t\t<\/div>\n\t\t\t\t\t<\/div>\n\t\t\t\t<\/div>\n\t\t<div data-particle_enable=\"false\" data-particle-mobile-disabled=\"false\" class=\"elementor-element elementor-element-4912806 e-flex e-con-boxed e-con e-parent\" data-id=\"4912806\" data-element_type=\"container\" data-e-type=\"container\">\n\t\t\t\t\t<div class=\"e-con-inner\">\n\t\t\t\t<div class=\"elementor-element elementor-element-912e863 elementor-widget elementor-widget-heading\" data-id=\"912e863\" data-element_type=\"widget\" data-e-type=\"widget\" data-widget_type=\"heading.default\">\n\t\t\t\t\t<h3 class=\"elementor-heading-title elementor-size-default\">Educaci\u00f3n con arte<\/h3>\t\t\t\t<\/div>\n\t\t\t\t\t<\/div>\n\t\t\t\t<\/div>\n\t\t<div data-particle_enable=\"false\" data-particle-mobile-disabled=\"false\" class=\"elementor-element elementor-element-dd2fd8b e-flex e-con-boxed e-con e-parent\" data-id=\"dd2fd8b\" data-element_type=\"container\" data-e-type=\"container\">\n\t\t\t\t\t<div class=\"e-con-inner\">\n\t\t\t\t<div class=\"elementor-element elementor-element-2c43060 elementor-widget elementor-widget-text-editor\" data-id=\"2c43060\" data-element_type=\"widget\" data-e-type=\"widget\" data-widget_type=\"text-editor.default\">\n\t\t\t\t\t\t\t\t\t<p><a href=\"https:\/\/www.facebook.com\/evelyn.moranc\" target=\"_blank\" rel=\"noopener\">El trabajo de Mor\u00e1n Cojoc como educadora art\u00edstica en todo el pa\u00eds representa una forma de resistencia cultural pac\u00edfica, pero poderosa.<\/a> Al ense\u00f1ar a ni\u00f1os a representar sus tradiciones ind\u00edgenas, est\u00e1 sembrando semillas de orgullo cultural que florecer\u00e1n en las pr\u00f3ximas generaciones. En una \u00e9poca donde la globalizaci\u00f3n a menudo amenaza con homogeneizar las culturas, su trabajo se convierte en un acto de preservaci\u00f3n y celebraci\u00f3n.<\/p><p>Su declaraci\u00f3n de que \u201cla discriminaci\u00f3n existe por otros, es su tristeza, es su ignorancia\u201d refleja una sabidur\u00eda que va m\u00e1s all\u00e1 de lo art\u00edstico. Mor\u00e1n Cojoc entiende que el racismo y la discriminaci\u00f3n no son defectos de las culturas ind\u00edgenas, sino limitaciones de quienes no pueden apreciar la riqueza de la diversidad humana. Esta perspectiva empodera a las comunidades ind\u00edgenas para mantener su orgullo cultural independientemente de las actitudes externas.<\/p>\t\t\t\t\t\t\t\t<\/div>\n\t\t\t\t\t<\/div>\n\t\t\t\t<\/div>\n\t\t<div data-particle_enable=\"false\" data-particle-mobile-disabled=\"false\" class=\"elementor-element elementor-element-32f6973 e-flex e-con-boxed e-con e-parent\" data-id=\"32f6973\" data-element_type=\"container\" data-e-type=\"container\">\n\t\t\t\t\t<div class=\"e-con-inner\">\n\t\t\t\t<div class=\"elementor-element elementor-element-b588981 elementor-invisible elementor-widget elementor-widget-facebook-embed\" data-id=\"b588981\" data-element_type=\"widget\" data-e-type=\"widget\" data-settings=\"{&quot;_animation&quot;:&quot;zoomInDown&quot;}\" data-widget_type=\"facebook-embed.default\">\n\t\t\t\t\t<div style=\"min-height: 1px\" class=\"elementor-facebook-widget fb-post\" data-href=\"https:\/\/www.facebook.com\/photo.php?fbid=10236103358302549&#038;set=pb.1182891135.-2207520000&#038;type=3\" data-show-text=\"false\"><\/div>\t\t\t\t<\/div>\n\t\t\t\t\t<\/div>\n\t\t\t\t<\/div>\n\t\t<div data-particle_enable=\"false\" data-particle-mobile-disabled=\"false\" class=\"elementor-element elementor-element-569fe16 e-flex e-con-boxed e-con e-parent\" data-id=\"569fe16\" data-element_type=\"container\" data-e-type=\"container\">\n\t\t\t\t\t<div class=\"e-con-inner\">\n\t\t\t\t<div class=\"elementor-element elementor-element-5cdcbca elementor-widget elementor-widget-heading\" data-id=\"5cdcbca\" data-element_type=\"widget\" data-e-type=\"widget\" data-widget_type=\"heading.default\">\n\t\t\t\t\t<h2 class=\"elementor-heading-title elementor-size-default\">Conoce otras historias que ponen el nombre de Guatemala en alto...<\/h2>\t\t\t\t<\/div>\n\t\t\t\t\t<\/div>\n\t\t\t\t<\/div>\n\t\t<div data-particle_enable=\"false\" data-particle-mobile-disabled=\"false\" class=\"elementor-element elementor-element-d31fd11 e-flex e-con-boxed e-con e-parent\" data-id=\"d31fd11\" data-element_type=\"container\" data-e-type=\"container\">\n\t\t\t\t\t<div class=\"e-con-inner\">\n\t\t\t\t<div class=\"elementor-element elementor-element-6c2f02f elementor-grid-eael-col-3 elementor-grid-tablet-eael-col-2 elementor-grid-mobile-eael-col-1 elementor-invisible elementor-widget elementor-widget-eael-post-grid\" data-id=\"6c2f02f\" data-element_type=\"widget\" data-e-type=\"widget\" data-settings=\"{&quot;eael_post_grid_columns&quot;:&quot;eael-col-3&quot;,&quot;_animation&quot;:&quot;rollIn&quot;,&quot;eael_post_grid_columns_tablet&quot;:&quot;eael-col-2&quot;,&quot;eael_post_grid_columns_mobile&quot;:&quot;eael-col-1&quot;}\" data-widget_type=\"eael-post-grid.default\">\n\t\t\t\t\t<div id=\"eael-post-grid-6c2f02f\" class=\"eael-post-grid-container\">\n            <div class=\"eael-post-grid eael-post-appender eael-post-appender-6c2f02f eael-post-grid-style-one\" data-layout-mode=\"masonry\"><article class=\"eael-grid-post  eael-post-grid-column eael-pg-post-22673 category-exitos\" data-id=\"22673\">\n        <div class=\"eael-grid-post-holder\">\n            <div class=\"eael-grid-post-holder-inner\"><div class=\"eael-entry-media\"><div class=\"eael-entry-overlay fade-in\"><i class=\"far fa-hand-pointer\" aria-hidden=\"true\"><\/i><a href=\"https:\/\/soymigrante.com\/revista\/el-guatemalteco-estuardo-adhemar-es-exitoso-productor-musical-fotografo-y-videografo-en-chicago\/\"><\/a><\/div><div class=\"eael-entry-thumbnail \">\n                <img fetchpriority=\"high\" decoding=\"async\" width=\"1024\" height=\"1024\" src=\"https:\/\/soymigrante.com\/revista\/wp-content\/uploads\/2025\/01\/estuardo-adhemar-chicago-1024x1024.jpg\" class=\"attachment-large size-large wp-image-22674\" alt=\"Guitarrista con micr\u00f3fono en estudio, promoviendo cultura y m\u00fasica en la comunidad migrante.\" srcset=\"https:\/\/soymigrante.com\/revista\/wp-content\/uploads\/2025\/01\/estuardo-adhemar-chicago-1024x1024.jpg 1024w, https:\/\/soymigrante.com\/revista\/wp-content\/uploads\/2025\/01\/estuardo-adhemar-chicago-300x300.jpg 300w, https:\/\/soymigrante.com\/revista\/wp-content\/uploads\/2025\/01\/estuardo-adhemar-chicago-150x150.jpg 150w, https:\/\/soymigrante.com\/revista\/wp-content\/uploads\/2025\/01\/estuardo-adhemar-chicago-768x768.jpg 768w, https:\/\/soymigrante.com\/revista\/wp-content\/uploads\/2025\/01\/estuardo-adhemar-chicago-75x75.jpg 75w, https:\/\/soymigrante.com\/revista\/wp-content\/uploads\/2025\/01\/estuardo-adhemar-chicago-750x750.jpg 750w, https:\/\/soymigrante.com\/revista\/wp-content\/uploads\/2025\/01\/estuardo-adhemar-chicago-1140x1140.jpg 1140w, https:\/\/soymigrante.com\/revista\/wp-content\/uploads\/2025\/01\/estuardo-adhemar-chicago.jpg 1323w\" sizes=\"(max-width: 1024px) 100vw, 1024px\" \/>\n            <\/div>\n        <\/div><div class=\"eael-entry-wrapper\"><header class=\"eael-entry-header\"><h2 class=\"eael-entry-title\"><a class=\"eael-grid-post-link\" href=\"https:\/\/soymigrante.com\/revista\/el-guatemalteco-estuardo-adhemar-es-exitoso-productor-musical-fotografo-y-videografo-en-chicago\/\" title=\"El guatemalteco Estuardo Adhemar es productor musical, fotogr\u00e1fico y audiovisual en Chicago\">El guatemalteco Estuardo Adhemar es productor musical, fotogr\u00e1fico y audiovisual en Chicago<\/a><\/h2><\/header><div class=\"eael-entry-content\">\n                        <div class=\"eael-grid-post-excerpt\"><a href=\"https:\/\/soymigrante.com\/revista\/el-guatemalteco-estuardo-adhemar-es-exitoso-productor-musical-fotografo-y-videografo-en-chicago\/\" class=\"eael-post-elements-readmore-btn\">CONOCE SU HISTORIA <\/a><\/div>\n                    <\/div><\/div><\/div>\n        <\/div>\n    <\/article><article class=\"eael-grid-post  eael-post-grid-column eael-pg-post-8417 category-exitos\" data-id=\"8417\">\n        <div class=\"eael-grid-post-holder\">\n            <div class=\"eael-grid-post-holder-inner\"><div class=\"eael-entry-media\"><div class=\"eael-entry-overlay fade-in\"><i class=\"far fa-hand-pointer\" aria-hidden=\"true\"><\/i><a href=\"https:\/\/soymigrante.com\/revista\/chef-manuel-tol-domina-el-idioma-del-sabor-en-miami\/\"><\/a><\/div><div class=\"eael-entry-thumbnail \">\n                <img decoding=\"async\" width=\"1024\" height=\"683\" src=\"https:\/\/soymigrante.com\/revista\/wp-content\/uploads\/2024\/08\/Manuel_Tol-Web-1024x683.webp\" class=\"attachment-large size-large wp-image-8422\" alt=\"Joven cocinero con uniforme profesional en un fondo oscuro, promoviendo la cultura migrante y el talento en la gastronom\u00eda.\" srcset=\"https:\/\/soymigrante.com\/revista\/wp-content\/uploads\/2024\/08\/Manuel_Tol-Web-1024x683.webp 1024w, https:\/\/soymigrante.com\/revista\/wp-content\/uploads\/2024\/08\/Manuel_Tol-Web-300x200.webp 300w, https:\/\/soymigrante.com\/revista\/wp-content\/uploads\/2024\/08\/Manuel_Tol-Web-768x512.webp 768w, https:\/\/soymigrante.com\/revista\/wp-content\/uploads\/2024\/08\/Manuel_Tol-Web-750x500.webp 750w, https:\/\/soymigrante.com\/revista\/wp-content\/uploads\/2024\/08\/Manuel_Tol-Web-1140x760.webp 1140w, https:\/\/soymigrante.com\/revista\/wp-content\/uploads\/2024\/08\/Manuel_Tol-Web.webp 1200w\" sizes=\"(max-width: 1024px) 100vw, 1024px\" \/>\n            <\/div>\n        <\/div><div class=\"eael-entry-wrapper\"><header class=\"eael-entry-header\"><h2 class=\"eael-entry-title\"><a class=\"eael-grid-post-link\" href=\"https:\/\/soymigrante.com\/revista\/chef-manuel-tol-domina-el-idioma-del-sabor-en-miami\/\" title=\"Chef guatemalteco Manuel Tol domina el idioma del sabor en Miami\">Chef guatemalteco Manuel Tol domina el idioma del sabor en Miami<\/a><\/h2><\/header><div class=\"eael-entry-content\">\n                        <div class=\"eael-grid-post-excerpt\"><a href=\"https:\/\/soymigrante.com\/revista\/chef-manuel-tol-domina-el-idioma-del-sabor-en-miami\/\" class=\"eael-post-elements-readmore-btn\">CONOCE SU HISTORIA <\/a><\/div>\n                    <\/div><\/div><\/div>\n        <\/div>\n    <\/article><article class=\"eael-grid-post  eael-post-grid-column eael-pg-post-1118 category-exitos\" data-id=\"1118\">\n        <div class=\"eael-grid-post-holder\">\n            <div class=\"eael-grid-post-holder-inner\"><div class=\"eael-entry-media\"><div class=\"eael-entry-overlay fade-in\"><i class=\"far fa-hand-pointer\" aria-hidden=\"true\"><\/i><a href=\"https:\/\/soymigrante.com\/revista\/migrante-guatemalteco-julio-cota-es-fotografo-en-nueva-york\/\"><\/a><\/div><div class=\"eael-entry-thumbnail \">\n                <img decoding=\"async\" width=\"400\" height=\"400\" src=\"https:\/\/soymigrante.com\/revista\/wp-content\/uploads\/2023\/06\/SM_7.webp\" class=\"attachment-large size-large wp-image-1167\" alt=\"Julio Cota fotografo migrante en nueva york\" srcset=\"https:\/\/soymigrante.com\/revista\/wp-content\/uploads\/2023\/06\/SM_7.webp 400w, https:\/\/soymigrante.com\/revista\/wp-content\/uploads\/2023\/06\/SM_7-300x300.webp 300w, https:\/\/soymigrante.com\/revista\/wp-content\/uploads\/2023\/06\/SM_7-150x150.webp 150w, https:\/\/soymigrante.com\/revista\/wp-content\/uploads\/2023\/06\/SM_7-75x75.webp 75w\" sizes=\"(max-width: 400px) 100vw, 400px\" \/>\n            <\/div>\n        <\/div><div class=\"eael-entry-wrapper\"><header class=\"eael-entry-header\"><h2 class=\"eael-entry-title\"><a class=\"eael-grid-post-link\" href=\"https:\/\/soymigrante.com\/revista\/migrante-guatemalteco-julio-cota-es-fotografo-en-nueva-york\/\" title=\"Migrante guatemalteco Julio Cota cuenta historias fotogr\u00e1ficas en Nueva York\">Migrante guatemalteco Julio Cota cuenta historias fotogr\u00e1ficas en Nueva York<\/a><\/h2><\/header><div class=\"eael-entry-content\">\n                        <div class=\"eael-grid-post-excerpt\"><a href=\"https:\/\/soymigrante.com\/revista\/migrante-guatemalteco-julio-cota-es-fotografo-en-nueva-york\/\" class=\"eael-post-elements-readmore-btn\">CONOCE SU HISTORIA <\/a><\/div>\n                    <\/div><\/div><\/div>\n        <\/div>\n    <\/article><\/div>\n            <div class=\"clearfix\"><\/div>\n        <\/div>\t\t\t\t<\/div>\n\t\t\t\t\t<\/div>\n\t\t\t\t<\/div>\n\t\t\t\t<\/div>\n\t\t","protected":false},"excerpt":{"rendered":"<p>Evelyn del Rosario Mor\u00e1n es una artista maya guatemalteca que cre\u00f3 un mural para el Festival Folklife en Estados Unidos. Evelyn del Rosario es una artista maya de Guatemala, cre\u00f3 un mural del tama\u00f1o de dos autos estacionados que representa la cultura ind\u00edgena guatemalteca en el Festival Folklife. Su obra incluye alimentos tradicionales mayas como [&hellip;]<\/p>\n","protected":false},"author":19,"featured_media":39637,"comment_status":"open","ping_status":"open","sticky":false,"template":"","format":"standard","meta":{"_acf_changed":false,"_eb_attr":"","footnotes":""},"categories":[58],"tags":[],"class_list":["post-39636","post","type-post","status-publish","format-standard","has-post-thumbnail","hentry","category-guate-nuestra"],"acf":[],"aioseo_notices":[],"aioseo_head":"\n\t\t<!-- All in One SEO Pro 4.9.6.2 - aioseo.com -->\n\t<meta name=\"description\" content=\"Julio Cota Julajuj, oriundo del caser\u00edo Tierra Linda departamento de Solol\u00e1, llego a Estados Unidos hace tres a\u00f1os y medio. Este migrante guatemalteco trabaj\u00f3 en un restaurantes, pero su pasi\u00f3n y talento es la fotograf\u00eda. Se siente muy orgulloso de ser migrante y guatemalteco. Desde la tierra del paisaje departamento de Solol\u00e1, Julio a la\" \/>\n\t<meta name=\"robots\" content=\"max-snippet:-1, max-image-preview:large, max-video-preview:-1\" \/>\n\t<meta name=\"author\" content=\"Diana Batz\"\/>\n\t<link rel=\"canonical\" href=\"https:\/\/soymigrante.com\/revista\/migrante-guatemalteco-julio-cota-es-fotografo-en-nueva-york\/\" \/>\n\t<meta name=\"generator\" content=\"All in One SEO Pro (AIOSEO) 4.9.6.2\" \/>\n\n\t\t<link rel=\"preconnect\" href=\"https:\/\/fonts.googleapis.com\" crossorigin>\n<link rel=\"preconnect\" href=\"https:\/\/fonts.gstatic.com\" crossorigin>\n\t\t<meta property=\"og:locale\" content=\"es_ES\" \/>\n\t\t<meta property=\"og:site_name\" content=\"SoyMigrante.com REVISTA \u2013 Nuestra misi\u00f3n es reconocer y dignificar al migrante.\" \/>\n\t\t<meta property=\"og:type\" content=\"article\" \/>\n\t\t<meta property=\"og:title\" content=\"Migrante guatemalteco Julio Cota cuenta historias fotogr\u00e1ficas en Nueva York\" \/>\n\t\t<meta property=\"og:description\" content=\"Julio Cota Julajuj, oriundo del caser\u00edo Tierra Linda departamento de Solol\u00e1, llego a Estados Unidos hace tres a\u00f1os y medio. Este migrante guatemalteco trabaj\u00f3 en un restaurantes, pero su pasi\u00f3n y talento es la fotograf\u00eda. Se siente muy orgulloso de ser migrante y guatemalteco. Desde la tierra del paisaje departamento de Solol\u00e1, Julio a la\" \/>\n\t\t<meta property=\"og:url\" content=\"https:\/\/soymigrante.com\/revista\/migrante-guatemalteco-julio-cota-es-fotografo-en-nueva-york\/\" \/>\n\t\t<meta property=\"og:image\" content=\"https:\/\/soymigrante.com\/revista\/wp-content\/uploads\/2023\/06\/SM_7.webp\" \/>\n\t\t<meta property=\"og:image:secure_url\" content=\"https:\/\/soymigrante.com\/revista\/wp-content\/uploads\/2023\/06\/SM_7.webp\" \/>\n\t\t<meta property=\"og:image:width\" content=\"400\" \/>\n\t\t<meta property=\"og:image:height\" content=\"400\" \/>\n\t\t<meta property=\"article:published_time\" content=\"2023-05-31T21:35:39+00:00\" \/>\n\t\t<meta property=\"article:modified_time\" content=\"2024-11-01T12:54:39+00:00\" \/>\n\t\t<meta property=\"article:publisher\" content=\"https:\/\/www.facebook.com\/soymigrantecom\" \/>\n\t\t<meta name=\"twitter:card\" content=\"summary_large_image\" \/>\n\t\t<meta name=\"twitter:site\" content=\"@SoyMigrante_com\" \/>\n\t\t<meta name=\"twitter:title\" content=\"Migrante guatemalteco Julio Cota cuenta historias fotogr\u00e1ficas en Nueva York\" \/>\n\t\t<meta name=\"twitter:description\" content=\"Julio Cota Julajuj, oriundo del caser\u00edo Tierra Linda departamento de Solol\u00e1, llego a Estados Unidos hace tres a\u00f1os y medio. Este migrante guatemalteco trabaj\u00f3 en un restaurantes, pero su pasi\u00f3n y talento es la fotograf\u00eda. Se siente muy orgulloso de ser migrante y guatemalteco. Desde la tierra del paisaje departamento de Solol\u00e1, Julio a la\" \/>\n\t\t<meta name=\"twitter:creator\" content=\"@SoyMigrante_com\" \/>\n\t\t<meta name=\"twitter:image\" content=\"https:\/\/soymigrante.com\/revista\/wp-content\/uploads\/2023\/06\/SM_7.webp\" \/>\n\t\t<!-- All in One SEO Pro -->\r\n\t\t<title>Migrante guatemalteco Julio Cota cuenta historias fotogr\u00e1ficas en Nueva York<\/title>\n\n","aioseo_head_json":{"title":"Migrante guatemalteco Julio Cota cuenta historias fotogr\u00e1ficas en Nueva York","description":"Julio Cota Julajuj, oriundo del caser\u00edo Tierra Linda departamento de Solol\u00e1, llego a Estados Unidos hace tres a\u00f1os y medio. Este migrante guatemalteco trabaj\u00f3 en un restaurantes, pero su pasi\u00f3n y talento es la fotograf\u00eda. Se siente muy orgulloso de ser migrante y guatemalteco. Desde la tierra del paisaje departamento de Solol\u00e1, Julio a la","canonical_url":"https:\/\/soymigrante.com\/revista\/migrante-guatemalteco-julio-cota-es-fotografo-en-nueva-york\/","robots":"max-snippet:-1, max-image-preview:large, max-video-preview:-1","keywords":"","webmasterTools":{"miscellaneous":"&lt;link rel=\"preconnect\" href=\"https:\/\/fonts.googleapis.com\" crossorigin&gt;\n&lt;link rel=\"preconnect\" href=\"https:\/\/fonts.gstatic.com\" crossorigin&gt;"},"schema":null,"og:locale":"es_ES","og:site_name":"SoyMigrante.com REVISTA \u2013 Nuestra misi\u00f3n es reconocer y dignificar al migrante.","og:type":"article","og:title":"Migrante guatemalteco Julio Cota cuenta historias fotogr\u00e1ficas en Nueva York","og:description":"Julio Cota Julajuj, oriundo del caser\u00edo Tierra Linda departamento de Solol\u00e1, llego a Estados Unidos hace tres a\u00f1os y medio. Este migrante guatemalteco trabaj\u00f3 en un restaurantes, pero su pasi\u00f3n y talento es la fotograf\u00eda. Se siente muy orgulloso de ser migrante y guatemalteco. Desde la tierra del paisaje departamento de Solol\u00e1, Julio a la","og:url":"https:\/\/soymigrante.com\/revista\/migrante-guatemalteco-julio-cota-es-fotografo-en-nueva-york\/","og:image":"https:\/\/soymigrante.com\/revista\/wp-content\/uploads\/2023\/06\/SM_7.webp","og:image:secure_url":"https:\/\/soymigrante.com\/revista\/wp-content\/uploads\/2023\/06\/SM_7.webp","og:image:width":400,"og:image:height":400,"article:published_time":"2023-05-31T21:35:39+00:00","article:modified_time":"2024-11-01T12:54:39+00:00","article:publisher":"https:\/\/www.facebook.com\/soymigrantecom","twitter:card":"summary_large_image","twitter:site":"@SoyMigrante_com","twitter:title":"Migrante guatemalteco Julio Cota cuenta historias fotogr\u00e1ficas en Nueva York","twitter:description":"Julio Cota Julajuj, oriundo del caser\u00edo Tierra Linda departamento de Solol\u00e1, llego a Estados Unidos hace tres a\u00f1os y medio. Este migrante guatemalteco trabaj\u00f3 en un restaurantes, pero su pasi\u00f3n y talento es la fotograf\u00eda. Se siente muy orgulloso de ser migrante y guatemalteco. Desde la tierra del paisaje departamento de Solol\u00e1, Julio a la","twitter:creator":"@SoyMigrante_com","twitter:image":"https:\/\/soymigrante.com\/revista\/wp-content\/uploads\/2023\/06\/SM_7.webp"},"aioseo_meta_data":{"post_id":"39636","title":null,"description":"Evelyn del Rosario Mor\u00e1n es una artista maya guatemalteca que cre\u00f3 un mural para el Festival Folklife organizado por el Smithsonian Institute de Estados Unidos.","keywords":null,"keyphrases":{"focus":{"keyphrase":"Festival Folklife","score":69,"analysis":{"keyphraseInTitle":{"score":9,"maxScore":9,"error":0},"keyphraseInDescription":{"score":9,"maxScore":9,"error":0},"keyphraseLength":{"score":9,"maxScore":9,"error":0,"length":2},"keyphraseInURL":{"score":5,"maxScore":5,"error":0},"keyphraseInIntroduction":{"score":9,"maxScore":9,"error":0},"keyphraseInSubHeadings":{"score":3,"maxScore":9,"error":1},"keyphraseInImageAlt":{"score":3,"maxScore":9,"error":1},"keywordDensity":{"score":0,"type":"low","maxScore":9,"error":1}}},"additional":[{"keyphrase":"Evelyn del Rosario","score":67,"analysis":{"keyphraseInDescription":{"score":9,"maxScore":9,"error":0},"keyphraseLength":{"score":9,"maxScore":9,"error":0,"length":3},"keyphraseInIntroduction":{"score":9,"maxScore":9,"error":0},"keyphraseInImageAlt":{"score":3,"maxScore":9,"error":1},"keywordDensity":{"score":0,"type":"low","maxScore":9,"error":1}}}]},"primary_term":null,"canonical_url":null,"og_title":null,"og_description":null,"og_object_type":"default","og_image_type":"default","og_image_url":null,"og_image_width":null,"og_image_height":null,"og_image_custom_url":null,"og_image_custom_fields":null,"og_video":"","og_custom_url":null,"og_article_section":null,"og_article_tags":null,"twitter_use_og":false,"twitter_card":"default","twitter_image_type":"default","twitter_image_url":null,"twitter_image_custom_url":null,"twitter_image_custom_fields":null,"twitter_title":null,"twitter_description":null,"schema":{"blockGraphs":[],"customGraphs":[],"default":{"data":{"Article":[],"Course":[],"Dataset":[],"FAQPage":[],"Movie":[],"Person":[],"Product":[],"ProductReview":[],"Car":[],"Recipe":[],"Service":[],"SoftwareApplication":[],"WebPage":[]},"graphName":"none","isEnabled":true},"graphs":[]},"schema_type":"default","schema_type_options":null,"pillar_content":false,"robots_default":true,"robots_noindex":false,"robots_noarchive":false,"robots_nosnippet":false,"robots_nofollow":false,"robots_noimageindex":false,"robots_noodp":false,"robots_notranslate":false,"robots_max_snippet":"-1","robots_max_videopreview":"-1","robots_max_imagepreview":"large","priority":null,"frequency":"default","local_seo":null,"seo_analyzer_scan_date":"2025-10-09 07:01:39","breadcrumb_settings":null,"limit_modified_date":false,"reviewed_by":"0","open_ai":null,"ai":{"faqs":[],"keyPoints":[],"titles":[],"descriptions":[],"socialPosts":{"email":[],"linkedin":[],"twitter":[],"facebook":[],"instagram":[]}},"created":"2025-07-17 17:26:12","updated":"2026-02-05 03:01:40"},"aioseo_breadcrumb":"<div class=\"aioseo-breadcrumbs\"><span class=\"aioseo-breadcrumb\">\n\t<a href=\"https:\/\/soymigrante.com\/revista\" title=\"Home\">Home<\/a>\n<\/span><span class=\"aioseo-breadcrumb-separator\">\u00bb<\/span><span class=\"aioseo-breadcrumb\">\n\t<a href=\"https:\/\/soymigrante.com\/revista\/category\/guate-nuestra\/\" title=\"Guate Nuestra\">Guate Nuestra<\/a>\n<\/span><span class=\"aioseo-breadcrumb-separator\">\u00bb<\/span><span class=\"aioseo-breadcrumb\">\n\tEvelyn del Rosario Mor\u00e1n pone el nombre de Guatemala en alto en el Festival Folklife\n<\/span><\/div>","aioseo_breadcrumb_json":[{"label":"Home","link":"https:\/\/soymigrante.com\/revista"},{"label":"Guate Nuestra","link":"https:\/\/soymigrante.com\/revista\/category\/guate-nuestra\/"},{"label":"Evelyn del Rosario Mor\u00e1n pone el nombre de Guatemala en alto en el Festival Folklife","link":"https:\/\/soymigrante.com\/revista\/evelyn-del-rosario-moran-pone-el-nombre-de-guatemala-en-alto-en-el-festival-folklife\/"}],"_links":{"self":[{"href":"https:\/\/soymigrante.com\/revista\/wp-json\/wp\/v2\/posts\/39636","targetHints":{"allow":["GET"]}}],"collection":[{"href":"https:\/\/soymigrante.com\/revista\/wp-json\/wp\/v2\/posts"}],"about":[{"href":"https:\/\/soymigrante.com\/revista\/wp-json\/wp\/v2\/types\/post"}],"author":[{"embeddable":true,"href":"https:\/\/soymigrante.com\/revista\/wp-json\/wp\/v2\/users\/19"}],"replies":[{"embeddable":true,"href":"https:\/\/soymigrante.com\/revista\/wp-json\/wp\/v2\/comments?post=39636"}],"version-history":[{"count":15,"href":"https:\/\/soymigrante.com\/revista\/wp-json\/wp\/v2\/posts\/39636\/revisions"}],"predecessor-version":[{"id":39833,"href":"https:\/\/soymigrante.com\/revista\/wp-json\/wp\/v2\/posts\/39636\/revisions\/39833"}],"wp:featuredmedia":[{"embeddable":true,"href":"https:\/\/soymigrante.com\/revista\/wp-json\/wp\/v2\/media\/39637"}],"wp:attachment":[{"href":"https:\/\/soymigrante.com\/revista\/wp-json\/wp\/v2\/media?parent=39636"}],"wp:term":[{"taxonomy":"category","embeddable":true,"href":"https:\/\/soymigrante.com\/revista\/wp-json\/wp\/v2\/categories?post=39636"},{"taxonomy":"post_tag","embeddable":true,"href":"https:\/\/soymigrante.com\/revista\/wp-json\/wp\/v2\/tags?post=39636"}],"curies":[{"name":"wp","href":"https:\/\/api.w.org\/{rel}","templated":true}]}}