{"id":39568,"date":"2025-07-17T04:00:00","date_gmt":"2025-07-17T10:00:00","guid":{"rendered":"https:\/\/soymigrante.com\/revista\/?p=39568"},"modified":"2025-09-16T08:15:42","modified_gmt":"2025-09-16T14:15:42","slug":"gran-teatro-nacional-de-guatemala-ricardo-arjona-conciertos-2025","status":"publish","type":"post","link":"https:\/\/soymigrante.com\/revista\/gran-teatro-nacional-de-guatemala-ricardo-arjona-conciertos-2025\/","title":{"rendered":"Admira de cerca el Gran Teatro Nacional de Guatemala (donde Ricardo Arjona ofrecer\u00e1 15 conciertos)"},"content":{"rendered":"\t\t<div data-elementor-type=\"wp-post\" data-elementor-id=\"39568\" class=\"elementor elementor-39568\" data-elementor-post-type=\"post\">\n\t\t\t\t<div data-particle_enable=\"false\" data-particle-mobile-disabled=\"false\" class=\"elementor-element elementor-element-c842675 e-flex e-con-boxed e-con e-parent\" data-id=\"c842675\" data-element_type=\"container\" data-e-type=\"container\">\n\t\t\t\t\t<div class=\"e-con-inner\">\n\t\t\t\t<div class=\"elementor-element elementor-element-04a0b3c elementor-widget elementor-widget-heading\" data-id=\"04a0b3c\" data-element_type=\"widget\" data-e-type=\"widget\" data-widget_type=\"heading.default\">\n\t\t\t\t\t<h2 class=\"elementor-heading-title elementor-size-default\">Siempre impresionante: con 47 a\u00f1os, el Teatro Nacional brilla con la genialidad del artista Efra\u00edn Recinos. Adm\u00edralo de cerca con fotos y recorrido virtual 360 grados. Aqu\u00ed cantar\u00e1 Ricardo Arjona en octubre y noviembre.<\/h2>\t\t\t\t<\/div>\n\t\t\t\t\t<\/div>\n\t\t\t\t<\/div>\n\t\t<div data-particle_enable=\"false\" data-particle-mobile-disabled=\"false\" class=\"elementor-element elementor-element-c92095d e-flex e-con-boxed e-con e-parent\" data-id=\"c92095d\" data-element_type=\"container\" data-e-type=\"container\">\n\t\t\t\t\t<div class=\"e-con-inner\">\n\t\t\t\t<div class=\"elementor-element elementor-element-823bb73 elementor-widget elementor-widget-text-editor\" data-id=\"823bb73\" data-element_type=\"widget\" data-e-type=\"widget\" data-widget_type=\"text-editor.default\">\n\t\t\t\t\t\t\t\t\t<p>El Teatro Nacional de Guatemala es todo un \u00edcono del pa\u00eds a nivel internacional: por dentro y por fuera. Su dise\u00f1o simb\u00f3lico integra y sugiere el paisaje de <a href=\"https:\/\/soymigrante.com\/revista\/tag\/volcanes-de-guatemala\/\">volcanes<\/a>, la <a href=\"https:\/\/soymigrante.com\/revista\/10-piezas-de-marimba-de-guatemala-para-bailar-y-recordar-tus-raices\/\">marimba<\/a> y un jaguar. Su dise\u00f1o exterior, de azules y blanco, est\u00e9ticamente hermoso y a la vez con sentido t\u00e9cnico, se integra a un interior elegante y a la vez deslumbrante.\u00a0<\/p>\n<p>En este recinto se presentar\u00e1 el cantautor guatemalteco <a href=\"https:\/\/soymigrante.com\/revista\/cronologia-ricardo-arjona\/\">Ricardo Arjona<\/a> (1964) en noviembre pr\u00f3ximo, a lo largo de 15 conciertos (para un aforo de 2062 personas cada uno) durante su residencia art\u00edstica para dar inicio a su gira Seco.\u00a0<\/p>\n<p>Si eres\u00a0\u00a0<a href=\"https:\/\/soymigrante.com\/revista\/tag\/departamentos-de-guatemala\/\">guatemalteco\u00a0<\/a>seguramente has estado alguna vez en el Gran Teatro. Si no, o eres de otra nacionalidad, aqu\u00ed eres bienvenido.\u00a0 Admira el interior del teatro en este recorrido virtual de Google Street: entra a la Gran Sala Efra\u00edn Recinos, experimenta la sensaci\u00f3n 360. Este monumento nacional es Patrimonio Cultural desde 2012 y forma parte del Gran Centro Cultural Miguel Angel Asturias, que incluye otras \u00e1reas.<\/p>\t\t\t\t\t\t\t\t<\/div>\n\t\t\t\t\t<\/div>\n\t\t\t\t<\/div>\n\t\t<div data-particle_enable=\"false\" data-particle-mobile-disabled=\"false\" class=\"elementor-element elementor-element-7e8ad03 e-flex e-con-boxed e-con e-parent\" data-id=\"7e8ad03\" data-element_type=\"container\" data-e-type=\"container\">\n\t\t\t\t\t<div class=\"e-con-inner\">\n\t\t\t\t<div class=\"elementor-element elementor-element-e60dbb5 elementor-widget elementor-widget-heading\" data-id=\"e60dbb5\" data-element_type=\"widget\" data-e-type=\"widget\" data-widget_type=\"heading.default\">\n\t\t\t\t\t<h4 class=\"elementor-heading-title elementor-size-default\">Recorrido Street View: entra en la Gran Sala Efra\u00edn Recinos<\/h4>\t\t\t\t<\/div>\n\t\t\t\t\t<\/div>\n\t\t\t\t<\/div>\n\t\t<div data-particle_enable=\"false\" data-particle-mobile-disabled=\"false\" class=\"elementor-element elementor-element-8d21fdb e-flex e-con-boxed e-con e-parent\" data-id=\"8d21fdb\" data-element_type=\"container\" data-e-type=\"container\">\n\t\t\t\t\t<div class=\"e-con-inner\">\n\t\t\t\t<div class=\"elementor-element elementor-element-4e8b9be elementor-widget elementor-widget-html\" data-id=\"4e8b9be\" data-element_type=\"widget\" data-e-type=\"widget\" data-widget_type=\"html.default\">\n\t\t\t\t\t<iframe src=\"https:\/\/www.google.com\/maps\/embed?pb=!4v1752705094711!6m8!1m7!1sk0Nw0oqDzE8AAAQ3ltvAlQ!2m2!1d14.62735458812159!2d-90.51752141222273!3f359.88742!4f10.112570000000005!5f0.7820865974627469\" width=\"600\" height=\"450\" style=\"border:0;\" allowfullscreen=\"\" loading=\"lazy\" referrerpolicy=\"no-referrer-when-downgrade\"><\/iframe>\t\t\t\t<\/div>\n\t\t\t\t\t<\/div>\n\t\t\t\t<\/div>\n\t\t<div data-particle_enable=\"false\" data-particle-mobile-disabled=\"false\" class=\"elementor-element elementor-element-7232321 e-flex e-con-boxed e-con e-parent\" data-id=\"7232321\" data-element_type=\"container\" data-e-type=\"container\">\n\t\t\t\t\t<div class=\"e-con-inner\">\n\t\t\t\t<div class=\"elementor-element elementor-element-4b556d0 elementor-widget elementor-widget-heading\" data-id=\"4b556d0\" data-element_type=\"widget\" data-e-type=\"widget\" data-widget_type=\"heading.default\">\n\t\t\t\t\t<h3 class=\"elementor-heading-title elementor-size-default\">Genialidad sobre cimientos de otro edificio<\/h3>\t\t\t\t<\/div>\n\t\t\t\t\t<\/div>\n\t\t\t\t<\/div>\n\t\t<div data-particle_enable=\"false\" data-particle-mobile-disabled=\"false\" class=\"elementor-element elementor-element-1d95214 e-flex e-con-boxed e-con e-parent\" data-id=\"1d95214\" data-element_type=\"container\" data-e-type=\"container\">\n\t\t\t\t\t<div class=\"e-con-inner\">\n\t\t\t\t<div class=\"elementor-element elementor-element-7b6556f elementor-widget elementor-widget-text-editor\" data-id=\"7b6556f\" data-element_type=\"widget\" data-e-type=\"widget\" data-widget_type=\"text-editor.default\">\n\t\t\t\t\t\t\t\t\t<p>La obra de un gran Teatro Nacional fue iniciada en 1961, durante el gobierno del general Miguel Yd\u00edgoras Fuentes.\u00a0 El proyecto fue encomendado al arquitecto Marco Vinicio Asturias. Se interrumpi\u00f3 por la ca\u00edda del r\u00e9gimen en 1963. Luego se prosigui\u00f3 pero el Arquitecto Asturias muri\u00f3 en 1965.<\/p>\n<p>El ingeniero Efra\u00edn Recinos, quien hab\u00eda construido el Teatro al Aire Libre, fue designado para continuar la obra. Recinos retom\u00f3 y redise\u00f1\u00f3 el proyecto, con su particular visi\u00f3n y estilo art\u00edstico.\u00a0<\/p>\n<p>Recinos se hizo cargo no solo de la Gran Sala sino de todo el complejo del Centro Cultural Miguel Angel Asturias. Hasta en el suelo, las bancas y las fuentes est\u00e1 su estilo presente.<\/p>\t\t\t\t\t\t\t\t<\/div>\n\t\t\t\t\t<\/div>\n\t\t\t\t<\/div>\n\t\t<div data-particle_enable=\"false\" data-particle-mobile-disabled=\"false\" class=\"elementor-element elementor-element-3898d90 e-flex e-con-boxed e-con e-parent\" data-id=\"3898d90\" data-element_type=\"container\" data-e-type=\"container\">\n\t\t\t\t\t<div class=\"e-con-inner\">\n\t\t\t\t<div class=\"elementor-element elementor-element-94880cd elementor-widget elementor-widget-heading\" data-id=\"94880cd\" data-element_type=\"widget\" data-e-type=\"widget\" data-widget_type=\"heading.default\">\n\t\t\t\t\t<h4 class=\"elementor-heading-title elementor-size-default\">Imagen de 360 grados. Puedes girarla<\/h4>\t\t\t\t<\/div>\n\t\t\t\t\t<\/div>\n\t\t\t\t<\/div>\n\t\t<div data-particle_enable=\"false\" data-particle-mobile-disabled=\"false\" class=\"elementor-element elementor-element-d831096 e-flex e-con-boxed e-con e-parent\" data-id=\"d831096\" data-element_type=\"container\" data-e-type=\"container\">\n\t\t\t\t\t<div class=\"e-con-inner\">\n\t\t\t\t<div class=\"elementor-element elementor-element-979b276 elementor-widget elementor-widget-html\" data-id=\"979b276\" data-element_type=\"widget\" data-e-type=\"widget\" data-widget_type=\"html.default\">\n\t\t\t\t\t<iframe src=\"https:\/\/www.google.com\/maps\/embed?pb=!4v1752705940809!6m8!1m7!1sCAoSFkNJSE0wb2dLRUlDQWdJRDQ5TkdUTFE.!2m2!1d14.6275976842736!2d-90.51739120080649!3f204.0246054852701!4f12.976713895980026!5f0.7820865974627469\" width=\"600\" height=\"450\" style=\"border:0;\" allowfullscreen=\"\" loading=\"lazy\" referrerpolicy=\"no-referrer-when-downgrade\"><\/iframe>\t\t\t\t<\/div>\n\t\t\t\t\t<\/div>\n\t\t\t\t<\/div>\n\t\t<div data-particle_enable=\"false\" data-particle-mobile-disabled=\"false\" class=\"elementor-element elementor-element-ac21cb0 e-flex e-con-boxed e-con e-parent\" data-id=\"ac21cb0\" data-element_type=\"container\" data-e-type=\"container\">\n\t\t\t\t\t<div class=\"e-con-inner\">\n\t\t\t\t<div class=\"elementor-element elementor-element-2702957 elementor-widget elementor-widget-text-editor\" data-id=\"2702957\" data-element_type=\"widget\" data-e-type=\"widget\" data-widget_type=\"text-editor.default\">\n\t\t\t\t\t\t\t\t\t<p>Alej\u00e1ndose del dise\u00f1o vertical original: Recinos lo transform\u00f3 en formas inspiradas en pir\u00e1mides mayas, integradas con el paisaje y los volcanes cercanos, con variaciones de azul por fuera.\u00a0<\/p>\n<p style=\"box-sizing: border-box; margin: 0px 0px 1.25em; padding: 0px; border: none; outline: 0px; font-style: normal; font-variant-ligatures: normal; font-variant-caps: normal; font-variant-numeric: inherit; font-variant-east-asian: inherit; font-variant-alternates: inherit; font-variant-position: inherit; font-variant-emoji: inherit; font-weight: 400; font-stretch: inherit; font-size: 16px; line-height: inherit; font-family: Roboto, sans-serif; font-optical-sizing: inherit; font-size-adjust: inherit; font-kerning: inherit; font-feature-settings: inherit; font-variation-settings: inherit; vertical-align: baseline; text-rendering: optimizelegibility; color: #7a7a7a; letter-spacing: normal; orphans: 2; text-align: start; text-indent: 0px; text-transform: none; widows: 2; word-spacing: 0px; -webkit-text-stroke-width: 0px; white-space: normal; background-color: #ffffff; text-decoration-thickness: initial; text-decoration-style: initial; text-decoration-color: initial;\">\u00a0<\/p>\n<p style=\"box-sizing: border-box; margin: 0px 0px 1.25em; padding: 0px; border: none; outline: 0px; font-style: normal; font-variant-ligatures: normal; font-variant-caps: normal; font-variant-numeric: inherit; font-variant-east-asian: inherit; font-variant-alternates: inherit; font-variant-position: inherit; font-variant-emoji: inherit; font-weight: 400; font-stretch: inherit; font-size: 16px; line-height: inherit; font-family: Roboto, sans-serif; font-optical-sizing: inherit; font-size-adjust: inherit; font-kerning: inherit; font-feature-settings: inherit; font-variation-settings: inherit; vertical-align: baseline; text-rendering: optimizelegibility; color: #7a7a7a; letter-spacing: normal; orphans: 2; text-align: start; text-indent: 0px; text-transform: none; widows: 2; word-spacing: 0px; -webkit-text-stroke-width: 0px; white-space: normal; background-color: #ffffff; text-decoration-thickness: initial; text-decoration-style: initial; text-decoration-color: initial;\">Su estructura lateral evoca un jaguar recostado y se mimetiza con el entorno. Tambi\u00e9n hay alusiones a la marimba, en el frontispicio ingreso. Pero as formas inclinadas no solo tienen valor est\u00e9tico y simb\u00f3lico, sino que dispersan el ruido de los aviones que despegan del cercano Aeropuerto La Aurora.<\/p>\t\t\t\t\t\t\t\t<\/div>\n\t\t\t\t\t<\/div>\n\t\t\t\t<\/div>\n\t\t<div data-particle_enable=\"false\" data-particle-mobile-disabled=\"false\" class=\"elementor-element elementor-element-1483e20 e-flex e-con-boxed e-con e-parent\" data-id=\"1483e20\" data-element_type=\"container\" data-e-type=\"container\">\n\t\t\t\t\t<div class=\"e-con-inner\">\n\t\t\t\t<div class=\"elementor-element elementor-element-8b0e4e9 elementor-arrows-position-inside elementor-pagination-position-outside elementor-widget elementor-widget-image-carousel\" data-id=\"8b0e4e9\" data-element_type=\"widget\" data-e-type=\"widget\" data-settings=\"{&quot;slides_to_show&quot;:&quot;1&quot;,&quot;navigation&quot;:&quot;both&quot;,&quot;autoplay&quot;:&quot;yes&quot;,&quot;pause_on_hover&quot;:&quot;yes&quot;,&quot;pause_on_interaction&quot;:&quot;yes&quot;,&quot;autoplay_speed&quot;:5000,&quot;infinite&quot;:&quot;yes&quot;,&quot;effect&quot;:&quot;slide&quot;,&quot;speed&quot;:500}\" data-widget_type=\"image-carousel.default\">\n\t\t\t\t\t\t\t<div class=\"elementor-image-carousel-wrapper swiper\" role=\"region\" aria-roledescription=\"carousel\" aria-label=\"Carrusel de im\u00e1genes\" dir=\"ltr\">\n\t\t\t<div class=\"elementor-image-carousel swiper-wrapper\" aria-live=\"off\">\n\t\t\t\t\t\t\t\t<div class=\"swiper-slide\" role=\"group\" aria-roledescription=\"slide\" aria-label=\"1 de 7\"><figure class=\"swiper-slide-inner\"><img decoding=\"async\" class=\"swiper-slide-image\" src=\"https:\/\/soymigrante.com\/revista\/wp-content\/uploads\/2025\/07\/teatro-nacional-de-guatemala-centro-cultural-miguel-angel-asturias-1.png\" alt=\"Teatro nacional de Guatemala, centroam\u00e9rica, edificio moderno, arquitectura innovadora, cultura centroamericana, teatro, centro cultural.\" \/><figcaption class=\"elementor-image-carousel-caption\">Im\u00e1genes del Teatro Nacional en Guatemala, centroam\u00e9rica, destacando su arquitectura moderna y su importancia cultural en la regi\u00f3n.<\/figcaption><\/figure><\/div><div class=\"swiper-slide\" role=\"group\" aria-roledescription=\"slide\" aria-label=\"2 de 7\"><figure class=\"swiper-slide-inner\"><img decoding=\"async\" class=\"swiper-slide-image\" src=\"https:\/\/soymigrante.com\/revista\/wp-content\/uploads\/2025\/07\/teatro-nacional-de-guatemala-centro-cultural-miguel-angel-asturias-1-1.webp\" alt=\"As\u00ed luc\u00eda la colina que antes ocup\u00f3 el antiguo fuerte militar de San Jos\u00e9 Buena Vista, lugar donde hoy se encuentra el Centro Cultural Miguel Angel Asturias, del cual forma parte el Gran Teatro Nacional, cuya sala principal lleva el nombre de Efra\u00edn Recinos.\" \/><figcaption class=\"elementor-image-carousel-caption\">As\u00ed luc\u00eda la colina que antes ocup\u00f3 el antiguo fuerte militar de San Jos\u00e9 Buena Vista, lugar donde hoy se encuentra el Centro Cultural Miguel Angel Asturias, del cual forma parte el Gran Teatro Nacional, cuya sala principal lleva el nombre de Efra\u00edn Recinos.<\/figcaption><\/figure><\/div><div class=\"swiper-slide\" role=\"group\" aria-roledescription=\"slide\" aria-label=\"3 de 7\"><figure class=\"swiper-slide-inner\"><img decoding=\"async\" class=\"swiper-slide-image\" src=\"https:\/\/soymigrante.com\/revista\/wp-content\/uploads\/2025\/07\/teatro-nacional-de-guatemala-centro-cultural-miguel-angel-asturias-3.webp\" alt=\"Aspecto durante la construcci\u00f3n del Gran Teatro Nacional, cuyas obras se retomaron en 1971. La inauguraci\u00f3n fue en 1978.\" \/><figcaption class=\"elementor-image-carousel-caption\">Aspecto durante la construcci\u00f3n del Gran Teatro Nacional, cuyas obras se retomaron en 1971. La inauguraci\u00f3n fue en 1978.<\/figcaption><\/figure><\/div><div class=\"swiper-slide\" role=\"group\" aria-roledescription=\"slide\" aria-label=\"4 de 7\"><figure class=\"swiper-slide-inner\"><img decoding=\"async\" class=\"swiper-slide-image\" src=\"https:\/\/soymigrante.com\/revista\/wp-content\/uploads\/2025\/07\/teatro-nacional-de-guatemala-centro-cultural-miguel-angel-asturias-2-2.webp\" alt=\"As\u00ed luc\u00eda el Teatro Nacional en 1978 cuando fue inaugurado.\" \/><figcaption class=\"elementor-image-carousel-caption\">As\u00ed luc\u00eda el Teatro Nacional en 1978 cuando fue inaugurado.<\/figcaption><\/figure><\/div><div class=\"swiper-slide\" role=\"group\" aria-roledescription=\"slide\" aria-label=\"5 de 7\"><figure class=\"swiper-slide-inner\"><img decoding=\"async\" class=\"swiper-slide-image\" src=\"https:\/\/soymigrante.com\/revista\/wp-content\/uploads\/2025\/07\/teatro-nacional.webp\" alt=\"Cada detalle habla de arte y cultura. Los mosaicos venecianos que recubren cada rinc\u00f3n de la Gran Sala, en blanco o tonos de azul.\" \/><figcaption class=\"elementor-image-carousel-caption\">Cada detalle habla de arte y cultura. Los mosaicos venecianos que recubren cada rinc\u00f3n de la Gran Sala, en blanco o tonos de azul.<\/figcaption><\/figure><\/div><div class=\"swiper-slide\" role=\"group\" aria-roledescription=\"slide\" aria-label=\"6 de 7\"><figure class=\"swiper-slide-inner\"><img decoding=\"async\" class=\"swiper-slide-image\" src=\"https:\/\/soymigrante.com\/revista\/wp-content\/uploads\/2025\/07\/54069770658_caa5d6548b_k-1024x683.jpg\" alt=\"En el frontispicio de entrada, las formas se asemejan a una marimba.\" \/><figcaption class=\"elementor-image-carousel-caption\">En el frontispicio de entrada, las formas se asemejan a una marimba.<\/figcaption><\/figure><\/div><div class=\"swiper-slide\" role=\"group\" aria-roledescription=\"slide\" aria-label=\"7 de 7\"><figure class=\"swiper-slide-inner\"><img decoding=\"async\" class=\"swiper-slide-image\" src=\"https:\/\/soymigrante.com\/revista\/wp-content\/uploads\/2025\/07\/Captura-de-pantalla-2025-07-16-230714.png\" alt=\"El maestro Efra\u00edn Recinos (1928-2011) durante una conferencia en la que explicaba el cambio del dise\u00f1o. En azul est\u00e1 marcada la antigua forma que iba a tener el Teatro Nacional y en blanco la soluci\u00f3n que le dio por razones est\u00e9ticas y tambi\u00e9n ac\u00fasticas. (Foto Fundaci\u00f3n Paiz)\" \/><figcaption class=\"elementor-image-carousel-caption\">El maestro Efra\u00edn Recinos (1928-2011) durante una conferencia en la que explicaba el cambio del dise\u00f1o. En azul est\u00e1 marcada la antigua forma que iba a tener el Teatro Nacional y en blanco la soluci\u00f3n  que le dio por razones est\u00e9ticas y tambi\u00e9n ac\u00fasticas. (Foto Fundaci\u00f3n Paiz)<\/figcaption><\/figure><\/div>\t\t\t<\/div>\n\t\t\t\t\t\t\t\t\t\t\t\t<div class=\"elementor-swiper-button elementor-swiper-button-prev\" role=\"button\" tabindex=\"0\">\n\t\t\t\t\t\t<i aria-hidden=\"true\" class=\"eicon-chevron-left\"><\/i>\t\t\t\t\t<\/div>\n\t\t\t\t\t<div class=\"elementor-swiper-button elementor-swiper-button-next\" role=\"button\" tabindex=\"0\">\n\t\t\t\t\t\t<i aria-hidden=\"true\" class=\"eicon-chevron-right\"><\/i>\t\t\t\t\t<\/div>\n\t\t\t\t\n\t\t\t\t\t\t\t\t\t<div class=\"swiper-pagination\"><\/div>\n\t\t\t\t\t\t\t\t\t<\/div>\n\t\t\t\t\t\t<\/div>\n\t\t\t\t\t<\/div>\n\t\t\t\t<\/div>\n\t\t<div data-particle_enable=\"false\" data-particle-mobile-disabled=\"false\" class=\"elementor-element elementor-element-fe7a452 e-flex e-con-boxed e-con e-parent\" data-id=\"fe7a452\" data-element_type=\"container\" data-e-type=\"container\">\n\t\t\t\t\t<div class=\"e-con-inner\">\n\t\t\t\t<div class=\"elementor-element elementor-element-b067c04 elementor-widget elementor-widget-text-editor\" data-id=\"b067c04\" data-element_type=\"widget\" data-e-type=\"widget\" data-widget_type=\"text-editor.default\">\n\t\t\t\t\t\t\t\t\t<p>La Gran Sala Efra\u00edn Recinos ser\u00e1 el sitio donde, al igual que muchos artistas, se presentar\u00e1 Ricardo Arjona, sobre un escenario de 21 x 23 metros,\u00a0 con capacidad para 100 m\u00fasicos sinf\u00f3nicos.\u00a0<\/p>\n<p>En total hay 2,062 butacas distribuidas entre Platea, Primer y Segundo Balc\u00f3n, Palcos laterales.<\/p>\n<p>Tambi\u00e9n hay palcos especiales: para el director del teatro, invitados preferenciales, prensa, presidente y vicepresidente de la Rep\u00fablica.<\/p>\n<p>\u00a0<\/p>\n<p>La ac\u00fastica de la Gran Sala es casi perfecta, gracias a materiales usados por Recinos como\u00a0 madera, papel con aluminio, y techo de aluminio corrugado.\u00a0<\/p>\t\t\t\t\t\t\t\t<\/div>\n\t\t\t\t\t<\/div>\n\t\t\t\t<\/div>\n\t\t<div data-particle_enable=\"false\" data-particle-mobile-disabled=\"false\" class=\"elementor-element elementor-element-643b882 e-flex e-con-boxed e-con e-parent\" data-id=\"643b882\" data-element_type=\"container\" data-e-type=\"container\">\n\t\t\t\t\t<div class=\"e-con-inner\">\n\t\t\t\t<div class=\"elementor-element elementor-element-ff75945 elementor-widget elementor-widget-heading\" data-id=\"ff75945\" data-element_type=\"widget\" data-e-type=\"widget\" data-widget_type=\"heading.default\">\n\t\t\t\t\t<h4 class=\"elementor-heading-title elementor-size-default\">Imagen de 360 grados. Puedes girarla<\/h4>\t\t\t\t<\/div>\n\t\t\t\t\t<\/div>\n\t\t\t\t<\/div>\n\t\t<div data-particle_enable=\"false\" data-particle-mobile-disabled=\"false\" class=\"elementor-element elementor-element-3eff2a6 e-flex e-con-boxed e-con e-parent\" data-id=\"3eff2a6\" data-element_type=\"container\" data-e-type=\"container\">\n\t\t\t\t\t<div class=\"e-con-inner\">\n\t\t\t\t<div class=\"elementor-element elementor-element-f36881a elementor-widget elementor-widget-html\" data-id=\"f36881a\" data-element_type=\"widget\" data-e-type=\"widget\" data-widget_type=\"html.default\">\n\t\t\t\t\t<iframe src=\"https:\/\/www.google.com\/maps\/embed?pb=!4v1752728484703!6m8!1m7!1sCAoSF0NJSE0wb2dLRUlDQWdJRHE3ZVBKMHdF!2m2!1d14.62719927395862!2d-90.51765292186045!3f181.47347628890688!4f-10.469237889352627!5f0.7820865974627469\" width=\"600\" height=\"450\" style=\"border:0;\" allowfullscreen=\"\" loading=\"lazy\" referrerpolicy=\"no-referrer-when-downgrade\"><\/iframe>\t\t\t\t<\/div>\n\t\t\t\t\t<\/div>\n\t\t\t\t<\/div>\n\t\t<div data-particle_enable=\"false\" data-particle-mobile-disabled=\"false\" class=\"elementor-element elementor-element-74717b6 e-flex e-con-boxed e-con e-parent\" data-id=\"74717b6\" data-element_type=\"container\" data-e-type=\"container\">\n\t\t\t\t\t<div class=\"e-con-inner\">\n\t\t\t\t<div class=\"elementor-element elementor-element-75e48d3 elementor-widget elementor-widget-text-editor\" data-id=\"75e48d3\" data-element_type=\"widget\" data-e-type=\"widget\" data-widget_type=\"text-editor.default\">\n\t\t\t\t\t\t\t\t\t<p>En cualquier direcci\u00f3n que se camine en el Centro Cultural Miguel \u00c1ngel Asturias est\u00e1 la huella del maestro Recinos. Suelo, paredes, miradores tienen figuras y formas elaboradas en mosaicos de piedra o venecianos.\u00a0<\/p>\n<p>El Gran Teatro Nacional o m\u00e1s bien la Gran Sala Efra\u00edn Recinos no es el \u00fanico componente del Centro Cultural Miguel Angel Asturias. Adem\u00e1s est\u00e1n: El Teatro de C\u00e1mara, la sala Tras Bastidores, el Sal\u00f3n Dorado, las Terrazas, el taller del maestro Efra\u00edn Recinos hoy convertido en Museo.<\/p>\t\t\t\t\t\t\t\t<\/div>\n\t\t\t\t\t<\/div>\n\t\t\t\t<\/div>\n\t\t<div data-particle_enable=\"false\" data-particle-mobile-disabled=\"false\" class=\"elementor-element elementor-element-96c428c e-flex e-con-boxed e-con e-parent\" data-id=\"96c428c\" data-element_type=\"container\" data-e-type=\"container\">\n\t\t\t\t\t<div class=\"e-con-inner\">\n\t\t\t\t<div class=\"elementor-element elementor-element-4d9c3d1 elementor-widget elementor-widget-heading\" data-id=\"4d9c3d1\" data-element_type=\"widget\" data-e-type=\"widget\" data-widget_type=\"heading.default\">\n\t\t\t\t\t<h4 class=\"elementor-heading-title elementor-size-default\">Imagen de 360 grados. Puedes girarla<\/h4>\t\t\t\t<\/div>\n\t\t\t\t\t<\/div>\n\t\t\t\t<\/div>\n\t\t<div data-particle_enable=\"false\" data-particle-mobile-disabled=\"false\" class=\"elementor-element elementor-element-49d6a6e e-flex e-con-boxed e-con e-parent\" data-id=\"49d6a6e\" data-element_type=\"container\" data-e-type=\"container\">\n\t\t\t\t\t<div class=\"e-con-inner\">\n\t\t\t\t<div class=\"elementor-element elementor-element-a7cfc21 elementor-widget elementor-widget-html\" data-id=\"a7cfc21\" data-element_type=\"widget\" data-e-type=\"widget\" data-widget_type=\"html.default\">\n\t\t\t\t\t <iframe src=\"https:\/\/www.google.com\/maps\/embed?pb=!4v1752706123390!6m8!1m7!1sCAoSFkNJSE0wb2dLRUlDQWdJRHE3Y1BUYVE.!2m2!1d14.62668027519761!2d-90.51750540614525!3f320.85929233955704!4f-12.98929175280422!5f0.7820865974627469\" width=\"600\" height=\"450\" style=\"border:0;\" allowfullscreen=\"\" loading=\"lazy\" referrerpolicy=\"no-referrer-when-downgrade\"><\/iframe>\t\t\t\t<\/div>\n\t\t\t\t\t<\/div>\n\t\t\t\t<\/div>\n\t\t<div data-particle_enable=\"false\" data-particle-mobile-disabled=\"false\" class=\"elementor-element elementor-element-d327216 e-flex e-con-boxed e-con e-parent\" data-id=\"d327216\" data-element_type=\"container\" data-e-type=\"container\">\n\t\t\t\t\t<div class=\"e-con-inner\">\n\t\t\t\t<div class=\"elementor-element elementor-element-1b17230 elementor-widget elementor-widget-heading\" data-id=\"1b17230\" data-element_type=\"widget\" data-e-type=\"widget\" data-widget_type=\"heading.default\">\n\t\t\t\t\t<h3 class=\"elementor-heading-title elementor-size-default\">Detalles interiores del Gran Teatro Nacional<\/h3>\t\t\t\t<\/div>\n\t\t\t\t\t<\/div>\n\t\t\t\t<\/div>\n\t\t<div data-particle_enable=\"false\" data-particle-mobile-disabled=\"false\" class=\"elementor-element elementor-element-bbf0b98 e-flex e-con-boxed e-con e-parent\" data-id=\"bbf0b98\" data-element_type=\"container\" data-e-type=\"container\">\n\t\t\t\t\t<div class=\"e-con-inner\">\n\t\t\t\t<div class=\"elementor-element elementor-element-08aad08 elementor-widget elementor-widget-text-editor\" data-id=\"08aad08\" data-element_type=\"widget\" data-e-type=\"widget\" data-widget_type=\"text-editor.default\">\n\t\t\t\t\t\t\t\t\t<p>En 2023 se concluy\u00f3 un proceso de restauraci\u00f3n que permiti\u00f3 recuperar los mosaicos que le dan color al Centro Cultural, pero tambi\u00e9n sus \u00e1reas interiores. Se restauraron las fuentes, para que mantenga su esplendor. Fotograf\u00edas del Ministerio de Cultura y Deportes.<\/p>\t\t\t\t\t\t\t\t<\/div>\n\t\t\t\t\t<\/div>\n\t\t\t\t<\/div>\n\t\t<div data-particle_enable=\"false\" data-particle-mobile-disabled=\"false\" class=\"elementor-element elementor-element-06f1cb9 e-flex e-con-boxed e-con e-parent\" data-id=\"06f1cb9\" data-element_type=\"container\" data-e-type=\"container\">\n\t\t\t\t\t<div class=\"e-con-inner\">\n\t\t\t\t<div class=\"elementor-element elementor-element-512a37b elementor-arrows-position-inside elementor-pagination-position-outside elementor-widget elementor-widget-image-carousel\" data-id=\"512a37b\" data-element_type=\"widget\" data-e-type=\"widget\" data-settings=\"{&quot;slides_to_show&quot;:&quot;1&quot;,&quot;navigation&quot;:&quot;both&quot;,&quot;autoplay&quot;:&quot;yes&quot;,&quot;pause_on_hover&quot;:&quot;yes&quot;,&quot;pause_on_interaction&quot;:&quot;yes&quot;,&quot;autoplay_speed&quot;:5000,&quot;infinite&quot;:&quot;yes&quot;,&quot;effect&quot;:&quot;slide&quot;,&quot;speed&quot;:500}\" data-widget_type=\"image-carousel.default\">\n\t\t\t\t\t\t\t<div class=\"elementor-image-carousel-wrapper swiper\" role=\"region\" aria-roledescription=\"carousel\" aria-label=\"Carrusel de im\u00e1genes\" dir=\"ltr\">\n\t\t\t<div class=\"elementor-image-carousel swiper-wrapper\" aria-live=\"off\">\n\t\t\t\t\t\t\t\t<div class=\"swiper-slide\" role=\"group\" aria-roledescription=\"slide\" aria-label=\"1 de 6\"><figure class=\"swiper-slide-inner\"><img decoding=\"async\" class=\"swiper-slide-image\" src=\"https:\/\/soymigrante.com\/revista\/wp-content\/uploads\/2025\/07\/teatro-nacional-de-guatemala-donde-cantara-arjona-5-1024x655.png\" alt=\"Interior del teatro nacional de guatemala donde cantar\u00e1 arjona (5)\" \/><figcaption class=\"elementor-image-carousel-caption\">Interior del teatro nacional de guatemala donde cantar\u00e1 arjona (5)<\/figcaption><\/figure><\/div><div class=\"swiper-slide\" role=\"group\" aria-roledescription=\"slide\" aria-label=\"2 de 6\"><figure class=\"swiper-slide-inner\"><img decoding=\"async\" class=\"swiper-slide-image\" src=\"https:\/\/soymigrante.com\/revista\/wp-content\/uploads\/2025\/07\/54069517536_069df85199_6k-1024x683.jpg\" alt=\"teatro nacional de guatemala donde cantar\u00e1 arjona\" \/><figcaption class=\"elementor-image-carousel-caption\">teatro nacional de guatemala donde cantar\u00e1 arjona<\/figcaption><\/figure><\/div><div class=\"swiper-slide\" role=\"group\" aria-roledescription=\"slide\" aria-label=\"3 de 6\"><figure class=\"swiper-slide-inner\"><img decoding=\"async\" class=\"swiper-slide-image\" src=\"https:\/\/soymigrante.com\/revista\/wp-content\/uploads\/2025\/07\/54069517386_8b57c83f0b_6k-1-1024x683.jpg\" alt=\"L\u00e1mpara moderna de techo con estructura geom\u00e9trica y luces LED en interior elegante. teatro nacional de guatemala donde cantar\u00e1 arjona\" \/><figcaption class=\"elementor-image-carousel-caption\">L\u00e1mpara moderna de techo con estructura geom\u00e9trica y luces LED en interior elegante. teatro nacional de guatemala donde cantar\u00e1 arjona<\/figcaption><\/figure><\/div><div class=\"swiper-slide\" role=\"group\" aria-roledescription=\"slide\" aria-label=\"4 de 6\"><figure class=\"swiper-slide-inner\"><img decoding=\"async\" class=\"swiper-slide-image\" src=\"https:\/\/soymigrante.com\/revista\/wp-content\/uploads\/2025\/07\/54069770828_97c57cbc3d_k-1024x683.jpg\" alt=\"Modernidad y comodidad en el dise\u00f1o de asientos L\u00e1mpara moderna de techo con estructura geom\u00e9trica y luces LED en interior elegante del teatro nacional de guatemala donde cantar\u00e1 arjona\" \/><figcaption class=\"elementor-image-carousel-caption\">Modernidad y comodidad en el dise\u00f1o de asientos L\u00e1mpara moderna de techo con estructura geom\u00e9trica y luces LED en interior elegante del teatro nacional de guatemala donde cantar\u00e1 arjona<\/figcaption><\/figure><\/div><div class=\"swiper-slide\" role=\"group\" aria-roledescription=\"slide\" aria-label=\"5 de 6\"><figure class=\"swiper-slide-inner\"><img decoding=\"async\" class=\"swiper-slide-image\" src=\"https:\/\/soymigrante.com\/revista\/wp-content\/uploads\/2025\/07\/54069850144_0f55050c82_6k-1024x683.jpg\" alt=\"Modernidad y comodidad en el dise\u00f1o de asientos L\u00e1mpara moderna de techo con estructura geom\u00e9trica y luces LED en interior elegante del teatro nacional de guatemala donde cantar\u00e1 arjona\" \/><figcaption class=\"elementor-image-carousel-caption\">Modernidad y comodidad en el dise\u00f1o de asientos L\u00e1mpara moderna de techo con estructura geom\u00e9trica y luces LED en interior elegante del teatro nacional de guatemala donde cantar\u00e1 arjona<\/figcaption><\/figure><\/div><div class=\"swiper-slide\" role=\"group\" aria-roledescription=\"slide\" aria-label=\"6 de 6\"><figure class=\"swiper-slide-inner\"><img decoding=\"async\" class=\"swiper-slide-image\" src=\"https:\/\/soymigrante.com\/revista\/wp-content\/uploads\/2025\/07\/54069770678_3fe67df6a7_k-1024x683.jpg\" alt=\"Innovador edificio cultural en Ciudad Guatemala. Teatro nacional donde cantara ricardo arjona\" \/><figcaption class=\"elementor-image-carousel-caption\">Innovador edificio cultural en Ciudad Guatemala. Teatro nacional donde cantara ricardo arjona<\/figcaption><\/figure><\/div>\t\t\t<\/div>\n\t\t\t\t\t\t\t\t\t\t\t\t<div class=\"elementor-swiper-button elementor-swiper-button-prev\" role=\"button\" tabindex=\"0\">\n\t\t\t\t\t\t<i aria-hidden=\"true\" class=\"eicon-chevron-left\"><\/i>\t\t\t\t\t<\/div>\n\t\t\t\t\t<div class=\"elementor-swiper-button elementor-swiper-button-next\" role=\"button\" tabindex=\"0\">\n\t\t\t\t\t\t<i aria-hidden=\"true\" class=\"eicon-chevron-right\"><\/i>\t\t\t\t\t<\/div>\n\t\t\t\t\n\t\t\t\t\t\t\t\t\t<div class=\"swiper-pagination\"><\/div>\n\t\t\t\t\t\t\t\t\t<\/div>\n\t\t\t\t\t\t<\/div>\n\t\t\t\t\t<\/div>\n\t\t\t\t<\/div>\n\t\t<div data-particle_enable=\"false\" data-particle-mobile-disabled=\"false\" class=\"elementor-element elementor-element-5282aa5 e-flex e-con-boxed e-con e-parent\" data-id=\"5282aa5\" data-element_type=\"container\" data-e-type=\"container\">\n\t\t\t\t\t<div class=\"e-con-inner\">\n\t\t\t\t<div class=\"elementor-element elementor-element-0b70e21 elementor-widget elementor-widget-text-editor\" data-id=\"0b70e21\" data-element_type=\"widget\" data-e-type=\"widget\" data-widget_type=\"text-editor.default\">\n\t\t\t\t\t\t\t\t\t<p>La residencia musical de Ricardo Arjona ser\u00e1 una serie de conciertos los d\u00edas 31 de octubre, 1, 2, 6, 7, 8, 9, 13, 14, 15, 16, 20, 21, 22 y 23 de noviembre. En total quince presentaciones, despu\u00e9s de m\u00e1s de dos d\u00e9cadas de no actuar en este recinto.\u00a0<\/p>\t\t\t\t\t\t\t\t<\/div>\n\t\t\t\t\t<\/div>\n\t\t\t\t<\/div>\n\t\t<div data-particle_enable=\"false\" data-particle-mobile-disabled=\"false\" class=\"elementor-element elementor-element-379ce8d e-flex e-con-boxed e-con e-parent\" data-id=\"379ce8d\" data-element_type=\"container\" data-e-type=\"container\">\n\t\t\t\t\t<div class=\"e-con-inner\">\n\t\t\t\t<div class=\"elementor-element elementor-element-7e7e089 elementor-widget elementor-widget-heading\" data-id=\"7e7e089\" data-element_type=\"widget\" data-e-type=\"widget\" data-widget_type=\"heading.default\">\n\t\t\t\t\t<h2 class=\"elementor-heading-title elementor-size-default\">Guatemala es inspiraci\u00f3n y riqueza cultural<\/h2>\t\t\t\t<\/div>\n\t\t\t\t<div class=\"elementor-element elementor-element-dae5c0f elementor-grid-eael-col-3 elementor-grid-tablet-eael-col-2 elementor-grid-mobile-eael-col-1 elementor-invisible elementor-widget elementor-widget-eael-post-grid\" data-id=\"dae5c0f\" data-element_type=\"widget\" data-e-type=\"widget\" data-settings=\"{&quot;eael_post_grid_columns&quot;:&quot;eael-col-3&quot;,&quot;_animation&quot;:&quot;rollIn&quot;,&quot;eael_post_grid_columns_tablet&quot;:&quot;eael-col-2&quot;,&quot;eael_post_grid_columns_mobile&quot;:&quot;eael-col-1&quot;}\" data-widget_type=\"eael-post-grid.default\">\n\t\t\t\t\t<div id=\"eael-post-grid-dae5c0f\" class=\"eael-post-grid-container\">\n            <div class=\"eael-post-grid eael-post-appender eael-post-appender-dae5c0f eael-post-grid-style-one\" data-layout-mode=\"masonry\"><article class=\"eael-grid-post  eael-post-grid-column eael-pg-post-23843 category-exitos\" data-id=\"23843\">\n        <div class=\"eael-grid-post-holder\">\n            <div class=\"eael-grid-post-holder-inner\"><div class=\"eael-entry-media\"><div class=\"eael-entry-overlay fade-in\"><i class=\"far fa-hand-pointer\" aria-hidden=\"true\"><\/i><a href=\"https:\/\/soymigrante.com\/revista\/gian-villatoro-pastor-consejero-doctor-guatemalteco-en-texas\/\"><\/a><\/div><div class=\"eael-entry-thumbnail \">\n                <img fetchpriority=\"high\" decoding=\"async\" width=\"960\" height=\"958\" src=\"https:\/\/soymigrante.com\/revista\/wp-content\/uploads\/2025\/02\/PASTOR-GIAN-VILLATORO-copia.webp\" class=\"attachment-large size-large wp-image-23844\" alt=\"Hombre sonriendo con su\u00e9ter gris claro en un entorno al aire libre.\" srcset=\"https:\/\/soymigrante.com\/revista\/wp-content\/uploads\/2025\/02\/PASTOR-GIAN-VILLATORO-copia.webp 960w, https:\/\/soymigrante.com\/revista\/wp-content\/uploads\/2025\/02\/PASTOR-GIAN-VILLATORO-copia-300x300.jpg 300w, https:\/\/soymigrante.com\/revista\/wp-content\/uploads\/2025\/02\/PASTOR-GIAN-VILLATORO-copia-150x150.jpg 150w, https:\/\/soymigrante.com\/revista\/wp-content\/uploads\/2025\/02\/PASTOR-GIAN-VILLATORO-copia-768x766.jpg 768w, https:\/\/soymigrante.com\/revista\/wp-content\/uploads\/2025\/02\/PASTOR-GIAN-VILLATORO-copia-75x75.webp 75w, https:\/\/soymigrante.com\/revista\/wp-content\/uploads\/2025\/02\/PASTOR-GIAN-VILLATORO-copia-750x748.webp 750w\" sizes=\"(max-width: 960px) 100vw, 960px\" \/>\n            <\/div>\n        <\/div><div class=\"eael-entry-wrapper\"><header class=\"eael-entry-header\"><h2 class=\"eael-entry-title\"><a class=\"eael-grid-post-link\" href=\"https:\/\/soymigrante.com\/revista\/gian-villatoro-pastor-consejero-doctor-guatemalteco-en-texas\/\" title=\"&#8220;Guatemala puede cambiar&#8221;: Gian Carlo Villatoro, ingeniero, pastor, cantante y consejero familiar, en Texas\">&#8220;Guatemala puede cambiar&#8221;: Gian Carlo Villatoro, ingeniero, pastor, cantante y consejero familiar, en Texas<\/a><\/h2><\/header><div class=\"eael-entry-content\">\n                        <div class=\"eael-grid-post-excerpt\"><a href=\"https:\/\/soymigrante.com\/revista\/gian-villatoro-pastor-consejero-doctor-guatemalteco-en-texas\/\" class=\"eael-post-elements-readmore-btn\">CONOCE SU HISTORIA <\/a><\/div>\n                    <\/div><\/div><\/div>\n        <\/div>\n    <\/article><article class=\"eael-grid-post  eael-post-grid-column eael-pg-post-5234 category-estamos-unidos tags-dia-internacional-de-la-mujer\" data-id=\"5234\">\n        <div class=\"eael-grid-post-holder\">\n            <div class=\"eael-grid-post-holder-inner\"><div class=\"eael-entry-media\"><div class=\"eael-entry-overlay fade-in\"><i class=\"far fa-hand-pointer\" aria-hidden=\"true\"><\/i><a href=\"https:\/\/soymigrante.com\/revista\/cantautora-maya-gira-estados-unidos-migrantes\/\"><\/a><\/div><div class=\"eael-entry-thumbnail \">\n                <img decoding=\"async\" width=\"1024\" height=\"1024\" src=\"https:\/\/soymigrante.com\/revista\/wp-content\/uploads\/2024\/03\/BANNER-Chumilkaj-Curruchiche-Nicho-3-1024x1024.webp\" class=\"attachment-large size-large wp-image-5235\" alt=\"Cantautora Ch&#039;umilkaj Nicho reivindica con su m\u00fasica el idioma kaqchikel el cual se habla en varios pobladores de departamentos del centro de Guatemala.\" srcset=\"https:\/\/soymigrante.com\/revista\/wp-content\/uploads\/2024\/03\/BANNER-Chumilkaj-Curruchiche-Nicho-3-1024x1024.webp 1024w, https:\/\/soymigrante.com\/revista\/wp-content\/uploads\/2024\/03\/BANNER-Chumilkaj-Curruchiche-Nicho-3-300x300.webp 300w, https:\/\/soymigrante.com\/revista\/wp-content\/uploads\/2024\/03\/BANNER-Chumilkaj-Curruchiche-Nicho-3-150x150.webp 150w, https:\/\/soymigrante.com\/revista\/wp-content\/uploads\/2024\/03\/BANNER-Chumilkaj-Curruchiche-Nicho-3-768x768.webp 768w, https:\/\/soymigrante.com\/revista\/wp-content\/uploads\/2024\/03\/BANNER-Chumilkaj-Curruchiche-Nicho-3-75x75.webp 75w, https:\/\/soymigrante.com\/revista\/wp-content\/uploads\/2024\/03\/BANNER-Chumilkaj-Curruchiche-Nicho-3-750x750.webp 750w, https:\/\/soymigrante.com\/revista\/wp-content\/uploads\/2024\/03\/BANNER-Chumilkaj-Curruchiche-Nicho-3-1140x1140.webp 1140w, https:\/\/soymigrante.com\/revista\/wp-content\/uploads\/2024\/03\/BANNER-Chumilkaj-Curruchiche-Nicho-3-600x600.webp 600w, https:\/\/soymigrante.com\/revista\/wp-content\/uploads\/2024\/03\/BANNER-Chumilkaj-Curruchiche-Nicho-3.webp 1221w\" sizes=\"(max-width: 1024px) 100vw, 1024px\" \/>\n            <\/div>\n        <\/div><div class=\"eael-entry-wrapper\"><header class=\"eael-entry-header\"><h2 class=\"eael-entry-title\"><a class=\"eael-grid-post-link\" href=\"https:\/\/soymigrante.com\/revista\/cantautora-maya-gira-estados-unidos-migrantes\/\" title=\"Artista maya Ch&#8217;umilkaj Nicho le canta a las migrantes en gira por EE.UU.\">Artista maya Ch&#8217;umilkaj Nicho le canta a las migrantes en gira por EE.UU.<\/a><\/h2><\/header><div class=\"eael-entry-content\">\n                        <div class=\"eael-grid-post-excerpt\"><a href=\"https:\/\/soymigrante.com\/revista\/cantautora-maya-gira-estados-unidos-migrantes\/\" class=\"eael-post-elements-readmore-btn\">CONOCE SU HISTORIA <\/a><\/div>\n                    <\/div><\/div><\/div>\n        <\/div>\n    <\/article><article class=\"eael-grid-post  eael-post-grid-column eael-pg-post-235 category-exitos\" data-id=\"235\">\n        <div class=\"eael-grid-post-holder\">\n            <div class=\"eael-grid-post-holder-inner\"><div class=\"eael-entry-media\"><div class=\"eael-entry-overlay fade-in\"><i class=\"far fa-hand-pointer\" aria-hidden=\"true\"><\/i><a href=\"https:\/\/soymigrante.com\/revista\/cronologia-ricardo-arjona\/\"><\/a><\/div><div class=\"eael-entry-thumbnail \">\n                <img decoding=\"async\" width=\"1024\" height=\"576\" src=\"https:\/\/soymigrante.com\/revista\/wp-content\/uploads\/2023\/02\/1-EXITOS-ARJONA-A-1024x576.jpg\" class=\"attachment-large size-large wp-image-236\" alt=\"\" srcset=\"https:\/\/soymigrante.com\/revista\/wp-content\/uploads\/2023\/02\/1-EXITOS-ARJONA-A-1024x576.jpg 1024w, https:\/\/soymigrante.com\/revista\/wp-content\/uploads\/2023\/02\/1-EXITOS-ARJONA-A-300x169.webp 300w, https:\/\/soymigrante.com\/revista\/wp-content\/uploads\/2023\/02\/1-EXITOS-ARJONA-A-768x432.jpg 768w, https:\/\/soymigrante.com\/revista\/wp-content\/uploads\/2023\/02\/1-EXITOS-ARJONA-A-750x422.webp 750w, https:\/\/soymigrante.com\/revista\/wp-content\/uploads\/2023\/02\/1-EXITOS-ARJONA-A-1140x641.jpg 1140w, https:\/\/soymigrante.com\/revista\/wp-content\/uploads\/2023\/02\/1-EXITOS-ARJONA-A.webp 1280w\" sizes=\"(max-width: 1024px) 100vw, 1024px\" \/>\n            <\/div>\n        <\/div><div class=\"eael-entry-wrapper\"><header class=\"eael-entry-header\"><h2 class=\"eael-entry-title\"><a class=\"eael-grid-post-link\" href=\"https:\/\/soymigrante.com\/revista\/cronologia-ricardo-arjona\/\" title=\"Ricardo Arjona: una cronolog\u00eda migrante desde antes de nacer\">Ricardo Arjona: una cronolog\u00eda migrante desde antes de nacer<\/a><\/h2><\/header><div class=\"eael-entry-content\">\n                        <div class=\"eael-grid-post-excerpt\"><a href=\"https:\/\/soymigrante.com\/revista\/cronologia-ricardo-arjona\/\" class=\"eael-post-elements-readmore-btn\">CONOCE SU HISTORIA <\/a><\/div>\n                    <\/div><\/div><\/div>\n        <\/div>\n    <\/article><\/div>\n            <div class=\"clearfix\"><\/div>\n        <\/div>\t\t\t\t<\/div>\n\t\t\t\t\t<\/div>\n\t\t\t\t<\/div>\n\t\t\t\t<\/div>\n\t\t","protected":false},"excerpt":{"rendered":"<p>Siempre impresionante: con 47 a\u00f1os, el Teatro Nacional brilla con la genialidad del artista Efra\u00edn Recinos. Adm\u00edralo de cerca con fotos y recorrido virtual 360 grados. Aqu\u00ed cantar\u00e1 Ricardo Arjona en octubre y noviembre. El Teatro Nacional de Guatemala es todo un \u00edcono del pa\u00eds a nivel internacional: por dentro y por fuera. Su dise\u00f1o [&hellip;]<\/p>\n","protected":false},"author":7,"featured_media":39588,"comment_status":"open","ping_status":"open","sticky":false,"template":"","format":"standard","meta":{"_acf_changed":false,"_eb_attr":"","footnotes":""},"categories":[58],"tags":[],"class_list":["post-39568","post","type-post","status-publish","format-standard","has-post-thumbnail","hentry","category-guate-nuestra"],"acf":[],"aioseo_notices":[],"aioseo_head":"\n\t\t<!-- All in One SEO Pro 4.9.6.2 - aioseo.com -->\n\t<meta name=\"description\" content=\"Ser migrante fue un salto de fe para el cantautor guatemalteco Ricardo Arjona. Al igual que para muchos otros connacionales que se han marchado fuera del pa\u00eds, especialmente a EE.UU., en busca de oportunidades de \u00e9xito, no fue un camino sencillo ni breve. Con base en una autobiograf\u00eda publicada como parte del folleto de un \u00e1lbum en 2005 y datos de diversas entrevistas durante sus giras, se construye esta cronolog\u00eda que inicia hace m\u00e1s de siglo y medio.\" \/>\n\t<meta name=\"robots\" content=\"max-snippet:-1, max-image-preview:large, max-video-preview:-1\" \/>\n\t<meta name=\"author\" content=\"SoyMigrante.com REVISTA\"\/>\n\t<link rel=\"canonical\" href=\"https:\/\/soymigrante.com\/revista\/cronologia-ricardo-arjona\/\" \/>\n\t<meta name=\"generator\" content=\"All in One SEO Pro (AIOSEO) 4.9.6.2\" \/>\n\n\t\t<link rel=\"preconnect\" href=\"https:\/\/fonts.googleapis.com\" crossorigin>\n<link rel=\"preconnect\" href=\"https:\/\/fonts.gstatic.com\" crossorigin>\n\t\t<meta property=\"og:locale\" content=\"es_ES\" \/>\n\t\t<meta property=\"og:site_name\" content=\"SoyMigrante.com REVISTA \u2013 Nuestra misi\u00f3n es reconocer y dignificar al migrante.\" \/>\n\t\t<meta property=\"og:type\" content=\"article\" \/>\n\t\t<meta property=\"og:title\" content=\"Ricardo Arjona: una cronolog\u00eda migrante desde antes de nacer\" \/>\n\t\t<meta property=\"og:description\" content=\"Ser migrante fue un salto de fe para el cantautor guatemalteco Ricardo Arjona. Al igual que para muchos otros connacionales que se han marchado fuera del pa\u00eds, especialmente a EE.UU., en busca de oportunidades de \u00e9xito, no fue un camino sencillo ni breve. Con base en una autobiograf\u00eda publicada como parte del folleto de un \u00e1lbum en 2005 y datos de diversas entrevistas durante sus giras, se construye esta cronolog\u00eda que inicia hace m\u00e1s de siglo y medio.\" \/>\n\t\t<meta property=\"og:url\" content=\"https:\/\/soymigrante.com\/revista\/cronologia-ricardo-arjona\/\" \/>\n\t\t<meta property=\"og:image\" content=\"https:\/\/soymigrante.com\/revista\/wp-content\/uploads\/2023\/02\/1-EXITOS-ARJONA-A.webp\" \/>\n\t\t<meta property=\"og:image:secure_url\" content=\"https:\/\/soymigrante.com\/revista\/wp-content\/uploads\/2023\/02\/1-EXITOS-ARJONA-A.webp\" \/>\n\t\t<meta property=\"og:image:width\" content=\"1280\" \/>\n\t\t<meta property=\"og:image:height\" content=\"720\" \/>\n\t\t<meta property=\"article:published_time\" content=\"2023-05-26T00:48:12+00:00\" \/>\n\t\t<meta property=\"article:modified_time\" content=\"2024-06-25T22:20:19+00:00\" \/>\n\t\t<meta property=\"article:publisher\" content=\"https:\/\/www.facebook.com\/soymigrantecom\" \/>\n\t\t<meta name=\"twitter:card\" content=\"summary_large_image\" \/>\n\t\t<meta name=\"twitter:site\" content=\"@SoyMigrante_com\" \/>\n\t\t<meta name=\"twitter:title\" content=\"Ricardo Arjona: una cronolog\u00eda migrante desde antes de nacer\" \/>\n\t\t<meta name=\"twitter:description\" content=\"Ser migrante fue un salto de fe para el cantautor guatemalteco Ricardo Arjona. Al igual que para muchos otros connacionales que se han marchado fuera del pa\u00eds, especialmente a EE.UU., en busca de oportunidades de \u00e9xito, no fue un camino sencillo ni breve. Con base en una autobiograf\u00eda publicada como parte del folleto de un \u00e1lbum en 2005 y datos de diversas entrevistas durante sus giras, se construye esta cronolog\u00eda que inicia hace m\u00e1s de siglo y medio.\" \/>\n\t\t<meta name=\"twitter:creator\" content=\"@SoyMigrante_com\" \/>\n\t\t<meta name=\"twitter:image\" content=\"https:\/\/soymigrante.com\/revista\/wp-content\/uploads\/2023\/02\/1-EXITOS-ARJONA-A.webp\" \/>\n\t\t<!-- All in One SEO Pro -->\r\n\t\t<title>Ricardo Arjona: una cronolog\u00eda migrante desde antes de nacer<\/title>\n\n","aioseo_head_json":{"title":"Ricardo Arjona: una cronolog\u00eda migrante desde antes de nacer","description":"Ser migrante fue un salto de fe para el cantautor guatemalteco Ricardo Arjona. Al igual que para muchos otros connacionales que se han marchado fuera del pa\u00eds, especialmente a EE.UU., en busca de oportunidades de \u00e9xito, no fue un camino sencillo ni breve. Con base en una autobiograf\u00eda publicada como parte del folleto de un \u00e1lbum en 2005 y datos de diversas entrevistas durante sus giras, se construye esta cronolog\u00eda que inicia hace m\u00e1s de siglo y medio.","canonical_url":"https:\/\/soymigrante.com\/revista\/cronologia-ricardo-arjona\/","robots":"max-snippet:-1, max-image-preview:large, max-video-preview:-1","keywords":"","webmasterTools":{"miscellaneous":"&lt;link rel=\"preconnect\" href=\"https:\/\/fonts.googleapis.com\" crossorigin&gt;\n&lt;link rel=\"preconnect\" href=\"https:\/\/fonts.gstatic.com\" crossorigin&gt;"},"schema":null,"og:locale":"es_ES","og:site_name":"SoyMigrante.com REVISTA \u2013 Nuestra misi\u00f3n es reconocer y dignificar al migrante.","og:type":"article","og:title":"Ricardo Arjona: una cronolog\u00eda migrante desde antes de nacer","og:description":"Ser migrante fue un salto de fe para el cantautor guatemalteco Ricardo Arjona. Al igual que para muchos otros connacionales que se han marchado fuera del pa\u00eds, especialmente a EE.UU., en busca de oportunidades de \u00e9xito, no fue un camino sencillo ni breve. Con base en una autobiograf\u00eda publicada como parte del folleto de un \u00e1lbum en 2005 y datos de diversas entrevistas durante sus giras, se construye esta cronolog\u00eda que inicia hace m\u00e1s de siglo y medio.","og:url":"https:\/\/soymigrante.com\/revista\/cronologia-ricardo-arjona\/","og:image":"https:\/\/soymigrante.com\/revista\/wp-content\/uploads\/2023\/02\/1-EXITOS-ARJONA-A.webp","og:image:secure_url":"https:\/\/soymigrante.com\/revista\/wp-content\/uploads\/2023\/02\/1-EXITOS-ARJONA-A.webp","og:image:width":1280,"og:image:height":720,"article:published_time":"2023-05-26T00:48:12+00:00","article:modified_time":"2024-06-25T22:20:19+00:00","article:publisher":"https:\/\/www.facebook.com\/soymigrantecom","twitter:card":"summary_large_image","twitter:site":"@SoyMigrante_com","twitter:title":"Ricardo Arjona: una cronolog\u00eda migrante desde antes de nacer","twitter:description":"Ser migrante fue un salto de fe para el cantautor guatemalteco Ricardo Arjona. Al igual que para muchos otros connacionales que se han marchado fuera del pa\u00eds, especialmente a EE.UU., en busca de oportunidades de \u00e9xito, no fue un camino sencillo ni breve. Con base en una autobiograf\u00eda publicada como parte del folleto de un \u00e1lbum en 2005 y datos de diversas entrevistas durante sus giras, se construye esta cronolog\u00eda que inicia hace m\u00e1s de siglo y medio.","twitter:creator":"@SoyMigrante_com","twitter:image":"https:\/\/soymigrante.com\/revista\/wp-content\/uploads\/2023\/02\/1-EXITOS-ARJONA-A.webp"},"aioseo_meta_data":{"post_id":"39568","title":"Recorre el Teatro Nacional de Guatemala donde Arjona cantar\u00e1","description":"Recorrido en fotograf\u00edas, im\u00e1genes 360 interactivas y datos del Teatro Nacional, en donde el cantautor guatemalteco Ricardo Arjona se presentar\u00e1 en noviembre.","keywords":null,"keyphrases":{"focus":{"keyphrase":"Teatro Nacional","score":91,"analysis":{"keyphraseInTitle":{"score":9,"maxScore":9,"error":0},"keyphraseInDescription":{"score":9,"maxScore":9,"error":0},"keyphraseLength":{"score":9,"maxScore":9,"error":0,"length":2},"keyphraseInURL":{"score":5,"maxScore":5,"error":0},"keyphraseInIntroduction":{"score":9,"maxScore":9,"error":0},"keyphraseInSubHeadings":{"score":3,"maxScore":9,"error":1},"keyphraseInImageAlt":{"score":9,"maxScore":9,"error":0},"keywordDensity":{"type":"best","score":9,"maxScore":9,"error":0}}},"additional":[{"keyphrase":"Arjona","score":87,"analysis":{"keyphraseInDescription":{"score":9,"maxScore":9,"error":0},"keyphraseLength":{"score":9,"maxScore":9,"error":0,"length":1},"keyphraseInIntroduction":{"score":3,"maxScore":9,"error":1},"keyphraseInImageAlt":{"score":9,"maxScore":9,"error":0},"keywordDensity":{"type":"best","score":9,"maxScore":9,"error":0}}},{"keyphrase":"Guatemalteco","score":67,"analysis":{"keyphraseInDescription":{"score":9,"maxScore":9,"error":0},"keyphraseLength":{"score":9,"maxScore":9,"error":0,"length":1},"keyphraseInIntroduction":{"score":3,"maxScore":9,"error":1},"keyphraseInImageAlt":{"score":9,"maxScore":9,"error":0},"keywordDensity":{"score":0,"type":"low","maxScore":9,"error":1}}}]},"primary_term":null,"canonical_url":null,"og_title":null,"og_description":null,"og_object_type":"default","og_image_type":"default","og_image_url":null,"og_image_width":null,"og_image_height":null,"og_image_custom_url":null,"og_image_custom_fields":null,"og_video":"","og_custom_url":null,"og_article_section":null,"og_article_tags":null,"twitter_use_og":false,"twitter_card":"default","twitter_image_type":"default","twitter_image_url":null,"twitter_image_custom_url":null,"twitter_image_custom_fields":null,"twitter_title":null,"twitter_description":null,"schema":{"blockGraphs":[],"customGraphs":[],"default":{"data":{"Article":[],"Course":[],"Dataset":[],"FAQPage":[],"Movie":[],"Person":[],"Product":[],"ProductReview":[],"Car":[],"Recipe":[],"Service":[],"SoftwareApplication":[],"WebPage":[]},"graphName":"none","isEnabled":true},"graphs":[]},"schema_type":"default","schema_type_options":null,"pillar_content":false,"robots_default":true,"robots_noindex":false,"robots_noarchive":false,"robots_nosnippet":false,"robots_nofollow":false,"robots_noimageindex":false,"robots_noodp":false,"robots_notranslate":false,"robots_max_snippet":"-1","robots_max_videopreview":"-1","robots_max_imagepreview":"large","priority":null,"frequency":"default","local_seo":null,"seo_analyzer_scan_date":"2025-10-09 06:55:42","breadcrumb_settings":null,"limit_modified_date":false,"reviewed_by":"0","open_ai":null,"ai":{"faqs":[],"keyPoints":[],"titles":[],"descriptions":[],"socialPosts":{"email":[],"linkedin":[],"twitter":[],"facebook":[],"instagram":[]}},"created":"2025-07-16 22:23:56","updated":"2026-02-05 02:59:29"},"aioseo_breadcrumb":"<div class=\"aioseo-breadcrumbs\"><span class=\"aioseo-breadcrumb\">\n\t<a href=\"https:\/\/soymigrante.com\/revista\" title=\"Home\">Home<\/a>\n<\/span><span class=\"aioseo-breadcrumb-separator\">\u00bb<\/span><span class=\"aioseo-breadcrumb\">\n\t<a href=\"https:\/\/soymigrante.com\/revista\/category\/guate-nuestra\/\" title=\"Guate Nuestra\">Guate Nuestra<\/a>\n<\/span><span class=\"aioseo-breadcrumb-separator\">\u00bb<\/span><span class=\"aioseo-breadcrumb\">\n\tAdmira de cerca el Gran Teatro Nacional de Guatemala (donde Ricardo Arjona ofrecer\u00e1 15 conciertos)\n<\/span><\/div>","aioseo_breadcrumb_json":[{"label":"Home","link":"https:\/\/soymigrante.com\/revista"},{"label":"Guate Nuestra","link":"https:\/\/soymigrante.com\/revista\/category\/guate-nuestra\/"},{"label":"Admira de cerca el Gran Teatro Nacional de Guatemala (donde Ricardo Arjona ofrecer\u00e1 15 conciertos)","link":"https:\/\/soymigrante.com\/revista\/gran-teatro-nacional-de-guatemala-ricardo-arjona-conciertos-2025\/"}],"_links":{"self":[{"href":"https:\/\/soymigrante.com\/revista\/wp-json\/wp\/v2\/posts\/39568","targetHints":{"allow":["GET"]}}],"collection":[{"href":"https:\/\/soymigrante.com\/revista\/wp-json\/wp\/v2\/posts"}],"about":[{"href":"https:\/\/soymigrante.com\/revista\/wp-json\/wp\/v2\/types\/post"}],"author":[{"embeddable":true,"href":"https:\/\/soymigrante.com\/revista\/wp-json\/wp\/v2\/users\/7"}],"replies":[{"embeddable":true,"href":"https:\/\/soymigrante.com\/revista\/wp-json\/wp\/v2\/comments?post=39568"}],"version-history":[{"count":31,"href":"https:\/\/soymigrante.com\/revista\/wp-json\/wp\/v2\/posts\/39568\/revisions"}],"predecessor-version":[{"id":44892,"href":"https:\/\/soymigrante.com\/revista\/wp-json\/wp\/v2\/posts\/39568\/revisions\/44892"}],"wp:featuredmedia":[{"embeddable":true,"href":"https:\/\/soymigrante.com\/revista\/wp-json\/wp\/v2\/media\/39588"}],"wp:attachment":[{"href":"https:\/\/soymigrante.com\/revista\/wp-json\/wp\/v2\/media?parent=39568"}],"wp:term":[{"taxonomy":"category","embeddable":true,"href":"https:\/\/soymigrante.com\/revista\/wp-json\/wp\/v2\/categories?post=39568"},{"taxonomy":"post_tag","embeddable":true,"href":"https:\/\/soymigrante.com\/revista\/wp-json\/wp\/v2\/tags?post=39568"}],"curies":[{"name":"wp","href":"https:\/\/api.w.org\/{rel}","templated":true}]}}