{"id":39564,"date":"2025-07-17T07:00:00","date_gmt":"2025-07-17T13:00:00","guid":{"rendered":"https:\/\/soymigrante.com\/revista\/?p=39564"},"modified":"2025-07-16T23:31:36","modified_gmt":"2025-07-17T05:31:36","slug":"por-que-subira-de-precio-la-visa-de-usa-y-cuando","status":"publish","type":"post","link":"https:\/\/soymigrante.com\/revista\/por-que-subira-de-precio-la-visa-de-usa-y-cuando\/","title":{"rendered":"\u00bfPor qu\u00e9 subir\u00e1 de precio la visa de USA y cu\u00e1ndo?"},"content":{"rendered":"\t\t<div data-elementor-type=\"wp-post\" data-elementor-id=\"39564\" class=\"elementor elementor-39564\" data-elementor-post-type=\"post\">\n\t\t\t\t<div data-particle_enable=\"false\" data-particle-mobile-disabled=\"false\" class=\"elementor-element elementor-element-d3862be e-flex e-con-boxed e-con e-parent\" data-id=\"d3862be\" data-element_type=\"container\" data-e-type=\"container\">\n\t\t\t\t\t<div class=\"e-con-inner\">\n\t\t\t\t<div class=\"elementor-element elementor-element-0d67591 elementor-widget elementor-widget-heading\" data-id=\"0d67591\" data-element_type=\"widget\" data-e-type=\"widget\" data-widget_type=\"heading.default\">\n\t\t\t\t\t<h2 class=\"elementor-heading-title elementor-size-default\">El aumento en el costo de la visa podr\u00eda reducir la cantidad de solicitudes, seg\u00fan expertos y autoridades consulares.<\/h2>\t\t\t\t<\/div>\n\t\t\t\t\t<\/div>\n\t\t\t\t<\/div>\n\t\t<div data-particle_enable=\"false\" data-particle-mobile-disabled=\"false\" class=\"elementor-element elementor-element-508aae4 e-flex e-con-boxed e-con e-parent\" data-id=\"508aae4\" data-element_type=\"container\" data-e-type=\"container\">\n\t\t\t\t\t<div class=\"e-con-inner\">\n\t\t\t\t<div class=\"elementor-element elementor-element-bb69365 elementor-widget elementor-widget-text-editor\" data-id=\"bb69365\" data-element_type=\"widget\" data-e-type=\"widget\" data-widget_type=\"text-editor.default\">\n\t\t\t\t\t\t\t\t\t<p><a href=\"https:\/\/soymigrante.com\/revista\/embajada-de-ee-uu-en-guatemala-lanza-aviso-sobre-visas-para-turistas-en-mundial-2026\/\" target=\"_blank\" rel=\"noopener\">A partir del \u00faltimo trimestre del 2025, el Gobierno de Estados Unidos incrementar\u00e1 el costo de varios tipos de visas, incluidas las de no inmigrante<\/a>. Esta medida, anunciada por el Departamento de Estado de EE. UU., busca ajustar las tarifas consulares al costo real del procesamiento de cada solicitud, un cambio que ha generado diversas reacciones en Am\u00e9rica Latina y particularmente en pa\u00edses como Guatemala, donde muchas personas solicitan visas cada a\u00f1o para visitar familiares, trabajar temporalmente o buscar nuevas oportunidades.<\/p>\t\t\t\t\t\t\t\t<\/div>\n\t\t\t\t\t<\/div>\n\t\t\t\t<\/div>\n\t\t<div data-particle_enable=\"false\" data-particle-mobile-disabled=\"false\" class=\"elementor-element elementor-element-51241c9 e-flex e-con-boxed e-con e-parent\" data-id=\"51241c9\" data-element_type=\"container\" data-e-type=\"container\">\n\t\t\t\t\t<div class=\"e-con-inner\">\n\t\t\t\t<div class=\"elementor-element elementor-element-0ab7619 elementor-widget elementor-widget-heading\" data-id=\"0ab7619\" data-element_type=\"widget\" data-e-type=\"widget\" data-widget_type=\"heading.default\">\n\t\t\t\t\t<h3 class=\"elementor-heading-title elementor-size-default\">Nuevos precios<\/h3>\t\t\t\t<\/div>\n\t\t\t\t\t<\/div>\n\t\t\t\t<\/div>\n\t\t<div data-particle_enable=\"false\" data-particle-mobile-disabled=\"false\" class=\"elementor-element elementor-element-df24fda e-flex e-con-boxed e-con e-parent\" data-id=\"df24fda\" data-element_type=\"container\" data-e-type=\"container\">\n\t\t\t\t\t<div class=\"e-con-inner\">\n\t\t\t\t<div class=\"elementor-element elementor-element-832c6d8 elementor-widget elementor-widget-text-editor\" data-id=\"832c6d8\" data-element_type=\"widget\" data-e-type=\"widget\" data-widget_type=\"text-editor.default\">\n\t\t\t\t\t\t\t\t\t<div>Seg\u00fan el Departamento de Estado, los cambios en las tarifas ser\u00e1n los siguientes:<\/div><div>\u2022Visa de visitante por negocios o turismo (B1\/B2): pasar\u00e1 de US$185 a <strong>US$435.<\/strong><\/div><div>\u2022Visa para trabajadores temporales (H, L, O, P, Q y R): pasar\u00e1 de US$190 a US$205.<\/div><div>\u2022Visa para comerciantes e inversionistas por tratado (E): subir\u00e1 de US$205 a US$315.<\/div><div>\u00a0<\/div><div><a href=\"https:\/\/soymigrante.com\/revista\/embajada-de-ee-uu-en-guatemala-lanza-aviso-sobre-visas-para-turistas-en-mundial-2026\/\" target=\"_blank\" rel=\"noopener\">Estas tarifas se aplicar\u00e1n a todas las solicitudes nuevas a partir del 1 de octubre,<\/a> por lo que quienes ya tengan una cita programada antes de esa fecha no deber\u00e1n pagar el nuevo monto.<\/div>\t\t\t\t\t\t\t\t<\/div>\n\t\t\t\t\t<\/div>\n\t\t\t\t<\/div>\n\t\t<div data-particle_enable=\"false\" data-particle-mobile-disabled=\"false\" class=\"elementor-element elementor-element-5859d1a e-flex e-con-boxed e-con e-parent\" data-id=\"5859d1a\" data-element_type=\"container\" data-e-type=\"container\">\n\t\t\t\t\t<div class=\"e-con-inner\">\n\t\t\t\t<div class=\"elementor-element elementor-element-126ca54 elementor-widget elementor-widget-image\" data-id=\"126ca54\" data-element_type=\"widget\" data-e-type=\"widget\" data-widget_type=\"image.default\">\n\t\t\t\t\t\t\t\t\t\t\t\t<figure class=\"wp-caption\">\n\t\t\t\t\t\t\t\t\t\t<img fetchpriority=\"high\" decoding=\"async\" width=\"768\" height=\"512\" src=\"https:\/\/soymigrante.com\/revista\/wp-content\/uploads\/2025\/07\/Por-que-subira-de-precio-la-visa-de-USA-y-cuando-3-1024x683.jpeg\" class=\"attachment-large size-large wp-image-39573\" alt=\"Billete de d\u00f3lares con enfoque en la palabra &quot;VISA&quot; en primer plano, resaltando temas de inmigraci\u00f3n, visas y viajes internacionales.\" srcset=\"https:\/\/soymigrante.com\/revista\/wp-content\/uploads\/2025\/07\/Por-que-subira-de-precio-la-visa-de-USA-y-cuando-3-1024x683.jpeg 1024w, https:\/\/soymigrante.com\/revista\/wp-content\/uploads\/2025\/07\/Por-que-subira-de-precio-la-visa-de-USA-y-cuando-3-300x200.jpeg 300w, https:\/\/soymigrante.com\/revista\/wp-content\/uploads\/2025\/07\/Por-que-subira-de-precio-la-visa-de-USA-y-cuando-3-768x512.jpeg 768w, https:\/\/soymigrante.com\/revista\/wp-content\/uploads\/2025\/07\/Por-que-subira-de-precio-la-visa-de-USA-y-cuando-3-1536x1024.jpeg 1536w, https:\/\/soymigrante.com\/revista\/wp-content\/uploads\/2025\/07\/Por-que-subira-de-precio-la-visa-de-USA-y-cuando-3-750x500.webp 750w, https:\/\/soymigrante.com\/revista\/wp-content\/uploads\/2025\/07\/Por-que-subira-de-precio-la-visa-de-USA-y-cuando-3-1140x760.webp 1140w, https:\/\/soymigrante.com\/revista\/wp-content\/uploads\/2025\/07\/Por-que-subira-de-precio-la-visa-de-USA-y-cuando-3.webp 1600w\" sizes=\"(max-width: 768px) 100vw, 768px\" title=\"El nuevo costo de la visa ser\u00e1 a partir del 1 de octubre. (Foto: ENVATO) \u2013 SoyMigrante.com REVISTA\" \/>\t\t\t\t\t\t\t\t\t\t\t<figcaption class=\"widget-image-caption wp-caption-text\">Imagen que muestra un billete estadounidense con \u00e9nfasis en la palabra \"VISA\", relacionada con la migraci\u00f3n, permisos de entrada y procedimientos migratorios en la revista SoyMigrante.<\/figcaption>\n\t\t\t\t\t\t\t\t\t\t<\/figure>\n\t\t\t\t\t\t\t\t\t<\/div>\n\t\t\t\t\t<\/div>\n\t\t\t\t<\/div>\n\t\t<div data-particle_enable=\"false\" data-particle-mobile-disabled=\"false\" class=\"elementor-element elementor-element-b126d4e e-flex e-con-boxed e-con e-parent\" data-id=\"b126d4e\" data-element_type=\"container\" data-e-type=\"container\">\n\t\t\t\t\t<div class=\"e-con-inner\">\n\t\t\t\t<div class=\"elementor-element elementor-element-7c092c5 elementor-widget elementor-widget-heading\" data-id=\"7c092c5\" data-element_type=\"widget\" data-e-type=\"widget\" data-widget_type=\"heading.default\">\n\t\t\t\t\t<h3 class=\"elementor-heading-title elementor-size-default\">\u00bfPor qu\u00e9 subir\u00e1 el precio?<\/h3>\t\t\t\t<\/div>\n\t\t\t\t\t<\/div>\n\t\t\t\t<\/div>\n\t\t<div data-particle_enable=\"false\" data-particle-mobile-disabled=\"false\" class=\"elementor-element elementor-element-ee91652 e-flex e-con-boxed e-con e-parent\" data-id=\"ee91652\" data-element_type=\"container\" data-e-type=\"container\">\n\t\t\t\t\t<div class=\"e-con-inner\">\n\t\t\t\t<div class=\"elementor-element elementor-element-56ac1ff elementor-widget elementor-widget-text-editor\" data-id=\"56ac1ff\" data-element_type=\"widget\" data-e-type=\"widget\" data-widget_type=\"text-editor.default\">\n\t\t\t\t\t\t\t\t\t<p><a href=\"https:\/\/soymigrante.com\/revista\/embajada-de-ee-uu-en-guatemala-lanza-aviso-sobre-visas-para-turistas-en-mundial-2026\/\" target=\"_blank\" rel=\"noopener\">El Departamento de Estado explic\u00f3 en su comunicado oficial que el ajuste se debe a una revisi\u00f3n de costos operativos,<\/a> los cuales han aumentado significativamente en los \u00faltimos a\u00f1os debido a factores como mejoras tecnol\u00f3gicas, gastos de seguridad y ampliaci\u00f3n de servicios consulares. \u201cLas tarifas se calculan con base en un estudio de costos para garantizar que los recursos recaudados cubran el costo total de los servicios consulares prestados\u201d, detalla el informe publicado en el Registro Federal de EE. UU.<\/p>\t\t\t\t\t\t\t\t<\/div>\n\t\t\t\t\t<\/div>\n\t\t\t\t<\/div>\n\t\t<div data-particle_enable=\"false\" data-particle-mobile-disabled=\"false\" class=\"elementor-element elementor-element-ce20348 e-flex e-con-boxed e-con e-parent\" data-id=\"ce20348\" data-element_type=\"container\" data-e-type=\"container\">\n\t\t\t\t\t<div class=\"e-con-inner\">\n\t\t\t\t<div class=\"elementor-element elementor-element-5ba2da8 elementor-widget elementor-widget-heading\" data-id=\"5ba2da8\" data-element_type=\"widget\" data-e-type=\"widget\" data-widget_type=\"heading.default\">\n\t\t\t\t\t<h3 class=\"elementor-heading-title elementor-size-default\">\u00bfC\u00f3mo afecta a los solicitantes?<\/h3>\t\t\t\t<\/div>\n\t\t\t\t\t<\/div>\n\t\t\t\t<\/div>\n\t\t<div data-particle_enable=\"false\" data-particle-mobile-disabled=\"false\" class=\"elementor-element elementor-element-0779540 e-flex e-con-boxed e-con e-parent\" data-id=\"0779540\" data-element_type=\"container\" data-e-type=\"container\">\n\t\t\t\t\t<div class=\"e-con-inner\">\n\t\t\t\t<div class=\"elementor-element elementor-element-35f76ca elementor-widget elementor-widget-text-editor\" data-id=\"35f76ca\" data-element_type=\"widget\" data-e-type=\"widget\" data-widget_type=\"text-editor.default\">\n\t\t\t\t\t\t\t\t\t<p>Aunque el incremento pueda parecer moderado, expertos advierten que podr\u00eda reducir la cantidad de solicitudes, especialmente en pa\u00edses con econom\u00edas vulnerables.<\/p><p>\u201cPara muchos guatemaltecos, cada d\u00f3lar cuenta. Aumentar el precio de la visa puede desalentar solicitudes, sobre todo de personas que solo buscan visitar a un familiar o viajar por turismo\u201d, se\u00f1ala Luis Castellanos, asesor migratorio en Ciudad de Guatemala.<\/p><p>En 2023, m\u00e1s de 100 mil guatemaltecos solicitaron visas de turista para ingresar a Estados Unidos, seg\u00fan datos de la Embajada de EE. UU. en Guatemala. <a href=\"https:\/\/soymigrante.com\/revista\/embajada-de-ee-uu-en-guatemala-lanza-aviso-sobre-visas-para-turistas-en-mundial-2026\/\" target=\"_blank\" rel=\"noopener\">Con el nuevo ajuste, el precio de una visa B1\/B2 representar\u00e1 m\u00e1s de Q3,200, sin contar con los costos de transporte, traducciones o asistencia de tramitadores.<\/a><\/p>\t\t\t\t\t\t\t\t<\/div>\n\t\t\t\t\t<\/div>\n\t\t\t\t<\/div>\n\t\t<div data-particle_enable=\"false\" data-particle-mobile-disabled=\"false\" class=\"elementor-element elementor-element-6165597 e-flex e-con-boxed e-con e-parent\" data-id=\"6165597\" data-element_type=\"container\" data-e-type=\"container\">\n\t\t\t\t\t<div class=\"e-con-inner\">\n\t\t\t\t<div class=\"elementor-element elementor-element-d88d717 elementor-widget elementor-widget-image\" data-id=\"d88d717\" data-element_type=\"widget\" data-e-type=\"widget\" data-widget_type=\"image.default\">\n\t\t\t\t\t\t\t\t\t\t\t\t<figure class=\"wp-caption\">\n\t\t\t\t\t\t\t\t\t\t<img decoding=\"async\" width=\"768\" height=\"536\" src=\"https:\/\/soymigrante.com\/revista\/wp-content\/uploads\/2025\/07\/Por-que-subira-de-precio-la-visa-de-USA-y-cuando-4-1024x714.jpeg\" class=\"attachment-large size-large wp-image-39574\" alt=\"Pasaporte y boleto de avi\u00f3n en mano en aeropuerto, viaje internacional desde M\u00e9xico, preparaci\u00f3n para viajar al extranjero, tem\u00e1tica de migraci\u00f3n y destinos tur\u00edsticos, imagen representativa.\" srcset=\"https:\/\/soymigrante.com\/revista\/wp-content\/uploads\/2025\/07\/Por-que-subira-de-precio-la-visa-de-USA-y-cuando-4-1024x714.jpeg 1024w, https:\/\/soymigrante.com\/revista\/wp-content\/uploads\/2025\/07\/Por-que-subira-de-precio-la-visa-de-USA-y-cuando-4-300x209.jpeg 300w, https:\/\/soymigrante.com\/revista\/wp-content\/uploads\/2025\/07\/Por-que-subira-de-precio-la-visa-de-USA-y-cuando-4-768x536.jpeg 768w, https:\/\/soymigrante.com\/revista\/wp-content\/uploads\/2025\/07\/Por-que-subira-de-precio-la-visa-de-USA-y-cuando-4-1536x1071.jpeg 1536w, https:\/\/soymigrante.com\/revista\/wp-content\/uploads\/2025\/07\/Por-que-subira-de-precio-la-visa-de-USA-y-cuando-4-750x523.webp 750w, https:\/\/soymigrante.com\/revista\/wp-content\/uploads\/2025\/07\/Por-que-subira-de-precio-la-visa-de-USA-y-cuando-4-1140x795.webp 1140w, https:\/\/soymigrante.com\/revista\/wp-content\/uploads\/2025\/07\/Por-que-subira-de-precio-la-visa-de-USA-y-cuando-4.webp 1600w\" sizes=\"(max-width: 768px) 100vw, 768px\" title=\"Para quienes tienen ya citas el precio no cambiar\u00e1. (Foto: ENVATO) \u2013 SoyMigrante.com REVISTA\" \/>\t\t\t\t\t\t\t\t\t\t\t<figcaption class=\"widget-image-caption wp-caption-text\">Imagen de un pasajero en aeropuerto sosteniendo pasaporte y billetes de vuelo, reflejando temas de migraci\u00f3n, viajes y movilidad internacional en la revista SoyMigrante.com.<\/figcaption>\n\t\t\t\t\t\t\t\t\t\t<\/figure>\n\t\t\t\t\t\t\t\t\t<\/div>\n\t\t\t\t\t<\/div>\n\t\t\t\t<\/div>\n\t\t<div data-particle_enable=\"false\" data-particle-mobile-disabled=\"false\" class=\"elementor-element elementor-element-4e5d2d9 e-flex e-con-boxed e-con e-parent\" data-id=\"4e5d2d9\" data-element_type=\"container\" data-e-type=\"container\">\n\t\t\t\t\t<div class=\"e-con-inner\">\n\t\t\t\t<div class=\"elementor-element elementor-element-6132999 elementor-widget elementor-widget-heading\" data-id=\"6132999\" data-element_type=\"widget\" data-e-type=\"widget\" data-widget_type=\"heading.default\">\n\t\t\t\t\t<h3 class=\"elementor-heading-title elementor-size-default\">Recomendaciones<\/h3>\t\t\t\t<\/div>\n\t\t\t\t\t<\/div>\n\t\t\t\t<\/div>\n\t\t<div data-particle_enable=\"false\" data-particle-mobile-disabled=\"false\" class=\"elementor-element elementor-element-3fd4a83 e-flex e-con-boxed e-con e-parent\" data-id=\"3fd4a83\" data-element_type=\"container\" data-e-type=\"container\">\n\t\t\t\t\t<div class=\"e-con-inner\">\n\t\t\t\t<div class=\"elementor-element elementor-element-42ca331 elementor-widget elementor-widget-text-editor\" data-id=\"42ca331\" data-element_type=\"widget\" data-e-type=\"widget\" data-widget_type=\"text-editor.default\">\n\t\t\t\t\t\t\t\t\t<div><strong>Las autoridades consulares recomiendan a los solicitantes:<\/strong><\/div><div>\u2022Consultar los nuevos montos en el sitio oficial de la Embajada de EE. UU. en Guatemala: <a href=\"https:\/\/gt.usembassy.gov\/\" target=\"_blank\" rel=\"noopener\">https:\/\/gt.usembassy.gov<\/a><\/div><div>\u2022No realizar pagos a terceros no autorizados.<\/div><div>\u2022Evitar fraudes, ya que los precios oficiales est\u00e1n publicados en d\u00f3lares y no deben variar.<\/div>\t\t\t\t\t\t\t\t<\/div>\n\t\t\t\t\t<\/div>\n\t\t\t\t<\/div>\n\t\t<div data-particle_enable=\"false\" data-particle-mobile-disabled=\"false\" class=\"elementor-element elementor-element-f538949 e-flex e-con-boxed e-con e-parent\" data-id=\"f538949\" data-element_type=\"container\" data-e-type=\"container\">\n\t\t\t\t\t<div class=\"e-con-inner\">\n\t\t\t\t<div class=\"elementor-element elementor-element-7a8e9f9 elementor-widget elementor-widget-text-editor\" data-id=\"7a8e9f9\" data-element_type=\"widget\" data-e-type=\"widget\" data-widget_type=\"text-editor.default\">\n\t\t\t\t\t\t\t\t\t<p>El aumento en el precio de la visa estadounidense responde a ajustes operativos del Gobierno de EE. UU., pero podr\u00eda tener un impacto directo en la cantidad de solicitudes desde Guatemala y otros pa\u00edses. Para quienes planean viajar pr\u00f3ximamente<a href=\"https:\/\/soymigrante.com\/revista\/embajada-de-ee-uu-en-guatemala-lanza-aviso-sobre-visas-para-turistas-en-mundial-2026\/\" target=\"_blank\" rel=\"noopener\">, lo ideal es agendar su cita antes del 1 de octubre de 2025, o bien prepararse para asumir los nuevos costos.<\/a><\/p>\t\t\t\t\t\t\t\t<\/div>\n\t\t\t\t\t<\/div>\n\t\t\t\t<\/div>\n\t\t<div data-particle_enable=\"false\" data-particle-mobile-disabled=\"false\" class=\"elementor-element elementor-element-adf39d8 e-flex e-con-boxed e-con e-parent\" data-id=\"adf39d8\" data-element_type=\"container\" data-e-type=\"container\">\n\t\t\t\t\t<div class=\"e-con-inner\">\n\t\t\t\t<div class=\"elementor-element elementor-element-07673a8 elementor-widget elementor-widget-heading\" data-id=\"07673a8\" data-element_type=\"widget\" data-e-type=\"widget\" data-widget_type=\"heading.default\">\n\t\t\t\t\t<h2 class=\"elementor-heading-title elementor-size-default\">Conoce m\u00e1s temas que te pueden interesar...<\/h2>\t\t\t\t<\/div>\n\t\t\t\t\t<\/div>\n\t\t\t\t<\/div>\n\t\t<div data-particle_enable=\"false\" data-particle-mobile-disabled=\"false\" class=\"elementor-element elementor-element-f009ab2 e-flex e-con-boxed e-con e-parent\" data-id=\"f009ab2\" data-element_type=\"container\" data-e-type=\"container\">\n\t\t\t\t\t<div class=\"e-con-inner\">\n\t\t\t\t<div class=\"elementor-element elementor-element-a32dc90 elementor-grid-eael-col-3 elementor-grid-tablet-eael-col-2 elementor-grid-mobile-eael-col-1 elementor-invisible elementor-widget elementor-widget-eael-post-grid\" data-id=\"a32dc90\" data-element_type=\"widget\" data-e-type=\"widget\" data-settings=\"{&quot;eael_post_grid_columns&quot;:&quot;eael-col-3&quot;,&quot;_animation&quot;:&quot;rollIn&quot;,&quot;eael_post_grid_columns_tablet&quot;:&quot;eael-col-2&quot;,&quot;eael_post_grid_columns_mobile&quot;:&quot;eael-col-1&quot;}\" data-widget_type=\"eael-post-grid.default\">\n\t\t\t\t\t<div id=\"eael-post-grid-a32dc90\" class=\"eael-post-grid-container\">\n            <div class=\"eael-post-grid eael-post-appender eael-post-appender-a32dc90 eael-post-grid-style-one\" data-layout-mode=\"masonry\"><article class=\"eael-grid-post  eael-post-grid-column eael-pg-post-7805 category-recursos-migratorios\" data-id=\"7805\">\n        <div class=\"eael-grid-post-holder\">\n            <div class=\"eael-grid-post-holder-inner\"><div class=\"eael-entry-media\"><div class=\"eael-entry-overlay fade-in\"><i class=\"far fa-hand-pointer\" aria-hidden=\"true\"><\/i><a href=\"https:\/\/soymigrante.com\/revista\/visas-para-estados-unidos-cuantos-tipos-hay\/\"><\/a><\/div><div class=\"eael-entry-thumbnail \">\n                <img decoding=\"async\" width=\"886\" height=\"886\" src=\"https:\/\/soymigrante.com\/revista\/wp-content\/uploads\/2024\/08\/visa-americana-2.webp\" class=\"attachment-large size-large wp-image-8067\" alt=\"Tarjeta de inmigraci\u00f3n en EE.UU. y sello de ingreso con bandera estadounidense en una oficina migratoria. Documentaci\u00f3n migratoria y proceso de visas para migrantes en Estados Unidos.\" srcset=\"https:\/\/soymigrante.com\/revista\/wp-content\/uploads\/2024\/08\/visa-americana-2.webp 886w, https:\/\/soymigrante.com\/revista\/wp-content\/uploads\/2024\/08\/visa-americana-2-300x300.webp 300w, https:\/\/soymigrante.com\/revista\/wp-content\/uploads\/2024\/08\/visa-americana-2-150x150.webp 150w, https:\/\/soymigrante.com\/revista\/wp-content\/uploads\/2024\/08\/visa-americana-2-768x768.webp 768w, https:\/\/soymigrante.com\/revista\/wp-content\/uploads\/2024\/08\/visa-americana-2-75x75.webp 75w, https:\/\/soymigrante.com\/revista\/wp-content\/uploads\/2024\/08\/visa-americana-2-750x750.webp 750w\" sizes=\"(max-width: 886px) 100vw, 886px\" \/>\n            <\/div>\n        <\/div><div class=\"eael-entry-wrapper\"><header class=\"eael-entry-header\"><h2 class=\"eael-entry-title\"><a class=\"eael-grid-post-link\" href=\"https:\/\/soymigrante.com\/revista\/visas-para-estados-unidos-cuantos-tipos-hay\/\" title=\"Tipos de visas para entrar a Estados Unidos: Resuelve tus dudas\">Tipos de visas para entrar a Estados Unidos: Resuelve tus dudas<\/a><\/h2><\/header><div class=\"eael-entry-content\">\n                        <div class=\"eael-grid-post-excerpt\"><a href=\"https:\/\/soymigrante.com\/revista\/visas-para-estados-unidos-cuantos-tipos-hay\/\" class=\"eael-post-elements-readmore-btn\">CONOCE SU HISTORIA <\/a><\/div>\n                    <\/div><\/div><\/div>\n        <\/div>\n    <\/article><article class=\"eael-grid-post  eael-post-grid-column eael-pg-post-7923 category-recursos-migratorios\" data-id=\"7923\">\n        <div class=\"eael-grid-post-holder\">\n            <div class=\"eael-grid-post-holder-inner\"><div class=\"eael-entry-media\"><div class=\"eael-entry-overlay fade-in\"><i class=\"far fa-hand-pointer\" aria-hidden=\"true\"><\/i><a href=\"https:\/\/soymigrante.com\/revista\/que-hacer-si-perdi-mi-pasaporte-guatemalteco\/\"><\/a><\/div><div class=\"eael-entry-thumbnail \">\n                <img loading=\"lazy\" decoding=\"async\" width=\"1024\" height=\"512\" src=\"https:\/\/soymigrante.com\/revista\/wp-content\/uploads\/2024\/08\/pasaporte-guatemalteco-1140x570-1-1024x512.webp\" class=\"attachment-large size-large wp-image-8182\" alt=\"Guatemala pasaporte ordinario, documento de viaje de Centroam\u00e9rica, con mapa dorado del pa\u00eds y texto en relieve en portada. Ideal para inmigrantes y viajeros en la regi\u00f3n.\" \/>\n            <\/div>\n        <\/div><div class=\"eael-entry-wrapper\"><header class=\"eael-entry-header\"><h2 class=\"eael-entry-title\"><a class=\"eael-grid-post-link\" href=\"https:\/\/soymigrante.com\/revista\/que-hacer-si-perdi-mi-pasaporte-guatemalteco\/\" title=\"\u00bfQu\u00e9 hacer si perd\u00ed mi pasaporte guatemalteco?\">\u00bfQu\u00e9 hacer si perd\u00ed mi pasaporte guatemalteco?<\/a><\/h2><\/header><div class=\"eael-entry-content\">\n                        <div class=\"eael-grid-post-excerpt\"><a href=\"https:\/\/soymigrante.com\/revista\/que-hacer-si-perdi-mi-pasaporte-guatemalteco\/\" class=\"eael-post-elements-readmore-btn\">CONOCE SU HISTORIA <\/a><\/div>\n                    <\/div><\/div><\/div>\n        <\/div>\n    <\/article><article class=\"eael-grid-post  eael-post-grid-column eael-pg-post-2949 category-recursos-migratorios\" data-id=\"2949\">\n        <div class=\"eael-grid-post-holder\">\n            <div class=\"eael-grid-post-holder-inner\"><div class=\"eael-entry-media\"><div class=\"eael-entry-overlay fade-in\"><i class=\"far fa-hand-pointer\" aria-hidden=\"true\"><\/i><a href=\"https:\/\/soymigrante.com\/revista\/como-tramitar-el-pasaporte-guatemalteco-en-estados-unidos\/\"><\/a><\/div><div class=\"eael-entry-thumbnail \">\n                <img loading=\"lazy\" decoding=\"async\" width=\"1024\" height=\"460\" src=\"https:\/\/soymigrante.com\/revista\/wp-content\/uploads\/2023\/10\/El-pasaporte-se-puede-tramitar-desde-las-embajadas-y-consulados-oficiales-en-Estados-Unidos-1024x460.webp\" class=\"attachment-large size-large wp-image-2961\" alt=\"El pasaporte se puede tramitar desde las embajadas y consulados oficiales en Estados Unidos\" srcset=\"https:\/\/soymigrante.com\/revista\/wp-content\/uploads\/2023\/10\/El-pasaporte-se-puede-tramitar-desde-las-embajadas-y-consulados-oficiales-en-Estados-Unidos-1024x460.webp 1024w, https:\/\/soymigrante.com\/revista\/wp-content\/uploads\/2023\/10\/El-pasaporte-se-puede-tramitar-desde-las-embajadas-y-consulados-oficiales-en-Estados-Unidos-300x135.webp 300w, https:\/\/soymigrante.com\/revista\/wp-content\/uploads\/2023\/10\/El-pasaporte-se-puede-tramitar-desde-las-embajadas-y-consulados-oficiales-en-Estados-Unidos-768x345.webp 768w, https:\/\/soymigrante.com\/revista\/wp-content\/uploads\/2023\/10\/El-pasaporte-se-puede-tramitar-desde-las-embajadas-y-consulados-oficiales-en-Estados-Unidos-1536x690.webp 1536w, https:\/\/soymigrante.com\/revista\/wp-content\/uploads\/2023\/10\/El-pasaporte-se-puede-tramitar-desde-las-embajadas-y-consulados-oficiales-en-Estados-Unidos-scaled.webp 1920w, https:\/\/soymigrante.com\/revista\/wp-content\/uploads\/2023\/10\/El-pasaporte-se-puede-tramitar-desde-las-embajadas-y-consulados-oficiales-en-Estados-Unidos-750x337.webp 750w, https:\/\/soymigrante.com\/revista\/wp-content\/uploads\/2023\/10\/El-pasaporte-se-puede-tramitar-desde-las-embajadas-y-consulados-oficiales-en-Estados-Unidos-1140x512.webp 1140w\" sizes=\"(max-width: 1024px) 100vw, 1024px\" \/>\n            <\/div>\n        <\/div><div class=\"eael-entry-wrapper\"><header class=\"eael-entry-header\"><h2 class=\"eael-entry-title\"><a class=\"eael-grid-post-link\" href=\"https:\/\/soymigrante.com\/revista\/como-tramitar-el-pasaporte-guatemalteco-en-estados-unidos\/\" title=\"\u00bfC\u00f3mo tramitar el pasaporte guatemalteco en Estados Unidos?\">\u00bfC\u00f3mo tramitar el pasaporte guatemalteco en Estados Unidos?<\/a><\/h2><\/header><div class=\"eael-entry-content\">\n                        <div class=\"eael-grid-post-excerpt\"><a href=\"https:\/\/soymigrante.com\/revista\/como-tramitar-el-pasaporte-guatemalteco-en-estados-unidos\/\" class=\"eael-post-elements-readmore-btn\">CONOCE SU HISTORIA <\/a><\/div>\n                    <\/div><\/div><\/div>\n        <\/div>\n    <\/article><\/div>\n            <div class=\"clearfix\"><\/div>\n        <\/div>\t\t\t\t<\/div>\n\t\t\t\t\t<\/div>\n\t\t\t\t<\/div>\n\t\t\t\t<\/div>\n\t\t","protected":false},"excerpt":{"rendered":"<p>El aumento en el costo de la visa podr\u00eda reducir la cantidad de solicitudes, seg\u00fan expertos y autoridades consulares. A partir del \u00faltimo trimestre del 2025, el Gobierno de Estados Unidos incrementar\u00e1 el costo de varios tipos de visas, incluidas las de no inmigrante. Esta medida, anunciada por el Departamento de Estado de EE. UU., [&hellip;]<\/p>\n","protected":false},"author":19,"featured_media":5997,"comment_status":"open","ping_status":"open","sticky":false,"template":"","format":"standard","meta":{"_acf_changed":false,"_eb_attr":"","footnotes":""},"categories":[54],"tags":[],"class_list":["post-39564","post","type-post","status-publish","format-standard","has-post-thumbnail","hentry","category-estamos-unidos"],"acf":[],"aioseo_notices":[],"aioseo_head":"\n\t\t<!-- All in One SEO Pro 4.9.6.2 - aioseo.com -->\n\t<meta name=\"description\" content=\"El pasaporte guatemalteco se puede tramitar desde las embajadas y consulados de la Rep\u00fablica en Estados Unidos. Los guatemaltecos pueden informarse en los consulados, llamar por tel\u00e9fono o contactar por redes sociales. Pasos para tramitar tu pasaporte, DPI o ID consular Antes de dirigirte a tramitar tu pasaporte, DPI o ID Consular debes agendar una\" \/>\n\t<meta name=\"robots\" content=\"max-snippet:-1, max-image-preview:large, max-video-preview:-1\" \/>\n\t<meta name=\"author\" content=\"Marysabel Aldana\"\/>\n\t<link rel=\"canonical\" href=\"https:\/\/soymigrante.com\/revista\/por-que-subira-de-precio-la-visa-de-usa-y-cuando\/\" \/>\n\t<meta name=\"generator\" content=\"All in One SEO Pro (AIOSEO) 4.9.6.2\" \/>\n\n\t\t<link rel=\"preconnect\" href=\"https:\/\/fonts.googleapis.com\" crossorigin>\n<link rel=\"preconnect\" href=\"https:\/\/fonts.gstatic.com\" crossorigin>\n\t\t<meta property=\"og:locale\" content=\"es_ES\" \/>\n\t\t<meta property=\"og:site_name\" content=\"SoyMigrante.com REVISTA \u2013 Nuestra misi\u00f3n es reconocer y dignificar al migrante.\" \/>\n\t\t<meta property=\"og:type\" content=\"article\" \/>\n\t\t<meta property=\"og:title\" content=\"\u00bfPor qu\u00e9 subir\u00e1 de precio la visa de USA y cu\u00e1ndo?\" \/>\n\t\t<meta property=\"og:description\" content=\"El aumento en el costo de la visa podr\u00eda reducir la cantidad de solicitudes, seg\u00fan expertos y autoridades consulares.\" \/>\n\t\t<meta property=\"og:url\" content=\"https:\/\/soymigrante.com\/revista\/por-que-subira-de-precio-la-visa-de-usa-y-cuando\/\" \/>\n\t\t<meta property=\"og:image\" content=\"https:\/\/soymigrante.com\/revista\/wp-content\/uploads\/2024\/04\/WhatsApp-Image-2024-04-12-at-10.51.03-AM-1-e1752730282844.webp\" \/>\n\t\t<meta property=\"og:image:secure_url\" content=\"https:\/\/soymigrante.com\/revista\/wp-content\/uploads\/2024\/04\/WhatsApp-Image-2024-04-12-at-10.51.03-AM-1-e1752730282844.webp\" \/>\n\t\t<meta property=\"og:image:width\" content=\"854\" \/>\n\t\t<meta property=\"og:image:height\" content=\"854\" \/>\n\t\t<meta property=\"article:published_time\" content=\"2025-07-17T13:00:00+00:00\" \/>\n\t\t<meta property=\"article:modified_time\" content=\"2025-07-17T05:31:36+00:00\" \/>\n\t\t<meta property=\"article:publisher\" content=\"https:\/\/www.facebook.com\/soymigrantecom\" \/>\n\t\t<meta name=\"twitter:card\" content=\"summary_large_image\" \/>\n\t\t<meta name=\"twitter:site\" content=\"@SoyMigrante_com\" \/>\n\t\t<meta name=\"twitter:title\" content=\"\u00bfPor qu\u00e9 subir\u00e1 de precio la visa de USA y cu\u00e1ndo?\" \/>\n\t\t<meta name=\"twitter:description\" content=\"El aumento en el costo de la visa podr\u00eda reducir la cantidad de solicitudes, seg\u00fan expertos y autoridades consulares.\" \/>\n\t\t<meta name=\"twitter:creator\" content=\"@SoyMigrante_com\" \/>\n\t\t<meta name=\"twitter:image\" content=\"https:\/\/soymigrante.com\/revista\/wp-content\/uploads\/2024\/04\/WhatsApp-Image-2024-04-12-at-10.51.03-AM-1-e1752730282844.webp\" \/>\n\t\t<!-- All in One SEO Pro -->\r\n\t\t<title>\u00bfPor qu\u00e9 subir\u00e1 de precio la visa de USA y cu\u00e1ndo?<\/title>\n\n","aioseo_head_json":{"title":"\u00bfPor qu\u00e9 subir\u00e1 de precio la visa de USA y cu\u00e1ndo?","description":"El aumento en el costo de la visa podr\u00eda reducir la cantidad de solicitudes, seg\u00fan expertos y autoridades consulares.","canonical_url":"https:\/\/soymigrante.com\/revista\/por-que-subira-de-precio-la-visa-de-usa-y-cuando\/","robots":"max-snippet:-1, max-image-preview:large, max-video-preview:-1","keywords":"","webmasterTools":{"miscellaneous":"&lt;link rel=\"preconnect\" href=\"https:\/\/fonts.googleapis.com\" crossorigin&gt;\n&lt;link rel=\"preconnect\" href=\"https:\/\/fonts.gstatic.com\" crossorigin&gt;"},"schema":null,"og:locale":"es_ES","og:site_name":"SoyMigrante.com REVISTA \u2013 Nuestra misi\u00f3n es reconocer y dignificar al migrante.","og:type":"article","og:title":"\u00bfPor qu\u00e9 subir\u00e1 de precio la visa de USA y cu\u00e1ndo?","og:description":"El aumento en el costo de la visa podr\u00eda reducir la cantidad de solicitudes, seg\u00fan expertos y autoridades consulares.","og:url":"https:\/\/soymigrante.com\/revista\/por-que-subira-de-precio-la-visa-de-usa-y-cuando\/","og:image":"https:\/\/soymigrante.com\/revista\/wp-content\/uploads\/2024\/04\/WhatsApp-Image-2024-04-12-at-10.51.03-AM-1-e1752730282844.webp","og:image:secure_url":"https:\/\/soymigrante.com\/revista\/wp-content\/uploads\/2024\/04\/WhatsApp-Image-2024-04-12-at-10.51.03-AM-1-e1752730282844.webp","og:image:width":854,"og:image:height":854,"article:published_time":"2025-07-17T13:00:00+00:00","article:modified_time":"2025-07-17T05:31:36+00:00","article:publisher":"https:\/\/www.facebook.com\/soymigrantecom","twitter:card":"summary_large_image","twitter:site":"@SoyMigrante_com","twitter:title":"\u00bfPor qu\u00e9 subir\u00e1 de precio la visa de USA y cu\u00e1ndo?","twitter:description":"El aumento en el costo de la visa podr\u00eda reducir la cantidad de solicitudes, seg\u00fan expertos y autoridades consulares.","twitter:creator":"@SoyMigrante_com","twitter:image":"https:\/\/soymigrante.com\/revista\/wp-content\/uploads\/2024\/04\/WhatsApp-Image-2024-04-12-at-10.51.03-AM-1-e1752730282844.webp"},"aioseo_meta_data":{"post_id":"39564","title":null,"description":"El aumento en el costo de la visa podr\u00eda reducir la cantidad de solicitudes, seg\u00fan expertos y autoridades consulares.","keywords":null,"keyphrases":{"focus":{"keyphrase":"precio","score":74,"analysis":{"keyphraseInTitle":{"score":9,"maxScore":9,"error":0},"keyphraseInDescription":{"score":3,"maxScore":9,"error":1},"keyphraseLength":{"score":9,"maxScore":9,"error":0,"length":1},"keyphraseInURL":{"score":5,"maxScore":5,"error":0},"keyphraseInIntroduction":{"score":3,"maxScore":9,"error":1},"keyphraseInSubHeadings":{"score":3,"maxScore":9,"error":1},"keyphraseInImageAlt":{"score":9,"maxScore":9,"error":0},"keywordDensity":{"type":"best","score":9,"maxScore":9,"error":0}}},"additional":[{"keyphrase":"visa","score":87,"analysis":{"keyphraseInDescription":{"score":9,"maxScore":9,"error":0},"keyphraseLength":{"score":9,"maxScore":9,"error":0,"length":1},"keyphraseInIntroduction":{"score":3,"maxScore":9,"error":1},"keyphraseInImageAlt":{"score":9,"maxScore":9,"error":0},"keywordDensity":{"type":"best","score":9,"maxScore":9,"error":0}}}]},"primary_term":null,"canonical_url":null,"og_title":null,"og_description":null,"og_object_type":"default","og_image_type":"default","og_image_url":null,"og_image_width":null,"og_image_height":null,"og_image_custom_url":null,"og_image_custom_fields":null,"og_video":"","og_custom_url":null,"og_article_section":null,"og_article_tags":null,"twitter_use_og":false,"twitter_card":"default","twitter_image_type":"default","twitter_image_url":null,"twitter_image_custom_url":null,"twitter_image_custom_fields":null,"twitter_title":null,"twitter_description":null,"schema":{"blockGraphs":[],"customGraphs":[],"default":{"data":{"Article":[],"Course":[],"Dataset":[],"FAQPage":[],"Movie":[],"Person":[],"Product":[],"ProductReview":[],"Car":[],"Recipe":[],"Service":[],"SoftwareApplication":[],"WebPage":[]},"graphName":"none","isEnabled":true},"graphs":[]},"schema_type":"default","schema_type_options":null,"pillar_content":false,"robots_default":true,"robots_noindex":false,"robots_noarchive":false,"robots_nosnippet":false,"robots_nofollow":false,"robots_noimageindex":false,"robots_noodp":false,"robots_notranslate":false,"robots_max_snippet":"-1","robots_max_videopreview":"-1","robots_max_imagepreview":"large","priority":null,"frequency":"default","local_seo":null,"seo_analyzer_scan_date":"2025-10-09 06:57:40","breadcrumb_settings":null,"limit_modified_date":false,"reviewed_by":"0","open_ai":null,"ai":{"faqs":[],"keyPoints":[],"titles":[],"descriptions":[],"socialPosts":{"email":[],"linkedin":[],"twitter":[],"facebook":[],"instagram":[]}},"created":"2025-07-16 22:19:56","updated":"2026-02-05 03:01:37"},"aioseo_breadcrumb":"<div class=\"aioseo-breadcrumbs\"><span class=\"aioseo-breadcrumb\">\n\t<a href=\"https:\/\/soymigrante.com\/revista\" title=\"Home\">Home<\/a>\n<\/span><span class=\"aioseo-breadcrumb-separator\">\u00bb<\/span><span class=\"aioseo-breadcrumb\">\n\t<a href=\"https:\/\/soymigrante.com\/revista\/category\/estamos-unidos\/\" title=\"Estamos Unidos\">Estamos Unidos<\/a>\n<\/span><span class=\"aioseo-breadcrumb-separator\">\u00bb<\/span><span class=\"aioseo-breadcrumb\">\n\t\u00bfPor qu\u00e9 subir\u00e1 de precio la visa de USA y cu\u00e1ndo?\n<\/span><\/div>","aioseo_breadcrumb_json":[{"label":"Home","link":"https:\/\/soymigrante.com\/revista"},{"label":"Estamos Unidos","link":"https:\/\/soymigrante.com\/revista\/category\/estamos-unidos\/"},{"label":"\u00bfPor qu\u00e9 subir\u00e1 de precio la visa de USA y cu\u00e1ndo?","link":"https:\/\/soymigrante.com\/revista\/por-que-subira-de-precio-la-visa-de-usa-y-cuando\/"}],"_links":{"self":[{"href":"https:\/\/soymigrante.com\/revista\/wp-json\/wp\/v2\/posts\/39564","targetHints":{"allow":["GET"]}}],"collection":[{"href":"https:\/\/soymigrante.com\/revista\/wp-json\/wp\/v2\/posts"}],"about":[{"href":"https:\/\/soymigrante.com\/revista\/wp-json\/wp\/v2\/types\/post"}],"author":[{"embeddable":true,"href":"https:\/\/soymigrante.com\/revista\/wp-json\/wp\/v2\/users\/19"}],"replies":[{"embeddable":true,"href":"https:\/\/soymigrante.com\/revista\/wp-json\/wp\/v2\/comments?post=39564"}],"version-history":[{"count":12,"href":"https:\/\/soymigrante.com\/revista\/wp-json\/wp\/v2\/posts\/39564\/revisions"}],"predecessor-version":[{"id":39625,"href":"https:\/\/soymigrante.com\/revista\/wp-json\/wp\/v2\/posts\/39564\/revisions\/39625"}],"wp:featuredmedia":[{"embeddable":true,"href":"https:\/\/soymigrante.com\/revista\/wp-json\/wp\/v2\/media\/5997"}],"wp:attachment":[{"href":"https:\/\/soymigrante.com\/revista\/wp-json\/wp\/v2\/media?parent=39564"}],"wp:term":[{"taxonomy":"category","embeddable":true,"href":"https:\/\/soymigrante.com\/revista\/wp-json\/wp\/v2\/categories?post=39564"},{"taxonomy":"post_tag","embeddable":true,"href":"https:\/\/soymigrante.com\/revista\/wp-json\/wp\/v2\/tags?post=39564"}],"curies":[{"name":"wp","href":"https:\/\/api.w.org\/{rel}","templated":true}]}}