{"id":39546,"date":"2025-07-21T08:00:00","date_gmt":"2025-07-21T14:00:00","guid":{"rendered":"https:\/\/soymigrante.com\/revista\/?p=39546"},"modified":"2025-07-20T21:04:57","modified_gmt":"2025-07-21T03:04:57","slug":"el-cerrito-del-carmen-el-corazon-espiritual-de-la-ciudad-de-guatemala","status":"publish","type":"post","link":"https:\/\/soymigrante.com\/revista\/el-cerrito-del-carmen-el-corazon-espiritual-de-la-ciudad-de-guatemala\/","title":{"rendered":"El Cerrito del Carmen: el coraz\u00f3n espiritual de la Ciudad de Guatemala"},"content":{"rendered":"\t\t<div data-elementor-type=\"wp-post\" data-elementor-id=\"39546\" class=\"elementor elementor-39546\" data-elementor-post-type=\"post\">\n\t\t\t\t<div data-particle_enable=\"false\" data-particle-mobile-disabled=\"false\" class=\"elementor-element elementor-element-7a41203 e-flex e-con-boxed e-con e-parent\" data-id=\"7a41203\" data-element_type=\"container\" data-e-type=\"container\">\n\t\t\t\t\t<div class=\"e-con-inner\">\n\t\t\t\t<div class=\"elementor-element elementor-element-fef6d53 elementor-widget elementor-widget-heading\" data-id=\"fef6d53\" data-element_type=\"widget\" data-e-type=\"widget\" data-widget_type=\"heading.default\">\n\t\t\t\t\t<h2 class=\"elementor-heading-title elementor-size-default\">El Cerrito del Carmen es un lugar especial y lleno de espiritualidad en la Ciudad de Guatemala. <\/h2>\t\t\t\t<\/div>\n\t\t\t\t\t<\/div>\n\t\t\t\t<\/div>\n\t\t<div data-particle_enable=\"false\" data-particle-mobile-disabled=\"false\" class=\"elementor-element elementor-element-02d2e33 e-flex e-con-boxed e-con e-parent\" data-id=\"02d2e33\" data-element_type=\"container\" data-e-type=\"container\">\n\t\t\t\t\t<div class=\"e-con-inner\">\n\t\t\t\t<div class=\"elementor-element elementor-element-369074e elementor-widget elementor-widget-text-editor\" data-id=\"369074e\" data-element_type=\"widget\" data-e-type=\"widget\" data-widget_type=\"text-editor.default\">\n\t\t\t\t\t\t\t\t\t<p><a href=\"https:\/\/soymigrante.com\/revista\/descubre-la-ruta-historica-de-la-ciudad-de-guatemala-un-viaje-de-memorias\/\" target=\"_blank\" rel=\"noopener\">Mucho antes de que existiera la actual Ciudad de Guatemala<\/a>, ya se alzaba en una peque\u00f1a colina la imagen de la Virgen del Carmen, en un santuario rodeado de \u00e1rboles y misterio. El Cerrito del Carmen, ubicado en la zona 1 capitalina, es considerado el lugar donde naci\u00f3 la ciudad y uno de los sitios m\u00e1s antiguos y emblem\u00e1ticos del pa\u00eds.<\/p>\t\t\t\t\t\t\t\t<\/div>\n\t\t\t\t\t<\/div>\n\t\t\t\t<\/div>\n\t\t<div data-particle_enable=\"false\" data-particle-mobile-disabled=\"false\" class=\"elementor-element elementor-element-b427e15 e-flex e-con-boxed e-con e-parent\" data-id=\"b427e15\" data-element_type=\"container\" data-e-type=\"container\">\n\t\t\t\t\t<div class=\"e-con-inner\">\n\t\t\t\t<div class=\"elementor-element elementor-element-69bcfbf elementor-widget elementor-widget-heading\" data-id=\"69bcfbf\" data-element_type=\"widget\" data-e-type=\"widget\" data-widget_type=\"heading.default\">\n\t\t\t\t\t<h3 class=\"elementor-heading-title elementor-size-default\">Un lugar con historia y ra\u00edces coloniales<\/h3>\t\t\t\t<\/div>\n\t\t\t\t\t<\/div>\n\t\t\t\t<\/div>\n\t\t<div data-particle_enable=\"false\" data-particle-mobile-disabled=\"false\" class=\"elementor-element elementor-element-1f1cd61 e-flex e-con-boxed e-con e-parent\" data-id=\"1f1cd61\" data-element_type=\"container\" data-e-type=\"container\">\n\t\t\t\t\t<div class=\"e-con-inner\">\n\t\t\t\t<div class=\"elementor-element elementor-element-070468f elementor-widget elementor-widget-text-editor\" data-id=\"070468f\" data-element_type=\"widget\" data-e-type=\"widget\" data-widget_type=\"text-editor.default\">\n\t\t\t\t\t\t\t\t\t<p><a href=\"https:\/\/soymigrante.com\/revista\/descubre-la-ruta-historica-de-la-ciudad-de-guatemala-un-viaje-de-memorias\/\" target=\"_blank\" rel=\"noopener\">El Cerrito del Carmen se encuentra sobre una elevaci\u00f3n natural en la zona 1, al final de la 1a avenida, a pocos minutos del centro hist\u00f3rico.<\/a> Seg\u00fan historiadores, fue en este sitio donde los primeros espa\u00f1oles asentados en el Valle de la Ermita establecieron un oratorio en honor a la Virgen del Carmen en el a\u00f1o 1620, marcando as\u00ed el primer santuario cat\u00f3lico construido en el valle, antes de que la ciudad fuera oficialmente fundada.<\/p><p>El templo actual ha sido restaurado varias veces, pero conserva su estilo colonial y sobrio, con un ambiente de recogimiento y paz. La iglesia es visitada por devotos especialmente en el mes de julio, cuando se celebra la festividad de la Virgen del Carmen con actividades religiosas y culturales.<\/p>\t\t\t\t\t\t\t\t<\/div>\n\t\t\t\t\t<\/div>\n\t\t\t\t<\/div>\n\t\t<div data-particle_enable=\"false\" data-particle-mobile-disabled=\"false\" class=\"elementor-element elementor-element-3f301d5 e-flex e-con-boxed e-con e-parent\" data-id=\"3f301d5\" data-element_type=\"container\" data-e-type=\"container\">\n\t\t\t\t\t<div class=\"e-con-inner\">\n\t\t\t\t<div class=\"elementor-element elementor-element-57325da elementor-widget elementor-widget-image\" data-id=\"57325da\" data-element_type=\"widget\" data-e-type=\"widget\" data-widget_type=\"image.default\">\n\t\t\t\t\t\t\t\t\t\t\t\t<figure class=\"wp-caption\">\n\t\t\t\t\t\t\t\t\t\t<img fetchpriority=\"high\" decoding=\"async\" width=\"768\" height=\"474\" src=\"https:\/\/soymigrante.com\/revista\/wp-content\/uploads\/2025\/07\/cerrito-del-carmen-4-1024x632.jpg\" class=\"attachment-large size-large wp-image-39553\" alt=\"Caminito empedrado hacia una iglesia colonial blanca en un entorno tropical en M\u00e9xico.\" srcset=\"https:\/\/soymigrante.com\/revista\/wp-content\/uploads\/2025\/07\/cerrito-del-carmen-4-1024x632.jpg 1024w, https:\/\/soymigrante.com\/revista\/wp-content\/uploads\/2025\/07\/cerrito-del-carmen-4-300x185.jpg 300w, https:\/\/soymigrante.com\/revista\/wp-content\/uploads\/2025\/07\/cerrito-del-carmen-4-768x474.jpg 768w, https:\/\/soymigrante.com\/revista\/wp-content\/uploads\/2025\/07\/cerrito-del-carmen-4-750x463.webp 750w, https:\/\/soymigrante.com\/revista\/wp-content\/uploads\/2025\/07\/cerrito-del-carmen-4-1140x704.jpg 1140w, https:\/\/soymigrante.com\/revista\/wp-content\/uploads\/2025\/07\/cerrito-del-carmen-4.webp 1226w\" sizes=\"(max-width: 768px) 100vw, 768px\" title=\"El Cerrito del Carmen es un lugar lleno de historia. (Foto: INGUAT) \u2013 SoyMigrante.com REVISTA\" \/>\t\t\t\t\t\t\t\t\t\t\t<figcaption class=\"widget-image-caption wp-caption-text\">Caminos hist\u00f3ricos en pueblos mexicanos con arquitectura colonial y vegetaci\u00f3n exuberante.<\/figcaption>\n\t\t\t\t\t\t\t\t\t\t<\/figure>\n\t\t\t\t\t\t\t\t\t<\/div>\n\t\t\t\t\t<\/div>\n\t\t\t\t<\/div>\n\t\t<div data-particle_enable=\"false\" data-particle-mobile-disabled=\"false\" class=\"elementor-element elementor-element-33564ff e-flex e-con-boxed e-con e-parent\" data-id=\"33564ff\" data-element_type=\"container\" data-e-type=\"container\">\n\t\t\t\t\t<div class=\"e-con-inner\">\n\t\t\t\t<div class=\"elementor-element elementor-element-ec3f883 elementor-widget elementor-widget-heading\" data-id=\"ec3f883\" data-element_type=\"widget\" data-e-type=\"widget\" data-widget_type=\"heading.default\">\n\t\t\t\t\t<h3 class=\"elementor-heading-title elementor-size-default\">Ubicaci\u00f3n privilegiada y vista panor\u00e1mica<\/h3>\t\t\t\t<\/div>\n\t\t\t\t\t<\/div>\n\t\t\t\t<\/div>\n\t\t<div data-particle_enable=\"false\" data-particle-mobile-disabled=\"false\" class=\"elementor-element elementor-element-b822d91 e-flex e-con-boxed e-con e-parent\" data-id=\"b822d91\" data-element_type=\"container\" data-e-type=\"container\">\n\t\t\t\t\t<div class=\"e-con-inner\">\n\t\t\t\t<div class=\"elementor-element elementor-element-6cccf90 elementor-widget elementor-widget-text-editor\" data-id=\"6cccf90\" data-element_type=\"widget\" data-e-type=\"widget\" data-widget_type=\"text-editor.default\">\n\t\t\t\t\t\t\t\t\t<p>El Cerrito est\u00e1 en una peque\u00f1a colina rodeada por un parque arbolado que sirve de pulm\u00f3n natural en el coraz\u00f3n urbano de la capital. Desde lo alto se tiene una vista privilegiada del Centro Hist\u00f3rico y, en d\u00edas despejados, se pueden observar los volcanes que rodean el Valle de la Ermita.<\/p><p>Adem\u00e1s de su valor hist\u00f3rico, <a href=\"https:\/\/soymigrante.com\/revista\/descubre-la-ruta-historica-de-la-ciudad-de-guatemala-un-viaje-de-memorias\/\" target=\"_blank\" rel=\"noopener\">el lugar es un refugio de tranquilidad para muchas personas que desean caminar, meditar o simplemente alejarse del ruido de la ciudad.<\/a> El parque cuenta con senderos, bancas, \u00e1reas verdes y espacios para la contemplaci\u00f3n.<\/p>\t\t\t\t\t\t\t\t<\/div>\n\t\t\t\t\t<\/div>\n\t\t\t\t<\/div>\n\t\t<div data-particle_enable=\"false\" data-particle-mobile-disabled=\"false\" class=\"elementor-element elementor-element-c662c42 e-flex e-con-boxed e-con e-parent\" data-id=\"c662c42\" data-element_type=\"container\" data-e-type=\"container\">\n\t\t\t\t\t<div class=\"e-con-inner\">\n\t\t\t\t<div class=\"elementor-element elementor-element-fedeb1d elementor-widget elementor-widget-google_maps\" data-id=\"fedeb1d\" data-element_type=\"widget\" data-e-type=\"widget\" data-widget_type=\"google_maps.default\">\n\t\t\t\t\t\t\t<div class=\"elementor-custom-embed\">\n\t\t\t<iframe loading=\"lazy\"\n\t\t\t\t\tsrc=\"https:\/\/maps.google.com\/maps?q=CERRITO%20DEL%20CARMEN&#038;t=m&#038;z=10&#038;output=embed&#038;iwloc=near\"\n\t\t\t\t\ttitle=\"CERRITO DEL CARMEN\"\n\t\t\t\t\taria-label=\"CERRITO DEL CARMEN\"\n\t\t\t><\/iframe>\n\t\t<\/div>\n\t\t\t\t\t\t<\/div>\n\t\t\t\t\t<\/div>\n\t\t\t\t<\/div>\n\t\t<div data-particle_enable=\"false\" data-particle-mobile-disabled=\"false\" class=\"elementor-element elementor-element-6188583 e-flex e-con-boxed e-con e-parent\" data-id=\"6188583\" data-element_type=\"container\" data-e-type=\"container\">\n\t\t\t\t\t<div class=\"e-con-inner\">\n\t\t\t\t<div class=\"elementor-element elementor-element-67217eb elementor-widget elementor-widget-heading\" data-id=\"67217eb\" data-element_type=\"widget\" data-e-type=\"widget\" data-widget_type=\"heading.default\">\n\t\t\t\t\t<h3 class=\"elementor-heading-title elementor-size-default\">Las leyendas del Cerrito del Carmen<\/h3>\t\t\t\t<\/div>\n\t\t\t\t\t<\/div>\n\t\t\t\t<\/div>\n\t\t<div data-particle_enable=\"false\" data-particle-mobile-disabled=\"false\" class=\"elementor-element elementor-element-773958b e-flex e-con-boxed e-con e-parent\" data-id=\"773958b\" data-element_type=\"container\" data-e-type=\"container\">\n\t\t\t\t\t<div class=\"e-con-inner\">\n\t\t\t\t<div class=\"elementor-element elementor-element-b3aae15 elementor-widget elementor-widget-text-editor\" data-id=\"b3aae15\" data-element_type=\"widget\" data-e-type=\"widget\" data-widget_type=\"text-editor.default\">\n\t\t\t\t\t\t\t\t\t<p><a href=\"https:\/\/soymigrante.com\/revista\/descubre-la-ruta-historica-de-la-ciudad-de-guatemala-un-viaje-de-memorias\/\" target=\"_blank\" rel=\"noopener\">Como muchos sitios antiguos de Guatemala, el Cerrito tambi\u00e9n tiene su carga de leyendas y relatos populares.<\/a> Una de las m\u00e1s conocidas habla de una monja fantasmal que aparece en los caminos del cerrito al caer la noche, flotando entre los \u00e1rboles y rezando. Algunos aseguran que se trata del alma de una devota que muri\u00f3 en pecado y a\u00fan busca redenci\u00f3n.<\/p><p>Otra historia cuenta que en el cerro exist\u00eda una gruta oculta que llevaba a t\u00faneles subterr\u00e1neos, conectando con antiguos refugios coloniales. Aunque nunca se ha comprobado, muchos visitantes afirman haber sentido presencias misteriosas y energ\u00edas distintas en ciertos puntos del parque.<\/p>\t\t\t\t\t\t\t\t<\/div>\n\t\t\t\t\t<\/div>\n\t\t\t\t<\/div>\n\t\t<div data-particle_enable=\"false\" data-particle-mobile-disabled=\"false\" class=\"elementor-element elementor-element-6a0cff7 e-flex e-con-boxed e-con e-parent\" data-id=\"6a0cff7\" data-element_type=\"container\" data-e-type=\"container\">\n\t\t\t\t\t<div class=\"e-con-inner\">\n\t\t\t\t<div class=\"elementor-element elementor-element-ff1854a elementor-widget elementor-widget-image\" data-id=\"ff1854a\" data-element_type=\"widget\" data-e-type=\"widget\" data-widget_type=\"image.default\">\n\t\t\t\t\t\t\t\t\t\t\t\t<figure class=\"wp-caption\">\n\t\t\t\t\t\t\t\t\t\t<img decoding=\"async\" width=\"768\" height=\"512\" src=\"https:\/\/soymigrante.com\/revista\/wp-content\/uploads\/2025\/07\/cerrito-del-carmen-3-1024x683.jpg\" class=\"attachment-large size-large wp-image-39554\" alt=\"Castillo colonial blanco y antigua iglesia en Tulum, Yucat\u00e1n, M\u00e9xico, con cielo azul y vegetaci\u00f3n, representando historia y cultura mexicana.\" srcset=\"https:\/\/soymigrante.com\/revista\/wp-content\/uploads\/2025\/07\/cerrito-del-carmen-3-1024x683.jpg 1024w, https:\/\/soymigrante.com\/revista\/wp-content\/uploads\/2025\/07\/cerrito-del-carmen-3-300x200.jpg 300w, https:\/\/soymigrante.com\/revista\/wp-content\/uploads\/2025\/07\/cerrito-del-carmen-3-768x512.jpg 768w, https:\/\/soymigrante.com\/revista\/wp-content\/uploads\/2025\/07\/cerrito-del-carmen-3-1536x1024.jpg 1536w, https:\/\/soymigrante.com\/revista\/wp-content\/uploads\/2025\/07\/cerrito-del-carmen-3-750x500.webp 750w, https:\/\/soymigrante.com\/revista\/wp-content\/uploads\/2025\/07\/cerrito-del-carmen-3-1140x760.jpg 1140w, https:\/\/soymigrante.com\/revista\/wp-content\/uploads\/2025\/07\/cerrito-del-carmen-3.webp 1900w\" sizes=\"(max-width: 768px) 100vw, 768px\" title=\"El Cerrito del Carmen es conocido por ser un pulm\u00f3n de la ciudad. (Foto: INGUAT) \u2013 SoyMigrante.com REVISTA\" \/>\t\t\t\t\t\t\t\t\t\t\t<figcaption class=\"widget-image-caption wp-caption-text\">Imagen de un castillo blanco en Tulum, Yucat\u00e1n, con detalles arquitect\u00f3nicos hist\u00f3ricos, bajo un cielo despejado, rodeado de vegetaci\u00f3n, ideal para contenido sobre turismo y patrimonio mexicano.<\/figcaption>\n\t\t\t\t\t\t\t\t\t\t<\/figure>\n\t\t\t\t\t\t\t\t\t<\/div>\n\t\t\t\t\t<\/div>\n\t\t\t\t<\/div>\n\t\t<div data-particle_enable=\"false\" data-particle-mobile-disabled=\"false\" class=\"elementor-element elementor-element-7ae37a1 e-flex e-con-boxed e-con e-parent\" data-id=\"7ae37a1\" data-element_type=\"container\" data-e-type=\"container\">\n\t\t\t\t\t<div class=\"e-con-inner\">\n\t\t\t\t<div class=\"elementor-element elementor-element-31db324 elementor-widget elementor-widget-heading\" data-id=\"31db324\" data-element_type=\"widget\" data-e-type=\"widget\" data-widget_type=\"heading.default\">\n\t\t\t\t\t<h3 class=\"elementor-heading-title elementor-size-default\">Atractivos culturales y religiosos<\/h3>\t\t\t\t<\/div>\n\t\t\t\t\t<\/div>\n\t\t\t\t<\/div>\n\t\t<div data-particle_enable=\"false\" data-particle-mobile-disabled=\"false\" class=\"elementor-element elementor-element-7c79dbf e-flex e-con-boxed e-con e-parent\" data-id=\"7c79dbf\" data-element_type=\"container\" data-e-type=\"container\">\n\t\t\t\t\t<div class=\"e-con-inner\">\n\t\t\t\t<div class=\"elementor-element elementor-element-34a6d9a elementor-widget elementor-widget-text-editor\" data-id=\"34a6d9a\" data-element_type=\"widget\" data-e-type=\"widget\" data-widget_type=\"text-editor.default\">\n\t\t\t\t\t\t\t\t\t<div><strong>\u2022Iglesia del Cerrito del Carmen:<\/strong> uno de los templos m\u00e1s antiguos del pa\u00eds, de arquitectura colonial.<\/div><div><strong>\u2022Parque y mirador:<\/strong> ideal para paseos familiares, lectura y fotograf\u00eda.<\/div><div><strong>\u2022Murales y arte urbano:<\/strong> algunos espacios del cerrito han sido intervenidos con murales que cuentan parte de su historia.<\/div><div><strong>\u2022Fiesta patronal en julio:<\/strong> procesiones, misas, ferias y eventos art\u00edsticos en honor a la Virgen del Carmen.<\/div>\t\t\t\t\t\t\t\t<\/div>\n\t\t\t\t\t<\/div>\n\t\t\t\t<\/div>\n\t\t<div data-particle_enable=\"false\" data-particle-mobile-disabled=\"false\" class=\"elementor-element elementor-element-1ac4c80 e-flex e-con-boxed e-con e-parent\" data-id=\"1ac4c80\" data-element_type=\"container\" data-e-type=\"container\">\n\t\t\t\t\t<div class=\"e-con-inner\">\n\t\t\t\t<div class=\"elementor-element elementor-element-5915c92 elementor-widget elementor-widget-image\" data-id=\"5915c92\" data-element_type=\"widget\" data-e-type=\"widget\" data-widget_type=\"image.default\">\n\t\t\t\t\t\t\t\t\t\t\t\t<figure class=\"wp-caption\">\n\t\t\t\t\t\t\t\t\t\t<img decoding=\"async\" width=\"768\" height=\"512\" src=\"https:\/\/soymigrante.com\/revista\/wp-content\/uploads\/2025\/07\/cerrito-del-carmen-1.webp\" class=\"attachment-large size-large wp-image-39555\" alt=\"Majestuosa iglesia colonial blanca en un atardecer dorado, rodeada de palmeras y naturaleza, reflejando historia y cultura en un entorno tradicional.\" srcset=\"https:\/\/soymigrante.com\/revista\/wp-content\/uploads\/2025\/07\/cerrito-del-carmen-1.webp 1024w, https:\/\/soymigrante.com\/revista\/wp-content\/uploads\/2025\/07\/cerrito-del-carmen-1-300x200.jpg 300w, https:\/\/soymigrante.com\/revista\/wp-content\/uploads\/2025\/07\/cerrito-del-carmen-1-768x512.jpg 768w, https:\/\/soymigrante.com\/revista\/wp-content\/uploads\/2025\/07\/cerrito-del-carmen-1-750x500.webp 750w\" sizes=\"(max-width: 768px) 100vw, 768px\" title=\"El Cerrito del Carmen es un lugar donde se cuentan leyendas y apreciado en la cultura. (Foto: INGUAT) \u2013 SoyMigrante.com REVISTA\" \/>\t\t\t\t\t\t\t\t\t\t\t<figcaption class=\"widget-image-caption wp-caption-text\">Iglesia hist\u00f3rica en un hermoso atardecer con arquitectura colonial blanca, rodeada de naturaleza y palmeras, reflejando la riqueza cultural y religiosa del lugar.<\/figcaption>\n\t\t\t\t\t\t\t\t\t\t<\/figure>\n\t\t\t\t\t\t\t\t\t<\/div>\n\t\t\t\t\t<\/div>\n\t\t\t\t<\/div>\n\t\t<div data-particle_enable=\"false\" data-particle-mobile-disabled=\"false\" class=\"elementor-element elementor-element-51be3ba e-flex e-con-boxed e-con e-parent\" data-id=\"51be3ba\" data-element_type=\"container\" data-e-type=\"container\">\n\t\t\t\t\t<div class=\"e-con-inner\">\n\t\t\t\t<div class=\"elementor-element elementor-element-b9d2c72 elementor-widget elementor-widget-heading\" data-id=\"b9d2c72\" data-element_type=\"widget\" data-e-type=\"widget\" data-widget_type=\"heading.default\">\n\t\t\t\t\t<h3 class=\"elementor-heading-title elementor-size-default\">Renovaci\u00f3n y protecci\u00f3n del patrimonio<\/h3>\t\t\t\t<\/div>\n\t\t\t\t\t<\/div>\n\t\t\t\t<\/div>\n\t\t<div data-particle_enable=\"false\" data-particle-mobile-disabled=\"false\" class=\"elementor-element elementor-element-a24116d e-flex e-con-boxed e-con e-parent\" data-id=\"a24116d\" data-element_type=\"container\" data-e-type=\"container\">\n\t\t\t\t\t<div class=\"e-con-inner\">\n\t\t\t\t<div class=\"elementor-element elementor-element-3ffd944 elementor-widget elementor-widget-text-editor\" data-id=\"3ffd944\" data-element_type=\"widget\" data-e-type=\"widget\" data-widget_type=\"text-editor.default\">\n\t\t\t\t\t\t\t\t\t<p><a href=\"https:\/\/soymigrante.com\/revista\/descubre-la-ruta-historica-de-la-ciudad-de-guatemala-un-viaje-de-memorias\/\" target=\"_blank\" rel=\"noopener\">En a\u00f1os recientes, el Cerrito del Carmen ha sido objeto de varios proyectos de restauraci\u00f3n y revitalizaci\u00f3n,<\/a> gracias al apoyo de la Municipalidad de Guatemala y organizaciones culturales. Se han mejorado los senderos, instalado iluminaci\u00f3n, rescatado \u00e1reas verdes y promovido actividades comunitarias para devolverle vida al lugar.<\/p><p>Sin embargo, tambi\u00e9n ha enfrentado desaf\u00edos como la inseguridad, el abandono en ciertos periodos y el vandalismo. Por eso, vecinos y colectivos culturales han solicitado que se mantenga como un espacio protegido, seguro y limpio, dada su importancia hist\u00f3rica.<\/p>\t\t\t\t\t\t\t\t<\/div>\n\t\t\t\t\t<\/div>\n\t\t\t\t<\/div>\n\t\t<div data-particle_enable=\"false\" data-particle-mobile-disabled=\"false\" class=\"elementor-element elementor-element-2902012 e-flex e-con-boxed e-con e-parent\" data-id=\"2902012\" data-element_type=\"container\" data-e-type=\"container\">\n\t\t\t\t\t<div class=\"e-con-inner\">\n\t\t\t\t<div class=\"elementor-element elementor-element-1b1a71e elementor-widget elementor-widget-image\" data-id=\"1b1a71e\" data-element_type=\"widget\" data-e-type=\"widget\" data-widget_type=\"image.default\">\n\t\t\t\t\t\t\t\t\t\t\t\t<figure class=\"wp-caption\">\n\t\t\t\t\t\t\t\t\t\t<img loading=\"lazy\" decoding=\"async\" width=\"768\" height=\"384\" src=\"https:\/\/soymigrante.com\/revista\/wp-content\/uploads\/2025\/07\/Cerrito-del-carmen-2.webp\" class=\"attachment-large size-large wp-image-39556\" alt=\"Paisaje de un parque con c\u00e9sped y \u00e1rboles en una ciudad mexicana, capture de una revista en SoyMigrante.com REVISTA que destaca temas migratorios y cultura en M\u00e9xico.\" srcset=\"https:\/\/soymigrante.com\/revista\/wp-content\/uploads\/2025\/07\/Cerrito-del-carmen-2.webp 800w, https:\/\/soymigrante.com\/revista\/wp-content\/uploads\/2025\/07\/Cerrito-del-carmen-2-300x150.jpg 300w, https:\/\/soymigrante.com\/revista\/wp-content\/uploads\/2025\/07\/Cerrito-del-carmen-2-768x384.jpg 768w, https:\/\/soymigrante.com\/revista\/wp-content\/uploads\/2025\/07\/Cerrito-del-carmen-2-360x180.webp 360w, https:\/\/soymigrante.com\/revista\/wp-content\/uploads\/2025\/07\/Cerrito-del-carmen-2-750x375.jpg 750w\" sizes=\"(max-width: 768px) 100vw, 768px\" title=\"El Cerrito del Carmen es conocido por sus jardines. (Foto: INGUAT) \u2013 SoyMigrante.com REVISTA\" \/>\t\t\t\t\t\t\t\t\t\t\t<figcaption class=\"widget-image-caption wp-caption-text\">Un parque en M\u00e9xico con c\u00e9sped, \u00e1rboles y vistas a un edificio blanco en un d\u00eda soleado, ilustrando temas de migraci\u00f3n y cultura para la revista SoyMigrante.com.<\/figcaption>\n\t\t\t\t\t\t\t\t\t\t<\/figure>\n\t\t\t\t\t\t\t\t\t<\/div>\n\t\t\t\t\t<\/div>\n\t\t\t\t<\/div>\n\t\t<div data-particle_enable=\"false\" data-particle-mobile-disabled=\"false\" class=\"elementor-element elementor-element-360ba03 e-flex e-con-boxed e-con e-parent\" data-id=\"360ba03\" data-element_type=\"container\" data-e-type=\"container\">\n\t\t\t\t\t<div class=\"e-con-inner\">\n\t\t\t\t<div class=\"elementor-element elementor-element-a4cd3ea elementor-widget elementor-widget-text-editor\" data-id=\"a4cd3ea\" data-element_type=\"widget\" data-e-type=\"widget\" data-widget_type=\"text-editor.default\">\n\t\t\t\t\t\t\t\t\t<p><a href=\"https:\/\/soymigrante.com\/revista\/descubre-la-ruta-historica-de-la-ciudad-de-guatemala-un-viaje-de-memorias\/\" target=\"_blank\" rel=\"noopener\">El Cerrito del Carmen no es solo un punto geogr\u00e1fico; es el coraz\u00f3n espiritual y fundacional de la Ciudad de Guatemala.<\/a> Sus \u00e1rboles centenarios, su peque\u00f1a iglesia y sus leyendas lo convierten en un sitio lleno de memoria, identidad y fe. Visitarlo es hacer un viaje al pasado, al origen mismo de la ciudad capital.<\/p>\t\t\t\t\t\t\t\t<\/div>\n\t\t\t\t\t<\/div>\n\t\t\t\t<\/div>\n\t\t<div data-particle_enable=\"false\" data-particle-mobile-disabled=\"false\" class=\"elementor-element elementor-element-b529610 e-flex e-con-boxed e-con e-parent\" data-id=\"b529610\" data-element_type=\"container\" data-e-type=\"container\">\n\t\t\t\t\t<div class=\"e-con-inner\">\n\t\t\t\t<div class=\"elementor-element elementor-element-31d62d6 elementor-widget elementor-widget-heading\" data-id=\"31d62d6\" data-element_type=\"widget\" data-e-type=\"widget\" data-widget_type=\"heading.default\">\n\t\t\t\t\t<h2 class=\"elementor-heading-title elementor-size-default\">Conoce m\u00e1s de otros lugares, ac\u00e1...<\/h2>\t\t\t\t<\/div>\n\t\t\t\t\t<\/div>\n\t\t\t\t<\/div>\n\t\t<div data-particle_enable=\"false\" data-particle-mobile-disabled=\"false\" class=\"elementor-element elementor-element-5bc3bb9 e-flex e-con-boxed e-con e-parent\" data-id=\"5bc3bb9\" data-element_type=\"container\" data-e-type=\"container\">\n\t\t\t\t\t<div class=\"e-con-inner\">\n\t\t\t\t<div class=\"elementor-element elementor-element-0fb7840 elementor-grid-eael-col-3 elementor-grid-tablet-eael-col-2 elementor-grid-mobile-eael-col-1 elementor-invisible elementor-widget elementor-widget-eael-post-grid\" data-id=\"0fb7840\" data-element_type=\"widget\" data-e-type=\"widget\" data-settings=\"{&quot;eael_post_grid_columns&quot;:&quot;eael-col-3&quot;,&quot;_animation&quot;:&quot;rollIn&quot;,&quot;eael_post_grid_columns_tablet&quot;:&quot;eael-col-2&quot;,&quot;eael_post_grid_columns_mobile&quot;:&quot;eael-col-1&quot;}\" data-widget_type=\"eael-post-grid.default\">\n\t\t\t\t\t<div id=\"eael-post-grid-0fb7840\" class=\"eael-post-grid-container\">\n            <div class=\"eael-post-grid eael-post-appender eael-post-appender-0fb7840 eael-post-grid-style-one\" data-layout-mode=\"masonry\"><article class=\"eael-grid-post  eael-post-grid-column eael-pg-post-39004 category-guate-nuestra\" data-id=\"39004\">\n        <div class=\"eael-grid-post-holder\">\n            <div class=\"eael-grid-post-holder-inner\"><div class=\"eael-entry-media\"><div class=\"eael-entry-overlay fade-in\"><i class=\"far fa-hand-pointer\" aria-hidden=\"true\"><\/i><a href=\"https:\/\/soymigrante.com\/revista\/el-arco-de-gucumatz-es-la-entrada-sagrada-a-chichicastenango\/\"><\/a><\/div><div class=\"eael-entry-thumbnail \">\n                <img loading=\"lazy\" decoding=\"async\" width=\"768\" height=\"1024\" src=\"https:\/\/soymigrante.com\/revista\/wp-content\/uploads\/2025\/07\/El-Arco-de-Gucumatz-la-entrada-sagrada-de-Chichicastenango4-768x1024.jpeg\" class=\"attachment-large size-large wp-image-39005\" alt=\"Puerta monumental en un callej\u00f3n empedrado con mural colorido en la entrada, cielo despejado, vista de la ciudad y paisaje en el fondo, relevante para art\u00edculos sobre cultura y arquitectura mexicana.\" \/>\n            <\/div>\n        <\/div><div class=\"eael-entry-wrapper\"><header class=\"eael-entry-header\"><h2 class=\"eael-entry-title\"><a class=\"eael-grid-post-link\" href=\"https:\/\/soymigrante.com\/revista\/el-arco-de-gucumatz-es-la-entrada-sagrada-a-chichicastenango\/\" title=\"El Arco de Gucumatz es la entrada sagrada a Chichicastenango\">El Arco de Gucumatz es la entrada sagrada a Chichicastenango<\/a><\/h2><\/header><div class=\"eael-entry-content\">\n                        <div class=\"eael-grid-post-excerpt\"><a href=\"https:\/\/soymigrante.com\/revista\/el-arco-de-gucumatz-es-la-entrada-sagrada-a-chichicastenango\/\" class=\"eael-post-elements-readmore-btn\">CONOCE SU HISTORIA <\/a><\/div>\n                    <\/div><\/div><\/div>\n        <\/div>\n    <\/article><article class=\"eael-grid-post  eael-post-grid-column eael-pg-post-38394 category-guate-nuestra\" data-id=\"38394\">\n        <div class=\"eael-grid-post-holder\">\n            <div class=\"eael-grid-post-holder-inner\"><div class=\"eael-entry-media\"><div class=\"eael-entry-overlay fade-in\"><i class=\"far fa-hand-pointer\" aria-hidden=\"true\"><\/i><a href=\"https:\/\/soymigrante.com\/revista\/lugares-emblematicos-de-guatemala-el-palacio-nacional-de-la-cultura\/\"><\/a><\/div><div class=\"eael-entry-thumbnail \">\n                <img loading=\"lazy\" decoding=\"async\" width=\"940\" height=\"627\" src=\"https:\/\/soymigrante.com\/revista\/wp-content\/uploads\/2025\/07\/palacio-nacional-de-la-cultura-e1751579496903.webp\" class=\"attachment-large size-large wp-image-38395\" alt=\"Palacio del Congreso de Guatemala con bandera nacional y vista del edificio hist\u00f3rico en el centro de la ciudad.\" \/>\n            <\/div>\n        <\/div><div class=\"eael-entry-wrapper\"><header class=\"eael-entry-header\"><h2 class=\"eael-entry-title\"><a class=\"eael-grid-post-link\" href=\"https:\/\/soymigrante.com\/revista\/lugares-emblematicos-de-guatemala-el-palacio-nacional-de-la-cultura\/\" title=\"Lugares emblem\u00e1ticos de Guatemala: el Palacio Nacional de la Cultura\">Lugares emblem\u00e1ticos de Guatemala: el Palacio Nacional de la Cultura<\/a><\/h2><\/header><div class=\"eael-entry-content\">\n                        <div class=\"eael-grid-post-excerpt\"><a href=\"https:\/\/soymigrante.com\/revista\/lugares-emblematicos-de-guatemala-el-palacio-nacional-de-la-cultura\/\" class=\"eael-post-elements-readmore-btn\">CONOCE SU HISTORIA <\/a><\/div>\n                    <\/div><\/div><\/div>\n        <\/div>\n    <\/article><article class=\"eael-grid-post  eael-post-grid-column eael-pg-post-38501 category-guate-nuestra\" data-id=\"38501\">\n        <div class=\"eael-grid-post-holder\">\n            <div class=\"eael-grid-post-holder-inner\"><div class=\"eael-entry-media\"><div class=\"eael-entry-overlay fade-in\"><i class=\"far fa-hand-pointer\" aria-hidden=\"true\"><\/i><a href=\"https:\/\/soymigrante.com\/revista\/palacio-maya-de-san-marcos-7-datos-fascinantes\/\"><\/a><\/div><div class=\"eael-entry-thumbnail \">\n                <img loading=\"lazy\" decoding=\"async\" width=\"885\" height=\"500\" src=\"https:\/\/soymigrante.com\/revista\/wp-content\/uploads\/2025\/07\/palacio-maya-e1751655372494.webp\" class=\"attachment-large size-large wp-image-38502\" alt=\"Edificio hist\u00f3rico con reloj en fachada y detalles arquitect\u00f3nicos ornamentales, en un d\u00eda soleado con cielo parcialmente nublado en la ciudad.\" \/>\n            <\/div>\n        <\/div><div class=\"eael-entry-wrapper\"><header class=\"eael-entry-header\"><h2 class=\"eael-entry-title\"><a class=\"eael-grid-post-link\" href=\"https:\/\/soymigrante.com\/revista\/palacio-maya-de-san-marcos-7-datos-fascinantes\/\" title=\"Palacio Maya de San Marcos: 7 datos fascinantes\">Palacio Maya de San Marcos: 7 datos fascinantes<\/a><\/h2><\/header><div class=\"eael-entry-content\">\n                        <div class=\"eael-grid-post-excerpt\"><a href=\"https:\/\/soymigrante.com\/revista\/palacio-maya-de-san-marcos-7-datos-fascinantes\/\" class=\"eael-post-elements-readmore-btn\">CONOCE SU HISTORIA <\/a><\/div>\n                    <\/div><\/div><\/div>\n        <\/div>\n    <\/article><\/div>\n            <div class=\"clearfix\"><\/div>\n        <\/div>\t\t\t\t<\/div>\n\t\t\t\t\t<\/div>\n\t\t\t\t<\/div>\n\t\t\t\t<\/div>\n\t\t","protected":false},"excerpt":{"rendered":"<p>El Cerrito del Carmen es un lugar especial y lleno de espiritualidad en la Ciudad de Guatemala. Mucho antes de que existiera la actual Ciudad de Guatemala, ya se alzaba en una peque\u00f1a colina la imagen de la Virgen del Carmen, en un santuario rodeado de \u00e1rboles y misterio. El Cerrito del Carmen, ubicado en [&hellip;]<\/p>\n","protected":false},"author":19,"featured_media":39547,"comment_status":"open","ping_status":"open","sticky":false,"template":"","format":"standard","meta":{"_acf_changed":false,"_eb_attr":"","footnotes":""},"categories":[58],"tags":[],"class_list":["post-39546","post","type-post","status-publish","format-standard","has-post-thumbnail","hentry","category-guate-nuestra"],"acf":[],"aioseo_notices":[],"aioseo_head":"\n\t\t<!-- All in One SEO Pro 4.9.6.2 - aioseo.com -->\n\t<meta name=\"description\" content=\"El Palacio Maya de San Marcos une historia, arte y cultura guatemalteca, es un monumento \u00fanico. Entre serpientes emplumadas, glifos mayas y un reloj ancestral, el Palacio Maya de San Marcos se erige como un s\u00edmbolo de reconciliaci\u00f3n, arte y resistencia cultural en el occidente de Guatemala. Ubicado en el coraz\u00f3n de San Marcos, este\" \/>\n\t<meta name=\"robots\" content=\"max-snippet:-1, max-image-preview:large, max-video-preview:-1\" \/>\n\t<meta name=\"author\" content=\"Marysabel Aldana\"\/>\n\t<link rel=\"canonical\" href=\"https:\/\/soymigrante.com\/revista\/el-cerrito-del-carmen-el-corazon-espiritual-de-la-ciudad-de-guatemala\/\" \/>\n\t<meta name=\"generator\" content=\"All in One SEO Pro (AIOSEO) 4.9.6.2\" \/>\n\n\t\t<link rel=\"preconnect\" href=\"https:\/\/fonts.googleapis.com\" crossorigin>\n<link rel=\"preconnect\" href=\"https:\/\/fonts.gstatic.com\" crossorigin>\n\t\t<meta property=\"og:locale\" content=\"es_ES\" \/>\n\t\t<meta property=\"og:site_name\" content=\"SoyMigrante.com REVISTA \u2013 Nuestra misi\u00f3n es reconocer y dignificar al migrante.\" \/>\n\t\t<meta property=\"og:type\" content=\"article\" \/>\n\t\t<meta property=\"og:title\" content=\"El Cerrito del Carmen: el coraz\u00f3n espiritual de la Ciudad de Guatemala\" \/>\n\t\t<meta property=\"og:description\" content=\"El Cerrito del Carmen es un lugar especial y lleno de espiritualidad en la Ciudad de Guatemala.\" \/>\n\t\t<meta property=\"og:url\" content=\"https:\/\/soymigrante.com\/revista\/el-cerrito-del-carmen-el-corazon-espiritual-de-la-ciudad-de-guatemala\/\" \/>\n\t\t<meta property=\"og:image\" content=\"https:\/\/soymigrante.com\/revista\/wp-content\/uploads\/2025\/07\/cerrito-del-carmen-5-e1752701694884.webp\" \/>\n\t\t<meta property=\"og:image:secure_url\" content=\"https:\/\/soymigrante.com\/revista\/wp-content\/uploads\/2025\/07\/cerrito-del-carmen-5-e1752701694884.webp\" \/>\n\t\t<meta property=\"og:image:width\" content=\"500\" \/>\n\t\t<meta property=\"og:image:height\" content=\"500\" \/>\n\t\t<meta property=\"article:published_time\" content=\"2025-07-21T14:00:00+00:00\" \/>\n\t\t<meta property=\"article:modified_time\" content=\"2025-07-21T03:04:57+00:00\" \/>\n\t\t<meta property=\"article:publisher\" content=\"https:\/\/www.facebook.com\/soymigrantecom\" \/>\n\t\t<meta name=\"twitter:card\" content=\"summary_large_image\" \/>\n\t\t<meta name=\"twitter:site\" content=\"@SoyMigrante_com\" \/>\n\t\t<meta name=\"twitter:title\" content=\"El Cerrito del Carmen: el coraz\u00f3n espiritual de la Ciudad de Guatemala\" \/>\n\t\t<meta name=\"twitter:description\" content=\"El Cerrito del Carmen es un lugar especial y lleno de espiritualidad en la Ciudad de Guatemala.\" \/>\n\t\t<meta name=\"twitter:creator\" content=\"@SoyMigrante_com\" \/>\n\t\t<meta name=\"twitter:image\" content=\"https:\/\/soymigrante.com\/revista\/wp-content\/uploads\/2025\/07\/cerrito-del-carmen-5-e1752701694884.webp\" \/>\n\t\t<!-- All in One SEO Pro -->\r\n\t\t<title>El Cerrito del Carmen: el coraz\u00f3n espiritual de la Ciudad de Guatemala<\/title>\n\n","aioseo_head_json":{"title":"El Cerrito del Carmen: el coraz\u00f3n espiritual de la Ciudad de Guatemala","description":"El Cerrito del Carmen es un lugar especial y lleno de espiritualidad en la Ciudad de Guatemala.","canonical_url":"https:\/\/soymigrante.com\/revista\/el-cerrito-del-carmen-el-corazon-espiritual-de-la-ciudad-de-guatemala\/","robots":"max-snippet:-1, max-image-preview:large, max-video-preview:-1","keywords":"","webmasterTools":{"miscellaneous":"&lt;link rel=\"preconnect\" href=\"https:\/\/fonts.googleapis.com\" crossorigin&gt;\n&lt;link rel=\"preconnect\" href=\"https:\/\/fonts.gstatic.com\" crossorigin&gt;"},"schema":null,"og:locale":"es_ES","og:site_name":"SoyMigrante.com REVISTA \u2013 Nuestra misi\u00f3n es reconocer y dignificar al migrante.","og:type":"article","og:title":"El Cerrito del Carmen: el coraz\u00f3n espiritual de la Ciudad de Guatemala","og:description":"El Cerrito del Carmen es un lugar especial y lleno de espiritualidad en la Ciudad de Guatemala.","og:url":"https:\/\/soymigrante.com\/revista\/el-cerrito-del-carmen-el-corazon-espiritual-de-la-ciudad-de-guatemala\/","og:image":"https:\/\/soymigrante.com\/revista\/wp-content\/uploads\/2025\/07\/cerrito-del-carmen-5-e1752701694884.webp","og:image:secure_url":"https:\/\/soymigrante.com\/revista\/wp-content\/uploads\/2025\/07\/cerrito-del-carmen-5-e1752701694884.webp","og:image:width":500,"og:image:height":500,"article:published_time":"2025-07-21T14:00:00+00:00","article:modified_time":"2025-07-21T03:04:57+00:00","article:publisher":"https:\/\/www.facebook.com\/soymigrantecom","twitter:card":"summary_large_image","twitter:site":"@SoyMigrante_com","twitter:title":"El Cerrito del Carmen: el coraz\u00f3n espiritual de la Ciudad de Guatemala","twitter:description":"El Cerrito del Carmen es un lugar especial y lleno de espiritualidad en la Ciudad de Guatemala.","twitter:creator":"@SoyMigrante_com","twitter:image":"https:\/\/soymigrante.com\/revista\/wp-content\/uploads\/2025\/07\/cerrito-del-carmen-5-e1752701694884.webp"},"aioseo_meta_data":{"post_id":"39546","title":null,"description":"El Cerrito del Carmen es un lugar especial y lleno de espiritualidad en la Ciudad de Guatemala.","keywords":null,"keyphrases":{"focus":{"keyphrase":"cerrito del carmen","score":91,"analysis":{"keyphraseInTitle":{"score":9,"maxScore":9,"error":0},"keyphraseInDescription":{"score":9,"maxScore":9,"error":0},"keyphraseLength":{"score":9,"maxScore":9,"error":0,"length":3},"keyphraseInURL":{"score":5,"maxScore":5,"error":0},"keyphraseInIntroduction":{"score":9,"maxScore":9,"error":0},"keyphraseInSubHeadings":{"score":3,"maxScore":9,"error":1},"keyphraseInImageAlt":{"score":9,"maxScore":9,"error":0},"keywordDensity":{"type":"best","score":9,"maxScore":9,"error":0}}},"additional":[{"keyphrase":"Guatemala","score":100,"analysis":{"keyphraseInDescription":{"score":9,"maxScore":9,"error":0},"keyphraseLength":{"score":9,"maxScore":9,"error":0,"length":1},"keyphraseInIntroduction":{"score":9,"maxScore":9,"error":0},"keyphraseInImageAlt":{"score":9,"maxScore":9,"error":0},"keywordDensity":{"type":"best","score":9,"maxScore":9,"error":0}}}]},"primary_term":null,"canonical_url":null,"og_title":null,"og_description":null,"og_object_type":"default","og_image_type":"default","og_image_url":null,"og_image_width":null,"og_image_height":null,"og_image_custom_url":null,"og_image_custom_fields":null,"og_video":"","og_custom_url":null,"og_article_section":null,"og_article_tags":null,"twitter_use_og":false,"twitter_card":"default","twitter_image_type":"default","twitter_image_url":null,"twitter_image_custom_url":null,"twitter_image_custom_fields":null,"twitter_title":null,"twitter_description":null,"schema":{"blockGraphs":[],"customGraphs":[],"default":{"data":{"Article":[],"Course":[],"Dataset":[],"FAQPage":[],"Movie":[],"Person":[],"Product":[],"ProductReview":[],"Car":[],"Recipe":[],"Service":[],"SoftwareApplication":[],"WebPage":[]},"graphName":"none","isEnabled":true},"graphs":[]},"schema_type":"default","schema_type_options":null,"pillar_content":false,"robots_default":true,"robots_noindex":false,"robots_noarchive":false,"robots_nosnippet":false,"robots_nofollow":false,"robots_noimageindex":false,"robots_noodp":false,"robots_notranslate":false,"robots_max_snippet":"-1","robots_max_videopreview":"-1","robots_max_imagepreview":"large","priority":null,"frequency":"default","local_seo":null,"seo_analyzer_scan_date":"2025-10-09 07:01:40","breadcrumb_settings":null,"limit_modified_date":false,"reviewed_by":"0","open_ai":null,"ai":{"faqs":[],"keyPoints":[],"titles":[],"descriptions":[],"socialPosts":{"email":[],"linkedin":[],"twitter":[],"facebook":[],"instagram":[]}},"created":"2025-07-16 21:36:00","updated":"2026-02-05 03:04:09"},"aioseo_breadcrumb":"<div class=\"aioseo-breadcrumbs\"><span class=\"aioseo-breadcrumb\">\n\t<a href=\"https:\/\/soymigrante.com\/revista\" title=\"Home\">Home<\/a>\n<\/span><span class=\"aioseo-breadcrumb-separator\">\u00bb<\/span><span class=\"aioseo-breadcrumb\">\n\t<a href=\"https:\/\/soymigrante.com\/revista\/category\/guate-nuestra\/\" title=\"Guate Nuestra\">Guate Nuestra<\/a>\n<\/span><span class=\"aioseo-breadcrumb-separator\">\u00bb<\/span><span class=\"aioseo-breadcrumb\">\n\tEl Cerrito del Carmen: el coraz\u00f3n espiritual de la Ciudad de Guatemala\n<\/span><\/div>","aioseo_breadcrumb_json":[{"label":"Home","link":"https:\/\/soymigrante.com\/revista"},{"label":"Guate Nuestra","link":"https:\/\/soymigrante.com\/revista\/category\/guate-nuestra\/"},{"label":"El Cerrito del Carmen: el coraz\u00f3n espiritual de la Ciudad de Guatemala","link":"https:\/\/soymigrante.com\/revista\/el-cerrito-del-carmen-el-corazon-espiritual-de-la-ciudad-de-guatemala\/"}],"_links":{"self":[{"href":"https:\/\/soymigrante.com\/revista\/wp-json\/wp\/v2\/posts\/39546","targetHints":{"allow":["GET"]}}],"collection":[{"href":"https:\/\/soymigrante.com\/revista\/wp-json\/wp\/v2\/posts"}],"about":[{"href":"https:\/\/soymigrante.com\/revista\/wp-json\/wp\/v2\/types\/post"}],"author":[{"embeddable":true,"href":"https:\/\/soymigrante.com\/revista\/wp-json\/wp\/v2\/users\/19"}],"replies":[{"embeddable":true,"href":"https:\/\/soymigrante.com\/revista\/wp-json\/wp\/v2\/comments?post=39546"}],"version-history":[{"count":12,"href":"https:\/\/soymigrante.com\/revista\/wp-json\/wp\/v2\/posts\/39546\/revisions"}],"predecessor-version":[{"id":39862,"href":"https:\/\/soymigrante.com\/revista\/wp-json\/wp\/v2\/posts\/39546\/revisions\/39862"}],"wp:featuredmedia":[{"embeddable":true,"href":"https:\/\/soymigrante.com\/revista\/wp-json\/wp\/v2\/media\/39547"}],"wp:attachment":[{"href":"https:\/\/soymigrante.com\/revista\/wp-json\/wp\/v2\/media?parent=39546"}],"wp:term":[{"taxonomy":"category","embeddable":true,"href":"https:\/\/soymigrante.com\/revista\/wp-json\/wp\/v2\/categories?post=39546"},{"taxonomy":"post_tag","embeddable":true,"href":"https:\/\/soymigrante.com\/revista\/wp-json\/wp\/v2\/tags?post=39546"}],"curies":[{"name":"wp","href":"https:\/\/api.w.org\/{rel}","templated":true}]}}