{"id":39488,"date":"2025-07-17T09:00:00","date_gmt":"2025-07-17T15:00:00","guid":{"rendered":"https:\/\/soymigrante.com\/revista\/?p=39488"},"modified":"2025-07-16T23:32:44","modified_gmt":"2025-07-17T05:32:44","slug":"blanqueamiento-dental-una-moda-segura-o-un-riesgo","status":"publish","type":"post","link":"https:\/\/soymigrante.com\/revista\/blanqueamiento-dental-una-moda-segura-o-un-riesgo\/","title":{"rendered":"Blanqueamiento dental: \u00bfuna moda segura o un riesgo?"},"content":{"rendered":"\t\t<div data-elementor-type=\"wp-post\" data-elementor-id=\"39488\" class=\"elementor elementor-39488\" data-elementor-post-type=\"post\">\n\t\t\t\t<div data-particle_enable=\"false\" data-particle-mobile-disabled=\"false\" class=\"elementor-element elementor-element-7bc9dcf e-flex e-con-boxed e-con e-parent\" data-id=\"7bc9dcf\" data-element_type=\"container\" data-e-type=\"container\">\n\t\t\t\t\t<div class=\"e-con-inner\">\n\t\t\t\t<div class=\"elementor-element elementor-element-d132395 elementor-widget elementor-widget-heading\" data-id=\"d132395\" data-element_type=\"widget\" data-e-type=\"widget\" data-widget_type=\"heading.default\">\n\t\t\t\t\t<h2 class=\"elementor-heading-title elementor-size-default\">El Blanqueamiento dental es un procedimiento que se debe conocer, antes de tomar la decisi\u00f3n de hac\u00e9rselo. <\/h2>\t\t\t\t<\/div>\n\t\t\t\t\t<\/div>\n\t\t\t\t<\/div>\n\t\t<div data-particle_enable=\"false\" data-particle-mobile-disabled=\"false\" class=\"elementor-element elementor-element-d22b707 e-flex e-con-boxed e-con e-parent\" data-id=\"d22b707\" data-element_type=\"container\" data-e-type=\"container\">\n\t\t\t\t\t<div class=\"e-con-inner\">\n\t\t\t\t<div class=\"elementor-element elementor-element-73e5412 elementor-widget elementor-widget-text-editor\" data-id=\"73e5412\" data-element_type=\"widget\" data-e-type=\"widget\" data-widget_type=\"text-editor.default\">\n\t\t\t\t\t\t\t\t\t<p><a href=\"https:\/\/soymigrante.com\/revista\/tratamientos-dentales-mas-se-practican-migrantes-guatemaltecos-al-visitar-guatemala\/\" target=\"_blank\" rel=\"noopener\">El deseo de lucir una sonrisa blanca y radiante ha hecho del blanqueamiento dental uno de los procedimientos est\u00e9ticos m\u00e1s populares en Guatemala.<\/a> Sin embargo, especialistas advierten que no es para todos y que su aplicaci\u00f3n sin control m\u00e9dico puede causar da\u00f1os irreversibles.<\/p>\t\t\t\t\t\t\t\t<\/div>\n\t\t\t\t\t<\/div>\n\t\t\t\t<\/div>\n\t\t<div data-particle_enable=\"false\" data-particle-mobile-disabled=\"false\" class=\"elementor-element elementor-element-7f85668 e-flex e-con-boxed e-con e-parent\" data-id=\"7f85668\" data-element_type=\"container\" data-e-type=\"container\">\n\t\t\t\t\t<div class=\"e-con-inner\">\n\t\t\t\t<div class=\"elementor-element elementor-element-8c7ed55 elementor-widget elementor-widget-heading\" data-id=\"8c7ed55\" data-element_type=\"widget\" data-e-type=\"widget\" data-widget_type=\"heading.default\">\n\t\t\t\t\t<h3 class=\"elementor-heading-title elementor-size-default\">Una sonrisa brillante, pero con precauci\u00f3n<\/h3>\t\t\t\t<\/div>\n\t\t\t\t\t<\/div>\n\t\t\t\t<\/div>\n\t\t<div data-particle_enable=\"false\" data-particle-mobile-disabled=\"false\" class=\"elementor-element elementor-element-dbae9a1 e-flex e-con-boxed e-con e-parent\" data-id=\"dbae9a1\" data-element_type=\"container\" data-e-type=\"container\">\n\t\t\t\t\t<div class=\"e-con-inner\">\n\t\t\t\t<div class=\"elementor-element elementor-element-a0e45f4 elementor-widget elementor-widget-text-editor\" data-id=\"a0e45f4\" data-element_type=\"widget\" data-e-type=\"widget\" data-widget_type=\"text-editor.default\">\n\t\t\t\t\t\t\t\t\t<p><a href=\"https:\/\/soymigrante.com\/revista\/tratamientos-dentales-mas-se-practican-migrantes-guatemaltecos-al-visitar-guatemala\/\" target=\"_blank\" rel=\"noopener\">El blanqueamiento dental es un tratamiento est\u00e9tico<\/a> que busca aclarar el tono natural de los dientes mediante agentes qu\u00edmicos como el per\u00f3xido de hidr\u00f3geno o per\u00f3xido de carbamida. Aunque su uso est\u00e1 aprobado por asociaciones odontol\u00f3gicas, no todos los casos califican para realizarlo y debe ser evaluado por un profesional.<\/p><p>Seg\u00fan la odont\u00f3loga, Andrea Gonz\u00e1lez, \u201cel blanqueamiento no es un procedimiento da\u00f1ino si se realiza bajo supervisi\u00f3n m\u00e9dica. El problema es que muchos pacientes lo hacen por su cuenta con productos no regulados o en lugares sin la debida certificaci\u00f3n\u201d.<\/p>\t\t\t\t\t\t\t\t<\/div>\n\t\t\t\t\t<\/div>\n\t\t\t\t<\/div>\n\t\t<div data-particle_enable=\"false\" data-particle-mobile-disabled=\"false\" class=\"elementor-element elementor-element-d020230 e-flex e-con-boxed e-con e-parent\" data-id=\"d020230\" data-element_type=\"container\" data-e-type=\"container\">\n\t\t\t\t\t<div class=\"e-con-inner\">\n\t\t\t\t<div class=\"elementor-element elementor-element-ba80287 elementor-widget elementor-widget-image\" data-id=\"ba80287\" data-element_type=\"widget\" data-e-type=\"widget\" data-widget_type=\"image.default\">\n\t\t\t\t\t\t\t\t\t\t\t\t<figure class=\"wp-caption\">\n\t\t\t\t\t\t\t\t\t\t<img fetchpriority=\"high\" decoding=\"async\" width=\"768\" height=\"576\" src=\"https:\/\/soymigrante.com\/revista\/wp-content\/uploads\/2025\/07\/Blanqueamiento-dental2-1024x768.jpeg\" class=\"attachment-large size-large wp-image-39499\" alt=\"Ox\u00edgeno medicinal siendo administrado a una mujer mayor en un hospital, uso de mascarilla de ox\u00edgeno para tratamiento respiratorio, atenci\u00f3n sanitaria en emergencias m\u00e9dicas, im\u00e1genes m\u00e9dicas relacionadas con salud.\" srcset=\"https:\/\/soymigrante.com\/revista\/wp-content\/uploads\/2025\/07\/Blanqueamiento-dental2-1024x768.jpeg 1024w, https:\/\/soymigrante.com\/revista\/wp-content\/uploads\/2025\/07\/Blanqueamiento-dental2-300x225.jpeg 300w, https:\/\/soymigrante.com\/revista\/wp-content\/uploads\/2025\/07\/Blanqueamiento-dental2-768x576.jpeg 768w, https:\/\/soymigrante.com\/revista\/wp-content\/uploads\/2025\/07\/Blanqueamiento-dental2-1536x1152.jpeg 1536w, https:\/\/soymigrante.com\/revista\/wp-content\/uploads\/2025\/07\/Blanqueamiento-dental2-750x563.webp 750w, https:\/\/soymigrante.com\/revista\/wp-content\/uploads\/2025\/07\/Blanqueamiento-dental2-1140x855.webp 1140w, https:\/\/soymigrante.com\/revista\/wp-content\/uploads\/2025\/07\/Blanqueamiento-dental2.webp 1600w\" sizes=\"(max-width: 768px) 100vw, 768px\" title=\"El blanqueamiento dental debe hacerlo un profesional. (Foto: ENVATO) \u2013 SoyMigrante.com REVISTA\" \/>\t\t\t\t\t\t\t\t\t\t\t<figcaption class=\"widget-image-caption wp-caption-text\">Pacientes y profesionales de la salud dental usando tecnolog\u00eda moderna en radiolog\u00eda y diagn\u00f3stico.<\/figcaption>\n\t\t\t\t\t\t\t\t\t\t<\/figure>\n\t\t\t\t\t\t\t\t\t<\/div>\n\t\t\t\t\t<\/div>\n\t\t\t\t<\/div>\n\t\t<div data-particle_enable=\"false\" data-particle-mobile-disabled=\"false\" class=\"elementor-element elementor-element-ef1aaaa e-flex e-con-boxed e-con e-parent\" data-id=\"ef1aaaa\" data-element_type=\"container\" data-e-type=\"container\">\n\t\t\t\t\t<div class=\"e-con-inner\">\n\t\t\t\t<div class=\"elementor-element elementor-element-57f9e14 elementor-widget elementor-widget-heading\" data-id=\"57f9e14\" data-element_type=\"widget\" data-e-type=\"widget\" data-widget_type=\"heading.default\">\n\t\t\t\t\t<h3 class=\"elementor-heading-title elementor-size-default\">\u00bfQui\u00e9nes pueden y qui\u00e9nes no deben blanquearse los dientes?<\/h3>\t\t\t\t<\/div>\n\t\t\t\t\t<\/div>\n\t\t\t\t<\/div>\n\t\t<div data-particle_enable=\"false\" data-particle-mobile-disabled=\"false\" class=\"elementor-element elementor-element-7485f38 e-flex e-con-boxed e-con e-parent\" data-id=\"7485f38\" data-element_type=\"container\" data-e-type=\"container\">\n\t\t\t\t\t<div class=\"e-con-inner\">\n\t\t\t\t<div class=\"elementor-element elementor-element-ca461e9 elementor-widget elementor-widget-text-editor\" data-id=\"ca461e9\" data-element_type=\"widget\" data-e-type=\"widget\" data-widget_type=\"text-editor.default\">\n\t\t\t\t\t\t\t\t\t<p>El tratamiento es recomendado para personas mayores de 18 a\u00f1os que tengan dientes sanos, sin caries ni enfermedad periodontal.<a href=\"https:\/\/soymigrante.com\/revista\/tratamientos-dentales-mas-se-practican-migrantes-guatemaltecos-al-visitar-guatemala\/\" target=\"_blank\" rel=\"noopener\"> Tambi\u00e9n se sugiere que las enc\u00edas est\u00e9n en buen estado y que no haya sensibilidad dental previa.<\/a><\/p>\t\t\t\t\t\t\t\t<\/div>\n\t\t\t\t\t<\/div>\n\t\t\t\t<\/div>\n\t\t<div data-particle_enable=\"false\" data-particle-mobile-disabled=\"false\" class=\"elementor-element elementor-element-a572651 e-flex e-con-boxed e-con e-parent\" data-id=\"a572651\" data-element_type=\"container\" data-e-type=\"container\">\n\t\t\t\t\t<div class=\"e-con-inner\">\n\t\t\t\t<div class=\"elementor-element elementor-element-72356c7 elementor-widget elementor-widget-text-editor\" data-id=\"72356c7\" data-element_type=\"widget\" data-e-type=\"widget\" data-widget_type=\"text-editor.default\">\n\t\t\t\t\t\t\t\t\t<div><strong>No se recomienda en los siguientes casos:<\/strong><\/div><div>\u2022Embarazadas o en per\u00edodo de lactancia.<\/div><div>\u2022Personas con ortodoncia activa o pr\u00f3tesis dentales (el blanqueamiento no act\u00faa sobre materiales artificiales).<\/div><div>\u2022Dientes con restauraciones extensas, caries o ra\u00edces expuestas.<\/div><div>\u2022Ni\u00f1os y adolescentes sin desarrollo dental completo.<\/div><div>\u2022Personas con hipersensibilidad dental cr\u00f3nica.<\/div>\t\t\t\t\t\t\t\t<\/div>\n\t\t\t\t\t<\/div>\n\t\t\t\t<\/div>\n\t\t<div data-particle_enable=\"false\" data-particle-mobile-disabled=\"false\" class=\"elementor-element elementor-element-adc9845 e-flex e-con-boxed e-con e-parent\" data-id=\"adc9845\" data-element_type=\"container\" data-e-type=\"container\">\n\t\t\t\t\t<div class=\"e-con-inner\">\n\t\t\t\t<div class=\"elementor-element elementor-element-1490701 elementor-widget elementor-widget-text-editor\" data-id=\"1490701\" data-element_type=\"widget\" data-e-type=\"widget\" data-widget_type=\"text-editor.default\">\n\t\t\t\t\t\t\t\t\t<p>\u201c<em>Antes de cualquier tratamiento, se debe hacer una evaluaci\u00f3n cl\u00ednica. No todos necesitan blanquearse los dientes; en muchos casos, una buena limpieza profesional logra un cambio significativo<\/em>\u201d, se\u00f1ala el odont\u00f3logo, Luis Santizo, especializado en est\u00e9tica dental.<\/p>\t\t\t\t\t\t\t\t<\/div>\n\t\t\t\t\t<\/div>\n\t\t\t\t<\/div>\n\t\t<div data-particle_enable=\"false\" data-particle-mobile-disabled=\"false\" class=\"elementor-element elementor-element-92d66f7 e-flex e-con-boxed e-con e-parent\" data-id=\"92d66f7\" data-element_type=\"container\" data-e-type=\"container\">\n\t\t\t\t\t<div class=\"e-con-inner\">\n\t\t\t\t<div class=\"elementor-element elementor-element-42653ce elementor-widget elementor-widget-image\" data-id=\"42653ce\" data-element_type=\"widget\" data-e-type=\"widget\" data-widget_type=\"image.default\">\n\t\t\t\t\t\t\t\t\t\t\t\t<figure class=\"wp-caption\">\n\t\t\t\t\t\t\t\t\t\t<img decoding=\"async\" width=\"768\" height=\"512\" src=\"https:\/\/soymigrante.com\/revista\/wp-content\/uploads\/2025\/07\/Blanqueamiento-dental3-1024x683.jpeg\" class=\"attachment-large size-large wp-image-39495\" alt=\"Blanqueamiento dental profesional, sonrisa saludable, cuidado bucal, tratamiento dental, est\u00e9tica dental, salud oral, blanqueamiento en cl\u00ednica dental.\" srcset=\"https:\/\/soymigrante.com\/revista\/wp-content\/uploads\/2025\/07\/Blanqueamiento-dental3-1024x683.jpeg 1024w, https:\/\/soymigrante.com\/revista\/wp-content\/uploads\/2025\/07\/Blanqueamiento-dental3-300x200.jpeg 300w, https:\/\/soymigrante.com\/revista\/wp-content\/uploads\/2025\/07\/Blanqueamiento-dental3-768x512.jpeg 768w, https:\/\/soymigrante.com\/revista\/wp-content\/uploads\/2025\/07\/Blanqueamiento-dental3-1536x1024.jpeg 1536w, https:\/\/soymigrante.com\/revista\/wp-content\/uploads\/2025\/07\/Blanqueamiento-dental3-750x500.webp 750w, https:\/\/soymigrante.com\/revista\/wp-content\/uploads\/2025\/07\/Blanqueamiento-dental3-1140x760.webp 1140w, https:\/\/soymigrante.com\/revista\/wp-content\/uploads\/2025\/07\/Blanqueamiento-dental3.webp 1600w\" sizes=\"(max-width: 768px) 100vw, 768px\" title=\"El costo del tratamiento depende del lugar donde se practique. (Foto: ENVATO) \u2013 SoyMigrante.com REVISTA\" \/>\t\t\t\t\t\t\t\t\t\t\t<figcaption class=\"widget-image-caption wp-caption-text\">Una mujer recibe un tratamiento de blanqueamiento dental en una cl\u00ednica odontol\u00f3gica, mostrando una sonrisa blanca y saludable, tradicional procedimiento de est\u00e9tica dental para mejorar la apariencia de los dientes.<\/figcaption>\n\t\t\t\t\t\t\t\t\t\t<\/figure>\n\t\t\t\t\t\t\t\t\t<\/div>\n\t\t\t\t\t<\/div>\n\t\t\t\t<\/div>\n\t\t<div data-particle_enable=\"false\" data-particle-mobile-disabled=\"false\" class=\"elementor-element elementor-element-29e33d4 e-flex e-con-boxed e-con e-parent\" data-id=\"29e33d4\" data-element_type=\"container\" data-e-type=\"container\">\n\t\t\t\t\t<div class=\"e-con-inner\">\n\t\t\t\t<div class=\"elementor-element elementor-element-a658356 elementor-widget elementor-widget-heading\" data-id=\"a658356\" data-element_type=\"widget\" data-e-type=\"widget\" data-widget_type=\"heading.default\">\n\t\t\t\t\t<h3 class=\"elementor-heading-title elementor-size-default\">\u00bfCu\u00e1nto cuesta un blanqueamiento dental en Guatemala?<\/h3>\t\t\t\t<\/div>\n\t\t\t\t\t<\/div>\n\t\t\t\t<\/div>\n\t\t<div data-particle_enable=\"false\" data-particle-mobile-disabled=\"false\" class=\"elementor-element elementor-element-66d28d5 e-flex e-con-boxed e-con e-parent\" data-id=\"66d28d5\" data-element_type=\"container\" data-e-type=\"container\">\n\t\t\t\t\t<div class=\"e-con-inner\">\n\t\t\t\t<div class=\"elementor-element elementor-element-4f66512 elementor-widget elementor-widget-text-editor\" data-id=\"4f66512\" data-element_type=\"widget\" data-e-type=\"widget\" data-widget_type=\"text-editor.default\">\n\t\t\t\t\t\t\t\t\t<div><strong>Los precios var\u00edan seg\u00fan el tipo de procedimiento y la cl\u00ednica. En Guatemala, los costos promedio son:<\/strong><\/div><div>\u2022Blanqueamiento en cl\u00ednica (l\u00e1ser o luz LED): Q1,500 a Q3,000 por sesi\u00f3n.<\/div><div>\u2022Blanqueamiento ambulatorio (con f\u00e9rulas personalizadas): Q1,200 a Q2,000 por tratamiento completo.<\/div><div>\u2022Kits comerciales (uso en casa, sin supervisi\u00f3n): desde Q200, aunque su eficacia y seguridad son cuestionables por los profesionales.<\/div><div>\u00a0<\/div><div><a href=\"https:\/\/soymigrante.com\/revista\/tratamientos-dentales-mas-se-practican-migrantes-guatemaltecos-al-visitar-guatemala\/\" target=\"_blank\" rel=\"noopener\">En cl\u00ednicas reconocidas, el tratamiento suele incluir una evaluaci\u00f3n previa, limpieza dental y seguimiento, lo que garantiza mejores resultados y menor riesgo.<\/a><\/div>\t\t\t\t\t\t\t\t<\/div>\n\t\t\t\t\t<\/div>\n\t\t\t\t<\/div>\n\t\t<div data-particle_enable=\"false\" data-particle-mobile-disabled=\"false\" class=\"elementor-element elementor-element-806d5bd e-flex e-con-boxed e-con e-parent\" data-id=\"806d5bd\" data-element_type=\"container\" data-e-type=\"container\">\n\t\t\t\t\t<div class=\"e-con-inner\">\n\t\t\t\t<div class=\"elementor-element elementor-element-7a5b1b5 elementor-widget elementor-widget-heading\" data-id=\"7a5b1b5\" data-element_type=\"widget\" data-e-type=\"widget\" data-widget_type=\"heading.default\">\n\t\t\t\t\t<h3 class=\"elementor-heading-title elementor-size-default\">\u00bfCada cu\u00e1nto se puede hacer un blanqueamiento dental?<\/h3>\t\t\t\t<\/div>\n\t\t\t\t\t<\/div>\n\t\t\t\t<\/div>\n\t\t<div data-particle_enable=\"false\" data-particle-mobile-disabled=\"false\" class=\"elementor-element elementor-element-7524c66 e-flex e-con-boxed e-con e-parent\" data-id=\"7524c66\" data-element_type=\"container\" data-e-type=\"container\">\n\t\t\t\t\t<div class=\"e-con-inner\">\n\t\t\t\t<div class=\"elementor-element elementor-element-79fbb3c elementor-widget elementor-widget-text-editor\" data-id=\"79fbb3c\" data-element_type=\"widget\" data-e-type=\"widget\" data-widget_type=\"text-editor.default\">\n\t\t\t\t\t\t\t\t\t<div><a href=\"https:\/\/soymigrante.com\/revista\/tratamientos-dentales-mas-se-practican-migrantes-guatemaltecos-al-visitar-guatemala\/\" target=\"_blank\" rel=\"noopener\">Los especialistas recomiendan hacerlo una vez al a\u00f1o como m\u00e1ximo, siempre y cuando haya una buena higiene bucal<\/a> y se eviten factores que manchan los dientes, como:<\/div><div>\u2022Consumo excesivo de caf\u00e9, t\u00e9 o vino tinto.<\/div><div>\u2022Fumar.<\/div><div>\u2022Uso frecuente de enjuagues con clorhexidina.<\/div><div>\u2022No cepillarse despu\u00e9s de ingerir alimentos pigmentados.<\/div><div>En algunos pacientes, los efectos del blanqueamiento duran hasta dos a\u00f1os si mantienen buenos h\u00e1bitos.<\/div>\t\t\t\t\t\t\t\t<\/div>\n\t\t\t\t\t<\/div>\n\t\t\t\t<\/div>\n\t\t<div data-particle_enable=\"false\" data-particle-mobile-disabled=\"false\" class=\"elementor-element elementor-element-940a7ff e-flex e-con-boxed e-con e-parent\" data-id=\"940a7ff\" data-element_type=\"container\" data-e-type=\"container\">\n\t\t\t\t\t<div class=\"e-con-inner\">\n\t\t\t\t<div class=\"elementor-element elementor-element-fabbf1a elementor-widget elementor-widget-image\" data-id=\"fabbf1a\" data-element_type=\"widget\" data-e-type=\"widget\" data-widget_type=\"image.default\">\n\t\t\t\t\t\t\t\t\t\t\t\t<figure class=\"wp-caption\">\n\t\t\t\t\t\t\t\t\t\t<img decoding=\"async\" width=\"768\" height=\"512\" src=\"https:\/\/soymigrante.com\/revista\/wp-content\/uploads\/2025\/07\/Blanqueamiento-dental1-1024x682.jpeg\" class=\"attachment-large size-large wp-image-39496\" alt=\"Blanqueamiento dental en laboratorio, muestra de colorantes en escala para evaluar tonalidades, sonrisa saludable, odontolog\u00eda est\u00e9tica, control de color dental, sonrisa perfecta.\" srcset=\"https:\/\/soymigrante.com\/revista\/wp-content\/uploads\/2025\/07\/Blanqueamiento-dental1-1024x682.jpeg 1024w, https:\/\/soymigrante.com\/revista\/wp-content\/uploads\/2025\/07\/Blanqueamiento-dental1-300x200.jpeg 300w, https:\/\/soymigrante.com\/revista\/wp-content\/uploads\/2025\/07\/Blanqueamiento-dental1-768x512.jpeg 768w, https:\/\/soymigrante.com\/revista\/wp-content\/uploads\/2025\/07\/Blanqueamiento-dental1-1536x1023.jpeg 1536w, https:\/\/soymigrante.com\/revista\/wp-content\/uploads\/2025\/07\/Blanqueamiento-dental1-750x500.webp 750w, https:\/\/soymigrante.com\/revista\/wp-content\/uploads\/2025\/07\/Blanqueamiento-dental1-1140x760.webp 1140w, https:\/\/soymigrante.com\/revista\/wp-content\/uploads\/2025\/07\/Blanqueamiento-dental1.webp 1600w\" sizes=\"(max-width: 768px) 100vw, 768px\" title=\"El blanqueamiento dental puede durar hasta dos a\u00f1os. (Foto: ENVATO) \u2013 SoyMigrante.com REVISTA\" \/>\t\t\t\t\t\t\t\t\t\t\t<figcaption class=\"widget-image-caption wp-caption-text\">Sonrisa brillante y saludable con resultados de blanqueamiento dental, revisi\u00f3n de tonalidades mediante escala de colores, est\u00e9tica dental en cl\u00ednica, cuidado bucal profesional, mejora de sonrisa.<\/figcaption>\n\t\t\t\t\t\t\t\t\t\t<\/figure>\n\t\t\t\t\t\t\t\t\t<\/div>\n\t\t\t\t\t<\/div>\n\t\t\t\t<\/div>\n\t\t<div data-particle_enable=\"false\" data-particle-mobile-disabled=\"false\" class=\"elementor-element elementor-element-49aaacf e-flex e-con-boxed e-con e-parent\" data-id=\"49aaacf\" data-element_type=\"container\" data-e-type=\"container\">\n\t\t\t\t\t<div class=\"e-con-inner\">\n\t\t\t\t<div class=\"elementor-element elementor-element-625f01d elementor-widget elementor-widget-heading\" data-id=\"625f01d\" data-element_type=\"widget\" data-e-type=\"widget\" data-widget_type=\"heading.default\">\n\t\t\t\t\t<h3 class=\"elementor-heading-title elementor-size-default\">\u00bfEs solo est\u00e9tica o tambi\u00e9n salud?<\/h3>\t\t\t\t<\/div>\n\t\t\t\t\t<\/div>\n\t\t\t\t<\/div>\n\t\t<div data-particle_enable=\"false\" data-particle-mobile-disabled=\"false\" class=\"elementor-element elementor-element-8a09911 e-flex e-con-boxed e-con e-parent\" data-id=\"8a09911\" data-element_type=\"container\" data-e-type=\"container\">\n\t\t\t\t\t<div class=\"e-con-inner\">\n\t\t\t\t<div class=\"elementor-element elementor-element-0b3969b elementor-widget elementor-widget-text-editor\" data-id=\"0b3969b\" data-element_type=\"widget\" data-e-type=\"widget\" data-widget_type=\"text-editor.default\">\n\t\t\t\t\t\t\t\t\t<p><a href=\"https:\/\/soymigrante.com\/revista\/tratamientos-dentales-mas-se-practican-migrantes-guatemaltecos-al-visitar-guatemala\/\" target=\"_blank\" rel=\"noopener\">Aunque el blanqueamiento es un tratamiento est\u00e9tico, tiene un impacto en la autoestima y la salud emocional.<\/a> Una sonrisa cuidada puede mejorar la confianza y la interacci\u00f3n social. No obstante, los especialistas insisten en que la salud bucal debe ser la prioridad.<\/p><p>\u201cUna sonrisa blanca no siempre es una sonrisa sana. Hay que cuidar las enc\u00edas, revisar que no haya caries y evitar el exceso de tratamientos innecesarios\u201d, subraya la doctora Gonz\u00e1lez.<\/p><p>El blanqueamiento dental es seguro solo si se realiza bajo supervisi\u00f3n profesional y si el paciente cumple con las condiciones cl\u00ednicas necesarias. Antes de dejarse llevar por las tendencias o las promociones en redes sociales, es vital consultar a un odont\u00f3logo calificado y evitar productos caseros que puedan da\u00f1ar el esmalte.<\/p>\t\t\t\t\t\t\t\t<\/div>\n\t\t\t\t\t<\/div>\n\t\t\t\t<\/div>\n\t\t<div data-particle_enable=\"false\" data-particle-mobile-disabled=\"false\" class=\"elementor-element elementor-element-8bdc083 e-flex e-con-boxed e-con e-parent\" data-id=\"8bdc083\" data-element_type=\"container\" data-e-type=\"container\">\n\t\t\t\t\t<div class=\"e-con-inner\">\n\t\t\t\t<div class=\"elementor-element elementor-element-455a2f3 elementor-widget elementor-widget-heading\" data-id=\"455a2f3\" data-element_type=\"widget\" data-e-type=\"widget\" data-widget_type=\"heading.default\">\n\t\t\t\t\t<h2 class=\"elementor-heading-title elementor-size-default\">Conoce estos temas que te pueden interesar...<\/h2>\t\t\t\t<\/div>\n\t\t\t\t\t<\/div>\n\t\t\t\t<\/div>\n\t\t<div data-particle_enable=\"false\" data-particle-mobile-disabled=\"false\" class=\"elementor-element elementor-element-4caa08e e-flex e-con-boxed e-con e-parent\" data-id=\"4caa08e\" data-element_type=\"container\" data-e-type=\"container\">\n\t\t\t\t\t<div class=\"e-con-inner\">\n\t\t\t\t<div class=\"elementor-element elementor-element-6dc8e96 elementor-grid-eael-col-3 elementor-grid-tablet-eael-col-2 elementor-grid-mobile-eael-col-1 elementor-invisible elementor-widget elementor-widget-eael-post-grid\" data-id=\"6dc8e96\" data-element_type=\"widget\" data-e-type=\"widget\" data-settings=\"{&quot;eael_post_grid_columns&quot;:&quot;eael-col-3&quot;,&quot;_animation&quot;:&quot;rollIn&quot;,&quot;eael_post_grid_columns_tablet&quot;:&quot;eael-col-2&quot;,&quot;eael_post_grid_columns_mobile&quot;:&quot;eael-col-1&quot;}\" data-widget_type=\"eael-post-grid.default\">\n\t\t\t\t\t<div id=\"eael-post-grid-6dc8e96\" class=\"eael-post-grid-container\">\n            <div class=\"eael-post-grid eael-post-appender eael-post-appender-6dc8e96 eael-post-grid-style-one\" data-layout-mode=\"masonry\"><article class=\"eael-grid-post  eael-post-grid-column eael-pg-post-1359 category-bienestar\" data-id=\"1359\">\n        <div class=\"eael-grid-post-holder\">\n            <div class=\"eael-grid-post-holder-inner\"><div class=\"eael-entry-media\"><div class=\"eael-entry-overlay fade-in\"><i class=\"far fa-hand-pointer\" aria-hidden=\"true\"><\/i><a href=\"https:\/\/soymigrante.com\/revista\/salud-dental-se-descuida-a-menudo-por-migrantes\/\"><\/a><\/div><div class=\"eael-entry-thumbnail \">\n                <img loading=\"lazy\" decoding=\"async\" width=\"1024\" height=\"679\" src=\"https:\/\/soymigrante.com\/revista\/wp-content\/uploads\/2023\/06\/salud-dental-soy-migrante2-1024x679.webp\" class=\"attachment-large size-large wp-image-1361\" alt=\"\" srcset=\"https:\/\/soymigrante.com\/revista\/wp-content\/uploads\/2023\/06\/salud-dental-soy-migrante2-1024x679.webp 1024w, https:\/\/soymigrante.com\/revista\/wp-content\/uploads\/2023\/06\/salud-dental-soy-migrante2-300x199.webp 300w, https:\/\/soymigrante.com\/revista\/wp-content\/uploads\/2023\/06\/salud-dental-soy-migrante2-768x509.webp 768w, https:\/\/soymigrante.com\/revista\/wp-content\/uploads\/2023\/06\/salud-dental-soy-migrante2-750x497.webp 750w, https:\/\/soymigrante.com\/revista\/wp-content\/uploads\/2023\/06\/salud-dental-soy-migrante2-1140x756.webp 1140w, https:\/\/soymigrante.com\/revista\/wp-content\/uploads\/2023\/06\/salud-dental-soy-migrante2.webp 1436w\" sizes=\"(max-width: 1024px) 100vw, 1024px\" \/>\n            <\/div>\n        <\/div><div class=\"eael-entry-wrapper\"><header class=\"eael-entry-header\"><h2 class=\"eael-entry-title\"><a class=\"eael-grid-post-link\" href=\"https:\/\/soymigrante.com\/revista\/salud-dental-se-descuida-a-menudo-por-migrantes\/\" title=\"Salud dental: Muchos retrasan atenderse hasta que un d\u00eda el dolor los obliga\">Salud dental: Muchos retrasan atenderse hasta que un d\u00eda el dolor los obliga<\/a><\/h2><\/header><div class=\"eael-entry-content\">\n                        <div class=\"eael-grid-post-excerpt\"><a href=\"https:\/\/soymigrante.com\/revista\/salud-dental-se-descuida-a-menudo-por-migrantes\/\" class=\"eael-post-elements-readmore-btn\">CONOCE SU HISTORIA <\/a><\/div>\n                    <\/div><\/div><\/div>\n        <\/div>\n    <\/article><article class=\"eael-grid-post  eael-post-grid-column eael-pg-post-35738 category-estamos-unidos\" data-id=\"35738\">\n        <div class=\"eael-grid-post-holder\">\n            <div class=\"eael-grid-post-holder-inner\"><div class=\"eael-entry-media\"><div class=\"eael-entry-overlay fade-in\"><i class=\"far fa-hand-pointer\" aria-hidden=\"true\"><\/i><a href=\"https:\/\/soymigrante.com\/revista\/tratamientos-dentales-mas-se-practican-migrantes-guatemaltecos-al-visitar-guatemala\/\"><\/a><\/div><div class=\"eael-entry-thumbnail \">\n                <img loading=\"lazy\" decoding=\"async\" width=\"1024\" height=\"682\" src=\"https:\/\/soymigrante.com\/revista\/wp-content\/uploads\/2025\/06\/Migrantes-aprovechan-su-visita-a-Guatemala-para-realizar-tratamientos-dentales-3-1024x682.jpeg\" class=\"attachment-large size-large wp-image-35739\" alt=\"Cl\u00ednica dental atendiendo a paciente durante tratamiento odontol\u00f3gico en consultorio profesional.\" srcset=\"https:\/\/soymigrante.com\/revista\/wp-content\/uploads\/2025\/06\/Migrantes-aprovechan-su-visita-a-Guatemala-para-realizar-tratamientos-dentales-3-1024x682.jpeg 1024w, https:\/\/soymigrante.com\/revista\/wp-content\/uploads\/2025\/06\/Migrantes-aprovechan-su-visita-a-Guatemala-para-realizar-tratamientos-dentales-3-300x200.jpeg 300w, https:\/\/soymigrante.com\/revista\/wp-content\/uploads\/2025\/06\/Migrantes-aprovechan-su-visita-a-Guatemala-para-realizar-tratamientos-dentales-3-768x512.jpeg 768w, https:\/\/soymigrante.com\/revista\/wp-content\/uploads\/2025\/06\/Migrantes-aprovechan-su-visita-a-Guatemala-para-realizar-tratamientos-dentales-3-1536x1023.jpeg 1536w, https:\/\/soymigrante.com\/revista\/wp-content\/uploads\/2025\/06\/Migrantes-aprovechan-su-visita-a-Guatemala-para-realizar-tratamientos-dentales-3-750x500.webp 750w, https:\/\/soymigrante.com\/revista\/wp-content\/uploads\/2025\/06\/Migrantes-aprovechan-su-visita-a-Guatemala-para-realizar-tratamientos-dentales-3-1140x760.webp 1140w, https:\/\/soymigrante.com\/revista\/wp-content\/uploads\/2025\/06\/Migrantes-aprovechan-su-visita-a-Guatemala-para-realizar-tratamientos-dentales-3.webp 1600w\" sizes=\"(max-width: 1024px) 100vw, 1024px\" \/>\n            <\/div>\n        <\/div><div class=\"eael-entry-wrapper\"><header class=\"eael-entry-header\"><h2 class=\"eael-entry-title\"><a class=\"eael-grid-post-link\" href=\"https:\/\/soymigrante.com\/revista\/tratamientos-dentales-mas-se-practican-migrantes-guatemaltecos-al-visitar-guatemala\/\" title=\"\u00bfQu\u00e9 tratamientos dentales se hacen m\u00e1s los migrantes guatemaltecos al visitar Guatemala?\">\u00bfQu\u00e9 tratamientos dentales se hacen m\u00e1s los migrantes guatemaltecos al visitar Guatemala?<\/a><\/h2><\/header><div class=\"eael-entry-content\">\n                        <div class=\"eael-grid-post-excerpt\"><a href=\"https:\/\/soymigrante.com\/revista\/tratamientos-dentales-mas-se-practican-migrantes-guatemaltecos-al-visitar-guatemala\/\" class=\"eael-post-elements-readmore-btn\">CONOCE SU HISTORIA <\/a><\/div>\n                    <\/div><\/div><\/div>\n        <\/div>\n    <\/article><article class=\"eael-grid-post  eael-post-grid-column eael-pg-post-14984 category-salud-fisica tags-en-familia\" data-id=\"14984\">\n        <div class=\"eael-grid-post-holder\">\n            <div class=\"eael-grid-post-holder-inner\"><div class=\"eael-entry-media\"><div class=\"eael-entry-overlay fade-in\"><i class=\"far fa-hand-pointer\" aria-hidden=\"true\"><\/i><a href=\"https:\/\/soymigrante.com\/revista\/cuidar-tu-salud-dental-y-la-de-tu-familia-consejos-y-recursos-clave\/\"><\/a><\/div><div class=\"eael-entry-thumbnail \">\n                <img loading=\"lazy\" decoding=\"async\" width=\"1024\" height=\"1024\" src=\"https:\/\/soymigrante.com\/revista\/wp-content\/uploads\/2024\/11\/salud-dental-usa-5-1024x1024.jpg\" class=\"attachment-large size-large wp-image-15058\" alt=\"Ni\u00f1a sonriendo mientras se cepilla los dientes, promoviendo salud bucal y bienestar infantil. Imagen relacionada con cuidados personales y educaci\u00f3n en higiene para ni\u00f1os.\" srcset=\"https:\/\/soymigrante.com\/revista\/wp-content\/uploads\/2024\/11\/salud-dental-usa-5-1024x1024.jpg 1024w, https:\/\/soymigrante.com\/revista\/wp-content\/uploads\/2024\/11\/salud-dental-usa-5-300x300.jpg 300w, https:\/\/soymigrante.com\/revista\/wp-content\/uploads\/2024\/11\/salud-dental-usa-5-150x150.jpg 150w, https:\/\/soymigrante.com\/revista\/wp-content\/uploads\/2024\/11\/salud-dental-usa-5-768x768.jpg 768w, https:\/\/soymigrante.com\/revista\/wp-content\/uploads\/2024\/11\/salud-dental-usa-5-1536x1536.jpg 1536w, https:\/\/soymigrante.com\/revista\/wp-content\/uploads\/2024\/11\/salud-dental-usa-5-2048x2048.jpg 2048w, https:\/\/soymigrante.com\/revista\/wp-content\/uploads\/2024\/11\/salud-dental-usa-5-75x75.webp 75w, https:\/\/soymigrante.com\/revista\/wp-content\/uploads\/2024\/11\/salud-dental-usa-5-750x750.webp 750w, https:\/\/soymigrante.com\/revista\/wp-content\/uploads\/2024\/11\/salud-dental-usa-5-1140x1140.webp 1140w, https:\/\/soymigrante.com\/revista\/wp-content\/uploads\/2024\/11\/salud-dental-usa-5-scaled.webp 1920w\" sizes=\"(max-width: 1024px) 100vw, 1024px\" \/>\n            <\/div>\n        <\/div><div class=\"eael-entry-wrapper\"><header class=\"eael-entry-header\"><h2 class=\"eael-entry-title\"><a class=\"eael-grid-post-link\" href=\"https:\/\/soymigrante.com\/revista\/cuidar-tu-salud-dental-y-la-de-tu-familia-consejos-y-recursos-clave\/\" title=\"Cuidar tu salud dental y la de tu familia: Consejos y recursos clave\">Cuidar tu salud dental y la de tu familia: Consejos y recursos clave<\/a><\/h2><\/header><div class=\"eael-entry-content\">\n                        <div class=\"eael-grid-post-excerpt\"><a href=\"https:\/\/soymigrante.com\/revista\/cuidar-tu-salud-dental-y-la-de-tu-familia-consejos-y-recursos-clave\/\" class=\"eael-post-elements-readmore-btn\">CONOCE SU HISTORIA <\/a><\/div>\n                    <\/div><\/div><\/div>\n        <\/div>\n    <\/article><\/div>\n            <div class=\"clearfix\"><\/div>\n        <\/div>\t\t\t\t<\/div>\n\t\t\t\t\t<\/div>\n\t\t\t\t<\/div>\n\t\t\t\t<\/div>\n\t\t","protected":false},"excerpt":{"rendered":"<p>El Blanqueamiento dental es un procedimiento que se debe conocer, antes de tomar la decisi\u00f3n de hac\u00e9rselo. El deseo de lucir una sonrisa blanca y radiante ha hecho del blanqueamiento dental uno de los procedimientos est\u00e9ticos m\u00e1s populares en Guatemala. Sin embargo, especialistas advierten que no es para todos y que su aplicaci\u00f3n sin control [&hellip;]<\/p>\n","protected":false},"author":19,"featured_media":39489,"comment_status":"open","ping_status":"open","sticky":false,"template":"","format":"standard","meta":{"_acf_changed":false,"_eb_attr":"","footnotes":""},"categories":[55],"tags":[],"class_list":["post-39488","post","type-post","status-publish","format-standard","has-post-thumbnail","hentry","category-bienestar"],"acf":[],"aioseo_notices":[],"aioseo_head":"\n\t\t<!-- All in One SEO Pro 4.9.6.2 - aioseo.com -->\n\t<meta name=\"description\" content=\"La salud dental es esencial para el bienestar general, ya que problemas en la boca pueden desencadenar afecciones o malestares m\u00e1s serios. Cu\u00eddate. Previene.\" \/>\n\t<meta name=\"robots\" content=\"max-snippet:-1, max-image-preview:large, max-video-preview:-1\" \/>\n\t<meta name=\"author\" content=\"Beatriz Tercero\"\/>\n\t<link rel=\"canonical\" href=\"https:\/\/soymigrante.com\/revista\/cuidar-tu-salud-dental-y-la-de-tu-familia-consejos-y-recursos-clave\/\" \/>\n\t<meta name=\"generator\" content=\"All in One SEO Pro (AIOSEO) 4.9.6.2\" \/>\n\n\t\t<link rel=\"preconnect\" href=\"https:\/\/fonts.googleapis.com\" crossorigin>\n<link rel=\"preconnect\" href=\"https:\/\/fonts.gstatic.com\" crossorigin>\n\t\t<meta property=\"og:locale\" content=\"es_ES\" \/>\n\t\t<meta property=\"og:site_name\" content=\"SoyMigrante.com REVISTA \u2013 Nuestra misi\u00f3n es reconocer y dignificar al migrante.\" \/>\n\t\t<meta property=\"og:type\" content=\"article\" \/>\n\t\t<meta property=\"og:title\" content=\"Cuidar tu salud dental y la de tu familia: Consejos claves\" \/>\n\t\t<meta property=\"og:description\" content=\"La salud dental es esencial para el bienestar general, ya que problemas en la boca pueden desencadenar afecciones o malestares m\u00e1s serios. Cu\u00eddate. Previene.\" \/>\n\t\t<meta property=\"og:url\" content=\"https:\/\/soymigrante.com\/revista\/cuidar-tu-salud-dental-y-la-de-tu-familia-consejos-y-recursos-clave\/\" \/>\n\t\t<meta property=\"og:image\" content=\"https:\/\/soymigrante.com\/revista\/wp-content\/uploads\/2024\/11\/salud-dental-usa-5-scaled.webp\" \/>\n\t\t<meta property=\"og:image:secure_url\" content=\"https:\/\/soymigrante.com\/revista\/wp-content\/uploads\/2024\/11\/salud-dental-usa-5-scaled.webp\" \/>\n\t\t<meta property=\"og:image:width\" content=\"1920\" \/>\n\t\t<meta property=\"og:image:height\" content=\"1920\" \/>\n\t\t<meta property=\"article:published_time\" content=\"2025-01-06T14:00:00+00:00\" \/>\n\t\t<meta property=\"article:modified_time\" content=\"2025-08-28T05:39:35+00:00\" \/>\n\t\t<meta property=\"article:publisher\" content=\"https:\/\/www.facebook.com\/soymigrantecom\" \/>\n\t\t<meta name=\"twitter:card\" content=\"summary_large_image\" \/>\n\t\t<meta name=\"twitter:site\" content=\"@SoyMigrante_com\" \/>\n\t\t<meta name=\"twitter:title\" content=\"Cuidar tu salud dental y la de tu familia: Consejos claves\" \/>\n\t\t<meta name=\"twitter:description\" content=\"La salud dental es esencial para el bienestar general, ya que problemas en la boca pueden desencadenar afecciones o malestares m\u00e1s serios. Cu\u00eddate. Previene.\" \/>\n\t\t<meta name=\"twitter:creator\" content=\"@SoyMigrante_com\" \/>\n\t\t<meta name=\"twitter:image\" content=\"https:\/\/soymigrante.com\/revista\/wp-content\/uploads\/2024\/11\/salud-dental-usa-5-scaled.webp\" \/>\n\t\t<!-- All in One SEO Pro -->\r\n\t\t<title>Cuidar tu salud dental y la de tu familia: Consejos claves<\/title>\n\n","aioseo_head_json":{"title":"Cuidar tu salud dental y la de tu familia: Consejos claves","description":"La salud dental es esencial para el bienestar general, ya que problemas en la boca pueden desencadenar afecciones o malestares m\u00e1s serios. Cu\u00eddate. Previene.","canonical_url":"https:\/\/soymigrante.com\/revista\/cuidar-tu-salud-dental-y-la-de-tu-familia-consejos-y-recursos-clave\/","robots":"max-snippet:-1, max-image-preview:large, max-video-preview:-1","keywords":"","webmasterTools":{"miscellaneous":"&lt;link rel=\"preconnect\" href=\"https:\/\/fonts.googleapis.com\" crossorigin&gt;\n&lt;link rel=\"preconnect\" href=\"https:\/\/fonts.gstatic.com\" crossorigin&gt;"},"schema":null,"og:locale":"es_ES","og:site_name":"SoyMigrante.com REVISTA \u2013 Nuestra misi\u00f3n es reconocer y dignificar al migrante.","og:type":"article","og:title":"Cuidar tu salud dental y la de tu familia: Consejos claves","og:description":"La salud dental es esencial para el bienestar general, ya que problemas en la boca pueden desencadenar afecciones o malestares m\u00e1s serios. Cu\u00eddate. Previene.","og:url":"https:\/\/soymigrante.com\/revista\/cuidar-tu-salud-dental-y-la-de-tu-familia-consejos-y-recursos-clave\/","og:image":"https:\/\/soymigrante.com\/revista\/wp-content\/uploads\/2024\/11\/salud-dental-usa-5-scaled.webp","og:image:secure_url":"https:\/\/soymigrante.com\/revista\/wp-content\/uploads\/2024\/11\/salud-dental-usa-5-scaled.webp","og:image:width":1920,"og:image:height":1920,"article:published_time":"2025-01-06T14:00:00+00:00","article:modified_time":"2025-08-28T05:39:35+00:00","article:publisher":"https:\/\/www.facebook.com\/soymigrantecom","twitter:card":"summary_large_image","twitter:site":"@SoyMigrante_com","twitter:title":"Cuidar tu salud dental y la de tu familia: Consejos claves","twitter:description":"La salud dental es esencial para el bienestar general, ya que problemas en la boca pueden desencadenar afecciones o malestares m\u00e1s serios. Cu\u00eddate. Previene.","twitter:creator":"@SoyMigrante_com","twitter:image":"https:\/\/soymigrante.com\/revista\/wp-content\/uploads\/2024\/11\/salud-dental-usa-5-scaled.webp"},"aioseo_meta_data":{"post_id":"39488","title":null,"description":"El Blanqueamiento dental es un procedimiento que se debe conocer, antes de tomar la decisi\u00f3n de hac\u00e9rselo.","keywords":null,"keyphrases":{"focus":{"keyphrase":"Blanqueamiento","score":100,"analysis":{"keyphraseInTitle":{"score":9,"maxScore":9,"error":0},"keyphraseInDescription":{"score":9,"maxScore":9,"error":0},"keyphraseLength":{"score":9,"maxScore":9,"error":0,"length":1},"keyphraseInURL":{"score":5,"maxScore":5,"error":0},"keyphraseInIntroduction":{"score":9,"maxScore":9,"error":0},"keyphraseInSubHeadings":{"score":9,"maxScore":9,"error":0},"keyphraseInImageAlt":{"score":9,"maxScore":9,"error":0},"keywordDensity":{"type":"best","score":9,"maxScore":9,"error":0}}},"additional":[{"keyphrase":"dental","score":100,"analysis":{"keyphraseInDescription":{"score":9,"maxScore":9,"error":0},"keyphraseLength":{"score":9,"maxScore":9,"error":0,"length":1},"keyphraseInIntroduction":{"score":9,"maxScore":9,"error":0},"keyphraseInImageAlt":{"score":9,"maxScore":9,"error":0},"keywordDensity":{"type":"best","score":9,"maxScore":9,"error":0}}}]},"primary_term":null,"canonical_url":null,"og_title":null,"og_description":null,"og_object_type":"default","og_image_type":"default","og_image_url":null,"og_image_width":null,"og_image_height":null,"og_image_custom_url":null,"og_image_custom_fields":null,"og_video":"","og_custom_url":null,"og_article_section":null,"og_article_tags":null,"twitter_use_og":false,"twitter_card":"default","twitter_image_type":"default","twitter_image_url":null,"twitter_image_custom_url":null,"twitter_image_custom_fields":null,"twitter_title":null,"twitter_description":null,"schema":{"blockGraphs":[],"customGraphs":[],"default":{"data":{"Article":[],"Course":[],"Dataset":[],"FAQPage":[],"Movie":[],"Person":[],"Product":[],"ProductReview":[],"Car":[],"Recipe":[],"Service":[],"SoftwareApplication":[],"WebPage":[]},"graphName":"none","isEnabled":true},"graphs":[]},"schema_type":"default","schema_type_options":null,"pillar_content":false,"robots_default":true,"robots_noindex":false,"robots_noarchive":false,"robots_nosnippet":false,"robots_nofollow":false,"robots_noimageindex":false,"robots_noodp":false,"robots_notranslate":false,"robots_max_snippet":"-1","robots_max_videopreview":"-1","robots_max_imagepreview":"large","priority":null,"frequency":"default","local_seo":null,"seo_analyzer_scan_date":"2025-10-09 06:57:41","breadcrumb_settings":null,"limit_modified_date":false,"reviewed_by":"0","open_ai":null,"ai":{"faqs":[],"keyPoints":[],"titles":[],"descriptions":[],"socialPosts":{"email":[],"linkedin":[],"twitter":[],"facebook":[],"instagram":[]}},"created":"2025-07-15 19:18:09","updated":"2026-02-05 03:01:38"},"aioseo_breadcrumb":"<div class=\"aioseo-breadcrumbs\"><span class=\"aioseo-breadcrumb\">\n\t<a href=\"https:\/\/soymigrante.com\/revista\" title=\"Home\">Home<\/a>\n<\/span><span class=\"aioseo-breadcrumb-separator\">\u00bb<\/span><span class=\"aioseo-breadcrumb\">\n\t<a href=\"https:\/\/soymigrante.com\/revista\/category\/bienestar\/\" title=\"Bienestar\">Bienestar<\/a>\n<\/span><span class=\"aioseo-breadcrumb-separator\">\u00bb<\/span><span class=\"aioseo-breadcrumb\">\n\tBlanqueamiento dental: \u00bfuna moda segura o un riesgo?\n<\/span><\/div>","aioseo_breadcrumb_json":[{"label":"Home","link":"https:\/\/soymigrante.com\/revista"},{"label":"Bienestar","link":"https:\/\/soymigrante.com\/revista\/category\/bienestar\/"},{"label":"Blanqueamiento dental: \u00bfuna moda segura o un riesgo?","link":"https:\/\/soymigrante.com\/revista\/blanqueamiento-dental-una-moda-segura-o-un-riesgo\/"}],"_links":{"self":[{"href":"https:\/\/soymigrante.com\/revista\/wp-json\/wp\/v2\/posts\/39488","targetHints":{"allow":["GET"]}}],"collection":[{"href":"https:\/\/soymigrante.com\/revista\/wp-json\/wp\/v2\/posts"}],"about":[{"href":"https:\/\/soymigrante.com\/revista\/wp-json\/wp\/v2\/types\/post"}],"author":[{"embeddable":true,"href":"https:\/\/soymigrante.com\/revista\/wp-json\/wp\/v2\/users\/19"}],"replies":[{"embeddable":true,"href":"https:\/\/soymigrante.com\/revista\/wp-json\/wp\/v2\/comments?post=39488"}],"version-history":[{"count":15,"href":"https:\/\/soymigrante.com\/revista\/wp-json\/wp\/v2\/posts\/39488\/revisions"}],"predecessor-version":[{"id":39626,"href":"https:\/\/soymigrante.com\/revista\/wp-json\/wp\/v2\/posts\/39488\/revisions\/39626"}],"wp:featuredmedia":[{"embeddable":true,"href":"https:\/\/soymigrante.com\/revista\/wp-json\/wp\/v2\/media\/39489"}],"wp:attachment":[{"href":"https:\/\/soymigrante.com\/revista\/wp-json\/wp\/v2\/media?parent=39488"}],"wp:term":[{"taxonomy":"category","embeddable":true,"href":"https:\/\/soymigrante.com\/revista\/wp-json\/wp\/v2\/categories?post=39488"},{"taxonomy":"post_tag","embeddable":true,"href":"https:\/\/soymigrante.com\/revista\/wp-json\/wp\/v2\/tags?post=39488"}],"curies":[{"name":"wp","href":"https:\/\/api.w.org\/{rel}","templated":true}]}}