{"id":39449,"date":"2025-07-15T14:55:46","date_gmt":"2025-07-15T20:55:46","guid":{"rendered":"https:\/\/soymigrante.com\/revista\/?p=39449"},"modified":"2025-07-15T14:55:56","modified_gmt":"2025-07-15T20:55:56","slug":"el-viaje-de-la-familia-de-darwin-hacia-el-asilo","status":"publish","type":"post","link":"https:\/\/soymigrante.com\/revista\/el-viaje-de-la-familia-de-darwin-hacia-el-asilo\/","title":{"rendered":"El viaje de la familia de Darwin hacia el asilo"},"content":{"rendered":"\t\t<div data-elementor-type=\"wp-post\" data-elementor-id=\"39449\" class=\"elementor elementor-39449\" data-elementor-post-type=\"post\">\n\t\t\t\t<div data-particle_enable=\"false\" data-particle-mobile-disabled=\"false\" class=\"elementor-element elementor-element-0f696d0 e-flex e-con-boxed e-con e-parent\" data-id=\"0f696d0\" data-element_type=\"container\" data-e-type=\"container\">\n\t\t\t\t\t<div class=\"e-con-inner\">\n\t\t\t\t<div class=\"elementor-element elementor-element-4927fef elementor-widget elementor-widget-heading\" data-id=\"4927fef\" data-element_type=\"widget\" data-e-type=\"widget\" data-widget_type=\"heading.default\">\n\t\t\t\t\t<h2 class=\"elementor-heading-title elementor-size-default\">La familia guatemalteca que tiene que enfrentar el asilo desde los ojos de Darwin, un padre comprometido. \n<\/h2>\t\t\t\t<\/div>\n\t\t\t\t\t<\/div>\n\t\t\t\t<\/div>\n\t\t<div data-particle_enable=\"false\" data-particle-mobile-disabled=\"false\" class=\"elementor-element elementor-element-cac3c6c e-flex e-con-boxed e-con e-parent\" data-id=\"cac3c6c\" data-element_type=\"container\" data-e-type=\"container\">\n\t\t\t\t\t<div class=\"e-con-inner\">\n\t\t\t\t<div class=\"elementor-element elementor-element-ce30139 elementor-widget elementor-widget-text-editor\" data-id=\"ce30139\" data-element_type=\"widget\" data-e-type=\"widget\" data-widget_type=\"text-editor.default\">\n\t\t\t\t\t\t\t\t\t<p>Darwin, un guatemalteco de 43 a\u00f1os, huy\u00f3 de su pa\u00eds en 2016 debido a amenazas de muerte relacionadas con la exposici\u00f3n de corrupci\u00f3n y v\u00ednculos con carteles.<\/p><p>Despu\u00e9s de obtener asilo en Estados Unidos, estableci\u00f3 dos negocios exitosos en Connecticut: uno que vende productos org\u00e1nicos para el cuidado del c\u00e9sped y otro que importa chiles desde Guatemala. Adem\u00e1s de ser un emprendedor exitoso, Darwin est\u00e1 criando a sus hijos adolescentes y sue\u00f1a con crear un fondo para ayudar a otros solicitantes de asilo durante sus primeros meses en EE.UU.<\/p><p>El informe <a href=\"https:\/\/humanrightsfirst.org\/library\/starting-from-zero\/\" target=\"_blank\" rel=\"noopener\">Starting From Zero, publicado por Human Rights First<\/a>, retrata la desgarradora odisea de una familia guatemalteca que huye de la violencia y la pobreza extrema, solo para enfrentar un sistema migratorio estadounidense que los obliga a empezar de nuevo\u2026 desde cero.<\/p><p>Guatemala, marcada por la pobreza, violencia de pandillas y falta de oportunidades, alienta a muchas familias a buscar refugio en Estados Unidos. El informe ilustra c\u00f3mo estas condiciones obligan a las personas a tomar riesgos enormes, emprendiendo un exilio que no garantiza seguridad ni futuro.<\/p>\t\t\t\t\t\t\t\t<\/div>\n\t\t\t\t\t<\/div>\n\t\t\t\t<\/div>\n\t\t<div data-particle_enable=\"false\" data-particle-mobile-disabled=\"false\" class=\"elementor-element elementor-element-741a374 e-flex e-con-boxed e-con e-parent\" data-id=\"741a374\" data-element_type=\"container\" data-e-type=\"container\">\n\t\t\t\t\t<div class=\"e-con-inner\">\n\t\t\t\t<div class=\"elementor-element elementor-element-e1575e0 elementor-grid-eael-col-1 elementor-grid-tablet-eael-col-2 elementor-grid-mobile-eael-col-1 elementor-invisible elementor-widget elementor-widget-eael-post-grid\" data-id=\"e1575e0\" data-element_type=\"widget\" data-e-type=\"widget\" data-settings=\"{&quot;eael_post_grid_columns&quot;:&quot;eael-col-1&quot;,&quot;_animation&quot;:&quot;rollIn&quot;,&quot;eael_post_grid_columns_tablet&quot;:&quot;eael-col-2&quot;,&quot;eael_post_grid_columns_mobile&quot;:&quot;eael-col-1&quot;}\" data-widget_type=\"eael-post-grid.default\">\n\t\t\t\t\t<div id=\"eael-post-grid-e1575e0\" class=\"eael-post-grid-container\">\n            <div class=\"eael-post-grid eael-post-appender eael-post-appender-e1575e0 eael-post-grid-style-one\" data-layout-mode=\"masonry\"><article class=\"eael-grid-post  eael-post-grid-column eael-pg-post-9747 category-exitos\" data-id=\"9747\">\n        <div class=\"eael-grid-post-holder\">\n            <div class=\"eael-grid-post-holder-inner\"><div class=\"eael-entry-media\"><div class=\"eael-entry-overlay fade-in\"><i class=\"far fa-hand-pointer\" aria-hidden=\"true\"><\/i><a href=\"https:\/\/soymigrante.com\/revista\/pablo-pineda-un-aliado-humanitario-en-chicago-con-su-restaurante-latin-patio\/\"><\/a><\/div><div class=\"eael-entry-thumbnail eael-image-ratio\">\n                <img fetchpriority=\"high\" decoding=\"async\" width=\"1024\" height=\"1024\" src=\"https:\/\/soymigrante.com\/revista\/wp-content\/uploads\/2024\/09\/Pablo-Pineda-lider-comunitario-Illinois-Chicago2-1024x1024.webp\" class=\"attachment-large size-large wp-image-9796\" alt=\"Trabajador migrante feliz sonrisa positiva revistamodelmigrante.\" \/>\n            <\/div>\n        <\/div><div class=\"eael-entry-wrapper\"><header class=\"eael-entry-header\"><h2 class=\"eael-entry-title\"><a class=\"eael-grid-post-link\" href=\"https:\/\/soymigrante.com\/revista\/pablo-pineda-un-aliado-humanitario-en-chicago-con-su-restaurante-latin-patio\/\" title=\"El guatemalteco Pablo Pineda es un aliado humanitario de los migrantes en Chicago\">El guatemalteco Pablo Pineda es un aliado humanitario de los migrantes en Chicago<\/a><\/h2><\/header><div class=\"eael-entry-content\">\n                        <div class=\"eael-grid-post-excerpt\"><a href=\"https:\/\/soymigrante.com\/revista\/pablo-pineda-un-aliado-humanitario-en-chicago-con-su-restaurante-latin-patio\/\" class=\"eael-post-elements-readmore-btn\">CONOCE SU HISTORIA <\/a><\/div>\n                    <\/div><\/div><\/div>\n        <\/div>\n    <\/article><\/div>\n            <div class=\"clearfix\"><\/div>\n        <\/div>\t\t\t\t<\/div>\n\t\t\t\t\t<\/div>\n\t\t\t\t<\/div>\n\t\t<div data-particle_enable=\"false\" data-particle-mobile-disabled=\"false\" class=\"elementor-element elementor-element-ff572c6 e-flex e-con-boxed e-con e-parent\" data-id=\"ff572c6\" data-element_type=\"container\" data-e-type=\"container\">\n\t\t\t\t\t<div class=\"e-con-inner\">\n\t\t\t\t<div class=\"elementor-element elementor-element-2c53194 elementor-widget elementor-widget-heading\" data-id=\"2c53194\" data-element_type=\"widget\" data-e-type=\"widget\" data-widget_type=\"heading.default\">\n\t\t\t\t\t<h3 class=\"elementor-heading-title elementor-size-default\">Un relato humano detr\u00e1s de las cifras<\/h3>\t\t\t\t<\/div>\n\t\t\t\t\t<\/div>\n\t\t\t\t<\/div>\n\t\t<div data-particle_enable=\"false\" data-particle-mobile-disabled=\"false\" class=\"elementor-element elementor-element-3552082 e-flex e-con-boxed e-con e-parent\" data-id=\"3552082\" data-element_type=\"container\" data-e-type=\"container\">\n\t\t\t\t\t<div class=\"e-con-inner\">\n\t\t\t\t<div class=\"elementor-element elementor-element-8cac56a elementor-widget elementor-widget-text-editor\" data-id=\"8cac56a\" data-element_type=\"widget\" data-e-type=\"widget\" data-widget_type=\"text-editor.default\">\n\t\t\t\t\t\t\t\t\t<p>El estudio se centra en una familia guatemalteca (identidades protegidas) que decide migrar tras amenazas a su comunidad. Al alcanzar la frontera, enfrentan un sistema de asilo sobrecargado, expulsiones aceleradas y falta de representaci\u00f3n legal \u2014un proceso que los deja sin medios, sin vivienda y sin apoyo, literalmente \u201cempezando desde cero\u201d una vez admitidos.<\/p>\t\t\t\t\t\t\t\t<\/div>\n\t\t\t\t\t<\/div>\n\t\t\t\t<\/div>\n\t\t<div data-particle_enable=\"false\" data-particle-mobile-disabled=\"false\" class=\"elementor-element elementor-element-b751fd6 e-flex e-con-boxed e-con e-parent\" data-id=\"b751fd6\" data-element_type=\"container\" data-e-type=\"container\">\n\t\t\t\t\t<div class=\"e-con-inner\">\n\t\t\t\t<div class=\"elementor-element elementor-element-4b1c5f6 elementor-grid-eael-col-1 elementor-grid-tablet-eael-col-2 elementor-grid-mobile-eael-col-1 elementor-invisible elementor-widget elementor-widget-eael-post-grid\" data-id=\"4b1c5f6\" data-element_type=\"widget\" data-e-type=\"widget\" data-settings=\"{&quot;eael_post_grid_columns&quot;:&quot;eael-col-1&quot;,&quot;_animation&quot;:&quot;rollIn&quot;,&quot;eael_post_grid_columns_tablet&quot;:&quot;eael-col-2&quot;,&quot;eael_post_grid_columns_mobile&quot;:&quot;eael-col-1&quot;}\" data-widget_type=\"eael-post-grid.default\">\n\t\t\t\t\t<div id=\"eael-post-grid-4b1c5f6\" class=\"eael-post-grid-container\">\n            <div class=\"eael-post-grid eael-post-appender eael-post-appender-4b1c5f6 eael-post-grid-style-one\" data-layout-mode=\"masonry\"><article class=\"eael-grid-post  eael-post-grid-column eael-pg-post-31636 category-estamos-unidos\" data-id=\"31636\">\n        <div class=\"eael-grid-post-holder\">\n            <div class=\"eael-grid-post-holder-inner\"><div class=\"eael-entry-media\"><div class=\"eael-entry-overlay fade-in\"><i class=\"far fa-hand-pointer\" aria-hidden=\"true\"><\/i><a href=\"https:\/\/soymigrante.com\/revista\/cuatro-trajes-tres-personajes-y-un-corazon-en-nueva-york-late-por-su-pueblo-momostenango\/\"><\/a><\/div><div class=\"eael-entry-thumbnail eael-image-ratio\">\n                <img decoding=\"async\" width=\"1024\" height=\"1024\" src=\"https:\/\/soymigrante.com\/revista\/wp-content\/uploads\/2025\/04\/roldan-wix-momostenango-trajes-ny-11-1024x1024.jpg\" class=\"attachment-large size-large wp-image-31637\" alt=\"Hombre disfrazado de jaguar y otro con m\u00e1scara de payaso en celebraci\u00f3n tradicional mexicana en una plaza p\u00fablica al atardecer. Personas y espacios abiertos en el fondo, ambiente festivo y cultural.\" srcset=\"https:\/\/soymigrante.com\/revista\/wp-content\/uploads\/2025\/04\/roldan-wix-momostenango-trajes-ny-11-1024x1024.jpg 1024w, https:\/\/soymigrante.com\/revista\/wp-content\/uploads\/2025\/04\/roldan-wix-momostenango-trajes-ny-11-300x300.jpg 300w, https:\/\/soymigrante.com\/revista\/wp-content\/uploads\/2025\/04\/roldan-wix-momostenango-trajes-ny-11-150x150.jpg 150w, https:\/\/soymigrante.com\/revista\/wp-content\/uploads\/2025\/04\/roldan-wix-momostenango-trajes-ny-11-768x768.jpg 768w, https:\/\/soymigrante.com\/revista\/wp-content\/uploads\/2025\/04\/roldan-wix-momostenango-trajes-ny-11-75x75.jpg 75w, https:\/\/soymigrante.com\/revista\/wp-content\/uploads\/2025\/04\/roldan-wix-momostenango-trajes-ny-11-750x750.jpg 750w, https:\/\/soymigrante.com\/revista\/wp-content\/uploads\/2025\/04\/roldan-wix-momostenango-trajes-ny-11-1140x1140.jpg 1140w, https:\/\/soymigrante.com\/revista\/wp-content\/uploads\/2025\/04\/roldan-wix-momostenango-trajes-ny-11.jpg 1390w\" sizes=\"(max-width: 1024px) 100vw, 1024px\" \/>\n            <\/div>\n        <\/div><div class=\"eael-entry-wrapper\"><header class=\"eael-entry-header\"><h2 class=\"eael-entry-title\"><a class=\"eael-grid-post-link\" href=\"https:\/\/soymigrante.com\/revista\/cuatro-trajes-tres-personajes-y-un-corazon-en-nueva-york-late-por-su-pueblo-momostenango\/\" title=\"Cuatro trajes, tres personajes y un coraz\u00f3n en Nueva York late por su pueblo Momostenango\">Cuatro trajes, tres personajes y un coraz\u00f3n en Nueva York late por su pueblo Momostenango<\/a><\/h2><\/header><div class=\"eael-entry-content\">\n                        <div class=\"eael-grid-post-excerpt\"><a href=\"https:\/\/soymigrante.com\/revista\/cuatro-trajes-tres-personajes-y-un-corazon-en-nueva-york-late-por-su-pueblo-momostenango\/\" class=\"eael-post-elements-readmore-btn\">CONOCE SU HISTORIA <\/a><\/div>\n                    <\/div><\/div><\/div>\n        <\/div>\n    <\/article><\/div>\n            <div class=\"clearfix\"><\/div>\n        <\/div>\t\t\t\t<\/div>\n\t\t\t\t\t<\/div>\n\t\t\t\t<\/div>\n\t\t<div data-particle_enable=\"false\" data-particle-mobile-disabled=\"false\" class=\"elementor-element elementor-element-e3cb753 e-flex e-con-boxed e-con e-parent\" data-id=\"e3cb753\" data-element_type=\"container\" data-e-type=\"container\">\n\t\t\t\t\t<div class=\"e-con-inner\">\n\t\t\t\t<div class=\"elementor-element elementor-element-e8aeacd elementor-widget elementor-widget-heading\" data-id=\"e8aeacd\" data-element_type=\"widget\" data-e-type=\"widget\" data-widget_type=\"heading.default\">\n\t\t\t\t\t<h3 class=\"elementor-heading-title elementor-size-default\">Cr\u00edticas al sistema de asilo estadounidense<\/h3>\t\t\t\t<\/div>\n\t\t\t\t\t<\/div>\n\t\t\t\t<\/div>\n\t\t<div data-particle_enable=\"false\" data-particle-mobile-disabled=\"false\" class=\"elementor-element elementor-element-682abfc e-flex e-con-boxed e-con e-parent\" data-id=\"682abfc\" data-element_type=\"container\" data-e-type=\"container\">\n\t\t\t\t\t<div class=\"e-con-inner\">\n\t\t\t\t<div class=\"elementor-element elementor-element-a67aa42 elementor-widget elementor-widget-text-editor\" data-id=\"a67aa42\" data-element_type=\"widget\" data-e-type=\"widget\" data-widget_type=\"text-editor.default\">\n\t\t\t\t\t\t\t\t\t<div><a href=\"https:\/\/humanrightsfirst.org\/library\/starting-from-zero\/\" target=\"_blank\" rel=\"noopener\">Human Rights First<\/a> denuncia que el sistema actual carece de:<\/div><div>\u2022Acceso universal a asistencia legal.<\/div><div>\u2022Procesos \u00e1giles y humanos para personas en verdadera necesidad.<\/div><div>\u2022Evaluaci\u00f3n adecuada de motivos de persecuci\u00f3n.<\/div><div>\u2022Protecci\u00f3n integral, incluyendo refugio, salud y educaci\u00f3n tras aceptar el asilo.<\/div>\t\t\t\t\t\t\t\t<\/div>\n\t\t\t\t\t<\/div>\n\t\t\t\t<\/div>\n\t\t<div data-particle_enable=\"false\" data-particle-mobile-disabled=\"false\" class=\"elementor-element elementor-element-3520ce6 e-flex e-con-boxed e-con e-parent\" data-id=\"3520ce6\" data-element_type=\"container\" data-e-type=\"container\">\n\t\t\t\t\t<div class=\"e-con-inner\">\n\t\t\t\t<div class=\"elementor-element elementor-element-1a5cd37 elementor-widget elementor-widget-heading\" data-id=\"1a5cd37\" data-element_type=\"widget\" data-e-type=\"widget\" data-widget_type=\"heading.default\">\n\t\t\t\t\t<h3 class=\"elementor-heading-title elementor-size-default\">Recomendaciones claves del informe<\/h3>\t\t\t\t<\/div>\n\t\t\t\t\t<\/div>\n\t\t\t\t<\/div>\n\t\t<div data-particle_enable=\"false\" data-particle-mobile-disabled=\"false\" class=\"elementor-element elementor-element-2499d49 e-flex e-con-boxed e-con e-parent\" data-id=\"2499d49\" data-element_type=\"container\" data-e-type=\"container\">\n\t\t\t\t\t<div class=\"e-con-inner\">\n\t\t\t\t<div class=\"elementor-element elementor-element-03df1f9 elementor-widget elementor-widget-text-editor\" data-id=\"03df1f9\" data-element_type=\"widget\" data-e-type=\"widget\" data-widget_type=\"text-editor.default\">\n\t\t\t\t\t\t\t\t\t<div>Para solventar estas deficiencias y ofrecer protecci\u00f3n real, <a href=\"https:\/\/humanrightsfirst.org\/library\/starting-from-zero\/\" target=\"_blank\" rel=\"noopener\">Human Rights First<\/a> sugiere:<\/div><div>1.Garantizar representaci\u00f3n legal gratuita desde el primer paso.<\/div><div>2.Simplificar tr\u00e1mites de solicitud para evitar rechazos indebidos.<\/div><div>3.Crear redes de apoyo (vivienda temporal, empleo, salud) a refugiados una vez admitidos.<\/div><div>4.Desarrollar pol\u00edticas que respondan a las causas profundas de la migraci\u00f3n: violencia, desigualdad y deterioro econ\u00f3mico.<\/div>\t\t\t\t\t\t\t\t<\/div>\n\t\t\t\t\t<\/div>\n\t\t\t\t<\/div>\n\t\t<div data-particle_enable=\"false\" data-particle-mobile-disabled=\"false\" class=\"elementor-element elementor-element-5ca8a6f e-flex e-con-boxed e-con e-parent\" data-id=\"5ca8a6f\" data-element_type=\"container\" data-e-type=\"container\">\n\t\t\t\t\t<div class=\"e-con-inner\">\n\t\t\t\t<div class=\"elementor-element elementor-element-d806880 elementor-grid-eael-col-1 elementor-grid-tablet-eael-col-2 elementor-grid-mobile-eael-col-1 elementor-invisible elementor-widget elementor-widget-eael-post-grid\" data-id=\"d806880\" data-element_type=\"widget\" data-e-type=\"widget\" data-settings=\"{&quot;eael_post_grid_columns&quot;:&quot;eael-col-1&quot;,&quot;_animation&quot;:&quot;rollIn&quot;,&quot;eael_post_grid_columns_tablet&quot;:&quot;eael-col-2&quot;,&quot;eael_post_grid_columns_mobile&quot;:&quot;eael-col-1&quot;}\" data-widget_type=\"eael-post-grid.default\">\n\t\t\t\t\t<div id=\"eael-post-grid-d806880\" class=\"eael-post-grid-container\">\n            <div class=\"eael-post-grid eael-post-appender eael-post-appender-d806880 eael-post-grid-style-one\" data-layout-mode=\"masonry\"><article class=\"eael-grid-post  eael-post-grid-column eael-pg-post-260 category-estamos-unidos\" data-id=\"260\">\n        <div class=\"eael-grid-post-holder\">\n            <div class=\"eael-grid-post-holder-inner\"><div class=\"eael-entry-media\"><div class=\"eael-entry-overlay fade-in\"><i class=\"far fa-hand-pointer\" aria-hidden=\"true\"><\/i><a href=\"https:\/\/soymigrante.com\/revista\/los-migrantes-tambien-somos-guatemala\/\"><\/a><\/div><div class=\"eael-entry-thumbnail eael-image-ratio\">\n                <img decoding=\"async\" width=\"1024\" height=\"768\" src=\"https:\/\/soymigrante.com\/revista\/wp-content\/uploads\/2023\/02\/SOY-BEN-MONTERROSO-3-1024x768.jpg\" class=\"attachment-large size-large wp-image-263\" alt=\"\" srcset=\"https:\/\/soymigrante.com\/revista\/wp-content\/uploads\/2023\/02\/SOY-BEN-MONTERROSO-3-1024x768.jpg 1024w, https:\/\/soymigrante.com\/revista\/wp-content\/uploads\/2023\/02\/SOY-BEN-MONTERROSO-3-300x225.webp 300w, https:\/\/soymigrante.com\/revista\/wp-content\/uploads\/2023\/02\/SOY-BEN-MONTERROSO-3-768x576.jpg 768w, https:\/\/soymigrante.com\/revista\/wp-content\/uploads\/2023\/02\/SOY-BEN-MONTERROSO-3-750x563.webp 750w, https:\/\/soymigrante.com\/revista\/wp-content\/uploads\/2023\/02\/SOY-BEN-MONTERROSO-3-1140x855.jpg 1140w, https:\/\/soymigrante.com\/revista\/wp-content\/uploads\/2023\/02\/SOY-BEN-MONTERROSO-3.webp 1440w\" sizes=\"(max-width: 1024px) 100vw, 1024px\" \/>\n            <\/div>\n        <\/div><div class=\"eael-entry-wrapper\"><header class=\"eael-entry-header\"><h2 class=\"eael-entry-title\"><a class=\"eael-grid-post-link\" href=\"https:\/\/soymigrante.com\/revista\/los-migrantes-tambien-somos-guatemala\/\" title=\"&#8220;Los migrantes tambi\u00e9n somos Guatemala y tenemos derecho a marcar su futuro&#8221;: Ben Monterroso\">&#8220;Los migrantes tambi\u00e9n somos Guatemala y tenemos derecho a marcar su futuro&#8221;: Ben Monterroso<\/a><\/h2><\/header><div class=\"eael-entry-content\">\n                        <div class=\"eael-grid-post-excerpt\"><a href=\"https:\/\/soymigrante.com\/revista\/los-migrantes-tambien-somos-guatemala\/\" class=\"eael-post-elements-readmore-btn\">CONOCE SU HISTORIA <\/a><\/div>\n                    <\/div><\/div><\/div>\n        <\/div>\n    <\/article><\/div>\n            <div class=\"clearfix\"><\/div>\n        <\/div>\t\t\t\t<\/div>\n\t\t\t\t\t<\/div>\n\t\t\t\t<\/div>\n\t\t<div data-particle_enable=\"false\" data-particle-mobile-disabled=\"false\" class=\"elementor-element elementor-element-844fa61 e-flex e-con-boxed e-con e-parent\" data-id=\"844fa61\" data-element_type=\"container\" data-e-type=\"container\">\n\t\t\t\t\t<div class=\"e-con-inner\">\n\t\t\t\t<div class=\"elementor-element elementor-element-95c3b5c elementor-widget elementor-widget-heading\" data-id=\"95c3b5c\" data-element_type=\"widget\" data-e-type=\"widget\" data-widget_type=\"heading.default\">\n\t\t\t\t\t<h3 class=\"elementor-heading-title elementor-size-default\">Por qu\u00e9 importa<\/h3>\t\t\t\t<\/div>\n\t\t\t\t\t<\/div>\n\t\t\t\t<\/div>\n\t\t<div data-particle_enable=\"false\" data-particle-mobile-disabled=\"false\" class=\"elementor-element elementor-element-64c7eb2 e-flex e-con-boxed e-con e-parent\" data-id=\"64c7eb2\" data-element_type=\"container\" data-e-type=\"container\">\n\t\t\t\t\t<div class=\"e-con-inner\">\n\t\t\t\t<div class=\"elementor-element elementor-element-e268709 elementor-widget elementor-widget-text-editor\" data-id=\"e268709\" data-element_type=\"widget\" data-e-type=\"widget\" data-widget_type=\"text-editor.default\">\n\t\t\t\t\t\t\t\t\t<p>El caso de la familia guatemalteca es solo una muestra entre miles. <a href=\"https:\/\/humanrightsfirst.org\/library\/starting-from-zero\/\" target=\"_blank\" rel=\"noopener\">Seg\u00fan el informe<\/a>, sin apoyo efectivo, muchos refugiados quedan en situaci\u00f3n de vulnerabilidad extrema a pesar de recibir asilo formal.<\/p>\t\t\t\t\t\t\t\t<\/div>\n\t\t\t\t\t<\/div>\n\t\t\t\t<\/div>\n\t\t<div data-particle_enable=\"false\" data-particle-mobile-disabled=\"false\" class=\"elementor-element elementor-element-169add4 e-flex e-con-boxed e-con e-parent\" data-id=\"169add4\" data-element_type=\"container\" data-e-type=\"container\">\n\t\t\t\t\t<div class=\"e-con-inner\">\n\t\t\t\t<div class=\"elementor-element elementor-element-58390b8 elementor-widget elementor-widget-text-editor\" data-id=\"58390b8\" data-element_type=\"widget\" data-e-type=\"widget\" data-widget_type=\"text-editor.default\">\n\t\t\t\t\t\t\t\t\t<p><a href=\"https:\/\/humanrightsfirst.org\/library\/starting-from-zero\/\" target=\"_blank\" rel=\"noopener\">Starting From Zero<\/a> revela la contradictoria paradoja de recibir asilo solo para quedar sin soporte m\u00ednimo. Exhorta a Estados Unidos a reformar no solo sus fronteras, sino tambi\u00e9n su sistema de acogida, para que los m\u00e1s vulnerables no vuelvan a empezar\u2026 desde cero.<\/p>\t\t\t\t\t\t\t\t<\/div>\n\t\t\t\t\t<\/div>\n\t\t\t\t<\/div>\n\t\t<div data-particle_enable=\"false\" data-particle-mobile-disabled=\"false\" class=\"elementor-element elementor-element-c6f153b e-flex e-con-boxed e-con e-parent\" data-id=\"c6f153b\" data-element_type=\"container\" data-e-type=\"container\">\n\t\t\t\t\t<div class=\"e-con-inner\">\n\t\t\t\t<div class=\"elementor-element elementor-element-08b6c5f elementor-widget elementor-widget-heading\" data-id=\"08b6c5f\" data-element_type=\"widget\" data-e-type=\"widget\" data-widget_type=\"heading.default\">\n\t\t\t\t\t<h2 class=\"elementor-heading-title elementor-size-default\">Conoce otras noticias inspiradoras, ac\u00e1...<\/h2>\t\t\t\t<\/div>\n\t\t\t\t\t<\/div>\n\t\t\t\t<\/div>\n\t\t<div data-particle_enable=\"false\" data-particle-mobile-disabled=\"false\" class=\"elementor-element elementor-element-80ae8ec e-flex e-con-boxed e-con e-parent\" data-id=\"80ae8ec\" data-element_type=\"container\" data-e-type=\"container\">\n\t\t\t\t\t<div class=\"e-con-inner\">\n\t\t\t\t<div class=\"elementor-element elementor-element-df4b46f elementor-grid-eael-col-3 elementor-grid-tablet-eael-col-2 elementor-grid-mobile-eael-col-1 elementor-invisible elementor-widget elementor-widget-eael-post-grid\" data-id=\"df4b46f\" data-element_type=\"widget\" data-e-type=\"widget\" data-settings=\"{&quot;eael_post_grid_columns&quot;:&quot;eael-col-3&quot;,&quot;_animation&quot;:&quot;rollIn&quot;,&quot;eael_post_grid_columns_tablet&quot;:&quot;eael-col-2&quot;,&quot;eael_post_grid_columns_mobile&quot;:&quot;eael-col-1&quot;}\" data-widget_type=\"eael-post-grid.default\">\n\t\t\t\t\t<div id=\"eael-post-grid-df4b46f\" class=\"eael-post-grid-container\">\n            <div class=\"eael-post-grid eael-post-appender eael-post-appender-df4b46f eael-post-grid-style-one\" data-layout-mode=\"masonry\"><article class=\"eael-grid-post  eael-post-grid-column eael-pg-post-37480 category-exitos-guatemala\" data-id=\"37480\">\n        <div class=\"eael-grid-post-holder\">\n            <div class=\"eael-grid-post-holder-inner\"><div class=\"eael-entry-media\"><div class=\"eael-entry-overlay fade-in\"><i class=\"far fa-hand-pointer\" aria-hidden=\"true\"><\/i><a href=\"https:\/\/soymigrante.com\/revista\/migrante-bilma-dalila-pedro-desde-nueva-generacion-maya-a-nueva-york\/\"><\/a><\/div><div class=\"eael-entry-thumbnail \">\n                <img loading=\"lazy\" decoding=\"async\" width=\"385\" height=\"385\" src=\"https:\/\/soymigrante.com\/revista\/wp-content\/uploads\/2025\/06\/migrante-guatemalteca-dalila-pedro-en-nueva-york-5.png\" class=\"attachment-large size-large wp-image-37513\" alt=\"Joven mujer en un entorno de biblioteca, promoviendo inmigraci\u00f3n y cultura en Revista SoyMigrante.com, enfocada en historias y noticias sobre migrantes y derechos migratorios en Am\u00e9rica Latina y el mundo.\" srcset=\"https:\/\/soymigrante.com\/revista\/wp-content\/uploads\/2025\/06\/migrante-guatemalteca-dalila-pedro-en-nueva-york-5.png 385w, https:\/\/soymigrante.com\/revista\/wp-content\/uploads\/2025\/06\/migrante-guatemalteca-dalila-pedro-en-nueva-york-5-300x300.png 300w, https:\/\/soymigrante.com\/revista\/wp-content\/uploads\/2025\/06\/migrante-guatemalteca-dalila-pedro-en-nueva-york-5-150x150.png 150w, https:\/\/soymigrante.com\/revista\/wp-content\/uploads\/2025\/06\/migrante-guatemalteca-dalila-pedro-en-nueva-york-5-75x75.png 75w\" sizes=\"(max-width: 385px) 100vw, 385px\" \/>\n            <\/div>\n        <\/div><div class=\"eael-entry-wrapper\"><header class=\"eael-entry-header\"><h2 class=\"eael-entry-title\"><a class=\"eael-grid-post-link\" href=\"https:\/\/soymigrante.com\/revista\/migrante-bilma-dalila-pedro-desde-nueva-generacion-maya-a-nueva-york\/\" title=\"Migrante Bilma Dalila Pedro: desde Nueva Generaci\u00f3n Maya a Nueva York\">Migrante Bilma Dalila Pedro: desde Nueva Generaci\u00f3n Maya a Nueva York<\/a><\/h2><\/header><div class=\"eael-entry-content\">\n                        <div class=\"eael-grid-post-excerpt\"><a href=\"https:\/\/soymigrante.com\/revista\/migrante-bilma-dalila-pedro-desde-nueva-generacion-maya-a-nueva-york\/\" class=\"eael-post-elements-readmore-btn\">CONOCE SU HISTORIA <\/a><\/div>\n                    <\/div><\/div><\/div>\n        <\/div>\n    <\/article><article class=\"eael-grid-post  eael-post-grid-column eael-pg-post-2281 category-exitos\" data-id=\"2281\">\n        <div class=\"eael-grid-post-holder\">\n            <div class=\"eael-grid-post-holder-inner\"><div class=\"eael-entry-media\"><div class=\"eael-entry-overlay fade-in\"><i class=\"far fa-hand-pointer\" aria-hidden=\"true\"><\/i><a href=\"https:\/\/soymigrante.com\/revista\/rosario-rodriguez-cineasta-guatemalteca-nueva-york\/\"><\/a><\/div><div class=\"eael-entry-thumbnail \">\n                <img loading=\"lazy\" decoding=\"async\" width=\"1024\" height=\"834\" src=\"https:\/\/soymigrante.com\/revista\/wp-content\/uploads\/2023\/08\/rosie-1024x834.webp\" class=\"attachment-large size-large wp-image-2341\" alt=\"Rosario Rodr\u00edguez, cineasta guatemalteca y migrante\" srcset=\"https:\/\/soymigrante.com\/revista\/wp-content\/uploads\/2023\/08\/rosie-1024x834.webp 1024w, https:\/\/soymigrante.com\/revista\/wp-content\/uploads\/2023\/08\/rosie-300x244.webp 300w, https:\/\/soymigrante.com\/revista\/wp-content\/uploads\/2023\/08\/rosie-768x626.webp 768w, https:\/\/soymigrante.com\/revista\/wp-content\/uploads\/2023\/08\/rosie-750x611.webp 750w, https:\/\/soymigrante.com\/revista\/wp-content\/uploads\/2023\/08\/rosie-1140x929.webp 1140w, https:\/\/soymigrante.com\/revista\/wp-content\/uploads\/2023\/08\/rosie.webp 1425w\" sizes=\"(max-width: 1024px) 100vw, 1024px\" \/>\n            <\/div>\n        <\/div><div class=\"eael-entry-wrapper\"><header class=\"eael-entry-header\"><h2 class=\"eael-entry-title\"><a class=\"eael-grid-post-link\" href=\"https:\/\/soymigrante.com\/revista\/rosario-rodriguez-cineasta-guatemalteca-nueva-york\/\" title=\"Rosario Rodr\u00edguez: La cineasta guatemalteca que brilla en Nueva York\">Rosario Rodr\u00edguez: La cineasta guatemalteca que brilla en Nueva York<\/a><\/h2><\/header><div class=\"eael-entry-content\">\n                        <div class=\"eael-grid-post-excerpt\"><a href=\"https:\/\/soymigrante.com\/revista\/rosario-rodriguez-cineasta-guatemalteca-nueva-york\/\" class=\"eael-post-elements-readmore-btn\">CONOCE SU HISTORIA <\/a><\/div>\n                    <\/div><\/div><\/div>\n        <\/div>\n    <\/article><article class=\"eael-grid-post  eael-post-grid-column eael-pg-post-1118 category-exitos\" data-id=\"1118\">\n        <div class=\"eael-grid-post-holder\">\n            <div class=\"eael-grid-post-holder-inner\"><div class=\"eael-entry-media\"><div class=\"eael-entry-overlay fade-in\"><i class=\"far fa-hand-pointer\" aria-hidden=\"true\"><\/i><a href=\"https:\/\/soymigrante.com\/revista\/migrante-guatemalteco-julio-cota-es-fotografo-en-nueva-york\/\"><\/a><\/div><div class=\"eael-entry-thumbnail \">\n                <img loading=\"lazy\" decoding=\"async\" width=\"400\" height=\"400\" src=\"https:\/\/soymigrante.com\/revista\/wp-content\/uploads\/2023\/06\/SM_7.webp\" class=\"attachment-large size-large wp-image-1167\" alt=\"Julio Cota fotografo migrante en nueva york\" srcset=\"https:\/\/soymigrante.com\/revista\/wp-content\/uploads\/2023\/06\/SM_7.webp 400w, https:\/\/soymigrante.com\/revista\/wp-content\/uploads\/2023\/06\/SM_7-300x300.webp 300w, https:\/\/soymigrante.com\/revista\/wp-content\/uploads\/2023\/06\/SM_7-150x150.webp 150w, https:\/\/soymigrante.com\/revista\/wp-content\/uploads\/2023\/06\/SM_7-75x75.webp 75w\" sizes=\"(max-width: 400px) 100vw, 400px\" \/>\n            <\/div>\n        <\/div><div class=\"eael-entry-wrapper\"><header class=\"eael-entry-header\"><h2 class=\"eael-entry-title\"><a class=\"eael-grid-post-link\" href=\"https:\/\/soymigrante.com\/revista\/migrante-guatemalteco-julio-cota-es-fotografo-en-nueva-york\/\" title=\"Migrante guatemalteco Julio Cota cuenta historias fotogr\u00e1ficas en Nueva York\">Migrante guatemalteco Julio Cota cuenta historias fotogr\u00e1ficas en Nueva York<\/a><\/h2><\/header><div class=\"eael-entry-content\">\n                        <div class=\"eael-grid-post-excerpt\"><a href=\"https:\/\/soymigrante.com\/revista\/migrante-guatemalteco-julio-cota-es-fotografo-en-nueva-york\/\" class=\"eael-post-elements-readmore-btn\">CONOCE SU HISTORIA <\/a><\/div>\n                    <\/div><\/div><\/div>\n        <\/div>\n    <\/article><\/div>\n            <div class=\"clearfix\"><\/div>\n        <\/div>\t\t\t\t<\/div>\n\t\t\t\t\t<\/div>\n\t\t\t\t<\/div>\n\t\t\t\t<\/div>\n\t\t","protected":false},"excerpt":{"rendered":"<p>La familia guatemalteca que tiene que enfrentar el asilo desde los ojos de Darwin, un padre comprometido. Darwin, un guatemalteco de 43 a\u00f1os, huy\u00f3 de su pa\u00eds en 2016 debido a amenazas de muerte relacionadas con la exposici\u00f3n de corrupci\u00f3n y v\u00ednculos con carteles. Despu\u00e9s de obtener asilo en Estados Unidos, estableci\u00f3 dos negocios exitosos [&hellip;]<\/p>\n","protected":false},"author":19,"featured_media":39450,"comment_status":"open","ping_status":"open","sticky":false,"template":"","format":"standard","meta":{"_acf_changed":false,"_eb_attr":"","footnotes":""},"categories":[58],"tags":[],"class_list":["post-39449","post","type-post","status-publish","format-standard","has-post-thumbnail","hentry","category-guate-nuestra"],"acf":[],"aioseo_notices":[],"aioseo_head":"\n\t\t<!-- All in One SEO Pro 4.9.6.2 - aioseo.com -->\n\t<meta name=\"description\" content=\"Julio Cota Julajuj, oriundo del caser\u00edo Tierra Linda departamento de Solol\u00e1, llego a Estados Unidos hace tres a\u00f1os y medio. Este migrante guatemalteco trabaj\u00f3 en un restaurantes, pero su pasi\u00f3n y talento es la fotograf\u00eda. Se siente muy orgulloso de ser migrante y guatemalteco. Desde la tierra del paisaje departamento de Solol\u00e1, Julio a la\" \/>\n\t<meta name=\"robots\" content=\"max-snippet:-1, max-image-preview:large, max-video-preview:-1\" \/>\n\t<meta name=\"author\" content=\"Diana Batz\"\/>\n\t<link rel=\"canonical\" href=\"https:\/\/soymigrante.com\/revista\/migrante-guatemalteco-julio-cota-es-fotografo-en-nueva-york\/\" \/>\n\t<meta name=\"generator\" content=\"All in One SEO Pro (AIOSEO) 4.9.6.2\" \/>\n\n\t\t<link rel=\"preconnect\" href=\"https:\/\/fonts.googleapis.com\" crossorigin>\n<link rel=\"preconnect\" href=\"https:\/\/fonts.gstatic.com\" crossorigin>\n\t\t<meta property=\"og:locale\" content=\"es_ES\" \/>\n\t\t<meta property=\"og:site_name\" content=\"SoyMigrante.com REVISTA \u2013 Nuestra misi\u00f3n es reconocer y dignificar al migrante.\" \/>\n\t\t<meta property=\"og:type\" content=\"article\" \/>\n\t\t<meta property=\"og:title\" content=\"Migrante guatemalteco Julio Cota cuenta historias fotogr\u00e1ficas en Nueva York\" \/>\n\t\t<meta property=\"og:description\" content=\"Julio Cota Julajuj, oriundo del caser\u00edo Tierra Linda departamento de Solol\u00e1, llego a Estados Unidos hace tres a\u00f1os y medio. Este migrante guatemalteco trabaj\u00f3 en un restaurantes, pero su pasi\u00f3n y talento es la fotograf\u00eda. Se siente muy orgulloso de ser migrante y guatemalteco. Desde la tierra del paisaje departamento de Solol\u00e1, Julio a la\" \/>\n\t\t<meta property=\"og:url\" content=\"https:\/\/soymigrante.com\/revista\/migrante-guatemalteco-julio-cota-es-fotografo-en-nueva-york\/\" \/>\n\t\t<meta property=\"og:image\" content=\"https:\/\/soymigrante.com\/revista\/wp-content\/uploads\/2023\/06\/SM_7.webp\" \/>\n\t\t<meta property=\"og:image:secure_url\" content=\"https:\/\/soymigrante.com\/revista\/wp-content\/uploads\/2023\/06\/SM_7.webp\" \/>\n\t\t<meta property=\"og:image:width\" content=\"400\" \/>\n\t\t<meta property=\"og:image:height\" content=\"400\" \/>\n\t\t<meta property=\"article:published_time\" content=\"2023-05-31T21:35:39+00:00\" \/>\n\t\t<meta property=\"article:modified_time\" content=\"2024-11-01T12:54:39+00:00\" \/>\n\t\t<meta property=\"article:publisher\" content=\"https:\/\/www.facebook.com\/soymigrantecom\" \/>\n\t\t<meta name=\"twitter:card\" content=\"summary_large_image\" \/>\n\t\t<meta name=\"twitter:site\" content=\"@SoyMigrante_com\" \/>\n\t\t<meta name=\"twitter:title\" content=\"Migrante guatemalteco Julio Cota cuenta historias fotogr\u00e1ficas en Nueva York\" \/>\n\t\t<meta name=\"twitter:description\" content=\"Julio Cota Julajuj, oriundo del caser\u00edo Tierra Linda departamento de Solol\u00e1, llego a Estados Unidos hace tres a\u00f1os y medio. Este migrante guatemalteco trabaj\u00f3 en un restaurantes, pero su pasi\u00f3n y talento es la fotograf\u00eda. Se siente muy orgulloso de ser migrante y guatemalteco. Desde la tierra del paisaje departamento de Solol\u00e1, Julio a la\" \/>\n\t\t<meta name=\"twitter:creator\" content=\"@SoyMigrante_com\" \/>\n\t\t<meta name=\"twitter:image\" content=\"https:\/\/soymigrante.com\/revista\/wp-content\/uploads\/2023\/06\/SM_7.webp\" \/>\n\t\t<!-- All in One SEO Pro -->\r\n\t\t<title>Migrante guatemalteco Julio Cota cuenta historias fotogr\u00e1ficas en Nueva York<\/title>\n\n","aioseo_head_json":{"title":"Migrante guatemalteco Julio Cota cuenta historias fotogr\u00e1ficas en Nueva York","description":"Julio Cota Julajuj, oriundo del caser\u00edo Tierra Linda departamento de Solol\u00e1, llego a Estados Unidos hace tres a\u00f1os y medio. Este migrante guatemalteco trabaj\u00f3 en un restaurantes, pero su pasi\u00f3n y talento es la fotograf\u00eda. Se siente muy orgulloso de ser migrante y guatemalteco. Desde la tierra del paisaje departamento de Solol\u00e1, Julio a la","canonical_url":"https:\/\/soymigrante.com\/revista\/migrante-guatemalteco-julio-cota-es-fotografo-en-nueva-york\/","robots":"max-snippet:-1, max-image-preview:large, max-video-preview:-1","keywords":"","webmasterTools":{"miscellaneous":"&lt;link rel=\"preconnect\" href=\"https:\/\/fonts.googleapis.com\" crossorigin&gt;\n&lt;link rel=\"preconnect\" href=\"https:\/\/fonts.gstatic.com\" crossorigin&gt;"},"schema":null,"og:locale":"es_ES","og:site_name":"SoyMigrante.com REVISTA \u2013 Nuestra misi\u00f3n es reconocer y dignificar al migrante.","og:type":"article","og:title":"Migrante guatemalteco Julio Cota cuenta historias fotogr\u00e1ficas en Nueva York","og:description":"Julio Cota Julajuj, oriundo del caser\u00edo Tierra Linda departamento de Solol\u00e1, llego a Estados Unidos hace tres a\u00f1os y medio. Este migrante guatemalteco trabaj\u00f3 en un restaurantes, pero su pasi\u00f3n y talento es la fotograf\u00eda. Se siente muy orgulloso de ser migrante y guatemalteco. Desde la tierra del paisaje departamento de Solol\u00e1, Julio a la","og:url":"https:\/\/soymigrante.com\/revista\/migrante-guatemalteco-julio-cota-es-fotografo-en-nueva-york\/","og:image":"https:\/\/soymigrante.com\/revista\/wp-content\/uploads\/2023\/06\/SM_7.webp","og:image:secure_url":"https:\/\/soymigrante.com\/revista\/wp-content\/uploads\/2023\/06\/SM_7.webp","og:image:width":400,"og:image:height":400,"article:published_time":"2023-05-31T21:35:39+00:00","article:modified_time":"2024-11-01T12:54:39+00:00","article:publisher":"https:\/\/www.facebook.com\/soymigrantecom","twitter:card":"summary_large_image","twitter:site":"@SoyMigrante_com","twitter:title":"Migrante guatemalteco Julio Cota cuenta historias fotogr\u00e1ficas en Nueva York","twitter:description":"Julio Cota Julajuj, oriundo del caser\u00edo Tierra Linda departamento de Solol\u00e1, llego a Estados Unidos hace tres a\u00f1os y medio. Este migrante guatemalteco trabaj\u00f3 en un restaurantes, pero su pasi\u00f3n y talento es la fotograf\u00eda. Se siente muy orgulloso de ser migrante y guatemalteco. Desde la tierra del paisaje departamento de Solol\u00e1, Julio a la","twitter:creator":"@SoyMigrante_com","twitter:image":"https:\/\/soymigrante.com\/revista\/wp-content\/uploads\/2023\/06\/SM_7.webp"},"aioseo_meta_data":{"post_id":"39449","title":null,"description":"Darwin sali\u00f3 de Guatemala en busca de una esperanza de mejora en Estados Unidos. Esta ha sido su experiencia como solicitante de asilo.","keywords":null,"keyphrases":{"focus":{"keyphrase":"familia guatemalteca","score":50,"analysis":{"keyphraseInTitle":{"score":3,"maxScore":9,"error":1},"keyphraseInDescription":{"score":3,"maxScore":9,"error":1},"keyphraseLength":{"score":9,"maxScore":9,"error":0,"length":2},"keyphraseInURL":{"score":1,"maxScore":5,"error":1},"keyphraseInIntroduction":{"score":3,"maxScore":9,"error":1},"keyphraseInSubHeadings":{"score":3,"maxScore":9,"error":1},"keyphraseInImageAlt":{"score":3,"maxScore":9,"error":1},"keywordDensity":{"type":"best","score":9,"maxScore":9,"error":0}}},"additional":[{"keyphrase":"asilo","score":73,"analysis":{"keyphraseInDescription":{"score":9,"maxScore":9,"error":0},"keyphraseLength":{"score":9,"maxScore":9,"error":0,"length":1},"keyphraseInIntroduction":{"score":3,"maxScore":9,"error":1},"keyphraseInImageAlt":{"score":3,"maxScore":9,"error":1},"keywordDensity":{"type":"best","score":9,"maxScore":9,"error":0}}}]},"primary_term":null,"canonical_url":null,"og_title":null,"og_description":null,"og_object_type":"default","og_image_type":"default","og_image_url":null,"og_image_width":null,"og_image_height":null,"og_image_custom_url":null,"og_image_custom_fields":null,"og_video":"","og_custom_url":null,"og_article_section":null,"og_article_tags":null,"twitter_use_og":false,"twitter_card":"default","twitter_image_type":"default","twitter_image_url":null,"twitter_image_custom_url":null,"twitter_image_custom_fields":null,"twitter_title":null,"twitter_description":null,"schema":{"blockGraphs":[],"customGraphs":[],"default":{"data":{"Article":[],"Course":[],"Dataset":[],"FAQPage":[],"Movie":[],"Person":[],"Product":[],"ProductReview":[],"Car":[],"Recipe":[],"Service":[],"SoftwareApplication":[],"WebPage":[]},"graphName":"none","isEnabled":true},"graphs":[]},"schema_type":"default","schema_type_options":null,"pillar_content":false,"robots_default":true,"robots_noindex":false,"robots_noarchive":false,"robots_nosnippet":false,"robots_nofollow":false,"robots_noimageindex":false,"robots_noodp":false,"robots_notranslate":false,"robots_max_snippet":"-1","robots_max_videopreview":"-1","robots_max_imagepreview":"large","priority":null,"frequency":"default","local_seo":null,"seo_analyzer_scan_date":"2025-10-09 06:53:30","breadcrumb_settings":null,"limit_modified_date":false,"reviewed_by":"0","open_ai":null,"ai":{"faqs":[],"keyPoints":[],"titles":[],"descriptions":[],"socialPosts":{"email":[],"linkedin":[],"twitter":[],"facebook":[],"instagram":[]}},"created":"2025-07-15 18:08:33","updated":"2026-02-05 02:59:26"},"aioseo_breadcrumb":"<div class=\"aioseo-breadcrumbs\"><span class=\"aioseo-breadcrumb\">\n\t<a href=\"https:\/\/soymigrante.com\/revista\" title=\"Home\">Home<\/a>\n<\/span><span class=\"aioseo-breadcrumb-separator\">\u00bb<\/span><span class=\"aioseo-breadcrumb\">\n\t<a href=\"https:\/\/soymigrante.com\/revista\/category\/guate-nuestra\/\" title=\"Guate Nuestra\">Guate Nuestra<\/a>\n<\/span><span class=\"aioseo-breadcrumb-separator\">\u00bb<\/span><span class=\"aioseo-breadcrumb\">\n\tEl viaje de la familia de Darwin hacia el asilo\n<\/span><\/div>","aioseo_breadcrumb_json":[{"label":"Home","link":"https:\/\/soymigrante.com\/revista"},{"label":"Guate Nuestra","link":"https:\/\/soymigrante.com\/revista\/category\/guate-nuestra\/"},{"label":"El viaje de la familia de Darwin hacia el asilo","link":"https:\/\/soymigrante.com\/revista\/el-viaje-de-la-familia-de-darwin-hacia-el-asilo\/"}],"_links":{"self":[{"href":"https:\/\/soymigrante.com\/revista\/wp-json\/wp\/v2\/posts\/39449","targetHints":{"allow":["GET"]}}],"collection":[{"href":"https:\/\/soymigrante.com\/revista\/wp-json\/wp\/v2\/posts"}],"about":[{"href":"https:\/\/soymigrante.com\/revista\/wp-json\/wp\/v2\/types\/post"}],"author":[{"embeddable":true,"href":"https:\/\/soymigrante.com\/revista\/wp-json\/wp\/v2\/users\/19"}],"replies":[{"embeddable":true,"href":"https:\/\/soymigrante.com\/revista\/wp-json\/wp\/v2\/comments?post=39449"}],"version-history":[{"count":11,"href":"https:\/\/soymigrante.com\/revista\/wp-json\/wp\/v2\/posts\/39449\/revisions"}],"predecessor-version":[{"id":39509,"href":"https:\/\/soymigrante.com\/revista\/wp-json\/wp\/v2\/posts\/39449\/revisions\/39509"}],"wp:featuredmedia":[{"embeddable":true,"href":"https:\/\/soymigrante.com\/revista\/wp-json\/wp\/v2\/media\/39450"}],"wp:attachment":[{"href":"https:\/\/soymigrante.com\/revista\/wp-json\/wp\/v2\/media?parent=39449"}],"wp:term":[{"taxonomy":"category","embeddable":true,"href":"https:\/\/soymigrante.com\/revista\/wp-json\/wp\/v2\/categories?post=39449"},{"taxonomy":"post_tag","embeddable":true,"href":"https:\/\/soymigrante.com\/revista\/wp-json\/wp\/v2\/tags?post=39449"}],"curies":[{"name":"wp","href":"https:\/\/api.w.org\/{rel}","templated":true}]}}