{"id":39432,"date":"2025-07-15T11:43:41","date_gmt":"2025-07-15T17:43:41","guid":{"rendered":"https:\/\/soymigrante.com\/revista\/?p=39432"},"modified":"2025-07-30T10:18:30","modified_gmt":"2025-07-30T16:18:30","slug":"personajes-del-popol-vuh-la-derrota-del-soberbio-vucub-caquix","status":"publish","type":"post","link":"https:\/\/soymigrante.com\/revista\/personajes-del-popol-vuh-la-derrota-del-soberbio-vucub-caquix\/","title":{"rendered":"Personajes del Popol Vuh: la derrota del soberbio Vucub Caquix, padre de Cabrak\u00e1n y Zipacn\u00e1"},"content":{"rendered":"\t\t<div data-elementor-type=\"wp-post\" data-elementor-id=\"39432\" class=\"elementor elementor-39432\" data-elementor-post-type=\"post\">\n\t\t\t\t<div data-particle_enable=\"false\" data-particle-mobile-disabled=\"false\" class=\"elementor-element elementor-element-f836f3e e-flex e-con-boxed e-con e-parent\" data-id=\"f836f3e\" data-element_type=\"container\" data-e-type=\"container\">\n\t\t\t\t\t<div class=\"e-con-inner\">\n\t\t\t\t<div class=\"elementor-element elementor-element-2727409 elementor-widget elementor-widget-heading\" data-id=\"2727409\" data-element_type=\"widget\" data-e-type=\"widget\" data-widget_type=\"heading.default\">\n\t\t\t\t\t<h2 class=\"elementor-heading-title elementor-size-default\"><span style=\"font-size: 31.2px\">La historia de Vucub-Caquix en el Popol Vuh es un poderoso relato sobre  c\u00f3mo la sabidur\u00eda y el equilibrio triunfan sobre el poder falso de un usurpador. Incluye fragmentos textuales del relato maya.<\/span><\/h2>\t\t\t\t<\/div>\n\t\t\t\t<div class=\"elementor-element elementor-element-359754a elementor-widget elementor-widget-html\" data-id=\"359754a\" data-element_type=\"widget\" data-e-type=\"widget\" data-widget_type=\"html.default\">\n\t\t\t\t\t<div id=\"buzzsprout-player-17517658\"><\/div><script src=\"https:\/\/www.buzzsprout.com\/2444168\/episodes\/17517658-personajes-del-popol-vuh-la-caida-del-poderoso-vucub-caquix.js?container_id=buzzsprout-player-17517658&player=small\" type=\"text\/javascript\" charset=\"utf-8\"><\/script>\t\t\t\t<\/div>\n\t\t\t\t\t<\/div>\n\t\t\t\t<\/div>\n\t\t<div data-particle_enable=\"false\" data-particle-mobile-disabled=\"false\" class=\"elementor-element elementor-element-d89821a e-flex e-con-boxed e-con e-parent\" data-id=\"d89821a\" data-element_type=\"container\" data-e-type=\"container\">\n\t\t\t\t\t<div class=\"e-con-inner\">\n\t\t\t\t<div class=\"elementor-element elementor-element-9646efe elementor-widget elementor-widget-text-editor\" data-id=\"9646efe\" data-element_type=\"widget\" data-e-type=\"widget\" data-widget_type=\"text-editor.default\">\n\t\t\t\t\t\t\t\t\t<p>En el libro sagrado de los mayas, el <a href=\"https:\/\/soymigrante.com\/revista\/el-popol-vuh-es-migrante-esta-en-chicago-y-8-datos-que-quiza-no-sabias\/\">Popol Vuh<\/a> (cuya correcta escritura actual es Popol Wuj), uno de los primeros enemigos del equilibrio del mundo es Vucub-Caquix, cuyo nombre se podr\u00eda traducir como Siete Guacamayo.<\/p><p>Este personaje representa la arrogancia, el falso esplendor y el poder usurpado, en una etapa en la que el mundo todav\u00eda no estaba plenamente formado y el verdadero Sol y la verdadera Luna todav\u00eda no hab\u00edan sido creados.<\/p><p>Vucub-Caquix es padre de los hermanos <a href=\"https:\/\/soymigrante.com\/revista\/como-fue-vencido-cabrakan-el-gigante-de-los-terremotos-en-el-popol-vuh\/\">Cabrak\u00e1n, gigante de los temblores<\/a>, y <a href=\"https:\/\/soymigrante.com\/revista\/personajes-del-popol-vuh-el-gran-zipacna\/\">Zipacn\u00e1, el gigante que mov\u00eda monta\u00f1as,<\/a> quienes tambi\u00e9n fueron derrotados.<\/p>\t\t\t\t\t\t\t\t<\/div>\n\t\t\t\t\t<\/div>\n\t\t\t\t<\/div>\n\t\t<div data-particle_enable=\"false\" data-particle-mobile-disabled=\"false\" class=\"elementor-element elementor-element-828a3e2 e-flex e-con-boxed e-con e-parent\" data-id=\"828a3e2\" data-element_type=\"container\" data-e-type=\"container\">\n\t\t\t\t\t<div class=\"e-con-inner\">\n\t\t\t\t<div class=\"elementor-element elementor-element-01f7b64 elementor-widget elementor-widget-image\" data-id=\"01f7b64\" data-element_type=\"widget\" data-e-type=\"widget\" data-widget_type=\"image.default\">\n\t\t\t\t\t\t\t\t\t\t\t\t<figure class=\"wp-caption\">\n\t\t\t\t\t\t\t\t\t\t<img fetchpriority=\"high\" decoding=\"async\" width=\"768\" height=\"768\" src=\"https:\/\/soymigrante.com\/revista\/wp-content\/uploads\/2025\/07\/popol-vuh-personajes-vucub-caquix-8.webp\" class=\"attachment-large size-large wp-image-39439\" alt=\"Mimetype: image\/png.\" srcset=\"https:\/\/soymigrante.com\/revista\/wp-content\/uploads\/2025\/07\/popol-vuh-personajes-vucub-caquix-8.webp 1024w, https:\/\/soymigrante.com\/revista\/wp-content\/uploads\/2025\/07\/popol-vuh-personajes-vucub-caquix-8-300x300.jpg 300w, https:\/\/soymigrante.com\/revista\/wp-content\/uploads\/2025\/07\/popol-vuh-personajes-vucub-caquix-8-150x150.jpg 150w, https:\/\/soymigrante.com\/revista\/wp-content\/uploads\/2025\/07\/popol-vuh-personajes-vucub-caquix-8-768x768.jpg 768w, https:\/\/soymigrante.com\/revista\/wp-content\/uploads\/2025\/07\/popol-vuh-personajes-vucub-caquix-8-75x75.webp 75w, https:\/\/soymigrante.com\/revista\/wp-content\/uploads\/2025\/07\/popol-vuh-personajes-vucub-caquix-8-750x750.webp 750w\" sizes=\"(max-width: 768px) 100vw, 768px\" title=\"&quot;Porque mis ojos son de plata, solo resplandecen como las piedras preciosas y son piedras verdes como el cielo mis narices, resplandecen de lejos como la Luna y es de plata mi trono y cuando salgo se aclara la Tierra&quot;, dec\u00eda el presuntuoso Vucub Caquix. Ilustraci\u00f3n generada por inteligencia artificial con base a la descripci\u00f3n del personaje en el Popol Wuj. (Envato Labs) \u2013 SoyMigrante.com REVISTA\" \/>\t\t\t\t\t\t\t\t\t\t\t<figcaption class=\"widget-image-caption wp-caption-text\">Alt: Personaje con cuerpo masculino y cabeza de loro, ataviado con vestimenta maya y buscamos en un entorno arqueol\u00f3gico con alas multicolores y energ\u00eda digital en un escenario m\u00edstico.<\/figcaption>\n\t\t\t\t\t\t\t\t\t\t<\/figure>\n\t\t\t\t\t\t\t\t\t<\/div>\n\t\t\t\t\t<\/div>\n\t\t\t\t<\/div>\n\t\t<div data-particle_enable=\"false\" data-particle-mobile-disabled=\"false\" class=\"elementor-element elementor-element-82aea00 e-flex e-con-boxed e-con e-parent\" data-id=\"82aea00\" data-element_type=\"container\" data-e-type=\"container\">\n\t\t\t\t\t<div class=\"e-con-inner\">\n\t\t\t\t<div class=\"elementor-element elementor-element-63d7979 elementor-widget elementor-widget-heading\" data-id=\"63d7979\" data-element_type=\"widget\" data-e-type=\"widget\" data-widget_type=\"heading.default\">\n\t\t\t\t\t<h3 class=\"elementor-heading-title elementor-size-default\">Vucub-Caquix dec\u00eda ser el sol y la luna<\/h3>\t\t\t\t<\/div>\n\t\t\t\t\t<\/div>\n\t\t\t\t<\/div>\n\t\t<div data-particle_enable=\"false\" data-particle-mobile-disabled=\"false\" class=\"elementor-element elementor-element-d61470e e-flex e-con-boxed e-con e-parent\" data-id=\"d61470e\" data-element_type=\"container\" data-e-type=\"container\">\n\t\t\t\t\t<div class=\"e-con-inner\">\n\t\t\t\t<div class=\"elementor-element elementor-element-745c2fb elementor-widget elementor-widget-text-editor\" data-id=\"745c2fb\" data-element_type=\"widget\" data-e-type=\"widget\" data-widget_type=\"text-editor.default\">\n\t\t\t\t\t\t\t\t\t<p>Vucub-Caquix viv\u00eda en la cima de un \u00e1rbol frutal, adornado con piedras preciosas, metales brillantes y dientes de jade. Su cuerpo resplandec\u00eda, y con eso se jactaba de haber tomado el lugar del Sol y la Luna. Fragmentos del Popol Wuj.<\/p>\n<p><i>&#8220;Porque de plata son mis ojos, resplandecientes como piedras preciosas&#8230; mis <\/i><a href=\"https:\/\/soymigrante.com\/revista\/turismo-dental-en-guatemala-una-opcion-mas-barata-que-en-usa\/\">dientes <\/a><i>brillan como piedras finas, semejantes a la faz del cielo&#8230; la faz de la tierra se ilumina cuando salgo&#8230; As\u00ed, pues, yo soy el sol, yo soy la luna&#8230;&#8221;&nbsp;<\/i><\/p>\n<p><i>&#8220;De esta manera hablaba Vucub-Caquix. Pero en realidad, Vucub-Caquix no era el sol; solamente se vanagloriaba de sus plumas y riquezas. Pero su vista alcanzaba solamente el horizonte y no se extend\u00eda sobre todo el mundo&#8221;.<\/i><\/p>\t\t\t\t\t\t\t\t<\/div>\n\t\t\t\t\t<\/div>\n\t\t\t\t<\/div>\n\t\t<div data-particle_enable=\"false\" data-particle-mobile-disabled=\"false\" class=\"elementor-element elementor-element-c259775 e-flex e-con-boxed e-con e-parent\" data-id=\"c259775\" data-element_type=\"container\" data-e-type=\"container\">\n\t\t\t\t\t<div class=\"e-con-inner\">\n\t\t\t\t<div class=\"elementor-element elementor-element-bd8626a elementor-widget elementor-widget-image\" data-id=\"bd8626a\" data-element_type=\"widget\" data-e-type=\"widget\" data-widget_type=\"image.default\">\n\t\t\t\t\t\t\t\t\t\t\t\t<figure class=\"wp-caption\">\n\t\t\t\t\t\t\t\t\t\t<img decoding=\"async\" width=\"768\" height=\"419\" src=\"https:\/\/soymigrante.com\/revista\/wp-content\/uploads\/2025\/07\/vucub-caquix-y-sus-hijos-popol-vuh-1-1024x559.jpg\" class=\"attachment-large size-large wp-image-39440\" alt=\"Gigantescos hombres con m\u00e1scaras tradicionales y plumas en un paisaje misterioso de monta\u00f1a y selva en una escena de arte digital inspirada en cultura ind\u00edgena maya.\" srcset=\"https:\/\/soymigrante.com\/revista\/wp-content\/uploads\/2025\/07\/vucub-caquix-y-sus-hijos-popol-vuh-1-1024x559.jpg 1024w, https:\/\/soymigrante.com\/revista\/wp-content\/uploads\/2025\/07\/vucub-caquix-y-sus-hijos-popol-vuh-1-300x164.jpg 300w, https:\/\/soymigrante.com\/revista\/wp-content\/uploads\/2025\/07\/vucub-caquix-y-sus-hijos-popol-vuh-1-768x419.jpg 768w, https:\/\/soymigrante.com\/revista\/wp-content\/uploads\/2025\/07\/vucub-caquix-y-sus-hijos-popol-vuh-1-750x409.jpg 750w, https:\/\/soymigrante.com\/revista\/wp-content\/uploads\/2025\/07\/vucub-caquix-y-sus-hijos-popol-vuh-1-1140x622.jpg 1140w, https:\/\/soymigrante.com\/revista\/wp-content\/uploads\/2025\/07\/vucub-caquix-y-sus-hijos-popol-vuh-1.webp 1408w\" sizes=\"(max-width: 768px) 100vw, 768px\" title=\"El soberbio Vucub Caquix tuvo dos hijos: el primero era Zipacn\u00e1, el que pod\u00eda mover monta\u00f1as; el otro era Cabrak\u00e1n, el gigante que hace temblar la tierra. (Imagen generada por IA, con base en textos del Popol Wuj - Envato Labs) \u2013 SoyMigrante.com REVISTA\" \/>\t\t\t\t\t\t\t\t\t\t\t<figcaption class=\"widget-image-caption wp-caption-text\">Tres enormes figuras enmascaradas con atuendos tradicionales, rodeadas de un paisaje selv\u00e1tico y monta\u00f1oso con figura humana en primer plano y gigantes en el fondo, en estilo art\u00edstico digital.<\/figcaption>\n\t\t\t\t\t\t\t\t\t\t<\/figure>\n\t\t\t\t\t\t\t\t\t<\/div>\n\t\t\t\t\t<\/div>\n\t\t\t\t<\/div>\n\t\t<div data-particle_enable=\"false\" data-particle-mobile-disabled=\"false\" class=\"elementor-element elementor-element-74bb37f e-flex e-con-boxed e-con e-parent\" data-id=\"74bb37f\" data-element_type=\"container\" data-e-type=\"container\">\n\t\t\t\t\t<div class=\"e-con-inner\">\n\t\t\t\t<div class=\"elementor-element elementor-element-ca775d2 elementor-widget elementor-widget-heading\" data-id=\"ca775d2\" data-element_type=\"widget\" data-e-type=\"widget\" data-widget_type=\"heading.default\">\n\t\t\t\t\t<h3 class=\"elementor-heading-title elementor-size-default\">Aparecen los gemelos h\u00e9roes <\/h3>\t\t\t\t<\/div>\n\t\t\t\t\t<\/div>\n\t\t\t\t<\/div>\n\t\t<div data-particle_enable=\"false\" data-particle-mobile-disabled=\"false\" class=\"elementor-element elementor-element-8dff6f1 e-flex e-con-boxed e-con e-parent\" data-id=\"8dff6f1\" data-element_type=\"container\" data-e-type=\"container\">\n\t\t\t\t\t<div class=\"e-con-inner\">\n\t\t\t\t<div class=\"elementor-element elementor-element-5e67ef4 elementor-widget elementor-widget-text-editor\" data-id=\"5e67ef4\" data-element_type=\"widget\" data-e-type=\"widget\" data-widget_type=\"text-editor.default\">\n\t\t\t\t\t\t\t\t\t<p>Ante su falsedad y vanagloria, los padres creadores deciden que Vucub-Caquix debe ser derrotado para restaurar el equilibrio. Entran en escena Hunahp\u00fa e Ixbalanqu\u00e9, los gemelos heroicos, quienes lo enfrentan con astucia.<\/p><p><i>&#8220;Este es el principio de la derrota y de la ruina de la gloria de Vucub-Caquix por los dos muchachos; el primero de los cuales se llamaba Hunahp\u00fa y el segundo Ixb\u00e1lanqu\u00e9.<\/i><\/p><p><i>\u00a0Como ve\u00edan el mal que hac\u00eda el soberbio, y que quer\u00eda hacerlo en presencia del Coraz\u00f3n del Cielo, se dijeron los muchachos: No est\u00e1 bien que esto sea as\u00ed, cuando el hombre no vive todav\u00eda aqu\u00ed sobre la tierra. As\u00ed, pues, probaremos a tirarle con la cerbatana cuando est\u00e9 comiendo.&#8221;<\/i><\/p>\t\t\t\t\t\t\t\t<\/div>\n\t\t\t\t\t<\/div>\n\t\t\t\t<\/div>\n\t\t<div data-particle_enable=\"false\" data-particle-mobile-disabled=\"false\" class=\"elementor-element elementor-element-5330a5d e-flex e-con-boxed e-con e-parent\" data-id=\"5330a5d\" data-element_type=\"container\" data-e-type=\"container\">\n\t\t\t\t\t<div class=\"e-con-inner\">\n\t\t\t\t<div class=\"elementor-element elementor-element-42e8bce elementor-widget elementor-widget-image\" data-id=\"42e8bce\" data-element_type=\"widget\" data-e-type=\"widget\" data-widget_type=\"image.default\">\n\t\t\t\t\t\t\t\t\t\t\t\t<figure class=\"wp-caption\">\n\t\t\t\t\t\t\t\t\t\t<img decoding=\"async\" width=\"416\" height=\"600\" src=\"https:\/\/soymigrante.com\/revista\/wp-content\/uploads\/2025\/07\/vucub-caquix.webp\" class=\"attachment-large size-large wp-image-39441\" alt=\"L\u00e1mina de escultura mexicana prehisp\u00e1nica con detalles en relieve y colores rojizos, representando figuras m\u00edticas y ancestrales de la cultura ind\u00edgena.\" srcset=\"https:\/\/soymigrante.com\/revista\/wp-content\/uploads\/2025\/07\/vucub-caquix.webp 416w, https:\/\/soymigrante.com\/revista\/wp-content\/uploads\/2025\/07\/vucub-caquix-208x300.jpg 208w\" sizes=\"(max-width: 416px) 100vw, 416px\" title=\"Representaci\u00f3n de Vucub Caquix en una pieza arqueol\u00f3gica de cer\u00e1mica. Fotograf\u00eda Justin Kerr \u2013 SoyMigrante.com REVISTA\" \/>\t\t\t\t\t\t\t\t\t\t\t<figcaption class=\"widget-image-caption wp-caption-text\">Escultura prehisp\u00e1nica mexicana de arte ancestral y cultura ind\u00edgena, con detalles en relieve y colores rojizos, representando figuras m\u00edticas y ancestrales.<\/figcaption>\n\t\t\t\t\t\t\t\t\t\t<\/figure>\n\t\t\t\t\t\t\t\t\t<\/div>\n\t\t\t\t\t<\/div>\n\t\t\t\t<\/div>\n\t\t<div data-particle_enable=\"false\" data-particle-mobile-disabled=\"false\" class=\"elementor-element elementor-element-a522246 e-flex e-con-boxed e-con e-parent\" data-id=\"a522246\" data-element_type=\"container\" data-e-type=\"container\">\n\t\t\t\t\t<div class=\"e-con-inner\">\n\t\t\t\t<div class=\"elementor-element elementor-element-ce1d57b elementor-widget elementor-widget-heading\" data-id=\"ce1d57b\" data-element_type=\"widget\" data-e-type=\"widget\" data-widget_type=\"heading.default\">\n\t\t\t\t\t<h3 class=\"elementor-heading-title elementor-size-default\">A Vucub-Caquix le gustaban los nances<\/h3>\t\t\t\t<\/div>\n\t\t\t\t\t<\/div>\n\t\t\t\t<\/div>\n\t\t<div data-particle_enable=\"false\" data-particle-mobile-disabled=\"false\" class=\"elementor-element elementor-element-c8b63e5 e-flex e-con-boxed e-con e-parent\" data-id=\"c8b63e5\" data-element_type=\"container\" data-e-type=\"container\">\n\t\t\t\t\t<div class=\"e-con-inner\">\n\t\t\t\t<div class=\"elementor-element elementor-element-acd475f elementor-widget elementor-widget-text-editor\" data-id=\"acd475f\" data-element_type=\"widget\" data-e-type=\"widget\" data-widget_type=\"text-editor.default\">\n\t\t\t\t\t\t\t\t\t<p><i>&#8220;Vucub-Caquix ten\u00eda un gran \u00e1rbol de nance&#8230; Hunahp\u00fa e Ixbalanqu\u00e9 hab\u00edan visto que \u00e9sa era su comida. En este momento fue herido por un tiro de cerbatana de Hunahp\u00fa, que le dio precisamente en la quijada, y dando gritos se vino derecho a tierra desde lo alto del \u00e1rbol.&#8221;<\/i><\/p><p>Esta herida representa el inicio del despojo de la falsa luz y el falso poder de Vucub-Caquix, a causa de su orgullo. Los gemelos h\u00e9roes piden ayuda a dos ancianos sabios, quienes se hacen pasar por curanderos especializados en dientes y huesos. Adem\u00e1s, le dicen a Vucub-Caquix que son curanderos. Este les dice que si pueden curarlo del dolor de dientes.<\/p>\t\t\t\t\t\t\t\t<\/div>\n\t\t\t\t\t<\/div>\n\t\t\t\t<\/div>\n\t\t<div data-particle_enable=\"false\" data-particle-mobile-disabled=\"false\" class=\"elementor-element elementor-element-20fc296 e-flex e-con-boxed e-con e-parent\" data-id=\"20fc296\" data-element_type=\"container\" data-e-type=\"container\">\n\t\t\t\t\t<div class=\"e-con-inner\">\n\t\t\t\t<div class=\"elementor-element elementor-element-12e53ca elementor-widget elementor-widget-image\" data-id=\"12e53ca\" data-element_type=\"widget\" data-e-type=\"widget\" data-widget_type=\"image.default\">\n\t\t\t\t\t\t\t\t\t\t\t\t<figure class=\"wp-caption\">\n\t\t\t\t\t\t\t\t\t\t<img loading=\"lazy\" decoding=\"async\" width=\"768\" height=\"419\" src=\"https:\/\/soymigrante.com\/revista\/wp-content\/uploads\/2025\/07\/popol-vuh-personajes-vucub-caquix-4-1024x559.jpg\" class=\"attachment-large size-large wp-image-39442\" alt=\"Deidad mesoamericana con alas de p\u00e1jaro y m\u00e1scara de jaguar en cueva selv\u00e1tica, ilustraci\u00f3n fant\u00e1stica para revista soy migrante.\" srcset=\"https:\/\/soymigrante.com\/revista\/wp-content\/uploads\/2025\/07\/popol-vuh-personajes-vucub-caquix-4-1024x559.jpg 1024w, https:\/\/soymigrante.com\/revista\/wp-content\/uploads\/2025\/07\/popol-vuh-personajes-vucub-caquix-4-300x164.jpg 300w, https:\/\/soymigrante.com\/revista\/wp-content\/uploads\/2025\/07\/popol-vuh-personajes-vucub-caquix-4-768x419.jpg 768w, https:\/\/soymigrante.com\/revista\/wp-content\/uploads\/2025\/07\/popol-vuh-personajes-vucub-caquix-4-750x409.webp 750w, https:\/\/soymigrante.com\/revista\/wp-content\/uploads\/2025\/07\/popol-vuh-personajes-vucub-caquix-4-1140x622.webp 1140w, https:\/\/soymigrante.com\/revista\/wp-content\/uploads\/2025\/07\/popol-vuh-personajes-vucub-caquix-4.webp 1408w\" sizes=\"(max-width: 768px) 100vw, 768px\" title=\"Relata el Popol Vuh que tras ser herido en la mand\u00edbula por un bodocazo de cerbatana, Vucub Caquix furioso atac\u00f3 a los gemelos h\u00e9roes y le arranc\u00f3 un brazo a Hunahp\u00fa. Sin embargo Vucub Caquix qued\u00f3 herido y con gran dolor de dientes. (Envato Labs) \u2013 SoyMigrante.com REVISTA\" \/>\t\t\t\t\t\t\t\t\t\t\t<figcaption class=\"widget-image-caption wp-caption-text\">Un dios mesoamericano con alas de ave y m\u00e1scara de jaguar enfrenta a dos guerreros ind\u00edgenas en una cueva selv\u00e1tica, ilustraci\u00f3n vibrante y detallada que representa cultura y mitolog\u00eda mexicana.<\/figcaption>\n\t\t\t\t\t\t\t\t\t\t<\/figure>\n\t\t\t\t\t\t\t\t\t<\/div>\n\t\t\t\t\t<\/div>\n\t\t\t\t<\/div>\n\t\t<div data-particle_enable=\"false\" data-particle-mobile-disabled=\"false\" class=\"elementor-element elementor-element-3198a27 e-flex e-con-boxed e-con e-parent\" data-id=\"3198a27\" data-element_type=\"container\" data-e-type=\"container\">\n\t\t\t\t\t<div class=\"e-con-inner\">\n\t\t\t\t<div class=\"elementor-element elementor-element-b3bd9d5 elementor-widget elementor-widget-heading\" data-id=\"b3bd9d5\" data-element_type=\"widget\" data-e-type=\"widget\" data-widget_type=\"heading.default\">\n\t\t\t\t\t<h3 class=\"elementor-heading-title elementor-size-default\">Los ancianos sabios se acercaron a Vucub-Caquix<\/h3>\t\t\t\t<\/div>\n\t\t\t\t\t<\/div>\n\t\t\t\t<\/div>\n\t\t<div data-particle_enable=\"false\" data-particle-mobile-disabled=\"false\" class=\"elementor-element elementor-element-1baf8ef e-flex e-con-boxed e-con e-parent\" data-id=\"1baf8ef\" data-element_type=\"container\" data-e-type=\"container\">\n\t\t\t\t\t<div class=\"e-con-inner\">\n\t\t\t\t<div class=\"elementor-element elementor-element-8513fe2 elementor-widget elementor-widget-text-editor\" data-id=\"8513fe2\" data-element_type=\"widget\" data-e-type=\"widget\" data-widget_type=\"text-editor.default\">\n\t\t\t\t\t\t\t\t\t<p><i>&#8220;-Bastar\u00e1 con sacar esos dientes y poneros otros en su lugar.<br \/><\/i><i>-No est\u00e1 bien que me saqu\u00e9is los dientes, porque s\u00f3lo as\u00ed soy Se\u00f1or y todo mi ornamento son mis dientes y mis ojos.<br \/><\/i><i>-Nosotros os pondremos otros en su lugar&#8230;. pero no eran m\u00e1s que granos de ma\u00edz blanco.<br \/><\/i><i>-Est\u00e1 bien, sacadlos, venid a socorrerme, replic\u00f3.<br \/><\/i><i>-Le sacaron entonces los dientes a Vucub-Caquix y en su lugar le pusieron solamente granos de ma\u00edz blanco.<br \/><\/i><i>-Al instante decayeron sus facciones y ya no parec\u00eda Se\u00f1or.&#8221;<\/i><\/p><p>Tambi\u00e9n le quitaron las joyas de los ojos y, ya sin su brillo, sin su poder, sin su arrogancia, Vucub-Caquix se debilita y muere. Su ca\u00edda representa no solo un triunfo f\u00edsico, sino una restauraci\u00f3n del equilibrio universal. Porque era un &#8220;falso sol&#8221;.<\/p>\t\t\t\t\t\t\t\t<\/div>\n\t\t\t\t\t<\/div>\n\t\t\t\t<\/div>\n\t\t<div data-particle_enable=\"false\" data-particle-mobile-disabled=\"false\" class=\"elementor-element elementor-element-fc3b7d5 e-flex e-con-boxed e-con e-parent\" data-id=\"fc3b7d5\" data-element_type=\"container\" data-e-type=\"container\">\n\t\t\t\t\t<div class=\"e-con-inner\">\n\t\t\t\t<div class=\"elementor-element elementor-element-d93a080 elementor-widget elementor-widget-image\" data-id=\"d93a080\" data-element_type=\"widget\" data-e-type=\"widget\" data-widget_type=\"image.default\">\n\t\t\t\t\t\t\t\t\t\t\t\t<figure class=\"wp-caption\">\n\t\t\t\t\t\t\t\t\t\t<img loading=\"lazy\" decoding=\"async\" width=\"768\" height=\"419\" src=\"https:\/\/soymigrante.com\/revista\/wp-content\/uploads\/2025\/07\/popol-vuh-personajes-vucub-caquix-3-1024x559.jpg\" class=\"attachment-large size-large wp-image-39443\" alt=\"Gigante mitol\u00f3gico maya en la selva, enfrentando a ind\u00edgenas con vestimenta tradicional en ilustraci\u00f3n digital.\" srcset=\"https:\/\/soymigrante.com\/revista\/wp-content\/uploads\/2025\/07\/popol-vuh-personajes-vucub-caquix-3-1024x559.jpg 1024w, https:\/\/soymigrante.com\/revista\/wp-content\/uploads\/2025\/07\/popol-vuh-personajes-vucub-caquix-3-300x164.jpg 300w, https:\/\/soymigrante.com\/revista\/wp-content\/uploads\/2025\/07\/popol-vuh-personajes-vucub-caquix-3-768x419.jpg 768w, https:\/\/soymigrante.com\/revista\/wp-content\/uploads\/2025\/07\/popol-vuh-personajes-vucub-caquix-3-750x409.jpg 750w, https:\/\/soymigrante.com\/revista\/wp-content\/uploads\/2025\/07\/popol-vuh-personajes-vucub-caquix-3-1140x622.jpg 1140w, https:\/\/soymigrante.com\/revista\/wp-content\/uploads\/2025\/07\/popol-vuh-personajes-vucub-caquix-3.webp 1408w\" sizes=\"(max-width: 768px) 100vw, 768px\" title=\"Los ancianos que se hicieron pasar por abuelos de los gemelos, le dijeron a Vucub Caquix que eran curanderos y que le pod\u00edan aliviar el dolor de dientes. Se los sacaron y en su lugar le pusieron granos de ma\u00edz. Con esto, el soberbio ser perdi\u00f3 sus poderes y muri\u00f3. (Envato Labs) \u2013 SoyMigrante.com REVISTA\" \/>\t\t\t\t\t\t\t\t\t\t\t<figcaption class=\"widget-image-caption wp-caption-text\">Una ilustraci\u00f3n que captura la magia de las leyendas mexicanas, destacando la historia mitol\u00f3gica y las tradiciones ind\u00edgenas en un entorno selv\u00e1tico.<\/figcaption>\n\t\t\t\t\t\t\t\t\t\t<\/figure>\n\t\t\t\t\t\t\t\t\t<\/div>\n\t\t\t\t\t<\/div>\n\t\t\t\t<\/div>\n\t\t<div data-particle_enable=\"false\" data-particle-mobile-disabled=\"false\" class=\"elementor-element elementor-element-5eb0835 e-flex e-con-boxed e-con e-parent\" data-id=\"5eb0835\" data-element_type=\"container\" data-e-type=\"container\">\n\t\t\t\t\t<div class=\"e-con-inner\">\n\t\t\t\t<div class=\"elementor-element elementor-element-f960fbf elementor-widget elementor-widget-heading\" data-id=\"f960fbf\" data-element_type=\"widget\" data-e-type=\"widget\" data-widget_type=\"heading.default\">\n\t\t\t\t\t<h3 class=\"elementor-heading-title elementor-size-default\">Simbolismo y mensaje vigente<\/h3>\t\t\t\t<\/div>\n\t\t\t\t\t<\/div>\n\t\t\t\t<\/div>\n\t\t<div data-particle_enable=\"false\" data-particle-mobile-disabled=\"false\" class=\"elementor-element elementor-element-fcb0997 e-flex e-con-boxed e-con e-parent\" data-id=\"fcb0997\" data-element_type=\"container\" data-e-type=\"container\">\n\t\t\t\t\t<div class=\"e-con-inner\">\n\t\t\t\t<div class=\"elementor-element elementor-element-297a85f elementor-widget elementor-widget-text-editor\" data-id=\"297a85f\" data-element_type=\"widget\" data-e-type=\"widget\" data-widget_type=\"text-editor.default\">\n\t\t\t\t\t\t\t\t\t<p>La historia de Vucub-Caquix es mucho m\u00e1s que una leyenda fant\u00e1stica. Tiene profundas implicaciones simb\u00f3licas en la <a href=\"https:\/\/soymigrante.com\/revista\/category\/guate-nuestra\/pueblos-de-guatemala\/\">cosmovisi\u00f3n maya<\/a>:<\/p><p>Representa la falsa luz: un poder que brilla por fuera pero es vac\u00edo e in\u00fatil por dentro. La ca\u00edda de Vucub-Caquix abre el camino para el verdadero orden c\u00f3smico, donde los astros leg\u00edtimos podr\u00e1n surgir.<\/p><p>Los h\u00e9roes gemelos encarnan la humildad, inteligencia y astucia, cualidades esenciales para combatir el enga\u00f1o y la opresi\u00f3n.<\/p>\t\t\t\t\t\t\t\t<\/div>\n\t\t\t\t\t<\/div>\n\t\t\t\t<\/div>\n\t\t<div data-particle_enable=\"false\" data-particle-mobile-disabled=\"false\" class=\"elementor-element elementor-element-409481c e-flex e-con-boxed e-con e-parent\" data-id=\"409481c\" data-element_type=\"container\" data-e-type=\"container\">\n\t\t\t\t\t<div class=\"e-con-inner\">\n\t\t\t\t<div class=\"elementor-element elementor-element-e0db28c elementor-grid-eael-col-3 elementor-grid-tablet-eael-col-2 elementor-grid-mobile-eael-col-1 elementor-invisible elementor-widget elementor-widget-eael-post-grid\" data-id=\"e0db28c\" data-element_type=\"widget\" data-e-type=\"widget\" data-settings=\"{&quot;eael_post_grid_columns&quot;:&quot;eael-col-3&quot;,&quot;_animation&quot;:&quot;rollIn&quot;,&quot;eael_post_grid_columns_tablet&quot;:&quot;eael-col-2&quot;,&quot;eael_post_grid_columns_mobile&quot;:&quot;eael-col-1&quot;}\" data-widget_type=\"eael-post-grid.default\">\n\t\t\t\t\t<div id=\"eael-post-grid-e0db28c\" class=\"eael-post-grid-container\">\n            <div class=\"eael-post-grid eael-post-appender eael-post-appender-e0db28c eael-post-grid-style-one\" data-layout-mode=\"masonry\"><article class=\"eael-grid-post  eael-post-grid-column eael-pg-post-39092 category-guate-nuestra tags-personajes-del-popol-vuh\" data-id=\"39092\">\n        <div class=\"eael-grid-post-holder\">\n            <div class=\"eael-grid-post-holder-inner\"><div class=\"eael-entry-media\"><div class=\"eael-entry-overlay fade-in\"><i class=\"far fa-hand-pointer\" aria-hidden=\"true\"><\/i><a href=\"https:\/\/soymigrante.com\/revista\/personajes-del-popol-vuh-el-gran-zipacna\/\"><\/a><\/div><div class=\"eael-entry-thumbnail \">\n                <img loading=\"lazy\" decoding=\"async\" width=\"591\" height=\"591\" src=\"https:\/\/soymigrante.com\/revista\/wp-content\/uploads\/2025\/07\/popol-vuh-personajes-zipacna-c.webp\" class=\"attachment-large size-large wp-image-39101\" alt=\"M\u00e1scara tradicional ind\u00edgena con figura m\u00edstica, simbolizando cultura ancestral y conexi\u00f3n con la naturaleza en Am\u00e9rica Latina.\" srcset=\"https:\/\/soymigrante.com\/revista\/wp-content\/uploads\/2025\/07\/popol-vuh-personajes-zipacna-c.webp 591w, https:\/\/soymigrante.com\/revista\/wp-content\/uploads\/2025\/07\/popol-vuh-personajes-zipacna-c-300x300.jpg 300w, https:\/\/soymigrante.com\/revista\/wp-content\/uploads\/2025\/07\/popol-vuh-personajes-zipacna-c-150x150.jpg 150w, https:\/\/soymigrante.com\/revista\/wp-content\/uploads\/2025\/07\/popol-vuh-personajes-zipacna-c-75x75.webp 75w\" sizes=\"(max-width: 591px) 100vw, 591px\" \/>\n            <\/div>\n        <\/div><div class=\"eael-entry-wrapper\"><header class=\"eael-entry-header\"><h2 class=\"eael-entry-title\"><a class=\"eael-grid-post-link\" href=\"https:\/\/soymigrante.com\/revista\/personajes-del-popol-vuh-el-gran-zipacna\/\" title=\"El poderoso Zipacn\u00e1 tambi\u00e9n produce sismos y derrumbes, seg\u00fan el Popol Vuh\">El poderoso Zipacn\u00e1 tambi\u00e9n produce sismos y derrumbes, seg\u00fan el Popol Vuh<\/a><\/h2><\/header><div class=\"eael-entry-content\">\n                        <div class=\"eael-grid-post-excerpt\"><a href=\"https:\/\/soymigrante.com\/revista\/personajes-del-popol-vuh-el-gran-zipacna\/\" class=\"eael-post-elements-readmore-btn\">CONOCE SU HISTORIA <\/a><\/div>\n                    <\/div><\/div><\/div>\n        <\/div>\n    <\/article><article class=\"eael-grid-post  eael-post-grid-column eael-pg-post-38960 category-guate-nuestra tags-personajes-del-popol-vuh\" data-id=\"38960\">\n        <div class=\"eael-grid-post-holder\">\n            <div class=\"eael-grid-post-holder-inner\"><div class=\"eael-entry-media\"><div class=\"eael-entry-overlay fade-in\"><i class=\"far fa-hand-pointer\" aria-hidden=\"true\"><\/i><a href=\"https:\/\/soymigrante.com\/revista\/como-fue-vencido-cabrakan-el-gigante-de-los-terremotos-en-el-popol-vuh\/\"><\/a><\/div><div class=\"eael-entry-thumbnail \">\n                <img loading=\"lazy\" decoding=\"async\" width=\"1024\" height=\"1024\" src=\"https:\/\/soymigrante.com\/revista\/wp-content\/uploads\/2025\/07\/cabracan-o-cabrakan-dios-maya-de-los-terremotos-2.webp\" class=\"attachment-large size-large wp-image-38961\" alt=\"Majestuosa figura de un dios Azteca en un entorno volc\u00e1nico con lava, ilustraci\u00f3n digital de estilo mitol\u00f3gico y cultural, ideal para contenido relacionado con historia, culturas ind\u00edgenas mexicanas y arte digital.\" srcset=\"https:\/\/soymigrante.com\/revista\/wp-content\/uploads\/2025\/07\/cabracan-o-cabrakan-dios-maya-de-los-terremotos-2.webp 1024w, https:\/\/soymigrante.com\/revista\/wp-content\/uploads\/2025\/07\/cabracan-o-cabrakan-dios-maya-de-los-terremotos-2-300x300.jpg 300w, https:\/\/soymigrante.com\/revista\/wp-content\/uploads\/2025\/07\/cabracan-o-cabrakan-dios-maya-de-los-terremotos-2-150x150.jpg 150w, https:\/\/soymigrante.com\/revista\/wp-content\/uploads\/2025\/07\/cabracan-o-cabrakan-dios-maya-de-los-terremotos-2-768x768.jpg 768w, https:\/\/soymigrante.com\/revista\/wp-content\/uploads\/2025\/07\/cabracan-o-cabrakan-dios-maya-de-los-terremotos-2-75x75.webp 75w, https:\/\/soymigrante.com\/revista\/wp-content\/uploads\/2025\/07\/cabracan-o-cabrakan-dios-maya-de-los-terremotos-2-750x750.webp 750w\" sizes=\"(max-width: 1024px) 100vw, 1024px\" \/>\n            <\/div>\n        <\/div><div class=\"eael-entry-wrapper\"><header class=\"eael-entry-header\"><h2 class=\"eael-entry-title\"><a class=\"eael-grid-post-link\" href=\"https:\/\/soymigrante.com\/revista\/como-fue-vencido-cabrakan-el-gigante-de-los-terremotos-en-el-popol-vuh\/\" title=\"\u00bfC\u00f3mo fue vencido Cabrak\u00e1n, el gigante de los terremotos en el Popol Vuh?\">\u00bfC\u00f3mo fue vencido Cabrak\u00e1n, el gigante de los terremotos en el Popol Vuh?<\/a><\/h2><\/header><div class=\"eael-entry-content\">\n                        <div class=\"eael-grid-post-excerpt\"><a href=\"https:\/\/soymigrante.com\/revista\/como-fue-vencido-cabrakan-el-gigante-de-los-terremotos-en-el-popol-vuh\/\" class=\"eael-post-elements-readmore-btn\">CONOCE SU HISTORIA <\/a><\/div>\n                    <\/div><\/div><\/div>\n        <\/div>\n    <\/article><article class=\"eael-grid-post  eael-post-grid-column eael-pg-post-5754 category-guate-nuestra\" data-id=\"5754\">\n        <div class=\"eael-grid-post-holder\">\n            <div class=\"eael-grid-post-holder-inner\"><div class=\"eael-entry-media\"><div class=\"eael-entry-overlay fade-in\"><i class=\"far fa-hand-pointer\" aria-hidden=\"true\"><\/i><a href=\"https:\/\/soymigrante.com\/revista\/el-popol-vuh-es-migrante-esta-en-chicago-y-8-datos-que-quiza-no-sabias\/\"><\/a><\/div><div class=\"eael-entry-thumbnail \">\n                <img loading=\"lazy\" decoding=\"async\" width=\"805\" height=\"805\" src=\"https:\/\/soymigrante.com\/revista\/wp-content\/uploads\/2025\/05\/popol-vuh-feature-image.webp\" class=\"attachment-large size-large wp-image-35111\" alt=\"Popol Vuh, acuarela del maestro Maugdo V\u00e1squez. \u00bfEn donde est\u00e1 el manuscrito original del Popol Vuh, libro del pueblo maya k&#039;iche&#039; y Patrimonio Cultural de Guatemala?\" srcset=\"https:\/\/soymigrante.com\/revista\/wp-content\/uploads\/2025\/05\/popol-vuh-feature-image.webp 805w, https:\/\/soymigrante.com\/revista\/wp-content\/uploads\/2025\/05\/popol-vuh-feature-image-300x300.jpg 300w, https:\/\/soymigrante.com\/revista\/wp-content\/uploads\/2025\/05\/popol-vuh-feature-image-150x150.jpg 150w, https:\/\/soymigrante.com\/revista\/wp-content\/uploads\/2025\/05\/popol-vuh-feature-image-768x768.jpg 768w, https:\/\/soymigrante.com\/revista\/wp-content\/uploads\/2025\/05\/popol-vuh-feature-image-75x75.webp 75w, https:\/\/soymigrante.com\/revista\/wp-content\/uploads\/2025\/05\/popol-vuh-feature-image-750x750.jpg 750w\" sizes=\"(max-width: 805px) 100vw, 805px\" \/>\n            <\/div>\n        <\/div><div class=\"eael-entry-wrapper\"><header class=\"eael-entry-header\"><h2 class=\"eael-entry-title\"><a class=\"eael-grid-post-link\" href=\"https:\/\/soymigrante.com\/revista\/el-popol-vuh-es-migrante-esta-en-chicago-y-8-datos-que-quiza-no-sabias\/\" title=\"\u00bfEn donde est\u00e1  el manuscrito original del Popol Vuh, libro del pueblo maya k&#8217;iche&#8217; y Patrimonio Cultural de Guatemala?\">\u00bfEn donde est\u00e1  el manuscrito original del Popol Vuh, libro del pueblo maya k&#8217;iche&#8217; y Patrimonio Cultural de Guatemala?<\/a><\/h2><\/header><div class=\"eael-entry-content\">\n                        <div class=\"eael-grid-post-excerpt\"><a href=\"https:\/\/soymigrante.com\/revista\/el-popol-vuh-es-migrante-esta-en-chicago-y-8-datos-que-quiza-no-sabias\/\" class=\"eael-post-elements-readmore-btn\">CONOCE SU HISTORIA <\/a><\/div>\n                    <\/div><\/div><\/div>\n        <\/div>\n    <\/article><\/div>\n            <div class=\"clearfix\"><\/div>\n        <\/div>\t\t\t\t<\/div>\n\t\t\t\t\t<\/div>\n\t\t\t\t<\/div>\n\t\t\t\t<\/div>\n\t\t","protected":false},"excerpt":{"rendered":"<p>La historia de Vucub-Caquix en el Popol Vuh es un poderoso relato sobre c\u00f3mo la sabidur\u00eda y el equilibrio triunfan sobre el poder falso de un usurpador. Incluye fragmentos textuales del relato maya. En el libro sagrado de los mayas, el Popol Vuh (cuya correcta escritura actual es Popol Wuj), uno de los primeros enemigos [&hellip;]<\/p>\n","protected":false},"author":7,"featured_media":39465,"comment_status":"open","ping_status":"open","sticky":false,"template":"","format":"standard","meta":{"_acf_changed":false,"_eb_attr":"","footnotes":""},"categories":[58],"tags":[257],"class_list":["post-39432","post","type-post","status-publish","format-standard","has-post-thumbnail","hentry","category-guate-nuestra","tag-personajes-del-popol-vuh"],"acf":[],"aioseo_notices":[],"aioseo_head":"\n\t\t<!-- All in One SEO Pro 4.9.6.2 - aioseo.com -->\n\t<meta name=\"description\" content=\"El Popol Vuh es Libro Nacional de Guatemala desde 1972 y su d\u00eda se celebra cada 30 de mayo. El manuscrito original a\u00fan existe. \u00bfSabes en d\u00f3nde se encuentra?\" \/>\n\t<meta name=\"robots\" content=\"max-snippet:-1, max-image-preview:large, max-video-preview:-1\" \/>\n\t<meta name=\"author\" content=\"Gustavo Montenegro\"\/>\n\t<link rel=\"canonical\" href=\"https:\/\/soymigrante.com\/revista\/el-popol-vuh-es-migrante-esta-en-chicago-y-8-datos-que-quiza-no-sabias\/\" \/>\n\t<meta name=\"generator\" content=\"All in One SEO Pro (AIOSEO) 4.9.6.2\" \/>\n\n\t\t<link rel=\"preconnect\" href=\"https:\/\/fonts.googleapis.com\" crossorigin>\n<link rel=\"preconnect\" href=\"https:\/\/fonts.gstatic.com\" crossorigin>\n\t\t<meta property=\"og:locale\" content=\"es_ES\" \/>\n\t\t<meta property=\"og:site_name\" content=\"SoyMigrante.com REVISTA \u2013 Nuestra misi\u00f3n es reconocer y dignificar al migrante.\" \/>\n\t\t<meta property=\"og:type\" content=\"article\" \/>\n\t\t<meta property=\"og:title\" content=\"\u00bfEn d\u00f3nde est\u00e1 el manuscrito original del Popol Vuh?\" \/>\n\t\t<meta property=\"og:description\" content=\"El Popol Vuh es Libro Nacional de Guatemala desde 1972 y su d\u00eda se celebra cada 30 de mayo. El manuscrito original a\u00fan existe. \u00bfSabes en d\u00f3nde se encuentra?\" \/>\n\t\t<meta property=\"og:url\" content=\"https:\/\/soymigrante.com\/revista\/el-popol-vuh-es-migrante-esta-en-chicago-y-8-datos-que-quiza-no-sabias\/\" \/>\n\t\t<meta property=\"og:image\" content=\"https:\/\/soymigrante.com\/revista\/wp-content\/uploads\/2025\/05\/popol-vuh-feature-image.webp\" \/>\n\t\t<meta property=\"og:image:secure_url\" content=\"https:\/\/soymigrante.com\/revista\/wp-content\/uploads\/2025\/05\/popol-vuh-feature-image.webp\" \/>\n\t\t<meta property=\"og:image:width\" content=\"805\" \/>\n\t\t<meta property=\"og:image:height\" content=\"805\" \/>\n\t\t<meta property=\"article:published_time\" content=\"2025-05-30T15:32:46+00:00\" \/>\n\t\t<meta property=\"article:modified_time\" content=\"2025-09-17T14:09:27+00:00\" \/>\n\t\t<meta property=\"article:publisher\" content=\"https:\/\/www.facebook.com\/soymigrantecom\" \/>\n\t\t<meta name=\"twitter:card\" content=\"summary_large_image\" \/>\n\t\t<meta name=\"twitter:site\" content=\"@SoyMigrante_com\" \/>\n\t\t<meta name=\"twitter:title\" content=\"\u00bfEn d\u00f3nde est\u00e1 el manuscrito original del Popol Vuh?\" \/>\n\t\t<meta name=\"twitter:description\" content=\"El Popol Vuh es Libro Nacional de Guatemala desde 1972 y su d\u00eda se celebra cada 30 de mayo. El manuscrito original a\u00fan existe. \u00bfSabes en d\u00f3nde se encuentra?\" \/>\n\t\t<meta name=\"twitter:creator\" content=\"@SoyMigrante_com\" \/>\n\t\t<meta name=\"twitter:image\" content=\"https:\/\/soymigrante.com\/revista\/wp-content\/uploads\/2025\/05\/popol-vuh-feature-image.webp\" \/>\n\t\t<!-- All in One SEO Pro -->\r\n\t\t<title>\u00bfEn d\u00f3nde est\u00e1 el manuscrito original del Popol Vuh?<\/title>\n\n","aioseo_head_json":{"title":"\u00bfEn d\u00f3nde est\u00e1 el manuscrito original del Popol Vuh?","description":"El Popol Vuh es Libro Nacional de Guatemala desde 1972 y su d\u00eda se celebra cada 30 de mayo. El manuscrito original a\u00fan existe. \u00bfSabes en d\u00f3nde se encuentra?","canonical_url":"https:\/\/soymigrante.com\/revista\/el-popol-vuh-es-migrante-esta-en-chicago-y-8-datos-que-quiza-no-sabias\/","robots":"max-snippet:-1, max-image-preview:large, max-video-preview:-1","keywords":"","webmasterTools":{"miscellaneous":"&lt;link rel=\"preconnect\" href=\"https:\/\/fonts.googleapis.com\" crossorigin&gt;\n&lt;link rel=\"preconnect\" href=\"https:\/\/fonts.gstatic.com\" crossorigin&gt;"},"schema":null,"og:locale":"es_ES","og:site_name":"SoyMigrante.com REVISTA \u2013 Nuestra misi\u00f3n es reconocer y dignificar al migrante.","og:type":"article","og:title":"\u00bfEn d\u00f3nde est\u00e1 el manuscrito original del Popol Vuh?","og:description":"El Popol Vuh es Libro Nacional de Guatemala desde 1972 y su d\u00eda se celebra cada 30 de mayo. El manuscrito original a\u00fan existe. \u00bfSabes en d\u00f3nde se encuentra?","og:url":"https:\/\/soymigrante.com\/revista\/el-popol-vuh-es-migrante-esta-en-chicago-y-8-datos-que-quiza-no-sabias\/","og:image":"https:\/\/soymigrante.com\/revista\/wp-content\/uploads\/2025\/05\/popol-vuh-feature-image.webp","og:image:secure_url":"https:\/\/soymigrante.com\/revista\/wp-content\/uploads\/2025\/05\/popol-vuh-feature-image.webp","og:image:width":805,"og:image:height":805,"article:published_time":"2025-05-30T15:32:46+00:00","article:modified_time":"2025-09-17T14:09:27+00:00","article:publisher":"https:\/\/www.facebook.com\/soymigrantecom","twitter:card":"summary_large_image","twitter:site":"@SoyMigrante_com","twitter:title":"\u00bfEn d\u00f3nde est\u00e1 el manuscrito original del Popol Vuh?","twitter:description":"El Popol Vuh es Libro Nacional de Guatemala desde 1972 y su d\u00eda se celebra cada 30 de mayo. El manuscrito original a\u00fan existe. \u00bfSabes en d\u00f3nde se encuentra?","twitter:creator":"@SoyMigrante_com","twitter:image":"https:\/\/soymigrante.com\/revista\/wp-content\/uploads\/2025\/05\/popol-vuh-feature-image.webp"},"aioseo_meta_data":{"post_id":"39432","title":"Personajes del Popol Vuh: el soberbio Vucub Caquix","description":"Vucub Caquix representa el orgullo del falso poder. Los gemelos Hunahp\u00fa e Ixbalanqu\u00e9 lo derrotan seg\u00fan relata el Popol Vuh, libro sagrado maya.","keywords":null,"keyphrases":{"focus":{"keyphrase":"Popol Vuh","score":100,"analysis":{"keyphraseInTitle":{"score":9,"maxScore":9,"error":0},"keyphraseInDescription":{"score":9,"maxScore":9,"error":0},"keyphraseLength":{"score":9,"maxScore":9,"error":0,"length":2},"keyphraseInURL":{"score":5,"maxScore":5,"error":0},"keyphraseInIntroduction":{"score":9,"maxScore":9,"error":0},"keyphraseInSubHeadings":{"score":9,"maxScore":9,"error":0},"keyphraseInImageAlt":{"score":9,"maxScore":9,"error":0},"keywordDensity":{"type":"best","score":9,"maxScore":9,"error":0}}},"additional":[{"keyphrase":"Popol Wuj","score":67,"analysis":{"keyphraseInDescription":{"score":3,"maxScore":9,"error":1},"keyphraseLength":{"score":9,"maxScore":9,"error":0,"length":2},"keyphraseInIntroduction":{"score":9,"maxScore":9,"error":0},"keyphraseInImageAlt":{"score":9,"maxScore":9,"error":0},"keywordDensity":{"score":0,"type":"low","maxScore":9,"error":1}}},{"keyphrase":"Libro maya","score":40,"analysis":{"keyphraseInDescription":{"score":3,"maxScore":9,"error":1},"keyphraseLength":{"score":9,"maxScore":9,"error":0,"length":2},"keyphraseInIntroduction":{"score":3,"maxScore":9,"error":1},"keyphraseInImageAlt":{"score":3,"maxScore":9,"error":1},"keywordDensity":{"score":0,"type":"low","maxScore":9,"error":1}}},{"keyphrase":"Guatemala","score":40,"analysis":{"keyphraseInDescription":{"score":3,"maxScore":9,"error":1},"keyphraseLength":{"score":9,"maxScore":9,"error":0,"length":1},"keyphraseInIntroduction":{"score":3,"maxScore":9,"error":1},"keyphraseInImageAlt":{"score":3,"maxScore":9,"error":1},"keywordDensity":{"score":0,"type":"low","maxScore":9,"error":1}}}]},"primary_term":null,"canonical_url":null,"og_title":null,"og_description":null,"og_object_type":"default","og_image_type":"default","og_image_url":null,"og_image_width":null,"og_image_height":null,"og_image_custom_url":null,"og_image_custom_fields":null,"og_video":"","og_custom_url":null,"og_article_section":null,"og_article_tags":null,"twitter_use_og":false,"twitter_card":"default","twitter_image_type":"default","twitter_image_url":null,"twitter_image_custom_url":null,"twitter_image_custom_fields":null,"twitter_title":null,"twitter_description":null,"schema":{"blockGraphs":[],"customGraphs":[],"default":{"data":{"Article":[],"Course":[],"Dataset":[],"FAQPage":[],"Movie":[],"Person":[],"Product":[],"ProductReview":[],"Car":[],"Recipe":[],"Service":[],"SoftwareApplication":[],"WebPage":[]},"graphName":"none","isEnabled":true},"graphs":[]},"schema_type":"default","schema_type_options":null,"pillar_content":false,"robots_default":true,"robots_noindex":false,"robots_noarchive":false,"robots_nosnippet":false,"robots_nofollow":false,"robots_noimageindex":false,"robots_noodp":false,"robots_notranslate":false,"robots_max_snippet":"-1","robots_max_videopreview":"-1","robots_max_imagepreview":"large","priority":null,"frequency":"default","local_seo":null,"seo_analyzer_scan_date":"2025-10-09 06:53:29","breadcrumb_settings":null,"limit_modified_date":false,"reviewed_by":"0","open_ai":null,"ai":{"faqs":[],"keyPoints":[],"titles":[],"descriptions":[],"socialPosts":{"email":[],"linkedin":[],"twitter":[],"facebook":[],"instagram":[]}},"created":"2025-07-15 14:29:23","updated":"2026-02-05 02:59:26"},"aioseo_breadcrumb":"<div class=\"aioseo-breadcrumbs\"><span class=\"aioseo-breadcrumb\">\n\t<a href=\"https:\/\/soymigrante.com\/revista\" title=\"Home\">Home<\/a>\n<\/span><span class=\"aioseo-breadcrumb-separator\">\u00bb<\/span><span class=\"aioseo-breadcrumb\">\n\t<a href=\"https:\/\/soymigrante.com\/revista\/category\/guate-nuestra\/\" title=\"Guate Nuestra\">Guate Nuestra<\/a>\n<\/span><span class=\"aioseo-breadcrumb-separator\">\u00bb<\/span><span class=\"aioseo-breadcrumb\">\n\tPersonajes del Popol Vuh: la derrota del soberbio Vucub Caquix, padre de Cabrak\u00e1n y Zipacn\u00e1\n<\/span><\/div>","aioseo_breadcrumb_json":[{"label":"Home","link":"https:\/\/soymigrante.com\/revista"},{"label":"Guate Nuestra","link":"https:\/\/soymigrante.com\/revista\/category\/guate-nuestra\/"},{"label":"Personajes del Popol Vuh: la derrota del soberbio Vucub Caquix, padre de Cabrak\u00e1n y Zipacn\u00e1","link":"https:\/\/soymigrante.com\/revista\/personajes-del-popol-vuh-la-derrota-del-soberbio-vucub-caquix\/"}],"_links":{"self":[{"href":"https:\/\/soymigrante.com\/revista\/wp-json\/wp\/v2\/posts\/39432","targetHints":{"allow":["GET"]}}],"collection":[{"href":"https:\/\/soymigrante.com\/revista\/wp-json\/wp\/v2\/posts"}],"about":[{"href":"https:\/\/soymigrante.com\/revista\/wp-json\/wp\/v2\/types\/post"}],"author":[{"embeddable":true,"href":"https:\/\/soymigrante.com\/revista\/wp-json\/wp\/v2\/users\/7"}],"replies":[{"embeddable":true,"href":"https:\/\/soymigrante.com\/revista\/wp-json\/wp\/v2\/comments?post=39432"}],"version-history":[{"count":14,"href":"https:\/\/soymigrante.com\/revista\/wp-json\/wp\/v2\/posts\/39432\/revisions"}],"predecessor-version":[{"id":40808,"href":"https:\/\/soymigrante.com\/revista\/wp-json\/wp\/v2\/posts\/39432\/revisions\/40808"}],"wp:featuredmedia":[{"embeddable":true,"href":"https:\/\/soymigrante.com\/revista\/wp-json\/wp\/v2\/media\/39465"}],"wp:attachment":[{"href":"https:\/\/soymigrante.com\/revista\/wp-json\/wp\/v2\/media?parent=39432"}],"wp:term":[{"taxonomy":"category","embeddable":true,"href":"https:\/\/soymigrante.com\/revista\/wp-json\/wp\/v2\/categories?post=39432"},{"taxonomy":"post_tag","embeddable":true,"href":"https:\/\/soymigrante.com\/revista\/wp-json\/wp\/v2\/tags?post=39432"}],"curies":[{"name":"wp","href":"https:\/\/api.w.org\/{rel}","templated":true}]}}