{"id":39339,"date":"2025-07-14T14:58:03","date_gmt":"2025-07-14T20:58:03","guid":{"rendered":"https:\/\/soymigrante.com\/revista\/?p=39339"},"modified":"2025-10-03T14:44:21","modified_gmt":"2025-10-03T20:44:21","slug":"de-nueva-santa-rosa-a-nueva-jersey-marillita-alvarez-migrante-esposa-madre-y-tiktoker","status":"publish","type":"post","link":"https:\/\/soymigrante.com\/revista\/de-nueva-santa-rosa-a-nueva-jersey-marillita-alvarez-migrante-esposa-madre-y-tiktoker\/","title":{"rendered":"De Nueva Santa Rosa a Nueva Jersey: Marillita \u00c1lvarez, migrante, esposa, madre y tiktoker"},"content":{"rendered":"\t\t<div data-elementor-type=\"wp-post\" data-elementor-id=\"39339\" class=\"elementor elementor-39339\" data-elementor-post-type=\"post\">\n\t\t\t\t<div data-particle_enable=\"false\" data-particle-mobile-disabled=\"false\" class=\"elementor-element elementor-element-96246db e-flex e-con-boxed e-con e-parent\" data-id=\"96246db\" data-element_type=\"container\" data-e-type=\"container\">\n\t\t\t\t\t<div class=\"e-con-inner\">\n\t\t\t\t<div class=\"elementor-element elementor-element-704ac63 elementor-widget elementor-widget-heading\" data-id=\"704ac63\" data-element_type=\"widget\" data-e-type=\"widget\" data-widget_type=\"heading.default\">\n\t\t\t\t\t<h2 class=\"elementor-heading-title elementor-size-default\"><span style=\"font-size: 31.2px\">Mar\u00eda \u00c1lvarez crea contenido sobre su vida cotidiana como madre, esposa, trabajadora y migrante guatemalteca  en Nueva Jersey, USA: convierte la rutina en una secuencia extraordinaria de instantes.<\/span><\/h2>\t\t\t\t<\/div>\n\t\t\t\t<div class=\"elementor-element elementor-element-15f1a98 elementor-widget elementor-widget-html\" data-id=\"15f1a98\" data-element_type=\"widget\" data-e-type=\"widget\" data-widget_type=\"html.default\">\n\t\t\t\t\t<div id=\"buzzsprout-player-17510123\"><\/div><script src=\"https:\/\/www.buzzsprout.com\/2444168\/episodes\/17510123-marillita-alvarez-de-nueva-santa-rosa-a-nueva-jersey.js?container_id=buzzsprout-player-17510123&player=small\" type=\"text\/javascript\" charset=\"utf-8\"><\/script>\t\t\t\t<\/div>\n\t\t\t\t\t<\/div>\n\t\t\t\t<\/div>\n\t\t<div data-particle_enable=\"false\" data-particle-mobile-disabled=\"false\" class=\"elementor-element elementor-element-9d9e5a1 e-flex e-con-boxed e-con e-parent\" data-id=\"9d9e5a1\" data-element_type=\"container\" data-e-type=\"container\">\n\t\t\t\t\t<div class=\"e-con-inner\">\n\t\t\t\t<div class=\"elementor-element elementor-element-aab7a95 elementor-widget elementor-widget-text-editor\" data-id=\"aab7a95\" data-element_type=\"widget\" data-e-type=\"widget\" data-widget_type=\"text-editor.default\">\n\t\t\t\t\t\t\t\t\t<p>Mar\u00eda \u00c1lvarez convierte a diario lo ordinario en extraordinario, la rutina en sorpresa: refleja a trav\u00e9s de videos en Tiktok e Instagram sus vivencias como\u00a0 madre, esposa, emprendedora y migrante guatemalteca en Nueva Jersey, donde reside.\u00a0 No necesita interpretar ning\u00fan personaje porque se presenta a s\u00ed misma con autenticidad y frescura. Se siente orgullosa de ser <a href=\"https:\/\/soymigrante.com\/revista\/departamentos-de-guatemala-santa-rosa-es-considerado-el-centro-de-las-americas\/\">santarrose\u00f1a.<\/a><\/p><p>Su espontaneidad es el sello que la conecta con m\u00e1s de 172 mil seguidores (y creciendo) que la siguen desde distintos puntos del mundo, incluyendo por supuesto, <a href=\"https:\/\/soymigrante.com\/revista\/tag\/departamentos-de-guatemala\/\">Guatemala<\/a> y Estados Unidos. En su voz hay verdad, humildad, esfuerzo, familia, amor y alegr\u00eda.\u00a0<\/p><p>Y esta es su historia.<\/p>\t\t\t\t\t\t\t\t<\/div>\n\t\t\t\t\t<\/div>\n\t\t\t\t<\/div>\n\t\t<div data-particle_enable=\"false\" data-particle-mobile-disabled=\"false\" class=\"elementor-element elementor-element-ec1e124 e-flex e-con-boxed e-con e-parent\" data-id=\"ec1e124\" data-element_type=\"container\" data-e-type=\"container\">\n\t\t\t\t\t<div class=\"e-con-inner\">\n\t\t\t\t<div class=\"elementor-element elementor-element-14e12d5 elementor-widget elementor-widget-image\" data-id=\"14e12d5\" data-element_type=\"widget\" data-e-type=\"widget\" data-widget_type=\"image.default\">\n\t\t\t\t\t\t\t\t\t\t\t\t<figure class=\"wp-caption\">\n\t\t\t\t\t\t\t\t\t\t<img fetchpriority=\"high\" decoding=\"async\" width=\"1024\" height=\"603\" src=\"https:\/\/soymigrante.com\/revista\/wp-content\/uploads\/2025\/07\/Migrante-guatemalteca-migrantes-guatemaltecos-Maria-Alvarez-Tiktoker-entrevista-1024x603.png\" class=\"attachment-large size-large wp-image-39347\" alt=\"Herido enmarcado entre las otras im\u00e1genes que muestran experiencias migrantes, vida familiar y actividades en Guatemala.\" srcset=\"https:\/\/soymigrante.com\/revista\/wp-content\/uploads\/2025\/07\/Migrante-guatemalteca-migrantes-guatemaltecos-Maria-Alvarez-Tiktoker-entrevista-1024x603.png 1024w, https:\/\/soymigrante.com\/revista\/wp-content\/uploads\/2025\/07\/Migrante-guatemalteca-migrantes-guatemaltecos-Maria-Alvarez-Tiktoker-entrevista-300x177.png 300w, https:\/\/soymigrante.com\/revista\/wp-content\/uploads\/2025\/07\/Migrante-guatemalteca-migrantes-guatemaltecos-Maria-Alvarez-Tiktoker-entrevista-768x452.png 768w, https:\/\/soymigrante.com\/revista\/wp-content\/uploads\/2025\/07\/Migrante-guatemalteca-migrantes-guatemaltecos-Maria-Alvarez-Tiktoker-entrevista-1536x904.png 1536w, https:\/\/soymigrante.com\/revista\/wp-content\/uploads\/2025\/07\/Migrante-guatemalteca-migrantes-guatemaltecos-Maria-Alvarez-Tiktoker-entrevista-750x441.webp 750w, https:\/\/soymigrante.com\/revista\/wp-content\/uploads\/2025\/07\/Migrante-guatemalteca-migrantes-guatemaltecos-Maria-Alvarez-Tiktoker-entrevista-1140x671.webp 1140w, https:\/\/soymigrante.com\/revista\/wp-content\/uploads\/2025\/07\/Migrante-guatemalteca-migrantes-guatemaltecos-Maria-Alvarez-Tiktoker-entrevista.webp 1699w\" sizes=\"(max-width: 1024px) 100vw, 1024px\" title=\"Migrante guatemalteca migrantes guatemaltecos Mar\u00eda Alvarez Tiktoker entrevista \u2013 SoyMigrante.com REVISTA\" \/>\t\t\t\t\t\t\t\t\t\t\t<figcaption class=\"widget-image-caption wp-caption-text\">Imagen de una mujer en un evento de TikTok con fondo de logotipos, junto a fotos de una madre en USA, una persona en jardiner\u00eda y un ni\u00f1o en hospital, reflejando historias de emigrantes en Guatemala.<\/figcaption>\n\t\t\t\t\t\t\t\t\t\t<\/figure>\n\t\t\t\t\t\t\t\t\t<\/div>\n\t\t\t\t\t<\/div>\n\t\t\t\t<\/div>\n\t\t<div data-particle_enable=\"false\" data-particle-mobile-disabled=\"false\" class=\"elementor-element elementor-element-5a9082c e-flex e-con-boxed e-con e-parent\" data-id=\"5a9082c\" data-element_type=\"container\" data-e-type=\"container\">\n\t\t\t\t\t<div class=\"e-con-inner\">\n\t\t\t\t<div class=\"elementor-element elementor-element-496a55d elementor-widget elementor-widget-heading\" data-id=\"496a55d\" data-element_type=\"widget\" data-e-type=\"widget\" data-widget_type=\"heading.default\">\n\t\t\t\t\t<h3 class=\"elementor-heading-title elementor-size-default\">Esp\u00edritu trabajador aprendido en casa<\/h3>\t\t\t\t<\/div>\n\t\t\t\t\t<\/div>\n\t\t\t\t<\/div>\n\t\t<div data-particle_enable=\"false\" data-particle-mobile-disabled=\"false\" class=\"elementor-element elementor-element-807b02b e-flex e-con-boxed e-con e-parent\" data-id=\"807b02b\" data-element_type=\"container\" data-e-type=\"container\">\n\t\t\t\t\t<div class=\"e-con-inner\">\n\t\t\t\t<div class=\"elementor-element elementor-element-e4cbfca elementor-widget elementor-widget-text-editor\" data-id=\"e4cbfca\" data-element_type=\"widget\" data-e-type=\"widget\" data-widget_type=\"text-editor.default\">\n\t\t\t\t\t\t\t\t\t<p>\u201cViv\u00ed la pobreza\u201d, dice con sinceridad la tiktoker originaria de Nueva Santa Rosa, <a href=\"https:\/\/soymigrante.com\/revista\/departamentos-de-guatemala-santa-rosa-es-considerado-el-centro-de-las-americas\/\">Santa Rosa<\/a>, Guatemala.\u00a0 \u201cSomos seis hermanos.Mi mam\u00e1 vend\u00eda tortillas, hac\u00eda tamales, iba a lavar ropa ajena. Mi pap\u00e1 trabajaba en el campo y a veces iba a la capital a laborar como guardia de seguridad privada. A veces no ten\u00edamos para la comida, y en la tienda le fiaban a mi mam\u00e1\u201d.<\/p><p>Mar\u00eda quer\u00eda superarse y desde los 13 a\u00f1os empez\u00f3 a trabajar para costear sus estudios. \u201cTrabaj\u00e9 en una venta de ropa de paca en el pueblo. Me pagaban como 400 al mes. Con eso me ayudaba en la escuela. Despu\u00e9s pusimos nuestra propia paca con una mi hermana. A los 14 ya ten\u00edamos local. De las ventas com\u00edamos, pag\u00e1bamos el alquiler y estudi\u00e1bamos. No le tenemos miedo al trabajo\u201d<\/p><p>De all\u00ed brot\u00f3 <a href=\"https:\/\/soymigrante.com\/revista\/migrantes-guatemaltecos-en-ee-uu-demuestran-valores-servicio-creatividad-excelencia-y-mas\/\">una \u00e9tica de esfuerzo y perseverancia<\/a> que hoy la define: \u201cMe siento orgullosa de mis or\u00edgenes sencillos porque fue as\u00ed como, Gracias a Dios, aprend\u00ed a trabajar. Empezamos de cero, luchando honradamente por lo que uno va teniendo\u201d.<\/p>\t\t\t\t\t\t\t\t<\/div>\n\t\t\t\t\t<\/div>\n\t\t\t\t<\/div>\n\t\t<div data-particle_enable=\"false\" data-particle-mobile-disabled=\"false\" class=\"elementor-element elementor-element-443f87a e-flex e-con-boxed e-con e-parent\" data-id=\"443f87a\" data-element_type=\"container\" data-e-type=\"container\">\n\t\t\t\t\t<div class=\"e-con-inner\">\n\t\t\t\t<div class=\"elementor-element elementor-element-c5c364c elementor-widget elementor-widget-image\" data-id=\"c5c364c\" data-element_type=\"widget\" data-e-type=\"widget\" data-widget_type=\"image.default\">\n\t\t\t\t\t\t\t\t\t\t\t\t<figure class=\"wp-caption\">\n\t\t\t\t\t\t\t\t\t\t<img decoding=\"async\" width=\"693\" height=\"1024\" src=\"https:\/\/soymigrante.com\/revista\/wp-content\/uploads\/2025\/07\/maria-alvarez-migrante-tiktoker-guatemalteca-new-jersey-6-693x1024.jpg\" class=\"attachment-large size-large wp-image-39348\" alt=\"Ni\u00f1a con cabello rizado frente a una imagen de la Virgen de Guadalupe, en un altar decorado con plantas y flores, en una celebraci\u00f3n tradicional mexicana en 1998.\" srcset=\"https:\/\/soymigrante.com\/revista\/wp-content\/uploads\/2025\/07\/maria-alvarez-migrante-tiktoker-guatemalteca-new-jersey-6-693x1024.jpg 693w, https:\/\/soymigrante.com\/revista\/wp-content\/uploads\/2025\/07\/maria-alvarez-migrante-tiktoker-guatemalteca-new-jersey-6-203x300.jpg 203w, https:\/\/soymigrante.com\/revista\/wp-content\/uploads\/2025\/07\/maria-alvarez-migrante-tiktoker-guatemalteca-new-jersey-6-768x1135.jpg 768w, https:\/\/soymigrante.com\/revista\/wp-content\/uploads\/2025\/07\/maria-alvarez-migrante-tiktoker-guatemalteca-new-jersey-6-1039x1536.jpg 1039w, https:\/\/soymigrante.com\/revista\/wp-content\/uploads\/2025\/07\/maria-alvarez-migrante-tiktoker-guatemalteca-new-jersey-6-1385x2048.jpg 1385w, https:\/\/soymigrante.com\/revista\/wp-content\/uploads\/2025\/07\/maria-alvarez-migrante-tiktoker-guatemalteca-new-jersey-6-750x1109.webp 750w, https:\/\/soymigrante.com\/revista\/wp-content\/uploads\/2025\/07\/maria-alvarez-migrante-tiktoker-guatemalteca-new-jersey-6-1140x1685.webp 1140w, https:\/\/soymigrante.com\/revista\/wp-content\/uploads\/2025\/07\/maria-alvarez-migrante-tiktoker-guatemalteca-new-jersey-6-scaled.webp 1299w\" sizes=\"(max-width: 693px) 100vw, 693px\" title=\"Mar\u00eda Alvarez mantiene siempre los pies bien puestos sobre la tierra para poder generar contenido viral aut\u00e9ntico. Este es un recuerdo de su infancia en el D\u00eda de la Virgen de Guadalupe. \u2013 SoyMigrante.com REVISTA\" \/>\t\t\t\t\t\t\t\t\t\t\t<figcaption class=\"widget-image-caption wp-caption-text\">Ni\u00f1a con cabello rizado en una celebraci\u00f3n religiosa mexicana, frente a una imagen de la Virgen de Guadalupe, en un altar con decoraciones florales en 1998.<\/figcaption>\n\t\t\t\t\t\t\t\t\t\t<\/figure>\n\t\t\t\t\t\t\t\t\t<\/div>\n\t\t\t\t\t<\/div>\n\t\t\t\t<\/div>\n\t\t<div data-particle_enable=\"false\" data-particle-mobile-disabled=\"false\" class=\"elementor-element elementor-element-fb3a44e e-flex e-con-boxed e-con e-parent\" data-id=\"fb3a44e\" data-element_type=\"container\" data-e-type=\"container\">\n\t\t\t\t\t<div class=\"e-con-inner\">\n\t\t\t\t<div class=\"elementor-element elementor-element-bb73396 elementor-widget elementor-widget-heading\" data-id=\"bb73396\" data-element_type=\"widget\" data-e-type=\"widget\" data-widget_type=\"heading.default\">\n\t\t\t\t\t<h3 class=\"elementor-heading-title elementor-size-default\">De pronto lleg\u00f3 el amor... y la migraci\u00f3n<\/h3>\t\t\t\t<\/div>\n\t\t\t\t\t<\/div>\n\t\t\t\t<\/div>\n\t\t<div data-particle_enable=\"false\" data-particle-mobile-disabled=\"false\" class=\"elementor-element elementor-element-f7776ff e-flex e-con-boxed e-con e-parent\" data-id=\"f7776ff\" data-element_type=\"container\" data-e-type=\"container\">\n\t\t\t\t\t<div class=\"e-con-inner\">\n\t\t\t\t<div class=\"elementor-element elementor-element-4c11d74 elementor-widget elementor-widget-text-editor\" data-id=\"4c11d74\" data-element_type=\"widget\" data-e-type=\"widget\" data-widget_type=\"text-editor.default\">\n\t\t\t\t\t\t\t\t\t<p>La historia de Mar\u00eda dio un giro cuando se enamor\u00f3. Conoci\u00f3 a Fernando en el mismo pueblo de Nueva Santa Rosa, el oriente guatemalteco. \u201cEmpezamos de novios, pero nunca me dijo que \u00e9l estaba en tr\u00e1mites para irse a vivir como residente legal en Estados Unidos. Un d\u00eda me sorprendi\u00f3 al contarme eso. Me dijo que deb\u00eda irse, pero que regresar\u00eda por m\u00ed. Mi mam\u00e1 me dijo: \u2018No creo que vuelva\u2019. Pero \u00e9l volvi\u00f3\u201d.<\/p><p>As\u00ed pasaron tres a\u00f1os, entre idas y venidas de Fernando a visitar a Mar\u00eda. Finalmente se casaron y empez\u00f3 el<a href=\"https:\/\/soymigrante.com\/revista\/y-si-quiero-traer-a-mi-prometido-a-para-casarnos-en-eeuu\/\"> tr\u00e1mite para que ella tambi\u00e9n tuviera residencia legal<\/a>. Fue entonces cuando migr\u00f3 a Estados Unidos. \u201cNunca lo hab\u00eda planeado. No ten\u00eda dinero ni la posibilidad de viajar. Pero me lleg\u00f3 el momento, salieron mis papeles y entonces ya vine para Nueva Jersey con mi esposo. En Estados Unidos vine a empezar de cero, laboral y culturalmente hablando\u201d.<\/p><p>Adaptarse no fue f\u00e1cil. \u201cEra todo nuevo. No sab\u00eda ni d\u00f3nde estaba. No entend\u00eda bien el idioma. En los tres a\u00f1os de novios me prepar\u00e9 estudiando ingl\u00e9s, viendo videos, tomando clases. Pero una cosa es un curso y otra la realidad donde tienes que pedir algo en un banco, en un supermercado o por tel\u00e9fono.\u00a0 Tambi\u00e9n aprend\u00ed a manejar . Me prepar\u00e9 porque me dijeron: all\u00e1 es otra vida\u201d.<\/p>\t\t\t\t\t\t\t\t<\/div>\n\t\t\t\t\t<\/div>\n\t\t\t\t<\/div>\n\t\t<div data-particle_enable=\"false\" data-particle-mobile-disabled=\"false\" class=\"elementor-element elementor-element-27d7795 e-flex e-con-boxed e-con e-parent\" data-id=\"27d7795\" data-element_type=\"container\" data-e-type=\"container\">\n\t\t\t\t\t<div class=\"e-con-inner\">\n\t\t\t\t<div class=\"elementor-element elementor-element-8f869fd elementor-widget elementor-widget-image\" data-id=\"8f869fd\" data-element_type=\"widget\" data-e-type=\"widget\" data-widget_type=\"image.default\">\n\t\t\t\t\t\t\t\t\t\t\t\t<figure class=\"wp-caption\">\n\t\t\t\t\t\t\t\t\t\t<img decoding=\"async\" width=\"1024\" height=\"758\" src=\"https:\/\/soymigrante.com\/revista\/wp-content\/uploads\/2025\/07\/maria-alvarez-migrante-tiktoker-guatemalteca-new-jersey-5-1024x758.jpg\" class=\"attachment-large size-large wp-image-39349\" alt=\"Pareja familiar disfrutando de la vista del volc\u00e1n desde un restaurante al aire libre en un entorno natural y tur\u00edstico en M\u00e9xico.\" srcset=\"https:\/\/soymigrante.com\/revista\/wp-content\/uploads\/2025\/07\/maria-alvarez-migrante-tiktoker-guatemalteca-new-jersey-5-1024x758.jpg 1024w, https:\/\/soymigrante.com\/revista\/wp-content\/uploads\/2025\/07\/maria-alvarez-migrante-tiktoker-guatemalteca-new-jersey-5-300x222.jpg 300w, https:\/\/soymigrante.com\/revista\/wp-content\/uploads\/2025\/07\/maria-alvarez-migrante-tiktoker-guatemalteca-new-jersey-5-768x569.jpg 768w, https:\/\/soymigrante.com\/revista\/wp-content\/uploads\/2025\/07\/maria-alvarez-migrante-tiktoker-guatemalteca-new-jersey-5-750x555.webp 750w, https:\/\/soymigrante.com\/revista\/wp-content\/uploads\/2025\/07\/maria-alvarez-migrante-tiktoker-guatemalteca-new-jersey-5-1140x844.webp 1140w, https:\/\/soymigrante.com\/revista\/wp-content\/uploads\/2025\/07\/maria-alvarez-migrante-tiktoker-guatemalteca-new-jersey-5.webp 1440w\" sizes=\"(max-width: 1024px) 100vw, 1024px\" title=\"Mar\u00eda Alvarez junto a su esposo y su hijo durante una visita de vacaciones a Guatemala. &quot;Amo a mi pa\u00eds, amo a mi gente, siempre extra\u00f1o esa tranquilidad de los pueblos y la amabilidad de todos&quot;, expresa la tiktoker. \u2013 SoyMigrante.com REVISTA\" \/>\t\t\t\t\t\t\t\t\t\t\t<figcaption class=\"widget-image-caption wp-caption-text\">Familia en un entorno tur\u00edstico en M\u00e9xico, disfrutando de la vista del volc\u00e1n en un d\u00eda soleado.<\/figcaption>\n\t\t\t\t\t\t\t\t\t\t<\/figure>\n\t\t\t\t\t\t\t\t\t<\/div>\n\t\t\t\t\t<\/div>\n\t\t\t\t<\/div>\n\t\t<div data-particle_enable=\"false\" data-particle-mobile-disabled=\"false\" class=\"elementor-element elementor-element-fa34644 e-flex e-con-boxed e-con e-parent\" data-id=\"fa34644\" data-element_type=\"container\" data-e-type=\"container\">\n\t\t\t\t\t<div class=\"e-con-inner\">\n\t\t\t\t<div class=\"elementor-element elementor-element-1ed3d9b elementor-widget elementor-widget-heading\" data-id=\"1ed3d9b\" data-element_type=\"widget\" data-e-type=\"widget\" data-widget_type=\"heading.default\">\n\t\t\t\t\t<h3 class=\"elementor-heading-title elementor-size-default\">\"En mi casa siempre me llamaron Marillita\"<\/h3>\t\t\t\t<\/div>\n\t\t\t\t\t<\/div>\n\t\t\t\t<\/div>\n\t\t<div data-particle_enable=\"false\" data-particle-mobile-disabled=\"false\" class=\"elementor-element elementor-element-68a5da8 e-flex e-con-boxed e-con e-parent\" data-id=\"68a5da8\" data-element_type=\"container\" data-e-type=\"container\">\n\t\t\t\t\t<div class=\"e-con-inner\">\n\t\t\t\t<div class=\"elementor-element elementor-element-9c81474 elementor-widget elementor-widget-text-editor\" data-id=\"9c81474\" data-element_type=\"widget\" data-e-type=\"widget\" data-widget_type=\"text-editor.default\">\n\t\t\t\t\t\t\t\t\t<p>Cuano Mar\u00eda estaba esperando a su hijo, apareci\u00f3 el <a href=\"https:\/\/www.tiktok.com\/@marillita140\/video\/7524419320571514143\">Tiktok <\/a>en su vida. \u201cSiempre quise hacer videos desde Guatemala. Ya estando ac\u00e1, embarazada, vi que una sobrina ten\u00eda la aplicaci\u00f3n. Me dio curiosidad. Y dije: voy a hacer contenido de la vida siendo mam\u00e1: porque una mam\u00e1 primeriza no sabe a qu\u00e9 se mete. A m\u00ed me pas\u00f3.\u00a0 Empec\u00e9 con tips de pa\u00f1ales, de beb\u00e9s. Me empezaron a seguir bastantes mam\u00e1s y j\u00f3venes\u201d.\u00a0<\/p><p>El nombre <a href=\"https:\/\/www.tiktok.com\/@marillita140\/video\/7524419320571514143\">Marillita140<\/a> surge del nombre cari\u00f1oso con el cual la llamaban en su casa en Santa Rosa. Todo es autenticidad, memoria y cari\u00f1o.<\/p><p>Hoy, las publicaciones de Mar\u00eda \u00c1lvarez no solo entretienen: educan, conmueven y acompa\u00f1an. Exaltan lo guatemalteco e invitan siempre a la mejora personal. \u201cMi contenido es real. Si ma\u00f1ana cocino algo, lo grabo. Si estoy con mi hijo en una actividad, lo comparto. (Poco antes de que se publicara esta nota report\u00f3 que estaba en la emergencia del hospital por un malestar de su ni\u00f1o) La gente se identifica porque es una vida normal, como la de ellos\u201d.<\/p>\t\t\t\t\t\t\t\t<\/div>\n\t\t\t\t\t<\/div>\n\t\t\t\t<\/div>\n\t\t<div data-particle_enable=\"false\" data-particle-mobile-disabled=\"false\" class=\"elementor-element elementor-element-e4bb01a e-flex e-con-boxed e-con e-parent\" data-id=\"e4bb01a\" data-element_type=\"container\" data-e-type=\"container\">\n\t\t\t\t\t<div class=\"e-con-inner\">\n\t\t\t\t<div class=\"elementor-element elementor-element-0c52003 elementor-widget elementor-widget-html\" data-id=\"0c52003\" data-element_type=\"widget\" data-e-type=\"widget\" data-widget_type=\"html.default\">\n\t\t\t\t\t<blockquote class=\"tiktok-embed\" cite=\"https:\/\/www.tiktok.com\/@marillita140\/video\/7525944452746136863\" data-video-id=\"7525944452746136863\" style=\"max-width: 605px;min-width: 325px;\" > <section> <a target=\"_blank\" title=\"@marillita140\" href=\"https:\/\/www.tiktok.com\/@marillita140?refer=embed\">@marillita140<\/a> Respuesta a @izabel \u2665\ufe0f es duro cuando se enferman los ni\u00f1os \ud83e\udd79 <a title=\"momlife\" target=\"_blank\" href=\"https:\/\/www.tiktok.com\/tag\/momlife?refer=embed\">#momlife<\/a> <a title=\"latinaenusa\" target=\"_blank\" href=\"https:\/\/www.tiktok.com\/tag\/latinaenusa?refer=embed\">#latinaenusa<\/a> <a title=\"guatemala\" target=\"_blank\" href=\"https:\/\/www.tiktok.com\/tag\/guatemala?refer=embed\">#guatemala<\/a> <a target=\"_blank\" title=\"\u266c sonido original - Maria Alvarez \ud83c\udf38\" href=\"https:\/\/www.tiktok.com\/music\/sonido-original-7525944451576498975?refer=embed\">\u266c sonido original - Maria Alvarez \ud83c\udf38<\/a> <\/section> <\/blockquote> <script async src=\"https:\/\/www.tiktok.com\/embed.js\"><\/script>\t\t\t\t<\/div>\n\t\t\t\t\t<\/div>\n\t\t\t\t<\/div>\n\t\t<div data-particle_enable=\"false\" data-particle-mobile-disabled=\"false\" class=\"elementor-element elementor-element-fa293d4 e-flex e-con-boxed e-con e-parent\" data-id=\"fa293d4\" data-element_type=\"container\" data-e-type=\"container\">\n\t\t\t\t\t<div class=\"e-con-inner\">\n\t\t\t\t<div class=\"elementor-element elementor-element-3dfecd0 elementor-widget elementor-widget-heading\" data-id=\"3dfecd0\" data-element_type=\"widget\" data-e-type=\"widget\" data-widget_type=\"heading.default\">\n\t\t\t\t\t<h3 class=\"elementor-heading-title elementor-size-default\">\"Limpio casas y me siento orgullosa\"<\/h3>\t\t\t\t<\/div>\n\t\t\t\t\t<\/div>\n\t\t\t\t<\/div>\n\t\t<div data-particle_enable=\"false\" data-particle-mobile-disabled=\"false\" class=\"elementor-element elementor-element-0207c03 e-flex e-con-boxed e-con e-parent\" data-id=\"0207c03\" data-element_type=\"container\" data-e-type=\"container\">\n\t\t\t\t\t<div class=\"e-con-inner\">\n\t\t\t\t<div class=\"elementor-element elementor-element-63d91d5 elementor-widget elementor-widget-text-editor\" data-id=\"63d91d5\" data-element_type=\"widget\" data-e-type=\"widget\" data-widget_type=\"text-editor.default\">\n\t\t\t\t\t\t\t\t\t<p>Aunque se ha ganado el cari\u00f1o digital y ha colaborado con la exposici\u00f3n de marcas importantes como Ninja, Crocs y productos de belleza, Mar\u00eda combina sus ma\u00f1anas con un trabajo espec\u00edfico: limpia casas.<\/p><p>\u201cEs un trabajo flexible, por eso lo eleg\u00ed. Trabajo individualmente. De 10 de la ma\u00f1ana a 2:30. Me da tiempo de preparar el desayuno y llevar a mi hijo a la escuela. Luego lo recojo, hacemos tareas. En esos momentos y en d\u00edas libres, siempre aparece la ocasi\u00f3n de hacer una historia en video\u201d, cuenta.<\/p><p>Ser madre est\u00e1 al centro de sus decisiones. \u201cNo quiero trabajar tanto tiempo que me lleve a descuidarlo. Por eso combino redes sociales con limpieza.\u00a0 Hay que pagar la renta, los seguros, la comida, pero Gracias a Dios, as\u00ed vamos superando\u201d.<\/p>\t\t\t\t\t\t\t\t<\/div>\n\t\t\t\t\t<\/div>\n\t\t\t\t<\/div>\n\t\t<div data-particle_enable=\"false\" data-particle-mobile-disabled=\"false\" class=\"elementor-element elementor-element-6eb4f05 e-flex e-con-boxed e-con e-parent\" data-id=\"6eb4f05\" data-element_type=\"container\" data-e-type=\"container\">\n\t\t\t\t\t<div class=\"e-con-inner\">\n\t\t\t\t<div class=\"elementor-element elementor-element-85756e5 elementor-widget elementor-widget-html\" data-id=\"85756e5\" data-element_type=\"widget\" data-e-type=\"widget\" data-widget_type=\"html.default\">\n\t\t\t\t\t<blockquote class=\"tiktok-embed\" cite=\"https:\/\/www.tiktok.com\/@marillita140\/video\/7524419320571514143\" data-video-id=\"7524419320571514143\" style=\"max-width: 605px;min-width: 325px;\" > <section> <a target=\"_blank\" title=\"@marillita140\" href=\"https:\/\/www.tiktok.com\/@marillita140?refer=embed\">@marillita140<\/a> Y a\u00fan sigo aprendiendo \ud83e\udd2d a cocinar <a title=\"momlife\" target=\"_blank\" href=\"https:\/\/www.tiktok.com\/tag\/momlife?refer=embed\">#momlife<\/a> <a title=\"latinaenusa\" target=\"_blank\" href=\"https:\/\/www.tiktok.com\/tag\/latinaenusa?refer=embed\">#latinaenusa<\/a> <a title=\"guatemala\" target=\"_blank\" href=\"https:\/\/www.tiktok.com\/tag\/guatemala?refer=embed\">#guatemala<\/a> <a title=\"marriedlife\" target=\"_blank\" href=\"https:\/\/www.tiktok.com\/tag\/marriedlife?refer=embed\">#marriedlife<\/a> <a title=\"polloypapasdeguatemalareceta\" target=\"_blank\" href=\"https:\/\/www.tiktok.com\/tag\/polloypapasdeguatemalareceta?refer=embed\">#polloypapasdeguatemalareceta<\/a> <a title=\"platanosfritos\" target=\"_blank\" href=\"https:\/\/www.tiktok.com\/tag\/platanosfritos?refer=embed\">#platanosfritos<\/a> <a target=\"_blank\" title=\"\u266c sonido original - Maria Alvarez \ud83c\udf38\" href=\"https:\/\/www.tiktok.com\/music\/sonido-original-7524419304369048350?refer=embed\">\u266c sonido original - Maria Alvarez \ud83c\udf38<\/a> <\/section> <\/blockquote> <script async src=\"https:\/\/www.tiktok.com\/embed.js\"><\/script>\t\t\t\t<\/div>\n\t\t\t\t\t<\/div>\n\t\t\t\t<\/div>\n\t\t<div data-particle_enable=\"false\" data-particle-mobile-disabled=\"false\" class=\"elementor-element elementor-element-73785eb e-flex e-con-boxed e-con e-parent\" data-id=\"73785eb\" data-element_type=\"container\" data-e-type=\"container\">\n\t\t\t\t\t<div class=\"e-con-inner\">\n\t\t\t\t<div class=\"elementor-element elementor-element-0054ac8 elementor-widget elementor-widget-heading\" data-id=\"0054ac8\" data-element_type=\"widget\" data-e-type=\"widget\" data-widget_type=\"heading.default\">\n\t\t\t\t\t<h3 class=\"elementor-heading-title elementor-size-default\">Identidad guatemalteca sin fronteras<\/h3>\t\t\t\t<\/div>\n\t\t\t\t\t<\/div>\n\t\t\t\t<\/div>\n\t\t<div data-particle_enable=\"false\" data-particle-mobile-disabled=\"false\" class=\"elementor-element elementor-element-41bffe6 e-flex e-con-boxed e-con e-parent\" data-id=\"41bffe6\" data-element_type=\"container\" data-e-type=\"container\">\n\t\t\t\t\t<div class=\"e-con-inner\">\n\t\t\t\t<div class=\"elementor-element elementor-element-9455c49 elementor-widget elementor-widget-text-editor\" data-id=\"9455c49\" data-element_type=\"widget\" data-e-type=\"widget\" data-widget_type=\"text-editor.default\">\n\t\t\t\t\t\t\t\t\t<p>La casa de Nueva Jersey tiene sabor a su casa paterna en su amada Nueva Santa Rosa.\u00a0 \u201cSeguimos usando productos guatemaltecos: salsa Picam\u00e1s, frijoles Ducal, hago masa y echo tortillas. Es una forma de sentirse cerca. No es lo mismo, pero se acerca\u201d, expresa Mar\u00eda.<\/p><p>Lo que m\u00e1s extra\u00f1a de su pa\u00eds de su pueblo es el calor humano. \u201cAll\u00e1 en Nueva uno sale y saluda a todos. Aqu\u00ed, ni se conocen los vecinos. Extra\u00f1o la feria, la iglesia, el parque por las tardes. Cuando viajo para visitar a mi familia, encuentro una paz que ac\u00e1 no se siente. All\u00e1 puedo caminar, respirar diferente, pero a la vez hay que vivir y seguir adelante en Estados Unidos ya que tenemos la oportunidad\u201d<\/p>\t\t\t\t\t\t\t\t<\/div>\n\t\t\t\t\t<\/div>\n\t\t\t\t<\/div>\n\t\t<div data-particle_enable=\"false\" data-particle-mobile-disabled=\"false\" class=\"elementor-element elementor-element-c697519 e-flex e-con-boxed e-con e-parent\" data-id=\"c697519\" data-element_type=\"container\" data-e-type=\"container\">\n\t\t\t\t\t<div class=\"e-con-inner\">\n\t\t\t\t<div class=\"elementor-element elementor-element-c6b45c5 elementor-invisible elementor-widget elementor-widget-testimonial\" data-id=\"c6b45c5\" data-element_type=\"widget\" data-e-type=\"widget\" data-settings=\"{&quot;_animation&quot;:&quot;rotateInUpRight&quot;}\" data-widget_type=\"testimonial.default\">\n\t\t\t\t\t\t\t<div class=\"elementor-testimonial-wrapper\">\n\t\t\t\t\t\t\t<div class=\"elementor-testimonial-content\">\"Quisiera impulsar m\u00e1s productos guatemaltecos en Estados Unidos para generar oportunidades productivas en Guatemala\".<\/div>\n\t\t\t\n\t\t\t\t\t\t<div class=\"elementor-testimonial-meta elementor-has-image elementor-testimonial-image-position-aside\">\n\t\t\t\t<div class=\"elementor-testimonial-meta-inner\">\n\t\t\t\t\t\t\t\t\t\t\t<div class=\"elementor-testimonial-image\">\n\t\t\t\t\t\t\t<img loading=\"lazy\" decoding=\"async\" width=\"1290\" height=\"1290\" src=\"https:\/\/soymigrante.com\/revista\/wp-content\/uploads\/2025\/07\/maria-alvarez-migrante-tiktoker-guatemalteca-new-jersey-3.webp\" class=\"attachment-full size-full wp-image-39351\" alt=\"Joven mujer con cabello rizado usando un traje verde y mirando su tel\u00e9fono m\u00f3vil, en fondo gris claro, relacionada con inmigrantes y cultura migrante en revista SoyMigrante.com REVISTA.\" title=\"mar\u00eda alvarez migrante tiktoker guatemalteca new jersey 3 \u2013 SoyMigrante.com REVISTA\" srcset=\"https:\/\/soymigrante.com\/revista\/wp-content\/uploads\/2025\/07\/maria-alvarez-migrante-tiktoker-guatemalteca-new-jersey-3.webp 1290w, https:\/\/soymigrante.com\/revista\/wp-content\/uploads\/2025\/07\/maria-alvarez-migrante-tiktoker-guatemalteca-new-jersey-3-300x300.jpg 300w, https:\/\/soymigrante.com\/revista\/wp-content\/uploads\/2025\/07\/maria-alvarez-migrante-tiktoker-guatemalteca-new-jersey-3-1024x1024.jpg 1024w, https:\/\/soymigrante.com\/revista\/wp-content\/uploads\/2025\/07\/maria-alvarez-migrante-tiktoker-guatemalteca-new-jersey-3-150x150.jpg 150w, https:\/\/soymigrante.com\/revista\/wp-content\/uploads\/2025\/07\/maria-alvarez-migrante-tiktoker-guatemalteca-new-jersey-3-768x768.jpg 768w, https:\/\/soymigrante.com\/revista\/wp-content\/uploads\/2025\/07\/maria-alvarez-migrante-tiktoker-guatemalteca-new-jersey-3-75x75.jpg 75w, https:\/\/soymigrante.com\/revista\/wp-content\/uploads\/2025\/07\/maria-alvarez-migrante-tiktoker-guatemalteca-new-jersey-3-750x750.jpg 750w, https:\/\/soymigrante.com\/revista\/wp-content\/uploads\/2025\/07\/maria-alvarez-migrante-tiktoker-guatemalteca-new-jersey-3-1140x1140.jpg 1140w\" sizes=\"(max-width: 1290px) 100vw, 1290px\" \/>\t\t\t\t\t\t<\/div>\n\t\t\t\t\t\n\t\t\t\t\t\t\t\t\t\t<div class=\"elementor-testimonial-details\">\n\t\t\t\t\t\t\t\t\t\t\t\t\t\t<div class=\"elementor-testimonial-name\">Mar\u00eda \"Marillita\" \u00c1lvarez<\/div>\n\t\t\t\t\t\t\t\t\t\t\t\t\t\t\t\t\t\t\t\t\t\t<div class=\"elementor-testimonial-job\">Migrante y emprendedora guatemalteca.\nEn Tiktok la encuentras como Marillita 140\ny en Instagram como Marillita 14.<\/div>\n\t\t\t\t\t\t\t\t\t\t\t\t\t<\/div>\n\t\t\t\t\t\t\t\t\t<\/div>\n\t\t\t<\/div>\n\t\t\t\t\t<\/div>\n\t\t\t\t\t\t<\/div>\n\t\t\t\t\t<\/div>\n\t\t\t\t<\/div>\n\t\t<div data-particle_enable=\"false\" data-particle-mobile-disabled=\"false\" class=\"elementor-element elementor-element-205a49f e-flex e-con-boxed e-con e-parent\" data-id=\"205a49f\" data-element_type=\"container\" data-e-type=\"container\">\n\t\t\t\t\t<div class=\"e-con-inner\">\n\t\t\t\t<div class=\"elementor-element elementor-element-f3385a0 elementor-widget elementor-widget-heading\" data-id=\"f3385a0\" data-element_type=\"widget\" data-e-type=\"widget\" data-widget_type=\"heading.default\">\n\t\t\t\t\t<h3 class=\"elementor-heading-title elementor-size-default\">Voz e inspiraci\u00f3n para m\u00e1s guatemaltecas<\/h3>\t\t\t\t<\/div>\n\t\t\t\t\t<\/div>\n\t\t\t\t<\/div>\n\t\t<div data-particle_enable=\"false\" data-particle-mobile-disabled=\"false\" class=\"elementor-element elementor-element-15f8a08 e-flex e-con-boxed e-con e-parent\" data-id=\"15f8a08\" data-element_type=\"container\" data-e-type=\"container\">\n\t\t\t\t\t<div class=\"e-con-inner\">\n\t\t\t\t<div class=\"elementor-element elementor-element-c01456a elementor-widget elementor-widget-text-editor\" data-id=\"c01456a\" data-element_type=\"widget\" data-e-type=\"widget\" data-widget_type=\"text-editor.default\">\n\t\t\t\t\t\t\t\t\t<p>Adem\u00e1s de compartir recetas y tips, Mar\u00eda Alvarez ha usado su plataforma de video para ayudar a guatemaltecas de su comunidad natal. \u201cHe enviado cajas con ropa, zapatos, juguetes. Ayud\u00e9 a unas 15 o 20 familias, especialmente mujeres con hijos. Porque s\u00e9 que en provincia en Guatemala cuesta. S\u00e9 lo que es no tener para dar lo necesario a los hijos\u201d.<\/p><p>Pero su visi\u00f3n va m\u00e1s all\u00e1 de la ayuda moment\u00e1nea. \u201cAlgunas mujeres que apoy\u00e9 usaron el dinero para comprar ropa y revender. Otras compraron lana para tejer. Yo les digo: de nada sirve una canasta llena de v\u00edveres si ma\u00f1ana no tienen qu\u00e9 hacer. Hay que buscar una idea para salir adelante.\u201d<\/p><p>Como mujer y madre, sabe lo que implica luchar. \u201cSer madre es un desaf\u00edo y un punto de partida. Podemos seguir buscando trabajos que se adapten a nosotras. S\u00ed es duro, pero no imposible. Tenemos la motivaci\u00f3n de nuestros hijos\u201d<\/p>\t\t\t\t\t\t\t\t<\/div>\n\t\t\t\t\t<\/div>\n\t\t\t\t<\/div>\n\t\t<div data-particle_enable=\"false\" data-particle-mobile-disabled=\"false\" class=\"elementor-element elementor-element-6b336e5 e-flex e-con-boxed e-con e-parent\" data-id=\"6b336e5\" data-element_type=\"container\" data-e-type=\"container\">\n\t\t\t\t\t<div class=\"e-con-inner\">\n\t\t\t\t<div class=\"elementor-element elementor-element-7212898 elementor-widget elementor-widget-image\" data-id=\"7212898\" data-element_type=\"widget\" data-e-type=\"widget\" data-widget_type=\"image.default\">\n\t\t\t\t\t\t\t\t\t\t\t\t<figure class=\"wp-caption\">\n\t\t\t\t\t\t\t\t\t\t\t<a href=\"https:\/\/www.instagram.com\/marillita14\/\">\n\t\t\t\t\t\t\t<img loading=\"lazy\" decoding=\"async\" width=\"1024\" height=\"912\" src=\"https:\/\/soymigrante.com\/revista\/wp-content\/uploads\/2025\/07\/maria-alvarez-migrante-guatemalteca-1024x912.png\" class=\"attachment-large size-large wp-image-39353\" alt=\"Disfrutando de una barbacoa con recetas tradicionales mexicanas y celebraci\u00f3n en Estados Unidos, con frutas frescas y actividades al aire libre, reflejando cultura y comunidad en la revista SoyMigrante.com REVISTA.\" srcset=\"https:\/\/soymigrante.com\/revista\/wp-content\/uploads\/2025\/07\/maria-alvarez-migrante-guatemalteca-1024x912.png 1024w, https:\/\/soymigrante.com\/revista\/wp-content\/uploads\/2025\/07\/maria-alvarez-migrante-guatemalteca-300x267.png 300w, https:\/\/soymigrante.com\/revista\/wp-content\/uploads\/2025\/07\/maria-alvarez-migrante-guatemalteca-768x684.png 768w, https:\/\/soymigrante.com\/revista\/wp-content\/uploads\/2025\/07\/maria-alvarez-migrante-guatemalteca-750x668.png 750w, https:\/\/soymigrante.com\/revista\/wp-content\/uploads\/2025\/07\/maria-alvarez-migrante-guatemalteca.webp 1029w\" sizes=\"(max-width: 1024px) 100vw, 1024px\" title=\"Mar\u00eda Alvarez sigue creando y convirtiendo momentos comunes en extrardinarios y a la vez generando momentos de identidad migrante guatemalteca en New  Jersey. El d\u00eda de la entrevista, amablemente lo comparti\u00f3 en uno de sus videos. Clic en la imagen para ir a su perfil de Tiktok. \u2013 SoyMigrante.com REVISTA\" \/>\t\t\t\t\t\t\t\t<\/a>\n\t\t\t\t\t\t\t\t\t\t\t<figcaption class=\"widget-image-caption wp-caption-text\">Joven mujer entrevistada para SoyMigrante.com hablando sobre su experiencia migratoria y cultura en un video de la revista.<\/figcaption>\n\t\t\t\t\t\t\t\t\t\t<\/figure>\n\t\t\t\t\t\t\t\t\t<\/div>\n\t\t\t\t\t<\/div>\n\t\t\t\t<\/div>\n\t\t<div data-particle_enable=\"false\" data-particle-mobile-disabled=\"false\" class=\"elementor-element elementor-element-b0dda77 e-flex e-con-boxed e-con e-parent\" data-id=\"b0dda77\" data-element_type=\"container\" data-e-type=\"container\">\n\t\t\t\t\t<div class=\"e-con-inner\">\n\t\t\t\t<div class=\"elementor-element elementor-element-bf3520f elementor-widget elementor-widget-heading\" data-id=\"bf3520f\" data-element_type=\"widget\" data-e-type=\"widget\" data-widget_type=\"heading.default\">\n\t\t\t\t\t<h3 class=\"elementor-heading-title elementor-size-default\">Siempre hay un sue\u00f1o m\u00e1s grande<\/h3>\t\t\t\t<\/div>\n\t\t\t\t\t<\/div>\n\t\t\t\t<\/div>\n\t\t<div data-particle_enable=\"false\" data-particle-mobile-disabled=\"false\" class=\"elementor-element elementor-element-9f19315 e-flex e-con-boxed e-con e-parent\" data-id=\"9f19315\" data-element_type=\"container\" data-e-type=\"container\">\n\t\t\t\t\t<div class=\"e-con-inner\">\n\t\t\t\t<div class=\"elementor-element elementor-element-9f90ca9 elementor-widget elementor-widget-text-editor\" data-id=\"9f90ca9\" data-element_type=\"widget\" data-e-type=\"widget\" data-widget_type=\"text-editor.default\">\n\t\t\t\t\t\t\t\t\t<p>Mar\u00eda tiene siempre nuevas ideas y objetivos: \u201cMi gran sue\u00f1o es trabajar con alg\u00fan producto de Guatemala. Representarlo y venderlo ac\u00e1:&nbsp; ayudar a las empresas de all\u00e1, generar empleo para personas mayores. All\u00e1 tambi\u00e9n se hacen productos buenos, originales, aut\u00e9nticos Y a veces ni se reconoce\u201d. Por ello al contarle sobre<a href=\"https:\/\/soymigrante.com\/mercado\/?srsltid=AfmBOoq2nPaL_t0TsWytTsZZeCySfoVuAbLc9qmP3Fiz-f8XDbAuvukH\"> SoyMigrante.com MERCADO, que impulsa el comercio digital de emprendedores guatemaltecos <\/a>a Marillita le pareci\u00f3 simplemente fascinante.&nbsp;<\/p>\n<p>Mar\u00eda ha sido invitada por TikTok a sus oficinas en Nueva York, a eventos en Los \u00c1ngeles y ha conocido otras grandes creadoras. &#8220;Los guatemaltecos tenemos el poder de ser creativos, originales y aut\u00e9nticos. Ese es nuestro valor ya sea que estemos en Guatemala o en cualquier parte del mundo, pero debemos creer en nosotros mismos&#8221;.<\/p>\t\t\t\t\t\t\t\t<\/div>\n\t\t\t\t\t<\/div>\n\t\t\t\t<\/div>\n\t\t<div data-particle_enable=\"false\" data-particle-mobile-disabled=\"false\" class=\"elementor-element elementor-element-2487622 e-flex e-con-boxed e-con e-parent\" data-id=\"2487622\" data-element_type=\"container\" data-e-type=\"container\">\n\t\t\t\t\t<div class=\"e-con-inner\">\n\t\t\t\t<div class=\"elementor-element elementor-element-427d873 elementor-widget elementor-widget-image\" data-id=\"427d873\" data-element_type=\"widget\" data-e-type=\"widget\" data-widget_type=\"image.default\">\n\t\t\t\t\t\t\t\t\t\t\t\t\t\t\t<img loading=\"lazy\" decoding=\"async\" width=\"1024\" height=\"458\" src=\"https:\/\/soymigrante.com\/revista\/wp-content\/uploads\/2025\/07\/nueva-santa-rosa-guatemala-1024x458.png\" class=\"attachment-large size-large wp-image-39407\" alt=\"Paisaje de Google Maps de Guatemala, resaltando la zona de Nueva Santa Rosa en un mapa detallado con localidades cercanas.\" srcset=\"https:\/\/soymigrante.com\/revista\/wp-content\/uploads\/2025\/07\/nueva-santa-rosa-guatemala-1024x458.png 1024w, https:\/\/soymigrante.com\/revista\/wp-content\/uploads\/2025\/07\/nueva-santa-rosa-guatemala-300x134.png 300w, https:\/\/soymigrante.com\/revista\/wp-content\/uploads\/2025\/07\/nueva-santa-rosa-guatemala-768x343.png 768w, https:\/\/soymigrante.com\/revista\/wp-content\/uploads\/2025\/07\/nueva-santa-rosa-guatemala-1536x686.png 1536w, https:\/\/soymigrante.com\/revista\/wp-content\/uploads\/2025\/07\/nueva-santa-rosa-guatemala-750x335.webp 750w, https:\/\/soymigrante.com\/revista\/wp-content\/uploads\/2025\/07\/nueva-santa-rosa-guatemala-1140x509.webp 1140w, https:\/\/soymigrante.com\/revista\/wp-content\/uploads\/2025\/07\/nueva-santa-rosa-guatemala.webp 1618w\" sizes=\"(max-width: 1024px) 100vw, 1024px\" title=\"nueva santa rosa guatemala \u2013 SoyMigrante.com REVISTA\" \/>\t\t\t\t\t\t\t\t\t\t\t\t\t\t\t<\/div>\n\t\t\t\t\t<\/div>\n\t\t\t\t<\/div>\n\t\t<div data-particle_enable=\"false\" data-particle-mobile-disabled=\"false\" class=\"elementor-element elementor-element-a9db32d e-flex e-con-boxed e-con e-parent\" data-id=\"a9db32d\" data-element_type=\"container\" data-e-type=\"container\">\n\t\t\t\t\t<div class=\"e-con-inner\">\n\t\t\t\t<div class=\"elementor-element elementor-element-b245dd6 elementor-widget elementor-widget-heading\" data-id=\"b245dd6\" data-element_type=\"widget\" data-e-type=\"widget\" data-widget_type=\"heading.default\">\n\t\t\t\t\t<h2 class=\"elementor-heading-title elementor-size-default\">Guatemaltecas incre\u00edbles y sin fronteras<\/h2>\t\t\t\t<\/div>\n\t\t\t\t\t<\/div>\n\t\t\t\t<\/div>\n\t\t<div data-particle_enable=\"false\" data-particle-mobile-disabled=\"false\" class=\"elementor-element elementor-element-9203c3b e-flex e-con-boxed e-con e-parent\" data-id=\"9203c3b\" data-element_type=\"container\" data-e-type=\"container\">\n\t\t\t\t\t<div class=\"e-con-inner\">\n\t\t\t\t<div class=\"elementor-element elementor-element-a59ed6e elementor-grid-eael-col-3 elementor-grid-tablet-eael-col-2 elementor-grid-mobile-eael-col-1 elementor-invisible elementor-widget elementor-widget-eael-post-grid\" data-id=\"a59ed6e\" data-element_type=\"widget\" data-e-type=\"widget\" data-settings=\"{&quot;eael_post_grid_columns&quot;:&quot;eael-col-3&quot;,&quot;_animation&quot;:&quot;rollIn&quot;,&quot;eael_post_grid_columns_tablet&quot;:&quot;eael-col-2&quot;,&quot;eael_post_grid_columns_mobile&quot;:&quot;eael-col-1&quot;}\" data-widget_type=\"eael-post-grid.default\">\n\t\t\t\t\t<div id=\"eael-post-grid-a59ed6e\" class=\"eael-post-grid-container\">\n            <div class=\"eael-post-grid eael-post-appender eael-post-appender-a59ed6e eael-post-grid-style-one\" data-layout-mode=\"masonry\"><article class=\"eael-grid-post  eael-post-grid-column eael-pg-post-35884 category-exitos-guatemala\" data-id=\"35884\">\n        <div class=\"eael-grid-post-holder\">\n            <div class=\"eael-grid-post-holder-inner\"><div class=\"eael-entry-media\"><div class=\"eael-entry-overlay fade-in\"><i class=\"far fa-hand-pointer\" aria-hidden=\"true\"><\/i><a href=\"https:\/\/soymigrante.com\/revista\/abogada-guatemalteca-ana-gabriela-urizar-orienta-defiende-y-dignifica-a-migrantes-hispanos\/\"><\/a><\/div><div class=\"eael-entry-thumbnail \">\n                <img loading=\"lazy\" decoding=\"async\" width=\"1024\" height=\"1024\" src=\"https:\/\/soymigrante.com\/revista\/wp-content\/uploads\/2025\/06\/ana-gabriela-urizar-abogada-migratoria-guatemalteca-ny-1024x1024.png\" class=\"attachment-large size-large wp-image-35886\" alt=\"Migrante mujer profesional en oficina, libertad y empoderamiento, homenaje a la comunidad migrante en revista SoyMigrante.com.\" srcset=\"https:\/\/soymigrante.com\/revista\/wp-content\/uploads\/2025\/06\/ana-gabriela-urizar-abogada-migratoria-guatemalteca-ny-1024x1024.png 1024w, https:\/\/soymigrante.com\/revista\/wp-content\/uploads\/2025\/06\/ana-gabriela-urizar-abogada-migratoria-guatemalteca-ny-300x300.png 300w, https:\/\/soymigrante.com\/revista\/wp-content\/uploads\/2025\/06\/ana-gabriela-urizar-abogada-migratoria-guatemalteca-ny-150x150.png 150w, https:\/\/soymigrante.com\/revista\/wp-content\/uploads\/2025\/06\/ana-gabriela-urizar-abogada-migratoria-guatemalteca-ny-768x768.png 768w, https:\/\/soymigrante.com\/revista\/wp-content\/uploads\/2025\/06\/ana-gabriela-urizar-abogada-migratoria-guatemalteca-ny-75x75.webp 75w, https:\/\/soymigrante.com\/revista\/wp-content\/uploads\/2025\/06\/ana-gabriela-urizar-abogada-migratoria-guatemalteca-ny-750x750.webp 750w, https:\/\/soymigrante.com\/revista\/wp-content\/uploads\/2025\/06\/ana-gabriela-urizar-abogada-migratoria-guatemalteca-ny.webp 1120w\" sizes=\"(max-width: 1024px) 100vw, 1024px\" \/>\n            <\/div>\n        <\/div><div class=\"eael-entry-wrapper\"><header class=\"eael-entry-header\"><h2 class=\"eael-entry-title\"><a class=\"eael-grid-post-link\" href=\"https:\/\/soymigrante.com\/revista\/abogada-guatemalteca-ana-gabriela-urizar-orienta-defiende-y-dignifica-a-migrantes-hispanos\/\" title=\"Abogada guatemalteca Ana Gabriela Ur\u00edzar orienta, defiende y dignifica a migrantes hispanos\">Abogada guatemalteca Ana Gabriela Ur\u00edzar orienta, defiende y dignifica a migrantes hispanos<\/a><\/h2><\/header><div class=\"eael-entry-content\">\n                        <div class=\"eael-grid-post-excerpt\"><a href=\"https:\/\/soymigrante.com\/revista\/abogada-guatemalteca-ana-gabriela-urizar-orienta-defiende-y-dignifica-a-migrantes-hispanos\/\" class=\"eael-post-elements-readmore-btn\">CONOCE SU HISTORIA <\/a><\/div>\n                    <\/div><\/div><\/div>\n        <\/div>\n    <\/article><article class=\"eael-grid-post  eael-post-grid-column eael-pg-post-33014 category-exitos-guatemala\" data-id=\"33014\">\n        <div class=\"eael-grid-post-holder\">\n            <div class=\"eael-grid-post-holder-inner\"><div class=\"eael-entry-media\"><div class=\"eael-entry-overlay fade-in\"><i class=\"far fa-hand-pointer\" aria-hidden=\"true\"><\/i><a href=\"https:\/\/soymigrante.com\/revista\/artista-guatemalteca-sharley-rodriguez-vive-para-crear-y-crea-para-inspirar-en-nashville-tennessee\/\"><\/a><\/div><div class=\"eael-entry-thumbnail \">\n                <img loading=\"lazy\" decoding=\"async\" width=\"1024\" height=\"1024\" src=\"https:\/\/soymigrante.com\/revista\/wp-content\/uploads\/2025\/05\/shirley-rodriguez-pintora-guatemalteca-tennessee-cuadrada-1024x1024.jpg\" class=\"attachment-large size-large wp-image-33015\" alt=\"Coj\u00edn de piel con pintura art\u00edstica que representa la cultura y paisajes de M\u00e9xico, con tem\u00e1tica de migrantes y ra\u00edces mexicanas.\" srcset=\"https:\/\/soymigrante.com\/revista\/wp-content\/uploads\/2025\/05\/shirley-rodriguez-pintora-guatemalteca-tennessee-cuadrada-1024x1024.jpg 1024w, https:\/\/soymigrante.com\/revista\/wp-content\/uploads\/2025\/05\/shirley-rodriguez-pintora-guatemalteca-tennessee-cuadrada-300x300.jpg 300w, https:\/\/soymigrante.com\/revista\/wp-content\/uploads\/2025\/05\/shirley-rodriguez-pintora-guatemalteca-tennessee-cuadrada-150x150.jpg 150w, https:\/\/soymigrante.com\/revista\/wp-content\/uploads\/2025\/05\/shirley-rodriguez-pintora-guatemalteca-tennessee-cuadrada-768x768.jpg 768w, https:\/\/soymigrante.com\/revista\/wp-content\/uploads\/2025\/05\/shirley-rodriguez-pintora-guatemalteca-tennessee-cuadrada-75x75.webp 75w, https:\/\/soymigrante.com\/revista\/wp-content\/uploads\/2025\/05\/shirley-rodriguez-pintora-guatemalteca-tennessee-cuadrada-750x750.webp 750w, https:\/\/soymigrante.com\/revista\/wp-content\/uploads\/2025\/05\/shirley-rodriguez-pintora-guatemalteca-tennessee-cuadrada.webp 1094w\" sizes=\"(max-width: 1024px) 100vw, 1024px\" \/>\n            <\/div>\n        <\/div><div class=\"eael-entry-wrapper\"><header class=\"eael-entry-header\"><h2 class=\"eael-entry-title\"><a class=\"eael-grid-post-link\" href=\"https:\/\/soymigrante.com\/revista\/artista-guatemalteca-sharley-rodriguez-vive-para-crear-y-crea-para-inspirar-en-nashville-tennessee\/\" title=\"Artista guatemalteca Sharley Rodr\u00edguez vive para crear y crea para inspirar en Nashville, Tennessee\">Artista guatemalteca Sharley Rodr\u00edguez vive para crear y crea para inspirar en Nashville, Tennessee<\/a><\/h2><\/header><div class=\"eael-entry-content\">\n                        <div class=\"eael-grid-post-excerpt\"><a href=\"https:\/\/soymigrante.com\/revista\/artista-guatemalteca-sharley-rodriguez-vive-para-crear-y-crea-para-inspirar-en-nashville-tennessee\/\" class=\"eael-post-elements-readmore-btn\">CONOCE SU HISTORIA <\/a><\/div>\n                    <\/div><\/div><\/div>\n        <\/div>\n    <\/article><article class=\"eael-grid-post  eael-post-grid-column eael-pg-post-2709 category-exitos\" data-id=\"2709\">\n        <div class=\"eael-grid-post-holder\">\n            <div class=\"eael-grid-post-holder-inner\"><div class=\"eael-entry-media\"><div class=\"eael-entry-overlay fade-in\"><i class=\"far fa-hand-pointer\" aria-hidden=\"true\"><\/i><a href=\"https:\/\/soymigrante.com\/revista\/migrante-guatemalteca-claudia-hernandez-dignifica-a-la-mujer\/\"><\/a><\/div><div class=\"eael-entry-thumbnail \">\n                <img loading=\"lazy\" decoding=\"async\" width=\"1024\" height=\"660\" src=\"https:\/\/soymigrante.com\/revista\/wp-content\/uploads\/2023\/09\/clau-hern-1024x660.webp\" class=\"attachment-large size-large wp-image-2886\" alt=\"Claudia D. Hern\u00e1ndez, migrante y escritora guatemalteca.\" srcset=\"https:\/\/soymigrante.com\/revista\/wp-content\/uploads\/2023\/09\/clau-hern-1024x660.webp 1024w, https:\/\/soymigrante.com\/revista\/wp-content\/uploads\/2023\/09\/clau-hern-300x193.webp 300w, https:\/\/soymigrante.com\/revista\/wp-content\/uploads\/2023\/09\/clau-hern-768x495.webp 768w, https:\/\/soymigrante.com\/revista\/wp-content\/uploads\/2023\/09\/clau-hern-750x483.webp 750w, https:\/\/soymigrante.com\/revista\/wp-content\/uploads\/2023\/09\/clau-hern-1140x735.webp 1140w, https:\/\/soymigrante.com\/revista\/wp-content\/uploads\/2023\/09\/clau-hern.webp 1187w\" sizes=\"(max-width: 1024px) 100vw, 1024px\" \/>\n            <\/div>\n        <\/div><div class=\"eael-entry-wrapper\"><header class=\"eael-entry-header\"><h2 class=\"eael-entry-title\"><a class=\"eael-grid-post-link\" href=\"https:\/\/soymigrante.com\/revista\/migrante-guatemalteca-claudia-hernandez-dignifica-a-la-mujer\/\" title=\"Migrante guatemalteca Claudia D. Hern\u00e1ndez  dignifica a las mujeres con arte y poes\u00eda\">Migrante guatemalteca Claudia D. Hern\u00e1ndez  dignifica a las mujeres con arte y poes\u00eda<\/a><\/h2><\/header><div class=\"eael-entry-content\">\n                        <div class=\"eael-grid-post-excerpt\"><a href=\"https:\/\/soymigrante.com\/revista\/migrante-guatemalteca-claudia-hernandez-dignifica-a-la-mujer\/\" class=\"eael-post-elements-readmore-btn\">CONOCE SU HISTORIA <\/a><\/div>\n                    <\/div><\/div><\/div>\n        <\/div>\n    <\/article><\/div>\n            <div class=\"clearfix\"><\/div>\n        <\/div>\t\t\t\t<\/div>\n\t\t\t\t\t<\/div>\n\t\t\t\t<\/div>\n\t\t\t\t<\/div>\n\t\t","protected":false},"excerpt":{"rendered":"<p>Mar\u00eda \u00c1lvarez crea contenido sobre su vida cotidiana como madre, esposa, trabajadora y migrante guatemalteca en Nueva Jersey, USA: convierte la rutina en una secuencia extraordinaria de instantes. Mar\u00eda \u00c1lvarez convierte a diario lo ordinario en extraordinario, la rutina en sorpresa: refleja a trav\u00e9s de videos en Tiktok e Instagram sus vivencias como\u00a0 madre, esposa, [&hellip;]<\/p>\n","protected":false},"author":7,"featured_media":39340,"comment_status":"open","ping_status":"open","sticky":false,"template":"","format":"standard","meta":{"_acf_changed":false,"_eb_attr":"","footnotes":""},"categories":[50,274],"tags":[],"class_list":["post-39339","post","type-post","status-publish","format-standard","has-post-thumbnail","hentry","category-exitos","category-guatemala"],"acf":[],"aioseo_notices":[],"aioseo_head":"\n\t\t<!-- All in One SEO Pro 4.9.6.2 - aioseo.com -->\n\t<meta name=\"description\" content=\"Claudia D. Hern\u00e1ndez migrante guatemalteca autora del libro Tejiendo la niebla relata la su experiencia tras migrar junto a su madre y vivir una etapa de violencia dom\u00e9stica\" \/>\n\t<meta name=\"robots\" content=\"max-snippet:-1, max-image-preview:large, max-video-preview:-1\" \/>\n\t<meta name=\"author\" content=\"Diana Batz\"\/>\n\t<link rel=\"canonical\" href=\"https:\/\/soymigrante.com\/revista\/migrante-guatemalteca-claudia-hernandez-dignifica-a-la-mujer\/\" \/>\n\t<meta name=\"generator\" content=\"All in One SEO Pro (AIOSEO) 4.9.6.2\" \/>\n\n\t\t<link rel=\"preconnect\" href=\"https:\/\/fonts.googleapis.com\" crossorigin>\n<link rel=\"preconnect\" href=\"https:\/\/fonts.gstatic.com\" crossorigin>\n\t\t<meta property=\"og:locale\" content=\"es_ES\" \/>\n\t\t<meta property=\"og:site_name\" content=\"SoyMigrante.com REVISTA \u2013 Nuestra misi\u00f3n es reconocer y dignificar al migrante.\" \/>\n\t\t<meta property=\"og:type\" content=\"article\" \/>\n\t\t<meta property=\"og:title\" content=\"Migrante guatemalteca Claudia D. Hern\u00e1ndez dignifica a las mujeres con arte y poes\u00eda\" \/>\n\t\t<meta property=\"og:description\" content=\"Claudia D. Hern\u00e1ndez migrante guatemalteca autora del libro Tejiendo la niebla relata la su experiencia tras migrar junto a su madre y vivir una etapa de violencia dom\u00e9stica\" \/>\n\t\t<meta property=\"og:url\" content=\"https:\/\/soymigrante.com\/revista\/migrante-guatemalteca-claudia-hernandez-dignifica-a-la-mujer\/\" \/>\n\t\t<meta property=\"og:image\" content=\"https:\/\/soymigrante.com\/revista\/wp-content\/uploads\/2023\/09\/clau-hern.webp\" \/>\n\t\t<meta property=\"og:image:secure_url\" content=\"https:\/\/soymigrante.com\/revista\/wp-content\/uploads\/2023\/09\/clau-hern.webp\" \/>\n\t\t<meta property=\"og:image:width\" content=\"1187\" \/>\n\t\t<meta property=\"og:image:height\" content=\"765\" \/>\n\t\t<meta property=\"article:published_time\" content=\"2023-10-09T19:40:11+00:00\" \/>\n\t\t<meta property=\"article:modified_time\" content=\"2024-07-31T03:51:23+00:00\" \/>\n\t\t<meta property=\"article:publisher\" content=\"https:\/\/www.facebook.com\/soymigrantecom\" \/>\n\t\t<meta name=\"twitter:card\" content=\"summary_large_image\" \/>\n\t\t<meta name=\"twitter:site\" content=\"@SoyMigrante_com\" \/>\n\t\t<meta name=\"twitter:title\" content=\"Migrante guatemalteca Claudia D. Hern\u00e1ndez dignifica a las mujeres con arte y poes\u00eda\" \/>\n\t\t<meta name=\"twitter:description\" content=\"Claudia D. Hern\u00e1ndez migrante guatemalteca autora del libro Tejiendo la niebla relata la su experiencia tras migrar junto a su madre y vivir una etapa de violencia dom\u00e9stica\" \/>\n\t\t<meta name=\"twitter:creator\" content=\"@SoyMigrante_com\" \/>\n\t\t<meta name=\"twitter:image\" content=\"https:\/\/soymigrante.com\/revista\/wp-content\/uploads\/2023\/09\/clau-hern.webp\" \/>\n\t\t<!-- All in One SEO Pro -->\r\n\t\t<title>Migrante guatemalteca Claudia D. Hern\u00e1ndez dignifica a las mujeres con arte y poes\u00eda<\/title>\n\n","aioseo_head_json":{"title":"Migrante guatemalteca Claudia D. Hern\u00e1ndez dignifica a las mujeres con arte y poes\u00eda","description":"Claudia D. Hern\u00e1ndez migrante guatemalteca autora del libro Tejiendo la niebla relata la su experiencia tras migrar junto a su madre y vivir una etapa de violencia dom\u00e9stica","canonical_url":"https:\/\/soymigrante.com\/revista\/migrante-guatemalteca-claudia-hernandez-dignifica-a-la-mujer\/","robots":"max-snippet:-1, max-image-preview:large, max-video-preview:-1","keywords":"","webmasterTools":{"miscellaneous":"&lt;link rel=\"preconnect\" href=\"https:\/\/fonts.googleapis.com\" crossorigin&gt;\n&lt;link rel=\"preconnect\" href=\"https:\/\/fonts.gstatic.com\" crossorigin&gt;"},"schema":null,"og:locale":"es_ES","og:site_name":"SoyMigrante.com REVISTA \u2013 Nuestra misi\u00f3n es reconocer y dignificar al migrante.","og:type":"article","og:title":"Migrante guatemalteca Claudia D. Hern\u00e1ndez dignifica a las mujeres con arte y poes\u00eda","og:description":"Claudia D. Hern\u00e1ndez migrante guatemalteca autora del libro Tejiendo la niebla relata la su experiencia tras migrar junto a su madre y vivir una etapa de violencia dom\u00e9stica","og:url":"https:\/\/soymigrante.com\/revista\/migrante-guatemalteca-claudia-hernandez-dignifica-a-la-mujer\/","og:image":"https:\/\/soymigrante.com\/revista\/wp-content\/uploads\/2023\/09\/clau-hern.webp","og:image:secure_url":"https:\/\/soymigrante.com\/revista\/wp-content\/uploads\/2023\/09\/clau-hern.webp","og:image:width":1187,"og:image:height":765,"article:published_time":"2023-10-09T19:40:11+00:00","article:modified_time":"2024-07-31T03:51:23+00:00","article:publisher":"https:\/\/www.facebook.com\/soymigrantecom","twitter:card":"summary_large_image","twitter:site":"@SoyMigrante_com","twitter:title":"Migrante guatemalteca Claudia D. Hern\u00e1ndez dignifica a las mujeres con arte y poes\u00eda","twitter:description":"Claudia D. Hern\u00e1ndez migrante guatemalteca autora del libro Tejiendo la niebla relata la su experiencia tras migrar junto a su madre y vivir una etapa de violencia dom\u00e9stica","twitter:creator":"@SoyMigrante_com","twitter:image":"https:\/\/soymigrante.com\/revista\/wp-content\/uploads\/2023\/09\/clau-hern.webp"},"aioseo_meta_data":{"post_id":"39339","title":"Marillita Alvarez: madre, migrante y tiktoker en New Jersey","description":"Mar\u00eda Alvarez, originaria de Nueva Santa Rosa muestra cada video lo extraordinario de la vida como madre, esposa, trabajadora y migrante en Nueva Jersey.","keywords":null,"keyphrases":{"focus":{"keyphrase":"Migrante","score":78,"analysis":{"keyphraseInTitle":{"score":9,"maxScore":9,"error":0},"keyphraseInDescription":{"score":9,"maxScore":9,"error":0},"keyphraseLength":{"score":9,"maxScore":9,"error":0,"length":1},"keyphraseInURL":{"score":5,"maxScore":5,"error":0},"keyphraseInIntroduction":{"score":9,"maxScore":9,"error":0},"keyphraseInSubHeadings":{"score":3,"maxScore":9,"error":1},"keyphraseInImageAlt":{"score":9,"maxScore":9,"error":0},"keywordDensity":{"score":0,"type":"low","maxScore":9,"error":1}}},"additional":[{"keyphrase":"Mar\u00eda","score":100,"analysis":{"keyphraseInDescription":{"score":9,"maxScore":9,"error":0},"keyphraseLength":{"score":9,"maxScore":9,"error":0,"length":2},"keyphraseInIntroduction":{"score":9,"maxScore":9,"error":0},"keyphraseInImageAlt":{"score":9,"maxScore":9,"error":0},"keywordDensity":{"type":"best","score":9,"maxScore":9,"error":0}}},{"keyphrase":"Nueva Jersey","score":67,"analysis":{"keyphraseInDescription":{"score":9,"maxScore":9,"error":0},"keyphraseLength":{"score":9,"maxScore":9,"error":0,"length":2},"keyphraseInIntroduction":{"score":9,"maxScore":9,"error":0},"keyphraseInImageAlt":{"score":3,"maxScore":9,"error":1},"keywordDensity":{"score":0,"type":"low","maxScore":9,"error":1}}},{"keyphrase":"Guatemalteca","score":87,"analysis":{"keyphraseInDescription":{"score":3,"maxScore":9,"error":1},"keyphraseLength":{"score":9,"maxScore":9,"error":0,"length":1},"keyphraseInIntroduction":{"score":9,"maxScore":9,"error":0},"keyphraseInImageAlt":{"score":9,"maxScore":9,"error":0},"keywordDensity":{"type":"best","score":9,"maxScore":9,"error":0}}}]},"primary_term":null,"canonical_url":null,"og_title":null,"og_description":null,"og_object_type":"default","og_image_type":"default","og_image_url":null,"og_image_width":null,"og_image_height":null,"og_image_custom_url":null,"og_image_custom_fields":null,"og_video":"","og_custom_url":null,"og_article_section":null,"og_article_tags":null,"twitter_use_og":false,"twitter_card":"default","twitter_image_type":"default","twitter_image_url":null,"twitter_image_custom_url":null,"twitter_image_custom_fields":null,"twitter_title":null,"twitter_description":null,"schema":{"blockGraphs":[],"customGraphs":[],"default":{"data":{"Article":[],"Course":[],"Dataset":[],"FAQPage":[],"Movie":[],"Person":[],"Product":[],"ProductReview":[],"Car":[],"Recipe":[],"Service":[],"SoftwareApplication":[],"WebPage":[]},"graphName":"none","isEnabled":true},"graphs":[]},"schema_type":"default","schema_type_options":null,"pillar_content":false,"robots_default":true,"robots_noindex":false,"robots_noarchive":false,"robots_nosnippet":false,"robots_nofollow":false,"robots_noimageindex":false,"robots_noodp":false,"robots_notranslate":false,"robots_max_snippet":"-1","robots_max_videopreview":"-1","robots_max_imagepreview":"large","priority":null,"frequency":"default","local_seo":null,"seo_analyzer_scan_date":"2025-10-09 06:51:33","breadcrumb_settings":null,"limit_modified_date":false,"reviewed_by":"0","open_ai":null,"ai":{"faqs":[],"keyPoints":[],"titles":[],"descriptions":[],"socialPosts":{"email":[],"linkedin":[],"twitter":[],"facebook":[],"instagram":[]}},"created":"2025-07-14 19:41:58","updated":"2026-02-05 02:59:25"},"aioseo_breadcrumb":"<div class=\"aioseo-breadcrumbs\"><span class=\"aioseo-breadcrumb\">\n\t<a href=\"https:\/\/soymigrante.com\/revista\" title=\"Home\">Home<\/a>\n<\/span><span class=\"aioseo-breadcrumb-separator\">\u00bb<\/span><span class=\"aioseo-breadcrumb\">\n\t<a href=\"https:\/\/soymigrante.com\/revista\/category\/exitos\/\" title=\"\u00c9xitos\">\u00c9xitos<\/a>\n<\/span><span class=\"aioseo-breadcrumb-separator\">\u00bb<\/span><span class=\"aioseo-breadcrumb\">\n\t<a href=\"https:\/\/soymigrante.com\/revista\/category\/exitos\/guatemala\/\" title=\"Guatemala\">Guatemala<\/a>\n<\/span><span class=\"aioseo-breadcrumb-separator\">\u00bb<\/span><span class=\"aioseo-breadcrumb\">\n\tDe Nueva Santa Rosa a Nueva Jersey: Marillita \u00c1lvarez, migrante, esposa, madre y tiktoker\n<\/span><\/div>","aioseo_breadcrumb_json":[{"label":"Home","link":"https:\/\/soymigrante.com\/revista"},{"label":"\u00c9xitos","link":"https:\/\/soymigrante.com\/revista\/category\/exitos\/"},{"label":"Guatemala","link":"https:\/\/soymigrante.com\/revista\/category\/exitos\/guatemala\/"},{"label":"De Nueva Santa Rosa a Nueva Jersey: Marillita \u00c1lvarez, migrante, esposa, madre y tiktoker","link":"https:\/\/soymigrante.com\/revista\/de-nueva-santa-rosa-a-nueva-jersey-marillita-alvarez-migrante-esposa-madre-y-tiktoker\/"}],"_links":{"self":[{"href":"https:\/\/soymigrante.com\/revista\/wp-json\/wp\/v2\/posts\/39339","targetHints":{"allow":["GET"]}}],"collection":[{"href":"https:\/\/soymigrante.com\/revista\/wp-json\/wp\/v2\/posts"}],"about":[{"href":"https:\/\/soymigrante.com\/revista\/wp-json\/wp\/v2\/types\/post"}],"author":[{"embeddable":true,"href":"https:\/\/soymigrante.com\/revista\/wp-json\/wp\/v2\/users\/7"}],"replies":[{"embeddable":true,"href":"https:\/\/soymigrante.com\/revista\/wp-json\/wp\/v2\/comments?post=39339"}],"version-history":[{"count":29,"href":"https:\/\/soymigrante.com\/revista\/wp-json\/wp\/v2\/posts\/39339\/revisions"}],"predecessor-version":[{"id":46672,"href":"https:\/\/soymigrante.com\/revista\/wp-json\/wp\/v2\/posts\/39339\/revisions\/46672"}],"wp:featuredmedia":[{"embeddable":true,"href":"https:\/\/soymigrante.com\/revista\/wp-json\/wp\/v2\/media\/39340"}],"wp:attachment":[{"href":"https:\/\/soymigrante.com\/revista\/wp-json\/wp\/v2\/media?parent=39339"}],"wp:term":[{"taxonomy":"category","embeddable":true,"href":"https:\/\/soymigrante.com\/revista\/wp-json\/wp\/v2\/categories?post=39339"},{"taxonomy":"post_tag","embeddable":true,"href":"https:\/\/soymigrante.com\/revista\/wp-json\/wp\/v2\/tags?post=39339"}],"curies":[{"name":"wp","href":"https:\/\/api.w.org\/{rel}","templated":true}]}}