{"id":39316,"date":"2025-07-15T04:03:00","date_gmt":"2025-07-15T10:03:00","guid":{"rendered":"https:\/\/soymigrante.com\/revista\/?p=39316"},"modified":"2025-07-14T23:06:27","modified_gmt":"2025-07-15T05:06:27","slug":"fotografa-guatemalteca-quinceanera-alaska-glaciar-rocio-chavarria","status":"publish","type":"post","link":"https:\/\/soymigrante.com\/revista\/fotografa-guatemalteca-quinceanera-alaska-glaciar-rocio-chavarria\/","title":{"rendered":"Incre\u00edble sesi\u00f3n fotogr\u00e1fica de quincea\u00f1era guatemalteca en glaciar de Alaska"},"content":{"rendered":"\t\t<div data-elementor-type=\"wp-post\" data-elementor-id=\"39316\" class=\"elementor elementor-39316\" data-elementor-post-type=\"post\">\n\t\t\t\t<div data-particle_enable=\"false\" data-particle-mobile-disabled=\"false\" class=\"elementor-element elementor-element-94eae8d e-flex e-con-boxed e-con e-parent\" data-id=\"94eae8d\" data-element_type=\"container\" data-e-type=\"container\">\n\t\t\t\t\t<div class=\"e-con-inner\">\n\t\t\t\t<div class=\"elementor-element elementor-element-0b722bc elementor-widget elementor-widget-heading\" data-id=\"0b722bc\" data-element_type=\"widget\" data-e-type=\"widget\" data-widget_type=\"heading.default\">\n\t\t\t\t\t<h2 class=\"elementor-heading-title elementor-size-default\">La fot\u00f3grafa guatemalteca Roc\u00edo Chavarr\u00eda, originaria de Cob\u00e1n, Alta Verapaz,  hizo realidad un gran sue\u00f1o de su hija: lucir su vestido de 15 a\u00f1os en una sesi\u00f3n en la g\u00e9lida Alaska.\n<\/h2>\t\t\t\t<\/div>\n\t\t\t\t\t<\/div>\n\t\t\t\t<\/div>\n\t\t<div data-particle_enable=\"false\" data-particle-mobile-disabled=\"false\" class=\"elementor-element elementor-element-4e61869 e-flex e-con-boxed e-con e-parent\" data-id=\"4e61869\" data-element_type=\"container\" data-e-type=\"container\">\n\t\t\t\t\t<div class=\"e-con-inner\">\n\t\t\t\t<div class=\"elementor-element elementor-element-02d2acf elementor-widget elementor-widget-text-editor\" data-id=\"02d2acf\" data-element_type=\"widget\" data-e-type=\"widget\" data-widget_type=\"text-editor.default\">\n\t\t\t\t\t\t\t\t\t<p>El amor por Guatemala y la fotograf\u00eda se unieron en uno de los momentos m\u00e1s emotivos en la vida de Roc\u00edo Chavarr\u00eda, una fot\u00f3grafa guatemalteca <a href=\"https:\/\/soymigrante.com\/revista\/departamentos-de-guatemala-alta-verapaz-mosaico-cultural-y-natural\/\" target=\"_blank\" rel=\"noopener\">radicada en Cob\u00e1n, Alta Verapaz.<\/a> Con 14 a\u00f1os de experiencia en capturar emociones, decidi\u00f3 sorprender a su hija Pauli con una sesi\u00f3n de fotos de 15 a\u00f1os en un lugar poco com\u00fan: el glaciar Knik, en Alaska.<\/p><p>\u201c<em>A donde quiera que vayamos siempre llevamos algo de Guatemala. Soy guatemalteca, cobanera, pero siempre trato de llevar a Guatemala<\/em>\u201d, afirma con orgullo Roc\u00edo en entrevista con SoyMigrante.com<\/p><p>Su hija, a punto de cumplir los 15, ten\u00eda un anhelo claro: ser fotografiada con su vestido azul en un escenario nieve. So\u00f1aba con un escenario m\u00e1gico, \u00fanico, y tras buscar opciones, encontraron Anchorage, Alaska, como destino perfecto y al glaciar Knik como el lugar perfecto para la sesi\u00f3n.<\/p>\t\t\t\t\t\t\t\t<\/div>\n\t\t\t\t\t<\/div>\n\t\t\t\t<\/div>\n\t\t<div data-particle_enable=\"false\" data-particle-mobile-disabled=\"false\" class=\"elementor-element elementor-element-03f46fa e-flex e-con-boxed e-con e-parent\" data-id=\"03f46fa\" data-element_type=\"container\" data-e-type=\"container\">\n\t\t\t\t\t<div class=\"e-con-inner\">\n\t\t\t\t<div class=\"elementor-element elementor-element-098bb65 elementor-widget elementor-widget-heading\" data-id=\"098bb65\" data-element_type=\"widget\" data-e-type=\"widget\" data-widget_type=\"heading.default\">\n\t\t\t\t\t<h4 class=\"elementor-heading-title elementor-size-default\">A pesar de la temperatura, fue una sesi\u00f3n fotogr\u00e1fica de ensue\u00f1o<\/h4>\t\t\t\t<\/div>\n\t\t\t\t\t<\/div>\n\t\t\t\t<\/div>\n\t\t<div data-particle_enable=\"false\" data-particle-mobile-disabled=\"false\" class=\"elementor-element elementor-element-f241ee2 e-flex e-con-boxed e-con e-parent\" data-id=\"f241ee2\" data-element_type=\"container\" data-e-type=\"container\">\n\t\t\t\t\t<div class=\"e-con-inner\">\n\t\t\t\t<div class=\"elementor-element elementor-element-4d869e4 elementor-arrows-position-inside elementor-pagination-position-outside elementor-widget elementor-widget-image-carousel\" data-id=\"4d869e4\" data-element_type=\"widget\" data-e-type=\"widget\" data-settings=\"{&quot;slides_to_show&quot;:&quot;1&quot;,&quot;navigation&quot;:&quot;both&quot;,&quot;autoplay&quot;:&quot;yes&quot;,&quot;pause_on_hover&quot;:&quot;yes&quot;,&quot;pause_on_interaction&quot;:&quot;yes&quot;,&quot;autoplay_speed&quot;:5000,&quot;infinite&quot;:&quot;yes&quot;,&quot;effect&quot;:&quot;slide&quot;,&quot;speed&quot;:500}\" data-widget_type=\"image-carousel.default\">\n\t\t\t\t\t\t\t<div class=\"elementor-image-carousel-wrapper swiper\" role=\"region\" aria-roledescription=\"carousel\" aria-label=\"Carrusel de im\u00e1genes\" dir=\"ltr\">\n\t\t\t<div class=\"elementor-image-carousel swiper-wrapper\" aria-live=\"off\">\n\t\t\t\t\t\t\t\t<div class=\"swiper-slide\" role=\"group\" aria-roledescription=\"slide\" aria-label=\"1 de 6\"><figure class=\"swiper-slide-inner\"><img decoding=\"async\" class=\"swiper-slide-image\" src=\"https:\/\/soymigrante.com\/revista\/wp-content\/uploads\/2025\/07\/rocio-chavarria-15-anos-fotografia-1024x683.jpg\" alt=\"Guerrera con vestido azul y bandera de Guatemala en un paisaje de glaciares en Andean Patagonia, con monta\u00f1as nevadas y cielos despejados, celebrando la cultura y la identidad salvadore\u00f1a en un entorno natural impresionante.\" \/><\/figure><\/div><div class=\"swiper-slide\" role=\"group\" aria-roledescription=\"slide\" aria-label=\"2 de 6\"><figure class=\"swiper-slide-inner\"><img decoding=\"async\" class=\"swiper-slide-image\" src=\"https:\/\/soymigrante.com\/revista\/wp-content\/uploads\/2025\/07\/SnapInstato_503638425_18334579987161522_7563247923821017723_n-1024x685.jpg\" alt=\"Hermosa mujer en vestido azul en un paisaje glaciar con nieve y monta\u00f1as, disfrutando del entorno natural; fotograf\u00eda art\u00edstica de moda en paisajes extremos.\" \/><\/figure><\/div><div class=\"swiper-slide\" role=\"group\" aria-roledescription=\"slide\" aria-label=\"3 de 6\"><figure class=\"swiper-slide-inner\"><img decoding=\"async\" class=\"swiper-slide-image\" src=\"https:\/\/soymigrante.com\/revista\/wp-content\/uploads\/2025\/07\/rocio-chavarria-fotografa-quinceanera-alaska-4-1024x685.jpg\" alt=\"Nieve y glaciares en un paisaje congelado con una mujer en vestido azul en medio de un entorno natural impresionante.\" \/><\/figure><\/div><div class=\"swiper-slide\" role=\"group\" aria-roledescription=\"slide\" aria-label=\"4 de 6\"><figure class=\"swiper-slide-inner\"><img decoding=\"async\" class=\"swiper-slide-image\" src=\"https:\/\/soymigrante.com\/revista\/wp-content\/uploads\/2025\/07\/SnapInstato_502504971_18334579954161522_8020948166417378339_n-1024x685.jpg\" alt=\"Hermosa mujer en vestido azul en paisaje de hielo y nieve, reflejando belleza y migraci\u00f3n, en la revista SoyMigrante.com Revista.\" \/><\/figure><\/div><div class=\"swiper-slide\" role=\"group\" aria-roledescription=\"slide\" aria-label=\"5 de 6\"><figure class=\"swiper-slide-inner\"><img decoding=\"async\" class=\"swiper-slide-image\" src=\"https:\/\/soymigrante.com\/revista\/wp-content\/uploads\/2025\/07\/rocio-chavarria-fotografa-quinceanera-alaska-5-1024x683.jpg\" alt=\"Desconoce la imagen espec\u00edfica, por lo que no puede proporcionar descripci\u00f3n precisa.\" \/><\/figure><\/div><div class=\"swiper-slide\" role=\"group\" aria-roledescription=\"slide\" aria-label=\"6 de 6\"><figure class=\"swiper-slide-inner\"><img decoding=\"async\" class=\"swiper-slide-image\" src=\"https:\/\/soymigrante.com\/revista\/wp-content\/uploads\/2025\/07\/rocio-chavarria-fotografa-quinceanera-alaska-6-1024x685.jpg\" alt=\"NIEVE, glaciares y paisajes impresionantes en un entorno polar con una mujer vestida con un vestido azul, en un escenario natural de hielo y agua en una expedici\u00f3n glaciar.\" \/><\/figure><\/div>\t\t\t<\/div>\n\t\t\t\t\t\t\t\t\t\t\t\t<div class=\"elementor-swiper-button elementor-swiper-button-prev\" role=\"button\" tabindex=\"0\">\n\t\t\t\t\t\t<i aria-hidden=\"true\" class=\"eicon-chevron-left\"><\/i>\t\t\t\t\t<\/div>\n\t\t\t\t\t<div class=\"elementor-swiper-button elementor-swiper-button-next\" role=\"button\" tabindex=\"0\">\n\t\t\t\t\t\t<i aria-hidden=\"true\" class=\"eicon-chevron-right\"><\/i>\t\t\t\t\t<\/div>\n\t\t\t\t\n\t\t\t\t\t\t\t\t\t<div class=\"swiper-pagination\"><\/div>\n\t\t\t\t\t\t\t\t\t<\/div>\n\t\t\t\t\t\t<\/div>\n\t\t\t\t\t<\/div>\n\t\t\t\t<\/div>\n\t\t<div data-particle_enable=\"false\" data-particle-mobile-disabled=\"false\" class=\"elementor-element elementor-element-0e9470b e-flex e-con-boxed e-con e-parent\" data-id=\"0e9470b\" data-element_type=\"container\" data-e-type=\"container\">\n\t\t\t\t\t<div class=\"e-con-inner\">\n\t\t\t\t<div class=\"elementor-element elementor-element-3415b3a elementor-widget elementor-widget-heading\" data-id=\"3415b3a\" data-element_type=\"widget\" data-e-type=\"widget\" data-widget_type=\"heading.default\">\n\t\t\t\t\t<h3 class=\"elementor-heading-title elementor-size-default\">Una sesi\u00f3n congelada\u2026 pero inolvidable<\/h3>\t\t\t\t<\/div>\n\t\t\t\t\t<\/div>\n\t\t\t\t<\/div>\n\t\t<div data-particle_enable=\"false\" data-particle-mobile-disabled=\"false\" class=\"elementor-element elementor-element-efe4fc5 e-flex e-con-boxed e-con e-parent\" data-id=\"efe4fc5\" data-element_type=\"container\" data-e-type=\"container\">\n\t\t\t\t\t<div class=\"e-con-inner\">\n\t\t\t\t<div class=\"elementor-element elementor-element-485a59f elementor-widget elementor-widget-text-editor\" data-id=\"485a59f\" data-element_type=\"widget\" data-e-type=\"widget\" data-widget_type=\"text-editor.default\">\n\t\t\t\t\t\t\t\t\t<p>El viaje, realizado en mayo, dur\u00f3 solo cinco d\u00edas debido al ciclo escolar. Sin embargo, fue tiempo suficiente para crear un recuerdo inolvidable.<a href=\"https:\/\/soymigrante.com\/revista\/departamentos-de-guatemala-alta-verapaz-mosaico-cultural-y-natural\/\" target=\"_blank\" rel=\"noopener\"> La fot\u00f3grafa recuerda que les pidieron llevar varias capas de ropa por el fr\u00edo extremo. Aun as\u00ed, la emoci\u00f3n super\u00f3 el clima.<\/a><\/p><p>\u201cLa sesi\u00f3n fue de 45 minutos. Hac\u00eda mucho fr\u00edo, pero no lo sentimos tanto, est\u00e1bamos m\u00e1s enfocados en la aventura. Al verla feliz, sab\u00edamos que est\u00e1bamos en un lugar impresionante\u201d.<\/p><p>Adem\u00e1s del vestido de quincea\u00f1era, en la sesi\u00f3n de fotos brill\u00f3 una pieza creada por\u00a0<a href=\"https:\/\/isabellaspringmuhl.com\/\" target=\"_blank\" rel=\"noopener\">Isabella Springmuhl<\/a>.\u00a0Fue un detalle contrastante y muy guatemalteco enmedio del panorama helado.<\/p>\t\t\t\t\t\t\t\t<\/div>\n\t\t\t\t\t<\/div>\n\t\t\t\t<\/div>\n\t\t<div data-particle_enable=\"false\" data-particle-mobile-disabled=\"false\" class=\"elementor-element elementor-element-39bdc1a e-flex e-con-boxed e-con e-parent\" data-id=\"39bdc1a\" data-element_type=\"container\" data-e-type=\"container\">\n\t\t\t\t\t<div class=\"e-con-inner\">\n\t\t\t\t<div class=\"elementor-element elementor-element-047dfd9 elementor-widget elementor-widget-image\" data-id=\"047dfd9\" data-element_type=\"widget\" data-e-type=\"widget\" data-widget_type=\"image.default\">\n\t\t\t\t\t\t\t\t\t\t\t\t<figure class=\"wp-caption\">\n\t\t\t\t\t\t\t\t\t\t<img fetchpriority=\"high\" decoding=\"async\" width=\"768\" height=\"512\" src=\"https:\/\/soymigrante.com\/revista\/wp-content\/uploads\/2025\/07\/rocio-chavarria-fotografa-quinceanera-alaska-1-1024x683.jpg\" class=\"attachment-large size-large wp-image-39420\" alt=\"Bailarina con poncho tradicional en paisaje glacial, cultura y turismo en Latinoam\u00e9rica, promoviendo el orgullo cultural y el comercio solidario en la comunidad migrante.\" srcset=\"https:\/\/soymigrante.com\/revista\/wp-content\/uploads\/2025\/07\/rocio-chavarria-fotografa-quinceanera-alaska-1-1024x683.jpg 1024w, https:\/\/soymigrante.com\/revista\/wp-content\/uploads\/2025\/07\/rocio-chavarria-fotografa-quinceanera-alaska-1-300x200.jpg 300w, https:\/\/soymigrante.com\/revista\/wp-content\/uploads\/2025\/07\/rocio-chavarria-fotografa-quinceanera-alaska-1-768x512.jpg 768w, https:\/\/soymigrante.com\/revista\/wp-content\/uploads\/2025\/07\/rocio-chavarria-fotografa-quinceanera-alaska-1-750x500.webp 750w, https:\/\/soymigrante.com\/revista\/wp-content\/uploads\/2025\/07\/rocio-chavarria-fotografa-quinceanera-alaska-1.webp 1080w\" sizes=\"(max-width: 768px) 100vw, 768px\" title=\"&quot;Cuando imaginamos esta sesi\u00f3n en Alaska, sab\u00edamos que ser\u00eda algo inolvidable\u2026 pero no solo por el paisaje. Como Guatemaltecas siempre llevamos nuestro pa\u00eds a donde quiera que vayamos. Entre las maletas que cruzaron fronteras, iba una pieza \u00fanica, creada por @downtoxjabelle_ , hecha con tela t\u00edpica guatemalteca, tejida a mano, cargada de historia. En medio del hielo, rodeada de monta\u00f1as heladas, ese pedazo de Guatemala cobr\u00f3 un nuevo significado No fue solo un accesorio: fue identidad. Fue abrigo. Fue s\u00edmbolo, Fue ra\u00edz.&quot; \u2013 SoyMigrante.com REVISTA\" \/>\t\t\t\t\t\t\t\t\t\t\t<figcaption class=\"widget-image-caption wp-caption-text\">Paisaje de glaciares con mujer con poncho colorido latinoamericana, cultura y turismo en Latinoam\u00e9rica, decorando la comunidad migrante, promoviendo el orgullo cultural y el comercio solidario.<\/figcaption>\n\t\t\t\t\t\t\t\t\t\t<\/figure>\n\t\t\t\t\t\t\t\t\t<\/div>\n\t\t\t\t\t<\/div>\n\t\t\t\t<\/div>\n\t\t<div data-particle_enable=\"false\" data-particle-mobile-disabled=\"false\" class=\"elementor-element elementor-element-ef6bebf e-flex e-con-boxed e-con e-parent\" data-id=\"ef6bebf\" data-element_type=\"container\" data-e-type=\"container\">\n\t\t\t\t\t<div class=\"e-con-inner\">\n\t\t\t\t<div class=\"elementor-element elementor-element-e365873 elementor-widget elementor-widget-heading\" data-id=\"e365873\" data-element_type=\"widget\" data-e-type=\"widget\" data-widget_type=\"heading.default\">\n\t\t\t\t\t<h3 class=\"elementor-heading-title elementor-size-default\">Tradici\u00f3n con identidad guatemalteca<\/h3>\t\t\t\t<\/div>\n\t\t\t\t\t<\/div>\n\t\t\t\t<\/div>\n\t\t<div data-particle_enable=\"false\" data-particle-mobile-disabled=\"false\" class=\"elementor-element elementor-element-dbd5851 e-flex e-con-boxed e-con e-parent\" data-id=\"dbd5851\" data-element_type=\"container\" data-e-type=\"container\">\n\t\t\t\t\t<div class=\"e-con-inner\">\n\t\t\t\t<div class=\"elementor-element elementor-element-98db995 elementor-widget elementor-widget-text-editor\" data-id=\"98db995\" data-element_type=\"widget\" data-e-type=\"widget\" data-widget_type=\"text-editor.default\">\n\t\t\t\t\t\t\t\t\t<p>Para Roc\u00edo, esta experiencia fue tambi\u00e9n una forma de honrar las tradiciones guatemaltecas desde una mirada moderna:<\/p><p>\u201c<em>Este es el sue\u00f1o de los 15 a\u00f1os, que es una tradici\u00f3n muy guatemalteca. Pensamos en salir de viaje a hacer las fotos, no solo por lo que vimos, sino por lo que compartimos<\/em>\u201d.<\/p><p>Las im\u00e1genes tardaron en salir, cuenta la fot\u00f3grafa,<a href=\"https:\/\/soymigrante.com\/revista\/departamentos-de-guatemala-alta-verapaz-mosaico-cultural-y-natural\/\" target=\"_blank\" rel=\"noopener\"> porque se tom\u00f3 el tiempo necesario para procesarlas con el detalle y cari\u00f1o que caracteriza su trabajo.<\/a><\/p>\t\t\t\t\t\t\t\t<\/div>\n\t\t\t\t\t<\/div>\n\t\t\t\t<\/div>\n\t\t<div data-particle_enable=\"false\" data-particle-mobile-disabled=\"false\" class=\"elementor-element elementor-element-9226750 e-flex e-con-boxed e-con e-parent\" data-id=\"9226750\" data-element_type=\"container\" data-e-type=\"container\">\n\t\t\t\t\t<div class=\"e-con-inner\">\n\t\t\t\t<div class=\"elementor-element elementor-element-7f45199 elementor-widget elementor-widget-heading\" data-id=\"7f45199\" data-element_type=\"widget\" data-e-type=\"widget\" data-widget_type=\"heading.default\">\n\t\t\t\t\t<h3 class=\"elementor-heading-title elementor-size-default\">El trabajo de Roc\u00edo es creativo, fresco y muy aut\u00e9ntico<\/h3>\t\t\t\t<\/div>\n\t\t\t\t\t<\/div>\n\t\t\t\t<\/div>\n\t\t<div data-particle_enable=\"false\" data-particle-mobile-disabled=\"false\" class=\"elementor-element elementor-element-fdf7dac e-flex e-con-boxed e-con e-parent\" data-id=\"fdf7dac\" data-element_type=\"container\" data-e-type=\"container\">\n\t\t\t\t\t<div class=\"e-con-inner\">\n\t\t\t\t<div class=\"elementor-element elementor-element-63068c6 elementor-widget elementor-widget-html\" data-id=\"63068c6\" data-element_type=\"widget\" data-e-type=\"widget\" data-widget_type=\"html.default\">\n\t\t\t\t\t<iframe src=\"https:\/\/www.facebook.com\/plugins\/video.php?height=476&href=https%3A%2F%2Fwww.facebook.com%2Frociochavarriaphotography%2Fvideos%2F9196250060466608%2F&show_text=true&width=267&t=0\" width=\"267\" height=\"591\" style=\"border:none;overflow:hidden\" scrolling=\"no\" frameborder=\"0\" allowfullscreen=\"true\" allow=\"autoplay; clipboard-write; encrypted-media; picture-in-picture; web-share\" allowFullScreen=\"true\"><\/iframe>\t\t\t\t<\/div>\n\t\t\t\t\t<\/div>\n\t\t\t\t<\/div>\n\t\t<div data-particle_enable=\"false\" data-particle-mobile-disabled=\"false\" class=\"elementor-element elementor-element-0154668 e-flex e-con-boxed e-con e-parent\" data-id=\"0154668\" data-element_type=\"container\" data-e-type=\"container\">\n\t\t\t\t\t<div class=\"e-con-inner\">\n\t\t\t\t<div class=\"elementor-element elementor-element-66e0159 elementor-widget elementor-widget-heading\" data-id=\"66e0159\" data-element_type=\"widget\" data-e-type=\"widget\" data-widget_type=\"heading.default\">\n\t\t\t\t\t<h3 class=\"elementor-heading-title elementor-size-default\">La pasi\u00f3n que comenz\u00f3 con un regalo<\/h3>\t\t\t\t<\/div>\n\t\t\t\t\t<\/div>\n\t\t\t\t<\/div>\n\t\t<div data-particle_enable=\"false\" data-particle-mobile-disabled=\"false\" class=\"elementor-element elementor-element-4177418 e-flex e-con-boxed e-con e-parent\" data-id=\"4177418\" data-element_type=\"container\" data-e-type=\"container\">\n\t\t\t\t\t<div class=\"e-con-inner\">\n\t\t\t\t<div class=\"elementor-element elementor-element-583334b elementor-widget elementor-widget-text-editor\" data-id=\"583334b\" data-element_type=\"widget\" data-e-type=\"widget\" data-widget_type=\"text-editor.default\">\n\t\t\t\t\t\t\t\t\t<p>Roc\u00edo lleva 14 a\u00f1os detr\u00e1s del lente. Su pasi\u00f3n por la fotograf\u00eda naci\u00f3 cuando su esposo le regal\u00f3 su primera c\u00e1mara. Desde entonces, ha recorrido diferentes departamentos del pa\u00eds capturando historias, rostros, instantes, vidas, sonrisas, atardeceres, familias, bodas y por supuesto quincea\u00f1eras. Su pasi\u00f3n y su arte fueron, de hecho, creciendo junto con su hija.<\/p><p>\u201c<em>Al principio no sab\u00eda mucho, pero poco a poco empec\u00e9. Quer\u00eda hacer fotos de estudio y de familia, pero conocidos me llamaron para bodas\u2026 y me fui capacitando<\/em>\u201d.<\/p><p>En el camino, tambi\u00e9n se convirti\u00f3 en madre y en gu\u00eda para otras j\u00f3venes. Durante la pandemia naci\u00f3 su segundo hijo, y eso reaviv\u00f3 su deseo de compartir m\u00e1s sus fotograf\u00edas.<\/p><p>\u201c<em>En uno de los congresos me dijeron que ten\u00eda que definirme, porque las mujeres tenemos cierta gracia para hacer de todo\u2026 pero decid\u00ed no enfocarme en un solo tipo de fotograf\u00eda. Me gusta de todo y me llena el coraz\u00f3n hacerlo<\/em>\u201d.<\/p>\t\t\t\t\t\t\t\t<\/div>\n\t\t\t\t\t<\/div>\n\t\t\t\t<\/div>\n\t\t<div data-particle_enable=\"false\" data-particle-mobile-disabled=\"false\" class=\"elementor-element elementor-element-e7109e0 e-flex e-con-boxed e-con e-parent\" data-id=\"e7109e0\" data-element_type=\"container\" data-e-type=\"container\">\n\t\t\t\t\t<div class=\"e-con-inner\">\n\t\t\t\t<div class=\"elementor-element elementor-element-64e7a11 elementor-widget elementor-widget-image\" data-id=\"64e7a11\" data-element_type=\"widget\" data-e-type=\"widget\" data-widget_type=\"image.default\">\n\t\t\t\t\t\t\t\t\t\t\t\t<figure class=\"wp-caption\">\n\t\t\t\t\t\t\t\t\t\t\t<a href=\"https:\/\/www.instagram.com\/rociochavarriaphotography\/\">\n\t\t\t\t\t\t\t<img decoding=\"async\" width=\"735\" height=\"735\" src=\"https:\/\/soymigrante.com\/revista\/wp-content\/uploads\/2025\/07\/rocio-chavarria-fotografa-1.webp\" class=\"attachment-large size-large wp-image-39424\" alt=\"Fotograf\u00eda de mujer con c\u00e1mara profesional en mano, sonriendo y posando para una sesi\u00f3n de fotos, representando experiencia en fotograf\u00eda y medios de comunicaci\u00f3n.\" srcset=\"https:\/\/soymigrante.com\/revista\/wp-content\/uploads\/2025\/07\/rocio-chavarria-fotografa-1.webp 735w, https:\/\/soymigrante.com\/revista\/wp-content\/uploads\/2025\/07\/rocio-chavarria-fotografa-1-300x300.jpg 300w, https:\/\/soymigrante.com\/revista\/wp-content\/uploads\/2025\/07\/rocio-chavarria-fotografa-1-150x150.jpg 150w, https:\/\/soymigrante.com\/revista\/wp-content\/uploads\/2025\/07\/rocio-chavarria-fotografa-1-75x75.jpg 75w\" sizes=\"(max-width: 735px) 100vw, 735px\" title=\"Soy Roc\u00edo Chavarr\u00eda, soy mam\u00e1, emprendedora, agente de viajes y fot\u00f3grafa profesional.  Despu\u00e9s del nacimiento de mi primera hija descubr\u00ed que mi pasi\u00f3n por la fotograf\u00eda pod\u00eda crecer, as\u00ed que inicie mi formaci\u00f3n profesional en Guatemala. Posteriormente he realizado diplomados y cursos en Espa\u00f1a, Estados Unidos, Honduras, Colombia. Me encanta celebrar esos momentos especiales de la vida de las familias&quot;: anota la fot\u00f3grafa en su perfil de Instagram. Si deseas  entrar a ver sus fotograf\u00edas, CLIC EN LA FOTO. \u2013 SoyMigrante.com REVISTA\" \/>\t\t\t\t\t\t\t\t<\/a>\n\t\t\t\t\t\t\t\t\t\t\t<figcaption class=\"widget-image-caption wp-caption-text\">Mujer con c\u00e1mara profesional en mano, mostrando confianza y talento en fotograf\u00eda y comunicaci\u00f3n visual, ideal para art\u00edculos sobre medios, fotograf\u00eda y periodismo en SoyMigrante.com Revista.<\/figcaption>\n\t\t\t\t\t\t\t\t\t\t<\/figure>\n\t\t\t\t\t\t\t\t\t<\/div>\n\t\t\t\t\t<\/div>\n\t\t\t\t<\/div>\n\t\t<div data-particle_enable=\"false\" data-particle-mobile-disabled=\"false\" class=\"elementor-element elementor-element-9103689 e-flex e-con-boxed e-con e-parent\" data-id=\"9103689\" data-element_type=\"container\" data-e-type=\"container\">\n\t\t\t\t\t<div class=\"e-con-inner\">\n\t\t\t\t<div class=\"elementor-element elementor-element-33208c7 elementor-widget elementor-widget-heading\" data-id=\"33208c7\" data-element_type=\"widget\" data-e-type=\"widget\" data-widget_type=\"heading.default\">\n\t\t\t\t\t<h3 class=\"elementor-heading-title elementor-size-default\">Crear recuerdos como estilo de vida<\/h3>\t\t\t\t<\/div>\n\t\t\t\t\t<\/div>\n\t\t\t\t<\/div>\n\t\t<div data-particle_enable=\"false\" data-particle-mobile-disabled=\"false\" class=\"elementor-element elementor-element-b585c15 e-flex e-con-boxed e-con e-parent\" data-id=\"b585c15\" data-element_type=\"container\" data-e-type=\"container\">\n\t\t\t\t\t<div class=\"e-con-inner\">\n\t\t\t\t<div class=\"elementor-element elementor-element-8d7056d elementor-widget elementor-widget-text-editor\" data-id=\"8d7056d\" data-element_type=\"widget\" data-e-type=\"widget\" data-widget_type=\"text-editor.default\">\n\t\t\t\t\t\t\t\t\t<p>Hoy, Roc\u00edo no solo fotograf\u00eda bodas y eventos especiales. Tambi\u00e9n organiza viajes por Europa con ni\u00f1as de 14 a 17 a\u00f1os, una experiencia que combina arte, empoderamiento y descubrimiento.<\/p><p>\u201c<em>Yo creo que lo que define mi trabajo es que me gusta crear recuerdos<\/em>\u201d.<\/p><p>Con esa convicci\u00f3n, <a href=\"https:\/\/soymigrante.com\/revista\/departamentos-de-guatemala-alta-verapaz-mosaico-cultural-y-natural\/\" target=\"_blank\" rel=\"noopener\">Roc\u00edo Chavarr\u00eda ha construido no solo un portafolio de im\u00e1genes, sino un legado emocional, donde cada foto habla de ra\u00edces,<\/a> sue\u00f1os cumplidos y la calidez de una madre que cree en hacer lo imposible por amor.<\/p>\t\t\t\t\t\t\t\t<\/div>\n\t\t\t\t\t<\/div>\n\t\t\t\t<\/div>\n\t\t<div data-particle_enable=\"false\" data-particle-mobile-disabled=\"false\" class=\"elementor-element elementor-element-4f6a1b2 e-flex e-con-boxed e-con e-parent\" data-id=\"4f6a1b2\" data-element_type=\"container\" data-e-type=\"container\">\n\t\t\t\t\t<div class=\"e-con-inner\">\n\t\t\t\t<div class=\"elementor-element elementor-element-d76b9a9 elementor-widget elementor-widget-html\" data-id=\"d76b9a9\" data-element_type=\"widget\" data-e-type=\"widget\" data-widget_type=\"html.default\">\n\t\t\t\t\t<blockquote class=\"tiktok-embed\" cite=\"https:\/\/www.tiktok.com\/@rociochavarriaph\/video\/7526262233391762694\" data-video-id=\"7526262233391762694\" style=\"max-width: 605px;min-width: 325px;\" > <section> <a target=\"_blank\" title=\"@rociochavarriaph\" href=\"https:\/\/www.tiktok.com\/@rociochavarriaph?refer=embed\">@rociochavarriaph<\/a> Quincea\u00f1era photoshoot time! Llego el dia de la muy esperada sesion de fotos!  Como siempre llevando algo de nuestra amada Guatemala a donde quiera qie vayamos.  @Alaska Helicopter Tours  <a title=\"alaska\" target=\"_blank\" href=\"https:\/\/www.tiktok.com\/tag\/alaska?refer=embed\">#alaska<\/a> <a title=\"glacier\" target=\"_blank\" href=\"https:\/\/www.tiktok.com\/tag\/glacier?refer=embed\">#glacier<\/a> <a title=\"quincea\u00f1eraphotography\" target=\"_blank\" href=\"https:\/\/www.tiktok.com\/tag\/quincea%C3%B1eraphotography?refer=embed\">#quincea\u00f1eraphotography<\/a> <a title=\"travel\" target=\"_blank\" href=\"https:\/\/www.tiktok.com\/tag\/travel?refer=embed\">#travel<\/a> <a title=\"travelphotography\" target=\"_blank\" href=\"https:\/\/www.tiktok.com\/tag\/travelphotography?refer=embed\">#travelphotography<\/a> <a title=\"chapina\" target=\"_blank\" href=\"https:\/\/www.tiktok.com\/tag\/chapina?refer=embed\">#chapina<\/a> <a title=\"guatemala\" target=\"_blank\" href=\"https:\/\/www.tiktok.com\/tag\/guatemala?refer=embed\">#guatemala<\/a> <a target=\"_blank\" title=\"\u266c sonido original - rociochavarriaph\" href=\"https:\/\/www.tiktok.com\/music\/sonido-original-7526262267099319096?refer=embed\">\u266c sonido original - rociochavarriaph<\/a> <\/section> <\/blockquote> <script async src=\"https:\/\/www.tiktok.com\/embed.js\"><\/script>\t\t\t\t<\/div>\n\t\t\t\t\t<\/div>\n\t\t\t\t<\/div>\n\t\t<div data-particle_enable=\"false\" data-particle-mobile-disabled=\"false\" class=\"elementor-element elementor-element-d231c05 e-flex e-con-boxed e-con e-parent\" data-id=\"d231c05\" data-element_type=\"container\" data-e-type=\"container\">\n\t\t\t\t\t<div class=\"e-con-inner\">\n\t\t\t\t<div class=\"elementor-element elementor-element-2a012b4 elementor-widget elementor-widget-heading\" data-id=\"2a012b4\" data-element_type=\"widget\" data-e-type=\"widget\" data-widget_type=\"heading.default\">\n\t\t\t\t\t<h2 class=\"elementor-heading-title elementor-size-default\">Conoce otras historias inspiradoras, ac\u00e1...<\/h2>\t\t\t\t<\/div>\n\t\t\t\t\t<\/div>\n\t\t\t\t<\/div>\n\t\t<div data-particle_enable=\"false\" data-particle-mobile-disabled=\"false\" class=\"elementor-element elementor-element-5232ca7 e-flex e-con-boxed e-con e-parent\" data-id=\"5232ca7\" data-element_type=\"container\" data-e-type=\"container\">\n\t\t\t\t\t<div class=\"e-con-inner\">\n\t\t\t\t<div class=\"elementor-element elementor-element-d21b9d1 elementor-grid-eael-col-3 elementor-grid-tablet-eael-col-2 elementor-grid-mobile-eael-col-1 elementor-invisible elementor-widget elementor-widget-eael-post-grid\" data-id=\"d21b9d1\" data-element_type=\"widget\" data-e-type=\"widget\" data-settings=\"{&quot;eael_post_grid_columns&quot;:&quot;eael-col-3&quot;,&quot;_animation&quot;:&quot;rollIn&quot;,&quot;eael_post_grid_columns_tablet&quot;:&quot;eael-col-2&quot;,&quot;eael_post_grid_columns_mobile&quot;:&quot;eael-col-1&quot;}\" data-widget_type=\"eael-post-grid.default\">\n\t\t\t\t\t<div id=\"eael-post-grid-d21b9d1\" class=\"eael-post-grid-container\">\n            <div class=\"eael-post-grid eael-post-appender eael-post-appender-d21b9d1 eael-post-grid-style-one\" data-layout-mode=\"masonry\"><article class=\"eael-grid-post  eael-post-grid-column eael-pg-post-36452 category-estamos-unidos\" data-id=\"36452\">\n        <div class=\"eael-grid-post-holder\">\n            <div class=\"eael-grid-post-holder-inner\"><div class=\"eael-entry-media\"><div class=\"eael-entry-overlay fade-in\"><i class=\"far fa-hand-pointer\" aria-hidden=\"true\"><\/i><a href=\"https:\/\/soymigrante.com\/revista\/guatemala-copa-oro-migrantes-guatemaltecos-fotografo-migrante-alegria\/\"><\/a><\/div><div class=\"eael-entry-thumbnail \">\n                <img decoding=\"async\" width=\"1024\" height=\"1024\" src=\"https:\/\/soymigrante.com\/revista\/wp-content\/uploads\/2025\/06\/Copa-de-Oro-Guatemaltecos-fotos-Edson-Bladimir-Bla-Lopez-cuadrada-1024x1024.jpg\" class=\"attachment-large size-large wp-image-36546\" alt=\"Disfrutando del f\u00fatbol con pasi\u00f3n en la Copa del Mundo, hincha con peluca y barba azules, expresando emoci\u00f3n y alegr\u00eda en el estadio.\" srcset=\"https:\/\/soymigrante.com\/revista\/wp-content\/uploads\/2025\/06\/Copa-de-Oro-Guatemaltecos-fotos-Edson-Bladimir-Bla-Lopez-cuadrada-1024x1024.jpg 1024w, https:\/\/soymigrante.com\/revista\/wp-content\/uploads\/2025\/06\/Copa-de-Oro-Guatemaltecos-fotos-Edson-Bladimir-Bla-Lopez-cuadrada-300x300.jpg 300w, https:\/\/soymigrante.com\/revista\/wp-content\/uploads\/2025\/06\/Copa-de-Oro-Guatemaltecos-fotos-Edson-Bladimir-Bla-Lopez-cuadrada-150x150.jpg 150w, https:\/\/soymigrante.com\/revista\/wp-content\/uploads\/2025\/06\/Copa-de-Oro-Guatemaltecos-fotos-Edson-Bladimir-Bla-Lopez-cuadrada-768x768.jpg 768w, https:\/\/soymigrante.com\/revista\/wp-content\/uploads\/2025\/06\/Copa-de-Oro-Guatemaltecos-fotos-Edson-Bladimir-Bla-Lopez-cuadrada-75x75.webp 75w, https:\/\/soymigrante.com\/revista\/wp-content\/uploads\/2025\/06\/Copa-de-Oro-Guatemaltecos-fotos-Edson-Bladimir-Bla-Lopez-cuadrada-750x750.jpg 750w, https:\/\/soymigrante.com\/revista\/wp-content\/uploads\/2025\/06\/Copa-de-Oro-Guatemaltecos-fotos-Edson-Bladimir-Bla-Lopez-cuadrada.webp 1103w\" sizes=\"(max-width: 1024px) 100vw, 1024px\" \/>\n            <\/div>\n        <\/div><div class=\"eael-entry-wrapper\"><header class=\"eael-entry-header\"><h2 class=\"eael-entry-title\"><a class=\"eael-grid-post-link\" href=\"https:\/\/soymigrante.com\/revista\/guatemala-copa-oro-migrantes-guatemaltecos-fotografo-migrante-alegria\/\" title=\"Alegr\u00eda guatemalteca en Copa Oro 2025 captada por el fot\u00f3grafo migrante Edson L\u00f3pez\">Alegr\u00eda guatemalteca en Copa Oro 2025 captada por el fot\u00f3grafo migrante Edson L\u00f3pez<\/a><\/h2><\/header><div class=\"eael-entry-content\">\n                        <div class=\"eael-grid-post-excerpt\"><a href=\"https:\/\/soymigrante.com\/revista\/guatemala-copa-oro-migrantes-guatemaltecos-fotografo-migrante-alegria\/\" class=\"eael-post-elements-readmore-btn\">CONOCE SU HISTORIA <\/a><\/div>\n                    <\/div><\/div><\/div>\n        <\/div>\n    <\/article><article class=\"eael-grid-post  eael-post-grid-column eael-pg-post-9026 category-guate-nuestra\" data-id=\"9026\">\n        <div class=\"eael-grid-post-holder\">\n            <div class=\"eael-grid-post-holder-inner\"><div class=\"eael-entry-media\"><div class=\"eael-entry-overlay fade-in\"><i class=\"far fa-hand-pointer\" aria-hidden=\"true\"><\/i><a href=\"https:\/\/soymigrante.com\/revista\/jose-a-pelico-descubre-totonicapan-para-ojos-sin-fronteras\/\"><\/a><\/div><div class=\"eael-entry-thumbnail \">\n                <img loading=\"lazy\" decoding=\"async\" width=\"717\" height=\"717\" src=\"https:\/\/soymigrante.com\/revista\/wp-content\/uploads\/2024\/09\/Captura-de-pantalla-2024-09-11-145626.webp\" class=\"attachment-large size-large wp-image-9114\" alt=\"At alt: Atardecer en un paisaje monta\u00f1oso con niebla y un sol creciente, mostrando belleza natural y tranquilidad en un entorno rural.\" srcset=\"https:\/\/soymigrante.com\/revista\/wp-content\/uploads\/2024\/09\/Captura-de-pantalla-2024-09-11-145626.webp 717w, https:\/\/soymigrante.com\/revista\/wp-content\/uploads\/2024\/09\/Captura-de-pantalla-2024-09-11-145626-300x300.webp 300w, https:\/\/soymigrante.com\/revista\/wp-content\/uploads\/2024\/09\/Captura-de-pantalla-2024-09-11-145626-150x150.webp 150w, https:\/\/soymigrante.com\/revista\/wp-content\/uploads\/2024\/09\/Captura-de-pantalla-2024-09-11-145626-75x75.webp 75w\" sizes=\"(max-width: 717px) 100vw, 717px\" \/>\n            <\/div>\n        <\/div><div class=\"eael-entry-wrapper\"><header class=\"eael-entry-header\"><h2 class=\"eael-entry-title\"><a class=\"eael-grid-post-link\" href=\"https:\/\/soymigrante.com\/revista\/jose-a-pelico-descubre-totonicapan-para-ojos-sin-fronteras\/\" title=\"El fot\u00f3grafo Jos\u00e9 Pelic\u00f3 descubre Guatemala para ojos sin fronteras\">El fot\u00f3grafo Jos\u00e9 Pelic\u00f3 descubre Guatemala para ojos sin fronteras<\/a><\/h2><\/header><div class=\"eael-entry-content\">\n                        <div class=\"eael-grid-post-excerpt\"><a href=\"https:\/\/soymigrante.com\/revista\/jose-a-pelico-descubre-totonicapan-para-ojos-sin-fronteras\/\" class=\"eael-post-elements-readmore-btn\">CONOCE SU HISTORIA <\/a><\/div>\n                    <\/div><\/div><\/div>\n        <\/div>\n    <\/article><article class=\"eael-grid-post  eael-post-grid-column eael-pg-post-2281 category-exitos\" data-id=\"2281\">\n        <div class=\"eael-grid-post-holder\">\n            <div class=\"eael-grid-post-holder-inner\"><div class=\"eael-entry-media\"><div class=\"eael-entry-overlay fade-in\"><i class=\"far fa-hand-pointer\" aria-hidden=\"true\"><\/i><a href=\"https:\/\/soymigrante.com\/revista\/rosario-rodriguez-cineasta-guatemalteca-nueva-york\/\"><\/a><\/div><div class=\"eael-entry-thumbnail \">\n                <img loading=\"lazy\" decoding=\"async\" width=\"1024\" height=\"834\" src=\"https:\/\/soymigrante.com\/revista\/wp-content\/uploads\/2023\/08\/rosie-1024x834.webp\" class=\"attachment-large size-large wp-image-2341\" alt=\"Rosario Rodr\u00edguez, cineasta guatemalteca y migrante\" srcset=\"https:\/\/soymigrante.com\/revista\/wp-content\/uploads\/2023\/08\/rosie-1024x834.webp 1024w, https:\/\/soymigrante.com\/revista\/wp-content\/uploads\/2023\/08\/rosie-300x244.webp 300w, https:\/\/soymigrante.com\/revista\/wp-content\/uploads\/2023\/08\/rosie-768x626.webp 768w, https:\/\/soymigrante.com\/revista\/wp-content\/uploads\/2023\/08\/rosie-750x611.webp 750w, https:\/\/soymigrante.com\/revista\/wp-content\/uploads\/2023\/08\/rosie-1140x929.webp 1140w, https:\/\/soymigrante.com\/revista\/wp-content\/uploads\/2023\/08\/rosie.webp 1425w\" sizes=\"(max-width: 1024px) 100vw, 1024px\" \/>\n            <\/div>\n        <\/div><div class=\"eael-entry-wrapper\"><header class=\"eael-entry-header\"><h2 class=\"eael-entry-title\"><a class=\"eael-grid-post-link\" href=\"https:\/\/soymigrante.com\/revista\/rosario-rodriguez-cineasta-guatemalteca-nueva-york\/\" title=\"Rosario Rodr\u00edguez: La cineasta guatemalteca que brilla en Nueva York\">Rosario Rodr\u00edguez: La cineasta guatemalteca que brilla en Nueva York<\/a><\/h2><\/header><div class=\"eael-entry-content\">\n                        <div class=\"eael-grid-post-excerpt\"><a href=\"https:\/\/soymigrante.com\/revista\/rosario-rodriguez-cineasta-guatemalteca-nueva-york\/\" class=\"eael-post-elements-readmore-btn\">CONOCE SU HISTORIA <\/a><\/div>\n                    <\/div><\/div><\/div>\n        <\/div>\n    <\/article><\/div>\n            <div class=\"clearfix\"><\/div>\n        <\/div>\t\t\t\t<\/div>\n\t\t\t\t\t<\/div>\n\t\t\t\t<\/div>\n\t\t\t\t<\/div>\n\t\t","protected":false},"excerpt":{"rendered":"<p>La fot\u00f3grafa guatemalteca Roc\u00edo Chavarr\u00eda, originaria de Cob\u00e1n, Alta Verapaz, hizo realidad un gran sue\u00f1o de su hija: lucir su vestido de 15 a\u00f1os en una sesi\u00f3n en la g\u00e9lida Alaska. El amor por Guatemala y la fotograf\u00eda se unieron en uno de los momentos m\u00e1s emotivos en la vida de Roc\u00edo Chavarr\u00eda, una fot\u00f3grafa [&hellip;]<\/p>\n","protected":false},"author":19,"featured_media":39395,"comment_status":"open","ping_status":"open","sticky":false,"template":"","format":"standard","meta":{"_acf_changed":false,"_eb_attr":"","footnotes":""},"categories":[58],"tags":[],"class_list":["post-39316","post","type-post","status-publish","format-standard","has-post-thumbnail","hentry","category-guate-nuestra"],"acf":[],"aioseo_notices":[],"aioseo_head":"\n\t\t<!-- All in One SEO Pro 4.9.6.2 - aioseo.com -->\n\t<meta name=\"description\" content=\"Rosario Rodr\u00edguez, migrante y cineasta, refleja en su trabajo la innovaci\u00f3n y dedicaci\u00f3n de los guatemaltecos. Conoce su trayectoria y visi\u00f3n en la industria f\u00edlmica\" \/>\n\t<meta name=\"robots\" content=\"max-snippet:-1, max-image-preview:large, max-video-preview:-1\" \/>\n\t<meta name=\"author\" content=\"Gustavo Montenegro\"\/>\n\t<link rel=\"canonical\" href=\"https:\/\/soymigrante.com\/revista\/rosario-rodriguez-cineasta-guatemalteca-nueva-york\/\" \/>\n\t<meta name=\"generator\" content=\"All in One SEO Pro (AIOSEO) 4.9.6.2\" \/>\n\n\t\t<link rel=\"preconnect\" href=\"https:\/\/fonts.googleapis.com\" crossorigin>\n<link rel=\"preconnect\" href=\"https:\/\/fonts.gstatic.com\" crossorigin>\n\t\t<meta property=\"og:locale\" content=\"es_ES\" \/>\n\t\t<meta property=\"og:site_name\" content=\"SoyMigrante.com REVISTA \u2013 Nuestra misi\u00f3n es reconocer y dignificar al migrante.\" \/>\n\t\t<meta property=\"og:type\" content=\"article\" \/>\n\t\t<meta property=\"og:title\" content=\"Rosario Rodr\u00edguez: La cineasta guatemalteca que brilla en Nueva York\" \/>\n\t\t<meta property=\"og:description\" content=\"Rosario Rodr\u00edguez, migrante y cineasta, refleja en su trabajo la innovaci\u00f3n y dedicaci\u00f3n de los guatemaltecos. Conoce su trayectoria y visi\u00f3n en la industria f\u00edlmica\" \/>\n\t\t<meta property=\"og:url\" content=\"https:\/\/soymigrante.com\/revista\/rosario-rodriguez-cineasta-guatemalteca-nueva-york\/\" \/>\n\t\t<meta property=\"og:image\" content=\"https:\/\/soymigrante.com\/revista\/wp-content\/uploads\/2023\/08\/rosie.webp\" \/>\n\t\t<meta property=\"og:image:secure_url\" content=\"https:\/\/soymigrante.com\/revista\/wp-content\/uploads\/2023\/08\/rosie.webp\" \/>\n\t\t<meta property=\"og:image:width\" content=\"1425\" \/>\n\t\t<meta property=\"og:image:height\" content=\"1161\" \/>\n\t\t<meta property=\"article:published_time\" content=\"2023-08-26T19:17:45+00:00\" \/>\n\t\t<meta property=\"article:modified_time\" content=\"2024-07-30T23:23:17+00:00\" \/>\n\t\t<meta property=\"article:publisher\" content=\"https:\/\/www.facebook.com\/soymigrantecom\" \/>\n\t\t<meta name=\"twitter:card\" content=\"summary_large_image\" \/>\n\t\t<meta name=\"twitter:site\" content=\"@SoyMigrante_com\" \/>\n\t\t<meta name=\"twitter:title\" content=\"Rosario Rodr\u00edguez: La cineasta guatemalteca que brilla en Nueva York\" \/>\n\t\t<meta name=\"twitter:description\" content=\"Rosario Rodr\u00edguez, migrante y cineasta, refleja en su trabajo la innovaci\u00f3n y dedicaci\u00f3n de los guatemaltecos. Conoce su trayectoria y visi\u00f3n en la industria f\u00edlmica\" \/>\n\t\t<meta name=\"twitter:creator\" content=\"@SoyMigrante_com\" \/>\n\t\t<meta name=\"twitter:image\" content=\"https:\/\/soymigrante.com\/revista\/wp-content\/uploads\/2023\/08\/rosie.webp\" \/>\n\t\t<!-- All in One SEO Pro -->\r\n\t\t<title>Rosario Rodr\u00edguez: La cineasta guatemalteca que brilla en Nueva York<\/title>\n\n","aioseo_head_json":{"title":"Rosario Rodr\u00edguez: La cineasta guatemalteca que brilla en Nueva York","description":"Rosario Rodr\u00edguez, migrante y cineasta, refleja en su trabajo la innovaci\u00f3n y dedicaci\u00f3n de los guatemaltecos. Conoce su trayectoria y visi\u00f3n en la industria f\u00edlmica","canonical_url":"https:\/\/soymigrante.com\/revista\/rosario-rodriguez-cineasta-guatemalteca-nueva-york\/","robots":"max-snippet:-1, max-image-preview:large, max-video-preview:-1","keywords":"","webmasterTools":{"miscellaneous":"&lt;link rel=\"preconnect\" href=\"https:\/\/fonts.googleapis.com\" crossorigin&gt;\n&lt;link rel=\"preconnect\" href=\"https:\/\/fonts.gstatic.com\" crossorigin&gt;"},"schema":null,"og:locale":"es_ES","og:site_name":"SoyMigrante.com REVISTA \u2013 Nuestra misi\u00f3n es reconocer y dignificar al migrante.","og:type":"article","og:title":"Rosario Rodr\u00edguez: La cineasta guatemalteca que brilla en Nueva York","og:description":"Rosario Rodr\u00edguez, migrante y cineasta, refleja en su trabajo la innovaci\u00f3n y dedicaci\u00f3n de los guatemaltecos. Conoce su trayectoria y visi\u00f3n en la industria f\u00edlmica","og:url":"https:\/\/soymigrante.com\/revista\/rosario-rodriguez-cineasta-guatemalteca-nueva-york\/","og:image":"https:\/\/soymigrante.com\/revista\/wp-content\/uploads\/2023\/08\/rosie.webp","og:image:secure_url":"https:\/\/soymigrante.com\/revista\/wp-content\/uploads\/2023\/08\/rosie.webp","og:image:width":1425,"og:image:height":1161,"article:published_time":"2023-08-26T19:17:45+00:00","article:modified_time":"2024-07-30T23:23:17+00:00","article:publisher":"https:\/\/www.facebook.com\/soymigrantecom","twitter:card":"summary_large_image","twitter:site":"@SoyMigrante_com","twitter:title":"Rosario Rodr\u00edguez: La cineasta guatemalteca que brilla en Nueva York","twitter:description":"Rosario Rodr\u00edguez, migrante y cineasta, refleja en su trabajo la innovaci\u00f3n y dedicaci\u00f3n de los guatemaltecos. Conoce su trayectoria y visi\u00f3n en la industria f\u00edlmica","twitter:creator":"@SoyMigrante_com","twitter:image":"https:\/\/soymigrante.com\/revista\/wp-content\/uploads\/2023\/08\/rosie.webp"},"aioseo_meta_data":{"post_id":"39316","title":"Fot\u00f3grafa realiza Sue\u00f1o fotogr\u00e1fico de 15 a\u00f1os en Alaska","description":"Fot\u00f3grafa guatemalteca Roc\u00edo Chavarr\u00eda hizo realidad el sue\u00f1o de su hija: fotografiarla con su vestido de quincea\u00f1era en un glaciar de Alaska.","keywords":null,"keyphrases":{"focus":{"keyphrase":"Fotogr\u00e1fica","score":37,"analysis":{"keyphraseInTitle":{"score":3,"maxScore":9,"error":1},"keyphraseInDescription":{"score":3,"maxScore":9,"error":1},"keyphraseLength":{"score":9,"maxScore":9,"error":0,"length":2},"keyphraseInURL":{"score":1,"maxScore":5,"error":1},"keyphraseInIntroduction":{"score":3,"maxScore":9,"error":1},"keyphraseInSubHeadings":{"score":3,"maxScore":9,"error":1},"keyphraseInImageAlt":{"score":3,"maxScore":9,"error":1},"keywordDensity":{"score":0,"type":"low","maxScore":9,"error":1}}},"additional":[{"keyphrase":"Alaska","score":100,"analysis":{"keyphraseInDescription":{"score":9,"maxScore":9,"error":0},"keyphraseLength":{"score":9,"maxScore":9,"error":0,"length":1},"keyphraseInIntroduction":{"score":9,"maxScore":9,"error":0},"keyphraseInImageAlt":{"score":9,"maxScore":9,"error":0},"keywordDensity":{"type":"best","score":9,"maxScore":9,"error":0}}},{"keyphrase":"Fot\u00f3grafa","score":100,"analysis":{"keyphraseInDescription":{"score":9,"maxScore":9,"error":0},"keyphraseLength":{"score":9,"maxScore":9,"error":0,"length":2},"keyphraseInIntroduction":{"score":9,"maxScore":9,"error":0},"keyphraseInImageAlt":{"score":9,"maxScore":9,"error":0},"keywordDensity":{"type":"best","score":9,"maxScore":9,"error":0}}},{"keyphrase":"Guatemalteca","score":100,"analysis":{"keyphraseInDescription":{"score":9,"maxScore":9,"error":0},"keyphraseLength":{"score":9,"maxScore":9,"error":0,"length":1},"keyphraseInIntroduction":{"score":9,"maxScore":9,"error":0},"keyphraseInImageAlt":{"score":9,"maxScore":9,"error":0},"keywordDensity":{"type":"best","score":9,"maxScore":9,"error":0}}},{"keyphrase":"Incre\u00edble","score":40,"analysis":{"keyphraseInDescription":{"score":3,"maxScore":9,"error":1},"keyphraseLength":{"score":9,"maxScore":9,"error":0,"length":2},"keyphraseInIntroduction":{"score":3,"maxScore":9,"error":1},"keyphraseInImageAlt":{"score":3,"maxScore":9,"error":1},"keywordDensity":{"score":0,"type":"low","maxScore":9,"error":1}}}]},"primary_term":null,"canonical_url":null,"og_title":null,"og_description":null,"og_object_type":"default","og_image_type":"default","og_image_url":null,"og_image_width":null,"og_image_height":null,"og_image_custom_url":null,"og_image_custom_fields":null,"og_video":"","og_custom_url":null,"og_article_section":null,"og_article_tags":null,"twitter_use_og":false,"twitter_card":"default","twitter_image_type":"default","twitter_image_url":null,"twitter_image_custom_url":null,"twitter_image_custom_fields":null,"twitter_title":null,"twitter_description":null,"schema":{"blockGraphs":[],"customGraphs":[],"default":{"data":{"Article":[],"Course":[],"Dataset":[],"FAQPage":[],"Movie":[],"Person":[],"Product":[],"ProductReview":[],"Car":[],"Recipe":[],"Service":[],"SoftwareApplication":[],"WebPage":[]},"graphName":"none","isEnabled":true},"graphs":[]},"schema_type":"default","schema_type_options":null,"pillar_content":false,"robots_default":true,"robots_noindex":false,"robots_noarchive":false,"robots_nosnippet":false,"robots_nofollow":false,"robots_noimageindex":false,"robots_noodp":false,"robots_notranslate":false,"robots_max_snippet":"-1","robots_max_videopreview":"-1","robots_max_imagepreview":"large","priority":null,"frequency":"default","local_seo":null,"seo_analyzer_scan_date":"2025-10-09 06:53:29","breadcrumb_settings":null,"limit_modified_date":false,"reviewed_by":"0","open_ai":null,"ai":{"faqs":[],"keyPoints":[],"titles":[],"descriptions":[],"socialPosts":{"email":[],"linkedin":[],"twitter":[],"facebook":[],"instagram":[]}},"created":"2025-07-14 17:51:04","updated":"2026-02-05 02:59:26"},"aioseo_breadcrumb":"<div class=\"aioseo-breadcrumbs\"><span class=\"aioseo-breadcrumb\">\n\t<a href=\"https:\/\/soymigrante.com\/revista\" title=\"Home\">Home<\/a>\n<\/span><span class=\"aioseo-breadcrumb-separator\">\u00bb<\/span><span class=\"aioseo-breadcrumb\">\n\t<a href=\"https:\/\/soymigrante.com\/revista\/category\/guate-nuestra\/\" title=\"Guate Nuestra\">Guate Nuestra<\/a>\n<\/span><span class=\"aioseo-breadcrumb-separator\">\u00bb<\/span><span class=\"aioseo-breadcrumb\">\n\tIncre\u00edble sesi\u00f3n fotogr\u00e1fica de quincea\u00f1era guatemalteca en glaciar de Alaska\n<\/span><\/div>","aioseo_breadcrumb_json":[{"label":"Home","link":"https:\/\/soymigrante.com\/revista"},{"label":"Guate Nuestra","link":"https:\/\/soymigrante.com\/revista\/category\/guate-nuestra\/"},{"label":"Incre\u00edble sesi\u00f3n fotogr\u00e1fica de quincea\u00f1era guatemalteca en glaciar de Alaska","link":"https:\/\/soymigrante.com\/revista\/fotografa-guatemalteca-quinceanera-alaska-glaciar-rocio-chavarria\/"}],"_links":{"self":[{"href":"https:\/\/soymigrante.com\/revista\/wp-json\/wp\/v2\/posts\/39316","targetHints":{"allow":["GET"]}}],"collection":[{"href":"https:\/\/soymigrante.com\/revista\/wp-json\/wp\/v2\/posts"}],"about":[{"href":"https:\/\/soymigrante.com\/revista\/wp-json\/wp\/v2\/types\/post"}],"author":[{"embeddable":true,"href":"https:\/\/soymigrante.com\/revista\/wp-json\/wp\/v2\/users\/19"}],"replies":[{"embeddable":true,"href":"https:\/\/soymigrante.com\/revista\/wp-json\/wp\/v2\/comments?post=39316"}],"version-history":[{"count":26,"href":"https:\/\/soymigrante.com\/revista\/wp-json\/wp\/v2\/posts\/39316\/revisions"}],"predecessor-version":[{"id":39430,"href":"https:\/\/soymigrante.com\/revista\/wp-json\/wp\/v2\/posts\/39316\/revisions\/39430"}],"wp:featuredmedia":[{"embeddable":true,"href":"https:\/\/soymigrante.com\/revista\/wp-json\/wp\/v2\/media\/39395"}],"wp:attachment":[{"href":"https:\/\/soymigrante.com\/revista\/wp-json\/wp\/v2\/media?parent=39316"}],"wp:term":[{"taxonomy":"category","embeddable":true,"href":"https:\/\/soymigrante.com\/revista\/wp-json\/wp\/v2\/categories?post=39316"},{"taxonomy":"post_tag","embeddable":true,"href":"https:\/\/soymigrante.com\/revista\/wp-json\/wp\/v2\/tags?post=39316"}],"curies":[{"name":"wp","href":"https:\/\/api.w.org\/{rel}","templated":true}]}}