{"id":39245,"date":"2025-07-14T15:46:59","date_gmt":"2025-07-14T21:46:59","guid":{"rendered":"https:\/\/soymigrante.com\/revista\/?p=39245"},"modified":"2025-07-14T15:47:08","modified_gmt":"2025-07-14T21:47:08","slug":"ella-es-raschel-paz-archila-miss-universo-guatemala-2025","status":"publish","type":"post","link":"https:\/\/soymigrante.com\/revista\/ella-es-raschel-paz-archila-miss-universo-guatemala-2025\/","title":{"rendered":"Ella es Raschel Paz Archila: Miss Universo Guatemala 2025"},"content":{"rendered":"\t\t<div data-elementor-type=\"wp-post\" data-elementor-id=\"39245\" class=\"elementor elementor-39245\" data-elementor-post-type=\"post\">\n\t\t\t\t<div data-particle_enable=\"false\" data-particle-mobile-disabled=\"false\" class=\"elementor-element elementor-element-2595df8 e-flex e-con-boxed e-con e-parent\" data-id=\"2595df8\" data-element_type=\"container\" data-e-type=\"container\">\n\t\t\t\t\t<div class=\"e-con-inner\">\n\t\t\t\t<div class=\"elementor-element elementor-element-12c20c1 elementor-widget elementor-widget-heading\" data-id=\"12c20c1\" data-element_type=\"widget\" data-e-type=\"widget\" data-widget_type=\"heading.default\">\n\t\t\t\t\t<h2 class=\"elementor-heading-title elementor-size-default\">La nueva Miss Universe Guatemala 2025 es Raschel Paz, quien ha competido en otros cert\u00e1menes de belleza y es conocida por su amabilidad. \n<\/h2>\t\t\t\t<\/div>\n\t\t\t\t\t<\/div>\n\t\t\t\t<\/div>\n\t\t<div data-particle_enable=\"false\" data-particle-mobile-disabled=\"false\" class=\"elementor-element elementor-element-17eb6a1 e-flex e-con-boxed e-con e-parent\" data-id=\"17eb6a1\" data-element_type=\"container\" data-e-type=\"container\">\n\t\t\t\t\t<div class=\"e-con-inner\">\n\t\t\t\t<div class=\"elementor-element elementor-element-6c41a3c elementor-widget elementor-widget-text-editor\" data-id=\"6c41a3c\" data-element_type=\"widget\" data-e-type=\"widget\" data-widget_type=\"text-editor.default\">\n\t\t\t\t\t\t\t\t\t<p>El 12 de julio, durante la 54\u00aa edici\u00f3n de <a href=\"https:\/\/www.facebook.com\/missuniversegtoficial\" target=\"_blank\" rel=\"noopener\">Miss Universe Guatemala celebrada en el Centro de Convenciones CEFEMERQ en Quetzaltenango<\/a>, Raschel Alexandra\u202fPaz Archila, de 24 a\u00f1os y representante de Ciudad Capital, fue coronada como la nueva reina nacional. Esta gala destac\u00f3 no solo por su glamour, sino por un renovado enfoque en proyectos sociales y liderazgo femenino.<\/p><p>Raschel es licenciada en Ciencias Pol\u00edticas y Relaciones Internacionales, con fluidez en espa\u00f1ol, ingl\u00e9s, franc\u00e9s y alem\u00e1n. Adem\u00e1s, desde joven ha sido una activista comprometida con los derechos humanos, colaborando con una ONG como embajadora para brindar apoyo a j\u00f3venes y mujeres sobrevivientes de violencia f\u00edsica y psicol\u00f3gica.<\/p>\t\t\t\t\t\t\t\t<\/div>\n\t\t\t\t\t<\/div>\n\t\t\t\t<\/div>\n\t\t<div data-particle_enable=\"false\" data-particle-mobile-disabled=\"false\" class=\"elementor-element elementor-element-9c440fc e-flex e-con-boxed e-con e-parent\" data-id=\"9c440fc\" data-element_type=\"container\" data-e-type=\"container\">\n\t\t\t\t\t<div class=\"e-con-inner\">\n\t\t\t\t<div class=\"elementor-element elementor-element-64046c1 elementor-widget elementor-widget-heading\" data-id=\"64046c1\" data-element_type=\"widget\" data-e-type=\"widget\" data-widget_type=\"heading.default\">\n\t\t\t\t\t<h3 class=\"elementor-heading-title elementor-size-default\">Experiencia en cert\u00e1menes<\/h3>\t\t\t\t<\/div>\n\t\t\t\t\t<\/div>\n\t\t\t\t<\/div>\n\t\t<div data-particle_enable=\"false\" data-particle-mobile-disabled=\"false\" class=\"elementor-element elementor-element-011deb6 e-flex e-con-boxed e-con e-parent\" data-id=\"011deb6\" data-element_type=\"container\" data-e-type=\"container\">\n\t\t\t\t\t<div class=\"e-con-inner\">\n\t\t\t\t<div class=\"elementor-element elementor-element-d2a7d8e elementor-widget elementor-widget-text-editor\" data-id=\"d2a7d8e\" data-element_type=\"widget\" data-e-type=\"widget\" data-widget_type=\"text-editor.default\">\n\t\t\t\t\t\t\t\t\t<p>Paz es una figura conocida en concursos nacionales e internacionales:<br \/>\u2022 Fue <a href=\"https:\/\/www.facebook.com\/missuniversegtoficial\" target=\"_blank\" rel=\"noopener\">Miss Grand Guatemala 2023, representando la Ciudad Capital<\/a> y luego participando en Miss Grand International 2023 en Ho Chi Minh City, Vietnam.<br \/>\u2022 En 2022 obtuvo el t\u00edtulo de Miss Guatemala Latina y represent\u00f3 al pa\u00eds en Miss Am\u00e9rica Latina del Mundo en Punta Cana, obteniendo el galard\u00f3n de Miss Popularidad.<br \/>\u2022 Adem\u00e1s, ahora se prepara para la edici\u00f3n 74 de Miss Universo, que se realizar\u00e1 en noviembre de 2025 en Tailandia.<\/p>\t\t\t\t\t\t\t\t<\/div>\n\t\t\t\t\t<\/div>\n\t\t\t\t<\/div>\n\t\t<div data-particle_enable=\"false\" data-particle-mobile-disabled=\"false\" class=\"elementor-element elementor-element-7f4e90e e-flex e-con-boxed e-con e-parent\" data-id=\"7f4e90e\" data-element_type=\"container\" data-e-type=\"container\">\n\t\t\t\t\t<div class=\"e-con-inner\">\n\t\t\t\t<div class=\"elementor-element elementor-element-3414dc1 elementor-widget elementor-widget-image\" data-id=\"3414dc1\" data-element_type=\"widget\" data-e-type=\"widget\" data-widget_type=\"image.default\">\n\t\t\t\t\t\t\t\t\t\t\t\t<figure class=\"wp-caption\">\n\t\t\t\t\t\t\t\t\t\t<img fetchpriority=\"high\" decoding=\"async\" width=\"768\" height=\"960\" src=\"https:\/\/soymigrante.com\/revista\/wp-content\/uploads\/2025\/07\/Raschel-Paz-Archila3-819x1024.jpeg\" class=\"attachment-large size-large wp-image-39255\" alt=\"Viva la ma\u00f1ana presentadora en set de televisi\u00f3n, mujer en vestido negro elegante con fondo colorido, programa de televisi\u00f3n en vivo, estilo moderno y profesional, contenido de entertainment y actualidad, evento en estudio de televisi\u00f3n, branding de viva la ma\u00f1ana, transmisi\u00f3n en vivo, cultura popular en televisi\u00f3n, medios de comunicaci\u00f3n, canal de televisi\u00f3n, comunicaci\u00f3n en vivo, programa de variedades, moda y estilo en televisi\u00f3n, cobertura de eventos, entretenimiento matutino, show en vivo, imagen de televisi\u00f3n, emisi\u00f3n en directo, producci\u00f3n televisiva, prensa y espect\u00e1culo.\" srcset=\"https:\/\/soymigrante.com\/revista\/wp-content\/uploads\/2025\/07\/Raschel-Paz-Archila3-819x1024.jpeg 819w, https:\/\/soymigrante.com\/revista\/wp-content\/uploads\/2025\/07\/Raschel-Paz-Archila3-240x300.jpeg 240w, https:\/\/soymigrante.com\/revista\/wp-content\/uploads\/2025\/07\/Raschel-Paz-Archila3-768x960.jpeg 768w, https:\/\/soymigrante.com\/revista\/wp-content\/uploads\/2025\/07\/Raschel-Paz-Archila3-750x938.webp 750w, https:\/\/soymigrante.com\/revista\/wp-content\/uploads\/2025\/07\/Raschel-Paz-Archila3.webp 1024w\" sizes=\"(max-width: 768px) 100vw, 768px\" title=\"Raschel Paz es conocida por su carisma. (Foto: Cortes\u00eda) \u2013 SoyMigrante.com REVISTA\" \/>\t\t\t\t\t\t\t\t\t\t\t<figcaption class=\"widget-image-caption wp-caption-text\">Una mujer bien arreglada posa en un set de televisi\u00f3n con pantallas que promocionan \"Viva la ma\u00f1ana\", vestida con un vestido negro largo y accesorios elegantes, en un entorno vibrante y lleno de energ\u00eda.<\/figcaption>\n\t\t\t\t\t\t\t\t\t\t<\/figure>\n\t\t\t\t\t\t\t\t\t<\/div>\n\t\t\t\t\t<\/div>\n\t\t\t\t<\/div>\n\t\t<div data-particle_enable=\"false\" data-particle-mobile-disabled=\"false\" class=\"elementor-element elementor-element-ff96971 e-flex e-con-boxed e-con e-parent\" data-id=\"ff96971\" data-element_type=\"container\" data-e-type=\"container\">\n\t\t\t\t\t<div class=\"e-con-inner\">\n\t\t\t\t<div class=\"elementor-element elementor-element-453b37c elementor-widget elementor-widget-heading\" data-id=\"453b37c\" data-element_type=\"widget\" data-e-type=\"widget\" data-widget_type=\"heading.default\">\n\t\t\t\t\t<h3 class=\"elementor-heading-title elementor-size-default\">La noche decisiva<\/h3>\t\t\t\t<\/div>\n\t\t\t\t\t<\/div>\n\t\t\t\t<\/div>\n\t\t<div data-particle_enable=\"false\" data-particle-mobile-disabled=\"false\" class=\"elementor-element elementor-element-15ee3e3 e-flex e-con-boxed e-con e-parent\" data-id=\"15ee3e3\" data-element_type=\"container\" data-e-type=\"container\">\n\t\t\t\t\t<div class=\"e-con-inner\">\n\t\t\t\t<div class=\"elementor-element elementor-element-dbe1d70 elementor-widget elementor-widget-text-editor\" data-id=\"dbe1d70\" data-element_type=\"widget\" data-e-type=\"widget\" data-widget_type=\"text-editor.default\">\n\t\t\t\t\t\t\t\t\t<p>La competencia reuni\u00f3 a 24 participantes \u2014incluyendo mujeres casadas, con hijos y mayores de 30 a\u00f1os\u2014 en un certamen que incluy\u00f3 pasarela en traje de ba\u00f1o y gala, reducci\u00f3n sucesiva al Top\u202f12 y luego al Top\u202f6, donde les hicieron preguntas sobre diversos temas culturales y sociales.<\/p><p><a href=\"https:\/\/www.facebook.com\/missuniversegtoficial\" target=\"_blank\" rel=\"noopener\">Raschel destac\u00f3 por su seguridad al hablar, carisma y presencia en pasarela, lo cual le vali\u00f3 la corona.<\/a> Por el camino dej\u00f3 a Sara Guerrero como primera finalista.<\/p><p>Un momento especial fue el mensaje de Victoria Kj\u00e6r Theilvig, actual Miss Universo 2024, quien destac\u00f3 en su participaci\u00f3n en la velada e inspir\u00f3 a las participantes con un mensaje sobre perseverancia y sue\u00f1os.<\/p>\t\t\t\t\t\t\t\t<\/div>\n\t\t\t\t\t<\/div>\n\t\t\t\t<\/div>\n\t\t<div data-particle_enable=\"false\" data-particle-mobile-disabled=\"false\" class=\"elementor-element elementor-element-4c12c5b e-flex e-con-boxed e-con e-parent\" data-id=\"4c12c5b\" data-element_type=\"container\" data-e-type=\"container\">\n\t\t\t\t\t<div class=\"e-con-inner\">\n\t\t\t\t<div class=\"elementor-element elementor-element-b642449 elementor-widget elementor-widget-image\" data-id=\"b642449\" data-element_type=\"widget\" data-e-type=\"widget\" data-widget_type=\"image.default\">\n\t\t\t\t\t\t\t\t\t\t\t\t<figure class=\"wp-caption\">\n\t\t\t\t\t\t\t\t\t\t<img decoding=\"async\" width=\"768\" height=\"960\" src=\"https:\/\/soymigrante.com\/revista\/wp-content\/uploads\/2025\/07\/Raschel-Paz-Archila4-819x1024.jpeg\" class=\"attachment-large size-large wp-image-39256\" alt=\"Miss Grand Guatemala 2023 en la pasarela del concurso de belleza en un escenario colorido y vibrante, luciendo un vestido negro y con la banda de t\u00edtulo.\" srcset=\"https:\/\/soymigrante.com\/revista\/wp-content\/uploads\/2025\/07\/Raschel-Paz-Archila4-819x1024.jpeg 819w, https:\/\/soymigrante.com\/revista\/wp-content\/uploads\/2025\/07\/Raschel-Paz-Archila4-240x300.jpeg 240w, https:\/\/soymigrante.com\/revista\/wp-content\/uploads\/2025\/07\/Raschel-Paz-Archila4-768x960.jpeg 768w, https:\/\/soymigrante.com\/revista\/wp-content\/uploads\/2025\/07\/Raschel-Paz-Archila4-750x938.webp 750w, https:\/\/soymigrante.com\/revista\/wp-content\/uploads\/2025\/07\/Raschel-Paz-Archila4.webp 1024w\" sizes=\"(max-width: 768px) 100vw, 768px\" title=\"Raschel Paz es Licenciada en Ciencia Pol\u00edtica. (Foto: Cortes\u00eda) \u2013 SoyMigrante.com REVISTA\" \/>\t\t\t\t\t\t\t\t\t\t\t<figcaption class=\"widget-image-caption wp-caption-text\">La imagen muestra a la ganadora de Miss Grand Guatemala 2023 posando con confianza en un evento de belleza, en un escenario lleno de luces, pantallas y decoraci\u00f3n tem\u00e1tica, destacando su corona y elegancia.<\/figcaption>\n\t\t\t\t\t\t\t\t\t\t<\/figure>\n\t\t\t\t\t\t\t\t\t<\/div>\n\t\t\t\t\t<\/div>\n\t\t\t\t<\/div>\n\t\t<div data-particle_enable=\"false\" data-particle-mobile-disabled=\"false\" class=\"elementor-element elementor-element-ab16613 e-flex e-con-boxed e-con e-parent\" data-id=\"ab16613\" data-element_type=\"container\" data-e-type=\"container\">\n\t\t\t\t\t<div class=\"e-con-inner\">\n\t\t\t\t<div class=\"elementor-element elementor-element-3b8575d elementor-widget elementor-widget-heading\" data-id=\"3b8575d\" data-element_type=\"widget\" data-e-type=\"widget\" data-widget_type=\"heading.default\">\n\t\t\t\t\t<h3 class=\"elementor-heading-title elementor-size-default\">Camino a Miss Universo 2025<\/h3>\t\t\t\t<\/div>\n\t\t\t\t\t<\/div>\n\t\t\t\t<\/div>\n\t\t<div data-particle_enable=\"false\" data-particle-mobile-disabled=\"false\" class=\"elementor-element elementor-element-38ce572 e-flex e-con-boxed e-con e-parent\" data-id=\"38ce572\" data-element_type=\"container\" data-e-type=\"container\">\n\t\t\t\t\t<div class=\"e-con-inner\">\n\t\t\t\t<div class=\"elementor-element elementor-element-dc3fcb0 elementor-widget elementor-widget-text-editor\" data-id=\"dc3fcb0\" data-element_type=\"widget\" data-e-type=\"widget\" data-widget_type=\"text-editor.default\">\n\t\t\t\t\t\t\t\t\t<p>Al obtener la banda<a href=\"https:\/\/www.facebook.com\/missuniversegtoficial\" target=\"_blank\" rel=\"noopener\"> de Miss Universe Guatemala, Raschel inicia una fase intensiva de preparaci\u00f3n:<\/a> entrenamiento f\u00edsico y mental, talleres de oratoria, visitas culturales, formaci\u00f3n en redes sociales y proyectos comunitarios.<\/p><p>Su misi\u00f3n: representar a Guatemala ante m\u00e1s de 80 pa\u00edses, destacando la riqueza cultural, el empoderamiento femenino y poniendo en alto los valores que la caracterizan.<\/p>\t\t\t\t\t\t\t\t<\/div>\n\t\t\t\t\t<\/div>\n\t\t\t\t<\/div>\n\t\t<div data-particle_enable=\"false\" data-particle-mobile-disabled=\"false\" class=\"elementor-element elementor-element-d9aaf64 e-flex e-con-boxed e-con e-parent\" data-id=\"d9aaf64\" data-element_type=\"container\" data-e-type=\"container\">\n\t\t\t\t\t<div class=\"e-con-inner\">\n\t\t\t\t<div class=\"elementor-element elementor-element-2d393f8 elementor-widget elementor-widget-text-editor\" data-id=\"2d393f8\" data-element_type=\"widget\" data-e-type=\"widget\" data-widget_type=\"text-editor.default\">\n\t\t\t\t\t\t\t\t\t<p>Nombre completo: Raschel Alexandra Paz Archila<br \/>Edad: 24 a\u00f1os<br \/>Estatura: 1.80\u202fm\u20131.82\u202fm (seg\u00fan fuente) <br \/>Formaci\u00f3n acad\u00e9mica: Licenciada en Ciencias Pol\u00edticas e Relaciones Internacionales<br \/>Idiomas: Espa\u00f1ol, ingl\u00e9s, franc\u00e9s, alem\u00e1n<br \/>Cert\u00e1menes anteriores: Miss Grand Guatemala 2023, Miss Grand International, Miss Guatemala Latina 2022<\/p>\t\t\t\t\t\t\t\t<\/div>\n\t\t\t\t\t<\/div>\n\t\t\t\t<\/div>\n\t\t<div data-particle_enable=\"false\" data-particle-mobile-disabled=\"false\" class=\"elementor-element elementor-element-2572a26 e-flex e-con-boxed e-con e-parent\" data-id=\"2572a26\" data-element_type=\"container\" data-e-type=\"container\">\n\t\t\t\t\t<div class=\"e-con-inner\">\n\t\t\t\t<div class=\"elementor-element elementor-element-ca6a905 elementor-widget elementor-widget-image\" data-id=\"ca6a905\" data-element_type=\"widget\" data-e-type=\"widget\" data-widget_type=\"image.default\">\n\t\t\t\t\t\t\t\t\t\t\t\t<figure class=\"wp-caption\">\n\t\t\t\t\t\t\t\t\t\t<img decoding=\"async\" width=\"768\" height=\"1020\" src=\"https:\/\/soymigrante.com\/revista\/wp-content\/uploads\/2025\/07\/Raschel-Paz-Archila1-771x1024.jpeg\" class=\"attachment-large size-large wp-image-39257\" alt=\"Rostro de la Miss Guatemala siendo coronada en el certamen Miss Universo Guatemala, con otras concursantes en el fondo, en un escenario brillante y decorado con el logo de TV Azteca Guatemala.\" srcset=\"https:\/\/soymigrante.com\/revista\/wp-content\/uploads\/2025\/07\/Raschel-Paz-Archila1-771x1024.jpeg 771w, https:\/\/soymigrante.com\/revista\/wp-content\/uploads\/2025\/07\/Raschel-Paz-Archila1-226x300.jpeg 226w, https:\/\/soymigrante.com\/revista\/wp-content\/uploads\/2025\/07\/Raschel-Paz-Archila1-768x1020.jpeg 768w, https:\/\/soymigrante.com\/revista\/wp-content\/uploads\/2025\/07\/Raschel-Paz-Archila1-750x996.webp 750w, https:\/\/soymigrante.com\/revista\/wp-content\/uploads\/2025\/07\/Raschel-Paz-Archila1.webp 964w\" sizes=\"(max-width: 768px) 100vw, 768px\" title=\"Raschel Paz competir\u00e1 por la corona de Miss Universo. (Foto: Cortes\u00eda) \u2013 SoyMigrante.com REVISTA\" \/>\t\t\t\t\t\t\t\t\t\t\t<figcaption class=\"widget-image-caption wp-caption-text\">Miss Guatemala siendo coronada en el certamen de Miss Universo Guatemala, en un escenario con luces y fondo de TV Azteca Guatemala, mostrando la belleza y elegancia de las concursantes.<\/figcaption>\n\t\t\t\t\t\t\t\t\t\t<\/figure>\n\t\t\t\t\t\t\t\t\t<\/div>\n\t\t\t\t\t<\/div>\n\t\t\t\t<\/div>\n\t\t<div data-particle_enable=\"false\" data-particle-mobile-disabled=\"false\" class=\"elementor-element elementor-element-37059c6 e-flex e-con-boxed e-con e-parent\" data-id=\"37059c6\" data-element_type=\"container\" data-e-type=\"container\">\n\t\t\t\t\t<div class=\"e-con-inner\">\n\t\t\t\t<div class=\"elementor-element elementor-element-b380a3e elementor-widget elementor-widget-heading\" data-id=\"b380a3e\" data-element_type=\"widget\" data-e-type=\"widget\" data-widget_type=\"heading.default\">\n\t\t\t\t\t<h3 class=\"elementor-heading-title elementor-size-default\">El reto internacional<\/h3>\t\t\t\t<\/div>\n\t\t\t\t\t<\/div>\n\t\t\t\t<\/div>\n\t\t<div data-particle_enable=\"false\" data-particle-mobile-disabled=\"false\" class=\"elementor-element elementor-element-fbaa35a e-flex e-con-boxed e-con e-parent\" data-id=\"fbaa35a\" data-element_type=\"container\" data-e-type=\"container\">\n\t\t\t\t\t<div class=\"e-con-inner\">\n\t\t\t\t<div class=\"elementor-element elementor-element-c1f26cd elementor-widget elementor-widget-text-editor\" data-id=\"c1f26cd\" data-element_type=\"widget\" data-e-type=\"widget\" data-widget_type=\"text-editor.default\">\n\t\t\t\t\t\t\t\t\t<p>Miss Universo 2025 se celebrar\u00e1 el 21 de noviembre en el Impact Arena de Pak Kret, Tailandia. <a href=\"https:\/\/www.facebook.com\/missuniversegtoficial\" target=\"_blank\" rel=\"noopener\">Se espera que el concurso mantenga el formato renovado de elegir un Top\u202f30 de semifinalistas por combinaci\u00f3n de jurado,<\/a> criterios regionales y votos popular.<\/p>\t\t\t\t\t\t\t\t<\/div>\n\t\t\t\t\t<\/div>\n\t\t\t\t<\/div>\n\t\t<div data-particle_enable=\"false\" data-particle-mobile-disabled=\"false\" class=\"elementor-element elementor-element-da299f6 e-flex e-con-boxed e-con e-parent\" data-id=\"da299f6\" data-element_type=\"container\" data-e-type=\"container\">\n\t\t\t\t\t<div class=\"e-con-inner\">\n\t\t\t\t<div class=\"elementor-element elementor-element-2191341 elementor-widget elementor-widget-text-editor\" data-id=\"2191341\" data-element_type=\"widget\" data-e-type=\"widget\" data-widget_type=\"text-editor.default\">\n\t\t\t\t\t\t\t\t\t<p>Raschel Paz es una mujer con m\u00faltiples facetas: acad\u00e9mica, modelo profesional, atleta, pol\u00edglota y activista social. Su coronaci\u00f3n como <a href=\"https:\/\/www.facebook.com\/missuniversegtoficial\" target=\"_blank\" rel=\"noopener\">Miss Universe Guatemala 2025 confirma un perfil integral,<\/a> donde la belleza se conjuga con inteligencia y vocaci\u00f3n de servicio. Su camino hacia el certamen internacional promete marcar un antes y un despu\u00e9s: una representante aut\u00e9ntica que busca inspirar, liderar cambios y proyectar la cultura guatemalteca en el mundo.<\/p>\t\t\t\t\t\t\t\t<\/div>\n\t\t\t\t\t<\/div>\n\t\t\t\t<\/div>\n\t\t<div data-particle_enable=\"false\" data-particle-mobile-disabled=\"false\" class=\"elementor-element elementor-element-57271ef e-flex e-con-boxed e-con e-parent\" data-id=\"57271ef\" data-element_type=\"container\" data-e-type=\"container\">\n\t\t\t\t\t<div class=\"e-con-inner\">\n\t\t\t\t<div class=\"elementor-element elementor-element-1f86ce2 elementor-widget elementor-widget-image\" data-id=\"1f86ce2\" data-element_type=\"widget\" data-e-type=\"widget\" data-widget_type=\"image.default\">\n\t\t\t\t\t\t\t\t\t\t\t\t<figure class=\"wp-caption\">\n\t\t\t\t\t\t\t\t\t\t<img loading=\"lazy\" decoding=\"async\" width=\"768\" height=\"1024\" src=\"https:\/\/soymigrante.com\/revista\/wp-content\/uploads\/2025\/07\/Raschel-Paz-Archila5-768x1024.jpeg\" class=\"attachment-large size-large wp-image-39258\" alt=\"Reina de belleza en el certamen Miss Universe, con corona y vestido elegante, celebrando su t\u00edtulo en un evento de moda y cultura mexicana.\" srcset=\"https:\/\/soymigrante.com\/revista\/wp-content\/uploads\/2025\/07\/Raschel-Paz-Archila5-768x1024.jpeg 768w, https:\/\/soymigrante.com\/revista\/wp-content\/uploads\/2025\/07\/Raschel-Paz-Archila5-225x300.jpeg 225w, https:\/\/soymigrante.com\/revista\/wp-content\/uploads\/2025\/07\/Raschel-Paz-Archila5-750x1000.webp 750w, https:\/\/soymigrante.com\/revista\/wp-content\/uploads\/2025\/07\/Raschel-Paz-Archila5.webp 960w\" sizes=\"(max-width: 768px) 100vw, 768px\" title=\"Raschel Paz es acad\u00e9mica, modelo profesional, atleta, pol\u00edglota y activista social. (Foto: Cortes\u00eda) \u2013 SoyMigrante.com REVISTA\" \/>\t\t\t\t\t\t\t\t\t\t\t<figcaption class=\"widget-image-caption wp-caption-text\">Bell\u00edsima mujer en la ceremonia de Miss Universe, luciendo corona y vestido de alta costura en un contexto de celebraci\u00f3n y cultura mexicana.<\/figcaption>\n\t\t\t\t\t\t\t\t\t\t<\/figure>\n\t\t\t\t\t\t\t\t\t<\/div>\n\t\t\t\t\t<\/div>\n\t\t\t\t<\/div>\n\t\t<div data-particle_enable=\"false\" data-particle-mobile-disabled=\"false\" class=\"elementor-element elementor-element-caa6f22 e-flex e-con-boxed e-con e-parent\" data-id=\"caa6f22\" data-element_type=\"container\" data-e-type=\"container\">\n\t\t\t\t\t<div class=\"e-con-inner\">\n\t\t\t\t<div class=\"elementor-element elementor-element-c624fa9 elementor-invisible elementor-widget elementor-widget-facebook-embed\" data-id=\"c624fa9\" data-element_type=\"widget\" data-e-type=\"widget\" data-settings=\"{&quot;_animation&quot;:&quot;zoomInDown&quot;}\" data-widget_type=\"facebook-embed.default\">\n\t\t\t\t\t<div style=\"min-height: 1px\" class=\"elementor-facebook-widget fb-video\" data-href=\"https:\/\/www.facebook.com\/reel\/1104493081526481\" data-show-text=\"false\" data-allowfullscreen=\"false\" data-autoplay=\"false\" data-show-captions=\"false\"><\/div>\t\t\t\t<\/div>\n\t\t\t\t\t<\/div>\n\t\t\t\t<\/div>\n\t\t<div data-particle_enable=\"false\" data-particle-mobile-disabled=\"false\" class=\"elementor-element elementor-element-972586b e-flex e-con-boxed e-con e-parent\" data-id=\"972586b\" data-element_type=\"container\" data-e-type=\"container\">\n\t\t\t\t\t<div class=\"e-con-inner\">\n\t\t\t\t<div class=\"elementor-element elementor-element-dbc3ed5 elementor-widget elementor-widget-heading\" data-id=\"dbc3ed5\" data-element_type=\"widget\" data-e-type=\"widget\" data-widget_type=\"heading.default\">\n\t\t\t\t\t<h2 class=\"elementor-heading-title elementor-size-default\">Conoce otras historias inspiradoras, ac\u00e1...<\/h2>\t\t\t\t<\/div>\n\t\t\t\t\t<\/div>\n\t\t\t\t<\/div>\n\t\t<div data-particle_enable=\"false\" data-particle-mobile-disabled=\"false\" class=\"elementor-element elementor-element-45009ad e-flex e-con-boxed e-con e-parent\" data-id=\"45009ad\" data-element_type=\"container\" data-e-type=\"container\">\n\t\t\t\t\t<div class=\"e-con-inner\">\n\t\t\t\t<div class=\"elementor-element elementor-element-6774dbc elementor-grid-eael-col-3 elementor-grid-tablet-eael-col-2 elementor-grid-mobile-eael-col-1 elementor-invisible elementor-widget elementor-widget-eael-post-grid\" data-id=\"6774dbc\" data-element_type=\"widget\" data-e-type=\"widget\" data-settings=\"{&quot;eael_post_grid_columns&quot;:&quot;eael-col-3&quot;,&quot;_animation&quot;:&quot;rollIn&quot;,&quot;eael_post_grid_columns_tablet&quot;:&quot;eael-col-2&quot;,&quot;eael_post_grid_columns_mobile&quot;:&quot;eael-col-1&quot;}\" data-widget_type=\"eael-post-grid.default\">\n\t\t\t\t\t<div id=\"eael-post-grid-6774dbc\" class=\"eael-post-grid-container\">\n            <div class=\"eael-post-grid eael-post-appender eael-post-appender-6774dbc eael-post-grid-style-one\" data-layout-mode=\"masonry\"><article class=\"eael-grid-post  eael-post-grid-column eael-pg-post-2281 category-exitos\" data-id=\"2281\">\n        <div class=\"eael-grid-post-holder\">\n            <div class=\"eael-grid-post-holder-inner\"><div class=\"eael-entry-media\"><div class=\"eael-entry-overlay fade-in\"><i class=\"far fa-hand-pointer\" aria-hidden=\"true\"><\/i><a href=\"https:\/\/soymigrante.com\/revista\/rosario-rodriguez-cineasta-guatemalteca-nueva-york\/\"><\/a><\/div><div class=\"eael-entry-thumbnail \">\n                <img loading=\"lazy\" decoding=\"async\" width=\"1024\" height=\"834\" src=\"https:\/\/soymigrante.com\/revista\/wp-content\/uploads\/2023\/08\/rosie-1024x834.webp\" class=\"attachment-large size-large wp-image-2341\" alt=\"Rosario Rodr\u00edguez, cineasta guatemalteca y migrante\" srcset=\"https:\/\/soymigrante.com\/revista\/wp-content\/uploads\/2023\/08\/rosie-1024x834.webp 1024w, https:\/\/soymigrante.com\/revista\/wp-content\/uploads\/2023\/08\/rosie-300x244.webp 300w, https:\/\/soymigrante.com\/revista\/wp-content\/uploads\/2023\/08\/rosie-768x626.webp 768w, https:\/\/soymigrante.com\/revista\/wp-content\/uploads\/2023\/08\/rosie-750x611.webp 750w, https:\/\/soymigrante.com\/revista\/wp-content\/uploads\/2023\/08\/rosie-1140x929.webp 1140w, https:\/\/soymigrante.com\/revista\/wp-content\/uploads\/2023\/08\/rosie.webp 1425w\" sizes=\"(max-width: 1024px) 100vw, 1024px\" \/>\n            <\/div>\n        <\/div><div class=\"eael-entry-wrapper\"><header class=\"eael-entry-header\"><h2 class=\"eael-entry-title\"><a class=\"eael-grid-post-link\" href=\"https:\/\/soymigrante.com\/revista\/rosario-rodriguez-cineasta-guatemalteca-nueva-york\/\" title=\"Rosario Rodr\u00edguez: La cineasta guatemalteca que brilla en Nueva York\">Rosario Rodr\u00edguez: La cineasta guatemalteca que brilla en Nueva York<\/a><\/h2><\/header><div class=\"eael-entry-content\">\n                        <div class=\"eael-grid-post-excerpt\"><a href=\"https:\/\/soymigrante.com\/revista\/rosario-rodriguez-cineasta-guatemalteca-nueva-york\/\" class=\"eael-post-elements-readmore-btn\">CONOCE SU HISTORIA <\/a><\/div>\n                    <\/div><\/div><\/div>\n        <\/div>\n    <\/article><article class=\"eael-grid-post  eael-post-grid-column eael-pg-post-1118 category-exitos\" data-id=\"1118\">\n        <div class=\"eael-grid-post-holder\">\n            <div class=\"eael-grid-post-holder-inner\"><div class=\"eael-entry-media\"><div class=\"eael-entry-overlay fade-in\"><i class=\"far fa-hand-pointer\" aria-hidden=\"true\"><\/i><a href=\"https:\/\/soymigrante.com\/revista\/migrante-guatemalteco-julio-cota-es-fotografo-en-nueva-york\/\"><\/a><\/div><div class=\"eael-entry-thumbnail \">\n                <img loading=\"lazy\" decoding=\"async\" width=\"400\" height=\"400\" src=\"https:\/\/soymigrante.com\/revista\/wp-content\/uploads\/2023\/06\/SM_7.webp\" class=\"attachment-large size-large wp-image-1167\" alt=\"Julio Cota fotografo migrante en nueva york\" srcset=\"https:\/\/soymigrante.com\/revista\/wp-content\/uploads\/2023\/06\/SM_7.webp 400w, https:\/\/soymigrante.com\/revista\/wp-content\/uploads\/2023\/06\/SM_7-300x300.webp 300w, https:\/\/soymigrante.com\/revista\/wp-content\/uploads\/2023\/06\/SM_7-150x150.webp 150w, https:\/\/soymigrante.com\/revista\/wp-content\/uploads\/2023\/06\/SM_7-75x75.webp 75w\" sizes=\"(max-width: 400px) 100vw, 400px\" \/>\n            <\/div>\n        <\/div><div class=\"eael-entry-wrapper\"><header class=\"eael-entry-header\"><h2 class=\"eael-entry-title\"><a class=\"eael-grid-post-link\" href=\"https:\/\/soymigrante.com\/revista\/migrante-guatemalteco-julio-cota-es-fotografo-en-nueva-york\/\" title=\"Migrante guatemalteco Julio Cota cuenta historias fotogr\u00e1ficas en Nueva York\">Migrante guatemalteco Julio Cota cuenta historias fotogr\u00e1ficas en Nueva York<\/a><\/h2><\/header><div class=\"eael-entry-content\">\n                        <div class=\"eael-grid-post-excerpt\"><a href=\"https:\/\/soymigrante.com\/revista\/migrante-guatemalteco-julio-cota-es-fotografo-en-nueva-york\/\" class=\"eael-post-elements-readmore-btn\">CONOCE SU HISTORIA <\/a><\/div>\n                    <\/div><\/div><\/div>\n        <\/div>\n    <\/article><article class=\"eael-grid-post  eael-post-grid-column eael-pg-post-763 category-exitos-guatemala tags-california\" data-id=\"763\">\n        <div class=\"eael-grid-post-holder\">\n            <div class=\"eael-grid-post-holder-inner\"><div class=\"eael-entry-media\"><div class=\"eael-entry-overlay fade-in\"><i class=\"far fa-hand-pointer\" aria-hidden=\"true\"><\/i><a href=\"https:\/\/soymigrante.com\/revista\/biologo-lustra-el-mayor-tesoro-de-guatemala\/\"><\/a><\/div><div class=\"eael-entry-thumbnail \">\n                <img loading=\"lazy\" decoding=\"async\" width=\"1024\" height=\"769\" src=\"https:\/\/soymigrante.com\/revista\/wp-content\/uploads\/2023\/03\/SOY-MIGRANTE-RENE-CORADO-BIOLOGO-4-1024x769.jpg\" class=\"attachment-large size-large wp-image-809\" alt=\"Ren\u00e9 Corado, migrante y biologo director del museo de aves de Oxnard, California\" srcset=\"https:\/\/soymigrante.com\/revista\/wp-content\/uploads\/2023\/03\/SOY-MIGRANTE-RENE-CORADO-BIOLOGO-4-1024x769.jpg 1024w, https:\/\/soymigrante.com\/revista\/wp-content\/uploads\/2023\/03\/SOY-MIGRANTE-RENE-CORADO-BIOLOGO-4-300x225.webp 300w, https:\/\/soymigrante.com\/revista\/wp-content\/uploads\/2023\/03\/SOY-MIGRANTE-RENE-CORADO-BIOLOGO-4-768x577.jpg 768w, https:\/\/soymigrante.com\/revista\/wp-content\/uploads\/2023\/03\/SOY-MIGRANTE-RENE-CORADO-BIOLOGO-4-1536x1154.jpg 1536w, https:\/\/soymigrante.com\/revista\/wp-content\/uploads\/2023\/03\/SOY-MIGRANTE-RENE-CORADO-BIOLOGO-4-2048x1539.jpg 2048w, https:\/\/soymigrante.com\/revista\/wp-content\/uploads\/2023\/03\/SOY-MIGRANTE-RENE-CORADO-BIOLOGO-4-750x563.webp 750w, https:\/\/soymigrante.com\/revista\/wp-content\/uploads\/2023\/03\/SOY-MIGRANTE-RENE-CORADO-BIOLOGO-4-1140x856.jpg 1140w, https:\/\/soymigrante.com\/revista\/wp-content\/uploads\/2023\/03\/SOY-MIGRANTE-RENE-CORADO-BIOLOGO-4-scaled.webp 1920w\" sizes=\"(max-width: 1024px) 100vw, 1024px\" \/>\n            <\/div>\n        <\/div><div class=\"eael-entry-wrapper\"><header class=\"eael-entry-header\"><h2 class=\"eael-entry-title\"><a class=\"eael-grid-post-link\" href=\"https:\/\/soymigrante.com\/revista\/biologo-lustra-el-mayor-tesoro-de-guatemala\/\" title=\"Bi\u00f3logo migrante Ren\u00e9 Corado lustra el mayor tesoro de Guatemala\">Bi\u00f3logo migrante Ren\u00e9 Corado lustra el mayor tesoro de Guatemala<\/a><\/h2><\/header><div class=\"eael-entry-content\">\n                        <div class=\"eael-grid-post-excerpt\"><a href=\"https:\/\/soymigrante.com\/revista\/biologo-lustra-el-mayor-tesoro-de-guatemala\/\" class=\"eael-post-elements-readmore-btn\">CONOCE SU HISTORIA <\/a><\/div>\n                    <\/div><\/div><\/div>\n        <\/div>\n    <\/article><\/div>\n            <div class=\"clearfix\"><\/div>\n        <\/div>\t\t\t\t<\/div>\n\t\t\t\t\t<\/div>\n\t\t\t\t<\/div>\n\t\t\t\t<\/div>\n\t\t","protected":false},"excerpt":{"rendered":"<p>La nueva Miss Universe Guatemala 2025 es Raschel Paz, quien ha competido en otros cert\u00e1menes de belleza y es conocida por su amabilidad. El 12 de julio, durante la 54\u00aa edici\u00f3n de Miss Universe Guatemala celebrada en el Centro de Convenciones CEFEMERQ en Quetzaltenango, Raschel Alexandra\u202fPaz Archila, de 24 a\u00f1os y representante de Ciudad Capital, [&hellip;]<\/p>\n","protected":false},"author":19,"featured_media":39246,"comment_status":"open","ping_status":"open","sticky":false,"template":"","format":"standard","meta":{"_acf_changed":false,"_eb_attr":"","footnotes":""},"categories":[58],"tags":[],"class_list":["post-39245","post","type-post","status-publish","format-standard","has-post-thumbnail","hentry","category-guate-nuestra"],"acf":[],"aioseo_notices":[],"aioseo_head":"\n\t\t<!-- All in One SEO Pro 4.9.6.2 - aioseo.com -->\n\t<meta name=\"description\" content=\"El bi\u00f3logo, escritor y migrante Ren\u00e9 Corado dirige el museo de aves de Camarillo, California; su ni\u00f1ez en Guatemala fue dif\u00edcil y por eso impulsa la educaci\u00f3n en su pa\u00eds. La vida del migrante guatemalteco Ren\u00e9 Corado est\u00e1 hecha de imposibles convertidos en posibilidad. \u00bfC\u00f3mo un ni\u00f1o lustrador llega a ser director de uno de\" \/>\n\t<meta name=\"robots\" content=\"max-snippet:-1, max-image-preview:large, max-video-preview:-1\" \/>\n\t<meta name=\"author\" content=\"Marysabel Aldana\"\/>\n\t<link rel=\"canonical\" href=\"https:\/\/soymigrante.com\/revista\/ella-es-raschel-paz-archila-miss-universo-guatemala-2025\/\" \/>\n\t<meta name=\"generator\" content=\"All in One SEO Pro (AIOSEO) 4.9.6.2\" \/>\n\n\t\t<link rel=\"preconnect\" href=\"https:\/\/fonts.googleapis.com\" crossorigin>\n<link rel=\"preconnect\" href=\"https:\/\/fonts.gstatic.com\" crossorigin>\n\t\t<meta property=\"og:locale\" content=\"es_ES\" \/>\n\t\t<meta property=\"og:site_name\" content=\"SoyMigrante.com REVISTA \u2013 Nuestra misi\u00f3n es reconocer y dignificar al migrante.\" \/>\n\t\t<meta property=\"og:type\" content=\"article\" \/>\n\t\t<meta property=\"og:title\" content=\"Ella es Raschel Paz Archila: Miss Universo Guatemala 2025\" \/>\n\t\t<meta property=\"og:description\" content=\"La nueva Miss Universe Guatemala 2025 es Raschel Paz, quien ha competido en otros cert\u00e1menes de belleza y es conocida por su amabilidad.\" \/>\n\t\t<meta property=\"og:url\" content=\"https:\/\/soymigrante.com\/revista\/ella-es-raschel-paz-archila-miss-universo-guatemala-2025\/\" \/>\n\t\t<meta property=\"og:image\" content=\"https:\/\/soymigrante.com\/revista\/wp-content\/uploads\/2025\/07\/Raschel-Paz-Archila2-e1752508987889.webp\" \/>\n\t\t<meta property=\"og:image:secure_url\" content=\"https:\/\/soymigrante.com\/revista\/wp-content\/uploads\/2025\/07\/Raschel-Paz-Archila2-e1752508987889.webp\" \/>\n\t\t<meta property=\"og:image:width\" content=\"954\" \/>\n\t\t<meta property=\"og:image:height\" content=\"954\" \/>\n\t\t<meta property=\"article:published_time\" content=\"2025-07-14T21:46:59+00:00\" \/>\n\t\t<meta property=\"article:modified_time\" content=\"2025-07-14T21:47:08+00:00\" \/>\n\t\t<meta property=\"article:publisher\" content=\"https:\/\/www.facebook.com\/soymigrantecom\" \/>\n\t\t<meta name=\"twitter:card\" content=\"summary_large_image\" \/>\n\t\t<meta name=\"twitter:site\" content=\"@SoyMigrante_com\" \/>\n\t\t<meta name=\"twitter:title\" content=\"Ella es Raschel Paz Archila: Miss Universo Guatemala 2025\" \/>\n\t\t<meta name=\"twitter:description\" content=\"La nueva Miss Universe Guatemala 2025 es Raschel Paz, quien ha competido en otros cert\u00e1menes de belleza y es conocida por su amabilidad.\" \/>\n\t\t<meta name=\"twitter:creator\" content=\"@SoyMigrante_com\" \/>\n\t\t<meta name=\"twitter:image\" content=\"https:\/\/soymigrante.com\/revista\/wp-content\/uploads\/2025\/07\/Raschel-Paz-Archila2-e1752508987889.webp\" \/>\n\t\t<!-- All in One SEO Pro -->\r\n\t\t<title>Ella es Raschel Paz Archila: Miss Universo Guatemala 2025<\/title>\n\n","aioseo_head_json":{"title":"Ella es Raschel Paz Archila: Miss Universo Guatemala 2025","description":"La nueva Miss Universe Guatemala 2025 es Raschel Paz, quien ha competido en otros cert\u00e1menes de belleza y es conocida por su amabilidad.","canonical_url":"https:\/\/soymigrante.com\/revista\/ella-es-raschel-paz-archila-miss-universo-guatemala-2025\/","robots":"max-snippet:-1, max-image-preview:large, max-video-preview:-1","keywords":"","webmasterTools":{"miscellaneous":"&lt;link rel=\"preconnect\" href=\"https:\/\/fonts.googleapis.com\" crossorigin&gt;\n&lt;link rel=\"preconnect\" href=\"https:\/\/fonts.gstatic.com\" crossorigin&gt;"},"schema":null,"og:locale":"es_ES","og:site_name":"SoyMigrante.com REVISTA \u2013 Nuestra misi\u00f3n es reconocer y dignificar al migrante.","og:type":"article","og:title":"Ella es Raschel Paz Archila: Miss Universo Guatemala 2025","og:description":"La nueva Miss Universe Guatemala 2025 es Raschel Paz, quien ha competido en otros cert\u00e1menes de belleza y es conocida por su amabilidad.","og:url":"https:\/\/soymigrante.com\/revista\/ella-es-raschel-paz-archila-miss-universo-guatemala-2025\/","og:image":"https:\/\/soymigrante.com\/revista\/wp-content\/uploads\/2025\/07\/Raschel-Paz-Archila2-e1752508987889.webp","og:image:secure_url":"https:\/\/soymigrante.com\/revista\/wp-content\/uploads\/2025\/07\/Raschel-Paz-Archila2-e1752508987889.webp","og:image:width":954,"og:image:height":954,"article:published_time":"2025-07-14T21:46:59+00:00","article:modified_time":"2025-07-14T21:47:08+00:00","article:publisher":"https:\/\/www.facebook.com\/soymigrantecom","twitter:card":"summary_large_image","twitter:site":"@SoyMigrante_com","twitter:title":"Ella es Raschel Paz Archila: Miss Universo Guatemala 2025","twitter:description":"La nueva Miss Universe Guatemala 2025 es Raschel Paz, quien ha competido en otros cert\u00e1menes de belleza y es conocida por su amabilidad.","twitter:creator":"@SoyMigrante_com","twitter:image":"https:\/\/soymigrante.com\/revista\/wp-content\/uploads\/2025\/07\/Raschel-Paz-Archila2-e1752508987889.webp"},"aioseo_meta_data":{"post_id":"39245","title":null,"description":"La nueva Miss Universe Guatemala 2025 es Raschel Paz, quien ha competido en otros cert\u00e1menes de belleza y es conocida por su amabilidad.","keywords":null,"keyphrases":{"focus":{"keyphrase":"Raschel Paz","score":82,"analysis":{"keyphraseInTitle":{"score":9,"maxScore":9,"error":0},"keyphraseInDescription":{"score":9,"maxScore":9,"error":0},"keyphraseLength":{"score":9,"maxScore":9,"error":0,"length":2},"keyphraseInURL":{"score":5,"maxScore":5,"error":0},"keyphraseInIntroduction":{"score":3,"maxScore":9,"error":1},"keyphraseInSubHeadings":{"score":3,"maxScore":9,"error":1},"keyphraseInImageAlt":{"score":9,"maxScore":9,"error":0},"keywordDensity":{"type":"best","score":9,"maxScore":9,"error":0}}},"additional":[{"keyphrase":"Miss Universe","score":87,"analysis":{"keyphraseInDescription":{"score":9,"maxScore":9,"error":0},"keyphraseLength":{"score":9,"maxScore":9,"error":0,"length":2},"keyphraseInIntroduction":{"score":9,"maxScore":9,"error":0},"keyphraseInImageAlt":{"score":3,"maxScore":9,"error":1},"keywordDensity":{"type":"best","score":9,"maxScore":9,"error":0}}}]},"primary_term":null,"canonical_url":null,"og_title":null,"og_description":null,"og_object_type":"default","og_image_type":"default","og_image_url":null,"og_image_width":null,"og_image_height":null,"og_image_custom_url":null,"og_image_custom_fields":null,"og_video":"","og_custom_url":null,"og_article_section":null,"og_article_tags":null,"twitter_use_og":false,"twitter_card":"default","twitter_image_type":"default","twitter_image_url":null,"twitter_image_custom_url":null,"twitter_image_custom_fields":null,"twitter_title":null,"twitter_description":null,"schema":{"blockGraphs":[],"customGraphs":[],"default":{"data":{"Article":[],"Course":[],"Dataset":[],"FAQPage":[],"Movie":[],"Person":[],"Product":[],"ProductReview":[],"Car":[],"Recipe":[],"Service":[],"SoftwareApplication":[],"WebPage":[]},"graphName":"none","isEnabled":true},"graphs":[]},"schema_type":"default","schema_type_options":null,"pillar_content":false,"robots_default":true,"robots_noindex":false,"robots_noarchive":false,"robots_nosnippet":false,"robots_nofollow":false,"robots_noimageindex":false,"robots_noodp":false,"robots_notranslate":false,"robots_max_snippet":"-1","robots_max_videopreview":"-1","robots_max_imagepreview":"large","priority":null,"frequency":"default","local_seo":null,"seo_analyzer_scan_date":"2025-10-09 06:51:34","breadcrumb_settings":null,"limit_modified_date":false,"reviewed_by":"0","open_ai":null,"ai":{"faqs":[],"keyPoints":[],"titles":[],"descriptions":[],"socialPosts":{"email":[],"linkedin":[],"twitter":[],"facebook":[],"instagram":[]}},"created":"2025-07-14 16:05:28","updated":"2026-02-05 02:59:25"},"aioseo_breadcrumb":"<div class=\"aioseo-breadcrumbs\"><span class=\"aioseo-breadcrumb\">\n\t<a href=\"https:\/\/soymigrante.com\/revista\" title=\"Home\">Home<\/a>\n<\/span><span class=\"aioseo-breadcrumb-separator\">\u00bb<\/span><span class=\"aioseo-breadcrumb\">\n\t<a href=\"https:\/\/soymigrante.com\/revista\/category\/guate-nuestra\/\" title=\"Guate Nuestra\">Guate Nuestra<\/a>\n<\/span><span class=\"aioseo-breadcrumb-separator\">\u00bb<\/span><span class=\"aioseo-breadcrumb\">\n\tElla es Raschel Paz Archila: Miss Universo Guatemala 2025\n<\/span><\/div>","aioseo_breadcrumb_json":[{"label":"Home","link":"https:\/\/soymigrante.com\/revista"},{"label":"Guate Nuestra","link":"https:\/\/soymigrante.com\/revista\/category\/guate-nuestra\/"},{"label":"Ella es Raschel Paz Archila: Miss Universo Guatemala 2025","link":"https:\/\/soymigrante.com\/revista\/ella-es-raschel-paz-archila-miss-universo-guatemala-2025\/"}],"_links":{"self":[{"href":"https:\/\/soymigrante.com\/revista\/wp-json\/wp\/v2\/posts\/39245","targetHints":{"allow":["GET"]}}],"collection":[{"href":"https:\/\/soymigrante.com\/revista\/wp-json\/wp\/v2\/posts"}],"about":[{"href":"https:\/\/soymigrante.com\/revista\/wp-json\/wp\/v2\/types\/post"}],"author":[{"embeddable":true,"href":"https:\/\/soymigrante.com\/revista\/wp-json\/wp\/v2\/users\/19"}],"replies":[{"embeddable":true,"href":"https:\/\/soymigrante.com\/revista\/wp-json\/wp\/v2\/comments?post=39245"}],"version-history":[{"count":19,"href":"https:\/\/soymigrante.com\/revista\/wp-json\/wp\/v2\/posts\/39245\/revisions"}],"predecessor-version":[{"id":39361,"href":"https:\/\/soymigrante.com\/revista\/wp-json\/wp\/v2\/posts\/39245\/revisions\/39361"}],"wp:featuredmedia":[{"embeddable":true,"href":"https:\/\/soymigrante.com\/revista\/wp-json\/wp\/v2\/media\/39246"}],"wp:attachment":[{"href":"https:\/\/soymigrante.com\/revista\/wp-json\/wp\/v2\/media?parent=39245"}],"wp:term":[{"taxonomy":"category","embeddable":true,"href":"https:\/\/soymigrante.com\/revista\/wp-json\/wp\/v2\/categories?post=39245"},{"taxonomy":"post_tag","embeddable":true,"href":"https:\/\/soymigrante.com\/revista\/wp-json\/wp\/v2\/tags?post=39245"}],"curies":[{"name":"wp","href":"https:\/\/api.w.org\/{rel}","templated":true}]}}