{"id":39173,"date":"2025-07-11T18:30:54","date_gmt":"2025-07-12T00:30:54","guid":{"rendered":"https:\/\/soymigrante.com\/revista\/?p=39173"},"modified":"2025-07-11T18:38:23","modified_gmt":"2025-07-12T00:38:23","slug":"en-imagenes-brilla-multiculturalidad-en-eleccion-de-de-princesa-chnbjul-2025-en-huehuetenango","status":"publish","type":"post","link":"https:\/\/soymigrante.com\/revista\/en-imagenes-brilla-multiculturalidad-en-eleccion-de-de-princesa-chnbjul-2025-en-huehuetenango\/","title":{"rendered":"En im\u00e1genes: brilla multiculturalidad en elecci\u00f3n de Princesa Chnbj&#8217;ul 2025 en Huehuetenango"},"content":{"rendered":"\t\t<div data-elementor-type=\"wp-post\" data-elementor-id=\"39173\" class=\"elementor elementor-39173\" data-elementor-post-type=\"post\">\n\t\t\t\t<div data-particle_enable=\"false\" data-particle-mobile-disabled=\"false\" class=\"elementor-element elementor-element-ad1209b e-flex e-con-boxed e-con e-parent\" data-id=\"ad1209b\" data-element_type=\"container\" data-e-type=\"container\">\n\t\t\t\t\t<div class=\"e-con-inner\">\n\t\t\t\t<div class=\"elementor-element elementor-element-87d9386 elementor-widget elementor-widget-heading\" data-id=\"87d9386\" data-element_type=\"widget\" data-e-type=\"widget\" data-widget_type=\"heading.default\">\n\t\t\t\t\t<h2 class=\"elementor-heading-title elementor-size-default\">Elecci\u00f3n de Princesa Chnbj'ul (o Chinabj'ul) es una deslumbrante expresi\u00f3n colectiva y multicultural de identidad, tradici\u00f3n y uni\u00f3n de pueblos mayas de Huehuetenango.<\/h2>\t\t\t\t<\/div>\n\t\t\t\t\t<\/div>\n\t\t\t\t<\/div>\n\t\t<div data-particle_enable=\"false\" data-particle-mobile-disabled=\"false\" class=\"elementor-element elementor-element-689232e e-flex e-con-boxed e-con e-parent\" data-id=\"689232e\" data-element_type=\"container\" data-e-type=\"container\">\n\t\t\t\t\t<div class=\"e-con-inner\">\n\t\t\t\t<div class=\"elementor-element elementor-element-2afdd5c elementor-widget elementor-widget-text-editor\" data-id=\"2afdd5c\" data-element_type=\"widget\" data-e-type=\"widget\" data-widget_type=\"text-editor.default\">\n\t\t\t\t\t\t\t\t\t<p>Desde 1983 se efect\u00faa la elecci\u00f3n de Princesa Chinabj&#8217;ul, un encuentro de hermandad, belleza, expresi\u00f3n cultural, identidad y multiculturalidad huehueteca.<br \/>Este a\u00f1o es especialmente relevante porque se cumplen 500 a\u00f1os de la resistencia en la fortaleza de<a href=\"https:\/\/soymigrante.com\/revista\/zaculeu-antigua-capital-mam-no-deja-de-sorprender\/\"> Zaculeu<\/a>, por parte del gran cacique mam Kaibil Balam.<\/p><p>Hab\u00eda una elecci\u00f3n de &#8220;reina ind\u00edgena&#8221; departamental desde 1974, pero se suspendi\u00f3 a causa del Conflicto Armado Interno. En 1983 se retom\u00f3 con un sentido m\u00e1s ceremonial y pluricultural. Participan representativas de municipios y comunidades ling\u00fc\u00edsticas mayas de <a href=\"https:\/\/soymigrante.com\/revista\/departamentos-de-guatemala-huehuetenango-la-tierra-de-kaibil-balam-tesoro-cultural-y-natural\/\">Huehuetenango<\/a>. Ya se han efectuado algunas actividades, como la realizaci\u00f3n de <a href=\"https:\/\/soymigrante.com\/revista\/deslumbrantes-expresiones-de-aspirantes-a-princesa-chnabjul-en-huehuetenango\/\">videos sobre tradiciones e indumentaria.<\/a><\/p>\t\t\t\t\t\t\t\t<\/div>\n\t\t\t\t\t<\/div>\n\t\t\t\t<\/div>\n\t\t<div data-particle_enable=\"false\" data-particle-mobile-disabled=\"false\" class=\"elementor-element elementor-element-cc5b7fc e-flex e-con-boxed e-con e-parent\" data-id=\"cc5b7fc\" data-element_type=\"container\" data-e-type=\"container\">\n\t\t\t\t\t<div class=\"e-con-inner\">\n\t\t\t\t<div class=\"elementor-element elementor-element-66143e3 elementor-widget elementor-widget-image\" data-id=\"66143e3\" data-element_type=\"widget\" data-e-type=\"widget\" data-widget_type=\"image.default\">\n\t\t\t\t\t\t\t\t\t\t\t\t<figure class=\"wp-caption\">\n\t\t\t\t\t\t\t\t\t\t<img fetchpriority=\"high\" decoding=\"async\" width=\"768\" height=\"511\" src=\"https:\/\/soymigrante.com\/revista\/wp-content\/uploads\/2025\/07\/huehuetenango-princesa-chinabjul-o-chnbjul-2025-eleccion-tradicion-guatemala-abel-juarez-21-1024x681.jpg\" class=\"attachment-large size-large wp-image-39178\" alt=\"Mujeres ind\u00edgenas en vestimenta tradicional con ofrendas y alimentos en celebraci\u00f3n cultural en M\u00e9xico.\" srcset=\"https:\/\/soymigrante.com\/revista\/wp-content\/uploads\/2025\/07\/huehuetenango-princesa-chinabjul-o-chnbjul-2025-eleccion-tradicion-guatemala-abel-juarez-21-1024x681.jpg 1024w, https:\/\/soymigrante.com\/revista\/wp-content\/uploads\/2025\/07\/huehuetenango-princesa-chinabjul-o-chnbjul-2025-eleccion-tradicion-guatemala-abel-juarez-21-300x200.jpg 300w, https:\/\/soymigrante.com\/revista\/wp-content\/uploads\/2025\/07\/huehuetenango-princesa-chinabjul-o-chnbjul-2025-eleccion-tradicion-guatemala-abel-juarez-21-768x511.jpg 768w, https:\/\/soymigrante.com\/revista\/wp-content\/uploads\/2025\/07\/huehuetenango-princesa-chinabjul-o-chnbjul-2025-eleccion-tradicion-guatemala-abel-juarez-21-1536x1022.jpg 1536w, https:\/\/soymigrante.com\/revista\/wp-content\/uploads\/2025\/07\/huehuetenango-princesa-chinabjul-o-chnbjul-2025-eleccion-tradicion-guatemala-abel-juarez-21-2048x1363.jpg 2048w, https:\/\/soymigrante.com\/revista\/wp-content\/uploads\/2025\/07\/huehuetenango-princesa-chinabjul-o-chnbjul-2025-eleccion-tradicion-guatemala-abel-juarez-21-750x499.jpg 750w, https:\/\/soymigrante.com\/revista\/wp-content\/uploads\/2025\/07\/huehuetenango-princesa-chinabjul-o-chnbjul-2025-eleccion-tradicion-guatemala-abel-juarez-21-1140x758.jpg 1140w, https:\/\/soymigrante.com\/revista\/wp-content\/uploads\/2025\/07\/huehuetenango-princesa-chinabjul-o-chnbjul-2025-eleccion-tradicion-guatemala-abel-juarez-21-scaled.webp 1920w\" sizes=\"(max-width: 768px) 100vw, 768px\" title=\"En un ambiente de cordialidad y fraternidad, todas las aspirantes a Princesa Chnabj&#039;ul 2025 posan en uno de los templos de Zaculeu. (Foto Abel Ju\u00e1rez) \u2013 SoyMigrante.com REVISTA\" \/>\t\t\t\t\t\t\t\t\t\t\t<figcaption class=\"widget-image-caption wp-caption-text\">Celebraci\u00f3n cultural ind\u00edgena en M\u00e9xico con mujeres vestidas con trajes tradicionales, ofrendas y alimentos en un entorno hist\u00f3rico.<\/figcaption>\n\t\t\t\t\t\t\t\t\t\t<\/figure>\n\t\t\t\t\t\t\t\t\t<\/div>\n\t\t\t\t\t<\/div>\n\t\t\t\t<\/div>\n\t\t<div data-particle_enable=\"false\" data-particle-mobile-disabled=\"false\" class=\"elementor-element elementor-element-5569409 e-flex e-con-boxed e-con e-parent\" data-id=\"5569409\" data-element_type=\"container\" data-e-type=\"container\">\n\t\t\t\t\t<div class=\"e-con-inner\">\n\t\t\t\t<div class=\"elementor-element elementor-element-b0981ba elementor-widget elementor-widget-text-editor\" data-id=\"b0981ba\" data-element_type=\"widget\" data-e-type=\"widget\" data-widget_type=\"text-editor.default\">\n\t\t\t\t\t\t\t\t\t<p>Con una ceremonia maya se dio inicio a la actividad en la emblem\u00e1tica Zaculeu, antigua capital del imperio mam, que hoy se engalana con la presencia de las aspirantes al cetro de hermandad de princesa Chbnj&#8217;ul.\u00a0\u00a0<\/p>\t\t\t\t\t\t\t\t<\/div>\n\t\t\t\t\t<\/div>\n\t\t\t\t<\/div>\n\t\t<div data-particle_enable=\"false\" data-particle-mobile-disabled=\"false\" class=\"elementor-element elementor-element-d27d7a9 e-flex e-con-boxed e-con e-parent\" data-id=\"d27d7a9\" data-element_type=\"container\" data-e-type=\"container\">\n\t\t\t\t\t<div class=\"e-con-inner\">\n\t\t\t\t<div class=\"elementor-element elementor-element-a651048 elementor-arrows-position-inside elementor-pagination-position-outside elementor-widget elementor-widget-image-carousel\" data-id=\"a651048\" data-element_type=\"widget\" data-e-type=\"widget\" data-settings=\"{&quot;slides_to_show&quot;:&quot;1&quot;,&quot;navigation&quot;:&quot;both&quot;,&quot;autoplay&quot;:&quot;yes&quot;,&quot;pause_on_hover&quot;:&quot;yes&quot;,&quot;pause_on_interaction&quot;:&quot;yes&quot;,&quot;autoplay_speed&quot;:5000,&quot;infinite&quot;:&quot;yes&quot;,&quot;effect&quot;:&quot;slide&quot;,&quot;speed&quot;:500}\" data-widget_type=\"image-carousel.default\">\n\t\t\t\t\t\t\t<div class=\"elementor-image-carousel-wrapper swiper\" role=\"region\" aria-roledescription=\"carousel\" aria-label=\"Carrusel de im\u00e1genes\" dir=\"ltr\">\n\t\t\t<div class=\"elementor-image-carousel swiper-wrapper\" aria-live=\"off\">\n\t\t\t\t\t\t\t\t<div class=\"swiper-slide\" role=\"group\" aria-roledescription=\"slide\" aria-label=\"1 de 4\"><figure class=\"swiper-slide-inner\"><img decoding=\"async\" class=\"swiper-slide-image\" src=\"https:\/\/soymigrante.com\/revista\/wp-content\/uploads\/2025\/07\/huehuetenango-princesa-chinabjul-o-chnbjul-2025-eleccion-tradicion-guatemala-abel-juarez-17-1024x681.jpg\" alt=\"Vestidas con trajes tradicionales ind\u00edgenas, mujeres realizan rituales y ofrendas en celebraci\u00f3n cultural en un espacio al aire libre en Guatemala. La ceremonia incluye ofrendas simb\u00f3licas como flores, velas y objetos ancestrales.\" \/><\/figure><\/div><div class=\"swiper-slide\" role=\"group\" aria-roledescription=\"slide\" aria-label=\"2 de 4\"><figure class=\"swiper-slide-inner\"><img decoding=\"async\" class=\"swiper-slide-image\" src=\"https:\/\/soymigrante.com\/revista\/wp-content\/uploads\/2025\/07\/huehuetenango-princesa-chinabjul-o-chnbjul-2025-eleccion-tradicion-guatemala-abel-juarez-18-1024x681.jpg\" alt=\"Religiosa mujer ind\u00edgena en ceremonia tradicional con vestimenta colorida y accesorios en un evento cultural en M\u00e9xico.\" \/><\/figure><\/div><div class=\"swiper-slide\" role=\"group\" aria-roledescription=\"slide\" aria-label=\"3 de 4\"><figure class=\"swiper-slide-inner\"><img decoding=\"async\" class=\"swiper-slide-image\" src=\"https:\/\/soymigrante.com\/revista\/wp-content\/uploads\/2025\/07\/huehuetenango-princesa-chinabjul-o-chnbjul-2025-eleccion-tradicion-guatemala-abel-juarez-19-1024x681.jpg\" alt=\"Mujeres ind\u00edgenas en ceremonia tradicional con vestimenta colorida, con flores y art\u00edculos artesanales en la comunidad, s\u00edmbolo de cultura y ra\u00edces mexicanas.\" \/><\/figure><\/div><div class=\"swiper-slide\" role=\"group\" aria-roledescription=\"slide\" aria-label=\"4 de 4\"><figure class=\"swiper-slide-inner\"><img decoding=\"async\" class=\"swiper-slide-image\" src=\"https:\/\/soymigrante.com\/revista\/wp-content\/uploads\/2025\/07\/huehuetenango-princesa-chinabjul-o-chnbjul-2025-eleccion-tradicion-guatemala-abel-juarez-20-1024x681.jpg\" alt=\"Personas vestidas con trajes tradicionales ind\u00edgenas en una ceremonia cultural en un sitio arqueol\u00f3gico, con fot\u00f3grafos y espectadores, promoviendo la cultura y el patrimonio en M\u00e9xico para revista SoyMigrante.com.\" \/><\/figure><\/div>\t\t\t<\/div>\n\t\t\t\t\t\t\t\t\t\t\t\t<div class=\"elementor-swiper-button elementor-swiper-button-prev\" role=\"button\" tabindex=\"0\">\n\t\t\t\t\t\t<i aria-hidden=\"true\" class=\"eicon-chevron-left\"><\/i>\t\t\t\t\t<\/div>\n\t\t\t\t\t<div class=\"elementor-swiper-button elementor-swiper-button-next\" role=\"button\" tabindex=\"0\">\n\t\t\t\t\t\t<i aria-hidden=\"true\" class=\"eicon-chevron-right\"><\/i>\t\t\t\t\t<\/div>\n\t\t\t\t\n\t\t\t\t\t\t\t\t\t<div class=\"swiper-pagination\"><\/div>\n\t\t\t\t\t\t\t\t\t<\/div>\n\t\t\t\t\t\t<\/div>\n\t\t\t\t\t<\/div>\n\t\t\t\t<\/div>\n\t\t<div data-particle_enable=\"false\" data-particle-mobile-disabled=\"false\" class=\"elementor-element elementor-element-13ec507 e-flex e-con-boxed e-con e-parent\" data-id=\"13ec507\" data-element_type=\"container\" data-e-type=\"container\">\n\t\t\t\t\t<div class=\"e-con-inner\">\n\t\t\t\t<div class=\"elementor-element elementor-element-e7ee9d4 elementor-widget__width-initial elementor-widget elementor-widget-text-editor\" data-id=\"e7ee9d4\" data-element_type=\"widget\" data-e-type=\"widget\" data-widget_type=\"text-editor.default\">\n\t\t\t\t\t\t\t\t\t<p>En la presentaci\u00f3n de candidatas fue tema constante la defensa de la identidad cultural, los llamados a impulsar y conservar el idioma materno. Entre las representativas las hay pertenecientes a los pueblos <a href=\"https:\/\/soymigrante.com\/revista\/el-pueblo-qanjobal-tiene-el-corazon-en-jolom-konob\/\">q&#8217;anjob&#8217;al,<\/a> <a href=\"https:\/\/soymigrante.com\/revista\/el-pueblo-mam-brilla-crece-y-se-expresa-fiel-a-sus-raices-de-identidad\/\">mam<\/a>, <a href=\"https:\/\/soymigrante.com\/revista\/etnias-de-guatemala-akateko-el-pueblo-que-vino-de-tenam-y-sigue-floreciendo\/\">akateko <\/a>y <a href=\"https:\/\/soymigrante.com\/revista\/el-pueblo-popti-jakalteko-desciende-de-balunh-qana-y-hun-imox\/\">popt\u00ed (jakalteko)<\/a>.<br \/>A continuaci\u00f3n algunas de las im\u00e1genes del ingreso de las participantes. a quienes la Princesa saliente 2024-2025 invit\u00f3 a llevar con honor esa corona, a representar con dignidad no solo a sus municipios y comunidades, sino a todo el pueblo maya.<\/p>\t\t\t\t\t\t\t\t<\/div>\n\t\t\t\t\t<\/div>\n\t\t\t\t<\/div>\n\t\t<div data-particle_enable=\"false\" data-particle-mobile-disabled=\"false\" class=\"elementor-element elementor-element-e4022d6 e-flex e-con-boxed e-con e-parent\" data-id=\"e4022d6\" data-element_type=\"container\" data-e-type=\"container\">\n\t\t\t\t\t<div class=\"e-con-inner\">\n\t\t\t\t<div class=\"elementor-element elementor-element-1b04862 elementor-widget elementor-widget-heading\" data-id=\"1b04862\" data-element_type=\"widget\" data-e-type=\"widget\" data-widget_type=\"heading.default\">\n\t\t\t\t\t<h3 class=\"elementor-heading-title elementor-size-default\">Instantes de colorido, sonrisas e identidad en el lente de Abel Ju\u00e1rez<\/h3>\t\t\t\t<\/div>\n\t\t\t\t\t<\/div>\n\t\t\t\t<\/div>\n\t\t<div data-particle_enable=\"false\" data-particle-mobile-disabled=\"false\" class=\"elementor-element elementor-element-ed46943 e-flex e-con-boxed e-con e-parent\" data-id=\"ed46943\" data-element_type=\"container\" data-e-type=\"container\">\n\t\t\t\t\t<div class=\"e-con-inner\">\n\t\t\t\t<div class=\"elementor-element elementor-element-79049d9 elementor-widget elementor-widget-image-gallery\" data-id=\"79049d9\" data-element_type=\"widget\" data-e-type=\"widget\" data-widget_type=\"image-gallery.default\">\n\t\t\t\t\t\t\t<div class=\"elementor-image-gallery\">\n\t\t\t<div id='gallery-1' class='gallery galleryid-39173 gallery-columns-1 gallery-size-large'><figure class='gallery-item'>\n\t\t\t<div class='gallery-icon landscape'>\n\t\t\t\t<a data-elementor-open-lightbox=\"yes\" data-elementor-lightbox-slideshow=\"79049d9\" data-elementor-lightbox-title=\"huehuetenango princesa chinabjul o chnbjul 2025 elecci\u00f3n tradicion guatemala abel juarez 7\" data-elementor-lightbox-description=\"Imagen de una ni\u00f1a guatemalteca con vestido tradicional, en un evento cultural, reflejando la identidad ind\u00edgena y orgullo por su herencia, en un escenario con fondo oscuro y personas vestidas con ropa folcl\u00f3rica en el fondo.\" data-e-action-hash=\"#elementor-action%3Aaction%3Dlightbox%26settings%3DeyJpZCI6MzkxODMsInVybCI6Imh0dHBzOlwvXC9zb3ltaWdyYW50ZS5jb21cL3JldmlzdGFcL3dwLWNvbnRlbnRcL3VwbG9hZHNcLzIwMjVcLzA3XC9odWVodWV0ZW5hbmdvLXByaW5jZXNhLWNoaW5hYmp1bC1vLWNobmJqdWwtMjAyNS1lbGVjY2lvbi10cmFkaWNpb24tZ3VhdGVtYWxhLWFiZWwtanVhcmV6LTQtc2NhbGVkLndlYnAiLCJzbGlkZXNob3ciOiI3OTA0OWQ5In0%3D\" href='https:\/\/soymigrante.com\/revista\/wp-content\/uploads\/2025\/07\/huehuetenango-princesa-chinabjul-o-chnbjul-2025-eleccion-tradicion-guatemala-abel-juarez-4-scaled.webp'><img decoding=\"async\" width=\"768\" height=\"511\" src=\"https:\/\/soymigrante.com\/revista\/wp-content\/uploads\/2025\/07\/huehuetenango-princesa-chinabjul-o-chnbjul-2025-eleccion-tradicion-guatemala-abel-juarez-4-1024x681.jpg\" class=\"attachment-large size-large\" alt=\"Vestido tradicional de Guatemala para mujeres, con accesorios coloridos, listo para mostrar cultura y ra\u00edces ind\u00edgenas en un evento o celebraci\u00f3n cultural en vivo.\" aria-describedby=\"gallery-1-39183\" srcset=\"https:\/\/soymigrante.com\/revista\/wp-content\/uploads\/2025\/07\/huehuetenango-princesa-chinabjul-o-chnbjul-2025-eleccion-tradicion-guatemala-abel-juarez-4-1024x681.jpg 1024w, https:\/\/soymigrante.com\/revista\/wp-content\/uploads\/2025\/07\/huehuetenango-princesa-chinabjul-o-chnbjul-2025-eleccion-tradicion-guatemala-abel-juarez-4-300x200.jpg 300w, https:\/\/soymigrante.com\/revista\/wp-content\/uploads\/2025\/07\/huehuetenango-princesa-chinabjul-o-chnbjul-2025-eleccion-tradicion-guatemala-abel-juarez-4-768x511.jpg 768w, https:\/\/soymigrante.com\/revista\/wp-content\/uploads\/2025\/07\/huehuetenango-princesa-chinabjul-o-chnbjul-2025-eleccion-tradicion-guatemala-abel-juarez-4-1536x1022.jpg 1536w, https:\/\/soymigrante.com\/revista\/wp-content\/uploads\/2025\/07\/huehuetenango-princesa-chinabjul-o-chnbjul-2025-eleccion-tradicion-guatemala-abel-juarez-4-2048x1363.jpg 2048w, https:\/\/soymigrante.com\/revista\/wp-content\/uploads\/2025\/07\/huehuetenango-princesa-chinabjul-o-chnbjul-2025-eleccion-tradicion-guatemala-abel-juarez-4-750x499.webp 750w, https:\/\/soymigrante.com\/revista\/wp-content\/uploads\/2025\/07\/huehuetenango-princesa-chinabjul-o-chnbjul-2025-eleccion-tradicion-guatemala-abel-juarez-4-1140x758.webp 1140w, https:\/\/soymigrante.com\/revista\/wp-content\/uploads\/2025\/07\/huehuetenango-princesa-chinabjul-o-chnbjul-2025-eleccion-tradicion-guatemala-abel-juarez-4-scaled.webp 1920w\" sizes=\"(max-width: 768px) 100vw, 768px\" title=\"huehuetenango princesa chinabjul o chnbjul 2025 elecci\u00f3n tradicion guatemala abel juarez 7 \u2013 SoyMigrante.com REVISTA\" \/><\/a>\n\t\t\t<\/div>\n\t\t\t\t<figcaption class='wp-caption-text gallery-caption' id='gallery-1-39183'>\n\t\t\t\tNi\u00f1a guatemalteca vestida con traje t\u00edpico en un evento cultural, luciendo accesorios tradicionales y un cintillo rojo, representando la diversidad y patrimonio cultural en sesiones de exposici\u00f3n o festivales.\n\t\t\t\t<\/figcaption><\/figure><figure class='gallery-item'>\n\t\t\t<div class='gallery-icon landscape'>\n\t\t\t\t<a data-elementor-open-lightbox=\"yes\" data-elementor-lightbox-slideshow=\"79049d9\" data-elementor-lightbox-title=\"huehuetenango princesa chinabjul o chnbjul 2025 elecci\u00f3n tradicion guatemala abel juarez 7\" data-elementor-lightbox-description=\"huehuetenango princesa chinabjul o chnbjul 2025 elecci\u00f3n tradicion guatemala abel juarez 7\" data-e-action-hash=\"#elementor-action%3Aaction%3Dlightbox%26settings%3DeyJpZCI6MzkxODUsInVybCI6Imh0dHBzOlwvXC9zb3ltaWdyYW50ZS5jb21cL3JldmlzdGFcL3dwLWNvbnRlbnRcL3VwbG9hZHNcLzIwMjVcLzA3XC9odWVodWV0ZW5hbmdvLXByaW5jZXNhLWNoaW5hYmp1bC1vLWNobmJqdWwtMjAyNS1lbGVjY2lvbi10cmFkaWNpb24tZ3VhdGVtYWxhLWFiZWwtanVhcmV6LTctc2NhbGVkLndlYnAiLCJzbGlkZXNob3ciOiI3OTA0OWQ5In0%3D\" href='https:\/\/soymigrante.com\/revista\/wp-content\/uploads\/2025\/07\/huehuetenango-princesa-chinabjul-o-chnbjul-2025-eleccion-tradicion-guatemala-abel-juarez-7-scaled.webp'><img decoding=\"async\" width=\"768\" height=\"511\" src=\"https:\/\/soymigrante.com\/revista\/wp-content\/uploads\/2025\/07\/huehuetenango-princesa-chinabjul-o-chnbjul-2025-eleccion-tradicion-guatemala-abel-juarez-7-1024x681.jpg\" class=\"attachment-large size-large\" alt=\"Artesana ind\u00edgena mexicana con vestimenta tradicional y accesorios coloridos en un mercado cultural, promoviendo la identidad y el turismo en M\u00e9xico.\" aria-describedby=\"gallery-1-39185\" srcset=\"https:\/\/soymigrante.com\/revista\/wp-content\/uploads\/2025\/07\/huehuetenango-princesa-chinabjul-o-chnbjul-2025-eleccion-tradicion-guatemala-abel-juarez-7-1024x681.jpg 1024w, https:\/\/soymigrante.com\/revista\/wp-content\/uploads\/2025\/07\/huehuetenango-princesa-chinabjul-o-chnbjul-2025-eleccion-tradicion-guatemala-abel-juarez-7-300x200.jpg 300w, https:\/\/soymigrante.com\/revista\/wp-content\/uploads\/2025\/07\/huehuetenango-princesa-chinabjul-o-chnbjul-2025-eleccion-tradicion-guatemala-abel-juarez-7-768x511.jpg 768w, https:\/\/soymigrante.com\/revista\/wp-content\/uploads\/2025\/07\/huehuetenango-princesa-chinabjul-o-chnbjul-2025-eleccion-tradicion-guatemala-abel-juarez-7-1536x1022.jpg 1536w, https:\/\/soymigrante.com\/revista\/wp-content\/uploads\/2025\/07\/huehuetenango-princesa-chinabjul-o-chnbjul-2025-eleccion-tradicion-guatemala-abel-juarez-7-2048x1363.jpg 2048w, https:\/\/soymigrante.com\/revista\/wp-content\/uploads\/2025\/07\/huehuetenango-princesa-chinabjul-o-chnbjul-2025-eleccion-tradicion-guatemala-abel-juarez-7-750x499.webp 750w, https:\/\/soymigrante.com\/revista\/wp-content\/uploads\/2025\/07\/huehuetenango-princesa-chinabjul-o-chnbjul-2025-eleccion-tradicion-guatemala-abel-juarez-7-1140x758.webp 1140w, https:\/\/soymigrante.com\/revista\/wp-content\/uploads\/2025\/07\/huehuetenango-princesa-chinabjul-o-chnbjul-2025-eleccion-tradicion-guatemala-abel-juarez-7-scaled.webp 1920w\" sizes=\"(max-width: 768px) 100vw, 768px\" title=\"huehuetenango princesa chinabjul o chnbjul 2025 elecci\u00f3n tradicion guatemala abel juarez 7 \u2013 SoyMigrante.com REVISTA\" \/><\/a>\n\t\t\t<\/div>\n\t\t\t\t<figcaption class='wp-caption-text gallery-caption' id='gallery-1-39185'>\n\t\t\t\thuehuetenango princesa chinabjul o chnbjul 2025 elecci\u00f3n tradicion guatemala abel juarez 7\n\t\t\t\t<\/figcaption><\/figure><figure class='gallery-item'>\n\t\t\t<div class='gallery-icon landscape'>\n\t\t\t\t<a data-elementor-open-lightbox=\"yes\" data-elementor-lightbox-slideshow=\"79049d9\" data-elementor-lightbox-title=\"huehuetenango princesa chinabjul o chnbjul 2025 elecci\u00f3n tradicion guatemala abel juarez 9\" data-elementor-lightbox-description=\"Imagen de una mujer ind\u00edgena en vestimenta tradicional en aeropuerto, rodeada de turistas que la fotograf\u00edan y usan celulares. Ambiente cultural, turismo ind\u00edgena y celebraci\u00f3n de tradiciones en un espacio p\u00fablico.\" data-e-action-hash=\"#elementor-action%3Aaction%3Dlightbox%26settings%3DeyJpZCI6MzkxODcsInVybCI6Imh0dHBzOlwvXC9zb3ltaWdyYW50ZS5jb21cL3JldmlzdGFcL3dwLWNvbnRlbnRcL3VwbG9hZHNcLzIwMjVcLzA3XC9odWVodWV0ZW5hbmdvLXByaW5jZXNhLWNoaW5hYmp1bC1vLWNobmJqdWwtMjAyNS1lbGVjY2lvbi10cmFkaWNpb24tZ3VhdGVtYWxhLWFiZWwtanVhcmV6LTktc2NhbGVkLndlYnAiLCJzbGlkZXNob3ciOiI3OTA0OWQ5In0%3D\" href='https:\/\/soymigrante.com\/revista\/wp-content\/uploads\/2025\/07\/huehuetenango-princesa-chinabjul-o-chnbjul-2025-eleccion-tradicion-guatemala-abel-juarez-9-scaled.webp'><img loading=\"lazy\" decoding=\"async\" width=\"768\" height=\"511\" src=\"https:\/\/soymigrante.com\/revista\/wp-content\/uploads\/2025\/07\/huehuetenango-princesa-chinabjul-o-chnbjul-2025-eleccion-tradicion-guatemala-abel-juarez-9-1024x681.jpg\" class=\"attachment-large size-large\" alt=\"Colorida mujer ind\u00edgena en vestimenta tradicional, en aeropuerto tur\u00edstico, esperando traslado o ingreso a un evento cultural. Personas usando celulares capturan momentos en el aeropuerto, reflejando turismo y cultura.\" aria-describedby=\"gallery-1-39187\" srcset=\"https:\/\/soymigrante.com\/revista\/wp-content\/uploads\/2025\/07\/huehuetenango-princesa-chinabjul-o-chnbjul-2025-eleccion-tradicion-guatemala-abel-juarez-9-1024x681.jpg 1024w, https:\/\/soymigrante.com\/revista\/wp-content\/uploads\/2025\/07\/huehuetenango-princesa-chinabjul-o-chnbjul-2025-eleccion-tradicion-guatemala-abel-juarez-9-300x200.jpg 300w, https:\/\/soymigrante.com\/revista\/wp-content\/uploads\/2025\/07\/huehuetenango-princesa-chinabjul-o-chnbjul-2025-eleccion-tradicion-guatemala-abel-juarez-9-768x511.jpg 768w, https:\/\/soymigrante.com\/revista\/wp-content\/uploads\/2025\/07\/huehuetenango-princesa-chinabjul-o-chnbjul-2025-eleccion-tradicion-guatemala-abel-juarez-9-1536x1022.jpg 1536w, https:\/\/soymigrante.com\/revista\/wp-content\/uploads\/2025\/07\/huehuetenango-princesa-chinabjul-o-chnbjul-2025-eleccion-tradicion-guatemala-abel-juarez-9-2048x1363.jpg 2048w, https:\/\/soymigrante.com\/revista\/wp-content\/uploads\/2025\/07\/huehuetenango-princesa-chinabjul-o-chnbjul-2025-eleccion-tradicion-guatemala-abel-juarez-9-750x499.webp 750w, https:\/\/soymigrante.com\/revista\/wp-content\/uploads\/2025\/07\/huehuetenango-princesa-chinabjul-o-chnbjul-2025-eleccion-tradicion-guatemala-abel-juarez-9-1140x758.webp 1140w, https:\/\/soymigrante.com\/revista\/wp-content\/uploads\/2025\/07\/huehuetenango-princesa-chinabjul-o-chnbjul-2025-eleccion-tradicion-guatemala-abel-juarez-9-scaled.webp 1920w\" sizes=\"(max-width: 768px) 100vw, 768px\" title=\"huehuetenango princesa chinabjul o chnbjul 2025 elecci\u00f3n tradicion guatemala abel juarez 9 \u2013 SoyMigrante.com REVISTA\" \/><\/a>\n\t\t\t<\/div>\n\t\t\t\t<figcaption class='wp-caption-text gallery-caption' id='gallery-1-39187'>\n\t\t\t\tMujer ind\u00edgena con vestimenta tradicional en aeropuerto, capturada en fotograf\u00eda con diferentes personas tomando fotos, en un ambiente cultural y tur\u00edstico, promoviendo el turismo ind\u00edgena.\n\t\t\t\t<\/figcaption><\/figure><figure class='gallery-item'>\n\t\t\t<div class='gallery-icon landscape'>\n\t\t\t\t<a data-elementor-open-lightbox=\"yes\" data-elementor-lightbox-slideshow=\"79049d9\" data-elementor-lightbox-title=\"huehuetenango princesa chinabjul o chnbjul 2025 elecci\u00f3n tradicion guatemala abel juarez 10\" data-elementor-lightbox-description=\"Mujer ind\u00edgena con vestimenta huichol, accesorios y objetos tradicionales en presentaci\u00f3n en auditorio lleno de p\u00fablico, promoviendo el valor cultural y diversidad.\" data-e-action-hash=\"#elementor-action%3Aaction%3Dlightbox%26settings%3DeyJpZCI6MzkxODgsInVybCI6Imh0dHBzOlwvXC9zb3ltaWdyYW50ZS5jb21cL3JldmlzdGFcL3dwLWNvbnRlbnRcL3VwbG9hZHNcLzIwMjVcLzA3XC9odWVodWV0ZW5hbmdvLXByaW5jZXNhLWNoaW5hYmp1bC1vLWNobmJqdWwtMjAyNS1lbGVjY2lvbi10cmFkaWNpb24tZ3VhdGVtYWxhLWFiZWwtanVhcmV6LTEwLXNjYWxlZC53ZWJwIiwic2xpZGVzaG93IjoiNzkwNDlkOSJ9\" href='https:\/\/soymigrante.com\/revista\/wp-content\/uploads\/2025\/07\/huehuetenango-princesa-chinabjul-o-chnbjul-2025-eleccion-tradicion-guatemala-abel-juarez-10-scaled.webp'><img loading=\"lazy\" decoding=\"async\" width=\"768\" height=\"511\" src=\"https:\/\/soymigrante.com\/revista\/wp-content\/uploads\/2025\/07\/huehuetenango-princesa-chinabjul-o-chnbjul-2025-eleccion-tradicion-guatemala-abel-juarez-10-1024x681.jpg\" class=\"attachment-large size-large\" alt=\"Artesana ind\u00edgena durante evento cultural con vestimenta tradicional en un auditorio lleno de asistentes tomando fotos.\" aria-describedby=\"gallery-1-39188\" srcset=\"https:\/\/soymigrante.com\/revista\/wp-content\/uploads\/2025\/07\/huehuetenango-princesa-chinabjul-o-chnbjul-2025-eleccion-tradicion-guatemala-abel-juarez-10-1024x681.jpg 1024w, https:\/\/soymigrante.com\/revista\/wp-content\/uploads\/2025\/07\/huehuetenango-princesa-chinabjul-o-chnbjul-2025-eleccion-tradicion-guatemala-abel-juarez-10-300x200.jpg 300w, https:\/\/soymigrante.com\/revista\/wp-content\/uploads\/2025\/07\/huehuetenango-princesa-chinabjul-o-chnbjul-2025-eleccion-tradicion-guatemala-abel-juarez-10-768x511.jpg 768w, https:\/\/soymigrante.com\/revista\/wp-content\/uploads\/2025\/07\/huehuetenango-princesa-chinabjul-o-chnbjul-2025-eleccion-tradicion-guatemala-abel-juarez-10-1536x1022.jpg 1536w, https:\/\/soymigrante.com\/revista\/wp-content\/uploads\/2025\/07\/huehuetenango-princesa-chinabjul-o-chnbjul-2025-eleccion-tradicion-guatemala-abel-juarez-10-2048x1363.jpg 2048w, https:\/\/soymigrante.com\/revista\/wp-content\/uploads\/2025\/07\/huehuetenango-princesa-chinabjul-o-chnbjul-2025-eleccion-tradicion-guatemala-abel-juarez-10-750x499.webp 750w, https:\/\/soymigrante.com\/revista\/wp-content\/uploads\/2025\/07\/huehuetenango-princesa-chinabjul-o-chnbjul-2025-eleccion-tradicion-guatemala-abel-juarez-10-1140x758.webp 1140w, https:\/\/soymigrante.com\/revista\/wp-content\/uploads\/2025\/07\/huehuetenango-princesa-chinabjul-o-chnbjul-2025-eleccion-tradicion-guatemala-abel-juarez-10-scaled.webp 1920w\" sizes=\"(max-width: 768px) 100vw, 768px\" title=\"huehuetenango princesa chinabjul o chnbjul 2025 elecci\u00f3n tradicion guatemala abel juarez 10 \u2013 SoyMigrante.com REVISTA\" \/><\/a>\n\t\t\t<\/div>\n\t\t\t\t<figcaption class='wp-caption-text gallery-caption' id='gallery-1-39188'>\n\t\t\t\tReconocimiento a la cultura ind\u00edgena en evento cultural con vestimenta tradicional y participaci\u00f3n activa en audiencia multicultural.\n\t\t\t\t<\/figcaption><\/figure><figure class='gallery-item'>\n\t\t\t<div class='gallery-icon landscape'>\n\t\t\t\t<a data-elementor-open-lightbox=\"yes\" data-elementor-lightbox-slideshow=\"79049d9\" data-elementor-lightbox-title=\"huehuetenango princesa chinabjul o chnbjul 2025 elecci\u00f3n tradicion guatemala abel juarez 7\" data-elementor-lightbox-description=\"Imagen de una ni\u00f1a vestida con traje tradicional y flores en manos, participando en una celebraci\u00f3n cultural en un entorno religioso con asistentes yfot\u00f3grafos.\" data-e-action-hash=\"#elementor-action%3Aaction%3Dlightbox%26settings%3DeyJpZCI6MzkxODksInVybCI6Imh0dHBzOlwvXC9zb3ltaWdyYW50ZS5jb21cL3JldmlzdGFcL3dwLWNvbnRlbnRcL3VwbG9hZHNcLzIwMjVcLzA3XC9odWVodWV0ZW5hbmdvLXByaW5jZXNhLWNoaW5hYmp1bC1vLWNobmJqdWwtMjAyNS1lbGVjY2lvbi10cmFkaWNpb24tZ3VhdGVtYWxhLWFiZWwtanVhcmV6LTEzLXNjYWxlZC53ZWJwIiwic2xpZGVzaG93IjoiNzkwNDlkOSJ9\" href='https:\/\/soymigrante.com\/revista\/wp-content\/uploads\/2025\/07\/huehuetenango-princesa-chinabjul-o-chnbjul-2025-eleccion-tradicion-guatemala-abel-juarez-13-scaled.webp'><img loading=\"lazy\" decoding=\"async\" width=\"768\" height=\"511\" src=\"https:\/\/soymigrante.com\/revista\/wp-content\/uploads\/2025\/07\/huehuetenango-princesa-chinabjul-o-chnbjul-2025-eleccion-tradicion-guatemala-abel-juarez-13-1024x681.jpg\" class=\"attachment-large size-large\" alt=\"Ni\u00f1a con traje tradicional y flores en mano en evento cultural ind\u00edgena en iglesia.\" aria-describedby=\"gallery-1-39189\" srcset=\"https:\/\/soymigrante.com\/revista\/wp-content\/uploads\/2025\/07\/huehuetenango-princesa-chinabjul-o-chnbjul-2025-eleccion-tradicion-guatemala-abel-juarez-13-1024x681.jpg 1024w, https:\/\/soymigrante.com\/revista\/wp-content\/uploads\/2025\/07\/huehuetenango-princesa-chinabjul-o-chnbjul-2025-eleccion-tradicion-guatemala-abel-juarez-13-300x200.jpg 300w, https:\/\/soymigrante.com\/revista\/wp-content\/uploads\/2025\/07\/huehuetenango-princesa-chinabjul-o-chnbjul-2025-eleccion-tradicion-guatemala-abel-juarez-13-768x511.jpg 768w, https:\/\/soymigrante.com\/revista\/wp-content\/uploads\/2025\/07\/huehuetenango-princesa-chinabjul-o-chnbjul-2025-eleccion-tradicion-guatemala-abel-juarez-13-1536x1022.jpg 1536w, https:\/\/soymigrante.com\/revista\/wp-content\/uploads\/2025\/07\/huehuetenango-princesa-chinabjul-o-chnbjul-2025-eleccion-tradicion-guatemala-abel-juarez-13-2048x1363.jpg 2048w, https:\/\/soymigrante.com\/revista\/wp-content\/uploads\/2025\/07\/huehuetenango-princesa-chinabjul-o-chnbjul-2025-eleccion-tradicion-guatemala-abel-juarez-13-750x499.webp 750w, https:\/\/soymigrante.com\/revista\/wp-content\/uploads\/2025\/07\/huehuetenango-princesa-chinabjul-o-chnbjul-2025-eleccion-tradicion-guatemala-abel-juarez-13-1140x758.webp 1140w, https:\/\/soymigrante.com\/revista\/wp-content\/uploads\/2025\/07\/huehuetenango-princesa-chinabjul-o-chnbjul-2025-eleccion-tradicion-guatemala-abel-juarez-13-scaled.webp 1920w\" sizes=\"(max-width: 768px) 100vw, 768px\" title=\"huehuetenango princesa chinabjul o chnbjul 2025 elecci\u00f3n tradicion guatemala abel juarez 7 \u2013 SoyMigrante.com REVISTA\" \/><\/a>\n\t\t\t<\/div>\n\t\t\t\t<figcaption class='wp-caption-text gallery-caption' id='gallery-1-39189'>\n\t\t\t\tCelebraci\u00f3n cultural ind\u00edgena con ni\u00f1a portando flores y vestimenta t\u00edpica en evento en iglesia.\n\t\t\t\t<\/figcaption><\/figure><figure class='gallery-item'>\n\t\t\t<div class='gallery-icon landscape'>\n\t\t\t\t<a data-elementor-open-lightbox=\"yes\" data-elementor-lightbox-slideshow=\"79049d9\" data-elementor-lightbox-title=\"huehuetenango princesa chinabjul o chnbjul 2025 elecci\u00f3n tradicion guatemala abel juarez 15\" data-elementor-lightbox-description=\"Personaje central en vestimenta ind\u00edgena con accesorios culturales, participando en una ceremonia o festival en un ambiente interior con asistentes fotografiando y celebrando la cultura mexicana.\" data-e-action-hash=\"#elementor-action%3Aaction%3Dlightbox%26settings%3DeyJpZCI6MzkxOTAsInVybCI6Imh0dHBzOlwvXC9zb3ltaWdyYW50ZS5jb21cL3JldmlzdGFcL3dwLWNvbnRlbnRcL3VwbG9hZHNcLzIwMjVcLzA3XC9odWVodWV0ZW5hbmdvLXByaW5jZXNhLWNoaW5hYmp1bC1vLWNobmJqdWwtMjAyNS1lbGVjY2lvbi10cmFkaWNpb24tZ3VhdGVtYWxhLWFiZWwtanVhcmV6LTE1LXNjYWxlZC53ZWJwIiwic2xpZGVzaG93IjoiNzkwNDlkOSJ9\" href='https:\/\/soymigrante.com\/revista\/wp-content\/uploads\/2025\/07\/huehuetenango-princesa-chinabjul-o-chnbjul-2025-eleccion-tradicion-guatemala-abel-juarez-15-scaled.webp'><img loading=\"lazy\" decoding=\"async\" width=\"768\" height=\"511\" src=\"https:\/\/soymigrante.com\/revista\/wp-content\/uploads\/2025\/07\/huehuetenango-princesa-chinabjul-o-chnbjul-2025-eleccion-tradicion-guatemala-abel-juarez-15-1024x681.jpg\" class=\"attachment-large size-large\" alt=\"Tradicional mujer ind\u00edgena con vestimenta cultural en evento en un espacio cerrado lleno de asistentes tomando fotos.\" aria-describedby=\"gallery-1-39190\" srcset=\"https:\/\/soymigrante.com\/revista\/wp-content\/uploads\/2025\/07\/huehuetenango-princesa-chinabjul-o-chnbjul-2025-eleccion-tradicion-guatemala-abel-juarez-15-1024x681.jpg 1024w, https:\/\/soymigrante.com\/revista\/wp-content\/uploads\/2025\/07\/huehuetenango-princesa-chinabjul-o-chnbjul-2025-eleccion-tradicion-guatemala-abel-juarez-15-300x200.jpg 300w, https:\/\/soymigrante.com\/revista\/wp-content\/uploads\/2025\/07\/huehuetenango-princesa-chinabjul-o-chnbjul-2025-eleccion-tradicion-guatemala-abel-juarez-15-768x511.jpg 768w, https:\/\/soymigrante.com\/revista\/wp-content\/uploads\/2025\/07\/huehuetenango-princesa-chinabjul-o-chnbjul-2025-eleccion-tradicion-guatemala-abel-juarez-15-1536x1022.jpg 1536w, https:\/\/soymigrante.com\/revista\/wp-content\/uploads\/2025\/07\/huehuetenango-princesa-chinabjul-o-chnbjul-2025-eleccion-tradicion-guatemala-abel-juarez-15-2048x1363.jpg 2048w, https:\/\/soymigrante.com\/revista\/wp-content\/uploads\/2025\/07\/huehuetenango-princesa-chinabjul-o-chnbjul-2025-eleccion-tradicion-guatemala-abel-juarez-15-750x499.webp 750w, https:\/\/soymigrante.com\/revista\/wp-content\/uploads\/2025\/07\/huehuetenango-princesa-chinabjul-o-chnbjul-2025-eleccion-tradicion-guatemala-abel-juarez-15-1140x758.webp 1140w, https:\/\/soymigrante.com\/revista\/wp-content\/uploads\/2025\/07\/huehuetenango-princesa-chinabjul-o-chnbjul-2025-eleccion-tradicion-guatemala-abel-juarez-15-scaled.webp 1920w\" sizes=\"(max-width: 768px) 100vw, 768px\" title=\"huehuetenango princesa chinabjul o chnbjul 2025 elecci\u00f3n tradicion guatemala abel juarez 15 \u2013 SoyMigrante.com REVISTA\" \/><\/a>\n\t\t\t<\/div>\n\t\t\t\t<figcaption class='wp-caption-text gallery-caption' id='gallery-1-39190'>\n\t\t\t\tUna mujer ind\u00edgena con vestimenta tradicional y accesorios culturales en un evento en un sal\u00f3n lleno de p\u00fablico tomando fotos y disfrutando la ceremonia.\n\t\t\t\t<\/figcaption><\/figure>\n\t\t<\/div>\n\t\t<\/div>\n\t\t\t\t\t\t<\/div>\n\t\t\t\t\t<\/div>\n\t\t\t\t<\/div>\n\t\t<div data-particle_enable=\"false\" data-particle-mobile-disabled=\"false\" class=\"elementor-element elementor-element-84e40af e-flex e-con-boxed e-con e-parent\" data-id=\"84e40af\" data-element_type=\"container\" data-e-type=\"container\">\n\t\t\t\t\t<div class=\"e-con-inner\">\n\t\t\t\t<div class=\"elementor-element elementor-element-c23248e elementor-widget elementor-widget-heading\" data-id=\"c23248e\" data-element_type=\"widget\" data-e-type=\"widget\" data-widget_type=\"heading.default\">\n\t\t\t\t\t<h2 class=\"elementor-heading-title elementor-size-default\">Guatemala multicultural siempre<\/h2>\t\t\t\t<\/div>\n\t\t\t\t\t<\/div>\n\t\t\t\t<\/div>\n\t\t<div data-particle_enable=\"false\" data-particle-mobile-disabled=\"false\" class=\"elementor-element elementor-element-8e3000e e-flex e-con-boxed e-con e-parent\" data-id=\"8e3000e\" data-element_type=\"container\" data-e-type=\"container\">\n\t\t\t\t\t<div class=\"e-con-inner\">\n\t\t\t\t<div class=\"elementor-element elementor-element-0096038 elementor-grid-eael-col-3 elementor-grid-tablet-eael-col-2 elementor-grid-mobile-eael-col-1 elementor-invisible elementor-widget elementor-widget-eael-post-grid\" data-id=\"0096038\" data-element_type=\"widget\" data-e-type=\"widget\" data-settings=\"{&quot;eael_post_grid_columns&quot;:&quot;eael-col-3&quot;,&quot;_animation&quot;:&quot;rollIn&quot;,&quot;eael_post_grid_columns_tablet&quot;:&quot;eael-col-2&quot;,&quot;eael_post_grid_columns_mobile&quot;:&quot;eael-col-1&quot;}\" data-widget_type=\"eael-post-grid.default\">\n\t\t\t\t\t<div id=\"eael-post-grid-0096038\" class=\"eael-post-grid-container\">\n            <div class=\"eael-post-grid eael-post-appender eael-post-appender-0096038 eael-post-grid-style-one\" data-layout-mode=\"masonry\"><article class=\"eael-grid-post  eael-post-grid-column eael-pg-post-2390 category-guate-nuestra tags-danzas-de-guatemala\" data-id=\"2390\">\n        <div class=\"eael-grid-post-holder\">\n            <div class=\"eael-grid-post-holder-inner\"><div class=\"eael-entry-media\"><div class=\"eael-entry-overlay fade-in\"><i class=\"far fa-hand-pointer\" aria-hidden=\"true\"><\/i><a href=\"https:\/\/soymigrante.com\/revista\/guatemala-danza-el-baile-de-la-paach-de-san-marcos-es-patrimonio-de-la-humanidad\/\"><\/a><\/div><div class=\"eael-entry-thumbnail \">\n                <img loading=\"lazy\" decoding=\"async\" width=\"1000\" height=\"636\" src=\"https:\/\/soymigrante.com\/revista\/wp-content\/uploads\/2023\/09\/03672-HUG.webp\" class=\"attachment-large size-large wp-image-2424\" alt=\"La percusi\u00f3n del tambor abre paso al recorrido de los ancianos, padrinos y comunidad, en camino a la Casa de la Paazh (Fotograf\u00eda Archivo FLAAR-Unesco)\" srcset=\"https:\/\/soymigrante.com\/revista\/wp-content\/uploads\/2023\/09\/03672-HUG.webp 1000w, https:\/\/soymigrante.com\/revista\/wp-content\/uploads\/2023\/09\/03672-HUG-300x191.webp 300w, https:\/\/soymigrante.com\/revista\/wp-content\/uploads\/2023\/09\/03672-HUG-768x488.webp 768w, https:\/\/soymigrante.com\/revista\/wp-content\/uploads\/2023\/09\/03672-HUG-750x477.webp 750w\" sizes=\"(max-width: 1000px) 100vw, 1000px\" \/>\n            <\/div>\n        <\/div><div class=\"eael-entry-wrapper\"><header class=\"eael-entry-header\"><h2 class=\"eael-entry-title\"><a class=\"eael-grid-post-link\" href=\"https:\/\/soymigrante.com\/revista\/guatemala-danza-el-baile-de-la-paach-de-san-marcos-es-patrimonio-de-la-humanidad\/\" title=\"Danzas de Guatemala: El baile de La Paach, de San Marcos es Patrimonio de la Humanidad\">Danzas de Guatemala: El baile de La Paach, de San Marcos es Patrimonio de la Humanidad<\/a><\/h2><\/header><div class=\"eael-entry-content\">\n                        <div class=\"eael-grid-post-excerpt\"><a href=\"https:\/\/soymigrante.com\/revista\/guatemala-danza-el-baile-de-la-paach-de-san-marcos-es-patrimonio-de-la-humanidad\/\" class=\"eael-post-elements-readmore-btn\">CONOCE SU HISTORIA <\/a><\/div>\n                    <\/div><\/div><\/div>\n        <\/div>\n    <\/article><article class=\"eael-grid-post  eael-post-grid-column eael-pg-post-2456 category-guate-nuestra tags-danzas-de-guatemala\" data-id=\"2456\">\n        <div class=\"eael-grid-post-holder\">\n            <div class=\"eael-grid-post-holder-inner\"><div class=\"eael-entry-media\"><div class=\"eael-entry-overlay fade-in\"><i class=\"far fa-hand-pointer\" aria-hidden=\"true\"><\/i><a href=\"https:\/\/soymigrante.com\/revista\/guatemala-danza-el-palo-volador-en-joyabaj-cubulco-o-chichicastenango-siempre-es-memorable\/\"><\/a><\/div><div class=\"eael-entry-thumbnail \">\n                <img loading=\"lazy\" decoding=\"async\" width=\"1024\" height=\"604\" src=\"https:\/\/soymigrante.com\/revista\/wp-content\/uploads\/2023\/09\/Captura-de-pantalla-2023-09-04-073800-e1693837574983-1024x604.webp\" class=\"attachment-large size-large wp-image-2458\" alt=\"Los monos Hun Batz y Hun Chouen en lo alto del palo antes de descender. Captura de pantalla de video de TV Asunci\u00f3n Joyabaj.\" srcset=\"https:\/\/soymigrante.com\/revista\/wp-content\/uploads\/2023\/09\/Captura-de-pantalla-2023-09-04-073800-e1693837574983-1024x604.webp 1024w, https:\/\/soymigrante.com\/revista\/wp-content\/uploads\/2023\/09\/Captura-de-pantalla-2023-09-04-073800-e1693837574983-300x177.webp 300w, https:\/\/soymigrante.com\/revista\/wp-content\/uploads\/2023\/09\/Captura-de-pantalla-2023-09-04-073800-e1693837574983-768x453.webp 768w, https:\/\/soymigrante.com\/revista\/wp-content\/uploads\/2023\/09\/Captura-de-pantalla-2023-09-04-073800-e1693837574983-750x442.webp 750w, https:\/\/soymigrante.com\/revista\/wp-content\/uploads\/2023\/09\/Captura-de-pantalla-2023-09-04-073800-e1693837574983-1140x673.webp 1140w, https:\/\/soymigrante.com\/revista\/wp-content\/uploads\/2023\/09\/Captura-de-pantalla-2023-09-04-073800-e1693837574983.webp 1256w\" sizes=\"(max-width: 1024px) 100vw, 1024px\" \/>\n            <\/div>\n        <\/div><div class=\"eael-entry-wrapper\"><header class=\"eael-entry-header\"><h2 class=\"eael-entry-title\"><a class=\"eael-grid-post-link\" href=\"https:\/\/soymigrante.com\/revista\/guatemala-danza-el-palo-volador-en-joyabaj-cubulco-o-chichicastenango-siempre-es-memorable\/\" title=\"Danzas de Guatemala: El Palo Volador en Joyabaj, Cubulco o Chichicastenango es inolvidable\">Danzas de Guatemala: El Palo Volador en Joyabaj, Cubulco o Chichicastenango es inolvidable<\/a><\/h2><\/header><div class=\"eael-entry-content\">\n                        <div class=\"eael-grid-post-excerpt\"><a href=\"https:\/\/soymigrante.com\/revista\/guatemala-danza-el-palo-volador-en-joyabaj-cubulco-o-chichicastenango-siempre-es-memorable\/\" class=\"eael-post-elements-readmore-btn\">CONOCE SU HISTORIA <\/a><\/div>\n                    <\/div><\/div><\/div>\n        <\/div>\n    <\/article><article class=\"eael-grid-post  eael-post-grid-column eael-pg-post-2449 category-guate-nuestra tags-danzas-de-guatemala\" data-id=\"2449\">\n        <div class=\"eael-grid-post-holder\">\n            <div class=\"eael-grid-post-holder-inner\"><div class=\"eael-entry-media\"><div class=\"eael-entry-overlay fade-in\"><i class=\"far fa-hand-pointer\" aria-hidden=\"true\"><\/i><a href=\"https:\/\/soymigrante.com\/revista\/danza-guatemala-el-ancestral-baile-del-venado\/\"><\/a><\/div><div class=\"eael-entry-thumbnail \">\n                <img loading=\"lazy\" decoding=\"async\" width=\"1024\" height=\"683\" src=\"https:\/\/soymigrante.com\/revista\/wp-content\/uploads\/2023\/09\/DANZA-DEL-VENADO-CUNEN-QUICHE-1024x683.webp\" class=\"attachment-large size-large wp-image-2450\" alt=\"DANZA DEL VENADO CUNEN QUICHE\" srcset=\"https:\/\/soymigrante.com\/revista\/wp-content\/uploads\/2023\/09\/DANZA-DEL-VENADO-CUNEN-QUICHE-1024x683.webp 1024w, https:\/\/soymigrante.com\/revista\/wp-content\/uploads\/2023\/09\/DANZA-DEL-VENADO-CUNEN-QUICHE-300x200.webp 300w, https:\/\/soymigrante.com\/revista\/wp-content\/uploads\/2023\/09\/DANZA-DEL-VENADO-CUNEN-QUICHE-768x512.webp 768w, https:\/\/soymigrante.com\/revista\/wp-content\/uploads\/2023\/09\/DANZA-DEL-VENADO-CUNEN-QUICHE-1536x1024.webp 1536w, https:\/\/soymigrante.com\/revista\/wp-content\/uploads\/2023\/09\/DANZA-DEL-VENADO-CUNEN-QUICHE-750x500.webp 750w, https:\/\/soymigrante.com\/revista\/wp-content\/uploads\/2023\/09\/DANZA-DEL-VENADO-CUNEN-QUICHE-1140x760.webp 1140w, https:\/\/soymigrante.com\/revista\/wp-content\/uploads\/2023\/09\/DANZA-DEL-VENADO-CUNEN-QUICHE-600x400.webp 600w, https:\/\/soymigrante.com\/revista\/wp-content\/uploads\/2023\/09\/DANZA-DEL-VENADO-CUNEN-QUICHE.webp 1920w\" sizes=\"(max-width: 1024px) 100vw, 1024px\" \/>\n            <\/div>\n        <\/div><div class=\"eael-entry-wrapper\"><header class=\"eael-entry-header\"><h2 class=\"eael-entry-title\"><a class=\"eael-grid-post-link\" href=\"https:\/\/soymigrante.com\/revista\/danza-guatemala-el-ancestral-baile-del-venado\/\" title=\"Danzas de Guatemala: El  Baile del Venado est\u00e1 en la memoria de muchos migrantes.\">Danzas de Guatemala: El  Baile del Venado est\u00e1 en la memoria de muchos migrantes.<\/a><\/h2><\/header><div class=\"eael-entry-content\">\n                        <div class=\"eael-grid-post-excerpt\"><a href=\"https:\/\/soymigrante.com\/revista\/danza-guatemala-el-ancestral-baile-del-venado\/\" class=\"eael-post-elements-readmore-btn\">CONOCE SU HISTORIA <\/a><\/div>\n                    <\/div><\/div><\/div>\n        <\/div>\n    <\/article><\/div>\n            <div class=\"clearfix\"><\/div>\n        <\/div>\t\t\t\t<\/div>\n\t\t\t\t\t<\/div>\n\t\t\t\t<\/div>\n\t\t\t\t<\/div>\n\t\t","protected":false},"excerpt":{"rendered":"<p>Elecci\u00f3n de Princesa Chnbj&#8217;ul (o Chinabj&#8217;ul) es una deslumbrante expresi\u00f3n colectiva y multicultural de identidad, tradici\u00f3n y uni\u00f3n de pueblos mayas de Huehuetenango. Desde 1983 se efect\u00faa la elecci\u00f3n de Princesa Chinabj&#8217;ul, un encuentro de hermandad, belleza, expresi\u00f3n cultural, identidad y multiculturalidad huehueteca.Este a\u00f1o es especialmente relevante porque se cumplen 500 a\u00f1os de la resistencia [&hellip;]<\/p>\n","protected":false},"author":13,"featured_media":39174,"comment_status":"open","ping_status":"open","sticky":false,"template":"","format":"standard","meta":{"_acf_changed":false,"_eb_attr":"","footnotes":""},"categories":[58],"tags":[],"class_list":["post-39173","post","type-post","status-publish","format-standard","has-post-thumbnail","hentry","category-guate-nuestra"],"acf":[],"aioseo_notices":[],"aioseo_head":"\n\t\t<!-- All in One SEO Pro 4.9.6.2 - aioseo.com -->\n\t<meta name=\"description\" content=\"Se calcula que El Baile del Venado surgi\u00f3 hace 1,500 a\u00f1os como un ritual de cacer\u00eda; tiene unos 26 danzantes y en cada localidad donde se celebra tiene distintas caracter\u00edsticas. Tradici\u00f3n en al menos 35 comunidades El Baile del Venado es una danza ritual que surgi\u00f3 hace unos 1,500 a\u00f1os, es decir en plena \u00e9poca\" \/>\n\t<meta name=\"robots\" content=\"max-snippet:-1, max-image-preview:large, max-video-preview:-1\" \/>\n\t<meta name=\"author\" content=\"Abel Ju\u00e1rez\"\/>\n\t<link rel=\"canonical\" href=\"https:\/\/soymigrante.com\/revista\/en-imagenes-brilla-multiculturalidad-en-eleccion-de-de-princesa-chnbjul-2025-en-huehuetenango\/\" \/>\n\t<meta name=\"generator\" content=\"All in One SEO Pro (AIOSEO) 4.9.6.2\" \/>\n\n\t\t<link rel=\"preconnect\" href=\"https:\/\/fonts.googleapis.com\" crossorigin>\n<link rel=\"preconnect\" href=\"https:\/\/fonts.gstatic.com\" crossorigin>\n\t\t<meta property=\"og:locale\" content=\"es_ES\" \/>\n\t\t<meta property=\"og:site_name\" content=\"SoyMigrante.com REVISTA \u2013 Nuestra misi\u00f3n es reconocer y dignificar al migrante.\" \/>\n\t\t<meta property=\"og:type\" content=\"article\" \/>\n\t\t<meta property=\"og:title\" content=\"Brilla multiculturalidad maya en Princesa Chnbj&#039;ul 2025\" \/>\n\t\t<meta property=\"og:description\" content=\"Deslumbrante muestra de indumentaria, tradici\u00f3n y misticismo, en Huehuetenango cabecera y en la antigua capital mam Zaculeu. Galer\u00eda de im\u00e1genes.\" \/>\n\t\t<meta property=\"og:url\" content=\"https:\/\/soymigrante.com\/revista\/en-imagenes-brilla-multiculturalidad-en-eleccion-de-de-princesa-chnbjul-2025-en-huehuetenango\/\" \/>\n\t\t<meta property=\"og:image\" content=\"https:\/\/soymigrante.com\/revista\/wp-content\/uploads\/2025\/07\/huehuetenango-princesa-chinabjul-o-chnbjul-2025-eleccion-tradicion-guatemala-abel-juarez-3-scaled.webp\" \/>\n\t\t<meta property=\"og:image:secure_url\" content=\"https:\/\/soymigrante.com\/revista\/wp-content\/uploads\/2025\/07\/huehuetenango-princesa-chinabjul-o-chnbjul-2025-eleccion-tradicion-guatemala-abel-juarez-3-scaled.webp\" \/>\n\t\t<meta property=\"og:image:width\" content=\"1920\" \/>\n\t\t<meta property=\"og:image:height\" content=\"1920\" \/>\n\t\t<meta property=\"article:published_time\" content=\"2025-07-12T00:30:54+00:00\" \/>\n\t\t<meta property=\"article:modified_time\" content=\"2025-07-12T00:38:23+00:00\" \/>\n\t\t<meta property=\"article:publisher\" content=\"https:\/\/www.facebook.com\/soymigrantecom\" \/>\n\t\t<meta name=\"twitter:card\" content=\"summary_large_image\" \/>\n\t\t<meta name=\"twitter:site\" content=\"@SoyMigrante_com\" \/>\n\t\t<meta name=\"twitter:title\" content=\"Brilla multiculturalidad maya en Princesa Chnbj&#039;ul 2025\" \/>\n\t\t<meta name=\"twitter:description\" content=\"Deslumbrante muestra de indumentaria, tradici\u00f3n y misticismo, en Huehuetenango cabecera y en la antigua capital mam Zaculeu. Galer\u00eda de im\u00e1genes.\" \/>\n\t\t<meta name=\"twitter:creator\" content=\"@SoyMigrante_com\" \/>\n\t\t<meta name=\"twitter:image\" content=\"https:\/\/soymigrante.com\/revista\/wp-content\/uploads\/2025\/07\/huehuetenango-princesa-chinabjul-o-chnbjul-2025-eleccion-tradicion-guatemala-abel-juarez-3-scaled.webp\" \/>\n\t\t<!-- All in One SEO Pro -->\r\n\t\t<title>Brilla multiculturalidad maya en Princesa Chnbj'ul 2025<\/title>\n\n","aioseo_head_json":{"title":"Brilla multiculturalidad maya en Princesa Chnbj'ul 2025","description":"Deslumbrante muestra de indumentaria, tradici\u00f3n y misticismo, en Huehuetenango cabecera y en la antigua capital mam Zaculeu. Galer\u00eda de im\u00e1genes.","canonical_url":"https:\/\/soymigrante.com\/revista\/en-imagenes-brilla-multiculturalidad-en-eleccion-de-de-princesa-chnbjul-2025-en-huehuetenango\/","robots":"max-snippet:-1, max-image-preview:large, max-video-preview:-1","keywords":"","webmasterTools":{"miscellaneous":"&lt;link rel=\"preconnect\" href=\"https:\/\/fonts.googleapis.com\" crossorigin&gt;\n&lt;link rel=\"preconnect\" href=\"https:\/\/fonts.gstatic.com\" crossorigin&gt;"},"schema":null,"og:locale":"es_ES","og:site_name":"SoyMigrante.com REVISTA \u2013 Nuestra misi\u00f3n es reconocer y dignificar al migrante.","og:type":"article","og:title":"Brilla multiculturalidad maya en Princesa Chnbj'ul 2025","og:description":"Deslumbrante muestra de indumentaria, tradici\u00f3n y misticismo, en Huehuetenango cabecera y en la antigua capital mam Zaculeu. Galer\u00eda de im\u00e1genes.","og:url":"https:\/\/soymigrante.com\/revista\/en-imagenes-brilla-multiculturalidad-en-eleccion-de-de-princesa-chnbjul-2025-en-huehuetenango\/","og:image":"https:\/\/soymigrante.com\/revista\/wp-content\/uploads\/2025\/07\/huehuetenango-princesa-chinabjul-o-chnbjul-2025-eleccion-tradicion-guatemala-abel-juarez-3-scaled.webp","og:image:secure_url":"https:\/\/soymigrante.com\/revista\/wp-content\/uploads\/2025\/07\/huehuetenango-princesa-chinabjul-o-chnbjul-2025-eleccion-tradicion-guatemala-abel-juarez-3-scaled.webp","og:image:width":1920,"og:image:height":1920,"article:published_time":"2025-07-12T00:30:54+00:00","article:modified_time":"2025-07-12T00:38:23+00:00","article:publisher":"https:\/\/www.facebook.com\/soymigrantecom","twitter:card":"summary_large_image","twitter:site":"@SoyMigrante_com","twitter:title":"Brilla multiculturalidad maya en Princesa Chnbj'ul 2025","twitter:description":"Deslumbrante muestra de indumentaria, tradici\u00f3n y misticismo, en Huehuetenango cabecera y en la antigua capital mam Zaculeu. Galer\u00eda de im\u00e1genes.","twitter:creator":"@SoyMigrante_com","twitter:image":"https:\/\/soymigrante.com\/revista\/wp-content\/uploads\/2025\/07\/huehuetenango-princesa-chinabjul-o-chnbjul-2025-eleccion-tradicion-guatemala-abel-juarez-3-scaled.webp"},"aioseo_meta_data":{"post_id":"39173","title":"Brilla multiculturalidad maya en Princesa Chnbj'ul 2025","description":"Deslumbrante muestra de indumentaria, tradici\u00f3n y misticismo, en Huehuetenango cabecera y en la antigua capital mam Zaculeu. Galer\u00eda de im\u00e1genes.","keywords":null,"keyphrases":{"focus":{"keyphrase":"Huehuetenango","score":74,"analysis":{"keyphraseInTitle":{"score":3,"maxScore":9,"error":1},"keyphraseInDescription":{"score":9,"maxScore":9,"error":0},"keyphraseLength":{"score":9,"maxScore":9,"error":0,"length":1},"keyphraseInURL":{"score":5,"maxScore":5,"error":0},"keyphraseInIntroduction":{"score":3,"maxScore":9,"error":1},"keyphraseInSubHeadings":{"score":3,"maxScore":9,"error":1},"keyphraseInImageAlt":{"score":9,"maxScore":9,"error":0},"keywordDensity":{"type":"best","score":9,"maxScore":9,"error":0}}},"additional":[{"keyphrase":"Princesa","score":87,"analysis":{"keyphraseInDescription":{"score":3,"maxScore":9,"error":1},"keyphraseLength":{"score":9,"maxScore":9,"error":0,"length":1},"keyphraseInIntroduction":{"score":9,"maxScore":9,"error":0},"keyphraseInImageAlt":{"score":9,"maxScore":9,"error":0},"keywordDensity":{"type":"best","score":9,"maxScore":9,"error":0}}},{"keyphrase":"Zaculeu","score":100,"analysis":{"keyphraseInDescription":{"score":9,"maxScore":9,"error":0},"keyphraseLength":{"score":9,"maxScore":9,"error":0,"length":1},"keyphraseInIntroduction":{"score":9,"maxScore":9,"error":0},"keyphraseInImageAlt":{"score":9,"maxScore":9,"error":0},"keywordDensity":{"type":"best","score":9,"maxScore":9,"error":0}}},{"keyphrase":"Chnb'jul","score":40,"analysis":{"keyphraseInDescription":{"score":3,"maxScore":9,"error":1},"keyphraseLength":{"score":9,"maxScore":9,"error":0,"length":1},"keyphraseInIntroduction":{"score":3,"maxScore":9,"error":1},"keyphraseInImageAlt":{"score":3,"maxScore":9,"error":1},"keywordDensity":{"score":0,"type":"low","maxScore":9,"error":1}}}]},"primary_term":null,"canonical_url":null,"og_title":null,"og_description":null,"og_object_type":"default","og_image_type":"default","og_image_url":null,"og_image_width":null,"og_image_height":null,"og_image_custom_url":null,"og_image_custom_fields":null,"og_video":"","og_custom_url":null,"og_article_section":null,"og_article_tags":null,"twitter_use_og":false,"twitter_card":"default","twitter_image_type":"default","twitter_image_url":null,"twitter_image_custom_url":null,"twitter_image_custom_fields":null,"twitter_title":null,"twitter_description":null,"schema":{"blockGraphs":[],"customGraphs":[],"default":{"data":{"Article":[],"Course":[],"Dataset":[],"FAQPage":[],"Movie":[],"Person":[],"Product":[],"ProductReview":[],"Car":[],"Recipe":[],"Service":[],"SoftwareApplication":[],"WebPage":[]},"graphName":"none","isEnabled":true},"graphs":[]},"schema_type":"default","schema_type_options":null,"pillar_content":false,"robots_default":true,"robots_noindex":false,"robots_noarchive":false,"robots_nosnippet":false,"robots_nofollow":false,"robots_noimageindex":false,"robots_noodp":false,"robots_notranslate":false,"robots_max_snippet":"-1","robots_max_videopreview":"-1","robots_max_imagepreview":"large","priority":null,"frequency":"default","local_seo":null,"seo_analyzer_scan_date":"2025-10-09 06:48:09","breadcrumb_settings":null,"limit_modified_date":false,"reviewed_by":"0","open_ai":null,"ai":{"faqs":[],"keyPoints":[],"titles":[],"descriptions":[],"socialPosts":{"email":[],"linkedin":[],"twitter":[],"facebook":[],"instagram":[]}},"created":"2025-07-11 23:39:35","updated":"2026-02-05 02:56:20"},"aioseo_breadcrumb":"<div class=\"aioseo-breadcrumbs\"><span class=\"aioseo-breadcrumb\">\n\t<a href=\"https:\/\/soymigrante.com\/revista\" title=\"Home\">Home<\/a>\n<\/span><span class=\"aioseo-breadcrumb-separator\">\u00bb<\/span><span class=\"aioseo-breadcrumb\">\n\t<a href=\"https:\/\/soymigrante.com\/revista\/category\/guate-nuestra\/\" title=\"Guate Nuestra\">Guate Nuestra<\/a>\n<\/span><span class=\"aioseo-breadcrumb-separator\">\u00bb<\/span><span class=\"aioseo-breadcrumb\">\n\tEn im\u00e1genes: brilla multiculturalidad en elecci\u00f3n de Princesa Chnbj\u2019ul 2025 en Huehuetenango\n<\/span><\/div>","aioseo_breadcrumb_json":[{"label":"Home","link":"https:\/\/soymigrante.com\/revista"},{"label":"Guate Nuestra","link":"https:\/\/soymigrante.com\/revista\/category\/guate-nuestra\/"},{"label":"En im\u00e1genes: brilla multiculturalidad en elecci\u00f3n de Princesa Chnbj&#8217;ul 2025 en Huehuetenango","link":"https:\/\/soymigrante.com\/revista\/en-imagenes-brilla-multiculturalidad-en-eleccion-de-de-princesa-chnbjul-2025-en-huehuetenango\/"}],"_links":{"self":[{"href":"https:\/\/soymigrante.com\/revista\/wp-json\/wp\/v2\/posts\/39173","targetHints":{"allow":["GET"]}}],"collection":[{"href":"https:\/\/soymigrante.com\/revista\/wp-json\/wp\/v2\/posts"}],"about":[{"href":"https:\/\/soymigrante.com\/revista\/wp-json\/wp\/v2\/types\/post"}],"author":[{"embeddable":true,"href":"https:\/\/soymigrante.com\/revista\/wp-json\/wp\/v2\/users\/13"}],"replies":[{"embeddable":true,"href":"https:\/\/soymigrante.com\/revista\/wp-json\/wp\/v2\/comments?post=39173"}],"version-history":[{"count":17,"href":"https:\/\/soymigrante.com\/revista\/wp-json\/wp\/v2\/posts\/39173\/revisions"}],"predecessor-version":[{"id":39205,"href":"https:\/\/soymigrante.com\/revista\/wp-json\/wp\/v2\/posts\/39173\/revisions\/39205"}],"wp:featuredmedia":[{"embeddable":true,"href":"https:\/\/soymigrante.com\/revista\/wp-json\/wp\/v2\/media\/39174"}],"wp:attachment":[{"href":"https:\/\/soymigrante.com\/revista\/wp-json\/wp\/v2\/media?parent=39173"}],"wp:term":[{"taxonomy":"category","embeddable":true,"href":"https:\/\/soymigrante.com\/revista\/wp-json\/wp\/v2\/categories?post=39173"},{"taxonomy":"post_tag","embeddable":true,"href":"https:\/\/soymigrante.com\/revista\/wp-json\/wp\/v2\/tags?post=39173"}],"curies":[{"name":"wp","href":"https:\/\/api.w.org\/{rel}","templated":true}]}}