{"id":3915,"date":"2023-12-20T10:30:02","date_gmt":"2023-12-20T16:30:02","guid":{"rendered":"https:\/\/soymigrante.com\/revista\/?p=3915"},"modified":"2025-03-10T13:38:25","modified_gmt":"2025-03-10T19:38:25","slug":"hermanos-migrantes-guatemaltecos-barberia-migrante-maryland","status":"publish","type":"post","link":"https:\/\/soymigrante.com\/revista\/hermanos-migrantes-guatemaltecos-barberia-migrante-maryland\/","title":{"rendered":"Hermanos migrantes de Olintepeque atienden su barber\u00eda en Hyattsville, Maryland"},"content":{"rendered":"\t\t<div data-elementor-type=\"wp-post\" data-elementor-id=\"3915\" class=\"elementor elementor-3915\" data-elementor-post-type=\"post\">\n\t\t\t\t\t\t<section data-particle_enable=\"false\" data-particle-mobile-disabled=\"false\" class=\"elementor-section elementor-top-section elementor-element elementor-element-2f530d5 elementor-section-boxed elementor-section-height-default elementor-section-height-default\" data-id=\"2f530d5\" data-element_type=\"section\" data-e-type=\"section\">\n\t\t\t\t\t\t<div class=\"elementor-container elementor-column-gap-default\">\n\t\t\t\t\t<div class=\"elementor-column elementor-col-100 elementor-top-column elementor-element elementor-element-f786e72\" data-id=\"f786e72\" data-element_type=\"column\" data-e-type=\"column\">\n\t\t\t<div class=\"elementor-widget-wrap elementor-element-populated\">\n\t\t\t\t\t\t<div class=\"elementor-element elementor-element-f0713e1 elementor-widget elementor-widget-heading\" data-id=\"f0713e1\" data-element_type=\"widget\" data-e-type=\"widget\" data-widget_type=\"heading.default\">\n\t\t\t\t\t<h2 class=\"elementor-heading-title elementor-size-default\">Prestige se llama la barber\u00eda atendida por los hermanos Marcos y Henry, en Maryland. Pero llegar a desempe\u00f1ar este oficio en Estados Unidos no fue f\u00e1cil, ni barato, ni r\u00e1pido: pero ah\u00ed est\u00e1 la lecci\u00f3n de perseverancia por un gran sue\u00f1o. Esta es la historia.<\/h2>\t\t\t\t<\/div>\n\t\t\t\t\t<\/div>\n\t\t<\/div>\n\t\t\t\t\t<\/div>\n\t\t<\/section>\n\t\t\t\t<section data-particle_enable=\"false\" data-particle-mobile-disabled=\"false\" class=\"elementor-section elementor-top-section elementor-element elementor-element-c0b3ef8 elementor-section-boxed elementor-section-height-default elementor-section-height-default\" data-id=\"c0b3ef8\" data-element_type=\"section\" data-e-type=\"section\">\n\t\t\t\t\t\t<div class=\"elementor-container elementor-column-gap-default\">\n\t\t\t\t\t<div class=\"elementor-column elementor-col-100 elementor-top-column elementor-element elementor-element-3db28d8\" data-id=\"3db28d8\" data-element_type=\"column\" data-e-type=\"column\">\n\t\t\t<div class=\"elementor-widget-wrap elementor-element-populated\">\n\t\t\t\t\t\t<div class=\"elementor-element elementor-element-de04806 elementor-widget elementor-widget-text-editor\" data-id=\"de04806\" data-element_type=\"widget\" data-e-type=\"widget\" data-widget_type=\"text-editor.default\">\n\t\t\t\t\t\t\t\t\t<p>Cuando era ni\u00f1o, Marcos P\u00e9rez ayudaba a su pap\u00e1, quien atend\u00eda su barber\u00eda en Olintepeque, <a href=\"https:\/\/soymigrante.com\/revista\/departamentos-de-guatemala-quetzaltenango-tiene-historia-de-500-anos\/\">Quetzaltenango<\/a>, Guatemala. Pero el padre falleci\u00f3 cuando Marcos ten\u00eda 14 a\u00f1os y aquel joven se tuvo que quedar a cargo del negocio. Tuvo que aplicar a temprana edad las ense\u00f1anzas, porque sobre sus espaldas -sus peines, sus tijeras, sus navajas y m\u00e1quinas cortadoras de cabello- recay\u00f3 el sostenimiento de su mam\u00e1 y hermanos.\u00a0Pero la necesidad era grande y el ingreso, limitado. As\u00ed que migr\u00f3 a Estados Unidos en busca de oportunidades.\u00a0\u00a0<\/p><p>&#8220;Mi hermano nos dio la oportunidad, luch\u00f3 por nosotros&#8221;, confirma Henry, tres a\u00f1os menor, a quien Marcos capacit\u00f3 para que atendiera junto a \u00e9l la barber\u00eda Prestige, fundada este 2023 en un centro comercial de Hyattsville, <a href=\"https:\/\/soymigrante.com\/revista\/migrante-guatemalteco-darvin-foto-video-recuerdos-en-maryland\/\">Maryland<\/a>. Pero el proyecto no fue f\u00e1cil, ni r\u00e1pido. Esta es la historia.<\/p>\t\t\t\t\t\t\t\t<\/div>\n\t\t\t\t\t<\/div>\n\t\t<\/div>\n\t\t\t\t\t<\/div>\n\t\t<\/section>\n\t\t\t\t<section data-particle_enable=\"false\" data-particle-mobile-disabled=\"false\" class=\"elementor-section elementor-top-section elementor-element elementor-element-5be8477 elementor-section-boxed elementor-section-height-default elementor-section-height-default\" data-id=\"5be8477\" data-element_type=\"section\" data-e-type=\"section\">\n\t\t\t\t\t\t<div class=\"elementor-container elementor-column-gap-default\">\n\t\t\t\t\t<div class=\"elementor-column elementor-col-100 elementor-top-column elementor-element elementor-element-63bc3c1\" data-id=\"63bc3c1\" data-element_type=\"column\" data-e-type=\"column\">\n\t\t\t<div class=\"elementor-widget-wrap elementor-element-populated\">\n\t\t\t\t\t\t<div class=\"elementor-element elementor-element-9366a92 elementor-invisible elementor-widget elementor-widget-image\" data-id=\"9366a92\" data-element_type=\"widget\" data-e-type=\"widget\" data-settings=\"{&quot;_animation&quot;:&quot;fadeInUp&quot;}\" data-widget_type=\"image.default\">\n\t\t\t\t\t\t\t\t\t\t\t\t<figure class=\"wp-caption\">\n\t\t\t\t\t\t\t\t\t\t<img fetchpriority=\"high\" decoding=\"async\" width=\"681\" height=\"484\" src=\"https:\/\/soymigrante.com\/revista\/wp-content\/uploads\/2023\/12\/409459585_2016730642084221_7107747452535270613_n-e1703177986784.webp\" class=\"attachment-large size-large wp-image-3940\" alt=\"\" srcset=\"https:\/\/soymigrante.com\/revista\/wp-content\/uploads\/2023\/12\/409459585_2016730642084221_7107747452535270613_n-e1703177986784.webp 681w, https:\/\/soymigrante.com\/revista\/wp-content\/uploads\/2023\/12\/409459585_2016730642084221_7107747452535270613_n-e1703177986784-300x213.webp 300w, https:\/\/soymigrante.com\/revista\/wp-content\/uploads\/2023\/12\/409459585_2016730642084221_7107747452535270613_n-e1703177986784-120x86.webp 120w, https:\/\/soymigrante.com\/revista\/wp-content\/uploads\/2023\/12\/409459585_2016730642084221_7107747452535270613_n-e1703177986784-350x250.webp 350w\" sizes=\"(max-width: 681px) 100vw, 681px\" title=\"Marcos y Henry participaron en una convocatoria para  hacer recortes de pelo en Nueva York. Aqu\u00ed, en la famosa esquina Times Square. \u2013 SoyMigrante.com REVISTA\" \/>\t\t\t\t\t\t\t\t\t\t\t<figcaption class=\"widget-image-caption wp-caption-text\">Marcos y Henry participaron en una convocatoria para  hacer recortes de pelo en Nueva York. Aqu\u00ed, en la famosa esquina Times Square.<\/figcaption>\n\t\t\t\t\t\t\t\t\t\t<\/figure>\n\t\t\t\t\t\t\t\t\t<\/div>\n\t\t\t\t\t<\/div>\n\t\t<\/div>\n\t\t\t\t\t<\/div>\n\t\t<\/section>\n\t\t\t\t<section data-particle_enable=\"false\" data-particle-mobile-disabled=\"false\" class=\"elementor-section elementor-top-section elementor-element elementor-element-2cb6ec9 elementor-section-boxed elementor-section-height-default elementor-section-height-default\" data-id=\"2cb6ec9\" data-element_type=\"section\" data-e-type=\"section\">\n\t\t\t\t\t\t<div class=\"elementor-container elementor-column-gap-default\">\n\t\t\t\t\t<div class=\"elementor-column elementor-col-100 elementor-top-column elementor-element elementor-element-e119dfa\" data-id=\"e119dfa\" data-element_type=\"column\" data-e-type=\"column\">\n\t\t\t<div class=\"elementor-widget-wrap elementor-element-populated\">\n\t\t\t\t\t\t<div class=\"elementor-element elementor-element-86150ff elementor-widget elementor-widget-heading\" data-id=\"86150ff\" data-element_type=\"widget\" data-e-type=\"widget\" data-widget_type=\"heading.default\">\n\t\t\t\t\t<h3 class=\"elementor-heading-title elementor-size-default\">Acarreando ladrillos y otros duros trabajos<\/h3>\t\t\t\t<\/div>\n\t\t\t\t\t<\/div>\n\t\t<\/div>\n\t\t\t\t\t<\/div>\n\t\t<\/section>\n\t\t\t\t<section data-particle_enable=\"false\" data-particle-mobile-disabled=\"false\" class=\"elementor-section elementor-top-section elementor-element elementor-element-652f324 elementor-section-boxed elementor-section-height-default elementor-section-height-default\" data-id=\"652f324\" data-element_type=\"section\" data-e-type=\"section\">\n\t\t\t\t\t\t<div class=\"elementor-container elementor-column-gap-default\">\n\t\t\t\t\t<div class=\"elementor-column elementor-col-100 elementor-top-column elementor-element elementor-element-ff149de\" data-id=\"ff149de\" data-element_type=\"column\" data-e-type=\"column\">\n\t\t\t<div class=\"elementor-widget-wrap elementor-element-populated\">\n\t\t\t\t\t\t<div class=\"elementor-element elementor-element-dfaf6b7 elementor-widget elementor-widget-text-editor\" data-id=\"dfaf6b7\" data-element_type=\"widget\" data-e-type=\"widget\" data-widget_type=\"text-editor.default\">\n\t\t\t\t\t\t\t\t\t<p>Marcos P\u00e9rez cuenta acerca de sus primeros d\u00edas como migrante en Estados Unidos. Como a muchos <a href=\"https:\/\/soymigrante.com\/revista\/editorial-la-guatemala-migrante-trabaja-aporta-ama-y-vuela-alto\/\">migrantes<\/a>, le toc\u00f3 efectuar duras labores antes de poder llegar a su sue\u00f1o:\u00a0&#8220;La persona que me recibi\u00f3 en Maryland me dijo: vamos a <i>la parada<\/i> (esquina en donde se re\u00fanen migrantes para esperar a que los contraten para cualquier trabajo). Nos fuimos y nos pasaron trayendo para una obra de construcci\u00f3n&#8221;.<\/p><p>&#8220;Hab\u00eda que instalar ladrillos en un noveno piso. Pero yo no sab\u00eda a\u00fan ese oficio. Como no hab\u00eda elevadores, mi trabajo era agarrar unas cubetas, poner unos 10 a 20 ladrillos, lo que aguantara de peso, y subirlas, por las gradas, hasta el noveno piso&#8221;.\u00a0<\/p><p>&#8220;As\u00ed trabaje varios d\u00edas.\u00a0 Despu\u00e9s trabaj\u00e9 en demolici\u00f3n, en instalaci\u00f3n de asbesto, limpiando moho, removiendo plomo, haciendo instalaciones de electricidad, aprend\u00ed carpinter\u00eda porque me juntaba con los &#8216;handyman&#8217;,\u00a0 esos muchachos que arreglan de todo&#8221;.<\/p>\t\t\t\t\t\t\t\t<\/div>\n\t\t\t\t\t<\/div>\n\t\t<\/div>\n\t\t\t\t\t<\/div>\n\t\t<\/section>\n\t\t\t\t<section data-particle_enable=\"false\" data-particle-mobile-disabled=\"false\" class=\"elementor-section elementor-top-section elementor-element elementor-element-9343ca2 elementor-section-boxed elementor-section-height-default elementor-section-height-default\" data-id=\"9343ca2\" data-element_type=\"section\" data-e-type=\"section\">\n\t\t\t\t\t\t<div class=\"elementor-container elementor-column-gap-default\">\n\t\t\t\t\t<div class=\"elementor-column elementor-col-100 elementor-top-column elementor-element elementor-element-850a350\" data-id=\"850a350\" data-element_type=\"column\" data-e-type=\"column\">\n\t\t\t<div class=\"elementor-widget-wrap elementor-element-populated\">\n\t\t\t\t\t\t<div class=\"elementor-element elementor-element-9c57cf6 elementor-widget elementor-widget-image\" data-id=\"9c57cf6\" data-element_type=\"widget\" data-e-type=\"widget\" data-settings=\"{&quot;motion_fx_motion_fx_mouse&quot;:&quot;yes&quot;,&quot;motion_fx_tilt_effect&quot;:&quot;yes&quot;,&quot;motion_fx_tilt_speed&quot;:{&quot;unit&quot;:&quot;px&quot;,&quot;size&quot;:1.6,&quot;sizes&quot;:[]}}\" data-widget_type=\"image.default\">\n\t\t\t\t\t\t\t\t\t\t\t\t<figure class=\"wp-caption\">\n\t\t\t\t\t\t\t\t\t\t<img decoding=\"async\" width=\"768\" height=\"863\" src=\"https:\/\/soymigrante.com\/revista\/wp-content\/uploads\/2023\/12\/409906117_7614366778593069_1317286901451439213_n-e1703178147707.webp\" class=\"attachment-large size-large wp-image-3937\" alt=\"\" srcset=\"https:\/\/soymigrante.com\/revista\/wp-content\/uploads\/2023\/12\/409906117_7614366778593069_1317286901451439213_n-e1703178147707.webp 768w, https:\/\/soymigrante.com\/revista\/wp-content\/uploads\/2023\/12\/409906117_7614366778593069_1317286901451439213_n-e1703178147707-267x300.webp 267w, https:\/\/soymigrante.com\/revista\/wp-content\/uploads\/2023\/12\/409906117_7614366778593069_1317286901451439213_n-e1703178147707-750x843.webp 750w\" sizes=\"(max-width: 768px) 100vw, 768px\" title=\"La peluquer\u00eda Prestige atiende por cita. Tambi\u00e9n sin cita, pero es posible que tenga que esperar un buen rato. \u2013 SoyMigrante.com REVISTA\" \/>\t\t\t\t\t\t\t\t\t\t\t<figcaption class=\"widget-image-caption wp-caption-text\">La peluquer\u00eda Prestige atiende por cita. Tambi\u00e9n sin cita, pero es posible que tenga que esperar un buen rato.<\/figcaption>\n\t\t\t\t\t\t\t\t\t\t<\/figure>\n\t\t\t\t\t\t\t\t\t<\/div>\n\t\t\t\t\t<\/div>\n\t\t<\/div>\n\t\t\t\t\t<\/div>\n\t\t<\/section>\n\t\t\t\t<section data-particle_enable=\"false\" data-particle-mobile-disabled=\"false\" class=\"elementor-section elementor-top-section elementor-element elementor-element-e6e58f5 elementor-section-boxed elementor-section-height-default elementor-section-height-default\" data-id=\"e6e58f5\" data-element_type=\"section\" data-e-type=\"section\">\n\t\t\t\t\t\t<div class=\"elementor-container elementor-column-gap-default\">\n\t\t\t\t\t<div class=\"elementor-column elementor-col-100 elementor-top-column elementor-element elementor-element-95a09e5\" data-id=\"95a09e5\" data-element_type=\"column\" data-e-type=\"column\">\n\t\t\t<div class=\"elementor-widget-wrap elementor-element-populated\">\n\t\t\t\t\t\t<div class=\"elementor-element elementor-element-623b19c elementor-widget elementor-widget-heading\" data-id=\"623b19c\" data-element_type=\"widget\" data-e-type=\"widget\" data-widget_type=\"heading.default\">\n\t\t\t\t\t<h3 class=\"elementor-heading-title elementor-size-default\">Prestige naci\u00f3 de un nacimiento (\u00bfC\u00f3mo as\u00ed?)<\/h3>\t\t\t\t<\/div>\n\t\t\t\t\t<\/div>\n\t\t<\/div>\n\t\t\t\t\t<\/div>\n\t\t<\/section>\n\t\t\t\t<section data-particle_enable=\"false\" data-particle-mobile-disabled=\"false\" class=\"elementor-section elementor-top-section elementor-element elementor-element-07de21e elementor-section-boxed elementor-section-height-default elementor-section-height-default\" data-id=\"07de21e\" data-element_type=\"section\" data-e-type=\"section\">\n\t\t\t\t\t\t<div class=\"elementor-container elementor-column-gap-default\">\n\t\t\t\t\t<div class=\"elementor-column elementor-col-100 elementor-top-column elementor-element elementor-element-dcd7b4c\" data-id=\"dcd7b4c\" data-element_type=\"column\" data-e-type=\"column\">\n\t\t\t<div class=\"elementor-widget-wrap elementor-element-populated\">\n\t\t\t\t\t\t<div class=\"elementor-element elementor-element-11f4996 elementor-widget elementor-widget-text-editor\" data-id=\"11f4996\" data-element_type=\"widget\" data-e-type=\"widget\" data-widget_type=\"text-editor.default\">\n\t\t\t\t\t\t\t\t\t<p><span style=\"color: var( --e-global-color-text );\">Marcos encontr\u00f3 trabajo en algunas barber\u00edas y realmente no pensaba quedarse en Estados Unidos. En 2022 plane\u00f3 regresar a Olintepeque para instalar una barber\u00eda en su pueblo. Compr\u00f3 equipo y se dispon\u00eda a enviarlo cuando recibi\u00f3 una noticia de su novia: iba a ser pap\u00e1.<\/span><\/p><p>&#8220;Autom\u00e1ticamente todo eso cambi\u00f3 mi panorama. Iba a nacer mi hijo. Ya no mand\u00e9 el equipo a Guatemala.\u00a0Decid\u00ed empezar a buscar un local y poner mi propia barber\u00eda. La verdad ees que desde que yo llegu\u00e9 ten\u00eda mente emprendedora y poco a poco me d\u00ed cuenta que no hay limitaciones en lo que uno quiere lograr. solo depende de uno&#8221;.<\/p><p>Su hijo naci\u00f3 y con \u00e9l tambi\u00e9n el emprendimiento con el que retorn\u00f3 a su oficio. En Prestige trabajan Marcos y Henry, pero tambi\u00e9n han contratado a varios barberos de diversas nacionalidades debido a la demanda. <a href=\"https:\/\/soymigrante.com\/revista\/migrante-estilista-guatemalteco-sergio-arevalo-increible-historia-ayuda-ninez\/\">Recientemente atendieron al estilista de las celebridades, el tambi\u00e9n migrante guatemalteco Sergio Fernando Ar\u00e9valo, quien les elogi\u00f3 y anim\u00f3 a continuar.<\/a><\/p>\t\t\t\t\t\t\t\t<\/div>\n\t\t\t\t\t<\/div>\n\t\t<\/div>\n\t\t\t\t\t<\/div>\n\t\t<\/section>\n\t\t\t\t<section data-particle_enable=\"false\" data-particle-mobile-disabled=\"false\" class=\"elementor-section elementor-top-section elementor-element elementor-element-a5e317a elementor-section-boxed elementor-section-height-default elementor-section-height-default\" data-id=\"a5e317a\" data-element_type=\"section\" data-e-type=\"section\">\n\t\t\t\t\t\t<div class=\"elementor-container elementor-column-gap-default\">\n\t\t\t\t\t<div class=\"elementor-column elementor-col-100 elementor-top-column elementor-element elementor-element-7340bd8\" data-id=\"7340bd8\" data-element_type=\"column\" data-e-type=\"column\">\n\t\t\t<div class=\"elementor-widget-wrap elementor-element-populated\">\n\t\t\t\t\t\t<div class=\"elementor-element elementor-element-f671086 elementor-arrows-position-inside elementor-pagination-position-outside elementor-invisible elementor-widget elementor-widget-image-carousel\" data-id=\"f671086\" data-element_type=\"widget\" data-e-type=\"widget\" data-settings=\"{&quot;slides_to_show&quot;:&quot;1&quot;,&quot;autoplay_speed&quot;:1000,&quot;_animation&quot;:&quot;rotateIn&quot;,&quot;navigation&quot;:&quot;both&quot;,&quot;autoplay&quot;:&quot;yes&quot;,&quot;pause_on_hover&quot;:&quot;yes&quot;,&quot;pause_on_interaction&quot;:&quot;yes&quot;,&quot;infinite&quot;:&quot;yes&quot;,&quot;effect&quot;:&quot;slide&quot;,&quot;speed&quot;:500}\" data-widget_type=\"image-carousel.default\">\n\t\t\t\t\t\t\t<div class=\"elementor-image-carousel-wrapper swiper\" role=\"region\" aria-roledescription=\"carousel\" aria-label=\"Carrusel de im\u00e1genes\" dir=\"ltr\">\n\t\t\t<div class=\"elementor-image-carousel swiper-wrapper\" aria-live=\"off\">\n\t\t\t\t\t\t\t\t<div class=\"swiper-slide\" role=\"group\" aria-roledescription=\"slide\" aria-label=\"1 de 9\"><figure class=\"swiper-slide-inner\"><img decoding=\"async\" class=\"swiper-slide-image\" src=\"https:\/\/soymigrante.com\/revista\/wp-content\/uploads\/2023\/12\/Marcos-y-Henry-Perez-de-Olintepeque-hermanos-barberos-en-Maryland-2-768x1024.webp\" alt=\"Marcos P\u00e9rez recibi\u00f3 en noviembre la visita del estilista de las celebridades, el guatemalteco Sergio Fernando Ar\u00e9valo.\" \/><figcaption class=\"elementor-image-carousel-caption\">Marcos P\u00e9rez recibi\u00f3 en noviembre la visita del estilista de las celebridades, el guatemalteco Sergio Fernando Ar\u00e9valo.<\/figcaption><\/figure><\/div><div class=\"swiper-slide\" role=\"group\" aria-roledescription=\"slide\" aria-label=\"2 de 9\"><figure class=\"swiper-slide-inner\"><img decoding=\"async\" class=\"swiper-slide-image\" src=\"https:\/\/soymigrante.com\/revista\/wp-content\/uploads\/2023\/12\/Marcos-y-Henry-Perez-de-Olintepeque-hermanos-barberos-en-Maryland-7-768x1024.webp\" alt=\"Prestige trabaja bajo las normas sanitarias requeridas por el Estado de Maryland\" \/><figcaption class=\"elementor-image-carousel-caption\">Prestige trabaja bajo las normas sanitarias requeridas por el Estado de Maryland<\/figcaption><\/figure><\/div><div class=\"swiper-slide\" role=\"group\" aria-roledescription=\"slide\" aria-label=\"3 de 9\"><figure class=\"swiper-slide-inner\"><img decoding=\"async\" class=\"swiper-slide-image\" src=\"https:\/\/soymigrante.com\/revista\/wp-content\/uploads\/2023\/12\/386870825_1705644143281626_7038000394695389605_n-768x1024.webp\" alt=\"Integrantes del equipo Xelaj\u00fa MC han llegado a la barber\u00eda Prestige, en sus giras por Estados Unidos. Aqu\u00ed, Marcos le recorta el cabello al seleccionado Darwin Lom.\" \/><figcaption class=\"elementor-image-carousel-caption\">Integrantes del equipo Xelaj\u00fa MC han llegado a la barber\u00eda Prestige, en sus giras por Estados Unidos. Aqu\u00ed, Marcos le recorta el cabello al seleccionado Darwin Lom.<\/figcaption><\/figure><\/div><div class=\"swiper-slide\" role=\"group\" aria-roledescription=\"slide\" aria-label=\"4 de 9\"><figure class=\"swiper-slide-inner\"><img decoding=\"async\" class=\"swiper-slide-image\" src=\"https:\/\/soymigrante.com\/revista\/wp-content\/uploads\/2023\/12\/Marcos-y-Henry-Perez-de-Olintepeque-hermanos-barberos-en-Maryland-8.webp\" alt=\"La clientela de Prestige es multicultural y siempre trae pedidos muy particulares.\" \/><figcaption class=\"elementor-image-carousel-caption\">La clientela de Prestige es multicultural y siempre trae pedidos muy particulares.<\/figcaption><\/figure><\/div><div class=\"swiper-slide\" role=\"group\" aria-roledescription=\"slide\" aria-label=\"5 de 9\"><figure class=\"swiper-slide-inner\"><img decoding=\"async\" class=\"swiper-slide-image\" src=\"https:\/\/soymigrante.com\/revista\/wp-content\/uploads\/2023\/12\/Marcos-y-Henry-Perez-de-Olintepeque-hermanos-barberos-en-Maryland-5-768x1024.webp\" alt=\"Fotograf\u00eda para exaltar el origen guatemalteco de los barberos Marcos y Henry, en Maryland.\" \/><figcaption class=\"elementor-image-carousel-caption\">Fotograf\u00eda para exaltar el origen guatemalteco de los barberos Marcos y Henry, en Maryland.<\/figcaption><\/figure><\/div><div class=\"swiper-slide\" role=\"group\" aria-roledescription=\"slide\" aria-label=\"6 de 9\"><figure class=\"swiper-slide-inner\"><img decoding=\"async\" class=\"swiper-slide-image\" src=\"https:\/\/soymigrante.com\/revista\/wp-content\/uploads\/2023\/12\/Marcos-y-Henry-Perez-de-Olintepeque-hermanos-barberos-en-Maryland-6-768x1024.webp\" alt=\"El m\u00e1s peque\u00f1o detalle se efect\u00faa con esmero.\" \/><figcaption class=\"elementor-image-carousel-caption\">El m\u00e1s peque\u00f1o detalle se efect\u00faa con esmero.<\/figcaption><\/figure><\/div><div class=\"swiper-slide\" role=\"group\" aria-roledescription=\"slide\" aria-label=\"7 de 9\"><figure class=\"swiper-slide-inner\"><img decoding=\"async\" class=\"swiper-slide-image\" src=\"https:\/\/soymigrante.com\/revista\/wp-content\/uploads\/2023\/12\/406576945_705256404680748_4304628263789323377_n-768x1024.webp\" alt=\"El modelo de pasarela Gianni INC es un cliente habitual de Prestige\" \/><figcaption class=\"elementor-image-carousel-caption\">El modelo de pasarela Gianni INC es un cliente habitual de Prestige<\/figcaption><\/figure><\/div><div class=\"swiper-slide\" role=\"group\" aria-roledescription=\"slide\" aria-label=\"8 de 9\"><figure class=\"swiper-slide-inner\"><img decoding=\"async\" class=\"swiper-slide-image\" src=\"https:\/\/soymigrante.com\/revista\/wp-content\/uploads\/2023\/12\/406812770_2139115629786848_8891179016142909446_n.webp\" alt=\"Henry participa en otra de las actividades de corte de cabello, en una terraza de Nueva York.\" \/><figcaption class=\"elementor-image-carousel-caption\">Henry participa en otra de las actividades de corte de cabello, en una terraza de Nueva York.<\/figcaption><\/figure><\/div><div class=\"swiper-slide\" role=\"group\" aria-roledescription=\"slide\" aria-label=\"9 de 9\"><figure class=\"swiper-slide-inner\"><img decoding=\"async\" class=\"swiper-slide-image\" src=\"https:\/\/soymigrante.com\/revista\/wp-content\/uploads\/2023\/12\/406750360_2113737068980411_2258767973251371258_n-1-768x1024.webp\" alt=\"No solo se hacen recortes, tambi\u00e9n tintes y tratamientos faciales en la barber\u00eda Prestige\" \/><figcaption class=\"elementor-image-carousel-caption\">No solo se hacen recortes, tambi\u00e9n tintes y tratamientos faciales en la barber\u00eda Prestige<\/figcaption><\/figure><\/div>\t\t\t<\/div>\n\t\t\t\t\t\t\t\t\t\t\t\t<div class=\"elementor-swiper-button elementor-swiper-button-prev\" role=\"button\" tabindex=\"0\">\n\t\t\t\t\t\t<i aria-hidden=\"true\" class=\"eicon-chevron-left\"><\/i>\t\t\t\t\t<\/div>\n\t\t\t\t\t<div class=\"elementor-swiper-button elementor-swiper-button-next\" role=\"button\" tabindex=\"0\">\n\t\t\t\t\t\t<i aria-hidden=\"true\" class=\"eicon-chevron-right\"><\/i>\t\t\t\t\t<\/div>\n\t\t\t\t\n\t\t\t\t\t\t\t\t\t<div class=\"swiper-pagination\"><\/div>\n\t\t\t\t\t\t\t\t\t<\/div>\n\t\t\t\t\t\t<\/div>\n\t\t\t\t\t<\/div>\n\t\t<\/div>\n\t\t\t\t\t<\/div>\n\t\t<\/section>\n\t\t\t\t<section data-particle_enable=\"false\" data-particle-mobile-disabled=\"false\" class=\"elementor-section elementor-top-section elementor-element elementor-element-401dc81 elementor-section-boxed elementor-section-height-default elementor-section-height-default\" data-id=\"401dc81\" data-element_type=\"section\" data-e-type=\"section\">\n\t\t\t\t\t\t<div class=\"elementor-container elementor-column-gap-default\">\n\t\t\t\t\t<div class=\"elementor-column elementor-col-100 elementor-top-column elementor-element elementor-element-f99e251\" data-id=\"f99e251\" data-element_type=\"column\" data-e-type=\"column\">\n\t\t\t<div class=\"elementor-widget-wrap elementor-element-populated\">\n\t\t\t\t\t\t<div class=\"elementor-element elementor-element-dc745d9 elementor-widget elementor-widget-heading\" data-id=\"dc745d9\" data-element_type=\"widget\" data-e-type=\"widget\" data-widget_type=\"heading.default\">\n\t\t\t\t\t<h3 class=\"elementor-heading-title elementor-size-default\">En la hermandad est\u00e1 la fortaleza<\/h3>\t\t\t\t<\/div>\n\t\t\t\t\t<\/div>\n\t\t<\/div>\n\t\t\t\t\t<\/div>\n\t\t<\/section>\n\t\t\t\t<section data-particle_enable=\"false\" data-particle-mobile-disabled=\"false\" class=\"elementor-section elementor-top-section elementor-element elementor-element-4c6fc32 elementor-section-boxed elementor-section-height-default elementor-section-height-default\" data-id=\"4c6fc32\" data-element_type=\"section\" data-e-type=\"section\">\n\t\t\t\t\t\t<div class=\"elementor-container elementor-column-gap-default\">\n\t\t\t\t\t<div class=\"elementor-column elementor-col-100 elementor-top-column elementor-element elementor-element-73170a9\" data-id=\"73170a9\" data-element_type=\"column\" data-e-type=\"column\">\n\t\t\t<div class=\"elementor-widget-wrap elementor-element-populated\">\n\t\t\t\t\t\t<div class=\"elementor-element elementor-element-349d967 elementor-widget elementor-widget-text-editor\" data-id=\"349d967\" data-element_type=\"widget\" data-e-type=\"widget\" data-widget_type=\"text-editor.default\">\n\t\t\t\t\t\t\t\t\t<p>Henry P\u00e9rez<span style=\"color: var( --e-global-color-text );\">\u00a0lleg\u00f3 a Estados Unidos cuando Marcos ya trabajaba en barber\u00edas. Fue su maestro y mentor que le puso al d\u00eda de nuevas t\u00e9cnicas y estilos.<\/span><\/p><p><span style=\"color: var( --e-global-color-text );\">&#8220;Reconozco que a m\u00ed no me toc\u00f3 hacer todos los oficios que hizo mi hermano. Yo llegu\u00e9 a ser barbero. Descubr\u00ed que aqu\u00ed los cortes son totalmente diferentes, todo est\u00e1 mas actualizado, hay m\u00e1s herramientas, inal\u00e1mbricas, los clientes llegan por cita. Aqu\u00ed se hacen cortes libres, con figuritas, pero eso nos obliga a actualizarnos m\u00e1s. Adem\u00e1s aqu\u00ed un barbero trabaja la farmacolog\u00eda, colorimetr\u00eda, visagismo&#8221;.<\/span><\/p><p><span style=\"color: var( --e-global-color-text );\">La fortaleza de Marcos y Henry es su hermandad, su esp\u00edritu de avance y el servicio que prestan a cada cliente en su local. Adem\u00e1s anhelan poder compartir sus aprendizajes con barberos en Guatemala, por ello en 2020 organizaron el primer festival <a href=\"https:\/\/soymigrante.com\/revista\/migrantes-impulsan-festival-internacional-utz-barber-en-olintepeque-invitan-a-participar\/\">Utz Barber (Buen Barbero) en Olintepeque y planean efectuar otros, para promover la innovaci\u00f3n y la profesionalizaci\u00f3n constante.<\/a><\/span><\/p>\t\t\t\t\t\t\t\t<\/div>\n\t\t\t\t\t<\/div>\n\t\t<\/div>\n\t\t\t\t\t<\/div>\n\t\t<\/section>\n\t\t\t\t<section data-particle_enable=\"false\" data-particle-mobile-disabled=\"false\" class=\"elementor-section elementor-top-section elementor-element elementor-element-72efa0a elementor-section-boxed elementor-section-height-default elementor-section-height-default\" data-id=\"72efa0a\" data-element_type=\"section\" data-e-type=\"section\">\n\t\t\t\t\t\t<div class=\"elementor-container elementor-column-gap-default\">\n\t\t\t\t\t<div class=\"elementor-column elementor-col-100 elementor-top-column elementor-element elementor-element-1b5ce4e\" data-id=\"1b5ce4e\" data-element_type=\"column\" data-e-type=\"column\">\n\t\t\t<div class=\"elementor-widget-wrap elementor-element-populated\">\n\t\t\t\t\t\t<div class=\"elementor-element elementor-element-3688a25 elementor-invisible elementor-widget elementor-widget-google_maps\" data-id=\"3688a25\" data-element_type=\"widget\" data-e-type=\"widget\" data-settings=\"{&quot;_animation&quot;:&quot;fadeInUp&quot;}\" data-widget_type=\"google_maps.default\">\n\t\t\t\t\t\t\t<div class=\"elementor-custom-embed\">\n\t\t\t<iframe loading=\"lazy\"\n\t\t\t\t\tsrc=\"https:\/\/maps.google.com\/maps?q=Prestige%20Barber%20Hyattsville&#038;t=m&#038;z=10&#038;output=embed&#038;iwloc=near\"\n\t\t\t\t\ttitle=\"Prestige Barber Hyattsville\"\n\t\t\t\t\taria-label=\"Prestige Barber Hyattsville\"\n\t\t\t><\/iframe>\n\t\t<\/div>\n\t\t\t\t\t\t<\/div>\n\t\t\t\t\t<\/div>\n\t\t<\/div>\n\t\t\t\t\t<\/div>\n\t\t<\/section>\n\t\t<div data-particle_enable=\"false\" data-particle-mobile-disabled=\"false\" class=\"elementor-element elementor-element-3ba2ce9 e-flex e-con-boxed e-con e-parent\" data-id=\"3ba2ce9\" data-element_type=\"container\" data-e-type=\"container\">\n\t\t\t\t\t<div class=\"e-con-inner\">\n\t\t\t\t<div class=\"elementor-element elementor-element-32dd79d elementor-widget elementor-widget-image\" data-id=\"32dd79d\" data-element_type=\"widget\" data-e-type=\"widget\" data-widget_type=\"image.default\">\n\t\t\t\t\t\t\t\t\t\t\t\t<figure class=\"wp-caption\">\n\t\t\t\t\t\t\t\t\t\t\t<a href=\"https:\/\/soymigrante.com\/revista\/migrante-estilista-guatemalteco-sergio-arevalo-increible-historia-ayuda-ninez\/\">\n\t\t\t\t\t\t\t<img decoding=\"async\" width=\"768\" height=\"652\" src=\"https:\/\/soymigrante.com\/revista\/wp-content\/uploads\/2023\/12\/Marcos-y-Henry-Perez-de-Olintepeque-hermanos-barberos-en-Maryland-15-e1703086375846-1024x869.webp\" class=\"attachment-large size-large wp-image-3926\" alt=\"Los hermanos Marcos y Henry P\u00e9rez, de la barber\u00eda Prestige, atendieron en noviembre \u00faltimo al estilista migrante guatemalteco Sergop Fernando Ar\u00e9valo, quien peina a celebridades en su sal\u00f3n de Los Angeles.\" srcset=\"https:\/\/soymigrante.com\/revista\/wp-content\/uploads\/2023\/12\/Marcos-y-Henry-Perez-de-Olintepeque-hermanos-barberos-en-Maryland-15-e1703086375846-1024x869.webp 1024w, https:\/\/soymigrante.com\/revista\/wp-content\/uploads\/2023\/12\/Marcos-y-Henry-Perez-de-Olintepeque-hermanos-barberos-en-Maryland-15-e1703086375846-300x255.webp 300w, https:\/\/soymigrante.com\/revista\/wp-content\/uploads\/2023\/12\/Marcos-y-Henry-Perez-de-Olintepeque-hermanos-barberos-en-Maryland-15-e1703086375846-768x652.webp 768w, https:\/\/soymigrante.com\/revista\/wp-content\/uploads\/2023\/12\/Marcos-y-Henry-Perez-de-Olintepeque-hermanos-barberos-en-Maryland-15-e1703086375846-750x637.webp 750w, https:\/\/soymigrante.com\/revista\/wp-content\/uploads\/2023\/12\/Marcos-y-Henry-Perez-de-Olintepeque-hermanos-barberos-en-Maryland-15-e1703086375846.webp 1125w\" sizes=\"(max-width: 768px) 100vw, 768px\" title=\"Los hermanos Marcos y Henry P\u00e9rez, de la barber\u00eda Prestige,  atendieron en noviembre \u00faltimo al estilista migrante guatemalteco Sergop Fernando Ar\u00e9valo, quien peina a celebridades en su sal\u00f3n de Los Angeles. \u2013 SoyMigrante.com REVISTA\" \/>\t\t\t\t\t\t\t\t<\/a>\n\t\t\t\t\t\t\t\t\t\t\t<figcaption class=\"widget-image-caption wp-caption-text\">Los hermanos Marcos y Henry P\u00e9rez, de la barber\u00eda Prestige,  atendieron en noviembre \u00faltimo al destacado estilista migrante guatemalteco Sergio Fernando Ar\u00e9valo, quien peina a celebridades en su sal\u00f3n de Los Angeles. Si deseas conocer la historia de Sergio Fernando, clic en la foto. <\/figcaption>\n\t\t\t\t\t\t\t\t\t\t<\/figure>\n\t\t\t\t\t\t\t\t\t<\/div>\n\t\t\t\t\t<\/div>\n\t\t\t\t<\/div>\n\t\t\t\t<section data-particle_enable=\"false\" data-particle-mobile-disabled=\"false\" class=\"elementor-section elementor-top-section elementor-element elementor-element-3bbef3d elementor-section-boxed elementor-section-height-default elementor-section-height-default\" data-id=\"3bbef3d\" data-element_type=\"section\" data-e-type=\"section\">\n\t\t\t\t\t\t<div class=\"elementor-container elementor-column-gap-default\">\n\t\t\t\t\t<div class=\"elementor-column elementor-col-100 elementor-top-column elementor-element elementor-element-fbf2791\" data-id=\"fbf2791\" data-element_type=\"column\" data-e-type=\"column\">\n\t\t\t<div class=\"elementor-widget-wrap elementor-element-populated\">\n\t\t\t\t\t\t<div class=\"elementor-element elementor-element-002c6fc elementor-widget elementor-widget-heading\" data-id=\"002c6fc\" data-element_type=\"widget\" data-e-type=\"widget\" data-widget_type=\"heading.default\">\n\t\t\t\t\t<h3 class=\"elementor-heading-title elementor-size-default\">Pagando tres meses de renta sin poder abrir....<\/h3>\t\t\t\t<\/div>\n\t\t\t\t\t<\/div>\n\t\t<\/div>\n\t\t\t\t\t<\/div>\n\t\t<\/section>\n\t\t\t\t<section data-particle_enable=\"false\" data-particle-mobile-disabled=\"false\" class=\"elementor-section elementor-top-section elementor-element elementor-element-03004a6 elementor-section-boxed elementor-section-height-default elementor-section-height-default\" data-id=\"03004a6\" data-element_type=\"section\" data-e-type=\"section\">\n\t\t\t\t\t\t<div class=\"elementor-container elementor-column-gap-default\">\n\t\t\t\t\t<div class=\"elementor-column elementor-col-100 elementor-top-column elementor-element elementor-element-360da20\" data-id=\"360da20\" data-element_type=\"column\" data-e-type=\"column\">\n\t\t\t<div class=\"elementor-widget-wrap elementor-element-populated\">\n\t\t\t\t\t\t<div class=\"elementor-element elementor-element-e3e2a4f elementor-widget elementor-widget-text-editor\" data-id=\"e3e2a4f\" data-element_type=\"widget\" data-e-type=\"widget\" data-widget_type=\"text-editor.default\">\n\t\t\t\t\t\t\t\t\t<p><span style=\"color: var( --e-global-color-text );\">&#8220;Instalar la barber\u00eda se complic\u00f3 bastante. Se nos di\u00f3 la oportunidad de agarrar un local.Pero uno no tiene la experiencia, no tiene idea de las reglas, de las inspecciones. Se necesitan cuatro permisos. Para tener una barber\u00eda ud no necesita una licencia, pero s\u00ed otras autorizaciones e inspecciones. Y quien atienda como barbero tambi\u00e9n necesita una licencia.&#8221;, cuenta Marcos.<\/span><\/p>\n<p>La barber\u00eda Prestige abri\u00f3 finalmente en marzo de 2023. Los hermanos P\u00e9rez tuvieron que pagar tres meses de renta, desde diciembre de 2022, sin abrir el local. &#8220;Fue un error de contrato y por no calcular bien el tiempo de&nbsp; los tr\u00e1mites pendientes. Por ejemplo, un error en el n\u00famero de ubicaci\u00f3n nos oblig\u00f3 a hacer otra vez una solucitud de permiso que tard\u00f3 dos meses. Pero aprendimos y ahora estamos trabajando&#8221;.<\/p>\n<p>La nueva meta de los hermanos Marcos y Henry es&nbsp;<span style=\"color: var( --e-global-color-text );\">abrir otra barber\u00eda en alguna ciudad del \u00e1rea de Washington. En Olintepeque, Guatemala impulsan la formaci\u00f3n de barberos con apoyo de su hermana Ericka, para generar oportunidades de trabajo y para honrar el legado de su padre.<\/span><\/p>\t\t\t\t\t\t\t\t<\/div>\n\t\t\t\t\t<\/div>\n\t\t<\/div>\n\t\t\t\t\t<\/div>\n\t\t<\/section>\n\t\t\t\t<section data-particle_enable=\"false\" data-particle-mobile-disabled=\"false\" class=\"elementor-section elementor-top-section elementor-element elementor-element-b48d5f3 elementor-section-boxed elementor-section-height-default elementor-section-height-default\" data-id=\"b48d5f3\" data-element_type=\"section\" data-e-type=\"section\">\n\t\t\t\t\t\t<div class=\"elementor-container elementor-column-gap-default\">\n\t\t\t\t\t<div class=\"elementor-column elementor-col-100 elementor-top-column elementor-element elementor-element-6584daa\" data-id=\"6584daa\" data-element_type=\"column\" data-e-type=\"column\">\n\t\t\t<div class=\"elementor-widget-wrap elementor-element-populated\">\n\t\t\t\t\t\t<div class=\"elementor-element elementor-element-33046cc elementor-widget elementor-widget-image\" data-id=\"33046cc\" data-element_type=\"widget\" data-e-type=\"widget\" data-widget_type=\"image.default\">\n\t\t\t\t\t\t\t\t\t\t\t\t\t\t\t<img loading=\"lazy\" decoding=\"async\" width=\"768\" height=\"431\" src=\"https:\/\/soymigrante.com\/revista\/wp-content\/uploads\/2023\/12\/386873113_1476631106517626_5478006176495765896_n-1024x575.webp\" class=\"attachment-large size-large wp-image-3935\" alt=\"\" srcset=\"https:\/\/soymigrante.com\/revista\/wp-content\/uploads\/2023\/12\/386873113_1476631106517626_5478006176495765896_n-1024x575.webp 1024w, https:\/\/soymigrante.com\/revista\/wp-content\/uploads\/2023\/12\/386873113_1476631106517626_5478006176495765896_n-300x169.webp 300w, https:\/\/soymigrante.com\/revista\/wp-content\/uploads\/2023\/12\/386873113_1476631106517626_5478006176495765896_n-768x431.webp 768w, https:\/\/soymigrante.com\/revista\/wp-content\/uploads\/2023\/12\/386873113_1476631106517626_5478006176495765896_n-750x421.webp 750w, https:\/\/soymigrante.com\/revista\/wp-content\/uploads\/2023\/12\/386873113_1476631106517626_5478006176495765896_n-1140x640.webp 1140w, https:\/\/soymigrante.com\/revista\/wp-content\/uploads\/2023\/12\/386873113_1476631106517626_5478006176495765896_n.webp 1280w\" sizes=\"(max-width: 768px) 100vw, 768px\" title=\"Cada cliente recibe la mejor atenci\u00f3n y el agradecimiento por la preferencia, de parte de los hermanos Marcos y Henry P\u00e9rez. \u2013 SoyMigrante.com REVISTA\" \/>\t\t\t\t\t\t\t\t\t\t\t\t\t\t\t<\/div>\n\t\t\t\t\t<\/div>\n\t\t<\/div>\n\t\t\t\t\t<\/div>\n\t\t<\/section>\n\t\t\t\t<section data-particle_enable=\"false\" data-particle-mobile-disabled=\"false\" class=\"elementor-section elementor-top-section elementor-element elementor-element-585ced2 elementor-section-boxed elementor-section-height-default elementor-section-height-default\" data-id=\"585ced2\" data-element_type=\"section\" data-e-type=\"section\">\n\t\t\t\t\t\t<div class=\"elementor-container elementor-column-gap-default\">\n\t\t\t\t\t<div class=\"elementor-column elementor-col-100 elementor-top-column elementor-element elementor-element-2e574a4\" data-id=\"2e574a4\" data-element_type=\"column\" data-e-type=\"column\">\n\t\t\t<div class=\"elementor-widget-wrap elementor-element-populated\">\n\t\t\t\t\t\t<div class=\"elementor-element elementor-element-44e0a9f elementor-widget elementor-widget-heading\" data-id=\"44e0a9f\" data-element_type=\"widget\" data-e-type=\"widget\" data-widget_type=\"heading.default\">\n\t\t\t\t\t<h2 class=\"elementor-heading-title elementor-size-default\">Llegada a Prestige desde el parqueo<\/h2>\t\t\t\t<\/div>\n\t\t\t\t\t<\/div>\n\t\t<\/div>\n\t\t\t\t\t<\/div>\n\t\t<\/section>\n\t\t\t\t<section data-particle_enable=\"false\" data-particle-mobile-disabled=\"false\" class=\"elementor-section elementor-top-section elementor-element elementor-element-79639f8 elementor-section-boxed elementor-section-height-default elementor-section-height-default\" data-id=\"79639f8\" data-element_type=\"section\" data-e-type=\"section\">\n\t\t\t\t\t\t<div class=\"elementor-container elementor-column-gap-default\">\n\t\t\t\t\t<div class=\"elementor-column elementor-col-100 elementor-top-column elementor-element elementor-element-aba094e\" data-id=\"aba094e\" data-element_type=\"column\" data-e-type=\"column\">\n\t\t\t<div class=\"elementor-widget-wrap elementor-element-populated\">\n\t\t\t\t\t\t<div class=\"elementor-element elementor-element-592915b elementor-invisible elementor-widget elementor-widget-facebook-embed\" data-id=\"592915b\" data-element_type=\"widget\" data-e-type=\"widget\" data-settings=\"{&quot;_animation&quot;:&quot;fadeInRight&quot;}\" data-widget_type=\"facebook-embed.default\">\n\t\t\t\t\t<div style=\"min-height: 1px\" class=\"elementor-facebook-widget fb-post\" data-href=\"https:\/\/www.facebook.com\/reel\/1001580990940853\" data-show-text=\"false\"><\/div>\t\t\t\t<\/div>\n\t\t\t\t\t<\/div>\n\t\t<\/div>\n\t\t\t\t\t<\/div>\n\t\t<\/section>\n\t\t\t\t<section data-particle_enable=\"false\" data-particle-mobile-disabled=\"false\" class=\"elementor-section elementor-top-section elementor-element elementor-element-dd8d8e2 elementor-section-boxed elementor-section-height-default elementor-section-height-default\" data-id=\"dd8d8e2\" data-element_type=\"section\" data-e-type=\"section\">\n\t\t\t\t\t\t<div class=\"elementor-container elementor-column-gap-default\">\n\t\t\t\t\t<div class=\"elementor-column elementor-col-100 elementor-top-column elementor-element elementor-element-85c310c\" data-id=\"85c310c\" data-element_type=\"column\" data-e-type=\"column\">\n\t\t\t<div class=\"elementor-widget-wrap elementor-element-populated\">\n\t\t\t\t\t\t<div class=\"elementor-element elementor-element-aef9422 elementor-widget elementor-widget-heading\" data-id=\"aef9422\" data-element_type=\"widget\" data-e-type=\"widget\" data-widget_type=\"heading.default\">\n\t\t\t\t\t<h2 class=\"elementor-heading-title elementor-size-default\">Tambi\u00e9n podr\u00eda interesarte<\/h2>\t\t\t\t<\/div>\n\t\t\t\t\t<\/div>\n\t\t<\/div>\n\t\t\t\t\t<\/div>\n\t\t<\/section>\n\t\t\t\t<section data-particle_enable=\"false\" data-particle-mobile-disabled=\"false\" class=\"elementor-section elementor-top-section elementor-element elementor-element-3b2fdbe elementor-section-boxed elementor-section-height-default elementor-section-height-default\" data-id=\"3b2fdbe\" data-element_type=\"section\" data-e-type=\"section\">\n\t\t\t\t\t\t<div class=\"elementor-container elementor-column-gap-default\">\n\t\t\t\t\t<div class=\"elementor-column elementor-col-100 elementor-top-column elementor-element elementor-element-6a35ed0\" data-id=\"6a35ed0\" data-element_type=\"column\" data-e-type=\"column\">\n\t\t\t<div class=\"elementor-widget-wrap elementor-element-populated\">\n\t\t\t\t\t\t<div class=\"elementor-element elementor-element-0bfcfd5 elementor-widget elementor-widget-blfe-post-grid\" data-id=\"0bfcfd5\" data-element_type=\"widget\" data-e-type=\"widget\" data-settings=\"{&quot;columns&quot;:&quot;3&quot;,&quot;columns_tablet&quot;:&quot;6&quot;,&quot;columns_mobile&quot;:&quot;12&quot;,&quot;hero1_layout_column_gap&quot;:{&quot;unit&quot;:&quot;px&quot;,&quot;size&quot;:30,&quot;sizes&quot;:[]},&quot;hero1_layout_column_gap_tablet&quot;:{&quot;unit&quot;:&quot;px&quot;,&quot;size&quot;:&quot;&quot;,&quot;sizes&quot;:[]},&quot;hero1_layout_column_gap_mobile&quot;:{&quot;unit&quot;:&quot;px&quot;,&quot;size&quot;:&quot;&quot;,&quot;sizes&quot;:[]},&quot;hero1_layout_row_gap&quot;:{&quot;unit&quot;:&quot;px&quot;,&quot;size&quot;:30,&quot;sizes&quot;:[]},&quot;hero1_layout_row_gap_tablet&quot;:{&quot;unit&quot;:&quot;px&quot;,&quot;size&quot;:&quot;&quot;,&quot;sizes&quot;:[]},&quot;hero1_layout_row_gap_mobile&quot;:{&quot;unit&quot;:&quot;px&quot;,&quot;size&quot;:&quot;&quot;,&quot;sizes&quot;:[]}}\" data-widget_type=\"blfe-post-grid.hero1\">\n\t\t\t\t<div class=\"elementor-widget-container\">\n\t\t\t\t\t\n                        <div class=\"blfe-post-grid-container \">\n            \n                <div data-skin=\"hero1\" class=\"blfe-row blfe-posts-inner blfe-hero1 blfe-posts-inner blfe-col-3 blfe-col-tab-6 blfe-col-mob-12     \">\n                            <div class=\"blfe-post-grid-item\">\n            <div class=\"blfe-post-grid-item-inner blfe-modern-zoom\">\n                        <div class=\"blfe-post-grid-bg-image\">\n            <a class=\"blfe-post-grid-image-inner\" href=\"https:\/\/soymigrante.com\/revista\/miss-gualan-usa-coronacion-imprevisto-guatemaltecos-en-estados-unidos-union-abril-2026\/\" title=\"Un imprevisto en la coronaci\u00f3n de Miss Gualan U.S.A. 2026 en Los Angeles hizo brillar la uni\u00f3n guatemalteca\" rel=\"nofollow\" target=\"_blank\"><img decoding=\"async\" src=\"https:\/\/soymigrante.com\/revista\/wp-content\/uploads\/2026\/04\/guatemaltecos-en-Estados-Unidos-miss-gualan-USA-coronacion-5.jpg\" alt=\"Un imprevisto en la coronaci\u00f3n de Miss Gualan U.S.A. 2026 en Los Angeles hizo brillar la uni\u00f3n guatemalteca\"\/><\/a>        <\/div>\n                        <div class=\"blfe-post-grid-details\">\n                    <div class=\"blfe-post-grid-details-inner\">\n                        <span class=\"blfe-post-category\"><a href=\"https:\/\/soymigrante.com\/revista\/category\/estamos-unidos\/\">Estamos Unidos<\/a><\/span>                        <h3 class=\"blfe-post-grid-title\">\n            <a href=\"https:\/\/soymigrante.com\/revista\/miss-gualan-usa-coronacion-imprevisto-guatemaltecos-en-estados-unidos-union-abril-2026\/\" title=\"Un imprevisto en la coronaci\u00f3n de Miss Gualan U.S.A. 2026 en Los Angeles hizo brillar la uni\u00f3n guatemalteca\" rel=\"nofollow\" target=\"_blank\">Un imprevisto en la coronaci\u00f3n de Miss Gualan U.S.A. 2026 en Los Angeles hizo brillar la uni\u00f3n guatemalteca<\/a>\n            <\/h3>                                                            <div class=\"blfe-post-grid-meta\">\n                <span class=\"blfe-post-grid-author\"><i class=\"fa fa-user far fa-user\"><\/i>by <a href=\"https:\/\/soymigrante.com\/revista\/author\/soymigrante\/\">SoyMigrante.com REVISTA<\/a><\/span>                    <div class=\"blfe-post-meta-dot\"><\/div>\n                    <span class=\"blfe-post-grid-date\"><i class=\"fa fa-calendar-alt far fa-calendar-alt\"><\/i>27\/04\/2026<\/span>                    <div class=\"blfe-post-meta-dot\"><\/div>\n                                <\/div>\n                                                        <\/div>\n                <\/div>\n\n            <\/div>\n        <\/div>\n                <div class=\"blfe-post-grid-item\">\n            <div class=\"blfe-post-grid-item-inner blfe-modern-zoom\">\n                        <div class=\"blfe-post-grid-bg-image\">\n            <a class=\"blfe-post-grid-image-inner\" href=\"https:\/\/soymigrante.com\/revista\/cantautora-migrante-guatemalteca-wendy-dgi-crea-cancion-desafiante-la-envidia\/\" title=\"&#8220;La Envidia&#8221;: cantautora migrante guatemalteca Wendy DGi crea una canci\u00f3n desafiante\" rel=\"nofollow\" target=\"_blank\"><img decoding=\"async\" src=\"https:\/\/soymigrante.com\/revista\/wp-content\/uploads\/2026\/04\/wendy-DGi-cantautora-migrante-guatemalteca-en-nueva-york-copia.jpg\" alt=\"&#8220;La Envidia&#8221;: cantautora migrante guatemalteca Wendy DGi crea una canci\u00f3n desafiante\"\/><\/a>        <\/div>\n                        <div class=\"blfe-post-grid-details\">\n                    <div class=\"blfe-post-grid-details-inner\">\n                        <span class=\"blfe-post-category\"><a href=\"https:\/\/soymigrante.com\/revista\/category\/estamos-unidos\/lugar-de-voces\/\">Lugar de Voces<\/a><\/span>                        <h3 class=\"blfe-post-grid-title\">\n            <a href=\"https:\/\/soymigrante.com\/revista\/cantautora-migrante-guatemalteca-wendy-dgi-crea-cancion-desafiante-la-envidia\/\" title=\"&#8220;La Envidia&#8221;: cantautora migrante guatemalteca Wendy DGi crea una canci\u00f3n desafiante\" rel=\"nofollow\" target=\"_blank\">&#8220;La Envidia&#8221;: cantautora migrante guatemalteca Wendy DGi crea una canci\u00f3n desafiante<\/a>\n            <\/h3>                                                            <div class=\"blfe-post-grid-meta\">\n                <span class=\"blfe-post-grid-author\"><i class=\"fa fa-user far fa-user\"><\/i>by <a href=\"https:\/\/soymigrante.com\/revista\/author\/soymigrante\/\">SoyMigrante.com REVISTA<\/a><\/span>                    <div class=\"blfe-post-meta-dot\"><\/div>\n                    <span class=\"blfe-post-grid-date\"><i class=\"fa fa-calendar-alt far fa-calendar-alt\"><\/i>24\/04\/2026<\/span>                    <div class=\"blfe-post-meta-dot\"><\/div>\n                                <\/div>\n                                                        <\/div>\n                <\/div>\n\n            <\/div>\n        <\/div>\n                <div class=\"blfe-post-grid-item\">\n            <div class=\"blfe-post-grid-item-inner blfe-modern-zoom\">\n                        <div class=\"blfe-post-grid-bg-image\">\n            <a class=\"blfe-post-grid-image-inner\" href=\"https:\/\/soymigrante.com\/revista\/donacion-migrante-de-equipo-y-capacitacion-desde-nueva-york-fortalece-a-bomberos-de-quetzaltenango\/\" title=\"Donaci\u00f3n migrante de equipo y capacitaci\u00f3n desde Nueva York fortalece a bomberos de Quetzaltenango\" rel=\"nofollow\" target=\"_blank\"><img decoding=\"async\" src=\"https:\/\/soymigrante.com\/revista\/wp-content\/uploads\/2026\/04\/guatemaltecos-en-estados-unidos-migrantes-donacion-a-bomberos-quezaltenango-fundacion-911-ddf.png\" alt=\"Donaci\u00f3n migrante de equipo y capacitaci\u00f3n desde Nueva York fortalece a bomberos de Quetzaltenango\"\/><\/a>        <\/div>\n                        <div class=\"blfe-post-grid-details\">\n                    <div class=\"blfe-post-grid-details-inner\">\n                        <span class=\"blfe-post-category\"><a href=\"https:\/\/soymigrante.com\/revista\/category\/estamos-unidos\/\">Estamos Unidos<\/a><\/span>                        <h3 class=\"blfe-post-grid-title\">\n            <a href=\"https:\/\/soymigrante.com\/revista\/donacion-migrante-de-equipo-y-capacitacion-desde-nueva-york-fortalece-a-bomberos-de-quetzaltenango\/\" title=\"Donaci\u00f3n migrante de equipo y capacitaci\u00f3n desde Nueva York fortalece a bomberos de Quetzaltenango\" rel=\"nofollow\" target=\"_blank\">Donaci\u00f3n migrante de equipo y capacitaci\u00f3n desde Nueva York fortalece a bomberos de Quetzaltenango<\/a>\n            <\/h3>                                                            <div class=\"blfe-post-grid-meta\">\n                <span class=\"blfe-post-grid-author\"><i class=\"fa fa-user far fa-user\"><\/i>by <a href=\"https:\/\/soymigrante.com\/revista\/author\/gustavo\/\">Gustavo Montenegro<\/a><\/span>                    <div class=\"blfe-post-meta-dot\"><\/div>\n                    <span class=\"blfe-post-grid-date\"><i class=\"fa fa-calendar-alt far fa-calendar-alt\"><\/i>24\/04\/2026<\/span>                    <div class=\"blfe-post-meta-dot\"><\/div>\n                                <\/div>\n                                                        <\/div>\n                <\/div>\n\n            <\/div>\n        <\/div>\n                        <\/div>\n\n                        <\/div>\n            \n                        <div class=\"blfe-post-footer\">\n                        <\/div>\n            \t\t\t\t<\/div>\n\t\t\t\t<\/div>\n\t\t\t\t\t<\/div>\n\t\t<\/div>\n\t\t\t\t\t<\/div>\n\t\t<\/section>\n\t\t\t\t<\/div>\n\t\t","protected":false},"excerpt":{"rendered":"<p>Prestige se llama la barber\u00eda atendida por los hermanos Marcos y Henry, en Maryland. Pero llegar a desempe\u00f1ar este oficio en Estados Unidos no fue f\u00e1cil, ni barato, ni r\u00e1pido: pero ah\u00ed est\u00e1 la lecci\u00f3n de perseverancia por un gran sue\u00f1o. Esta es la historia. Cuando era ni\u00f1o, Marcos P\u00e9rez ayudaba a su pap\u00e1, quien [&hellip;]<\/p>\n","protected":false},"author":7,"featured_media":3933,"comment_status":"open","ping_status":"open","sticky":false,"template":"","format":"standard","meta":{"_acf_changed":false,"_eb_attr":"","footnotes":""},"categories":[50],"tags":[],"class_list":["post-3915","post","type-post","status-publish","format-standard","has-post-thumbnail","hentry","category-exitos"],"acf":[],"aioseo_notices":[],"aioseo_head":"\n\t\t<!-- All in One SEO Pro 4.9.6.2 - aioseo.com -->\n\t<meta name=\"description\" content=\"Botas, capas, guantes, camillas y m\u00e1s equipo llega a bomberos de Quetzaltenango gracias a la gesti\u00f3n de la migrante Ana Prince, con apoyo de Fundaci\u00f3n 911\" \/>\n\t<meta name=\"robots\" content=\"max-snippet:-1, max-image-preview:large, max-video-preview:-1\" \/>\n\t<meta name=\"author\" content=\"Gustavo Montenegro\"\/>\n\t<link rel=\"canonical\" href=\"https:\/\/soymigrante.com\/revista\/donacion-migrante-de-equipo-y-capacitacion-desde-nueva-york-fortalece-a-bomberos-de-quetzaltenango\/\" \/>\n\t<meta name=\"generator\" content=\"All in One SEO Pro (AIOSEO) 4.9.6.2\" \/>\n\n\t\t<link rel=\"preconnect\" href=\"https:\/\/fonts.googleapis.com\" crossorigin>\n<link rel=\"preconnect\" href=\"https:\/\/fonts.gstatic.com\" crossorigin>\n\t\t<meta property=\"og:locale\" content=\"es_ES\" \/>\n\t\t<meta property=\"og:site_name\" content=\"SoyMigrante.com REVISTA \u2013 Nuestra misi\u00f3n es reconocer y dignificar al migrante.\" \/>\n\t\t<meta property=\"og:type\" content=\"article\" \/>\n\t\t<meta property=\"og:title\" content=\"Donaci\u00f3n migrante de equipo fortalece a bomberos en Xela\" \/>\n\t\t<meta property=\"og:description\" content=\"Botas, capas, guantes, camillas y m\u00e1s equipo llega a bomberos de Quetzaltenango gracias a la gesti\u00f3n de la migrante Ana Prince, con apoyo de Fundaci\u00f3n 911\" \/>\n\t\t<meta property=\"og:url\" content=\"https:\/\/soymigrante.com\/revista\/donacion-migrante-de-equipo-y-capacitacion-desde-nueva-york-fortalece-a-bomberos-de-quetzaltenango\/\" \/>\n\t\t<meta property=\"og:image\" content=\"https:\/\/soymigrante.com\/revista\/wp-content\/uploads\/2026\/04\/guatemaltecos-en-estados-unidos-migrantes-donacion-a-bomberos-quezaltenango-fundacion-911-ddf.png\" \/>\n\t\t<meta property=\"og:image:secure_url\" content=\"https:\/\/soymigrante.com\/revista\/wp-content\/uploads\/2026\/04\/guatemaltecos-en-estados-unidos-migrantes-donacion-a-bomberos-quezaltenango-fundacion-911-ddf.png\" \/>\n\t\t<meta property=\"og:image:width\" content=\"1200\" \/>\n\t\t<meta property=\"og:image:height\" content=\"1200\" \/>\n\t\t<meta property=\"article:published_time\" content=\"2026-04-24T13:37:40+00:00\" \/>\n\t\t<meta property=\"article:modified_time\" content=\"2026-04-24T17:50:23+00:00\" \/>\n\t\t<meta property=\"article:publisher\" content=\"https:\/\/www.facebook.com\/soymigrantecom\" \/>\n\t\t<meta name=\"twitter:card\" content=\"summary_large_image\" \/>\n\t\t<meta name=\"twitter:site\" content=\"@SoyMigrante_com\" \/>\n\t\t<meta name=\"twitter:title\" content=\"Donaci\u00f3n migrante de equipo fortalece a bomberos en Xela\" \/>\n\t\t<meta name=\"twitter:description\" content=\"Botas, capas, guantes, camillas y m\u00e1s equipo llega a bomberos de Quetzaltenango gracias a la gesti\u00f3n de la migrante Ana Prince, con apoyo de Fundaci\u00f3n 911\" \/>\n\t\t<meta name=\"twitter:creator\" content=\"@SoyMigrante_com\" \/>\n\t\t<meta name=\"twitter:image\" content=\"https:\/\/soymigrante.com\/revista\/wp-content\/uploads\/2026\/04\/guatemaltecos-en-estados-unidos-migrantes-donacion-a-bomberos-quezaltenango-fundacion-911-ddf.png\" \/>\n\t\t<!-- All in One SEO Pro -->\r\n\t\t<title>Donaci\u00f3n migrante de equipo fortalece a bomberos en Xela<\/title>\n\n","aioseo_head_json":{"title":"Donaci\u00f3n migrante de equipo fortalece a bomberos en Xela","description":"Botas, capas, guantes, camillas y m\u00e1s equipo llega a bomberos de Quetzaltenango gracias a la gesti\u00f3n de la migrante Ana Prince, con apoyo de Fundaci\u00f3n 911","canonical_url":"https:\/\/soymigrante.com\/revista\/donacion-migrante-de-equipo-y-capacitacion-desde-nueva-york-fortalece-a-bomberos-de-quetzaltenango\/","robots":"max-snippet:-1, max-image-preview:large, max-video-preview:-1","keywords":"","webmasterTools":{"miscellaneous":"&lt;link rel=\"preconnect\" href=\"https:\/\/fonts.googleapis.com\" crossorigin&gt;\n&lt;link rel=\"preconnect\" href=\"https:\/\/fonts.gstatic.com\" crossorigin&gt;"},"schema":null,"og:locale":"es_ES","og:site_name":"SoyMigrante.com REVISTA \u2013 Nuestra misi\u00f3n es reconocer y dignificar al migrante.","og:type":"article","og:title":"Donaci\u00f3n migrante de equipo fortalece a bomberos en Xela","og:description":"Botas, capas, guantes, camillas y m\u00e1s equipo llega a bomberos de Quetzaltenango gracias a la gesti\u00f3n de la migrante Ana Prince, con apoyo de Fundaci\u00f3n 911","og:url":"https:\/\/soymigrante.com\/revista\/donacion-migrante-de-equipo-y-capacitacion-desde-nueva-york-fortalece-a-bomberos-de-quetzaltenango\/","og:image":"https:\/\/soymigrante.com\/revista\/wp-content\/uploads\/2026\/04\/guatemaltecos-en-estados-unidos-migrantes-donacion-a-bomberos-quezaltenango-fundacion-911-ddf.png","og:image:secure_url":"https:\/\/soymigrante.com\/revista\/wp-content\/uploads\/2026\/04\/guatemaltecos-en-estados-unidos-migrantes-donacion-a-bomberos-quezaltenango-fundacion-911-ddf.png","og:image:width":1200,"og:image:height":1200,"article:published_time":"2026-04-24T13:37:40+00:00","article:modified_time":"2026-04-24T17:50:23+00:00","article:publisher":"https:\/\/www.facebook.com\/soymigrantecom","twitter:card":"summary_large_image","twitter:site":"@SoyMigrante_com","twitter:title":"Donaci\u00f3n migrante de equipo fortalece a bomberos en Xela","twitter:description":"Botas, capas, guantes, camillas y m\u00e1s equipo llega a bomberos de Quetzaltenango gracias a la gesti\u00f3n de la migrante Ana Prince, con apoyo de Fundaci\u00f3n 911","twitter:creator":"@SoyMigrante_com","twitter:image":"https:\/\/soymigrante.com\/revista\/wp-content\/uploads\/2026\/04\/guatemaltecos-en-estados-unidos-migrantes-donacion-a-bomberos-quezaltenango-fundacion-911-ddf.png"},"aioseo_meta_data":{"post_id":"3915","title":null,"description":null,"keywords":[],"keyphrases":{"focus":{"keyphrase":"Migrantes","score":69,"analysis":{"keyphraseInTitle":{"score":9,"maxScore":9,"error":0},"keyphraseInDescription":{"score":9,"maxScore":9,"error":0},"keyphraseLength":{"score":9,"maxScore":9,"error":0,"length":1},"keyphraseInURL":{"score":5,"maxScore":5,"error":0},"keyphraseInIntroduction":{"score":3,"maxScore":9,"error":1},"keyphraseInSubHeadings":{"score":3,"maxScore":9,"error":1},"keyphraseInImageAlt":{"score":9,"maxScore":9,"error":0},"keywordDensity":{"score":0,"type":"low","maxScore":9,"error":1}}},"additional":[]},"primary_term":null,"canonical_url":null,"og_title":null,"og_description":null,"og_object_type":"default","og_image_type":"default","og_image_url":null,"og_image_width":null,"og_image_height":null,"og_image_custom_url":null,"og_image_custom_fields":null,"og_video":"","og_custom_url":null,"og_article_section":null,"og_article_tags":[],"twitter_use_og":false,"twitter_card":"default","twitter_image_type":"default","twitter_image_url":null,"twitter_image_custom_url":null,"twitter_image_custom_fields":null,"twitter_title":null,"twitter_description":null,"schema":{"blockGraphs":[],"customGraphs":[],"default":{"data":{"Article":[],"Course":[],"Dataset":[],"FAQPage":[],"Movie":[],"Person":[],"Product":[],"ProductReview":[],"Car":[],"Recipe":[],"Service":[],"SoftwareApplication":[],"WebPage":[]},"graphName":"BlogPosting","isEnabled":true},"graphs":[]},"schema_type":"default","schema_type_options":null,"pillar_content":false,"robots_default":true,"robots_noindex":false,"robots_noarchive":false,"robots_nosnippet":false,"robots_nofollow":false,"robots_noimageindex":false,"robots_noodp":false,"robots_notranslate":false,"robots_max_snippet":"-1","robots_max_videopreview":"-1","robots_max_imagepreview":"large","priority":null,"frequency":"default","local_seo":null,"seo_analyzer_scan_date":"2025-10-08 20:53:18","breadcrumb_settings":null,"limit_modified_date":false,"reviewed_by":null,"open_ai":null,"ai":null,"created":"2023-12-20 15:18:15","updated":"2026-02-04 10:04:30"},"aioseo_breadcrumb":"<div class=\"aioseo-breadcrumbs\"><span class=\"aioseo-breadcrumb\">\n\t<a href=\"https:\/\/soymigrante.com\/revista\" title=\"Home\">Home<\/a>\n<\/span><span class=\"aioseo-breadcrumb-separator\">\u00bb<\/span><span class=\"aioseo-breadcrumb\">\n\t<a href=\"https:\/\/soymigrante.com\/revista\/category\/exitos\/\" title=\"\u00c9xitos\">\u00c9xitos<\/a>\n<\/span><span class=\"aioseo-breadcrumb-separator\">\u00bb<\/span><span class=\"aioseo-breadcrumb\">\n\tHermanos migrantes de Olintepeque atienden su barber\u00eda en Hyattsville, Maryland\n<\/span><\/div>","aioseo_breadcrumb_json":[{"label":"Home","link":"https:\/\/soymigrante.com\/revista"},{"label":"\u00c9xitos","link":"https:\/\/soymigrante.com\/revista\/category\/exitos\/"},{"label":"Hermanos migrantes de Olintepeque atienden su barber\u00eda en Hyattsville, Maryland","link":"https:\/\/soymigrante.com\/revista\/hermanos-migrantes-guatemaltecos-barberia-migrante-maryland\/"}],"_links":{"self":[{"href":"https:\/\/soymigrante.com\/revista\/wp-json\/wp\/v2\/posts\/3915","targetHints":{"allow":["GET"]}}],"collection":[{"href":"https:\/\/soymigrante.com\/revista\/wp-json\/wp\/v2\/posts"}],"about":[{"href":"https:\/\/soymigrante.com\/revista\/wp-json\/wp\/v2\/types\/post"}],"author":[{"embeddable":true,"href":"https:\/\/soymigrante.com\/revista\/wp-json\/wp\/v2\/users\/7"}],"replies":[{"embeddable":true,"href":"https:\/\/soymigrante.com\/revista\/wp-json\/wp\/v2\/comments?post=3915"}],"version-history":[{"count":0,"href":"https:\/\/soymigrante.com\/revista\/wp-json\/wp\/v2\/posts\/3915\/revisions"}],"wp:featuredmedia":[{"embeddable":true,"href":"https:\/\/soymigrante.com\/revista\/wp-json\/wp\/v2\/media\/3933"}],"wp:attachment":[{"href":"https:\/\/soymigrante.com\/revista\/wp-json\/wp\/v2\/media?parent=3915"}],"wp:term":[{"taxonomy":"category","embeddable":true,"href":"https:\/\/soymigrante.com\/revista\/wp-json\/wp\/v2\/categories?post=3915"},{"taxonomy":"post_tag","embeddable":true,"href":"https:\/\/soymigrante.com\/revista\/wp-json\/wp\/v2\/tags?post=3915"}],"curies":[{"name":"wp","href":"https:\/\/api.w.org\/{rel}","templated":true}]}}