{"id":39120,"date":"2025-07-14T08:07:23","date_gmt":"2025-07-14T14:07:23","guid":{"rendered":"https:\/\/soymigrante.com\/revista\/?p=39120"},"modified":"2025-07-14T08:07:55","modified_gmt":"2025-07-14T14:07:55","slug":"protege-a-tus-ninos-contra-el-sarampion-en-usa-hay-aumento-de-casos","status":"publish","type":"post","link":"https:\/\/soymigrante.com\/revista\/protege-a-tus-ninos-contra-el-sarampion-en-usa-hay-aumento-de-casos\/","title":{"rendered":"Protege a tus ni\u00f1os contra el sarampi\u00f3n: en USA hay aumento de casos"},"content":{"rendered":"\t\t<div data-elementor-type=\"wp-post\" data-elementor-id=\"39120\" class=\"elementor elementor-39120\" data-elementor-post-type=\"post\">\n\t\t\t\t<div data-particle_enable=\"false\" data-particle-mobile-disabled=\"false\" class=\"elementor-element elementor-element-5c944dc e-flex e-con-boxed e-con e-parent\" data-id=\"5c944dc\" data-element_type=\"container\" data-e-type=\"container\">\n\t\t\t\t\t<div class=\"e-con-inner\">\n\t\t\t\t<div class=\"elementor-element elementor-element-2bf7d17 elementor-widget elementor-widget-heading\" data-id=\"2bf7d17\" data-element_type=\"widget\" data-e-type=\"widget\" data-widget_type=\"heading.default\">\n\t\t\t\t\t<h2 class=\"elementor-heading-title elementor-size-default\">El 2025 ha registrado la mayor cantidad de casos de sarampi\u00f3n en Estados Unidos desde 1992, poniendo en riesgo el estatus de eliminaci\u00f3n logrado hace 25 a\u00f1os. <\/h2>\t\t\t\t<\/div>\n\t\t\t\t\t<\/div>\n\t\t\t\t<\/div>\n\t\t<div data-particle_enable=\"false\" data-particle-mobile-disabled=\"false\" class=\"elementor-element elementor-element-6a5bd31 e-flex e-con-boxed e-con e-parent\" data-id=\"6a5bd31\" data-element_type=\"container\" data-e-type=\"container\">\n\t\t\t\t\t<div class=\"e-con-inner\">\n\t\t\t\t<div class=\"elementor-element elementor-element-0fccc55 elementor-widget elementor-widget-text-editor\" data-id=\"0fccc55\" data-element_type=\"widget\" data-e-type=\"widget\" data-widget_type=\"text-editor.default\">\n\t\t\t\t\t\t\t\t\t<p>Los casos de sarampi\u00f3n en Estados Unidos han alcanzado niveles alarmantes este a\u00f1o. Con 1,288 casos confirmados en 39 estados hasta el 8 de julio, la incidencia supera en m\u00e1s del 4,5\u202fveces los 285 reportados en todo 2024.<a href=\"https:\/\/soymigrante.com\/revista\/vacunas-son-vitales-para-ninos-sean-o-no-migrantes-en-ee-uu\/\" target=\"_blank\" rel=\"noopener\"> Esta cifra representa el mayor recuento desde 1992, antes de que la enfermedad se declarara erradicada en el a\u00f1o 2000.<\/a><\/p>\t\t\t\t\t\t\t\t<\/div>\n\t\t\t\t\t<\/div>\n\t\t\t\t<\/div>\n\t\t<div data-particle_enable=\"false\" data-particle-mobile-disabled=\"false\" class=\"elementor-element elementor-element-6fc84ba e-flex e-con-boxed e-con e-parent\" data-id=\"6fc84ba\" data-element_type=\"container\" data-e-type=\"container\">\n\t\t\t\t\t<div class=\"e-con-inner\">\n\t\t\t\t<div class=\"elementor-element elementor-element-5c7913d elementor-widget elementor-widget-heading\" data-id=\"5c7913d\" data-element_type=\"widget\" data-e-type=\"widget\" data-widget_type=\"heading.default\">\n\t\t\t\t\t<h3 class=\"elementor-heading-title elementor-size-default\">\u00bfPor qu\u00e9 ha resurgido?<\/h3>\t\t\t\t<\/div>\n\t\t\t\t\t<\/div>\n\t\t\t\t<\/div>\n\t\t<div data-particle_enable=\"false\" data-particle-mobile-disabled=\"false\" class=\"elementor-element elementor-element-5283a38 e-flex e-con-boxed e-con e-parent\" data-id=\"5283a38\" data-element_type=\"container\" data-e-type=\"container\">\n\t\t\t\t\t<div class=\"e-con-inner\">\n\t\t\t\t<div class=\"elementor-element elementor-element-5033fd0 elementor-widget elementor-widget-text-editor\" data-id=\"5033fd0\" data-element_type=\"widget\" data-e-type=\"widget\" data-widget_type=\"text-editor.default\">\n\t\t\t\t\t\t\t\t\t<div>\u2022 La cobertura de la vacuna triple viral (sarampi\u00f3n, paperas, rub\u00e9ola \u2013 MMR) cay\u00f3 por debajo del 95\u202f%, nivel considerado necesario para la inmunidad colectiva.<\/div><div>\u2022Se han registrado 27 brotes, que representan el 88\u202f% de los casos; en 2024 fueron solo 16 brotes.<\/div><div>\u2022La mayor\u00eda de los infectados \u201492\u202f%\u2014 son personas no vacunadas o con estado de vacunaci\u00f3n desconocido.<\/div><div><a href=\"https:\/\/soymigrante.com\/revista\/vacunas-son-vitales-para-ninos-sean-o-no-migrantes-en-ee-uu\/\" target=\"_blank\" rel=\"noopener\">\u2022El epicentro est\u00e1 en Texas, seguido por Nuevo M\u00e9xico, Kansas<\/a> y otras zonas con comunidades con alta objeci\u00f3n a las vacunas.<\/div>\t\t\t\t\t\t\t\t<\/div>\n\t\t\t\t\t<\/div>\n\t\t\t\t<\/div>\n\t\t<div data-particle_enable=\"false\" data-particle-mobile-disabled=\"false\" class=\"elementor-element elementor-element-76cf2a6 e-flex e-con-boxed e-con e-parent\" data-id=\"76cf2a6\" data-element_type=\"container\" data-e-type=\"container\">\n\t\t\t\t\t<div class=\"e-con-inner\">\n\t\t\t\t<div class=\"elementor-element elementor-element-112b86b elementor-widget elementor-widget-image\" data-id=\"112b86b\" data-element_type=\"widget\" data-e-type=\"widget\" data-widget_type=\"image.default\">\n\t\t\t\t\t\t\t\t\t\t\t\t<figure class=\"wp-caption\">\n\t\t\t\t\t\t\t\t\t\t<img fetchpriority=\"high\" decoding=\"async\" width=\"768\" height=\"512\" src=\"https:\/\/soymigrante.com\/revista\/wp-content\/uploads\/2025\/07\/Casos-de-sarampion-alcanzan-maximo-historico-en-EE UU2-1024x682.jpeg\" class=\"attachment-large size-large wp-image-39127\" alt=\"Hasta el momento se han registrado tres decesos, producto de la enfermedad. (Foto: ENVATO)\" srcset=\"https:\/\/soymigrante.com\/revista\/wp-content\/uploads\/2025\/07\/Casos-de-sarampion-alcanzan-maximo-historico-en-EE%20UU2-1024x682.jpeg 1024w, https:\/\/soymigrante.com\/revista\/wp-content\/uploads\/2025\/07\/Casos-de-sarampion-alcanzan-maximo-historico-en-EE%20UU2-300x200.jpeg 300w, https:\/\/soymigrante.com\/revista\/wp-content\/uploads\/2025\/07\/Casos-de-sarampion-alcanzan-maximo-historico-en-EE%20UU2-768x512.jpeg 768w, https:\/\/soymigrante.com\/revista\/wp-content\/uploads\/2025\/07\/Casos-de-sarampion-alcanzan-maximo-historico-en-EE%20UU2-1536x1023.jpeg 1536w, https:\/\/soymigrante.com\/revista\/wp-content\/uploads\/2025\/07\/Casos-de-sarampion-alcanzan-maximo-historico-en-EE%20UU2-750x500.webp 750w, https:\/\/soymigrante.com\/revista\/wp-content\/uploads\/2025\/07\/Casos-de-sarampion-alcanzan-maximo-historico-en-EE%20UU2-1140x760.webp 1140w, https:\/\/soymigrante.com\/revista\/wp-content\/uploads\/2025\/07\/Casos-de-sarampion-alcanzan-maximo-historico-en-EE%20UU2.webp 1600w\" sizes=\"(max-width: 768px) 100vw, 768px\" title=\"Hasta el momento se han registrado tres decesos, producto de la enfermedad. (Foto: ENVATO) \u2013 SoyMigrante.com REVISTA\" \/>\t\t\t\t\t\t\t\t\t\t\t<figcaption class=\"widget-image-caption wp-caption-text\">Hasta el momento se han registrado tres decesos, producto de la enfermedad. (Foto: ENVATO)<\/figcaption>\n\t\t\t\t\t\t\t\t\t\t<\/figure>\n\t\t\t\t\t\t\t\t\t<\/div>\n\t\t\t\t\t<\/div>\n\t\t\t\t<\/div>\n\t\t<div data-particle_enable=\"false\" data-particle-mobile-disabled=\"false\" class=\"elementor-element elementor-element-6880112 e-flex e-con-boxed e-con e-parent\" data-id=\"6880112\" data-element_type=\"container\" data-e-type=\"container\">\n\t\t\t\t\t<div class=\"e-con-inner\">\n\t\t\t\t<div class=\"elementor-element elementor-element-2e6ddd8 elementor-widget elementor-widget-heading\" data-id=\"2e6ddd8\" data-element_type=\"widget\" data-e-type=\"widget\" data-widget_type=\"heading.default\">\n\t\t\t\t\t<h3 class=\"elementor-heading-title elementor-size-default\">Impacto sanitario<\/h3>\t\t\t\t<\/div>\n\t\t\t\t\t<\/div>\n\t\t\t\t<\/div>\n\t\t<div data-particle_enable=\"false\" data-particle-mobile-disabled=\"false\" class=\"elementor-element elementor-element-bf58aff e-flex e-con-boxed e-con e-parent\" data-id=\"bf58aff\" data-element_type=\"container\" data-e-type=\"container\">\n\t\t\t\t\t<div class=\"e-con-inner\">\n\t\t\t\t<div class=\"elementor-element elementor-element-6ddee5d elementor-widget elementor-widget-text-editor\" data-id=\"6ddee5d\" data-element_type=\"widget\" data-e-type=\"widget\" data-widget_type=\"text-editor.default\">\n\t\t\t\t\t\t\t\t\t<div>\u2022 Hasta el momento, se han registrado 3 muertes \u2014dos ni\u00f1os en Texas y un adulto en Nuevo M\u00e9xico\u2014 y m\u00e1s de 160 hospitalizaciones.<\/div><div>\u2022<a href=\"https:\/\/soymigrante.com\/revista\/vacunas-son-vitales-para-ninos-sean-o-no-migrantes-en-ee-uu\/\" target=\"_blank\" rel=\"noopener\">El retorno del sarampi\u00f3n amenaza con revertir d\u00e9cadas de progreso en salud p\u00fablica<\/a>, y podr\u00eda implicar reestatizaci\u00f3n de la enfermedad si la transmisi\u00f3n no se detiene por 12 meses consecutivos.<\/div>\t\t\t\t\t\t\t\t<\/div>\n\t\t\t\t\t<\/div>\n\t\t\t\t<\/div>\n\t\t<div data-particle_enable=\"false\" data-particle-mobile-disabled=\"false\" class=\"elementor-element elementor-element-eaf1060 e-flex e-con-boxed e-con e-parent\" data-id=\"eaf1060\" data-element_type=\"container\" data-e-type=\"container\">\n\t\t\t\t\t<div class=\"e-con-inner\">\n\t\t\t\t<div class=\"elementor-element elementor-element-ee32f5c elementor-widget elementor-widget-heading\" data-id=\"ee32f5c\" data-element_type=\"widget\" data-e-type=\"widget\" data-widget_type=\"heading.default\">\n\t\t\t\t\t<h3 class=\"elementor-heading-title elementor-size-default\">Recomendaciones de Salud P\u00fablica<\/h3>\t\t\t\t<\/div>\n\t\t\t\t\t<\/div>\n\t\t\t\t<\/div>\n\t\t<div data-particle_enable=\"false\" data-particle-mobile-disabled=\"false\" class=\"elementor-element elementor-element-fcf517a e-flex e-con-boxed e-con e-parent\" data-id=\"fcf517a\" data-element_type=\"container\" data-e-type=\"container\">\n\t\t\t\t\t<div class=\"e-con-inner\">\n\t\t\t\t<div class=\"elementor-element elementor-element-01b9c9b elementor-widget elementor-widget-text-editor\" data-id=\"01b9c9b\" data-element_type=\"widget\" data-e-type=\"widget\" data-widget_type=\"text-editor.default\">\n\t\t\t\t\t\t\t\t\t<div><strong>Vacunaci\u00f3n<\/strong><\/div><div>\u2022La vacuna MMR, dos dosis, es 97\u202f% eficaz contra el sarampi\u00f3n.<\/div><div>\u2022<a href=\"https:\/\/soymigrante.com\/revista\/vacunas-son-vitales-para-ninos-sean-o-no-migrantes-en-ee-uu\/\" target=\"_blank\" rel=\"noopener\">Ni\u00f1os deben recibir la primera dosis entre 12\u201315 meses y la segunda a los 4\u20136 a\u00f1os; adultos sin inmunidad comprobada tambi\u00e9n deben vacunarse,<\/a> especialmente si son trabajadores de salud o viajan al extranjero.<\/div><div>\u2022Para quienes no pueden vacunarse, se recomienda la estrategia de \u201ccobertura comunitaria\u201d: asegurar que los convivientes y contactos est\u00e9n inmunizados.<\/div><div>\u00a0<\/div><div><strong>Detecci\u00f3n y respuesta<\/strong><\/div><div>\u2022Acudir de inmediato al m\u00e9dico si aparece fiebre alta, tos, conjuntivitis o sarpullido rojo.<\/div><div>\u2022Los contactos y casos deben aislarse y monitorearse, con aplicaci\u00f3n de inmunoglobulina o dosis de vacuna post-exposici\u00f3n cuando corresponda.<\/div><div>\u2022Las autoridades de salud p\u00fablica han reforzado campa\u00f1as locales y disponibles vacunas y asistencia t\u00e9cnica, especialmente en \u00e1reas afectadas.<\/div>\t\t\t\t\t\t\t\t<\/div>\n\t\t\t\t\t<\/div>\n\t\t\t\t<\/div>\n\t\t<div data-particle_enable=\"false\" data-particle-mobile-disabled=\"false\" class=\"elementor-element elementor-element-67f55f4 e-flex e-con-boxed e-con e-parent\" data-id=\"67f55f4\" data-element_type=\"container\" data-e-type=\"container\">\n\t\t\t\t\t<div class=\"e-con-inner\">\n\t\t\t\t<div class=\"elementor-element elementor-element-7cc9675 elementor-widget elementor-widget-image\" data-id=\"7cc9675\" data-element_type=\"widget\" data-e-type=\"widget\" data-widget_type=\"image.default\">\n\t\t\t\t\t\t\t\t\t\t\t\t<figure class=\"wp-caption\">\n\t\t\t\t\t\t\t\t\t\t<img decoding=\"async\" width=\"768\" height=\"512\" src=\"https:\/\/soymigrante.com\/revista\/wp-content\/uploads\/2025\/07\/Casos-de-sarampion-alcanzan-maximo-historico-en-EE UU4-1024x682.jpeg\" class=\"attachment-large size-large wp-image-39128\" alt=\"Los casos de sarampi\u00f3n en Estados Unidos han alcanzado niveles alarmantes este a\u00f1o. (Foto: ENVATO)\" srcset=\"https:\/\/soymigrante.com\/revista\/wp-content\/uploads\/2025\/07\/Casos-de-sarampion-alcanzan-maximo-historico-en-EE%20UU4-1024x682.jpeg 1024w, https:\/\/soymigrante.com\/revista\/wp-content\/uploads\/2025\/07\/Casos-de-sarampion-alcanzan-maximo-historico-en-EE%20UU4-300x200.jpeg 300w, https:\/\/soymigrante.com\/revista\/wp-content\/uploads\/2025\/07\/Casos-de-sarampion-alcanzan-maximo-historico-en-EE%20UU4-768x512.jpeg 768w, https:\/\/soymigrante.com\/revista\/wp-content\/uploads\/2025\/07\/Casos-de-sarampion-alcanzan-maximo-historico-en-EE%20UU4-1536x1023.jpeg 1536w, https:\/\/soymigrante.com\/revista\/wp-content\/uploads\/2025\/07\/Casos-de-sarampion-alcanzan-maximo-historico-en-EE%20UU4-750x500.webp 750w, https:\/\/soymigrante.com\/revista\/wp-content\/uploads\/2025\/07\/Casos-de-sarampion-alcanzan-maximo-historico-en-EE%20UU4-1140x760.webp 1140w, https:\/\/soymigrante.com\/revista\/wp-content\/uploads\/2025\/07\/Casos-de-sarampion-alcanzan-maximo-historico-en-EE%20UU4.webp 1600w\" sizes=\"(max-width: 768px) 100vw, 768px\" title=\"Los casos de sarampi\u00f3n en Estados Unidos han alcanzado niveles alarmantes este a\u00f1o. (Foto: ENVATO) \u2013 SoyMigrante.com REVISTA\" \/>\t\t\t\t\t\t\t\t\t\t\t<figcaption class=\"widget-image-caption wp-caption-text\">Los casos de sarampi\u00f3n en Estados Unidos han alcanzado niveles alarmantes este a\u00f1o. (Foto: ENVATO)<\/figcaption>\n\t\t\t\t\t\t\t\t\t\t<\/figure>\n\t\t\t\t\t\t\t\t\t<\/div>\n\t\t\t\t\t<\/div>\n\t\t\t\t<\/div>\n\t\t<div data-particle_enable=\"false\" data-particle-mobile-disabled=\"false\" class=\"elementor-element elementor-element-e98e89c e-flex e-con-boxed e-con e-parent\" data-id=\"e98e89c\" data-element_type=\"container\" data-e-type=\"container\">\n\t\t\t\t\t<div class=\"e-con-inner\">\n\t\t\t\t<div class=\"elementor-element elementor-element-09f257a elementor-widget elementor-widget-text-editor\" data-id=\"09f257a\" data-element_type=\"widget\" data-e-type=\"widget\" data-widget_type=\"text-editor.default\">\n\t\t\t\t\t\t\t\t\t<p><a href=\"https:\/\/soymigrante.com\/revista\/vacunas-son-vitales-para-ninos-sean-o-no-migrantes-en-ee-uu\/\" target=\"_blank\" rel=\"noopener\">El sarampi\u00f3n ha vuelto a golpear con fuerza en EE.\u202fUU. tras d\u00e9cadas sin circulaci\u00f3n viral end\u00e9mica<\/a>. La combinaci\u00f3n de bajas tasas de vacunaci\u00f3n, brotes en comunidades vulnerables y desinformaci\u00f3n sobre vacunas ha permitido el resurgimiento de esta enfermedad altamente contagiosa.<\/p><p>Promover la vacunaci\u00f3n completa con MMR, mantener la vigilancia epidemiol\u00f3gica y fortalecer las respuestas locales son acciones clave para prevenir que se pierda la eliminaci\u00f3n lograda en el a\u00f1o.<\/p>\t\t\t\t\t\t\t\t<\/div>\n\t\t\t\t\t<\/div>\n\t\t\t\t<\/div>\n\t\t<div data-particle_enable=\"false\" data-particle-mobile-disabled=\"false\" class=\"elementor-element elementor-element-6566db1 e-flex e-con-boxed e-con e-parent\" data-id=\"6566db1\" data-element_type=\"container\" data-e-type=\"container\">\n\t\t\t\t\t<div class=\"e-con-inner\">\n\t\t\t\t<div class=\"elementor-element elementor-element-5d6da8c elementor-widget elementor-widget-heading\" data-id=\"5d6da8c\" data-element_type=\"widget\" data-e-type=\"widget\" data-widget_type=\"heading.default\">\n\t\t\t\t\t<h2 class=\"elementor-heading-title elementor-size-default\">Estos temas te pueden interesar...<\/h2>\t\t\t\t<\/div>\n\t\t\t\t\t<\/div>\n\t\t\t\t<\/div>\n\t\t<div data-particle_enable=\"false\" data-particle-mobile-disabled=\"false\" class=\"elementor-element elementor-element-997bbc7 e-flex e-con-boxed e-con e-parent\" data-id=\"997bbc7\" data-element_type=\"container\" data-e-type=\"container\">\n\t\t\t\t\t<div class=\"e-con-inner\">\n\t\t\t\t<div class=\"elementor-element elementor-element-2b3f7b8 elementor-grid-eael-col-3 elementor-grid-tablet-eael-col-2 elementor-grid-mobile-eael-col-1 elementor-invisible elementor-widget elementor-widget-eael-post-grid\" data-id=\"2b3f7b8\" data-element_type=\"widget\" data-e-type=\"widget\" data-settings=\"{&quot;eael_post_grid_columns&quot;:&quot;eael-col-3&quot;,&quot;_animation&quot;:&quot;rollIn&quot;,&quot;eael_post_grid_columns_tablet&quot;:&quot;eael-col-2&quot;,&quot;eael_post_grid_columns_mobile&quot;:&quot;eael-col-1&quot;}\" data-widget_type=\"eael-post-grid.default\">\n\t\t\t\t\t<div id=\"eael-post-grid-2b3f7b8\" class=\"eael-post-grid-container\">\n            <div class=\"eael-post-grid eael-post-appender eael-post-appender-2b3f7b8 eael-post-grid-style-one\" data-layout-mode=\"masonry\"><article class=\"eael-grid-post  eael-post-grid-column eael-pg-post-38990 category-bienestar\" data-id=\"38990\">\n        <div class=\"eael-grid-post-holder\">\n            <div class=\"eael-grid-post-holder-inner\"><div class=\"eael-entry-media\"><div class=\"eael-entry-overlay fade-in\"><i class=\"far fa-hand-pointer\" aria-hidden=\"true\"><\/i><a href=\"https:\/\/soymigrante.com\/revista\/por-que-se-inflaman-las-piernas-como-prevenir-o-aliviar\/\"><\/a><\/div><div class=\"eael-entry-thumbnail \">\n                <img decoding=\"async\" width=\"1024\" height=\"1024\" src=\"https:\/\/soymigrante.com\/revista\/wp-content\/uploads\/2025\/07\/foot-treatment-using-kinesiology-tape-2025-03-10-13-08-15-utc-1024x1024.jpg\" class=\"attachment-large size-large wp-image-39043\" alt=\"T\u00e9cnicas de belleza y maquillaje para piernas, estilo moderno en fotograf\u00eda de Moda y belleza, sobre la revista SoyMigrante.com.\" srcset=\"https:\/\/soymigrante.com\/revista\/wp-content\/uploads\/2025\/07\/foot-treatment-using-kinesiology-tape-2025-03-10-13-08-15-utc-1024x1024.jpg 1024w, https:\/\/soymigrante.com\/revista\/wp-content\/uploads\/2025\/07\/foot-treatment-using-kinesiology-tape-2025-03-10-13-08-15-utc-300x300.jpg 300w, https:\/\/soymigrante.com\/revista\/wp-content\/uploads\/2025\/07\/foot-treatment-using-kinesiology-tape-2025-03-10-13-08-15-utc-150x150.jpg 150w, https:\/\/soymigrante.com\/revista\/wp-content\/uploads\/2025\/07\/foot-treatment-using-kinesiology-tape-2025-03-10-13-08-15-utc-768x768.jpg 768w, https:\/\/soymigrante.com\/revista\/wp-content\/uploads\/2025\/07\/foot-treatment-using-kinesiology-tape-2025-03-10-13-08-15-utc-1536x1536.jpg 1536w, https:\/\/soymigrante.com\/revista\/wp-content\/uploads\/2025\/07\/foot-treatment-using-kinesiology-tape-2025-03-10-13-08-15-utc-75x75.webp 75w, https:\/\/soymigrante.com\/revista\/wp-content\/uploads\/2025\/07\/foot-treatment-using-kinesiology-tape-2025-03-10-13-08-15-utc-750x750.webp 750w, https:\/\/soymigrante.com\/revista\/wp-content\/uploads\/2025\/07\/foot-treatment-using-kinesiology-tape-2025-03-10-13-08-15-utc-1140x1140.webp 1140w, https:\/\/soymigrante.com\/revista\/wp-content\/uploads\/2025\/07\/foot-treatment-using-kinesiology-tape-2025-03-10-13-08-15-utc.webp 1639w\" sizes=\"(max-width: 1024px) 100vw, 1024px\" \/>\n            <\/div>\n        <\/div><div class=\"eael-entry-wrapper\"><header class=\"eael-entry-header\"><h2 class=\"eael-entry-title\"><a class=\"eael-grid-post-link\" href=\"https:\/\/soymigrante.com\/revista\/por-que-se-inflaman-las-piernas-como-prevenir-o-aliviar\/\" title=\"\u00bfPor qu\u00e9 se inflaman las piernas, como prevenir o aliviar?\">\u00bfPor qu\u00e9 se inflaman las piernas, como prevenir o aliviar?<\/a><\/h2><\/header><div class=\"eael-entry-content\">\n                        <div class=\"eael-grid-post-excerpt\"><a href=\"https:\/\/soymigrante.com\/revista\/por-que-se-inflaman-las-piernas-como-prevenir-o-aliviar\/\" class=\"eael-post-elements-readmore-btn\">CONOCE SU HISTORIA <\/a><\/div>\n                    <\/div><\/div><\/div>\n        <\/div>\n    <\/article><article class=\"eael-grid-post  eael-post-grid-column eael-pg-post-35976 category-salud-fisica tags-salud-fisica\" data-id=\"35976\">\n        <div class=\"eael-grid-post-holder\">\n            <div class=\"eael-grid-post-holder-inner\"><div class=\"eael-entry-media\"><div class=\"eael-entry-overlay fade-in\"><i class=\"far fa-hand-pointer\" aria-hidden=\"true\"><\/i><a href=\"https:\/\/soymigrante.com\/revista\/plantas-medicinales-que-alivian-el-dolor-de-estomago-una-tradicion-natural\/\"><\/a><\/div><div class=\"eael-entry-thumbnail \">\n                <img loading=\"lazy\" decoding=\"async\" width=\"1024\" height=\"683\" src=\"https:\/\/soymigrante.com\/revista\/wp-content\/uploads\/2025\/06\/plantas-medicinales-1024x683.jpg\" class=\"attachment-large size-large wp-image-35977\" alt=\"Flores de manzanilla con p\u00e9talos blancos y centros amarillos en un jard\u00edn, representando temas de plantas, naturaleza y salud para la revista SoyMigrante.com.\" srcset=\"https:\/\/soymigrante.com\/revista\/wp-content\/uploads\/2025\/06\/plantas-medicinales-1024x683.jpg 1024w, https:\/\/soymigrante.com\/revista\/wp-content\/uploads\/2025\/06\/plantas-medicinales-300x200.jpg 300w, https:\/\/soymigrante.com\/revista\/wp-content\/uploads\/2025\/06\/plantas-medicinales-768x512.jpg 768w, https:\/\/soymigrante.com\/revista\/wp-content\/uploads\/2025\/06\/plantas-medicinales-1536x1025.jpg 1536w, https:\/\/soymigrante.com\/revista\/wp-content\/uploads\/2025\/06\/plantas-medicinales-750x500.jpg 750w, https:\/\/soymigrante.com\/revista\/wp-content\/uploads\/2025\/06\/plantas-medicinales-1140x761.jpg 1140w, https:\/\/soymigrante.com\/revista\/wp-content\/uploads\/2025\/06\/plantas-medicinales.webp 1920w\" sizes=\"(max-width: 1024px) 100vw, 1024px\" \/>\n            <\/div>\n        <\/div><div class=\"eael-entry-wrapper\"><header class=\"eael-entry-header\"><h2 class=\"eael-entry-title\"><a class=\"eael-grid-post-link\" href=\"https:\/\/soymigrante.com\/revista\/plantas-medicinales-que-alivian-el-dolor-de-estomago-una-tradicion-natural\/\" title=\"Plantas medicinales que alivian el dolor de est\u00f3mago: una tradici\u00f3n natural\">Plantas medicinales que alivian el dolor de est\u00f3mago: una tradici\u00f3n natural<\/a><\/h2><\/header><div class=\"eael-entry-content\">\n                        <div class=\"eael-grid-post-excerpt\"><a href=\"https:\/\/soymigrante.com\/revista\/plantas-medicinales-que-alivian-el-dolor-de-estomago-una-tradicion-natural\/\" class=\"eael-post-elements-readmore-btn\">CONOCE SU HISTORIA <\/a><\/div>\n                    <\/div><\/div><\/div>\n        <\/div>\n    <\/article><article class=\"eael-grid-post  eael-post-grid-column eael-pg-post-28162 category-bienestar\" data-id=\"28162\">\n        <div class=\"eael-grid-post-holder\">\n            <div class=\"eael-grid-post-holder-inner\"><div class=\"eael-entry-media\"><div class=\"eael-entry-overlay fade-in\"><i class=\"far fa-hand-pointer\" aria-hidden=\"true\"><\/i><a href=\"https:\/\/soymigrante.com\/revista\/ingredientes-naturales-clave-para-favorecer-la-digestion\/\"><\/a><\/div><div class=\"eael-entry-thumbnail \">\n                <img loading=\"lazy\" decoding=\"async\" width=\"484\" height=\"484\" src=\"https:\/\/soymigrante.com\/revista\/wp-content\/uploads\/2025\/03\/ingredientes-saludables-digestion.webp\" class=\"attachment-large size-large wp-image-29609\" alt=\"Ch\u00eda y fruta con granada en un tarro de vidrio, alimentaci\u00f3n saludable, superalimentos, desayuno nutritivo, semillas de ch\u00eda y fruta fresca, tendencia en dietas Wellness y alimentaci\u00f3n consciente.\" srcset=\"https:\/\/soymigrante.com\/revista\/wp-content\/uploads\/2025\/03\/ingredientes-saludables-digestion.webp 484w, https:\/\/soymigrante.com\/revista\/wp-content\/uploads\/2025\/03\/ingredientes-saludables-digestion-300x300.png 300w, https:\/\/soymigrante.com\/revista\/wp-content\/uploads\/2025\/03\/ingredientes-saludables-digestion-150x150.png 150w, https:\/\/soymigrante.com\/revista\/wp-content\/uploads\/2025\/03\/ingredientes-saludables-digestion-75x75.webp 75w\" sizes=\"(max-width: 484px) 100vw, 484px\" \/>\n            <\/div>\n        <\/div><div class=\"eael-entry-wrapper\"><header class=\"eael-entry-header\"><h2 class=\"eael-entry-title\"><a class=\"eael-grid-post-link\" href=\"https:\/\/soymigrante.com\/revista\/ingredientes-naturales-clave-para-favorecer-la-digestion\/\" title=\"Ingredientes naturales clave para favorecer la digesti\u00f3n\">Ingredientes naturales clave para favorecer la digesti\u00f3n<\/a><\/h2><\/header><div class=\"eael-entry-content\">\n                        <div class=\"eael-grid-post-excerpt\"><a href=\"https:\/\/soymigrante.com\/revista\/ingredientes-naturales-clave-para-favorecer-la-digestion\/\" class=\"eael-post-elements-readmore-btn\">CONOCE SU HISTORIA <\/a><\/div>\n                    <\/div><\/div><\/div>\n        <\/div>\n    <\/article><\/div>\n            <div class=\"clearfix\"><\/div>\n        <\/div>\t\t\t\t<\/div>\n\t\t\t\t\t<\/div>\n\t\t\t\t<\/div>\n\t\t\t\t<\/div>\n\t\t","protected":false},"excerpt":{"rendered":"<p>El 2025 ha registrado la mayor cantidad de casos de sarampi\u00f3n en Estados Unidos desde 1992, poniendo en riesgo el estatus de eliminaci\u00f3n logrado hace 25 a\u00f1os. Los casos de sarampi\u00f3n en Estados Unidos han alcanzado niveles alarmantes este a\u00f1o. Con 1,288 casos confirmados en 39 estados hasta el 8 de julio, la incidencia supera [&hellip;]<\/p>\n","protected":false},"author":19,"featured_media":39235,"comment_status":"open","ping_status":"open","sticky":false,"template":"","format":"standard","meta":{"_acf_changed":false,"_eb_attr":"","footnotes":""},"categories":[54],"tags":[],"class_list":["post-39120","post","type-post","status-publish","format-standard","has-post-thumbnail","hentry","category-estamos-unidos"],"acf":[],"aioseo_notices":[],"aioseo_head":"\n\t\t<!-- All in One SEO Pro 4.9.6.2 - aioseo.com -->\n\t<meta name=\"description\" content=\"Los ingredientes naturales que te ayudan en la digesti\u00f3n son f\u00e1ciles de encontrar y muy necesarios de implementar en las comidas.\" \/>\n\t<meta name=\"robots\" content=\"max-snippet:-1, max-image-preview:large, max-video-preview:-1\" \/>\n\t<meta name=\"author\" content=\"Marysabel Aldana\"\/>\n\t<link rel=\"canonical\" href=\"https:\/\/soymigrante.com\/revista\/ingredientes-naturales-clave-para-favorecer-la-digestion\/\" \/>\n\t<meta name=\"generator\" content=\"All in One SEO Pro (AIOSEO) 4.9.6.2\" \/>\n\n\t\t<link rel=\"preconnect\" href=\"https:\/\/fonts.googleapis.com\" crossorigin>\n<link rel=\"preconnect\" href=\"https:\/\/fonts.gstatic.com\" crossorigin>\n\t\t<meta property=\"og:locale\" content=\"es_ES\" \/>\n\t\t<meta property=\"og:site_name\" content=\"SoyMigrante.com REVISTA \u2013 Nuestra misi\u00f3n es reconocer y dignificar al migrante.\" \/>\n\t\t<meta property=\"og:type\" content=\"article\" \/>\n\t\t<meta property=\"og:title\" content=\"Ingredientes naturales clave para favorecer la digesti\u00f3n\" \/>\n\t\t<meta property=\"og:description\" content=\"Los ingredientes naturales que te ayudan en la digesti\u00f3n son f\u00e1ciles de encontrar y muy necesarios de implementar en las comidas.\" \/>\n\t\t<meta property=\"og:url\" content=\"https:\/\/soymigrante.com\/revista\/ingredientes-naturales-clave-para-favorecer-la-digestion\/\" \/>\n\t\t<meta property=\"og:image\" content=\"https:\/\/soymigrante.com\/revista\/wp-content\/uploads\/2025\/03\/ingredientes-saludables-digestion.webp\" \/>\n\t\t<meta property=\"og:image:secure_url\" content=\"https:\/\/soymigrante.com\/revista\/wp-content\/uploads\/2025\/03\/ingredientes-saludables-digestion.webp\" \/>\n\t\t<meta property=\"og:image:width\" content=\"484\" \/>\n\t\t<meta property=\"og:image:height\" content=\"484\" \/>\n\t\t<meta property=\"article:published_time\" content=\"2025-03-31T11:30:00+00:00\" \/>\n\t\t<meta property=\"article:modified_time\" content=\"2025-03-31T02:35:49+00:00\" \/>\n\t\t<meta property=\"article:publisher\" content=\"https:\/\/www.facebook.com\/soymigrantecom\" \/>\n\t\t<meta name=\"twitter:card\" content=\"summary_large_image\" \/>\n\t\t<meta name=\"twitter:site\" content=\"@SoyMigrante_com\" \/>\n\t\t<meta name=\"twitter:title\" content=\"Ingredientes naturales clave para favorecer la digesti\u00f3n\" \/>\n\t\t<meta name=\"twitter:description\" content=\"Los ingredientes naturales que te ayudan en la digesti\u00f3n son f\u00e1ciles de encontrar y muy necesarios de implementar en las comidas.\" \/>\n\t\t<meta name=\"twitter:creator\" content=\"@SoyMigrante_com\" \/>\n\t\t<meta name=\"twitter:image\" content=\"https:\/\/soymigrante.com\/revista\/wp-content\/uploads\/2025\/03\/ingredientes-saludables-digestion.webp\" \/>\n\t\t<!-- All in One SEO Pro -->\r\n\t\t<title>Ingredientes naturales clave para favorecer la digesti\u00f3n<\/title>\n\n","aioseo_head_json":{"title":"Ingredientes naturales clave para favorecer la digesti\u00f3n","description":"Los ingredientes naturales que te ayudan en la digesti\u00f3n son f\u00e1ciles de encontrar y muy necesarios de implementar en las comidas.","canonical_url":"https:\/\/soymigrante.com\/revista\/ingredientes-naturales-clave-para-favorecer-la-digestion\/","robots":"max-snippet:-1, max-image-preview:large, max-video-preview:-1","keywords":"","webmasterTools":{"miscellaneous":"&lt;link rel=\"preconnect\" href=\"https:\/\/fonts.googleapis.com\" crossorigin&gt;\n&lt;link rel=\"preconnect\" href=\"https:\/\/fonts.gstatic.com\" crossorigin&gt;"},"schema":null,"og:locale":"es_ES","og:site_name":"SoyMigrante.com REVISTA \u2013 Nuestra misi\u00f3n es reconocer y dignificar al migrante.","og:type":"article","og:title":"Ingredientes naturales clave para favorecer la digesti\u00f3n","og:description":"Los ingredientes naturales que te ayudan en la digesti\u00f3n son f\u00e1ciles de encontrar y muy necesarios de implementar en las comidas.","og:url":"https:\/\/soymigrante.com\/revista\/ingredientes-naturales-clave-para-favorecer-la-digestion\/","og:image":"https:\/\/soymigrante.com\/revista\/wp-content\/uploads\/2025\/03\/ingredientes-saludables-digestion.webp","og:image:secure_url":"https:\/\/soymigrante.com\/revista\/wp-content\/uploads\/2025\/03\/ingredientes-saludables-digestion.webp","og:image:width":484,"og:image:height":484,"article:published_time":"2025-03-31T11:30:00+00:00","article:modified_time":"2025-03-31T02:35:49+00:00","article:publisher":"https:\/\/www.facebook.com\/soymigrantecom","twitter:card":"summary_large_image","twitter:site":"@SoyMigrante_com","twitter:title":"Ingredientes naturales clave para favorecer la digesti\u00f3n","twitter:description":"Los ingredientes naturales que te ayudan en la digesti\u00f3n son f\u00e1ciles de encontrar y muy necesarios de implementar en las comidas.","twitter:creator":"@SoyMigrante_com","twitter:image":"https:\/\/soymigrante.com\/revista\/wp-content\/uploads\/2025\/03\/ingredientes-saludables-digestion.webp"},"aioseo_meta_data":{"post_id":"39120","title":"Protege a tus ni\u00f1os contra el sarampi\u00f3n","description":"El 2025 ha registrado la mayor cantidad de casos de sarampi\u00f3n en USA desde 1992. Pero s\u00ed hay una forma de protegerlos: la vacunaci\u00f3n.","keywords":null,"keyphrases":{"focus":{"keyphrase":"Sarampi\u00f3n","score":91,"analysis":{"keyphraseInTitle":{"score":9,"maxScore":9,"error":0},"keyphraseInDescription":{"score":9,"maxScore":9,"error":0},"keyphraseLength":{"score":9,"maxScore":9,"error":0,"length":2},"keyphraseInURL":{"score":5,"maxScore":5,"error":0},"keyphraseInIntroduction":{"score":9,"maxScore":9,"error":0},"keyphraseInSubHeadings":{"score":3,"maxScore":9,"error":1},"keyphraseInImageAlt":{"score":9,"maxScore":9,"error":0},"keywordDensity":{"type":"best","score":9,"maxScore":9,"error":0}}},"additional":[{"keyphrase":"Estados Unidos","score":87,"analysis":{"keyphraseInDescription":{"score":3,"maxScore":9,"error":1},"keyphraseLength":{"score":9,"maxScore":9,"error":0,"length":2},"keyphraseInIntroduction":{"score":9,"maxScore":9,"error":0},"keyphraseInImageAlt":{"score":9,"maxScore":9,"error":0},"keywordDensity":{"type":"best","score":9,"maxScore":9,"error":0}}}]},"primary_term":null,"canonical_url":null,"og_title":null,"og_description":null,"og_object_type":"default","og_image_type":"default","og_image_url":null,"og_image_width":null,"og_image_height":null,"og_image_custom_url":null,"og_image_custom_fields":null,"og_video":"","og_custom_url":null,"og_article_section":null,"og_article_tags":null,"twitter_use_og":false,"twitter_card":"default","twitter_image_type":"default","twitter_image_url":null,"twitter_image_custom_url":null,"twitter_image_custom_fields":null,"twitter_title":null,"twitter_description":null,"schema":{"blockGraphs":[],"customGraphs":[],"default":{"data":{"Article":[],"Course":[],"Dataset":[],"FAQPage":[],"Movie":[],"Person":[],"Product":[],"ProductReview":[],"Car":[],"Recipe":[],"Service":[],"SoftwareApplication":[],"WebPage":[]},"graphName":"none","isEnabled":true},"graphs":[]},"schema_type":"default","schema_type_options":null,"pillar_content":false,"robots_default":true,"robots_noindex":false,"robots_noarchive":false,"robots_nosnippet":false,"robots_nofollow":false,"robots_noimageindex":false,"robots_noodp":false,"robots_notranslate":false,"robots_max_snippet":"-1","robots_max_videopreview":"-1","robots_max_imagepreview":"large","priority":null,"frequency":"default","local_seo":null,"seo_analyzer_scan_date":"2025-10-09 06:51:33","breadcrumb_settings":null,"limit_modified_date":false,"reviewed_by":"0","open_ai":null,"ai":{"faqs":[],"keyPoints":[],"titles":[],"descriptions":[],"socialPosts":{"email":[],"linkedin":[],"twitter":[],"facebook":[],"instagram":[]}},"created":"2025-07-11 19:26:21","updated":"2026-02-05 02:56:21"},"aioseo_breadcrumb":"<div class=\"aioseo-breadcrumbs\"><span class=\"aioseo-breadcrumb\">\n\t<a href=\"https:\/\/soymigrante.com\/revista\" title=\"Home\">Home<\/a>\n<\/span><span class=\"aioseo-breadcrumb-separator\">\u00bb<\/span><span class=\"aioseo-breadcrumb\">\n\t<a href=\"https:\/\/soymigrante.com\/revista\/category\/estamos-unidos\/\" title=\"Estamos Unidos\">Estamos Unidos<\/a>\n<\/span><span class=\"aioseo-breadcrumb-separator\">\u00bb<\/span><span class=\"aioseo-breadcrumb\">\n\tProtege a tus ni\u00f1os contra el sarampi\u00f3n: en USA hay aumento de casos\n<\/span><\/div>","aioseo_breadcrumb_json":[{"label":"Home","link":"https:\/\/soymigrante.com\/revista"},{"label":"Estamos Unidos","link":"https:\/\/soymigrante.com\/revista\/category\/estamos-unidos\/"},{"label":"Protege a tus ni\u00f1os contra el sarampi\u00f3n: en USA hay aumento de casos","link":"https:\/\/soymigrante.com\/revista\/protege-a-tus-ninos-contra-el-sarampion-en-usa-hay-aumento-de-casos\/"}],"_links":{"self":[{"href":"https:\/\/soymigrante.com\/revista\/wp-json\/wp\/v2\/posts\/39120","targetHints":{"allow":["GET"]}}],"collection":[{"href":"https:\/\/soymigrante.com\/revista\/wp-json\/wp\/v2\/posts"}],"about":[{"href":"https:\/\/soymigrante.com\/revista\/wp-json\/wp\/v2\/types\/post"}],"author":[{"embeddable":true,"href":"https:\/\/soymigrante.com\/revista\/wp-json\/wp\/v2\/users\/19"}],"replies":[{"embeddable":true,"href":"https:\/\/soymigrante.com\/revista\/wp-json\/wp\/v2\/comments?post=39120"}],"version-history":[{"count":13,"href":"https:\/\/soymigrante.com\/revista\/wp-json\/wp\/v2\/posts\/39120\/revisions"}],"predecessor-version":[{"id":39236,"href":"https:\/\/soymigrante.com\/revista\/wp-json\/wp\/v2\/posts\/39120\/revisions\/39236"}],"wp:featuredmedia":[{"embeddable":true,"href":"https:\/\/soymigrante.com\/revista\/wp-json\/wp\/v2\/media\/39235"}],"wp:attachment":[{"href":"https:\/\/soymigrante.com\/revista\/wp-json\/wp\/v2\/media?parent=39120"}],"wp:term":[{"taxonomy":"category","embeddable":true,"href":"https:\/\/soymigrante.com\/revista\/wp-json\/wp\/v2\/categories?post=39120"},{"taxonomy":"post_tag","embeddable":true,"href":"https:\/\/soymigrante.com\/revista\/wp-json\/wp\/v2\/tags?post=39120"}],"curies":[{"name":"wp","href":"https:\/\/api.w.org\/{rel}","templated":true}]}}