{"id":39092,"date":"2025-07-11T13:33:54","date_gmt":"2025-07-11T19:33:54","guid":{"rendered":"https:\/\/soymigrante.com\/revista\/?p=39092"},"modified":"2025-07-30T10:19:54","modified_gmt":"2025-07-30T16:19:54","slug":"personajes-del-popol-vuh-el-gran-zipacna","status":"publish","type":"post","link":"https:\/\/soymigrante.com\/revista\/personajes-del-popol-vuh-el-gran-zipacna\/","title":{"rendered":"El poderoso Zipacn\u00e1 tambi\u00e9n produce sismos y derrumbes, seg\u00fan el Popol Vuh"},"content":{"rendered":"\t\t<div data-elementor-type=\"wp-post\" data-elementor-id=\"39092\" class=\"elementor elementor-39092\" data-elementor-post-type=\"post\">\n\t\t\t\t<div data-particle_enable=\"false\" data-particle-mobile-disabled=\"false\" class=\"elementor-element elementor-element-3e94127 e-flex e-con-boxed e-con e-parent\" data-id=\"3e94127\" data-element_type=\"container\" data-e-type=\"container\">\n\t\t\t\t\t<div class=\"e-con-inner\">\n\t\t\t\t<div class=\"elementor-element elementor-element-b650373 elementor-widget elementor-widget-heading\" data-id=\"b650373\" data-element_type=\"widget\" data-e-type=\"widget\" data-widget_type=\"heading.default\">\n\t\t\t\t\t<h2 class=\"elementor-heading-title elementor-size-default\"><span style=\"font-size: 31.2px\">Era hijo de Vucub Caquix y hermano de Cabrak\u00e1n. Zipacn\u00e1 era un poderoso gigante que pod\u00eda mover monta\u00f1as y tambi\u00e9n se le asocia con temblores. As\u00ed fue derrotado. Este art\u00edculo incluye fragmentos originales del Libro Sagrado de los Mayas, el Popol Vuh.<\/span><\/h2>\t\t\t\t<\/div>\n\t\t\t\t<div class=\"elementor-element elementor-element-1c1782c elementor-widget elementor-widget-html\" data-id=\"1c1782c\" data-element_type=\"widget\" data-e-type=\"widget\" data-widget_type=\"html.default\">\n\t\t\t\t\t<div id=\"buzzsprout-player-17491378\"><\/div><script src=\"https:\/\/www.buzzsprout.com\/2444168\/episodes\/17491378-el-poderoso-zipacna-movia-montanas-en-el-popol-vuh.js?container_id=buzzsprout-player-17491378&player=small\" type=\"text\/javascript\" charset=\"utf-8\"><\/script>\t\t\t\t<\/div>\n\t\t\t\t\t<\/div>\n\t\t\t\t<\/div>\n\t\t<div data-particle_enable=\"false\" data-particle-mobile-disabled=\"false\" class=\"elementor-element elementor-element-95497c6 e-flex e-con-boxed e-con e-parent\" data-id=\"95497c6\" data-element_type=\"container\" data-e-type=\"container\">\n\t\t\t\t\t<div class=\"e-con-inner\">\n\t\t\t\t<div class=\"elementor-element elementor-element-dde45d2 elementor-widget elementor-widget-text-editor\" data-id=\"dde45d2\" data-element_type=\"widget\" data-e-type=\"widget\" data-widget_type=\"text-editor.default\">\n\t\t\t\t\t\t\t\t\t<p>En la cosmogon\u00eda maya del <a href=\"https:\/\/soymigrante.com\/revista\/el-popol-vuh-es-migrante-esta-en-chicago-y-8-datos-que-quiza-no-sabias\/\">Popol Vuh<\/a> (cuya escritura se recomienda Popol Wuj), libro sagrado del pueblo k\u2019iche\u2019, sobresale la figura de Zipacn\u00e1, un ser poderoso, col\u00e9rico y orgulloso. Hijo de Vucub-Caquix (que significa Siete Guacamayos) y hermano de <a href=\"https:\/\/soymigrante.com\/revista\/como-fue-vencido-cabrakan-el-gigante-de-los-terremotos-en-el-popol-vuh\/\">Cabrak\u00e1n, gigante de los terremotos<\/a>, el gran Zipacn\u00e1 es presentado como un ser colosal, dotado de una fuerza sobrenatural capaz de mover monta\u00f1as, troncos, rocas grandes.<\/p><p>Seg\u00fan el <a href=\"https:\/\/soymigrante.com\/revista\/el-popol-vuh-es-migrante-esta-en-chicago-y-8-datos-que-quiza-no-sabias\/\">Popol Vuh,<\/a> Zipacn\u00e1 se dedicaba a ayudar a los hombres en la construcci\u00f3n de casas y templos, pero no por generosidad, sino por vanidad. Cada obra que hac\u00eda le volv\u00eda m\u00e1s orgulloso. As\u00ed lo describe el libro sagrado e incluimos algunos fragmentos textuales para mayor riqueza cultural.<\/p>\t\t\t\t\t\t\t\t<\/div>\n\t\t\t\t\t<\/div>\n\t\t\t\t<\/div>\n\t\t<div data-particle_enable=\"false\" data-particle-mobile-disabled=\"false\" class=\"elementor-element elementor-element-0c8a853 e-flex e-con-boxed e-con e-parent\" data-id=\"0c8a853\" data-element_type=\"container\" data-e-type=\"container\">\n\t\t\t\t\t<div class=\"e-con-inner\">\n\t\t\t\t<div class=\"elementor-element elementor-element-b2a8ec4 elementor-widget elementor-widget-image\" data-id=\"b2a8ec4\" data-element_type=\"widget\" data-e-type=\"widget\" data-widget_type=\"image.default\">\n\t\t\t\t\t\t\t\t\t\t\t\t<figure class=\"wp-caption\">\n\t\t\t\t\t\t\t\t\t\t<img fetchpriority=\"high\" decoding=\"async\" width=\"768\" height=\"419\" src=\"https:\/\/soymigrante.com\/revista\/wp-content\/uploads\/2025\/07\/popol-vuh-personajes-zipacna-3-1024x559.jpg\" class=\"attachment-large size-large wp-image-39115\" alt=\"Mochila y artefacto azteca, figurando una figura gigante con m\u00e1scara tradicional ind\u00edgena, en una selva con personajes peque\u00f1os en la sombra, en referencia a la cultura mexicana ancestral y la historia prehisp\u00e1nica.\" srcset=\"https:\/\/soymigrante.com\/revista\/wp-content\/uploads\/2025\/07\/popol-vuh-personajes-zipacna-3-1024x559.jpg 1024w, https:\/\/soymigrante.com\/revista\/wp-content\/uploads\/2025\/07\/popol-vuh-personajes-zipacna-3-300x164.jpg 300w, https:\/\/soymigrante.com\/revista\/wp-content\/uploads\/2025\/07\/popol-vuh-personajes-zipacna-3-768x419.jpg 768w, https:\/\/soymigrante.com\/revista\/wp-content\/uploads\/2025\/07\/popol-vuh-personajes-zipacna-3-750x409.jpg 750w, https:\/\/soymigrante.com\/revista\/wp-content\/uploads\/2025\/07\/popol-vuh-personajes-zipacna-3-1140x622.jpg 1140w, https:\/\/soymigrante.com\/revista\/wp-content\/uploads\/2025\/07\/popol-vuh-personajes-zipacna-3.webp 1408w\" sizes=\"(max-width: 768px) 100vw, 768px\" title=\"&quot;\u201cYo soy el hacedor de los montes\u201d, dec\u00eda Zipacn\u00e1. Y se estaba ba\u00f1ando en un r\u00edo por el que pasaron los cuatrocientos muchachos que llevaban arrastrando un palo para pilar de la casa de los cuatrocientos. Y Zipacn\u00e1 decidi\u00f3 ayuda a cargarlo para demostrar otra vez su gran fuerza&quot;. \u2013 SoyMigrante.com REVISTA\" \/>\t\t\t\t\t\t\t\t\t\t\t<figcaption class=\"widget-image-caption wp-caption-text\">Un gigante con m\u00e1scara azteca y figura ancestral en plena selva, rodeado de ind\u00edgenas, representando la riqueza cultural y tradici\u00f3n de las civilizaciones antiguas mexicanas.<\/figcaption>\n\t\t\t\t\t\t\t\t\t\t<\/figure>\n\t\t\t\t\t\t\t\t\t<\/div>\n\t\t\t\t\t<\/div>\n\t\t\t\t<\/div>\n\t\t<div data-particle_enable=\"false\" data-particle-mobile-disabled=\"false\" class=\"elementor-element elementor-element-34f9705 e-flex e-con-boxed e-con e-parent\" data-id=\"34f9705\" data-element_type=\"container\" data-e-type=\"container\">\n\t\t\t\t\t<div class=\"e-con-inner\">\n\t\t\t\t<div class=\"elementor-element elementor-element-9648b42 elementor-widget elementor-widget-heading\" data-id=\"9648b42\" data-element_type=\"widget\" data-e-type=\"widget\" data-widget_type=\"heading.default\">\n\t\t\t\t\t<h3 class=\"elementor-heading-title elementor-size-default\">Los 400 muchachos, con texto del Popol Vuh<\/h3>\t\t\t\t<\/div>\n\t\t\t\t\t<\/div>\n\t\t\t\t<\/div>\n\t\t<div data-particle_enable=\"false\" data-particle-mobile-disabled=\"false\" class=\"elementor-element elementor-element-b439eec e-flex e-con-boxed e-con e-parent\" data-id=\"b439eec\" data-element_type=\"container\" data-e-type=\"container\">\n\t\t\t\t\t<div class=\"e-con-inner\">\n\t\t\t\t<div class=\"elementor-element elementor-element-0fdafe5 elementor-widget__width-initial elementor-widget elementor-widget-text-editor\" data-id=\"0fdafe5\" data-element_type=\"widget\" data-e-type=\"widget\" data-widget_type=\"text-editor.default\">\n\t\t\t\t\t\t\t\t\t<p>El gigante y orgulloso Zipacn\u00e1 se encontr\u00f3 400 muchachos, quienes quer\u00edan edificar una casa ceremonial y para eso intentaban transportar un gran tronco, pero les costaba mucho.\u00a0<\/p><p><i>\u201cDijo Zipacn\u00e1, \u201clo llevar\u00e9 yo\u201d. \u201c\u00bfY a d\u00f3nde ha\u00a0de ir, de qu\u00e9 sirve, o para qu\u00e9 lo hab\u00e9is cortado?\u201d. \u201cPara viga\u00a0madre de nuestra casa, respondieron ellos\u201d. \u201cEst\u00e1 bien\u201d, dijo<br \/>Zipacn\u00e1, y tirando de \u00e9l, lo carg\u00f3 y lo llev\u00f3 hasta la puerta\u00a0de la casa de los cuatrocientos muchachos. Entonces ellos\u00a0le dijeron: \u201cQu\u00e9date con nosotros, \u00bftienes madre o padre?\u201d.\u00a0\u201cNo tengo\u201d, respondi\u00f3 Zipacn\u00e1.&#8221;<\/i><\/p><p>Pero su gran fuerza despert\u00f3 sospecha y desconfianza entre los j\u00f3venes, que planearon deshacerse de \u00e9l.\u00a0 Cavaron una fosa profunda y la disfrazaron como si fuera el lugar donde construir\u00edan un horno de piedra. Invitaron a Zipacn\u00e1 a colocar el \u00faltimo pilar en el sitio. Se tenia que meter. Pero Zipacn\u00e1 cav\u00f3 un espacio donde meterse a un lado. Los j\u00f3venes soltaron el poste y creyeron que hab\u00eda muerto.<\/p>\t\t\t\t\t\t\t\t<\/div>\n\t\t\t\t\t<\/div>\n\t\t\t\t<\/div>\n\t\t<div data-particle_enable=\"false\" data-particle-mobile-disabled=\"false\" class=\"elementor-element elementor-element-802701d e-flex e-con-boxed e-con e-parent\" data-id=\"802701d\" data-element_type=\"container\" data-e-type=\"container\">\n\t\t\t\t\t<div class=\"e-con-inner\">\n\t\t\t\t<div class=\"elementor-element elementor-element-649e076 elementor-widget elementor-widget-image\" data-id=\"649e076\" data-element_type=\"widget\" data-e-type=\"widget\" data-widget_type=\"image.default\">\n\t\t\t\t\t\t\t\t\t\t\t\t<figure class=\"wp-caption\">\n\t\t\t\t\t\t\t\t\t\t<img decoding=\"async\" width=\"768\" height=\"419\" src=\"https:\/\/soymigrante.com\/revista\/wp-content\/uploads\/2025\/07\/popol-vuh-personajes-zipacna-8-1024x559.jpg\" class=\"attachment-large size-large wp-image-39116\" alt=\"Poderosa mujer ind\u00edgena gigante en una cueva, ilustraci\u00f3n digital de tem\u00e1tica cultural y ancestral, con rayos de luz natural iluminando la escena, resaltando la importancia de las ra\u00edces ind\u00edgenas y la historia ancestral en la cultura mexicana.\" srcset=\"https:\/\/soymigrante.com\/revista\/wp-content\/uploads\/2025\/07\/popol-vuh-personajes-zipacna-8-1024x559.jpg 1024w, https:\/\/soymigrante.com\/revista\/wp-content\/uploads\/2025\/07\/popol-vuh-personajes-zipacna-8-300x164.jpg 300w, https:\/\/soymigrante.com\/revista\/wp-content\/uploads\/2025\/07\/popol-vuh-personajes-zipacna-8-768x419.jpg 768w, https:\/\/soymigrante.com\/revista\/wp-content\/uploads\/2025\/07\/popol-vuh-personajes-zipacna-8-750x409.webp 750w, https:\/\/soymigrante.com\/revista\/wp-content\/uploads\/2025\/07\/popol-vuh-personajes-zipacna-8-1140x622.webp 1140w, https:\/\/soymigrante.com\/revista\/wp-content\/uploads\/2025\/07\/popol-vuh-personajes-zipacna-8.webp 1408w\" sizes=\"(max-width: 768px) 100vw, 768px\" title=\"Los 400 j\u00f3venes pensaron que ya lo hab\u00edan vencido, pero Zipacn\u00e1 cav\u00f3 una cueva lateral para escaparse. \u2013 SoyMigrante.com REVISTA\" \/>\t\t\t\t\t\t\t\t\t\t\t<figcaption class=\"widget-image-caption wp-caption-text\">Los 400 j\u00f3venes pensaron que ya lo hab\u00edan vencido, pero Zipacn\u00e1 cav\u00f3 una cueva lateral para escaparse. <\/figcaption>\n\t\t\t\t\t\t\t\t\t\t<\/figure>\n\t\t\t\t\t\t\t\t\t<\/div>\n\t\t\t\t\t<\/div>\n\t\t\t\t<\/div>\n\t\t<div data-particle_enable=\"false\" data-particle-mobile-disabled=\"false\" class=\"elementor-element elementor-element-ed06c90 e-flex e-con-boxed e-con e-parent\" data-id=\"ed06c90\" data-element_type=\"container\" data-e-type=\"container\">\n\t\t\t\t\t<div class=\"e-con-inner\">\n\t\t\t\t<div class=\"elementor-element elementor-element-1f0a089 elementor-widget elementor-widget-heading\" data-id=\"1f0a089\" data-element_type=\"widget\" data-e-type=\"widget\" data-widget_type=\"heading.default\">\n\t\t\t\t\t<h3 class=\"elementor-heading-title elementor-size-default\">El enga\u00f1o de Zipacn\u00e1<\/h3>\t\t\t\t<\/div>\n\t\t\t\t\t<\/div>\n\t\t\t\t<\/div>\n\t\t<div data-particle_enable=\"false\" data-particle-mobile-disabled=\"false\" class=\"elementor-element elementor-element-cae35a8 e-flex e-con-boxed e-con e-parent\" data-id=\"cae35a8\" data-element_type=\"container\" data-e-type=\"container\">\n\t\t\t\t\t<div class=\"e-con-inner\">\n\t\t\t\t<div class=\"elementor-element elementor-element-8a3e15a elementor-widget__width-initial elementor-widget elementor-widget-text-editor\" data-id=\"8a3e15a\" data-element_type=\"widget\" data-e-type=\"widget\" data-widget_type=\"text-editor.default\">\n\t\t\t\t\t\t\t\t\t<p>\u201cEst\u00e1 bien\u201d, dijo Zipacn\u00e1 y baj\u00f3 al agujero. \u201cCava bien\u201d, le dijeron,\u00a0\u201chasta que lo hagas muy profundo\u201d. \u201cEst\u00e1 bien\u201d, dijo \u00e9l y entonces empez\u00f3 a cavar, pero el hoyo que hizo fue para librarse\u00a0porque supo que lo quer\u00edan matar y cav\u00f3 un hoyo de lado, un\u00a0brazo hizo de hoyo, en donde se libr\u00f3.\u00a0<\/p><p>&#8220;Entonces los muchachos\u00a0arrastraron el palo y lo arrojaron con estruendo abajo&#8221; Y\u00a0\u00a0entonces\u00a0se alegraron, y dijeron: \u201c\u00a1Oh qu\u00e9 bueno lo que hemos hecho!,\u00a0ya muri\u00f3; si hubiera vivido nos habr\u00eda hecho mucho mal\u201d.<\/p><p>\u201cZipacn\u00e1 estaba vivo, \u00e9l se cort\u00f3 las u\u00f1as y los cabellos de su cabeza, con la boca se cort\u00f3 las u\u00f1as y se las daba a las hormigas; as\u00ed los cuatrocientos muchachos pensaron que hab\u00eda muerto&#8230; Luego fue derribado el rancho por Zipacn\u00e1 sobre sus cabezas&#8230;. Ni uno ni dos escaparon&#8230;fueron muertos por Zipacn\u00e1, hijo de Vucub-ca-quix&#8221;.<\/p><p>Los 400 jovenes se convirtieron en estrellas y este suceso del palo con que intentaron acabar con Zipacn\u00e1 forma parte del ritual de la danza del Palo Volador.<\/p>\t\t\t\t\t\t\t\t<\/div>\n\t\t\t\t\t<\/div>\n\t\t\t\t<\/div>\n\t\t<div data-particle_enable=\"false\" data-particle-mobile-disabled=\"false\" class=\"elementor-element elementor-element-13268da e-flex e-con-boxed e-con e-parent\" data-id=\"13268da\" data-element_type=\"container\" data-e-type=\"container\">\n\t\t\t\t\t<div class=\"e-con-inner\">\n\t\t\t\t<div class=\"elementor-element elementor-element-8d05123 elementor-grid-eael-col-1 elementor-grid-tablet-eael-col-2 elementor-grid-mobile-eael-col-1 elementor-invisible elementor-widget elementor-widget-eael-post-grid\" data-id=\"8d05123\" data-element_type=\"widget\" data-e-type=\"widget\" data-settings=\"{&quot;eael_post_grid_columns&quot;:&quot;eael-col-1&quot;,&quot;_animation&quot;:&quot;rollIn&quot;,&quot;eael_post_grid_columns_tablet&quot;:&quot;eael-col-2&quot;,&quot;eael_post_grid_columns_mobile&quot;:&quot;eael-col-1&quot;}\" data-widget_type=\"eael-post-grid.default\">\n\t\t\t\t\t<div id=\"eael-post-grid-8d05123\" class=\"eael-post-grid-container\">\n            <div class=\"eael-post-grid eael-post-appender eael-post-appender-8d05123 eael-post-grid-style-one\" data-layout-mode=\"masonry\"><article class=\"eael-grid-post  eael-post-grid-column eael-pg-post-2456 category-guate-nuestra tags-danzas-de-guatemala\" data-id=\"2456\">\n        <div class=\"eael-grid-post-holder\">\n            <div class=\"eael-grid-post-holder-inner\"><div class=\"eael-entry-media\"><div class=\"eael-entry-overlay fade-in\"><i class=\"far fa-hand-pointer\" aria-hidden=\"true\"><\/i><a href=\"https:\/\/soymigrante.com\/revista\/guatemala-danza-el-palo-volador-en-joyabaj-cubulco-o-chichicastenango-siempre-es-memorable\/\"><\/a><\/div><div class=\"eael-entry-thumbnail eael-image-ratio\">\n                <img decoding=\"async\" width=\"1024\" height=\"604\" src=\"https:\/\/soymigrante.com\/revista\/wp-content\/uploads\/2023\/09\/Captura-de-pantalla-2023-09-04-073800-e1693837574983-1024x604.webp\" class=\"attachment-large size-large wp-image-2458\" alt=\"Los monos Hun Batz y Hun Chouen en lo alto del palo antes de descender. Captura de pantalla de video de TV Asunci\u00f3n Joyabaj.\" srcset=\"https:\/\/soymigrante.com\/revista\/wp-content\/uploads\/2023\/09\/Captura-de-pantalla-2023-09-04-073800-e1693837574983-1024x604.webp 1024w, https:\/\/soymigrante.com\/revista\/wp-content\/uploads\/2023\/09\/Captura-de-pantalla-2023-09-04-073800-e1693837574983-300x177.webp 300w, https:\/\/soymigrante.com\/revista\/wp-content\/uploads\/2023\/09\/Captura-de-pantalla-2023-09-04-073800-e1693837574983-768x453.webp 768w, https:\/\/soymigrante.com\/revista\/wp-content\/uploads\/2023\/09\/Captura-de-pantalla-2023-09-04-073800-e1693837574983-750x442.webp 750w, https:\/\/soymigrante.com\/revista\/wp-content\/uploads\/2023\/09\/Captura-de-pantalla-2023-09-04-073800-e1693837574983-1140x673.webp 1140w, https:\/\/soymigrante.com\/revista\/wp-content\/uploads\/2023\/09\/Captura-de-pantalla-2023-09-04-073800-e1693837574983.webp 1256w\" sizes=\"(max-width: 1024px) 100vw, 1024px\" \/>\n            <\/div>\n        <\/div><div class=\"eael-entry-wrapper\"><header class=\"eael-entry-header\"><h2 class=\"eael-entry-title\"><a class=\"eael-grid-post-link\" href=\"https:\/\/soymigrante.com\/revista\/guatemala-danza-el-palo-volador-en-joyabaj-cubulco-o-chichicastenango-siempre-es-memorable\/\" title=\"Danzas de Guatemala: El Palo Volador en Joyabaj, Cubulco o Chichicastenango es inolvidable\">Danzas de Guatemala: El Palo Volador en Joyabaj, Cubulco o Chichicastenango es inolvidable<\/a><\/h2><\/header><div class=\"eael-entry-content\">\n                        <div class=\"eael-grid-post-excerpt\"><a href=\"https:\/\/soymigrante.com\/revista\/guatemala-danza-el-palo-volador-en-joyabaj-cubulco-o-chichicastenango-siempre-es-memorable\/\" class=\"eael-post-elements-readmore-btn\">CONOCE SU HISTORIA <\/a><\/div>\n                    <\/div><\/div><\/div>\n        <\/div>\n    <\/article><\/div>\n            <div class=\"clearfix\"><\/div>\n        <\/div>\t\t\t\t<\/div>\n\t\t\t\t\t<\/div>\n\t\t\t\t<\/div>\n\t\t<div data-particle_enable=\"false\" data-particle-mobile-disabled=\"false\" class=\"elementor-element elementor-element-d69db98 e-flex e-con-boxed e-con e-parent\" data-id=\"d69db98\" data-element_type=\"container\" data-e-type=\"container\">\n\t\t\t\t\t<div class=\"e-con-inner\">\n\t\t\t\t<div class=\"elementor-element elementor-element-a1a4eb7 elementor-widget elementor-widget-heading\" data-id=\"a1a4eb7\" data-element_type=\"widget\" data-e-type=\"widget\" data-widget_type=\"heading.default\">\n\t\t\t\t\t<h3 class=\"elementor-heading-title elementor-size-default\">La derrota de Zipacn\u00e1 por los gemelos h\u00e9roes<\/h3>\t\t\t\t<\/div>\n\t\t\t\t\t<\/div>\n\t\t\t\t<\/div>\n\t\t<div data-particle_enable=\"false\" data-particle-mobile-disabled=\"false\" class=\"elementor-element elementor-element-d50216f e-flex e-con-boxed e-con e-parent\" data-id=\"d50216f\" data-element_type=\"container\" data-e-type=\"container\">\n\t\t\t\t\t<div class=\"e-con-inner\">\n\t\t\t\t<div class=\"elementor-element elementor-element-e9ad13a elementor-widget elementor-widget-text-editor\" data-id=\"e9ad13a\" data-element_type=\"widget\" data-e-type=\"widget\" data-widget_type=\"text-editor.default\">\n\t\t\t\t\t\t\t\t\t<p>Los h\u00e9roes gemelos, Hunahp\u00fa e Ixbalanqu\u00e9 sab\u00edan que no pod\u00edan vencer a Zipacn\u00e1 con fuerza bruta, as\u00ed que apelaron a la astucia. Ello sab\u00edan que le gustaba mucho la carne de cangrejo.&nbsp;<\/p>\n<p><i>&#8220;Entonces Hunahp\u00fa y Xbalanqu\u00e9 hicieron una imagen de cangrejo y de una hoja que se cr\u00eda en los \u00e1rboles, que se llama ec, hicieron las manos grandes del cangrejo y las peque\u00f1as de otras hojas m\u00e1s peque\u00f1as llamadas pahac&#8221;<\/i><\/p>\n<p>Colocaron el falso cangrejo en el fondo de una cueva. Zipacn\u00e1, creyendo que era real y deseando devorarlo, entr\u00f3 en la cueva y se arrastr\u00f3 hasta el fondo, donde fue atrapado por un derrumbe cuidadosamente preparado por los gemelos.&nbsp; As\u00ed fue finalmente vencido y encerrado para siempre bajo las monta\u00f1as, de donde, seg\u00fan la creencia, a\u00fan provoca temblores cuando intenta liberarse.&nbsp;<\/p>\t\t\t\t\t\t\t\t<\/div>\n\t\t\t\t\t<\/div>\n\t\t\t\t<\/div>\n\t\t<div data-particle_enable=\"false\" data-particle-mobile-disabled=\"false\" class=\"elementor-element elementor-element-43fc61d e-flex e-con-boxed e-con e-parent\" data-id=\"43fc61d\" data-element_type=\"container\" data-e-type=\"container\">\n\t\t\t\t\t<div class=\"e-con-inner\">\n\t\t\t\t<div class=\"elementor-element elementor-element-00a5012 elementor-widget elementor-widget-image\" data-id=\"00a5012\" data-element_type=\"widget\" data-e-type=\"widget\" data-widget_type=\"image.default\">\n\t\t\t\t\t\t\t\t\t\t\t\t<figure class=\"wp-caption\">\n\t\t\t\t\t\t\t\t\t\t<img loading=\"lazy\" decoding=\"async\" width=\"768\" height=\"768\" src=\"https:\/\/soymigrante.com\/revista\/wp-content\/uploads\/2025\/07\/popol-vuh-personajes-zipacna-10.webp\" class=\"attachment-large size-large wp-image-39117\" alt=\"Gigante en la naturaleza, estatua de un personaje legendario con apariencia mitol\u00f3gica en un paisaje de ca\u00f1\u00f3n, rascacielos y vegetaci\u00f3n selv\u00e1tica, en un entorno de bosque y neblina.\" srcset=\"https:\/\/soymigrante.com\/revista\/wp-content\/uploads\/2025\/07\/popol-vuh-personajes-zipacna-10.webp 1024w, https:\/\/soymigrante.com\/revista\/wp-content\/uploads\/2025\/07\/popol-vuh-personajes-zipacna-10-300x300.jpg 300w, https:\/\/soymigrante.com\/revista\/wp-content\/uploads\/2025\/07\/popol-vuh-personajes-zipacna-10-150x150.jpg 150w, https:\/\/soymigrante.com\/revista\/wp-content\/uploads\/2025\/07\/popol-vuh-personajes-zipacna-10-768x768.jpg 768w, https:\/\/soymigrante.com\/revista\/wp-content\/uploads\/2025\/07\/popol-vuh-personajes-zipacna-10-75x75.webp 75w, https:\/\/soymigrante.com\/revista\/wp-content\/uploads\/2025\/07\/popol-vuh-personajes-zipacna-10-750x750.webp 750w\" sizes=\"(max-width: 768px) 100vw, 768px\" title=\"Los gemelos Hunahp\u00fa e Ixbalanqu\u00e9 escondieron un falso cangrejo en el fondo de una cueva y le dijeron a Zipacn\u00e1 que pod\u00eda entrar a buscarlo para com\u00e9rselo. Zipacn\u00e1 ten\u00eda mucha hambre pero no lograba alcanzarlo. \u2013 SoyMigrante.com REVISTA\" \/>\t\t\t\t\t\t\t\t\t\t\t<figcaption class=\"widget-image-caption wp-caption-text\">M\u00edtica estatua gigante en un ca\u00f1\u00f3n rodeada de naturaleza, con un personaje de apariencia ancestral y mitol\u00f3gica en un paisaje de bosque y neblina, resaltando temas de cultura, historia y mitolog\u00eda.<\/figcaption>\n\t\t\t\t\t\t\t\t\t\t<\/figure>\n\t\t\t\t\t\t\t\t\t<\/div>\n\t\t\t\t\t<\/div>\n\t\t\t\t<\/div>\n\t\t<div data-particle_enable=\"false\" data-particle-mobile-disabled=\"false\" class=\"elementor-element elementor-element-6b2b9ef e-flex e-con-boxed e-con e-parent\" data-id=\"6b2b9ef\" data-element_type=\"container\" data-e-type=\"container\">\n\t\t\t\t\t<div class=\"e-con-inner\">\n\t\t\t\t<div class=\"elementor-element elementor-element-df1de2c elementor-widget elementor-widget-text-editor\" data-id=\"df1de2c\" data-element_type=\"widget\" data-e-type=\"widget\" data-widget_type=\"text-editor.default\">\n\t\t\t\t\t\t\t\t\t<p><i>&#8220;Ellos le preguntaron: \u201c\u00bfQu\u00e9 es tu comida?\u201d. \u201cSolo pescado y cangrejos, y no he hallado ninguno, desde antier no como y ya no puedo sufrir m\u00e1s hambre\u201d. Y entonces, le dijeron ellos: \u201cUn cangrejo est\u00e1 all\u00e1 debajo de la barranca y de verdad es muy grande, \u00a1estar\u00eda bien que lo comieras!, quisimos cogerlo, nos mordi\u00f3 y nos atemorizamos con \u00e9l. \u00bfTe parece que vayamos a atraparlo?\u201d<\/i><\/p><p><i>Le dijeron ellos: Anda r\u00edo arriba e ir\u00e1s a dar derecho con \u00e9l (cangrejo).\u00a0<\/i><i>&#8230;Entonces le fueron acompa\u00f1ando y llegaron debajo de la barranca. El cangrejo estaba echado de lado y ten\u00eda muy colorada la concha. All\u00ed debajo de la barranca estaba el secreto de los muchachos. \u201cEst\u00e1 bien\u201d, dijo Zipacn\u00e1 alegr\u00e1ndose. Ya quer\u00eda com\u00e9rselo porque estaba muerto de hambre. Prob\u00f3 a entrar echado Luego sali\u00f3 y le dijeron los muchachos: \u201c\u00bfNo lo cogiste?\u201d. \u201cNo lo he cogido. Poco me falt\u00f3, pero se subi\u00f3. As\u00ed quiz\u00e1s ser\u00e1 bueno que luego entre boca arriba\u201d.\u00a0<\/i><\/p><p><i>Y luego Zipacn\u00e1 entr\u00f3 para arriba, acab\u00f3 de entrar y no falt\u00e1ndole ya m\u00e1s que entrar las rodillas se desmoron\u00f3 el cerro, cayendo con sosiego sobre su pecho y no volvi\u00f3 m\u00e1s, se hizo piedra Zipacn\u00e1 y as\u00ed fue vencido por los muchachos, Hunahp\u00fa y Xbalanqu\u00e9. Cuentan que antiguamente era este el que hac\u00eda los cerros, el hijo mayor de Vucub-ca-quix. Debajo del cerro que se llama Meauan fue vencido&#8221;<\/i><\/p>\t\t\t\t\t\t\t\t<\/div>\n\t\t\t\t\t<\/div>\n\t\t\t\t<\/div>\n\t\t<div data-particle_enable=\"false\" data-particle-mobile-disabled=\"false\" class=\"elementor-element elementor-element-2397599 e-flex e-con-boxed e-con e-parent\" data-id=\"2397599\" data-element_type=\"container\" data-e-type=\"container\">\n\t\t\t\t\t<div class=\"e-con-inner\">\n\t\t\t\t<div class=\"elementor-element elementor-element-7cc7574 elementor-widget elementor-widget-image\" data-id=\"7cc7574\" data-element_type=\"widget\" data-e-type=\"widget\" data-widget_type=\"image.default\">\n\t\t\t\t\t\t\t\t\t\t\t\t<figure class=\"wp-caption\">\n\t\t\t\t\t\t\t\t\t\t<img loading=\"lazy\" decoding=\"async\" width=\"768\" height=\"419\" src=\"https:\/\/soymigrante.com\/revista\/wp-content\/uploads\/2025\/07\/popol-vuh-personajes-zipacna-9-1024x559.jpg\" class=\"attachment-large size-large wp-image-39118\" alt=\"Gigante tolteca en una cueva, escultura gigante de una criatura prehisp\u00e1mica con detalles en su rostro y cuerpo, acompa\u00f1ada por dos ind\u00edgenas con armas tradicionales, en un entorno cavernario.\" srcset=\"https:\/\/soymigrante.com\/revista\/wp-content\/uploads\/2025\/07\/popol-vuh-personajes-zipacna-9-1024x559.jpg 1024w, https:\/\/soymigrante.com\/revista\/wp-content\/uploads\/2025\/07\/popol-vuh-personajes-zipacna-9-300x164.jpg 300w, https:\/\/soymigrante.com\/revista\/wp-content\/uploads\/2025\/07\/popol-vuh-personajes-zipacna-9-768x419.jpg 768w, https:\/\/soymigrante.com\/revista\/wp-content\/uploads\/2025\/07\/popol-vuh-personajes-zipacna-9-750x409.webp 750w, https:\/\/soymigrante.com\/revista\/wp-content\/uploads\/2025\/07\/popol-vuh-personajes-zipacna-9-1140x622.webp 1140w, https:\/\/soymigrante.com\/revista\/wp-content\/uploads\/2025\/07\/popol-vuh-personajes-zipacna-9.webp 1408w\" sizes=\"(max-width: 768px) 100vw, 768px\" title=\"Para poder alcanzarlo le sugirieron que se metiera en la cueva boca arriba. Y as\u00ed lograron atraparlo debajo de la monta\u00f1a. Desde entonces ya no pudo salir y a veces cuando se mueve hay derrumbes en la monta\u00f1a. \u2013 SoyMigrante.com REVISTA\" \/>\t\t\t\t\t\t\t\t\t\t\t<figcaption class=\"widget-image-caption wp-caption-text\">Escultura prehisp\u00e1nica gigante en cueva, con dos guerreros ind\u00edgenas frente a una figura ancestral tolteca, reflejando cultura y historia mexicana.<\/figcaption>\n\t\t\t\t\t\t\t\t\t\t<\/figure>\n\t\t\t\t\t\t\t\t\t<\/div>\n\t\t\t\t\t<\/div>\n\t\t\t\t<\/div>\n\t\t<div data-particle_enable=\"false\" data-particle-mobile-disabled=\"false\" class=\"elementor-element elementor-element-83e74a9 e-flex e-con-boxed e-con e-parent\" data-id=\"83e74a9\" data-element_type=\"container\" data-e-type=\"container\">\n\t\t\t\t\t<div class=\"e-con-inner\">\n\t\t\t\t<div class=\"elementor-element elementor-element-10b405f elementor-grid-eael-col-3 elementor-grid-tablet-eael-col-2 elementor-grid-mobile-eael-col-1 elementor-invisible elementor-widget elementor-widget-eael-post-grid\" data-id=\"10b405f\" data-element_type=\"widget\" data-e-type=\"widget\" data-settings=\"{&quot;eael_post_grid_columns&quot;:&quot;eael-col-3&quot;,&quot;_animation&quot;:&quot;rollIn&quot;,&quot;eael_post_grid_columns_tablet&quot;:&quot;eael-col-2&quot;,&quot;eael_post_grid_columns_mobile&quot;:&quot;eael-col-1&quot;}\" data-widget_type=\"eael-post-grid.default\">\n\t\t\t\t\t<div id=\"eael-post-grid-10b405f\" class=\"eael-post-grid-container\">\n            <div class=\"eael-post-grid eael-post-appender eael-post-appender-10b405f eael-post-grid-style-one\" data-layout-mode=\"masonry\"><article class=\"eael-grid-post  eael-post-grid-column eael-pg-post-38960 category-guate-nuestra tags-personajes-del-popol-vuh\" data-id=\"38960\">\n        <div class=\"eael-grid-post-holder\">\n            <div class=\"eael-grid-post-holder-inner\"><div class=\"eael-entry-media\"><div class=\"eael-entry-overlay fade-in\"><i class=\"far fa-hand-pointer\" aria-hidden=\"true\"><\/i><a href=\"https:\/\/soymigrante.com\/revista\/como-fue-vencido-cabrakan-el-gigante-de-los-terremotos-en-el-popol-vuh\/\"><\/a><\/div><div class=\"eael-entry-thumbnail \">\n                <img loading=\"lazy\" decoding=\"async\" width=\"1024\" height=\"1024\" src=\"https:\/\/soymigrante.com\/revista\/wp-content\/uploads\/2025\/07\/cabracan-o-cabrakan-dios-maya-de-los-terremotos-2.webp\" class=\"attachment-large size-large wp-image-38961\" alt=\"Majestuosa figura de un dios Azteca en un entorno volc\u00e1nico con lava, ilustraci\u00f3n digital de estilo mitol\u00f3gico y cultural, ideal para contenido relacionado con historia, culturas ind\u00edgenas mexicanas y arte digital.\" srcset=\"https:\/\/soymigrante.com\/revista\/wp-content\/uploads\/2025\/07\/cabracan-o-cabrakan-dios-maya-de-los-terremotos-2.webp 1024w, https:\/\/soymigrante.com\/revista\/wp-content\/uploads\/2025\/07\/cabracan-o-cabrakan-dios-maya-de-los-terremotos-2-300x300.jpg 300w, https:\/\/soymigrante.com\/revista\/wp-content\/uploads\/2025\/07\/cabracan-o-cabrakan-dios-maya-de-los-terremotos-2-150x150.jpg 150w, https:\/\/soymigrante.com\/revista\/wp-content\/uploads\/2025\/07\/cabracan-o-cabrakan-dios-maya-de-los-terremotos-2-768x768.jpg 768w, https:\/\/soymigrante.com\/revista\/wp-content\/uploads\/2025\/07\/cabracan-o-cabrakan-dios-maya-de-los-terremotos-2-75x75.webp 75w, https:\/\/soymigrante.com\/revista\/wp-content\/uploads\/2025\/07\/cabracan-o-cabrakan-dios-maya-de-los-terremotos-2-750x750.webp 750w\" sizes=\"(max-width: 1024px) 100vw, 1024px\" \/>\n            <\/div>\n        <\/div><div class=\"eael-entry-wrapper\"><header class=\"eael-entry-header\"><h2 class=\"eael-entry-title\"><a class=\"eael-grid-post-link\" href=\"https:\/\/soymigrante.com\/revista\/como-fue-vencido-cabrakan-el-gigante-de-los-terremotos-en-el-popol-vuh\/\" title=\"\u00bfC\u00f3mo fue vencido Cabrak\u00e1n, el gigante de los terremotos en el Popol Vuh?\">\u00bfC\u00f3mo fue vencido Cabrak\u00e1n, el gigante de los terremotos en el Popol Vuh?<\/a><\/h2><\/header><div class=\"eael-entry-content\">\n                        <div class=\"eael-grid-post-excerpt\"><a href=\"https:\/\/soymigrante.com\/revista\/como-fue-vencido-cabrakan-el-gigante-de-los-terremotos-en-el-popol-vuh\/\" class=\"eael-post-elements-readmore-btn\">CONOCE SU HISTORIA <\/a><\/div>\n                    <\/div><\/div><\/div>\n        <\/div>\n    <\/article><article class=\"eael-grid-post  eael-post-grid-column eael-pg-post-5754 category-guate-nuestra\" data-id=\"5754\">\n        <div class=\"eael-grid-post-holder\">\n            <div class=\"eael-grid-post-holder-inner\"><div class=\"eael-entry-media\"><div class=\"eael-entry-overlay fade-in\"><i class=\"far fa-hand-pointer\" aria-hidden=\"true\"><\/i><a href=\"https:\/\/soymigrante.com\/revista\/el-popol-vuh-es-migrante-esta-en-chicago-y-8-datos-que-quiza-no-sabias\/\"><\/a><\/div><div class=\"eael-entry-thumbnail \">\n                <img loading=\"lazy\" decoding=\"async\" width=\"805\" height=\"805\" src=\"https:\/\/soymigrante.com\/revista\/wp-content\/uploads\/2025\/05\/popol-vuh-feature-image.webp\" class=\"attachment-large size-large wp-image-35111\" alt=\"Popol Vuh, acuarela del maestro Maugdo V\u00e1squez. \u00bfEn donde est\u00e1 el manuscrito original del Popol Vuh, libro del pueblo maya k&#039;iche&#039; y Patrimonio Cultural de Guatemala?\" srcset=\"https:\/\/soymigrante.com\/revista\/wp-content\/uploads\/2025\/05\/popol-vuh-feature-image.webp 805w, https:\/\/soymigrante.com\/revista\/wp-content\/uploads\/2025\/05\/popol-vuh-feature-image-300x300.jpg 300w, https:\/\/soymigrante.com\/revista\/wp-content\/uploads\/2025\/05\/popol-vuh-feature-image-150x150.jpg 150w, https:\/\/soymigrante.com\/revista\/wp-content\/uploads\/2025\/05\/popol-vuh-feature-image-768x768.jpg 768w, https:\/\/soymigrante.com\/revista\/wp-content\/uploads\/2025\/05\/popol-vuh-feature-image-75x75.webp 75w, https:\/\/soymigrante.com\/revista\/wp-content\/uploads\/2025\/05\/popol-vuh-feature-image-750x750.jpg 750w\" sizes=\"(max-width: 805px) 100vw, 805px\" \/>\n            <\/div>\n        <\/div><div class=\"eael-entry-wrapper\"><header class=\"eael-entry-header\"><h2 class=\"eael-entry-title\"><a class=\"eael-grid-post-link\" href=\"https:\/\/soymigrante.com\/revista\/el-popol-vuh-es-migrante-esta-en-chicago-y-8-datos-que-quiza-no-sabias\/\" title=\"\u00bfEn donde est\u00e1  el manuscrito original del Popol Vuh, libro del pueblo maya k&#8217;iche&#8217; y Patrimonio Cultural de Guatemala?\">\u00bfEn donde est\u00e1  el manuscrito original del Popol Vuh, libro del pueblo maya k&#8217;iche&#8217; y Patrimonio Cultural de Guatemala?<\/a><\/h2><\/header><div class=\"eael-entry-content\">\n                        <div class=\"eael-grid-post-excerpt\"><a href=\"https:\/\/soymigrante.com\/revista\/el-popol-vuh-es-migrante-esta-en-chicago-y-8-datos-que-quiza-no-sabias\/\" class=\"eael-post-elements-readmore-btn\">CONOCE SU HISTORIA <\/a><\/div>\n                    <\/div><\/div><\/div>\n        <\/div>\n    <\/article><article class=\"eael-grid-post  eael-post-grid-column eael-pg-post-7557 category-guate-nuestra\" data-id=\"7557\">\n        <div class=\"eael-grid-post-holder\">\n            <div class=\"eael-grid-post-holder-inner\"><div class=\"eael-entry-media\"><div class=\"eael-entry-overlay fade-in\"><i class=\"far fa-hand-pointer\" aria-hidden=\"true\"><\/i><a href=\"https:\/\/soymigrante.com\/revista\/palo-volador-de-cubulco-llega-a-nueva-york-en-fotos-de-santiago-billy\/\"><\/a><\/div><div class=\"eael-entry-thumbnail \">\n                <img loading=\"lazy\" decoding=\"async\" width=\"506\" height=\"506\" src=\"https:\/\/soymigrante.com\/revista\/wp-content\/uploads\/2024\/07\/palo-volador-mico.webp\" class=\"attachment-large size-large wp-image-7558\" alt=\"Disfraz tradicional de carnaval con m\u00e1scara y vestimenta cultural en una celebraci\u00f3n folcl\u00f3rica.\" srcset=\"https:\/\/soymigrante.com\/revista\/wp-content\/uploads\/2024\/07\/palo-volador-mico.webp 506w, https:\/\/soymigrante.com\/revista\/wp-content\/uploads\/2024\/07\/palo-volador-mico-300x300.webp 300w, https:\/\/soymigrante.com\/revista\/wp-content\/uploads\/2024\/07\/palo-volador-mico-150x150.webp 150w, https:\/\/soymigrante.com\/revista\/wp-content\/uploads\/2024\/07\/palo-volador-mico-75x75.webp 75w\" sizes=\"(max-width: 506px) 100vw, 506px\" \/>\n            <\/div>\n        <\/div><div class=\"eael-entry-wrapper\"><header class=\"eael-entry-header\"><h2 class=\"eael-entry-title\"><a class=\"eael-grid-post-link\" href=\"https:\/\/soymigrante.com\/revista\/palo-volador-de-cubulco-llega-a-nueva-york-en-fotos-de-santiago-billy\/\" title=\"Palo Volador de Cubulco llega a Nueva York en fotos de Santiago Billy\">Palo Volador de Cubulco llega a Nueva York en fotos de Santiago Billy<\/a><\/h2><\/header><div class=\"eael-entry-content\">\n                        <div class=\"eael-grid-post-excerpt\"><a href=\"https:\/\/soymigrante.com\/revista\/palo-volador-de-cubulco-llega-a-nueva-york-en-fotos-de-santiago-billy\/\" class=\"eael-post-elements-readmore-btn\">CONOCE SU HISTORIA <\/a><\/div>\n                    <\/div><\/div><\/div>\n        <\/div>\n    <\/article><\/div>\n            <div class=\"clearfix\"><\/div>\n        <\/div>\t\t\t\t<\/div>\n\t\t\t\t\t<\/div>\n\t\t\t\t<\/div>\n\t\t\t\t<\/div>\n\t\t","protected":false},"excerpt":{"rendered":"<p>Era hijo de Vucub Caquix y hermano de Cabrak\u00e1n. Zipacn\u00e1 era un poderoso gigante que pod\u00eda mover monta\u00f1as y tambi\u00e9n se le asocia con temblores. As\u00ed fue derrotado. Este art\u00edculo incluye fragmentos originales del Libro Sagrado de los Mayas, el Popol Vuh. En la cosmogon\u00eda maya del Popol Vuh (cuya escritura se recomienda Popol Wuj), [&hellip;]<\/p>\n","protected":false},"author":7,"featured_media":39101,"comment_status":"open","ping_status":"open","sticky":false,"template":"","format":"standard","meta":{"_acf_changed":false,"_eb_attr":"","footnotes":""},"categories":[58],"tags":[257],"class_list":["post-39092","post","type-post","status-publish","format-standard","has-post-thumbnail","hentry","category-guate-nuestra","tag-personajes-del-popol-vuh"],"acf":[],"aioseo_notices":[],"aioseo_head":"\n\t\t<!-- All in One SEO Pro 4.9.6.2 - aioseo.com -->\n\t<meta name=\"description\" content=\"Fot\u00f3grafo guatemalteco Santiago Billy document\u00f3 la ceremonia y danza del Palo Volador. Esas im\u00e1genes forman parte de una exposici\u00f3n en el Bronx\" \/>\n\t<meta name=\"robots\" content=\"max-snippet:-1, max-image-preview:large, max-video-preview:-1\" \/>\n\t<meta name=\"author\" content=\"Gustavo Montenegro\"\/>\n\t<link rel=\"canonical\" href=\"https:\/\/soymigrante.com\/revista\/palo-volador-de-cubulco-llega-a-nueva-york-en-fotos-de-santiago-billy\/\" \/>\n\t<meta name=\"generator\" content=\"All in One SEO Pro (AIOSEO) 4.9.6.2\" \/>\n\n\t\t<link rel=\"preconnect\" href=\"https:\/\/fonts.googleapis.com\" crossorigin>\n<link rel=\"preconnect\" href=\"https:\/\/fonts.gstatic.com\" crossorigin>\n\t\t<meta property=\"og:locale\" content=\"es_ES\" \/>\n\t\t<meta property=\"og:site_name\" content=\"SoyMigrante.com REVISTA \u2013 Nuestra misi\u00f3n es reconocer y dignificar al migrante.\" \/>\n\t\t<meta property=\"og:type\" content=\"article\" \/>\n\t\t<meta property=\"og:title\" content=\"Palo Volador llega a Nueva York, en exposici\u00f3n en el Bronx\" \/>\n\t\t<meta property=\"og:description\" content=\"Fot\u00f3grafo guatemalteco Santiago Billy document\u00f3 la ceremonia y danza del Palo Volador. Esas im\u00e1genes forman parte de una exposici\u00f3n en el Bronx\" \/>\n\t\t<meta property=\"og:url\" content=\"https:\/\/soymigrante.com\/revista\/palo-volador-de-cubulco-llega-a-nueva-york-en-fotos-de-santiago-billy\/\" \/>\n\t\t<meta property=\"og:image\" content=\"https:\/\/soymigrante.com\/revista\/wp-content\/uploads\/2024\/07\/palo-volador-mico.webp\" \/>\n\t\t<meta property=\"og:image:secure_url\" content=\"https:\/\/soymigrante.com\/revista\/wp-content\/uploads\/2024\/07\/palo-volador-mico.webp\" \/>\n\t\t<meta property=\"og:image:width\" content=\"506\" \/>\n\t\t<meta property=\"og:image:height\" content=\"506\" \/>\n\t\t<meta property=\"article:published_time\" content=\"2024-07-21T17:16:58+00:00\" \/>\n\t\t<meta property=\"article:modified_time\" content=\"2024-07-30T21:17:36+00:00\" \/>\n\t\t<meta property=\"article:publisher\" content=\"https:\/\/www.facebook.com\/soymigrantecom\" \/>\n\t\t<meta name=\"twitter:card\" content=\"summary_large_image\" \/>\n\t\t<meta name=\"twitter:site\" content=\"@SoyMigrante_com\" \/>\n\t\t<meta name=\"twitter:title\" content=\"Palo Volador llega a Nueva York, en exposici\u00f3n en el Bronx\" \/>\n\t\t<meta name=\"twitter:description\" content=\"Fot\u00f3grafo guatemalteco Santiago Billy document\u00f3 la ceremonia y danza del Palo Volador. Esas im\u00e1genes forman parte de una exposici\u00f3n en el Bronx\" \/>\n\t\t<meta name=\"twitter:creator\" content=\"@SoyMigrante_com\" \/>\n\t\t<meta name=\"twitter:image\" content=\"https:\/\/soymigrante.com\/revista\/wp-content\/uploads\/2024\/07\/palo-volador-mico.webp\" \/>\n\t\t<!-- All in One SEO Pro -->\r\n\t\t<title>Palo Volador llega a Nueva York, en exposici\u00f3n en el Bronx<\/title>\n\n","aioseo_head_json":{"title":"Palo Volador llega a Nueva York, en exposici\u00f3n en el Bronx","description":"Fot\u00f3grafo guatemalteco Santiago Billy document\u00f3 la ceremonia y danza del Palo Volador. Esas im\u00e1genes forman parte de una exposici\u00f3n en el Bronx","canonical_url":"https:\/\/soymigrante.com\/revista\/palo-volador-de-cubulco-llega-a-nueva-york-en-fotos-de-santiago-billy\/","robots":"max-snippet:-1, max-image-preview:large, max-video-preview:-1","keywords":"","webmasterTools":{"miscellaneous":"&lt;link rel=\"preconnect\" href=\"https:\/\/fonts.googleapis.com\" crossorigin&gt;\n&lt;link rel=\"preconnect\" href=\"https:\/\/fonts.gstatic.com\" crossorigin&gt;"},"schema":null,"og:locale":"es_ES","og:site_name":"SoyMigrante.com REVISTA \u2013 Nuestra misi\u00f3n es reconocer y dignificar al migrante.","og:type":"article","og:title":"Palo Volador llega a Nueva York, en exposici\u00f3n en el Bronx","og:description":"Fot\u00f3grafo guatemalteco Santiago Billy document\u00f3 la ceremonia y danza del Palo Volador. Esas im\u00e1genes forman parte de una exposici\u00f3n en el Bronx","og:url":"https:\/\/soymigrante.com\/revista\/palo-volador-de-cubulco-llega-a-nueva-york-en-fotos-de-santiago-billy\/","og:image":"https:\/\/soymigrante.com\/revista\/wp-content\/uploads\/2024\/07\/palo-volador-mico.webp","og:image:secure_url":"https:\/\/soymigrante.com\/revista\/wp-content\/uploads\/2024\/07\/palo-volador-mico.webp","og:image:width":506,"og:image:height":506,"article:published_time":"2024-07-21T17:16:58+00:00","article:modified_time":"2024-07-30T21:17:36+00:00","article:publisher":"https:\/\/www.facebook.com\/soymigrantecom","twitter:card":"summary_large_image","twitter:site":"@SoyMigrante_com","twitter:title":"Palo Volador llega a Nueva York, en exposici\u00f3n en el Bronx","twitter:description":"Fot\u00f3grafo guatemalteco Santiago Billy document\u00f3 la ceremonia y danza del Palo Volador. Esas im\u00e1genes forman parte de una exposici\u00f3n en el Bronx","twitter:creator":"@SoyMigrante_com","twitter:image":"https:\/\/soymigrante.com\/revista\/wp-content\/uploads\/2024\/07\/palo-volador-mico.webp"},"aioseo_meta_data":{"post_id":"39092","title":"El poderoso Zipacn\u00e1 tambi\u00e9n ocasiona sismos en el Popol Vuh","description":"Zipacn\u00e1 era un gigante orgulloso que pod\u00eda mover monta\u00f1as. Hermano de Cabrak\u00e1n Fue vencido por Hunahp\u00fa e Ixbalanqu\u00e9 y se le recuerda en el Palo Volador","keywords":null,"keyphrases":{"focus":{"keyphrase":"Popol Vuh","score":91,"analysis":{"keyphraseInTitle":{"score":9,"maxScore":9,"error":0},"keyphraseInDescription":{"score":3,"maxScore":9,"error":1},"keyphraseLength":{"score":9,"maxScore":9,"error":0,"length":2},"keyphraseInURL":{"score":5,"maxScore":5,"error":0},"keyphraseInIntroduction":{"score":9,"maxScore":9,"error":0},"keyphraseInSubHeadings":{"score":9,"maxScore":9,"error":0},"keyphraseInImageAlt":{"score":9,"maxScore":9,"error":0},"keywordDensity":{"type":"best","score":9,"maxScore":9,"error":0}}},"additional":[{"keyphrase":"Zipacn\u00e1","score":100,"analysis":{"keyphraseInDescription":{"score":9,"maxScore":9,"error":0},"keyphraseLength":{"score":9,"maxScore":9,"error":0,"length":1},"keyphraseInIntroduction":{"score":9,"maxScore":9,"error":0},"keyphraseInImageAlt":{"score":9,"maxScore":9,"error":0},"keywordDensity":{"type":"best","score":9,"maxScore":9,"error":0}}},{"keyphrase":"Maya","score":67,"analysis":{"keyphraseInDescription":{"score":3,"maxScore":9,"error":1},"keyphraseLength":{"score":9,"maxScore":9,"error":0,"length":1},"keyphraseInIntroduction":{"score":9,"maxScore":9,"error":0},"keyphraseInImageAlt":{"score":9,"maxScore":9,"error":0},"keywordDensity":{"score":0,"type":"low","maxScore":9,"error":1}}}]},"primary_term":null,"canonical_url":null,"og_title":null,"og_description":null,"og_object_type":"default","og_image_type":"default","og_image_url":null,"og_image_width":null,"og_image_height":null,"og_image_custom_url":null,"og_image_custom_fields":null,"og_video":"","og_custom_url":null,"og_article_section":null,"og_article_tags":null,"twitter_use_og":false,"twitter_card":"default","twitter_image_type":"default","twitter_image_url":null,"twitter_image_custom_url":null,"twitter_image_custom_fields":null,"twitter_title":null,"twitter_description":null,"schema":{"blockGraphs":[],"customGraphs":[],"default":{"data":{"Article":[],"Course":[],"Dataset":[],"FAQPage":[],"Movie":[],"Person":[],"Product":[],"ProductReview":[],"Car":[],"Recipe":[],"Service":[],"SoftwareApplication":[],"WebPage":[]},"graphName":"none","isEnabled":true},"graphs":[]},"schema_type":"default","schema_type_options":null,"pillar_content":false,"robots_default":true,"robots_noindex":false,"robots_noarchive":false,"robots_nosnippet":false,"robots_nofollow":false,"robots_noimageindex":false,"robots_noodp":false,"robots_notranslate":false,"robots_max_snippet":"-1","robots_max_videopreview":"-1","robots_max_imagepreview":"large","priority":null,"frequency":"default","local_seo":null,"seo_analyzer_scan_date":"2025-10-09 06:48:09","breadcrumb_settings":null,"limit_modified_date":false,"reviewed_by":"0","open_ai":null,"ai":{"faqs":[],"keyPoints":[],"titles":[],"descriptions":[],"socialPosts":{"email":[],"linkedin":[],"twitter":[],"facebook":[],"instagram":[]}},"created":"2025-07-11 18:45:05","updated":"2026-02-05 02:56:19"},"aioseo_breadcrumb":"<div class=\"aioseo-breadcrumbs\"><span class=\"aioseo-breadcrumb\">\n\t<a href=\"https:\/\/soymigrante.com\/revista\" title=\"Home\">Home<\/a>\n<\/span><span class=\"aioseo-breadcrumb-separator\">\u00bb<\/span><span class=\"aioseo-breadcrumb\">\n\t<a href=\"https:\/\/soymigrante.com\/revista\/category\/guate-nuestra\/\" title=\"Guate Nuestra\">Guate Nuestra<\/a>\n<\/span><span class=\"aioseo-breadcrumb-separator\">\u00bb<\/span><span class=\"aioseo-breadcrumb\">\n\tEl poderoso Zipacn\u00e1 tambi\u00e9n produce sismos y derrumbes, seg\u00fan el Popol Vuh\n<\/span><\/div>","aioseo_breadcrumb_json":[{"label":"Home","link":"https:\/\/soymigrante.com\/revista"},{"label":"Guate Nuestra","link":"https:\/\/soymigrante.com\/revista\/category\/guate-nuestra\/"},{"label":"El poderoso Zipacn\u00e1 tambi\u00e9n produce sismos y derrumbes, seg\u00fan el Popol Vuh","link":"https:\/\/soymigrante.com\/revista\/personajes-del-popol-vuh-el-gran-zipacna\/"}],"_links":{"self":[{"href":"https:\/\/soymigrante.com\/revista\/wp-json\/wp\/v2\/posts\/39092","targetHints":{"allow":["GET"]}}],"collection":[{"href":"https:\/\/soymigrante.com\/revista\/wp-json\/wp\/v2\/posts"}],"about":[{"href":"https:\/\/soymigrante.com\/revista\/wp-json\/wp\/v2\/types\/post"}],"author":[{"embeddable":true,"href":"https:\/\/soymigrante.com\/revista\/wp-json\/wp\/v2\/users\/7"}],"replies":[{"embeddable":true,"href":"https:\/\/soymigrante.com\/revista\/wp-json\/wp\/v2\/comments?post=39092"}],"version-history":[{"count":16,"href":"https:\/\/soymigrante.com\/revista\/wp-json\/wp\/v2\/posts\/39092\/revisions"}],"predecessor-version":[{"id":40809,"href":"https:\/\/soymigrante.com\/revista\/wp-json\/wp\/v2\/posts\/39092\/revisions\/40809"}],"wp:featuredmedia":[{"embeddable":true,"href":"https:\/\/soymigrante.com\/revista\/wp-json\/wp\/v2\/media\/39101"}],"wp:attachment":[{"href":"https:\/\/soymigrante.com\/revista\/wp-json\/wp\/v2\/media?parent=39092"}],"wp:term":[{"taxonomy":"category","embeddable":true,"href":"https:\/\/soymigrante.com\/revista\/wp-json\/wp\/v2\/categories?post=39092"},{"taxonomy":"post_tag","embeddable":true,"href":"https:\/\/soymigrante.com\/revista\/wp-json\/wp\/v2\/tags?post=39092"}],"curies":[{"name":"wp","href":"https:\/\/api.w.org\/{rel}","templated":true}]}}