{"id":39088,"date":"2025-07-11T06:00:00","date_gmt":"2025-07-11T12:00:00","guid":{"rendered":"https:\/\/soymigrante.com\/revista\/?p=39088"},"modified":"2025-07-11T17:06:58","modified_gmt":"2025-07-11T23:06:58","slug":"colores-sin-fronteras-brilla-el-arte-de-la-artista-cubano-guatemalteca-kika-garces","status":"publish","type":"post","link":"https:\/\/soymigrante.com\/revista\/colores-sin-fronteras-brilla-el-arte-de-la-artista-cubano-guatemalteca-kika-garces\/","title":{"rendered":"Colores sin fronteras: brilla el arte de la artista cubano-guatemalteca Kika Garc\u00e9s"},"content":{"rendered":"\t\t<div data-elementor-type=\"wp-post\" data-elementor-id=\"39088\" class=\"elementor elementor-39088\" data-elementor-post-type=\"post\">\n\t\t\t\t<div data-particle_enable=\"false\" data-particle-mobile-disabled=\"false\" class=\"elementor-element elementor-element-8fcfb5e e-flex e-con-boxed e-con e-parent\" data-id=\"8fcfb5e\" data-element_type=\"container\" data-e-type=\"container\">\n\t\t\t\t\t<div class=\"e-con-inner\">\n\t\t\t\t<div class=\"elementor-element elementor-element-5d3dfa6 elementor-widget elementor-widget-heading\" data-id=\"5d3dfa6\" data-element_type=\"widget\" data-e-type=\"widget\" data-widget_type=\"heading.default\">\n\t\t\t\t\t<h2 class=\"elementor-heading-title elementor-size-default\">Kika Garces de Marcilla lleva su arte a otras fronteras, une culturas y pone el nombre de Guatemala en alto. <\/h2>\t\t\t\t<\/div>\n\t\t\t\t\t<\/div>\n\t\t\t\t<\/div>\n\t\t<div data-particle_enable=\"false\" data-particle-mobile-disabled=\"false\" class=\"elementor-element elementor-element-ec2ae9a e-flex e-con-boxed e-con e-parent\" data-id=\"ec2ae9a\" data-element_type=\"container\" data-e-type=\"container\">\n\t\t\t\t\t<div class=\"e-con-inner\">\n\t\t\t\t<div class=\"elementor-element elementor-element-0020c70 elementor-widget elementor-widget-text-editor\" data-id=\"0020c70\" data-element_type=\"widget\" data-e-type=\"widget\" data-widget_type=\"text-editor.default\">\n\t\t\t\t\t\t\t\t\t<p>En los pasillos de <a href=\"https:\/\/www.thesignaturegallery.com\/\" target=\"_blank\" rel=\"noopener\">Signature Art Gallery<\/a>, las obras de Kika Garces de Marcilla no solo adornan las paredes; las transforman en ventanas hacia un universo donde las fronteras geogr\u00e1ficas se disuelven ante la fuerza expresiva del arte.<\/p><p>Esta artista cubano-guatemalteca, criada en Miami, encarna la esencia misma de la identidad multicultural que define a tantos migrantes en Estados Unidos: una s\u00edntesis creativa de m\u00faltiples herencias que se convierte en algo completamente nuevo y profundamente aut\u00e9ntico.<\/p><p><a href=\"https:\/\/www.thesignaturegallery.com\/\" target=\"_blank\" rel=\"noopener\">El trabajo multidisciplinario de Kika trasciende las categor\u00edas tradicionales del arte.<\/a> Sus pinturas, esculturas e instalaciones murales a gran escala no son simplemente objetos est\u00e9ticos; son manifestaciones tangibles de una experiencia migratoria que se ha transformado en lenguaje universal.<\/p><p>Cada pincelada lleva consigo la memoria de tres culturas, cada textura cuenta la historia de una identidad que se ha forjado en el cruce de caminos, en ese espacio liminal donde se encuentran las tradiciones ancestrales con las realidades contempor\u00e1neas.<\/p>\t\t\t\t\t\t\t\t<\/div>\n\t\t\t\t\t<\/div>\n\t\t\t\t<\/div>\n\t\t<div data-particle_enable=\"false\" data-particle-mobile-disabled=\"false\" class=\"elementor-element elementor-element-092069f e-flex e-con-boxed e-con e-parent\" data-id=\"092069f\" data-element_type=\"container\" data-e-type=\"container\">\n\t\t\t\t\t<div class=\"e-con-inner\">\n\t\t\t\t<div class=\"elementor-element elementor-element-835389a elementor-widget elementor-widget-image\" data-id=\"835389a\" data-element_type=\"widget\" data-e-type=\"widget\" data-widget_type=\"image.default\">\n\t\t\t\t\t\t\t\t\t\t\t\t<figure class=\"wp-caption\">\n\t\t\t\t\t\t\t\t\t\t<img fetchpriority=\"high\" decoding=\"async\" width=\"768\" height=\"395\" src=\"https:\/\/soymigrante.com\/revista\/wp-content\/uploads\/2025\/07\/Colores-sin-Fronteras-Kika-Garces-de-Marcilla-y-el-Arte-como-Puente-Cultural6-1024x526.jpeg\" class=\"attachment-large size-large wp-image-39096\" alt=\"Perspectiva de una mujer hablando en entrevista en la revista SoyMigrante.com sobre movilidad y derechos de migrantes en M\u00e9xico, fondo con logo de la revista en la pared.\" srcset=\"https:\/\/soymigrante.com\/revista\/wp-content\/uploads\/2025\/07\/Colores-sin-Fronteras-Kika-Garces-de-Marcilla-y-el-Arte-como-Puente-Cultural6-1024x526.jpeg 1024w, https:\/\/soymigrante.com\/revista\/wp-content\/uploads\/2025\/07\/Colores-sin-Fronteras-Kika-Garces-de-Marcilla-y-el-Arte-como-Puente-Cultural6-300x154.jpeg 300w, https:\/\/soymigrante.com\/revista\/wp-content\/uploads\/2025\/07\/Colores-sin-Fronteras-Kika-Garces-de-Marcilla-y-el-Arte-como-Puente-Cultural6-768x394.jpeg 768w, https:\/\/soymigrante.com\/revista\/wp-content\/uploads\/2025\/07\/Colores-sin-Fronteras-Kika-Garces-de-Marcilla-y-el-Arte-como-Puente-Cultural6-750x385.webp 750w, https:\/\/soymigrante.com\/revista\/wp-content\/uploads\/2025\/07\/Colores-sin-Fronteras-Kika-Garces-de-Marcilla-y-el-Arte-como-Puente-Cultural6-1140x585.webp 1140w, https:\/\/soymigrante.com\/revista\/wp-content\/uploads\/2025\/07\/Colores-sin-Fronteras-Kika-Garces-de-Marcilla-y-el-Arte-como-Puente-Cultural6.webp 1221w\" sizes=\"(max-width: 768px) 100vw, 768px\" title=\"La artista es conocida por su creatividad. \u2013 SoyMigrante.com REVISTA\" \/>\t\t\t\t\t\t\t\t\t\t\t<figcaption class=\"widget-image-caption wp-caption-text\">Una mujer participando en una entrevista para la revista SoyMigrante.com, abordando temas de movilidad y derechos de migrantes en M\u00e9xico, con fondo que muestra el logo de la publicaci\u00f3n en una pared de piedra.<\/figcaption>\n\t\t\t\t\t\t\t\t\t\t<\/figure>\n\t\t\t\t\t\t\t\t\t<\/div>\n\t\t\t\t\t<\/div>\n\t\t\t\t<\/div>\n\t\t<div data-particle_enable=\"false\" data-particle-mobile-disabled=\"false\" class=\"elementor-element elementor-element-e72351d e-flex e-con-boxed e-con e-parent\" data-id=\"e72351d\" data-element_type=\"container\" data-e-type=\"container\">\n\t\t\t\t\t<div class=\"e-con-inner\">\n\t\t\t\t<div class=\"elementor-element elementor-element-c1553d5 elementor-widget elementor-widget-heading\" data-id=\"c1553d5\" data-element_type=\"widget\" data-e-type=\"widget\" data-widget_type=\"heading.default\">\n\t\t\t\t\t<h3 class=\"elementor-heading-title elementor-size-default\">Creando territorios simb\u00f3licos <\/h3>\t\t\t\t<\/div>\n\t\t\t\t\t<\/div>\n\t\t\t\t<\/div>\n\t\t<div data-particle_enable=\"false\" data-particle-mobile-disabled=\"false\" class=\"elementor-element elementor-element-9f8a3ff e-flex e-con-boxed e-con e-parent\" data-id=\"9f8a3ff\" data-element_type=\"container\" data-e-type=\"container\">\n\t\t\t\t\t<div class=\"e-con-inner\">\n\t\t\t\t<div class=\"elementor-element elementor-element-1a5c13f elementor-widget elementor-widget-text-editor\" data-id=\"1a5c13f\" data-element_type=\"widget\" data-e-type=\"widget\" data-widget_type=\"text-editor.default\">\n\t\t\t\t\t\t\t\t\t<p>La intensidad emocional que caracteriza su obra no es accidental. Es el resultado de una vida vivida en m\u00faltiples dimensiones culturales, donde cada d\u00eda representa una negociaci\u00f3n constante entre diferentes formas de ver y entender el mundo. Cuando Kika trabaja en sus instalaciones murales, no est\u00e1 simplemente decorando espacios; est\u00e1 creando territorios simb\u00f3licos donde las comunidades migrantes pueden reconocerse y celebrarse.<\/p><p><a href=\"https:\/\/www.thesignaturegallery.com\/\" target=\"_blank\" rel=\"noopener\">El reconocimiento que ha recibido en Signature Art Gallery representa mucho m\u00e1s que el \u00e9xito individual de una artista talentosa.<\/a> Es la validaci\u00f3n de una est\u00e9tica migrante que durante d\u00e9cadas ha sido marginada o exotizada en los circuitos art\u00edsticos tradicionales. Su inclusi\u00f3n en esta prestigiosa galer\u00eda marca un momento de inflexi\u00f3n donde el arte producido desde la experiencia migratoria comienza a ocupar el lugar que siempre mereci\u00f3 en el panorama cultural estadounidense.<\/p>\t\t\t\t\t\t\t\t<\/div>\n\t\t\t\t\t<\/div>\n\t\t\t\t<\/div>\n\t\t<div data-particle_enable=\"false\" data-particle-mobile-disabled=\"false\" class=\"elementor-element elementor-element-8ae43be e-flex e-con-boxed e-con e-parent\" data-id=\"8ae43be\" data-element_type=\"container\" data-e-type=\"container\">\n\t\t\t\t\t<div class=\"e-con-inner\">\n\t\t\t\t<div class=\"elementor-element elementor-element-a1a659e elementor-widget elementor-widget-image\" data-id=\"a1a659e\" data-element_type=\"widget\" data-e-type=\"widget\" data-widget_type=\"image.default\">\n\t\t\t\t\t\t\t\t\t\t\t\t<figure class=\"wp-caption\">\n\t\t\t\t\t\t\t\t\t\t<img decoding=\"async\" width=\"682\" height=\"1024\" src=\"https:\/\/soymigrante.com\/revista\/wp-content\/uploads\/2025\/07\/Colores-sin-Fronteras-Kika-Garces-de-Marcilla-y-el-Arte-como-Puente-Cultural3-682x1024.jpeg\" class=\"attachment-large size-large wp-image-39099\" alt=\"File name: soymigrante-revista-arte-abstracta-2023.jpg.\" srcset=\"https:\/\/soymigrante.com\/revista\/wp-content\/uploads\/2025\/07\/Colores-sin-Fronteras-Kika-Garces-de-Marcilla-y-el-Arte-como-Puente-Cultural3-682x1024.jpeg 682w, https:\/\/soymigrante.com\/revista\/wp-content\/uploads\/2025\/07\/Colores-sin-Fronteras-Kika-Garces-de-Marcilla-y-el-Arte-como-Puente-Cultural3-200x300.jpeg 200w, https:\/\/soymigrante.com\/revista\/wp-content\/uploads\/2025\/07\/Colores-sin-Fronteras-Kika-Garces-de-Marcilla-y-el-Arte-como-Puente-Cultural3-768x1154.jpeg 768w, https:\/\/soymigrante.com\/revista\/wp-content\/uploads\/2025\/07\/Colores-sin-Fronteras-Kika-Garces-de-Marcilla-y-el-Arte-como-Puente-Cultural3-750x1127.webp 750w, https:\/\/soymigrante.com\/revista\/wp-content\/uploads\/2025\/07\/Colores-sin-Fronteras-Kika-Garces-de-Marcilla-y-el-Arte-como-Puente-Cultural3.webp 852w\" sizes=\"(max-width: 682px) 100vw, 682px\" title=\"Sus obras est\u00e1n llenas de colores. \u2013 SoyMigrante.com REVISTA\" \/>\t\t\t\t\t\t\t\t\t\t\t<figcaption class=\"widget-image-caption wp-caption-text\">Alt text: Ilustraci\u00f3n de arte abstracto con acuarelas en tonos azules, verdes y amarillos con l\u00edneas negras din\u00e1micas y formas org\u00e1nicas, creando una pieza art\u00edstica vibrante.<\/figcaption>\n\t\t\t\t\t\t\t\t\t\t<\/figure>\n\t\t\t\t\t\t\t\t\t<\/div>\n\t\t\t\t\t<\/div>\n\t\t\t\t<\/div>\n\t\t<div data-particle_enable=\"false\" data-particle-mobile-disabled=\"false\" class=\"elementor-element elementor-element-d960c3c e-flex e-con-boxed e-con e-parent\" data-id=\"d960c3c\" data-element_type=\"container\" data-e-type=\"container\">\n\t\t\t\t\t<div class=\"e-con-inner\">\n\t\t\t\t<div class=\"elementor-element elementor-element-e9ea5c9 elementor-widget elementor-widget-heading\" data-id=\"e9ea5c9\" data-element_type=\"widget\" data-e-type=\"widget\" data-widget_type=\"heading.default\">\n\t\t\t\t\t<h3 class=\"elementor-heading-title elementor-size-default\">Colores que despiertan memorias <\/h3>\t\t\t\t<\/div>\n\t\t\t\t\t<\/div>\n\t\t\t\t<\/div>\n\t\t<div data-particle_enable=\"false\" data-particle-mobile-disabled=\"false\" class=\"elementor-element elementor-element-a1201e1 e-flex e-con-boxed e-con e-parent\" data-id=\"a1201e1\" data-element_type=\"container\" data-e-type=\"container\">\n\t\t\t\t\t<div class=\"e-con-inner\">\n\t\t\t\t<div class=\"elementor-element elementor-element-5123750 elementor-widget elementor-widget-text-editor\" data-id=\"5123750\" data-element_type=\"widget\" data-e-type=\"widget\" data-widget_type=\"text-editor.default\">\n\t\t\t\t\t\t\t\t\t<p>La base espiritual que permea su trabajo conecta directamente con las tradiciones m\u00edsticas y ceremoniales tanto de Cuba como de Guatemala. En sus obras, los colores no son simplemente elementos compositivos; son invocaciones, llamados ancestrales que despiertan memorias colectivas y conectan a los espectadores con dimensiones m\u00e1s profundas de la experiencia humana.<\/p><p>Esta espiritualidad no es escapismo; es resistencia cultural, una forma de mantener vivas las tradiciones en contextos donde la asimilaci\u00f3n cultural puede significar p\u00e9rdida de identidad.<br \/>El impacto de artistas como Kika trasciende el \u00e1mbito est\u00e9tico.<\/p><p><a href=\"https:\/\/www.thesignaturegallery.com\/\" target=\"_blank\" rel=\"noopener\">Su trabajo contribuye a la construcci\u00f3n de una narrativa visual que humaniza la experiencia migratoria<\/a>, que la presenta no como problema social sino como fuente de riqueza cultural. Cada exposici\u00f3n, cada obra adquirida por coleccionistas, cada rese\u00f1a en medios especializados, contribuye a normalizar y celebrar la presencia migrante en el tejido cultural estadounidense.<\/p>\t\t\t\t\t\t\t\t<\/div>\n\t\t\t\t\t<\/div>\n\t\t\t\t<\/div>\n\t\t<div data-particle_enable=\"false\" data-particle-mobile-disabled=\"false\" class=\"elementor-element elementor-element-f151e06 e-flex e-con-boxed e-con e-parent\" data-id=\"f151e06\" data-element_type=\"container\" data-e-type=\"container\">\n\t\t\t\t\t<div class=\"e-con-inner\">\n\t\t\t\t<div class=\"elementor-element elementor-element-b79e391 elementor-widget elementor-widget-image\" data-id=\"b79e391\" data-element_type=\"widget\" data-e-type=\"widget\" data-widget_type=\"image.default\">\n\t\t\t\t\t\t\t\t\t\t\t\t<figure class=\"wp-caption\">\n\t\t\t\t\t\t\t\t\t\t<img decoding=\"async\" width=\"767\" height=\"1024\" src=\"https:\/\/soymigrante.com\/revista\/wp-content\/uploads\/2025\/07\/Colores-sin-Fronteras-Kika-Garces-de-Marcilla-y-el-Arte-como-Puente-Cultural2-767x1024.jpeg\" class=\"attachment-large size-large wp-image-39100\" alt=\"Colorida ilustraci\u00f3n art\u00edstica de retrato hecho con acuarelas y l\u00edneas de bol\u00edgrafo, representando creatividad y expresi\u00f3n art\u00edstica.\" srcset=\"https:\/\/soymigrante.com\/revista\/wp-content\/uploads\/2025\/07\/Colores-sin-Fronteras-Kika-Garces-de-Marcilla-y-el-Arte-como-Puente-Cultural2-767x1024.jpeg 767w, https:\/\/soymigrante.com\/revista\/wp-content\/uploads\/2025\/07\/Colores-sin-Fronteras-Kika-Garces-de-Marcilla-y-el-Arte-como-Puente-Cultural2-225x300.jpeg 225w, https:\/\/soymigrante.com\/revista\/wp-content\/uploads\/2025\/07\/Colores-sin-Fronteras-Kika-Garces-de-Marcilla-y-el-Arte-como-Puente-Cultural2-768x1025.jpeg 768w, https:\/\/soymigrante.com\/revista\/wp-content\/uploads\/2025\/07\/Colores-sin-Fronteras-Kika-Garces-de-Marcilla-y-el-Arte-como-Puente-Cultural2-750x1001.webp 750w, https:\/\/soymigrante.com\/revista\/wp-content\/uploads\/2025\/07\/Colores-sin-Fronteras-Kika-Garces-de-Marcilla-y-el-Arte-como-Puente-Cultural2.webp 959w\" sizes=\"(max-width: 767px) 100vw, 767px\" title=\"Sus obras representan su creatividad y destreza. \u2013 SoyMigrante.com REVISTA\" \/>\t\t\t\t\t\t\t\t\t\t\t<figcaption class=\"widget-image-caption wp-caption-text\">Retrato art\u00edstico colorido con acuarela y l\u00edneas de bol\u00edgrafo, resaltando la creatividad y la expresi\u00f3n art\u00edstica en una obra \u00fanica.<\/figcaption>\n\t\t\t\t\t\t\t\t\t\t<\/figure>\n\t\t\t\t\t\t\t\t\t<\/div>\n\t\t\t\t\t<\/div>\n\t\t\t\t<\/div>\n\t\t<div data-particle_enable=\"false\" data-particle-mobile-disabled=\"false\" class=\"elementor-element elementor-element-f34fa07 e-flex e-con-boxed e-con e-parent\" data-id=\"f34fa07\" data-element_type=\"container\" data-e-type=\"container\">\n\t\t\t\t\t<div class=\"e-con-inner\">\n\t\t\t\t<div class=\"elementor-element elementor-element-73fdbb3 elementor-widget elementor-widget-heading\" data-id=\"73fdbb3\" data-element_type=\"widget\" data-e-type=\"widget\" data-widget_type=\"heading.default\">\n\t\t\t\t\t<h3 class=\"elementor-heading-title elementor-size-default\">Una trayectoria llena de expresi\u00f3n <\/h3>\t\t\t\t<\/div>\n\t\t\t\t\t<\/div>\n\t\t\t\t<\/div>\n\t\t<div data-particle_enable=\"false\" data-particle-mobile-disabled=\"false\" class=\"elementor-element elementor-element-5839f31 e-flex e-con-boxed e-con e-parent\" data-id=\"5839f31\" data-element_type=\"container\" data-e-type=\"container\">\n\t\t\t\t\t<div class=\"e-con-inner\">\n\t\t\t\t<div class=\"elementor-element elementor-element-8248ad4 elementor-widget elementor-widget-text-editor\" data-id=\"8248ad4\" data-element_type=\"widget\" data-e-type=\"widget\" data-widget_type=\"text-editor.default\">\n\t\t\t\t\t\t\t\t\t<p><a href=\"https:\/\/www.thesignaturegallery.com\/\" target=\"_blank\" rel=\"noopener\">La trayectoria de Kika tambi\u00e9n ilustra las posibilidades que se abren cuando las comunidades migrantes tienen acceso a espacios de formaci\u00f3n y expresi\u00f3n art\u00edstica.<\/a> Su \u00e9xito no es solo personal; es comunitario, porque demuestra a las nuevas generaciones de artistas migrantes que es posible mantener la autenticidad cultural mientras se participa plenamente en los circuitos art\u00edsticos mainstream.<br \/>En un momento hist\u00f3rico donde los discursos anti-inmigrantes buscan reducir la migraci\u00f3n a t\u00e9rminos puramente econ\u00f3micos o de seguridad, el arte de Kika Garces de Marcilla ofrece una contra-narrativa poderosa.<\/p><p>Sus obras proclaman que los migrantes no solo contribuyen con su trabajo; enriquecen la cultura, expanden los horizontes est\u00e9ticos y ofrecen nuevas formas de entender la belleza y la expresi\u00f3n humana.<\/p><p>Cada instalaci\u00f3n que crea, cada mural que pinta, cada escultura que moldea, es un acto de afirmaci\u00f3n cultural y un regalo a las comunidades que la han acogido. En sus colores vibrantes y sus texturas complejas, se puede leer la historia de millones de migrantes que han encontrado en el arte no solo una forma de expresi\u00f3n, sino una manera de construir hogar en tierras nuevas sin renunciar a las ra\u00edces que los nutren.<\/p>\t\t\t\t\t\t\t\t<\/div>\n\t\t\t\t\t<\/div>\n\t\t\t\t<\/div>\n\t\t<div data-particle_enable=\"false\" data-particle-mobile-disabled=\"false\" class=\"elementor-element elementor-element-fbba413 e-flex e-con-boxed e-con e-parent\" data-id=\"fbba413\" data-element_type=\"container\" data-e-type=\"container\">\n\t\t\t\t\t<div class=\"e-con-inner\">\n\t\t\t\t<div class=\"elementor-element elementor-element-7ca0843 elementor-widget elementor-widget-heading\" data-id=\"7ca0843\" data-element_type=\"widget\" data-e-type=\"widget\" data-widget_type=\"heading.default\">\n\t\t\t\t\t<h2 class=\"elementor-heading-title elementor-size-default\">Conoce m\u00e1s de otras historias inspiradoras, ac\u00e1...<\/h2>\t\t\t\t<\/div>\n\t\t\t\t\t<\/div>\n\t\t\t\t<\/div>\n\t\t<div data-particle_enable=\"false\" data-particle-mobile-disabled=\"false\" class=\"elementor-element elementor-element-4951294 e-flex e-con-boxed e-con e-parent\" data-id=\"4951294\" data-element_type=\"container\" data-e-type=\"container\">\n\t\t\t\t\t<div class=\"e-con-inner\">\n\t\t\t\t<div class=\"elementor-element elementor-element-7372c73 elementor-grid-eael-col-3 elementor-grid-tablet-eael-col-2 elementor-grid-mobile-eael-col-1 elementor-invisible elementor-widget elementor-widget-eael-post-grid\" data-id=\"7372c73\" data-element_type=\"widget\" data-e-type=\"widget\" data-settings=\"{&quot;eael_post_grid_columns&quot;:&quot;eael-col-3&quot;,&quot;_animation&quot;:&quot;rollIn&quot;,&quot;eael_post_grid_columns_tablet&quot;:&quot;eael-col-2&quot;,&quot;eael_post_grid_columns_mobile&quot;:&quot;eael-col-1&quot;}\" data-widget_type=\"eael-post-grid.default\">\n\t\t\t\t\t<div id=\"eael-post-grid-7372c73\" class=\"eael-post-grid-container\">\n            <div class=\"eael-post-grid eael-post-appender eael-post-appender-7372c73 eael-post-grid-style-one\" data-layout-mode=\"masonry\"><article class=\"eael-grid-post  eael-post-grid-column eael-pg-post-2149 category-exitos\" data-id=\"2149\">\n        <div class=\"eael-grid-post-holder\">\n            <div class=\"eael-grid-post-holder-inner\"><div class=\"eael-entry-media\"><div class=\"eael-entry-overlay fade-in\"><i class=\"far fa-hand-pointer\" aria-hidden=\"true\"><\/i><a href=\"https:\/\/soymigrante.com\/revista\/lesly-cruz-empoderamiento-artesanas-guatemala\/\"><\/a><\/div><div class=\"eael-entry-thumbnail \">\n                <img loading=\"lazy\" decoding=\"async\" width=\"830\" height=\"1024\" src=\"https:\/\/soymigrante.com\/revista\/wp-content\/uploads\/2023\/08\/Apoya-el-talento-local-en-especial-de-los-y-las-artesanas-de-Guatemala--830x1024.webp\" class=\"attachment-large size-large wp-image-2161\" alt=\"Apoya el talento local en especial de los y las artesanas de Guatemala\" srcset=\"https:\/\/soymigrante.com\/revista\/wp-content\/uploads\/2023\/08\/Apoya-el-talento-local-en-especial-de-los-y-las-artesanas-de-Guatemala--830x1024.webp 830w, https:\/\/soymigrante.com\/revista\/wp-content\/uploads\/2023\/08\/Apoya-el-talento-local-en-especial-de-los-y-las-artesanas-de-Guatemala--243x300.webp 243w, https:\/\/soymigrante.com\/revista\/wp-content\/uploads\/2023\/08\/Apoya-el-talento-local-en-especial-de-los-y-las-artesanas-de-Guatemala--768x948.webp 768w, https:\/\/soymigrante.com\/revista\/wp-content\/uploads\/2023\/08\/Apoya-el-talento-local-en-especial-de-los-y-las-artesanas-de-Guatemala--750x925.webp 750w, https:\/\/soymigrante.com\/revista\/wp-content\/uploads\/2023\/08\/Apoya-el-talento-local-en-especial-de-los-y-las-artesanas-de-Guatemala-.webp 1078w\" sizes=\"(max-width: 830px) 100vw, 830px\" \/>\n            <\/div>\n        <\/div><div class=\"eael-entry-wrapper\"><header class=\"eael-entry-header\"><h2 class=\"eael-entry-title\"><a class=\"eael-grid-post-link\" href=\"https:\/\/soymigrante.com\/revista\/lesly-cruz-empoderamiento-artesanas-guatemala\/\" title=\"Lesly Cruz: Emprendedora que eleva el arte guatemalteco\">Lesly Cruz: Emprendedora que eleva el arte guatemalteco<\/a><\/h2><\/header><div class=\"eael-entry-content\">\n                        <div class=\"eael-grid-post-excerpt\"><a href=\"https:\/\/soymigrante.com\/revista\/lesly-cruz-empoderamiento-artesanas-guatemala\/\" class=\"eael-post-elements-readmore-btn\">CONOCE SU HISTORIA <\/a><\/div>\n                    <\/div><\/div><\/div>\n        <\/div>\n    <\/article><article class=\"eael-grid-post  eael-post-grid-column eael-pg-post-1179 category-exitos\" data-id=\"1179\">\n        <div class=\"eael-grid-post-holder\">\n            <div class=\"eael-grid-post-holder-inner\"><div class=\"eael-entry-media\"><div class=\"eael-entry-overlay fade-in\"><i class=\"far fa-hand-pointer\" aria-hidden=\"true\"><\/i><a href=\"https:\/\/soymigrante.com\/revista\/migrante-guatemalteco-mario-cabrera\/\"><\/a><\/div><div class=\"eael-entry-thumbnail \">\n                <img loading=\"lazy\" decoding=\"async\" width=\"815\" height=\"1024\" src=\"https:\/\/soymigrante.com\/revista\/wp-content\/uploads\/2023\/06\/CORTESIA-DE-MARIO-CABRERA-815x1024.jpeg\" class=\"attachment-large size-large wp-image-1180\" alt=\"\" srcset=\"https:\/\/soymigrante.com\/revista\/wp-content\/uploads\/2023\/06\/CORTESIA-DE-MARIO-CABRERA-815x1024.jpeg 815w, https:\/\/soymigrante.com\/revista\/wp-content\/uploads\/2023\/06\/CORTESIA-DE-MARIO-CABRERA-239x300.webp 239w, https:\/\/soymigrante.com\/revista\/wp-content\/uploads\/2023\/06\/CORTESIA-DE-MARIO-CABRERA-768x965.jpeg 768w, https:\/\/soymigrante.com\/revista\/wp-content\/uploads\/2023\/06\/CORTESIA-DE-MARIO-CABRERA-750x942.webp 750w, https:\/\/soymigrante.com\/revista\/wp-content\/uploads\/2023\/06\/CORTESIA-DE-MARIO-CABRERA.webp 1019w\" sizes=\"(max-width: 815px) 100vw, 815px\" \/>\n            <\/div>\n        <\/div><div class=\"eael-entry-wrapper\"><header class=\"eael-entry-header\"><h2 class=\"eael-entry-title\"><a class=\"eael-grid-post-link\" href=\"https:\/\/soymigrante.com\/revista\/migrante-guatemalteco-mario-cabrera\/\" title=\"Resaltan aporte de   guatemalteco Mario Cabrera en EE. UU.\">Resaltan aporte de   guatemalteco Mario Cabrera en EE. UU.<\/a><\/h2><\/header><div class=\"eael-entry-content\">\n                        <div class=\"eael-grid-post-excerpt\"><a href=\"https:\/\/soymigrante.com\/revista\/migrante-guatemalteco-mario-cabrera\/\" class=\"eael-post-elements-readmore-btn\">CONOCE SU HISTORIA <\/a><\/div>\n                    <\/div><\/div><\/div>\n        <\/div>\n    <\/article><article class=\"eael-grid-post  eael-post-grid-column eael-pg-post-774 category-exitos tags-california\" data-id=\"774\">\n        <div class=\"eael-grid-post-holder\">\n            <div class=\"eael-grid-post-holder-inner\"><div class=\"eael-entry-media\"><div class=\"eael-entry-overlay fade-in\"><i class=\"far fa-hand-pointer\" aria-hidden=\"true\"><\/i><a href=\"https:\/\/soymigrante.com\/revista\/asi-nacio-un-nucleo-de-sabor-guatemalteco-en-el-corazon-de-los-angeles\/\"><\/a><\/div><div class=\"eael-entry-thumbnail \">\n                <img loading=\"lazy\" decoding=\"async\" width=\"736\" height=\"1024\" src=\"https:\/\/soymigrante.com\/revista\/wp-content\/uploads\/2023\/03\/1-EXITOS-RESTAURANTE-PUCHICA-LA-FERNANDO-LURSSEN-1-736x1024.jpg\" class=\"attachment-large size-large wp-image-775\" alt=\"Restaurante guatemalteco P\u00fachica en Los Angeles\" srcset=\"https:\/\/soymigrante.com\/revista\/wp-content\/uploads\/2023\/03\/1-EXITOS-RESTAURANTE-PUCHICA-LA-FERNANDO-LURSSEN-1-736x1024.jpg 736w, https:\/\/soymigrante.com\/revista\/wp-content\/uploads\/2023\/03\/1-EXITOS-RESTAURANTE-PUCHICA-LA-FERNANDO-LURSSEN-1-216x300.webp 216w, https:\/\/soymigrante.com\/revista\/wp-content\/uploads\/2023\/03\/1-EXITOS-RESTAURANTE-PUCHICA-LA-FERNANDO-LURSSEN-1.webp 750w\" sizes=\"(max-width: 736px) 100vw, 736px\" \/>\n            <\/div>\n        <\/div><div class=\"eael-entry-wrapper\"><header class=\"eael-entry-header\"><h2 class=\"eael-entry-title\"><a class=\"eael-grid-post-link\" href=\"https:\/\/soymigrante.com\/revista\/asi-nacio-un-nucleo-de-sabor-guatemalteco-en-el-corazon-de-los-angeles\/\" title=\"As\u00ed naci\u00f3 el restaurante guatemalteco Puchica, un n\u00facleo de sabor chap\u00edn en el coraz\u00f3n de Los Angeles\">As\u00ed naci\u00f3 el restaurante guatemalteco Puchica, un n\u00facleo de sabor chap\u00edn en el coraz\u00f3n de Los Angeles<\/a><\/h2><\/header><div class=\"eael-entry-content\">\n                        <div class=\"eael-grid-post-excerpt\"><a href=\"https:\/\/soymigrante.com\/revista\/asi-nacio-un-nucleo-de-sabor-guatemalteco-en-el-corazon-de-los-angeles\/\" class=\"eael-post-elements-readmore-btn\">CONOCE SU HISTORIA <\/a><\/div>\n                    <\/div><\/div><\/div>\n        <\/div>\n    <\/article><\/div>\n            <div class=\"clearfix\"><\/div>\n        <\/div>\t\t\t\t<\/div>\n\t\t\t\t\t<\/div>\n\t\t\t\t<\/div>\n\t\t\t\t<\/div>\n\t\t","protected":false},"excerpt":{"rendered":"<p>Kika Garces de Marcilla lleva su arte a otras fronteras, une culturas y pone el nombre de Guatemala en alto. En los pasillos de Signature Art Gallery, las obras de Kika Garces de Marcilla no solo adornan las paredes; las transforman en ventanas hacia un universo donde las fronteras geogr\u00e1ficas se disuelven ante la fuerza [&hellip;]<\/p>\n","protected":false},"author":19,"featured_media":39089,"comment_status":"open","ping_status":"open","sticky":false,"template":"","format":"standard","meta":{"_acf_changed":false,"_eb_attr":"","footnotes":""},"categories":[54],"tags":[],"class_list":["post-39088","post","type-post","status-publish","format-standard","has-post-thumbnail","hentry","category-estamos-unidos"],"acf":[],"aioseo_notices":[],"aioseo_head":"\n\t\t<!-- All in One SEO Pro 4.9.6.2 - aioseo.com -->\n\t<meta name=\"description\" content=\"El restaurante guatemalteco P\u00fachica es ya un referente de la gastronom\u00eda popular chapina y naci\u00f3 de una conjunci\u00f3n de circunstancias, seg\u00fan cuenta su fundador, Fernando L\u00fcrsen. Hace 7 a\u00f1os, Fernando L\u00fcrssen, originario de San Francisco Zapotitl\u00e1n, Suchitep\u00e9quez, Guatemala no pensaba que los sabores y aromas de la comida cotidiana de su pa\u00eds fueran a convertirse\" \/>\n\t<meta name=\"robots\" content=\"max-snippet:-1, max-image-preview:large, max-video-preview:-1\" \/>\n\t<meta name=\"author\" content=\"SoyMigrante.com REVISTA\"\/>\n\t<link rel=\"canonical\" href=\"https:\/\/soymigrante.com\/revista\/asi-nacio-un-nucleo-de-sabor-guatemalteco-en-el-corazon-de-los-angeles\/\" \/>\n\t<meta name=\"generator\" content=\"All in One SEO Pro (AIOSEO) 4.9.6.2\" \/>\n\n\t\t<link rel=\"preconnect\" href=\"https:\/\/fonts.googleapis.com\" crossorigin>\n<link rel=\"preconnect\" href=\"https:\/\/fonts.gstatic.com\" crossorigin>\n\t\t<meta property=\"og:locale\" content=\"es_ES\" \/>\n\t\t<meta property=\"og:site_name\" content=\"SoyMigrante.com REVISTA \u2013 Nuestra misi\u00f3n es reconocer y dignificar al migrante.\" \/>\n\t\t<meta property=\"og:type\" content=\"article\" \/>\n\t\t<meta property=\"og:title\" content=\"As\u00ed naci\u00f3 el restaurante guatemalteco Puchica, un n\u00facleo de sabor chap\u00edn en el coraz\u00f3n de Los Angeles\" \/>\n\t\t<meta property=\"og:description\" content=\"El restaurante guatemalteco P\u00fachica es ya un referente de la gastronom\u00eda popular chapina y naci\u00f3 de una conjunci\u00f3n de circunstancias, seg\u00fan cuenta su fundador, Fernando L\u00fcrsen. Hace 7 a\u00f1os, Fernando L\u00fcrssen, originario de San Francisco Zapotitl\u00e1n, Suchitep\u00e9quez, Guatemala no pensaba que los sabores y aromas de la comida cotidiana de su pa\u00eds fueran a convertirse\" \/>\n\t\t<meta property=\"og:url\" content=\"https:\/\/soymigrante.com\/revista\/asi-nacio-un-nucleo-de-sabor-guatemalteco-en-el-corazon-de-los-angeles\/\" \/>\n\t\t<meta property=\"og:image\" content=\"https:\/\/soymigrante.com\/revista\/wp-content\/uploads\/2023\/03\/1-EXITOS-RESTAURANTE-PUCHICA-LA-FERNANDO-LURSSEN-1.webp\" \/>\n\t\t<meta property=\"og:image:secure_url\" content=\"https:\/\/soymigrante.com\/revista\/wp-content\/uploads\/2023\/03\/1-EXITOS-RESTAURANTE-PUCHICA-LA-FERNANDO-LURSSEN-1.webp\" \/>\n\t\t<meta property=\"og:image:width\" content=\"750\" \/>\n\t\t<meta property=\"og:image:height\" content=\"1043\" \/>\n\t\t<meta property=\"article:published_time\" content=\"2023-05-26T00:17:30+00:00\" \/>\n\t\t<meta property=\"article:modified_time\" content=\"2026-03-11T20:40:17+00:00\" \/>\n\t\t<meta property=\"article:publisher\" content=\"https:\/\/www.facebook.com\/soymigrantecom\" \/>\n\t\t<meta name=\"twitter:card\" content=\"summary_large_image\" \/>\n\t\t<meta name=\"twitter:site\" content=\"@SoyMigrante_com\" \/>\n\t\t<meta name=\"twitter:title\" content=\"As\u00ed naci\u00f3 el restaurante guatemalteco Puchica, un n\u00facleo de sabor chap\u00edn en el coraz\u00f3n de Los Angeles\" \/>\n\t\t<meta name=\"twitter:description\" content=\"El restaurante guatemalteco P\u00fachica es ya un referente de la gastronom\u00eda popular chapina y naci\u00f3 de una conjunci\u00f3n de circunstancias, seg\u00fan cuenta su fundador, Fernando L\u00fcrsen. Hace 7 a\u00f1os, Fernando L\u00fcrssen, originario de San Francisco Zapotitl\u00e1n, Suchitep\u00e9quez, Guatemala no pensaba que los sabores y aromas de la comida cotidiana de su pa\u00eds fueran a convertirse\" \/>\n\t\t<meta name=\"twitter:creator\" content=\"@SoyMigrante_com\" \/>\n\t\t<meta name=\"twitter:image\" content=\"https:\/\/soymigrante.com\/revista\/wp-content\/uploads\/2023\/03\/1-EXITOS-RESTAURANTE-PUCHICA-LA-FERNANDO-LURSSEN-1.webp\" \/>\n\t\t<!-- All in One SEO Pro -->\r\n\t\t<title>As\u00ed naci\u00f3 el restaurante guatemalteco Puchica, un n\u00facleo de sabor chap\u00edn en el coraz\u00f3n de Los Angeles<\/title>\n\n","aioseo_head_json":{"title":"As\u00ed naci\u00f3 el restaurante guatemalteco Puchica, un n\u00facleo de sabor chap\u00edn en el coraz\u00f3n de Los Angeles","description":"El restaurante guatemalteco P\u00fachica es ya un referente de la gastronom\u00eda popular chapina y naci\u00f3 de una conjunci\u00f3n de circunstancias, seg\u00fan cuenta su fundador, Fernando L\u00fcrsen. Hace 7 a\u00f1os, Fernando L\u00fcrssen, originario de San Francisco Zapotitl\u00e1n, Suchitep\u00e9quez, Guatemala no pensaba que los sabores y aromas de la comida cotidiana de su pa\u00eds fueran a convertirse","canonical_url":"https:\/\/soymigrante.com\/revista\/asi-nacio-un-nucleo-de-sabor-guatemalteco-en-el-corazon-de-los-angeles\/","robots":"max-snippet:-1, max-image-preview:large, max-video-preview:-1","keywords":"","webmasterTools":{"miscellaneous":"&lt;link rel=\"preconnect\" href=\"https:\/\/fonts.googleapis.com\" crossorigin&gt;\n&lt;link rel=\"preconnect\" href=\"https:\/\/fonts.gstatic.com\" crossorigin&gt;"},"schema":null,"og:locale":"es_ES","og:site_name":"SoyMigrante.com REVISTA \u2013 Nuestra misi\u00f3n es reconocer y dignificar al migrante.","og:type":"article","og:title":"As\u00ed naci\u00f3 el restaurante guatemalteco Puchica, un n\u00facleo de sabor chap\u00edn en el coraz\u00f3n de Los Angeles","og:description":"El restaurante guatemalteco P\u00fachica es ya un referente de la gastronom\u00eda popular chapina y naci\u00f3 de una conjunci\u00f3n de circunstancias, seg\u00fan cuenta su fundador, Fernando L\u00fcrsen. Hace 7 a\u00f1os, Fernando L\u00fcrssen, originario de San Francisco Zapotitl\u00e1n, Suchitep\u00e9quez, Guatemala no pensaba que los sabores y aromas de la comida cotidiana de su pa\u00eds fueran a convertirse","og:url":"https:\/\/soymigrante.com\/revista\/asi-nacio-un-nucleo-de-sabor-guatemalteco-en-el-corazon-de-los-angeles\/","og:image":"https:\/\/soymigrante.com\/revista\/wp-content\/uploads\/2023\/03\/1-EXITOS-RESTAURANTE-PUCHICA-LA-FERNANDO-LURSSEN-1.webp","og:image:secure_url":"https:\/\/soymigrante.com\/revista\/wp-content\/uploads\/2023\/03\/1-EXITOS-RESTAURANTE-PUCHICA-LA-FERNANDO-LURSSEN-1.webp","og:image:width":750,"og:image:height":1043,"article:published_time":"2023-05-26T00:17:30+00:00","article:modified_time":"2026-03-11T20:40:17+00:00","article:publisher":"https:\/\/www.facebook.com\/soymigrantecom","twitter:card":"summary_large_image","twitter:site":"@SoyMigrante_com","twitter:title":"As\u00ed naci\u00f3 el restaurante guatemalteco Puchica, un n\u00facleo de sabor chap\u00edn en el coraz\u00f3n de Los Angeles","twitter:description":"El restaurante guatemalteco P\u00fachica es ya un referente de la gastronom\u00eda popular chapina y naci\u00f3 de una conjunci\u00f3n de circunstancias, seg\u00fan cuenta su fundador, Fernando L\u00fcrsen. Hace 7 a\u00f1os, Fernando L\u00fcrssen, originario de San Francisco Zapotitl\u00e1n, Suchitep\u00e9quez, Guatemala no pensaba que los sabores y aromas de la comida cotidiana de su pa\u00eds fueran a convertirse","twitter:creator":"@SoyMigrante_com","twitter:image":"https:\/\/soymigrante.com\/revista\/wp-content\/uploads\/2023\/03\/1-EXITOS-RESTAURANTE-PUCHICA-LA-FERNANDO-LURSSEN-1.webp"},"aioseo_meta_data":{"post_id":"39088","title":"Los colores sin fronteras de la artista migrante Kika Garc\u00e9s","description":"Kika Garces expone su trabajo en Miami. Artista cubano-guatemalteca migrante que expresa la nostalgia, la vivacidad y el amor por la identidad hispana.","keywords":null,"keyphrases":{"focus":{"keyphrase":"Kika Garces","score":60,"analysis":{"keyphraseInTitle":{"score":3,"maxScore":9,"error":1},"keyphraseInDescription":{"score":9,"maxScore":9,"error":0},"keyphraseLength":{"score":9,"maxScore":9,"error":0,"length":2},"keyphraseInURL":{"score":5,"maxScore":5,"error":0},"keyphraseInIntroduction":{"score":9,"maxScore":9,"error":0},"keyphraseInSubHeadings":{"score":3,"maxScore":9,"error":1},"keyphraseInImageAlt":{"score":3,"maxScore":9,"error":1},"keywordDensity":{"score":0,"type":"low","maxScore":9,"error":1}}},"additional":[{"keyphrase":"arte","score":87,"analysis":{"keyphraseInDescription":{"score":3,"maxScore":9,"error":1},"keyphraseLength":{"score":9,"maxScore":9,"error":0,"length":1},"keyphraseInIntroduction":{"score":9,"maxScore":9,"error":0},"keyphraseInImageAlt":{"score":9,"maxScore":9,"error":0},"keywordDensity":{"type":"best","score":9,"maxScore":9,"error":0}}}]},"primary_term":null,"canonical_url":null,"og_title":null,"og_description":null,"og_object_type":"default","og_image_type":"default","og_image_url":null,"og_image_width":null,"og_image_height":null,"og_image_custom_url":null,"og_image_custom_fields":null,"og_video":"","og_custom_url":null,"og_article_section":null,"og_article_tags":null,"twitter_use_og":false,"twitter_card":"default","twitter_image_type":"default","twitter_image_url":null,"twitter_image_custom_url":null,"twitter_image_custom_fields":null,"twitter_title":null,"twitter_description":null,"schema":{"blockGraphs":[],"customGraphs":[],"default":{"data":{"Article":[],"Course":[],"Dataset":[],"FAQPage":[],"Movie":[],"Person":[],"Product":[],"ProductReview":[],"Car":[],"Recipe":[],"Service":[],"SoftwareApplication":[],"WebPage":[]},"graphName":"none","isEnabled":true},"graphs":[]},"schema_type":"default","schema_type_options":null,"pillar_content":false,"robots_default":true,"robots_noindex":false,"robots_noarchive":false,"robots_nosnippet":false,"robots_nofollow":false,"robots_noimageindex":false,"robots_noodp":false,"robots_notranslate":false,"robots_max_snippet":"-1","robots_max_videopreview":"-1","robots_max_imagepreview":"large","priority":null,"frequency":"default","local_seo":null,"seo_analyzer_scan_date":"2025-10-09 06:46:05","breadcrumb_settings":null,"limit_modified_date":false,"reviewed_by":"0","open_ai":null,"ai":{"faqs":[],"keyPoints":[],"titles":[],"descriptions":[],"socialPosts":{"email":[],"linkedin":[],"twitter":[],"facebook":[],"instagram":[]}},"created":"2025-07-11 18:30:14","updated":"2026-02-05 02:56:19"},"aioseo_breadcrumb":"<div class=\"aioseo-breadcrumbs\"><span class=\"aioseo-breadcrumb\">\n\t<a href=\"https:\/\/soymigrante.com\/revista\" title=\"Home\">Home<\/a>\n<\/span><span class=\"aioseo-breadcrumb-separator\">\u00bb<\/span><span class=\"aioseo-breadcrumb\">\n\t<a href=\"https:\/\/soymigrante.com\/revista\/category\/estamos-unidos\/\" title=\"Estamos Unidos\">Estamos Unidos<\/a>\n<\/span><span class=\"aioseo-breadcrumb-separator\">\u00bb<\/span><span class=\"aioseo-breadcrumb\">\n\tColores sin fronteras: brilla el arte de la artista cubano-guatemalteca Kika Garc\u00e9s\n<\/span><\/div>","aioseo_breadcrumb_json":[{"label":"Home","link":"https:\/\/soymigrante.com\/revista"},{"label":"Estamos Unidos","link":"https:\/\/soymigrante.com\/revista\/category\/estamos-unidos\/"},{"label":"Colores sin fronteras: brilla el arte de la artista cubano-guatemalteca Kika Garc\u00e9s","link":"https:\/\/soymigrante.com\/revista\/colores-sin-fronteras-brilla-el-arte-de-la-artista-cubano-guatemalteca-kika-garces\/"}],"_links":{"self":[{"href":"https:\/\/soymigrante.com\/revista\/wp-json\/wp\/v2\/posts\/39088","targetHints":{"allow":["GET"]}}],"collection":[{"href":"https:\/\/soymigrante.com\/revista\/wp-json\/wp\/v2\/posts"}],"about":[{"href":"https:\/\/soymigrante.com\/revista\/wp-json\/wp\/v2\/types\/post"}],"author":[{"embeddable":true,"href":"https:\/\/soymigrante.com\/revista\/wp-json\/wp\/v2\/users\/19"}],"replies":[{"embeddable":true,"href":"https:\/\/soymigrante.com\/revista\/wp-json\/wp\/v2\/comments?post=39088"}],"version-history":[{"count":17,"href":"https:\/\/soymigrante.com\/revista\/wp-json\/wp\/v2\/posts\/39088\/revisions"}],"predecessor-version":[{"id":39172,"href":"https:\/\/soymigrante.com\/revista\/wp-json\/wp\/v2\/posts\/39088\/revisions\/39172"}],"wp:featuredmedia":[{"embeddable":true,"href":"https:\/\/soymigrante.com\/revista\/wp-json\/wp\/v2\/media\/39089"}],"wp:attachment":[{"href":"https:\/\/soymigrante.com\/revista\/wp-json\/wp\/v2\/media?parent=39088"}],"wp:term":[{"taxonomy":"category","embeddable":true,"href":"https:\/\/soymigrante.com\/revista\/wp-json\/wp\/v2\/categories?post=39088"},{"taxonomy":"post_tag","embeddable":true,"href":"https:\/\/soymigrante.com\/revista\/wp-json\/wp\/v2\/tags?post=39088"}],"curies":[{"name":"wp","href":"https:\/\/api.w.org\/{rel}","templated":true}]}}