{"id":39004,"date":"2025-07-11T03:33:00","date_gmt":"2025-07-11T09:33:00","guid":{"rendered":"https:\/\/soymigrante.com\/revista\/?p=39004"},"modified":"2025-07-10T20:15:16","modified_gmt":"2025-07-11T02:15:16","slug":"el-arco-de-gucumatz-es-la-entrada-sagrada-a-chichicastenango","status":"publish","type":"post","link":"https:\/\/soymigrante.com\/revista\/el-arco-de-gucumatz-es-la-entrada-sagrada-a-chichicastenango\/","title":{"rendered":"El Arco de Gucumatz es la entrada sagrada a Chichicastenango"},"content":{"rendered":"\t\t<div data-elementor-type=\"wp-post\" data-elementor-id=\"39004\" class=\"elementor elementor-39004\" data-elementor-post-type=\"post\">\n\t\t\t\t<div data-particle_enable=\"false\" data-particle-mobile-disabled=\"false\" class=\"elementor-element elementor-element-30394df e-flex e-con-boxed e-con e-parent\" data-id=\"30394df\" data-element_type=\"container\" data-e-type=\"container\">\n\t\t\t\t\t<div class=\"e-con-inner\">\n\t\t\t\t<div class=\"elementor-element elementor-element-931c551 elementor-widget elementor-widget-heading\" data-id=\"931c551\" data-element_type=\"widget\" data-e-type=\"widget\" data-widget_type=\"heading.default\">\n\t\t\t\t\t<h2 class=\"elementor-heading-title elementor-size-default\">El Arco de Gucumatz es el ingreso a la historia, tradici\u00f3n y cultura de Chichicastenango. \n<\/h2>\t\t\t\t<\/div>\n\t\t\t\t\t<\/div>\n\t\t\t\t<\/div>\n\t\t<div data-particle_enable=\"false\" data-particle-mobile-disabled=\"false\" class=\"elementor-element elementor-element-9d0ceba e-flex e-con-boxed e-con e-parent\" data-id=\"9d0ceba\" data-element_type=\"container\" data-e-type=\"container\">\n\t\t\t\t\t<div class=\"e-con-inner\">\n\t\t\t\t<div class=\"elementor-element elementor-element-650e80a elementor-widget elementor-widget-text-editor\" data-id=\"650e80a\" data-element_type=\"widget\" data-e-type=\"widget\" data-widget_type=\"text-editor.default\">\n\t\t\t\t\t\t\t\t\t<p><a href=\"https:\/\/soymigrante.com\/revista\/chichicastenango-datos-que-quiza-ya-conocias-o-quiza-no\/\" target=\"_blank\" rel=\"noopener\">En el coraz\u00f3n de Chichicastenango,<\/a> Quich\u00e9, se encuentra un monumento lleno de simbolismo y tradici\u00f3n: el Arco de Gucumatz. Este paso peatonal no solo embellece el paisaje urbano, sino que tambi\u00e9n recuerda la riqueza mitol\u00f3gica y cultural del pueblo maya quich\u00e9.<\/p><p>Ubicado a m\u00e1s de 140 kil\u00f3metros de la ciudad de Guatemala, el Arco de Gucumatz es una joya arquitect\u00f3nica construida en 1932. Con una serpiente tallada que representa al dios maya Gucumatz, este arco forma parte de la ruta cultural de Chichicastenango y se ha convertido en uno de sus principales atractivos tur\u00edsticos y espirituales.<\/p><p>Al final de la 4\u00aa calle y 5\u00aa avenida, se alza el Arco de Gucumatz, <a href=\"https:\/\/soymigrante.com\/revista\/chichicastenango-datos-que-quiza-ya-conocias-o-quiza-no\/\" target=\"_blank\" rel=\"noopener\">una estructura cargada de simbolismo que conecta lo hist\u00f3rico<\/a>, lo espiritual y lo m\u00edtico del pueblo maya quich\u00e9.<\/p>\t\t\t\t\t\t\t\t<\/div>\n\t\t\t\t\t<\/div>\n\t\t\t\t<\/div>\n\t\t<div data-particle_enable=\"false\" data-particle-mobile-disabled=\"false\" class=\"elementor-element elementor-element-a6a984d e-flex e-con-boxed e-con e-parent\" data-id=\"a6a984d\" data-element_type=\"container\" data-e-type=\"container\">\n\t\t\t\t\t<div class=\"e-con-inner\">\n\t\t\t\t<div class=\"elementor-element elementor-element-634f75c elementor-widget elementor-widget-image\" data-id=\"634f75c\" data-element_type=\"widget\" data-e-type=\"widget\" data-widget_type=\"image.default\">\n\t\t\t\t\t\t\t\t\t\t\t\t<figure class=\"wp-caption\">\n\t\t\t\t\t\t\t\t\t\t<img fetchpriority=\"high\" decoding=\"async\" width=\"768\" height=\"576\" src=\"https:\/\/soymigrante.com\/revista\/wp-content\/uploads\/2025\/07\/El-Arco-de-Gucumatz-la-entrada-sagrada-de-Chichicastenango1-1024x768.jpeg\" class=\"attachment-large size-large wp-image-39012\" alt=\"Develado vista de calle con muro de piedra y arco colorido en fondo, en un d\u00eda soleado, en un barrio tradicional de ciudad mexicana, con detalles culturales y arquitect\u00f3nicos.\" srcset=\"https:\/\/soymigrante.com\/revista\/wp-content\/uploads\/2025\/07\/El-Arco-de-Gucumatz-la-entrada-sagrada-de-Chichicastenango1-1024x768.jpeg 1024w, https:\/\/soymigrante.com\/revista\/wp-content\/uploads\/2025\/07\/El-Arco-de-Gucumatz-la-entrada-sagrada-de-Chichicastenango1-300x225.jpeg 300w, https:\/\/soymigrante.com\/revista\/wp-content\/uploads\/2025\/07\/El-Arco-de-Gucumatz-la-entrada-sagrada-de-Chichicastenango1-768x576.jpeg 768w, https:\/\/soymigrante.com\/revista\/wp-content\/uploads\/2025\/07\/El-Arco-de-Gucumatz-la-entrada-sagrada-de-Chichicastenango1-750x563.jpeg 750w, https:\/\/soymigrante.com\/revista\/wp-content\/uploads\/2025\/07\/El-Arco-de-Gucumatz-la-entrada-sagrada-de-Chichicastenango1-1140x855.jpeg 1140w, https:\/\/soymigrante.com\/revista\/wp-content\/uploads\/2025\/07\/El-Arco-de-Gucumatz-la-entrada-sagrada-de-Chichicastenango1.webp 1280w\" sizes=\"(max-width: 768px) 100vw, 768px\" title=\"El Arco est\u00e1 lleno de historia y simbolismos. (Foto: Gustavo Montenegro) \u2013 SoyMigrante.com REVISTA\" \/>\t\t\t\t\t\t\t\t\t\t\t<figcaption class=\"widget-image-caption wp-caption-text\">El Arco est\u00e1 lleno de historia y simbolismos. (Foto: Gustavo Montenegro)<\/figcaption>\n\t\t\t\t\t\t\t\t\t\t<\/figure>\n\t\t\t\t\t\t\t\t\t<\/div>\n\t\t\t\t\t<\/div>\n\t\t\t\t<\/div>\n\t\t<div data-particle_enable=\"false\" data-particle-mobile-disabled=\"false\" class=\"elementor-element elementor-element-fb332ee e-flex e-con-boxed e-con e-parent\" data-id=\"fb332ee\" data-element_type=\"container\" data-e-type=\"container\">\n\t\t\t\t\t<div class=\"e-con-inner\">\n\t\t\t\t<div class=\"elementor-element elementor-element-ce00003 elementor-widget elementor-widget-heading\" data-id=\"ce00003\" data-element_type=\"widget\" data-e-type=\"widget\" data-widget_type=\"heading.default\">\n\t\t\t\t\t<h3 class=\"elementor-heading-title elementor-size-default\">Localizaci\u00f3n y distancia desde la capital<\/h3>\t\t\t\t<\/div>\n\t\t\t\t\t<\/div>\n\t\t\t\t<\/div>\n\t\t<div data-particle_enable=\"false\" data-particle-mobile-disabled=\"false\" class=\"elementor-element elementor-element-b99b428 e-flex e-con-boxed e-con e-parent\" data-id=\"b99b428\" data-element_type=\"container\" data-e-type=\"container\">\n\t\t\t\t\t<div class=\"e-con-inner\">\n\t\t\t\t<div class=\"elementor-element elementor-element-27f791f elementor-widget elementor-widget-text-editor\" data-id=\"27f791f\" data-element_type=\"widget\" data-e-type=\"widget\" data-widget_type=\"text-editor.default\">\n\t\t\t\t\t\t\t\t\t<p><a href=\"https:\/\/soymigrante.com\/revista\/chichicastenango-datos-que-quiza-ya-conocias-o-quiza-no\/\" target=\"_blank\" rel=\"noopener\">Este emblem\u00e1tico arco se encuentra en el municipio de Chichicastenango,<\/a> en el departamento de Quich\u00e9, a unos 145 kil\u00f3metros de la ciudad de Guatemala. El viaje desde la capital toma entre 3 y 4 horas, ya sea en veh\u00edculo particular o en transporte p\u00fablico con conexi\u00f3n desde Los Encuentros.<\/p><p>El arco fue construido en 1932 bajo iniciativa del entonces alcalde municipal, quien encarg\u00f3 la obra al arquitecto Aniceto de Le\u00f3n. Para su edificaci\u00f3n se utiliz\u00f3 piedra tra\u00edda del cant\u00f3n Quiejelej. Esta estructura sustituy\u00f3 a un antiguo arco de ladrillo y se ha mantenido como una de las principales entradas simb\u00f3licas al casco urbano.<\/p>\t\t\t\t\t\t\t\t<\/div>\n\t\t\t\t\t<\/div>\n\t\t\t\t<\/div>\n\t\t<div data-particle_enable=\"false\" data-particle-mobile-disabled=\"false\" class=\"elementor-element elementor-element-f116a9c e-flex e-con-boxed e-con e-parent\" data-id=\"f116a9c\" data-element_type=\"container\" data-e-type=\"container\">\n\t\t\t\t\t<div class=\"e-con-inner\">\n\t\t\t\t<div class=\"elementor-element elementor-element-4252483 elementor-grid-eael-col-1 elementor-grid-tablet-eael-col-2 elementor-grid-mobile-eael-col-1 elementor-invisible elementor-widget elementor-widget-eael-post-grid\" data-id=\"4252483\" data-element_type=\"widget\" data-e-type=\"widget\" data-settings=\"{&quot;eael_post_grid_columns&quot;:&quot;eael-col-1&quot;,&quot;_animation&quot;:&quot;rollIn&quot;,&quot;eael_post_grid_columns_tablet&quot;:&quot;eael-col-2&quot;,&quot;eael_post_grid_columns_mobile&quot;:&quot;eael-col-1&quot;}\" data-widget_type=\"eael-post-grid.default\">\n\t\t\t\t\t<div id=\"eael-post-grid-4252483\" class=\"eael-post-grid-container\">\n            <div class=\"eael-post-grid eael-post-appender eael-post-appender-4252483 eael-post-grid-style-one\" data-layout-mode=\"masonry\"><article class=\"eael-grid-post  eael-post-grid-column eael-pg-post-8462 category-guate-nuestra\" data-id=\"8462\">\n        <div class=\"eael-grid-post-holder\">\n            <div class=\"eael-grid-post-holder-inner\"><div class=\"eael-entry-media\"><div class=\"eael-entry-overlay fade-in\"><i class=\"far fa-hand-pointer\" aria-hidden=\"true\"><\/i><a href=\"https:\/\/soymigrante.com\/revista\/chichicastenango-datos-que-quiza-ya-conocias-o-quiza-no\/\"><\/a><\/div><div class=\"eael-entry-thumbnail eael-image-ratio\">\n                <img decoding=\"async\" width=\"785\" height=\"786\" src=\"https:\/\/soymigrante.com\/revista\/wp-content\/uploads\/2024\/08\/Captura-de-pantalla-2024-08-28-143219.webp\" class=\"attachment-large size-large wp-image-8489\" alt=\"Fuego en las escaleras de una iglesia durante un ritual religioso en contexto migrante en Am\u00e9rica Latina.\" srcset=\"https:\/\/soymigrante.com\/revista\/wp-content\/uploads\/2024\/08\/Captura-de-pantalla-2024-08-28-143219.webp 785w, https:\/\/soymigrante.com\/revista\/wp-content\/uploads\/2024\/08\/Captura-de-pantalla-2024-08-28-143219-300x300.webp 300w, https:\/\/soymigrante.com\/revista\/wp-content\/uploads\/2024\/08\/Captura-de-pantalla-2024-08-28-143219-150x150.webp 150w, https:\/\/soymigrante.com\/revista\/wp-content\/uploads\/2024\/08\/Captura-de-pantalla-2024-08-28-143219-768x769.webp 768w, https:\/\/soymigrante.com\/revista\/wp-content\/uploads\/2024\/08\/Captura-de-pantalla-2024-08-28-143219-75x75.webp 75w, https:\/\/soymigrante.com\/revista\/wp-content\/uploads\/2024\/08\/Captura-de-pantalla-2024-08-28-143219-750x751.webp 750w\" sizes=\"(max-width: 785px) 100vw, 785px\" \/>\n            <\/div>\n        <\/div><div class=\"eael-entry-wrapper\"><header class=\"eael-entry-header\"><h2 class=\"eael-entry-title\"><a class=\"eael-grid-post-link\" href=\"https:\/\/soymigrante.com\/revista\/chichicastenango-datos-que-quiza-ya-conocias-o-quiza-no\/\" title=\"Chichicastenango : Datos que quiz\u00e1 ya conoc\u00edas (o quiz\u00e1 no)\">Chichicastenango : Datos que quiz\u00e1 ya conoc\u00edas (o quiz\u00e1 no)<\/a><\/h2><\/header><div class=\"eael-entry-content\">\n                        <div class=\"eael-grid-post-excerpt\"><a href=\"https:\/\/soymigrante.com\/revista\/chichicastenango-datos-que-quiza-ya-conocias-o-quiza-no\/\" class=\"eael-post-elements-readmore-btn\">CONOCE SU HISTORIA <\/a><\/div>\n                    <\/div><\/div><\/div>\n        <\/div>\n    <\/article><\/div>\n            <div class=\"clearfix\"><\/div>\n        <\/div>\t\t\t\t<\/div>\n\t\t\t\t\t<\/div>\n\t\t\t\t<\/div>\n\t\t<div data-particle_enable=\"false\" data-particle-mobile-disabled=\"false\" class=\"elementor-element elementor-element-277bf1e e-flex e-con-boxed e-con e-parent\" data-id=\"277bf1e\" data-element_type=\"container\" data-e-type=\"container\">\n\t\t\t\t\t<div class=\"e-con-inner\">\n\t\t\t\t<div class=\"elementor-element elementor-element-7c18040 elementor-widget elementor-widget-heading\" data-id=\"7c18040\" data-element_type=\"widget\" data-e-type=\"widget\" data-widget_type=\"heading.default\">\n\t\t\t\t\t<h3 class=\"elementor-heading-title elementor-size-default\">Su principal atractivo: el simbolismo<\/h3>\t\t\t\t<\/div>\n\t\t\t\t\t<\/div>\n\t\t\t\t<\/div>\n\t\t<div data-particle_enable=\"false\" data-particle-mobile-disabled=\"false\" class=\"elementor-element elementor-element-98f3388 e-flex e-con-boxed e-con e-parent\" data-id=\"98f3388\" data-element_type=\"container\" data-e-type=\"container\">\n\t\t\t\t\t<div class=\"e-con-inner\">\n\t\t\t\t<div class=\"elementor-element elementor-element-10e44e0 elementor-widget elementor-widget-text-editor\" data-id=\"10e44e0\" data-element_type=\"widget\" data-e-type=\"widget\" data-widget_type=\"text-editor.default\">\n\t\t\t\t\t\t\t\t\t<p>El Arco de Gucumatz destaca por su profundo valor simb\u00f3lico. <a href=\"https:\/\/soymigrante.com\/revista\/chichicastenango-datos-que-quiza-ya-conocias-o-quiza-no\/\" target=\"_blank\" rel=\"noopener\">El nombre hace alusi\u00f3n a Gucumatz, la serpiente emplumada de la mitolog\u00eda maya quich\u00e9, un dios vinculado al agua y la creaci\u00f3n.<\/a> En su dise\u00f1o art\u00edstico, el arco presenta una figura tallada de una serpiente devorando a un ser humano, inspirada en una leyenda local que narra c\u00f3mo una enorme serpiente imped\u00eda el paso del agua en el r\u00edo del pueblo y devor\u00f3 a un hombre que intent\u00f3 moverla.<\/p><p>El escultor Flavio Rodas Noriega fue quien plasm\u00f3 esta escena en el arco, dejando una obra que fusiona arte, tradici\u00f3n oral y espiritualidad maya.<\/p>\t\t\t\t\t\t\t\t<\/div>\n\t\t\t\t\t<\/div>\n\t\t\t\t<\/div>\n\t\t<div data-particle_enable=\"false\" data-particle-mobile-disabled=\"false\" class=\"elementor-element elementor-element-34b11ae e-flex e-con-boxed e-con e-parent\" data-id=\"34b11ae\" data-element_type=\"container\" data-e-type=\"container\">\n\t\t\t\t\t<div class=\"e-con-inner\">\n\t\t\t\t<div class=\"elementor-element elementor-element-95191d2 elementor-widget elementor-widget-heading\" data-id=\"95191d2\" data-element_type=\"widget\" data-e-type=\"widget\" data-widget_type=\"heading.default\">\n\t\t\t\t\t<h3 class=\"elementor-heading-title elementor-size-default\">Un punto tur\u00edstico y cultural<\/h3>\t\t\t\t<\/div>\n\t\t\t\t\t<\/div>\n\t\t\t\t<\/div>\n\t\t<div data-particle_enable=\"false\" data-particle-mobile-disabled=\"false\" class=\"elementor-element elementor-element-f860b66 e-flex e-con-boxed e-con e-parent\" data-id=\"f860b66\" data-element_type=\"container\" data-e-type=\"container\">\n\t\t\t\t\t<div class=\"e-con-inner\">\n\t\t\t\t<div class=\"elementor-element elementor-element-95188f7 elementor-widget elementor-widget-text-editor\" data-id=\"95188f7\" data-element_type=\"widget\" data-e-type=\"widget\" data-widget_type=\"text-editor.default\">\n\t\t\t\t\t\t\t\t\t<p><a href=\"https:\/\/soymigrante.com\/revista\/chichicastenango-datos-que-quiza-ya-conocias-o-quiza-no\/\" target=\"_blank\" rel=\"noopener\">El Arco de Gucumatz forma parte del circuito tur\u00edstico de Chichicastenango, junto al famoso mercado tradicional,<\/a> la iglesia de Santo Tom\u00e1s, el Museo Regional de M\u00e1scaras, el cementerio multicolor y el Cerro Pascual Abaj, sitio de ceremonias mayas.<\/p><p>Durante los d\u00edas de mercado, jueves y domingo, el arco cobra vida como punto de paso de locales y turistas. Muchos lo consideran un mirador ideal para tomar fotograf\u00edas o contemplar el movimiento del pueblo.<\/p><p>Adem\u00e1s, la estructura fue remodelada entre 1986 y 1991 gracias al esfuerzo colectivo de estudiantes, maestros, vecinos e incluso migrantes originarios de Chichicastenango que resid\u00edan en Nueva York, demostrando el valor sentimental que representa para la comunidad.<\/p>\t\t\t\t\t\t\t\t<\/div>\n\t\t\t\t\t<\/div>\n\t\t\t\t<\/div>\n\t\t<div data-particle_enable=\"false\" data-particle-mobile-disabled=\"false\" class=\"elementor-element elementor-element-8ce280a e-flex e-con-boxed e-con e-parent\" data-id=\"8ce280a\" data-element_type=\"container\" data-e-type=\"container\">\n\t\t\t\t\t<div class=\"e-con-inner\">\n\t\t\t\t<div class=\"elementor-element elementor-element-1a3dbb2 elementor-widget elementor-widget-image\" data-id=\"1a3dbb2\" data-element_type=\"widget\" data-e-type=\"widget\" data-widget_type=\"image.default\">\n\t\t\t\t\t\t\t\t\t\t\t\t<figure class=\"wp-caption\">\n\t\t\t\t\t\t\t\t\t\t<img decoding=\"async\" width=\"768\" height=\"1024\" src=\"https:\/\/soymigrante.com\/revista\/wp-content\/uploads\/2025\/07\/El-Arco-de-Gucumatz-la-entrada-sagrada-de-Chichicastenango2-768x1024.jpeg\" class=\"attachment-large size-large wp-image-39011\" alt=\"Puerta arqueol\u00f3gica colorida con detalles prehisp\u00e1nicos y un arco en el centro, en un entorno urbano de d\u00eda, con personas y veh\u00edculos en la calle, resaltando el patrimonio cultural y la arquitectura tradicional mexicana.\" srcset=\"https:\/\/soymigrante.com\/revista\/wp-content\/uploads\/2025\/07\/El-Arco-de-Gucumatz-la-entrada-sagrada-de-Chichicastenango2-768x1024.jpeg 768w, https:\/\/soymigrante.com\/revista\/wp-content\/uploads\/2025\/07\/El-Arco-de-Gucumatz-la-entrada-sagrada-de-Chichicastenango2-225x300.jpeg 225w, https:\/\/soymigrante.com\/revista\/wp-content\/uploads\/2025\/07\/El-Arco-de-Gucumatz-la-entrada-sagrada-de-Chichicastenango2-750x1000.jpeg 750w, https:\/\/soymigrante.com\/revista\/wp-content\/uploads\/2025\/07\/El-Arco-de-Gucumatz-la-entrada-sagrada-de-Chichicastenango2.webp 960w\" sizes=\"(max-width: 768px) 100vw, 768px\" title=\"El Arco es una estructura cargada de simbolismo que conecta lo hist\u00f3rico, lo espiritual y lo m\u00edtico del pueblo maya quich\u00e9. (Foto: Gustavo Montenegro) \u2013 SoyMigrante.com REVISTA\" \/>\t\t\t\t\t\t\t\t\t\t\t<figcaption class=\"widget-image-caption wp-caption-text\">El Arco es una estructura cargada de simbolismo que conecta lo hist\u00f3rico, lo espiritual y lo m\u00edtico del pueblo maya quich\u00e9. (Foto: Gustavo Montenegro)<\/figcaption>\n\t\t\t\t\t\t\t\t\t\t<\/figure>\n\t\t\t\t\t\t\t\t\t<\/div>\n\t\t\t\t\t<\/div>\n\t\t\t\t<\/div>\n\t\t<div data-particle_enable=\"false\" data-particle-mobile-disabled=\"false\" class=\"elementor-element elementor-element-97fa819 e-flex e-con-boxed e-con e-parent\" data-id=\"97fa819\" data-element_type=\"container\" data-e-type=\"container\">\n\t\t\t\t\t<div class=\"e-con-inner\">\n\t\t\t\t<div class=\"elementor-element elementor-element-cf24c95 elementor-widget elementor-widget-heading\" data-id=\"cf24c95\" data-element_type=\"widget\" data-e-type=\"widget\" data-widget_type=\"heading.default\">\n\t\t\t\t\t<h3 class=\"elementor-heading-title elementor-size-default\">Recomendaciones para los visitantes:<\/h3>\t\t\t\t<\/div>\n\t\t\t\t\t<\/div>\n\t\t\t\t<\/div>\n\t\t<div data-particle_enable=\"false\" data-particle-mobile-disabled=\"false\" class=\"elementor-element elementor-element-86e41dc e-flex e-con-boxed e-con e-parent\" data-id=\"86e41dc\" data-element_type=\"container\" data-e-type=\"container\">\n\t\t\t\t\t<div class=\"e-con-inner\">\n\t\t\t\t<div class=\"elementor-element elementor-element-fafea38 elementor-widget elementor-widget-text-editor\" data-id=\"fafea38\" data-element_type=\"widget\" data-e-type=\"widget\" data-widget_type=\"text-editor.default\">\n\t\t\t\t\t\t\t\t\t<div>\u2022 Visitar en jueves o domingo para coincidir con el mercado ind\u00edgena.<\/div><div>\u2022Tomarse un momento para observar los detalles tallados en el arco.<\/div><div>\u2022<a href=\"https:\/\/soymigrante.com\/revista\/chichicastenango-datos-que-quiza-ya-conocias-o-quiza-no\/\" target=\"_blank\" rel=\"noopener\">Recorrer los sitios hist\u00f3ricos cercanos como la iglesia de Santo Tom\u00e1s y el Museo Regional de M\u00e1scaras.<\/a><\/div><div>\u2022Consultar a gu\u00edas locales para conocer m\u00e1s leyendas y detalles culturales de la zona.<\/div>\t\t\t\t\t\t\t\t<\/div>\n\t\t\t\t\t<\/div>\n\t\t\t\t<\/div>\n\t\t<div data-particle_enable=\"false\" data-particle-mobile-disabled=\"false\" class=\"elementor-element elementor-element-09e8cc0 e-flex e-con-boxed e-con e-parent\" data-id=\"09e8cc0\" data-element_type=\"container\" data-e-type=\"container\">\n\t\t\t\t\t<div class=\"e-con-inner\">\n\t\t\t\t<div class=\"elementor-element elementor-element-c08db2e elementor-widget elementor-widget-image\" data-id=\"c08db2e\" data-element_type=\"widget\" data-e-type=\"widget\" data-widget_type=\"image.default\">\n\t\t\t\t\t\t\t\t\t\t\t\t<figure class=\"wp-caption\">\n\t\t\t\t\t\t\t\t\t\t<img loading=\"lazy\" decoding=\"async\" width=\"768\" height=\"1024\" src=\"https:\/\/soymigrante.com\/revista\/wp-content\/uploads\/2025\/07\/El-Arco-de-Gucumatz-la-entrada-sagrada-de-Chichicastenango5-768x1024.jpeg\" class=\"attachment-large size-large wp-image-39013\" alt=\"Hotel El Arc\u00f3n, la bienvenida en Tepoztl\u00e1n, M\u00e9xico, con cartel de invitaci\u00f3n y fachada colorida, reflejando cultura y hospitalidad en un destino tur\u00edstico popular.\" srcset=\"https:\/\/soymigrante.com\/revista\/wp-content\/uploads\/2025\/07\/El-Arco-de-Gucumatz-la-entrada-sagrada-de-Chichicastenango5-768x1024.jpeg 768w, https:\/\/soymigrante.com\/revista\/wp-content\/uploads\/2025\/07\/El-Arco-de-Gucumatz-la-entrada-sagrada-de-Chichicastenango5-225x300.jpeg 225w, https:\/\/soymigrante.com\/revista\/wp-content\/uploads\/2025\/07\/El-Arco-de-Gucumatz-la-entrada-sagrada-de-Chichicastenango5-750x1000.jpeg 750w, https:\/\/soymigrante.com\/revista\/wp-content\/uploads\/2025\/07\/El-Arco-de-Gucumatz-la-entrada-sagrada-de-Chichicastenango5.webp 960w\" sizes=\"(max-width: 768px) 100vw, 768px\" title=\"El Arco es la puerta de ingreso de Chichicastenango. (Foto: Gustavo Montenegro) \u2013 SoyMigrante.com REVISTA\" \/>\t\t\t\t\t\t\t\t\t\t\t<figcaption class=\"widget-image-caption wp-caption-text\">El Arco es la puerta de ingreso de Chichicastenango. (Foto: Gustavo Montenegro)<\/figcaption>\n\t\t\t\t\t\t\t\t\t\t<\/figure>\n\t\t\t\t\t\t\t\t\t<\/div>\n\t\t\t\t\t<\/div>\n\t\t\t\t<\/div>\n\t\t<div data-particle_enable=\"false\" data-particle-mobile-disabled=\"false\" class=\"elementor-element elementor-element-1660bbf e-flex e-con-boxed e-con e-parent\" data-id=\"1660bbf\" data-element_type=\"container\" data-e-type=\"container\">\n\t\t\t\t\t<div class=\"e-con-inner\">\n\t\t\t\t<div class=\"elementor-element elementor-element-668363a elementor-widget elementor-widget-text-editor\" data-id=\"668363a\" data-element_type=\"widget\" data-e-type=\"widget\" data-widget_type=\"text-editor.default\">\n\t\t\t\t\t\t\t\t\t<p><a href=\"https:\/\/soymigrante.com\/revista\/chichicastenango-datos-que-quiza-ya-conocias-o-quiza-no\/\" target=\"_blank\" rel=\"noopener\">El Arco de Gucumatz no es solo una estructura f\u00edsica: es una entrada al universo m\u00edtico y espiritual de los pueblos mayas.<\/a> Visitarlo es sumergirse en una historia viva, donde cada piedra y cada figura tallada conectan con el pasado ancestral de Guatemala.<\/p>\t\t\t\t\t\t\t\t<\/div>\n\t\t\t\t\t<\/div>\n\t\t\t\t<\/div>\n\t\t<div data-particle_enable=\"false\" data-particle-mobile-disabled=\"false\" class=\"elementor-element elementor-element-f21dffc e-flex e-con-boxed e-con e-parent\" data-id=\"f21dffc\" data-element_type=\"container\" data-e-type=\"container\">\n\t\t\t\t\t<div class=\"e-con-inner\">\n\t\t\t\t<div class=\"elementor-element elementor-element-5e4727a elementor-widget elementor-widget-heading\" data-id=\"5e4727a\" data-element_type=\"widget\" data-e-type=\"widget\" data-widget_type=\"heading.default\">\n\t\t\t\t\t<h2 class=\"elementor-heading-title elementor-size-default\">Conoce m\u00e1s de Guatemala, ac\u00e1...<\/h2>\t\t\t\t<\/div>\n\t\t\t\t\t<\/div>\n\t\t\t\t<\/div>\n\t\t<div data-particle_enable=\"false\" data-particle-mobile-disabled=\"false\" class=\"elementor-element elementor-element-eb57c05 e-flex e-con-boxed e-con e-parent\" data-id=\"eb57c05\" data-element_type=\"container\" data-e-type=\"container\">\n\t\t\t\t\t<div class=\"e-con-inner\">\n\t\t\t\t<div class=\"elementor-element elementor-element-e3d033b elementor-grid-eael-col-3 elementor-grid-tablet-eael-col-2 elementor-grid-mobile-eael-col-1 elementor-invisible elementor-widget elementor-widget-eael-post-grid\" data-id=\"e3d033b\" data-element_type=\"widget\" data-e-type=\"widget\" data-settings=\"{&quot;eael_post_grid_columns&quot;:&quot;eael-col-3&quot;,&quot;_animation&quot;:&quot;rollIn&quot;,&quot;eael_post_grid_columns_tablet&quot;:&quot;eael-col-2&quot;,&quot;eael_post_grid_columns_mobile&quot;:&quot;eael-col-1&quot;}\" data-widget_type=\"eael-post-grid.default\">\n\t\t\t\t\t<div id=\"eael-post-grid-e3d033b\" class=\"eael-post-grid-container\">\n            <div class=\"eael-post-grid eael-post-appender eael-post-appender-e3d033b eael-post-grid-style-one\" data-layout-mode=\"masonry\"><article class=\"eael-grid-post  eael-post-grid-column eael-pg-post-38639 category-guate-nuestra\" data-id=\"38639\">\n        <div class=\"eael-grid-post-holder\">\n            <div class=\"eael-grid-post-holder-inner\"><div class=\"eael-entry-media\"><div class=\"eael-entry-overlay fade-in\"><i class=\"far fa-hand-pointer\" aria-hidden=\"true\"><\/i><a href=\"https:\/\/soymigrante.com\/revista\/el-arco-de-correos-un-icono-historico-en-la-capital\/\"><\/a><\/div><div class=\"eael-entry-thumbnail \">\n                <img loading=\"lazy\" decoding=\"async\" width=\"1024\" height=\"1024\" src=\"https:\/\/soymigrante.com\/revista\/wp-content\/uploads\/2025\/07\/arco-de-correos-1-1024x1024.jpg\" class=\"attachment-large size-large wp-image-38640\" alt=\"Puente hist\u00f3rico en Guatemala, arquitectura colonial y patrimonio cultural.\" srcset=\"https:\/\/soymigrante.com\/revista\/wp-content\/uploads\/2025\/07\/arco-de-correos-1-1024x1024.jpg 1024w, https:\/\/soymigrante.com\/revista\/wp-content\/uploads\/2025\/07\/arco-de-correos-1-300x300.jpg 300w, https:\/\/soymigrante.com\/revista\/wp-content\/uploads\/2025\/07\/arco-de-correos-1-150x150.jpg 150w, https:\/\/soymigrante.com\/revista\/wp-content\/uploads\/2025\/07\/arco-de-correos-1-768x768.jpg 768w, https:\/\/soymigrante.com\/revista\/wp-content\/uploads\/2025\/07\/arco-de-correos-1-75x75.jpg 75w, https:\/\/soymigrante.com\/revista\/wp-content\/uploads\/2025\/07\/arco-de-correos-1-750x750.jpg 750w, https:\/\/soymigrante.com\/revista\/wp-content\/uploads\/2025\/07\/arco-de-correos-1.webp 1080w\" sizes=\"(max-width: 1024px) 100vw, 1024px\" \/>\n            <\/div>\n        <\/div><div class=\"eael-entry-wrapper\"><header class=\"eael-entry-header\"><h2 class=\"eael-entry-title\"><a class=\"eael-grid-post-link\" href=\"https:\/\/soymigrante.com\/revista\/el-arco-de-correos-un-icono-historico-en-la-capital\/\" title=\"El Arco de Correos: un \u00edcono hist\u00f3rico en la capital\">El Arco de Correos: un \u00edcono hist\u00f3rico en la capital<\/a><\/h2><\/header><div class=\"eael-entry-content\">\n                        <div class=\"eael-grid-post-excerpt\"><a href=\"https:\/\/soymigrante.com\/revista\/el-arco-de-correos-un-icono-historico-en-la-capital\/\" class=\"eael-post-elements-readmore-btn\">CONOCE SU HISTORIA <\/a><\/div>\n                    <\/div><\/div><\/div>\n        <\/div>\n    <\/article><article class=\"eael-grid-post  eael-post-grid-column eael-pg-post-38394 category-guate-nuestra\" data-id=\"38394\">\n        <div class=\"eael-grid-post-holder\">\n            <div class=\"eael-grid-post-holder-inner\"><div class=\"eael-entry-media\"><div class=\"eael-entry-overlay fade-in\"><i class=\"far fa-hand-pointer\" aria-hidden=\"true\"><\/i><a href=\"https:\/\/soymigrante.com\/revista\/lugares-emblematicos-de-guatemala-el-palacio-nacional-de-la-cultura\/\"><\/a><\/div><div class=\"eael-entry-thumbnail \">\n                <img loading=\"lazy\" decoding=\"async\" width=\"940\" height=\"627\" src=\"https:\/\/soymigrante.com\/revista\/wp-content\/uploads\/2025\/07\/palacio-nacional-de-la-cultura-e1751579496903.webp\" class=\"attachment-large size-large wp-image-38395\" alt=\"Palacio del Congreso de Guatemala con bandera nacional y vista del edificio hist\u00f3rico en el centro de la ciudad.\" \/>\n            <\/div>\n        <\/div><div class=\"eael-entry-wrapper\"><header class=\"eael-entry-header\"><h2 class=\"eael-entry-title\"><a class=\"eael-grid-post-link\" href=\"https:\/\/soymigrante.com\/revista\/lugares-emblematicos-de-guatemala-el-palacio-nacional-de-la-cultura\/\" title=\"Lugares emblem\u00e1ticos de Guatemala: el Palacio Nacional de la Cultura\">Lugares emblem\u00e1ticos de Guatemala: el Palacio Nacional de la Cultura<\/a><\/h2><\/header><div class=\"eael-entry-content\">\n                        <div class=\"eael-grid-post-excerpt\"><a href=\"https:\/\/soymigrante.com\/revista\/lugares-emblematicos-de-guatemala-el-palacio-nacional-de-la-cultura\/\" class=\"eael-post-elements-readmore-btn\">CONOCE SU HISTORIA <\/a><\/div>\n                    <\/div><\/div><\/div>\n        <\/div>\n    <\/article><article class=\"eael-grid-post  eael-post-grid-column eael-pg-post-38501 category-guate-nuestra\" data-id=\"38501\">\n        <div class=\"eael-grid-post-holder\">\n            <div class=\"eael-grid-post-holder-inner\"><div class=\"eael-entry-media\"><div class=\"eael-entry-overlay fade-in\"><i class=\"far fa-hand-pointer\" aria-hidden=\"true\"><\/i><a href=\"https:\/\/soymigrante.com\/revista\/palacio-maya-de-san-marcos-7-datos-fascinantes\/\"><\/a><\/div><div class=\"eael-entry-thumbnail \">\n                <img loading=\"lazy\" decoding=\"async\" width=\"885\" height=\"500\" src=\"https:\/\/soymigrante.com\/revista\/wp-content\/uploads\/2025\/07\/palacio-maya-e1751655372494.webp\" class=\"attachment-large size-large wp-image-38502\" alt=\"Edificio hist\u00f3rico con reloj en fachada y detalles arquitect\u00f3nicos ornamentales, en un d\u00eda soleado con cielo parcialmente nublado en la ciudad.\" \/>\n            <\/div>\n        <\/div><div class=\"eael-entry-wrapper\"><header class=\"eael-entry-header\"><h2 class=\"eael-entry-title\"><a class=\"eael-grid-post-link\" href=\"https:\/\/soymigrante.com\/revista\/palacio-maya-de-san-marcos-7-datos-fascinantes\/\" title=\"Palacio Maya de San Marcos: 7 datos fascinantes\">Palacio Maya de San Marcos: 7 datos fascinantes<\/a><\/h2><\/header><div class=\"eael-entry-content\">\n                        <div class=\"eael-grid-post-excerpt\"><a href=\"https:\/\/soymigrante.com\/revista\/palacio-maya-de-san-marcos-7-datos-fascinantes\/\" class=\"eael-post-elements-readmore-btn\">CONOCE SU HISTORIA <\/a><\/div>\n                    <\/div><\/div><\/div>\n        <\/div>\n    <\/article><\/div>\n            <div class=\"clearfix\"><\/div>\n        <\/div>\t\t\t\t<\/div>\n\t\t\t\t\t<\/div>\n\t\t\t\t<\/div>\n\t\t\t\t<\/div>\n\t\t","protected":false},"excerpt":{"rendered":"<p>El Arco de Gucumatz es el ingreso a la historia, tradici\u00f3n y cultura de Chichicastenango. En el coraz\u00f3n de Chichicastenango, Quich\u00e9, se encuentra un monumento lleno de simbolismo y tradici\u00f3n: el Arco de Gucumatz. Este paso peatonal no solo embellece el paisaje urbano, sino que tambi\u00e9n recuerda la riqueza mitol\u00f3gica y cultural del pueblo maya [&hellip;]<\/p>\n","protected":false},"author":19,"featured_media":39005,"comment_status":"open","ping_status":"open","sticky":false,"template":"","format":"standard","meta":{"_acf_changed":false,"_eb_attr":"","footnotes":""},"categories":[58],"tags":[],"class_list":["post-39004","post","type-post","status-publish","format-standard","has-post-thumbnail","hentry","category-guate-nuestra"],"acf":[],"aioseo_notices":[],"aioseo_head":"\n\t\t<!-- All in One SEO Pro 4.9.6.2 - aioseo.com -->\n\t<meta name=\"description\" content=\"El Palacio Maya de San Marcos une historia, arte y cultura guatemalteca, es un monumento \u00fanico. Entre serpientes emplumadas, glifos mayas y un reloj ancestral, el Palacio Maya de San Marcos se erige como un s\u00edmbolo de reconciliaci\u00f3n, arte y resistencia cultural en el occidente de Guatemala. Ubicado en el coraz\u00f3n de San Marcos, este\" \/>\n\t<meta name=\"robots\" content=\"max-snippet:-1, max-image-preview:large, max-video-preview:-1\" \/>\n\t<meta name=\"author\" content=\"Marysabel Aldana\"\/>\n\t<link rel=\"canonical\" href=\"https:\/\/soymigrante.com\/revista\/el-arco-de-gucumatz-es-la-entrada-sagrada-a-chichicastenango\/\" \/>\n\t<meta name=\"generator\" content=\"All in One SEO Pro (AIOSEO) 4.9.6.2\" \/>\n\n\t\t<link rel=\"preconnect\" href=\"https:\/\/fonts.googleapis.com\" crossorigin>\n<link rel=\"preconnect\" href=\"https:\/\/fonts.gstatic.com\" crossorigin>\n\t\t<meta property=\"og:locale\" content=\"es_ES\" \/>\n\t\t<meta property=\"og:site_name\" content=\"SoyMigrante.com REVISTA \u2013 Nuestra misi\u00f3n es reconocer y dignificar al migrante.\" \/>\n\t\t<meta property=\"og:type\" content=\"article\" \/>\n\t\t<meta property=\"og:title\" content=\"\u00bfQu\u00e9 hace \u00fanico al Arco de Gucumatz en Chichicastenango?\" \/>\n\t\t<meta property=\"og:description\" content=\"Descubre el significado del Arco de Gucumatz, s\u00edmbolo de la cultura maya en Chichicastenango, y su impacto en la historia y tradici\u00f3n del pueblo.\" \/>\n\t\t<meta property=\"og:url\" content=\"https:\/\/soymigrante.com\/revista\/el-arco-de-gucumatz-es-la-entrada-sagrada-a-chichicastenango\/\" \/>\n\t\t<meta property=\"og:image\" content=\"https:\/\/soymigrante.com\/revista\/wp-content\/uploads\/2025\/07\/El-Arco-de-Gucumatz-la-entrada-sagrada-de-Chichicastenango4-e1752182270774.webp\" \/>\n\t\t<meta property=\"og:image:secure_url\" content=\"https:\/\/soymigrante.com\/revista\/wp-content\/uploads\/2025\/07\/El-Arco-de-Gucumatz-la-entrada-sagrada-de-Chichicastenango4-e1752182270774.webp\" \/>\n\t\t<meta property=\"og:image:width\" content=\"956\" \/>\n\t\t<meta property=\"og:image:height\" content=\"956\" \/>\n\t\t<meta property=\"article:published_time\" content=\"2025-07-11T09:33:00+00:00\" \/>\n\t\t<meta property=\"article:modified_time\" content=\"2025-07-11T02:15:16+00:00\" \/>\n\t\t<meta property=\"article:publisher\" content=\"https:\/\/www.facebook.com\/soymigrantecom\" \/>\n\t\t<meta name=\"twitter:card\" content=\"summary_large_image\" \/>\n\t\t<meta name=\"twitter:site\" content=\"@SoyMigrante_com\" \/>\n\t\t<meta name=\"twitter:title\" content=\"\u00bfQu\u00e9 hace \u00fanico al Arco de Gucumatz en Chichicastenango?\" \/>\n\t\t<meta name=\"twitter:description\" content=\"Descubre el significado del Arco de Gucumatz, s\u00edmbolo de la cultura maya en Chichicastenango, y su impacto en la historia y tradici\u00f3n del pueblo.\" \/>\n\t\t<meta name=\"twitter:creator\" content=\"@SoyMigrante_com\" \/>\n\t\t<meta name=\"twitter:image\" content=\"https:\/\/soymigrante.com\/revista\/wp-content\/uploads\/2025\/07\/El-Arco-de-Gucumatz-la-entrada-sagrada-de-Chichicastenango4-e1752182270774.webp\" \/>\n\t\t<!-- All in One SEO Pro -->\r\n\t\t<title>\u00bfQu\u00e9 hace \u00fanico al Arco de Gucumatz en Chichicastenango?<\/title>\n\n","aioseo_head_json":{"title":"\u00bfQu\u00e9 hace \u00fanico al Arco de Gucumatz en Chichicastenango?","description":"Descubre el significado del Arco de Gucumatz, s\u00edmbolo de la cultura maya en Chichicastenango, y su impacto en la historia y tradici\u00f3n del pueblo.","canonical_url":"https:\/\/soymigrante.com\/revista\/el-arco-de-gucumatz-es-la-entrada-sagrada-a-chichicastenango\/","robots":"max-snippet:-1, max-image-preview:large, max-video-preview:-1","keywords":"","webmasterTools":{"miscellaneous":"&lt;link rel=\"preconnect\" href=\"https:\/\/fonts.googleapis.com\" crossorigin&gt;\n&lt;link rel=\"preconnect\" href=\"https:\/\/fonts.gstatic.com\" crossorigin&gt;"},"schema":null,"og:locale":"es_ES","og:site_name":"SoyMigrante.com REVISTA \u2013 Nuestra misi\u00f3n es reconocer y dignificar al migrante.","og:type":"article","og:title":"\u00bfQu\u00e9 hace \u00fanico al Arco de Gucumatz en Chichicastenango?","og:description":"Descubre el significado del Arco de Gucumatz, s\u00edmbolo de la cultura maya en Chichicastenango, y su impacto en la historia y tradici\u00f3n del pueblo.","og:url":"https:\/\/soymigrante.com\/revista\/el-arco-de-gucumatz-es-la-entrada-sagrada-a-chichicastenango\/","og:image":"https:\/\/soymigrante.com\/revista\/wp-content\/uploads\/2025\/07\/El-Arco-de-Gucumatz-la-entrada-sagrada-de-Chichicastenango4-e1752182270774.webp","og:image:secure_url":"https:\/\/soymigrante.com\/revista\/wp-content\/uploads\/2025\/07\/El-Arco-de-Gucumatz-la-entrada-sagrada-de-Chichicastenango4-e1752182270774.webp","og:image:width":956,"og:image:height":956,"article:published_time":"2025-07-11T09:33:00+00:00","article:modified_time":"2025-07-11T02:15:16+00:00","article:publisher":"https:\/\/www.facebook.com\/soymigrantecom","twitter:card":"summary_large_image","twitter:site":"@SoyMigrante_com","twitter:title":"\u00bfQu\u00e9 hace \u00fanico al Arco de Gucumatz en Chichicastenango?","twitter:description":"Descubre el significado del Arco de Gucumatz, s\u00edmbolo de la cultura maya en Chichicastenango, y su impacto en la historia y tradici\u00f3n del pueblo.","twitter:creator":"@SoyMigrante_com","twitter:image":"https:\/\/soymigrante.com\/revista\/wp-content\/uploads\/2025\/07\/El-Arco-de-Gucumatz-la-entrada-sagrada-de-Chichicastenango4-e1752182270774.webp"},"aioseo_meta_data":{"post_id":"39004","title":"\u00bfQu\u00e9 hace \u00fanico al Arco de Gucumatz en Chichicastenango?","description":"Descubre el significado del Arco de Gucumatz, s\u00edmbolo de la cultura maya en Chichicastenango, y su impacto en la historia y tradici\u00f3n del pueblo.","keywords":null,"keyphrases":{"focus":{"keyphrase":"Arco de Gucumatz","score":82,"analysis":{"keyphraseInTitle":{"score":9,"maxScore":9,"error":0},"keyphraseInDescription":{"score":9,"maxScore":9,"error":0},"keyphraseLength":{"score":9,"maxScore":9,"error":0,"length":3},"keyphraseInURL":{"score":5,"maxScore":5,"error":0},"keyphraseInIntroduction":{"score":9,"maxScore":9,"error":0},"keyphraseInSubHeadings":{"score":3,"maxScore":9,"error":1},"keyphraseInImageAlt":{"score":3,"maxScore":9,"error":1},"keywordDensity":{"type":"best","score":9,"maxScore":9,"error":0}}},"additional":[{"keyphrase":"Chichicastenango","score":100,"analysis":{"keyphraseInDescription":{"score":9,"maxScore":9,"error":0},"keyphraseLength":{"score":9,"maxScore":9,"error":0,"length":1},"keyphraseInIntroduction":{"score":9,"maxScore":9,"error":0},"keyphraseInImageAlt":{"score":9,"maxScore":9,"error":0},"keywordDensity":{"type":"best","score":9,"maxScore":9,"error":0}}}]},"primary_term":null,"canonical_url":null,"og_title":null,"og_description":null,"og_object_type":"default","og_image_type":"default","og_image_url":null,"og_image_width":null,"og_image_height":null,"og_image_custom_url":null,"og_image_custom_fields":null,"og_video":"","og_custom_url":null,"og_article_section":null,"og_article_tags":null,"twitter_use_og":false,"twitter_card":"default","twitter_image_type":"default","twitter_image_url":null,"twitter_image_custom_url":null,"twitter_image_custom_fields":null,"twitter_title":null,"twitter_description":null,"schema":{"blockGraphs":[],"customGraphs":[],"default":{"data":{"Article":[],"Course":[],"Dataset":[],"FAQPage":[],"Movie":[],"Person":[],"Product":[],"ProductReview":[],"Car":[],"Recipe":[],"Service":[],"SoftwareApplication":[],"WebPage":[]},"graphName":"none","isEnabled":true},"graphs":[]},"schema_type":"default","schema_type_options":null,"pillar_content":false,"robots_default":true,"robots_noindex":false,"robots_noarchive":false,"robots_nosnippet":false,"robots_nofollow":false,"robots_noimageindex":false,"robots_noodp":false,"robots_notranslate":false,"robots_max_snippet":"-1","robots_max_videopreview":"-1","robots_max_imagepreview":"large","priority":null,"frequency":"default","local_seo":null,"seo_analyzer_scan_date":"2025-10-09 06:46:03","breadcrumb_settings":null,"limit_modified_date":false,"reviewed_by":"0","open_ai":null,"ai":{"faqs":[],"keyPoints":[],"titles":["Descubre el Arco de Gucumatz: Puerta a la Cultura Maya en Chichicastenango","Arco de Gucumatz: Historia, Simbolismo y Turismo en Guatemala","Explora el Arco de Gucumatz: Un Tesoro Cultural en Chichicastenango","\u00bfQu\u00e9 hace \u00fanico al Arco de Gucumatz? Significado y tradiciones en Guatemala","Visita el Arco de Gucumatz: Un Icono Espiritual y Cultural de los Mayas"],"descriptions":["Descubre el significado del Arco de Gucumatz, s\u00edmbolo de la cultura maya en Chichicastenango, y su impacto en la historia y tradici\u00f3n del pueblo.","Explora la historia y el simbolismo del Arco de Gucumatz en Chichicastenango, un \u00edcono cultural que conecta la mitolog\u00eda maya con la identidad local.","Conoce el valor hist\u00f3rico y espiritual del Arco de Gucumatz en Chichicastenango, construido en 1932 y considerado patrimonio cultural de Guatemala.","Sum\u00e9rgete en la historia del Arco de Gucumatz, un monumento que representa la serpiente emplumada maya y su importancia en la cultura Quich\u00e9.","Visita el Arco de Gucumatz para experimentar un s\u00edmbolo vivo de la tradici\u00f3n, historia y espiritualidad de Chichicastenango y su gente."],"socialPosts":{"email":[],"linkedin":[],"twitter":[],"facebook":[],"instagram":[]}},"created":"2025-07-10 21:20:38","updated":"2026-02-05 02:56:18"},"aioseo_breadcrumb":"<div class=\"aioseo-breadcrumbs\"><span class=\"aioseo-breadcrumb\">\n\t<a href=\"https:\/\/soymigrante.com\/revista\" title=\"Home\">Home<\/a>\n<\/span><span class=\"aioseo-breadcrumb-separator\">\u00bb<\/span><span class=\"aioseo-breadcrumb\">\n\t<a href=\"https:\/\/soymigrante.com\/revista\/category\/guate-nuestra\/\" title=\"Guate Nuestra\">Guate Nuestra<\/a>\n<\/span><span class=\"aioseo-breadcrumb-separator\">\u00bb<\/span><span class=\"aioseo-breadcrumb\">\n\tEl Arco de Gucumatz es la entrada sagrada a Chichicastenango\n<\/span><\/div>","aioseo_breadcrumb_json":[{"label":"Home","link":"https:\/\/soymigrante.com\/revista"},{"label":"Guate Nuestra","link":"https:\/\/soymigrante.com\/revista\/category\/guate-nuestra\/"},{"label":"El Arco de Gucumatz es la entrada sagrada a Chichicastenango","link":"https:\/\/soymigrante.com\/revista\/el-arco-de-gucumatz-es-la-entrada-sagrada-a-chichicastenango\/"}],"_links":{"self":[{"href":"https:\/\/soymigrante.com\/revista\/wp-json\/wp\/v2\/posts\/39004","targetHints":{"allow":["GET"]}}],"collection":[{"href":"https:\/\/soymigrante.com\/revista\/wp-json\/wp\/v2\/posts"}],"about":[{"href":"https:\/\/soymigrante.com\/revista\/wp-json\/wp\/v2\/types\/post"}],"author":[{"embeddable":true,"href":"https:\/\/soymigrante.com\/revista\/wp-json\/wp\/v2\/users\/19"}],"replies":[{"embeddable":true,"href":"https:\/\/soymigrante.com\/revista\/wp-json\/wp\/v2\/comments?post=39004"}],"version-history":[{"count":9,"href":"https:\/\/soymigrante.com\/revista\/wp-json\/wp\/v2\/posts\/39004\/revisions"}],"predecessor-version":[{"id":39041,"href":"https:\/\/soymigrante.com\/revista\/wp-json\/wp\/v2\/posts\/39004\/revisions\/39041"}],"wp:featuredmedia":[{"embeddable":true,"href":"https:\/\/soymigrante.com\/revista\/wp-json\/wp\/v2\/media\/39005"}],"wp:attachment":[{"href":"https:\/\/soymigrante.com\/revista\/wp-json\/wp\/v2\/media?parent=39004"}],"wp:term":[{"taxonomy":"category","embeddable":true,"href":"https:\/\/soymigrante.com\/revista\/wp-json\/wp\/v2\/categories?post=39004"},{"taxonomy":"post_tag","embeddable":true,"href":"https:\/\/soymigrante.com\/revista\/wp-json\/wp\/v2\/tags?post=39004"}],"curies":[{"name":"wp","href":"https:\/\/api.w.org\/{rel}","templated":true}]}}