{"id":38990,"date":"2025-07-11T05:00:00","date_gmt":"2025-07-11T11:00:00","guid":{"rendered":"https:\/\/soymigrante.com\/revista\/?p=38990"},"modified":"2025-07-10T20:19:22","modified_gmt":"2025-07-11T02:19:22","slug":"por-que-se-inflaman-las-piernas-como-prevenir-o-aliviar","status":"publish","type":"post","link":"https:\/\/soymigrante.com\/revista\/por-que-se-inflaman-las-piernas-como-prevenir-o-aliviar\/","title":{"rendered":"\u00bfPor qu\u00e9 se inflaman las piernas, como prevenir o aliviar?"},"content":{"rendered":"\t\t<div data-elementor-type=\"wp-post\" data-elementor-id=\"38990\" class=\"elementor elementor-38990\" data-elementor-post-type=\"post\">\n\t\t\t\t<div data-particle_enable=\"false\" data-particle-mobile-disabled=\"false\" class=\"elementor-element elementor-element-70fb7f9 e-flex e-con-boxed e-con e-parent\" data-id=\"70fb7f9\" data-element_type=\"container\" data-e-type=\"container\">\n\t\t\t\t\t<div class=\"e-con-inner\">\n\t\t\t\t<div class=\"elementor-element elementor-element-084deda elementor-widget elementor-widget-heading\" data-id=\"084deda\" data-element_type=\"widget\" data-e-type=\"widget\" data-widget_type=\"heading.default\">\n\t\t\t\t\t<h2 class=\"elementor-heading-title elementor-size-default\">Las piernas se le inflaman, hay m\u00e9todos para que se reduzca el malestar y tener bienestar.<\/h2>\t\t\t\t<\/div>\n\t\t\t\t\t<\/div>\n\t\t\t\t<\/div>\n\t\t<div data-particle_enable=\"false\" data-particle-mobile-disabled=\"false\" class=\"elementor-element elementor-element-a8f3c2f e-flex e-con-boxed e-con e-parent\" data-id=\"a8f3c2f\" data-element_type=\"container\" data-e-type=\"container\">\n\t\t\t\t\t<div class=\"e-con-inner\">\n\t\t\t\t<div class=\"elementor-element elementor-element-f0d4eee elementor-widget elementor-widget-text-editor\" data-id=\"f0d4eee\" data-element_type=\"widget\" data-e-type=\"widget\" data-widget_type=\"text-editor.default\">\n\t\t\t\t\t\t\t\t\t<p>La hinchaz\u00f3n de piernas es una molestia frecuente que puede indicar desde un problema circulatorio hasta una condici\u00f3n m\u00e9dica seria. <a href=\"https:\/\/soymigrante.com\/revista\/cuida-tu-salud-si-pasas-mucho-tiempo-al-volante\/\" target=\"_blank\" rel=\"noopener\">Identificar sus causas y aplicar las medidas correctas puede mejorar significativamente la calidad de vida.<\/a><\/p><p>Las piernas hinchadas o edematizadas afectan a millones de personas, especialmente adultos mayores, mujeres embarazadas o personas con estilos de vida sedentarios. Detectar a tiempo si se trata de una condici\u00f3n leve o de una se\u00f1al de alerta m\u00e9dica es clave para su manejo.<\/p><p>La hinchaz\u00f3n en las piernas, tambi\u00e9n conocida como edema perif\u00e9rico, es un problema com\u00fan que muchas personas padecen en silencio. Puede parecer una simple molestia, pero en algunos casos es el reflejo de condiciones de salud m\u00e1s serias como problemas card\u00edacos, renales o circulatorios.<\/p><p>La inflamaci\u00f3n se produce cuando se acumula l\u00edquido en los tejidos blandos de las extremidades inferiores, causando sensaci\u00f3n de pesadez, tensi\u00f3n en la piel, dolor y enrojecimiento.<\/p>\t\t\t\t\t\t\t\t<\/div>\n\t\t\t\t\t<\/div>\n\t\t\t\t<\/div>\n\t\t<div data-particle_enable=\"false\" data-particle-mobile-disabled=\"false\" class=\"elementor-element elementor-element-59aaa11 e-flex e-con-boxed e-con e-parent\" data-id=\"59aaa11\" data-element_type=\"container\" data-e-type=\"container\">\n\t\t\t\t\t<div class=\"e-con-inner\">\n\t\t\t\t<div class=\"elementor-element elementor-element-a0ab585 elementor-grid-eael-col-1 elementor-grid-tablet-eael-col-2 elementor-grid-mobile-eael-col-1 elementor-invisible elementor-widget elementor-widget-eael-post-grid\" data-id=\"a0ab585\" data-element_type=\"widget\" data-e-type=\"widget\" data-settings=\"{&quot;eael_post_grid_columns&quot;:&quot;eael-col-1&quot;,&quot;_animation&quot;:&quot;rollIn&quot;,&quot;eael_post_grid_columns_tablet&quot;:&quot;eael-col-2&quot;,&quot;eael_post_grid_columns_mobile&quot;:&quot;eael-col-1&quot;}\" data-widget_type=\"eael-post-grid.default\">\n\t\t\t\t\t<div id=\"eael-post-grid-a0ab585\" class=\"eael-post-grid-container\">\n            <div class=\"eael-post-grid eael-post-appender eael-post-appender-a0ab585 eael-post-grid-style-one\" data-layout-mode=\"masonry\"><article class=\"eael-grid-post  eael-post-grid-column eael-pg-post-8116 category-bienestar\" data-id=\"8116\">\n        <div class=\"eael-grid-post-holder\">\n            <div class=\"eael-grid-post-holder-inner\"><div class=\"eael-entry-media\"><div class=\"eael-entry-overlay fade-in\"><i class=\"far fa-hand-pointer\" aria-hidden=\"true\"><\/i><a href=\"https:\/\/soymigrante.com\/revista\/vacunas-son-vitales-para-ninos-sean-o-no-migrantes-en-ee-uu\/\"><\/a><\/div><div class=\"eael-entry-thumbnail eael-image-ratio\">\n                <img fetchpriority=\"high\" decoding=\"async\" width=\"814\" height=\"814\" src=\"https:\/\/soymigrante.com\/revista\/wp-content\/uploads\/2024\/08\/vacunacion-ninos-e1724080565706.webp\" class=\"attachment-large size-large wp-image-8148\" alt=\"Ni\u00f1a jugando con bal\u00f3n de f\u00fatbol en parque, disfrutando de actividades deportivas para ni\u00f1os.\" srcset=\"https:\/\/soymigrante.com\/revista\/wp-content\/uploads\/2024\/08\/vacunacion-ninos-e1724080565706.webp 814w, https:\/\/soymigrante.com\/revista\/wp-content\/uploads\/2024\/08\/vacunacion-ninos-e1724080565706-300x300.webp 300w, https:\/\/soymigrante.com\/revista\/wp-content\/uploads\/2024\/08\/vacunacion-ninos-e1724080565706-150x150.webp 150w, https:\/\/soymigrante.com\/revista\/wp-content\/uploads\/2024\/08\/vacunacion-ninos-e1724080565706-768x768.webp 768w, https:\/\/soymigrante.com\/revista\/wp-content\/uploads\/2024\/08\/vacunacion-ninos-e1724080565706-75x75.webp 75w, https:\/\/soymigrante.com\/revista\/wp-content\/uploads\/2024\/08\/vacunacion-ninos-e1724080565706-750x750.webp 750w\" sizes=\"(max-width: 814px) 100vw, 814px\" \/>\n            <\/div>\n        <\/div><div class=\"eael-entry-wrapper\"><header class=\"eael-entry-header\"><h2 class=\"eael-entry-title\"><a class=\"eael-grid-post-link\" href=\"https:\/\/soymigrante.com\/revista\/vacunas-son-vitales-para-ninos-sean-o-no-migrantes-en-ee-uu\/\" title=\"Vacunas son vitales para ni\u00f1os, sean o no migrantes en EE.UU.\">Vacunas son vitales para ni\u00f1os, sean o no migrantes en EE.UU.<\/a><\/h2><\/header><div class=\"eael-entry-content\">\n                        <div class=\"eael-grid-post-excerpt\"><a href=\"https:\/\/soymigrante.com\/revista\/vacunas-son-vitales-para-ninos-sean-o-no-migrantes-en-ee-uu\/\" class=\"eael-post-elements-readmore-btn\">CONOCE SU HISTORIA <\/a><\/div>\n                    <\/div><\/div><\/div>\n        <\/div>\n    <\/article><\/div>\n            <div class=\"clearfix\"><\/div>\n        <\/div>\t\t\t\t<\/div>\n\t\t\t\t\t<\/div>\n\t\t\t\t<\/div>\n\t\t<div data-particle_enable=\"false\" data-particle-mobile-disabled=\"false\" class=\"elementor-element elementor-element-08b429d e-flex e-con-boxed e-con e-parent\" data-id=\"08b429d\" data-element_type=\"container\" data-e-type=\"container\">\n\t\t\t\t\t<div class=\"e-con-inner\">\n\t\t\t\t<div class=\"elementor-element elementor-element-7649d22 elementor-widget elementor-widget-heading\" data-id=\"7649d22\" data-element_type=\"widget\" data-e-type=\"widget\" data-widget_type=\"heading.default\">\n\t\t\t\t\t<h3 class=\"elementor-heading-title elementor-size-default\">\u00bfA qu\u00e9 se debe la inflamaci\u00f3n de piernas?<\/h3>\t\t\t\t<\/div>\n\t\t\t\t\t<\/div>\n\t\t\t\t<\/div>\n\t\t<div data-particle_enable=\"false\" data-particle-mobile-disabled=\"false\" class=\"elementor-element elementor-element-ce00056 e-flex e-con-boxed e-con e-parent\" data-id=\"ce00056\" data-element_type=\"container\" data-e-type=\"container\">\n\t\t\t\t\t<div class=\"e-con-inner\">\n\t\t\t\t<div class=\"elementor-element elementor-element-c6f5230 elementor-widget elementor-widget-text-editor\" data-id=\"c6f5230\" data-element_type=\"widget\" data-e-type=\"widget\" data-widget_type=\"text-editor.default\">\n\t\t\t\t\t\t\t\t\t<div>Seg\u00fan la especialista la doctora, Carmen Aguirre, del Instituto Guatemalteco de Seguridad Social (IGSS), las causas m\u00e1s comunes incluyen:<\/div><div><strong>\u2022Insuficiencia venosa cr\u00f3nica:<\/strong> Cuando las v\u00e1lvulas de las venas no funcionan correctamente y permiten que la sangre se acumule en las piernas.<\/div><div><strong>\u2022Estar mucho tiempo sentado o de pie<\/strong>: El sedentarismo o estar de pie sin movimiento dificulta el retorno venoso.<\/div><div><strong>\u2022Problemas renales o hep\u00e1ticos:<\/strong> Estos \u00f3rganos ayudan a regular l\u00edquidos. Si fallan, pueden provocar retenci\u00f3n.<\/div><div><strong>\u2022Problemas card\u00edacos:<\/strong> La insuficiencia card\u00edaca puede impedir que la sangre circule correctamente, provocando acumulaci\u00f3n.<\/div><div><strong>\u2022Trombosis venosa profunda:<\/strong> La formaci\u00f3n de co\u00e1gulos puede bloquear el flujo sangu\u00edneo, causando hinchaz\u00f3n repentina y dolorosa.<\/div><div><strong>\u2022Embarazo:<\/strong> El aumento del volumen sangu\u00edneo y la presi\u00f3n sobre las venas p\u00e9lvicas provoca hinchaz\u00f3n en las piernas.<\/div><div><strong>\u2022Efectos secundarios de medicamentos<\/strong>: Algunos f\u00e1rmacos como los antihipertensivos, esteroides o antidepresivos pueden causar retenci\u00f3n de l\u00edquidos.<\/div>\t\t\t\t\t\t\t\t<\/div>\n\t\t\t\t\t<\/div>\n\t\t\t\t<\/div>\n\t\t<div data-particle_enable=\"false\" data-particle-mobile-disabled=\"false\" class=\"elementor-element elementor-element-0feea30 e-flex e-con-boxed e-con e-parent\" data-id=\"0feea30\" data-element_type=\"container\" data-e-type=\"container\">\n\t\t\t\t\t<div class=\"e-con-inner\">\n\t\t\t\t<div class=\"elementor-element elementor-element-09d1efb elementor-widget elementor-widget-image\" data-id=\"09d1efb\" data-element_type=\"widget\" data-e-type=\"widget\" data-widget_type=\"image.default\">\n\t\t\t\t\t\t\t\t\t\t\t\t<figure class=\"wp-caption\">\n\t\t\t\t\t\t\t\t\t\t<img decoding=\"async\" width=\"768\" height=\"512\" src=\"https:\/\/soymigrante.com\/revista\/wp-content\/uploads\/2025\/07\/Por-que-se-inflaman-las-piernas-Conozca-las-causas3-1024x682.jpeg\" class=\"attachment-large size-large wp-image-38997\" alt=\"LLanto, pies hinchados y dificultad para caminar, s\u00edntomas de retenci\u00f3n de l\u00edquidos en las piernas, relacionada con problemas de salud como insuficiencia card\u00edaca o problemas renales.\" srcset=\"https:\/\/soymigrante.com\/revista\/wp-content\/uploads\/2025\/07\/Por-que-se-inflaman-las-piernas-Conozca-las-causas3-1024x682.jpeg 1024w, https:\/\/soymigrante.com\/revista\/wp-content\/uploads\/2025\/07\/Por-que-se-inflaman-las-piernas-Conozca-las-causas3-300x200.jpeg 300w, https:\/\/soymigrante.com\/revista\/wp-content\/uploads\/2025\/07\/Por-que-se-inflaman-las-piernas-Conozca-las-causas3-768x512.jpeg 768w, https:\/\/soymigrante.com\/revista\/wp-content\/uploads\/2025\/07\/Por-que-se-inflaman-las-piernas-Conozca-las-causas3-1536x1023.jpeg 1536w, https:\/\/soymigrante.com\/revista\/wp-content\/uploads\/2025\/07\/Por-que-se-inflaman-las-piernas-Conozca-las-causas3-750x500.webp 750w, https:\/\/soymigrante.com\/revista\/wp-content\/uploads\/2025\/07\/Por-que-se-inflaman-las-piernas-Conozca-las-causas3-1140x760.webp 1140w, https:\/\/soymigrante.com\/revista\/wp-content\/uploads\/2025\/07\/Por-que-se-inflaman-las-piernas-Conozca-las-causas3.webp 1600w\" sizes=\"(max-width: 768px) 100vw, 768px\" title=\"Los especialistas recomiendan visitar a m\u00e9dicos si se dan alguno de los s\u00edntomas. (Foto: ENVATO) \u2013 SoyMigrante.com REVISTA\" \/>\t\t\t\t\t\t\t\t\t\t\t<figcaption class=\"widget-image-caption wp-caption-text\">Pies hinchados y s\u00edntomas de retenci\u00f3n de l\u00edquidos en las piernas, asociados con condiciones m\u00e9dicas como insuficiencia card\u00edaca, problemas renales o circulaci\u00f3n deficiente.<\/figcaption>\n\t\t\t\t\t\t\t\t\t\t<\/figure>\n\t\t\t\t\t\t\t\t\t<\/div>\n\t\t\t\t\t<\/div>\n\t\t\t\t<\/div>\n\t\t<div data-particle_enable=\"false\" data-particle-mobile-disabled=\"false\" class=\"elementor-element elementor-element-3743fe1 e-flex e-con-boxed e-con e-parent\" data-id=\"3743fe1\" data-element_type=\"container\" data-e-type=\"container\">\n\t\t\t\t\t<div class=\"e-con-inner\">\n\t\t\t\t<div class=\"elementor-element elementor-element-60b7141 elementor-widget elementor-widget-heading\" data-id=\"60b7141\" data-element_type=\"widget\" data-e-type=\"widget\" data-widget_type=\"heading.default\">\n\t\t\t\t\t<h3 class=\"elementor-heading-title elementor-size-default\">\u00bfCu\u00e1ndo debe preocuparme?<\/h3>\t\t\t\t<\/div>\n\t\t\t\t\t<\/div>\n\t\t\t\t<\/div>\n\t\t<div data-particle_enable=\"false\" data-particle-mobile-disabled=\"false\" class=\"elementor-element elementor-element-38fb33c e-flex e-con-boxed e-con e-parent\" data-id=\"38fb33c\" data-element_type=\"container\" data-e-type=\"container\">\n\t\t\t\t\t<div class=\"e-con-inner\">\n\t\t\t\t<div class=\"elementor-element elementor-element-d62f423 elementor-widget elementor-widget-text-editor\" data-id=\"d62f423\" data-element_type=\"widget\" data-e-type=\"widget\" data-widget_type=\"text-editor.default\">\n\t\t\t\t\t\t\t\t\t<div><a href=\"https:\/\/soymigrante.com\/revista\/cuida-tu-salud-si-pasas-mucho-tiempo-al-volante\/\" target=\"_blank\" rel=\"noopener\">La hinchaz\u00f3n en las piernas requiere atenci\u00f3n m\u00e9dica inmediata<\/a> si:<\/div><div>\u2022Ocurre de forma s\u00fabita.<\/div><div>\u2022Se presenta solo en una pierna.<\/div><div>\u2022Va acompa\u00f1ada de dolor intenso, calor o enrojecimiento.<\/div><div>\u2022Hay dificultad para respirar o dolor en el pecho.<\/div><div>\u2022Hay antecedentes de trombosis o enfermedades card\u00edacas.<\/div>\t\t\t\t\t\t\t\t<\/div>\n\t\t\t\t\t<\/div>\n\t\t\t\t<\/div>\n\t\t<div data-particle_enable=\"false\" data-particle-mobile-disabled=\"false\" class=\"elementor-element elementor-element-ae88db6 e-flex e-con-boxed e-con e-parent\" data-id=\"ae88db6\" data-element_type=\"container\" data-e-type=\"container\">\n\t\t\t\t\t<div class=\"e-con-inner\">\n\t\t\t\t<div class=\"elementor-element elementor-element-ffadcfa elementor-widget elementor-widget-heading\" data-id=\"ffadcfa\" data-element_type=\"widget\" data-e-type=\"widget\" data-widget_type=\"heading.default\">\n\t\t\t\t\t<h3 class=\"elementor-heading-title elementor-size-default\">Recomendaciones para aliviar o prevenir las piernas hinchadas:<\/h3>\t\t\t\t<\/div>\n\t\t\t\t\t<\/div>\n\t\t\t\t<\/div>\n\t\t<div data-particle_enable=\"false\" data-particle-mobile-disabled=\"false\" class=\"elementor-element elementor-element-5190b70 e-flex e-con-boxed e-con e-parent\" data-id=\"5190b70\" data-element_type=\"container\" data-e-type=\"container\">\n\t\t\t\t\t<div class=\"e-con-inner\">\n\t\t\t\t<div class=\"elementor-element elementor-element-7674098 elementor-widget elementor-widget-text-editor\" data-id=\"7674098\" data-element_type=\"widget\" data-e-type=\"widget\" data-widget_type=\"text-editor.default\">\n\t\t\t\t\t\t\t\t\t<div>1. Elevar las piernas por encima del nivel del coraz\u00f3n durante 20 minutos, dos o tres veces al d\u00eda.<\/div><div>2.Evitar permanecer sentado o de pie por largos per\u00edodos. Lev\u00e1ntese cada hora y camine o estire las piernas.<\/div><div>3.Usar medias de compresi\u00f3n, especialmente si hay antecedentes de varices o insuficiencia venosa.<\/div><div>4.Hacer ejercicio regularmente, como caminar, nadar o pedalear.<\/div><div>5.Reducir la sal en la alimentaci\u00f3n para evitar la retenci\u00f3n de l\u00edquidos.<\/div><div>6.Beber suficiente agua para ayudar a eliminar toxinas y regular l\u00edquidos.<\/div><div>7.Controlar el peso corporal, ya que el sobrepeso dificulta la circulaci\u00f3n.<\/div><div>8.Consultar con un m\u00e9dico si el problema persiste por varios d\u00edas o se presenta de forma recurrente.<\/div>\t\t\t\t\t\t\t\t<\/div>\n\t\t\t\t\t<\/div>\n\t\t\t\t<\/div>\n\t\t<div data-particle_enable=\"false\" data-particle-mobile-disabled=\"false\" class=\"elementor-element elementor-element-b42e99f e-flex e-con-boxed e-con e-parent\" data-id=\"b42e99f\" data-element_type=\"container\" data-e-type=\"container\">\n\t\t\t\t\t<div class=\"e-con-inner\">\n\t\t\t\t<div class=\"elementor-element elementor-element-75d612d elementor-grid-eael-col-1 elementor-grid-tablet-eael-col-2 elementor-grid-mobile-eael-col-1 elementor-invisible elementor-widget elementor-widget-eael-post-grid\" data-id=\"75d612d\" data-element_type=\"widget\" data-e-type=\"widget\" data-settings=\"{&quot;eael_post_grid_columns&quot;:&quot;eael-col-1&quot;,&quot;_animation&quot;:&quot;rollIn&quot;,&quot;eael_post_grid_columns_tablet&quot;:&quot;eael-col-2&quot;,&quot;eael_post_grid_columns_mobile&quot;:&quot;eael-col-1&quot;}\" data-widget_type=\"eael-post-grid.default\">\n\t\t\t\t\t<div id=\"eael-post-grid-75d612d\" class=\"eael-post-grid-container\">\n            <div class=\"eael-post-grid eael-post-appender eael-post-appender-75d612d eael-post-grid-style-one\" data-layout-mode=\"masonry\"><article class=\"eael-grid-post  eael-post-grid-column eael-pg-post-33890 category-bienestar\" data-id=\"33890\">\n        <div class=\"eael-grid-post-holder\">\n            <div class=\"eael-grid-post-holder-inner\"><div class=\"eael-entry-media\"><div class=\"eael-entry-overlay fade-in\"><i class=\"far fa-hand-pointer\" aria-hidden=\"true\"><\/i><a href=\"https:\/\/soymigrante.com\/revista\/consejopara-cuidar-tus-ojos-en-el-trabajo-en-casa-y-en-la-calle\/\"><\/a><\/div><div class=\"eael-entry-thumbnail eael-image-ratio\">\n                <img decoding=\"async\" width=\"1024\" height=\"1024\" src=\"https:\/\/soymigrante.com\/revista\/wp-content\/uploads\/2025\/05\/cuidado-de-la-vista-1024x1024.jpg\" class=\"attachment-large size-large wp-image-33929\" alt=\"Maquillaje natural y cuidado de la piel para migrantes: consejos y tendencias en belleza para fortalecer la autoestima en la comunidad migrante.\" srcset=\"https:\/\/soymigrante.com\/revista\/wp-content\/uploads\/2025\/05\/cuidado-de-la-vista-1024x1024.jpg 1024w, https:\/\/soymigrante.com\/revista\/wp-content\/uploads\/2025\/05\/cuidado-de-la-vista-300x300.jpg 300w, https:\/\/soymigrante.com\/revista\/wp-content\/uploads\/2025\/05\/cuidado-de-la-vista-150x150.jpg 150w, https:\/\/soymigrante.com\/revista\/wp-content\/uploads\/2025\/05\/cuidado-de-la-vista-768x768.jpg 768w, https:\/\/soymigrante.com\/revista\/wp-content\/uploads\/2025\/05\/cuidado-de-la-vista-1536x1536.jpg 1536w, https:\/\/soymigrante.com\/revista\/wp-content\/uploads\/2025\/05\/cuidado-de-la-vista-2048x2048.jpg 2048w, https:\/\/soymigrante.com\/revista\/wp-content\/uploads\/2025\/05\/cuidado-de-la-vista-75x75.webp 75w, https:\/\/soymigrante.com\/revista\/wp-content\/uploads\/2025\/05\/cuidado-de-la-vista-750x750.webp 750w, https:\/\/soymigrante.com\/revista\/wp-content\/uploads\/2025\/05\/cuidado-de-la-vista-1140x1140.webp 1140w, https:\/\/soymigrante.com\/revista\/wp-content\/uploads\/2025\/05\/cuidado-de-la-vista-scaled.webp 1920w\" sizes=\"(max-width: 1024px) 100vw, 1024px\" \/>\n            <\/div>\n        <\/div><div class=\"eael-entry-wrapper\"><header class=\"eael-entry-header\"><h2 class=\"eael-entry-title\"><a class=\"eael-grid-post-link\" href=\"https:\/\/soymigrante.com\/revista\/consejopara-cuidar-tus-ojos-en-el-trabajo-en-casa-y-en-la-calle\/\" title=\"Consejos para cuidar tus ojos en el trabajo, en casa y en la calle\">Consejos para cuidar tus ojos en el trabajo, en casa y en la calle<\/a><\/h2><\/header><div class=\"eael-entry-content\">\n                        <div class=\"eael-grid-post-excerpt\"><a href=\"https:\/\/soymigrante.com\/revista\/consejopara-cuidar-tus-ojos-en-el-trabajo-en-casa-y-en-la-calle\/\" class=\"eael-post-elements-readmore-btn\">CONOCE SU HISTORIA <\/a><\/div>\n                    <\/div><\/div><\/div>\n        <\/div>\n    <\/article><\/div>\n            <div class=\"clearfix\"><\/div>\n        <\/div>\t\t\t\t<\/div>\n\t\t\t\t\t<\/div>\n\t\t\t\t<\/div>\n\t\t<div data-particle_enable=\"false\" data-particle-mobile-disabled=\"false\" class=\"elementor-element elementor-element-cc80218 e-flex e-con-boxed e-con e-parent\" data-id=\"cc80218\" data-element_type=\"container\" data-e-type=\"container\">\n\t\t\t\t\t<div class=\"e-con-inner\">\n\t\t\t\t<div class=\"elementor-element elementor-element-fd15920 elementor-widget elementor-widget-heading\" data-id=\"fd15920\" data-element_type=\"widget\" data-e-type=\"widget\" data-widget_type=\"heading.default\">\n\t\t\t\t\t<h3 class=\"elementor-heading-title elementor-size-default\">Tratamientos m\u00e9dicos<\/h3>\t\t\t\t<\/div>\n\t\t\t\t\t<\/div>\n\t\t\t\t<\/div>\n\t\t<div data-particle_enable=\"false\" data-particle-mobile-disabled=\"false\" class=\"elementor-element elementor-element-2aeefdd e-flex e-con-boxed e-con e-parent\" data-id=\"2aeefdd\" data-element_type=\"container\" data-e-type=\"container\">\n\t\t\t\t\t<div class=\"e-con-inner\">\n\t\t\t\t<div class=\"elementor-element elementor-element-0139f8a elementor-widget elementor-widget-text-editor\" data-id=\"0139f8a\" data-element_type=\"widget\" data-e-type=\"widget\" data-widget_type=\"text-editor.default\">\n\t\t\t\t\t\t\t\t\t<div>Si la inflamaci\u00f3n se debe a una enfermedad subyacente, el tratamiento depender\u00e1 de la causa. Puede incluir:<\/div><div>\u2022Diur\u00e9ticos para eliminar el exceso de l\u00edquido.<\/div><div>\u2022Tratamiento para insuficiencia venosa como procedimientos l\u00e1ser o cirug\u00eda.<\/div><div>\u2022Control de enfermedades como la hipertensi\u00f3n, diabetes o insuficiencia renal.<\/div>\t\t\t\t\t\t\t\t<\/div>\n\t\t\t\t\t<\/div>\n\t\t\t\t<\/div>\n\t\t<div data-particle_enable=\"false\" data-particle-mobile-disabled=\"false\" class=\"elementor-element elementor-element-34807e0 e-flex e-con-boxed e-con e-parent\" data-id=\"34807e0\" data-element_type=\"container\" data-e-type=\"container\">\n\t\t\t\t\t<div class=\"e-con-inner\">\n\t\t\t\t<div class=\"elementor-element elementor-element-1f24dc6 elementor-widget elementor-widget-text-editor\" data-id=\"1f24dc6\" data-element_type=\"widget\" data-e-type=\"widget\" data-widget_type=\"text-editor.default\">\n\t\t\t\t\t\t\t\t\t<p><a href=\"https:\/\/soymigrante.com\/revista\/cuida-tu-salud-si-pasas-mucho-tiempo-al-volante\/\" target=\"_blank\" rel=\"noopener\">Las piernas hinchadas no deben ser tomadas a la ligera.<\/a> Si bien pueden deberse a factores leves como el calor o la mala postura, tambi\u00e9n pueden estar alertando sobre problemas m\u00e1s graves. Prestar atenci\u00f3n a los s\u00edntomas y acudir al m\u00e9dico puede marcar la diferencia.<\/p>\t\t\t\t\t\t\t\t<\/div>\n\t\t\t\t\t<\/div>\n\t\t\t\t<\/div>\n\t\t<div data-particle_enable=\"false\" data-particle-mobile-disabled=\"false\" class=\"elementor-element elementor-element-58a779e e-flex e-con-boxed e-con e-parent\" data-id=\"58a779e\" data-element_type=\"container\" data-e-type=\"container\">\n\t\t\t\t\t<div class=\"e-con-inner\">\n\t\t\t\t<div class=\"elementor-element elementor-element-41dba41 elementor-widget elementor-widget-heading\" data-id=\"41dba41\" data-element_type=\"widget\" data-e-type=\"widget\" data-widget_type=\"heading.default\">\n\t\t\t\t\t<h2 class=\"elementor-heading-title elementor-size-default\">Conoce est\u00e1 informaci\u00f3n que te puede servir...<\/h2>\t\t\t\t<\/div>\n\t\t\t\t\t<\/div>\n\t\t\t\t<\/div>\n\t\t<div data-particle_enable=\"false\" data-particle-mobile-disabled=\"false\" class=\"elementor-element elementor-element-6fc4484 e-flex e-con-boxed e-con e-parent\" data-id=\"6fc4484\" data-element_type=\"container\" data-e-type=\"container\">\n\t\t\t\t\t<div class=\"e-con-inner\">\n\t\t\t\t<div class=\"elementor-element elementor-element-f9f623d elementor-grid-eael-col-3 elementor-grid-tablet-eael-col-2 elementor-grid-mobile-eael-col-1 elementor-invisible elementor-widget elementor-widget-eael-post-grid\" data-id=\"f9f623d\" data-element_type=\"widget\" data-e-type=\"widget\" data-settings=\"{&quot;eael_post_grid_columns&quot;:&quot;eael-col-3&quot;,&quot;_animation&quot;:&quot;rollIn&quot;,&quot;eael_post_grid_columns_tablet&quot;:&quot;eael-col-2&quot;,&quot;eael_post_grid_columns_mobile&quot;:&quot;eael-col-1&quot;}\" data-widget_type=\"eael-post-grid.default\">\n\t\t\t\t\t<div id=\"eael-post-grid-f9f623d\" class=\"eael-post-grid-container\">\n            <div class=\"eael-post-grid eael-post-appender eael-post-appender-f9f623d eael-post-grid-style-one\" data-layout-mode=\"masonry\"><article class=\"eael-grid-post  eael-post-grid-column eael-pg-post-35976 category-salud-fisica tags-salud-fisica\" data-id=\"35976\">\n        <div class=\"eael-grid-post-holder\">\n            <div class=\"eael-grid-post-holder-inner\"><div class=\"eael-entry-media\"><div class=\"eael-entry-overlay fade-in\"><i class=\"far fa-hand-pointer\" aria-hidden=\"true\"><\/i><a href=\"https:\/\/soymigrante.com\/revista\/plantas-medicinales-que-alivian-el-dolor-de-estomago-una-tradicion-natural\/\"><\/a><\/div><div class=\"eael-entry-thumbnail \">\n                <img loading=\"lazy\" decoding=\"async\" width=\"1024\" height=\"683\" src=\"https:\/\/soymigrante.com\/revista\/wp-content\/uploads\/2025\/06\/plantas-medicinales-1024x683.jpg\" class=\"attachment-large size-large wp-image-35977\" alt=\"Flores de manzanilla con p\u00e9talos blancos y centros amarillos en un jard\u00edn, representando temas de plantas, naturaleza y salud para la revista SoyMigrante.com.\" srcset=\"https:\/\/soymigrante.com\/revista\/wp-content\/uploads\/2025\/06\/plantas-medicinales-1024x683.jpg 1024w, https:\/\/soymigrante.com\/revista\/wp-content\/uploads\/2025\/06\/plantas-medicinales-300x200.jpg 300w, https:\/\/soymigrante.com\/revista\/wp-content\/uploads\/2025\/06\/plantas-medicinales-768x512.jpg 768w, https:\/\/soymigrante.com\/revista\/wp-content\/uploads\/2025\/06\/plantas-medicinales-1536x1025.jpg 1536w, https:\/\/soymigrante.com\/revista\/wp-content\/uploads\/2025\/06\/plantas-medicinales-750x500.jpg 750w, https:\/\/soymigrante.com\/revista\/wp-content\/uploads\/2025\/06\/plantas-medicinales-1140x761.jpg 1140w, https:\/\/soymigrante.com\/revista\/wp-content\/uploads\/2025\/06\/plantas-medicinales.webp 1920w\" sizes=\"(max-width: 1024px) 100vw, 1024px\" \/>\n            <\/div>\n        <\/div><div class=\"eael-entry-wrapper\"><header class=\"eael-entry-header\"><h2 class=\"eael-entry-title\"><a class=\"eael-grid-post-link\" href=\"https:\/\/soymigrante.com\/revista\/plantas-medicinales-que-alivian-el-dolor-de-estomago-una-tradicion-natural\/\" title=\"Plantas medicinales que alivian el dolor de est\u00f3mago: una tradici\u00f3n natural\">Plantas medicinales que alivian el dolor de est\u00f3mago: una tradici\u00f3n natural<\/a><\/h2><\/header><div class=\"eael-entry-content\">\n                        <div class=\"eael-grid-post-excerpt\"><a href=\"https:\/\/soymigrante.com\/revista\/plantas-medicinales-que-alivian-el-dolor-de-estomago-una-tradicion-natural\/\" class=\"eael-post-elements-readmore-btn\">CONOCE SU HISTORIA <\/a><\/div>\n                    <\/div><\/div><\/div>\n        <\/div>\n    <\/article><article class=\"eael-grid-post  eael-post-grid-column eael-pg-post-20446 category-bienestar\" data-id=\"20446\">\n        <div class=\"eael-grid-post-holder\">\n            <div class=\"eael-grid-post-holder-inner\"><div class=\"eael-entry-media\"><div class=\"eael-entry-overlay fade-in\"><i class=\"far fa-hand-pointer\" aria-hidden=\"true\"><\/i><a href=\"https:\/\/soymigrante.com\/revista\/como-puedo-identificar-sintomas-de-depresion-o-ansiedad\/\"><\/a><\/div><div class=\"eael-entry-thumbnail \">\n                <img loading=\"lazy\" decoding=\"async\" width=\"1024\" height=\"1024\" src=\"https:\/\/soymigrante.com\/revista\/wp-content\/uploads\/2025\/01\/Sen\u0303ales-de-alerta-de-depresio\u0301n-y-ansiedad-en-migrantes2-scaled-e1736786647146-1024x1024.jpg\" class=\"attachment-large size-large wp-image-20447\" alt=\"Se\u00f1ales de alerta de depresi\u00f3n y ansiedad en migrantes\" srcset=\"https:\/\/soymigrante.com\/revista\/wp-content\/uploads\/2025\/01\/Sen\u0303ales-de-alerta-de-depresio\u0301n-y-ansiedad-en-migrantes2-scaled-e1736786647146-1024x1024.jpg 1024w, https:\/\/soymigrante.com\/revista\/wp-content\/uploads\/2025\/01\/Sen\u0303ales-de-alerta-de-depresio\u0301n-y-ansiedad-en-migrantes2-scaled-e1736786647146-300x300.jpg 300w, https:\/\/soymigrante.com\/revista\/wp-content\/uploads\/2025\/01\/Sen\u0303ales-de-alerta-de-depresio\u0301n-y-ansiedad-en-migrantes2-scaled-e1736786647146-150x150.jpg 150w, https:\/\/soymigrante.com\/revista\/wp-content\/uploads\/2025\/01\/Sen\u0303ales-de-alerta-de-depresio\u0301n-y-ansiedad-en-migrantes2-scaled-e1736786647146-768x768.jpg 768w, https:\/\/soymigrante.com\/revista\/wp-content\/uploads\/2025\/01\/Sen\u0303ales-de-alerta-de-depresio\u0301n-y-ansiedad-en-migrantes2-scaled-e1736786647146-1536x1536.jpg 1536w, https:\/\/soymigrante.com\/revista\/wp-content\/uploads\/2025\/01\/Sen\u0303ales-de-alerta-de-depresio\u0301n-y-ansiedad-en-migrantes2-scaled-e1736786647146-75x75.webp 75w, https:\/\/soymigrante.com\/revista\/wp-content\/uploads\/2025\/01\/Sen\u0303ales-de-alerta-de-depresio\u0301n-y-ansiedad-en-migrantes2-scaled-e1736786647146-750x750.webp 750w, https:\/\/soymigrante.com\/revista\/wp-content\/uploads\/2025\/01\/Sen\u0303ales-de-alerta-de-depresio\u0301n-y-ansiedad-en-migrantes2-scaled-e1736786647146-1140x1140.webp 1140w, https:\/\/soymigrante.com\/revista\/wp-content\/uploads\/2025\/01\/Sen\u0303ales-de-alerta-de-depresio\u0301n-y-ansiedad-en-migrantes2-scaled-e1736786647146.webp 1758w\" sizes=\"(max-width: 1024px) 100vw, 1024px\" \/>\n            <\/div>\n        <\/div><div class=\"eael-entry-wrapper\"><header class=\"eael-entry-header\"><h2 class=\"eael-entry-title\"><a class=\"eael-grid-post-link\" href=\"https:\/\/soymigrante.com\/revista\/como-puedo-identificar-sintomas-de-depresion-o-ansiedad\/\" title=\"\u00bfC\u00f3mo puedo identificar s\u00edntomas de depresi\u00f3n o ansiedad?\">\u00bfC\u00f3mo puedo identificar s\u00edntomas de depresi\u00f3n o ansiedad?<\/a><\/h2><\/header><div class=\"eael-entry-content\">\n                        <div class=\"eael-grid-post-excerpt\"><a href=\"https:\/\/soymigrante.com\/revista\/como-puedo-identificar-sintomas-de-depresion-o-ansiedad\/\" class=\"eael-post-elements-readmore-btn\">CONOCE SU HISTORIA <\/a><\/div>\n                    <\/div><\/div><\/div>\n        <\/div>\n    <\/article><article class=\"eael-grid-post  eael-post-grid-column eael-pg-post-12937 category-bienestar\" data-id=\"12937\">\n        <div class=\"eael-grid-post-holder\">\n            <div class=\"eael-grid-post-holder-inner\"><div class=\"eael-entry-media\"><div class=\"eael-entry-overlay fade-in\"><i class=\"far fa-hand-pointer\" aria-hidden=\"true\"><\/i><a href=\"https:\/\/soymigrante.com\/revista\/dolor-de-espalda-que-puedo-hacer-para-aliviarlo\/\"><\/a><\/div><div class=\"eael-entry-thumbnail \">\n                <img loading=\"lazy\" decoding=\"async\" width=\"1024\" height=\"683\" src=\"https:\/\/soymigrante.com\/revista\/wp-content\/uploads\/2024\/11\/Dolor-de-espalda-1024x683.jpg\" class=\"attachment-large size-large wp-image-12939\" alt=\"Mujer recibiendo atenci\u00f3n m\u00e9dica por un problema de salud en el pecho, en consulta cl\u00ednica, atenci\u00f3n m\u00e9dica especializada, imagen que refleja temas de salud, bienestar y servicios para migrantes.\" srcset=\"https:\/\/soymigrante.com\/revista\/wp-content\/uploads\/2024\/11\/Dolor-de-espalda-1024x683.jpg 1024w, https:\/\/soymigrante.com\/revista\/wp-content\/uploads\/2024\/11\/Dolor-de-espalda-300x200.webp 300w, https:\/\/soymigrante.com\/revista\/wp-content\/uploads\/2024\/11\/Dolor-de-espalda-768x512.jpg 768w, https:\/\/soymigrante.com\/revista\/wp-content\/uploads\/2024\/11\/Dolor-de-espalda-1536x1024.jpg 1536w, https:\/\/soymigrante.com\/revista\/wp-content\/uploads\/2024\/11\/Dolor-de-espalda-2048x1365.jpg 2048w, https:\/\/soymigrante.com\/revista\/wp-content\/uploads\/2024\/11\/Dolor-de-espalda-750x500.webp 750w, https:\/\/soymigrante.com\/revista\/wp-content\/uploads\/2024\/11\/Dolor-de-espalda-1140x760.jpg 1140w, https:\/\/soymigrante.com\/revista\/wp-content\/uploads\/2024\/11\/Dolor-de-espalda-scaled.webp 1920w\" sizes=\"(max-width: 1024px) 100vw, 1024px\" \/>\n            <\/div>\n        <\/div><div class=\"eael-entry-wrapper\"><header class=\"eael-entry-header\"><h2 class=\"eael-entry-title\"><a class=\"eael-grid-post-link\" href=\"https:\/\/soymigrante.com\/revista\/dolor-de-espalda-que-puedo-hacer-para-aliviarlo\/\" title=\"Dolor de espalda: \u00bfQu\u00e9 puedo hacer para aliviarlo?\">Dolor de espalda: \u00bfQu\u00e9 puedo hacer para aliviarlo?<\/a><\/h2><\/header><div class=\"eael-entry-content\">\n                        <div class=\"eael-grid-post-excerpt\"><a href=\"https:\/\/soymigrante.com\/revista\/dolor-de-espalda-que-puedo-hacer-para-aliviarlo\/\" class=\"eael-post-elements-readmore-btn\">CONOCE SU HISTORIA <\/a><\/div>\n                    <\/div><\/div><\/div>\n        <\/div>\n    <\/article><\/div>\n            <div class=\"clearfix\"><\/div>\n        <\/div>\t\t\t\t<\/div>\n\t\t\t\t\t<\/div>\n\t\t\t\t<\/div>\n\t\t\t\t<\/div>\n\t\t","protected":false},"excerpt":{"rendered":"<p>Las piernas se le inflaman, hay m\u00e9todos para que se reduzca el malestar y tener bienestar. La hinchaz\u00f3n de piernas es una molestia frecuente que puede indicar desde un problema circulatorio hasta una condici\u00f3n m\u00e9dica seria. Identificar sus causas y aplicar las medidas correctas puede mejorar significativamente la calidad de vida. Las piernas hinchadas o [&hellip;]<\/p>\n","protected":false},"author":19,"featured_media":39043,"comment_status":"open","ping_status":"open","sticky":false,"template":"","format":"standard","meta":{"_acf_changed":false,"_eb_attr":"","footnotes":""},"categories":[55],"tags":[],"class_list":["post-38990","post","type-post","status-publish","format-standard","has-post-thumbnail","hentry","category-bienestar"],"acf":[],"aioseo_notices":[],"aioseo_head":"\n\t\t<!-- All in One SEO Pro 4.9.6.2 - aioseo.com -->\n\t<meta name=\"description\" content=\"El dolor de espalda es una molestia recurrente en el trabajo el hogar. Sus causas son variables. Sin embargo, cambiar de ejercicio o postura puede ayudar.\" \/>\n\t<meta name=\"robots\" content=\"max-snippet:-1, max-image-preview:large, max-video-preview:-1\" \/>\n\t<meta name=\"author\" content=\"Marysabel Aldana\"\/>\n\t<link rel=\"canonical\" href=\"https:\/\/soymigrante.com\/revista\/dolor-de-espalda-que-puedo-hacer-para-aliviarlo\/\" \/>\n\t<meta name=\"generator\" content=\"All in One SEO Pro (AIOSEO) 4.9.6.2\" \/>\n\n\t\t<link rel=\"preconnect\" href=\"https:\/\/fonts.googleapis.com\" crossorigin>\n<link rel=\"preconnect\" href=\"https:\/\/fonts.gstatic.com\" crossorigin>\n\t\t<meta property=\"og:locale\" content=\"es_ES\" \/>\n\t\t<meta property=\"og:site_name\" content=\"SoyMigrante.com REVISTA \u2013 Nuestra misi\u00f3n es reconocer y dignificar al migrante.\" \/>\n\t\t<meta property=\"og:type\" content=\"article\" \/>\n\t\t<meta property=\"og:title\" content=\"Dolor de espalda: \u00bfQu\u00e9 puedo hacer para aliviarlo?\" \/>\n\t\t<meta property=\"og:description\" content=\"El dolor de espalda es una molestia recurrente en el trabajo el hogar. Sus causas son variables. Sin embargo, cambiar de ejercicio o postura puede ayudar.\" \/>\n\t\t<meta property=\"og:url\" content=\"https:\/\/soymigrante.com\/revista\/dolor-de-espalda-que-puedo-hacer-para-aliviarlo\/\" \/>\n\t\t<meta property=\"og:image\" content=\"https:\/\/soymigrante.com\/revista\/wp-content\/uploads\/2024\/11\/Dolor-de-espalda-scaled-e1731360569455.webp\" \/>\n\t\t<meta property=\"og:image:secure_url\" content=\"https:\/\/soymigrante.com\/revista\/wp-content\/uploads\/2024\/11\/Dolor-de-espalda-scaled-e1731360569455.webp\" \/>\n\t\t<meta property=\"og:image:width\" content=\"1920\" \/>\n\t\t<meta property=\"og:image:height\" content=\"1280\" \/>\n\t\t<meta property=\"article:published_time\" content=\"2024-11-12T23:11:57+00:00\" \/>\n\t\t<meta property=\"article:modified_time\" content=\"2024-11-12T23:11:58+00:00\" \/>\n\t\t<meta property=\"article:publisher\" content=\"https:\/\/www.facebook.com\/soymigrantecom\" \/>\n\t\t<meta name=\"twitter:card\" content=\"summary_large_image\" \/>\n\t\t<meta name=\"twitter:site\" content=\"@SoyMigrante_com\" \/>\n\t\t<meta name=\"twitter:title\" content=\"Dolor de espalda: \u00bfQu\u00e9 puedo hacer para aliviarlo?\" \/>\n\t\t<meta name=\"twitter:description\" content=\"El dolor de espalda es una molestia recurrente en el trabajo el hogar. Sus causas son variables. Sin embargo, cambiar de ejercicio o postura puede ayudar.\" \/>\n\t\t<meta name=\"twitter:creator\" content=\"@SoyMigrante_com\" \/>\n\t\t<meta name=\"twitter:image\" content=\"https:\/\/soymigrante.com\/revista\/wp-content\/uploads\/2024\/11\/Dolor-de-espalda-scaled-e1731360569455.webp\" \/>\n\t\t<!-- All in One SEO Pro -->\r\n\t\t<title>Dolor de espalda: \u00bfQu\u00e9 puedo hacer para aliviarlo?<\/title>\n\n","aioseo_head_json":{"title":"Dolor de espalda: \u00bfQu\u00e9 puedo hacer para aliviarlo?","description":"El dolor de espalda es una molestia recurrente en el trabajo el hogar. Sus causas son variables. Sin embargo, cambiar de ejercicio o postura puede ayudar.","canonical_url":"https:\/\/soymigrante.com\/revista\/dolor-de-espalda-que-puedo-hacer-para-aliviarlo\/","robots":"max-snippet:-1, max-image-preview:large, max-video-preview:-1","keywords":"","webmasterTools":{"miscellaneous":"&lt;link rel=\"preconnect\" href=\"https:\/\/fonts.googleapis.com\" crossorigin&gt;\n&lt;link rel=\"preconnect\" href=\"https:\/\/fonts.gstatic.com\" crossorigin&gt;"},"schema":null,"og:locale":"es_ES","og:site_name":"SoyMigrante.com REVISTA \u2013 Nuestra misi\u00f3n es reconocer y dignificar al migrante.","og:type":"article","og:title":"Dolor de espalda: \u00bfQu\u00e9 puedo hacer para aliviarlo?","og:description":"El dolor de espalda es una molestia recurrente en el trabajo el hogar. Sus causas son variables. Sin embargo, cambiar de ejercicio o postura puede ayudar.","og:url":"https:\/\/soymigrante.com\/revista\/dolor-de-espalda-que-puedo-hacer-para-aliviarlo\/","og:image":"https:\/\/soymigrante.com\/revista\/wp-content\/uploads\/2024\/11\/Dolor-de-espalda-scaled-e1731360569455.webp","og:image:secure_url":"https:\/\/soymigrante.com\/revista\/wp-content\/uploads\/2024\/11\/Dolor-de-espalda-scaled-e1731360569455.webp","og:image:width":1920,"og:image:height":1280,"article:published_time":"2024-11-12T23:11:57+00:00","article:modified_time":"2024-11-12T23:11:58+00:00","article:publisher":"https:\/\/www.facebook.com\/soymigrantecom","twitter:card":"summary_large_image","twitter:site":"@SoyMigrante_com","twitter:title":"Dolor de espalda: \u00bfQu\u00e9 puedo hacer para aliviarlo?","twitter:description":"El dolor de espalda es una molestia recurrente en el trabajo el hogar. Sus causas son variables. Sin embargo, cambiar de ejercicio o postura puede ayudar.","twitter:creator":"@SoyMigrante_com","twitter:image":"https:\/\/soymigrante.com\/revista\/wp-content\/uploads\/2024\/11\/Dolor-de-espalda-scaled-e1731360569455.webp"},"aioseo_meta_data":{"post_id":"38990","title":null,"description":"Las piernas se le inflaman, hay m\u00e9todos para que se reduzca el malestar y tener bienestar.","keywords":null,"keyphrases":{"focus":{"keyphrase":"piernas","score":82,"analysis":{"keyphraseInTitle":{"score":9,"maxScore":9,"error":0},"keyphraseInDescription":{"score":9,"maxScore":9,"error":0},"keyphraseLength":{"score":9,"maxScore":9,"error":0,"length":1},"keyphraseInURL":{"score":5,"maxScore":5,"error":0},"keyphraseInIntroduction":{"score":9,"maxScore":9,"error":0},"keyphraseInSubHeadings":{"score":3,"maxScore":9,"error":1},"keyphraseInImageAlt":{"score":3,"maxScore":9,"error":1},"keywordDensity":{"type":"best","score":9,"maxScore":9,"error":0}}},"additional":[{"keyphrase":"inflaman","score":53,"analysis":{"keyphraseInDescription":{"score":9,"maxScore":9,"error":0},"keyphraseLength":{"score":9,"maxScore":9,"error":0,"length":1},"keyphraseInIntroduction":{"score":3,"maxScore":9,"error":1},"keyphraseInImageAlt":{"score":3,"maxScore":9,"error":1},"keywordDensity":{"score":0,"type":"low","maxScore":9,"error":1}}}]},"primary_term":null,"canonical_url":null,"og_title":null,"og_description":null,"og_object_type":"default","og_image_type":"default","og_image_url":null,"og_image_width":null,"og_image_height":null,"og_image_custom_url":null,"og_image_custom_fields":null,"og_video":"","og_custom_url":null,"og_article_section":null,"og_article_tags":null,"twitter_use_og":false,"twitter_card":"default","twitter_image_type":"default","twitter_image_url":null,"twitter_image_custom_url":null,"twitter_image_custom_fields":null,"twitter_title":null,"twitter_description":null,"schema":{"blockGraphs":[],"customGraphs":[],"default":{"data":{"Article":[],"Course":[],"Dataset":[],"FAQPage":[],"Movie":[],"Person":[],"Product":[],"ProductReview":[],"Car":[],"Recipe":[],"Service":[],"SoftwareApplication":[],"WebPage":[]},"graphName":"none","isEnabled":true},"graphs":[]},"schema_type":"default","schema_type_options":null,"pillar_content":false,"robots_default":true,"robots_noindex":false,"robots_noarchive":false,"robots_nosnippet":false,"robots_nofollow":false,"robots_noimageindex":false,"robots_noodp":false,"robots_notranslate":false,"robots_max_snippet":"-1","robots_max_videopreview":"-1","robots_max_imagepreview":"large","priority":null,"frequency":"default","local_seo":null,"seo_analyzer_scan_date":"2025-10-09 06:46:04","breadcrumb_settings":null,"limit_modified_date":false,"reviewed_by":"0","open_ai":null,"ai":{"faqs":[],"keyPoints":[],"titles":[],"descriptions":[],"socialPosts":{"email":[],"linkedin":[],"twitter":[],"facebook":[],"instagram":[]}},"created":"2025-07-10 19:27:28","updated":"2026-02-05 02:56:18"},"aioseo_breadcrumb":"<div class=\"aioseo-breadcrumbs\"><span class=\"aioseo-breadcrumb\">\n\t<a href=\"https:\/\/soymigrante.com\/revista\" title=\"Home\">Home<\/a>\n<\/span><span class=\"aioseo-breadcrumb-separator\">\u00bb<\/span><span class=\"aioseo-breadcrumb\">\n\t<a href=\"https:\/\/soymigrante.com\/revista\/category\/bienestar\/\" title=\"Bienestar\">Bienestar<\/a>\n<\/span><span class=\"aioseo-breadcrumb-separator\">\u00bb<\/span><span class=\"aioseo-breadcrumb\">\n\t\u00bfPor qu\u00e9 se inflaman las piernas, como prevenir o aliviar?\n<\/span><\/div>","aioseo_breadcrumb_json":[{"label":"Home","link":"https:\/\/soymigrante.com\/revista"},{"label":"Bienestar","link":"https:\/\/soymigrante.com\/revista\/category\/bienestar\/"},{"label":"\u00bfPor qu\u00e9 se inflaman las piernas, como prevenir o aliviar?","link":"https:\/\/soymigrante.com\/revista\/por-que-se-inflaman-las-piernas-como-prevenir-o-aliviar\/"}],"_links":{"self":[{"href":"https:\/\/soymigrante.com\/revista\/wp-json\/wp\/v2\/posts\/38990","targetHints":{"allow":["GET"]}}],"collection":[{"href":"https:\/\/soymigrante.com\/revista\/wp-json\/wp\/v2\/posts"}],"about":[{"href":"https:\/\/soymigrante.com\/revista\/wp-json\/wp\/v2\/types\/post"}],"author":[{"embeddable":true,"href":"https:\/\/soymigrante.com\/revista\/wp-json\/wp\/v2\/users\/19"}],"replies":[{"embeddable":true,"href":"https:\/\/soymigrante.com\/revista\/wp-json\/wp\/v2\/comments?post=38990"}],"version-history":[{"count":11,"href":"https:\/\/soymigrante.com\/revista\/wp-json\/wp\/v2\/posts\/38990\/revisions"}],"predecessor-version":[{"id":39044,"href":"https:\/\/soymigrante.com\/revista\/wp-json\/wp\/v2\/posts\/38990\/revisions\/39044"}],"wp:featuredmedia":[{"embeddable":true,"href":"https:\/\/soymigrante.com\/revista\/wp-json\/wp\/v2\/media\/39043"}],"wp:attachment":[{"href":"https:\/\/soymigrante.com\/revista\/wp-json\/wp\/v2\/media?parent=38990"}],"wp:term":[{"taxonomy":"category","embeddable":true,"href":"https:\/\/soymigrante.com\/revista\/wp-json\/wp\/v2\/categories?post=38990"},{"taxonomy":"post_tag","embeddable":true,"href":"https:\/\/soymigrante.com\/revista\/wp-json\/wp\/v2\/tags?post=38990"}],"curies":[{"name":"wp","href":"https:\/\/api.w.org\/{rel}","templated":true}]}}